{"id":10007,"date":"2010-12-18T10:56:00","date_gmt":"2010-12-18T09:56:00","guid":{"rendered":"https:\/\/gaudiumetspes-blog.pl\/index.php\/2010\/12\/18\/o-dylematach-swietego-jozefa\/"},"modified":"2019-07-31T12:51:56","modified_gmt":"2019-07-31T10:51:56","slug":"o-dylematach-swietego-jozefa","status":"publish","type":"post","link":"https:\/\/gaudiumetspes-blog.pl\/index.php\/2010\/12\/18\/o-dylematach-swietego-jozefa\/","title":{"rendered":"O dylematach \u015awi\u0119tego J\u00f3zefa&#8230;"},"content":{"rendered":"<p>Witam serdecznie i od razu kilka spraw:<br style=\"font-family: 'Times New Roman';\" \/>1.&nbsp;&nbsp;&nbsp;&nbsp;&nbsp;&nbsp;&nbsp; Jutro w Parafii \u015awi\u0119tego Ojca Pio rozpoczn\u0105 si\u0119&nbsp;Rekolekcje, kt\u00f3re poprowadzi Ks. P\u0142k. S\u0142awomir \u017barski.&nbsp;Serdecznie zapraszam, a przy okazji przypominam, \u017ce ka\u017cdy wierz\u0105cy cz\u0142owiek powinien w Adwencie i w Wielkim Po\u015bcie prze\u017cy\u0107&nbsp;w ca\u0142o\u015bci&nbsp;Rekolekcje. Niekoniecznie w swojej Parafii, mo\u017cna gdzie indziej, ale &#8211; w ca\u0142o\u015bci! Tylko bardzo powa\u017cna przyczyna mo\u017ce nas zwolni\u0107 z tego obowi\u0105zku!<br style=\"font-family: 'Times New Roman';\" \/>2.&nbsp;&nbsp;&nbsp;&nbsp;&nbsp;&nbsp;&nbsp; Nie odk\u0142adajmy na &#8222;ostatni dzwonek&#8221; Spowiedzi adwentowej. Je\u017celi jeszcze nie przyst\u0105pili\u015bmy, to przygotujmy si\u0119 solidnie i zr\u00f3bmy to jak najszybciej. I je\u017celi kto\u015b nie lubi sta\u0107 w d\u0142ugich kolejkach do konfesjona\u0142u w czasie Rekolekcji (ja te\u017c nigdy nie lubi\u0142em!), niech wybierze inny dzie\u0144, najlepiej &#8211; powszedni!<br style=\"font-family: 'Times New Roman';\" \/>3.&nbsp;&nbsp;&nbsp;&nbsp;&nbsp;&nbsp;&nbsp; Przypominam o kolejnym spotkaniu dla Student\u00f3w &#8211; jutro, w Parafii Ojca Pio, o 19.00. B\u0119dzie to spotkanie op\u0142atkowe. Serdecznie zapraszam!<br style=\"font-family: 'Times New Roman';\" \/>4.&nbsp;&nbsp;&nbsp;&nbsp;&nbsp;&nbsp;&nbsp; A na dzisiejszy dzie\u0144 proponuj\u0119 kilka refleksji na temat dylemat\u00f3w \u015awi\u0119tego J\u00f3zefa&#8230;<br style=\"font-family: 'Times New Roman';\" \/>&nbsp;&nbsp;&nbsp;&nbsp;&nbsp;&nbsp;&nbsp;&nbsp;&nbsp;&nbsp;&nbsp;&nbsp;&nbsp;&nbsp;&nbsp;&nbsp;&nbsp;&nbsp;&nbsp;&nbsp;&nbsp;&nbsp;&nbsp;&nbsp;&nbsp;&nbsp;&nbsp;&nbsp;&nbsp;&nbsp;&nbsp;&nbsp;&nbsp;&nbsp; Gaudium et spes! Ks. Jacek<\/p>\n<div class=\"MsoNormal\" style=\"font-family: 'Times New Roman'; margin-bottom: 0px; margin-left: 0px; margin-right: 0px; margin-top: 0.4em; text-align: justify;\"><b>18 grudnia 2010., sobota,&nbsp;<\/b><\/div>\n<div class=\"MsoNormal\" style=\"font-family: 'Times New Roman'; margin-bottom: 0px; margin-left: 0px; margin-right: 0px; margin-top: 0.4em; text-align: justify;\"><b>do czyta\u0144: &nbsp; Jr 23,5\u20138;&nbsp;&nbsp; Mt 1,18\u201324<\/b><\/div>\n<div class=\"MsoNormal\" style=\"font-family: 'Times New Roman'; margin-bottom: 0px; margin-left: 0px; margin-right: 0px; margin-top: 0.4em; text-align: justify;\">\n<\/div>\n<div class=\"MsoNormal\" style=\"font-family: 'Times New Roman'; margin-bottom: 0px; margin-left: 0px; margin-right: 0px; margin-top: 0.4em; text-align: justify; text-indent: 35.4pt;\">Oczekuj\u0105c na przyj\u015bcie Jezusa, prze\u017cywamy kolejne etapy przygotowania wraz z tymi, kt\u00f3rzy byli&nbsp;<b>\u015bwiadkami Jego pierwszego, historycznego przyj\u015bcia.<\/b>&nbsp;S\u0142uchaj\u0105c w tych dniach Bo\u017cego S\u0142owa, w\u0142\u0105czamy si\u0119 sami sercem i osobist\u0105 aktywno\u015bci\u0105&nbsp;<b>w ich Adwent,<\/b>&nbsp;kt\u00f3ry oni wtedy, dwa tysi\u0105ce lat temu prze\u017cywali, a kt\u00f3ry jest wzorem dla naszego w\u0142a\u015bciwego prze\u017cywania tego czasu.<\/div>\n<div class=\"MsoNormal\" style=\"font-family: 'Times New Roman'; margin-bottom: 0px; margin-left: 0px; margin-right: 0px; margin-top: 0.4em; text-align: justify; text-indent: 35.4pt;\">I oto dzisiaj uczestniczymy&nbsp;<b>w bardzo wyj\u0105tkowych prze\u017cyciach \u2013 i rozterkach \u2013 \u015awi\u0119tego J\u00f3zefa.<\/b>&nbsp;I mo\u017ce nawet ju\u017c na pocz\u0105tku trzeba zauwa\u017cy\u0107, i\u017c poniek\u0105d zdziwieni jeste\u015bmy, \u017ce ten, kt\u00f3ry by\u0142 najbli\u017cej tych tajemnic, kt\u00f3ry by\u0142&nbsp;<b>bezpo\u015brednim ich uczestnikiem, chcia\u0142 si\u0119 po cichu ze wszystkiego wycofa\u0107.<\/b>&nbsp;Dlaczego?<\/div>\n<div class=\"MsoNormal\" style=\"font-family: 'Times New Roman'; margin-bottom: 0px; margin-left: 0px; margin-right: 0px; margin-top: 0.4em; text-align: justify; text-indent: 35.4pt;\">Bo znalaz\u0142 si\u0119 w bardzo niezr\u0119cznej, delikatnej i trudnej sytuacji. Ot\u00f3\u017c Maryja, zar\u0119czona ju\u017c z nim, by\u0142a uwa\u017cana za jego \u017con\u0119. Jednak zgodnie ze zwyczajem \u017cydowskim, w okresie narzecze\u0144stwa pozostawa\u0142a jeszcze w domu swego ojca. I dopiero&nbsp;<b>po roku od zar\u0119czyn nast\u0119powa\u0142o uroczyste przeprowadzenie panny m\u0142odej do domu pana m\u0142odego i wtedy nast\u0119powa\u0142 \u015blub.<\/b><\/div>\n<div class=\"MsoNormal\" style=\"font-family: 'Times New Roman'; margin-bottom: 0px; margin-left: 0px; margin-right: 0px; margin-top: 0.4em; text-align: justify; text-indent: 35.4pt;\">I w\u0142a\u015bnie dzisiaj s\u0142yszymy w Ewangelii, i\u017c&nbsp;<b><i>wpierw, nim zamieszkali razem, znalaz\u0142a si\u0119 brzemienn\u0105 za spraw\u0105 Ducha \u015awi\u0119tego<\/i><\/b>. Sytuacja absolutnie zaskakuj\u0105ca dla J\u00f3zefa! Bo pierwsze skojarzenie by\u0142o oczywiste i dla Maryi \u2013 bezlitosne. Skoro bowiem nie mieszkali jeszcze razem i nie korzystali w pe\u0142ni z praw ma\u0142\u017ce\u0144skich, a Maryja ju\u017c by\u0142a w stanie b\u0142ogos\u0142awionym, to \u2013 powiedzmy to wprost \u2013&nbsp;<b>wygl\u0105da\u0142o to na zdrad\u0119! I to ju\u017c u pocz\u0105tku ma\u0142\u017ce\u0144stwa!<\/b>&nbsp;A w\u0142a\u015bciwie \u2013 zanim si\u0119 ono na dobre zacz\u0119\u0142o!<\/div>\n<div class=\"MsoNormal\" style=\"font-family: 'Times New Roman'; margin-bottom: 0px; margin-left: 0px; margin-right: 0px; margin-top: 0.4em; text-align: justify; text-indent: 35.4pt;\">Wiemy dobrze z Ewangelii \u2013 chocia\u017cby z historii jawnogrzesznicy, ocalonej przez Jezusa od kamienowania \u2013&nbsp;<b>jak traktowano takie niewiasty.&nbsp;<\/b>Jednak J\u00f3zef, kt\u00f3ry \u2013 s\u0142yszymy to dzi\u015b wyra\u017anie \u2013&nbsp;<i>by\u0142 cz\u0142owiekiem prawym<\/i>, bardzo dobrym i wewn\u0119trznie sprawiedliwym, nie chcia\u0142 narazi\u0107 swej narzeczonej na znies\u0142awienie. Nie chcia\u0142, aby by\u0142a odrzucona, napi\u0119tnowana, a ostatecznie mo\u017ce nawet ukamienowana.&nbsp;<b>Nic nie rozumia\u0142 z tego, co si\u0119 sta\u0142o.<\/b>&nbsp;Co wtedy my\u015bla\u0142? Nie wiemy! Nawet chyba trudno nam przewidywa\u0107. Wydaje si\u0119 jednak, \u017ce&nbsp;<b>to by\u0142y najci\u0119\u017csze dni w jego \u017cyciu.<\/b><\/div>\n<div class=\"MsoNormal\" style=\"font-family: 'Times New Roman'; margin-bottom: 0px; margin-left: 0px; margin-right: 0px; margin-top: 0.4em; text-align: justify; text-indent: 35.4pt;\">On sam by\u0142 cz\u0142owiekiem prawym, ale przecie\u017c i o swojej przysz\u0142ej \u017conie mia\u0142 podobn\u0105 opini\u0119. Bo na pewno gdyby wiedzia\u0142, \u017ce jest jak\u0105\u015b jawnogrzesznic\u0105,&nbsp;<b>nie bra\u0142by takiej za \u017con\u0119!<\/b>&nbsp;A tu tymczasem taka przykra niespodzianka. I co w takiej sytuacji robi\u0107? Jedyne, co mu przysz\u0142o do g\u0142owy, to&nbsp;<b>oddali\u0107 si\u0119 potajemnie, wyciszy\u0107 spraw\u0119, aby w ten spos\u00f3b ratowa\u0107 dobre imi\u0119 \u017cony i nie narazi\u0107 jej na surow\u0105 kar\u0119.<\/b>&nbsp;To by\u0142a jedyna my\u015bl, jak\u0105 wtedy m\u00f3g\u0142 powzi\u0105\u0107, zwa\u017cywszy, \u017ce nic nie rozumia\u0142 z tego, co si\u0119 sta\u0142o.&nbsp;<\/div>\n<div class=\"MsoNormal\" style=\"font-family: 'Times New Roman'; margin-bottom: 0px; margin-left: 0px; margin-right: 0px; margin-top: 0.4em; text-align: justify; text-indent: 35.4pt;\">Na szcz\u0119\u015bcie jednak \u2013 sam B\u00f3g przyszed\u0142 z pomoc\u0105 J\u00f3zefowi. I na szcz\u0119\u015bcie \u2013&nbsp;<b>J\u00f3zef uwierzy\u0142 Bogu i da\u0142 sobie pom\u00f3c.<\/b>&nbsp;Sytuacja rozwi\u0105za\u0142a si\u0119 sama, chocia\u017c&nbsp;<b>chyba trudno powiedzie\u0107, \u017ce si\u0119 wyja\u015bni\u0142a.&nbsp;<\/b>Mo\u017cemy raczej by\u0107 pewni, \u017ce J\u00f3zef nadal niewiele z tego wszystkiego rozumia\u0142, ale \u2013 skoro nie rozumia\u0142 za wiele \u2013 to postanowi\u0142&nbsp;<b>pos\u0142ucha\u0107 Boga i zrobi\u0107 tak, jak mu B\u00f3g doradzi\u0142.<\/b>&nbsp;Bo B\u00f3g wie, co robi i skoro On tak chce \u2013 to chce dobrze. Trzeba wi\u0119c Bogu zaufa\u0107! Dlatego J\u00f3zef przeprowadzi Maryj\u0119 do swego domu, uzna j\u0105 za \u017con\u0119, a Jej Syna \u2013 uzna za swojego przybranego Syna. A w\u0142a\u015bciwie,&nbsp;<b>bior\u0105c pod uwag\u0119 liter\u0119 \u017cydowskiego prawa, Jezus stanie si\u0119 w ca\u0142ej pe\u0142ni \u2013 tu na ziemi \u2013 Synem J\u00f3zefa.<\/b><\/div>\n<div class=\"MsoNormal\" style=\"font-family: 'Times New Roman'; margin-bottom: 0px; margin-left: 0px; margin-right: 0px; margin-top: 0.4em; text-align: justify; text-indent: 35.4pt;\">Kochani, postawa J\u00f3zefa jest bardzo czytelnym wskazaniem dla nas \u2013 na czas Adwentu i nie tylko! Bo i my te\u017c&nbsp;<b>cz\u0119sto niewiele rozumiemy z tego, co si\u0119 wok\u00f3\u0142 nas dzieje!&nbsp;<\/b>Ile\u017c to sytuacji zaskakuje nas ogromnie! Nie wiemy, co o tym wszystkim my\u015ble\u0107, co powiedzie\u0107\u2026&nbsp;<b>A ile\u017c to razy bardzo zaskakuje nas post\u0119powanie drugiego cz\u0142owieka!<\/b>&nbsp;Czy chocia\u017cby jego stanowisko w takiej, lub innej sprawie. I cz\u0119sto naprawd\u0119 nie wiemy, jak zareagowa\u0107\u2026<\/div>\n<div class=\"MsoNormal\" style=\"font-family: 'Times New Roman'; margin-bottom: 0px; margin-left: 0px; margin-right: 0px; margin-top: 0.4em; text-align: justify; text-indent: 35.4pt;\">Znali\u015bmy bowiem tego kogo\u015b, a tu nagle takie zaskoczenie! Okazuje si\u0119,&nbsp;<b>\u017ce z tej w\u0142a\u015bnie strony nie znali\u015bmy go zupe\u0142nie.<\/b>&nbsp;Albo te\u017c nie spodziewali\u015bmy si\u0119 takiego czy innego rozwoju spraw, bo&nbsp;<b>nasze \u017cyciowe do\u015bwiadczenie podpowiada\u0142o nam inne rozwi\u0105zanie.<\/b>&nbsp;A tu nagle jaka\u015b dziwna sytuacja. I nie wiemy, co powiedzie\u0107, jak zareagowa\u0107\u2026 Czy mo\u017ce \u2013 jak pr\u00f3bowa\u0142 to uczyni\u0107 J\u00f3zef \u2013 oddali\u0107 si\u0119 potajemnie, wycofa\u0107 si\u0119,&nbsp;<b>poczeka\u0107, a\u017c sprawa sama si\u0119 wyja\u015bni, rozwi\u0105\u017ce, a mo\u017ce tylko przebrzmi?<\/b>&nbsp;Owszem, czasami takie przeczekanie jest jakim\u015b rozwi\u0105zaniem.<\/div>\n<div class=\"MsoNormal\" style=\"font-family: 'Times New Roman'; margin-bottom: 0px; margin-left: 0px; margin-right: 0px; margin-top: 0.4em; text-align: justify; text-indent: 35.4pt;\">Cz\u0119sto jednak wydaje si\u0119, \u017ce pr\u00f3ba owego przeczekania przybiera form\u0119 \u2013 niestety \u2013&nbsp;<b>przys\u0142owiowego \u201ezamiatania sprawy pod dywan\u201d,<\/b>&nbsp;a to rodzi bardzo niezdrow\u0105 sytuacj\u0119 trwania napi\u0119tej atmosfery, narastania jakiego\u015b konfliktu, zak\u0142\u00f3cenia wzajemnych relacji. Sami dobrze wiemy, \u017ce takie przemilczane i wyciszane sprawy, kt\u00f3re zamiast rozwi\u0105za\u0107 gruntownie, wyja\u015bni\u0107 dog\u0142\u0119bnie, \u201ezamiata si\u0119 pod dywan\u201d i wycisza za wszelk\u0105 cen\u0119 \u2013&nbsp;<b>powracaj\u0105 ze zdwojon\u0105 si\u0142\u0105 i staj\u0105 si\u0119 naprawd\u0119 sytuacjami nie do zniesienia!&nbsp;<\/b>Dlatego trzeba z takimi sprawami zwraca\u0107 si\u0119 bezpo\u015brednio do Boga i Jego wzywa\u0107 na pomoc.<\/div>\n<div class=\"MsoNormal\" style=\"font-family: 'Times New Roman'; margin-bottom: 0px; margin-left: 0px; margin-right: 0px; margin-top: 0.4em; text-align: justify; text-indent: 35.4pt;\">Proroctwo Jeremiasza, w pierwszym czytaniu, ukazuje dzi\u015b przychodz\u0105cego Potomka Dawida, w kt\u00f3rym rozpoznajemy Jezusa, jako Tego, kt\u00f3ry b\u0119dzie post\u0119powa\u0142 roztropnie&nbsp;<i>i b\u0119dzie wykonywa\u0142 prawo i sprawiedliwo\u015b\u0107 na ziemi<\/i>. Tre\u015b\u0107 dzisiejszego pierwszego czytania&nbsp;<b>na ow\u0105 sprawiedliwo\u015b\u0107 Bo\u017c\u0105 k\u0142adzie nacisk.<\/b>&nbsp;I w\u0142a\u015bnie tej Bo\u017cej sprawiedliwo\u015bci i m\u0105dro\u015bci trzeba nam zaufa\u0107 w ka\u017cdej trudnej sytuacji i \u2013 powierzaj\u0105c j\u0105 w ca\u0142o\u015bci Bogu \u2013&nbsp;<b>uwierzy\u0107, \u017ce On znajdzie najlepsze rozwi\u0105zanie.<\/b>&nbsp;I to rozwi\u0105zanie trzeba nam zaakceptowa\u0107 i zrealizowa\u0107! A wtedy \u017cadna trudna sprawa, nawet najbardziej zagmatwana, nie b\u0119dzie dla nas przeszkod\u0105 nie do przebycia.<\/div>\n<div class=\"MsoNormal\" style=\"font-family: 'Times New Roman'; margin-bottom: 0px; margin-left: 0px; margin-right: 0px; margin-top: 0.4em; text-align: justify; text-indent: 35.4pt;\">Zastan\u00f3wmy si\u0119 zatem teraz przez chwil\u0119:<\/div>\n<ul style=\"font-family: 'Times New Roman'; margin-top: 0cm;\" type=\"disc\">\n<li class=\"MsoNormal\" style=\"text-align: justify;\">Jak reaguj\u0119 na trudne, niejasne sytuacje w swoim \u017cyciu?<\/li>\n<li class=\"MsoNormal\" style=\"text-align: justify;\">Czy staram si\u0119 je jak najszybciej z pomoc\u0105 Bo\u017c\u0105 wyja\u015bni\u0107, czy licz\u0119, \u017ce same si\u0119 rozwi\u0105\u017c\u0105, albo inni to zrobi\u0105?<\/li>\n<li class=\"MsoNormal\" style=\"text-align: justify;\">Czy nie znajduj\u0119 osobistej satysfakcji z tworzenia mi\u0119dzy lud\u017ami sytuacji napi\u0119tych, siania intryg, sk\u0142\u00f3cania ludzi ze sob\u0105?<\/li>\n<\/ul>\n<div class=\"MsoNormal\" style=\"font-family: 'Times New Roman'; margin-bottom: 0px; margin-left: 0px; margin-right: 0px; margin-top: 0.4em; text-align: justify;\">\n<\/div>\n<div class=\"MsoNormal\" style=\"font-family: 'Times New Roman'; margin-bottom: 0px; margin-left: 0px; margin-right: 0px; margin-top: 0.4em; text-align: justify; text-indent: 35.4pt;\"><b><i>To za\u015b b\u0119dzie imi\u0119, kt\u00f3rym go b\u0119d\u0105 nazywa\u0107: \u201ePan nasz\u0105 sprawiedliwo\u015bci\u0105\u201d<\/i><\/b><b>!<\/b><\/div>\n<div><b><br \/>\n<\/b><\/div>\n","protected":false},"excerpt":{"rendered":"<p>Witam serdecznie i od razu kilka spraw:1.&nbsp;&nbsp;&nbsp;&nbsp;&nbsp;&nbsp;&nbsp; Jutro w Parafii \u015awi\u0119tego Ojca Pio rozpoczn\u0105 si\u0119&nbsp;Rekolekcje, kt\u00f3re poprowadzi Ks. P\u0142k. S\u0142awomir \u017barski.&nbsp;Serdecznie zapraszam, a przy okazji przypominam, \u017ce ka\u017cdy wierz\u0105cy cz\u0142owiek powinien w Adwencie i w Wielkim Po\u015bcie prze\u017cy\u0107&nbsp;w ca\u0142o\u015bci&nbsp;Rekolekcje. Niekoniecznie w swojej Parafii, mo\u017cna gdzie indziej, ale &#8211; w ca\u0142o\u015bci! Tylko bardzo powa\u017cna przyczyna mo\u017ce [&hellip;]<\/p>\n","protected":false},"author":1,"featured_media":0,"comment_status":"open","ping_status":"open","sticky":false,"template":"","format":"standard","meta":{"jetpack_post_was_ever_published":false,"_jetpack_newsletter_access":"","_jetpack_dont_email_post_to_subs":false,"_jetpack_newsletter_tier_id":0,"_jetpack_memberships_contains_paywalled_content":false,"_jetpack_memberships_contains_paid_content":false,"footnotes":""},"categories":[1],"tags":[],"class_list":["post-10007","post","type-post","status-publish","format-standard","hentry","category-bez-kategorii"],"yoast_head":"<!-- This site is optimized with the Yoast SEO plugin v25.1 - https:\/\/yoast.com\/wordpress\/plugins\/seo\/ -->\n<title>O dylematach \u015awi\u0119tego J\u00f3zefa... - Gaudium Et Spes<\/title>\n<meta name=\"robots\" content=\"index, follow, max-snippet:-1, max-image-preview:large, max-video-preview:-1\" \/>\n<link rel=\"canonical\" href=\"https:\/\/gaudiumetspes-blog.pl\/index.php\/2010\/12\/18\/o-dylematach-swietego-jozefa\/\" \/>\n<meta property=\"og:locale\" content=\"pl_PL\" \/>\n<meta property=\"og:type\" content=\"article\" \/>\n<meta property=\"og:title\" content=\"O dylematach \u015awi\u0119tego J\u00f3zefa... - Gaudium Et Spes\" \/>\n<meta property=\"og:description\" content=\"Witam serdecznie i od razu kilka spraw:1.&nbsp;&nbsp;&nbsp;&nbsp;&nbsp;&nbsp;&nbsp; Jutro w Parafii \u015awi\u0119tego Ojca Pio rozpoczn\u0105 si\u0119&nbsp;Rekolekcje, kt\u00f3re poprowadzi Ks. P\u0142k. S\u0142awomir \u017barski.&nbsp;Serdecznie zapraszam, a przy okazji przypominam, \u017ce ka\u017cdy wierz\u0105cy cz\u0142owiek powinien w Adwencie i w Wielkim Po\u015bcie prze\u017cy\u0107&nbsp;w ca\u0142o\u015bci&nbsp;Rekolekcje. Niekoniecznie w swojej Parafii, mo\u017cna gdzie indziej, ale &#8211; w ca\u0142o\u015bci! Tylko bardzo powa\u017cna przyczyna mo\u017ce [&hellip;]\" \/>\n<meta property=\"og:url\" content=\"https:\/\/gaudiumetspes-blog.pl\/index.php\/2010\/12\/18\/o-dylematach-swietego-jozefa\/\" \/>\n<meta property=\"og:site_name\" content=\"Gaudium Et Spes\" \/>\n<meta property=\"article:published_time\" content=\"2010-12-18T09:56:00+00:00\" \/>\n<meta property=\"article:modified_time\" content=\"2019-07-31T10:51:56+00:00\" \/>\n<meta name=\"author\" content=\"Ks. Jacek\" \/>\n<meta name=\"twitter:card\" content=\"summary_large_image\" \/>\n<meta name=\"twitter:label1\" content=\"Napisane przez\" \/>\n\t<meta name=\"twitter:data1\" content=\"Ks. Jacek\" \/>\n\t<meta name=\"twitter:label2\" content=\"Szacowany czas czytania\" \/>\n\t<meta name=\"twitter:data2\" content=\"7 minut\" \/>\n<script type=\"application\/ld+json\" class=\"yoast-schema-graph\">{\"@context\":\"https:\/\/schema.org\",\"@graph\":[{\"@type\":\"WebPage\",\"@id\":\"https:\/\/gaudiumetspes-blog.pl\/index.php\/2010\/12\/18\/o-dylematach-swietego-jozefa\/\",\"url\":\"https:\/\/gaudiumetspes-blog.pl\/index.php\/2010\/12\/18\/o-dylematach-swietego-jozefa\/\",\"name\":\"O dylematach \u015awi\u0119tego J\u00f3zefa... - Gaudium Et Spes\",\"isPartOf\":{\"@id\":\"https:\/\/gaudiumetspes-blog.pl\/#website\"},\"datePublished\":\"2010-12-18T09:56:00+00:00\",\"dateModified\":\"2019-07-31T10:51:56+00:00\",\"author\":{\"@id\":\"https:\/\/gaudiumetspes-blog.pl\/#\/schema\/person\/1661982992b752dea8dff0d4ed845a65\"},\"breadcrumb\":{\"@id\":\"https:\/\/gaudiumetspes-blog.pl\/index.php\/2010\/12\/18\/o-dylematach-swietego-jozefa\/#breadcrumb\"},\"inLanguage\":\"pl-PL\",\"potentialAction\":[{\"@type\":\"ReadAction\",\"target\":[\"https:\/\/gaudiumetspes-blog.pl\/index.php\/2010\/12\/18\/o-dylematach-swietego-jozefa\/\"]}]},{\"@type\":\"BreadcrumbList\",\"@id\":\"https:\/\/gaudiumetspes-blog.pl\/index.php\/2010\/12\/18\/o-dylematach-swietego-jozefa\/#breadcrumb\",\"itemListElement\":[{\"@type\":\"ListItem\",\"position\":1,\"name\":\"Strona g\u0142\u00f3wna\",\"item\":\"https:\/\/gaudiumetspes-blog.pl\/\"},{\"@type\":\"ListItem\",\"position\":2,\"name\":\"O&nbsp;dylematach \u015awi\u0119tego J\u00f3zefa&#8230;\"}]},{\"@type\":\"WebSite\",\"@id\":\"https:\/\/gaudiumetspes-blog.pl\/#website\",\"url\":\"https:\/\/gaudiumetspes-blog.pl\/\",\"name\":\"Gaudium Et Spes\",\"description\":\"Blog Ks. Jacka Ja\u015bkowskiego\",\"potentialAction\":[{\"@type\":\"SearchAction\",\"target\":{\"@type\":\"EntryPoint\",\"urlTemplate\":\"https:\/\/gaudiumetspes-blog.pl\/?s={search_term_string}\"},\"query-input\":{\"@type\":\"PropertyValueSpecification\",\"valueRequired\":true,\"valueName\":\"search_term_string\"}}],\"inLanguage\":\"pl-PL\"},{\"@type\":\"Person\",\"@id\":\"https:\/\/gaudiumetspes-blog.pl\/#\/schema\/person\/1661982992b752dea8dff0d4ed845a65\",\"name\":\"Ks. Jacek\",\"image\":{\"@type\":\"ImageObject\",\"inLanguage\":\"pl-PL\",\"@id\":\"https:\/\/gaudiumetspes-blog.pl\/#\/schema\/person\/image\/\",\"url\":\"https:\/\/gaudiumetspes-blog.pl\/wp-content\/uploads\/2019\/07\/avatar-JJ-150x150.jpg\",\"contentUrl\":\"https:\/\/gaudiumetspes-blog.pl\/wp-content\/uploads\/2019\/07\/avatar-JJ-150x150.jpg\",\"caption\":\"Ks. Jacek\"},\"description\":\"Witam serdecznie! K\u0142ania si\u0119 Ks. Jacek Ja\u015bkowski. Nie jestem ani kim\u015b wa\u017cnym, ani kim\u015b znanym. Jestem ksi\u0119dzem, kt\u00f3ry po prostu chce rozmawia\u0107. Codzienna kap\u0142a\u0144ska pos\u0142uga pokazuje mi, \u017ce temat\u00f3w do rozm\u00f3w z ksi\u0119dzem jest coraz wi\u0119cej i dzisiaj \u017caden ksi\u0105dz nie mo\u017ce od nich ucieka\u0107, ale - wprost przeciwnie - podejmowa\u0107 nowe wyzwania. To przekonanie sk\u0142oni\u0142o mnie do pr\u00f3by otwarcia tego\u017c bloga, chocia\u017c okazji do rozm\u00f3w na co dzie\u0144 - w konfesjonale i poza nim - na szcz\u0119\u015bcie nie brakuje. My\u015bl\u0119 jednak, \u017ce ten blog b\u0119dzie jeszcze jednym sposobem i przestrzeni\u0105 nawi\u0105zania kontaktu z lud\u017ami dobrej woli, otwartymi na dialog.\",\"url\":\"https:\/\/gaudiumetspes-blog.pl\/index.php\/author\/ks-jacek\/\"}]}<\/script>\n<!-- \/ Yoast SEO plugin. -->","yoast_head_json":{"title":"O dylematach \u015awi\u0119tego J\u00f3zefa... - Gaudium Et Spes","robots":{"index":"index","follow":"follow","max-snippet":"max-snippet:-1","max-image-preview":"max-image-preview:large","max-video-preview":"max-video-preview:-1"},"canonical":"https:\/\/gaudiumetspes-blog.pl\/index.php\/2010\/12\/18\/o-dylematach-swietego-jozefa\/","og_locale":"pl_PL","og_type":"article","og_title":"O dylematach \u015awi\u0119tego J\u00f3zefa... - Gaudium Et Spes","og_description":"Witam serdecznie i od razu kilka spraw:1.&nbsp;&nbsp;&nbsp;&nbsp;&nbsp;&nbsp;&nbsp; Jutro w Parafii \u015awi\u0119tego Ojca Pio rozpoczn\u0105 si\u0119&nbsp;Rekolekcje, kt\u00f3re poprowadzi Ks. P\u0142k. S\u0142awomir \u017barski.&nbsp;Serdecznie zapraszam, a przy okazji przypominam, \u017ce ka\u017cdy wierz\u0105cy cz\u0142owiek powinien w Adwencie i w Wielkim Po\u015bcie prze\u017cy\u0107&nbsp;w ca\u0142o\u015bci&nbsp;Rekolekcje. Niekoniecznie w swojej Parafii, mo\u017cna gdzie indziej, ale &#8211; w ca\u0142o\u015bci! Tylko bardzo powa\u017cna przyczyna mo\u017ce [&hellip;]","og_url":"https:\/\/gaudiumetspes-blog.pl\/index.php\/2010\/12\/18\/o-dylematach-swietego-jozefa\/","og_site_name":"Gaudium Et Spes","article_published_time":"2010-12-18T09:56:00+00:00","article_modified_time":"2019-07-31T10:51:56+00:00","author":"Ks. Jacek","twitter_card":"summary_large_image","twitter_misc":{"Napisane przez":"Ks. Jacek","Szacowany czas czytania":"7 minut"},"schema":{"@context":"https:\/\/schema.org","@graph":[{"@type":"WebPage","@id":"https:\/\/gaudiumetspes-blog.pl\/index.php\/2010\/12\/18\/o-dylematach-swietego-jozefa\/","url":"https:\/\/gaudiumetspes-blog.pl\/index.php\/2010\/12\/18\/o-dylematach-swietego-jozefa\/","name":"O dylematach \u015awi\u0119tego J\u00f3zefa... - Gaudium Et Spes","isPartOf":{"@id":"https:\/\/gaudiumetspes-blog.pl\/#website"},"datePublished":"2010-12-18T09:56:00+00:00","dateModified":"2019-07-31T10:51:56+00:00","author":{"@id":"https:\/\/gaudiumetspes-blog.pl\/#\/schema\/person\/1661982992b752dea8dff0d4ed845a65"},"breadcrumb":{"@id":"https:\/\/gaudiumetspes-blog.pl\/index.php\/2010\/12\/18\/o-dylematach-swietego-jozefa\/#breadcrumb"},"inLanguage":"pl-PL","potentialAction":[{"@type":"ReadAction","target":["https:\/\/gaudiumetspes-blog.pl\/index.php\/2010\/12\/18\/o-dylematach-swietego-jozefa\/"]}]},{"@type":"BreadcrumbList","@id":"https:\/\/gaudiumetspes-blog.pl\/index.php\/2010\/12\/18\/o-dylematach-swietego-jozefa\/#breadcrumb","itemListElement":[{"@type":"ListItem","position":1,"name":"Strona g\u0142\u00f3wna","item":"https:\/\/gaudiumetspes-blog.pl\/"},{"@type":"ListItem","position":2,"name":"O&nbsp;dylematach \u015awi\u0119tego J\u00f3zefa&#8230;"}]},{"@type":"WebSite","@id":"https:\/\/gaudiumetspes-blog.pl\/#website","url":"https:\/\/gaudiumetspes-blog.pl\/","name":"Gaudium Et Spes","description":"Blog Ks. Jacka Ja\u015bkowskiego","potentialAction":[{"@type":"SearchAction","target":{"@type":"EntryPoint","urlTemplate":"https:\/\/gaudiumetspes-blog.pl\/?s={search_term_string}"},"query-input":{"@type":"PropertyValueSpecification","valueRequired":true,"valueName":"search_term_string"}}],"inLanguage":"pl-PL"},{"@type":"Person","@id":"https:\/\/gaudiumetspes-blog.pl\/#\/schema\/person\/1661982992b752dea8dff0d4ed845a65","name":"Ks. Jacek","image":{"@type":"ImageObject","inLanguage":"pl-PL","@id":"https:\/\/gaudiumetspes-blog.pl\/#\/schema\/person\/image\/","url":"https:\/\/gaudiumetspes-blog.pl\/wp-content\/uploads\/2019\/07\/avatar-JJ-150x150.jpg","contentUrl":"https:\/\/gaudiumetspes-blog.pl\/wp-content\/uploads\/2019\/07\/avatar-JJ-150x150.jpg","caption":"Ks. Jacek"},"description":"Witam serdecznie! K\u0142ania si\u0119 Ks. Jacek Ja\u015bkowski. Nie jestem ani kim\u015b wa\u017cnym, ani kim\u015b znanym. Jestem ksi\u0119dzem, kt\u00f3ry po prostu chce rozmawia\u0107. Codzienna kap\u0142a\u0144ska pos\u0142uga pokazuje mi, \u017ce temat\u00f3w do rozm\u00f3w z ksi\u0119dzem jest coraz wi\u0119cej i dzisiaj \u017caden ksi\u0105dz nie mo\u017ce od nich ucieka\u0107, ale - wprost przeciwnie - podejmowa\u0107 nowe wyzwania. To przekonanie sk\u0142oni\u0142o mnie do pr\u00f3by otwarcia tego\u017c bloga, chocia\u017c okazji do rozm\u00f3w na co dzie\u0144 - w konfesjonale i poza nim - na szcz\u0119\u015bcie nie brakuje. My\u015bl\u0119 jednak, \u017ce ten blog b\u0119dzie jeszcze jednym sposobem i przestrzeni\u0105 nawi\u0105zania kontaktu z lud\u017ami dobrej woli, otwartymi na dialog.","url":"https:\/\/gaudiumetspes-blog.pl\/index.php\/author\/ks-jacek\/"}]}},"jetpack_featured_media_url":"","jetpack_sharing_enabled":true,"_links":{"self":[{"href":"https:\/\/gaudiumetspes-blog.pl\/index.php\/wp-json\/wp\/v2\/posts\/10007","targetHints":{"allow":["GET"]}}],"collection":[{"href":"https:\/\/gaudiumetspes-blog.pl\/index.php\/wp-json\/wp\/v2\/posts"}],"about":[{"href":"https:\/\/gaudiumetspes-blog.pl\/index.php\/wp-json\/wp\/v2\/types\/post"}],"author":[{"embeddable":true,"href":"https:\/\/gaudiumetspes-blog.pl\/index.php\/wp-json\/wp\/v2\/users\/1"}],"replies":[{"embeddable":true,"href":"https:\/\/gaudiumetspes-blog.pl\/index.php\/wp-json\/wp\/v2\/comments?post=10007"}],"version-history":[{"count":1,"href":"https:\/\/gaudiumetspes-blog.pl\/index.php\/wp-json\/wp\/v2\/posts\/10007\/revisions"}],"predecessor-version":[{"id":10076,"href":"https:\/\/gaudiumetspes-blog.pl\/index.php\/wp-json\/wp\/v2\/posts\/10007\/revisions\/10076"}],"wp:attachment":[{"href":"https:\/\/gaudiumetspes-blog.pl\/index.php\/wp-json\/wp\/v2\/media?parent=10007"}],"wp:term":[{"taxonomy":"category","embeddable":true,"href":"https:\/\/gaudiumetspes-blog.pl\/index.php\/wp-json\/wp\/v2\/categories?post=10007"},{"taxonomy":"post_tag","embeddable":true,"href":"https:\/\/gaudiumetspes-blog.pl\/index.php\/wp-json\/wp\/v2\/tags?post=10007"}],"curies":[{"name":"wp","href":"https:\/\/api.w.org\/{rel}","templated":true}]}}