{"id":10017,"date":"2010-12-08T10:52:00","date_gmt":"2010-12-08T09:52:00","guid":{"rendered":"https:\/\/gaudiumetspes-blog.pl\/index.php\/2010\/12\/08\/badz-pozdrowiona-pena-aski\/"},"modified":"2019-07-31T12:51:55","modified_gmt":"2019-07-31T10:51:55","slug":"badz-pozdrowiona-pena-aski","status":"publish","type":"post","link":"https:\/\/gaudiumetspes-blog.pl\/index.php\/2010\/12\/08\/badz-pozdrowiona-pena-aski\/","title":{"rendered":"B\u0105d\u017a pozdrowiona, Pe\u0142na \u0141aski!"},"content":{"rendered":"<p>Witam w Uroczysto\u015b\u0107 Niepokalanego Pocz\u0119cia Maryi. Ca\u0142y Adwent up\u0142ywa nam niejako pod szczeg\u00f3lnym patronatem Matki Bo\u017cej, ale dzisiejszy dzie\u0144 jest szczeg\u00f3ln\u0105 okazj\u0105 do tego, aby doceni\u0107 Jej rol\u0119. W tym duchu w\u0142a\u015bnie chc\u0119 Was zach\u0119ci\u0107, Kochani, \u017ceby\u015bcie &#8211; o ile to tylko mo\u017cliwe &#8211;&nbsp;chodzili na Roraty&nbsp;o brzasku dnia. Ja wiem, \u017ce to du\u017co kosztuje &#8211; wsta\u0107 tak rano, a potem ca\u0142y dzie\u0144 tyle si\u0119 za wszystkim nachodzi\u0107, ale to w\u0142a\u015bnie tak wyra\u017ca si\u0119 nasza postawa czuwania &#8211; czuwania w og\u00f3le, ca\u0142ym \u017cyciem! Adwent ma nas do tego usposobi\u0107. Serdecznie wszystkich pozdrawiam, \u017cycz\u0119 dobrego dnia, a tego, kto ma jakie\u015b bli\u017csze znajomo\u015bci w Niebie prosz\u0119, \u017ceby co\u015b zrobi\u0107 z t\u0105 zim\u0105! Kiedy\u017c to przyjdzie wreszcie wiosna?! Gaudium et spes! Ks. Jacek&nbsp;<\/p>\n<div class=\"MsoNormal\" style=\"font-family: 'Times New Roman'; margin-bottom: 0px; margin-left: 0px; margin-right: 0px; margin-top: 0.4em; text-align: justify;\"><b>Uroczysto\u015b\u0107 Niepokalanego Pocz\u0119cia Naj\u015bwi\u0119tszej Maryi Panny,<\/b><\/div>\n<div class=\"MsoNormal\" style=\"font-family: 'Times New Roman'; margin-bottom: 0px; margin-left: 0px; margin-right: 0px; margin-top: 0.4em; text-align: justify;\"><b>do czyta\u0144 z t. VI Lekcjonarza: Rdz 3,9\u201315; Ef 1,3\u20136.11\u201312; \u0141k 1,26\u201338<\/b><\/div>\n<div class=\"MsoNormal\" style=\"font-family: 'Times New Roman'; margin-bottom: 0px; margin-left: 0px; margin-right: 0px; margin-top: 0.4em; text-align: justify;\">\n<\/div>\n<div class=\"MsoNormal\" style=\"font-family: 'Times New Roman'; margin-bottom: 0px; margin-left: 0px; margin-right: 0px; margin-top: 0.4em; text-align: justify; text-indent: 35.4pt;\"><b><i>B\u0105d\u017a pozdrowiona, pe\u0142na \u0142aski, Pan z Tob\u0105, b\u0142ogos\u0142awiona jeste\u015b mi\u0119dzy niewiastami<\/i><\/b>. S\u0142owa, kt\u00f3rymi zwr\u00f3ci\u0142 si\u0119 do Maryi Anio\u0142, zwiastuj\u0105 niezwyk\u0142e wydarzenie, jakie ma si\u0119 dokona\u0107 w dziejach \u015bwiata i cz\u0142owieka \u2013 przez Maryj\u0119 w\u0142a\u015bnie i przez Jej dyspozycyjno\u015b\u0107,&nbsp;<b>Jej otwarcie na Bo\u017c\u0105 wol\u0119.<\/b>&nbsp;Ale te\u017c s\u0142owa te okre\u015blaj\u0105 bardzo wyj\u0105tkow\u0105 rol\u0119 Maryi, jej szczeg\u00f3lne wybranie przez Boga. Tytu\u0142&nbsp;<b><i>pe\u0142na \u0142aski<\/i>,<\/b>&nbsp;trudny do takiego bardzo precyzyjnego przet\u0142umaczenia z orygina\u0142u, oznacza tyle co:&nbsp;<b>\u201enape\u0142niona \u0142ask\u0105\u201d, \u201eta,kt\u00f3ra znalaz\u0142a \u0142ask\u0119 u Boga\u201d, \u201eumi\u0142owana przez Boga\u201d\u2026<\/b><\/div>\n<div class=\"MsoNormal\" style=\"font-family: 'Times New Roman'; margin-bottom: 0px; margin-left: 0px; margin-right: 0px; margin-top: 0.4em; text-align: justify; text-indent: 35.4pt;\">Jest zatem Maryja osob\u0105 szczeg\u00f3lnie wybran\u0105 przez Boga, uprzywilejowan\u0105, maj\u0105c\u0105 w historii zbawienia miejsce jedyne i niepowtarzalne. To Ona ma si\u0119 sta\u0107 ow\u0105 Niewiast\u0105, zapowiedzian\u0105 ju\u017c w Raju \u2013&nbsp;<b>Niewiast\u0105, kt\u00f3rej Potomek zmia\u017cd\u017cy g\u0142ow\u0119 w\u0119\u017ca.<\/b><\/div>\n<div class=\"MsoNormal\" style=\"font-family: 'Times New Roman'; margin-bottom: 0px; margin-left: 0px; margin-right: 0px; margin-top: 0.4em; text-align: justify; text-indent: 35.4pt;\">Obietnica ta, zwana&nbsp;<b>Protoewangeli\u0105, pierwsz\u0105 Dobr\u0105 Nowin\u0105 o ostatecznym zbawieniu cz\u0142owieka,<\/b>&nbsp;przy\u015bwieca\u0142a ludziom wszystkich czas\u00f3w i od samego pocz\u0105tku znalaz\u0142a odd\u017awi\u0119k w wierze Ko\u015bcio\u0142a Chrystusowego. Ju\u017c od pierwszych wiek\u00f3w chrze\u015bcija\u0144stwa liczni teologowie i pisarze wskazywali&nbsp;<b>na szczeg\u00f3ln\u0105 rol\u0119 i szczeg\u00f3lne wybranie Maryi spo\u015br\u00f3d wszystkich ludzi.<\/b>&nbsp;Ojcowie Ko\u015bcio\u0142a nieraz nazywali J\u0105 \u201eczyst\u0105\u201d, \u201ebez skazy\u201d, \u201eniewinn\u0105\u201d. W VII wieku w Ko\u015bciele greckim, a w VIII w. w Ko\u015bciele \u0142aci\u0144skim ustanowiono \u015bwi\u0119to Pocz\u0119cia Maryi.<\/div>\n<div class=\"MsoNormal\" style=\"font-family: 'Times New Roman'; margin-bottom: 0px; margin-left: 0px; margin-right: 0px; margin-top: 0.4em; text-align: justify; text-indent: 35.4pt;\">P\u00f3\u017aniejsi teologowie, szczeg\u00f3lnie \u015awi\u0119ty Bernard i \u015awi\u0119ty Tomasz z Akwinu&nbsp;<b>zakwestionowali wiar\u0119 w Niepokalane Pocz\u0119cie Maryi,<\/b>poniewa\u017c \u2013 wed\u0142ug nich \u2013 przeczy\u0142oby to dw\u00f3m innym dogmatom: powszechno\u015bci grzechu pierworodnego oraz konieczno\u015bci powszechnego odkupienia wszystkich ludzi, a wi\u0119c tak\u017ce i Maryi. Ten problem rozwik\u0142a\u0142 w XIII w. B\u0142ogos\u0142awiony Jan Duns Szkot, kt\u00f3ry wskaza\u0142, \u017ce uchronienie Bo\u017cej Rodzicielki od grzechu pierworodnego&nbsp;<b>dokona\u0142o si\u0119 ju\u017c moc\u0105 odkupie\u0144czego zwyci\u0119stwa<\/b><b>Chrystusa, mia\u0142o wi\u0119c charakter \u0142aski uprzedzaj\u0105cej.<\/b>&nbsp;W 1477 r. Papie\u017c Sykstus IV ustanowi\u0142 w Rzymie \u015bwi\u0119to Pocz\u0119cia Niepokalanej, kt\u00f3re od czas\u00f3w Piusa V, czyli od wieku XVI, zacz\u0119to obchodzi\u0107 w ca\u0142ym Ko\u015bciele.<\/div>\n<div class=\"MsoNormal\" style=\"font-family: 'Times New Roman'; margin-bottom: 0px; margin-left: 0px; margin-right: 0px; margin-top: 0.4em; text-align: justify; text-indent: 35.4pt;\">Prawda o Niepokalanym Pocz\u0119ciu Maryi jest zatem dogmatem wiary. Jako tak\u0105 og\u0142osi\u0142 j\u0105 uroczy\u015bcie i ostatecznie w dniu 8 grudnia 1854 r. bull\u0105&nbsp;<i>Ineffabilis Deus<\/i>&nbsp;Papie\u017c Pius IX. W papieskim dokumencie znalaz\u0142y si\u0119 mi\u0119dzy innymi takie s\u0142owa: \u201eOg\u0142aszamy, orzekamy i okre\u015blamy, \u017ce nauka, kt\u00f3ra utrzymuje, i\u017c Naj\u015bwi\u0119tsza Maryja Panna od pierwszej chwili swego pocz\u0119cia&nbsp;<b>&#8211;&nbsp;<\/b>moc\u0105 szczeg\u00f3lnej \u0142aski i przywileju wszechmocnego Boga, moc\u0105<b>&nbsp;przewidzianych zas\u0142ug Jezusa Chrystusa,<\/b>Zbawiciela rodzaju ludzkiego &#8211; zosta\u0142a<b>&nbsp;zachowana&nbsp;<\/b>nietkni\u0119t\u0105 od wszelkiej zmazy grzechu pierworodnego,<b>&nbsp;jest prawd\u0105 przez Boga objawion\u0105&nbsp;<\/b>i dlatego wszyscy wierni powinni w ni\u0105 wytrwale i bez wahania wierzy\u0107.\u201d<b><\/b><\/div>\n<div class=\"MsoNormal\" style=\"font-family: 'Times New Roman'; margin-bottom: 0px; margin-left: 0px; margin-right: 0px; margin-top: 0.4em; text-align: justify; text-indent: 35.4pt;\">Co ciekawe, w czasie objawie\u0144 w Lourdes w 1858 r., Maryja sama potwierdzi\u0142a og\u0142oszony zaledwie cztery lata wcze\u015bniej dogmat. Bernardecie Soubirous przedstawi\u0142a si\u0119 m\u00f3wi\u0105c:&nbsp;<b>\u201eJestem Niepokalane Pocz\u0119cie\u201d.<\/b>&nbsp;Jest to wspania\u0142ym potwierdzeniem tego, \u017ce Ko\u015bci\u00f3\u0142 w swoich orzeczeniach dogmatycznych naprawd\u0119 si\u0119 nie myli. Oto mamy jasny przyk\u0142ad:&nbsp;<b>Ko\u015bci\u00f3\u0142 uroczy\u015bcie orzeka prawd\u0119, kt\u00f3r\u0105 zreszt\u0105 i tak wierni wyznaj\u0105 od pocz\u0105tku, a Maryja cztery lata p\u00f3\u017aniej sama potwierdza orzeczenie Ko\u015bcio\u0142a.<\/b><\/div>\n<div class=\"MsoNormal\" style=\"font-family: 'Times New Roman'; margin-bottom: 0px; margin-left: 0px; margin-right: 0px; margin-top: 0.4em; text-align: justify; text-indent: 35.4pt;\">Co jednak&nbsp;dla nas&nbsp;oznacza fakt wybrania Maryi i fakt Jej niepokalanego pocz\u0119cia? Czy jest on tylko przedmiotem naszych zachwyt\u00f3w i pobo\u017cnych wzdycha\u0144? My\u015bl\u0119, \u017ce w\u0142a\u015bciwe spojrzenie na ca\u0142\u0105 spraw\u0119&nbsp;<b>proponuje nam dzisiaj Pawe\u0142 Aposto\u0142,<\/b>&nbsp;kt\u00f3ry w Li\u015bcie do Efezjan, wy\u015bpiewuj\u0105c wspania\u0142y hymn na cze\u015b\u0107 Boga Ojca i Jego Syna Jezusa Chrystusa, tak okre\u015bla dzia\u0142anie Bo\u017ce w stosunku do cz\u0142owieka:&nbsp;<b><i>W Nim<\/i>&nbsp;(czyli w Jezusie),&nbsp;<i>wybra\u0142 nas&nbsp;<\/i>(oczywi\u015bcie \u2013 B\u00f3g Ojciec)&nbsp;<i>przed za\u0142o\u017ceniem \u015bwiata, aby\u015bmy byli \u015bwi\u0119ci i nieskalani przed Jego obliczem<\/i>.<\/b><i>W Nim dost\u0105pili\u015bmy udzia\u0142u r\u00f3wnie\u017c my,&nbsp;<b>z g\u00f3ry&nbsp;<\/b>przeznaczeni zamiarem Tego, kt\u00f3ry dokonuje wszystkiego zgodnie z zamys\u0142em swej woli, po to, by\u015bmy istnieli ku chwale Jego majestatu.<\/i>&nbsp;[\u2026]<\/div>\n<div class=\"MsoNormal\" style=\"font-family: 'Times New Roman'; margin-bottom: 0px; margin-left: 0px; margin-right: 0px; margin-top: 0.4em; text-align: justify; text-indent: 35.4pt;\">A wi\u0119c to my wszyscy, Kochani, zostali\u015bmy wybrani do tego, aby\u015bmy byli&nbsp;<b>\u015bwi\u0119tymi i nieskalanymi przed obliczem Boga.<\/b>&nbsp;Niestety, jak to nam dzisiaj u\u015bwiadamia pierwsze czytanie z Ksi\u0119gi Rodzaju, cz\u0142owiek uleg\u0142 pokusie do grzechu.&nbsp;<b>Nie straci\u0142 jednak szansy na ow\u0105 pe\u0142n\u0105 \u015bwi\u0119to\u015b\u0107, a ta szansa wynika z ofiary zbawczej Chrystusa.<\/b>Wszyscy mamy szans\u0119 osi\u0105gni\u0119cia pe\u0142nej \u015bwi\u0119to\u015bci w \u017cyciu przysz\u0142ym, a w tym \u017cyciu ow\u0105 \u015bwi\u0119to\u015b\u0107 stopniowo osi\u0105gamy. Maryja natomiast, ze wzgl\u0119du na rol\u0119 i zadanie, jakie mia\u0142a wype\u0142ni\u0107 w historii zbawienia, zosta\u0142a w spos\u00f3b&nbsp;<b>uprzedzaj\u0105cy, czyli zanim jeszcze dokona\u0142a si\u0119 Ofiara Chrystusa, moc\u0105 tej ofiary zachowana od grzechu pierworodnego&nbsp;<\/b>i uwolniona od ka\u017cdego innego grzechu.<\/div>\n<div class=\"MsoNormal\" style=\"font-family: 'Times New Roman'; margin-bottom: 0px; margin-left: 0px; margin-right: 0px; margin-top: 0.4em; text-align: justify; text-indent: 35.4pt;\">My wszyscy, wpatrzeni w Maryj\u0119, jakkolwiek nie osi\u0105gniemy tu na ziemi Jej poziomu \u015bwi\u0119to\u015bci, jednak powinni\u015bmy wytrwale d\u0105\u017cy\u0107 do tego,<b>aby do owego idea\u0142u jak najbardziej si\u0119 zbli\u017cy\u0107.<\/b>&nbsp;Temu ma s\u0142u\u017cy\u0107 codzienne, konsekwentne upodabnianie swego \u017cycia do \u017cycia Maryi,<b>czerpanie wzoru z Jej \u017cycia i post\u0119powania, gdy idzie o kszta\u0142towanie swego odniesienia do Boga i do drugiego cz\u0142owieka,<\/b>&nbsp;a pomoc\u0105 w wypracowywaniu takiej postawy z pewno\u015bci\u0105 b\u0119dzie zdrowa i m\u0105dra pobo\u017cno\u015b\u0107 Maryjna.<\/div>\n<div class=\"MsoNormal\" style=\"font-family: 'Times New Roman'; margin-bottom: 0px; margin-left: 0px; margin-right: 0px; margin-top: 0.4em; text-align: justify; text-indent: 35.4pt;\"><b>Mo\u017ce w\u0142a\u015bnie tegoroczny Adwent stanie si\u0119 dla mnie okazj\u0105 do tego, abym przemy\u015bla\u0142 swoj\u0105 osobist\u0105 pobo\u017cno\u015b\u0107 Maryjn\u0105!<\/b><\/div>\n<div class=\"MsoNormal\" style=\"font-family: 'Times New Roman'; margin-bottom: 0px; margin-left: 0px; margin-right: 0px; margin-top: 0.4em; text-align: justify; text-indent: 35.4pt;\">Niech pomoc\u0105 w tej refleksji b\u0119dzie odpowied\u017a na takie oto pytania:<\/div>\n<ul style=\"font-family: 'Times New Roman'; margin-top: 0cm;\" type=\"disc\">\n<li class=\"MsoNormal\" style=\"text-align: justify;\">Czy zawsze w pe\u0142ni \u015bwiadomie wypowiadam s\u0142owa modlitwy \u201eZdrowa\u015b Maryjo\u201d, staraj\u0105c si\u0119 rozumie\u0107 zawarte w niej tre\u015bci?<\/li>\n<li class=\"MsoNormal\" style=\"text-align: justify;\">W czym tak konkretnie staram si\u0119 na\u015bladowa\u0107 Maryj\u0119?<\/li>\n<li class=\"MsoNormal\" style=\"text-align: justify;\">Co zrobi\u0142em w czasie tegorocznego Adwentu, aby zadba\u0107 o czysto\u015b\u0107 swego serca?<\/li>\n<\/ul>\n<div class=\"MsoNormal\" style=\"font-family: 'Times New Roman'; margin-bottom: 0px; margin-left: 0px; margin-right: 0px; margin-top: 0.4em; text-align: justify;\">\n<\/div>\n<div class=\"MsoNormal\" style=\"font-family: 'Times New Roman'; margin-bottom: 0px; margin-left: 0px; margin-right: 0px; margin-top: 0.4em; text-align: justify; text-indent: 18pt;\"><b><i>Oto ja s\u0142u\u017cebnica Pa\u0144ska, niech mi si\u0119 stanie wed\u0142ug twego s\u0142owa<\/i><\/b><b>!<\/b><\/div>\n<div><b><br \/>\n<\/b><\/div>\n","protected":false},"excerpt":{"rendered":"<p>Witam w Uroczysto\u015b\u0107 Niepokalanego Pocz\u0119cia Maryi. Ca\u0142y Adwent up\u0142ywa nam niejako pod szczeg\u00f3lnym patronatem Matki Bo\u017cej, ale dzisiejszy dzie\u0144 jest szczeg\u00f3ln\u0105 okazj\u0105 do tego, aby doceni\u0107 Jej rol\u0119. W tym duchu w\u0142a\u015bnie chc\u0119 Was zach\u0119ci\u0107, Kochani, \u017ceby\u015bcie &#8211; o ile to tylko mo\u017cliwe &#8211;&nbsp;chodzili na Roraty&nbsp;o brzasku dnia. Ja wiem, \u017ce to du\u017co kosztuje &#8211; [&hellip;]<\/p>\n","protected":false},"author":1,"featured_media":0,"comment_status":"open","ping_status":"open","sticky":false,"template":"","format":"standard","meta":{"jetpack_post_was_ever_published":false,"_jetpack_newsletter_access":"","_jetpack_dont_email_post_to_subs":false,"_jetpack_newsletter_tier_id":0,"_jetpack_memberships_contains_paywalled_content":false,"_jetpack_memberships_contains_paid_content":false,"footnotes":""},"categories":[1],"tags":[],"class_list":["post-10017","post","type-post","status-publish","format-standard","hentry","category-bez-kategorii"],"yoast_head":"<!-- This site is optimized with the Yoast SEO plugin v25.1 - https:\/\/yoast.com\/wordpress\/plugins\/seo\/ -->\n<title>B\u0105d\u017a pozdrowiona, Pe\u0142na \u0141aski! - Gaudium Et Spes<\/title>\n<meta name=\"robots\" content=\"index, follow, max-snippet:-1, max-image-preview:large, max-video-preview:-1\" \/>\n<link rel=\"canonical\" href=\"https:\/\/gaudiumetspes-blog.pl\/index.php\/2010\/12\/08\/badz-pozdrowiona-pena-aski\/\" \/>\n<meta property=\"og:locale\" content=\"pl_PL\" \/>\n<meta property=\"og:type\" content=\"article\" \/>\n<meta property=\"og:title\" content=\"B\u0105d\u017a pozdrowiona, Pe\u0142na \u0141aski! - Gaudium Et Spes\" \/>\n<meta property=\"og:description\" content=\"Witam w Uroczysto\u015b\u0107 Niepokalanego Pocz\u0119cia Maryi. Ca\u0142y Adwent up\u0142ywa nam niejako pod szczeg\u00f3lnym patronatem Matki Bo\u017cej, ale dzisiejszy dzie\u0144 jest szczeg\u00f3ln\u0105 okazj\u0105 do tego, aby doceni\u0107 Jej rol\u0119. W tym duchu w\u0142a\u015bnie chc\u0119 Was zach\u0119ci\u0107, Kochani, \u017ceby\u015bcie &#8211; o ile to tylko mo\u017cliwe &#8211;&nbsp;chodzili na Roraty&nbsp;o brzasku dnia. Ja wiem, \u017ce to du\u017co kosztuje &#8211; [&hellip;]\" \/>\n<meta property=\"og:url\" content=\"https:\/\/gaudiumetspes-blog.pl\/index.php\/2010\/12\/08\/badz-pozdrowiona-pena-aski\/\" \/>\n<meta property=\"og:site_name\" content=\"Gaudium Et Spes\" \/>\n<meta property=\"article:published_time\" content=\"2010-12-08T09:52:00+00:00\" \/>\n<meta property=\"article:modified_time\" content=\"2019-07-31T10:51:55+00:00\" \/>\n<meta name=\"author\" content=\"Ks. Jacek\" \/>\n<meta name=\"twitter:card\" content=\"summary_large_image\" \/>\n<meta name=\"twitter:label1\" content=\"Napisane przez\" \/>\n\t<meta name=\"twitter:data1\" content=\"Ks. Jacek\" \/>\n\t<meta name=\"twitter:label2\" content=\"Szacowany czas czytania\" \/>\n\t<meta name=\"twitter:data2\" content=\"6 minut\" \/>\n<script type=\"application\/ld+json\" class=\"yoast-schema-graph\">{\"@context\":\"https:\/\/schema.org\",\"@graph\":[{\"@type\":\"WebPage\",\"@id\":\"https:\/\/gaudiumetspes-blog.pl\/index.php\/2010\/12\/08\/badz-pozdrowiona-pena-aski\/\",\"url\":\"https:\/\/gaudiumetspes-blog.pl\/index.php\/2010\/12\/08\/badz-pozdrowiona-pena-aski\/\",\"name\":\"B\u0105d\u017a pozdrowiona, Pe\u0142na \u0141aski! - Gaudium Et Spes\",\"isPartOf\":{\"@id\":\"https:\/\/gaudiumetspes-blog.pl\/#website\"},\"datePublished\":\"2010-12-08T09:52:00+00:00\",\"dateModified\":\"2019-07-31T10:51:55+00:00\",\"author\":{\"@id\":\"https:\/\/gaudiumetspes-blog.pl\/#\/schema\/person\/1661982992b752dea8dff0d4ed845a65\"},\"breadcrumb\":{\"@id\":\"https:\/\/gaudiumetspes-blog.pl\/index.php\/2010\/12\/08\/badz-pozdrowiona-pena-aski\/#breadcrumb\"},\"inLanguage\":\"pl-PL\",\"potentialAction\":[{\"@type\":\"ReadAction\",\"target\":[\"https:\/\/gaudiumetspes-blog.pl\/index.php\/2010\/12\/08\/badz-pozdrowiona-pena-aski\/\"]}]},{\"@type\":\"BreadcrumbList\",\"@id\":\"https:\/\/gaudiumetspes-blog.pl\/index.php\/2010\/12\/08\/badz-pozdrowiona-pena-aski\/#breadcrumb\",\"itemListElement\":[{\"@type\":\"ListItem\",\"position\":1,\"name\":\"Strona g\u0142\u00f3wna\",\"item\":\"https:\/\/gaudiumetspes-blog.pl\/\"},{\"@type\":\"ListItem\",\"position\":2,\"name\":\"B\u0105d\u017a pozdrowiona, Pe\u0142na \u0141aski!\"}]},{\"@type\":\"WebSite\",\"@id\":\"https:\/\/gaudiumetspes-blog.pl\/#website\",\"url\":\"https:\/\/gaudiumetspes-blog.pl\/\",\"name\":\"Gaudium Et Spes\",\"description\":\"Blog Ks. Jacka Ja\u015bkowskiego\",\"potentialAction\":[{\"@type\":\"SearchAction\",\"target\":{\"@type\":\"EntryPoint\",\"urlTemplate\":\"https:\/\/gaudiumetspes-blog.pl\/?s={search_term_string}\"},\"query-input\":{\"@type\":\"PropertyValueSpecification\",\"valueRequired\":true,\"valueName\":\"search_term_string\"}}],\"inLanguage\":\"pl-PL\"},{\"@type\":\"Person\",\"@id\":\"https:\/\/gaudiumetspes-blog.pl\/#\/schema\/person\/1661982992b752dea8dff0d4ed845a65\",\"name\":\"Ks. Jacek\",\"image\":{\"@type\":\"ImageObject\",\"inLanguage\":\"pl-PL\",\"@id\":\"https:\/\/gaudiumetspes-blog.pl\/#\/schema\/person\/image\/\",\"url\":\"https:\/\/gaudiumetspes-blog.pl\/wp-content\/uploads\/2019\/07\/avatar-JJ-150x150.jpg\",\"contentUrl\":\"https:\/\/gaudiumetspes-blog.pl\/wp-content\/uploads\/2019\/07\/avatar-JJ-150x150.jpg\",\"caption\":\"Ks. Jacek\"},\"description\":\"Witam serdecznie! K\u0142ania si\u0119 Ks. Jacek Ja\u015bkowski. Nie jestem ani kim\u015b wa\u017cnym, ani kim\u015b znanym. Jestem ksi\u0119dzem, kt\u00f3ry po prostu chce rozmawia\u0107. Codzienna kap\u0142a\u0144ska pos\u0142uga pokazuje mi, \u017ce temat\u00f3w do rozm\u00f3w z ksi\u0119dzem jest coraz wi\u0119cej i dzisiaj \u017caden ksi\u0105dz nie mo\u017ce od nich ucieka\u0107, ale - wprost przeciwnie - podejmowa\u0107 nowe wyzwania. To przekonanie sk\u0142oni\u0142o mnie do pr\u00f3by otwarcia tego\u017c bloga, chocia\u017c okazji do rozm\u00f3w na co dzie\u0144 - w konfesjonale i poza nim - na szcz\u0119\u015bcie nie brakuje. My\u015bl\u0119 jednak, \u017ce ten blog b\u0119dzie jeszcze jednym sposobem i przestrzeni\u0105 nawi\u0105zania kontaktu z lud\u017ami dobrej woli, otwartymi na dialog.\",\"url\":\"https:\/\/gaudiumetspes-blog.pl\/index.php\/author\/ks-jacek\/\"}]}<\/script>\n<!-- \/ Yoast SEO plugin. -->","yoast_head_json":{"title":"B\u0105d\u017a pozdrowiona, Pe\u0142na \u0141aski! - Gaudium Et Spes","robots":{"index":"index","follow":"follow","max-snippet":"max-snippet:-1","max-image-preview":"max-image-preview:large","max-video-preview":"max-video-preview:-1"},"canonical":"https:\/\/gaudiumetspes-blog.pl\/index.php\/2010\/12\/08\/badz-pozdrowiona-pena-aski\/","og_locale":"pl_PL","og_type":"article","og_title":"B\u0105d\u017a pozdrowiona, Pe\u0142na \u0141aski! - Gaudium Et Spes","og_description":"Witam w Uroczysto\u015b\u0107 Niepokalanego Pocz\u0119cia Maryi. Ca\u0142y Adwent up\u0142ywa nam niejako pod szczeg\u00f3lnym patronatem Matki Bo\u017cej, ale dzisiejszy dzie\u0144 jest szczeg\u00f3ln\u0105 okazj\u0105 do tego, aby doceni\u0107 Jej rol\u0119. W tym duchu w\u0142a\u015bnie chc\u0119 Was zach\u0119ci\u0107, Kochani, \u017ceby\u015bcie &#8211; o ile to tylko mo\u017cliwe &#8211;&nbsp;chodzili na Roraty&nbsp;o brzasku dnia. Ja wiem, \u017ce to du\u017co kosztuje &#8211; [&hellip;]","og_url":"https:\/\/gaudiumetspes-blog.pl\/index.php\/2010\/12\/08\/badz-pozdrowiona-pena-aski\/","og_site_name":"Gaudium Et Spes","article_published_time":"2010-12-08T09:52:00+00:00","article_modified_time":"2019-07-31T10:51:55+00:00","author":"Ks. Jacek","twitter_card":"summary_large_image","twitter_misc":{"Napisane przez":"Ks. Jacek","Szacowany czas czytania":"6 minut"},"schema":{"@context":"https:\/\/schema.org","@graph":[{"@type":"WebPage","@id":"https:\/\/gaudiumetspes-blog.pl\/index.php\/2010\/12\/08\/badz-pozdrowiona-pena-aski\/","url":"https:\/\/gaudiumetspes-blog.pl\/index.php\/2010\/12\/08\/badz-pozdrowiona-pena-aski\/","name":"B\u0105d\u017a pozdrowiona, Pe\u0142na \u0141aski! - Gaudium Et Spes","isPartOf":{"@id":"https:\/\/gaudiumetspes-blog.pl\/#website"},"datePublished":"2010-12-08T09:52:00+00:00","dateModified":"2019-07-31T10:51:55+00:00","author":{"@id":"https:\/\/gaudiumetspes-blog.pl\/#\/schema\/person\/1661982992b752dea8dff0d4ed845a65"},"breadcrumb":{"@id":"https:\/\/gaudiumetspes-blog.pl\/index.php\/2010\/12\/08\/badz-pozdrowiona-pena-aski\/#breadcrumb"},"inLanguage":"pl-PL","potentialAction":[{"@type":"ReadAction","target":["https:\/\/gaudiumetspes-blog.pl\/index.php\/2010\/12\/08\/badz-pozdrowiona-pena-aski\/"]}]},{"@type":"BreadcrumbList","@id":"https:\/\/gaudiumetspes-blog.pl\/index.php\/2010\/12\/08\/badz-pozdrowiona-pena-aski\/#breadcrumb","itemListElement":[{"@type":"ListItem","position":1,"name":"Strona g\u0142\u00f3wna","item":"https:\/\/gaudiumetspes-blog.pl\/"},{"@type":"ListItem","position":2,"name":"B\u0105d\u017a pozdrowiona, Pe\u0142na \u0141aski!"}]},{"@type":"WebSite","@id":"https:\/\/gaudiumetspes-blog.pl\/#website","url":"https:\/\/gaudiumetspes-blog.pl\/","name":"Gaudium Et Spes","description":"Blog Ks. Jacka Ja\u015bkowskiego","potentialAction":[{"@type":"SearchAction","target":{"@type":"EntryPoint","urlTemplate":"https:\/\/gaudiumetspes-blog.pl\/?s={search_term_string}"},"query-input":{"@type":"PropertyValueSpecification","valueRequired":true,"valueName":"search_term_string"}}],"inLanguage":"pl-PL"},{"@type":"Person","@id":"https:\/\/gaudiumetspes-blog.pl\/#\/schema\/person\/1661982992b752dea8dff0d4ed845a65","name":"Ks. Jacek","image":{"@type":"ImageObject","inLanguage":"pl-PL","@id":"https:\/\/gaudiumetspes-blog.pl\/#\/schema\/person\/image\/","url":"https:\/\/gaudiumetspes-blog.pl\/wp-content\/uploads\/2019\/07\/avatar-JJ-150x150.jpg","contentUrl":"https:\/\/gaudiumetspes-blog.pl\/wp-content\/uploads\/2019\/07\/avatar-JJ-150x150.jpg","caption":"Ks. Jacek"},"description":"Witam serdecznie! K\u0142ania si\u0119 Ks. Jacek Ja\u015bkowski. Nie jestem ani kim\u015b wa\u017cnym, ani kim\u015b znanym. Jestem ksi\u0119dzem, kt\u00f3ry po prostu chce rozmawia\u0107. Codzienna kap\u0142a\u0144ska pos\u0142uga pokazuje mi, \u017ce temat\u00f3w do rozm\u00f3w z ksi\u0119dzem jest coraz wi\u0119cej i dzisiaj \u017caden ksi\u0105dz nie mo\u017ce od nich ucieka\u0107, ale - wprost przeciwnie - podejmowa\u0107 nowe wyzwania. To przekonanie sk\u0142oni\u0142o mnie do pr\u00f3by otwarcia tego\u017c bloga, chocia\u017c okazji do rozm\u00f3w na co dzie\u0144 - w konfesjonale i poza nim - na szcz\u0119\u015bcie nie brakuje. My\u015bl\u0119 jednak, \u017ce ten blog b\u0119dzie jeszcze jednym sposobem i przestrzeni\u0105 nawi\u0105zania kontaktu z lud\u017ami dobrej woli, otwartymi na dialog.","url":"https:\/\/gaudiumetspes-blog.pl\/index.php\/author\/ks-jacek\/"}]}},"jetpack_featured_media_url":"","jetpack_sharing_enabled":true,"_links":{"self":[{"href":"https:\/\/gaudiumetspes-blog.pl\/index.php\/wp-json\/wp\/v2\/posts\/10017","targetHints":{"allow":["GET"]}}],"collection":[{"href":"https:\/\/gaudiumetspes-blog.pl\/index.php\/wp-json\/wp\/v2\/posts"}],"about":[{"href":"https:\/\/gaudiumetspes-blog.pl\/index.php\/wp-json\/wp\/v2\/types\/post"}],"author":[{"embeddable":true,"href":"https:\/\/gaudiumetspes-blog.pl\/index.php\/wp-json\/wp\/v2\/users\/1"}],"replies":[{"embeddable":true,"href":"https:\/\/gaudiumetspes-blog.pl\/index.php\/wp-json\/wp\/v2\/comments?post=10017"}],"version-history":[{"count":1,"href":"https:\/\/gaudiumetspes-blog.pl\/index.php\/wp-json\/wp\/v2\/posts\/10017\/revisions"}],"predecessor-version":[{"id":10066,"href":"https:\/\/gaudiumetspes-blog.pl\/index.php\/wp-json\/wp\/v2\/posts\/10017\/revisions\/10066"}],"wp:attachment":[{"href":"https:\/\/gaudiumetspes-blog.pl\/index.php\/wp-json\/wp\/v2\/media?parent=10017"}],"wp:term":[{"taxonomy":"category","embeddable":true,"href":"https:\/\/gaudiumetspes-blog.pl\/index.php\/wp-json\/wp\/v2\/categories?post=10017"},{"taxonomy":"post_tag","embeddable":true,"href":"https:\/\/gaudiumetspes-blog.pl\/index.php\/wp-json\/wp\/v2\/tags?post=10017"}],"curies":[{"name":"wp","href":"https:\/\/api.w.org\/{rel}","templated":true}]}}