{"id":10018,"date":"2010-12-07T10:51:00","date_gmt":"2010-12-07T09:51:00","guid":{"rendered":"https:\/\/gaudiumetspes-blog.pl\/index.php\/2010\/12\/07\/swiety-ambrozy-modl-sie-za-nami\/"},"modified":"2019-07-31T12:51:55","modified_gmt":"2019-07-31T10:51:55","slug":"swiety-ambrozy-modl-sie-za-nami","status":"publish","type":"post","link":"https:\/\/gaudiumetspes-blog.pl\/index.php\/2010\/12\/07\/swiety-ambrozy-modl-sie-za-nami\/","title":{"rendered":"\u015awi\u0119ty Ambro\u017cy &#8211; m\u00f3dl si\u0119 za nami!"},"content":{"rendered":"<p>Serdecznie witam i pozdrawiam! Dzi\u0119kuj\u0119 za odwiedziny na blogu. Codziennie zagl\u0105da kilkadziesi\u0105t, a w weekend &#8211; sto kilkadziesi\u0105t os\u00f3b. Ogromnie jestem za to wdzi\u0119czny. Dzi\u0119kuj\u0119 r\u00f3wnie\u017c za komentarze, prosz\u0105c o nast\u0119pne. Wspieram Was codziennie modlitw\u0105 i \u017cycz\u0119 dobrego dnia, polecaj\u0105c dzisiaj Waszej uwadze \u015bwiadectwo \u017cycia \u015awi\u0119tego Biskupa Ambro\u017cego, kt\u00f3ry Biskupem zosta\u0142&#8230; przez przypadek! O ile w og\u00f3le o przypadkach mo\u017cemy m\u00f3wi\u0107&#8230; Gaudium et spes! Ks. Jacek<\/p>\n<div class=\"MsoNormal\" style=\"font-family: 'Times New Roman'; margin-bottom: 0px; margin-left: 0px; margin-right: 0px; margin-top: 0.4em; text-align: justify;\"><b>Wspomnienie \u015awi\u0119tego Ambro\u017cego,<\/b><\/div>\n<div class=\"MsoNormal\" style=\"font-family: 'Times New Roman'; margin-bottom: 0px; margin-left: 0px; margin-right: 0px; margin-top: 0.4em; text-align: justify;\"><b>do czyta\u0144 adwentowych:&nbsp;&nbsp;&nbsp;Iz 40,1\u201311;&nbsp;&nbsp;Mt 18,12\u201314<\/b><\/div>\n<div class=\"MsoNormal\" style=\"font-family: 'Times New Roman'; margin-bottom: 0px; margin-left: 0px; margin-right: 0px; margin-top: 0.4em; text-align: justify;\">\n<\/div>\n<div class=\"MsoNormal\" style=\"font-family: 'Times New Roman'; margin-bottom: 0px; margin-left: 0px; margin-right: 0px; margin-top: 0.4em; text-align: justify; text-indent: 35.4pt;\">Liturgia S\u0142owa w dniu dzisiejszym ukazuje nam&nbsp;<b>Boga jako Dobrego Pasterza.<\/b>&nbsp;W\u015br\u00f3d wielu pociesze\u0144, jakie Prorok Izajasz kieruje do swoich rodak\u00f3w, pozostaj\u0105cych w niewoli, odnajdujemy i to, \u017ce kiedy zabrak\u0142o im kr\u00f3la Dawida i jego potomk\u00f3w \u2013 nast\u0119pc\u00f3w,&nbsp;<b>okre\u015blanych w\u0142a\u015bnie jako pasterze ludu Bo\u017cego,<\/b>&nbsp;bo wraz z zako\u0144czeniem niepodleg\u0142ego bytu pa\u0144stwowego lud ten pozbawiony zosta\u0142 ich opieki, w\u00f3wczas&nbsp;<b>sam B\u00f3g staje si\u0119 Pasterzem swojego Narodu.&nbsp;<\/b>I to On w\u0142a\u015bnie \u2013 jak s\u0142yszymy w pierwszym czytaniu \u2013&nbsp;<i>pasie sw\u0105 trzod\u0119, gromadzi j\u0105 swoim ramieniem, jagni\u0119ta nosi na swej piersi, owce karmi\u0105ce prowadzi \u0142agodnie<\/i>.<\/div>\n<div class=\"MsoNormal\" style=\"font-family: 'Times New Roman'; margin-bottom: 0px; margin-left: 0px; margin-right: 0px; margin-top: 0.4em; text-align: justify; text-indent: 35.4pt;\">Ten tytu\u0142 Pasterza ludu odni\u00f3s\u0142 do siebie tak\u017ce Jezus Chrystus, okre\u015blaj\u0105c siebie w\u0142a\u015bnie mianem&nbsp;<b>Dobrego Pasterza,<\/b>&nbsp;a dzisiaj w Ewangelii, poprzez przypowie\u015b\u0107 o poszukiwaniu jednej zagubionej owcy, pokazuje,&nbsp;<b>jak Bogu zale\u017cy na ka\u017cdym bez wyj\u0105tku cz\u0142owieku.<\/b><\/div>\n<div class=\"MsoNormal\" style=\"font-family: 'Times New Roman'; margin-bottom: 0px; margin-left: 0px; margin-right: 0px; margin-top: 0.4em; text-align: justify; text-indent: 35.4pt;\">Ta przypowie\u015b\u0107 jest pi\u0119kn\u0105&nbsp;<b>metafor\u0105, ale jest te\u017c swoist\u0105 hiperbol\u0105,&nbsp;<\/b>bowiem kontekst historyczny i spo\u0142eczny sugerowa\u0142by, \u017ce kto\u015b, kto ma stado licz\u0105ce sto owiec, by\u0142 \u2013 i do dzisiaj na Bliskim Wschodzie jest \u2013 uwa\u017cany za kogo\u015b bogatego. Taki bogacz&nbsp;<b>z pewno\u015bci\u0105 nie \u201erozczula\u0142by\u201d si\u0119 nad jedn\u0105 zagubion\u0105 owc\u0105!<\/b>&nbsp;Tym bardziej wi\u0119c na tym tle wida\u0107 wielko\u015b\u0107 dobroci i mi\u0142osierdzia Boga, kt\u00f3ry poszukuje ka\u017cdego cz\u0142owieka i na ka\u017cdym Mu bezgranicznie zale\u017cy.<\/div>\n<div class=\"MsoNormal\" style=\"font-family: 'Times New Roman'; margin-bottom: 0px; margin-left: 0px; margin-right: 0px; margin-top: 0.4em; text-align: justify; text-indent: 35.4pt;\">To swoje mi\u0142osierdzie B\u00f3g wyra\u017ca w r\u00f3\u017cny spos\u00f3b, a dzisiaj otrzymujemy w darze&nbsp;<b>przyk\u0142ad owej pasterskiej troskliwo\u015bci Boga,<\/b>zrealizowanej praktycznie w \u017cyciu \u015awi\u0119tego Ambro\u017cego, Biskupa.<\/div>\n<div class=\"MsoNormal\" style=\"font-family: 'Times New Roman'; margin-bottom: 0px; margin-left: 0px; margin-right: 0px; margin-top: 0.4em; text-align: justify; text-indent: 35.4pt;\">Ambro\u017cy urodzi\u0142 si\u0119&nbsp;<b>oko\u0142o 340 r. w Trewirze,<\/b>&nbsp;\u00f3wczesnej stolicy cesarstwa. Jego ojciec by\u0142 namiestnikiem cesarskim, prefektem Galii. Podanie g\u0142osi, \u017ce przy narodzeniu Ambro\u017cego \u2013 ku przera\u017ceniu matki \u2013 r\u00f3j pszcz\u00f3\u0142 osiad\u0142 na ustach niemowl\u0119cia. Matka chcia\u0142a si\u0142\u0105 odgoni\u0107 owady, ale roztropny ojciec kaza\u0142 poczeka\u0107, a\u017c pszczo\u0142y same odlec\u0105. Ojciec po tym wypadku uzna\u0142, \u017ce je\u015bli niemowl\u0119 prze\u017cyje, to b\u0119dzie kim\u015b wielkim!&nbsp;<b>Wr\u00f3\u017cono nawet, \u017ce b\u0119dzie wielkim m\u00f3wc\u0105.<\/b><\/div>\n<div class=\"MsoNormal\" style=\"font-family: 'Times New Roman'; margin-bottom: 0px; margin-left: 0px; margin-right: 0px; margin-top: 0.4em; text-align: justify; text-indent: 35.4pt;\">Chrzest przyj\u0105\u0142 Ambro\u017cy bardzo p\u00f3\u017ano. W owych czasach by\u0142 bowiem zwyczaj, \u017ce Sakrament ten odk\u0142adano na lata p\u00f3\u017aniejsze \u2013 przyjmowano go cz\u0119sto&nbsp;<b>przed sam\u0105 \u015bmierci\u0105, aby w stanie niewinno\u015bci przej\u015b\u0107 do wieczno\u015bci.<\/b>&nbsp;Innym powodem odk\u0142adania Chrztu \u015awi\u0119tego by\u0142 fakt, \u017ce traktowano go nader powa\u017cnie, z ca\u0142\u0105 \u015bwiadomo\u015bci\u0105, \u017ce przyj\u0119te zobowi\u0105zania trzeba wype\u0142nia\u0107. Dlatego Ambro\u017cy przez wiele lat by\u0142 tylko katechumenem, czyli kandydatem&nbsp;<b>i przyj\u0105\u0142 Chrzest \u015awi\u0119ty dopiero przed otrzymaniem godno\u015bci biskupiej.<\/b>&nbsp;Potem sam zwyczaj ten zwalcza\u0142.<\/div>\n<div class=\"MsoNormal\" style=\"font-family: 'Times New Roman'; margin-bottom: 0px; margin-left: 0px; margin-right: 0px; margin-top: 0.4em; text-align: justify; text-indent: 35.4pt;\">Po \u015bmierci ojca, maj\u0105c zaledwie rok, przeni\u00f3s\u0142 si\u0119 Ambro\u017cy wraz z matk\u0105 i rodze\u0144stwem do Rzymu. Tam potem ucz\u0119szcza\u0142 do szko\u0142y gramatyki i wymowy. Kszta\u0142ci\u0142 si\u0119 r\u00f3wnocze\u015bnie wprawie.&nbsp;<b>O jego wykszta\u0142ceniu najlepiej \u015bwiadcz\u0105 jego pisma.<\/b>&nbsp;Po uko\u0144czeniu szk\u00f3\u0142 za\u0142o\u017cy\u0142 w\u0142asn\u0105 szko\u0142\u0119.<\/div>\n<div class=\"MsoNormal\" style=\"font-family: 'Times New Roman'; margin-bottom: 0px; margin-left: 0px; margin-right: 0px; margin-top: 0.4em; text-align: justify; text-indent: 35.4pt;\">Po kilku latach zosta\u0142 mianowany przez cesarza namiestnikiem prowincji ze stolic\u0105 w Mediolanie. Pozostawa\u0142 na tym stanowisku przez trzy lata, do 373 roku. Zaledwie prowincj\u0119 uporz\u0105dkowa\u0142 i doprowadzi\u0142 do \u0142adu jej finanse, zosta\u0142 wybrany&nbsp;<b>biskupem Mediolanu.<\/b>&nbsp;A sta\u0142o si\u0119 to w niezwykle oryginalnych okoliczno\u015bciach.<\/div>\n<div class=\"MsoNormal\" style=\"font-family: 'Times New Roman'; margin-bottom: 0px; margin-left: 0px; margin-right: 0px; margin-top: 0.4em; text-align: justify; text-indent: 35.4pt;\">Kiedy bowiem zmar\u0142 poprzedni biskup tego miasta, Auksencjusz, powsta\u0142 gwa\u0142towny sp\u00f3r mi\u0119dzy katolikami a arianami:&nbsp;<b>i jedni, i drudzy chcieli mie\u0107 swojego biskupa.&nbsp;<\/b>Ambro\u017cy uda\u0142 si\u0119 tam jako namiestnik cesarski dla dopilnowania porz\u0105dku pomi\u0119dzy zwa\u015bnionymi stronami. I kiedy obie strony nie mog\u0142y doj\u015b\u0107 do zgody,&nbsp;<b>nagle jakie\u015b dziecko mia\u0142o zawo\u0142a\u0107: \u201eAmbro\u017cy biskupem!\u201d<\/b>&nbsp;Wszyscy uznali to za g\u0142os Bo\u017cy i zawo\u0142ali tak\u017ce: \u201eAmbro\u017cy biskupem!\u201d<\/div>\n<div class=\"MsoNormal\" style=\"font-family: 'Times New Roman'; margin-bottom: 0px; margin-left: 0px; margin-right: 0px; margin-top: 0.4em; text-align: justify; text-indent: 35.4pt;\">Zaskoczony namiestnik cesarski poprosi\u0142 o czas do namys\u0142u. Po cichu nawet uciek\u0142 z miasta noc\u0105,&nbsp;<b>ale rano stwierdzi\u0142, \u017ce dotar\u0142 do\u2026 bram Mediolanu!&nbsp;<\/b>Widz\u0105c w tym wol\u0119 Bo\u017c\u0105, postanowi\u0142 si\u0119 jej wi\u0119cej nie opiera\u0107. Dnia 30 listopada przyj\u0105\u0142 Chrzest \u015awi\u0119ty i wszystkie \u015bwi\u0119cenia,&nbsp;<b>a 7 grudnia \u2013 konsekracj\u0119 na biskupa.<\/b>&nbsp;Od razu rozda\u0142 ubogim ca\u0142y sw\u00f3j maj\u0105tek. I zaj\u0105\u0142 si\u0119&nbsp;<b>g\u0142oszeniem przy ka\u017cdej okazji S\u0142owa Bo\u017cego,<\/b>&nbsp;uwa\u017caj\u0105c to za sw\u00f3j podstawowy pasterski obowi\u0105zek. Sam r\u00f3wnie\u017c w ka\u017cdy Wielki Post przygotowywa\u0142 osobi\u015bcie katechumen\u00f3w na przyj\u0119cie w Wigili\u0119 Paschaln\u0105 Chrztu \u015awi\u0119tego.<\/div>\n<div class=\"MsoNormal\" style=\"font-family: 'Times New Roman'; margin-bottom: 0px; margin-left: 0px; margin-right: 0px; margin-top: 0.4em; text-align: justify; text-indent: 35.4pt;\">W rz\u0105dach by\u0142 \u0142agodny, spokojny, rozwa\u017cny, sprawiedliwy, \u017cyczliwy.&nbsp;<b>Kap\u0142ani mieli wi\u0119c w swoim biskupie najpi\u0119kniejszy wz\u00f3r dobrego pasterza!<\/b>&nbsp;Da\u0142 si\u0119 pozna\u0107 jako pasterz rozwa\u017cny, wra\u017cliwy na krzywd\u0119 ludzk\u0105. Wyr\u00f3\u017cnia\u0142 si\u0119 siln\u0105 wol\u0105, poczuciem \u0142adu, zmys\u0142em praktycznym. Idea\u0142em przy\u015bwiecaj\u0105cym dzia\u0142alno\u015bci \u015awi\u0119tego Biskupa<b>by\u0142o pa\u0144stwo, w kt\u00f3rym Ko\u015bci\u00f3\u0142 i w\u0142adza \u015bwiecka wzajemnie udzielaj\u0105 sobie pomocy, a wiara spaja cesarstwo.<\/b><\/div>\n<div class=\"MsoNormal\" style=\"font-family: 'Times New Roman'; margin-bottom: 0px; margin-left: 0px; margin-right: 0px; margin-top: 0.4em; text-align: justify; text-indent: 35.4pt;\">Z kolei, dla odpowiedniego przygotowania duchowie\u0144stwa diecezjalnego, za\u0142o\u017cy\u0142 seminarium \u2013 klasztor \u2013 tu\u017c za murami miasta. \u017byciu przebywaj\u0105cych tam kap\u0142an\u00f3w nada\u0142 regu\u0142\u0119.&nbsp;<b>Sam te\u017c cz\u0119sto ich nawiedza\u0142 i przebywa\u0142 z nimi.<\/b>&nbsp;Bra\u0142 ch\u0119tnie udzia\u0142 w licznych synodach, szczeg\u00f3lnie wtedy, gdy trzeba by\u0142o zwalcza\u0107 b\u0142\u0119dy arian.<\/div>\n<div class=\"MsoNormal\" style=\"font-family: 'Times New Roman'; margin-bottom: 0px; margin-left: 0px; margin-right: 0px; margin-top: 0.4em; text-align: justify; text-indent: 35.4pt;\">Cieszy\u0142 si\u0119 ogromnym autorytetem. Potwierdzeniem tego jest fakt, \u017ce kiedy cesarz Teodozjusz Wielki w 390 roku krwawo st\u0142umi\u0142 zamieszki w Tesalonikach, morduj\u0105c siedem tysi\u0119cy ludzi, Ambro\u017cy wystosowa\u0142 do niego list pe\u0142en czci, ale i wyrzutu, prosz\u0105c Teodozjusza, aby za t\u0119 publiczn\u0105, g\u0142o\u015bn\u0105 zbrodni\u0119&nbsp;<b>przyj\u0105\u0142 publiczn\u0105 pokut\u0119. I \u2013 o dziwo! \u2013 cesarz pokut\u0119 wyznaczon\u0105 przyj\u0105\u0142 i przez trzy miesi\u0105ce nie wst\u0119powa\u0142 do ko\u015bcio\u0142a (jako grzesznik).&nbsp;<\/b>Pod wp\u0142ywem kaza\u0144 \u015awi\u0119tego Ambro\u017cego nawr\u00f3ci\u0142 si\u0119 przecie\u017c tak\u017ce \u015awi\u0119ty Augustyn.<\/div>\n<div class=\"MsoNormal\" style=\"font-family: 'Times New Roman'; margin-bottom: 0px; margin-left: 0px; margin-right: 0px; margin-top: 0.4em; text-align: justify; text-indent: 35.4pt;\">Pracowite \u017cycie zako\u0144czy\u0142 Ambro\u017cy w Wielki Pi\u0105tek 4 kwietnia 397 roku, maj\u0105c oko\u0142o pi\u0119\u0107dziesi\u0119ciu siedmiu lat. Pochowano go w bazylice w Mediolanie. Pozostawi\u0142 po sobie liczne pisma moralno \u2013 ascetyczne, dogmatyczne, mowy, listy oraz hymny liturgiczne.<\/div>\n<div class=\"MsoNormal\" style=\"font-family: 'Times New Roman'; margin-bottom: 0px; margin-left: 0px; margin-right: 0px; margin-top: 0.4em; text-align: justify; text-indent: 35.4pt;\">O jego duchowo\u015bci niech \u015bwiadczy fragment listu, jaki skierowa\u0142 do biskupa Konstancjusza. W li\u015bcie tym czytamy: \u201ePrzyj\u0105\u0142e\u015b urz\u0105d kap\u0142a\u0144ski i siedz\u0105c przy sterze Ko\u015bcio\u0142a przeprowadzasz ten statek przez wiry morskie.&nbsp;<b>Trzymaj wi\u0119c mocno ster wiary, aby\u015b si\u0119 nie podda\u0142 pot\u0119\u017cnym falom nawa\u0142nic tego \u015bwiata!<\/b>&nbsp;Wielkie to i rozleg\u0142e morze, ale si\u0119 go nie l\u0119kaj! [\u2026] Jest pewne, \u017ce w\u015br\u00f3d zmiennego \u015bwiata Ko\u015bci\u00f3\u0142 Pana, zbudowany na fundamencie Aposto\u0142\u00f3w,&nbsp;<b>pozostaje na nim niewzruszony<\/b>&nbsp;\u2013 mimo, i\u017c wko\u0142o niego burzy si\u0119 rozp\u0119tane morze. Uderzaj\u0105 we\u0144 fale, lecz nie mog\u0105 nim zachwia\u0107, a chocia\u017c cz\u0119sto pr\u0105dy \u015bwiata z szumem rozbijaj\u0105 si\u0119 o niego,&nbsp;<b>pozostaje on dla wszystkich zbawiennym i bezpiecznym portem.<\/b>&nbsp;[\u2026]<\/div>\n<div class=\"MsoNormal\" style=\"font-family: 'Times New Roman'; margin-bottom: 0px; margin-left: 0px; margin-right: 0px; margin-top: 0.4em; text-align: justify; text-indent: 35.4pt;\">Niech wi\u0119c Twoje s\u0142owa p\u0142yn\u0105 obficie, niech b\u0119d\u0105 przejrzyste i jasne. W ten spos\u00f3b dasz Twojemu ludowi pouczenie, kt\u00f3re go poci\u0105gnie, a lud ten urzeczony tym, co m\u00f3wisz,&nbsp;<b>p\u00f3jdzie za Tob\u0105 z dobrej woli tam, dok\u0105d go prowadzisz.<\/b>&nbsp;Twoje s\u0142owa niech b\u0119d\u0105 pe\u0142ne tre\u015bci. [\u2026] Niech to, co m\u00f3wisz, b\u0119dzie&nbsp;<b>oczywiste i zrozumia\u0142e samo przez si\u0119,<\/b>&nbsp;a wtedy twoje wywody nie b\u0119d\u0105 potrzebowa\u0142y innego jeszcze uzasadnienia, lecz b\u0119d\u0105 same w sobie dowodem. I niech nie wychodzi z Twoich ust \u017cadne s\u0142owo zawieszone w pr\u00f3\u017cni i pozbawione znaczenia.\u201d<\/div>\n<div class=\"MsoNormal\" style=\"font-family: 'Times New Roman'; margin-bottom: 0px; margin-left: 0px; margin-right: 0px; margin-top: 0.4em; text-align: justify; text-indent: 35.4pt;\">Moi Drodzy, urzeczeni zatroskaniem Jezusa \u2013 Dobrego Pasterza \u2013 o ka\u017cdego bez wyj\u0105tku cz\u0142owieka, a tak\u017ce wpatrzeni w przyk\u0142ad \u015awi\u0119tego Ambro\u017cego, Biskupa, realizuj\u0105cego ten idea\u0142 poprzez swoj\u0105 pos\u0142ug\u0119, my tak\u017ce musimy u\u015bwiadomi\u0107 sobie, \u017ce&nbsp;<b>przez Chrzest zostali\u015bmy w\u0142\u0105czeni do pasterskiej misji Chrystusa.<\/b>&nbsp;A to oznacza, \u017ce jeste\u015bmy odpowiedzialni za zbawienie swoje \u2013 i innych! Dlatego nie mo\u017cemy milcze\u0107, widz\u0105c u innych z\u0142o, nie mo\u017cemy zwalnia\u0107 si\u0119 z konieczno\u015bci modlitwy za innych, ale te\u017c&nbsp;<b>skierowania do nich dobrej rady, a nawet \u2013 koniecznego upomnienia.<\/b>&nbsp;Nie tyle ostrym s\u0142owem, czy krzykiem, ale rzeczowymi argumentami, wynikaj\u0105cymi z naszego&nbsp;<b>g\u0142\u0119bokiego \u017cycia duchowego,<\/b>&nbsp;modlitwy i ci\u0105gle pomna\u017canej wiedzy religijnej.<\/div>\n<div class=\"MsoNormal\" style=\"font-family: 'Times New Roman'; margin-bottom: 0px; margin-left: 0px; margin-right: 0px; margin-top: 0.4em; text-align: justify; text-indent: 35.4pt;\"><b>Mo\u017ce zatem tegoroczny Adwent b\u0119dzie dla mnie okazj\u0105 do podj\u0119cia refleksji nad tym, jak w praktyce realizuj\u0119 moj\u0105 odpowiedzialno\u015b\u0107 za zbawienie innych!<\/b><\/div>\n<div class=\"MsoNormal\" style=\"font-family: 'Times New Roman'; margin-bottom: 0px; margin-left: 0px; margin-right: 0px; margin-top: 0.4em; text-align: justify; text-indent: 35.4pt;\">Niech pomoc\u0105 w tym b\u0119dzie teraz odpowied\u017a na takie oto pytania:<\/div>\n<ul style=\"font-family: 'Times New Roman'; margin-top: 0cm;\" type=\"disc\">\n<li class=\"MsoNormal\" style=\"text-align: justify;\">Czy mam \u015bwiadomo\u015b\u0107, \u017ce moja postawa jest dla innych punktem odniesienia i dlatego musz\u0119 o ni\u0105 dba\u0107?<\/li>\n<li class=\"MsoNormal\" style=\"text-align: justify;\">Czy reaguj\u0119 na z\u0142o w postawie moich bliskich, czy wycofuj\u0119 si\u0119, t\u0142umacz\u0105c to tym, \u017ce nie wolno mi si\u0119 wtr\u0105ca\u0107?<\/li>\n<li class=\"MsoNormal\" style=\"text-align: justify;\">W jaki spos\u00f3b \u2013 jakimi s\u0142owami \u2013 wypowiadam swoje uwagi lub przekonuj\u0119 innych do wiary?<\/li>\n<\/ul>\n<div class=\"MsoNormal\" style=\"font-family: 'Times New Roman'; margin-bottom: 0px; margin-left: 0px; margin-right: 0px; margin-top: 0.4em; text-align: justify;\">\n<\/div>\n<div class=\"MsoNormal\" style=\"font-family: 'Times New Roman'; margin-bottom: 0px; margin-left: 0px; margin-right: 0px; margin-top: 0.4em; text-align: justify; text-indent: 18pt;\"><b><i>Tak te\u017c nie jest wol\u0105 Ojca waszego, kt\u00f3ry jest w Niebie, \u017ceby zgin\u0119\u0142o jedno z tych ma\u0142ych<\/i><\/b><b>\u2026<\/b><\/div>\n<div><b><br \/>\n<\/b><\/div>\n","protected":false},"excerpt":{"rendered":"<p>Serdecznie witam i pozdrawiam! Dzi\u0119kuj\u0119 za odwiedziny na blogu. Codziennie zagl\u0105da kilkadziesi\u0105t, a w weekend &#8211; sto kilkadziesi\u0105t os\u00f3b. Ogromnie jestem za to wdzi\u0119czny. Dzi\u0119kuj\u0119 r\u00f3wnie\u017c za komentarze, prosz\u0105c o nast\u0119pne. Wspieram Was codziennie modlitw\u0105 i \u017cycz\u0119 dobrego dnia, polecaj\u0105c dzisiaj Waszej uwadze \u015bwiadectwo \u017cycia \u015awi\u0119tego Biskupa Ambro\u017cego, kt\u00f3ry Biskupem zosta\u0142&#8230; przez przypadek! O ile [&hellip;]<\/p>\n","protected":false},"author":1,"featured_media":0,"comment_status":"open","ping_status":"open","sticky":false,"template":"","format":"standard","meta":{"jetpack_post_was_ever_published":false,"_jetpack_newsletter_access":"","_jetpack_dont_email_post_to_subs":false,"_jetpack_newsletter_tier_id":0,"_jetpack_memberships_contains_paywalled_content":false,"_jetpack_memberships_contains_paid_content":false,"footnotes":""},"categories":[1],"tags":[],"class_list":["post-10018","post","type-post","status-publish","format-standard","hentry","category-bez-kategorii"],"yoast_head":"<!-- This site is optimized with the Yoast SEO plugin v25.1 - https:\/\/yoast.com\/wordpress\/plugins\/seo\/ -->\n<title>\u015awi\u0119ty Ambro\u017cy - m\u00f3dl si\u0119 za nami! - Gaudium Et Spes<\/title>\n<meta name=\"robots\" content=\"index, follow, max-snippet:-1, max-image-preview:large, max-video-preview:-1\" \/>\n<link rel=\"canonical\" href=\"https:\/\/gaudiumetspes-blog.pl\/index.php\/2010\/12\/07\/swiety-ambrozy-modl-sie-za-nami\/\" \/>\n<meta property=\"og:locale\" content=\"pl_PL\" \/>\n<meta property=\"og:type\" content=\"article\" \/>\n<meta property=\"og:title\" content=\"\u015awi\u0119ty Ambro\u017cy - m\u00f3dl si\u0119 za nami! - Gaudium Et Spes\" \/>\n<meta property=\"og:description\" content=\"Serdecznie witam i pozdrawiam! Dzi\u0119kuj\u0119 za odwiedziny na blogu. Codziennie zagl\u0105da kilkadziesi\u0105t, a w weekend &#8211; sto kilkadziesi\u0105t os\u00f3b. Ogromnie jestem za to wdzi\u0119czny. Dzi\u0119kuj\u0119 r\u00f3wnie\u017c za komentarze, prosz\u0105c o nast\u0119pne. Wspieram Was codziennie modlitw\u0105 i \u017cycz\u0119 dobrego dnia, polecaj\u0105c dzisiaj Waszej uwadze \u015bwiadectwo \u017cycia \u015awi\u0119tego Biskupa Ambro\u017cego, kt\u00f3ry Biskupem zosta\u0142&#8230; przez przypadek! O ile [&hellip;]\" \/>\n<meta property=\"og:url\" content=\"https:\/\/gaudiumetspes-blog.pl\/index.php\/2010\/12\/07\/swiety-ambrozy-modl-sie-za-nami\/\" \/>\n<meta property=\"og:site_name\" content=\"Gaudium Et Spes\" \/>\n<meta property=\"article:published_time\" content=\"2010-12-07T09:51:00+00:00\" \/>\n<meta property=\"article:modified_time\" content=\"2019-07-31T10:51:55+00:00\" \/>\n<meta name=\"author\" content=\"Ks. Jacek\" \/>\n<meta name=\"twitter:card\" content=\"summary_large_image\" \/>\n<meta name=\"twitter:label1\" content=\"Napisane przez\" \/>\n\t<meta name=\"twitter:data1\" content=\"Ks. Jacek\" \/>\n\t<meta name=\"twitter:label2\" content=\"Szacowany czas czytania\" \/>\n\t<meta name=\"twitter:data2\" content=\"8 minut\" \/>\n<script type=\"application\/ld+json\" class=\"yoast-schema-graph\">{\"@context\":\"https:\/\/schema.org\",\"@graph\":[{\"@type\":\"WebPage\",\"@id\":\"https:\/\/gaudiumetspes-blog.pl\/index.php\/2010\/12\/07\/swiety-ambrozy-modl-sie-za-nami\/\",\"url\":\"https:\/\/gaudiumetspes-blog.pl\/index.php\/2010\/12\/07\/swiety-ambrozy-modl-sie-za-nami\/\",\"name\":\"\u015awi\u0119ty Ambro\u017cy - m\u00f3dl si\u0119 za nami! - Gaudium Et Spes\",\"isPartOf\":{\"@id\":\"https:\/\/gaudiumetspes-blog.pl\/#website\"},\"datePublished\":\"2010-12-07T09:51:00+00:00\",\"dateModified\":\"2019-07-31T10:51:55+00:00\",\"author\":{\"@id\":\"https:\/\/gaudiumetspes-blog.pl\/#\/schema\/person\/1661982992b752dea8dff0d4ed845a65\"},\"breadcrumb\":{\"@id\":\"https:\/\/gaudiumetspes-blog.pl\/index.php\/2010\/12\/07\/swiety-ambrozy-modl-sie-za-nami\/#breadcrumb\"},\"inLanguage\":\"pl-PL\",\"potentialAction\":[{\"@type\":\"ReadAction\",\"target\":[\"https:\/\/gaudiumetspes-blog.pl\/index.php\/2010\/12\/07\/swiety-ambrozy-modl-sie-za-nami\/\"]}]},{\"@type\":\"BreadcrumbList\",\"@id\":\"https:\/\/gaudiumetspes-blog.pl\/index.php\/2010\/12\/07\/swiety-ambrozy-modl-sie-za-nami\/#breadcrumb\",\"itemListElement\":[{\"@type\":\"ListItem\",\"position\":1,\"name\":\"Strona g\u0142\u00f3wna\",\"item\":\"https:\/\/gaudiumetspes-blog.pl\/\"},{\"@type\":\"ListItem\",\"position\":2,\"name\":\"\u015awi\u0119ty Ambro\u017cy &#8211; m\u00f3dl si\u0119 za&nbsp;nami!\"}]},{\"@type\":\"WebSite\",\"@id\":\"https:\/\/gaudiumetspes-blog.pl\/#website\",\"url\":\"https:\/\/gaudiumetspes-blog.pl\/\",\"name\":\"Gaudium Et Spes\",\"description\":\"Blog Ks. Jacka Ja\u015bkowskiego\",\"potentialAction\":[{\"@type\":\"SearchAction\",\"target\":{\"@type\":\"EntryPoint\",\"urlTemplate\":\"https:\/\/gaudiumetspes-blog.pl\/?s={search_term_string}\"},\"query-input\":{\"@type\":\"PropertyValueSpecification\",\"valueRequired\":true,\"valueName\":\"search_term_string\"}}],\"inLanguage\":\"pl-PL\"},{\"@type\":\"Person\",\"@id\":\"https:\/\/gaudiumetspes-blog.pl\/#\/schema\/person\/1661982992b752dea8dff0d4ed845a65\",\"name\":\"Ks. Jacek\",\"image\":{\"@type\":\"ImageObject\",\"inLanguage\":\"pl-PL\",\"@id\":\"https:\/\/gaudiumetspes-blog.pl\/#\/schema\/person\/image\/\",\"url\":\"https:\/\/gaudiumetspes-blog.pl\/wp-content\/uploads\/2019\/07\/avatar-JJ-150x150.jpg\",\"contentUrl\":\"https:\/\/gaudiumetspes-blog.pl\/wp-content\/uploads\/2019\/07\/avatar-JJ-150x150.jpg\",\"caption\":\"Ks. Jacek\"},\"description\":\"Witam serdecznie! K\u0142ania si\u0119 Ks. Jacek Ja\u015bkowski. Nie jestem ani kim\u015b wa\u017cnym, ani kim\u015b znanym. Jestem ksi\u0119dzem, kt\u00f3ry po prostu chce rozmawia\u0107. Codzienna kap\u0142a\u0144ska pos\u0142uga pokazuje mi, \u017ce temat\u00f3w do rozm\u00f3w z ksi\u0119dzem jest coraz wi\u0119cej i dzisiaj \u017caden ksi\u0105dz nie mo\u017ce od nich ucieka\u0107, ale - wprost przeciwnie - podejmowa\u0107 nowe wyzwania. To przekonanie sk\u0142oni\u0142o mnie do pr\u00f3by otwarcia tego\u017c bloga, chocia\u017c okazji do rozm\u00f3w na co dzie\u0144 - w konfesjonale i poza nim - na szcz\u0119\u015bcie nie brakuje. My\u015bl\u0119 jednak, \u017ce ten blog b\u0119dzie jeszcze jednym sposobem i przestrzeni\u0105 nawi\u0105zania kontaktu z lud\u017ami dobrej woli, otwartymi na dialog.\",\"url\":\"https:\/\/gaudiumetspes-blog.pl\/index.php\/author\/ks-jacek\/\"}]}<\/script>\n<!-- \/ Yoast SEO plugin. -->","yoast_head_json":{"title":"\u015awi\u0119ty Ambro\u017cy - m\u00f3dl si\u0119 za nami! - Gaudium Et Spes","robots":{"index":"index","follow":"follow","max-snippet":"max-snippet:-1","max-image-preview":"max-image-preview:large","max-video-preview":"max-video-preview:-1"},"canonical":"https:\/\/gaudiumetspes-blog.pl\/index.php\/2010\/12\/07\/swiety-ambrozy-modl-sie-za-nami\/","og_locale":"pl_PL","og_type":"article","og_title":"\u015awi\u0119ty Ambro\u017cy - m\u00f3dl si\u0119 za nami! - Gaudium Et Spes","og_description":"Serdecznie witam i pozdrawiam! Dzi\u0119kuj\u0119 za odwiedziny na blogu. Codziennie zagl\u0105da kilkadziesi\u0105t, a w weekend &#8211; sto kilkadziesi\u0105t os\u00f3b. Ogromnie jestem za to wdzi\u0119czny. Dzi\u0119kuj\u0119 r\u00f3wnie\u017c za komentarze, prosz\u0105c o nast\u0119pne. Wspieram Was codziennie modlitw\u0105 i \u017cycz\u0119 dobrego dnia, polecaj\u0105c dzisiaj Waszej uwadze \u015bwiadectwo \u017cycia \u015awi\u0119tego Biskupa Ambro\u017cego, kt\u00f3ry Biskupem zosta\u0142&#8230; przez przypadek! O ile [&hellip;]","og_url":"https:\/\/gaudiumetspes-blog.pl\/index.php\/2010\/12\/07\/swiety-ambrozy-modl-sie-za-nami\/","og_site_name":"Gaudium Et Spes","article_published_time":"2010-12-07T09:51:00+00:00","article_modified_time":"2019-07-31T10:51:55+00:00","author":"Ks. Jacek","twitter_card":"summary_large_image","twitter_misc":{"Napisane przez":"Ks. Jacek","Szacowany czas czytania":"8 minut"},"schema":{"@context":"https:\/\/schema.org","@graph":[{"@type":"WebPage","@id":"https:\/\/gaudiumetspes-blog.pl\/index.php\/2010\/12\/07\/swiety-ambrozy-modl-sie-za-nami\/","url":"https:\/\/gaudiumetspes-blog.pl\/index.php\/2010\/12\/07\/swiety-ambrozy-modl-sie-za-nami\/","name":"\u015awi\u0119ty Ambro\u017cy - m\u00f3dl si\u0119 za nami! - Gaudium Et Spes","isPartOf":{"@id":"https:\/\/gaudiumetspes-blog.pl\/#website"},"datePublished":"2010-12-07T09:51:00+00:00","dateModified":"2019-07-31T10:51:55+00:00","author":{"@id":"https:\/\/gaudiumetspes-blog.pl\/#\/schema\/person\/1661982992b752dea8dff0d4ed845a65"},"breadcrumb":{"@id":"https:\/\/gaudiumetspes-blog.pl\/index.php\/2010\/12\/07\/swiety-ambrozy-modl-sie-za-nami\/#breadcrumb"},"inLanguage":"pl-PL","potentialAction":[{"@type":"ReadAction","target":["https:\/\/gaudiumetspes-blog.pl\/index.php\/2010\/12\/07\/swiety-ambrozy-modl-sie-za-nami\/"]}]},{"@type":"BreadcrumbList","@id":"https:\/\/gaudiumetspes-blog.pl\/index.php\/2010\/12\/07\/swiety-ambrozy-modl-sie-za-nami\/#breadcrumb","itemListElement":[{"@type":"ListItem","position":1,"name":"Strona g\u0142\u00f3wna","item":"https:\/\/gaudiumetspes-blog.pl\/"},{"@type":"ListItem","position":2,"name":"\u015awi\u0119ty Ambro\u017cy &#8211; m\u00f3dl si\u0119 za&nbsp;nami!"}]},{"@type":"WebSite","@id":"https:\/\/gaudiumetspes-blog.pl\/#website","url":"https:\/\/gaudiumetspes-blog.pl\/","name":"Gaudium Et Spes","description":"Blog Ks. Jacka Ja\u015bkowskiego","potentialAction":[{"@type":"SearchAction","target":{"@type":"EntryPoint","urlTemplate":"https:\/\/gaudiumetspes-blog.pl\/?s={search_term_string}"},"query-input":{"@type":"PropertyValueSpecification","valueRequired":true,"valueName":"search_term_string"}}],"inLanguage":"pl-PL"},{"@type":"Person","@id":"https:\/\/gaudiumetspes-blog.pl\/#\/schema\/person\/1661982992b752dea8dff0d4ed845a65","name":"Ks. Jacek","image":{"@type":"ImageObject","inLanguage":"pl-PL","@id":"https:\/\/gaudiumetspes-blog.pl\/#\/schema\/person\/image\/","url":"https:\/\/gaudiumetspes-blog.pl\/wp-content\/uploads\/2019\/07\/avatar-JJ-150x150.jpg","contentUrl":"https:\/\/gaudiumetspes-blog.pl\/wp-content\/uploads\/2019\/07\/avatar-JJ-150x150.jpg","caption":"Ks. Jacek"},"description":"Witam serdecznie! K\u0142ania si\u0119 Ks. Jacek Ja\u015bkowski. Nie jestem ani kim\u015b wa\u017cnym, ani kim\u015b znanym. Jestem ksi\u0119dzem, kt\u00f3ry po prostu chce rozmawia\u0107. Codzienna kap\u0142a\u0144ska pos\u0142uga pokazuje mi, \u017ce temat\u00f3w do rozm\u00f3w z ksi\u0119dzem jest coraz wi\u0119cej i dzisiaj \u017caden ksi\u0105dz nie mo\u017ce od nich ucieka\u0107, ale - wprost przeciwnie - podejmowa\u0107 nowe wyzwania. To przekonanie sk\u0142oni\u0142o mnie do pr\u00f3by otwarcia tego\u017c bloga, chocia\u017c okazji do rozm\u00f3w na co dzie\u0144 - w konfesjonale i poza nim - na szcz\u0119\u015bcie nie brakuje. My\u015bl\u0119 jednak, \u017ce ten blog b\u0119dzie jeszcze jednym sposobem i przestrzeni\u0105 nawi\u0105zania kontaktu z lud\u017ami dobrej woli, otwartymi na dialog.","url":"https:\/\/gaudiumetspes-blog.pl\/index.php\/author\/ks-jacek\/"}]}},"jetpack_featured_media_url":"","jetpack_sharing_enabled":true,"_links":{"self":[{"href":"https:\/\/gaudiumetspes-blog.pl\/index.php\/wp-json\/wp\/v2\/posts\/10018","targetHints":{"allow":["GET"]}}],"collection":[{"href":"https:\/\/gaudiumetspes-blog.pl\/index.php\/wp-json\/wp\/v2\/posts"}],"about":[{"href":"https:\/\/gaudiumetspes-blog.pl\/index.php\/wp-json\/wp\/v2\/types\/post"}],"author":[{"embeddable":true,"href":"https:\/\/gaudiumetspes-blog.pl\/index.php\/wp-json\/wp\/v2\/users\/1"}],"replies":[{"embeddable":true,"href":"https:\/\/gaudiumetspes-blog.pl\/index.php\/wp-json\/wp\/v2\/comments?post=10018"}],"version-history":[{"count":1,"href":"https:\/\/gaudiumetspes-blog.pl\/index.php\/wp-json\/wp\/v2\/posts\/10018\/revisions"}],"predecessor-version":[{"id":10065,"href":"https:\/\/gaudiumetspes-blog.pl\/index.php\/wp-json\/wp\/v2\/posts\/10018\/revisions\/10065"}],"wp:attachment":[{"href":"https:\/\/gaudiumetspes-blog.pl\/index.php\/wp-json\/wp\/v2\/media?parent=10018"}],"wp:term":[{"taxonomy":"category","embeddable":true,"href":"https:\/\/gaudiumetspes-blog.pl\/index.php\/wp-json\/wp\/v2\/categories?post=10018"},{"taxonomy":"post_tag","embeddable":true,"href":"https:\/\/gaudiumetspes-blog.pl\/index.php\/wp-json\/wp\/v2\/tags?post=10018"}],"curies":[{"name":"wp","href":"https:\/\/api.w.org\/{rel}","templated":true}]}}