{"id":10019,"date":"2010-12-06T10:51:00","date_gmt":"2010-12-06T09:51:00","guid":{"rendered":"https:\/\/gaudiumetspes-blog.pl\/index.php\/2010\/12\/06\/pozdrawiam-mikoajkowo\/"},"modified":"2019-07-31T12:51:55","modified_gmt":"2019-07-31T10:51:55","slug":"pozdrawiam-mikoajkowo","status":"publish","type":"post","link":"https:\/\/gaudiumetspes-blog.pl\/index.php\/2010\/12\/06\/pozdrawiam-mikoajkowo\/","title":{"rendered":"Pozdrawiam miko\u0142ajkowo!"},"content":{"rendered":"<p>Witam w dniu wspomnienia \u015awi\u0119tego Miko\u0142aja! Nie zapomnijmy w dniu tego dobrego Biskupa obdarowa\u0107 si\u0119 nawzajem chocia\u017cby u\u015bmiechem lub \u017cyczliwym s\u0142owem!&nbsp;<br style=\"font-family: 'Times New Roman';\" \/>A ja dzisiaj chcia\u0142bym&nbsp; podzieli\u0107 si\u0119 rado\u015bci\u0105 z wczorajszego spotkania Student\u00f3w. By\u0142o a\u017c (!) trzy osoby. Wiem, \u017ce wydawa\u0107 si\u0119 mo\u017ce, \u017ce to ma\u0142o. Ale ja bardzo si\u0119 ciesz\u0119 z atmosfery rozmowy, kt\u00f3r\u0105 uda\u0142o si\u0119 nam przeprowadzi\u0107 i serdecznie dzi\u0119kuj\u0119 Magdzie, Aldonie i Arturowi za przybycie i gotowo\u015b\u0107 wsp\u00f3\u0142tworzenia tego dobra, jakim &#8211; mamy nadziej\u0119 &#8211; b\u0119d\u0105 systematyczne spotkania studenckie. Wszyscy razem zapraszamy Was, Kochani, szczeg\u00f3lnie studiuj\u0105cych (chocia\u017c nie tylko!) na kolejne spotkanie w przysz\u0142\u0105 niedziel\u0119, 12 grudnia, o godz. 19.00, do Sanktuarium O. Pio na Goc\u0142awiu. Wsp\u00f3lnie ustalamy formu\u0142\u0119 tych spotka\u0144. Dlatego dobrze by\u0142oby, aby\u015bcie wyrazili w tej sprawie swoje zdanie.&nbsp;<br style=\"font-family: 'Times New Roman';\" \/>I druga sprawa: odpowiadaj\u0105c na pytania, gdzie mo\u017cna znale\u017a\u0107 homili\u0119 Ks. Pu\u0142kownika S\u0142awomira \u017barskiego, o kt\u00f3rej pisa\u0142em w sobot\u0119, to proponuj\u0119 wpisa\u0107 w wyszukiwarce &#8222;Homilia Ks. S\u0142awomira \u017barskiego&#8221;, a wtedy \u0142atwo znajdzie si\u0119 i tekst samej homilii, i wiele komentarzy na ten temat. Warto si\u0119 z tym zapozna\u0107 i raz jeszcze odpowiedzie\u0107 sobie, w jakim kraju \u017cyjemy? Okazj\u0105 do spotkania z Ksi\u0119dzem Pu\u0142kownikiem b\u0119d\u0105 wspomniane ju\u017c rekolekcje adwentowe w Parafii O. Pio w dniach 19 &#8211; 21 grudnia. Zapraszam w imieniu Ksi\u0119dza Proboszcza i swoim.&nbsp;<br style=\"font-family: 'Times New Roman';\" \/>I wreszcie trzecia sprawa: Dzi\u0119kuj\u0119 za wsparcie Ko\u015bcio\u0142a na Wschodzie! Moi Drodzy, nie ustawajcie w modlitwie, bo tej najbardziej tam potrzeba. A i z\u0142ot\u00f3wk\u0105, dan\u0105 od serca, te\u017c nie pogardz\u0105&#8230; Dzi\u0119kuj\u0119 Wam raz jeszcze.&nbsp;<br style=\"font-family: 'Times New Roman';\" \/>A tak w og\u00f3le &#8211; pami\u0119tam o Was modlitw\u0105 i t\u0105 drog\u0105, w dniu wspomnienia \u015awi\u0119tego Miko\u0142aja, przesy\u0142am Wam moj\u0105 \u017cyczliwo\u015b\u0107, modlitw\u0119 i b\u0142ogos\u0142awie\u0144stwo. Gaudium et spes! Ks. Jacek&nbsp;<\/p>\n<div class=\"MsoNormal\" style=\"font-family: 'Times New Roman'; margin-bottom: 0px; margin-left: 0px; margin-right: 0px; margin-top: 0.4em; text-align: justify;\"><b>Poniedzia\u0142ek 2 tygodnia Adwentu,<\/b><\/div>\n<div class=\"MsoNormal\" style=\"font-family: 'Times New Roman'; margin-bottom: 0px; margin-left: 0px; margin-right: 0px; margin-top: 0.4em; text-align: justify;\"><b>do czyta\u0144: Iz 35,1\u201310; \u0141k5,17\u201326<\/b><\/div>\n<div class=\"MsoNormal\" style=\"font-family: 'Times New Roman'; margin-bottom: 0px; margin-left: 0px; margin-right: 0px; margin-top: 0.4em; text-align: justify;\">\n<\/div>\n<div class=\"MsoNormal\" style=\"font-family: 'Times New Roman'; margin-bottom: 0px; margin-left: 0px; margin-right: 0px; margin-top: 0.4em; text-align: justify; text-indent: 35.4pt;\">W Starym Testamencie&nbsp;<b>zwi\u0105zek mi\u0119dzy chorob\u0105 a grzechem, zdrowiem a przyja\u017ani\u0105 z Bogiem<\/b>&nbsp;<b>by\u0142 tak silny,<\/b>&nbsp;\u017ce poj\u0119cia \u201eprzebaczenie\u201d i \u201euzdrowienie\u201d traktowano zamiennie. Zauwa\u017camy jednak, \u017ce opisany w Ewangelii m\u0119\u017cczyzna&nbsp;<b>nie wstaje w momencie, kiedy Jezus przebaczy\u0142 mu grzechy,<\/b>&nbsp;tylko kiedy potem, po odpuszczeniu grzech\u00f3w, wyra\u017anie nakaza\u0142 mu wsta\u0107 z \u0142o\u017ca. Przebaczenie grzech\u00f3w jest warunkiem do pe\u0142nego, tak\u017ce fizycznego uzdrowienia cz\u0142owieka,&nbsp;<b>ale Jezus dokonuje niejako odr\u0119bnie jednego i drugiego.<\/b><\/div>\n<div class=\"MsoNormal\" style=\"font-family: 'Times New Roman'; margin-bottom: 0px; margin-left: 0px; margin-right: 0px; margin-top: 0.4em; text-align: justify; text-indent: 35.4pt;\">Albo mo\u017ce jeszcze inaczej:&nbsp;<b>uzdrowienie fizyczne sta\u0142o si\u0119 niejako potwierdzeniem uzdrowienia duchowego,<\/b>&nbsp;uwolnienia z grzech\u00f3w. Jezus widzi bowiem, \u017ce Jego stwierdzenie o odpuszczeniu grzech\u00f3w wywo\u0142uje jak\u0105\u015b dziwn\u0105 reakcj\u0119 faryzeusz\u00f3w. I dlatego pyta:&nbsp;<b><i>C\u00f3\u017c jest \u0142atwiej powiedzie\u0107:<\/i><\/b><i>&nbsp;\u201eOdpuszczaj\u0105 ci si\u0119 twoje grzechy\u201d, czy powiedzie\u0107: \u201eWsta\u0144 i chod\u017a\u201d?<\/i><\/div>\n<div class=\"MsoNormal\" style=\"font-family: 'Times New Roman'; margin-bottom: 0px; margin-left: 0px; margin-right: 0px; margin-top: 0.4em; text-align: justify; text-indent: 35.4pt;\">Oczywi\u015bcie,&nbsp;<b>powiedzie\u0107 to jest \u0142atwo tak jedno, jak i drugie.<\/b>&nbsp;Ale dokona\u0107 tak jednego, jak i drugiego \u2013 to ju\u017c nie jest \u0142atwo i nie ka\u017cdy mo\u017ce to uczyni\u0107. Zatem, \u017ceby przewrotni faryzeusze&nbsp;<b>nie my\u015bleli, \u017ce Jezus uzurpuje sobie prawo odpuszczania grzech\u00f3w,&nbsp;<\/b>nie maj\u0105c w rzeczywisto\u015bci takiej mocy \u2013 dokonuje na ich oczach uzdrowienia fizycznego, jasno pokazuj\u0105c w ten spos\u00f3b, \u017ce je\u017celi m\u00f3g\u0142 dokona\u0107 tego w\u0142a\u015bnie zewn\u0119trznego znaku,&nbsp;<b>to i ten wewn\u0119trzny te\u017c si\u0119 dokona\u0142, chocia\u017c jest niewidoczny dla oczu<\/b>&nbsp;i wielu przewrotnych przeciwnik\u00f3w mo\u017ce przekonywa\u0107, \u017ce tak naprawd\u0119 nic si\u0119 nie dokona\u0142o.&nbsp;<\/div>\n<div class=\"MsoNormal\" style=\"font-family: 'Times New Roman'; margin-bottom: 0px; margin-left: 0px; margin-right: 0px; margin-top: 0.4em; text-align: justify; text-indent: 35.4pt;\">Je\u017celi kto\u015b ma w\u0142adz\u0119 podnie\u015b\u0107 cz\u0142owieka z parali\u017cu, to mo\u017cna<b>chocia\u017cby domy\u015bla\u0107 si\u0119, \u017ce ma w\u0142adz\u0119 odpu\u015bci\u0107 grzechy,<\/b>&nbsp;uzdrowi\u0107 duchowo. Naturalnie, wiemy dobrze, \u017ce dla ludzkiej przewrotno\u015bci nawet i tego by\u0142o za ma\u0142o \u2013 wiemy, \u017ce uczeni w Pi\u015bmie i faryzeusze&nbsp;<b>pozostali przy swoim my\u015bleniu,<\/b>&nbsp;chocia\u017c na ich oczach dokonywa\u0142y si\u0119 tak niezwyk\u0142e rzeczy. Ale o czym tu m\u00f3wi\u0107, je\u017celi&nbsp;<b>nawet najwi\u0119kszy cud, Zmartwychwstanie, pr\u00f3bowali oni t\u0142umaczy\u0107<\/b>&nbsp;<b>tym, \u017ce to uczniowie Jezusa wykradli Jego cia\u0142o z grobu.<\/b><\/div>\n<div class=\"MsoNormal\" style=\"font-family: 'Times New Roman'; margin-bottom: 0px; margin-left: 0px; margin-right: 0px; margin-top: 0.4em; text-align: justify; text-indent: 35.4pt;\">Tak wi\u0119c na przewrotno\u015b\u0107 i zacietrzewienie cz\u0142owieka trudno znale\u017a\u0107 lekarstwo, chyba \u017ce nast\u0105pi jaki\u015b&nbsp;<b>mocny wstrz\u0105s wewn\u0119trzny,<\/b>&nbsp;a wtedy do cz\u0142owieka mo\u017ce co\u015b dotrze. Dzisiaj widzimy, \u017ce nawet cud uzdrowienia \u2013 jak i wiele innych \u2013 takiego wstrz\u0105su w zatwardzia\u0142ych sercach nie stanowi\u0142.<\/div>\n<div class=\"MsoNormal\" style=\"font-family: 'Times New Roman'; margin-bottom: 0px; margin-left: 0px; margin-right: 0px; margin-top: 0.4em; text-align: justify; text-indent: 35.4pt;\">Jak\u017ce inaczej na tym tle wygl\u0105da postawa prostych ludzi. Najpierw ci, kt\u00f3rzy nie\u015bli chorego na \u0142o\u017cu&nbsp;<b>zachwycaj\u0105 nas swoj\u0105 prostolinijno\u015bci\u0105, a jednocze\u015bnie pomys\u0142owo\u015bci\u0105 i determinacj\u0105,<\/b>&nbsp;gdy idzie o znalezienie sposobu dotarcia do Jezusa. Kiedy zobaczyli, \u017ce nie przepchn\u0105 si\u0119 przez t\u0142um,&nbsp;<b>weszli na dach i tamt\u0119dy spu\u015bcili nosze z chorym.<\/b>&nbsp;Jakie\u017c musia\u0142o by\u0107 zdumienie wszystkich otaczaj\u0105cych Jezusa w tym momencie! A pewnie i samego Jezusa tak\u017ce.<\/div>\n<div class=\"MsoNormal\" style=\"font-family: 'Times New Roman'; margin-bottom: 0px; margin-left: 0px; margin-right: 0px; margin-top: 0.4em; text-align: justify; text-indent: 35.4pt;\">Ale to jest w\u0142a\u015bnie&nbsp;<b>\u015bwiadectwo wielkiej wiary i jakie\u015b wielkiej prostoty serca.<\/b>&nbsp;Cechuje ona ludzi dobrych, szczerych, wolnych od ob\u0142udy i wyg\u00f3rowanego mniemania osobie; ludzi otwartych na dzia\u0142anie Bo\u017ce, gotowych podda\u0107 si\u0119 temu\u017c dzia\u0142aniu; ludzi, kt\u00f3rych sta\u0107 na taki prosto z serca p\u0142yn\u0105cy okrzyk:&nbsp;<b><i>Przedziwne rzeczy widzieli\u015bmy dzisiaj<\/i>!<\/b>&nbsp;\u2013 jak zawo\u0142ali wszyscy (poza faryzeuszami!) uczestnicy opisywanego wydarzenia. Tylko tacy ludzie, otwarci na cuda Jezusa,&nbsp;<b>mog\u0105 przemienia\u0107 oblicze ziemi!<\/b>&nbsp;<\/div>\n<div class=\"MsoNormal\" style=\"font-family: 'Times New Roman'; margin-bottom: 0px; margin-left: 0px; margin-right: 0px; margin-top: 0.4em; text-align: justify; text-indent: 35.4pt;\">Zapowied\u017a owej odmienionej ziemi odnajdujemy dzi\u015b w pierwszym czytaniu, z Proroctwa Izajasza. Pokazuj\u0105c obraz pustyni rodz\u0105cej kwiaty i rozkwitaj\u0105cego stepu, po\u0142\u0105czony z obrazem pi\u0119knej harmonii istniej\u0105cej pomi\u0119dzy lud\u017ami, Prorok zapowiada nie tyle historyczne wyzwolenie z niewoli babilo\u0144skiej,&nbsp;<b>ile ostateczn\u0105 przemian\u0119 ziemi, kt\u00f3rej dokona zwyci\u0119ska moc Bo\u017ca.<\/b>&nbsp;Jest to wizja czas\u00f3w ostatecznych.<\/div>\n<div class=\"MsoNormal\" style=\"font-family: 'Times New Roman'; margin-bottom: 0px; margin-left: 0px; margin-right: 0px; margin-top: 0.4em; text-align: justify; text-indent: 35.4pt;\">Ale jej wype\u0142nienie nast\u0119puje ju\u017c teraz, dzi\u0119ki postawie ludzi otwartych na dzia\u0142anie Bo\u017ce, kt\u00f3rzy&nbsp;<b>z Bo\u017c\u0105 pomoc\u0105 w\u0142a\u015bnie na swoim odcinku i na miar\u0119 swoich mo\u017cliwo\u015bci mog\u0105 czyni\u0107 swoj\u0105 ziemi\u0119 \u2013 to \u015brodowisko, w kt\u00f3rym \u017cyj\u0105 \u2013 przedsionkiem Nieba!&nbsp;<\/b>Przestrzeni\u0105 dzia\u0142ania Jezusa. Przestrzeni\u0105 dla Jego uzdrawiaj\u0105cej mocy. Potrzeba tylko otwartego serca \u2013 serca, kt\u00f3re sta\u0107 na zachwyt tym, czego B\u00f3g tak naprawd\u0119 dokonuje. I pomys\u0142u na to, aby pomimo takich czy innych trudno\u015bci znale\u017a\u0107 \u2013 albo utorowa\u0107 sobie \u2013 drog\u0119 dotarcia do Boga.&nbsp;<b>To jest mo\u017cliwe!<\/b>&nbsp;<\/div>\n<div class=\"MsoNormal\" style=\"font-family: 'Times New Roman'; margin-bottom: 0px; margin-left: 0px; margin-right: 0px; margin-top: 0.4em; text-align: justify; text-indent: 35.4pt;\"><b>Mo\u017ce tegoroczny Adwent b\u0119dzie dla mnie okazj\u0105 do refleksji nad tym, jak\u0105 to atmosfer\u0119 wprowadzam w \u015brodowisku, w kt\u00f3rym na co dzie\u0144 \u017cyj\u0119 i pracuj\u0119!<\/b><\/div>\n<div class=\"MsoNormal\" style=\"font-family: 'Times New Roman'; margin-bottom: 0px; margin-left: 0px; margin-right: 0px; margin-top: 0.4em; text-align: justify; text-indent: 35.4pt;\">I to w tym w\u0142a\u015bnie kontek\u015bcie&nbsp; chc\u0119 odpowiedzie\u0107 sobie na pytania:<\/div>\n<ul style=\"font-family: 'Times New Roman'; margin-top: 0cm;\" type=\"disc\">\n<li class=\"MsoNormal\" style=\"text-align: justify;\">Czy wok\u00f3\u0142 siebie tworz\u0119 atmosfer\u0119 zgody, jedno\u015bci i wsp\u00f3\u0142pracy, czy zgry\u017aliwo\u015bci, podejrzliwo\u015bci i zazdro\u015bci?<\/li>\n<li class=\"MsoNormal\" style=\"text-align: justify;\">Czy inni nie obawiaj\u0105 si\u0119 spotkania ze mn\u0105?<\/li>\n<li class=\"MsoNormal\" style=\"text-align: justify;\">Czy sta\u0107 mnie na to, \u017ceby obdarowywa\u0107 innych chocia\u017cby u\u015bmiechem, najprostszym dobrym s\u0142owem?<\/li>\n<\/ul>\n<div class=\"MsoNormal\" style=\"font-family: 'Times New Roman'; margin-bottom: 0px; margin-left: 0px; margin-right: 0px; margin-top: 0.4em; text-align: justify;\">\n<\/div>\n<div class=\"MsoNormal\" style=\"font-family: 'Times New Roman'; margin-bottom: 0px; margin-left: 0px; margin-right: 0px; margin-top: 0.4em; text-align: justify; text-indent: 18pt;\"><b><i>Przedziwne rzeczy widzieli\u015bmy dzisiaj<\/i><\/b><b>!<\/b><\/div>\n<div><b><br \/>\n<\/b><\/div>\n","protected":false},"excerpt":{"rendered":"<p>Witam w dniu wspomnienia \u015awi\u0119tego Miko\u0142aja! Nie zapomnijmy w dniu tego dobrego Biskupa obdarowa\u0107 si\u0119 nawzajem chocia\u017cby u\u015bmiechem lub \u017cyczliwym s\u0142owem!&nbsp;A ja dzisiaj chcia\u0142bym&nbsp; podzieli\u0107 si\u0119 rado\u015bci\u0105 z wczorajszego spotkania Student\u00f3w. By\u0142o a\u017c (!) trzy osoby. Wiem, \u017ce wydawa\u0107 si\u0119 mo\u017ce, \u017ce to ma\u0142o. Ale ja bardzo si\u0119 ciesz\u0119 z atmosfery rozmowy, kt\u00f3r\u0105 uda\u0142o si\u0119 [&hellip;]<\/p>\n","protected":false},"author":1,"featured_media":0,"comment_status":"open","ping_status":"open","sticky":false,"template":"","format":"standard","meta":{"jetpack_post_was_ever_published":false,"_jetpack_newsletter_access":"","_jetpack_dont_email_post_to_subs":false,"_jetpack_newsletter_tier_id":0,"_jetpack_memberships_contains_paywalled_content":false,"_jetpack_memberships_contains_paid_content":false,"footnotes":""},"categories":[1],"tags":[],"class_list":["post-10019","post","type-post","status-publish","format-standard","hentry","category-bez-kategorii"],"yoast_head":"<!-- This site is optimized with the Yoast SEO plugin v25.1 - https:\/\/yoast.com\/wordpress\/plugins\/seo\/ -->\n<title>Pozdrawiam miko\u0142ajkowo! - Gaudium Et Spes<\/title>\n<meta name=\"robots\" content=\"index, follow, max-snippet:-1, max-image-preview:large, max-video-preview:-1\" \/>\n<link rel=\"canonical\" href=\"https:\/\/gaudiumetspes-blog.pl\/index.php\/2010\/12\/06\/pozdrawiam-mikoajkowo\/\" \/>\n<meta property=\"og:locale\" content=\"pl_PL\" \/>\n<meta property=\"og:type\" content=\"article\" \/>\n<meta property=\"og:title\" content=\"Pozdrawiam miko\u0142ajkowo! - Gaudium Et Spes\" \/>\n<meta property=\"og:description\" content=\"Witam w dniu wspomnienia \u015awi\u0119tego Miko\u0142aja! Nie zapomnijmy w dniu tego dobrego Biskupa obdarowa\u0107 si\u0119 nawzajem chocia\u017cby u\u015bmiechem lub \u017cyczliwym s\u0142owem!&nbsp;A ja dzisiaj chcia\u0142bym&nbsp; podzieli\u0107 si\u0119 rado\u015bci\u0105 z wczorajszego spotkania Student\u00f3w. By\u0142o a\u017c (!) trzy osoby. Wiem, \u017ce wydawa\u0107 si\u0119 mo\u017ce, \u017ce to ma\u0142o. Ale ja bardzo si\u0119 ciesz\u0119 z atmosfery rozmowy, kt\u00f3r\u0105 uda\u0142o si\u0119 [&hellip;]\" \/>\n<meta property=\"og:url\" content=\"https:\/\/gaudiumetspes-blog.pl\/index.php\/2010\/12\/06\/pozdrawiam-mikoajkowo\/\" \/>\n<meta property=\"og:site_name\" content=\"Gaudium Et Spes\" \/>\n<meta property=\"article:published_time\" content=\"2010-12-06T09:51:00+00:00\" \/>\n<meta property=\"article:modified_time\" content=\"2019-07-31T10:51:55+00:00\" \/>\n<meta name=\"author\" content=\"Ks. Jacek\" \/>\n<meta name=\"twitter:card\" content=\"summary_large_image\" \/>\n<meta name=\"twitter:label1\" content=\"Napisane przez\" \/>\n\t<meta name=\"twitter:data1\" content=\"Ks. Jacek\" \/>\n\t<meta name=\"twitter:label2\" content=\"Szacowany czas czytania\" \/>\n\t<meta name=\"twitter:data2\" content=\"6 minut\" \/>\n<script type=\"application\/ld+json\" class=\"yoast-schema-graph\">{\"@context\":\"https:\/\/schema.org\",\"@graph\":[{\"@type\":\"WebPage\",\"@id\":\"https:\/\/gaudiumetspes-blog.pl\/index.php\/2010\/12\/06\/pozdrawiam-mikoajkowo\/\",\"url\":\"https:\/\/gaudiumetspes-blog.pl\/index.php\/2010\/12\/06\/pozdrawiam-mikoajkowo\/\",\"name\":\"Pozdrawiam miko\u0142ajkowo! - Gaudium Et Spes\",\"isPartOf\":{\"@id\":\"https:\/\/gaudiumetspes-blog.pl\/#website\"},\"datePublished\":\"2010-12-06T09:51:00+00:00\",\"dateModified\":\"2019-07-31T10:51:55+00:00\",\"author\":{\"@id\":\"https:\/\/gaudiumetspes-blog.pl\/#\/schema\/person\/1661982992b752dea8dff0d4ed845a65\"},\"breadcrumb\":{\"@id\":\"https:\/\/gaudiumetspes-blog.pl\/index.php\/2010\/12\/06\/pozdrawiam-mikoajkowo\/#breadcrumb\"},\"inLanguage\":\"pl-PL\",\"potentialAction\":[{\"@type\":\"ReadAction\",\"target\":[\"https:\/\/gaudiumetspes-blog.pl\/index.php\/2010\/12\/06\/pozdrawiam-mikoajkowo\/\"]}]},{\"@type\":\"BreadcrumbList\",\"@id\":\"https:\/\/gaudiumetspes-blog.pl\/index.php\/2010\/12\/06\/pozdrawiam-mikoajkowo\/#breadcrumb\",\"itemListElement\":[{\"@type\":\"ListItem\",\"position\":1,\"name\":\"Strona g\u0142\u00f3wna\",\"item\":\"https:\/\/gaudiumetspes-blog.pl\/\"},{\"@type\":\"ListItem\",\"position\":2,\"name\":\"Pozdrawiam miko\u0142ajkowo!\"}]},{\"@type\":\"WebSite\",\"@id\":\"https:\/\/gaudiumetspes-blog.pl\/#website\",\"url\":\"https:\/\/gaudiumetspes-blog.pl\/\",\"name\":\"Gaudium Et Spes\",\"description\":\"Blog Ks. Jacka Ja\u015bkowskiego\",\"potentialAction\":[{\"@type\":\"SearchAction\",\"target\":{\"@type\":\"EntryPoint\",\"urlTemplate\":\"https:\/\/gaudiumetspes-blog.pl\/?s={search_term_string}\"},\"query-input\":{\"@type\":\"PropertyValueSpecification\",\"valueRequired\":true,\"valueName\":\"search_term_string\"}}],\"inLanguage\":\"pl-PL\"},{\"@type\":\"Person\",\"@id\":\"https:\/\/gaudiumetspes-blog.pl\/#\/schema\/person\/1661982992b752dea8dff0d4ed845a65\",\"name\":\"Ks. Jacek\",\"image\":{\"@type\":\"ImageObject\",\"inLanguage\":\"pl-PL\",\"@id\":\"https:\/\/gaudiumetspes-blog.pl\/#\/schema\/person\/image\/\",\"url\":\"https:\/\/gaudiumetspes-blog.pl\/wp-content\/uploads\/2019\/07\/avatar-JJ-150x150.jpg\",\"contentUrl\":\"https:\/\/gaudiumetspes-blog.pl\/wp-content\/uploads\/2019\/07\/avatar-JJ-150x150.jpg\",\"caption\":\"Ks. Jacek\"},\"description\":\"Witam serdecznie! K\u0142ania si\u0119 Ks. Jacek Ja\u015bkowski. Nie jestem ani kim\u015b wa\u017cnym, ani kim\u015b znanym. Jestem ksi\u0119dzem, kt\u00f3ry po prostu chce rozmawia\u0107. Codzienna kap\u0142a\u0144ska pos\u0142uga pokazuje mi, \u017ce temat\u00f3w do rozm\u00f3w z ksi\u0119dzem jest coraz wi\u0119cej i dzisiaj \u017caden ksi\u0105dz nie mo\u017ce od nich ucieka\u0107, ale - wprost przeciwnie - podejmowa\u0107 nowe wyzwania. To przekonanie sk\u0142oni\u0142o mnie do pr\u00f3by otwarcia tego\u017c bloga, chocia\u017c okazji do rozm\u00f3w na co dzie\u0144 - w konfesjonale i poza nim - na szcz\u0119\u015bcie nie brakuje. My\u015bl\u0119 jednak, \u017ce ten blog b\u0119dzie jeszcze jednym sposobem i przestrzeni\u0105 nawi\u0105zania kontaktu z lud\u017ami dobrej woli, otwartymi na dialog.\",\"url\":\"https:\/\/gaudiumetspes-blog.pl\/index.php\/author\/ks-jacek\/\"}]}<\/script>\n<!-- \/ Yoast SEO plugin. -->","yoast_head_json":{"title":"Pozdrawiam miko\u0142ajkowo! - Gaudium Et Spes","robots":{"index":"index","follow":"follow","max-snippet":"max-snippet:-1","max-image-preview":"max-image-preview:large","max-video-preview":"max-video-preview:-1"},"canonical":"https:\/\/gaudiumetspes-blog.pl\/index.php\/2010\/12\/06\/pozdrawiam-mikoajkowo\/","og_locale":"pl_PL","og_type":"article","og_title":"Pozdrawiam miko\u0142ajkowo! - Gaudium Et Spes","og_description":"Witam w dniu wspomnienia \u015awi\u0119tego Miko\u0142aja! Nie zapomnijmy w dniu tego dobrego Biskupa obdarowa\u0107 si\u0119 nawzajem chocia\u017cby u\u015bmiechem lub \u017cyczliwym s\u0142owem!&nbsp;A ja dzisiaj chcia\u0142bym&nbsp; podzieli\u0107 si\u0119 rado\u015bci\u0105 z wczorajszego spotkania Student\u00f3w. By\u0142o a\u017c (!) trzy osoby. Wiem, \u017ce wydawa\u0107 si\u0119 mo\u017ce, \u017ce to ma\u0142o. Ale ja bardzo si\u0119 ciesz\u0119 z atmosfery rozmowy, kt\u00f3r\u0105 uda\u0142o si\u0119 [&hellip;]","og_url":"https:\/\/gaudiumetspes-blog.pl\/index.php\/2010\/12\/06\/pozdrawiam-mikoajkowo\/","og_site_name":"Gaudium Et Spes","article_published_time":"2010-12-06T09:51:00+00:00","article_modified_time":"2019-07-31T10:51:55+00:00","author":"Ks. Jacek","twitter_card":"summary_large_image","twitter_misc":{"Napisane przez":"Ks. Jacek","Szacowany czas czytania":"6 minut"},"schema":{"@context":"https:\/\/schema.org","@graph":[{"@type":"WebPage","@id":"https:\/\/gaudiumetspes-blog.pl\/index.php\/2010\/12\/06\/pozdrawiam-mikoajkowo\/","url":"https:\/\/gaudiumetspes-blog.pl\/index.php\/2010\/12\/06\/pozdrawiam-mikoajkowo\/","name":"Pozdrawiam miko\u0142ajkowo! - Gaudium Et Spes","isPartOf":{"@id":"https:\/\/gaudiumetspes-blog.pl\/#website"},"datePublished":"2010-12-06T09:51:00+00:00","dateModified":"2019-07-31T10:51:55+00:00","author":{"@id":"https:\/\/gaudiumetspes-blog.pl\/#\/schema\/person\/1661982992b752dea8dff0d4ed845a65"},"breadcrumb":{"@id":"https:\/\/gaudiumetspes-blog.pl\/index.php\/2010\/12\/06\/pozdrawiam-mikoajkowo\/#breadcrumb"},"inLanguage":"pl-PL","potentialAction":[{"@type":"ReadAction","target":["https:\/\/gaudiumetspes-blog.pl\/index.php\/2010\/12\/06\/pozdrawiam-mikoajkowo\/"]}]},{"@type":"BreadcrumbList","@id":"https:\/\/gaudiumetspes-blog.pl\/index.php\/2010\/12\/06\/pozdrawiam-mikoajkowo\/#breadcrumb","itemListElement":[{"@type":"ListItem","position":1,"name":"Strona g\u0142\u00f3wna","item":"https:\/\/gaudiumetspes-blog.pl\/"},{"@type":"ListItem","position":2,"name":"Pozdrawiam miko\u0142ajkowo!"}]},{"@type":"WebSite","@id":"https:\/\/gaudiumetspes-blog.pl\/#website","url":"https:\/\/gaudiumetspes-blog.pl\/","name":"Gaudium Et Spes","description":"Blog Ks. Jacka Ja\u015bkowskiego","potentialAction":[{"@type":"SearchAction","target":{"@type":"EntryPoint","urlTemplate":"https:\/\/gaudiumetspes-blog.pl\/?s={search_term_string}"},"query-input":{"@type":"PropertyValueSpecification","valueRequired":true,"valueName":"search_term_string"}}],"inLanguage":"pl-PL"},{"@type":"Person","@id":"https:\/\/gaudiumetspes-blog.pl\/#\/schema\/person\/1661982992b752dea8dff0d4ed845a65","name":"Ks. Jacek","image":{"@type":"ImageObject","inLanguage":"pl-PL","@id":"https:\/\/gaudiumetspes-blog.pl\/#\/schema\/person\/image\/","url":"https:\/\/gaudiumetspes-blog.pl\/wp-content\/uploads\/2019\/07\/avatar-JJ-150x150.jpg","contentUrl":"https:\/\/gaudiumetspes-blog.pl\/wp-content\/uploads\/2019\/07\/avatar-JJ-150x150.jpg","caption":"Ks. Jacek"},"description":"Witam serdecznie! K\u0142ania si\u0119 Ks. Jacek Ja\u015bkowski. Nie jestem ani kim\u015b wa\u017cnym, ani kim\u015b znanym. Jestem ksi\u0119dzem, kt\u00f3ry po prostu chce rozmawia\u0107. Codzienna kap\u0142a\u0144ska pos\u0142uga pokazuje mi, \u017ce temat\u00f3w do rozm\u00f3w z ksi\u0119dzem jest coraz wi\u0119cej i dzisiaj \u017caden ksi\u0105dz nie mo\u017ce od nich ucieka\u0107, ale - wprost przeciwnie - podejmowa\u0107 nowe wyzwania. To przekonanie sk\u0142oni\u0142o mnie do pr\u00f3by otwarcia tego\u017c bloga, chocia\u017c okazji do rozm\u00f3w na co dzie\u0144 - w konfesjonale i poza nim - na szcz\u0119\u015bcie nie brakuje. My\u015bl\u0119 jednak, \u017ce ten blog b\u0119dzie jeszcze jednym sposobem i przestrzeni\u0105 nawi\u0105zania kontaktu z lud\u017ami dobrej woli, otwartymi na dialog.","url":"https:\/\/gaudiumetspes-blog.pl\/index.php\/author\/ks-jacek\/"}]}},"jetpack_featured_media_url":"","jetpack_sharing_enabled":true,"_links":{"self":[{"href":"https:\/\/gaudiumetspes-blog.pl\/index.php\/wp-json\/wp\/v2\/posts\/10019","targetHints":{"allow":["GET"]}}],"collection":[{"href":"https:\/\/gaudiumetspes-blog.pl\/index.php\/wp-json\/wp\/v2\/posts"}],"about":[{"href":"https:\/\/gaudiumetspes-blog.pl\/index.php\/wp-json\/wp\/v2\/types\/post"}],"author":[{"embeddable":true,"href":"https:\/\/gaudiumetspes-blog.pl\/index.php\/wp-json\/wp\/v2\/users\/1"}],"replies":[{"embeddable":true,"href":"https:\/\/gaudiumetspes-blog.pl\/index.php\/wp-json\/wp\/v2\/comments?post=10019"}],"version-history":[{"count":1,"href":"https:\/\/gaudiumetspes-blog.pl\/index.php\/wp-json\/wp\/v2\/posts\/10019\/revisions"}],"predecessor-version":[{"id":10064,"href":"https:\/\/gaudiumetspes-blog.pl\/index.php\/wp-json\/wp\/v2\/posts\/10019\/revisions\/10064"}],"wp:attachment":[{"href":"https:\/\/gaudiumetspes-blog.pl\/index.php\/wp-json\/wp\/v2\/media?parent=10019"}],"wp:term":[{"taxonomy":"category","embeddable":true,"href":"https:\/\/gaudiumetspes-blog.pl\/index.php\/wp-json\/wp\/v2\/categories?post=10019"},{"taxonomy":"post_tag","embeddable":true,"href":"https:\/\/gaudiumetspes-blog.pl\/index.php\/wp-json\/wp\/v2\/tags?post=10019"}],"curies":[{"name":"wp","href":"https:\/\/api.w.org\/{rel}","templated":true}]}}