{"id":10020,"date":"2010-12-05T10:50:00","date_gmt":"2010-12-05T09:50:00","guid":{"rendered":"https:\/\/gaudiumetspes-blog.pl\/index.php\/2010\/12\/05\/pomozmy-koscioowi-na-wschodzie\/"},"modified":"2019-07-31T12:51:55","modified_gmt":"2019-07-31T10:51:55","slug":"pomozmy-koscioowi-na-wschodzie","status":"publish","type":"post","link":"https:\/\/gaudiumetspes-blog.pl\/index.php\/2010\/12\/05\/pomozmy-koscioowi-na-wschodzie\/","title":{"rendered":"Pom\u00f3\u017cmy Ko\u015bcio\u0142owi na Wschodzie!"},"content":{"rendered":"<p>Witam Was, Kochani, w Drug\u0105 Niedziel\u0119 Adwentu! Niesie ona ze sob\u0105 wspania\u0142e przes\u0142anie: ka\u017cdy ma szans\u0119 zbawienia! Jezus nikogo, kto szczerze si\u0119 do Niego zwraca, nie odrzuci! W jaki\u015b szczeg\u00f3lny spos\u00f3b odnosi si\u0119 to dzisiaj do Ko\u015bcio\u0142a na Wschodzie. Dzisiaj jest dzie\u0144 wspierania duchowego i materialnego jego dzia\u0142alno\u015bci. Prosz\u0119 Was, Kochani, przede wszystkim o modlitw\u0119 w intencji Kap\u0142an\u00f3w tam pracuj\u0105cych, odbudowuj\u0105cych tam Ko\u015bci\u00f3\u0142 w tych wymiarach duchowych. Wielu z nich uda\u0142o si\u0119 tam z Polski. Polecam Waszym modlitwom tak gor\u0105co mojego Brata, Ks. Marka, pos\u0142uguj\u0105cego w Tomsku na Syberii i Jego Proboszcza, Ks. Andrzeja Duklewskiego, oraz innych bliskich mojemu sercu Kap\u0142an\u00f3w, a tak\u017ce ludzi, w\u015br\u00f3d kt\u00f3rych wszyscy oni pracuj\u0105. I prosz\u0119 o wsparcie materialne &#8211; ofiar\u0119 do puszki przed ko\u015bcio\u0142em, bo ka\u017cda z\u0142ot\u00f3wka jest tam na wag\u0119 z\u0142ota. A mo\u017ce lepiej &#8211; na wag\u0119 konkretnych dzie\u0142, kt\u00f3re trzeba tam tworzy\u0107, lub odtwarza\u0107. Wszystkim ju\u017c teraz dzi\u0119kuj\u0119 za to wsparcie, \u017cycz\u0119 b\u0142ogos\u0142awionej Niedzieli i przypominam o realizacji konkretnych postanowie\u0144 adwentowych, kt\u00f3re z pewno\u015bci\u0105 ka\u017cdy z nas ju\u017c zd\u0105\u017cy\u0142 podj\u0105\u0107 i o kt\u00f3rych codziennie pami\u0119ta. Gaudium et spes! Ks. Jacek&nbsp;<\/p>\n<div class=\"MsoNormal\" style=\"font-family: 'Times New Roman'; margin-bottom: 0px; margin-left: 0px; margin-right: 0px; margin-top: 0.4em; text-align: justify;\"><b>2 Niedziela Adwentu, A,<\/b><\/div>\n<div class=\"MsoNormal\" style=\"font-family: 'Times New Roman'; margin-bottom: 0px; margin-left: 0px; margin-right: 0px; margin-top: 0.4em; text-align: justify;\"><b>do czyta\u0144:&nbsp; Iz 11,1\u201310;&nbsp; Rz 15,4\u20139;&nbsp; Mt 3,1\u201312<\/b><\/div>\n<div class=\"MsoNormal\" style=\"font-family: 'Times New Roman'; margin-bottom: 0px; margin-left: 0px; margin-right: 0px; margin-top: 0.4em; text-align: justify;\">\n<\/div>\n<div class=\"MsoNormal\" style=\"font-family: 'Times New Roman'; margin-bottom: 0px; margin-left: 0px; margin-right: 0px; margin-top: 0.4em; text-align: justify; text-indent: 35.4pt;\">I tak oto na drogach naszej adwentowej refleksji i pracy nad sob\u0105<b>spotykamy dzisiaj Jana Chrzciciela.<\/b>&nbsp;Zreszt\u0105, od dzisiaj b\u0119dziemy spotyka\u0107 go cz\u0119\u015bciej, gdy\u017c jest on \u2013 je\u015bli tak mo\u017cna powiedzie\u0107 \u2013<b>Patronem Adwentu.<\/b>&nbsp;Ta pierwszoplanowa Posta\u0107 tamtego, historycznego Adwentu, a wi\u0119c czasu bezpo\u015brednio przygotowuj\u0105cego przyj\u015bcie Zbawiciela, jest i dla nas przewodnikiem i nauczycielem. Nauczycielem w\u0142a\u015bciwego naszego przygotowania na spotkanie z Panem.<\/div>\n<div class=\"MsoNormal\" style=\"font-family: 'Times New Roman'; margin-bottom: 0px; margin-left: 0px; margin-right: 0px; margin-top: 0.4em; text-align: justify; text-indent: 35.4pt;\">Tego nauczyciela i przewodnika&nbsp;<b>spotykamy dzi\u015b na pustyni.<\/b>Wiemy, \u017ce pustynia w Biblii ma g\u0142\u0119bokie znaczenie symboliczne. Na pustyni\u0119 udawali si\u0119 Prorocy, a i Jezusa tam widzieli\u015bmy. Tak, bo pustynia, jako miejsce odosobnione, daje mo\u017cliwo\u015b\u0107&nbsp;<b>wy\u0142\u0105czenia z biegu \u015bwiata i bezpo\u015bredniego kontaktu z Bogiem.<\/b>&nbsp;A z kolei surowo\u015b\u0107 pustyni<b>usposabia cz\u0142owieka do wyrzecze\u0144.<\/b><\/div>\n<div class=\"MsoNormal\" style=\"font-family: 'Times New Roman'; margin-bottom: 0px; margin-left: 0px; margin-right: 0px; margin-top: 0.4em; text-align: justify; text-indent: 35.4pt;\">To w\u0142a\u015bnie tam Jan Chrzciciel \u2013 swoimi twardymi i bezkompromisowymi s\u0142owami, swoim wygl\u0105dem, sposobem \u017cycia i charakterem miejsca, w kt\u00f3rym si\u0119 znajdowa\u0142 \u2013&nbsp;<b>wzywa\u0142 ludzi do nawr\u00f3cenia.<\/b>&nbsp;I okazuje si\u0119, \u017ce nawet to miejsce nie by\u0142o zbyt odleg\u0142e dla tak wielu ludzi, kt\u00f3rzy przychodzili do niego, a Mateusz m\u00f3wi nam w Ewangelii, \u017ce&nbsp;<i>ci\u0105gn\u0119\u0142y do niego Jerozolima oraz ca\u0142a Judea i ca\u0142a okolica nad Jordanem<\/i>.&nbsp;<b>Po co wszyscy oni przychodzili?<\/b>&nbsp;S\u0142yszymy w Ewangelii:<i>Przyjmowano od niego chrzest w rzece Jordanie, wyznaj\u0105c przy tym swoje grzechy<\/i>.&nbsp;<\/div>\n<div class=\"MsoNormal\" style=\"font-family: 'Times New Roman'; margin-bottom: 0px; margin-left: 0px; margin-right: 0px; margin-top: 0.4em; text-align: justify; text-indent: 35.4pt;\">Ale uwaga! Niema\u0142e zaskoczenie! Do chrztu przychodzi\u0142o&nbsp;<b>tak\u017ce wielu spo\u015br\u00f3d faryzeusz\u00f3w i saduceusz\u00f3w.<\/b>&nbsp;I jak na nich reagowa\u0142 Jan Chrzciciel? Znamienne \u2013 wcale nie czu\u0142 si\u0119 zaszczycony tym, \u017ce tak wielcy dostojnicy judaizmu raczyli skierowa\u0107 swe \u201e\u015bwi\u0105tobliwe\u201d kroki ku jego nisko\u015bci, tylko \u2013 m\u00f3wi\u0105c kolokwialnie\u2013 \u201eprosto z mostu\u201d krzycza\u0142 do nich:&nbsp;<b><i>Plemi\u0119 \u017cmijowe, kto wam pokaza\u0142, jak uciec przed nadchodz\u0105cym gniewem? Wydajcie wi\u0119c godne owoce nawr\u00f3cenia,<\/i><\/b><i>&nbsp;a nie my\u015blcie, \u017ce mo\u017cecie sobie m\u00f3wi\u0107 : \u201eAbrahama mamy za ojca\u201d, bo powiadam wam, \u017ce z tych kamieni<\/i>&nbsp;<i>mo\u017ce B\u00f3g wzbudzi\u0107 dzieci Abrahamowi<\/i>. I dalej m\u00f3wi\u0142 im i wszystkim:<i>&nbsp;Ju\u017c siekiera do korzenia drzew jest przy\u0142o\u017cona.&nbsp;<b>Ka\u017cde wi\u0119c drzewo, kt\u00f3re nie wydaje dobrego owocu, b\u0119dzie wyci\u0119te i w ogie\u0144 wrzucone.<\/b><\/i><\/div>\n<div class=\"MsoNormal\" style=\"font-family: 'Times New Roman'; margin-bottom: 0px; margin-left: 0px; margin-right: 0px; margin-top: 0.4em; text-align: justify; text-indent: 35.4pt;\">Jak to by\u0142o, Kochani, z tym nawr\u00f3ceniem faryzeusz\u00f3w? Wiemy dobrze \u2013 by\u0142o r\u00f3\u017cnie. Wielu z nich \u2013 jak si\u0119 nieraz przekonujemy, czytaj\u0105c Ewangeli\u0119 \u2013 pozosta\u0142o przy swej zatwardzia\u0142o\u015bci, ale&nbsp;<b>nie brakowa\u0142o i takich, kt\u00f3rzy otwartym sercem powitali Zbawiciela,<\/b>&nbsp;jak chocia\u017cby Nikodem, prawy faryzeusz, kt\u00f3ry z Jezusem d\u0142ugie dysputy prowadzi\u0142 nocami, szczerze poszukuj\u0105c prawdy\u2026<\/div>\n<div class=\"MsoNormal\" style=\"font-family: 'Times New Roman'; margin-bottom: 0px; margin-left: 0px; margin-right: 0px; margin-top: 0.4em; text-align: justify; text-indent: 35.4pt;\">Niemniej jednak, widzimy dzisiaj, \u017ce nie ma znaczenia, kto jest kim, kto jest jakiego pochodzenia i jakie zajmuje stanowisko w hierarchii spo\u0142ecznej, a nawet \u2013 czy \u017cyje dobrze, czy \u017ale\u2026&nbsp;<b>Ka\u017cdy, kto tylko zechce i o ile szczerze zechce \u2013 mo\u017ce w ka\u017cdej chwili zwr\u00f3ci\u0107 si\u0119 do Jezusa!<\/b>W innym miejscu Ewangelii znajdujemy nawet takie stwierdzenie, \u017ce do Jana przychodzili&nbsp;<b>przedstawiciele r\u00f3\u017cnych stan\u00f3w,<\/b>&nbsp;profesji, pytaj\u0105c go, co maj\u0105 czyni\u0107, aby mog\u0142o si\u0119 dokona\u0107 prawdziwe nawr\u00f3cenie. I Jan nikogo nie odrzuci\u0142, tak jak Chrystus nikogo nie odrzuci\u0142, kto ze szczerego serca zwraca\u0142 si\u0119 ku Niemu.<\/div>\n<div class=\"MsoNormal\" style=\"font-family: 'Times New Roman'; margin-bottom: 0px; margin-left: 0px; margin-right: 0px; margin-top: 0.4em; text-align: justify; text-indent: 35.4pt;\">Taki ton pobrzmiewa zreszt\u0105 z pouczenia, zawartego w Li\u015bcie \u015awi\u0119tego Paw\u0142a Aposto\u0142a do Rzymian, w dzisiejszym drugim czytaniu:<i>Chrystus sta\u0142 si\u0119 s\u0142ug\u0105 obrzezanych dla okazania wierno\u015bci Boga i<b>potwierdzenia przez to obietnic danych ojcom<\/b>&nbsp;oraz po to,&nbsp;<b>\u017ceby poganie za okazane sobie mi\u0142osierdzie uwielbili Boga<\/b><\/i>. A wi\u0119c i \u017bydzi, synowie Narodu Wybranego, i poganie \u2013&nbsp;<b>wszyscy maj\u0105 tak\u0105 sam\u0105 mo\u017cliwo\u015b\u0107 spotkania z Bogiem,<\/b>&nbsp;do\u015bwiadczenia mi\u0142o\u015bci Chrystusa, je\u015bli tylko szczerze tego zapragn\u0105 i ku Chrystusowi si\u0119 zwr\u00f3c\u0105.<\/div>\n<div class=\"MsoNormal\" style=\"font-family: 'Times New Roman'; margin-bottom: 0px; margin-left: 0px; margin-right: 0px; margin-top: 0.4em; text-align: justify; text-indent: 35.4pt;\">Z tego ma \u2013 zdaniem Paw\u0142a \u2013 wynika\u0107 okre\u015blona postawa chrze\u015bcijan. Aposto\u0142 poucza:&nbsp;<i>aby\u015bcie wzorem Chrystusa&nbsp;<b>te same uczucia \u017cywili do siebie<\/b>&nbsp;i zgodnie jednymi ustami wielbili Boga i Ojca Pana naszego Jezusa Chrystusa<\/i>.<\/div>\n<div class=\"MsoNormal\" style=\"font-family: 'Times New Roman'; margin-bottom: 0px; margin-left: 0px; margin-right: 0px; margin-top: 0.4em; text-align: justify; text-indent: 35.4pt;\">Kochani, dla nas takie stwierdzenia nie s\u0105 ju\u017c mo\u017ce niczym nadzwyczajnym, ale w czasie publicznej dzia\u0142alno\u015bci Jezusa i w czasach apostolskich&nbsp;<b>by\u0142a to prawdziwa rewolucja.&nbsp;<\/b>Przecie\u017c mi\u0119dzy samymi Aposto\u0142ami dochodzi\u0142o w sprawie przyjmowania pogan do Ko\u015bcio\u0142a do r\u00f3\u017cnicy pogl\u0105d\u00f3w do tego stopnia, \u017ce a\u017c zwo\u0142ano pierwszy Sob\u00f3r \u2013 Sob\u00f3r Jerozolimski \u2013 w roku 50. Dzisiaj natomiast Pawe\u0142 m\u00f3wi jednoznacznie, \u017ce&nbsp;<b>wszyscy maj\u0105 szans\u0119 zbawienia.<\/b>&nbsp;<\/div>\n<div class=\"MsoNormal\" style=\"font-family: 'Times New Roman'; margin-bottom: 0px; margin-left: 0px; margin-right: 0px; margin-top: 0.4em; text-align: justify; text-indent: 35.4pt;\">I to samo potwierdza Izajasz Prorok w pierwszym czytaniu. Zapowiadaj\u0105c&nbsp;<b>przyj\u015bcie sprawiedliwego Kr\u00f3la,<\/b>&nbsp;og\u0142asza, i\u017c w Jego Kr\u00f3lestwie panowa\u0107 b\u0119dzie pok\u00f3j, zgoda,&nbsp;<b>wspania\u0142a harmonia,<\/b>&nbsp;czego symbolem jest chocia\u017cby obraz krowy i nied\u017awiedzicy, przebywaj\u0105cych ze sob\u0105 w przyja\u017ani, czy obraz niemowl\u0119cia, bawi\u0105cego si\u0119 bez obaw na norze kobry. A kto b\u0119dzie mia\u0142 miejsce w tym Kr\u00f3lestwie?<\/div>\n<div class=\"MsoNormal\" style=\"font-family: 'Times New Roman'; margin-bottom: 0px; margin-left: 0px; margin-right: 0px; margin-top: 0.4em; text-align: justify; text-indent: 35.4pt;\">S\u0142yszymy dzisiaj zapowied\u017a s\u0105du, dokonanego przez owego sprawiedliwego Kr\u00f3la, kt\u00f3ry&nbsp;<i>nie b\u0119dzie s\u0105dzi\u0142 z pozor\u00f3w, ni wyrokowa\u0142 wed\u0142ug pog\u0142osek. Raczej&nbsp;<b>rozs\u0105dzi biednych sprawiedliwie i pokornym w kraju wyda s\u0142uszny wyrok.<\/b>&nbsp;R\u00f3zg\u0105 swoich ust uderzy gwa\u0142townika, tchnieniem swoich warg u\u015bmierci bezbo\u017cnego<\/i>. [\u2026]&nbsp;<b><i>Do Niego ludy przyjd\u0105 z modlitw\u0105.<\/i><\/b><\/div>\n<div class=\"MsoNormal\" style=\"font-family: 'Times New Roman'; margin-bottom: 0px; margin-left: 0px; margin-right: 0px; margin-top: 0.4em; text-align: justify; text-indent: 35.4pt;\">Tak, to nie pochodzenie czy inne okoliczno\u015bci maj\u0105 tu znaczenie, a sprawiedliwo\u015b\u0107 w post\u0119powaniu i serce otwarte. Tylko tyle \u2013 i a\u017c tyle \u2013 wystarczy, aby spotka\u0107 Pana.<\/div>\n<div class=\"MsoNormal\" style=\"font-family: 'Times New Roman'; margin-bottom: 0px; margin-left: 0px; margin-right: 0px; margin-top: 0.4em; text-align: justify; text-indent: 35.4pt;\">Kochani, dla nas ca\u0142e to dzisiejsze liturgiczne pouczenie Jezusa ma ogromne znaczenie. Przede wszystkim potwierdza mocno jak\u017ce optymistyczn\u0105 prawd\u0119, \u017ce w ludzkich sercach jest zapisane&nbsp;<b>szczere pragnienie czego\u015b wi\u0119cej, ni\u017c tylko to, co doczesne.<\/b>&nbsp;Owe t\u0142umy, ci\u0105gn\u0105ce do Jana Chrzciciela, znajduj\u0105ce do niego drog\u0119 nawet na pustyni, s\u0105 potwierdzeniem tej chyba odwiecznej prawdy, \u017ce&nbsp;<b>ludzie jednak czego\u015b w \u017cyciu szukaj\u0105<\/b>&nbsp;\u2013 czego\u015b wi\u0119cej, ni\u017c tylko tego, \u017ceby si\u0119 naje\u015b\u0107, napi\u0107, dobrze zarobi\u0107 i zabawi\u0107. Je\u017celi szli do cz\u0142owieka, \u017cyj\u0105cego jak n\u0119dzarz, to nie po to, aby zachwyca\u0107 si\u0119 jego zewn\u0119trzn\u0105 okaza\u0142o\u015bci\u0105, bo on jej nie posiada\u0142,&nbsp;<b>ale po to, aby szuka\u0107 czego\u015b dla duszy, dla serca\u2026<\/b><\/div>\n<div class=\"MsoNormal\" style=\"font-family: 'Times New Roman'; margin-bottom: 0px; margin-left: 0px; margin-right: 0px; margin-top: 0.4em; text-align: justify; text-indent: 35.4pt;\">I tak jest r\u00f3wnie\u017c dzisiaj! Ze swojego niewielkiego do\u015bwiadczenia kap\u0142a\u0144skiego, z do\u015bwiadczenia konfesjona\u0142u i wielu rozm\u00f3w, prowadzonych z lud\u017ami przy r\u00f3\u017cnych okazjach, przekonuj\u0119 si\u0119, \u017ce ludziom&nbsp;<b>nie wystarcz\u0105<\/b>&nbsp;ani wysokie stanowiska, jakie nieraz zajmuj\u0105, ani wielkie pieni\u0105dze, jakie zarabiaj\u0105. Nie wystarcza im zewn\u0119trzny blask, jakim onie\u015bmielaj\u0105 ludzi wok\u00f3\u0142 siebie!&nbsp;<b>W g\u0142\u0119bi serca ludzie szukaj\u0105 czego\u015b wi\u0119cej!<\/b>&nbsp;I nawet ci, kt\u00f3rzy w powszechnym przekonaniu uchodz\u0105 za przys\u0142owiowych \u201etwardzieli\u201d, ludzi nie do ruszenia, potentat\u00f3w o przemo\u017cnych wp\u0142ywach \u2013&nbsp;<b>bardzo cz\u0119sto gdzie\u015b tam \u201ecichaczem\u201d skradaj\u0105 si\u0119 do konfesjona\u0142u, albo prosz\u0105 o osobist\u0105 rozmow\u0119 z ksi\u0119dzem<\/b>&nbsp;i opowiadaj\u0105 o r\u00f3\u017cnych swoich problemach, prosz\u0105c o pomoc w znalezieniu odpowiedzi na r\u00f3\u017cne swoje pytania, a czasami tylko prosz\u0105c&nbsp;<b>o cierpliwe wys\u0142uchanie&nbsp;<\/b>tego, co chc\u0105 z siebie wyrzuci\u0107 \u2013&nbsp;<b>i o modlitw\u0119 w ich intencji.<\/b><\/div>\n<div class=\"MsoNormal\" style=\"font-family: 'Times New Roman'; margin-bottom: 0px; margin-left: 0px; margin-right: 0px; margin-top: 0.4em; text-align: justify; text-indent: 35.4pt;\">Kiedy wyczuj\u0105, \u017ce mog\u0105 co\u015b powiedzie\u0107, \u017ce kto\u015b ich wys\u0142ucha,<b>chwytaj\u0105 si\u0119 od razu takiej okazji.<\/b>&nbsp;Kochani, to jest naprawd\u0119 wspania\u0142e! Naturalnie, nie brakuje te\u017c i takich przys\u0142owiowych \u201ecwaniak\u00f3w\u201d, kt\u00f3rzy i dzisiaj zdaj\u0105 si\u0119 m\u00f3wi\u0107:&nbsp;<i>Abrahama mamy za ojca<\/i>&nbsp;\u2013 i to ju\u017c wystarczy, \u201eja mam tylu znajomych ksi\u0119\u017cy\u201d, \u201eja tyle ofiar daj\u0119 na r\u00f3\u017cne ko\u015bcielne cele, tyle akcji dobroczynnych wspieram\u201d, \u201ea ja na pielgrzymki chodzi\u0142em i w duszpasterstwie takim czy innym by\u0142em\u201d \u2013 i wiele takich i podobnych stwierdze\u0144.&nbsp;<b>To naprawd\u0119 nie wystarczy!<\/b>&nbsp;Liczy si\u0119 szczere poszukiwanie, liczy si\u0119 serce otwarte, serce pragn\u0105ce prawdy, pragn\u0105ce znalezienia<b>&nbsp;jakiego\u015b g\u0142\u0119bszego sensu tego wszystkiego, co si\u0119 dzieje\u2026<\/b><\/div>\n<div class=\"MsoNormal\" style=\"font-family: 'Times New Roman'; margin-bottom: 0px; margin-left: 0px; margin-right: 0px; margin-top: 0.4em; text-align: justify; text-indent: 35.4pt;\">I powiedzmy sobie bardzo jednoznacznie:&nbsp;<b>takich pragnie\u0144 nie mo\u017cna si\u0119 wstydzi\u0107! Od takich pragnie\u0144, poszukiwa\u0144, pyta\u0144 \u2013 nie mo\u017cna ucieka\u0107!<\/b>&nbsp;Poszukujmy odpowiedzi na nasze pytania, poszukujmy rozwi\u0105zania naszych w\u0105tpliwo\u015bci, pog\u0142\u0119biajmy nasze spojrzenie na wiar\u0119, na \u017cycie, na mi\u0119dzyludzkie relacje\u2026&nbsp;<b>Nie b\u00f3jmy si\u0119 tak\u017ce bardzo dociekliwych czy trudnych pyta\u0144, stawianych Bogu!<\/b>&nbsp;B\u00f3g na pewno nie obrazi si\u0119 o nie, je\u017celi b\u0119d\u0105 one p\u0142yn\u0119\u0142y ze szczerego, poszukuj\u0105cego prawdy serca! Pog\u0142\u0119biajmy swoj\u0105 wiar\u0119 \u2013 i pomagajmy innym!<\/div>\n<div class=\"MsoNormal\" style=\"font-family: 'Times New Roman'; margin-bottom: 0px; margin-left: 0px; margin-right: 0px; margin-top: 0.4em; text-align: justify; text-indent: 35.4pt;\">Pomagajmy sobie nawzajem! Rozmawiajmy ze sob\u0105, m\u00f3dlmy si\u0119 za siebie, miejmy czas na to, \u017ceby spokojnie i cierpliwie drugiego wys\u0142ucha\u0107\u2026&nbsp;<b>Nie uprzedzajmy si\u0119 z g\u00f3ry do nikogo<\/b>&nbsp;\u2013 we\u017amy w tym wzgl\u0119dzie pod uwag\u0119 pouczenie Paw\u0142a z dzisiejszego drugiego czytania! Pomagajmy sobie nawzajem w wydawaniu dobrych owoc\u00f3w nawr\u00f3cenia!<\/div>\n<div class=\"MsoNormal\" style=\"font-family: 'Times New Roman'; margin-bottom: 0px; margin-left: 0px; margin-right: 0px; margin-top: 0.4em; text-align: justify; text-indent: 35.4pt;\"><b>Mo\u017ce w\u0142a\u015bnie tegoroczny Adwent b\u0119dzie okazj\u0105 do uzdrowienia relacji z osob\u0105, z kt\u00f3r\u0105 najbardziej mi si\u0119 nie uk\u0142ada!<\/b><\/div>\n<div class=\"MsoNormal\" style=\"font-family: 'Times New Roman'; margin-bottom: 0px; margin-left: 0px; margin-right: 0px; margin-top: 0.4em; text-align: justify; text-indent: 35.4pt;\">I to w\u0142a\u015bnie w tym \u2013 i w ca\u0142ym kontek\u015bcie dzisiejszego S\u0142owa zechciejmy przez chwil\u0119 zastanowi\u0107 si\u0119:<\/div>\n<ul style=\"font-family: 'Times New Roman'; margin-top: 0cm;\" type=\"disc\">\n<li class=\"MsoNormal\" style=\"text-align: justify;\">Jak wygl\u0105da dotychczasowa realizacja mojego adwentowego postanowienia?<\/li>\n<li class=\"MsoNormal\" style=\"text-align: justify;\">Co konkretnie robi\u0119, aby pog\u0142\u0119bi\u0107 osobisty kontakt z Bogiem?<\/li>\n<li class=\"MsoNormal\" style=\"text-align: justify;\">Jak pomagam innym w znalezieniu odpowiedzi na pytania, kt\u00f3re ich nurtuj\u0105?<\/li>\n<\/ul>\n<div class=\"MsoNormal\" style=\"font-family: 'Times New Roman'; margin-bottom: 0px; margin-left: 0px; margin-right: 0px; margin-top: 0.4em; text-align: justify;\">\n<\/div>\n<div class=\"MsoNormal\" style=\"font-family: 'Times New Roman'; margin-bottom: 0px; margin-left: 0px; margin-right: 0px; margin-top: 0.4em; text-align: justify; text-indent: 18pt;\"><b><i>Wydajcie wi\u0119c godny owoc nawr\u00f3cenia<\/i><\/b><b>!<\/b><\/div>\n<div class=\"MsoNormal\" style=\"font-family: 'Times New Roman'; margin-bottom: 0px; margin-left: 0px; margin-right: 0px; margin-top: 0.4em; text-align: justify;\">\n<\/div>\n<div>\n<\/div>\n","protected":false},"excerpt":{"rendered":"<p>Witam Was, Kochani, w Drug\u0105 Niedziel\u0119 Adwentu! Niesie ona ze sob\u0105 wspania\u0142e przes\u0142anie: ka\u017cdy ma szans\u0119 zbawienia! Jezus nikogo, kto szczerze si\u0119 do Niego zwraca, nie odrzuci! W jaki\u015b szczeg\u00f3lny spos\u00f3b odnosi si\u0119 to dzisiaj do Ko\u015bcio\u0142a na Wschodzie. Dzisiaj jest dzie\u0144 wspierania duchowego i materialnego jego dzia\u0142alno\u015bci. Prosz\u0119 Was, Kochani, przede wszystkim o modlitw\u0119 [&hellip;]<\/p>\n","protected":false},"author":1,"featured_media":0,"comment_status":"open","ping_status":"open","sticky":false,"template":"","format":"standard","meta":{"jetpack_post_was_ever_published":false,"_jetpack_newsletter_access":"","_jetpack_dont_email_post_to_subs":false,"_jetpack_newsletter_tier_id":0,"_jetpack_memberships_contains_paywalled_content":false,"_jetpack_memberships_contains_paid_content":false,"footnotes":""},"categories":[1,3],"tags":[],"class_list":["post-10020","post","type-post","status-publish","format-standard","hentry","category-bez-kategorii","category-rok-2010"],"yoast_head":"<!-- This site is optimized with the Yoast SEO plugin v25.1 - https:\/\/yoast.com\/wordpress\/plugins\/seo\/ -->\n<title>Pom\u00f3\u017cmy Ko\u015bcio\u0142owi na Wschodzie! - Gaudium Et Spes<\/title>\n<meta name=\"robots\" content=\"index, follow, max-snippet:-1, max-image-preview:large, max-video-preview:-1\" \/>\n<link rel=\"canonical\" href=\"https:\/\/gaudiumetspes-blog.pl\/index.php\/2010\/12\/05\/pomozmy-koscioowi-na-wschodzie\/\" \/>\n<meta property=\"og:locale\" content=\"pl_PL\" \/>\n<meta property=\"og:type\" content=\"article\" \/>\n<meta property=\"og:title\" content=\"Pom\u00f3\u017cmy Ko\u015bcio\u0142owi na Wschodzie! - Gaudium Et Spes\" \/>\n<meta property=\"og:description\" content=\"Witam Was, Kochani, w Drug\u0105 Niedziel\u0119 Adwentu! Niesie ona ze sob\u0105 wspania\u0142e przes\u0142anie: ka\u017cdy ma szans\u0119 zbawienia! Jezus nikogo, kto szczerze si\u0119 do Niego zwraca, nie odrzuci! W jaki\u015b szczeg\u00f3lny spos\u00f3b odnosi si\u0119 to dzisiaj do Ko\u015bcio\u0142a na Wschodzie. Dzisiaj jest dzie\u0144 wspierania duchowego i materialnego jego dzia\u0142alno\u015bci. Prosz\u0119 Was, Kochani, przede wszystkim o modlitw\u0119 [&hellip;]\" \/>\n<meta property=\"og:url\" content=\"https:\/\/gaudiumetspes-blog.pl\/index.php\/2010\/12\/05\/pomozmy-koscioowi-na-wschodzie\/\" \/>\n<meta property=\"og:site_name\" content=\"Gaudium Et Spes\" \/>\n<meta property=\"article:published_time\" content=\"2010-12-05T09:50:00+00:00\" \/>\n<meta property=\"article:modified_time\" content=\"2019-07-31T10:51:55+00:00\" \/>\n<meta name=\"author\" content=\"Ks. Jacek\" \/>\n<meta name=\"twitter:card\" content=\"summary_large_image\" \/>\n<meta name=\"twitter:label1\" content=\"Napisane przez\" \/>\n\t<meta name=\"twitter:data1\" content=\"Ks. Jacek\" \/>\n\t<meta name=\"twitter:label2\" content=\"Szacowany czas czytania\" \/>\n\t<meta name=\"twitter:data2\" content=\"9 minut\" \/>\n<script type=\"application\/ld+json\" class=\"yoast-schema-graph\">{\"@context\":\"https:\/\/schema.org\",\"@graph\":[{\"@type\":\"WebPage\",\"@id\":\"https:\/\/gaudiumetspes-blog.pl\/index.php\/2010\/12\/05\/pomozmy-koscioowi-na-wschodzie\/\",\"url\":\"https:\/\/gaudiumetspes-blog.pl\/index.php\/2010\/12\/05\/pomozmy-koscioowi-na-wschodzie\/\",\"name\":\"Pom\u00f3\u017cmy Ko\u015bcio\u0142owi na Wschodzie! - Gaudium Et Spes\",\"isPartOf\":{\"@id\":\"https:\/\/gaudiumetspes-blog.pl\/#website\"},\"datePublished\":\"2010-12-05T09:50:00+00:00\",\"dateModified\":\"2019-07-31T10:51:55+00:00\",\"author\":{\"@id\":\"https:\/\/gaudiumetspes-blog.pl\/#\/schema\/person\/1661982992b752dea8dff0d4ed845a65\"},\"breadcrumb\":{\"@id\":\"https:\/\/gaudiumetspes-blog.pl\/index.php\/2010\/12\/05\/pomozmy-koscioowi-na-wschodzie\/#breadcrumb\"},\"inLanguage\":\"pl-PL\",\"potentialAction\":[{\"@type\":\"ReadAction\",\"target\":[\"https:\/\/gaudiumetspes-blog.pl\/index.php\/2010\/12\/05\/pomozmy-koscioowi-na-wschodzie\/\"]}]},{\"@type\":\"BreadcrumbList\",\"@id\":\"https:\/\/gaudiumetspes-blog.pl\/index.php\/2010\/12\/05\/pomozmy-koscioowi-na-wschodzie\/#breadcrumb\",\"itemListElement\":[{\"@type\":\"ListItem\",\"position\":1,\"name\":\"Strona g\u0142\u00f3wna\",\"item\":\"https:\/\/gaudiumetspes-blog.pl\/\"},{\"@type\":\"ListItem\",\"position\":2,\"name\":\"Pom\u00f3\u017cmy Ko\u015bcio\u0142owi na&nbsp;Wschodzie!\"}]},{\"@type\":\"WebSite\",\"@id\":\"https:\/\/gaudiumetspes-blog.pl\/#website\",\"url\":\"https:\/\/gaudiumetspes-blog.pl\/\",\"name\":\"Gaudium Et Spes\",\"description\":\"Blog Ks. Jacka Ja\u015bkowskiego\",\"potentialAction\":[{\"@type\":\"SearchAction\",\"target\":{\"@type\":\"EntryPoint\",\"urlTemplate\":\"https:\/\/gaudiumetspes-blog.pl\/?s={search_term_string}\"},\"query-input\":{\"@type\":\"PropertyValueSpecification\",\"valueRequired\":true,\"valueName\":\"search_term_string\"}}],\"inLanguage\":\"pl-PL\"},{\"@type\":\"Person\",\"@id\":\"https:\/\/gaudiumetspes-blog.pl\/#\/schema\/person\/1661982992b752dea8dff0d4ed845a65\",\"name\":\"Ks. Jacek\",\"image\":{\"@type\":\"ImageObject\",\"inLanguage\":\"pl-PL\",\"@id\":\"https:\/\/gaudiumetspes-blog.pl\/#\/schema\/person\/image\/\",\"url\":\"https:\/\/gaudiumetspes-blog.pl\/wp-content\/uploads\/2019\/07\/avatar-JJ-150x150.jpg\",\"contentUrl\":\"https:\/\/gaudiumetspes-blog.pl\/wp-content\/uploads\/2019\/07\/avatar-JJ-150x150.jpg\",\"caption\":\"Ks. Jacek\"},\"description\":\"Witam serdecznie! K\u0142ania si\u0119 Ks. Jacek Ja\u015bkowski. Nie jestem ani kim\u015b wa\u017cnym, ani kim\u015b znanym. Jestem ksi\u0119dzem, kt\u00f3ry po prostu chce rozmawia\u0107. Codzienna kap\u0142a\u0144ska pos\u0142uga pokazuje mi, \u017ce temat\u00f3w do rozm\u00f3w z ksi\u0119dzem jest coraz wi\u0119cej i dzisiaj \u017caden ksi\u0105dz nie mo\u017ce od nich ucieka\u0107, ale - wprost przeciwnie - podejmowa\u0107 nowe wyzwania. To przekonanie sk\u0142oni\u0142o mnie do pr\u00f3by otwarcia tego\u017c bloga, chocia\u017c okazji do rozm\u00f3w na co dzie\u0144 - w konfesjonale i poza nim - na szcz\u0119\u015bcie nie brakuje. My\u015bl\u0119 jednak, \u017ce ten blog b\u0119dzie jeszcze jednym sposobem i przestrzeni\u0105 nawi\u0105zania kontaktu z lud\u017ami dobrej woli, otwartymi na dialog.\",\"url\":\"https:\/\/gaudiumetspes-blog.pl\/index.php\/author\/ks-jacek\/\"}]}<\/script>\n<!-- \/ Yoast SEO plugin. -->","yoast_head_json":{"title":"Pom\u00f3\u017cmy Ko\u015bcio\u0142owi na Wschodzie! - Gaudium Et Spes","robots":{"index":"index","follow":"follow","max-snippet":"max-snippet:-1","max-image-preview":"max-image-preview:large","max-video-preview":"max-video-preview:-1"},"canonical":"https:\/\/gaudiumetspes-blog.pl\/index.php\/2010\/12\/05\/pomozmy-koscioowi-na-wschodzie\/","og_locale":"pl_PL","og_type":"article","og_title":"Pom\u00f3\u017cmy Ko\u015bcio\u0142owi na Wschodzie! - Gaudium Et Spes","og_description":"Witam Was, Kochani, w Drug\u0105 Niedziel\u0119 Adwentu! Niesie ona ze sob\u0105 wspania\u0142e przes\u0142anie: ka\u017cdy ma szans\u0119 zbawienia! Jezus nikogo, kto szczerze si\u0119 do Niego zwraca, nie odrzuci! W jaki\u015b szczeg\u00f3lny spos\u00f3b odnosi si\u0119 to dzisiaj do Ko\u015bcio\u0142a na Wschodzie. Dzisiaj jest dzie\u0144 wspierania duchowego i materialnego jego dzia\u0142alno\u015bci. Prosz\u0119 Was, Kochani, przede wszystkim o modlitw\u0119 [&hellip;]","og_url":"https:\/\/gaudiumetspes-blog.pl\/index.php\/2010\/12\/05\/pomozmy-koscioowi-na-wschodzie\/","og_site_name":"Gaudium Et Spes","article_published_time":"2010-12-05T09:50:00+00:00","article_modified_time":"2019-07-31T10:51:55+00:00","author":"Ks. Jacek","twitter_card":"summary_large_image","twitter_misc":{"Napisane przez":"Ks. Jacek","Szacowany czas czytania":"9 minut"},"schema":{"@context":"https:\/\/schema.org","@graph":[{"@type":"WebPage","@id":"https:\/\/gaudiumetspes-blog.pl\/index.php\/2010\/12\/05\/pomozmy-koscioowi-na-wschodzie\/","url":"https:\/\/gaudiumetspes-blog.pl\/index.php\/2010\/12\/05\/pomozmy-koscioowi-na-wschodzie\/","name":"Pom\u00f3\u017cmy Ko\u015bcio\u0142owi na Wschodzie! - Gaudium Et Spes","isPartOf":{"@id":"https:\/\/gaudiumetspes-blog.pl\/#website"},"datePublished":"2010-12-05T09:50:00+00:00","dateModified":"2019-07-31T10:51:55+00:00","author":{"@id":"https:\/\/gaudiumetspes-blog.pl\/#\/schema\/person\/1661982992b752dea8dff0d4ed845a65"},"breadcrumb":{"@id":"https:\/\/gaudiumetspes-blog.pl\/index.php\/2010\/12\/05\/pomozmy-koscioowi-na-wschodzie\/#breadcrumb"},"inLanguage":"pl-PL","potentialAction":[{"@type":"ReadAction","target":["https:\/\/gaudiumetspes-blog.pl\/index.php\/2010\/12\/05\/pomozmy-koscioowi-na-wschodzie\/"]}]},{"@type":"BreadcrumbList","@id":"https:\/\/gaudiumetspes-blog.pl\/index.php\/2010\/12\/05\/pomozmy-koscioowi-na-wschodzie\/#breadcrumb","itemListElement":[{"@type":"ListItem","position":1,"name":"Strona g\u0142\u00f3wna","item":"https:\/\/gaudiumetspes-blog.pl\/"},{"@type":"ListItem","position":2,"name":"Pom\u00f3\u017cmy Ko\u015bcio\u0142owi na&nbsp;Wschodzie!"}]},{"@type":"WebSite","@id":"https:\/\/gaudiumetspes-blog.pl\/#website","url":"https:\/\/gaudiumetspes-blog.pl\/","name":"Gaudium Et Spes","description":"Blog Ks. Jacka Ja\u015bkowskiego","potentialAction":[{"@type":"SearchAction","target":{"@type":"EntryPoint","urlTemplate":"https:\/\/gaudiumetspes-blog.pl\/?s={search_term_string}"},"query-input":{"@type":"PropertyValueSpecification","valueRequired":true,"valueName":"search_term_string"}}],"inLanguage":"pl-PL"},{"@type":"Person","@id":"https:\/\/gaudiumetspes-blog.pl\/#\/schema\/person\/1661982992b752dea8dff0d4ed845a65","name":"Ks. Jacek","image":{"@type":"ImageObject","inLanguage":"pl-PL","@id":"https:\/\/gaudiumetspes-blog.pl\/#\/schema\/person\/image\/","url":"https:\/\/gaudiumetspes-blog.pl\/wp-content\/uploads\/2019\/07\/avatar-JJ-150x150.jpg","contentUrl":"https:\/\/gaudiumetspes-blog.pl\/wp-content\/uploads\/2019\/07\/avatar-JJ-150x150.jpg","caption":"Ks. Jacek"},"description":"Witam serdecznie! K\u0142ania si\u0119 Ks. Jacek Ja\u015bkowski. Nie jestem ani kim\u015b wa\u017cnym, ani kim\u015b znanym. Jestem ksi\u0119dzem, kt\u00f3ry po prostu chce rozmawia\u0107. Codzienna kap\u0142a\u0144ska pos\u0142uga pokazuje mi, \u017ce temat\u00f3w do rozm\u00f3w z ksi\u0119dzem jest coraz wi\u0119cej i dzisiaj \u017caden ksi\u0105dz nie mo\u017ce od nich ucieka\u0107, ale - wprost przeciwnie - podejmowa\u0107 nowe wyzwania. To przekonanie sk\u0142oni\u0142o mnie do pr\u00f3by otwarcia tego\u017c bloga, chocia\u017c okazji do rozm\u00f3w na co dzie\u0144 - w konfesjonale i poza nim - na szcz\u0119\u015bcie nie brakuje. My\u015bl\u0119 jednak, \u017ce ten blog b\u0119dzie jeszcze jednym sposobem i przestrzeni\u0105 nawi\u0105zania kontaktu z lud\u017ami dobrej woli, otwartymi na dialog.","url":"https:\/\/gaudiumetspes-blog.pl\/index.php\/author\/ks-jacek\/"}]}},"jetpack_featured_media_url":"","jetpack_sharing_enabled":true,"_links":{"self":[{"href":"https:\/\/gaudiumetspes-blog.pl\/index.php\/wp-json\/wp\/v2\/posts\/10020","targetHints":{"allow":["GET"]}}],"collection":[{"href":"https:\/\/gaudiumetspes-blog.pl\/index.php\/wp-json\/wp\/v2\/posts"}],"about":[{"href":"https:\/\/gaudiumetspes-blog.pl\/index.php\/wp-json\/wp\/v2\/types\/post"}],"author":[{"embeddable":true,"href":"https:\/\/gaudiumetspes-blog.pl\/index.php\/wp-json\/wp\/v2\/users\/1"}],"replies":[{"embeddable":true,"href":"https:\/\/gaudiumetspes-blog.pl\/index.php\/wp-json\/wp\/v2\/comments?post=10020"}],"version-history":[{"count":1,"href":"https:\/\/gaudiumetspes-blog.pl\/index.php\/wp-json\/wp\/v2\/posts\/10020\/revisions"}],"predecessor-version":[{"id":10063,"href":"https:\/\/gaudiumetspes-blog.pl\/index.php\/wp-json\/wp\/v2\/posts\/10020\/revisions\/10063"}],"wp:attachment":[{"href":"https:\/\/gaudiumetspes-blog.pl\/index.php\/wp-json\/wp\/v2\/media?parent=10020"}],"wp:term":[{"taxonomy":"category","embeddable":true,"href":"https:\/\/gaudiumetspes-blog.pl\/index.php\/wp-json\/wp\/v2\/categories?post=10020"},{"taxonomy":"post_tag","embeddable":true,"href":"https:\/\/gaudiumetspes-blog.pl\/index.php\/wp-json\/wp\/v2\/tags?post=10020"}],"curies":[{"name":"wp","href":"https:\/\/api.w.org\/{rel}","templated":true}]}}