{"id":10037,"date":"2010-11-17T09:48:00","date_gmt":"2010-11-17T08:48:00","guid":{"rendered":"https:\/\/gaudiumetspes-blog.pl\/index.php\/2010\/11\/17\/witam-w-srode\/"},"modified":"2019-07-31T12:51:53","modified_gmt":"2019-07-31T10:51:53","slug":"witam-w-srode","status":"publish","type":"post","link":"https:\/\/gaudiumetspes-blog.pl\/index.php\/2010\/11\/17\/witam-w-srode\/","title":{"rendered":"Witam w \u015brod\u0119!"},"content":{"rendered":"<p>Bardzo serdecznie pozdrawiam wszystkich, kt\u00f3rzy zechcieli zajrze\u0107 na mojego bloga. Dzi\u0119kuj\u0119 tak\u017ce za komentarze. Na razie staram si\u0119 odpowiada\u0107 na ka\u017cdy wpis, ale pewnie nie b\u0119dzie to zawsze mo\u017cliwe, dlatego w przysz\u0142o\u015bci b\u0119d\u0119 odpowiada\u0142 bardziej og\u00f3lnie. Na pewno jednak uwa\u017cnie przeczytam wszystkie wpisy. I za wszystkie raz jeszcze dzi\u0119kuj\u0119. Jak wspomnia\u0142em w pierwszym wpisie, b\u0119d\u0119 si\u0119 stara\u0142 zagl\u0105da\u0107 na stron\u0119 nie rzadziej, jak co tydzie\u0144. P\u00f3ki co &#8211; udaje si\u0119 codziennie, ale kiedy nie b\u0119dzie mi si\u0119 to udawa\u0142o &#8211; prosz\u0119 o wyrozumia\u0142o\u015b\u0107. Codziennie polecam moich Go\u015bci i Rozm\u00f3wc\u00f3w w serdecznej modlitwie. A na dzisiaj proponuj\u0119 kilka s\u0142\u00f3w do refleksji, zwi\u0105zanych ze wspomnieniem liturgicznym \u015awi\u0119tej El\u017cbiety W\u0119gierskiej. Szcz\u0119\u015b\u0107 Bo\u017ce! Gaudium et spes! Ks. Jacek<\/p>\n<div class=\"MsoNormal\" style=\"font-family: 'Times New Roman'; margin-bottom: 0px; margin-left: 0px; margin-right: 0px; margin-top: 0.4em; text-align: justify;\"><b>Wspomnienie \u015awi\u0119tej El\u017cbiety W\u0119gierskiej,<\/b><\/div>\n<div class=\"MsoNormal\" style=\"font-family: 'Times New Roman'; margin-bottom: 0px; margin-left: 0px; margin-right: 0px; margin-top: 0.4em; text-align: justify;\"><b>w \u015brod\u0119 33 tygodnia zwyk\u0142ego, rok II,<\/b><\/div>\n<div class=\"MsoNormal\" style=\"font-family: 'Times New Roman'; margin-bottom: 0px; margin-left: 0px; margin-right: 0px; margin-top: 0.4em; text-align: justify;\"><b>do czyta\u0144:&nbsp;&nbsp; Ap 4,1-11;&nbsp;&nbsp;&nbsp; \u0141k 19,11-28<br \/>\n<\/b><\/div>\n<div class=\"MsoNormal\" style=\"font-family: 'Times New Roman'; margin-bottom: 0px; margin-left: 0px; margin-right: 0px; margin-top: 0.4em; text-align: justify;\">\n<\/div>\n<div class=\"MsoNormal\" style=\"font-family: 'Times New Roman'; margin-bottom: 0px; margin-left: 0px; margin-right: 0px; margin-top: 0.4em; text-align: justify; text-indent: 35.4pt;\">Ka\u017cdego z nas B\u00f3g obdarzy\u0142 jakim\u015b talentem. Cz\u0119sto \u2013 niejednym! Tym&nbsp;<b>najwi\u0119kszym darem i zadaniem jednocze\u015bnie,<\/b>&nbsp;jaki ka\u017cdy otrzyma\u0142, jest dar wiary. A w wymiarze szczeg\u00f3\u0142owym ka\u017cdy zosta\u0142 obdarowany<b>wieloma drobnymi talentami,<\/b>&nbsp;kt\u00f3re ma rozwija\u0107 i z kt\u00f3rych kiedy\u015b b\u0119dzie rozliczony.<\/div>\n<div class=\"MsoNormal\" style=\"font-family: 'Times New Roman'; margin-bottom: 0px; margin-left: 0px; margin-right: 0px; margin-top: 0.4em; text-align: justify; text-indent: 35.4pt;\">S\u0142yszeli\u015bmy przed chwil\u0105 w Ewangelii, \u017ce ten, kt\u00f3ry swoj\u0105 min\u0119 zawin\u0105\u0142 w chustk\u0119 i ukry\u0142, a nic nie zrobi\u0142, aby j\u0105 pomno\u017cy\u0107, doczeka\u0142 si\u0119 bardzo surowej kary. Dzisiejsza Patronka,&nbsp;<b>\u015awi\u0119ta El\u017cbieta W\u0119gierska,<\/b>c\u00f3rka kr\u00f3la W\u0119gier, \u017cona landgrafa Turyngii, zosta\u0142a przez Boga obdarzona&nbsp;<b>przywilejem i zadaniem rz\u0105dzenia lud\u017ami.<\/b>&nbsp;Wywi\u0105za\u0142a si\u0119 z tego zadania w spos\u00f3b wyj\u0105tkowy.<\/div>\n<div class=\"MsoNormal\" style=\"font-family: 'Times New Roman'; margin-bottom: 0px; margin-left: 0px; margin-right: 0px; margin-top: 0.4em; text-align: justify; text-indent: 35.4pt;\">Tak o tym pisze jej kierownik duchowy, Konrad z Marburga: \u201eOdt\u0105d El\u017cbieta coraz bardziej zacz\u0119\u0142a ja\u015bnie\u0107 cnotami. Ca\u0142e \u017cycie by\u0142a pocieszycielk\u0105 ubogich \u2013 teraz&nbsp;<b>ca\u0142kowicie po\u015bwi\u0119ci\u0142a si\u0119 opiece nad potrzebuj\u0105cymi.&nbsp;<\/b>W pobli\u017cu jednego ze swych zamk\u00f3w poleci\u0142a zbudowa\u0107 szpital, w kt\u00f3rym zgromadzi\u0142a wielu chorych i s\u0142abych. Hojnie rozdziela\u0142a dary mi\u0142o\u015bci wszystkim, kt\u00f3rzy prosili j\u0105 o wsparcie nie tylko w tym miejscu, ale na ka\u017cdym innym, podlegaj\u0105cym w\u0142adzy jej ma\u0142\u017conka.<b>Wszystkie dochody,<\/b>&nbsp;pochodz\u0105ce z czterech ksi\u0119stw swego ma\u0142\u017conka,<b>wyczerpa\u0142a&nbsp;<\/b>do tego stopnia, i\u017c w ko\u0144cu na potrzeby ubogich nakazywa\u0142a sprzedawa\u0107 klejnoty i kosztowne szaty.<\/div>\n<div class=\"MsoNormal\" style=\"font-family: 'Times New Roman'; margin-bottom: 0px; margin-left: 0px; margin-right: 0px; margin-top: 0.4em; text-align: justify; text-indent: 35.4pt;\">Dwa razy na dzie\u0144, rankiem i wieczorem, mia\u0142a zwyczaj odwiedza\u0107 chorych.&nbsp;<b>Osobi\u015bcie pos\u0142ugiwa\u0142a tym, kt\u00f3rzy cierpieli na odra\u017caj\u0105ce choroby,<\/b>&nbsp;podawa\u0142a posi\u0142ek jednym, poprawia\u0142a pos\u0142anie drugim, niekt\u00f3rych d\u017awiga\u0142a na ramionach i spe\u0142nia\u0142a wiele innych dobroczynnych pos\u0142ug. [\u2026] Przed \u015bmierci\u0105 wys\u0142ucha\u0142em jej spowiedzi. Kiedy zapyta\u0142em, jak rozporz\u0105dzi\u0107 maj\u0105tkiem i sprz\u0119tem domowym odpar\u0142a, \u017ce&nbsp;<b>wszystko, co jeszcze wydaje si\u0119 posiada\u0107, nale\u017cy do ubogich.\u201d<\/b><\/div>\n<div class=\"MsoNormal\" style=\"font-family: 'Times New Roman'; margin-bottom: 0px; margin-left: 0px; margin-right: 0px; margin-top: 0.4em; text-align: justify; text-indent: 35.4pt;\">Pi\u0119kne \u015bwiadectwo o nieprzeci\u0119tnej wr\u0119cz mi\u0142o\u015bci i wra\u017cliwo\u015bci na potrzeby ubogich. Zwykle ludzie zajmuj\u0105cy t\u0119, co ona, pozycj\u0119 spo\u0142eczn\u0105, inaczej obchodzili si\u0119 ze swymi poddanymi. El\u017cbieta jednak&nbsp;<b>zadanie rz\u0105dzenia,<\/b>&nbsp;czy mo\u017ce lepiej:&nbsp;<b>zadanie opieki nad poddanymi rozumia\u0142a w ten w\u0142a\u015bnie spos\u00f3b.<\/b>&nbsp;Czu\u0142a si\u0119 za nich odpowiedzialna, zatroskana, bardzo pragn\u0119\u0142a uczyni\u0107 jak najwi\u0119cej, aby ul\u017cy\u0107 ich nie\u0142atwej doli.<\/div>\n<div class=\"MsoNormal\" style=\"font-family: 'Times New Roman'; margin-bottom: 0px; margin-left: 0px; margin-right: 0px; margin-top: 0.4em; text-align: justify; text-indent: 35.4pt;\">Troch\u0119 ten obraz zabieganej i zapracowanej kobiety, uwijaj\u0105cej si\u0119 przy chorych, kontrastuje z ukazanym w pierwszym czytaniu, z Ksi\u0119gi Apokalipsy,&nbsp;<b>wspania\u0142ym obrazem Nieba,<\/b>&nbsp;w kt\u00f3rym ja\u015bnieje niezmierzony majestat Boga, ale w\u0142a\u015bnie Niebo z ca\u0142\u0105 swoj\u0105 pot\u0119g\u0105<b>otwiera swe podwoje na o\u015bcie\u017c<\/b>&nbsp;przed tymi, kt\u00f3rzy na ziemi w pocie czo\u0142a, konsekwentnie rozwijaj\u0105 swoje talenty i realizuj\u0105 postawione przed sob\u0105 zadania.<\/div>\n<div class=\"MsoNormal\" style=\"font-family: 'Times New Roman'; margin-bottom: 0px; margin-left: 0px; margin-right: 0px; margin-top: 0.4em; text-align: justify; text-indent: 35.4pt;\">W tym kontek\u015bcie dzisiaj zastan\u00f3wmy si\u0119:<\/div>\n<ul style=\"font-family: 'Times New Roman'; margin-top: 0cm;\" type=\"disc\">\n<li class=\"MsoNormal\" style=\"text-align: justify;\">Co uwa\u017cam za sw\u00f3j najwi\u0119kszy talent, dany mi przez Boga?<\/li>\n<li class=\"MsoNormal\" style=\"text-align: justify;\">Czy i jak go rozwijam?<\/li>\n<li class=\"MsoNormal\" style=\"text-align: justify;\">Czy w codziennym zabieganiu dostrzegam drugiego cz\u0142owieka i jego potrzeby, czy m\u00f3j prywatny sukces jest dla mnie najwa\u017cniejszy?<\/li>\n<li class=\"MsoNormal\" style=\"text-align: justify;\">Ile jestem w stanie da\u0107 z siebie i po\u015bwi\u0119ci\u0107, aby uzyska\u0107 wy\u017csze dobra?<\/li>\n<\/ul>\n<div class=\"MsoNormal\" style=\"font-family: 'Times New Roman'; margin-bottom: 0px; margin-left: 0px; margin-right: 0px; margin-top: 0.4em; text-align: justify;\">\n<\/div>\n<div class=\"MsoNormal\" style=\"font-family: 'Times New Roman'; margin-bottom: 0px; margin-left: 0px; margin-right: 0px; margin-top: 0.4em; text-align: justify; text-indent: 18pt;\"><b><i>\u015awi\u0119ty, \u015awi\u0119ty, \u015awi\u0119ty, Pan B\u00f3g wszechmog\u0105cy, Kt\u00f3ry by\u0142 i Kt\u00f3ry jest, i Kt\u00f3ry przychodzi<\/i><\/b><b>!<\/b><\/div>\n<div><b><br \/>\n<\/b><\/div>\n","protected":false},"excerpt":{"rendered":"<p>Bardzo serdecznie pozdrawiam wszystkich, kt\u00f3rzy zechcieli zajrze\u0107 na mojego bloga. Dzi\u0119kuj\u0119 tak\u017ce za komentarze. Na razie staram si\u0119 odpowiada\u0107 na ka\u017cdy wpis, ale pewnie nie b\u0119dzie to zawsze mo\u017cliwe, dlatego w przysz\u0142o\u015bci b\u0119d\u0119 odpowiada\u0142 bardziej og\u00f3lnie. Na pewno jednak uwa\u017cnie przeczytam wszystkie wpisy. I za wszystkie raz jeszcze dzi\u0119kuj\u0119. Jak wspomnia\u0142em w pierwszym wpisie, b\u0119d\u0119 [&hellip;]<\/p>\n","protected":false},"author":1,"featured_media":0,"comment_status":"open","ping_status":"open","sticky":false,"template":"","format":"standard","meta":{"jetpack_post_was_ever_published":false,"_jetpack_newsletter_access":"","_jetpack_dont_email_post_to_subs":false,"_jetpack_newsletter_tier_id":0,"_jetpack_memberships_contains_paywalled_content":false,"_jetpack_memberships_contains_paid_content":false,"footnotes":""},"categories":[1,3],"tags":[],"class_list":["post-10037","post","type-post","status-publish","format-standard","hentry","category-bez-kategorii","category-rok-2010"],"yoast_head":"<!-- This site is optimized with the Yoast SEO plugin v25.1 - https:\/\/yoast.com\/wordpress\/plugins\/seo\/ -->\n<title>Witam w \u015brod\u0119! - Gaudium Et Spes<\/title>\n<meta name=\"robots\" content=\"index, follow, max-snippet:-1, max-image-preview:large, max-video-preview:-1\" \/>\n<link rel=\"canonical\" href=\"https:\/\/gaudiumetspes-blog.pl\/index.php\/2010\/11\/17\/witam-w-srode\/\" \/>\n<meta property=\"og:locale\" content=\"pl_PL\" \/>\n<meta property=\"og:type\" content=\"article\" \/>\n<meta property=\"og:title\" content=\"Witam w \u015brod\u0119! - Gaudium Et Spes\" \/>\n<meta property=\"og:description\" content=\"Bardzo serdecznie pozdrawiam wszystkich, kt\u00f3rzy zechcieli zajrze\u0107 na mojego bloga. Dzi\u0119kuj\u0119 tak\u017ce za komentarze. Na razie staram si\u0119 odpowiada\u0107 na ka\u017cdy wpis, ale pewnie nie b\u0119dzie to zawsze mo\u017cliwe, dlatego w przysz\u0142o\u015bci b\u0119d\u0119 odpowiada\u0142 bardziej og\u00f3lnie. Na pewno jednak uwa\u017cnie przeczytam wszystkie wpisy. I za wszystkie raz jeszcze dzi\u0119kuj\u0119. Jak wspomnia\u0142em w pierwszym wpisie, b\u0119d\u0119 [&hellip;]\" \/>\n<meta property=\"og:url\" content=\"https:\/\/gaudiumetspes-blog.pl\/index.php\/2010\/11\/17\/witam-w-srode\/\" \/>\n<meta property=\"og:site_name\" content=\"Gaudium Et Spes\" \/>\n<meta property=\"article:published_time\" content=\"2010-11-17T08:48:00+00:00\" \/>\n<meta property=\"article:modified_time\" content=\"2019-07-31T10:51:53+00:00\" \/>\n<meta name=\"author\" content=\"Ks. Jacek\" \/>\n<meta name=\"twitter:card\" content=\"summary_large_image\" \/>\n<meta name=\"twitter:label1\" content=\"Napisane przez\" \/>\n\t<meta name=\"twitter:data1\" content=\"Ks. Jacek\" \/>\n\t<meta name=\"twitter:label2\" content=\"Szacowany czas czytania\" \/>\n\t<meta name=\"twitter:data2\" content=\"4 minuty\" \/>\n<script type=\"application\/ld+json\" class=\"yoast-schema-graph\">{\"@context\":\"https:\/\/schema.org\",\"@graph\":[{\"@type\":\"WebPage\",\"@id\":\"https:\/\/gaudiumetspes-blog.pl\/index.php\/2010\/11\/17\/witam-w-srode\/\",\"url\":\"https:\/\/gaudiumetspes-blog.pl\/index.php\/2010\/11\/17\/witam-w-srode\/\",\"name\":\"Witam w \u015brod\u0119! - Gaudium Et Spes\",\"isPartOf\":{\"@id\":\"https:\/\/gaudiumetspes-blog.pl\/#website\"},\"datePublished\":\"2010-11-17T08:48:00+00:00\",\"dateModified\":\"2019-07-31T10:51:53+00:00\",\"author\":{\"@id\":\"https:\/\/gaudiumetspes-blog.pl\/#\/schema\/person\/1661982992b752dea8dff0d4ed845a65\"},\"breadcrumb\":{\"@id\":\"https:\/\/gaudiumetspes-blog.pl\/index.php\/2010\/11\/17\/witam-w-srode\/#breadcrumb\"},\"inLanguage\":\"pl-PL\",\"potentialAction\":[{\"@type\":\"ReadAction\",\"target\":[\"https:\/\/gaudiumetspes-blog.pl\/index.php\/2010\/11\/17\/witam-w-srode\/\"]}]},{\"@type\":\"BreadcrumbList\",\"@id\":\"https:\/\/gaudiumetspes-blog.pl\/index.php\/2010\/11\/17\/witam-w-srode\/#breadcrumb\",\"itemListElement\":[{\"@type\":\"ListItem\",\"position\":1,\"name\":\"Strona g\u0142\u00f3wna\",\"item\":\"https:\/\/gaudiumetspes-blog.pl\/\"},{\"@type\":\"ListItem\",\"position\":2,\"name\":\"Witam w&nbsp;\u015brod\u0119!\"}]},{\"@type\":\"WebSite\",\"@id\":\"https:\/\/gaudiumetspes-blog.pl\/#website\",\"url\":\"https:\/\/gaudiumetspes-blog.pl\/\",\"name\":\"Gaudium Et Spes\",\"description\":\"Blog Ks. Jacka Ja\u015bkowskiego\",\"potentialAction\":[{\"@type\":\"SearchAction\",\"target\":{\"@type\":\"EntryPoint\",\"urlTemplate\":\"https:\/\/gaudiumetspes-blog.pl\/?s={search_term_string}\"},\"query-input\":{\"@type\":\"PropertyValueSpecification\",\"valueRequired\":true,\"valueName\":\"search_term_string\"}}],\"inLanguage\":\"pl-PL\"},{\"@type\":\"Person\",\"@id\":\"https:\/\/gaudiumetspes-blog.pl\/#\/schema\/person\/1661982992b752dea8dff0d4ed845a65\",\"name\":\"Ks. Jacek\",\"image\":{\"@type\":\"ImageObject\",\"inLanguage\":\"pl-PL\",\"@id\":\"https:\/\/gaudiumetspes-blog.pl\/#\/schema\/person\/image\/\",\"url\":\"https:\/\/gaudiumetspes-blog.pl\/wp-content\/uploads\/2019\/07\/avatar-JJ-150x150.jpg\",\"contentUrl\":\"https:\/\/gaudiumetspes-blog.pl\/wp-content\/uploads\/2019\/07\/avatar-JJ-150x150.jpg\",\"caption\":\"Ks. Jacek\"},\"description\":\"Witam serdecznie! K\u0142ania si\u0119 Ks. Jacek Ja\u015bkowski. Nie jestem ani kim\u015b wa\u017cnym, ani kim\u015b znanym. Jestem ksi\u0119dzem, kt\u00f3ry po prostu chce rozmawia\u0107. Codzienna kap\u0142a\u0144ska pos\u0142uga pokazuje mi, \u017ce temat\u00f3w do rozm\u00f3w z ksi\u0119dzem jest coraz wi\u0119cej i dzisiaj \u017caden ksi\u0105dz nie mo\u017ce od nich ucieka\u0107, ale - wprost przeciwnie - podejmowa\u0107 nowe wyzwania. To przekonanie sk\u0142oni\u0142o mnie do pr\u00f3by otwarcia tego\u017c bloga, chocia\u017c okazji do rozm\u00f3w na co dzie\u0144 - w konfesjonale i poza nim - na szcz\u0119\u015bcie nie brakuje. My\u015bl\u0119 jednak, \u017ce ten blog b\u0119dzie jeszcze jednym sposobem i przestrzeni\u0105 nawi\u0105zania kontaktu z lud\u017ami dobrej woli, otwartymi na dialog.\",\"url\":\"https:\/\/gaudiumetspes-blog.pl\/index.php\/author\/ks-jacek\/\"}]}<\/script>\n<!-- \/ Yoast SEO plugin. -->","yoast_head_json":{"title":"Witam w \u015brod\u0119! - Gaudium Et Spes","robots":{"index":"index","follow":"follow","max-snippet":"max-snippet:-1","max-image-preview":"max-image-preview:large","max-video-preview":"max-video-preview:-1"},"canonical":"https:\/\/gaudiumetspes-blog.pl\/index.php\/2010\/11\/17\/witam-w-srode\/","og_locale":"pl_PL","og_type":"article","og_title":"Witam w \u015brod\u0119! - Gaudium Et Spes","og_description":"Bardzo serdecznie pozdrawiam wszystkich, kt\u00f3rzy zechcieli zajrze\u0107 na mojego bloga. Dzi\u0119kuj\u0119 tak\u017ce za komentarze. Na razie staram si\u0119 odpowiada\u0107 na ka\u017cdy wpis, ale pewnie nie b\u0119dzie to zawsze mo\u017cliwe, dlatego w przysz\u0142o\u015bci b\u0119d\u0119 odpowiada\u0142 bardziej og\u00f3lnie. Na pewno jednak uwa\u017cnie przeczytam wszystkie wpisy. I za wszystkie raz jeszcze dzi\u0119kuj\u0119. Jak wspomnia\u0142em w pierwszym wpisie, b\u0119d\u0119 [&hellip;]","og_url":"https:\/\/gaudiumetspes-blog.pl\/index.php\/2010\/11\/17\/witam-w-srode\/","og_site_name":"Gaudium Et Spes","article_published_time":"2010-11-17T08:48:00+00:00","article_modified_time":"2019-07-31T10:51:53+00:00","author":"Ks. Jacek","twitter_card":"summary_large_image","twitter_misc":{"Napisane przez":"Ks. Jacek","Szacowany czas czytania":"4 minuty"},"schema":{"@context":"https:\/\/schema.org","@graph":[{"@type":"WebPage","@id":"https:\/\/gaudiumetspes-blog.pl\/index.php\/2010\/11\/17\/witam-w-srode\/","url":"https:\/\/gaudiumetspes-blog.pl\/index.php\/2010\/11\/17\/witam-w-srode\/","name":"Witam w \u015brod\u0119! - Gaudium Et Spes","isPartOf":{"@id":"https:\/\/gaudiumetspes-blog.pl\/#website"},"datePublished":"2010-11-17T08:48:00+00:00","dateModified":"2019-07-31T10:51:53+00:00","author":{"@id":"https:\/\/gaudiumetspes-blog.pl\/#\/schema\/person\/1661982992b752dea8dff0d4ed845a65"},"breadcrumb":{"@id":"https:\/\/gaudiumetspes-blog.pl\/index.php\/2010\/11\/17\/witam-w-srode\/#breadcrumb"},"inLanguage":"pl-PL","potentialAction":[{"@type":"ReadAction","target":["https:\/\/gaudiumetspes-blog.pl\/index.php\/2010\/11\/17\/witam-w-srode\/"]}]},{"@type":"BreadcrumbList","@id":"https:\/\/gaudiumetspes-blog.pl\/index.php\/2010\/11\/17\/witam-w-srode\/#breadcrumb","itemListElement":[{"@type":"ListItem","position":1,"name":"Strona g\u0142\u00f3wna","item":"https:\/\/gaudiumetspes-blog.pl\/"},{"@type":"ListItem","position":2,"name":"Witam w&nbsp;\u015brod\u0119!"}]},{"@type":"WebSite","@id":"https:\/\/gaudiumetspes-blog.pl\/#website","url":"https:\/\/gaudiumetspes-blog.pl\/","name":"Gaudium Et Spes","description":"Blog Ks. Jacka Ja\u015bkowskiego","potentialAction":[{"@type":"SearchAction","target":{"@type":"EntryPoint","urlTemplate":"https:\/\/gaudiumetspes-blog.pl\/?s={search_term_string}"},"query-input":{"@type":"PropertyValueSpecification","valueRequired":true,"valueName":"search_term_string"}}],"inLanguage":"pl-PL"},{"@type":"Person","@id":"https:\/\/gaudiumetspes-blog.pl\/#\/schema\/person\/1661982992b752dea8dff0d4ed845a65","name":"Ks. Jacek","image":{"@type":"ImageObject","inLanguage":"pl-PL","@id":"https:\/\/gaudiumetspes-blog.pl\/#\/schema\/person\/image\/","url":"https:\/\/gaudiumetspes-blog.pl\/wp-content\/uploads\/2019\/07\/avatar-JJ-150x150.jpg","contentUrl":"https:\/\/gaudiumetspes-blog.pl\/wp-content\/uploads\/2019\/07\/avatar-JJ-150x150.jpg","caption":"Ks. Jacek"},"description":"Witam serdecznie! K\u0142ania si\u0119 Ks. Jacek Ja\u015bkowski. Nie jestem ani kim\u015b wa\u017cnym, ani kim\u015b znanym. Jestem ksi\u0119dzem, kt\u00f3ry po prostu chce rozmawia\u0107. Codzienna kap\u0142a\u0144ska pos\u0142uga pokazuje mi, \u017ce temat\u00f3w do rozm\u00f3w z ksi\u0119dzem jest coraz wi\u0119cej i dzisiaj \u017caden ksi\u0105dz nie mo\u017ce od nich ucieka\u0107, ale - wprost przeciwnie - podejmowa\u0107 nowe wyzwania. To przekonanie sk\u0142oni\u0142o mnie do pr\u00f3by otwarcia tego\u017c bloga, chocia\u017c okazji do rozm\u00f3w na co dzie\u0144 - w konfesjonale i poza nim - na szcz\u0119\u015bcie nie brakuje. My\u015bl\u0119 jednak, \u017ce ten blog b\u0119dzie jeszcze jednym sposobem i przestrzeni\u0105 nawi\u0105zania kontaktu z lud\u017ami dobrej woli, otwartymi na dialog.","url":"https:\/\/gaudiumetspes-blog.pl\/index.php\/author\/ks-jacek\/"}]}},"jetpack_featured_media_url":"","jetpack_sharing_enabled":true,"_links":{"self":[{"href":"https:\/\/gaudiumetspes-blog.pl\/index.php\/wp-json\/wp\/v2\/posts\/10037","targetHints":{"allow":["GET"]}}],"collection":[{"href":"https:\/\/gaudiumetspes-blog.pl\/index.php\/wp-json\/wp\/v2\/posts"}],"about":[{"href":"https:\/\/gaudiumetspes-blog.pl\/index.php\/wp-json\/wp\/v2\/types\/post"}],"author":[{"embeddable":true,"href":"https:\/\/gaudiumetspes-blog.pl\/index.php\/wp-json\/wp\/v2\/users\/1"}],"replies":[{"embeddable":true,"href":"https:\/\/gaudiumetspes-blog.pl\/index.php\/wp-json\/wp\/v2\/comments?post=10037"}],"version-history":[{"count":1,"href":"https:\/\/gaudiumetspes-blog.pl\/index.php\/wp-json\/wp\/v2\/posts\/10037\/revisions"}],"predecessor-version":[{"id":10046,"href":"https:\/\/gaudiumetspes-blog.pl\/index.php\/wp-json\/wp\/v2\/posts\/10037\/revisions\/10046"}],"wp:attachment":[{"href":"https:\/\/gaudiumetspes-blog.pl\/index.php\/wp-json\/wp\/v2\/media?parent=10037"}],"wp:term":[{"taxonomy":"category","embeddable":true,"href":"https:\/\/gaudiumetspes-blog.pl\/index.php\/wp-json\/wp\/v2\/categories?post=10037"},{"taxonomy":"post_tag","embeddable":true,"href":"https:\/\/gaudiumetspes-blog.pl\/index.php\/wp-json\/wp\/v2\/tags?post=10037"}],"curies":[{"name":"wp","href":"https:\/\/api.w.org\/{rel}","templated":true}]}}