{"id":10038,"date":"2010-11-16T09:47:00","date_gmt":"2010-11-16T08:47:00","guid":{"rendered":"https:\/\/gaudiumetspes-blog.pl\/index.php\/2010\/11\/16\/witam-we-wtorek\/"},"modified":"2019-07-31T12:51:53","modified_gmt":"2019-07-31T10:51:53","slug":"witam-we-wtorek","status":"publish","type":"post","link":"https:\/\/gaudiumetspes-blog.pl\/index.php\/2010\/11\/16\/witam-we-wtorek\/","title":{"rendered":"Witam we wtorek!"},"content":{"rendered":"<p>Szcz\u0119\u015b\u0107 Bo\u017ce! Pozdrawiam we wtorkowy poranek. \u017bycz\u0119 wszystkim tego, aby uda\u0142o si\u0119 zrealizowa\u0107 wszystkie dzisiejsze plany i zamierzenia, i aby z tego wynik\u0142o prawdziwe dobro dla Was i Waszych bliskich. Pami\u0119tajcie te\u017c, \u017ce w niedziel\u0119 s\u0105 wybory. Zaplanujcie czas tak, aby wzi\u0105\u0107 w nich udzia\u0142! Przypominam, \u017ce Jan Pawe\u0142 II m\u00f3wi\u0142 i pisa\u0142, i\u017c bierno\u015b\u0107 w sprawach politycznych jest &#8211; szczeg\u00f3lnie w naszych czasach &#8211; dla chrze\u015bcijanina postaw\u0105&nbsp;nie do przyj\u0119cia! Polecam Waszym modlitwom spraw\u0119 tych wybor\u00f3w, aby ster rz\u0105d\u00f3w w lokalnych spo\u0142eczno\u015bciach wzi\u0119li ludzie m\u0105drzy, kt\u00f3rym b\u0119dzie zale\u017ca\u0142o na prawdziwym dobru ka\u017cdego cz\u0142owieka. A oto kilka refleksji na dzisiejszy dzie\u0144. Gaudium et spes! Ks. Jacek<\/p>\n<div class=\"MsoNormal\" style=\"font-family: 'Times New Roman'; margin-bottom: 0px; margin-left: 0px; margin-right: 0px; margin-top: 0.4em; text-align: justify;\"><b>Wtorek 33 tygodnia zwyk\u0142ego, rok II,<\/b><\/div>\n<div class=\"MsoNormal\" style=\"font-family: 'Times New Roman'; margin-bottom: 0px; margin-left: 0px; margin-right: 0px; margin-top: 0.4em; text-align: justify;\"><b>do czyta\u0144:&nbsp;&nbsp; Ap 3,1-6.14-22;&nbsp;&nbsp;&nbsp; \u0141k 19,1-10<br \/>\n<\/b><\/div>\n<div class=\"MsoNormal\" style=\"font-family: 'Times New Roman'; margin-bottom: 0px; margin-left: 0px; margin-right: 0px; margin-top: 0.4em; text-align: justify;\">\n<\/div>\n<div class=\"MsoNormal\" style=\"font-family: 'Times New Roman'; margin-bottom: 0px; margin-left: 0px; margin-right: 0px; margin-top: 0.4em; text-align: justify; text-indent: 35.4pt;\">Chyba wszyscy, kt\u00f3rzy s\u0142uchamy Bo\u017cego S\u0142owa w liturgii lub czytamy je w domu, dobrze znamy opisane dzisiaj wydarzenie ewangeliczne. Zacheusz, zwierzchnik celnik\u00f3w, a wi\u0119c ten, kt\u00f3ry zatrudnia\u0142 ludzi&nbsp;<b>do pobierania podatk\u00f3w na rzecz okupanta,<\/b>&nbsp;czyli Rzymu, a jednocze\u015bnie ustala\u0142 wysoko\u015b\u0107 c\u0142a na sprzedawane towary, a do tego wszystkiego jeszcze nie\u017ale przy okazji oszukiwa\u0142 \u2013 w\u0142a\u015bnie ten cz\u0142owiek daje dzisiaj&nbsp;<b>przyk\u0142ad radykalnego nawr\u00f3cenia.<\/b><\/div>\n<div class=\"MsoNormal\" style=\"font-family: 'Times New Roman'; margin-bottom: 0px; margin-left: 0px; margin-right: 0px; margin-top: 0.4em; text-align: justify; text-indent: 35.4pt;\">Podejmuje niema\u0142y trud, aby ujrze\u0107 Jezusa, bo wchodzi na drzewo, czym przecie\u017c nara\u017ca si\u0119 na kpiny i szyderstwa, a kiedy Jezus zauwa\u017ca t\u0119 jego dobr\u0105 wol\u0119 i idzie do niego w go\u015bcin\u0119, ten&nbsp;<b>b\u0142yskawicznie pojmuje, co si\u0119 sta\u0142o i jak ma na to zareagowa\u0107.<\/b>&nbsp;Natychmiast postanawia zwr\u00f3ci\u0107 to, co niesprawiedliwie pobra\u0142, a nawet wielokrotne wynagrodzi\u0107 krzywdy.<\/div>\n<div class=\"MsoNormal\" style=\"font-family: 'Times New Roman'; margin-bottom: 0px; margin-left: 0px; margin-right: 0px; margin-top: 0.4em; text-align: justify; text-indent: 35.4pt;\">Mo\u017cna powiedzie\u0107, \u017ce sta\u0142 si\u0119 w ten spos\u00f3b dla nas wszystkich przyk\u0142adem realizacji tego\u017c zastrze\u017cenia Jezusa, kt\u00f3re w Ksi\u0119dze Apokalipsy, w dzisiejszym pierwszym czytaniu, zosta\u0142o wyra\u017cone w s\u0142owach:&nbsp;<i>Znam twoje czyny, \u017ce ani zimny, ani gor\u0105cy nie jeste\u015b.&nbsp;<b>Oby\u015b by\u0142 zimny albo gor\u0105cy.<\/b>&nbsp;A skoro jeste\u015b letni i ani gor\u0105cy, ani zimny, chc\u0119 ci\u0119 z mych ust wyrzuci\u0107<\/i>. U\u017cywaj\u0105c tego zestawienia, Kochani, nale\u017ca\u0142oby powiedzie\u0107, \u017ce Zacheusz \u2013 na odcinku ducha i mi\u0142o\u015bci bli\u017aniego \u2013&nbsp;<b>by\u0142 bardzo zimny. A sta\u0142 si\u0119 gor\u0105cy.<\/b>&nbsp;Jezus doceni\u0142 to m\u00f3wi\u0105c, \u017ce oto w tym momencie zbawienie sta\u0142o si\u0119 udzia\u0142em jego domu.<\/div>\n<div class=\"MsoNormal\" style=\"font-family: 'Times New Roman'; margin-bottom: 0px; margin-left: 0px; margin-right: 0px; margin-top: 0.4em; text-align: justify; text-indent: 35.4pt;\">I my te\u017c zapewne znamy wielu takich, kt\u00f3rzy bardzo pogubieni i z niejednym grzechem na sumieniu&nbsp;<b>gdzie\u015b tam daleko od Boga b\u0142\u0105dzili,<\/b>kiedy jednak w taki czy inny spos\u00f3b dotkni\u0119ci zostali \u0142ask\u0105 Bo\u017c\u0105 \u2013 nawracali si\u0119 i ju\u017c od tego momentu ich \u017cycie sta\u0142o si\u0119 absolutnie odmienione.&nbsp;<b>Ca\u0142kowicie. Radykalnie.<\/b>&nbsp;Przyk\u0142ad takich ludzi jest bardzo buduj\u0105cy i niesie rado\u015b\u0107 i nadziej\u0119.<\/div>\n<div class=\"MsoNormal\" style=\"font-family: 'Times New Roman'; margin-bottom: 0px; margin-left: 0px; margin-right: 0px; margin-top: 0.4em; text-align: justify; text-indent: 35.4pt;\">Jednak cz\u0119\u015bciej chyba mamy do czynienia&nbsp;<b>z postaw\u0105 owej letnio\u015bci,<\/b>&nbsp;kt\u00f3ra wyra\u017ca si\u0119 w tym, \u017ce do \u201eko\u015bci\u00f3\u0142ka\u201d chodz\u0119 i \u201epaciorek\u201d odmawiam, i na pielgrzymk\u0119 pojad\u0119 czy p\u00f3jd\u0119, i ksi\u0119dza po kol\u0119dzie przyjm\u0119. Ale od wielu lat pope\u0142niam te same grzechy, z kt\u00f3rymi jest mi dobrze,&nbsp;<b>do kt\u00f3rych si\u0119 przyzwyczai\u0142em, z kt\u00f3rymi wcale nie chce mi si\u0119 walczy\u0107,<\/b>&nbsp;bo t\u0142umacz\u0119 sobie, \u017ce przecie\u017c ja ju\u017c taki jestem, ju\u017c si\u0119 nie zmieni\u0119. Cz\u0119sto grzechy te sprawiaj\u0105,&nbsp;<b>\u017ce innym ci\u0119\u017cko jest ze mn\u0105 \u017cy\u0107!<\/b>Ale przecie\u017c ja jestem bardzo wierz\u0105cy, do \u201eko\u015bci\u00f3\u0142ka\u201d chodz\u0119\u2026 I tak, jak ci z Ewangelii, nieraz gorsz\u0119 si\u0119 tym, \u017ce Jezus do&nbsp;<i>grzesznika poszed\u0142 w go\u015bcin\u0119<\/i>\u2026&nbsp;&nbsp;<b>To jest w\u0142a\u015bnie letnio\u015b\u0107.<\/b><\/div>\n<div class=\"MsoNormal\" style=\"font-family: 'Times New Roman'; margin-bottom: 0px; margin-left: 0px; margin-right: 0px; margin-top: 0.4em; text-align: justify; text-indent: 35.4pt;\">A potrzeba \u2013 chyba szczeg\u00f3lnie w naszych czasach \u2013&nbsp;<b>radykalizmu w sprawach wiary!<\/b>&nbsp;Takiego p\u00f3j\u015bcia \u201ena ca\u0142o\u015b\u0107\u201d, kt\u00f3re wyrazi si\u0119 postawie&nbsp;<b>zdecydowanej walki<\/b>&nbsp;z grzechem i&nbsp;<b>konsekwentnego post\u0119powania<\/b>&nbsp;drogami Bo\u017cymi. W\u0142a\u015bnie takiej postawy uczy nas dzisiaj Zacheusz.<\/div>\n<div class=\"MsoNormal\" style=\"font-family: 'Times New Roman'; margin-bottom: 0px; margin-left: 0px; margin-right: 0px; margin-top: 0.4em; text-align: justify; text-indent: 35.4pt;\">Zechciejmy zatem, w tym kontek\u015bcie, zastanowi\u0107 si\u0119 g\u0142\u0119boko:<\/div>\n<ul style=\"font-family: 'Times New Roman'; margin-top: 0cm;\" type=\"disc\">\n<li class=\"MsoNormal\" style=\"text-align: justify;\">Czy dobrze przygotowuj\u0119 si\u0119 do&nbsp;<b>ka\u017cdej Spowiedzi<\/b>&nbsp;przez solidny rachunek sumienia?<\/li>\n<li class=\"MsoNormal\" style=\"text-align: justify;\">Co uda\u0142o mi si\u0119&nbsp;<b>konkretnie<\/b>&nbsp;poprawi\u0107 w mojej postawie po ostatniej Spowiedzi?<\/li>\n<li class=\"MsoNormal\" style=\"text-align: justify;\">Czy nie ma w mojej postawie takiego grzechu, z kt\u00f3rym jest mi dobrze i nad kt\u00f3rym ju\u017c nie zamierzam pracowa\u0107?<\/li>\n<li class=\"MsoNormal\" style=\"text-align: justify;\">Jak d\u0142uga jest w moim przypadku droga od podj\u0119cia dobrego postanowienia do jego realizacji?<\/li>\n<\/ul>\n<div class=\"MsoNormal\" style=\"font-family: 'Times New Roman'; margin-bottom: 0px; margin-left: 0px; margin-right: 0px; margin-top: 0.4em; text-align: justify;\">\n<\/div>\n<div class=\"MsoNormal\" style=\"font-family: 'Times New Roman'; margin-bottom: 0px; margin-left: 0px; margin-right: 0px; margin-top: 0.4em; text-align: justify;\">&nbsp;&nbsp;&nbsp;&nbsp;&nbsp;&nbsp;&nbsp;Zwyci\u0119zcy dam zasi\u0105\u015b\u0107 ze Mn\u0105 na moim tronie.<\/div>\n<p><br style=\"font-family: 'Times New Roman';\" \/><\/p>\n","protected":false},"excerpt":{"rendered":"<p>Szcz\u0119\u015b\u0107 Bo\u017ce! Pozdrawiam we wtorkowy poranek. \u017bycz\u0119 wszystkim tego, aby uda\u0142o si\u0119 zrealizowa\u0107 wszystkie dzisiejsze plany i zamierzenia, i aby z tego wynik\u0142o prawdziwe dobro dla Was i Waszych bliskich. Pami\u0119tajcie te\u017c, \u017ce w niedziel\u0119 s\u0105 wybory. Zaplanujcie czas tak, aby wzi\u0105\u0107 w nich udzia\u0142! Przypominam, \u017ce Jan Pawe\u0142 II m\u00f3wi\u0142 i pisa\u0142, i\u017c bierno\u015b\u0107 [&hellip;]<\/p>\n","protected":false},"author":1,"featured_media":0,"comment_status":"open","ping_status":"open","sticky":false,"template":"","format":"standard","meta":{"jetpack_post_was_ever_published":false,"_jetpack_newsletter_access":"","_jetpack_dont_email_post_to_subs":false,"_jetpack_newsletter_tier_id":0,"_jetpack_memberships_contains_paywalled_content":false,"_jetpack_memberships_contains_paid_content":false,"footnotes":""},"categories":[1,3],"tags":[],"class_list":["post-10038","post","type-post","status-publish","format-standard","hentry","category-bez-kategorii","category-rok-2010"],"yoast_head":"<!-- This site is optimized with the Yoast SEO plugin v25.1 - https:\/\/yoast.com\/wordpress\/plugins\/seo\/ -->\n<title>Witam we wtorek! - Gaudium Et Spes<\/title>\n<meta name=\"robots\" content=\"index, follow, max-snippet:-1, max-image-preview:large, max-video-preview:-1\" \/>\n<link rel=\"canonical\" href=\"https:\/\/gaudiumetspes-blog.pl\/index.php\/2010\/11\/16\/witam-we-wtorek\/\" \/>\n<meta property=\"og:locale\" content=\"pl_PL\" \/>\n<meta property=\"og:type\" content=\"article\" \/>\n<meta property=\"og:title\" content=\"Witam we wtorek! - Gaudium Et Spes\" \/>\n<meta property=\"og:description\" content=\"Szcz\u0119\u015b\u0107 Bo\u017ce! Pozdrawiam we wtorkowy poranek. \u017bycz\u0119 wszystkim tego, aby uda\u0142o si\u0119 zrealizowa\u0107 wszystkie dzisiejsze plany i zamierzenia, i aby z tego wynik\u0142o prawdziwe dobro dla Was i Waszych bliskich. Pami\u0119tajcie te\u017c, \u017ce w niedziel\u0119 s\u0105 wybory. Zaplanujcie czas tak, aby wzi\u0105\u0107 w nich udzia\u0142! Przypominam, \u017ce Jan Pawe\u0142 II m\u00f3wi\u0142 i pisa\u0142, i\u017c bierno\u015b\u0107 [&hellip;]\" \/>\n<meta property=\"og:url\" content=\"https:\/\/gaudiumetspes-blog.pl\/index.php\/2010\/11\/16\/witam-we-wtorek\/\" \/>\n<meta property=\"og:site_name\" content=\"Gaudium Et Spes\" \/>\n<meta property=\"article:published_time\" content=\"2010-11-16T08:47:00+00:00\" \/>\n<meta property=\"article:modified_time\" content=\"2019-07-31T10:51:53+00:00\" \/>\n<meta name=\"author\" content=\"Ks. Jacek\" \/>\n<meta name=\"twitter:card\" content=\"summary_large_image\" \/>\n<meta name=\"twitter:label1\" content=\"Napisane przez\" \/>\n\t<meta name=\"twitter:data1\" content=\"Ks. Jacek\" \/>\n\t<meta name=\"twitter:label2\" content=\"Szacowany czas czytania\" \/>\n\t<meta name=\"twitter:data2\" content=\"4 minuty\" \/>\n<script type=\"application\/ld+json\" class=\"yoast-schema-graph\">{\"@context\":\"https:\/\/schema.org\",\"@graph\":[{\"@type\":\"WebPage\",\"@id\":\"https:\/\/gaudiumetspes-blog.pl\/index.php\/2010\/11\/16\/witam-we-wtorek\/\",\"url\":\"https:\/\/gaudiumetspes-blog.pl\/index.php\/2010\/11\/16\/witam-we-wtorek\/\",\"name\":\"Witam we wtorek! - Gaudium Et Spes\",\"isPartOf\":{\"@id\":\"https:\/\/gaudiumetspes-blog.pl\/#website\"},\"datePublished\":\"2010-11-16T08:47:00+00:00\",\"dateModified\":\"2019-07-31T10:51:53+00:00\",\"author\":{\"@id\":\"https:\/\/gaudiumetspes-blog.pl\/#\/schema\/person\/1661982992b752dea8dff0d4ed845a65\"},\"breadcrumb\":{\"@id\":\"https:\/\/gaudiumetspes-blog.pl\/index.php\/2010\/11\/16\/witam-we-wtorek\/#breadcrumb\"},\"inLanguage\":\"pl-PL\",\"potentialAction\":[{\"@type\":\"ReadAction\",\"target\":[\"https:\/\/gaudiumetspes-blog.pl\/index.php\/2010\/11\/16\/witam-we-wtorek\/\"]}]},{\"@type\":\"BreadcrumbList\",\"@id\":\"https:\/\/gaudiumetspes-blog.pl\/index.php\/2010\/11\/16\/witam-we-wtorek\/#breadcrumb\",\"itemListElement\":[{\"@type\":\"ListItem\",\"position\":1,\"name\":\"Strona g\u0142\u00f3wna\",\"item\":\"https:\/\/gaudiumetspes-blog.pl\/\"},{\"@type\":\"ListItem\",\"position\":2,\"name\":\"Witam we&nbsp;wtorek!\"}]},{\"@type\":\"WebSite\",\"@id\":\"https:\/\/gaudiumetspes-blog.pl\/#website\",\"url\":\"https:\/\/gaudiumetspes-blog.pl\/\",\"name\":\"Gaudium Et Spes\",\"description\":\"Blog Ks. Jacka Ja\u015bkowskiego\",\"potentialAction\":[{\"@type\":\"SearchAction\",\"target\":{\"@type\":\"EntryPoint\",\"urlTemplate\":\"https:\/\/gaudiumetspes-blog.pl\/?s={search_term_string}\"},\"query-input\":{\"@type\":\"PropertyValueSpecification\",\"valueRequired\":true,\"valueName\":\"search_term_string\"}}],\"inLanguage\":\"pl-PL\"},{\"@type\":\"Person\",\"@id\":\"https:\/\/gaudiumetspes-blog.pl\/#\/schema\/person\/1661982992b752dea8dff0d4ed845a65\",\"name\":\"Ks. Jacek\",\"image\":{\"@type\":\"ImageObject\",\"inLanguage\":\"pl-PL\",\"@id\":\"https:\/\/gaudiumetspes-blog.pl\/#\/schema\/person\/image\/\",\"url\":\"https:\/\/gaudiumetspes-blog.pl\/wp-content\/uploads\/2019\/07\/avatar-JJ-150x150.jpg\",\"contentUrl\":\"https:\/\/gaudiumetspes-blog.pl\/wp-content\/uploads\/2019\/07\/avatar-JJ-150x150.jpg\",\"caption\":\"Ks. Jacek\"},\"description\":\"Witam serdecznie! K\u0142ania si\u0119 Ks. Jacek Ja\u015bkowski. Nie jestem ani kim\u015b wa\u017cnym, ani kim\u015b znanym. Jestem ksi\u0119dzem, kt\u00f3ry po prostu chce rozmawia\u0107. Codzienna kap\u0142a\u0144ska pos\u0142uga pokazuje mi, \u017ce temat\u00f3w do rozm\u00f3w z ksi\u0119dzem jest coraz wi\u0119cej i dzisiaj \u017caden ksi\u0105dz nie mo\u017ce od nich ucieka\u0107, ale - wprost przeciwnie - podejmowa\u0107 nowe wyzwania. To przekonanie sk\u0142oni\u0142o mnie do pr\u00f3by otwarcia tego\u017c bloga, chocia\u017c okazji do rozm\u00f3w na co dzie\u0144 - w konfesjonale i poza nim - na szcz\u0119\u015bcie nie brakuje. My\u015bl\u0119 jednak, \u017ce ten blog b\u0119dzie jeszcze jednym sposobem i przestrzeni\u0105 nawi\u0105zania kontaktu z lud\u017ami dobrej woli, otwartymi na dialog.\",\"url\":\"https:\/\/gaudiumetspes-blog.pl\/index.php\/author\/ks-jacek\/\"}]}<\/script>\n<!-- \/ Yoast SEO plugin. -->","yoast_head_json":{"title":"Witam we wtorek! - Gaudium Et Spes","robots":{"index":"index","follow":"follow","max-snippet":"max-snippet:-1","max-image-preview":"max-image-preview:large","max-video-preview":"max-video-preview:-1"},"canonical":"https:\/\/gaudiumetspes-blog.pl\/index.php\/2010\/11\/16\/witam-we-wtorek\/","og_locale":"pl_PL","og_type":"article","og_title":"Witam we wtorek! - Gaudium Et Spes","og_description":"Szcz\u0119\u015b\u0107 Bo\u017ce! Pozdrawiam we wtorkowy poranek. \u017bycz\u0119 wszystkim tego, aby uda\u0142o si\u0119 zrealizowa\u0107 wszystkie dzisiejsze plany i zamierzenia, i aby z tego wynik\u0142o prawdziwe dobro dla Was i Waszych bliskich. Pami\u0119tajcie te\u017c, \u017ce w niedziel\u0119 s\u0105 wybory. Zaplanujcie czas tak, aby wzi\u0105\u0107 w nich udzia\u0142! Przypominam, \u017ce Jan Pawe\u0142 II m\u00f3wi\u0142 i pisa\u0142, i\u017c bierno\u015b\u0107 [&hellip;]","og_url":"https:\/\/gaudiumetspes-blog.pl\/index.php\/2010\/11\/16\/witam-we-wtorek\/","og_site_name":"Gaudium Et Spes","article_published_time":"2010-11-16T08:47:00+00:00","article_modified_time":"2019-07-31T10:51:53+00:00","author":"Ks. Jacek","twitter_card":"summary_large_image","twitter_misc":{"Napisane przez":"Ks. Jacek","Szacowany czas czytania":"4 minuty"},"schema":{"@context":"https:\/\/schema.org","@graph":[{"@type":"WebPage","@id":"https:\/\/gaudiumetspes-blog.pl\/index.php\/2010\/11\/16\/witam-we-wtorek\/","url":"https:\/\/gaudiumetspes-blog.pl\/index.php\/2010\/11\/16\/witam-we-wtorek\/","name":"Witam we wtorek! - Gaudium Et Spes","isPartOf":{"@id":"https:\/\/gaudiumetspes-blog.pl\/#website"},"datePublished":"2010-11-16T08:47:00+00:00","dateModified":"2019-07-31T10:51:53+00:00","author":{"@id":"https:\/\/gaudiumetspes-blog.pl\/#\/schema\/person\/1661982992b752dea8dff0d4ed845a65"},"breadcrumb":{"@id":"https:\/\/gaudiumetspes-blog.pl\/index.php\/2010\/11\/16\/witam-we-wtorek\/#breadcrumb"},"inLanguage":"pl-PL","potentialAction":[{"@type":"ReadAction","target":["https:\/\/gaudiumetspes-blog.pl\/index.php\/2010\/11\/16\/witam-we-wtorek\/"]}]},{"@type":"BreadcrumbList","@id":"https:\/\/gaudiumetspes-blog.pl\/index.php\/2010\/11\/16\/witam-we-wtorek\/#breadcrumb","itemListElement":[{"@type":"ListItem","position":1,"name":"Strona g\u0142\u00f3wna","item":"https:\/\/gaudiumetspes-blog.pl\/"},{"@type":"ListItem","position":2,"name":"Witam we&nbsp;wtorek!"}]},{"@type":"WebSite","@id":"https:\/\/gaudiumetspes-blog.pl\/#website","url":"https:\/\/gaudiumetspes-blog.pl\/","name":"Gaudium Et Spes","description":"Blog Ks. Jacka Ja\u015bkowskiego","potentialAction":[{"@type":"SearchAction","target":{"@type":"EntryPoint","urlTemplate":"https:\/\/gaudiumetspes-blog.pl\/?s={search_term_string}"},"query-input":{"@type":"PropertyValueSpecification","valueRequired":true,"valueName":"search_term_string"}}],"inLanguage":"pl-PL"},{"@type":"Person","@id":"https:\/\/gaudiumetspes-blog.pl\/#\/schema\/person\/1661982992b752dea8dff0d4ed845a65","name":"Ks. Jacek","image":{"@type":"ImageObject","inLanguage":"pl-PL","@id":"https:\/\/gaudiumetspes-blog.pl\/#\/schema\/person\/image\/","url":"https:\/\/gaudiumetspes-blog.pl\/wp-content\/uploads\/2019\/07\/avatar-JJ-150x150.jpg","contentUrl":"https:\/\/gaudiumetspes-blog.pl\/wp-content\/uploads\/2019\/07\/avatar-JJ-150x150.jpg","caption":"Ks. Jacek"},"description":"Witam serdecznie! K\u0142ania si\u0119 Ks. Jacek Ja\u015bkowski. Nie jestem ani kim\u015b wa\u017cnym, ani kim\u015b znanym. Jestem ksi\u0119dzem, kt\u00f3ry po prostu chce rozmawia\u0107. Codzienna kap\u0142a\u0144ska pos\u0142uga pokazuje mi, \u017ce temat\u00f3w do rozm\u00f3w z ksi\u0119dzem jest coraz wi\u0119cej i dzisiaj \u017caden ksi\u0105dz nie mo\u017ce od nich ucieka\u0107, ale - wprost przeciwnie - podejmowa\u0107 nowe wyzwania. To przekonanie sk\u0142oni\u0142o mnie do pr\u00f3by otwarcia tego\u017c bloga, chocia\u017c okazji do rozm\u00f3w na co dzie\u0144 - w konfesjonale i poza nim - na szcz\u0119\u015bcie nie brakuje. My\u015bl\u0119 jednak, \u017ce ten blog b\u0119dzie jeszcze jednym sposobem i przestrzeni\u0105 nawi\u0105zania kontaktu z lud\u017ami dobrej woli, otwartymi na dialog.","url":"https:\/\/gaudiumetspes-blog.pl\/index.php\/author\/ks-jacek\/"}]}},"jetpack_featured_media_url":"","jetpack_sharing_enabled":true,"_links":{"self":[{"href":"https:\/\/gaudiumetspes-blog.pl\/index.php\/wp-json\/wp\/v2\/posts\/10038","targetHints":{"allow":["GET"]}}],"collection":[{"href":"https:\/\/gaudiumetspes-blog.pl\/index.php\/wp-json\/wp\/v2\/posts"}],"about":[{"href":"https:\/\/gaudiumetspes-blog.pl\/index.php\/wp-json\/wp\/v2\/types\/post"}],"author":[{"embeddable":true,"href":"https:\/\/gaudiumetspes-blog.pl\/index.php\/wp-json\/wp\/v2\/users\/1"}],"replies":[{"embeddable":true,"href":"https:\/\/gaudiumetspes-blog.pl\/index.php\/wp-json\/wp\/v2\/comments?post=10038"}],"version-history":[{"count":1,"href":"https:\/\/gaudiumetspes-blog.pl\/index.php\/wp-json\/wp\/v2\/posts\/10038\/revisions"}],"predecessor-version":[{"id":10045,"href":"https:\/\/gaudiumetspes-blog.pl\/index.php\/wp-json\/wp\/v2\/posts\/10038\/revisions\/10045"}],"wp:attachment":[{"href":"https:\/\/gaudiumetspes-blog.pl\/index.php\/wp-json\/wp\/v2\/media?parent=10038"}],"wp:term":[{"taxonomy":"category","embeddable":true,"href":"https:\/\/gaudiumetspes-blog.pl\/index.php\/wp-json\/wp\/v2\/categories?post=10038"},{"taxonomy":"post_tag","embeddable":true,"href":"https:\/\/gaudiumetspes-blog.pl\/index.php\/wp-json\/wp\/v2\/tags?post=10038"}],"curies":[{"name":"wp","href":"https:\/\/api.w.org\/{rel}","templated":true}]}}