{"id":10040,"date":"2010-11-13T09:43:00","date_gmt":"2010-11-13T08:43:00","guid":{"rendered":"https:\/\/gaudiumetspes-blog.pl\/index.php\/2010\/11\/13\/bogosawionego-dnia-panskiego\/"},"modified":"2019-07-31T12:51:53","modified_gmt":"2019-07-31T10:51:53","slug":"bogosawionego-dnia-panskiego","status":"publish","type":"post","link":"https:\/\/gaudiumetspes-blog.pl\/index.php\/2010\/11\/13\/bogosawionego-dnia-panskiego\/","title":{"rendered":"B\u0142ogos\u0142awionego Dnia Pa\u0144skiego!"},"content":{"rendered":"<p>Gor\u0105co pozdrawiam w Dniu Pa\u0144skim. Dzi\u0119kuj\u0119 wszystkim, kt\u00f3rzy wczoraj zajrzeli na t\u0119 stron\u0119. Bardzo si\u0119 ciesz\u0119 z tych odwiedzin, bo to zaledwie pierwszy dzie\u0144, a zajrza\u0142o prawie sze\u015b\u0107dziesi\u0105t os\u00f3b. Dzi\u0119kuj\u0119 i zapraszam! A na dzisiejsz\u0105 niedziel\u0119 proponuje kilka s\u0142\u00f3w refleksji, \u017cycz\u0105c wszystkim b\u0142ogos\u0142awionego Dnia Pa\u0144skiego, prze\u017cytego w atmosferze modlitwy i refleksji, ale te\u017c &#8211; odpoczynku i rodzinnego spotkania, w duchu mi\u0142o\u015bci i spokoju, rado\u015bci i nadziei. Gaudium et spes!<br \/>\n&nbsp;&nbsp;&nbsp;&nbsp;&nbsp;&nbsp;&nbsp;&nbsp;&nbsp;&nbsp;&nbsp;&nbsp;&nbsp;&nbsp;&nbsp;&nbsp;&nbsp;&nbsp;&nbsp;&nbsp;&nbsp;&nbsp;&nbsp;&nbsp;&nbsp;&nbsp;&nbsp;&nbsp;&nbsp;&nbsp;&nbsp;&nbsp;&nbsp;&nbsp;&nbsp;&nbsp;&nbsp;&nbsp;&nbsp;&nbsp;&nbsp;&nbsp;&nbsp;&nbsp;&nbsp;&nbsp; Ks. Jacek<\/p>\n<div class=\"MsoNormal\" style=\"font-family: 'Times New Roman'; margin-bottom: 0px; margin-left: 0px; margin-right: 0px; margin-top: 0.4em; text-align: justify;\"><b>33 Niedziela Zwyk\u0142a, C,<\/b><\/div>\n<div class=\"MsoNormal\" style=\"font-family: 'Times New Roman'; margin-bottom: 0px; margin-left: 0px; margin-right: 0px; margin-top: 0.4em; text-align: justify;\">do czyta\u0144:&nbsp; Ml 3,19-20a;&nbsp;&nbsp; 1Tes 3,7-12;&nbsp;&nbsp; \u0141k 21,5-19<br \/>\n<b><\/b><\/div>\n<div class=\"MsoNormal\" style=\"font-family: 'Times New Roman'; margin-bottom: 0px; margin-left: 0px; margin-right: 0px; margin-top: 0.4em; text-align: justify;\">\n<\/div>\n<div class=\"MsoNormal\" style=\"font-family: 'Times New Roman'; margin-bottom: 0px; margin-left: 0px; margin-right: 0px; margin-top: 0.4em; text-align: justify; text-indent: 35.4pt;\">Dwa obrazy rysuje przed naszymi oczami dzisiaj Prorok Malachiasz \u2013&nbsp;<b>dwa obrazy \u015bwiat\u0142a.<\/b>&nbsp;Tyle, \u017ce jedno \u015bwiat\u0142o bardzo r\u00f3\u017cni si\u0119 od drugiego.&nbsp;<b>Pierwsze \u2013 to \u015bwiat\u0142o ognia,<\/b>&nbsp;wydobywaj\u0105cego si\u0119 z pieca. Ognia, kt\u00f3ry spali s\u0142om\u0119, a wi\u0119c wszystkich pysznych i krzywdz\u0105cych innych.&nbsp;<b>I to spali doszcz\u0119tnie!<\/b>&nbsp;Kiedy si\u0119 czyta powy\u017csze stwierdzenia, zapisane przez Proroka, to jakby si\u0119 dos\u0142ownie s\u0142ysza\u0142o trzask ognia i p\u0142on\u0105cych w nim ga\u0142\u0105zek. To obraz z\u0142owrogi, straszny, oznaczaj\u0105cy jak\u0105\u015b kl\u0119sk\u0119, jak\u0105\u015b straszn\u0105 przegran\u0105 tych, kt\u00f3rym za \u017cycia ziemskiego wydawa\u0142o si\u0119, \u017ce \u201ezjedli wszystkie rozumy\u201d i wszystkich maj\u0105 \u201ew gar\u015bci\u201d.<\/div>\n<div class=\"MsoNormal\" style=\"font-family: 'Times New Roman'; margin-bottom: 0px; margin-left: 0px; margin-right: 0px; margin-top: 0.4em; text-align: justify; text-indent: 35.4pt;\">I drugi obraz \u015bwiat\u0142a \u2013&nbsp;<b>tego \u015bwiat\u0142a, kt\u00f3re bije od s\u0142o\u0144ca<\/b>&nbsp;i kt\u00f3re w swoich promieniach niesie uzdrowienie wszystkim chc\u0105cym si\u0119 nim ogrza\u0107, kt\u00f3rzy jednak swoim \u017cyciem zas\u0142u\u017cyli na ten dar. Tak ma wygl\u0105da\u0107 \u00f3w dzie\u0144 \u2013 dzie\u0144 ostatni \u2013 wed\u0142ug Proroka Malachiasza. Oczywi\u015bcie, z zastrze\u017ceniem, \u017ce mamy do czynienia&nbsp;<b>z opisem symbolicznym.<\/b>&nbsp;Jednak to, co w tym opisie nie jest symboliczne, to ta prawda, \u017ce dzie\u0144 \u00f3w b\u0119dzie czasem&nbsp;<b>bardzo jednoznacznego i ostatecznego, i nieodwracalnego rozstrzygni\u0119cia wszystkiego,&nbsp;<\/b>co jest na \u015bwiecie \u2013 i ostatecznego zako\u0144czenia tego\u017c \u015bwiata.<\/div>\n<div class=\"MsoNormal\" style=\"font-family: 'Times New Roman'; margin-bottom: 0px; margin-left: 0px; margin-right: 0px; margin-top: 0.4em; text-align: justify; text-indent: 35.4pt;\">W podobnym tonie wypowiada si\u0119 tak\u017ce Jezus w dzisiejszej Ewangelii, przedstawiaj\u0105c&nbsp;<b>obraz doszcz\u0119tnego zburzenia \u015awi\u0105tyni Jerozolimskiej<\/b>&nbsp;\u2013 kt\u00f3re zreszt\u0105 faktycznie si\u0119 dokona\u0142o, chocia\u017c tutaj ma ono znaczenie symboliczne \u2013 jak r\u00f3wnie\u017c obraz trz\u0119sienia ziemi, g\u0142odu, zarazy, strasznych zjawisk i wielkich znak\u00f3w na niebie. A do tego wszystkiego jeszcze \u2013 obraz prze\u015bladowa\u0144, jakie spotkaj\u0105 wyznawc\u00f3w Chrystusa\u2026 Powiedzmy sobie szczerze, \u017ce to&nbsp;<b>obraz w sumie ma\u0142o zach\u0119caj\u0105cy.<\/b><\/div>\n<div class=\"MsoNormal\" style=\"font-family: 'Times New Roman'; margin-bottom: 0px; margin-left: 0px; margin-right: 0px; margin-top: 0.4em; text-align: justify; text-indent: 35.4pt;\">Jednak Jezus sam niejako uspokaja swoich uczni\u00f3w i wszystkich, kt\u00f3rzy w Niego wierz\u0105, m\u00f3wi\u0105c \u2013 w odpowiedzi na pytanie, kiedy si\u0119 to zacznie i jakie b\u0119d\u0105 tego znaki \u2013 \u017ce wielu b\u0119dzie takich, kt\u00f3rzy wie\u015bci\u0107 b\u0119d\u0105 bliski koniec. Jezus m\u00f3wi bardzo zdecydowanie:&nbsp;<b><i>Strze\u017ccie si\u0119, \u017ceby was nie zwiedziono.&nbsp;<\/i><\/b>[\u2026]&nbsp;<i>Nie chod\u017acie za nimi. I nie trw\u00f3\u017ccie si\u0119, gdy pos\u0142yszycie o wojnach i przewrotach. To najpierw musi si\u0119 sta\u0107, ale nie zaraz nast\u0105pi koniec.<\/i><\/div>\n<div class=\"MsoNormal\" style=\"font-family: 'Times New Roman'; margin-bottom: 0px; margin-left: 0px; margin-right: 0px; margin-top: 0.4em; text-align: justify; text-indent: 35.4pt;\">Jak\u0105 zatem postaw\u0119 ma przyj\u0105\u0107 w \u015bwietle tych\u017ce wskaza\u0144 ucze\u0144 Chrystusa? Z ca\u0142\u0105 pewno\u015bci\u0105 \u2013&nbsp;<b>nie powinien goni\u0107 za sensacj\u0105 i nie powinien przyk\u0142ada\u0107 ucha do ka\u017cdej bezsensownej&nbsp; powiastki<\/b>&nbsp;o tym, \u017ce to nast\u0105pi wtedy czy wtedy. C\u00f3\u017c zatem robi\u0107? Odpowied\u017a wydaje si\u0119 jasna:&nbsp;<b>zda\u0107 si\u0119 ca\u0142kowicie na Jezusa!<\/b>&nbsp;Potraktowa\u0107 wszystkie ewentualne do\u015bwiadczenia czy trudno\u015bci nie jako pow\u00f3d do paniki, ale jako okazj\u0119 do sk\u0142adania \u015bwiadectwa. Tak to ujmuje Jezus, dodaj\u0105c:&nbsp;<b><i>Postan\u00f3wcie sobie w sercu nie obmy\u015bla\u0107 swej obrony.<\/i><\/b><i>&nbsp;Ja bowiem dam wam wymow\u0119 i m\u0105dro\u015b\u0107, kt\u00f3rej \u017caden z waszych prze\u015bladowc\u00f3w nie b\u0119dzie si\u0119 m\u00f3g\u0142 oprze\u0107, ani si\u0119 sprzeciwi\u0107. A wydawa\u0107 was b\u0119d\u0105 nawet rodzice i bracia, krewni i przyjaciele i niekt\u00f3rych z was o \u015bmier\u0107 przyprawi\u0105. I z powodu mojego imienia b\u0119dziecie w nienawi\u015bci u wszystkich.&nbsp;<b>Ale w\u0142os z g\u0142owy wam nie zginie. Przez swoj\u0105 wytrwa\u0142o\u015b\u0107 ocalicie wasze \u017cycie<\/b><\/i><b>.<\/b><\/div>\n<div class=\"MsoNormal\" style=\"font-family: 'Times New Roman'; margin-bottom: 0px; margin-left: 0px; margin-right: 0px; margin-top: 0.4em; text-align: justify; text-indent: 35.4pt;\">To mo\u017ce troch\u0119 wygl\u0105da\u0107 na sprzeczno\u015b\u0107, bo jak pogodzi\u0107 zapewnienie, \u017ce w\u0142os z g\u0142owy nie spadnie \u2013 z tym, \u017ce niekt\u00f3rych spotka \u015bmier\u0107? Naturalnie, zdajemy sobie spraw\u0119, i\u017c&nbsp;<b>chodzi tu o \u017cycie wieczne, \u017cycie bez ko\u0144ca, bo to ono w ostatecznym rozrachunku si\u0119 liczy.&nbsp;<\/b>I w\u0142a\u015bnie o to \u017cycie trzeba nam zabiega\u0107, cierpliwie znosz\u0105c wspomniane przeciwno\u015bci i&nbsp;<b>wykonuj\u0105c solidnie swoje najzwyklejsze obowi\u0105zki,<\/b>stosuj\u0105c zasady zwyk\u0142ej ludzkiej sprawiedliwo\u015bci i \u2013 powiedzieliby\u015bmy \u2013 takiej zwyczajnej ludzkiej przyzwoito\u015bci.<\/div>\n<div class=\"MsoNormal\" style=\"font-family: 'Times New Roman'; margin-bottom: 0px; margin-left: 0px; margin-right: 0px; margin-top: 0.4em; text-align: justify; text-indent: 35.4pt;\">Bo chyba tylko tak mo\u017cemy pojmowa\u0107 polecenie Paw\u0142a, wyra\u017cone w s\u0142owach:&nbsp;<b><i>Kto nie chce pracowa\u0107, niech te\u017c nie je.<\/i><\/b><i>&nbsp;S\u0142yszymy bowiem, \u017ce niekt\u00f3rzy w\u015br\u00f3d was post\u0119puj\u0105 wbrew porz\u0105dkowi: wcale nie pracuj\u0105, lecz zajmuj\u0105 si\u0119 rzeczami niepotrzebnymi. Tym przeto nakazujemy i napominamy ich w Panu Jezusie Chrystusie, aby&nbsp;<b>pracuj\u0105c ze spokojem,w\u0142asny chleb jedli.<\/b><\/i>&nbsp;Kochani, czy\u017c mo\u017cna ja\u015bniej i pro\u015bciej wyrazi\u0107 polecenie nale\u017cytego wype\u0142niania codziennych obowi\u0105zk\u00f3w? A w\u0142a\u015bnie takie spokojne, systematyczne, rzetelne wykonywanie swoich zada\u0144, po\u0142\u0105czone z zachowaniem zasad wspomnianej ju\u017c zwyk\u0142ej ludzkiej przyzwoito\u015bci i uczciwo\u015bci \u2013 oto jest nasz&nbsp;<b>spos\u00f3b na przygotowanie si\u0119 do tego dnia ostatniego,<\/b>&nbsp;kt\u00f3ry w takiej sytuacji na pewno nie b\u0119dzie dla nas dniem strasznym.<\/div>\n<div class=\"MsoNormal\" style=\"font-family: 'Times New Roman'; margin-bottom: 0px; margin-left: 0px; margin-right: 0px; margin-top: 0.4em; text-align: justify; text-indent: 35.4pt;\">Trzeba nam jednak w tym momencie zauwa\u017cy\u0107, \u017ce w kwestii, kt\u00f3r\u0105 tu sobie rozwa\u017camy, a wi\u0119c&nbsp;<b>w kwestii ostatecznego rozliczenia i definitywnego ko\u0144ca wszystkiego,&nbsp;<\/b>ludzie zajmuj\u0105 skrajnie r\u00f3\u017cne stanowiska.<\/div>\n<div class=\"MsoNormal\" style=\"font-family: 'Times New Roman'; margin-bottom: 0px; margin-left: 0px; margin-right: 0px; margin-top: 0.4em; text-align: justify; text-indent: 35.4pt;\">Nie brakuje takich, kt\u00f3rzy wprost \u015bmiej\u0105 si\u0119 z tego wszystkiego. Dla nich piek\u0142o<b>&nbsp;\u2013 to straszak na niegrzeczne dzieci,<\/b>&nbsp;ekskomunika, b\u0119d\u0105ca efektem oczywistego \u0142amania Prawa Bo\u017cego \u2013 to&nbsp;<b>relikt \u201eciemnego \u015bredniowiecza\u201d,&nbsp;<\/b>S\u0105d Ostateczny \u2013 to jaka\u015b&nbsp;<b>wydumana bajka,<\/b>a nawet sam Pan B\u00f3g, o ile w og\u00f3le istnieje \u2013 to albo taki&nbsp;<b>dobrotliwy \u201edziadziu\u015b\u201d,<\/b>&nbsp;g\u0142aszcz\u0105cy wszystkich po g\u0142\u00f3wkach, albo&nbsp;<b>jaka\u015b niedookre\u015blona \u201esi\u0142a wy\u017csza\u201d,<\/b>&nbsp;kt\u00f3ra jednak nie ma realnego wp\u0142ywu na bieg spraw na ziemi.<\/div>\n<div class=\"MsoNormal\" style=\"font-family: 'Times New Roman'; margin-bottom: 0px; margin-left: 0px; margin-right: 0px; margin-top: 0.4em; text-align: justify; text-indent: 35.4pt;\">Ludzie, kt\u00f3rzy tak podchodz\u0105 do sprawy, bardzo cz\u0119sto z ekran\u00f3w naszych telewizor\u00f3w&nbsp;<b>cynicznie \u015bmiej\u0105 si\u0119 nam w oczy,<\/b>&nbsp;pr\u00f3buj\u0105c pokaza\u0107, jak \u015bmiesznie na tle ich rzekomej nowoczesno\u015bci i przebojowo\u015bci wygl\u0105da taki \u201eciemnogr\u00f3d\u201d. To s\u0105 w\u0142a\u015bnie wszyscy&nbsp;<b>piewcy nowej, jakiej\u015b nies\u0142ychanej moralno\u015bci, wywracaj\u0105cej \u201edo g\u00f3ry nogami\u201d porz\u0105dek ustalony przez Boga.<\/b><\/div>\n<div class=\"MsoNormal\" style=\"font-family: 'Times New Roman'; margin-bottom: 0px; margin-left: 0px; margin-right: 0px; margin-top: 0.4em; text-align: justify; text-indent: 35.4pt;\">By\u0107 mo\u017ce, ten ich cyniczny \u015bmiech to pr\u00f3ba zag\u0142uszenia sumienia, kt\u00f3re bardzo cz\u0119sto formowane kiedy\u015b tam w domu rodzinnym i na katechezie, albo w k\u00f3\u0142ku ministranckim lub parafialnej scholi, teraz uporczywie i wbrew wszelkim pr\u00f3bom o\u015bmieszenia \u2013 odzywa si\u0119 i przypomina,&nbsp;<b>co naprawd\u0119 jest dobre, a co naprawd\u0119 jest z\u0142e i z\u0142ym pozostanie,<\/b>&nbsp;chocia\u017cby wszystkie parlamenty \u015bwiata jednog\u0142o\u015bnie zadecydowa\u0142y, \u017ce jest inaczej. By\u0107 mo\u017ce, jest to taka pr\u00f3ba wyciszania sumienia! C\u00f3\u017c zatem mo\u017cemy poradzi\u0107 takim telewizyjnym m\u0119drcom, wyk\u0142adaczom \u201ejedynej s\u0142usznej racji\u201d?<\/div>\n<div class=\"MsoNormal\" style=\"font-family: 'Times New Roman'; margin-bottom: 0px; margin-left: 0px; margin-right: 0px; margin-top: 0.4em; text-align: justify; text-indent: 35.4pt;\">Chyba tylko to, \u017ceby&nbsp;<b>jednak pos\u0142uchali tego swego sumienia<\/b>&nbsp;i nie wmawiali sobie na si\u0142\u0119, \u017ce nie ma s\u0105du i nie ma piek\u0142a, bo mo\u017ce si\u0119 okaza\u0107 \u2013 chocia\u017c im tego, ani nikomu nie \u017cyczymy! \u2013 \u017ce&nbsp;<b>o istnieniu piek\u0142a przekonaj\u0105 si\u0119 na w\u0142asnej sk\u00f3rze,&nbsp;<\/b>a to na pewno nie b\u0119dzie mi\u0142e \u0142echtanie cieplutkimi promyczkami s\u0142oneczka, tylko przera\u017aliwy ogie\u0144 i trzask pal\u0105cego si\u0119 w nim z\u0142a, a przede wszystkim \u2013&nbsp;<b>pe\u0142na<\/b>&nbsp;<b>\u015bwiadomo\u015b\u0107 absolutnego braku nadziei<\/b>&nbsp;i tego, \u017ce ten stan ju\u017c nigdy, nigdy si\u0119 nie zmieni. Na nic zatem si\u0119 zdadz\u0105&nbsp;<b>pr\u00f3by o\u015bmieszania tej prawdy<\/b>&nbsp;i na nic si\u0119 zdadz\u0105 coraz cz\u0119stsze \u2013 nawet w naszych kap\u0142a\u0144skich kazaniach \u2013<b>pr\u00f3by \u0142agodzenia tych Bo\u017cych zapowiedzi. Na nic to wszystko!<\/b><\/div>\n<div class=\"MsoNormal\" style=\"font-family: 'Times New Roman'; margin-bottom: 0px; margin-left: 0px; margin-right: 0px; margin-top: 0.4em; text-align: justify; text-indent: 35.4pt;\">Przes\u0142anie zawarte w dzisiejszym Bo\u017cym&nbsp; S\u0142owie nie pozostawia w tej kwestii \u017cadnych w\u0105tpliwo\u015bci: to, co wyra\u017camy w g\u0142\u00f3wnych prawdach wiary, i\u017c&nbsp;<b>B\u00f3g jest S\u0119dzi\u0105 sprawiedliwym, kt\u00f3ry za dobro wynagradza, a za z\u0142o karze \u2013 jest w\u0142a\u015bnie prawd\u0105 wiary,<\/b>&nbsp;wi\u0119c trzeba j\u0105 potraktowa\u0107 powa\u017cnie! Nie po to, aby \u017cy\u0107 w ci\u0105g\u0142ej psychozie strachu, nie po to, aby popada\u0107 w jakie\u015b przera\u017cenie, czy \u2013 jak to ci\u0105gle czyni\u0105 niekt\u00f3rzy \u2013<b>wylicza\u0107 daty rzekomego ko\u0144ca \u015bwiata<\/b>&nbsp;i wieszczy\u0107, \u017ce to b\u0119dzie rok 2012, czy 2015\u2026 To nie o to chodzi!&nbsp;<\/div>\n<div class=\"MsoNormal\" style=\"font-family: 'Times New Roman'; margin-bottom: 0px; margin-left: 0px; margin-right: 0px; margin-top: 0.4em; text-align: justify; text-indent: 35.4pt;\">Jezus dzisiaj m\u00f3wi&nbsp;<b>o wojnach i przewrotach,<\/b>&nbsp;ale czy w dziejach \u015bwiata by\u0142a chocia\u017c jedna taka epoka, w kt\u00f3rej by ich nie by\u0142o? W zasadzie,&nbsp;<b>ka\u017cdy czas by\u0142 i jest dobry na to, aby m\u00f3g\u0142 przyj\u015b\u0107 \u00f3w dzie\u0144 ostatni.<\/b>&nbsp;Wi\u0119c zamiast marnowa\u0107 energi\u0119 na przewidywanie, kiedy to nast\u0105pi, albo zamiast pr\u00f3bowa\u0107 na si\u0142\u0119 i wbrew sobie i wbrew zdrowemu rozs\u0105dkowi wmawia\u0107 sobie, \u017ce to nigdy nie nast\u0105pi \u2013 mo\u017ce lepiej po prostu&nbsp;<b>zaufa\u0107 bezgranicznie Bogu i spokojnie, uczciwie robi\u0107 swoje.&nbsp;<\/b>To naprawd\u0119 najlepszy spos\u00f3b przygotowania si\u0119 na moment ostatecznego rozliczenia.<\/div>\n<div class=\"MsoNormal\" style=\"font-family: 'Times New Roman'; margin-bottom: 0px; margin-left: 0px; margin-right: 0px; margin-top: 0.4em; text-align: justify; text-indent: 35.4pt;\">Bo je\u017celi jeste\u015bmy w stanie \u0142aski u\u015bwi\u0119caj\u0105cej, w stanie wolno\u015bci od grzechu ci\u0119\u017ckiego, je\u017celi \u017cyjemy w zjednoczeniu z Bogiem i spokojnie, uczciwie&nbsp;<b>robimy co do nas nale\u017cy, zachowuj\u0105c zasady zwyk\u0142ej ludzkiej uczciwo\u015bci, przyzwoito\u015bci i zdrowego rozs\u0105dku<\/b>&nbsp;\u2013 to ten dzie\u0144 mo\u017ce przyj\u015b\u0107 nawet za p\u00f3\u0142 godziny, nawet teraz. Dla nas b\u0119dzie to moment wielkiej rado\u015bci.<\/div>\n<div class=\"MsoNormal\" style=\"font-family: 'Times New Roman'; margin-bottom: 0px; margin-left: 0px; margin-right: 0px; margin-top: 0.4em; text-align: justify; text-indent: 35.4pt;\">A dla m\u0119drc\u00f3w ze szklanego ekranu i z pierwszych stron gazet? No c\u00f3\u017c\u2026 Akurat w tych sprawach zasada, \u017ce&nbsp;<b>ten si\u0119 \u015bmieje, kto si\u0119 \u015bmieje ostatni \u2013 sprawdza si\u0119 z \u017celazn\u0105 konsekwencj\u0105.<\/b>&nbsp;Niech nam zatem wyznacznikiem prawdy, \u017ar\u00f3d\u0142em m\u0105dro\u015bci i \u015bwiat\u0142em w drodze b\u0119dzie Pismo \u015awi\u0119te! Ono si\u0119 nie zmienia, nie ulega modom, nie dopasowuje si\u0119 do \u017cadnej opcji politycznej, ani uk\u0142adu si\u0142 w parlamencie.&nbsp;<b>Ono zawsze g\u0142osi prawd\u0119! Jedyn\u0105 prawd\u0119! Bo jest to S\u0142owo Bo\u017ce!<\/b>&nbsp;Dlatego daje ono poczucie pewno\u015bci, budzi nadziej\u0119, a kiedy trzeba \u2013 tak\u017ce ostrzega. W duchu tego\u017c S\u0142owa trzeba nam si\u0119 przygotowywa\u0107 na spotkanie z Panem.<\/div>\n<div class=\"MsoNormal\" style=\"font-family: 'Times New Roman'; margin-bottom: 0px; margin-left: 0px; margin-right: 0px; margin-top: 0.4em; text-align: justify; text-indent: 35.4pt;\">A teraz, w duchu tego\u017c S\u0142owa, przed chwil\u0105 us\u0142yszanego i rozwa\u017canego, odpowiedzmy sobie na nast\u0119puj\u0105ce pytania:<\/div>\n<ul style=\"font-family: 'Times New Roman'; margin-top: 0cm;\" type=\"disc\">\n<li class=\"MsoNormal\" style=\"text-align: justify;\">Czy m\u00f3g\u0142bym&nbsp;<b>w tej chwili<\/b>&nbsp;bez \u017cadnej obawy stan\u0105\u0107 na S\u0105dzie Bo\u017cym?<\/li>\n<li class=\"MsoNormal\" style=\"text-align: justify;\">Czy nie lekcewa\u017c\u0119 zapowiedzi Boga dotycz\u0105cych Dnia S\u0105du?<\/li>\n<li class=\"MsoNormal\" style=\"text-align: justify;\">Czy nie sprowadzam tego wa\u017cnego tematu tylko do sfery taniej sensacji i nieprawdopodobnych przepowiedni?<\/li>\n<li class=\"MsoNormal\" style=\"text-align: justify;\">Czy co\u015b mi aktualnie nie blokuje drogi do pe\u0142nego zjednoczenia z Bogiem? Co to jest?<\/li>\n<\/ul>\n<div class=\"MsoNormal\" style=\"font-family: 'Times New Roman'; margin-bottom: 0px; margin-left: 0px; margin-right: 0px; margin-top: 0.4em; text-align: justify;\">\n<\/div>\n<div class=\"MsoNormal\" style=\"font-family: 'Times New Roman'; margin-bottom: 0px; margin-left: 0px; margin-right: 0px; margin-top: 0.4em; text-align: justify; text-indent: 18pt;\"><b>B\u00f3g jest S\u0119dzi\u0105 sprawiedliwym, kt\u00f3ry za dobro wynagradza, a za z\u0142o karze.<\/b><\/div>\n<div><b><br \/>\n<\/b><\/div>\n","protected":false},"excerpt":{"rendered":"<p>Gor\u0105co pozdrawiam w Dniu Pa\u0144skim. Dzi\u0119kuj\u0119 wszystkim, kt\u00f3rzy wczoraj zajrzeli na t\u0119 stron\u0119. Bardzo si\u0119 ciesz\u0119 z tych odwiedzin, bo to zaledwie pierwszy dzie\u0144, a zajrza\u0142o prawie sze\u015b\u0107dziesi\u0105t os\u00f3b. Dzi\u0119kuj\u0119 i zapraszam! A na dzisiejsz\u0105 niedziel\u0119 proponuje kilka s\u0142\u00f3w refleksji, \u017cycz\u0105c wszystkim b\u0142ogos\u0142awionego Dnia Pa\u0144skiego, prze\u017cytego w atmosferze modlitwy i refleksji, ale te\u017c &#8211; odpoczynku [&hellip;]<\/p>\n","protected":false},"author":1,"featured_media":0,"comment_status":"open","ping_status":"open","sticky":false,"template":"","format":"standard","meta":{"jetpack_post_was_ever_published":false,"_jetpack_newsletter_access":"","_jetpack_dont_email_post_to_subs":false,"_jetpack_newsletter_tier_id":0,"_jetpack_memberships_contains_paywalled_content":false,"_jetpack_memberships_contains_paid_content":false,"footnotes":""},"categories":[1,3],"tags":[],"class_list":["post-10040","post","type-post","status-publish","format-standard","hentry","category-bez-kategorii","category-rok-2010"],"yoast_head":"<!-- This site is optimized with the Yoast SEO plugin v25.1 - https:\/\/yoast.com\/wordpress\/plugins\/seo\/ -->\n<title>B\u0142ogos\u0142awionego Dnia Pa\u0144skiego! - Gaudium Et Spes<\/title>\n<meta name=\"robots\" content=\"index, follow, max-snippet:-1, max-image-preview:large, max-video-preview:-1\" \/>\n<link rel=\"canonical\" href=\"https:\/\/gaudiumetspes-blog.pl\/index.php\/2010\/11\/13\/bogosawionego-dnia-panskiego\/\" \/>\n<meta property=\"og:locale\" content=\"pl_PL\" \/>\n<meta property=\"og:type\" content=\"article\" \/>\n<meta property=\"og:title\" content=\"B\u0142ogos\u0142awionego Dnia Pa\u0144skiego! - Gaudium Et Spes\" \/>\n<meta property=\"og:description\" content=\"Gor\u0105co pozdrawiam w Dniu Pa\u0144skim. Dzi\u0119kuj\u0119 wszystkim, kt\u00f3rzy wczoraj zajrzeli na t\u0119 stron\u0119. Bardzo si\u0119 ciesz\u0119 z tych odwiedzin, bo to zaledwie pierwszy dzie\u0144, a zajrza\u0142o prawie sze\u015b\u0107dziesi\u0105t os\u00f3b. Dzi\u0119kuj\u0119 i zapraszam! A na dzisiejsz\u0105 niedziel\u0119 proponuje kilka s\u0142\u00f3w refleksji, \u017cycz\u0105c wszystkim b\u0142ogos\u0142awionego Dnia Pa\u0144skiego, prze\u017cytego w atmosferze modlitwy i refleksji, ale te\u017c &#8211; odpoczynku [&hellip;]\" \/>\n<meta property=\"og:url\" content=\"https:\/\/gaudiumetspes-blog.pl\/index.php\/2010\/11\/13\/bogosawionego-dnia-panskiego\/\" \/>\n<meta property=\"og:site_name\" content=\"Gaudium Et Spes\" \/>\n<meta property=\"article:published_time\" content=\"2010-11-13T08:43:00+00:00\" \/>\n<meta property=\"article:modified_time\" content=\"2019-07-31T10:51:53+00:00\" \/>\n<meta name=\"author\" content=\"Ks. Jacek\" \/>\n<meta name=\"twitter:card\" content=\"summary_large_image\" \/>\n<meta name=\"twitter:label1\" content=\"Napisane przez\" \/>\n\t<meta name=\"twitter:data1\" content=\"Ks. Jacek\" \/>\n\t<meta name=\"twitter:label2\" content=\"Szacowany czas czytania\" \/>\n\t<meta name=\"twitter:data2\" content=\"10 minut\" \/>\n<script type=\"application\/ld+json\" class=\"yoast-schema-graph\">{\"@context\":\"https:\/\/schema.org\",\"@graph\":[{\"@type\":\"WebPage\",\"@id\":\"https:\/\/gaudiumetspes-blog.pl\/index.php\/2010\/11\/13\/bogosawionego-dnia-panskiego\/\",\"url\":\"https:\/\/gaudiumetspes-blog.pl\/index.php\/2010\/11\/13\/bogosawionego-dnia-panskiego\/\",\"name\":\"B\u0142ogos\u0142awionego Dnia Pa\u0144skiego! - Gaudium Et Spes\",\"isPartOf\":{\"@id\":\"https:\/\/gaudiumetspes-blog.pl\/#website\"},\"datePublished\":\"2010-11-13T08:43:00+00:00\",\"dateModified\":\"2019-07-31T10:51:53+00:00\",\"author\":{\"@id\":\"https:\/\/gaudiumetspes-blog.pl\/#\/schema\/person\/1661982992b752dea8dff0d4ed845a65\"},\"breadcrumb\":{\"@id\":\"https:\/\/gaudiumetspes-blog.pl\/index.php\/2010\/11\/13\/bogosawionego-dnia-panskiego\/#breadcrumb\"},\"inLanguage\":\"pl-PL\",\"potentialAction\":[{\"@type\":\"ReadAction\",\"target\":[\"https:\/\/gaudiumetspes-blog.pl\/index.php\/2010\/11\/13\/bogosawionego-dnia-panskiego\/\"]}]},{\"@type\":\"BreadcrumbList\",\"@id\":\"https:\/\/gaudiumetspes-blog.pl\/index.php\/2010\/11\/13\/bogosawionego-dnia-panskiego\/#breadcrumb\",\"itemListElement\":[{\"@type\":\"ListItem\",\"position\":1,\"name\":\"Strona g\u0142\u00f3wna\",\"item\":\"https:\/\/gaudiumetspes-blog.pl\/\"},{\"@type\":\"ListItem\",\"position\":2,\"name\":\"B\u0142ogos\u0142awionego Dnia Pa\u0144skiego!\"}]},{\"@type\":\"WebSite\",\"@id\":\"https:\/\/gaudiumetspes-blog.pl\/#website\",\"url\":\"https:\/\/gaudiumetspes-blog.pl\/\",\"name\":\"Gaudium Et Spes\",\"description\":\"Blog Ks. Jacka Ja\u015bkowskiego\",\"potentialAction\":[{\"@type\":\"SearchAction\",\"target\":{\"@type\":\"EntryPoint\",\"urlTemplate\":\"https:\/\/gaudiumetspes-blog.pl\/?s={search_term_string}\"},\"query-input\":{\"@type\":\"PropertyValueSpecification\",\"valueRequired\":true,\"valueName\":\"search_term_string\"}}],\"inLanguage\":\"pl-PL\"},{\"@type\":\"Person\",\"@id\":\"https:\/\/gaudiumetspes-blog.pl\/#\/schema\/person\/1661982992b752dea8dff0d4ed845a65\",\"name\":\"Ks. Jacek\",\"image\":{\"@type\":\"ImageObject\",\"inLanguage\":\"pl-PL\",\"@id\":\"https:\/\/gaudiumetspes-blog.pl\/#\/schema\/person\/image\/\",\"url\":\"https:\/\/gaudiumetspes-blog.pl\/wp-content\/uploads\/2019\/07\/avatar-JJ-150x150.jpg\",\"contentUrl\":\"https:\/\/gaudiumetspes-blog.pl\/wp-content\/uploads\/2019\/07\/avatar-JJ-150x150.jpg\",\"caption\":\"Ks. Jacek\"},\"description\":\"Witam serdecznie! K\u0142ania si\u0119 Ks. Jacek Ja\u015bkowski. Nie jestem ani kim\u015b wa\u017cnym, ani kim\u015b znanym. Jestem ksi\u0119dzem, kt\u00f3ry po prostu chce rozmawia\u0107. Codzienna kap\u0142a\u0144ska pos\u0142uga pokazuje mi, \u017ce temat\u00f3w do rozm\u00f3w z ksi\u0119dzem jest coraz wi\u0119cej i dzisiaj \u017caden ksi\u0105dz nie mo\u017ce od nich ucieka\u0107, ale - wprost przeciwnie - podejmowa\u0107 nowe wyzwania. To przekonanie sk\u0142oni\u0142o mnie do pr\u00f3by otwarcia tego\u017c bloga, chocia\u017c okazji do rozm\u00f3w na co dzie\u0144 - w konfesjonale i poza nim - na szcz\u0119\u015bcie nie brakuje. My\u015bl\u0119 jednak, \u017ce ten blog b\u0119dzie jeszcze jednym sposobem i przestrzeni\u0105 nawi\u0105zania kontaktu z lud\u017ami dobrej woli, otwartymi na dialog.\",\"url\":\"https:\/\/gaudiumetspes-blog.pl\/index.php\/author\/ks-jacek\/\"}]}<\/script>\n<!-- \/ Yoast SEO plugin. -->","yoast_head_json":{"title":"B\u0142ogos\u0142awionego Dnia Pa\u0144skiego! - Gaudium Et Spes","robots":{"index":"index","follow":"follow","max-snippet":"max-snippet:-1","max-image-preview":"max-image-preview:large","max-video-preview":"max-video-preview:-1"},"canonical":"https:\/\/gaudiumetspes-blog.pl\/index.php\/2010\/11\/13\/bogosawionego-dnia-panskiego\/","og_locale":"pl_PL","og_type":"article","og_title":"B\u0142ogos\u0142awionego Dnia Pa\u0144skiego! - Gaudium Et Spes","og_description":"Gor\u0105co pozdrawiam w Dniu Pa\u0144skim. Dzi\u0119kuj\u0119 wszystkim, kt\u00f3rzy wczoraj zajrzeli na t\u0119 stron\u0119. Bardzo si\u0119 ciesz\u0119 z tych odwiedzin, bo to zaledwie pierwszy dzie\u0144, a zajrza\u0142o prawie sze\u015b\u0107dziesi\u0105t os\u00f3b. Dzi\u0119kuj\u0119 i zapraszam! A na dzisiejsz\u0105 niedziel\u0119 proponuje kilka s\u0142\u00f3w refleksji, \u017cycz\u0105c wszystkim b\u0142ogos\u0142awionego Dnia Pa\u0144skiego, prze\u017cytego w atmosferze modlitwy i refleksji, ale te\u017c &#8211; odpoczynku [&hellip;]","og_url":"https:\/\/gaudiumetspes-blog.pl\/index.php\/2010\/11\/13\/bogosawionego-dnia-panskiego\/","og_site_name":"Gaudium Et Spes","article_published_time":"2010-11-13T08:43:00+00:00","article_modified_time":"2019-07-31T10:51:53+00:00","author":"Ks. Jacek","twitter_card":"summary_large_image","twitter_misc":{"Napisane przez":"Ks. Jacek","Szacowany czas czytania":"10 minut"},"schema":{"@context":"https:\/\/schema.org","@graph":[{"@type":"WebPage","@id":"https:\/\/gaudiumetspes-blog.pl\/index.php\/2010\/11\/13\/bogosawionego-dnia-panskiego\/","url":"https:\/\/gaudiumetspes-blog.pl\/index.php\/2010\/11\/13\/bogosawionego-dnia-panskiego\/","name":"B\u0142ogos\u0142awionego Dnia Pa\u0144skiego! - Gaudium Et Spes","isPartOf":{"@id":"https:\/\/gaudiumetspes-blog.pl\/#website"},"datePublished":"2010-11-13T08:43:00+00:00","dateModified":"2019-07-31T10:51:53+00:00","author":{"@id":"https:\/\/gaudiumetspes-blog.pl\/#\/schema\/person\/1661982992b752dea8dff0d4ed845a65"},"breadcrumb":{"@id":"https:\/\/gaudiumetspes-blog.pl\/index.php\/2010\/11\/13\/bogosawionego-dnia-panskiego\/#breadcrumb"},"inLanguage":"pl-PL","potentialAction":[{"@type":"ReadAction","target":["https:\/\/gaudiumetspes-blog.pl\/index.php\/2010\/11\/13\/bogosawionego-dnia-panskiego\/"]}]},{"@type":"BreadcrumbList","@id":"https:\/\/gaudiumetspes-blog.pl\/index.php\/2010\/11\/13\/bogosawionego-dnia-panskiego\/#breadcrumb","itemListElement":[{"@type":"ListItem","position":1,"name":"Strona g\u0142\u00f3wna","item":"https:\/\/gaudiumetspes-blog.pl\/"},{"@type":"ListItem","position":2,"name":"B\u0142ogos\u0142awionego Dnia Pa\u0144skiego!"}]},{"@type":"WebSite","@id":"https:\/\/gaudiumetspes-blog.pl\/#website","url":"https:\/\/gaudiumetspes-blog.pl\/","name":"Gaudium Et Spes","description":"Blog Ks. Jacka Ja\u015bkowskiego","potentialAction":[{"@type":"SearchAction","target":{"@type":"EntryPoint","urlTemplate":"https:\/\/gaudiumetspes-blog.pl\/?s={search_term_string}"},"query-input":{"@type":"PropertyValueSpecification","valueRequired":true,"valueName":"search_term_string"}}],"inLanguage":"pl-PL"},{"@type":"Person","@id":"https:\/\/gaudiumetspes-blog.pl\/#\/schema\/person\/1661982992b752dea8dff0d4ed845a65","name":"Ks. Jacek","image":{"@type":"ImageObject","inLanguage":"pl-PL","@id":"https:\/\/gaudiumetspes-blog.pl\/#\/schema\/person\/image\/","url":"https:\/\/gaudiumetspes-blog.pl\/wp-content\/uploads\/2019\/07\/avatar-JJ-150x150.jpg","contentUrl":"https:\/\/gaudiumetspes-blog.pl\/wp-content\/uploads\/2019\/07\/avatar-JJ-150x150.jpg","caption":"Ks. Jacek"},"description":"Witam serdecznie! K\u0142ania si\u0119 Ks. Jacek Ja\u015bkowski. Nie jestem ani kim\u015b wa\u017cnym, ani kim\u015b znanym. Jestem ksi\u0119dzem, kt\u00f3ry po prostu chce rozmawia\u0107. Codzienna kap\u0142a\u0144ska pos\u0142uga pokazuje mi, \u017ce temat\u00f3w do rozm\u00f3w z ksi\u0119dzem jest coraz wi\u0119cej i dzisiaj \u017caden ksi\u0105dz nie mo\u017ce od nich ucieka\u0107, ale - wprost przeciwnie - podejmowa\u0107 nowe wyzwania. To przekonanie sk\u0142oni\u0142o mnie do pr\u00f3by otwarcia tego\u017c bloga, chocia\u017c okazji do rozm\u00f3w na co dzie\u0144 - w konfesjonale i poza nim - na szcz\u0119\u015bcie nie brakuje. My\u015bl\u0119 jednak, \u017ce ten blog b\u0119dzie jeszcze jednym sposobem i przestrzeni\u0105 nawi\u0105zania kontaktu z lud\u017ami dobrej woli, otwartymi na dialog.","url":"https:\/\/gaudiumetspes-blog.pl\/index.php\/author\/ks-jacek\/"}]}},"jetpack_featured_media_url":"","jetpack_sharing_enabled":true,"_links":{"self":[{"href":"https:\/\/gaudiumetspes-blog.pl\/index.php\/wp-json\/wp\/v2\/posts\/10040","targetHints":{"allow":["GET"]}}],"collection":[{"href":"https:\/\/gaudiumetspes-blog.pl\/index.php\/wp-json\/wp\/v2\/posts"}],"about":[{"href":"https:\/\/gaudiumetspes-blog.pl\/index.php\/wp-json\/wp\/v2\/types\/post"}],"author":[{"embeddable":true,"href":"https:\/\/gaudiumetspes-blog.pl\/index.php\/wp-json\/wp\/v2\/users\/1"}],"replies":[{"embeddable":true,"href":"https:\/\/gaudiumetspes-blog.pl\/index.php\/wp-json\/wp\/v2\/comments?post=10040"}],"version-history":[{"count":1,"href":"https:\/\/gaudiumetspes-blog.pl\/index.php\/wp-json\/wp\/v2\/posts\/10040\/revisions"}],"predecessor-version":[{"id":10043,"href":"https:\/\/gaudiumetspes-blog.pl\/index.php\/wp-json\/wp\/v2\/posts\/10040\/revisions\/10043"}],"wp:attachment":[{"href":"https:\/\/gaudiumetspes-blog.pl\/index.php\/wp-json\/wp\/v2\/media?parent=10040"}],"wp:term":[{"taxonomy":"category","embeddable":true,"href":"https:\/\/gaudiumetspes-blog.pl\/index.php\/wp-json\/wp\/v2\/categories?post=10040"},{"taxonomy":"post_tag","embeddable":true,"href":"https:\/\/gaudiumetspes-blog.pl\/index.php\/wp-json\/wp\/v2\/tags?post=10040"}],"curies":[{"name":"wp","href":"https:\/\/api.w.org\/{rel}","templated":true}]}}