{"id":10041,"date":"2010-11-13T09:40:00","date_gmt":"2010-11-13T08:40:00","guid":{"rendered":"https:\/\/gaudiumetspes-blog.pl\/index.php\/2010\/11\/13\/witam-serdecznie_25\/"},"modified":"2019-07-31T12:51:53","modified_gmt":"2019-07-31T10:51:53","slug":"witam-serdecznie_25","status":"publish","type":"post","link":"https:\/\/gaudiumetspes-blog.pl\/index.php\/2010\/11\/13\/witam-serdecznie_25\/","title":{"rendered":"Witam serdecznie!"},"content":{"rendered":"<p>Witam serdecznie! K\u0142ania si\u0119 Ks. Jacek Ja\u015bkowski. Nie jestem ani kim\u015b wa\u017cnym, ani kim\u015b znanym. Jestem ksi\u0119dzem, kt\u00f3ry po prostu chce rozmawia\u0107. Do\u015bwiadczenie dwunastu lat kap\u0142a\u0144stwa pokaza\u0142o mi, \u017ce temat\u00f3w do rozm\u00f3w z ksi\u0119dzem jest coraz wi\u0119cej i dzisiaj \u017caden ksi\u0105dz nie mo\u017ce od nich ucieka\u0107, ale &#8211; wprost przeciwnie &#8211; podejmowa\u0107 nowe wyzwania. To przekonanie sk\u0142oni\u0142o mnie do pr\u00f3by otwarcia tego\u017c bloga, chocia\u017c okazji do rozm\u00f3w na co dzie\u0144 &#8211; w konfesjonale i poza nim &#8211; na szcz\u0119\u015bcie nie brakuje. My\u015bl\u0119 jednak, \u017ce ten blog b\u0119dzie jeszcze jednym sposobem i przestrzeni\u0105 nawi\u0105zania kontaktu z lud\u017ami dobrej woli, otwartymi na dialog.<br \/>\n&nbsp;&nbsp;&nbsp;&nbsp;&nbsp;&nbsp; Bardzo serdecznie dzi\u0119kuj\u0119 ju\u017c teraz wszystkim, kt\u00f3rzy wsparli mnie w tym pomy\u015ble i pomogli w jego realizacji, szczeg\u00f3lnie dzi\u0119kuj\u0119 Krzysiowi Fabisiakowi za szat\u0119 graficzn\u0105 i &#8222;opiek\u0119 techniczn\u0105&#8221; nad tym dzie\u0142em.<br \/>\n&nbsp;&nbsp;&nbsp;&nbsp;&nbsp; Serdecznie zapraszam zatem do rozmowy. Ja ze swej strony widzia\u0142bym to w ten spos\u00f3b, \u017ce zagl\u0105da\u0142bym tu tak cz\u0119sto, jak b\u0119d\u0119 m\u00f3g\u0142, nie rzadziej jednak, jak raz na tydzie\u0144 &#8211; w okolicach weekendu. Poniewa\u017c obecnie pracuj\u0119 w Warszawie, w Sanktuarium Ojca Pio na Goc\u0142awiu i codziennie na Mszy \u015awi\u0119tej g\u0142osz\u0119 homili\u0119 w oparciu o S\u0142owo Bo\u017ce z liturgii dnia, a tak\u017ce w oparciu o ewentualne wspomnienie jakiego\u015b \u015awi\u0119tego, to chcia\u0142bym tymi prostymi refleksjami dzieli\u0107 si\u0119 tak\u017ce z Wami. Zapewne nie b\u0119d\u0119 w stanie zamieszcza\u0107 codziennie tych\u017ce rozwa\u017ca\u0144, ale na niedziel\u0119 i \u015bwi\u0119ta chcia\u0142bym to robi\u0107.<br \/>\n&nbsp;&nbsp;&nbsp;&nbsp;&nbsp; Traktowa\u0142bym to jako takie swoiste &#8222;S\u0142owo na dzie\u0144&#8221;, jako zach\u0119ta do refleksji i ewentualny przyczynek do rozmowy, chocia\u017c &#8211; naturalnie &#8211; nie chc\u0119 w \u017caden spos\u00f3b ogranicza\u0107 jej zakresu i tematyki. Chcia\u0142bym jedynie prosi\u0107, aby\u015bmy rozmawiali w spos\u00f3b kulturalny i nawet, je\u017celi nie b\u0119dziemy si\u0119 zgadzali, to spr\u00f3bujmy to wyra\u017ca\u0107 w spos\u00f3b, kt\u00f3ry poeta okre\u015bli\u0142 mianem &#8222;r\u00f3\u017cnienia si\u0119 pi\u0119knie&#8221;. A w takiej atmosferze my\u015bl\u0119, \u017ce mo\u017cemy rozmawia\u0107 o wszystkim.<br \/>\n&nbsp;&nbsp;&nbsp;&nbsp;&nbsp;&nbsp; Dodam w tym miejscu, \u017ce jestem doktorem prawa kanonicznego, wi\u0119c &#8211; na miar\u0119 swoich mo\u017cliwo\u015bci &#8211; s\u0142u\u017c\u0119 ewentualn\u0105 konsultacj\u0105 w tym zakresie.<br \/>\n&nbsp;&nbsp;&nbsp;&nbsp;&nbsp;&nbsp; Has\u0142o \u0142aci\u0144skie, kt\u00f3re widnieje obok mojego zdj\u0119cia, GAUDIUM ET SPES!, oznaczaj\u0105ce: RADO\u015a\u0106 I NADZIEJA!, to moja dewiza kap\u0142a\u0144ska, zapisana na obrazku prymicyjnym i zasada, kt\u00f3r\u0105 pr\u00f3buj\u0119 kierowa\u0107 si\u0119 w swoim kap\u0142a\u0144skim \u017cyciu. Tymi s\u0142owami b\u0119d\u0119 cz\u0119sto Was pozdrawia\u0142. Obiecuj\u0119 te\u017c codzienn\u0105 szczer\u0105 modlitw\u0119 za wszystkim moich Rozm\u00f3wc\u00f3w z tego bloga.<br \/>\n&nbsp; &nbsp; &nbsp; Do\u0142\u0105czam &#8222;na pr\u00f3b\u0119&#8221; pierwsze rozwa\u017canie, na sobot\u0119, 13 listopada, na wspomnienie pierwszych polskich M\u0119czennik\u00f3w. Raz jeszcze zapraszam do rozmowy i refleksji! Serdecznie pozdrawiam! Gaudium et spes!<br \/>\n&nbsp; &nbsp; &nbsp; &nbsp; &nbsp; &nbsp; &nbsp; &nbsp; &nbsp; &nbsp; &nbsp; &nbsp; &nbsp; &nbsp; &nbsp; &nbsp; &nbsp; &nbsp; &nbsp; &nbsp; &nbsp; &nbsp; &nbsp; &nbsp; &nbsp; &nbsp; &nbsp; &nbsp; &nbsp; &nbsp; &nbsp; &nbsp; &nbsp; &nbsp; &nbsp; Ks. Jacek<\/p>\n<p>&nbsp;<\/p>\n<div class=\"MsoNormal\" style=\"font-family: 'Times New Roman'; margin-bottom: 0px; margin-left: 0px; margin-right: 0px; margin-top: 0.4em; text-align: justify;\"><b>Wspomnienie pierwszych polskich M\u0119czennik\u00f3w,<\/b><\/div>\n<div class=\"MsoNormal\" style=\"font-family: 'Times New Roman'; margin-bottom: 0px; margin-left: 0px; margin-right: 0px; margin-top: 0.4em; text-align: justify;\"><b>\u015awi\u0119tych Benedykta, Jana, Mateusza, Izaaka i Krystyna,<\/b><\/div>\n<div class=\"MsoNormal\" style=\"font-family: 'Times New Roman'; margin-bottom: 0px; margin-left: 0px; margin-right: 0px; margin-top: 0.4em; text-align: justify;\"><b>do czyta\u0144 z t. VI Lekcjonarza Mszalnego:Rz 8,31b\u201339; Mt 10,28\u201333<\/b><\/div>\n<div class=\"MsoNormal\" style=\"font-family: 'Times New Roman'; margin-bottom: 0px; margin-left: 0px; margin-right: 0px; margin-top: 0.4em; text-align: justify;\"><b>13 listopada 2010.<\/b><\/div>\n<div class=\"MsoNormal\" style=\"font-family: 'Times New Roman'; margin-bottom: 0px; margin-left: 0px; margin-right: 0px; margin-top: 0.4em; text-align: justify;\">\n<\/div>\n<div class=\"MsoNormal\" style=\"font-family: 'Times New Roman'; margin-bottom: 0px; margin-left: 0px; margin-right: 0px; margin-top: 0.4em; text-align: justify; text-indent: 35.4pt;\">\u015awi\u0119ty Bruno z Kwerfurtu w dziele pod tytu\u0142em:<b>\u201e\u017bywot Pi\u0119ciu Braci M\u0119czennik\u00f3w\u201d<\/b>&nbsp;zawar\u0142 opis bohaterskiej \u015bmierci dzisiejszych Patron\u00f3w<b>.<\/b>&nbsp;Oto fragment opisuj\u0105cy \u015bmier\u0107 jednego z nich:<\/div>\n<div class=\"MsoNormal\" style=\"font-family: 'Times New Roman'; margin-bottom: 0px; margin-left: 0px; margin-right: 0px; margin-top: 0.4em; text-align: justify; text-indent: 35.4pt;\">\u201eNios\u0105c w lewej r\u0119ce \u015bwiece, w prawej za\u015b miecz, nagle przed zbudzonymi \u015awi\u0119tymi stan\u0105\u0142 ze straszn\u0105 twarz\u0105 z\u0142owrogi zab\u00f3jca. Jan, syn cierpliwo\u015bci, kt\u00f3ry lepiej zna\u0142 j\u0119zyk i w imieniu ich zwyk\u0142 by\u0142 odpowiada\u0107 przychodz\u0105cym,&nbsp;<b>a przez m\u0119cze\u0144stwo zaraz mia\u0142 si\u0119 u\u015bwi\u0119ci\u0107,<\/b>&nbsp;zacz\u0105\u0142 m\u00f3wi\u0107 tymi s\u0142owy: Przyjacielu, po co przyszed\u0142e\u015b i czego nowego chc\u0105 ci uzbrojeni ludzie?<\/div>\n<div class=\"MsoNormal\" style=\"font-family: 'Times New Roman'; margin-bottom: 0px; margin-left: 0px; margin-right: 0px; margin-top: 0.4em; text-align: justify; text-indent: 35.4pt;\">Oszo\u0142omiony zb\u00f3j, kt\u00f3ry teraz&nbsp;<b>bardzo \u017ca\u0142uje, \u017ce dobro uczyni\u0142, \u017ale czyni\u0105c,<\/b>&nbsp;odpowiedzia\u0142: Pan tej ziemi, Boles\u0142aw, przys\u0142a\u0142 nas, aby\u015bmy bez lito\u015bci was zwi\u0105zali. U\u015bmiechaj\u0105c si\u0119 rzek\u0142o ono \u015bwi\u0119te oblicze: &#8222;Nigdy takiego rozkazu nie wyda\u0142 dobry ksi\u0105\u017c\u0119, kt\u00f3ry dla mi\u0142o\u015bci Boga bardzo nas kocha. Czemu daremnie k\u0142amiesz, m\u00f3j synu?&#8221; Zab\u00f3jca odrzek\u0142: &#8222;Ale chcemy was zabi\u0107. Oto pow\u00f3d, dla kt\u00f3rego przyszli\u015bmy\u201d. A \u015awi\u0119ty Jan rzecze:&nbsp;<b>&#8222;Niech B\u00f3g was wspomaga i nas!&#8221;<\/b>&nbsp;Na te s\u0142owa poblad\u0142y zab\u00f3jca natychmiast&nbsp;&nbsp;wydoby\u0142 w pochwy okrutny miecz i zabi\u0142 go, zadawszy dwie rany owemu \u015bwi\u0119temu cia\u0142u\u201d.<\/div>\n<div class=\"MsoNormal\" style=\"font-family: 'Times New Roman'; margin-bottom: 0px; margin-left: 0px; margin-right: 0px; margin-top: 0.4em; text-align: justify; text-indent: 35.4pt;\">I w podobny spos\u00f3b opisuje \u015awi\u0119ty Bruno \u015bmier\u0107 pozosta\u0142ych czterech Braci Misjonarzy. Nawet bior\u0105c poprawk\u0119 na pewne nalecia\u0142o\u015bci, wynikaj\u0105ce ze&nbsp;<b>specyficznego stylu \u015bredniowiecznej hagiografii,<\/b>&nbsp;kt\u00f3ry to styl mo\u017ce razi\u0107 przesadn\u0105 tkliwo\u015bci\u0105 i charakterystycznym zabarwieniem emocjonalnym, to jednak da si\u0119 w tym opisie dostrzec&nbsp;<b>niezwyk\u0142e bohaterstwo<\/b>&nbsp;ka\u017cdego z M\u0119czennik\u00f3w i ich bezgraniczne zaufanie do Boga.<\/div>\n<div class=\"MsoNormal\" style=\"font-family: 'Times New Roman'; margin-bottom: 0px; margin-left: 0px; margin-right: 0px; margin-top: 0.4em; text-align: justify; text-indent: 35.4pt;\">Oni&nbsp;<b>naprawd\u0119 uwierzyli w s\u0142owa Jezusa,<\/b>&nbsp;kt\u00f3re Ko\u015bci\u00f3\u0142 przeznaczy\u0142 w liturgii na dzisiaj,a wi\u0119c na dzie\u0144 ich wspomnienia, a kt\u00f3re odczytane zosta\u0142y w Ewangelii:&nbsp;<b><i>Nie b\u00f3jcie si\u0119 tych, kt\u00f3rzy zabijaj\u0105 cia\u0142o, lecz duszy zabi\u0107 nie mog\u0105.<\/i><\/b>&nbsp;[\u2026]&nbsp;<i>Do ka\u017cdego wi\u0119c, kto si\u0119 przyzna do Mnie przed lud\u017ami, przyznam si\u0119 i Ja przed moim<\/i>&nbsp;<i>Ojcem,<\/i>&nbsp;<i>kt\u00f3ry jest niebie<\/i>. \u015awi\u0119ci Bracia M\u0119czennicy&nbsp;<b>potwierdzili bezgraniczn\u0105 wiar\u0119 w powy\u017csze s\u0142owa Jezusa.&nbsp;<\/b>A jednocze\u015bnie zamanifestowali wieczn\u0105 aktualno\u015b\u0107 s\u0142\u00f3w Aposto\u0142a Paw\u0142a, skierowanych do Rzymian, a wyg\u0142oszonych w pierwszym czytaniu:&nbsp;<b><i>Je\u017celi B\u00f3g z nami \u2013 kt\u00f3\u017c przeciwko nam<\/i>?<\/b>[\u2026]&nbsp;<b><i>Kt\u00f3\u017c nas mo\u017ce od\u0142\u0105czy\u0107 od mi\u0142o\u015bci Chrystusowej<\/i>?&nbsp;<i>Utrapienie, ucisk, czy prze\u015bladowanie, g\u0142\u00f3d czy nago\u015b\u0107,niebezpiecze\u0144stwo czy miecz<\/i>?<\/b>&nbsp;[\u2026]&nbsp;<i>Ale we wszystkim tym odnosimy&nbsp;<b>pe\u0142ne zwyci\u0119stwo<\/b>&nbsp;dzi\u0119ki Temu, kt\u00f3ry nas umi\u0142owa\u0142<\/i>.<\/div>\n<div class=\"MsoNormal\" style=\"font-family: 'Times New Roman'; margin-bottom: 0px; margin-left: 0px; margin-right: 0px; margin-top: 0.4em; text-align: justify; text-indent: 35.4pt;\">W\u0142a\u015bnie! Czy ten miecz, kt\u00f3ry zadawa\u0142 \u015bmier\u0107 poszczeg\u00f3lnym M\u0119czennikom, w rzeczywisto\u015bci nie okaza\u0142 si\u0119 dla nich&nbsp;<b>pomostem do pe\u0142nego zjednoczenia z Chrystusem<\/b>&nbsp;cierpi\u0105cym, ale i zwyci\u0119skim? I czy nie okaza\u0142y si\u0119 jednak prawdziwymi s\u0142owa \u015awi\u0119tego Brunona, \u017ce zab\u00f3jca<b>chc\u0105c \u201ewy\u0142adowa\u0107\u201d na bezbronnych mnichach swoj\u0105 z\u0142o\u015b\u0107 i nienawi\u015b\u0107, w rzeczywisto\u015bci przyni\u00f3s\u0142 im szcz\u0119\u015bcie wieczne?<\/b><\/div>\n<div class=\"MsoNormal\" style=\"font-family: 'Times New Roman'; margin-bottom: 0px; margin-left: 0px; margin-right: 0px; margin-top: 0.4em; text-align: justify; text-indent: 35.4pt;\">A by\u0142o to mo\u017cliwe dlatego, \u017ce wszystko, co w tym momencie si\u0119 dzia\u0142o, dokonywa\u0142o si\u0119&nbsp;<b>w obliczu Boga i ze wzgl\u0119du na Niego.<\/b>M\u0119cze\u0144ska \u015bmier\u0107 pi\u0119ciu prostych zakonnik\u00f3w nie przesz\u0142a bez echa, ale \u2013 wprost przeciwnie \u2013 od tysi\u0105ca lat stanowi&nbsp;<b>cenne \u015bwiadectwo bohaterskiej konsekwencji w pod\u0105\u017caniu raz obran\u0105 drog\u0105 do zbawienia.<\/b>&nbsp;Od nas dzisiaj \u2013 na szcz\u0119\u015bcie! \u2013 B\u00f3g nie oczekuje \u015bwiadectwa przelanej krwi. Na szcz\u0119\u015bcie!&nbsp;<b>Ale \u015bwiadectwa odwa\u017cnej konsekwencji i wierno\u015bci dokonanemu wyborowi \u2013 jak najbardziej oczekuje!<\/b><\/div>\n<div class=\"MsoNormal\" style=\"font-family: 'Times New Roman'; margin-bottom: 0px; margin-left: 0px; margin-right: 0px; margin-top: 0.4em; text-align: justify; text-indent: 35.4pt;\">A ta wierno\u015b\u0107 na co dzie\u0144 czasami wi\u0105\u017ce si\u0119 r\u00f3wnie\u017c z niema\u0142ym trudem i wyrzeczeniem. To te\u017c jest&nbsp;<b>swoiste m\u0119cze\u0144stwo,<\/b>&nbsp;zw\u0142aszcza, gdy oznacza znoszenie przer\u00f3\u017cnych przeciwno\u015bci w postaci chocia\u017cby z\u0142o\u015bliwych komentarzy, czy wrogiego nastawienia ze strony ludzi.<\/div>\n<div class=\"MsoNormal\" style=\"font-family: 'Times New Roman'; margin-bottom: 0px; margin-left: 0px; margin-right: 0px; margin-top: 0.4em; text-align: justify; text-indent: 35.4pt;\">Dlatego, w tym kontek\u015bcie warto postawi\u0107 sobie pytania do refleksji:<\/div>\n<ul style=\"font-family: 'Times New Roman'; margin-top: 0cm;\" type=\"disc\">\n<li class=\"MsoNormal\" style=\"text-align: justify;\">Czy mam odwag\u0119 zaj\u0105\u0107 w spos\u00f3b spokojny, ale jednak zdecydowany swoje stanowisko, gdy kto\u015b obra\u017ca lub o\u015bmiesza Boga i Jego zasady?<\/li>\n<li class=\"MsoNormal\" style=\"text-align: justify;\">Czy nie milcz\u0119 w imi\u0119 tak zwanego \u201e\u015bwi\u0119tego spokoju\u201d i niech\u0119ci do nara\u017cenia si\u0119 innym?<\/li>\n<li class=\"MsoNormal\" style=\"text-align: justify;\">Czy mam zawsze jedn\u0105 twarz i jeden kr\u0119gos\u0142up moralny, czy te\u017c kilka twarzy \u2013 masek na r\u00f3\u017cne okazje?<\/li>\n<li class=\"MsoNormal\" style=\"text-align: justify;\">Czy gdy zaczyna mi brakowa\u0107 si\u0142 lub odwagi \u2013 zwracam si\u0119 o pomoc do Boga w modlitwie i sakramentach, czy si\u0119 po prostu wycofuj\u0119?<\/li>\n<\/ul>\n<div class=\"MsoNormal\" style=\"font-family: 'Times New Roman'; margin-bottom: 0px; margin-left: 0px; margin-right: 0px; margin-top: 0.4em; text-align: justify; text-indent: 35.4pt;\">\n<\/div>\n<div class=\"MsoNormal\" style=\"margin-bottom: 0px; margin-left: 0px; margin-right: 0px; margin-top: 0.4em; text-align: justify; text-indent: 35.4pt;\"><b style=\"font-family: 'Times New Roman';\"><i>Je\u017celi B\u00f3g z nami, kt\u00f3\u017c przeciwko nam<\/i><\/b><b>?<\/b><\/div>\n","protected":false},"excerpt":{"rendered":"<p>Witam serdecznie! K\u0142ania si\u0119 Ks. Jacek Ja\u015bkowski. Nie jestem ani kim\u015b wa\u017cnym, ani kim\u015b znanym. Jestem ksi\u0119dzem, kt\u00f3ry po prostu chce rozmawia\u0107. Do\u015bwiadczenie dwunastu lat kap\u0142a\u0144stwa pokaza\u0142o mi, \u017ce temat\u00f3w do rozm\u00f3w z ksi\u0119dzem jest coraz wi\u0119cej i dzisiaj \u017caden ksi\u0105dz nie mo\u017ce od nich ucieka\u0107, ale &#8211; wprost przeciwnie &#8211; podejmowa\u0107 nowe wyzwania. To [&hellip;]<\/p>\n","protected":false},"author":1,"featured_media":0,"comment_status":"open","ping_status":"open","sticky":false,"template":"","format":"standard","meta":{"jetpack_post_was_ever_published":false,"_jetpack_newsletter_access":"","_jetpack_dont_email_post_to_subs":false,"_jetpack_newsletter_tier_id":0,"_jetpack_memberships_contains_paywalled_content":false,"_jetpack_memberships_contains_paid_content":false,"footnotes":""},"categories":[1],"tags":[],"class_list":["post-10041","post","type-post","status-publish","format-standard","hentry","category-bez-kategorii"],"yoast_head":"<!-- This site is optimized with the Yoast SEO plugin v25.1 - https:\/\/yoast.com\/wordpress\/plugins\/seo\/ -->\n<title>Witam serdecznie! - Gaudium Et Spes<\/title>\n<meta name=\"robots\" content=\"index, follow, max-snippet:-1, max-image-preview:large, max-video-preview:-1\" \/>\n<link rel=\"canonical\" href=\"https:\/\/gaudiumetspes-blog.pl\/index.php\/2010\/11\/13\/witam-serdecznie_25\/\" \/>\n<meta property=\"og:locale\" content=\"pl_PL\" \/>\n<meta property=\"og:type\" content=\"article\" \/>\n<meta property=\"og:title\" content=\"Witam serdecznie! - Gaudium Et Spes\" \/>\n<meta property=\"og:description\" content=\"Witam serdecznie! K\u0142ania si\u0119 Ks. Jacek Ja\u015bkowski. Nie jestem ani kim\u015b wa\u017cnym, ani kim\u015b znanym. Jestem ksi\u0119dzem, kt\u00f3ry po prostu chce rozmawia\u0107. Do\u015bwiadczenie dwunastu lat kap\u0142a\u0144stwa pokaza\u0142o mi, \u017ce temat\u00f3w do rozm\u00f3w z ksi\u0119dzem jest coraz wi\u0119cej i dzisiaj \u017caden ksi\u0105dz nie mo\u017ce od nich ucieka\u0107, ale &#8211; wprost przeciwnie &#8211; podejmowa\u0107 nowe wyzwania. To [&hellip;]\" \/>\n<meta property=\"og:url\" content=\"https:\/\/gaudiumetspes-blog.pl\/index.php\/2010\/11\/13\/witam-serdecznie_25\/\" \/>\n<meta property=\"og:site_name\" content=\"Gaudium Et Spes\" \/>\n<meta property=\"article:published_time\" content=\"2010-11-13T08:40:00+00:00\" \/>\n<meta property=\"article:modified_time\" content=\"2019-07-31T10:51:53+00:00\" \/>\n<meta name=\"author\" content=\"Ks. Jacek\" \/>\n<meta name=\"twitter:card\" content=\"summary_large_image\" \/>\n<meta name=\"twitter:label1\" content=\"Napisane przez\" \/>\n\t<meta name=\"twitter:data1\" content=\"Ks. Jacek\" \/>\n\t<meta name=\"twitter:label2\" content=\"Szacowany czas czytania\" \/>\n\t<meta name=\"twitter:data2\" content=\"7 minut\" \/>\n<script type=\"application\/ld+json\" class=\"yoast-schema-graph\">{\"@context\":\"https:\/\/schema.org\",\"@graph\":[{\"@type\":\"WebPage\",\"@id\":\"https:\/\/gaudiumetspes-blog.pl\/index.php\/2010\/11\/13\/witam-serdecznie_25\/\",\"url\":\"https:\/\/gaudiumetspes-blog.pl\/index.php\/2010\/11\/13\/witam-serdecznie_25\/\",\"name\":\"Witam serdecznie! - Gaudium Et Spes\",\"isPartOf\":{\"@id\":\"https:\/\/gaudiumetspes-blog.pl\/#website\"},\"datePublished\":\"2010-11-13T08:40:00+00:00\",\"dateModified\":\"2019-07-31T10:51:53+00:00\",\"author\":{\"@id\":\"https:\/\/gaudiumetspes-blog.pl\/#\/schema\/person\/1661982992b752dea8dff0d4ed845a65\"},\"breadcrumb\":{\"@id\":\"https:\/\/gaudiumetspes-blog.pl\/index.php\/2010\/11\/13\/witam-serdecznie_25\/#breadcrumb\"},\"inLanguage\":\"pl-PL\",\"potentialAction\":[{\"@type\":\"ReadAction\",\"target\":[\"https:\/\/gaudiumetspes-blog.pl\/index.php\/2010\/11\/13\/witam-serdecznie_25\/\"]}]},{\"@type\":\"BreadcrumbList\",\"@id\":\"https:\/\/gaudiumetspes-blog.pl\/index.php\/2010\/11\/13\/witam-serdecznie_25\/#breadcrumb\",\"itemListElement\":[{\"@type\":\"ListItem\",\"position\":1,\"name\":\"Strona g\u0142\u00f3wna\",\"item\":\"https:\/\/gaudiumetspes-blog.pl\/\"},{\"@type\":\"ListItem\",\"position\":2,\"name\":\"Witam serdecznie!\"}]},{\"@type\":\"WebSite\",\"@id\":\"https:\/\/gaudiumetspes-blog.pl\/#website\",\"url\":\"https:\/\/gaudiumetspes-blog.pl\/\",\"name\":\"Gaudium Et Spes\",\"description\":\"Blog Ks. Jacka Ja\u015bkowskiego\",\"potentialAction\":[{\"@type\":\"SearchAction\",\"target\":{\"@type\":\"EntryPoint\",\"urlTemplate\":\"https:\/\/gaudiumetspes-blog.pl\/?s={search_term_string}\"},\"query-input\":{\"@type\":\"PropertyValueSpecification\",\"valueRequired\":true,\"valueName\":\"search_term_string\"}}],\"inLanguage\":\"pl-PL\"},{\"@type\":\"Person\",\"@id\":\"https:\/\/gaudiumetspes-blog.pl\/#\/schema\/person\/1661982992b752dea8dff0d4ed845a65\",\"name\":\"Ks. Jacek\",\"image\":{\"@type\":\"ImageObject\",\"inLanguage\":\"pl-PL\",\"@id\":\"https:\/\/gaudiumetspes-blog.pl\/#\/schema\/person\/image\/\",\"url\":\"https:\/\/gaudiumetspes-blog.pl\/wp-content\/uploads\/2019\/07\/avatar-JJ-150x150.jpg\",\"contentUrl\":\"https:\/\/gaudiumetspes-blog.pl\/wp-content\/uploads\/2019\/07\/avatar-JJ-150x150.jpg\",\"caption\":\"Ks. Jacek\"},\"description\":\"Witam serdecznie! K\u0142ania si\u0119 Ks. Jacek Ja\u015bkowski. Nie jestem ani kim\u015b wa\u017cnym, ani kim\u015b znanym. Jestem ksi\u0119dzem, kt\u00f3ry po prostu chce rozmawia\u0107. Codzienna kap\u0142a\u0144ska pos\u0142uga pokazuje mi, \u017ce temat\u00f3w do rozm\u00f3w z ksi\u0119dzem jest coraz wi\u0119cej i dzisiaj \u017caden ksi\u0105dz nie mo\u017ce od nich ucieka\u0107, ale - wprost przeciwnie - podejmowa\u0107 nowe wyzwania. To przekonanie sk\u0142oni\u0142o mnie do pr\u00f3by otwarcia tego\u017c bloga, chocia\u017c okazji do rozm\u00f3w na co dzie\u0144 - w konfesjonale i poza nim - na szcz\u0119\u015bcie nie brakuje. My\u015bl\u0119 jednak, \u017ce ten blog b\u0119dzie jeszcze jednym sposobem i przestrzeni\u0105 nawi\u0105zania kontaktu z lud\u017ami dobrej woli, otwartymi na dialog.\",\"url\":\"https:\/\/gaudiumetspes-blog.pl\/index.php\/author\/ks-jacek\/\"}]}<\/script>\n<!-- \/ Yoast SEO plugin. -->","yoast_head_json":{"title":"Witam serdecznie! - Gaudium Et Spes","robots":{"index":"index","follow":"follow","max-snippet":"max-snippet:-1","max-image-preview":"max-image-preview:large","max-video-preview":"max-video-preview:-1"},"canonical":"https:\/\/gaudiumetspes-blog.pl\/index.php\/2010\/11\/13\/witam-serdecznie_25\/","og_locale":"pl_PL","og_type":"article","og_title":"Witam serdecznie! - Gaudium Et Spes","og_description":"Witam serdecznie! K\u0142ania si\u0119 Ks. Jacek Ja\u015bkowski. Nie jestem ani kim\u015b wa\u017cnym, ani kim\u015b znanym. Jestem ksi\u0119dzem, kt\u00f3ry po prostu chce rozmawia\u0107. Do\u015bwiadczenie dwunastu lat kap\u0142a\u0144stwa pokaza\u0142o mi, \u017ce temat\u00f3w do rozm\u00f3w z ksi\u0119dzem jest coraz wi\u0119cej i dzisiaj \u017caden ksi\u0105dz nie mo\u017ce od nich ucieka\u0107, ale &#8211; wprost przeciwnie &#8211; podejmowa\u0107 nowe wyzwania. To [&hellip;]","og_url":"https:\/\/gaudiumetspes-blog.pl\/index.php\/2010\/11\/13\/witam-serdecznie_25\/","og_site_name":"Gaudium Et Spes","article_published_time":"2010-11-13T08:40:00+00:00","article_modified_time":"2019-07-31T10:51:53+00:00","author":"Ks. Jacek","twitter_card":"summary_large_image","twitter_misc":{"Napisane przez":"Ks. Jacek","Szacowany czas czytania":"7 minut"},"schema":{"@context":"https:\/\/schema.org","@graph":[{"@type":"WebPage","@id":"https:\/\/gaudiumetspes-blog.pl\/index.php\/2010\/11\/13\/witam-serdecznie_25\/","url":"https:\/\/gaudiumetspes-blog.pl\/index.php\/2010\/11\/13\/witam-serdecznie_25\/","name":"Witam serdecznie! - Gaudium Et Spes","isPartOf":{"@id":"https:\/\/gaudiumetspes-blog.pl\/#website"},"datePublished":"2010-11-13T08:40:00+00:00","dateModified":"2019-07-31T10:51:53+00:00","author":{"@id":"https:\/\/gaudiumetspes-blog.pl\/#\/schema\/person\/1661982992b752dea8dff0d4ed845a65"},"breadcrumb":{"@id":"https:\/\/gaudiumetspes-blog.pl\/index.php\/2010\/11\/13\/witam-serdecznie_25\/#breadcrumb"},"inLanguage":"pl-PL","potentialAction":[{"@type":"ReadAction","target":["https:\/\/gaudiumetspes-blog.pl\/index.php\/2010\/11\/13\/witam-serdecznie_25\/"]}]},{"@type":"BreadcrumbList","@id":"https:\/\/gaudiumetspes-blog.pl\/index.php\/2010\/11\/13\/witam-serdecznie_25\/#breadcrumb","itemListElement":[{"@type":"ListItem","position":1,"name":"Strona g\u0142\u00f3wna","item":"https:\/\/gaudiumetspes-blog.pl\/"},{"@type":"ListItem","position":2,"name":"Witam serdecznie!"}]},{"@type":"WebSite","@id":"https:\/\/gaudiumetspes-blog.pl\/#website","url":"https:\/\/gaudiumetspes-blog.pl\/","name":"Gaudium Et Spes","description":"Blog Ks. Jacka Ja\u015bkowskiego","potentialAction":[{"@type":"SearchAction","target":{"@type":"EntryPoint","urlTemplate":"https:\/\/gaudiumetspes-blog.pl\/?s={search_term_string}"},"query-input":{"@type":"PropertyValueSpecification","valueRequired":true,"valueName":"search_term_string"}}],"inLanguage":"pl-PL"},{"@type":"Person","@id":"https:\/\/gaudiumetspes-blog.pl\/#\/schema\/person\/1661982992b752dea8dff0d4ed845a65","name":"Ks. Jacek","image":{"@type":"ImageObject","inLanguage":"pl-PL","@id":"https:\/\/gaudiumetspes-blog.pl\/#\/schema\/person\/image\/","url":"https:\/\/gaudiumetspes-blog.pl\/wp-content\/uploads\/2019\/07\/avatar-JJ-150x150.jpg","contentUrl":"https:\/\/gaudiumetspes-blog.pl\/wp-content\/uploads\/2019\/07\/avatar-JJ-150x150.jpg","caption":"Ks. Jacek"},"description":"Witam serdecznie! K\u0142ania si\u0119 Ks. Jacek Ja\u015bkowski. Nie jestem ani kim\u015b wa\u017cnym, ani kim\u015b znanym. Jestem ksi\u0119dzem, kt\u00f3ry po prostu chce rozmawia\u0107. Codzienna kap\u0142a\u0144ska pos\u0142uga pokazuje mi, \u017ce temat\u00f3w do rozm\u00f3w z ksi\u0119dzem jest coraz wi\u0119cej i dzisiaj \u017caden ksi\u0105dz nie mo\u017ce od nich ucieka\u0107, ale - wprost przeciwnie - podejmowa\u0107 nowe wyzwania. To przekonanie sk\u0142oni\u0142o mnie do pr\u00f3by otwarcia tego\u017c bloga, chocia\u017c okazji do rozm\u00f3w na co dzie\u0144 - w konfesjonale i poza nim - na szcz\u0119\u015bcie nie brakuje. My\u015bl\u0119 jednak, \u017ce ten blog b\u0119dzie jeszcze jednym sposobem i przestrzeni\u0105 nawi\u0105zania kontaktu z lud\u017ami dobrej woli, otwartymi na dialog.","url":"https:\/\/gaudiumetspes-blog.pl\/index.php\/author\/ks-jacek\/"}]}},"jetpack_featured_media_url":"","jetpack_sharing_enabled":true,"_links":{"self":[{"href":"https:\/\/gaudiumetspes-blog.pl\/index.php\/wp-json\/wp\/v2\/posts\/10041","targetHints":{"allow":["GET"]}}],"collection":[{"href":"https:\/\/gaudiumetspes-blog.pl\/index.php\/wp-json\/wp\/v2\/posts"}],"about":[{"href":"https:\/\/gaudiumetspes-blog.pl\/index.php\/wp-json\/wp\/v2\/types\/post"}],"author":[{"embeddable":true,"href":"https:\/\/gaudiumetspes-blog.pl\/index.php\/wp-json\/wp\/v2\/users\/1"}],"replies":[{"embeddable":true,"href":"https:\/\/gaudiumetspes-blog.pl\/index.php\/wp-json\/wp\/v2\/comments?post=10041"}],"version-history":[{"count":1,"href":"https:\/\/gaudiumetspes-blog.pl\/index.php\/wp-json\/wp\/v2\/posts\/10041\/revisions"}],"predecessor-version":[{"id":10042,"href":"https:\/\/gaudiumetspes-blog.pl\/index.php\/wp-json\/wp\/v2\/posts\/10041\/revisions\/10042"}],"wp:attachment":[{"href":"https:\/\/gaudiumetspes-blog.pl\/index.php\/wp-json\/wp\/v2\/media?parent=10041"}],"wp:term":[{"taxonomy":"category","embeddable":true,"href":"https:\/\/gaudiumetspes-blog.pl\/index.php\/wp-json\/wp\/v2\/categories?post=10041"},{"taxonomy":"post_tag","embeddable":true,"href":"https:\/\/gaudiumetspes-blog.pl\/index.php\/wp-json\/wp\/v2\/tags?post=10041"}],"curies":[{"name":"wp","href":"https:\/\/api.w.org\/{rel}","templated":true}]}}