{"id":14528,"date":"2019-07-27T05:51:00","date_gmt":"2019-07-27T03:51:00","guid":{"rendered":"https:\/\/gaudiumetspes-blog.pl\/index.php\/2019\/07\/27\/wszystko-co-powiedzia-pan-uczynimy-2\/"},"modified":"2019-07-31T22:41:35","modified_gmt":"2019-07-31T20:41:35","slug":"wszystko-co-powiedzia-pan-uczynimy-2","status":"publish","type":"post","link":"https:\/\/gaudiumetspes-blog.pl\/index.php\/2019\/07\/27\/wszystko-co-powiedzia-pan-uczynimy-2\/","title":{"rendered":"Wszystko, co powiedzia\u0142 Pan, uczynimy!"},"content":{"rendered":"<p>&nbsp;<\/p>\n<div style=\"font-weight: normal;line-height: 150%;margin-bottom: 0cm\" align=\"justify\"><span style=\"color: black\"><span style=\"font-family: 'book antiqua' , serif\"><span style=\"font-size: x-large\">Szcz\u0119\u015b\u0107 Bo\u017ce! Moi Drodzy, w dniu dzisiejszym <b>urodziny prze\u017cywa Wojciech Bronisz, za moich czas\u00f3w \u2013 Lektor w Parafii mojego pierwszego wikariatu i przez wiele lat: Szef s\u0142u\u017cby technicznej Pieszej Pielgrzymki Podlaskiej, obs\u0142uguj\u0105cej nag\u0142o\u015bnienie. Dzi\u0119kuj\u0105c Jubilatowi za wielorako okazywan\u0105 \u017cyczliwo\u015b\u0107 i pomoc, \u017cycz\u0119 Bo\u017cego b\u0142ogos\u0142awie\u0144stwa i \u015bwiat\u0142a w realizacji powo\u0142ania ma\u0142\u017ce\u0144skiego i ojcowskiego! Zapewniam o modlitwie.<\/b><\/span><\/span><\/span><\/div>\n<div style=\"background: transparent;font-weight: normal;line-height: 150%;margin-bottom: 0cm;text-indent: 1.3cm\" align=\"justify\"><span style=\"font-size: x-large\"><span style=\"color: black\"><span style=\"font-family: 'book antiqua' , serif\">Moi Drodzy, ca\u0142e wczorajsze popo\u0142udnie zesz\u0142o mi na przegl\u0105daniu naszej korespondencji blogowej. Tak si\u0119 bowiem sk\u0142ada\u0142o na Parafii, \u017ce bie\u017c\u0105ce zaj\u0119cia utrudnia\u0142y, a nierzadko uniemo\u017cliwia\u0142y spokojne wczytanie si\u0119 i przemy\u015blenie Waszych wypowiedzi. Wczoraj natomiast przyszed\u0142 taki dobry czas i natchnienie, by wr\u00f3ci\u0107 do tych ciekawych \u2013 nierzadko ostrych \u2013 dyskusji, jakie tu prowadzili\u015bmy. Cofaj\u0105c si\u0119, dzie\u0144 po dniu, doszed\u0142em do po\u0142owy listopada 2018 roku. Spr\u00f3buj\u0119 dzi\u015b lub jutro p\u00f3j\u015b\u0107 jeszcze dalej\u2026 <\/span><\/span><br \/>\n<\/span><\/div>\n<div style=\"background: transparent;font-weight: normal;line-height: 150%;margin-bottom: 0cm;text-indent: 1.3cm\" align=\"justify\"><span style=\"color: black\"><span style=\"font-family: 'book antiqua' , serif\"><span style=\"font-size: x-large\">Uwa\u017cnie czyta\u0142em raz jeszcze poszczeg\u00f3lne komentarze, to i owo dopisa\u0142em\u2026 Od\u017cy\u0142y wspomnienia, ale jednocze\u015bnie wielka moja wdzi\u0119czno\u015b\u0107 dla Was, i\u017c chcecie tu by\u0107 i dzieli\u0107 si\u0119 swoj\u0105 wiar\u0105, m\u0105dro\u015bci\u0105 i \u017cyciowym do\u015bwiadczeniem.<\/span><\/span><\/span><\/div>\n<div style=\"background: transparent;font-weight: normal;line-height: 150%;margin-bottom: 0cm;text-indent: 1.3cm\" align=\"justify\"><span style=\"color: black\"><span style=\"font-family: 'book antiqua' , serif\"><span style=\"font-size: x-large\">Dzi\u0119kuj\u0119 Ksi\u0119dzu Markowi, Wsp\u00f3\u0142autorowi bloga, a tak\u017ce innym Wsp\u00f3\u0142autorom, kt\u00f3rzy na przestrzeni lat \u2013 przez pewien czas, albo jednorazowo \u2013 anga\u017cowali si\u0119, wk\u0142adaj\u0105c swoj\u0105 cegie\u0142k\u0119 w budowanie tego naszego Gospodarstwa.<\/span><\/span><\/span><\/div>\n<div style=\"background: transparent;font-weight: normal;line-height: 150%;margin-bottom: 0cm;text-indent: 1.3cm\" align=\"justify\"><span style=\"font-size: x-large\"><span style=\"color: black\"><span style=\"font-family: 'book antiqua' , serif\">Dzi\u0119kuj\u0119 Komentatorom, na czele z nieocenion\u0105 Ann\u0105, a tak\u017ce: Wiesi, Ani2, naszej J.B., naszej M., Robertowi, Robsonowi, Gosi, Monice, Da\u015bkowi, a tak\u017ce tym, kt\u00f3rzy anonimowo si\u0119 wypowiadali. Tak\u017ce tym mniej \u017cyczliwym\u2026 <\/span><\/span><br \/>\n<\/span><\/div>\n<div style=\"background: transparent;font-weight: normal;line-height: 150%;margin-bottom: 0cm;text-indent: 1.3cm\" align=\"justify\"><span style=\"color: black\"><span style=\"font-family: 'book antiqua' , serif\"><span style=\"font-size: x-large\">Dzi\u0119kuj\u0119 Moderatorowi naszego Bloga, Krzysztofowi Fabisiakowi, za sta\u0142\u0105 opiek\u0119 techniczn\u0105 nad tym Forum. W najbli\u017cszych dniach, wraz z Moderatorem, dokonamy tu rewolucyjnej zmiany: nast\u0105pi \u201eprzeprowadzka\u201d pod inny adres, ale te\u017c \u201ezamieszkamy\u201d w nieco lepszych warunkach. A wtedy, jak wierz\u0119, od\u017cyje Ksi\u0119ga Intencji oraz pokoik z napisem na drzwiach: \u201eNapisz do mnie\u201d, bo teraz r\u00f3\u017cnie z tym bywa. Stara cha\u0142upa po prostu ju\u017c domaga si\u0119 remontu, albo wyprowadzki. My dokonamy tego drugiego.<\/span><\/span><\/span><\/div>\n<div style=\"background: transparent;font-weight: normal;line-height: 150%;margin-bottom: 0cm;text-indent: 1.3cm\" align=\"justify\"><span style=\"color: black\"><span style=\"font-family: 'book antiqua' , serif\"><span style=\"font-size: x-large\">Moi Drodzy, cz\u0119sto pami\u0119tam w modlitwie o naszej blogowej Rodzinie \u2013 codziennie, a zw\u0142aszcza b\u0119d\u0105c w Kodniu, w Szklarskiej Por\u0119bie, czy gdziekolwiek, w r\u00f3\u017cnych \u015bwi\u0119tych miejscach. Ogarniam w\u00f3wczas modlitw\u0105 nasz\u0105 Wsp\u00f3lnot\u0119: Wsp\u00f3\u0142autora, Komentator\u00f3w, ale i Tych, kt\u00f3rzy chocia\u017c jeszcze s\u0142owa nie napisali, to jednak s\u0105 tu obecni, o czym na bie\u017c\u0105co informuj\u0105 mnie przy okazji spotka\u0144, albo rozm\u00f3w telefonicznych, czy korespondencji mailowej. Wszystkim raz jeszcze dzi\u0119kuj\u0119, a zapewniaj\u0105c o modlitwie, prosz\u0119 o to, by\u015bmy tworzyli tak\u0105 w\u0142a\u015bnie modlitewn\u0105 wsp\u00f3lnot\u0119. Jak w dobrej rodzinie!<\/span><\/span><\/span><\/div>\n<div style=\"background: transparent;font-weight: normal;line-height: 150%;margin-bottom: 0cm;text-indent: 1.3cm\" align=\"justify\"><span style=\"color: black\"><span style=\"font-family: 'book antiqua' , serif\"><span style=\"font-size: x-large\">Moi Drodzy, nie ukrywam, \u017ce ci\u0105gle marzy mi si\u0119 poszerzenie grona Wsp\u00f3\u0142autor\u00f3w. Tak, jak to si\u0119 uda\u0142o Ksi\u0119dzu Markowi, na Jego Blogu. Blog ten powsta\u0142 na wz\u00f3r naszego, ale form\u0105 znacznie go przewy\u017cszy\u0142 \u2013 w\u0142a\u015bnie dlatego, \u017ce na co dzie\u0144 jest tworzony przez wi\u0119ksze Grono. Chcia\u0142bym, \u017ceby i nam si\u0119 to uda\u0142o. I chyba mam ju\u017c jakie\u015b pomys\u0142y w tej kwestii, ale to jeszcze wymaga nieco przemy\u015blenia i modlitwy\u2026<\/span><\/span><\/span><\/div>\n<div style=\"background: transparent;font-weight: normal;line-height: 150%;margin-bottom: 0cm;text-indent: 1.3cm\" align=\"justify\"><span style=\"color: black\"><span style=\"font-family: 'book antiqua' , serif\"><span style=\"font-size: x-large\">Tymczasem, moi Drodzy, zach\u0119cam do \u2013 mo\u017ce ju\u017c zapomnianej przez niekt\u00f3rych \u2013 naszej \u0142\u0105czno\u015bci modlitewnej poprzez \u201eOjcze nasz\u201d o godzinie 20:00, oraz do r\u00f3\u017cnych form modlitewnego wspierania naszej Wsp\u00f3lnoty. I do aktywnego wsp\u00f3\u0142tworzenia naszego wsp\u00f3lnego Dzie\u0142a, tego naszego wsp\u00f3lnego Domostwa! B\u0105d\u017amy razem!<\/span><\/span><\/span><\/div>\n<div style=\"font-weight: normal;line-height: 150%;margin-bottom: 0cm\" align=\"center\"><span style=\"color: black\"><span style=\"font-family: 'book antiqua' , serif\"><span style=\"font-size: x-large\">Gaudium et spes! Ks. Jacek<\/span><\/span><\/span><\/div>\n<div style=\"line-height: 150%;margin-bottom: 0cm\" align=\"justify\">\n<p>&nbsp;<\/p>\n<\/div>\n<div style=\"line-height: 150%;margin-bottom: 0cm\" align=\"justify\"><span style=\"color: black\"><span style=\"font-family: 'book antiqua' , serif\"><span style=\"font-size: x-large\"><b>Sobota 16 Tygodnia zwyk\u0142ego, rok I,<\/b><\/span><\/span><\/span><\/div>\n<div style=\"line-height: 150%;margin-bottom: 0cm\" align=\"justify\"><span style=\"color: black\"><span style=\"font-family: 'book antiqua' , serif\"><span style=\"font-size: x-large\"><b>do czyta\u0144: Wj 24,3\u20138; Mt 13,24\u201330<\/b><\/span><\/span><\/span><\/div>\n<div style=\"line-height: 150%;margin-bottom: 0cm\" align=\"justify\">\n<p>&nbsp;<\/p>\n<\/div>\n<div style=\"font-style: normal;font-variant: normal;letter-spacing: normal;line-height: 150%;margin-bottom: 0cm\" align=\"justify\"><span style=\"font-size: x-large\"><span style=\"color: black\"><span style=\"font-family: 'book antiqua' , serif\"><b>CZYTANIE Z KSI\u0118GI WYJ\u015aCIA: <\/b><\/span><\/span><br \/>\n<\/span><\/div>\n<div style=\"background: transparent;font-style: normal;font-variant: normal;letter-spacing: normal;line-height: 150%;margin-bottom: 0cm;text-indent: 1.3cm\" align=\"justify\"><span style=\"font-size: x-large\"><span style=\"color: black\"><span style=\"font-family: 'book antiqua' , serif\"><b>Moj\u017cesz wr\u00f3ci\u0142 z Synaju i obwie\u015bci\u0142 ludowi wszystkie s\u0142owa Pana i wszystkie Jego zlecenia. Wtedy ca\u0142y lud odpowiedzia\u0142 jednog\u0142o\u015bnie: \u201eWszystkie s\u0142owa, jakie powiedzia\u0142 Pan, wype\u0142nimy\u201d. <\/b><\/span><\/span><br \/>\n<\/span><\/div>\n<div style=\"background: transparent;font-style: normal;font-variant: normal;letter-spacing: normal;line-height: 150%;margin-bottom: 0cm;text-indent: 1.3cm\" align=\"justify\"><span style=\"font-size: x-large\"><span style=\"color: black\"><span style=\"font-family: 'book antiqua' , serif\"><b>Spisa\u0142 wi\u0119c Moj\u017cesz wszystkie s\u0142owa Pana. Nazajutrz wcze\u015bnie rano zbudowa\u0142 o\u0142tarz u st\u00f3p g\u00f3ry i postawi\u0142 dwana\u015bcie stel, stosownie do liczby dwunastu pokole\u0144 Izraela. Potem poleci\u0142 m\u0142odzie\u0144com z syn\u00f3w Izraela z\u0142o\u017cy\u0107 dla Pana ofiar\u0119 ca\u0142opaln\u0105 i ofiar\u0119 biesiadn\u0105 z cielc\u00f3w. Moj\u017cesz za\u015b wzi\u0105\u0142 po\u0142ow\u0119 krwi i wyla\u0142 j\u0105 do czar, a drug\u0105 po\u0142ow\u0105 krwi skropi\u0142 o\u0142tarz. <\/b><\/span><\/span><br \/>\n<\/span><\/div>\n<div style=\"background: transparent;font-style: normal;font-variant: normal;letter-spacing: normal;line-height: 150%;margin-bottom: 0cm;text-indent: 1.3cm\" align=\"justify\"><span style=\"color: black\"><span style=\"font-family: 'book antiqua' , serif\"><span style=\"font-size: x-large\"><b>Wtedy wzi\u0105\u0142 Ksi\u0119g\u0119 Przymierza i czyta\u0142 j\u0105 g\u0142o\u015bno ludowi. I o\u015bwiadczyli: \u201eWszystko, co powiedzia\u0142 Pan, uczynimy i b\u0119dziemy pos\u0142uszni\u201d. Moj\u017cesz wzi\u0105\u0142 krew i pokropi\u0142 ni\u0105 lud, m\u00f3wi\u0105c: \u201eOto krew przymierza, kt\u00f3re Pan zawar\u0142 z wami na podstawie wszystkich tych s\u0142\u00f3w\u201d.<\/b><\/span><\/span><\/span><\/div>\n<div style=\"line-height: 150%;margin-bottom: 0cm\" align=\"justify\">\n<p>&nbsp;<\/p>\n<\/div>\n<div style=\"font-style: normal;font-variant: normal;letter-spacing: normal;line-height: 150%;margin-bottom: 0cm\" align=\"justify\"><span style=\"color: black\"><span style=\"font-family: 'book antiqua' , serif\"><span style=\"font-size: x-large\"><b>S\u0141OWA EWANGELII WED\u0141UG \u015aWI\u0118TEGO MATEUSZA:<\/b><\/span><\/span><\/span><\/div>\n<div style=\"background: transparent;font-style: normal;font-variant: normal;letter-spacing: normal;line-height: 150%;margin-bottom: 0cm;text-indent: 1.3cm\" align=\"justify\"><span style=\"font-size: x-large\"><span style=\"color: black\"><span style=\"font-family: 'book antiqua' , serif\"><b>Jezus opowiedzia\u0142 t\u0142umom t\u0119 przypowie\u015b\u0107: \u201eKr\u00f3lestwo niebieskie podobne jest do cz\u0142owieka, kt\u00f3ry posia\u0142 dobre nasienie na swojej roli. Lecz gdy ludzie spali, przyszed\u0142 jego nieprzyjaciel, nasia\u0142 chwastu mi\u0119dzy pszenic\u0119 i odszed\u0142. <\/b><\/span><\/span><br \/>\n<\/span><\/div>\n<div style=\"background: transparent;font-style: normal;font-variant: normal;letter-spacing: normal;line-height: 150%;margin-bottom: 0cm;text-indent: 1.3cm\" align=\"justify\"><span style=\"font-size: x-large\"><span style=\"color: black\"><span style=\"font-family: 'book antiqua' , serif\"><b>A gdy zbo\u017ce wyros\u0142o i wypu\u015bci\u0142o k\u0142osy, wtedy pojawi\u0142 si\u0119 i chwast. S\u0142udzy gospodarza przyszli i zapytali go: \u00abPanie, czy nie posia\u0142e\u015b dobrego nasienia na swej roli? Sk\u0105d wi\u0119c si\u0119 wzi\u0105\u0142 na niej chwast?\u00bb Odpowiedzia\u0142 im: \u00abNieprzyjazny cz\u0142owiek to sprawi\u0142\u00bb. Rzekli mu s\u0142udzy: \u00abChcesz wi\u0119c, \u017ceby\u015bmy poszli i zebrali go?\u00bb <\/b><\/span><\/span><br \/>\n<\/span><\/div>\n<div style=\"background: transparent;font-style: normal;font-variant: normal;letter-spacing: normal;line-height: 150%;margin-bottom: 0cm;text-indent: 1.3cm\" align=\"justify\"><span style=\"color: black\"><span style=\"font-family: 'book antiqua' , serif\"><span style=\"font-size: x-large\"><b>A on im odrzek\u0142: \u00abNie, by\u015bcie zbieraj\u0105c chwast nie wyrwali razem z nim i pszenicy. Pozw\u00f3lcie obojgu r\u00f3\u015b\u0107 a\u017c do \u017cniwa; a w czasie \u017cniwa powiem \u017ce\u0144com: Zbierzcie najpierw chwast i powi\u0105\u017ccie go w snopki na spalenie; pszenic\u0119 za\u015b zwie\u017acie do mego spichlerza\u00bb\u201d.<\/b><\/span><\/span><\/span><\/div>\n<div style=\"line-height: 150%;margin-bottom: 0cm\" align=\"justify\">\n<p>&nbsp;<\/p>\n<\/div>\n<div style=\"background: transparent;line-height: 150%;margin-bottom: 0cm;text-indent: 1.3cm\" align=\"justify\"><span style=\"font-size: x-large\"><span style=\"color: black\"><span style=\"font-family: 'book antiqua' , serif\">Zauwa\u017camy zapewne \u2013 s\u0142uchaj\u0105c dzisiejszego pierwszego czytania \u2013 \u017ce a\u017c dwukrotnie, w stosunkowo kr\u00f3tkim tek\u015bcie, pojawia si\u0119 solenne zapewnienie ludu wybranego, \u017ce <b>wype\u0142ni wszystkie oczekiwania,\u00a0<\/b>jakie pok\u0142ada w nim Pan. <\/span><\/span><br \/>\n<\/span><\/div>\n<div style=\"background: transparent;line-height: 150%;margin-bottom: 0cm;text-indent: 1.3cm\" align=\"justify\"><span style=\"font-size: x-large\"><span style=\"color: black\"><span style=\"font-family: 'book antiqua' , serif\">Najpierw, kiedy <span style=\"font-variant: normal\"><span style=\"letter-spacing: normal\"><i><b>Moj\u017cesz wr\u00f3ci\u0142 z Synaju i obwie\u015bci\u0142 ludowi wszystkie s\u0142owa Pana i wszystkie Jego zlecenia \u2013 <\/b><\/i><\/span><\/span><span style=\"font-variant: normal\"><span style=\"letter-spacing: normal\"><i><b>w<\/b><\/i><\/span><\/span><span style=\"font-variant: normal\"><span style=\"letter-spacing: normal\"><i><b>tedy ca\u0142y lud odpowiedzia\u0142 jednog\u0142o\u015bnie: \u201eWszystkie s\u0142owa, jakie powiedzia\u0142 Pan, wype\u0142nimy\u201d.\u00a0<\/b><\/i><\/span><\/span><span style=\"font-variant: normal\"><span style=\"letter-spacing: normal\"><span style=\"font-style: normal\"><span style=\"font-weight: normal\">W\u00f3wczas Moj\u017cesz najpierw spisa\u0142 wszystkie s\u0142owa Pana, po czym <\/span><\/span><\/span><\/span><span style=\"font-variant: normal\"><span style=\"letter-spacing: normal\"><i><b>poleci\u0142 m\u0142odzie\u0144com z syn\u00f3w Izraela z\u0142o\u017cy\u0107 dla Pana ofiar\u0119 ca\u0142opaln\u0105 i ofiar\u0119 biesiadn\u0105 z cielc\u00f3w.<\/b><\/i><\/span><\/span><\/span><\/span><br \/>\n<\/span><\/div>\n<div style=\"background: transparent;line-height: 150%;margin-bottom: 0cm;text-indent: 1.3cm\" align=\"justify\"><span style=\"font-size: x-large\"><span style=\"color: black\"><span style=\"font-family: 'book antiqua' , serif\"><span style=\"font-variant: normal\"><span style=\"letter-spacing: normal\"><span style=\"font-style: normal\"><span style=\"font-weight: normal\">Nast\u0119pnie za\u015b, <\/span><\/span><\/span><\/span><span style=\"font-variant: normal\"><span style=\"letter-spacing: normal\"><i><b>wzi\u0105\u0142 Ksi\u0119g\u0119 Przymierza i czyta\u0142 j\u0105 g\u0142o\u015bno ludowi.\u00a0<\/b><\/i><\/span><\/span><span style=\"font-variant: normal\"><span style=\"letter-spacing: normal\"><span style=\"font-style: normal\"><span style=\"font-weight: normal\">Wtedy to synowie Izraela ponownie o\u015bwiadczyli:\u00a0<\/span><\/span><\/span><\/span><span style=\"font-variant: normal\"><span style=\"letter-spacing: normal\"><i><b>Wszystko, co powiedzia\u0142 Pan, uczynimy i b\u0119dziemy pos\u0142uszni.\u00a0<\/b><\/i><\/span><\/span><span style=\"font-variant: normal\"><span style=\"letter-spacing: normal\"><span style=\"font-style: normal\"><span style=\"font-weight: normal\">A w<\/span><\/span><\/span><\/span><span style=\"font-variant: normal\"><span style=\"letter-spacing: normal\"><span style=\"font-style: normal\"><span style=\"font-weight: normal\">\u00f3wczas, na potwierdzenie tak zawartego przymierza, <\/span><\/span><\/span><\/span><span style=\"font-variant: normal\"><span style=\"letter-spacing: normal\"><i><b>Moj\u017cesz wzi\u0105\u0142 krew i pokropi\u0142 ni\u0105 lud, m\u00f3wi\u0105c: \u201eOto krew przymierza, kt\u00f3re Pan zawar\u0142 z wami na podstawie wszystkich tych s\u0142\u00f3w\u201d. <\/b><\/i><\/span><\/span><\/span><\/span><br \/>\n<\/span><\/div>\n<div style=\"background: transparent;line-height: 150%;margin-bottom: 0cm;text-indent: 1.3cm\" align=\"justify\"><span style=\"color: black\"><span style=\"font-family: 'book antiqua' , serif\"><span style=\"font-size: x-large\"><span style=\"font-variant: normal\"><span style=\"letter-spacing: normal\"><span style=\"font-style: normal\"><span style=\"font-weight: normal\">Zatem, sam B\u00f3g przypiecz\u0119towa\u0142 <\/span><\/span><\/span><\/span><span style=\"font-variant: normal\"><span style=\"letter-spacing: normal\"><span style=\"font-style: normal\"><span style=\"font-weight: normal\">i potwierdzi\u0142 <\/span><\/span><\/span><\/span><span style=\"font-variant: normal\"><span style=\"letter-spacing: normal\"><span style=\"font-style: normal\"><span style=\"font-weight: normal\">przymierze, jakie lud zawar\u0142 z Nim, <\/span><\/span><\/span><\/span><span style=\"font-variant: normal\"><span style=\"letter-spacing: normal\"><span style=\"font-style: normal\"><span style=\"font-weight: normal\">gdy\u00a0<\/span><\/span><\/span><\/span><span style=\"font-variant: normal\"><span style=\"letter-spacing: normal\"><span style=\"font-style: normal\"><span style=\"font-weight: normal\">obiec<\/span><\/span><\/span><\/span><span style=\"font-variant: normal\"><span style=\"letter-spacing: normal\"><span style=\"font-style: normal\"><span style=\"font-weight: normal\">a\u0142\u00a0<\/span><\/span><\/span><\/span><span style=\"font-variant: normal\"><span style=\"letter-spacing: normal\"><span style=\"font-style: normal\"><span style=\"font-weight: normal\">wype\u0142nienie <\/span><\/span><\/span><\/span><span style=\"font-variant: normal\"><span style=\"letter-spacing: normal\"><span style=\"font-style: normal\"><span style=\"font-weight: normal\">Bo\u017cych\u00a0<\/span><\/span><\/span><\/span><span style=\"font-variant: normal\"><span style=\"letter-spacing: normal\"><span style=\"font-style: normal\"><span style=\"font-weight: normal\">polece\u0144. To jest w\u0142a\u015bnie <\/span><\/span><\/span><\/span><span style=\"font-variant: normal\"><span style=\"letter-spacing: normal\"><span style=\"font-style: normal\"><b>wk\u0142ad, jaki lud izr<\/b><\/span><\/span><\/span><span style=\"font-variant: normal\"><span style=\"letter-spacing: normal\"><span style=\"font-style: normal\"><b>a<\/b><\/span><\/span><\/span><span style=\"font-variant: normal\"><span style=\"letter-spacing: normal\"><span style=\"font-style: normal\"><b>elski\u00a0<\/b><\/span><\/span><\/span><span style=\"font-variant: normal\"><span style=\"letter-spacing: normal\"><span style=\"font-style: normal\"><b>wni\u00f3s\u0142\u00a0<\/b><\/span><\/span><\/span><span style=\"font-variant: normal\"><span style=\"letter-spacing: normal\"><span style=\"font-style: normal\"><span style=\"font-weight: normal\">do ca\u0142ej umowy \u2013 <\/span><\/span><\/span><\/span><span style=\"font-variant: normal\"><span style=\"letter-spacing: normal\"><span style=\"font-style: normal\"><b>pos\u0142usze\u0144stwo woli <\/b><\/span><\/span><\/span><span style=\"font-variant: normal\"><span style=\"letter-spacing: normal\"><span style=\"font-style: normal\"><b>swego Boga<\/b><\/span><\/span><\/span><span style=\"font-variant: normal\"><span style=\"letter-spacing: normal\"><span style=\"font-style: normal\"><b>.\u00a0<\/b><\/span><\/span><\/span><span style=\"font-variant: normal\"><span style=\"letter-spacing: normal\"><span style=\"font-style: normal\"><span style=\"font-weight: normal\">Czyli\u00a0<\/span><\/span><\/span><\/span><span style=\"font-variant: normal\"><span style=\"letter-spacing: normal\"><span style=\"font-style: normal\"><span style=\"font-weight: normal\">\u2013 ochotne i otwarte serce. Bo c\u00f3\u017c innego mo\u017ce da\u0107 Bogu cz\u0142owiek? C\u00f3\u017c <\/span><\/span><\/span><\/span><span style=\"font-variant: normal\"><span style=\"letter-spacing: normal\"><span style=\"font-style: normal\"><span style=\"font-weight: normal\">w og\u00f3le\u00a0<\/span><\/span><\/span><\/span><span style=\"font-variant: normal\"><span style=\"letter-spacing: normal\"><span style=\"font-style: normal\"><span style=\"font-weight: normal\">mo\u017ce da\u0107 cz\u0142owiek <\/span><\/span><\/span><\/span><span style=\"font-variant: normal\"><span style=\"letter-spacing: normal\"><span style=\"font-style: normal\"><b>Bogu, kt\u00f3ry wszystko ma,\u00a0<\/b><\/span><\/span><\/span><span style=\"font-variant: normal\"><span style=\"letter-spacing: normal\"><span style=\"font-style: normal\"><span style=\"font-weight: normal\">kt\u00f3ry jest ca\u0142\u0105 Pe\u0142ni\u0105 i Doskona\u0142o\u015bci\u0105? Czym cz\u0142owiek mo\u017ce swego Boga ubogaci\u0107 <\/span><\/span><\/span><\/span><span style=\"font-variant: normal\"><span style=\"letter-spacing: normal\"><span style=\"font-style: normal\"><span style=\"font-weight: normal\">i\u00a0<\/span><\/span><\/span><\/span><span style=\"font-variant: normal\"><span style=\"letter-spacing: normal\"><span style=\"font-style: normal\"><span style=\"font-weight: normal\">uszcz\u0119\u015bliwi\u0107?\u00a0<\/span><\/span><\/span><\/span><span style=\"font-variant: normal\"><span style=\"letter-spacing: normal\"><span style=\"font-style: normal\"><span style=\"font-weight: normal\">Czym?<\/span><\/span><\/span><\/span><\/span><\/span><\/span><\/div>\n<div style=\"background: transparent;line-height: 150%;margin-bottom: 0cm;text-indent: 1.3cm\" align=\"justify\"><span style=\"font-size: x-large\"><span style=\"color: black\"><span style=\"font-family: 'book antiqua' , serif\"><span style=\"font-variant: normal\"><span style=\"letter-spacing: normal\"><span style=\"font-style: normal\"><span style=\"font-weight: normal\">Jedynie <strong>s<\/strong><\/span><\/span><\/span><\/span><span style=\"font-variant: normal\"><span style=\"letter-spacing: normal\"><span style=\"font-style: normal\"><b>woim dobrym sercem. Swoj\u0105 mi\u0142o\u015bci\u0105.\u00a0<\/b><\/span><\/span><\/span><span style=\"font-variant: normal\"><span style=\"letter-spacing: normal\"><span style=\"font-style: normal\"><span style=\"font-weight: normal\">Tego B\u00f3g zawsze pragnie od cz\u0142owieka, bo to cz\u0142owiek <\/span><\/span><\/span><\/span><span style=\"font-variant: normal\"><span style=\"letter-spacing: normal\"><span style=\"font-style: normal\"><b>mo\u017ce swemu Bogu naprawd\u0119 podarowa\u0107,\u00a0<\/b><\/span><\/span><\/span><span style=\"font-variant: normal\"><span style=\"letter-spacing: normal\"><span style=\"font-style: normal\"><span style=\"font-weight: normal\">gdy\u017c\u00a0<\/span><\/span><\/span><\/span><span style=\"font-variant: normal\"><span style=\"letter-spacing: normal\"><span style=\"font-style: normal\"><span style=\"font-weight: normal\">tego w\u0142a\u015bnie B\u00f3g nie <\/span><\/span><\/span><\/span><span style=\"font-variant: normal\"><span style=\"letter-spacing: normal\"><span style=\"font-style: normal\"><span style=\"font-weight: normal\">ma<\/span><\/span><\/span><\/span><span style=\"font-variant: normal\"><span style=\"letter-spacing: normal\"><span style=\"font-style: normal\"><span style=\"font-weight: normal\">, je\u017celi cz\u0142owiek <\/span><\/span><\/span><\/span><span style=\"font-variant: normal\"><span style=\"letter-spacing: normal\"><span style=\"font-style: normal\"><span style=\"font-weight: normal\">M<\/span><\/span><\/span><\/span><span style=\"font-variant: normal\"><span style=\"letter-spacing: normal\"><span style=\"font-style: normal\"><span style=\"font-weight: normal\">u\u00a0<\/span><\/span><\/span><\/span><span style=\"font-variant: normal\"><span style=\"letter-spacing: normal\"><span style=\"font-style: normal\"><span style=\"font-weight: normal\">nie\u00a0<\/span><\/span><\/span><\/span><span style=\"font-variant: normal\"><span style=\"letter-spacing: normal\"><span style=\"font-style: normal\"><span style=\"font-weight: normal\">podaruje.\u00a0<\/span><\/span><\/span><\/span><span style=\"font-variant: normal\"><span style=\"letter-spacing: normal\"><span style=\"font-style: normal\"><span style=\"font-weight: normal\">Dobrej woli ze strony cz\u0142owieka,\u00a0<\/span><\/span><\/span><\/span><span style=\"font-variant: normal\"><span style=\"letter-spacing: normal\"><span style=\"font-style: normal\"><b>mi\u0142o\u015bci cz\u0142owieka,\u00a0<\/b><\/span><\/span><\/span><span style=\"font-variant: normal\"><span style=\"letter-spacing: normal\"><span style=\"font-style: normal\"><span style=\"font-weight: normal\">jego pos\u0142usze\u0144stwa woli Bo\u017cej \u2013 B\u00f3g nie b\u0119dzie mia\u0142, je\u017celi cz\u0142owiek Mu nie podaruje. To jest ta <\/span><\/span><\/span><\/span><span style=\"font-variant: normal\"><span style=\"letter-spacing: normal\"><span style=\"font-style: normal\"><b>jedyna rzecz, <\/b><\/span><\/span><\/span><span style=\"font-variant: normal\"><span style=\"letter-spacing: normal\"><span style=\"font-style: normal\"><span style=\"font-weight: normal\">jakiej wszechmog\u0105cy i posiadaj\u0105cy wszystko B\u00f3g \u2013 faktycznie nie posiada, o ile nie otrzyma od cz\u0142owieka: <\/span><\/span><\/span><\/span><span style=\"font-variant: normal\"><span style=\"letter-spacing: normal\"><span style=\"font-style: normal\"><span style=\"font-weight: normal\">jego\u00a0<\/span><\/span><\/span><\/span><span style=\"font-variant: normal\"><span style=\"letter-spacing: normal\"><span style=\"font-style: normal\"><b>dobre i otwarte serce.<\/b><\/span><\/span><\/span><\/span><\/span><br \/>\n<\/span><\/div>\n<div style=\"background: transparent;line-height: 150%;margin-bottom: 0cm;text-indent: 1.3cm\" align=\"justify\"><span style=\"color: black\"><span style=\"font-family: 'book antiqua' , serif\"><span style=\"font-size: x-large\"><span style=\"font-variant: normal\"><span style=\"letter-spacing: normal\"><span style=\"font-style: normal\"><span style=\"font-weight: normal\">I oto dzisiaj lud Izraela <\/span><\/span><\/span><\/span><span style=\"font-variant: normal\"><span style=\"letter-spacing: normal\"><span style=\"font-style: normal\"><b>a\u017c dwukrotnie\u00a0<\/b><\/span><\/span><\/span><span style=\"font-variant: normal\"><span style=\"letter-spacing: normal\"><span style=\"font-style: normal\"><b>to w\u0142a\u015bnie\u00a0<\/b><\/span><\/span><\/span><span style=\"font-variant: normal\"><span style=\"letter-spacing: normal\"><span style=\"font-style: normal\"><span style=\"font-weight: normal\">swemu Bogu <\/span><\/span><\/span><\/span><span style=\"font-variant: normal\"><span style=\"letter-spacing: normal\"><span style=\"font-style: normal\"><span style=\"font-weight: normal\">sk\u0142ada w darze: obietnic\u0119 <\/span><\/span><\/span><\/span><span style=\"font-variant: normal\"><span style=\"letter-spacing: normal\"><span style=\"font-style: normal\"><span style=\"font-weight: normal\">pos\u0142usze\u0144stw<\/span><\/span><\/span><\/span><span style=\"font-variant: normal\"><span style=\"letter-spacing: normal\"><span style=\"font-style: normal\"><span style=\"font-weight: normal\">a woli Bo\u017cej. Wiemy jednak dobrze \u2013 na podstawie <\/span><\/span><\/span><\/span><span style=\"font-variant: normal\"><span style=\"letter-spacing: normal\"><span style=\"font-style: normal\"><b>do\u015bwiadczenia ludu Izraela,\u00a0<\/b><\/span><\/span><\/span><span style=\"font-variant: normal\"><span style=\"letter-spacing: normal\"><span style=\"font-style: normal\"><span style=\"font-weight: normal\">o czym nieraz czytamy na kartach Pisma \u015awi\u0119tego; a tak\u017ce na podstawie\u00a0<\/span><\/span><\/span><\/span><span style=\"font-variant: normal\"><span style=\"letter-spacing: normal\"><span style=\"font-style: normal\"><b>w\u0142asnego\u00a0<\/b><\/span><\/span><\/span><span style=\"font-variant: normal\"><span style=\"letter-spacing: normal\"><span style=\"font-style: normal\"><b>\u017cyciowego\u00a0<\/b><\/span><\/span><\/span><span style=\"font-variant: normal\"><span style=\"letter-spacing: normal\"><span style=\"font-style: normal\"><b>do\u015bwiadczenia\u00a0<\/b><\/span><\/span><\/span><span style=\"font-variant: normal\"><span style=\"letter-spacing: normal\"><span style=\"font-style: normal\"><span style=\"font-weight: normal\">\u2013 \u017ce obieca\u0107, nawet bardzo uroczy\u015bcie, to jedno, ale <\/span><\/span><\/span><\/span><span style=\"font-variant: normal\"><span style=\"letter-spacing: normal\"><span style=\"font-style: normal\"><b>dotrzyma\u0107 obietnicy, <\/b><\/span><\/span><\/span><span style=\"font-variant: normal\"><span style=\"letter-spacing: normal\"><span style=\"font-style: normal\"><span style=\"font-weight: normal\">to drugie. I mi\u0119dzy jednym a drugim nierzadko zionie ogromna przepa\u015b\u0107!\u00a0<\/span><\/span><\/span><\/span><span style=\"font-variant: normal\"><span style=\"letter-spacing: normal\"><span style=\"font-style: normal\"><span style=\"font-weight: normal\">Tak w\u0142a\u015bnie by\u0142o w przypadku Izraelit\u00f3w.<\/span><\/span><\/span><\/span><\/span><\/span><\/span><\/div>\n<div style=\"background: transparent;line-height: 150%;margin-bottom: 0cm;text-indent: 1.3cm\" align=\"justify\"><span style=\"font-size: x-large\"><span style=\"color: black\"><span style=\"font-family: 'book antiqua' , serif\"><span style=\"font-variant: normal\"><span style=\"letter-spacing: normal\"><span style=\"font-style: normal\"><span style=\"font-weight: normal\">Niestety, wiemy o tym dobrze, \u017ce bardzo cz\u0119sto <\/span><\/span><\/span><\/span><span style=\"font-variant: normal\"><span style=\"letter-spacing: normal\"><span style=\"font-style: normal\"><b>nie dotrzymywali obietnicy,\u00a0<\/b><\/span><\/span><\/span><span style=\"font-variant: normal\"><span style=\"letter-spacing: normal\"><span style=\"font-style: normal\"><span style=\"font-weight: normal\">kt\u00f3r\u0105 dzisiaj, z tak\u0105 \u0142atwo\u015bci\u0105, a\u017c dwukrotnie z\u0142o\u017cyli \u2013 a przecie\u017c na przestrzeni dziej\u00f3w sk\u0142adali j\u0105 <\/span><\/span><\/span><\/span><span style=\"font-variant: normal\"><span style=\"letter-spacing: normal\"><span style=\"font-style: normal\"><b>jeszcze bardzo wiele razy.\u00a0<\/b><\/span><\/span><\/span><span style=\"font-variant: normal\"><span style=\"letter-spacing: normal\"><span style=\"font-style: normal\"><span style=\"font-weight: normal\">Tak \u0142atwo i przy byle okazji, i pod byle pretekstem, \u0142amali przymierze, zawierane z Panem! <\/span><\/span><\/span><\/span><\/span><\/span><br \/>\n<\/span><\/div>\n<div style=\"background: transparent;line-height: 150%;margin-bottom: 0cm;text-indent: 1.3cm\" align=\"justify\"><span style=\"color: black\"><span style=\"font-family: 'book antiqua' , serif\"><span style=\"font-size: x-large\"><span style=\"font-variant: normal\"><span style=\"letter-spacing: normal\"><span style=\"font-style: normal\"><span style=\"font-weight: normal\">Dzisiaj tak\u017ce \u2013 niestety \u2013 nie brakuje <\/span><\/span><\/span><\/span><span style=\"font-variant: normal\"><span style=\"letter-spacing: normal\"><span style=\"font-style: normal\"><span style=\"font-weight: normal\">podobnych\u00a0<\/span><\/span><\/span><\/span><span style=\"font-variant: normal\"><span style=\"letter-spacing: normal\"><span style=\"font-style: normal\"><span style=\"font-weight: normal\">postaw: <\/span><\/span><\/span><\/span><span style=\"font-variant: normal\"><span style=\"letter-spacing: normal\"><span style=\"font-style: normal\"><b>\u0142atwo<br \/>\nnam co\u015b Bogu obieca\u0107,\u00a0<\/b><\/span><\/span><\/span><span style=\"font-variant: normal\"><span style=\"letter-spacing: normal\"><span style=\"font-style: normal\"><span style=\"font-weight: normal\">\u0142atwo nam podejmowa\u0107 nawet najlepsze postanowienia: poprawy, pracy nad sob\u0105, zmiany stylu \u017cycia; ale <\/span><\/span><\/span><\/span><span style=\"font-variant: normal\"><span style=\"letter-spacing: normal\"><span style=\"font-style: normal\"><b>dotrzyma\u0107 danego s\u0142owa\u00a0<\/b><\/span><\/span><\/span><span style=\"font-variant: normal\"><span style=\"letter-spacing: normal\"><span style=\"font-style: normal\"><span style=\"font-weight: normal\">jak\u017ce cz\u0119sto\u00a0<\/span><\/span><\/span><\/span><span style=\"font-variant: normal\"><span style=\"letter-spacing: normal\"><span style=\"font-style: normal\"><span style=\"font-weight: normal\">jest\u00a0<\/span><\/span><\/span><\/span><span style=\"font-variant: normal\"><span style=\"letter-spacing: normal\"><span style=\"font-style: normal\"><span style=\"font-weight: normal\">nam\u00a0<\/span><\/span><\/span><\/span><span style=\"font-variant: normal\"><span style=\"letter-spacing: normal\"><span style=\"font-style: normal\"><span style=\"font-weight: normal\">niezmiernie\u00a0<\/span><\/span><\/span><\/span><span style=\"font-variant: normal\"><span style=\"letter-spacing: normal\"><span style=\"font-style: normal\"><span style=\"font-weight: normal\">trudno. Dlatego powtarza si\u0119 w naszej chrze\u015bcija\u0144skiej rzeczywisto\u015bci scenariusz, zarysowany przez Jezusa w dzisiejszej Ewangelii, i\u017c <\/span><\/span><\/span><\/span><span style=\"font-variant: normal\"><span style=\"letter-spacing: normal\"><span style=\"font-style: normal\"><b>obok dobrego ziarna ro\u015bnie chwast.<\/b><\/span><\/span><\/span><\/span><\/span><\/span><\/div>\n<div style=\"background: transparent;line-height: 150%;margin-bottom: 0cm;text-indent: 1.3cm\" align=\"justify\"><span style=\"font-size: x-large\"><span style=\"color: black\"><span style=\"font-family: 'book antiqua' , serif\"><span style=\"font-variant: normal\"><span style=\"letter-spacing: normal\"><span style=\"font-style: normal\"><span style=\"font-weight: normal\">Mo\u017cemy t\u0119 przypowie\u015b\u0107 rozumie\u0107 dwojako. Najpierw w ten spos\u00f3b, \u017ce <\/span><\/span><\/span><\/span><span style=\"font-variant: normal\"><span style=\"letter-spacing: normal\"><span style=\"font-style: normal\"><b>obok ludzi dobrych\u00a0<\/b><\/span><\/span><\/span><span style=\"font-variant: normal\"><span style=\"letter-spacing: normal\"><span style=\"font-style: normal\"><span style=\"font-weight: normal\">i generalnie staraj\u0105cych si\u0119 \u017cy\u0107 w jedno\u015bci z Bogiem \u2013 <\/span><\/span><\/span><\/span><span style=\"font-variant: normal\"><span style=\"letter-spacing: normal\"><span style=\"font-style: normal\"><b>\u017cyj\u0105 ludzie grzeszni,\u00a0<\/b><\/span><\/span><\/span><span style=\"font-variant: normal\"><span style=\"letter-spacing: normal\"><span style=\"font-style: normal\"><span style=\"font-weight: normal\">zbuntowani, kt\u00f3rzy wprost odwracaj\u0105 si\u0119 od Boga i nie chc\u0105 mie\u0107 z Nim nic wsp\u00f3lnego, siej\u0105c wok\u00f3\u0142 siebie zam\u0119t i zgorszenie.\u00a0<\/span><\/span><\/span><\/span><span style=\"font-variant: normal\"><span style=\"letter-spacing: normal\"><span style=\"font-style: normal\"><b>Jedni i drudzy \u017cyj\u0105 obok siebie\u00a0<\/b><\/span><\/span><\/span><span style=\"font-variant: normal\"><span style=\"letter-spacing: normal\"><span style=\"font-style: normal\"><span style=\"font-weight: normal\">na co dzie\u0144, bowiem <\/span><\/span><\/span><\/span><span style=\"font-variant: normal\"><span style=\"letter-spacing: normal\"><span style=\"font-style: normal\"><span style=\"font-weight: normal\">ze strony Boga <\/span><\/span><\/span><\/span><span style=\"font-variant: normal\"><span style=\"letter-spacing: normal\"><span style=\"font-style: normal\"><span style=\"font-weight: normal\">nie ma czego\u015b takiego, jak <\/span><\/span><\/span><\/span><span style=\"font-variant: normal\"><span style=\"letter-spacing: normal\"><span style=\"font-style: normal\"><b>natychmiastowa \u201eeliminacja\u201d <\/b><\/span><\/span><\/span><span style=\"font-variant: normal\"><span style=\"letter-spacing: normal\"><span style=\"font-style: normal\"><span style=\"font-weight: normal\">tych z\u0142ych. <\/span><\/span><\/span><\/span><\/span><\/span><br \/>\n<\/span><\/div>\n<div style=\"background: transparent;line-height: 150%;margin-bottom: 0cm;text-indent: 1.3cm\" align=\"justify\"><span style=\"color: black\"><span style=\"font-family: 'book antiqua' , serif\"><span style=\"font-size: x-large\"><span style=\"font-variant: normal\"><span style=\"letter-spacing: normal\"><span style=\"font-style: normal\"><span style=\"font-weight: normal\">Wszyscy razem sta<\/span><\/span><\/span><\/span><span style=\"font-variant: normal\"><span style=\"letter-spacing: normal\"><span style=\"font-style: normal\"><span style=\"font-weight: normal\">n\u0105 kiedy\u015b\u00a0<\/span><\/span><\/span><\/span><span style=\"font-variant: normal\"><span style=\"letter-spacing: normal\"><span style=\"font-style: normal\"><span style=\"font-weight: normal\">na S\u0105dzie Bo\u017cym i tam dopiero nast\u0105pi <\/span><\/span><\/span><\/span><span style=\"font-variant: normal\"><span style=\"letter-spacing: normal\"><span style=\"font-style: normal\"><b>ostateczne rozdzielenie jednych i drugich.\u00a0<\/b><\/span><\/span><\/span><span style=\"font-variant: normal\"><span style=\"letter-spacing: normal\"><span style=\"font-style: normal\"><span style=\"font-weight: normal\">Do tego czasu jednak owi \u017ali maj\u0105 <\/span><\/span><\/span><\/span><span style=\"font-variant: normal\"><span style=\"letter-spacing: normal\"><span style=\"font-style: normal\"><b>szans\u0119 si\u0119 poprawi\u0107,\u00a0<\/b><\/span><\/span><\/span><span style=\"font-variant: normal\"><span style=\"letter-spacing: normal\"><span style=\"font-style: normal\"><span style=\"font-weight: normal\">a dobrzy \u2013 szans\u0119 <\/span><\/span><\/span><\/span><span style=\"font-variant: normal\"><span style=\"letter-spacing: normal\"><span style=\"font-style: normal\"><b>\u0107wiczenia si\u0119 w wytrwa\u0142o\u015bci.\u00a0<\/b><\/span><\/span><\/span><span style=\"font-variant: normal\"><span style=\"letter-spacing: normal\"><span style=\"font-style: normal\"><span style=\"font-weight: normal\">To pierwsze rozumienie ukazanego nam obrazu.<\/span><\/span><\/span><\/span><\/span><\/span><\/span><\/div>\n<div style=\"background: transparent;line-height: 150%;margin-bottom: 0cm;text-indent: 1.3cm\" align=\"justify\"><span style=\"color: black\"><span style=\"font-family: 'book antiqua' , serif\"><span style=\"font-size: x-large\"><span style=\"font-variant: normal\"><span style=\"letter-spacing: normal\"><span style=\"font-style: normal\"><span style=\"font-weight: normal\">Drugie jest takie, \u017ce obie te postawy bardzo cz\u0119sto <\/span><\/span><\/span><\/span><span style=\"font-variant: normal\"><span style=\"letter-spacing: normal\"><span style=\"font-style: normal\"><b>\u015bcieraj\u0105 si\u0119\u00a0<\/b><\/span><\/span><\/span><span style=\"font-variant: normal\"><span style=\"letter-spacing: normal\"><span style=\"font-style: normal\"><span style=\"font-weight: normal\">\u2013 albo w jaki\u015b przedziwny spos\u00f3b <\/span><\/span><\/span><\/span><span style=\"font-variant: normal\"><span style=\"letter-spacing: normal\"><span style=\"font-style: normal\"><b>wsp\u00f3\u0142istniej\u0105\u00a0<\/b><\/span><\/span><\/span><span style=\"font-variant: normal\"><span style=\"letter-spacing: normal\"><span style=\"font-style: normal\"><span style=\"font-weight: normal\">\u2013 <\/span><\/span><\/span><\/span><span style=\"font-variant: normal\"><span style=\"letter-spacing: normal\"><span style=\"font-style: normal\"><b>w nas samych.\u00a0<\/b><\/span><\/span><\/span><span style=\"font-variant: normal\"><span style=\"letter-spacing: normal\"><span style=\"font-style: normal\"><span style=\"font-weight: normal\">To w swoim w\u0142asnym sercu ka\u017cdy z nas dostrze\u017ce\u00a0<\/span><\/span><\/span><\/span><span style=\"font-variant: normal\"><span style=\"letter-spacing: normal\"><span style=\"font-style: normal\"><b>dobry plon,\u00a0<\/b><\/span><\/span><\/span><span style=\"font-variant: normal\"><span style=\"letter-spacing: normal\"><span style=\"font-style: normal\"><span style=\"font-weight: normal\">jaki daje <\/span><\/span><\/span><\/span><span style=\"font-variant: normal\"><span style=\"letter-spacing: normal\"><span style=\"font-style: normal\"><span style=\"font-weight: normal\">posiane tam ziarno Bo\u017cego s\u0142owa i Bo\u017cej \u0142aski \u2013 ale i niestety, <\/span><\/span><\/span><\/span><span style=\"font-variant: normal\"><span style=\"letter-spacing: normal\"><span style=\"font-style: normal\"><b>chwasty grzechu!\u00a0<\/b><\/span><\/span><\/span><span style=\"font-variant: normal\"><span style=\"letter-spacing: normal\"><span style=\"font-style: normal\"><span style=\"font-weight: normal\">A przecie\u017c my <\/span><\/span><\/span><\/span><span style=\"font-variant: normal\"><span style=\"letter-spacing: normal\"><span style=\"font-style: normal\"><b>tyle razy obiec<\/b><\/span><\/span><\/span><span style=\"font-variant: normal\"><span style=\"letter-spacing: normal\"><span style=\"font-style: normal\"><b>yw<\/b><\/span><\/span><\/span><span style=\"font-variant: normal\"><span style=\"letter-spacing: normal\"><span style=\"font-style: normal\"><b>ali\u015bmy\u00a0<\/b><\/span><\/span><\/span><span style=\"font-variant: normal\"><span style=\"letter-spacing: normal\"><span style=\"font-style: normal\"><span style=\"font-weight: normal\">Bogu, \u017ce b\u0119dziemy Go s\u0142ucha\u0107, wol\u0119 Jego wype\u0142nia\u0107, a z grzechem walczy\u0107!<\/span><\/span><\/span><\/span><\/span><\/span><\/span><\/div>\n<div style=\"background: transparent;line-height: 150%;margin-bottom: 0cm;text-indent: 1.3cm\" align=\"justify\"><span style=\"font-size: x-large\"><span style=\"color: black\"><span style=\"font-family: 'book antiqua' , serif\"><span style=\"font-variant: normal\"><span style=\"letter-spacing: normal\"><span style=\"font-style: normal\"><span style=\"font-weight: normal\">Dlatego i nam B\u00f3g daje szans\u0119, aby\u015bmy na bie\u017c\u0105co <\/span><\/span><\/span><\/span><span style=\"font-variant: normal\"><span style=\"letter-spacing: normal\"><span style=\"font-style: normal\"><b>dokonywali \u201epielenia\u201d owej grz\u0105dki\u00a0<\/b><\/span><\/span><\/span><span style=\"font-variant: normal\"><span style=\"letter-spacing: normal\"><span style=\"font-style: normal\"><span style=\"font-weight: normal\">naszego serca i\u00a0<\/span><\/span><\/span><\/span><span style=\"font-variant: normal\"><span style=\"letter-spacing: normal\"><span style=\"font-style: normal\"><span style=\"font-weight: normal\">sukcesywnego\u00a0<\/span><\/span><\/span><\/span><span style=\"font-variant: normal\"><span style=\"letter-spacing: normal\"><span style=\"font-style: normal\"><span style=\"font-weight: normal\">wyrzucania chwast\u00f3w. Aby w chwili \u017cniwa ju\u017c <strong>t<\/strong><\/span><\/span><\/span><\/span><span style=\"font-variant: normal\"><span style=\"letter-spacing: normal\"><span style=\"font-style: normal\"><b>ylko dobry plon\u00a0<\/b><\/span><\/span><\/span><span style=\"font-variant: normal\"><span style=\"letter-spacing: normal\"><span style=\"font-style: normal\"><span style=\"font-weight: normal\">mo\u017cna by\u0142o z\u0142o\u017cy\u0107 w r\u0119ce Bo\u017ce\u2026 <\/span><\/span><\/span><\/span><\/span><\/span><br \/>\n<\/span><\/div>\n<div style=\"background: transparent;line-height: 150%;margin-bottom: 0cm;text-indent: 1.3cm\" align=\"justify\"><span style=\"color: black\"><span style=\"font-family: 'book antiqua' , serif\"><span style=\"font-size: x-large\"><span style=\"font-variant: normal\"><span style=\"letter-spacing: normal\"><span style=\"font-style: normal\"><span style=\"font-weight: normal\">Jak z tej szansy korzystamy?\u2026 Jak wygl\u0105da realizacja <\/span><\/span><\/span><\/span><span style=\"font-variant: normal\"><span style=\"letter-spacing: normal\"><span style=\"font-style: normal\"><b>naszych<\/b><\/span><\/span><\/span><span style=\"font-variant: normal\"><span style=\"letter-spacing: normal\"><span style=\"font-style: normal\"><span style=\"font-weight: normal\"><br \/>\n<\/span><\/span><\/span><\/span><span style=\"font-variant: normal\"><span style=\"letter-spacing: normal\"><span style=\"font-style: normal\"><b>obietnic,\u00a0<\/b><\/span><\/span><\/span><span style=\"font-variant: normal\"><span style=\"letter-spacing: normal\"><span style=\"font-style: normal\"><span style=\"font-weight: normal\">kt\u00f3re tak cz\u0119sto \u2013 i zwykle tak \u0142atwo \u2013 sk\u0142adamy Bogu?\u2026 Czy w walce ze z\u0142em i grzechem jeste\u015bmy <\/span><\/span><\/span><\/span><span style=\"font-variant: normal\"><span style=\"letter-spacing: normal\"><span style=\"font-style: normal\"><b>radykalni, zdecydowani i bezkompromisowi?\u2026<\/b><\/span><\/span><\/span><\/span><\/span><\/span><\/div>\n","protected":false},"excerpt":{"rendered":"<p>&nbsp; Szcz\u0119\u015b\u0107 Bo\u017ce! Moi Drodzy, w dniu dzisiejszym urodziny prze\u017cywa Wojciech Bronisz, za moich czas\u00f3w \u2013 Lektor w Parafii mojego pierwszego wikariatu i przez wiele lat: Szef s\u0142u\u017cby technicznej Pieszej Pielgrzymki Podlaskiej, obs\u0142uguj\u0105cej nag\u0142o\u015bnienie. Dzi\u0119kuj\u0105c Jubilatowi za wielorako okazywan\u0105 \u017cyczliwo\u015b\u0107 i pomoc, \u017cycz\u0119 Bo\u017cego b\u0142ogos\u0142awie\u0144stwa i \u015bwiat\u0142a w realizacji powo\u0142ania ma\u0142\u017ce\u0144skiego i ojcowskiego! Zapewniam o [&hellip;]<\/p>\n","protected":false},"author":1,"featured_media":0,"comment_status":"open","ping_status":"open","sticky":false,"template":"","format":"standard","meta":{"jetpack_post_was_ever_published":false,"_jetpack_newsletter_access":"","_jetpack_dont_email_post_to_subs":false,"_jetpack_newsletter_tier_id":0,"_jetpack_memberships_contains_paywalled_content":false,"_jetpack_memberships_contains_paid_content":false,"footnotes":""},"categories":[1],"tags":[],"class_list":["post-14528","post","type-post","status-publish","format-standard","hentry","category-bez-kategorii"],"yoast_head":"<!-- This site is optimized with the Yoast SEO plugin v25.1 - https:\/\/yoast.com\/wordpress\/plugins\/seo\/ -->\n<title>Wszystko, co powiedzia\u0142 Pan, uczynimy! - Gaudium Et Spes<\/title>\n<meta name=\"robots\" content=\"index, follow, max-snippet:-1, max-image-preview:large, max-video-preview:-1\" \/>\n<link rel=\"canonical\" href=\"https:\/\/gaudiumetspes-blog.pl\/index.php\/2019\/07\/27\/wszystko-co-powiedzia-pan-uczynimy-2\/\" \/>\n<meta property=\"og:locale\" content=\"pl_PL\" \/>\n<meta property=\"og:type\" content=\"article\" \/>\n<meta property=\"og:title\" content=\"Wszystko, co powiedzia\u0142 Pan, uczynimy! - Gaudium Et Spes\" \/>\n<meta property=\"og:description\" content=\"&nbsp; Szcz\u0119\u015b\u0107 Bo\u017ce! Moi Drodzy, w dniu dzisiejszym urodziny prze\u017cywa Wojciech Bronisz, za moich czas\u00f3w \u2013 Lektor w Parafii mojego pierwszego wikariatu i przez wiele lat: Szef s\u0142u\u017cby technicznej Pieszej Pielgrzymki Podlaskiej, obs\u0142uguj\u0105cej nag\u0142o\u015bnienie. Dzi\u0119kuj\u0105c Jubilatowi za wielorako okazywan\u0105 \u017cyczliwo\u015b\u0107 i pomoc, \u017cycz\u0119 Bo\u017cego b\u0142ogos\u0142awie\u0144stwa i \u015bwiat\u0142a w realizacji powo\u0142ania ma\u0142\u017ce\u0144skiego i ojcowskiego! Zapewniam o [&hellip;]\" \/>\n<meta property=\"og:url\" content=\"https:\/\/gaudiumetspes-blog.pl\/index.php\/2019\/07\/27\/wszystko-co-powiedzia-pan-uczynimy-2\/\" \/>\n<meta property=\"og:site_name\" content=\"Gaudium Et Spes\" \/>\n<meta property=\"article:published_time\" content=\"2019-07-27T03:51:00+00:00\" \/>\n<meta property=\"article:modified_time\" content=\"2019-07-31T20:41:35+00:00\" \/>\n<meta name=\"author\" content=\"Ks. Jacek\" \/>\n<meta name=\"twitter:card\" content=\"summary_large_image\" \/>\n<meta name=\"twitter:label1\" content=\"Napisane przez\" \/>\n\t<meta name=\"twitter:data1\" content=\"Ks. Jacek\" \/>\n\t<meta name=\"twitter:label2\" content=\"Szacowany czas czytania\" \/>\n\t<meta name=\"twitter:data2\" content=\"9 minut\" \/>\n<script type=\"application\/ld+json\" class=\"yoast-schema-graph\">{\"@context\":\"https:\/\/schema.org\",\"@graph\":[{\"@type\":\"WebPage\",\"@id\":\"https:\/\/gaudiumetspes-blog.pl\/index.php\/2019\/07\/27\/wszystko-co-powiedzia-pan-uczynimy-2\/\",\"url\":\"https:\/\/gaudiumetspes-blog.pl\/index.php\/2019\/07\/27\/wszystko-co-powiedzia-pan-uczynimy-2\/\",\"name\":\"Wszystko, co powiedzia\u0142 Pan, uczynimy! - Gaudium Et Spes\",\"isPartOf\":{\"@id\":\"https:\/\/gaudiumetspes-blog.pl\/#website\"},\"datePublished\":\"2019-07-27T03:51:00+00:00\",\"dateModified\":\"2019-07-31T20:41:35+00:00\",\"author\":{\"@id\":\"https:\/\/gaudiumetspes-blog.pl\/#\/schema\/person\/1661982992b752dea8dff0d4ed845a65\"},\"breadcrumb\":{\"@id\":\"https:\/\/gaudiumetspes-blog.pl\/index.php\/2019\/07\/27\/wszystko-co-powiedzia-pan-uczynimy-2\/#breadcrumb\"},\"inLanguage\":\"pl-PL\",\"potentialAction\":[{\"@type\":\"ReadAction\",\"target\":[\"https:\/\/gaudiumetspes-blog.pl\/index.php\/2019\/07\/27\/wszystko-co-powiedzia-pan-uczynimy-2\/\"]}]},{\"@type\":\"BreadcrumbList\",\"@id\":\"https:\/\/gaudiumetspes-blog.pl\/index.php\/2019\/07\/27\/wszystko-co-powiedzia-pan-uczynimy-2\/#breadcrumb\",\"itemListElement\":[{\"@type\":\"ListItem\",\"position\":1,\"name\":\"Strona g\u0142\u00f3wna\",\"item\":\"https:\/\/gaudiumetspes-blog.pl\/\"},{\"@type\":\"ListItem\",\"position\":2,\"name\":\"Wszystko, co powiedzia\u0142 Pan, uczynimy!\"}]},{\"@type\":\"WebSite\",\"@id\":\"https:\/\/gaudiumetspes-blog.pl\/#website\",\"url\":\"https:\/\/gaudiumetspes-blog.pl\/\",\"name\":\"Gaudium Et Spes\",\"description\":\"Blog Ks. Jacka Ja\u015bkowskiego\",\"potentialAction\":[{\"@type\":\"SearchAction\",\"target\":{\"@type\":\"EntryPoint\",\"urlTemplate\":\"https:\/\/gaudiumetspes-blog.pl\/?s={search_term_string}\"},\"query-input\":{\"@type\":\"PropertyValueSpecification\",\"valueRequired\":true,\"valueName\":\"search_term_string\"}}],\"inLanguage\":\"pl-PL\"},{\"@type\":\"Person\",\"@id\":\"https:\/\/gaudiumetspes-blog.pl\/#\/schema\/person\/1661982992b752dea8dff0d4ed845a65\",\"name\":\"Ks. Jacek\",\"image\":{\"@type\":\"ImageObject\",\"inLanguage\":\"pl-PL\",\"@id\":\"https:\/\/gaudiumetspes-blog.pl\/#\/schema\/person\/image\/\",\"url\":\"https:\/\/gaudiumetspes-blog.pl\/wp-content\/uploads\/2019\/07\/avatar-JJ-150x150.jpg\",\"contentUrl\":\"https:\/\/gaudiumetspes-blog.pl\/wp-content\/uploads\/2019\/07\/avatar-JJ-150x150.jpg\",\"caption\":\"Ks. Jacek\"},\"description\":\"Witam serdecznie! K\u0142ania si\u0119 Ks. Jacek Ja\u015bkowski. Nie jestem ani kim\u015b wa\u017cnym, ani kim\u015b znanym. Jestem ksi\u0119dzem, kt\u00f3ry po prostu chce rozmawia\u0107. Codzienna kap\u0142a\u0144ska pos\u0142uga pokazuje mi, \u017ce temat\u00f3w do rozm\u00f3w z ksi\u0119dzem jest coraz wi\u0119cej i dzisiaj \u017caden ksi\u0105dz nie mo\u017ce od nich ucieka\u0107, ale - wprost przeciwnie - podejmowa\u0107 nowe wyzwania. To przekonanie sk\u0142oni\u0142o mnie do pr\u00f3by otwarcia tego\u017c bloga, chocia\u017c okazji do rozm\u00f3w na co dzie\u0144 - w konfesjonale i poza nim - na szcz\u0119\u015bcie nie brakuje. My\u015bl\u0119 jednak, \u017ce ten blog b\u0119dzie jeszcze jednym sposobem i przestrzeni\u0105 nawi\u0105zania kontaktu z lud\u017ami dobrej woli, otwartymi na dialog.\",\"url\":\"https:\/\/gaudiumetspes-blog.pl\/index.php\/author\/ks-jacek\/\"}]}<\/script>\n<!-- \/ Yoast SEO plugin. -->","yoast_head_json":{"title":"Wszystko, co powiedzia\u0142 Pan, uczynimy! - Gaudium Et Spes","robots":{"index":"index","follow":"follow","max-snippet":"max-snippet:-1","max-image-preview":"max-image-preview:large","max-video-preview":"max-video-preview:-1"},"canonical":"https:\/\/gaudiumetspes-blog.pl\/index.php\/2019\/07\/27\/wszystko-co-powiedzia-pan-uczynimy-2\/","og_locale":"pl_PL","og_type":"article","og_title":"Wszystko, co powiedzia\u0142 Pan, uczynimy! - Gaudium Et Spes","og_description":"&nbsp; Szcz\u0119\u015b\u0107 Bo\u017ce! Moi Drodzy, w dniu dzisiejszym urodziny prze\u017cywa Wojciech Bronisz, za moich czas\u00f3w \u2013 Lektor w Parafii mojego pierwszego wikariatu i przez wiele lat: Szef s\u0142u\u017cby technicznej Pieszej Pielgrzymki Podlaskiej, obs\u0142uguj\u0105cej nag\u0142o\u015bnienie. Dzi\u0119kuj\u0105c Jubilatowi za wielorako okazywan\u0105 \u017cyczliwo\u015b\u0107 i pomoc, \u017cycz\u0119 Bo\u017cego b\u0142ogos\u0142awie\u0144stwa i \u015bwiat\u0142a w realizacji powo\u0142ania ma\u0142\u017ce\u0144skiego i ojcowskiego! Zapewniam o [&hellip;]","og_url":"https:\/\/gaudiumetspes-blog.pl\/index.php\/2019\/07\/27\/wszystko-co-powiedzia-pan-uczynimy-2\/","og_site_name":"Gaudium Et Spes","article_published_time":"2019-07-27T03:51:00+00:00","article_modified_time":"2019-07-31T20:41:35+00:00","author":"Ks. Jacek","twitter_card":"summary_large_image","twitter_misc":{"Napisane przez":"Ks. Jacek","Szacowany czas czytania":"9 minut"},"schema":{"@context":"https:\/\/schema.org","@graph":[{"@type":"WebPage","@id":"https:\/\/gaudiumetspes-blog.pl\/index.php\/2019\/07\/27\/wszystko-co-powiedzia-pan-uczynimy-2\/","url":"https:\/\/gaudiumetspes-blog.pl\/index.php\/2019\/07\/27\/wszystko-co-powiedzia-pan-uczynimy-2\/","name":"Wszystko, co powiedzia\u0142 Pan, uczynimy! - Gaudium Et Spes","isPartOf":{"@id":"https:\/\/gaudiumetspes-blog.pl\/#website"},"datePublished":"2019-07-27T03:51:00+00:00","dateModified":"2019-07-31T20:41:35+00:00","author":{"@id":"https:\/\/gaudiumetspes-blog.pl\/#\/schema\/person\/1661982992b752dea8dff0d4ed845a65"},"breadcrumb":{"@id":"https:\/\/gaudiumetspes-blog.pl\/index.php\/2019\/07\/27\/wszystko-co-powiedzia-pan-uczynimy-2\/#breadcrumb"},"inLanguage":"pl-PL","potentialAction":[{"@type":"ReadAction","target":["https:\/\/gaudiumetspes-blog.pl\/index.php\/2019\/07\/27\/wszystko-co-powiedzia-pan-uczynimy-2\/"]}]},{"@type":"BreadcrumbList","@id":"https:\/\/gaudiumetspes-blog.pl\/index.php\/2019\/07\/27\/wszystko-co-powiedzia-pan-uczynimy-2\/#breadcrumb","itemListElement":[{"@type":"ListItem","position":1,"name":"Strona g\u0142\u00f3wna","item":"https:\/\/gaudiumetspes-blog.pl\/"},{"@type":"ListItem","position":2,"name":"Wszystko, co powiedzia\u0142 Pan, uczynimy!"}]},{"@type":"WebSite","@id":"https:\/\/gaudiumetspes-blog.pl\/#website","url":"https:\/\/gaudiumetspes-blog.pl\/","name":"Gaudium Et Spes","description":"Blog Ks. Jacka Ja\u015bkowskiego","potentialAction":[{"@type":"SearchAction","target":{"@type":"EntryPoint","urlTemplate":"https:\/\/gaudiumetspes-blog.pl\/?s={search_term_string}"},"query-input":{"@type":"PropertyValueSpecification","valueRequired":true,"valueName":"search_term_string"}}],"inLanguage":"pl-PL"},{"@type":"Person","@id":"https:\/\/gaudiumetspes-blog.pl\/#\/schema\/person\/1661982992b752dea8dff0d4ed845a65","name":"Ks. Jacek","image":{"@type":"ImageObject","inLanguage":"pl-PL","@id":"https:\/\/gaudiumetspes-blog.pl\/#\/schema\/person\/image\/","url":"https:\/\/gaudiumetspes-blog.pl\/wp-content\/uploads\/2019\/07\/avatar-JJ-150x150.jpg","contentUrl":"https:\/\/gaudiumetspes-blog.pl\/wp-content\/uploads\/2019\/07\/avatar-JJ-150x150.jpg","caption":"Ks. Jacek"},"description":"Witam serdecznie! K\u0142ania si\u0119 Ks. Jacek Ja\u015bkowski. Nie jestem ani kim\u015b wa\u017cnym, ani kim\u015b znanym. Jestem ksi\u0119dzem, kt\u00f3ry po prostu chce rozmawia\u0107. Codzienna kap\u0142a\u0144ska pos\u0142uga pokazuje mi, \u017ce temat\u00f3w do rozm\u00f3w z ksi\u0119dzem jest coraz wi\u0119cej i dzisiaj \u017caden ksi\u0105dz nie mo\u017ce od nich ucieka\u0107, ale - wprost przeciwnie - podejmowa\u0107 nowe wyzwania. To przekonanie sk\u0142oni\u0142o mnie do pr\u00f3by otwarcia tego\u017c bloga, chocia\u017c okazji do rozm\u00f3w na co dzie\u0144 - w konfesjonale i poza nim - na szcz\u0119\u015bcie nie brakuje. My\u015bl\u0119 jednak, \u017ce ten blog b\u0119dzie jeszcze jednym sposobem i przestrzeni\u0105 nawi\u0105zania kontaktu z lud\u017ami dobrej woli, otwartymi na dialog.","url":"https:\/\/gaudiumetspes-blog.pl\/index.php\/author\/ks-jacek\/"}]}},"jetpack_featured_media_url":"","jetpack_sharing_enabled":true,"_links":{"self":[{"href":"https:\/\/gaudiumetspes-blog.pl\/index.php\/wp-json\/wp\/v2\/posts\/14528","targetHints":{"allow":["GET"]}}],"collection":[{"href":"https:\/\/gaudiumetspes-blog.pl\/index.php\/wp-json\/wp\/v2\/posts"}],"about":[{"href":"https:\/\/gaudiumetspes-blog.pl\/index.php\/wp-json\/wp\/v2\/types\/post"}],"author":[{"embeddable":true,"href":"https:\/\/gaudiumetspes-blog.pl\/index.php\/wp-json\/wp\/v2\/users\/1"}],"replies":[{"embeddable":true,"href":"https:\/\/gaudiumetspes-blog.pl\/index.php\/wp-json\/wp\/v2\/comments?post=14528"}],"version-history":[{"count":3,"href":"https:\/\/gaudiumetspes-blog.pl\/index.php\/wp-json\/wp\/v2\/posts\/14528\/revisions"}],"predecessor-version":[{"id":15494,"href":"https:\/\/gaudiumetspes-blog.pl\/index.php\/wp-json\/wp\/v2\/posts\/14528\/revisions\/15494"}],"wp:attachment":[{"href":"https:\/\/gaudiumetspes-blog.pl\/index.php\/wp-json\/wp\/v2\/media?parent=14528"}],"wp:term":[{"taxonomy":"category","embeddable":true,"href":"https:\/\/gaudiumetspes-blog.pl\/index.php\/wp-json\/wp\/v2\/categories?post=14528"},{"taxonomy":"post_tag","embeddable":true,"href":"https:\/\/gaudiumetspes-blog.pl\/index.php\/wp-json\/wp\/v2\/tags?post=14528"}],"curies":[{"name":"wp","href":"https:\/\/api.w.org\/{rel}","templated":true}]}}