{"id":14532,"date":"2019-07-23T06:33:00","date_gmt":"2019-07-23T04:33:00","guid":{"rendered":"https:\/\/gaudiumetspes-blog.pl\/index.php\/2019\/07\/23\/modlic-sie-i-dziaac\/"},"modified":"2019-07-31T23:36:56","modified_gmt":"2019-07-31T21:36:56","slug":"modlic-sie-i-dziaac","status":"publish","type":"post","link":"https:\/\/gaudiumetspes-blog.pl\/index.php\/2019\/07\/23\/modlic-sie-i-dziaac\/","title":{"rendered":"Modli\u0107 si\u0119 &#8211; i dzia\u0142a\u0107!"},"content":{"rendered":"<p>&nbsp;<\/p>\n<div style=\"font-weight: normal;line-height: 150%;margin-bottom: 0cm\" align=\"justify\"><span style=\"color: black\"><span style=\"font-family: Book antiqua, serif\"><span style=\"font-size: x-large\">Szcz\u0119\u015b\u0107 Bo\u017ce! Moi Drodzy, o godz. 3:45 naszego czasu otrzyma\u0142em wiadomo\u015b\u0107, \u017ce Ksi\u0105dz Marek szcz\u0119\u015bliwie dotar\u0142 do Surgutu. Bardzo dzi\u0119kuj\u0119 Wszystkim, kt\u00f3rzy modlitw\u0105 wsparli Jego podr\u00f3\u017c, ale tak\u017ce tym, kt\u00f3rzy okazali Mu \u017cyczliwo\u015b\u0107 w czasie pobytu w Polsce. I kt\u00f3rzy stale t\u0119 \u017cyczliwo\u015b\u0107 okazuj\u0105, szczeg\u00f3lnie poprzez cz\u0119st\u0105 modlitw\u0119. Nadal o t\u0119 \u017cyczliwo\u015b\u0107 dla naszego Misjonarza prosz\u0119.<\/span><\/span><\/span><\/div>\n<div style=\"background: transparent;font-weight: normal;line-height: 150%;margin-bottom: 0cm;text-indent: 1.3cm\" align=\"justify\"><span style=\"color: black\"><span style=\"font-family: Book antiqua, serif\"><span style=\"font-size: x-large\">Wielkie dzi\u0119ki sk\u0142adam Pani Justynie Galant, Pracownikowi Biura Rzecznika Konferencji Episkopatu Polski, kt\u00f3ra zawsze pomaga Ksi\u0119dzu Markowi w Polsce na tak zwanym \u201ezapleczu\u201d, a wi\u0119c w zakupach sprz\u0119t\u00f3w liturgicznych i innych rzeczy, potrzebnych na Syberii, a potem pomaga w zapakowaniu tego wszystkiego, by jako\u015b mo\u017cna to by\u0142o sprawnie wys\u0142a\u0107 samolotem na Syberi\u0119. Dzi\u0119kuj\u0119 Pani Justynie i kilku Osobom, kt\u00f3re na lotnisku po\u017cegna\u0142y Ksi\u0119dza Marka.<\/span><\/span><\/span><\/div>\n<div style=\"background: transparent;font-weight: normal;line-height: 150%;margin-bottom: 0cm;text-indent: 1.3cm\" align=\"justify\"><span style=\"color: black\"><span style=\"font-family: Book antiqua, serif\"><span style=\"font-size: x-large\">Mi\u0142ym akcentem tego naszego pobytu na lotnisku by\u0142o spotkanie z Siostr\u0105 Teres\u0105, pos\u0142uguj\u0105c\u0105 na co dzie\u0144 w\u0142a\u015bnie w Surgucie, kt\u00f3ra tym samolotem, kt\u00f3rym Ksi\u0105dz Marek mia\u0142 wylecie\u0107 z Polski \u2013 przylecia\u0142a do Polski na miesi\u0119czny urlop. Mo\u017cna rzec, \u017ce min\u0119li si\u0119 w drodze. A my mieli\u015bmy okazj\u0119 powita\u0107 Siostr\u0119 na polskiej ziemi \u2013 i \u017cyczy\u0107 Jej udanego odpoczynku.<\/span><\/span><\/span><\/div>\n<div style=\"background: transparent;font-weight: normal;line-height: 150%;margin-bottom: 0cm;text-indent: 1.3cm\" align=\"justify\"><span style=\"color: black\"><span style=\"font-family: Book antiqua, serif\"><span style=\"font-size: x-large\">Wam Wszystkim tak\u017ce \u017cycz\u0119 b\u0142ogos\u0142awionego dnia i udanego odpoczynku \u2013 tym oczywi\u015bcie, kt\u00f3rzy wypoczywaj\u0105! Na kr\u00f3tki odpoczynek w tych dniach uda\u0142 si\u0119 tak\u017ce Ksi\u0105dz Proboszcz Parafii w Samogoszczy \u2013 gdzie od dw\u00f3ch niedziel pomagam \u2013 w zwi\u0105zku z czym b\u0119d\u0119 troch\u0119 Ksi\u0119dza Proboszcza zast\u0119powa\u0142\u2026<\/span><\/span><\/span><\/div>\n<div style=\"font-weight: normal;line-height: 150%;margin-bottom: 0cm\" align=\"center\"><span style=\"color: black\"><span style=\"font-family: Book antiqua, serif\"><span style=\"font-size: x-large\">Gaudium et spes! Ks. Jacek<\/span><\/span><\/span><\/div>\n<div style=\"line-height: 150%;margin-bottom: 0cm\" align=\"justify\">\n<p>&nbsp;<\/p>\n<\/div>\n<div style=\"line-height: 150%;margin-bottom: 0cm\" align=\"justify\"><span style=\"color: black\"><span style=\"font-family: Book antiqua, serif\"><span style=\"font-size: x-large\"><b>\u015awi\u0119to \u015aw. Brygidy, Zakonnicy, Patronki Europy,<\/b><\/span><\/span><\/span><\/div>\n<div style=\"line-height: 150%;margin-bottom: 0cm\" align=\"justify\"><span style=\"color: black\"><span style=\"font-family: Book antiqua, serif\"><span style=\"font-size: x-large\"><b>do czyta\u0144 z t. VI Lekcjonarza: Ga 2,19\u201320; J 15,1\u20138<\/b><\/span><\/span><\/span><\/div>\n<div style=\"line-height: 150%;margin-bottom: 0cm\" align=\"justify\">\n<p>&nbsp;<\/p>\n<\/div>\n<div style=\"font-style: normal;font-variant: normal;letter-spacing: normal;line-height: 150%;margin-bottom: 0cm\" align=\"justify\"><span style=\"color: black\"><span style=\"font-family: Book antiqua, serif\"><span style=\"font-size: x-large\"><b>CZYTANIE Z LISTU \u015aWI\u0118TEGO PAW\u0141A APOSTO\u0141A DO GALAT\u00d3W:<\/b><\/span><\/span><\/span><\/div>\n<div style=\"background: transparent;font-style: normal;font-variant: normal;letter-spacing: normal;line-height: 150%;margin-bottom: 0cm;text-indent: 1.3cm\" align=\"justify\"><span style=\"color: black\"><span style=\"font-family: Book antiqua, serif\"><span style=\"font-size: x-large\"><b>Bracia: Ja dla Prawa umar\u0142em przez Prawo, aby \u017cy\u0107 dla Boga: razem z Chrystusem zosta\u0142em przybity do krzy\u017ca.<\/b><\/span><\/span><\/span><\/div>\n<div style=\"background: transparent;font-style: normal;font-variant: normal;letter-spacing: normal;line-height: 150%;margin-bottom: 0cm;text-indent: 1.3cm\" align=\"justify\"><span style=\"font-size: x-large\"><span style=\"color: black\"><span style=\"font-family: Book antiqua, serif\"><b>Teraz za\u015b ju\u017c nie ja \u017cyj\u0119, lecz \u017cyje we mnie Chrystus. <\/b><\/span><\/span><br \/>\n<\/span><\/div>\n<div style=\"background: transparent;font-style: normal;font-variant: normal;letter-spacing: normal;line-height: 150%;margin-bottom: 0cm;text-indent: 1.3cm\" align=\"justify\"><span style=\"color: black\"><span style=\"font-family: Book antiqua, serif\"><span style=\"font-size: x-large\"><b>Cho\u0107 nadal prowadz\u0119 \u017cycie w ciele, jednak obecne \u017cycie moje jest \u017cyciem wiary w Syna Bo\u017cego, kt\u00f3ry umi\u0142owa\u0142 mnie i samego siebie wyda\u0142 za mnie.<\/b><\/span><\/span><\/span><\/div>\n<div style=\"font-style: normal;font-variant: normal;letter-spacing: normal;line-height: 150%;margin-bottom: 0cm\" align=\"justify\">\n<p>&nbsp;<\/p>\n<\/div>\n<div style=\"font-style: normal;font-variant: normal;letter-spacing: normal;line-height: 150%;margin-bottom: 0cm\" align=\"justify\"><span style=\"color: black\"><span style=\"font-family: Book antiqua, serif\"><span style=\"font-size: x-large\"><b>S\u0141OWA EWANGELII WED\u0141UG \u015aWI\u0118TEGO JANA:<\/b><\/span><\/span><\/span><\/div>\n<div style=\"background: transparent;font-style: normal;font-variant: normal;letter-spacing: normal;line-height: 150%;margin-bottom: 0cm;text-indent: 1.3cm\" align=\"justify\"><span style=\"color: black\"><span style=\"font-family: Book antiqua, serif\"><span style=\"font-size: x-large\"><b>Jezus powiedzia\u0142 do swoich uczni\u00f3w: \u201eJa jestem prawdziwym krzewem winnym, a Ojciec m\u00f3j jest tym, kt\u00f3ry uprawia. Ka\u017cd\u0105 latoro\u015bl, kt\u00f3ra we Mnie nie przynosi owocu, odcina, a ka\u017cd\u0105, kt\u00f3ra przynosi owoc, oczyszcza, aby przynosi\u0142a owoc obfitszy. Wy ju\u017c jeste\u015bcie czy\u015bci dzi\u0119ki s\u0142owu, kt\u00f3re wypowiedzia\u0142em do was.<\/b><\/span><\/span><\/span><\/div>\n<div style=\"background: transparent;font-style: normal;font-variant: normal;letter-spacing: normal;line-height: 150%;margin-bottom: 0cm;text-indent: 1.3cm\" align=\"justify\"><span style=\"color: black\"><span style=\"font-family: Book antiqua, serif\"><span style=\"font-size: x-large\"><b>Trwajcie we Mnie, a Ja b\u0119d\u0119 trwa\u0142 w was. Podobnie jak latoro\u015bl nie mo\u017ce przynosi\u0107 owocu sama z siebie, je\u017celi nie trwa w winnym krzewie, tak samo i wy, je\u017celi we Mnie trwa\u0107 nie b\u0119dziecie.<\/b><\/span><\/span><\/span><\/div>\n<div style=\"background: transparent;font-style: normal;font-variant: normal;letter-spacing: normal;line-height: 150%;margin-bottom: 0cm;text-indent: 1.3cm\" align=\"justify\"><span style=\"color: black\"><span style=\"font-family: Book antiqua, serif\"><span style=\"font-size: x-large\"><b>Ja jestem krzewem winnym, wy latoro\u015blami. Kto trwa we Mnie, a Ja w nim, ten przynosi owoc obfity, poniewa\u017c beze Mnie nic nie mo\u017cecie uczyni\u0107. Ten, kto we Mnie nie trwa, zostanie wyrzucony jak winna latoro\u015bl i uschnie. I zbiera si\u0119 j\u0105, i wrzuca do ognia, i p\u0142onie.<\/b><\/span><\/span><\/span><\/div>\n<div style=\"background: transparent;font-style: normal;font-variant: normal;letter-spacing: normal;line-height: 150%;margin-bottom: 0cm;text-indent: 1.3cm\" align=\"justify\"><span style=\"color: black\"><span style=\"font-family: Book antiqua, serif\"><span style=\"font-size: x-large\"><b>Je\u017celi we Mnie trwa\u0107 b\u0119dziecie, a s\u0142owa moje w was, popro\u015bcie, o cokolwiek chcecie, a to wam si\u0119 spe\u0142ni.<\/b><\/span><\/span><\/span><\/div>\n<div style=\"background: transparent;font-style: normal;font-variant: normal;letter-spacing: normal;line-height: 150%;margin-bottom: 0cm;text-indent: 1.3cm\" align=\"justify\"><span style=\"color: black\"><span style=\"font-family: Book antiqua, serif\"><span style=\"font-size: x-large\"><b>Ojciec m\u00f3j przez to dozna chwa\u0142y, \u017ce owoc obfity przyniesiecie i staniecie si\u0119 moimi uczniami\u201d.<\/b><\/span><\/span><\/span><\/div>\n<div style=\"line-height: 150%;margin-bottom: 0cm\" align=\"justify\">\n<p>&nbsp;<\/p>\n<\/div>\n<div style=\"background: transparent;font-style: normal;font-variant: normal;font-weight: normal;letter-spacing: normal;line-height: 150%;margin-bottom: 0cm;text-indent: 1.3cm\" align=\"justify\"><span style=\"color: black\"><span style=\"font-family: Book antiqua, serif\"><span style=\"font-size: x-large\">Patronka dnia dzisiejszego, <b>Brygida <\/b>urodzi\u0142a si\u0119 w 1303 roku w Szwecji. By\u0142a <b>spokrewniona ze szwedzk\u0105 dynasti\u0105 kr\u00f3lewsk\u0105.\u00a0<\/b>Rodzina Brygidy by\u0142a <b>bardzo religijna. <\/b>Ojciec co tydzie\u0144 przyst\u0119powa\u0142 do Sakramentu Pokuty i do Komunii \u015awi\u0119tej. Odby\u0142 tak\u017ce podr\u00f3\u017c do Hiszpanii na gr\u00f3b \u015awi\u0119tego Jakuba w Compostelli.<\/span><\/span><\/span><\/div>\n<div style=\"background: transparent;font-style: normal;font-variant: normal;font-weight: normal;letter-spacing: normal;line-height: 150%;margin-bottom: 0cm;text-indent: 1.3cm\" align=\"justify\"><span style=\"color: black\"><span style=\"font-family: Book antiqua, serif\"><span style=\"font-size: x-large\">Sama za\u015b Brygida \u2013 jak czytamy w jej \u017cyciorysach \u2013 mia\u0142a od dziecka cieszy\u0107 si\u0119 oznakami szczeg\u00f3lnej przyja\u017ani Pana Jezusa. Kiedy mia\u0142a siedem lat, <b>ukaza\u0142a si\u0119 jej Naj\u015bwi\u0119tsza Maryja Panna i z\u0142o\u017cy\u0142a na jej g\u0142owie tajemnicz\u0105 koron\u0119. <\/b>Kiedy mia\u0142a lat dziesi\u0119\u0107, zjawi\u0142 si\u0119 jej <b>Chrystus na Krzy\u017cu. <\/b>Na widok M\u0119ki Pana Jezusa Brygida mia\u0142a zareagowa\u0107 wielkim przej\u0119ciem.<\/span><\/span><\/span><\/div>\n<div style=\"background: transparent;font-style: normal;font-variant: normal;font-weight: normal;letter-spacing: normal;line-height: 150%;margin-bottom: 0cm;text-indent: 1.3cm\" align=\"justify\"><span style=\"font-size: x-large\"><span style=\"color: black\"><span style=\"font-family: Book antiqua, serif\">Kiedy mia\u0142a dwana\u015bcie lat, zmar\u0142a jej matka. Wtedy to ojciec <b>odda\u0142 j\u0105 na wychowanie do swojej krewnej, <\/b>na zamek w Aspanas. Surowy tryb \u017cycia, jaki na zamku wprowadzi\u0142a owa krewna, odpowiada\u0142 Brygidzie, kt\u00f3ra chcia\u0142a ca\u0142a nale\u017ce\u0107 do Chrystusa. Tam te\u017c,\u00a0<b>wbrew swojej woli, zosta\u0142a wydana w czternastym roku \u017cycia za m\u0105\u017c <\/b>\u2013 za dziewi\u0119tnastoletniego Ulfa Gotmarssona. <\/span><\/span><br \/>\n<\/span><\/div>\n<div style=\"background: transparent;font-style: normal;font-variant: normal;font-weight: normal;letter-spacing: normal;line-height: 150%;margin-bottom: 0cm;text-indent: 1.3cm\" align=\"justify\"><span style=\"color: black\"><span style=\"font-family: Book antiqua, serif\"><span style=\"font-size: x-large\">Po \u015blubie przenios\u0142a si\u0119 na zamek m\u0119\u017ca. Chocia\u017c prze\u017cy\u0142a to bardzo bole\u015bnie, bo zamierza\u0142a \u017cy\u0107 w dziewictwie, to jednak stara\u0142a si\u0119 w ca\u0142ym tym wydarzeniu dostrzec wol\u0119 Bo\u017c\u0105, dlatego te\u017c <b>sta\u0142a si\u0119 dla m\u0119\u017ca najlepsz\u0105 i oddan\u0105 \u017con\u0105 \u2013 co on z kolei potrafi\u0142 odwzajemni\u0107. <\/b>Zapewne dlatego \u017cyli <b>szcz\u0119\u015bliwie razem dwadzie\u015bcia osiem lat.<\/b><\/span><\/span><\/span><\/div>\n<div style=\"background: transparent;font-style: normal;font-variant: normal;font-weight: normal;letter-spacing: normal;line-height: 150%;margin-bottom: 0cm;text-indent: 1.3cm\" align=\"justify\"><span style=\"color: black\"><span style=\"font-family: Book antiqua, serif\"><span style=\"font-size: x-large\">Pa\u0142ac Brygidy nale\u017ca\u0142 do <b>naj\u015bwietniejszych w kraju. <\/b>By\u0142o w nim zawsze bardzo wielu go\u015bci. Brygida dba\u0142a o to, by <b>wszyscy wchodz\u0105cy w jej progi czuli si\u0119 dobrze. <\/b>Kierowa\u0142a domem i gospodarstwem wzorowo, dba\u0142a o s\u0142u\u017cb\u0119, z kt\u00f3r\u0105 codziennie odmawia\u0142a pacierze. Nie pozwala\u0142a wszak\u017ce na \u017cadne niestosowne i zbyt swobodne zachowania. Szczeg\u00f3lnie jednak by\u0142a oddana m\u0119\u017cowi, okazuj\u0105c mu przywi\u0105zanie i opiek\u0119. <b>Ma\u0142\u017ce\u0144stwo doczeka\u0142o si\u0119 czterech syn\u00f3w i czterech c\u00f3rek.<\/b><\/span><\/span><\/span><\/div>\n<div style=\"background: transparent;font-style: normal;font-variant: normal;font-weight: normal;letter-spacing: normal;line-height: 150%;margin-bottom: 0cm;text-indent: 1.3cm\" align=\"justify\"><span style=\"color: black\"><span style=\"font-family: Book antiqua, serif\"><span style=\"font-size: x-large\">Na wychowawc\u00f3w dla swoich dzieci dobiera\u0142a Brygida <b>pedagog\u00f3w o odpowiednim wykszta\u0142ceniu i g\u0142\u0119bokiej wierze. <\/b>Ka\u017cde dziecko mia\u0142o inny charakter i temperament. Trzeba by\u0142o <b>ze strony matki wiele subtelno\u015bci, <\/b>by uszanowa\u0107 ich osobowo\u015b\u0107, a nie dopu\u015bci\u0107 do wypaczenia charakter\u00f3w. Obowi\u0105zek ten spoczywa\u0142 g\u0142\u00f3wnie na niej, bowiem <b>m\u0105\u017c by\u0142 cz\u0119sto poza domem, zaj\u0119ty sprawami publicznymi<\/b>.<\/span><\/span><\/span><\/div>\n<div style=\"background: transparent;font-style: normal;font-variant: normal;font-weight: normal;letter-spacing: normal;line-height: 150%;margin-bottom: 0cm;text-indent: 1.3cm\" align=\"justify\"><span style=\"color: black\"><span style=\"font-family: Book antiqua, serif\"><span style=\"font-size: x-large\">W\u015br\u00f3d tak licznych zaj\u0119\u0107 rodzinnych, nasza Patronka <b>nie zaniedba\u0142a troski tak\u017ce o w\u0142asn\u0105 dusz\u0119. <\/b>Mia\u0142a swego kierownika duchowego. Na jej pro\u015bb\u0119 jeden z kanonik\u00f3w katedry, Maciej,\u00a0<b>przet\u0142umaczy\u0142 Pismo \u015awi\u0119te na j\u0119zyk szwedzki, <\/b>by mog\u0142a si\u0119 ona w nim rozczytywa\u0107. Na jej \u017cyczenie kanonik ten u\u0142o\u017cy\u0142 r\u00f3wnie\u017c komentarze do Pisma \u015awi\u0119tego.<\/span><\/span><\/span><\/div>\n<div style=\"background: transparent;font-style: normal;font-variant: normal;font-weight: normal;letter-spacing: normal;line-height: 150%;margin-bottom: 0cm;text-indent: 1.3cm\" align=\"justify\"><span style=\"color: black\"><span style=\"font-family: Book antiqua, serif\"><span style=\"font-size: x-large\">W 1332 roku Brygida zosta\u0142a powo\u0142ana na dw\u00f3r kr\u00f3la Magnusa II w charakterze ochmistrzyni. Korzystaj\u0105c <b>z osobistego maj\u0105tku, jak te\u017c z maj\u0105tku kr\u00f3la, <\/b>nad kt\u00f3rym otrzyma\u0142a zaszczytny zarz\u0105d,\u00a0<b>hojnie wspiera\u0142a ko\u015bcio\u0142y, klasztory i ubogich. <\/b>W intencji uproszenia b\u0142ogos\u0142awie\u0144stwa Bo\u017cego dla ca\u0142ej rodziny, uda\u0142a si\u0119 wraz z m\u0119\u017cem <b>na gr\u00f3b \u015awi\u0119tego Jakuba Aposto\u0142a do Compostelli. <\/b>Pielgrzymka trwa\u0142a rok. Towarzyszy\u0142 im spowiednik, kt\u00f3ry p\u00f3\u017aniej opisa\u0142 ca\u0142\u0105 podr\u00f3\u017c. Nied\u0142ugo po powrocie z pielgrzymki, <b>ma\u0142\u017conek Brygidy zmar\u0142. <\/b>By\u0142o to<b> w lutym 1344 roku.<\/b><\/span><\/span><\/span><\/div>\n<div style=\"background: transparent;font-style: normal;font-variant: normal;font-weight: normal;letter-spacing: normal;line-height: 150%;margin-bottom: 0cm;text-indent: 1.3cm\" align=\"justify\"><span style=\"color: black\"><span style=\"font-family: Book antiqua, serif\"><span style=\"font-size: x-large\">Wtedy Brygida postanowi\u0142a odda\u0107 si\u0119 <b>wy\u0142\u0105cznie s\u0142u\u017cbie Bo\u017cej i pe\u0142nieniu dobrych uczynk\u00f3w. <\/b>D\u0142ugie godziny po\u015bwi\u0119ca\u0142a modlitwie. Mno\u017cy\u0142a akty umartwienia i pokuty. Naglona objawieniami, pisa\u0142a <b>listy do mo\u017cnych tego \u015bwiata, napominaj\u0105c ich w imi\u0119 Bo<\/b><b>\u017ce<\/b><b>. <\/b>Kr\u00f3lowi szwedzkiemu i zakonowi krzy\u017cackiemu przepowiedzia\u0142a kary Bo\u017ce, kt\u00f3re te\u017c niebawem na nich spad\u0142y. W 1352 roku <b>wezwa\u0142a Papie\u017ca Innocentego VI, aby powr\u00f3ci\u0142 do Rzymu. <\/b>To samo wezwanie skierowa\u0142a w imieniu Chrystusa do jego nast\u0119pcy, Papie\u017ca Urbana V, a nast\u0119pnie \u2013 do Grzegorza XI.<\/span><\/span><\/span><\/div>\n<div style=\"background: transparent;font-style: normal;font-variant: normal;font-weight: normal;letter-spacing: normal;line-height: 150%;margin-bottom: 0cm;text-indent: 1.3cm\" align=\"justify\"><span style=\"color: black\"><span style=\"font-family: Book antiqua, serif\"><span style=\"font-size: x-large\">By\u0142a hojn\u0105 dla fundacji ko\u015bcielnych i charytatywnych. Dom jej sta\u0142 zawsze otworem dla potrzebuj\u0105cych. Za poparciem kr\u00f3la, kt\u00f3ry na ten cel ofiarowa\u0142 znaczn\u0105 posiad\u0142o\u015b\u0107, i za zezwoleniem Stolicy Apostolskiej, <b>Brygida za\u0142o\u017cy\u0142a now\u0105 rodzin\u0119 zakonn\u0105 pod<br \/>\nnazw\u0105 Naj\u015bwi\u0119tszego Zbawiciela, zwan\u0105 cz\u0119sto \u201ebrygidkami\u201d.\u00a0<\/b>Jej c\u00f3rka, \u015awi\u0119ta Katarzyna, w roku 1374 zosta\u0142a jego pierwsz\u0105 opatk\u0105.<\/span><\/span><\/span><\/div>\n<div style=\"background: transparent;font-style: normal;font-variant: normal;font-weight: normal;letter-spacing: normal;line-height: 150%;margin-bottom: 0cm;text-indent: 1.3cm\" align=\"justify\"><span style=\"font-size: x-large\"><span style=\"color: black\"><span style=\"font-family: Book antiqua, serif\">W roku 1349 uda\u0142a si\u0119 nasza Patronka do Rzymu, by uzyska\u0107 <b>odpust z okazji roku jubileuszowego 1350. <\/b>Chodzi\u0142o jej r\u00f3wnie\u017c<b> o<br \/>\nzatwierdzenie regu\u0142 swojego zakonu. <\/b>Tam te\u017c za\u0142o\u017cy\u0142a jeden z klasztor\u00f3w nowego zgromadzenia. <\/span><\/span><br \/>\n<\/span><\/div>\n<div style=\"background: transparent;font-style: normal;font-variant: normal;font-weight: normal;letter-spacing: normal;line-height: 150%;margin-bottom: 0cm;text-indent: 1.3cm\" align=\"justify\"><span style=\"color: black\"><span style=\"font-family: Book antiqua, serif\"><span style=\"font-size: x-large\">A korzystaj\u0105c ze swojej obecno\u015bci w Italii, przew\u0119drowa\u0142a wraz z c\u00f3rk\u0105 ca\u0142y kraj, nawiedzaj\u0105c pieszo wa\u017cniejsze \u00f3wczesne sanktuaria. <b>Do Rzymu powr\u00f3ci\u0142a dopiero w 1363 roku. <\/b>W 1372 roku uda\u0142a si\u0119 <b>z pielgrzymk\u0105 do Ziemi \u015awi\u0119tej. <\/b>Mia\u0142a ju\u017c w\u00f3wczas siedemdziesi\u0105t lat. Po powrocie do Rzymu, wyczerpana prac\u0105,\u00a0<b>zmar\u0142a 23 lipca 1373 roku <\/b>\u2013 w dniu, kt\u00f3ry przepowiedzia\u0142a.<\/span><\/span><\/span><\/div>\n<div style=\"background: transparent;font-style: normal;font-variant: normal;font-weight: normal;letter-spacing: normal;line-height: 150%;margin-bottom: 0cm;text-indent: 1.3cm\" align=\"justify\"><span style=\"color: black\"><span style=\"font-family: Book antiqua, serif\"><span style=\"font-size: x-large\">W jej pogrzebie wzi\u0119\u0142y udzia\u0142 t\u0142umy wiernych. <b>By\u0142a to prawdziwa manifestacja i prawdziwy ho\u0142d, jaki jej Rzym z\u0142o\u017cy\u0142.\u00a0<\/b>Kroniki g\u0142osz\u0105, \u017ce w czasie pogrzebu Brygidy wielu chorych zosta\u0142o uzdrowionych. Jej cia\u0142o sprowadzono do Szwecji, gdzie z\u0142o\u017cono w klasztorze przez ni\u0105 za\u0142o\u017conym. Dzi\u0119ki staraniom c\u00f3rki, \u015awi\u0119tej Katarzyny, <b>Brygida zosta\u0142a kanonizowana ju\u017c w 1391 roku. <\/b>Kiedy jednak Szwecja przesz\u0142a na protestantyzm w 1595 roku, relikwie \u015awi\u0119tej zagin\u0119\u0142y bezpowrotnie.<\/span><\/span><\/span><\/div>\n<div style=\"background: transparent;font-style: normal;font-variant: normal;font-weight: normal;letter-spacing: normal;line-height: 150%;margin-bottom: 0cm;text-indent: 1.3cm\" align=\"justify\"><span style=\"color: black\"><span style=\"font-family: Book antiqua, serif\"><span style=\"font-size: x-large\"><b>1 pa\u017adziernika 1999 roku, Papie\u017c Jan Pawe\u0142 II og\u0142osi\u0142 \u015awi\u0119t\u0105 Brygid\u0119 <\/b><b>W<\/b><b>sp\u00f3\u0142patronk\u0105 Europy <\/b>\u2013 razem ze \u015awi\u0119t\u0105 Katarzyn\u0105 ze Sieny i \u015awi\u0119t\u0105 Teres\u0105 Benedykt\u0105 od Krzy\u017ca.<\/span><\/span><\/span><\/div>\n<div style=\"background: transparent;font-style: normal;font-variant: normal;font-weight: normal;letter-spacing: normal;line-height: 150%;margin-bottom: 0cm;text-indent: 1.3cm\" align=\"justify\"><span style=\"font-size: x-large\"><span style=\"color: black\"><span style=\"font-family: Book antiqua, serif\">Czytaj\u0105c lub s\u0142uchaj\u0105c o takich niezwyk\u0142ych ludziach, jak nasza dzisiejsza Patronka, ale te\u017c i Jan Pawe\u0142 II, przed chwil\u0105 wspomniany, czy inni wielcy \u015awi\u0119ci \u2013 <b>ludzie, powiedzieliby\u015bmy, milowi,\u00a0<\/b>kt\u00f3rzy sami jedni potrz\u0105sn\u0119li \u015bwiatem i wycisn\u0119li na nim niezatarte znami\u0119 \u2013 zastanawiamy si\u0119, <b>sk\u0105d <\/b><b>bra\u0142a si\u0119 ta ich<\/b><b> wielko\u015b\u0107<\/b> i co by\u0142o \u017ar\u00f3d\u0142em takiej si\u0142y, takiej charyzmy?\u2026 <\/span><\/span><br \/>\n<\/span><\/div>\n<div style=\"background: transparent;font-style: normal;font-variant: normal;font-weight: normal;letter-spacing: normal;line-height: 150%;margin-bottom: 0cm;text-indent: 1.3cm\" align=\"justify\"><span style=\"color: black\"><span style=\"font-family: Book antiqua, serif\"><span style=\"font-size: x-large\">I \u2013 cho\u0107 to mo\u017ce zabrzmi nieco ma\u0142ostkowo, bo tr\u0105ci zazdro\u015bci\u0105 \u2013 <b>dlaczego im si\u0119 uda\u0142o<\/b> tak wiele osi\u0105gn\u0105\u0107, tak ogromnie du\u017co zdzia\u0142a\u0107, taki wp\u0142yw wywrze\u0107 nie tylko na najbli\u017csze otoczenie, ale i na ca\u0142y \u015bwiat, podczas <b>kiedy nam si\u0119 tak ma\u0142o udaje?\u2026<\/b> Albo \u2013 ujmijmy to inaczej \u2013 <b>tak wiele nam si\u0119 nie udaje?\u2026 <\/b>Dlaczego?<\/span><\/span><\/span><\/div>\n<div style=\"background: transparent;font-style: normal;font-variant: normal;font-weight: normal;letter-spacing: normal;line-height: 150%;margin-bottom: 0cm;text-indent: 1.3cm\" align=\"justify\"><span style=\"font-size: x-large\"><span style=\"color: black\"><span style=\"font-family: Book antiqua, serif\">Nieraz podejmujemy <b>tyle wysi\u0142k\u00f3w, tyle stara\u0144,<\/b> tak bardzo zale\u017cy nam na tym, by kogo\u015b \u2013 cho\u0107 to nie zabrzmi najlepiej \u2013 nawr\u00f3ci\u0107, a przynajmniej: <b>zach\u0119ci\u0107 do wiary,<\/b> skutecznie o niej przypomnie\u0107, jako\u015b zawr\u00f3ci\u0107 ze z\u0142ej drogi, zmobilizowa\u0107 do dobra, a tu nic\u2026 \u017badnych efekt\u00f3w, <b>\u017cadnych owoc\u00f3w naszego wysi\u0142ku:<\/b> s\u0142owa zach\u0119ty trafiaj\u0105 w totaln\u0105 pr\u00f3\u017cni\u0119, a nasze naprawd\u0119 szczere starania nie przynosz\u0105 efekt\u00f3w. Nieraz m\u00f3wimy, \u017ce <b>\u201ei pro\u015bb\u0105, i gro\u017ab\u0105\u201d<\/b> staramy si\u0119 do drugiego dotrze\u0107 \u2013 a tu kompletna \u015bciana. <\/span><\/span><br \/>\n<\/span><\/div>\n<div style=\"background: transparent;font-style: normal;font-variant: normal;font-weight: normal;letter-spacing: normal;line-height: 150%;margin-bottom: 0cm;text-indent: 1.3cm\" align=\"justify\"><span style=\"font-size: x-large\"><span style=\"color: black\"><span style=\"font-family: Book antiqua, serif\">Gdy tymczasem s\u0142yszymy o \u015awi\u0119tej Brygidzie, o \u015awi\u0119tym Janie Pawle II, o \u015awi\u0119tym Maksymilianie, o \u015awi\u0119tej Matce Teresie \u2013 i d\u0142ugo jeszcze mogliby\u015bmy wymienia\u0107 imiona os\u00f3b, kt\u00f3re <b>zadziwi\u0142y \u015bwiat, odmieniaj\u0105c jego oblicze.<\/b> Podkre\u015blmy to bardzo mocno:\u00a0<b>\u015bwiat! Ca\u0142y \u015bwiat! <\/b>Nie najbli\u017csze s\u0105siedztwo, nie mieszka\u0144c\u00f3w swojej miejscowo\u015bci, czy powiatu, czy cho\u0107by nawet<br \/>\nswego kraju \u2013 nie! M\u00f3wimy o ca\u0142ym \u015bwiecie!<b> Jak oni to zrobili? <\/b>Jak tego dokonali? Dlaczego im si\u0119 uda\u0142o \u2013 a nam si\u0119 nie udaje? <\/span><\/span><br \/>\n<\/span><\/div>\n<div style=\"background: transparent;font-style: normal;font-variant: normal;font-weight: normal;letter-spacing: normal;line-height: 150%;margin-bottom: 0cm;text-indent: 1.3cm\" align=\"justify\"><span style=\"font-size: x-large\"><span style=\"color: black\"><span style=\"font-family: Book antiqua, serif\">Owszem,<br \/>\nmo\u017cemy powiedzie\u0107, \u017ce Papie\u017c zajmuje niejako z urz\u0119du <b>tak<br \/>\nwa\u017cne i poczesne stanowisko,<\/b> \u017ce co by nie powiedzia\u0142, czy nie<br \/>\nuczyni\u0142, to i tak ca\u0142y \u015bwiat b\u0119dzie to komentowa\u0142, b\u0119dzie go<br \/>\ns\u0142ysza\u0142 i na niego patrzy\u0142. <b>To nie znaczy, \u017ce go pos\u0142ucha,<\/b><br \/>\nczyli p\u00f3jdzie za jego wskazaniami, <b>ale na pewno us\u0142yszy,<\/b> co<br \/>\nm\u00f3wi. Zatem, w przypadku Papie\u017ca to mo\u017ce sprawa jest nieco<br \/>\n\u0142atwiejsza\u2026 <\/span><\/span><br \/>\n<\/span><\/div>\n<div style=\"background: transparent;font-style: normal;font-variant: normal;font-weight: normal;letter-spacing: normal;line-height: 150%;margin-bottom: 0cm;text-indent: 1.3cm\" align=\"justify\"><span style=\"font-size: x-large\"><span style=\"color: black\"><span style=\"font-family: Book antiqua, serif\">Czy jednak rzeczywi\u015bcie? Czy na pewno <b>samo bycie Papie\u017cem,<\/b> lub te\u017c zajmowanie innego, eksponowanego stanowiska, wszystko \u2013 m\u00f3wi\u0105c kolokwialnie \u2013 za\u0142atwia?\u2026 <\/span><\/span><br \/>\n<\/span><\/div>\n<div style=\"background: transparent;font-style: normal;font-variant: normal;font-weight: normal;letter-spacing: normal;line-height: 150%;margin-bottom: 0cm;text-indent: 1.3cm\" align=\"justify\"><span style=\"font-size: x-large\"><span style=\"color: black\"><span style=\"font-family: Book antiqua, serif\">A nawet gdyby \u2013 chocia\u017c co\u015b nam wewn\u0119trznie m\u00f3wi, \u017ce chyba jednak nie \u2013 to sk\u0105d w takim razie czerpi\u0105 swoj\u0105 wielko\u015b\u0107 i duchow\u0105 skuteczno\u015b\u0107 ci <b>wielcy i skuteczni, kt\u00f3rzy takich stanowisk nie zajmuj\u0105,<\/b> kt\u00f3rzy cz\u0119sto s\u0105 ostatnimi z ostatnich i najcichszymi z cichych? Jak oni to robi\u0105, \u017ce \u017cyj\u0105c w ciszy w\u0142asnego domostwa czy w ciszy klasztoru \u2013 tak\u017ce zadziwiaj\u0105 \u015bwiat? Czy oni s\u0105 innymi lud\u017ami, lepszymi, m\u00f3wi\u0105c potocznie: ulepionymi z innej gliny?\u2026 <\/span><\/span><br \/>\n<\/span><\/div>\n<div style=\"background: transparent;font-style: normal;font-variant: normal;font-weight: normal;letter-spacing: normal;line-height: 150%;margin-bottom: 0cm;text-indent: 1.3cm\" align=\"justify\"><span style=\"color: black\"><span style=\"font-family: Book antiqua, serif\"><span style=\"font-size: x-large\">Chyba jednak nie. Je\u017celi wi\u0119c poszukujemy odpowiedzi na wy\u017cej postawione pytania, to jednak b\u0119dzie najlepiej \u2013 i najpewniej &#8211; je\u017celi poszukamy jej w Bo\u017cym s\u0142owie. Chocia\u017cby tym, kt\u00f3re dzisiaj Ko\u015bci\u00f3\u0142 daje nam do odczytania i zg\u0142\u0119bienia. A w nim, w pierwszym czytaniu, s\u0142yszymy s\u0142owa Aposto\u0142a Paw\u0142a: <i><b>Teraz za\u015b ju\u017c nie ja \u017cyj\u0119, lecz \u017cyje we mnie Chrystus.<\/b><\/i><b> <\/b>I nast\u0119pne, b\u0119d\u0105ce pr\u00f3b\u0105 wyja\u015bnienia tych pierwszych: <i><b>Cho\u0107 nadal prowadz\u0119 \u017cycie w ciele, jednak obecne \u017cycie moje jest \u017cyciem wiary w Syna Bo\u017cego, kt\u00f3ry umi\u0142owa\u0142 mnie i samego siebie wyda\u0142 za mnie.<\/b><\/i><\/span><\/span><\/span><\/div>\n<div style=\"background: transparent;font-style: normal;font-variant: normal;font-weight: normal;letter-spacing: normal;line-height: 150%;margin-bottom: 0cm;text-indent: 1.3cm\" align=\"justify\"><span style=\"color: black\"><span style=\"font-family: Book antiqua, serif\"><span style=\"font-size: x-large\">Z kolei, w Ewangelii s\u0142yszymy \u2013 obok wielu innych \u2013 te s\u0142owa Jezusa: <i><b>Ja jestem krzewem winnym, wy latoro\u015blami. Kto trwa we Mnie, a Ja w nim, ten przynosi owoc obfity, poniewa\u017c beze Mnie nic nie mo\u017cecie uczyni\u0107.<\/b><\/i><\/span><\/span><\/span><\/div>\n<div style=\"background: transparent;font-style: normal;font-variant: normal;font-weight: normal;letter-spacing: normal;line-height: 150%;margin-bottom: 0cm;text-indent: 1.3cm\" align=\"justify\"><span style=\"font-size: x-large\"><span style=\"color: black\"><span style=\"font-family: Book antiqua, serif\">I teraz \u2013 trzeba tylko dobrze zrozumie\u0107, co to znaczy, \u017ce <i><b>ju\u017c nie ja \u017cyj\u0119, lecz \u017cyje we mnie Chrystus;<\/b><\/i><b> <\/b>a tak\u017ce:\u00a0<i><b>k<\/b><\/i><i><b>to trwa we Mnie, a Ja w nim, ten przynosi owoc obfity\u2026<\/b><\/i><i><b> <\/b><\/i>Na czym polega ta wi\u0119\u017a z Jezusem, b\u0119d\u0105ca \u2013 jak zapewnia sam Jezus \u2013 <b>gwarancj\u0105 obfitego duchowego owocowania?<\/b> Na czym polega? <\/span><\/span><br \/>\n<\/span><\/div>\n<div style=\"background: transparent;font-style: normal;font-variant: normal;font-weight: normal;letter-spacing: normal;line-height: 150%;margin-bottom: 0cm;text-indent: 1.3cm\" align=\"justify\"><span style=\"font-size: x-large\"><span style=\"color: black\"><span style=\"font-family: Book antiqua, serif\">Domy\u015blamy si\u0119, \u017ce na sta\u0142ym <b>kontakcie z Bo\u017cym s\u0142owem<\/b> (o czym w Ewangelii wspomina dzi\u015b Jezus), na intensywnym <b>\u017cyciu sakramentalnym,<\/b> sta\u0142ym <b>stanie<\/b> <b>\u0142aski u\u015bwi\u0119caj\u0105cej,\u00a0<\/b>codziennej <b>modlitwie\u2026<\/b> To s\u0105 takie oczywiste i pewne sposoby nawi\u0105zywania wi\u0119zi z Jezusem. Zapewne tak\u017ce, ka\u017cda i ka\u017cdy z nas jest w stanie <b>wskaza\u0107 na inne sposoby,<\/b> w\u0142a\u015bciwe tylko sobie, a wynikaj\u0105ce z sytuacji, w jakiej \u017cyje. Nad tym ju\u017c jednak trzeba si\u0119 g\u0142\u0119biej zastanowi\u0107 i te sposoby odkry\u0107. I <b>o wi\u0119\u017a z Jezusem zadba\u0107. <\/b><\/span><\/span><br \/>\n<\/span><\/div>\n<div style=\"background: transparent;font-style: normal;font-variant: normal;font-weight: normal;letter-spacing: normal;line-height: 150%;margin-bottom: 0cm;text-indent: 1.3cm\" align=\"justify\"><span style=\"color: black\"><span style=\"font-family: Book antiqua, serif\"><span style=\"font-size: x-large\">To jest \u00f3w pewny i skuteczny spos\u00f3b na owocowanie, czyli na to, by i nasze \u017cycie i nasza postawa by\u0142y takim <b>darem i przyk\u0142adem dla \u015bwiata,<\/b> jak to si\u0119 sta\u0142o w przypadku owych wielkich i \u015bwi\u0119tych ludzi, o kt\u00f3rych dzi\u015b m\u00f3wimy. Na czele z dzisiejsz\u0105 Patronk\u0105.<\/span><\/span><\/span><\/div>\n<div style=\"background: transparent;font-style: normal;font-variant: normal;font-weight: normal;letter-spacing: normal;line-height: 150%;margin-bottom: 0cm;text-indent: 1.3cm\" align=\"justify\"><span style=\"font-size: x-large\"><span style=\"color: black\"><span style=\"font-family: Book antiqua, serif\">Drugim jednak, niezwykle wa\u017cnym elementem ca\u0142ej \u201euk\u0142adanki\u201d, jest u\u015bwiadomienie sobie, i\u017c owocowanie i skuteczno\u015b\u0107 naszej postawy i naszych dzia\u0142a\u0144 wcale <b>nie musi oznacza\u0107 tego, co my uznamy\u00a0<\/b>za dobre owoce lub dobre skutki. U Boga bowiem wszystko liczy si\u0119 nieco inaczej. <\/span><\/span><br \/>\n<\/span><\/div>\n<div style=\"background: transparent;font-style: normal;font-variant: normal;font-weight: normal;letter-spacing: normal;line-height: 150%;margin-bottom: 0cm;text-indent: 1.3cm\" align=\"justify\"><span style=\"color: black\"><span style=\"font-family: Book antiqua, serif\"><span style=\"font-size: x-large\">Dlatego mo\u017ce by\u0107 tak, \u017ce my \u017cadnych zewn\u0119trznych skutk\u00f3w nie b\u0119dziemy widzieli, podczas gdy <b>w sercach ludzi<\/b> b\u0119dzie si\u0119 dokonywa\u0142o\u00a0<b>konkretne dobro.<\/b> Mo\u017ce by\u0107 i tak, \u017ce te \u2013 nawet zewn\u0119trznie widoczne \u2013 owoce rzeczywi\u015bcie si\u0119 pojawi\u0105, <b>ale p\u00f3\u017aniej, ni\u017c my by\u015bmy si\u0119 ich spodziewali\u2026<\/b> Dlatego nie mo\u017cemy si\u0119 za\u0142amywa\u0107, nie widz\u0105c od razu owoc\u00f3w naszych modlitw i dzia\u0142a\u0144 \u2013 <b>tylko modli\u0107 si\u0119 i dzia\u0142a\u0107!<\/b> Trwa\u0107 w Chrystusie. A w\u00f3wczas to On sam sprawi, \u017ce <span style=\"font-family: Book Antiqua, serif\">\u00ab<\/span>owoc obfity przyniesiemy<span style=\"font-family: Book Antiqua, serif\">\u00bb<\/span>.<\/span><\/span><\/span><\/div>\n<div style=\"background: transparent;font-style: normal;font-variant: normal;font-weight: normal;letter-spacing: normal;line-height: 150%;margin-bottom: 0cm;text-indent: 1.3cm\" align=\"justify\"><span style=\"color: black\"><span style=\"font-family: Book antiqua, serif\"><span style=\"font-size: x-large\">Co zatem musimy zrobi\u0107 ju\u017c dzisiaj, \u017ceby <b>ow\u0105 wi\u0119\u017a z Jezusem<br \/>\nzacie\u015bni\u0107?\u2026<\/b><\/span><\/span><\/span><\/div>\n","protected":false},"excerpt":{"rendered":"<p>&nbsp; Szcz\u0119\u015b\u0107 Bo\u017ce! Moi Drodzy, o godz. 3:45 naszego czasu otrzyma\u0142em wiadomo\u015b\u0107, \u017ce Ksi\u0105dz Marek szcz\u0119\u015bliwie dotar\u0142 do Surgutu. Bardzo dzi\u0119kuj\u0119 Wszystkim, kt\u00f3rzy modlitw\u0105 wsparli Jego podr\u00f3\u017c, ale tak\u017ce tym, kt\u00f3rzy okazali Mu \u017cyczliwo\u015b\u0107 w czasie pobytu w Polsce. I kt\u00f3rzy stale t\u0119 \u017cyczliwo\u015b\u0107 okazuj\u0105, szczeg\u00f3lnie poprzez cz\u0119st\u0105 modlitw\u0119. Nadal o t\u0119 \u017cyczliwo\u015b\u0107 dla naszego [&hellip;]<\/p>\n","protected":false},"author":1,"featured_media":0,"comment_status":"open","ping_status":"open","sticky":false,"template":"","format":"standard","meta":{"jetpack_post_was_ever_published":false,"_jetpack_newsletter_access":"","_jetpack_dont_email_post_to_subs":false,"_jetpack_newsletter_tier_id":0,"_jetpack_memberships_contains_paywalled_content":false,"_jetpack_memberships_contains_paid_content":false,"footnotes":""},"categories":[1],"tags":[],"class_list":["post-14532","post","type-post","status-publish","format-standard","hentry","category-bez-kategorii"],"yoast_head":"<!-- This site is optimized with the Yoast SEO plugin v25.1 - https:\/\/yoast.com\/wordpress\/plugins\/seo\/ -->\n<title>Modli\u0107 si\u0119 - i dzia\u0142a\u0107! - Gaudium Et Spes<\/title>\n<meta name=\"robots\" content=\"index, follow, max-snippet:-1, max-image-preview:large, max-video-preview:-1\" \/>\n<link rel=\"canonical\" href=\"https:\/\/gaudiumetspes-blog.pl\/index.php\/2019\/07\/23\/modlic-sie-i-dziaac\/\" \/>\n<meta property=\"og:locale\" content=\"pl_PL\" \/>\n<meta property=\"og:type\" content=\"article\" \/>\n<meta property=\"og:title\" content=\"Modli\u0107 si\u0119 - i dzia\u0142a\u0107! - Gaudium Et Spes\" \/>\n<meta property=\"og:description\" content=\"&nbsp; Szcz\u0119\u015b\u0107 Bo\u017ce! Moi Drodzy, o godz. 3:45 naszego czasu otrzyma\u0142em wiadomo\u015b\u0107, \u017ce Ksi\u0105dz Marek szcz\u0119\u015bliwie dotar\u0142 do Surgutu. Bardzo dzi\u0119kuj\u0119 Wszystkim, kt\u00f3rzy modlitw\u0105 wsparli Jego podr\u00f3\u017c, ale tak\u017ce tym, kt\u00f3rzy okazali Mu \u017cyczliwo\u015b\u0107 w czasie pobytu w Polsce. I kt\u00f3rzy stale t\u0119 \u017cyczliwo\u015b\u0107 okazuj\u0105, szczeg\u00f3lnie poprzez cz\u0119st\u0105 modlitw\u0119. Nadal o t\u0119 \u017cyczliwo\u015b\u0107 dla naszego [&hellip;]\" \/>\n<meta property=\"og:url\" content=\"https:\/\/gaudiumetspes-blog.pl\/index.php\/2019\/07\/23\/modlic-sie-i-dziaac\/\" \/>\n<meta property=\"og:site_name\" content=\"Gaudium Et Spes\" \/>\n<meta property=\"article:published_time\" content=\"2019-07-23T04:33:00+00:00\" \/>\n<meta property=\"article:modified_time\" content=\"2019-07-31T21:36:56+00:00\" \/>\n<meta name=\"author\" content=\"Ks. Jacek\" \/>\n<meta name=\"twitter:card\" content=\"summary_large_image\" \/>\n<meta name=\"twitter:label1\" content=\"Napisane przez\" \/>\n\t<meta name=\"twitter:data1\" content=\"Ks. Jacek\" \/>\n\t<meta name=\"twitter:label2\" content=\"Szacowany czas czytania\" \/>\n\t<meta name=\"twitter:data2\" content=\"13 minut\" \/>\n<script type=\"application\/ld+json\" class=\"yoast-schema-graph\">{\"@context\":\"https:\/\/schema.org\",\"@graph\":[{\"@type\":\"WebPage\",\"@id\":\"https:\/\/gaudiumetspes-blog.pl\/index.php\/2019\/07\/23\/modlic-sie-i-dziaac\/\",\"url\":\"https:\/\/gaudiumetspes-blog.pl\/index.php\/2019\/07\/23\/modlic-sie-i-dziaac\/\",\"name\":\"Modli\u0107 si\u0119 - i dzia\u0142a\u0107! - Gaudium Et Spes\",\"isPartOf\":{\"@id\":\"https:\/\/gaudiumetspes-blog.pl\/#website\"},\"datePublished\":\"2019-07-23T04:33:00+00:00\",\"dateModified\":\"2019-07-31T21:36:56+00:00\",\"author\":{\"@id\":\"https:\/\/gaudiumetspes-blog.pl\/#\/schema\/person\/1661982992b752dea8dff0d4ed845a65\"},\"breadcrumb\":{\"@id\":\"https:\/\/gaudiumetspes-blog.pl\/index.php\/2019\/07\/23\/modlic-sie-i-dziaac\/#breadcrumb\"},\"inLanguage\":\"pl-PL\",\"potentialAction\":[{\"@type\":\"ReadAction\",\"target\":[\"https:\/\/gaudiumetspes-blog.pl\/index.php\/2019\/07\/23\/modlic-sie-i-dziaac\/\"]}]},{\"@type\":\"BreadcrumbList\",\"@id\":\"https:\/\/gaudiumetspes-blog.pl\/index.php\/2019\/07\/23\/modlic-sie-i-dziaac\/#breadcrumb\",\"itemListElement\":[{\"@type\":\"ListItem\",\"position\":1,\"name\":\"Strona g\u0142\u00f3wna\",\"item\":\"https:\/\/gaudiumetspes-blog.pl\/\"},{\"@type\":\"ListItem\",\"position\":2,\"name\":\"Modli\u0107 si\u0119 &#8211; i&nbsp;dzia\u0142a\u0107!\"}]},{\"@type\":\"WebSite\",\"@id\":\"https:\/\/gaudiumetspes-blog.pl\/#website\",\"url\":\"https:\/\/gaudiumetspes-blog.pl\/\",\"name\":\"Gaudium Et Spes\",\"description\":\"Blog Ks. Jacka Ja\u015bkowskiego\",\"potentialAction\":[{\"@type\":\"SearchAction\",\"target\":{\"@type\":\"EntryPoint\",\"urlTemplate\":\"https:\/\/gaudiumetspes-blog.pl\/?s={search_term_string}\"},\"query-input\":{\"@type\":\"PropertyValueSpecification\",\"valueRequired\":true,\"valueName\":\"search_term_string\"}}],\"inLanguage\":\"pl-PL\"},{\"@type\":\"Person\",\"@id\":\"https:\/\/gaudiumetspes-blog.pl\/#\/schema\/person\/1661982992b752dea8dff0d4ed845a65\",\"name\":\"Ks. Jacek\",\"image\":{\"@type\":\"ImageObject\",\"inLanguage\":\"pl-PL\",\"@id\":\"https:\/\/gaudiumetspes-blog.pl\/#\/schema\/person\/image\/\",\"url\":\"https:\/\/gaudiumetspes-blog.pl\/wp-content\/uploads\/2019\/07\/avatar-JJ-150x150.jpg\",\"contentUrl\":\"https:\/\/gaudiumetspes-blog.pl\/wp-content\/uploads\/2019\/07\/avatar-JJ-150x150.jpg\",\"caption\":\"Ks. Jacek\"},\"description\":\"Witam serdecznie! K\u0142ania si\u0119 Ks. Jacek Ja\u015bkowski. Nie jestem ani kim\u015b wa\u017cnym, ani kim\u015b znanym. Jestem ksi\u0119dzem, kt\u00f3ry po prostu chce rozmawia\u0107. Codzienna kap\u0142a\u0144ska pos\u0142uga pokazuje mi, \u017ce temat\u00f3w do rozm\u00f3w z ksi\u0119dzem jest coraz wi\u0119cej i dzisiaj \u017caden ksi\u0105dz nie mo\u017ce od nich ucieka\u0107, ale - wprost przeciwnie - podejmowa\u0107 nowe wyzwania. To przekonanie sk\u0142oni\u0142o mnie do pr\u00f3by otwarcia tego\u017c bloga, chocia\u017c okazji do rozm\u00f3w na co dzie\u0144 - w konfesjonale i poza nim - na szcz\u0119\u015bcie nie brakuje. My\u015bl\u0119 jednak, \u017ce ten blog b\u0119dzie jeszcze jednym sposobem i przestrzeni\u0105 nawi\u0105zania kontaktu z lud\u017ami dobrej woli, otwartymi na dialog.\",\"url\":\"https:\/\/gaudiumetspes-blog.pl\/index.php\/author\/ks-jacek\/\"}]}<\/script>\n<!-- \/ Yoast SEO plugin. -->","yoast_head_json":{"title":"Modli\u0107 si\u0119 - i dzia\u0142a\u0107! - Gaudium Et Spes","robots":{"index":"index","follow":"follow","max-snippet":"max-snippet:-1","max-image-preview":"max-image-preview:large","max-video-preview":"max-video-preview:-1"},"canonical":"https:\/\/gaudiumetspes-blog.pl\/index.php\/2019\/07\/23\/modlic-sie-i-dziaac\/","og_locale":"pl_PL","og_type":"article","og_title":"Modli\u0107 si\u0119 - i dzia\u0142a\u0107! - Gaudium Et Spes","og_description":"&nbsp; Szcz\u0119\u015b\u0107 Bo\u017ce! Moi Drodzy, o godz. 3:45 naszego czasu otrzyma\u0142em wiadomo\u015b\u0107, \u017ce Ksi\u0105dz Marek szcz\u0119\u015bliwie dotar\u0142 do Surgutu. Bardzo dzi\u0119kuj\u0119 Wszystkim, kt\u00f3rzy modlitw\u0105 wsparli Jego podr\u00f3\u017c, ale tak\u017ce tym, kt\u00f3rzy okazali Mu \u017cyczliwo\u015b\u0107 w czasie pobytu w Polsce. I kt\u00f3rzy stale t\u0119 \u017cyczliwo\u015b\u0107 okazuj\u0105, szczeg\u00f3lnie poprzez cz\u0119st\u0105 modlitw\u0119. Nadal o t\u0119 \u017cyczliwo\u015b\u0107 dla naszego [&hellip;]","og_url":"https:\/\/gaudiumetspes-blog.pl\/index.php\/2019\/07\/23\/modlic-sie-i-dziaac\/","og_site_name":"Gaudium Et Spes","article_published_time":"2019-07-23T04:33:00+00:00","article_modified_time":"2019-07-31T21:36:56+00:00","author":"Ks. Jacek","twitter_card":"summary_large_image","twitter_misc":{"Napisane przez":"Ks. Jacek","Szacowany czas czytania":"13 minut"},"schema":{"@context":"https:\/\/schema.org","@graph":[{"@type":"WebPage","@id":"https:\/\/gaudiumetspes-blog.pl\/index.php\/2019\/07\/23\/modlic-sie-i-dziaac\/","url":"https:\/\/gaudiumetspes-blog.pl\/index.php\/2019\/07\/23\/modlic-sie-i-dziaac\/","name":"Modli\u0107 si\u0119 - i dzia\u0142a\u0107! - Gaudium Et Spes","isPartOf":{"@id":"https:\/\/gaudiumetspes-blog.pl\/#website"},"datePublished":"2019-07-23T04:33:00+00:00","dateModified":"2019-07-31T21:36:56+00:00","author":{"@id":"https:\/\/gaudiumetspes-blog.pl\/#\/schema\/person\/1661982992b752dea8dff0d4ed845a65"},"breadcrumb":{"@id":"https:\/\/gaudiumetspes-blog.pl\/index.php\/2019\/07\/23\/modlic-sie-i-dziaac\/#breadcrumb"},"inLanguage":"pl-PL","potentialAction":[{"@type":"ReadAction","target":["https:\/\/gaudiumetspes-blog.pl\/index.php\/2019\/07\/23\/modlic-sie-i-dziaac\/"]}]},{"@type":"BreadcrumbList","@id":"https:\/\/gaudiumetspes-blog.pl\/index.php\/2019\/07\/23\/modlic-sie-i-dziaac\/#breadcrumb","itemListElement":[{"@type":"ListItem","position":1,"name":"Strona g\u0142\u00f3wna","item":"https:\/\/gaudiumetspes-blog.pl\/"},{"@type":"ListItem","position":2,"name":"Modli\u0107 si\u0119 &#8211; i&nbsp;dzia\u0142a\u0107!"}]},{"@type":"WebSite","@id":"https:\/\/gaudiumetspes-blog.pl\/#website","url":"https:\/\/gaudiumetspes-blog.pl\/","name":"Gaudium Et Spes","description":"Blog Ks. Jacka Ja\u015bkowskiego","potentialAction":[{"@type":"SearchAction","target":{"@type":"EntryPoint","urlTemplate":"https:\/\/gaudiumetspes-blog.pl\/?s={search_term_string}"},"query-input":{"@type":"PropertyValueSpecification","valueRequired":true,"valueName":"search_term_string"}}],"inLanguage":"pl-PL"},{"@type":"Person","@id":"https:\/\/gaudiumetspes-blog.pl\/#\/schema\/person\/1661982992b752dea8dff0d4ed845a65","name":"Ks. Jacek","image":{"@type":"ImageObject","inLanguage":"pl-PL","@id":"https:\/\/gaudiumetspes-blog.pl\/#\/schema\/person\/image\/","url":"https:\/\/gaudiumetspes-blog.pl\/wp-content\/uploads\/2019\/07\/avatar-JJ-150x150.jpg","contentUrl":"https:\/\/gaudiumetspes-blog.pl\/wp-content\/uploads\/2019\/07\/avatar-JJ-150x150.jpg","caption":"Ks. Jacek"},"description":"Witam serdecznie! K\u0142ania si\u0119 Ks. Jacek Ja\u015bkowski. Nie jestem ani kim\u015b wa\u017cnym, ani kim\u015b znanym. Jestem ksi\u0119dzem, kt\u00f3ry po prostu chce rozmawia\u0107. Codzienna kap\u0142a\u0144ska pos\u0142uga pokazuje mi, \u017ce temat\u00f3w do rozm\u00f3w z ksi\u0119dzem jest coraz wi\u0119cej i dzisiaj \u017caden ksi\u0105dz nie mo\u017ce od nich ucieka\u0107, ale - wprost przeciwnie - podejmowa\u0107 nowe wyzwania. To przekonanie sk\u0142oni\u0142o mnie do pr\u00f3by otwarcia tego\u017c bloga, chocia\u017c okazji do rozm\u00f3w na co dzie\u0144 - w konfesjonale i poza nim - na szcz\u0119\u015bcie nie brakuje. My\u015bl\u0119 jednak, \u017ce ten blog b\u0119dzie jeszcze jednym sposobem i przestrzeni\u0105 nawi\u0105zania kontaktu z lud\u017ami dobrej woli, otwartymi na dialog.","url":"https:\/\/gaudiumetspes-blog.pl\/index.php\/author\/ks-jacek\/"}]}},"jetpack_featured_media_url":"","jetpack_sharing_enabled":true,"_links":{"self":[{"href":"https:\/\/gaudiumetspes-blog.pl\/index.php\/wp-json\/wp\/v2\/posts\/14532","targetHints":{"allow":["GET"]}}],"collection":[{"href":"https:\/\/gaudiumetspes-blog.pl\/index.php\/wp-json\/wp\/v2\/posts"}],"about":[{"href":"https:\/\/gaudiumetspes-blog.pl\/index.php\/wp-json\/wp\/v2\/types\/post"}],"author":[{"embeddable":true,"href":"https:\/\/gaudiumetspes-blog.pl\/index.php\/wp-json\/wp\/v2\/users\/1"}],"replies":[{"embeddable":true,"href":"https:\/\/gaudiumetspes-blog.pl\/index.php\/wp-json\/wp\/v2\/comments?post=14532"}],"version-history":[{"count":3,"href":"https:\/\/gaudiumetspes-blog.pl\/index.php\/wp-json\/wp\/v2\/posts\/14532\/revisions"}],"predecessor-version":[{"id":15502,"href":"https:\/\/gaudiumetspes-blog.pl\/index.php\/wp-json\/wp\/v2\/posts\/14532\/revisions\/15502"}],"wp:attachment":[{"href":"https:\/\/gaudiumetspes-blog.pl\/index.php\/wp-json\/wp\/v2\/media?parent=14532"}],"wp:term":[{"taxonomy":"category","embeddable":true,"href":"https:\/\/gaudiumetspes-blog.pl\/index.php\/wp-json\/wp\/v2\/categories?post=14532"},{"taxonomy":"post_tag","embeddable":true,"href":"https:\/\/gaudiumetspes-blog.pl\/index.php\/wp-json\/wp\/v2\/tags?post=14532"}],"curies":[{"name":"wp","href":"https:\/\/api.w.org\/{rel}","templated":true}]}}