{"id":14533,"date":"2019-07-22T03:52:00","date_gmt":"2019-07-22T01:52:00","guid":{"rendered":"https:\/\/gaudiumetspes-blog.pl\/index.php\/2019\/07\/22\/w-gebi-ludzkiego-serca\/"},"modified":"2019-07-31T13:04:50","modified_gmt":"2019-07-31T11:04:50","slug":"w-gebi-ludzkiego-serca","status":"publish","type":"post","link":"https:\/\/gaudiumetspes-blog.pl\/index.php\/2019\/07\/22\/w-gebi-ludzkiego-serca\/","title":{"rendered":"W g\u0142\u0119bi ludzkiego serca&#8230;"},"content":{"rendered":"<p><\/p>\n<div align=\"justify\" style=\"font-style: normal; font-variant: normal; font-weight: normal; letter-spacing: normal; line-height: 150%; margin-bottom: 0cm;\">\n<span style=\"color: black;\"><span style=\"font-family: Book Antiqua, serif;\"><span style=\"font-size: x-large;\">Szcz\u0119\u015b\u0107<br \/>\nBo\u017ce! Moi Drodzy, w dniu dzisiejszym <b>rocznic\u0119 zawarcia<br \/>\nsakramentalnego Ma\u0142\u017ce\u0144stwa prze\u017cywaj\u0105 Pa\u0144stwo Ewa i W\u0142odzimierz<br \/>\nOlendrowie, z Celestynowa. S\u0105 to ludzie bardzo mi bliscy, <\/b><b>uwa\u017camy<br \/>\nsi\u0119 w\u0142a\u015bciwie za<\/b><b> rodzin<\/b><b>\u0119!<\/b><b> Dzi\u0119kuj\u0119 Bogu za<br \/>\nt\u0119 wspania\u0142\u0105 Rodzin\u0119, za Ich Syna Szymona, kt\u00f3ry za moich czas\u00f3w<br \/>\nby\u0142 Lektorem w Celestynowie. Dzi\u0119kuj\u0119 za cz\u0119ste nasze spotkania,<br \/>\nsta\u0142y kontakt i wzajemne wspieranie si\u0119. Niech Pan b\u0142ogos\u0142awi<br \/>\nJubilatom w codziennym umacnianiu Ich mi\u0142o\u015bci do Niego <\/b>\u2013 <b>i<br \/>\nIch mi\u0142o\u015bci wzajemnej. Zapewniam o codziennej modlitwie.<\/b><\/span><\/span><\/span><\/div>\n<div align=\"justify\" style=\"background: transparent; font-style: normal; font-variant: normal; letter-spacing: normal; line-height: 150%; margin-bottom: 0cm; orphans: 2; page-break-before: auto; text-indent: 1.3cm; widows: 2;\">\n<span style=\"color: black;\"><span style=\"font-family: Book Antiqua, serif;\"><span style=\"font-size: x-large;\"><b>Imieniny<br \/>\nnatomiast prze\u017cywaj\u0105 dzi\u015b Magdalena Sosnowska, Magdalena Golba i<br \/>\nMagdalena Majchrzyk \u2013 Osoby, kt\u00f3re spotka\u0142em we Wsp\u00f3lnotach<br \/>\nm\u0142odzie\u017cowych, albo przy innych okazjach.<\/b><\/span><\/span><\/span><\/div>\n<div align=\"justify\" style=\"background: transparent; font-style: normal; font-variant: normal; letter-spacing: normal; line-height: 150%; margin-bottom: 0cm; orphans: 2; text-indent: 1.3cm; widows: 2;\">\n<span style=\"color: black;\"><span style=\"font-family: Book Antiqua, serif;\"><span style=\"font-size: x-large;\"><b>Urodziny<br \/>\nprze\u017cywa natomiast Piotr Kalbarczyk, za moich czas\u00f3w \u2013 Lektor w<br \/>\nCelestynowie.<\/b><\/span><\/span><\/span><\/div>\n<div align=\"justify\" style=\"background: transparent; font-style: normal; font-variant: normal; letter-spacing: normal; line-height: 150%; margin-bottom: 0cm; orphans: 2; text-indent: 1.3cm; widows: 2;\">\n<span style=\"color: black;\"><span style=\"font-family: Book Antiqua, serif;\"><span style=\"font-size: x-large;\"><b>Wszystkim<br \/>\n\u015bwi\u0119tuj\u0105cym \u017cycz\u0119 Bo\u017cego b\u0142ogos\u0142awie\u0144stwa. I zapewniam o<br \/>\nmodlitwie.<\/b><\/span><\/span><\/span><\/div>\n<div align=\"justify\" style=\"background: transparent; font-style: normal; font-variant: normal; font-weight: normal; letter-spacing: normal; line-height: 150%; margin-bottom: 0cm; orphans: 2; text-indent: 1.3cm; widows: 2;\">\n<span style=\"font-size: x-large;\"><span style=\"color: black;\"><span style=\"font-family: Book Antiqua, serif;\">Moi<br \/>\nDrodzy, w dniu dzisiejszym \u2013 po kr\u00f3tszym, ni\u017c zwykle, pobycie w<br \/>\nPolsce \u2013 Ksi\u0105dz Marek wieczorem odlatuje na Syberi\u0119. Mnogo\u015b\u0107<br \/>\nspraw, zwi\u0105zanych z budow\u0105 domu parafialnego w Surgucie i<br \/>\nprzebudow\u0105 Kaplicy w Koga\u0142ymie, nakaza\u0142y wcze\u015bniejszy powr\u00f3t. <\/span><\/span><br \/>\n<\/span><\/div>\n<div align=\"justify\" style=\"background: transparent; font-style: normal; font-variant: normal; font-weight: normal; letter-spacing: normal; line-height: 150%; margin-bottom: 0cm; orphans: 2; text-indent: 1.3cm; widows: 2;\">\n<span style=\"font-size: x-large;\"><span style=\"color: black;\"><span style=\"font-family: Book Antiqua, serif;\">Na<br \/>\nszcz\u0119\u015bcie, od wrze\u015bnia w pos\u0142udze duszpasterskiej b\u0119dzie<br \/>\nProboszcza w Surgucie wspiera\u0142 Wikariusz, Ksi\u0105dz Pawe\u0142<br \/>\nCzelu\u015bci\u0144ski, kt\u00f3ry pochodzi z Siedlec, ale \u015awi\u0119cenia kap\u0142a\u0144skie<br \/>\nprzyj\u0105\u0142 w Diecezji warszawsko \u2013 praskiej. Ksi\u0105dz Biskup Romuald<br \/>\nKami\u0144ski, Pasterz tej\u017ce Diecezji, od samego pocz\u0105tku swojej<br \/>\npos\u0142ugi, by\u0142 otwarty na pro\u015bby Ksi\u0119dza Marka i Ksi\u0119dza Paw\u0142a \u2013<br \/>\ni pozwoli\u0142 temu ostatniemu na rozpocz\u0119cie pos\u0142ugi na Syberii. W<br \/>\njednym ze swoich s\u0142\u00f3wek na naszym forum Ksi\u0105dz Marek zamie\u015bci\u0142<br \/>\nzdj\u0119cie stosownego dekretu Ksi\u0119dza Biskupa. <\/span><\/span><br \/>\n<\/span><\/div>\n<div align=\"justify\" style=\"background: transparent; font-style: normal; font-variant: normal; font-weight: normal; letter-spacing: normal; line-height: 150%; margin-bottom: 0cm; orphans: 2; text-indent: 1.3cm; widows: 2;\">\n<span style=\"color: black;\"><span style=\"font-family: Book Antiqua, serif;\"><span style=\"font-size: x-large;\">To<br \/>\nnaprawd\u0119 bardzo dobra wiadomo\u015b\u0107. Raz dlatego, \u017ce Ksi\u0119dzu Markowi<br \/>\nb\u0119dzie \u0142atwiej, a po drugie \u2013 \u017ce b\u0119dzie m\u00f3g\u0142 cz\u0119\u015bciej<br \/>\nprzybywa\u0107 do Polski. St\u0105d te\u017c \u017cywimy nadziej\u0119, \u017ce nast\u0119pny<br \/>\nprzyjazd nast\u0105pi wcze\u015bniej, ni\u017c za rok.<\/span><\/span><\/span><\/div>\n<div align=\"justify\" style=\"background: transparent; font-style: normal; font-variant: normal; font-weight: normal; letter-spacing: normal; line-height: 150%; margin-bottom: 0cm; orphans: 2; text-indent: 1.3cm; widows: 2;\">\n<span style=\"color: black;\"><span style=\"font-family: Book Antiqua, serif;\"><span style=\"font-size: x-large;\">Zechciejmy<br \/>\nmodlitw\u0105 wesprze\u0107 dzisiejsz\u0105 podr\u00f3\u017c Ksi\u0119dza Marka na Syberi\u0119.<br \/>\nWylot po godz. 19:00.<\/span><\/span><\/span><\/div>\n<div align=\"justify\" style=\"background: transparent; font-style: normal; font-variant: normal; font-weight: normal; letter-spacing: normal; line-height: 150%; margin-bottom: 0cm; orphans: 2; text-indent: 1.3cm; widows: 2;\">\n<span style=\"color: black;\"><span style=\"font-family: Book Antiqua, serif;\"><span style=\"font-size: x-large;\">\u017bycz\u0119<br \/>\nWszystkim b\u0142ogos\u0142awionego dnia!<\/span><\/span><\/span><\/div>\n<div align=\"center\" style=\"background: transparent; font-style: normal; font-variant: normal; font-weight: normal; letter-spacing: normal; line-height: 150%; margin-bottom: 0cm; orphans: 2; widows: 2;\">\n<span style=\"color: black;\"><span style=\"font-family: Book Antiqua, serif;\"><span style=\"font-size: x-large;\">Gaudium<br \/>\net spes!  Ks. Jacek<\/span><\/span><\/span><\/div>\n<div align=\"justify\" style=\"line-height: 150%; margin-bottom: 0cm;\">\n<span style=\"font-size: x-large;\"><\/p>\n<p><\/span><\/div>\n<div align=\"justify\" style=\"line-height: 150%; margin-bottom: 0cm;\">\n<span style=\"color: black;\"><span style=\"font-family: Book antiqua, serif;\"><span style=\"font-size: x-large;\"><b>\u015awi\u0119to<br \/>\n\u015aw. Marii Magdaleny,<\/b><\/span><\/span><\/span><\/div>\n<div align=\"justify\" style=\"line-height: 150%; margin-bottom: 0cm;\">\n<span style=\"font-size: x-large;\"><span style=\"color: black;\"><span style=\"font-family: Book antiqua, serif;\"><b>do<br \/>\nczyta\u0144 z t. VI Lekcjonarza: <\/b><\/span><\/span><br \/>\n<\/span><\/div>\n<div align=\"justify\" style=\"line-height: 150%; margin-bottom: 0cm;\">\n<span style=\"color: black; font-size: x-large;\"><br \/>\n                                    <span style=\"font-family: Book antiqua, serif;\"><b>Pnp<br \/>\n8,6\u20137;  albo:  2 Kor 5,14\u201317;  J 20,1.11\u201318<\/b><\/span><\/span><\/div>\n<div align=\"justify\" style=\"line-height: 150%; margin-bottom: 0cm;\">\n<span style=\"font-size: x-large;\"><\/p>\n<p><\/span><\/div>\n<div align=\"justify\" style=\"font-style: normal; font-variant: normal; letter-spacing: normal; line-height: 150%; margin-bottom: 0cm;\">\n<span style=\"color: black;\"><span style=\"font-family: Book antiqua, serif;\"><span style=\"font-size: x-large;\"><b>CZYTANIE<br \/>\nZ KSI\u0118GI PIE\u015aNI NAD PIE\u015aNIAMI:<\/b><\/span><\/span><\/span><\/div>\n<div align=\"justify\" style=\"background: transparent; font-style: normal; font-variant: normal; letter-spacing: normal; line-height: 150%; margin-bottom: 0cm; page-break-before: auto; text-indent: 1.3cm;\">\n<span style=\"color: black;\"><span style=\"font-family: Book antiqua, serif;\"><span style=\"font-size: x-large;\"><b>Po\u0142\u00f3\u017c<br \/>\nmnie jak piecz\u0119\u0107 na twoim sercu, jak piecz\u0119\u0107 na twoim ramieniu,<br \/>\nbo jak \u015bmier\u0107 pot\u0119\u017cna jest mi\u0142o\u015b\u0107, a zazdro\u015b\u0107 jej<br \/>\nnieprzejednana jak otch\u0142a\u0144; \u017car jej to \u017car ognia, p\u0142omie\u0144 Pana.<\/b><\/span><\/span><\/span><\/div>\n<div align=\"justify\" style=\"background: transparent; font-style: normal; font-variant: normal; letter-spacing: normal; line-height: 150%; margin-bottom: 0cm; text-indent: 1.3cm;\">\n<span style=\"color: black;\"><span style=\"font-family: Book antiqua, serif;\"><span style=\"font-size: x-large;\"><b>Wody<br \/>\nwielkie nie zdo\u0142aj\u0105 ugasi\u0107 mi\u0142o\u015bci, nie zatopi\u0105 jej rzeki.<br \/>\nJe\u015bliby kto odda\u0142 za mi\u0142o\u015b\u0107 ca\u0142e bogactwo swego domu, pogardz\u0105<br \/>\nnim tylko.<\/b><\/span><\/span><\/span><\/div>\n<div align=\"justify\" style=\"font-style: normal; font-variant: normal; letter-spacing: normal; line-height: 150%; margin-bottom: 0cm;\">\n<span style=\"font-size: x-large;\"><\/p>\n<p><\/span><\/div>\n<div align=\"center\" style=\"font-style: normal; font-variant: normal; letter-spacing: normal; line-height: 150%; margin-bottom: 0cm;\">\n<span style=\"color: black;\"><span style=\"font-family: Book antiqua, serif;\"><span style=\"font-size: x-large;\"><b>ALBO:<\/b><\/span><\/span><\/span><\/div>\n<div align=\"justify\" style=\"font-style: normal; font-variant: normal; letter-spacing: normal; line-height: 150%; margin-bottom: 0cm;\">\n<span style=\"font-size: x-large;\"><\/p>\n<p><\/span><\/div>\n<div align=\"justify\" style=\"font-style: normal; font-variant: normal; letter-spacing: normal; line-height: 150%; margin-bottom: 0cm;\">\n<span style=\"color: black;\"><span style=\"font-family: Book antiqua, serif;\"><span style=\"font-size: x-large;\"><b>CZYTANIE<br \/>\nZ DRUGIEGO LISTU \u015aWI\u0118TEGO PAW\u0141A APOSTO\u0141A DO KORYNTIAN<\/b><\/span><\/span><\/span><\/div>\n<div align=\"justify\" style=\"background: transparent; line-height: 150%; margin-bottom: 0cm; page-break-before: auto; text-indent: 1.3cm;\">\n<span style=\"color: black;\"><span style=\"font-family: Book antiqua, serif;\"><span style=\"font-size: x-large;\"><b><span style=\"font-variant: normal;\"><span style=\"letter-spacing: normal;\"><span style=\"font-style: normal;\">B<\/span><\/span><\/span><span style=\"font-variant: normal;\"><span style=\"letter-spacing: normal;\"><span style=\"font-style: normal;\">racia<\/span><\/span><\/span><span style=\"font-variant: normal;\"><span style=\"letter-spacing: normal;\"><span style=\"font-style: normal;\">:<br \/>\nMi\u0142o\u015b\u0107 Chrystusa przynagla nas, pomnych na to, \u017ce skoro Jeden<br \/>\numar\u0142 za wszystkich, to wszyscy pomarli. A w\u0142a\u015bnie za wszystkich<br \/>\numar\u0142 Chrystus, aby ci, co \u017cyj\u0105, ju\u017c nie \u017cyli dla siebie, lecz<br \/>\ndla Tego, kt\u00f3ry za nich umar\u0142 i zmartwychwsta\u0142.<\/span><\/span><\/span><\/b><\/span><\/span><\/span><\/div>\n<div align=\"justify\" style=\"background: transparent; line-height: 150%; margin-bottom: 0cm; text-indent: 1.3cm;\">\n<span style=\"color: black;\"><span style=\"font-family: Book antiqua, serif;\"><span style=\"font-size: x-large;\"><b><span style=\"font-variant: normal;\"><span style=\"letter-spacing: normal;\"><span style=\"font-style: normal;\">Tak<br \/>\nwi\u0119c i my odt\u0105d ju\u017c nikogo nie znamy wed\u0142ug cia\u0142a; a je\u015bli<br \/>\nnawet wed\u0142ug cia\u0142a poznali\u015bmy Chrystusa, to ju\u017c wi\u0119cej nie znamy<br \/>\nGo w ten spos\u00f3b. Je\u017celi wi\u0119c kto<\/span><\/span><\/span><span style=\"font-variant: normal;\"><span style=\"letter-spacing: normal;\"><span style=\"font-style: normal;\">\u015b<\/span><\/span><\/span><span style=\"font-variant: normal;\"><span style=\"letter-spacing: normal;\"><span style=\"font-style: normal;\"><br \/>\npozostaje w Chrystusie, jest nowym stworzeniem. To, co dawne, min\u0119\u0142o,<br \/>\na oto wszystko sta\u0142o si\u0119 nowe.<\/span><\/span><\/span><\/b><\/span><\/span><\/span><\/div>\n<div align=\"justify\" style=\"font-style: normal; font-variant: normal; letter-spacing: normal; line-height: 150%; margin-bottom: 0cm;\">\n<span style=\"font-size: x-large;\"><\/p>\n<p><\/span><\/div>\n<div align=\"justify\" style=\"font-style: normal; font-variant: normal; letter-spacing: normal; line-height: 150%; margin-bottom: 0cm;\">\n<span style=\"color: black;\"><span style=\"font-family: Book antiqua, serif;\"><span style=\"font-size: x-large;\"><b>S\u0141OWA<br \/>\nEWANGELII WED\u0141UG \u015aWI\u0118TEGO JANA:<\/b><\/span><\/span><\/span><\/div>\n<div align=\"justify\" style=\"background: transparent; font-style: normal; font-variant: normal; letter-spacing: normal; line-height: 150%; margin-bottom: 0cm; page-break-before: auto; text-indent: 1.3cm;\">\n<span style=\"color: black;\"><span style=\"font-family: Book antiqua, serif;\"><span style=\"font-size: x-large;\"><b>Pierwszego<br \/>\ndnia po szabacie, wczesnym rankiem, gdy jeszcze by\u0142o ciemno, Maria<br \/>\nMagdalena uda\u0142a si\u0119 do grobu i zobaczy\u0142a kamie\u0144 od niego<br \/>\nodsuni\u0119ty.<\/b><\/span><\/span><\/span><\/div>\n<div align=\"justify\" style=\"background: transparent; font-style: normal; font-variant: normal; letter-spacing: normal; line-height: 150%; margin-bottom: 0cm; text-indent: 1.3cm;\">\n<span style=\"color: black;\"><span style=\"font-family: Book antiqua, serif;\"><span style=\"font-size: x-large;\"><b>Maria<br \/>\nsta\u0142a przed grobem p\u0142acz\u0105c. A kiedy tak p\u0142aka\u0142a, nachyli\u0142a si\u0119<br \/>\ndo grobu i ujrza\u0142a dw\u00f3ch anio\u0142\u00f3w w bieli, siedz\u0105cych tam, gdzie<br \/>\nle\u017ca\u0142o cia\u0142o Jezusa: jednego w miejscu g\u0142owy, a drugiego w<br \/>\nmiejscu n\u00f3g.<\/b><\/span><\/span><\/span><\/div>\n<div align=\"justify\" style=\"background: transparent; font-style: normal; font-variant: normal; letter-spacing: normal; line-height: 150%; margin-bottom: 0cm; text-indent: 1.3cm;\">\n<span style=\"color: black;\"><span style=\"font-family: Book antiqua, serif;\"><span style=\"font-size: x-large;\"><b>I<br \/>\nrzekli do niej: \u201eNiewiasto, czemu p\u0142aczesz?\u201d.<\/b><\/span><\/span><\/span><\/div>\n<div align=\"justify\" style=\"background: transparent; font-style: normal; font-variant: normal; letter-spacing: normal; line-height: 150%; margin-bottom: 0cm; text-indent: 1.3cm;\">\n<span style=\"color: black;\"><span style=\"font-family: Book antiqua, serif;\"><span style=\"font-size: x-large;\"><b>Odpowiedzia\u0142a<br \/>\nim: \u201eZabrano Pana mego i nie wiem, gdzie Go po\u0142o\u017cono\u201d.<\/b><\/span><\/span><\/span><\/div>\n<div align=\"justify\" style=\"background: transparent; font-style: normal; font-variant: normal; letter-spacing: normal; line-height: 150%; margin-bottom: 0cm; text-indent: 1.3cm;\">\n<span style=\"color: black;\"><span style=\"font-family: Book antiqua, serif;\"><span style=\"font-size: x-large;\"><b>Gdy<br \/>\nto powiedzia\u0142a, odwr\u00f3ci\u0142a si\u0119 i ujrza\u0142a stoj\u0105cego Jezusa, ale<br \/>\nnie wiedzia\u0142a, \u017ce to Jezus.<\/b><\/span><\/span><\/span><\/div>\n<div align=\"justify\" style=\"background: transparent; font-style: normal; font-variant: normal; letter-spacing: normal; line-height: 150%; margin-bottom: 0cm; text-indent: 1.3cm;\">\n<span style=\"color: black;\"><span style=\"font-family: Book antiqua, serif;\"><span style=\"font-size: x-large;\"><b>Rzek\u0142<br \/>\ndo niej Jezus: \u201eNiewiasto, czemu p\u0142aczesz? Kogo szukasz?\u201d.<\/b><\/span><\/span><\/span><\/div>\n<div align=\"justify\" style=\"background: transparent; font-style: normal; font-variant: normal; letter-spacing: normal; line-height: 150%; margin-bottom: 0cm; text-indent: 1.3cm;\">\n<span style=\"color: black;\"><span style=\"font-family: Book antiqua, serif;\"><span style=\"font-size: x-large;\"><b>Ona<br \/>\nza\u015b s\u0105dz\u0105c, \u017ce to jest ogrodnik, powiedzia\u0142a do Niego: \u201ePanie,<br \/>\nje\u015bli ty Go przenios\u0142e\u015b, powiedz mi, gdzie Go po\u0142o\u017cy\u0142e\u015b, a ja<br \/>\nGo wezm\u0119\u201d.<\/b><\/span><\/span><\/span><\/div>\n<div align=\"justify\" style=\"background: transparent; font-style: normal; font-variant: normal; letter-spacing: normal; line-height: 150%; margin-bottom: 0cm; text-indent: 1.3cm;\">\n<span style=\"color: black;\"><span style=\"font-family: Book antiqua, serif;\"><span style=\"font-size: x-large;\"><b>Jezus<br \/>\nrzek\u0142 do niej: \u201eMario!\u201d.<\/b><\/span><\/span><\/span><\/div>\n<div align=\"justify\" style=\"background: transparent; font-style: normal; font-variant: normal; letter-spacing: normal; line-height: 150%; margin-bottom: 0cm; text-indent: 1.3cm;\">\n<span style=\"color: black;\"><span style=\"font-family: Book antiqua, serif;\"><span style=\"font-size: x-large;\"><b>A<br \/>\nona obr\u00f3ciwszy si\u0119 powiedzia\u0142a do Niego po hebrajsku: \u201eRabbuni\u201d,<br \/>\nto znaczy: Nauczycielu.<\/b><\/span><\/span><\/span><\/div>\n<div align=\"justify\" style=\"background: transparent; font-style: normal; font-variant: normal; letter-spacing: normal; line-height: 150%; margin-bottom: 0cm; text-indent: 1.3cm;\">\n<span style=\"color: black;\"><span style=\"font-family: Book antiqua, serif;\"><span style=\"font-size: x-large;\"><b>Rzek\u0142<br \/>\ndo niej Jezus: \u201eNie zatrzymuj Mnie; jeszcze bowiem nie wst\u0105pi\u0142em<br \/>\ndo Ojca. Natomiast udaj si\u0119 do moich braci i powiedz im: \u00abWst\u0119puj\u0119<br \/>\ndo Ojca mego i Ojca waszego oraz do Boga mego i Boga waszego\u00bb\u201d.<\/b><\/span><\/span><\/span><\/div>\n<div align=\"justify\" style=\"background: transparent; font-style: normal; font-variant: normal; letter-spacing: normal; line-height: 150%; margin-bottom: 0cm; text-indent: 1.3cm;\">\n<span style=\"color: black;\"><span style=\"font-family: Book antiqua, serif;\"><span style=\"font-size: x-large;\"><b>Posz\u0142a<br \/>\nMaria Magdalena oznajmiaj\u0105c uczniom: \u201eWidzia\u0142am Pana i to mi<br \/>\npowiedzia\u0142\u201d.<\/b><\/span><\/span><\/span><\/div>\n<div align=\"justify\" style=\"line-height: 150%; margin-bottom: 0cm;\">\n<span style=\"font-size: x-large;\"><\/p>\n<p><\/span><\/div>\n<div align=\"justify\" style=\"background: transparent; font-style: normal; font-variant: normal; font-weight: normal; letter-spacing: normal; line-height: 150%; margin-bottom: 0cm; page-break-before: auto; text-indent: 1.3cm;\">\n<span style=\"color: black;\"><span style=\"font-family: Book antiqua, serif;\"><span style=\"font-size: x-large;\">Patronka<br \/>\ndnia dzisiejszego, <b>Maria, <\/b>pochodzi\u0142a \u2013 wed\u0142ug biblijnej<br \/>\nrelacji \u2013 <b>z miejscowo\u015bci Magdalia, <\/b>znajduj\u0105cej si\u0119 nad<br \/>\nJeziorem Galilejskim, niedaleko Tyberiady. Z Ewangelii wiemy, \u017ce w<br \/>\nswoim czasie <b>w \u017cyciu Marii mia\u0142o miejsce bardzo znacz\u0105ce<br \/>\nwydarzenie: Jezus wyrzuci\u0142 z niej siedem z\u0142ych duch\u00f3w. <\/b>Odt\u0105d<br \/>\nw\u0142\u0105cza si\u0119 ona do grona Jego s\u0142uchaczy i wraz z innymi<br \/>\nniewiastami troszczy si\u0119 o w\u0119druj\u0105cych z Nim ludzi.<\/span><\/span><\/span><\/div>\n<div align=\"justify\" style=\"background: transparent; font-style: normal; font-variant: normal; font-weight: normal; letter-spacing: normal; line-height: 150%; margin-bottom: 0cm; text-indent: 1.3cm;\">\n<span style=\"color: black;\"><span style=\"font-family: Book antiqua, serif;\"><span style=\"font-size: x-large;\">Po<br \/>\nraz drugi Ewangeli\u015bci wspominaj\u0105 o niej, gdy wyliczaj\u0105 j\u0105 <b>w\u015br\u00f3d<br \/>\nos\u00f3b obecnych przy ukrzy\u017cowaniu i \u015bmierci Jezusa, <\/b>a nast\u0119pnie<br \/>\n\u2013 przy zdj\u0119ciu Cia\u0142a Zbawiciela z krzy\u017ca i pogrzebaniu. Nasza<br \/>\n\u015awi\u0119ta by\u0142a jedn\u0105 z trzech niewiast, kt\u00f3re potem uda\u0142y si\u0119 do<br \/>\ngrobu, aby nama\u015bci\u0107 Cia\u0142o Ukrzy\u017cowanego, <b>ale gr\u00f3b znalaz\u0142y<br \/>\npusty! <\/b>Kiedy zatem Maria Magdalena ujrza\u0142a, \u017ce kamie\u0144 od grobu<br \/>\nby\u0142 odsuni\u0119ty, w\u00f3wczas przera\u017cona my\u015bl\u0105, \u017ce \u017bydzi<br \/>\nzbezcze\u015bcili Cia\u0142o Zbawiciela, przenosz\u0105c je w niewiadome miejsce<br \/>\n\u2013 <b>pobieg\u0142a do Aposto\u0142\u00f3w i powiadomi\u0142a ich o wszystkim.<\/b><\/span><\/span><\/span><\/div>\n<div align=\"justify\" style=\"background: transparent; font-style: normal; font-variant: normal; font-weight: normal; letter-spacing: normal; line-height: 150%; margin-bottom: 0cm; text-indent: 1.3cm;\">\n<span style=\"color: black;\"><span style=\"font-family: Book antiqua, serif;\"><span style=\"font-size: x-large;\">Potem<br \/>\nsama ponownie wr\u00f3ci\u0142a do Grobu, a tam \u2013 niespodziewanie \u2013<br \/>\n<b>Zmartwychwsta\u0142y ukaza\u0142 <\/b><b>si\u0119 <\/b><b>jej, jednak ona nie<br \/>\nrozpozna\u0142a swego Mistrza, bior\u0105c Go za ogrodnika. <\/b>O tym<br \/>\nus\u0142yszeli\u015bmy w dzisiejszej Ewangelii. Po tym spotkaniu Maria<br \/>\nMagdalena \u2013 jako pierwsza \u2013 przekaza\u0142a Aposto\u0142om wie\u015b\u0107 o<br \/>\nZmartwychwstaniu Chrystusa.<\/span><\/span><\/span><\/div>\n<div align=\"justify\" style=\"background: transparent; font-style: normal; font-variant: normal; font-weight: normal; letter-spacing: normal; line-height: 150%; margin-bottom: 0cm; text-indent: 1.3cm;\">\n<span style=\"color: black;\"><span style=\"font-family: Book antiqua, serif;\"><span style=\"font-size: x-large;\">\u015awi\u0119ty<br \/>\nPapie\u017c Grzegorz I Wielki <b>uto\u017csamia\u0142 Mari\u0119 Magdalen\u0119 z<br \/>\njawnogrzesznic\u0105, <\/b>o kt\u00f3rej pisze \u0141ukasz Ewangelista, jak te\u017c z<br \/>\nMari\u0105, siostr\u0105 \u0141azarza, o kt\u00f3rej z kolei pisze \u015awi\u0119ty Jan, i\u017c<br \/>\n\u2013 podobnie, jak jawnogrzesznica u \u015awi\u0119tego \u0141ukasza \u2013 <b>obmy\u0142a<br \/>\nnogi Pana Jezusa wonnymi olejkami.<\/b><\/span><\/span><\/span><\/div>\n<div align=\"justify\" style=\"background: transparent; font-style: normal; font-variant: normal; font-weight: normal; letter-spacing: normal; line-height: 150%; margin-bottom: 0cm; text-indent: 1.3cm;\">\n<span style=\"color: black;\"><span style=\"font-family: Book antiqua, serif;\"><span style=\"font-size: x-large;\">Wsp\u00f3\u0142cze\u015bni<br \/>\nbibli\u015bci jednak, id\u0105c za pierwotn\u0105 tradycj\u0105 i za Ojcami Ko\u015bcio\u0142a<br \/>\nna Wschodzie, uwa\u017caj\u0105, \u017ce <b>imi\u0119 Maria mia\u0142y trzy niewiasty,<br \/>\nnie maj\u0105ce ze sob\u0105 bli\u017cszego zwi\u0105zku. <\/b>Dlatego to w\u0142a\u015bnie<br \/>\nnajnowsza reforma kalendarza liturgicznego <b>wyra\u017anie odr\u00f3\u017cnia<br \/>\nMari\u0119 Magdalen\u0119 od Marii, siostry \u0141azarza, <\/b>ustanawiaj\u0105c ku<br \/>\nich czci osobne dni wspomnienia.<\/span><\/span><\/span><\/div>\n<div align=\"justify\" style=\"background: transparent; line-height: 150%; margin-bottom: 0cm; text-indent: 1.3cm;\">\n<span style=\"color: black;\"><span style=\"font-family: Book antiqua, serif;\"><span style=\"font-size: x-large;\"><span style=\"font-variant: normal;\"><span style=\"letter-spacing: normal;\"><span style=\"font-style: normal;\"><span style=\"font-weight: normal;\">Kult<br \/>\n\u015awi\u0119tej Marii Magdaleny jest obecnie <\/span><\/span><\/span><\/span><span style=\"font-variant: normal;\"><span style=\"letter-spacing: normal;\"><span style=\"font-style: normal;\"><b>powszechny<br \/>\nw Ko\u015bciele tak na Zachodzie, jak i na Wschodzie. <\/b><\/span><\/span><\/span><span style=\"font-variant: normal;\"><span style=\"letter-spacing: normal;\"><span style=\"font-style: normal;\"><span style=\"font-weight: normal;\">Nasza<br \/>\ndzisiejsza Patronka ma swoje sanktuaria, do kt\u00f3rych od wiek\u00f3w<br \/>\nlicznie pod\u0105\u017cali i wci\u0105\u017c pod\u0105\u017caj\u0105 pielgrzymi.<\/span><\/span><\/span><\/span><\/span><\/span><\/span><\/div>\n<div align=\"justify\" style=\"background: transparent; font-style: normal; font-variant: normal; font-weight: normal; letter-spacing: normal; line-height: 150%; margin-bottom: 0cm; text-indent: 1.3cm;\">\n<span style=\"color: black;\"><span style=\"font-family: Book antiqua, serif;\"><span style=\"font-size: x-large;\">W<br \/>\nczerwcu 2016 roku Papie\u017c Franciszek podni\u00f3s\u0142 dzisiejsze<br \/>\nwspomnienie liturgiczne <b>do rangi \u015bwi\u0119ta liturgicznego.<\/b><\/span><\/span><\/span><\/div>\n<div align=\"justify\" style=\"background: transparent; font-style: normal; font-variant: normal; font-weight: normal; letter-spacing: normal; line-height: 150%; margin-bottom: 0cm; text-indent: 1.3cm;\">\n<span style=\"font-size: x-large;\"><span style=\"color: black;\"><span style=\"font-family: Book antiqua, serif;\">Pr\u00f3buj\u0105c<br \/>\nzrozumie\u0107 relacj\u0119, jaka \u0142\u0105czy\u0142a Mari\u0119 Magdalen\u0119 z Jezusem,<br \/>\nwarto ws\u0142ucha\u0107 si\u0119 w s\u0142owa dzisiejszych czyta\u0144. Ewangelia<br \/>\nukazuje nam t\u0119 znamienn\u0105 scen\u0119, kiedy to nasza \u015awi\u0119ta <b>nie<br \/>\nrozpozna\u0142a pocz\u0105tkowo swego Mistrza,<\/b> kt\u00f3ry przecie\u017c sta\u0142 tu\u017c<br \/>\nobok i m\u00f3wi\u0142 do niej \u2013 a pozna\u0142a Go dopiero w\u00f3wczas, kiedy<br \/>\n<b>zwr\u00f3ci\u0142 si\u0119 do niej po imieniu!<\/b> <\/span><\/span><br \/>\n<\/span><\/div>\n<div align=\"justify\" style=\"background: transparent; font-style: normal; font-variant: normal; font-weight: normal; letter-spacing: normal; line-height: 150%; margin-bottom: 0cm; text-indent: 1.3cm;\">\n<span style=\"font-size: x-large;\"><span style=\"color: black;\"><span style=\"font-family: Book antiqua, serif;\">To<br \/>\nbardzo znacz\u0105cy moment, cz\u0119sto zreszt\u0105 wskazuje si\u0119 w r\u00f3\u017cnych<br \/>\nkomentarzach i rozwa\u017caniach <b>na jego znaczenie,<\/b> i\u017c oto Maria<br \/>\nrozpozna\u0142a swego Mistrza i Przyjaciela, kiedy Ten w\u0142a\u015bnie po<br \/>\nimieniu si\u0119 do niej zwr\u00f3ci\u0142, czyli <b>poruszy\u0142 jak\u0105\u015b bardzo<br \/>\nosobist\u0105 strun\u0119 w jej sercu,<\/b> mocno dotkn\u0105\u0142 jej serca, jej<br \/>\nnajg\u0142\u0119bszej istoty, najg\u0142\u0119bszych obszar\u00f3w jej ludzkiej godno\u015bci.<br \/>\nA to oznacza, \u017ce spotkanie to nie by\u0142o tylko jakim\u015b <b>przelotnym,<br \/>\nzewn\u0119trznym<\/b> \u201ewpadni\u0119ciem na siebie\u201d dwojga kompan\u00f3w,<br \/>\nznajomk\u00f3w sprzed lat, ale by\u0142o bardzo g\u0142\u0119bokim, dokonuj\u0105cym si\u0119<br \/>\n<b>na p\u0142aszczy\u017anie wewn\u0119trznej i duchowej, <\/b>spotkaniem dwojga<br \/>\nkochaj\u0105cych si\u0119 serc. <\/span><\/span><br \/>\n<\/span><\/div>\n<div align=\"justify\" style=\"background: transparent; font-style: normal; font-variant: normal; font-weight: normal; letter-spacing: normal; line-height: 150%; margin-bottom: 0cm; text-indent: 1.3cm;\">\n<span style=\"color: black;\"><span style=\"font-family: Book antiqua, serif;\"><span style=\"font-size: x-large;\">I<br \/>\nw\u0142a\u015bnie w tym duchu odczytujemy pierwsze z dw\u00f3ch czyta\u0144, jakie<br \/>\nmamy dzi\u015b do wyboru, a konkretnie te s\u0142owa: <i><b>Wody wielkie nie<br \/>\nzdo\u0142aj\u0105 ugasi\u0107 mi\u0142o\u015bci, nie zatopi\u0105 jej rzeki. Je\u015bliby kto<br \/>\nodda\u0142 za mi\u0142o\u015b\u0107 ca\u0142e bogactwo swego domu, pogardz\u0105 nim tylko.<\/b><\/i><br \/>\nO takiej w\u0142a\u015bnie mi\u0142o\u015bci m\u00f3wimy.<\/span><\/span><\/span><\/div>\n<div align=\"justify\" style=\"background: transparent; font-style: normal; font-variant: normal; font-weight: normal; letter-spacing: normal; line-height: 150%; margin-bottom: 0cm; text-indent: 1.3cm;\">\n<span style=\"font-size: x-large;\"><span style=\"color: black;\"><span style=\"font-family: Book antiqua, serif;\">I<br \/>\nm\u00f3wimy tak\u017ce o tych s\u0142owach Aposto\u0142a Paw\u0142a z dzisiejszego<br \/>\ndrugiego, danego nam do wyboru, czytania: <i><b>Tak wi\u0119c i my odt\u0105d<br \/>\nju\u017c nikogo nie znamy wed\u0142ug cia\u0142a; a je\u015bli nawet wed\u0142ug cia\u0142a<br \/>\npoznali\u015bmy Chrystusa, to ju\u017c wi\u0119cej nie znamy Go w ten spos\u00f3b.<br \/>\nJe\u017celi wi\u0119c kto<\/b><\/i><i><b>\u015b<\/b><\/i><i><b> pozostaje w<br \/>\nChrystusie, jest nowym stworzeniem. To, co dawne, min\u0119\u0142o, a oto<br \/>\nwszystko sta\u0142o si\u0119 nowe.<\/b><\/i> <\/span><\/span><br \/>\n<\/span><\/div>\n<div align=\"justify\" style=\"background: transparent; font-style: normal; font-variant: normal; font-weight: normal; letter-spacing: normal; line-height: 150%; margin-bottom: 0cm; text-indent: 1.3cm;\">\n<span style=\"font-size: x-large;\"><span style=\"color: black;\"><span style=\"font-family: Book antiqua, serif;\">Szybko<br \/>\nmusia\u0142a zrozumie\u0107 przes\u0142anie tych\u017ce s\u0142\u00f3w Maria Magdalena, bo<br \/>\ninaczej nie rozpozna\u0142aby Jezusa w Cz\u0142owieku, kt\u00f3rego wzi\u0119\u0142a za<br \/>\nogrodnika\u2026 Przecie\u017c ona <b>dobrze zna\u0142a Jezusa, widzia\u0142a Go z<br \/>\nbliska tyle razy,<\/b> rozmawia\u0142a z Nim, do\u015bwiadczy\u0142a tak wiele<br \/>\nJego dobroci\u2026 A jednak \u2013 po Zmartwychwstaniu wszystko ju\u017c by\u0142o<br \/>\ninne\u2026 I ten Jezus \u2013 <b>jaki\u015b taki inny\u2026 <\/b><b>Jaki\u015b taki\u2026<br \/>\nnowy! <\/b>Odnowiony\u2026 <\/span><\/span><br \/>\n<\/span><\/div>\n<div align=\"justify\" style=\"background: transparent; font-style: normal; font-variant: normal; font-weight: normal; letter-spacing: normal; line-height: 150%; margin-bottom: 0cm; text-indent: 1.3cm;\">\n<span style=\"font-size: x-large;\"><span style=\"color: black;\"><span style=\"font-family: Book antiqua, serif;\">My<br \/>\ndzisiaj ju\u017c wiemy, \u017ce faktycznie by\u0142 i jest inny \u2013 jest<br \/>\n<b>uwielbiony! <\/b>Po Zmartwychwstaniu tak w\u0142a\u015bnie si\u0119<br \/>\nprezentowa\u0142. I gdyby Maria Magdalena chcia\u0142a pozosta\u0107 na<br \/>\nznajomo\u015bci Jezusa <i><b>wed\u0142ug cia\u0142a,<\/b><\/i> czyli tylko tej<br \/>\ndotychczasowej \u2013 z pewno\u015bci\u0105 nie dosz\u0142oby do tej rozmowy i do<br \/>\n<b>tego wyj\u0105tkowego spotkania,<\/b> kt\u00f3rego dzi\u015b jeste\u015bmy<br \/>\n\u015bwiadkami. I w og\u00f3le \u2013 ca\u0142e \u017cycie naszej Patronki u\u0142o\u017cy\u0142oby<br \/>\nsi\u0119 inaczej\u2026 <\/span><\/span><br \/>\n<\/span><\/div>\n<div align=\"justify\" style=\"background: transparent; font-style: normal; font-variant: normal; font-weight: normal; letter-spacing: normal; line-height: 150%; margin-bottom: 0cm; text-indent: 1.3cm;\">\n<span style=\"font-size: x-large;\"><span style=\"color: black;\"><span style=\"font-family: Book antiqua, serif;\">I<br \/>\ntak\u017ce nasze \u017cycie uk\u0142ada\u0107 si\u0119 b\u0119dzie inaczej \u2013 lepiej,<br \/>\nm\u0105drzej, sensowniej \u2013 je\u017celi nasza relacja z Jezusem b\u0119dzie<br \/>\n<b>wi\u0119zi\u0105 mi\u0142o\u015bci, wsp\u00f3lnot\u0105 serc, <\/b>a nie sformalizowanym<br \/>\nstosunkiem zale\u017cno\u015bci prze\u0142o\u017conego i podw\u0142adnego, albo tylko<br \/>\nzwyczajem lub tradycj\u0105. A skoro dzisiaj widzimy <b>odchodzenie tak<br \/>\nwielu ludzi od Ko\u015bcio\u0142a,<\/b> s\u0142abn\u0105cy wp\u0142yw Ewangelii na<br \/>\ncodzienne wybory moralne ludzi rzekomo wierz\u0105cych \u2013 i skoro sami<br \/>\nuskar\u017camy si\u0119, \u017ce <b>wiara tak ma\u0142o nam daje, albo i nic nie<br \/>\ndaje,<\/b> to mo\u017ce w\u0142a\u015bnie warto tak na spokojnie   i tak na<br \/>\npowa\u017cnie przyjrze\u0107 si\u0119 tej swojej wierze: <b>jaka ona jest? <\/b><\/span><\/span><br \/>\n<\/span><\/div>\n<div align=\"justify\" style=\"background: transparent; font-style: normal; font-variant: normal; font-weight: normal; letter-spacing: normal; line-height: 150%; margin-bottom: 0cm; text-indent: 1.3cm;\">\n<span style=\"color: black;\"><span style=\"font-family: Book antiqua, serif;\"><span style=\"font-size: x-large;\">Czy<br \/>\nmo\u017cemy powiedzie\u0107, \u017ce jest to <b>g\u0142\u0119boka, intymna, serdeczna i<br \/>\ntotalnie szczera wi\u0119\u017a,<\/b> \u0142\u0105cz\u0105ca nasze serce z sercem Jezusa,<br \/>\nczy wci\u0105\u017c jeszcze wype\u0142nianie suchych praktyk ze wzgl\u0119du na<br \/>\ntradycj\u0119 lub poczucie przyzwoito\u015bci, albo opini\u0119 otoczenia?\u2026 Czy<br \/>\nwiara, jako ta serdeczna relacja z Jezusem, <b>dotyka najg\u0142\u0119bszych<br \/>\npok\u0142ad\u00f3w mego serca?\u2026<\/b><\/span><\/span><\/span><\/div>\n<div align=\"justify\" style=\"background: transparent; font-style: normal; font-variant: normal; font-weight: normal; letter-spacing: normal; line-height: 150%; margin-bottom: 0cm; text-indent: 1.3cm;\">\n<span style=\"color: black;\"><span style=\"font-family: Book antiqua, serif;\"><span style=\"font-size: x-large;\">A<br \/>\nje\u017celi nie \u2013 albo nawet i tak \u2013 to <b>co konkretnie zrobi\u0119, aby<br \/>\nt\u0119 wi\u0119\u017a wzmocni\u0107 i pog\u0142\u0119bi\u0107?\u2026<\/b><\/span><\/span><\/span><\/div>\n","protected":false},"excerpt":{"rendered":"<p>Szcz\u0119\u015b\u0107 Bo\u017ce! Moi Drodzy, w dniu dzisiejszym rocznic\u0119 zawarcia sakramentalnego Ma\u0142\u017ce\u0144stwa prze\u017cywaj\u0105 Pa\u0144stwo Ewa i W\u0142odzimierz Olendrowie, z Celestynowa. S\u0105 to ludzie bardzo mi bliscy, uwa\u017camy si\u0119 w\u0142a\u015bciwie za rodzin\u0119! Dzi\u0119kuj\u0119 Bogu za t\u0119 wspania\u0142\u0105 Rodzin\u0119, za Ich Syna Szymona, kt\u00f3ry za moich czas\u00f3w by\u0142 Lektorem w Celestynowie. Dzi\u0119kuj\u0119 za cz\u0119ste nasze spotkania, sta\u0142y kontakt [&hellip;]<\/p>\n","protected":false},"author":1,"featured_media":0,"comment_status":"open","ping_status":"open","sticky":false,"template":"","format":"standard","meta":{"jetpack_post_was_ever_published":false,"_jetpack_newsletter_access":"","_jetpack_dont_email_post_to_subs":false,"_jetpack_newsletter_tier_id":0,"_jetpack_memberships_contains_paywalled_content":false,"_jetpack_memberships_contains_paid_content":false,"footnotes":""},"categories":[1],"tags":[],"class_list":["post-14533","post","type-post","status-publish","format-standard","hentry","category-bez-kategorii"],"yoast_head":"<!-- This site is optimized with the Yoast SEO plugin v25.1 - https:\/\/yoast.com\/wordpress\/plugins\/seo\/ -->\n<title>W g\u0142\u0119bi ludzkiego serca... - Gaudium Et Spes<\/title>\n<meta name=\"robots\" content=\"index, follow, max-snippet:-1, max-image-preview:large, max-video-preview:-1\" \/>\n<link rel=\"canonical\" href=\"https:\/\/gaudiumetspes-blog.pl\/index.php\/2019\/07\/22\/w-gebi-ludzkiego-serca\/\" \/>\n<meta property=\"og:locale\" content=\"pl_PL\" \/>\n<meta property=\"og:type\" content=\"article\" \/>\n<meta property=\"og:title\" content=\"W g\u0142\u0119bi ludzkiego serca... - Gaudium Et Spes\" \/>\n<meta property=\"og:description\" content=\"Szcz\u0119\u015b\u0107 Bo\u017ce! Moi Drodzy, w dniu dzisiejszym rocznic\u0119 zawarcia sakramentalnego Ma\u0142\u017ce\u0144stwa prze\u017cywaj\u0105 Pa\u0144stwo Ewa i W\u0142odzimierz Olendrowie, z Celestynowa. S\u0105 to ludzie bardzo mi bliscy, uwa\u017camy si\u0119 w\u0142a\u015bciwie za rodzin\u0119! Dzi\u0119kuj\u0119 Bogu za t\u0119 wspania\u0142\u0105 Rodzin\u0119, za Ich Syna Szymona, kt\u00f3ry za moich czas\u00f3w by\u0142 Lektorem w Celestynowie. Dzi\u0119kuj\u0119 za cz\u0119ste nasze spotkania, sta\u0142y kontakt [&hellip;]\" \/>\n<meta property=\"og:url\" content=\"https:\/\/gaudiumetspes-blog.pl\/index.php\/2019\/07\/22\/w-gebi-ludzkiego-serca\/\" \/>\n<meta property=\"og:site_name\" content=\"Gaudium Et Spes\" \/>\n<meta property=\"article:published_time\" content=\"2019-07-22T01:52:00+00:00\" \/>\n<meta property=\"article:modified_time\" content=\"2019-07-31T11:04:50+00:00\" \/>\n<meta name=\"author\" content=\"Ks. Jacek\" \/>\n<meta name=\"twitter:card\" content=\"summary_large_image\" \/>\n<meta name=\"twitter:label1\" content=\"Napisane przez\" \/>\n\t<meta name=\"twitter:data1\" content=\"Ks. Jacek\" \/>\n\t<meta name=\"twitter:label2\" content=\"Szacowany czas czytania\" \/>\n\t<meta name=\"twitter:data2\" content=\"9 minut\" \/>\n<script type=\"application\/ld+json\" class=\"yoast-schema-graph\">{\"@context\":\"https:\/\/schema.org\",\"@graph\":[{\"@type\":\"WebPage\",\"@id\":\"https:\/\/gaudiumetspes-blog.pl\/index.php\/2019\/07\/22\/w-gebi-ludzkiego-serca\/\",\"url\":\"https:\/\/gaudiumetspes-blog.pl\/index.php\/2019\/07\/22\/w-gebi-ludzkiego-serca\/\",\"name\":\"W g\u0142\u0119bi ludzkiego serca... - Gaudium Et Spes\",\"isPartOf\":{\"@id\":\"https:\/\/gaudiumetspes-blog.pl\/#website\"},\"datePublished\":\"2019-07-22T01:52:00+00:00\",\"dateModified\":\"2019-07-31T11:04:50+00:00\",\"author\":{\"@id\":\"https:\/\/gaudiumetspes-blog.pl\/#\/schema\/person\/1661982992b752dea8dff0d4ed845a65\"},\"breadcrumb\":{\"@id\":\"https:\/\/gaudiumetspes-blog.pl\/index.php\/2019\/07\/22\/w-gebi-ludzkiego-serca\/#breadcrumb\"},\"inLanguage\":\"pl-PL\",\"potentialAction\":[{\"@type\":\"ReadAction\",\"target\":[\"https:\/\/gaudiumetspes-blog.pl\/index.php\/2019\/07\/22\/w-gebi-ludzkiego-serca\/\"]}]},{\"@type\":\"BreadcrumbList\",\"@id\":\"https:\/\/gaudiumetspes-blog.pl\/index.php\/2019\/07\/22\/w-gebi-ludzkiego-serca\/#breadcrumb\",\"itemListElement\":[{\"@type\":\"ListItem\",\"position\":1,\"name\":\"Strona g\u0142\u00f3wna\",\"item\":\"https:\/\/gaudiumetspes-blog.pl\/\"},{\"@type\":\"ListItem\",\"position\":2,\"name\":\"W&nbsp;g\u0142\u0119bi ludzkiego serca&#8230;\"}]},{\"@type\":\"WebSite\",\"@id\":\"https:\/\/gaudiumetspes-blog.pl\/#website\",\"url\":\"https:\/\/gaudiumetspes-blog.pl\/\",\"name\":\"Gaudium Et Spes\",\"description\":\"Blog Ks. Jacka Ja\u015bkowskiego\",\"potentialAction\":[{\"@type\":\"SearchAction\",\"target\":{\"@type\":\"EntryPoint\",\"urlTemplate\":\"https:\/\/gaudiumetspes-blog.pl\/?s={search_term_string}\"},\"query-input\":{\"@type\":\"PropertyValueSpecification\",\"valueRequired\":true,\"valueName\":\"search_term_string\"}}],\"inLanguage\":\"pl-PL\"},{\"@type\":\"Person\",\"@id\":\"https:\/\/gaudiumetspes-blog.pl\/#\/schema\/person\/1661982992b752dea8dff0d4ed845a65\",\"name\":\"Ks. Jacek\",\"image\":{\"@type\":\"ImageObject\",\"inLanguage\":\"pl-PL\",\"@id\":\"https:\/\/gaudiumetspes-blog.pl\/#\/schema\/person\/image\/\",\"url\":\"https:\/\/gaudiumetspes-blog.pl\/wp-content\/uploads\/2019\/07\/avatar-JJ-150x150.jpg\",\"contentUrl\":\"https:\/\/gaudiumetspes-blog.pl\/wp-content\/uploads\/2019\/07\/avatar-JJ-150x150.jpg\",\"caption\":\"Ks. Jacek\"},\"description\":\"Witam serdecznie! K\u0142ania si\u0119 Ks. Jacek Ja\u015bkowski. Nie jestem ani kim\u015b wa\u017cnym, ani kim\u015b znanym. Jestem ksi\u0119dzem, kt\u00f3ry po prostu chce rozmawia\u0107. Codzienna kap\u0142a\u0144ska pos\u0142uga pokazuje mi, \u017ce temat\u00f3w do rozm\u00f3w z ksi\u0119dzem jest coraz wi\u0119cej i dzisiaj \u017caden ksi\u0105dz nie mo\u017ce od nich ucieka\u0107, ale - wprost przeciwnie - podejmowa\u0107 nowe wyzwania. To przekonanie sk\u0142oni\u0142o mnie do pr\u00f3by otwarcia tego\u017c bloga, chocia\u017c okazji do rozm\u00f3w na co dzie\u0144 - w konfesjonale i poza nim - na szcz\u0119\u015bcie nie brakuje. My\u015bl\u0119 jednak, \u017ce ten blog b\u0119dzie jeszcze jednym sposobem i przestrzeni\u0105 nawi\u0105zania kontaktu z lud\u017ami dobrej woli, otwartymi na dialog.\",\"url\":\"https:\/\/gaudiumetspes-blog.pl\/index.php\/author\/ks-jacek\/\"}]}<\/script>\n<!-- \/ Yoast SEO plugin. -->","yoast_head_json":{"title":"W g\u0142\u0119bi ludzkiego serca... - Gaudium Et Spes","robots":{"index":"index","follow":"follow","max-snippet":"max-snippet:-1","max-image-preview":"max-image-preview:large","max-video-preview":"max-video-preview:-1"},"canonical":"https:\/\/gaudiumetspes-blog.pl\/index.php\/2019\/07\/22\/w-gebi-ludzkiego-serca\/","og_locale":"pl_PL","og_type":"article","og_title":"W g\u0142\u0119bi ludzkiego serca... - Gaudium Et Spes","og_description":"Szcz\u0119\u015b\u0107 Bo\u017ce! Moi Drodzy, w dniu dzisiejszym rocznic\u0119 zawarcia sakramentalnego Ma\u0142\u017ce\u0144stwa prze\u017cywaj\u0105 Pa\u0144stwo Ewa i W\u0142odzimierz Olendrowie, z Celestynowa. S\u0105 to ludzie bardzo mi bliscy, uwa\u017camy si\u0119 w\u0142a\u015bciwie za rodzin\u0119! Dzi\u0119kuj\u0119 Bogu za t\u0119 wspania\u0142\u0105 Rodzin\u0119, za Ich Syna Szymona, kt\u00f3ry za moich czas\u00f3w by\u0142 Lektorem w Celestynowie. Dzi\u0119kuj\u0119 za cz\u0119ste nasze spotkania, sta\u0142y kontakt [&hellip;]","og_url":"https:\/\/gaudiumetspes-blog.pl\/index.php\/2019\/07\/22\/w-gebi-ludzkiego-serca\/","og_site_name":"Gaudium Et Spes","article_published_time":"2019-07-22T01:52:00+00:00","article_modified_time":"2019-07-31T11:04:50+00:00","author":"Ks. Jacek","twitter_card":"summary_large_image","twitter_misc":{"Napisane przez":"Ks. Jacek","Szacowany czas czytania":"9 minut"},"schema":{"@context":"https:\/\/schema.org","@graph":[{"@type":"WebPage","@id":"https:\/\/gaudiumetspes-blog.pl\/index.php\/2019\/07\/22\/w-gebi-ludzkiego-serca\/","url":"https:\/\/gaudiumetspes-blog.pl\/index.php\/2019\/07\/22\/w-gebi-ludzkiego-serca\/","name":"W g\u0142\u0119bi ludzkiego serca... - Gaudium Et Spes","isPartOf":{"@id":"https:\/\/gaudiumetspes-blog.pl\/#website"},"datePublished":"2019-07-22T01:52:00+00:00","dateModified":"2019-07-31T11:04:50+00:00","author":{"@id":"https:\/\/gaudiumetspes-blog.pl\/#\/schema\/person\/1661982992b752dea8dff0d4ed845a65"},"breadcrumb":{"@id":"https:\/\/gaudiumetspes-blog.pl\/index.php\/2019\/07\/22\/w-gebi-ludzkiego-serca\/#breadcrumb"},"inLanguage":"pl-PL","potentialAction":[{"@type":"ReadAction","target":["https:\/\/gaudiumetspes-blog.pl\/index.php\/2019\/07\/22\/w-gebi-ludzkiego-serca\/"]}]},{"@type":"BreadcrumbList","@id":"https:\/\/gaudiumetspes-blog.pl\/index.php\/2019\/07\/22\/w-gebi-ludzkiego-serca\/#breadcrumb","itemListElement":[{"@type":"ListItem","position":1,"name":"Strona g\u0142\u00f3wna","item":"https:\/\/gaudiumetspes-blog.pl\/"},{"@type":"ListItem","position":2,"name":"W&nbsp;g\u0142\u0119bi ludzkiego serca&#8230;"}]},{"@type":"WebSite","@id":"https:\/\/gaudiumetspes-blog.pl\/#website","url":"https:\/\/gaudiumetspes-blog.pl\/","name":"Gaudium Et Spes","description":"Blog Ks. Jacka Ja\u015bkowskiego","potentialAction":[{"@type":"SearchAction","target":{"@type":"EntryPoint","urlTemplate":"https:\/\/gaudiumetspes-blog.pl\/?s={search_term_string}"},"query-input":{"@type":"PropertyValueSpecification","valueRequired":true,"valueName":"search_term_string"}}],"inLanguage":"pl-PL"},{"@type":"Person","@id":"https:\/\/gaudiumetspes-blog.pl\/#\/schema\/person\/1661982992b752dea8dff0d4ed845a65","name":"Ks. Jacek","image":{"@type":"ImageObject","inLanguage":"pl-PL","@id":"https:\/\/gaudiumetspes-blog.pl\/#\/schema\/person\/image\/","url":"https:\/\/gaudiumetspes-blog.pl\/wp-content\/uploads\/2019\/07\/avatar-JJ-150x150.jpg","contentUrl":"https:\/\/gaudiumetspes-blog.pl\/wp-content\/uploads\/2019\/07\/avatar-JJ-150x150.jpg","caption":"Ks. Jacek"},"description":"Witam serdecznie! K\u0142ania si\u0119 Ks. Jacek Ja\u015bkowski. Nie jestem ani kim\u015b wa\u017cnym, ani kim\u015b znanym. Jestem ksi\u0119dzem, kt\u00f3ry po prostu chce rozmawia\u0107. Codzienna kap\u0142a\u0144ska pos\u0142uga pokazuje mi, \u017ce temat\u00f3w do rozm\u00f3w z ksi\u0119dzem jest coraz wi\u0119cej i dzisiaj \u017caden ksi\u0105dz nie mo\u017ce od nich ucieka\u0107, ale - wprost przeciwnie - podejmowa\u0107 nowe wyzwania. To przekonanie sk\u0142oni\u0142o mnie do pr\u00f3by otwarcia tego\u017c bloga, chocia\u017c okazji do rozm\u00f3w na co dzie\u0144 - w konfesjonale i poza nim - na szcz\u0119\u015bcie nie brakuje. My\u015bl\u0119 jednak, \u017ce ten blog b\u0119dzie jeszcze jednym sposobem i przestrzeni\u0105 nawi\u0105zania kontaktu z lud\u017ami dobrej woli, otwartymi na dialog.","url":"https:\/\/gaudiumetspes-blog.pl\/index.php\/author\/ks-jacek\/"}]}},"jetpack_featured_media_url":"","jetpack_sharing_enabled":true,"_links":{"self":[{"href":"https:\/\/gaudiumetspes-blog.pl\/index.php\/wp-json\/wp\/v2\/posts\/14533","targetHints":{"allow":["GET"]}}],"collection":[{"href":"https:\/\/gaudiumetspes-blog.pl\/index.php\/wp-json\/wp\/v2\/posts"}],"about":[{"href":"https:\/\/gaudiumetspes-blog.pl\/index.php\/wp-json\/wp\/v2\/types\/post"}],"author":[{"embeddable":true,"href":"https:\/\/gaudiumetspes-blog.pl\/index.php\/wp-json\/wp\/v2\/users\/1"}],"replies":[{"embeddable":true,"href":"https:\/\/gaudiumetspes-blog.pl\/index.php\/wp-json\/wp\/v2\/comments?post=14533"}],"version-history":[{"count":1,"href":"https:\/\/gaudiumetspes-blog.pl\/index.php\/wp-json\/wp\/v2\/posts\/14533\/revisions"}],"predecessor-version":[{"id":15422,"href":"https:\/\/gaudiumetspes-blog.pl\/index.php\/wp-json\/wp\/v2\/posts\/14533\/revisions\/15422"}],"wp:attachment":[{"href":"https:\/\/gaudiumetspes-blog.pl\/index.php\/wp-json\/wp\/v2\/media?parent=14533"}],"wp:term":[{"taxonomy":"category","embeddable":true,"href":"https:\/\/gaudiumetspes-blog.pl\/index.php\/wp-json\/wp\/v2\/categories?post=14533"},{"taxonomy":"post_tag","embeddable":true,"href":"https:\/\/gaudiumetspes-blog.pl\/index.php\/wp-json\/wp\/v2\/tags?post=14533"}],"curies":[{"name":"wp","href":"https:\/\/api.w.org\/{rel}","templated":true}]}}