{"id":14537,"date":"2019-07-18T06:08:00","date_gmt":"2019-07-18T04:08:00","guid":{"rendered":"https:\/\/gaudiumetspes-blog.pl\/index.php\/2019\/07\/18\/bog-w-naszym-zyciu-jes\/"},"modified":"2019-07-31T13:04:49","modified_gmt":"2019-07-31T11:04:49","slug":"bog-w-naszym-zyciu-jes","status":"publish","type":"post","link":"https:\/\/gaudiumetspes-blog.pl\/index.php\/2019\/07\/18\/bog-w-naszym-zyciu-jes\/","title":{"rendered":"B\u00f3g w naszym \u017cyciu JEST&#8230;"},"content":{"rendered":"<p><\/p>\n<div align=\"justify\" style=\"font-weight: normal; line-height: 150%; margin-bottom: 0cm;\">\n<span style=\"color: black;\"><span style=\"font-family: Book Antiqua, serif;\"><span style=\"font-size: x-large;\">Szcz\u0119\u015b\u0107<br \/>\nBo\u017ce! Moi Drodzy, w dniu dzisiejszym<b> imieniny prze\u017cywa m\u00f3j<br \/>\nSzwagier, Kamil Nied\u017awiedzki. Dzi\u0119kuj\u0105c za przyja\u017a\u0144 i wszelk\u0105<br \/>\npomoc, \u017cycz\u0119 codziennej rado\u015bci z pe\u0142nienia misji m\u0119\u017ca i ojca.<br \/>\nI szwagra!<\/b><\/span><\/span><\/span><\/div>\n<div align=\"justify\" style=\"background: transparent; line-height: 150%; margin-bottom: 0cm; page-break-before: auto; text-indent: 1.3cm;\">\n<span style=\"color: black;\"><span style=\"font-family: Book Antiqua, serif;\"><span style=\"font-size: x-large;\"><b>Imieniny<br \/>\nprze\u017cywa dzi\u015b tak\u017ce Szymon Olender, bardzo mi bliski Cz\u0142owiek z<br \/>\nCelestynowa, za moich czas\u00f3w: Lektor w tamtejszej Parafii i<br \/>\nWiceprezes S\u0142u\u017cby liturgicznej. Dzi\u0119kuj\u0105c za blisko\u015b\u0107 i<br \/>\n\u017cyczliwo\u015b\u0107, \u017cycz\u0119 pe\u0142nego okrycia i wype\u0142nienia woli Bo\u017cej w<br \/>\n\u017cyciu!<\/b><\/span><\/span><\/span><\/div>\n<div align=\"justify\" style=\"background: transparent; line-height: 150%; margin-bottom: 0cm; text-indent: 1.3cm;\">\n<span style=\"color: black;\"><span style=\"font-family: Book Antiqua, serif;\"><span style=\"font-size: x-large;\"><b>Urodziny<br \/>\nnatomiast prze\u017cywa m\u00f3j Brat stryjeczny Micha\u0142 Ja\u015bkowski, a tak\u017ce<br \/>\n\u2013 A\u0142\u0142a Michaj\u0142owa, m\u0142oda Osoba z Syberii, wsp\u00f3\u0142pracuj\u0105ca tam<br \/>\nz Ksi\u0119dzem Markiem, uczestnicz\u0105ca w \u015awiatowych Dniach M\u0142odzie\u017cy<br \/>\nw Polsce, znaj\u0105ca kilka j\u0119zyk\u00f3w. \u017bycz\u0119 Jubilatom Bo\u017cej<br \/>\nobecno\u015bci w \u017cyciu!<\/b><\/span><\/span><\/span><\/div>\n<div align=\"justify\" style=\"background: transparent; line-height: 150%; margin-bottom: 0cm; text-indent: 1.3cm;\">\n<span style=\"color: black;\"><span style=\"font-family: Book Antiqua, serif;\"><span style=\"font-size: x-large;\"><b>I<br \/>\nWszystkich \u015bwi\u0119tuj\u0105cych zapewniam o modlitwie!<\/b><\/span><\/span><\/span><\/div>\n<div align=\"justify\" style=\"background: transparent; font-weight: normal; line-height: 150%; margin-bottom: 0cm; text-indent: 1.3cm;\">\n<span style=\"color: black;\"><span style=\"font-family: Book Antiqua, serif;\"><span style=\"font-size: x-large;\">A<br \/>\nWam wszystkim, moi Drodzy, \u017cycz\u0119 dobrze wykorzystanego dnia!<\/span><\/span><\/span><\/div>\n<div align=\"center\" style=\"background: transparent; font-weight: normal; line-height: 150%; margin-bottom: 0cm;\">\n<span style=\"color: black;\"><span style=\"font-family: Book Antiqua, serif;\"><span style=\"font-size: x-large;\">Gaudium<br \/>\net spes!  Ks. Jacek<\/span><\/span><\/span><\/div>\n<div align=\"justify\" style=\"line-height: 150%; margin-bottom: 0cm;\">\n<span style=\"font-size: x-large;\"><\/p>\n<p><\/span><\/div>\n<div align=\"justify\" style=\"line-height: 150%; margin-bottom: 0cm;\">\n<span style=\"color: black;\"><span style=\"font-family: Book Antiqua, serif;\"><span style=\"font-size: x-large;\"><b>Czwartek<br \/>\n15 Tygodnia zwyk\u0142ego, rok I,<\/b><\/span><\/span><\/span><\/div>\n<div align=\"justify\" style=\"line-height: 150%; margin-bottom: 0cm;\">\n<span style=\"color: black;\"><span style=\"font-family: Book Antiqua, serif;\"><span style=\"font-size: x-large;\"><b>do<br \/>\nczyta\u0144:  Wj 3,13\u201320;  Mt 11,28\u201330<\/b><\/span><\/span><\/span><\/div>\n<div align=\"justify\" style=\"line-height: 150%; margin-bottom: 0cm;\">\n<span style=\"font-size: x-large;\"><\/p>\n<p><\/span><\/div>\n<div align=\"justify\" style=\"font-style: normal; font-variant: normal; letter-spacing: normal; line-height: 150%; margin-bottom: 0cm; page-break-before: auto;\">\n<span style=\"font-size: x-large;\"><span style=\"color: black;\"><span style=\"font-family: Book Antiqua, serif;\"><b>CZYTANIE<br \/>\nZ KSI\u0118GI WYJ\u015aCIA: <\/b><\/span><\/span><br \/>\n<\/span><\/div>\n<div align=\"justify\" style=\"background: transparent; font-style: normal; font-variant: normal; letter-spacing: normal; line-height: 150%; margin-bottom: 0cm; page-break-before: auto; text-indent: 1.3cm;\">\n<span style=\"font-size: x-large;\"><span style=\"color: black;\"><span style=\"font-family: Book Antiqua, serif;\"><b>Moj\u017cesz<br \/>\nrzek\u0142 do Boga: \u201eOto p\u00f3jd\u0119 do syn\u00f3w Izraela i powiem im: \u00abB\u00f3g<br \/>\nojc\u00f3w naszych pos\u0142a\u0142 mnie do was\u00bb. Lecz gdy oni mnie zapytaj\u0105:<br \/>\n\u00abJakie jest Jego imi\u0119?\u00bb, to c\u00f3\u017c im mam powiedzie\u0107?\u201d<br \/>\nOdpowiedzia\u0142 B\u00f3g Moj\u017ceszowi: \u201eJa jestem, kt\u00f3ry jestem\u201d. I<br \/>\ndoda\u0142: \u201eTak powiesz synom Izraela: \u00abJa jestem\u00bb pos\u0142a\u0142 mnie do<br \/>\nwas\u201d. <\/b><\/span><\/span><br \/>\n<\/span><\/div>\n<div align=\"justify\" style=\"background: transparent; font-style: normal; font-variant: normal; letter-spacing: normal; line-height: 150%; margin-bottom: 0cm; text-indent: 1.3cm;\">\n<span style=\"font-size: x-large;\"><span style=\"color: black;\"><span style=\"font-family: Book Antiqua, serif;\"><b>M\u00f3wi\u0142<br \/>\ndalej B\u00f3g do Moj\u017cesza: \u201eTak powiesz synom Izraela: \u00abPan, B\u00f3g<br \/>\nojc\u00f3w waszych, B\u00f3g Abrahama, B\u00f3g Izraela i B\u00f3g Jakuba pos\u0142a\u0142<br \/>\nmnie do was. To jest imi\u0119 moje na wieki i to jest moje zawo\u0142anie na<br \/>\nnajdalsze pokolenia\u00bb. <\/b><\/span><\/span><br \/>\n<\/span><\/div>\n<div align=\"justify\" style=\"background: transparent; font-style: normal; font-variant: normal; letter-spacing: normal; line-height: 150%; margin-bottom: 0cm; text-indent: 1.3cm;\">\n<span style=\"font-size: x-large;\"><span style=\"color: black;\"><span style=\"font-family: Book Antiqua, serif;\"><b>Id\u017a,<br \/>\na gdy zbierzesz starszych Izraela, powiesz im: \u00abObjawi\u0142 mi si\u0119<br \/>\nPan, B\u00f3g ojc\u00f3w waszych, B\u00f3g Abrahama, B\u00f3g Izraela i B\u00f3g Jakuba i<br \/>\npowiedzia\u0142: Nawiedzi\u0142em was i ujrza\u0142em, co wam uczyniono w<br \/>\nEgipcie. Postanowi\u0142em wi\u0119c wywie\u015b\u0107 was z ucisku w Egipcie i<br \/>\nzaprowadzi\u0107 do ziemi Kananejczyka, Chetyty, Amoryty, Peryzzyty,<br \/>\nChiwwity i Jebuzyty, do ziemi op\u0142ywaj\u0105cej w mleko i mi\u00f3d\u00bb. Oni<br \/>\ntych s\u0142\u00f3w us\u0142uchaj\u0105. I p\u00f3jdziesz razem ze starszymi z Izraela do<br \/>\nkr\u00f3la egipskiego i powiecie mu: \u00abPan, B\u00f3g Hebrajczyk\u00f3w, nam si\u0119<br \/>\nobjawi\u0142. Pozw\u00f3l nam odby\u0107 drog\u0119 trzech dni przez pustyni\u0119,<br \/>\naby\u015bmy z\u0142o\u017cyli ofiary Panu, Bogu naszemu\u00bb. <\/b><\/span><\/span><br \/>\n<\/span><\/div>\n<div align=\"justify\" style=\"background: transparent; font-style: normal; font-variant: normal; letter-spacing: normal; line-height: 150%; margin-bottom: 0cm; text-indent: 1.3cm;\">\n<span style=\"color: black;\"><span style=\"font-family: Book Antiqua, serif;\"><span style=\"font-size: x-large;\"><b>Ja<br \/>\nza\u015b wiem, \u017ce kr\u00f3l egipski pozwoli wam wyj\u015b\u0107 z Egiptu tylko<br \/>\nwtedy, gdy b\u0119dzie zmuszony r\u0119k\u0105 przemo\u017cn\u0105. Wyci\u0105gn\u0119 przeto<br \/>\nr\u0119k\u0119 i nawiedz\u0119 Egipt r\u00f3\u017cnymi cudami, jakich tam dokonam, a<br \/>\nwypu\u015bci was\u201d.<\/b><\/span><\/span><\/span><\/div>\n<div align=\"justify\" style=\"line-height: 150%; margin-bottom: 0cm;\">\n<span style=\"font-size: x-large;\"><\/p>\n<p><\/span><\/div>\n<div align=\"justify\" style=\"font-style: normal; font-variant: normal; letter-spacing: normal; line-height: 150%; margin-bottom: 0cm;\">\n<span style=\"font-size: x-large;\"><span style=\"color: black;\"><span style=\"font-family: Book Antiqua, serif;\"><b>S\u0141OWA<br \/>\nEWANGELII WED\u0141UG \u015aWI\u0118TEGO MATEUSZA: <\/b><\/span><\/span><br \/>\n<\/span><\/div>\n<div align=\"justify\" style=\"background: transparent; line-height: 150%; margin-bottom: 0cm; page-break-before: auto; text-indent: 1.3cm;\">\n<span style=\"font-size: x-large;\"><span style=\"color: black;\"><span style=\"font-family: Book Antiqua, serif;\"><b><span style=\"font-variant: normal;\"><span style=\"letter-spacing: normal;\"><span style=\"font-style: normal;\">W<br \/>\nowym czasie Jezus przem\u00f3wi\u0142 tymi s\u0142owami: \u201ePrzyjd\u017acie do Mnie<br \/>\nwszyscy, kt\u00f3rzy utrudzeni i obci\u0105\u017ceni jeste\u015bcie, a Ja was<br \/>\npokrzepi\u0119. We\u017acie moje jarzmo na siebie i uczcie si\u0119 ode Mnie, bo<br \/>\njestem \u0142agodny i pokorny sercem, a znajdziecie ukojenie dla dusz<br \/>\nwaszych. Albowiem jarzmo moje jest s\u0142odkie, a moje brzemi\u0119 lekkie\u201d.<\/span><\/span><\/span><br \/>\n<\/b><\/span><\/span><br \/>\n<\/span><\/div>\n<div align=\"justify\" style=\"line-height: 150%; margin-bottom: 0cm;\">\n<span style=\"font-size: x-large;\"><\/p>\n<p><\/span><\/div>\n<div align=\"justify\" style=\"background: transparent; font-style: normal; font-variant: normal; font-weight: normal; letter-spacing: normal; line-height: 150%; margin-bottom: 0cm; page-break-before: auto; text-indent: 1.3cm;\">\n<span style=\"font-size: x-large;\"><span style=\"color: black;\"><span style=\"font-family: Book Antiqua, serif;\">B\u00f3g<br \/>\nprzedstawia swoje imi\u0119 Moj\u017ceszowi i tym imieniem nakazuje niejako<br \/>\n<b>uwiarygodni\u0107 misj\u0119, <\/b>z jak\u0105 wysy\u0142a Moj\u017cesza do jego ludu,<br \/>\nuwi\u0119zionego w Egipcie. <b>Obawa<\/b> Moj\u017cesza o to, jak zostanie<br \/>\nprzyj\u0119ty i co go w og\u00f3le mo\u017ce spotka\u0107, by\u0142a <b>ze wszech miar<\/b><b><br \/>\nuzasadniona,<\/b> wszak dopiero co opu\u015bci\u0142 Egipt, ratuj\u0105c w ten<br \/>\nspos\u00f3b ucieczk\u0105 swoje \u017cycie \u2013 i tak na dobr\u0105 spraw\u0119 z \u017cadnej<br \/>\nstrony <b>nie m\u00f3g\u0142 si\u0119 spodziewa\u0107 \u017cyczliwego przyj\u0119cia. <\/b><\/span><\/span><br \/>\n<\/span><\/div>\n<div align=\"justify\" style=\"background: transparent; font-style: normal; font-variant: normal; font-weight: normal; letter-spacing: normal; line-height: 150%; margin-bottom: 0cm; text-indent: 1.3cm;\">\n<span style=\"font-size: x-large;\"><span style=\"color: black;\"><span style=\"font-family: Book Antiqua, serif;\">Oto<br \/>\nbowiem, na dworze faraona <b>by\u0142 przekre\u015blony,<\/b> bo w\u0142adca<br \/>\ndowiedzia\u0142 si\u0119 o incydencie z zabiciem cz\u0142owieka na pustyni, o<br \/>\nczym s\u0142yszeli\u015bmy niedawno. W\u015br\u00f3d swoich rodak\u00f3w <b>by\u0142 za\u015b<br \/>\nnieznany<\/b> jako jeden z nich \u2013 wszyscy bowiem <b>uwa<\/b><b>\u017ca<\/b><b>li<br \/>\ngo za ksi\u0119cia,<\/b> syna c\u00f3rki faraona. I teraz nagle ma wr\u00f3ci\u0107 do<br \/>\nEgiptu, ma stan\u0105\u0107 przed swymi rodakami \u2013 <b>jak gdyby nigdy nic<\/b><br \/>\n\u2013 i powiedzie\u0107 im, \u017ce B\u00f3g mu si\u0119 objawi\u0142, i kaza\u0142 powiedzie\u0107<br \/>\nto lub tamto! Czy\u017c ca\u0142a ta sytuacja nie by\u0142a dla niego zbyt<br \/>\ntrudna? <\/span><\/span><br \/>\n<\/span><\/div>\n<div align=\"justify\" style=\"background: transparent; font-style: normal; font-variant: normal; font-weight: normal; letter-spacing: normal; line-height: 150%; margin-bottom: 0cm; text-indent: 1.3cm;\">\n<span style=\"font-size: x-large;\"><span style=\"color: black;\"><span style=\"font-family: Book Antiqua, serif;\">St\u0105d<br \/>\nnie mo\u017ce dziwi\u0107 pytanie, skierowane do Boga: <i><b>Oto p\u00f3jd\u0119 do<br \/>\nsyn\u00f3w Izraela i powiem im: \u00abB\u00f3g ojc\u00f3w naszych pos\u0142a\u0142 mnie do<br \/>\nwas\u00bb. Lecz gdy oni mnie zapytaj\u0105: \u00abJakie jest Jego imi\u0119?\u00bb, to<br \/>\nc\u00f3\u017c im mam powiedzie\u0107?<\/b><\/i> Na co B\u00f3g odpowiada: <b>Ja jestem,<br \/>\nkt\u00f3ry jestem.<\/b> Po czym dodaje: <i><b>Tak powiesz synom Izraela:<br \/>\n\u00abJa jestem\u00bb pos\u0142a\u0142 mnie do was.<\/b><\/i> <\/span><\/span><br \/>\n<\/span><\/div>\n<div align=\"justify\" style=\"background: transparent; font-style: normal; font-variant: normal; font-weight: normal; letter-spacing: normal; line-height: 150%; margin-bottom: 0cm; text-indent: 1.3cm;\">\n<span style=\"font-size: x-large;\"><span style=\"color: black;\"><span style=\"font-family: Book Antiqua, serif;\">Znamy<br \/>\nto imi\u0119 Boga ze Starego Testamentu. To takie specyficzne imi\u0119,<br \/>\nmo\u017cna powiedzie\u0107: <b>opisowe. <\/b>Zawarta jest w nim ta prawda, \u017ce<br \/>\n<b>B\u00f3g jest samym istnieniem,<\/b> pe\u0142ni\u0105 istnienia, \u017ce Jego<br \/>\nistot\u0105 jest istnienie \u2013 \u017ce jest <b>Bytem, kt\u00f3rego po prostu nie<br \/>\nmog\u0142o nie by\u0107!<\/b> <\/span><\/span><br \/>\n<\/span><\/div>\n<div align=\"justify\" style=\"background: transparent; font-style: normal; font-variant: normal; font-weight: normal; letter-spacing: normal; line-height: 150%; margin-bottom: 0cm; text-indent: 1.3cm;\">\n<span style=\"font-size: x-large;\"><span style=\"color: black;\"><span style=\"font-family: Book Antiqua, serif;\">Bardzo<br \/>\ntajemnicze to imi\u0119 \u2013 i ca\u0142e spotkanie z Moj\u017ceszem, i misja, jak\u0105<br \/>\nmu B\u00f3g zleci\u0142. Na szcz\u0119\u015bcie, mia\u0142a si\u0119 ona dokonywa\u0107 <b>pod<br \/>\nsta\u0142\u0105, przemo\u017cn\u0105 opiek\u0105 Bo\u017c\u0105,<\/b> dlatego Moj\u017cesz nie b\u0119dzie<br \/>\nmusia\u0142 si\u0119 z tym zadaniem zmaga\u0107 sam. Bo sam z pewno\u015bci\u0105 <b>nie<\/b><br \/>\n<b>ud\u017awign\u0105\u0142by<\/b> tego zadania. <\/span><\/span><br \/>\n<\/span><\/div>\n<div align=\"justify\" style=\"background: transparent; font-style: normal; font-variant: normal; font-weight: normal; letter-spacing: normal; line-height: 150%; margin-bottom: 0cm; text-indent: 1.3cm;\">\n<span style=\"font-size: x-large;\"><span style=\"color: black;\"><span style=\"font-family: Book Antiqua, serif;\">B\u00f3g<br \/>\npostanowi\u0142 wzi\u0105\u0107 go w opiek\u0119, B\u00f3g postanowi\u0142 <b>wzi\u0105\u0107 w<br \/>\nopiek\u0119 ca\u0142y nar\u00f3d, <\/b>dlatego sam wyszed\u0142 z inicjatyw\u0105<br \/>\nwyprowadzenia swego go z niewoli. A jako argument uwiarygadniaj\u0105cy i<br \/>\njednocze\u015bnie potwierdzaj\u0105cy <b>szczero\u015b\u0107 intencji i otwarto\u015b\u0107<br \/>\nna ludzi<\/b> \u2013 B\u00f3g poda\u0142 swoje imi\u0119, niejako <b>przedstawi\u0142<br \/>\nsi\u0119, <\/b>wyci\u0105gn\u0105\u0142 r\u0119k\u0119 do zawarcia znajomo\u015bci, a mo\u017ce<br \/>\nlepiej: <b>do zawi\u0105zania blisko\u015bci.<\/b> <\/span><\/span><br \/>\n<\/span><\/div>\n<div align=\"justify\" style=\"background: transparent; font-style: normal; font-variant: normal; font-weight: normal; letter-spacing: normal; line-height: 150%; margin-bottom: 0cm; text-indent: 1.3cm;\">\n<span style=\"font-size: x-large;\"><span style=\"color: black;\"><span style=\"font-family: Book Antiqua, serif;\">Przecie\u017c<br \/>\nzawsze, kiedy wyci\u0105gaj\u0105c do kogo\u015b r\u0119k\u0119, przedstawiamy si\u0119 z<br \/>\nimienia lub jeszcze z nazwiska, to dajemy w ten spos\u00f3b sygna\u0142, \u017ce<br \/>\n<b>liczymy na jaki\u015b kontakt<\/b> z tym cz\u0142owiekiem, a mo\u017ce nawet na<br \/>\nblisk\u0105 znajomo\u015b\u0107. Mo\u017cna powiedzie\u0107, \u017ce dajemy mu \u2013<br \/>\nprzynajmniej w pewnym stopniu \u2013 <b>prawo do siebie, <\/b>do swego<br \/>\nczasu, do swojej \u017cyczliwo\u015bci i pomocy, gdyby jej potrzebowa\u0142.<br \/>\nDlatego w\u0142a\u015bnie <b>B\u00f3g przedstawi\u0142 swoje imi\u0119<\/b> \u2013 i od razu<br \/>\nte\u017c nadmieni\u0142, w jaki spos\u00f3b pomo\u017ce swemu ludowi. <\/span><\/span><br \/>\n<\/span><\/div>\n<div align=\"justify\" style=\"background: transparent; font-style: normal; font-variant: normal; font-weight: normal; letter-spacing: normal; line-height: 150%; margin-bottom: 0cm; text-indent: 1.3cm;\">\n<span style=\"font-size: x-large;\"><span style=\"color: black;\"><span style=\"font-family: Book Antiqua, serif;\">Tak<br \/>\njednak by\u0142o nie tylko za czas\u00f3w Moj\u017cesza. Jezus tak\u017ce m\u00f3wi w<br \/>\ndzisiejszej Ewangelii: <i><b>Przyjd\u017acie do Mnie wszyscy, kt\u00f3rzy<br \/>\nutrudzeni i obci\u0105\u017ceni jeste\u015bcie, a Ja was pokrzepi\u0119. We\u017acie moje<br \/>\njarzmo na siebie i uczcie si\u0119 ode Mnie, bo jestem \u0142agodny i pokorny<br \/>\nsercem, a znajdziecie ukojenie dla dusz waszych. Albowiem jarzmo moje<br \/>\njest s\u0142odkie, a moje brzemi\u0119 lekkie.<\/b><\/i><b> <\/b><\/span><\/span><br \/>\n<\/span><\/div>\n<div align=\"justify\" style=\"background: transparent; font-style: normal; font-variant: normal; font-weight: normal; letter-spacing: normal; line-height: 150%; margin-bottom: 0cm; text-indent: 1.3cm;\">\n<span style=\"font-size: x-large;\"><span style=\"color: black;\"><span style=\"font-family: Book Antiqua, serif;\">I<br \/>\nchocia\u017c mo\u017ce to zabrzmi ma\u0142o odkrywczo, a mo\u017ce nawet banalnie, to<br \/>\njednak \u2013 na podstawie dzisiejszego S\u0142owa \u2013 powiedzmy to bardzo<br \/>\njasno i wprost: <b>Bogu naprawd\u0119 zale\u017cy na cz\u0142owieku! <\/b>B\u00f3g<br \/>\nnaprawd\u0119 kocha cz\u0142owieka! B\u00f3g naprawd\u0119 chce pom\u00f3c cz\u0142owiekowi,<br \/>\nchce go poprowadzi\u0107\u2026 Tylko \u2013 <b>czy cz\u0142owiek da si\u0119<br \/>\npoprowadzi\u0107?\u2026<\/b> Czy swemu Bogu zaufa?\u2026 <\/span><\/span><br \/>\n<\/span><\/div>\n<div align=\"justify\" style=\"background: transparent; font-style: normal; font-variant: normal; font-weight: normal; letter-spacing: normal; line-height: 150%; margin-bottom: 0cm; text-indent: 1.3cm;\">\n<span style=\"font-size: x-large;\"><span style=\"color: black;\"><span style=\"font-family: Book Antiqua, serif;\">Moi<br \/>\nDrodzy, powiedzmy to jeszcze raz: prawda o tym, \u017ce Bogu naprawd\u0119 na<br \/>\nnas zale\u017cy, \u017ce nas naprawd\u0119 kocha i \u017ce naprawd\u0119 chce nam pom\u00f3c<br \/>\n\u2013 <b>jest tak oczywista, <\/b>\u017ce w\u0142a\u015bciwie nie ma nawet o czym<br \/>\nm\u00f3wi\u0107. Wiemy o tym od dziecka, tak <b>byli\u015bmy nauczani od <\/b><b>samego<br \/>\npocz\u0105tku<\/b> \u2013 i w domu, i na katechezie. Tylko czy my w to<br \/>\nrzeczywi\u015bcie wierzymy? Ale tak <b>naprawd\u0119 \u2013 na sto procent? <\/b>A<br \/>\nje\u017celi tak, to jaki z tej prawdy <b>u\u017cytek robimy w codzienno\u015bci?\u2026<\/b><br \/>\nW jaki konkretny spos\u00f3b prawd\u0105 t\u0105 kierujemy si\u0119 przy<br \/>\nrozwi\u0105zywaniu swoich codziennych trudno\u015bci? <\/span><\/span><br \/>\n<\/span><\/div>\n<div align=\"justify\" style=\"background: transparent; font-style: normal; font-variant: normal; font-weight: normal; letter-spacing: normal; line-height: 150%; margin-bottom: 0cm; text-indent: 1.3cm;\">\n<span style=\"color: black;\"><span style=\"font-family: Book Antiqua, serif;\"><span style=\"font-size: x-large;\">Czy<br \/>\nnie jest przypadkiem tak, \u017ce w prawd\u0119 t\u0119 <b>w sumie wierzymy, <\/b>ale<br \/>\nkiedy przyjdzie co do czego, to jednak jako\u015b tam poradzimy sobie<br \/>\nsami?\u2026 W jaki spos\u00f3b na co dzie\u0144 odpowiadamy na gest wyci\u0105gni\u0119tej<br \/>\ndo nas r\u0119ki ze strony Boga?\u2026 <b>W jaki konkretny spos\u00f3b B\u00f3g<br \/>\n<\/b><span style=\"font-family: Book Antiqua, serif;\"><b>\u00ab<\/b><\/span><b>jest<\/b><span style=\"font-family: Book Antiqua, serif;\"><b>\u00bb<\/b><\/span><b><br \/>\nw naszym \u017cyciu?\u2026<\/b><\/span><\/span><\/span><\/div>\n","protected":false},"excerpt":{"rendered":"<p>Szcz\u0119\u015b\u0107 Bo\u017ce! Moi Drodzy, w dniu dzisiejszym imieniny prze\u017cywa m\u00f3j Szwagier, Kamil Nied\u017awiedzki. Dzi\u0119kuj\u0105c za przyja\u017a\u0144 i wszelk\u0105 pomoc, \u017cycz\u0119 codziennej rado\u015bci z pe\u0142nienia misji m\u0119\u017ca i ojca. I szwagra! Imieniny prze\u017cywa dzi\u015b tak\u017ce Szymon Olender, bardzo mi bliski Cz\u0142owiek z Celestynowa, za moich czas\u00f3w: Lektor w tamtejszej Parafii i Wiceprezes S\u0142u\u017cby liturgicznej. Dzi\u0119kuj\u0105c za [&hellip;]<\/p>\n","protected":false},"author":1,"featured_media":0,"comment_status":"open","ping_status":"open","sticky":false,"template":"","format":"standard","meta":{"jetpack_post_was_ever_published":false,"_jetpack_newsletter_access":"","_jetpack_dont_email_post_to_subs":false,"_jetpack_newsletter_tier_id":0,"_jetpack_memberships_contains_paywalled_content":false,"_jetpack_memberships_contains_paid_content":false,"footnotes":""},"categories":[1],"tags":[],"class_list":["post-14537","post","type-post","status-publish","format-standard","hentry","category-bez-kategorii"],"yoast_head":"<!-- This site is optimized with the Yoast SEO plugin v25.1 - https:\/\/yoast.com\/wordpress\/plugins\/seo\/ -->\n<title>B\u00f3g w naszym \u017cyciu JEST... - Gaudium Et Spes<\/title>\n<meta name=\"robots\" content=\"index, follow, max-snippet:-1, max-image-preview:large, max-video-preview:-1\" \/>\n<link rel=\"canonical\" href=\"https:\/\/gaudiumetspes-blog.pl\/index.php\/2019\/07\/18\/bog-w-naszym-zyciu-jes\/\" \/>\n<meta property=\"og:locale\" content=\"pl_PL\" \/>\n<meta property=\"og:type\" content=\"article\" \/>\n<meta property=\"og:title\" content=\"B\u00f3g w naszym \u017cyciu JEST... - Gaudium Et Spes\" \/>\n<meta property=\"og:description\" content=\"Szcz\u0119\u015b\u0107 Bo\u017ce! Moi Drodzy, w dniu dzisiejszym imieniny prze\u017cywa m\u00f3j Szwagier, Kamil Nied\u017awiedzki. Dzi\u0119kuj\u0105c za przyja\u017a\u0144 i wszelk\u0105 pomoc, \u017cycz\u0119 codziennej rado\u015bci z pe\u0142nienia misji m\u0119\u017ca i ojca. I szwagra! Imieniny prze\u017cywa dzi\u015b tak\u017ce Szymon Olender, bardzo mi bliski Cz\u0142owiek z Celestynowa, za moich czas\u00f3w: Lektor w tamtejszej Parafii i Wiceprezes S\u0142u\u017cby liturgicznej. Dzi\u0119kuj\u0105c za [&hellip;]\" \/>\n<meta property=\"og:url\" content=\"https:\/\/gaudiumetspes-blog.pl\/index.php\/2019\/07\/18\/bog-w-naszym-zyciu-jes\/\" \/>\n<meta property=\"og:site_name\" content=\"Gaudium Et Spes\" \/>\n<meta property=\"article:published_time\" content=\"2019-07-18T04:08:00+00:00\" \/>\n<meta property=\"article:modified_time\" content=\"2019-07-31T11:04:49+00:00\" \/>\n<meta name=\"author\" content=\"Ks. Jacek\" \/>\n<meta name=\"twitter:card\" content=\"summary_large_image\" \/>\n<meta name=\"twitter:label1\" content=\"Napisane przez\" \/>\n\t<meta name=\"twitter:data1\" content=\"Ks. Jacek\" \/>\n\t<meta name=\"twitter:label2\" content=\"Szacowany czas czytania\" \/>\n\t<meta name=\"twitter:data2\" content=\"7 minut\" \/>\n<script type=\"application\/ld+json\" class=\"yoast-schema-graph\">{\"@context\":\"https:\/\/schema.org\",\"@graph\":[{\"@type\":\"WebPage\",\"@id\":\"https:\/\/gaudiumetspes-blog.pl\/index.php\/2019\/07\/18\/bog-w-naszym-zyciu-jes\/\",\"url\":\"https:\/\/gaudiumetspes-blog.pl\/index.php\/2019\/07\/18\/bog-w-naszym-zyciu-jes\/\",\"name\":\"B\u00f3g w naszym \u017cyciu JEST... - Gaudium Et Spes\",\"isPartOf\":{\"@id\":\"https:\/\/gaudiumetspes-blog.pl\/#website\"},\"datePublished\":\"2019-07-18T04:08:00+00:00\",\"dateModified\":\"2019-07-31T11:04:49+00:00\",\"author\":{\"@id\":\"https:\/\/gaudiumetspes-blog.pl\/#\/schema\/person\/1661982992b752dea8dff0d4ed845a65\"},\"breadcrumb\":{\"@id\":\"https:\/\/gaudiumetspes-blog.pl\/index.php\/2019\/07\/18\/bog-w-naszym-zyciu-jes\/#breadcrumb\"},\"inLanguage\":\"pl-PL\",\"potentialAction\":[{\"@type\":\"ReadAction\",\"target\":[\"https:\/\/gaudiumetspes-blog.pl\/index.php\/2019\/07\/18\/bog-w-naszym-zyciu-jes\/\"]}]},{\"@type\":\"BreadcrumbList\",\"@id\":\"https:\/\/gaudiumetspes-blog.pl\/index.php\/2019\/07\/18\/bog-w-naszym-zyciu-jes\/#breadcrumb\",\"itemListElement\":[{\"@type\":\"ListItem\",\"position\":1,\"name\":\"Strona g\u0142\u00f3wna\",\"item\":\"https:\/\/gaudiumetspes-blog.pl\/\"},{\"@type\":\"ListItem\",\"position\":2,\"name\":\"B\u00f3g w&nbsp;naszym \u017cyciu JEST&#8230;\"}]},{\"@type\":\"WebSite\",\"@id\":\"https:\/\/gaudiumetspes-blog.pl\/#website\",\"url\":\"https:\/\/gaudiumetspes-blog.pl\/\",\"name\":\"Gaudium Et Spes\",\"description\":\"Blog Ks. Jacka Ja\u015bkowskiego\",\"potentialAction\":[{\"@type\":\"SearchAction\",\"target\":{\"@type\":\"EntryPoint\",\"urlTemplate\":\"https:\/\/gaudiumetspes-blog.pl\/?s={search_term_string}\"},\"query-input\":{\"@type\":\"PropertyValueSpecification\",\"valueRequired\":true,\"valueName\":\"search_term_string\"}}],\"inLanguage\":\"pl-PL\"},{\"@type\":\"Person\",\"@id\":\"https:\/\/gaudiumetspes-blog.pl\/#\/schema\/person\/1661982992b752dea8dff0d4ed845a65\",\"name\":\"Ks. Jacek\",\"image\":{\"@type\":\"ImageObject\",\"inLanguage\":\"pl-PL\",\"@id\":\"https:\/\/gaudiumetspes-blog.pl\/#\/schema\/person\/image\/\",\"url\":\"https:\/\/gaudiumetspes-blog.pl\/wp-content\/uploads\/2019\/07\/avatar-JJ-150x150.jpg\",\"contentUrl\":\"https:\/\/gaudiumetspes-blog.pl\/wp-content\/uploads\/2019\/07\/avatar-JJ-150x150.jpg\",\"caption\":\"Ks. Jacek\"},\"description\":\"Witam serdecznie! K\u0142ania si\u0119 Ks. Jacek Ja\u015bkowski. Nie jestem ani kim\u015b wa\u017cnym, ani kim\u015b znanym. Jestem ksi\u0119dzem, kt\u00f3ry po prostu chce rozmawia\u0107. Codzienna kap\u0142a\u0144ska pos\u0142uga pokazuje mi, \u017ce temat\u00f3w do rozm\u00f3w z ksi\u0119dzem jest coraz wi\u0119cej i dzisiaj \u017caden ksi\u0105dz nie mo\u017ce od nich ucieka\u0107, ale - wprost przeciwnie - podejmowa\u0107 nowe wyzwania. To przekonanie sk\u0142oni\u0142o mnie do pr\u00f3by otwarcia tego\u017c bloga, chocia\u017c okazji do rozm\u00f3w na co dzie\u0144 - w konfesjonale i poza nim - na szcz\u0119\u015bcie nie brakuje. My\u015bl\u0119 jednak, \u017ce ten blog b\u0119dzie jeszcze jednym sposobem i przestrzeni\u0105 nawi\u0105zania kontaktu z lud\u017ami dobrej woli, otwartymi na dialog.\",\"url\":\"https:\/\/gaudiumetspes-blog.pl\/index.php\/author\/ks-jacek\/\"}]}<\/script>\n<!-- \/ Yoast SEO plugin. -->","yoast_head_json":{"title":"B\u00f3g w naszym \u017cyciu JEST... - Gaudium Et Spes","robots":{"index":"index","follow":"follow","max-snippet":"max-snippet:-1","max-image-preview":"max-image-preview:large","max-video-preview":"max-video-preview:-1"},"canonical":"https:\/\/gaudiumetspes-blog.pl\/index.php\/2019\/07\/18\/bog-w-naszym-zyciu-jes\/","og_locale":"pl_PL","og_type":"article","og_title":"B\u00f3g w naszym \u017cyciu JEST... - Gaudium Et Spes","og_description":"Szcz\u0119\u015b\u0107 Bo\u017ce! Moi Drodzy, w dniu dzisiejszym imieniny prze\u017cywa m\u00f3j Szwagier, Kamil Nied\u017awiedzki. Dzi\u0119kuj\u0105c za przyja\u017a\u0144 i wszelk\u0105 pomoc, \u017cycz\u0119 codziennej rado\u015bci z pe\u0142nienia misji m\u0119\u017ca i ojca. I szwagra! Imieniny prze\u017cywa dzi\u015b tak\u017ce Szymon Olender, bardzo mi bliski Cz\u0142owiek z Celestynowa, za moich czas\u00f3w: Lektor w tamtejszej Parafii i Wiceprezes S\u0142u\u017cby liturgicznej. Dzi\u0119kuj\u0105c za [&hellip;]","og_url":"https:\/\/gaudiumetspes-blog.pl\/index.php\/2019\/07\/18\/bog-w-naszym-zyciu-jes\/","og_site_name":"Gaudium Et Spes","article_published_time":"2019-07-18T04:08:00+00:00","article_modified_time":"2019-07-31T11:04:49+00:00","author":"Ks. Jacek","twitter_card":"summary_large_image","twitter_misc":{"Napisane przez":"Ks. Jacek","Szacowany czas czytania":"7 minut"},"schema":{"@context":"https:\/\/schema.org","@graph":[{"@type":"WebPage","@id":"https:\/\/gaudiumetspes-blog.pl\/index.php\/2019\/07\/18\/bog-w-naszym-zyciu-jes\/","url":"https:\/\/gaudiumetspes-blog.pl\/index.php\/2019\/07\/18\/bog-w-naszym-zyciu-jes\/","name":"B\u00f3g w naszym \u017cyciu JEST... - Gaudium Et Spes","isPartOf":{"@id":"https:\/\/gaudiumetspes-blog.pl\/#website"},"datePublished":"2019-07-18T04:08:00+00:00","dateModified":"2019-07-31T11:04:49+00:00","author":{"@id":"https:\/\/gaudiumetspes-blog.pl\/#\/schema\/person\/1661982992b752dea8dff0d4ed845a65"},"breadcrumb":{"@id":"https:\/\/gaudiumetspes-blog.pl\/index.php\/2019\/07\/18\/bog-w-naszym-zyciu-jes\/#breadcrumb"},"inLanguage":"pl-PL","potentialAction":[{"@type":"ReadAction","target":["https:\/\/gaudiumetspes-blog.pl\/index.php\/2019\/07\/18\/bog-w-naszym-zyciu-jes\/"]}]},{"@type":"BreadcrumbList","@id":"https:\/\/gaudiumetspes-blog.pl\/index.php\/2019\/07\/18\/bog-w-naszym-zyciu-jes\/#breadcrumb","itemListElement":[{"@type":"ListItem","position":1,"name":"Strona g\u0142\u00f3wna","item":"https:\/\/gaudiumetspes-blog.pl\/"},{"@type":"ListItem","position":2,"name":"B\u00f3g w&nbsp;naszym \u017cyciu JEST&#8230;"}]},{"@type":"WebSite","@id":"https:\/\/gaudiumetspes-blog.pl\/#website","url":"https:\/\/gaudiumetspes-blog.pl\/","name":"Gaudium Et Spes","description":"Blog Ks. Jacka Ja\u015bkowskiego","potentialAction":[{"@type":"SearchAction","target":{"@type":"EntryPoint","urlTemplate":"https:\/\/gaudiumetspes-blog.pl\/?s={search_term_string}"},"query-input":{"@type":"PropertyValueSpecification","valueRequired":true,"valueName":"search_term_string"}}],"inLanguage":"pl-PL"},{"@type":"Person","@id":"https:\/\/gaudiumetspes-blog.pl\/#\/schema\/person\/1661982992b752dea8dff0d4ed845a65","name":"Ks. Jacek","image":{"@type":"ImageObject","inLanguage":"pl-PL","@id":"https:\/\/gaudiumetspes-blog.pl\/#\/schema\/person\/image\/","url":"https:\/\/gaudiumetspes-blog.pl\/wp-content\/uploads\/2019\/07\/avatar-JJ-150x150.jpg","contentUrl":"https:\/\/gaudiumetspes-blog.pl\/wp-content\/uploads\/2019\/07\/avatar-JJ-150x150.jpg","caption":"Ks. Jacek"},"description":"Witam serdecznie! K\u0142ania si\u0119 Ks. Jacek Ja\u015bkowski. Nie jestem ani kim\u015b wa\u017cnym, ani kim\u015b znanym. Jestem ksi\u0119dzem, kt\u00f3ry po prostu chce rozmawia\u0107. Codzienna kap\u0142a\u0144ska pos\u0142uga pokazuje mi, \u017ce temat\u00f3w do rozm\u00f3w z ksi\u0119dzem jest coraz wi\u0119cej i dzisiaj \u017caden ksi\u0105dz nie mo\u017ce od nich ucieka\u0107, ale - wprost przeciwnie - podejmowa\u0107 nowe wyzwania. To przekonanie sk\u0142oni\u0142o mnie do pr\u00f3by otwarcia tego\u017c bloga, chocia\u017c okazji do rozm\u00f3w na co dzie\u0144 - w konfesjonale i poza nim - na szcz\u0119\u015bcie nie brakuje. My\u015bl\u0119 jednak, \u017ce ten blog b\u0119dzie jeszcze jednym sposobem i przestrzeni\u0105 nawi\u0105zania kontaktu z lud\u017ami dobrej woli, otwartymi na dialog.","url":"https:\/\/gaudiumetspes-blog.pl\/index.php\/author\/ks-jacek\/"}]}},"jetpack_featured_media_url":"","jetpack_sharing_enabled":true,"_links":{"self":[{"href":"https:\/\/gaudiumetspes-blog.pl\/index.php\/wp-json\/wp\/v2\/posts\/14537","targetHints":{"allow":["GET"]}}],"collection":[{"href":"https:\/\/gaudiumetspes-blog.pl\/index.php\/wp-json\/wp\/v2\/posts"}],"about":[{"href":"https:\/\/gaudiumetspes-blog.pl\/index.php\/wp-json\/wp\/v2\/types\/post"}],"author":[{"embeddable":true,"href":"https:\/\/gaudiumetspes-blog.pl\/index.php\/wp-json\/wp\/v2\/users\/1"}],"replies":[{"embeddable":true,"href":"https:\/\/gaudiumetspes-blog.pl\/index.php\/wp-json\/wp\/v2\/comments?post=14537"}],"version-history":[{"count":1,"href":"https:\/\/gaudiumetspes-blog.pl\/index.php\/wp-json\/wp\/v2\/posts\/14537\/revisions"}],"predecessor-version":[{"id":15418,"href":"https:\/\/gaudiumetspes-blog.pl\/index.php\/wp-json\/wp\/v2\/posts\/14537\/revisions\/15418"}],"wp:attachment":[{"href":"https:\/\/gaudiumetspes-blog.pl\/index.php\/wp-json\/wp\/v2\/media?parent=14537"}],"wp:term":[{"taxonomy":"category","embeddable":true,"href":"https:\/\/gaudiumetspes-blog.pl\/index.php\/wp-json\/wp\/v2\/categories?post=14537"},{"taxonomy":"post_tag","embeddable":true,"href":"https:\/\/gaudiumetspes-blog.pl\/index.php\/wp-json\/wp\/v2\/tags?post=14537"}],"curies":[{"name":"wp","href":"https:\/\/api.w.org\/{rel}","templated":true}]}}