{"id":14540,"date":"2019-07-15T05:41:00","date_gmt":"2019-07-15T03:41:00","guid":{"rendered":"https:\/\/gaudiumetspes-blog.pl\/index.php\/2019\/07\/15\/droga-boza-nie-nasza\/"},"modified":"2019-07-31T13:04:49","modified_gmt":"2019-07-31T11:04:49","slug":"droga-boza-nie-nasza","status":"publish","type":"post","link":"https:\/\/gaudiumetspes-blog.pl\/index.php\/2019\/07\/15\/droga-boza-nie-nasza\/","title":{"rendered":"Drog\u0105 Bo\u017c\u0105 &#8211; nie nasz\u0105&#8230;"},"content":{"rendered":"<p><\/p>\n<div align=\"justify\" style=\"font-weight: normal; line-height: 150%; margin-bottom: 0cm;\">\n<span style=\"color: black;\"><span style=\"font-family: Book Antiqua, serif;\"><span style=\"font-size: x-large;\">Szcz\u0119\u015b\u0107<br \/>\nBo\u017ce! Moi Drodzy, w dniu dzisiejszym <b>urodziny prze\u017cywa Anna<br \/>\nKomoszy\u0144ska, nale\u017c\u0105ca w swoim czasie do jednej z m\u0142odzie\u017cowych<br \/>\nWsp\u00f3lnot. Niech Pan Jej we wszystkim b\u0142ogos\u0142awi. Ze swej strony,<br \/>\nb\u0119d\u0119 si\u0119 o to dla Nie modli\u0142.<\/b><\/span><\/span><\/span><\/div>\n<div align=\"justify\" style=\"background: transparent; font-weight: normal; line-height: 150%; margin-bottom: 0cm; page-break-before: auto; text-indent: 1.3cm;\">\n<span style=\"color: black;\"><span style=\"font-family: Book Antiqua, serif;\"><span style=\"font-size: x-large;\">Dzisiaj<br \/>\ntak\u017ce prze\u017cywamy kolejn\u0105 rocznic\u0119 zwyci\u0119skiej Bitwy pod<br \/>\nGrunwaldem, z 1410 roku. Wspominam o tym dlatego, \u017ce w og\u00f3le lubi\u0119<br \/>\nhistori\u0119, zw\u0142aszcza \u015bredniowieczn\u0105, ale tak\u017ce dlatego, \u017ce w<br \/>\npobli\u017cu pola tej\u017ce Bitwy mieszka moja dalsza Rodzina i szczeg\u00f3lnie<br \/>\nw m\u0142odych moich latach co roku tam bywa\u0142em. Oby Polska zawsze<br \/>\numia\u0142a korzysta\u0107 z wielkich i wspania\u0142ych do\u015bwiadcze\u0144 swoich<br \/>\nwielkich Przodk\u00f3w!<\/span><\/span><\/span><\/div>\n<div align=\"justify\" style=\"background: transparent; font-weight: normal; line-height: 150%; margin-bottom: 0cm; text-indent: 1.3cm;\">\n<span style=\"color: black;\"><span style=\"font-family: Book Antiqua, serif;\"><span style=\"font-size: x-large;\">Dobrego<br \/>\ndnia!<\/span><\/span><\/span><\/div>\n<div align=\"center\" style=\"font-weight: normal; line-height: 150%; margin-bottom: 0cm;\">\n<span style=\"color: black;\"><span style=\"font-family: Book Antiqua, serif;\"><span style=\"font-size: x-large;\">Gaudium<br \/>\net spes!  Ks. Jacek<\/span><\/span><\/span><\/div>\n<div align=\"justify\" style=\"line-height: 150%; margin-bottom: 0cm;\">\n<span style=\"font-size: x-large;\"><\/p>\n<p><\/span><\/div>\n<div align=\"justify\" style=\"line-height: 150%; margin-bottom: 0cm;\">\n<span style=\"color: black;\"><span style=\"font-family: Book Antiqua, serif;\"><span style=\"font-size: x-large;\"><b>Poniedzia\u0142ek<br \/>\n15 Tygodnia zwyk\u0142ego, rok I,<\/b><\/span><\/span><\/span><\/div>\n<div align=\"justify\" style=\"line-height: 150%; margin-bottom: 0cm;\">\n<span style=\"color: black;\"><span style=\"font-family: Book Antiqua, serif;\"><span style=\"font-size: x-large;\"><b>Wspomnienie<br \/>\n\u015aw. Bonawentury, Biskupa i Doktora Ko\u015bcio\u0142a,<\/b><\/span><\/span><\/span><\/div>\n<div align=\"justify\" style=\"line-height: 150%; margin-bottom: 0cm;\">\n<span style=\"color: black;\"><span style=\"font-family: Book Antiqua, serif;\"><span style=\"font-size: x-large;\"><b>do<br \/>\nczyta\u0144:  Wj 1,8\u201314.22;  Mt 10,34\u201311,1<\/b><\/span><\/span><\/span><\/div>\n<div align=\"justify\" style=\"line-height: 150%; margin-bottom: 0cm;\">\n<span style=\"font-size: x-large;\"><\/p>\n<p><\/span><\/div>\n<div align=\"justify\" style=\"font-style: normal; font-variant: normal; letter-spacing: normal; line-height: 150%; margin-bottom: 0cm;\">\n<span style=\"color: black;\"><span style=\"font-family: Book Antiqua, serif;\"><span style=\"font-size: x-large;\"><b>CZYTANIE<br \/>\nZ KSI\u0118GI WYJ\u015aCIA:<\/b><\/span><\/span><\/span><\/div>\n<div align=\"justify\" style=\"font-style: normal; font-variant: normal; letter-spacing: normal; line-height: 150%; margin-bottom: 0cm; page-break-before: auto; text-indent: 1.3cm;\">\n<span style=\"color: black;\"><span style=\"font-family: Book Antiqua, serif;\"><span style=\"font-size: x-large;\"><b>Rz\u0105dy<br \/>\nw Egipcie obj\u0105\u0142 nowy kr\u00f3l, kt\u00f3ry nie zna\u0142 J\u00f3zefa. I rzek\u0142 do<br \/>\nswego ludu: \u201eOto lud syn\u00f3w Izraela jest liczniejszy i pot\u0119\u017cniejszy<br \/>\nod nas. Roztropnie przeciw niemu wyst\u0105pmy; a\u017ceby si\u0119 przesta\u0142<br \/>\nrozmna\u017ca\u0107. W wypadku bowiem wojny m\u00f3g\u0142by si\u0119 po\u0142\u0105czy\u0107 z<br \/>\nnaszymi wrogami w walce przeciw nam, aby wyj\u015b\u0107 z tego kraju\u201d.<\/b><\/span><\/span><\/span><\/div>\n<div align=\"justify\" style=\"font-style: normal; font-variant: normal; letter-spacing: normal; line-height: 150%; margin-bottom: 0cm; text-indent: 1.3cm;\">\n<span style=\"font-size: x-large;\"><span style=\"color: black;\"><span style=\"font-family: Book Antiqua, serif;\"><b>Ustanowiono<br \/>\nnad nim prze\u0142o\u017conych rob\u00f3t publicznych, aby go uciskali ci\u0119\u017ckimi<br \/>\npracami. Budowano w\u00f3wczas dla faraona miasta na sk\u0142ady: Pitom i<br \/>\nRamses. Ale im wi\u0119cej go uciskano, tym bardziej si\u0119 rozmna\u017ca\u0142 i<br \/>\nrozrasta\u0142, co jeszcze pot\u0119gowa\u0142o wstr\u0119t do syn\u00f3w Izraela.<br \/>\nEgipcjanie nielito\u015bciwie zmuszali syn\u00f3w Izraela do ci\u0119\u017ckich prac<br \/>\ni uprzykrzali im \u017cycie przez uci\u0105\u017cliw\u0105 prac\u0119 przy glinie i cegle<br \/>\noraz przez r\u00f3\u017cne prace na polu. Do tych wszystkich prac przymuszano<br \/>\nich nielito\u015bciwie. <\/b><\/span><\/span><br \/>\n<\/span><\/div>\n<div align=\"justify\" style=\"font-style: normal; font-variant: normal; letter-spacing: normal; line-height: 150%; margin-bottom: 0cm; text-indent: 1.3cm;\">\n<span style=\"color: black;\"><span style=\"font-family: Book Antiqua, serif;\"><span style=\"font-size: x-large;\"><b>Faraon<br \/>\nwyda\u0142 wtedy ca\u0142emu narodowi rozkaz: \u201eWszystkich nowo narodzonych<br \/>\nch\u0142opc\u00f3w Hebrajczyk\u00f3w nale\u017cy wyrzuci\u0107 do rzeki, a dziewczynki<br \/>\npozostawi\u0107 przy \u017cyciu\u201d.<\/b><\/span><\/span><\/span><\/div>\n<div align=\"justify\" style=\"line-height: 150%; margin-bottom: 0cm;\">\n<span style=\"font-size: x-large;\"><\/p>\n<p><\/span><\/div>\n<div align=\"justify\" style=\"line-height: 150%; margin-bottom: 0cm;\">\n<span style=\"color: black;\"><span style=\"font-family: Book Antiqua, serif;\"><span style=\"font-size: x-large;\"><b><span style=\"font-variant: normal;\"><span style=\"letter-spacing: normal;\"><span style=\"font-style: normal;\">S\u0141OWA<br \/>\nEWANGELII WED\u0141UG \u015aW<\/span><\/span><\/span><span style=\"font-variant: normal;\"><span style=\"letter-spacing: normal;\"><span style=\"font-style: normal;\">I\u0118TEGO<\/span><\/span><\/span><span style=\"font-variant: normal;\"><span style=\"letter-spacing: normal;\"><span style=\"font-style: normal;\"><br \/>\nMATEUSZA:<\/span><\/span><\/span><\/b><\/span><\/span><\/span><\/div>\n<div align=\"justify\" style=\"font-style: normal; font-variant: normal; letter-spacing: normal; line-height: 150%; margin-bottom: 0cm; page-break-before: auto; text-indent: 1.3cm;\">\n<span style=\"color: black;\"><span style=\"font-family: Book Antiqua, serif;\"><span style=\"font-size: x-large;\"><b>Jezus<br \/>\npowiedzia\u0142 do swoich aposto\u0142\u00f3w: \u201eNie s\u0105d\u017acie, \u017ce przyszed\u0142em<br \/>\npok\u00f3j przynie\u015b\u0107 na ziemi\u0119. Nie przyszed\u0142em przynie\u015b\u0107 pokoju,<br \/>\nale miecz. Bo przyszed\u0142em por\u00f3\u017cni\u0107 syna z jego ojcem, c\u00f3rk\u0119 z<br \/>\nmatk\u0105, synow\u0105 z te\u015bciow\u0105; i b\u0119d\u0105 nieprzyjaci\u00f3\u0142mi cz\u0142owieka<br \/>\njego domownicy.<\/b><\/span><\/span><\/span><\/div>\n<div align=\"justify\" style=\"font-style: normal; font-variant: normal; letter-spacing: normal; line-height: 150%; margin-bottom: 0cm; text-indent: 1.3cm;\">\n<span style=\"color: black;\"><span style=\"font-family: Book Antiqua, serif;\"><span style=\"font-size: x-large;\"><b>Kto<br \/>\nmi\u0142uje ojca lub matk\u0119 bardziej ni\u017c Mnie, nie jest Mnie godzien. I<br \/>\nkto mi\u0142uje syna lub c\u00f3rk\u0119 bardziej ni\u017c Mnie, nie jest Mnie<br \/>\ngodzien. Kto nie bierze swego krzy\u017ca, a idzie za Mn\u0105, nie jest Mnie<br \/>\ngodzien. Kto chce znale\u017a\u0107 swe \u017cycie, straci je, a kto straci swe<br \/>\n\u017cycie z mego powodu, znajdzie je.<\/b><\/span><\/span><\/span><\/div>\n<div align=\"justify\" style=\"font-style: normal; font-variant: normal; letter-spacing: normal; line-height: 150%; margin-bottom: 0cm; text-indent: 1.3cm;\">\n<span style=\"color: black;\"><span style=\"font-family: Book Antiqua, serif;\"><span style=\"font-size: x-large;\"><b>Kto<br \/>\nwas przyjmuje, Mnie przyjmuje; a kto Mnie przyjmuje, przyjmuje Tego,<br \/>\nkt\u00f3ry Mnie pos\u0142a\u0142.<\/b><\/span><\/span><\/span><\/div>\n<div align=\"justify\" style=\"font-style: normal; font-variant: normal; letter-spacing: normal; line-height: 150%; margin-bottom: 0cm; text-indent: 1.3cm;\">\n<span style=\"color: black;\"><span style=\"font-family: Book Antiqua, serif;\"><span style=\"font-size: x-large;\"><b>Kto<br \/>\nprzyjmuje proroka jako proroka, nagrod\u0119 proroka otrzyma. Kto<br \/>\nprzyjmuje sprawiedliwego jako sprawiedliwego, nagrod\u0119 sprawiedliwego<br \/>\notrzyma.<\/b><\/span><\/span><\/span><\/div>\n<div align=\"justify\" style=\"font-style: normal; font-variant: normal; letter-spacing: normal; line-height: 150%; margin-bottom: 0cm; text-indent: 1.3cm;\">\n<span style=\"color: black;\"><span style=\"font-family: Book Antiqua, serif;\"><span style=\"font-size: x-large;\"><b>Kto<br \/>\npoda kubek \u015bwie\u017cej wody do picia jednemu z tych najmniejszych,<br \/>\ndlatego \u017ce jest uczniem, zaprawd\u0119 powiadam wam, nie utraci swojej<br \/>\nnagrody\u201d.<\/b><\/span><\/span><\/span><\/div>\n<div align=\"justify\" style=\"font-style: normal; font-variant: normal; letter-spacing: normal; line-height: 150%; margin-bottom: 0cm; text-indent: 1.3cm;\">\n<span style=\"color: black;\"><span style=\"font-family: Book Antiqua, serif;\"><span style=\"font-size: x-large;\"><b>Gdy<br \/>\nJezus sko\u0144czy\u0142 dawa\u0107 te wskazania dwunastu swoim uczniom, odszed\u0142<br \/>\nstamt\u0105d, aby naucza\u0107 i g\u0142osi\u0107 Ewangeli\u0119 w ich miastach.<\/b><\/span><\/span><\/span><\/div>\n<div align=\"justify\" style=\"line-height: 150%; margin-bottom: 0cm;\">\n<span style=\"font-size: x-large;\"><\/p>\n<p><\/span><\/div>\n<div align=\"justify\" style=\"font-style: normal; font-variant: normal; font-weight: normal; letter-spacing: normal; line-height: 150%; margin-bottom: 0cm; page-break-before: auto; text-indent: 1.3cm;\">\n<span style=\"font-size: x-large;\"><span style=\"color: black;\"><span style=\"font-family: Book Antiqua, serif;\">Dopiero<br \/>\nco czytali\u015bmy <b>o wielkim szcz\u0119\u015bciu,<\/b> jakie towarzyszy\u0142o<br \/>\nsprowadzeniu rodziny Jakuba do Egiptu, gdzie po wielu latach roz\u0142\u0105ki<br \/>\nwszyscy znowu mogli by\u0107 razem z J\u00f3zefem, przebywaj\u0105cym tyle lat<br \/>\npoza rodzin\u0105 \u2013 gdy oto dzi\u015b s\u0142yszymy, \u017ce ta swoista idylla<br \/>\nzmieni\u0142a si\u0119 w niewol\u0119, ucisk i nieszcz\u0119\u015bcie. Dowiadujemy si\u0119<br \/>\nbowiem, \u017ce <i><b>r<\/b><\/i><i><b>z\u0105dy w Egipcie obj\u0105\u0142 nowy kr\u00f3l,<br \/>\nkt\u00f3ry nie zna\u0142 J\u00f3zefa. I rzek\u0142 do swego ludu: \u201eOto lud syn\u00f3w<br \/>\nIzraela jest liczniejszy i pot\u0119\u017cniejszy od nas. Roztropnie przeciw<br \/>\nniemu wyst\u0105pmy; a\u017ceby si\u0119 przesta\u0142 rozmna\u017ca\u0107.<\/b><\/i> <\/span><\/span><br \/>\n<\/span><\/div>\n<div align=\"justify\" style=\"font-style: normal; font-variant: normal; font-weight: normal; letter-spacing: normal; line-height: 150%; margin-bottom: 0cm; text-indent: 1.3cm;\">\n<span style=\"font-size: x-large;\"><span style=\"color: black;\"><span style=\"font-family: Book Antiqua, serif;\">Na<br \/>\nczym polega\u0142o owo \u201erozs\u0105dne\u201d wyst\u0105pienie przeciwko narodowi<br \/>\nizraelskiemu? S\u0142yszeli\u015bmy: <i><b>Egipcjanie nielito\u015bciwie zmuszali<br \/>\nsyn\u00f3w Izraela do ci\u0119\u017ckich prac i uprzykrzali im \u017cycie przez<br \/>\nuci\u0105\u017cliw\u0105 prac\u0119 przy glinie i cegle oraz przez r\u00f3\u017cne prace na<br \/>\npolu. Do tych wszystkich prac przymuszano ich nielito\u015bciwie.<\/b><\/i><br \/>\nA szczytow\u0105 form\u0105 prze\u015bladowa\u0144 mia\u0142a si\u0119 okaza\u0107 ta, wyra\u017cona<br \/>\nprzez faraona w poleceniu: <i><b>Wszystkich nowo narodzonych ch\u0142opc\u00f3w<br \/>\nHebrajczyk\u00f3w nale\u017cy wyrzuci\u0107 do rzeki, a dziewczynki pozostawi\u0107<br \/>\nprzy \u017cyciu.<\/b><\/i> <\/span><\/span><br \/>\n<\/span><\/div>\n<div align=\"justify\" style=\"font-style: normal; font-variant: normal; font-weight: normal; letter-spacing: normal; line-height: 150%; margin-bottom: 0cm; text-indent: 1.3cm;\">\n<span style=\"font-size: x-large;\"><span style=\"color: black;\"><span style=\"font-family: Book Antiqua, serif;\">Mo\u017cna<br \/>\nby zapyta\u0107: <b>D<\/b><b>laczego tak si\u0119 sta\u0142o?<\/b> Czy by\u0142o to<br \/>\nzrz\u0105dzenie tak zwanego \u201e\u015blepego losu\u201d, i\u017c raz w \u017cyciu<br \/>\ncz\u0142owieka jest bardzo rado\u015bnie i mi\u0142o, a innym razem z kolei<br \/>\nbardzo trudno? Czy tym <b>mo\u017cna wszystko wyt\u0142umaczy\u0107?<\/b> A mo\u017ce<br \/>\nfaktycznie <b>zabrak\u0142o w sercach ludzi ufno\u015bci wobec Boga<\/b> \u2013 o<br \/>\nczym mo\u017cna przeczyta\u0107 w kilku miejscach, na kartach Pisma \u015awi\u0119tego<br \/>\n\u2013 i nar\u00f3d, maj\u0105cy wszystkiego pod dostatkiem, <b>zacz\u0105\u0142 si\u0119 od<br \/>\nBoga odwraca\u0107?<\/b> <\/span><\/span><br \/>\n<\/span><\/div>\n<div align=\"justify\" style=\"font-style: normal; font-variant: normal; font-weight: normal; letter-spacing: normal; line-height: 150%; margin-bottom: 0cm; text-indent: 1.3cm;\">\n<span style=\"font-size: x-large;\"><span style=\"color: black;\"><span style=\"font-family: Book Antiqua, serif;\">\u015aledz\u0105c<br \/>\nbowiem starotestamentaln\u0105 histori\u0119 ludu wybranego widzimy, \u017ce ile<br \/>\nrazy B\u00f3g pob\u0142ogos\u0142awi\u0142 ich szcz\u0119\u015bciem i dostatkiem, tylekro\u0107<br \/>\npo pewnym czasie <b>odwracali si\u0119 od niego.<\/b> I kiedy nasta\u0142o<br \/>\nprze\u015bladowanie, \u0142zy, nieszcz\u0119\u015bcie i ucisk \u2013 wtedy dopiero<br \/>\n<b>przychodzi\u0142o opami\u0119tanie,<\/b> \u017cal za grzechy, b\u0142aganie o<br \/>\nlito\u015b\u0107 i obietnice poprawy. Kiedy za\u015b B\u00f3g t\u0119 swoj\u0105 lito\u015b\u0107<br \/>\nokaza\u0142 i wyratowa\u0142 z opresji, to po jakim\u015b czasie <b>ponownie<br \/>\n<\/b><b>nast\u0119powa\u0142o rozpr\u0119\u017cenie<\/b> i odwr\u00f3cenie si\u0119 od Boga. I<br \/>\ntak \u201ew k\u00f3\u0142ko\u201d. <\/span><\/span><br \/>\n<\/span><\/div>\n<div align=\"justify\" style=\"font-style: normal; font-variant: normal; font-weight: normal; letter-spacing: normal; line-height: 150%; margin-bottom: 0cm; text-indent: 1.3cm;\">\n<span style=\"font-size: x-large;\"><span style=\"color: black;\"><span style=\"font-family: Book Antiqua, serif;\">Dzisiaj<br \/>\ns\u0142yszymy o rozpocz\u0119ciu d\u0142ugiego, bo trwaj\u0105cego ponad czterysta<br \/>\nlat, <b>okresu niewoli egipskiej.<\/b> Z pewno\u015bci\u0105, by\u0142o to bardzo<br \/>\ntrudne do\u015bwiadczenie dla narodu. Ale \u2013 jak pami\u0119tamy z lektury<br \/>\nStarego Testamentu \u2013 po wyj\u015bciu z tej\u017ce niewoli naprawd\u0119<br \/>\nniewiele czasu trzeba by\u0142o, aby zacz\u0105\u0142 on <b>znowu buntowa\u0107 si\u0119<br \/>\nprzeciw Bogu.<\/b> Ile\u017c takich sytuacji mia\u0142o miejsce w czasie<br \/>\nw\u0119dr\u00f3wki przez pustyni\u0119! A przecie\u017c tak bardzo prosi\u0142 Boga o<br \/>\nzmi\u0142owanie, przebywaj\u0105c w Egipcie\u2026 Chcia\u0142oby si\u0119 powiedzie\u0107: o<br \/>\nprzewrotna, ludzka naturo! <\/span><\/span><br \/>\n<\/span><\/div>\n<div align=\"justify\" style=\"font-style: normal; font-variant: normal; font-weight: normal; letter-spacing: normal; line-height: 150%; margin-bottom: 0cm; text-indent: 1.3cm;\">\n<span style=\"color: black;\"><span style=\"font-family: Book Antiqua, serif;\"><span style=\"font-size: x-large;\">Niestety,<br \/>\nnar\u00f3d wybrany <b>tak w\u0142a\u015bnie traktowa\u0142 swego Boga.<\/b> I tylko<br \/>\nmo\u017cna podziwia\u0107 cierpliwo\u015b\u0107 Boga, kt\u00f3ry ci\u0105gle <b>dawa\u0142 swemu<br \/>\nludowi szans\u0119 <\/b>i okazywa\u0142 zmi\u0142owanie\u2026 \u017beby natomiast<br \/>\npobudzi\u0107 do trze\u017awego my\u015blenia i zmobilizowa\u0107 do przemiany \u017cycia,<br \/>\nnieraz <b>dopuszcza\u0142 na sw\u00f3j nar\u00f3d<\/b> owe trudne do\u015bwiadczenia,<br \/>\no kt\u00f3rych dzi\u015b s\u0142yszymy.<\/span><\/span><\/span><\/div>\n<div align=\"justify\" style=\"font-style: normal; font-variant: normal; font-weight: normal; letter-spacing: normal; line-height: 150%; margin-bottom: 0cm; text-indent: 1.3cm;\">\n<span style=\"font-size: x-large;\"><span style=\"color: black;\"><span style=\"font-family: Book Antiqua, serif;\">W<br \/>\npewnym sensie, koresponduje z tym przekaz dzisiejszej Ewangelii, w<br \/>\nkt\u00f3rym s\u0142yszymy zapowied\u017a Jezusa: <i><b>Nie s\u0105d\u017acie, \u017ce<br \/>\nprzyszed\u0142em pok\u00f3j przynie\u015b\u0107 na ziemi\u0119. Nie przyszed\u0142em<br \/>\nprzynie\u015b\u0107 pokoju, ale miecz. Bo przyszed\u0142em por\u00f3\u017cni\u0107 syna z<br \/>\njego ojcem, c\u00f3rk\u0119 z matk\u0105, synow\u0105 z te\u015bciow\u0105; i b\u0119d\u0105<br \/>\nnieprzyjaci\u00f3\u0142mi cz\u0142owieka jego domownicy.<\/b><\/i> Pierwsze nasze<br \/>\nskojarzenie jest zapewne takie, \u017ce Jezusowi zale\u017cy na jakim\u015b<br \/>\nzamieszaniu w \u017cyciu cz\u0142owieka \u2013 tak, dla samej zasady. Wiemy<br \/>\njednak dobrze, \u017ce nie o to chodzi. <\/span><\/span><br \/>\n<\/span><\/div>\n<div align=\"justify\" style=\"font-style: normal; font-variant: normal; font-weight: normal; letter-spacing: normal; line-height: 150%; margin-bottom: 0cm; text-indent: 1.3cm;\">\n<span style=\"font-size: x-large;\"><span style=\"color: black;\"><span style=\"font-family: Book Antiqua, serif;\">Tak\u017ce<br \/>\nwtedy, gdy m\u00f3wi On: <i><b>Kto mi\u0142uje ojca lub matk\u0119 bardziej ni\u017c<br \/>\nMnie, nie jest Mnie godzien. I kto mi\u0142uje syna lub c\u00f3rk\u0119 bardziej<br \/>\nni\u017c Mnie, nie jest Mnie godzien. Kto nie bierze swego krzy\u017ca, a<br \/>\nidzie za Mn\u0105, nie jest Mnie godzien. Kto chce znale\u017a\u0107 swe \u017cycie,<br \/>\nstraci je, a kto straci swe \u017cycie z mego powodu, znajdzie je.<\/b><\/i><br \/>\nOt\u00f3\u017c, w\u0142a\u015bnie! <\/span><\/span><br \/>\n<\/span><\/div>\n<div align=\"justify\" style=\"font-style: normal; font-variant: normal; font-weight: normal; letter-spacing: normal; line-height: 150%; margin-bottom: 0cm; text-indent: 1.3cm;\">\n<span style=\"font-size: x-large;\"><span style=\"color: black;\"><span style=\"font-family: Book Antiqua, serif;\">W<br \/>\nostatnich, zacytowanych tu s\u0142owach znajdujemy klucz do lepszego<br \/>\nzrozumienia przes\u0142ania Jezusa. Nie chodzi tu bowiem o nienawi\u015b\u0107<br \/>\nwobec najbli\u017cszych lub o k\u0142\u00f3tnie w rodzinie. Chodzi natomiast <b>o<br \/>\nradykalizm w wyborze Jezusa i Jego drogi.<\/b> Nikt i nic nie mo\u017ce<br \/>\nnam <b>przes\u0142oni\u0107 Jezusa,<\/b> nic i nikt nie mo\u017ce nam <b>zagrodzi\u0107<br \/>\ndrogi do Niego.<\/b> A poniewa\u017c tak trudno nam si\u0119 pozby\u0107 owych<br \/>\nokoliczno\u015bci i sytuacji, kt\u00f3re nas od Jezusa odwodz\u0105, przeto i na<br \/>\nnas dopuszcza On niekiedy takie czy inne trudne do\u015bwiadczenia, <b>aby<br \/>\nnam o sobie przypomnie\u0107<\/b> i pom\u00f3c nam w pozbyciu si\u0119 tego, co<br \/>\nkochamy bardziej, ni\u017c Boga. <\/span><\/span><br \/>\n<\/span><\/div>\n<div align=\"justify\" style=\"font-style: normal; font-variant: normal; font-weight: normal; letter-spacing: normal; line-height: 150%; margin-bottom: 0cm; text-indent: 1.3cm;\">\n<span style=\"font-size: x-large;\"><span style=\"color: black;\"><span style=\"font-family: Book Antiqua, serif;\">Wszystko<br \/>\nto za\u015b ma doprowadzi\u0107 ostatecznie do takiej postawy, w kt\u00f3rej <b>nie<br \/>\nb\u0119dziemy si\u0119 obawiali <\/b><span style=\"font-family: Book Antiqua, serif;\"><b>\u00ab<\/b><\/span><b>straci\u0107<br \/>\n\u017cyci<\/b><b>a<\/b><span style=\"font-family: Book Antiqua, serif;\"><b>\u00bb<\/b><\/span><b><br \/>\nz powodu Jezusa,<\/b> z powodu Jego zasad \u2013 aby osi\u0105gn\u0105\u0107 \u017cycie<br \/>\nwieczne. Tak w\u0142a\u015bnie winni\u015bmy patrze\u0107 na wszystko, co nas w \u017cyciu<br \/>\nspotyka. <\/span><\/span><br \/>\n<\/span><\/div>\n<div align=\"justify\" style=\"font-style: normal; font-variant: normal; font-weight: normal; letter-spacing: normal; line-height: 150%; margin-bottom: 0cm; text-indent: 1.3cm;\">\n<span style=\"font-size: x-large;\"><span style=\"color: black;\"><span style=\"font-family: Book Antiqua, serif;\">Zw\u0142aszcza<br \/>\nwtedy, kiedy trwamy w jedno\u015bci z Panem, modlimy si\u0119, powierzamy Mu<br \/>\nnasze \u017cycie, a oto przychodz\u0105 rozmaite do\u015bwiadczenia\u2026 Warto<br \/>\nwtedy <b>dostrzec w tym r\u0119k\u0119 Boga,<\/b> kt\u00f3ry chce nas poprowadzi\u0107<br \/>\nprost\u0105 drog\u0105 do zbawienia i <b>uczyni\u0107 jeszcze doskonalszymi!<\/b><br \/>\nWarto dostrzec szczere pragnienie Boga, kt\u00f3ry <b>naprawd\u0119 chce<br \/>\nnaszego dobra<\/b> \u2013 chocia\u017c nam si\u0119 wydaje, \u017ce si\u0119 na nas<br \/>\nuwzi\u0105\u0142\u2026 <\/span><\/span><br \/>\n<\/span><\/div>\n<div align=\"justify\" style=\"font-style: normal; font-variant: normal; font-weight: normal; letter-spacing: normal; line-height: 150%; margin-bottom: 0cm; text-indent: 1.3cm;\">\n<span style=\"font-size: x-large;\"><span style=\"color: black;\"><span style=\"font-family: Book Antiqua, serif;\">Warto,<br \/>\nnaprawd\u0119 warto, w takiej sytuacji spojrze\u0107 na ca\u0142\u0105 spraw\u0119 dalej<br \/>\ni g\u0142\u0119biej. I po raz kolejny <b>uwierzy\u0107, \u017ce Bogu zale\u017cy na nas.<\/b><br \/>\nDlatego w\u0142a\u015bnie prowadzi nas swoj\u0105 drog\u0105. Nie nasz\u0105, przez nas<br \/>\nobmy\u015blan\u0105, <b>ale swoj\u0105, pewn\u0105 drog\u0105,<\/b> chocia\u017c dla nas wcale<br \/>\nnie naj\u0142atwiejsz\u0105\u2026 <\/span><\/span><br \/>\n<\/span><\/div>\n<div align=\"justify\" style=\"line-height: 150%; margin-bottom: 0cm; text-indent: 1.3cm;\">\n<span style=\"font-size: x-large;\"><span style=\"font-variant: normal;\"><span style=\"color: black;\"><span style=\"font-family: Book Antiqua, serif;\"><span style=\"letter-spacing: normal;\"><span style=\"font-style: normal;\"><span style=\"font-weight: normal;\">Tak\u0105<br \/>\ndrog\u0105 prowadzi\u0142 tak\u017ce Patrona dnia dzisiejszego,<\/span><\/span><\/span><\/span><\/span><\/span><span style=\"font-variant: normal;\"><span style=\"color: black;\"><span style=\"font-family: Book Antiqua, serif;\"><span style=\"letter-spacing: normal;\"><span style=\"font-style: normal;\"><b><br \/>\n\u015awi\u0119tego Bonawentur\u0119.<\/b><\/span><\/span><\/span><\/span><\/span><span style=\"font-variant: normal;\"><span style=\"color: black;\"><span style=\"font-family: Book Antiqua, serif;\"><span style=\"letter-spacing: normal;\"><span style=\"font-style: normal;\"><span style=\"font-weight: normal;\"><br \/>\nKim by\u0142 ten \u015awi\u0119ty?<\/span><\/span><\/span><\/span><\/span><\/span><\/span><\/div>\n<div align=\"justify\" style=\"line-height: 150%; margin-bottom: 0cm; text-indent: 1.3cm;\">\n<span style=\"font-size: x-large;\"><span style=\"font-family: Book Antiqua, serif;\"><b>Bonawentura,<\/b><\/span><span style=\"font-family: Book Antiqua, serif;\"><br \/>\na w\u0142a\u015bciwie <\/span><span style=\"font-family: Book Antiqua, serif;\"><b>Jan di<br \/>\nFidanza, <\/b><\/span><span style=\"font-family: Book Antiqua, serif;\"><span style=\"font-weight: normal;\">urodzi\u0142<br \/>\nsi\u0119 oko\u0142o<\/span><\/span><span style=\"font-family: Book Antiqua, serif;\"><b> 1218<br \/>\nroku,<\/b><\/span><span style=\"font-family: Book Antiqua, serif;\"> w Bagnoregio ko\u0142o<br \/>\nViterbo. Ojciec jego by\u0142 lekarzem. Rodzice obawiali si\u0119, czy<br \/>\ndziecko prze\u017cyje, by\u0142o bowiem bardzo s\u0142abowite. W tej sytuacji,<br \/>\n<\/span><span style=\"font-family: Book Antiqua, serif;\"><b>pobo\u017cna matka z\u0142o\u017cy\u0142a<br \/>\n\u015blub,<\/b><\/span><span style=\"font-family: Book Antiqua, serif;\"> \u017ce je\u015bli tylko<br \/>\nsyn wyzdrowieje, <\/span><span style=\"font-family: Book Antiqua, serif;\"><b>po\u015bwi\u0119ci<br \/>\ngo na s\u0142u\u017cb\u0119 Bo\u017c\u0105. <\/b><\/span><span style=\"font-family: Book Antiqua, serif;\">Istnieje<br \/>\nnawet pi\u0119kne podanie, wed\u0142ug kt\u00f3rego dzieci\u0119 miano przynie\u015b\u0107 do<br \/>\n\u015awi\u0119tego Franciszka z Asy\u017cu, a ten w natchnieniu mia\u0142 powiedzie\u0107:<br \/>\n<\/span><span style=\"font-family: Book Antiqua, serif;\"><b>\u201e<\/b><\/span><span style=\"font-family: Book Antiqua, serif;\"><b>O,<br \/>\nbuona ventura!\u201d<\/b><\/span><span style=\"font-family: Book Antiqua, serif;\"><b> \u2013<br \/>\nco znaczy: \u201eO, szcz\u0119\u015bliwe narodziny, szcz\u0119\u015bliwe pojawienie<br \/>\nsi\u0119!\u201d<\/b><\/span><span style=\"font-family: Book Antiqua, serif;\"> W ten spos\u00f3b<br \/>\nzapewne t\u0142umaczono imi\u0119, kt\u00f3re otrzyma\u0142 w zakonie i pod kt\u00f3rym<br \/>\njest dzi\u015b znany. <\/span><br \/>\n<\/span><\/div>\n<div align=\"justify\" style=\"line-height: 150%; margin-bottom: 0cm; text-indent: 1.3cm;\">\n<span style=\"font-size: x-large;\"><span style=\"font-family: Book Antiqua, serif;\">Pierwsze<br \/>\nnauki odby\u0142 m\u0142ody Jan w rodzinnym miasteczku. Po uko\u0144czeniu szko\u0142y<br \/>\n\u015bredniej uda\u0142 si\u0119 na <\/span><span style=\"font-family: Book Antiqua, serif;\"><b>uniwersytet<br \/>\ndo Pary\u017ca, na studia filozoficzne.<\/b><\/span><span style=\"font-family: Book Antiqua, serif;\"><br \/>\nW Pary\u017cu r\u00f3wnie\u017c \u2013 maj\u0105c dwadzie\u015bcia pi\u0119\u0107 lat \u2013 <\/span><span style=\"font-family: Book Antiqua, serif;\"><b>wst\u0105pi\u0142<br \/>\ndo franciszkan\u00f3w,<\/b><\/span><span style=\"font-family: Book Antiqua, serif;\"> gdzie<br \/>\notrzyma\u0142 wspomniane ju\u017c imi\u0119 zakonne <\/span><span style=\"font-family: Book Antiqua, serif;\"><b>Bonawentura<\/b><\/span><span style=\"font-family: Book Antiqua, serif;\">.<br \/>\nTam te\u017c studiowa\u0142 teologi\u0119. Po otrzymaniu stopnia magistra,<br \/>\njeszcze przez trzy lata studiowa\u0142, ale r\u00f3wnocze\u015bnie <\/span><span style=\"font-family: Book Antiqua, serif;\"><b>ju\u017c<br \/>\nwyk\u0142ada\u0142<\/b><\/span><span style=\"font-family: Book Antiqua, serif;\"> Pismo \u015bwi\u0119te<br \/>\ni \u201e<\/span><span style=\"font-family: Book Antiqua, serif;\">Sentencje\u201d<\/span><span style=\"font-family: Book Antiqua, serif;\"><br \/>\nPiotra Lombarda. <\/span><br \/>\n<\/span><\/div>\n<div align=\"justify\" style=\"line-height: 150%; margin-bottom: 0cm; text-indent: 1.3cm;\">\n<span style=\"font-size: x-large;\"><span style=\"font-family: Book Antiqua, serif;\">Z<br \/>\ntego te\u017c czasu pochodzi <\/span><span style=\"font-family: Book Antiqua, serif;\"><b>jego<br \/>\nszczytowe dzie\u0142o z zakresu teologii, a dotycz\u0105ce Tr\u00f3jcy \u015awi\u0119tej.<\/b><\/span><span style=\"font-family: Book Antiqua, serif;\"><br \/>\nBonawentura zaj\u0105\u0142 si\u0119 tak\u017ce filozoficznym problemem poznania<br \/>\nludzkiego. W tej kwestii odszed\u0142 od Arystotelesa i \u015awi\u0119tego<br \/>\nTomasza z Akwinu, <\/span><span style=\"font-family: Book Antiqua, serif;\"><b>a<br \/>\nzbli\u017cy\u0142 si\u0119 do Platona i \u015awi\u0119tego Augustyna.<\/b><\/span><span style=\"font-family: Book Antiqua, serif;\"><br \/>\nWreszcie, w tym samym czasie wyda\u0142 tom rozpraw, w kt\u00f3rym mo\u017cna<br \/>\nodnale\u017a\u0107 syntez\u0119 jego my\u015bli filozoficznej i teologicznej. <\/span><br \/>\n<\/span><\/div>\n<div align=\"justify\" style=\"line-height: 150%; margin-bottom: 0cm; text-indent: 1.3cm;\">\n<span style=\"font-size: x-large;\"><span style=\"font-family: Book Antiqua, serif;\">Nast\u0119pne<br \/>\nlata sp\u0119dzi\u0142 <\/span><span style=\"font-family: Book Antiqua, serif;\"><b>w r\u00f3\u017cnych<br \/>\nklasztorach franciszka\u0144skich w charakterze wyk\u0142adowcy.<\/b><\/span><span style=\"font-family: Book Antiqua, serif;\"><br \/>\nMusia\u0142 imponowa\u0107 niezwyk\u0142\u0105 wiedz\u0105, \u015bwi\u0119to\u015bci\u0105 i zmys\u0142em<br \/>\norganizacyjnym, skoro na kapitule generalnej zosta\u0142 wybrany<br \/>\n<\/span><span style=\"font-family: Book Antiqua, serif;\"><b>prze\u0142o\u017conym generalnym<br \/>\nzakonu.<\/b><\/span><span style=\"font-family: Book Antiqua, serif;\"> Sta\u0142o si\u0119 to <\/span><span style=\"font-family: Book Antiqua, serif;\"><b>2<br \/>\nlutego 1257 roku.<\/b><\/span><span style=\"font-family: Book Antiqua, serif;\"> A mia\u0142<br \/>\nwtedy zaledwie trzydzie\u015bci dziewi\u0119\u0107 lat. <\/span><br \/>\n<\/span><\/div>\n<div align=\"justify\" style=\"line-height: 150%; margin-bottom: 0cm; text-indent: 1.3cm;\">\n<span style=\"font-size: x-large;\"><span style=\"font-family: Book Antiqua, serif;\">Wyb\u00f3r<br \/>\nten okaza\u0142 si\u0119 dla m\u0142odego zakonu opatrzno\u015bciowym. Zakon bowiem<br \/>\nprzechodzi\u0142 w\u00f3wczas <\/span><span style=\"font-family: Book Antiqua, serif;\"><b>trudny<\/b><\/span><span style=\"font-family: Book Antiqua, serif;\"><br \/>\n<\/span><span style=\"font-family: Book Antiqua, serif;\"><b>czas.<\/b><\/span><span style=\"font-family: Book Antiqua, serif;\"><br \/>\nPowsta\u0142y <\/span><span style=\"font-family: Book Antiqua, serif;\">w nim <\/span><span style=\"font-family: Book Antiqua, serif;\">dwie<br \/>\nzwalczaj\u0105ce si\u0119 zaciekle frakcje: jedn\u0105 tworzyli zwolennicy<br \/>\nsurowego zachowania pierwotnej regu\u0142y \u015awi<\/span><span style=\"font-family: Book Antiqua, serif;\">\u0119<\/span><span style=\"font-family: Book Antiqua, serif;\">tego<br \/>\nFranciszka, drug\u0105 \u2013 zwolennicy regu\u0142y \u0142agodniejszej. Bonawentura<br \/>\numia\u0142 <\/span><span style=\"font-family: Book Antiqua, serif;\"><b>wybra\u0107 tak zwany<br \/>\n\u201ez\u0142oty \u015brodek\u201d,<\/b><\/span><span style=\"font-family: Book Antiqua, serif;\"> a<br \/>\nprzez swoje roztropne zarz\u0105dzenia, nada\u0142 zakonowi w\u0142a\u015bciwy<br \/>\nkierunek. <\/span><br \/>\n<\/span><\/div>\n<div align=\"justify\" style=\"line-height: 150%; margin-bottom: 0cm; text-indent: 1.3cm;\">\n<span style=\"font-size: x-large;\"><span style=\"font-family: Book Antiqua, serif;\">Przez<br \/>\nszesna\u015bcie lat swoich rz\u0105d\u00f3w <\/span><span style=\"font-family: Book Antiqua, serif;\"><b>doprowadzi\u0142<br \/>\n<\/b><\/span><span style=\"font-family: Book Antiqua, serif;\"><b>go<\/b><\/span><span style=\"font-family: Book Antiqua, serif;\"><b><br \/>\ndo niebywa\u0142ego rozwoju.<\/b><\/span><span style=\"font-family: Book Antiqua, serif;\"><br \/>\nW roku 1260 <\/span><span style=\"font-family: Book Antiqua, serif;\"><b>u\u0142o\u017cy\u0142<br \/>\npierwsze konstytucje,<\/b><\/span><span style=\"font-family: Book Antiqua, serif;\"><br \/>\nb\u0119d\u0105ce w rzeczy samej wyk\u0142adni\u0105 regu\u0142y \u015awi\u0119tego Franciszka. W<br \/>\nten spos\u00f3b <\/span><span style=\"font-family: Book Antiqua, serif;\"><b>przeci\u0105\u0142<br \/>\nmo\u017cliwo\u015b\u0107 r\u00f3\u017cnego jej interpretowania<\/b><\/span><span style=\"font-family: Book Antiqua, serif;\"><br \/>\n\u2013 co ci\u0105gle jeszcze si\u0119 zdarza\u0142o. Ponadto, bardzo intensywnie<br \/>\n<\/span><span style=\"font-family: Book Antiqua, serif;\"><b>wizytowa\u0142 zakon, <\/b><\/span><span style=\"font-family: Book Antiqua, serif;\">je\u017cd\u017c\u0105c<br \/>\ndo jego plac\u00f3wek w r\u00f3\u017cnych krajach. Z powody tego zaanga\u017cowania<br \/>\nniekt\u00f3rzy historycy nazywaj\u0105 go <\/span><span style=\"font-family: Book Antiqua, serif;\"><b>drugim<br \/>\n\u201eOjcem zakonu\u201d.<\/b><\/span><span style=\"font-family: Book Antiqua, serif;\"> <\/span><br \/>\n<\/span><\/div>\n<div align=\"justify\" style=\"line-height: 150%; margin-bottom: 0cm; text-indent: 1.3cm;\">\n<span style=\"font-size: x-large;\"><span style=\"font-family: Book Antiqua, serif;\">Ponadto,<br \/>\nnasz Patron posiada\u0142 <\/span><span style=\"font-family: Book Antiqua, serif;\"><b>umiej\u0119tno\u015b\u0107<br \/>\n\u0142\u0105czenia<\/b><\/span><span style=\"font-family: Book Antiqua, serif;\"> \u017cycia<br \/>\nczynnego i publicznego <\/span><span style=\"font-family: Book Antiqua, serif;\"><b>z<br \/>\nbogatym \u017cyciem wewn\u0119trznym.<\/b><\/span><span style=\"font-family: Book Antiqua, serif;\"><br \/>\nMia\u0142 wielkie nabo\u017ce\u0144stwo do M\u0119ki Pa\u0144skiej i ku jej czci uk\u0142ada\u0142<br \/>\nprzepi\u0119kne poematy. G\u0142o\u015bno by\u0142o o nim tak\u017ce na dworze papieskim.<br \/>\nDlatego te\u017c <\/span><span style=\"font-family: Book Antiqua, serif;\"><b>Papie\u017c<br \/>\nGrzegorz X, w 1273 roku, mianowa\u0142 go kardyna\u0142em oraz biskupem<br \/>\nAlbano pod Rzymem.<\/b><\/span><span style=\"font-family: Book Antiqua, serif;\"> <\/span><br \/>\n<\/span><\/div>\n<div align=\"justify\" style=\"line-height: 150%; margin-bottom: 0cm; text-indent: 1.3cm;\">\n<span style=\"font-size: x-large;\"><span style=\"font-family: Book Antiqua, serif;\">Delegacja<br \/>\nPapie\u017ca z wiadomo\u015bci\u0105 o nominacji zasta\u0142a go przy myciu naczy\u0144<br \/>\nkuchennych w klasztorze. Nawet bowiem <\/span><span style=\"font-family: Book Antiqua, serif;\"><b>jako<br \/>\nprze\u0142o\u017cony generalny zakonu, podejmowa\u0142 normalnie wszystkie prace<br \/>\ni dy\u017cury,<\/b><\/span><span style=\"font-family: Book Antiqua, serif;\"> jak chocia\u017cby<br \/>\nwspomniane zmywanie naczy\u0144, o ile tylko na niego wypad\u0142a kolejka. I<br \/>\nkiedy przyby\u0142a do niego delegacja papieska, aby obwie\u015bci\u0107 mu<br \/>\nnominacj\u0119 kardynalsk\u0105, Bonawentura <\/span><span style=\"font-family: Book Antiqua, serif;\"><b>w<br \/>\nogrodzie zmywa\u0142 w\u0142a\u015bnie naczynia po obiedzie.<\/b><\/span><span style=\"font-family: Book Antiqua, serif;\"><br \/>\n<\/span><br \/>\n<\/span><\/div>\n<div align=\"justify\" style=\"line-height: 150%; margin-bottom: 0cm; text-indent: 1.3cm;\">\n<span style=\"font-size: x-large;\"><span style=\"font-family: Book Antiqua, serif;\">Gdy<br \/>\nwi\u0119c dostojni go\u015bcie stan\u0119li przed nim i obwie\u015bcili, po co<br \/>\nprzyjechali, nasz \u015awi\u0119ty wsta\u0142, otar\u0142 r\u0119ce o fartuch, kt\u00f3rym<br \/>\nby\u0142 przepasany, z pokor\u0105 wys\u0142ucha\u0142 bulli nominacyjnej Ojca<br \/>\n\u015awi\u0119tego, bardzo uprzejmie podzi\u0119kowa\u0142, po czym poprosi\u0142, aby<br \/>\n<\/span><span style=\"font-family: Book Antiqua, serif;\"><b>kapelusz kardynalski,<\/b><\/span><span style=\"font-family: Book Antiqua, serif;\"><br \/>\nkt\u00f3ry jeden z delegat\u00f3w trzyma\u0142 w r\u0119ku i chcia\u0142 mu wr\u0119czy\u0107,<br \/>\n<\/span><span style=\"font-family: Book Antiqua, serif;\"><b>chwilowo powiesi\u0107 na<br \/>\npobliskim drzewie, bo on musi doko\u0144czy\u0107 zmywanie.<\/b><\/span><span style=\"font-family: Book Antiqua, serif;\"><br \/>\nTo pokazuje, jakim tak naprawd\u0119 by\u0142 cz\u0142owiekiem!<\/span><\/span><\/div>\n<div align=\"justify\" style=\"line-height: 150%; margin-bottom: 0cm; text-indent: 1.3cm;\">\n<span style=\"font-size: x-large;\"><span style=\"font-family: Book Antiqua, serif;\">Oczywi\u015bcie,<br \/>\nwspomnian\u0105 <\/span><span style=\"font-family: Book Antiqua, serif;\"><b>nominacj\u0119<br \/>\nprzyj\u0105\u0142,<\/b><\/span><span style=\"font-family: Book Antiqua, serif;\"> co wi\u0105za\u0142o<br \/>\nsi\u0119 ze zrzeczeniem si\u0119 urz\u0119du prze\u0142o\u017conego generalnego zakonu i<br \/>\noddaniem si\u0119 wy\u0142\u0105cznie sprawom publicznym. Towarzyszy\u0142 wi\u0119c<br \/>\nPapie\u017cowi w r\u00f3\u017cnych podr\u00f3\u017cach , <\/span><span style=\"font-family: Book Antiqua, serif;\"><b>a<br \/>\nw listopadzie 1273 roku uda\u0142 si\u0119 do Lyonu na Sob\u00f3r Powszechny.<\/b><\/span><span style=\"font-family: Book Antiqua, serif;\"><br \/>\nOtrzyma\u0142 zaszczytne zadanie <\/span><span style=\"font-family: Book Antiqua, serif;\"><b>wyg\u0142oszenia<br \/>\nprzem\u00f3wienia inauguracyjnego.<\/b><\/span><span style=\"font-family: Book Antiqua, serif;\"><br \/>\nNa niego te\u017c spad\u0142 g\u0142\u00f3wny ci\u0119\u017car prac przygotowawczych do<br \/>\nSoboru. I w\u0142a\u015bnie tymi wszystkimi obowi\u0105zkami wyczerpany, <\/span><span style=\"font-family: Book Antiqua, serif;\"><b>zmar\u0142<br \/>\n15 lipca 1274 roku,<\/b><\/span><span style=\"font-family: Book Antiqua, serif;\"> ju\u017c<br \/>\npodczas trwania Soboru Lyo\u0144skiego. <\/span><br \/>\n<\/span><\/div>\n<div align=\"justify\" style=\"line-height: 150%; margin-bottom: 0cm; text-indent: 1.3cm;\">\n<span style=\"font-size: x-large;\"><span style=\"font-family: Book Antiqua, serif;\"><b>W<br \/>\npogrzebie wzi\u0105\u0142 udzia\u0142 Papie\u017c i wszyscy Ojcowie Soboru<\/b><\/span><span style=\"font-family: Book Antiqua, serif;\"><br \/>\nw liczbie pi\u0119ciuset biskup\u00f3w i oko\u0142o tysi\u0105ca pra\u0142at\u00f3w i<br \/>\nteolog\u00f3w. Pogrzeb mia\u0142 wi\u0119c kr\u00f3lewski. Papie\u017c wyg\u0142osi\u0142 mow\u0119<br \/>\npogrzebow\u0105 ku jego czci. Kronikarze notuj\u0105, \u017ce <\/span><span style=\"font-family: Book Antiqua, serif;\"><b>tego<br \/>\ndnia wielu chorych i kalek odzyska\u0142o zdrowie. <\/b><\/span><br \/>\n<\/span><\/div>\n<div align=\"justify\" style=\"line-height: 150%; margin-bottom: 0cm; text-indent: 1.3cm;\">\n<span style=\"font-size: x-large;\"><span style=\"font-family: Book Antiqua, serif;\">Nasz<br \/>\nPatron by\u0142 jednym z <\/span><span style=\"font-family: Book Antiqua, serif;\"><b>najwybitniejszych<br \/>\nteolog\u00f3w \u015aredniowiecza. <\/b><\/span><span style=\"font-family: Book Antiqua, serif;\">Pozostawi\u0142<br \/>\npo sobie wiele dzie\u0142 teologicznych. Sk\u0142adaj\u0105 si\u0119 na nie<br \/>\nkonstytucje, liczne traktaty i komentarze teologiczne, czterysta<br \/>\nczterdzie\u015bci kaza\u0144 i wiele innych. Bonawentura stworzy\u0142 w\u0142asn\u0105<br \/>\nszko\u0142\u0119 teologiczn\u0105. <\/span><span style=\"font-family: Book Antiqua, serif;\"><b>Kanonizowany<br \/>\nzosta\u0142 w roku 1482,<\/b><\/span><span style=\"font-family: Book Antiqua, serif;\"><span style=\"font-weight: normal;\"><br \/>\na w 1588 roku og\u0142oszono go<\/span><\/span><span style=\"font-family: Book Antiqua, serif;\"><b><br \/>\nDoktorem Ko\u015bcio\u0142a.<\/b><\/span><\/span><\/div>\n<div align=\"justify\" style=\"line-height: 150%; margin-bottom: 0cm; text-indent: 1.3cm;\">\n<span style=\"font-size: x-large;\"><span style=\"font-variant: normal;\"><span style=\"color: black;\"><span style=\"font-family: Book Antiqua, serif;\"><span style=\"letter-spacing: normal;\"><span style=\"font-style: normal;\"><span style=\"font-weight: normal;\">A<br \/>\nmy, s\u0142uchaj\u0105c uwa\u017cnie S\u0142owa Bo\u017cego, przeznaczonego na dzie\u0144<br \/>\ndzisiejszy <\/span><\/span><\/span><\/span><\/span><\/span><span style=\"font-variant: normal;\"><span style=\"color: black;\"><span style=\"font-family: Book Antiqua, serif;\"><span style=\"letter-spacing: normal;\"><span style=\"font-style: normal;\"><span style=\"font-weight: normal;\">i<br \/>\nwpatruj\u0105c si\u0119 w przyk\u0142ad<\/span><\/span><\/span><\/span><\/span><\/span><span style=\"font-variant: normal;\"><span style=\"color: black;\"><span style=\"font-family: Book Antiqua, serif;\"><span style=\"letter-spacing: normal;\"><span style=\"font-style: normal;\"><b><br \/>\nszczerego zaanga\u017cowania \u015awi\u0119tego Bonawentury<\/b><\/span><\/span><\/span><\/span><\/span><span style=\"font-variant: normal;\"><span style=\"color: black;\"><span style=\"font-family: Book Antiqua, serif;\"><span style=\"letter-spacing: normal;\"><span style=\"font-style: normal;\"><span style=\"font-weight: normal;\"><br \/>\nw sprawy Ko\u015bcio\u0142a \u2013 pomimo trudno\u015bci, zwi\u0105zanych przede<br \/>\nwszystkim z opanowaniem ba\u0142aganu we w\u0142asnym zakonie \u2013 stawiamy<br \/>\nsobie pytanie, czy w trudno\u015bciach, kt\u00f3re nas spotykaj\u0105 i<br \/>\ndo\u015bwiadczeniach, kt\u00f3re na nas spadaj\u0105, a kt\u00f3rych cz\u0119sto mo\u017ce<br \/>\nnie rozumiemy, <\/span><\/span><\/span><\/span><\/span><\/span><span style=\"font-variant: normal;\"><span style=\"color: black;\"><span style=\"font-family: Book Antiqua, serif;\"><span style=\"letter-spacing: normal;\"><span style=\"font-style: normal;\"><b>widzimy<br \/>\nr\u0119k\u0119 Boga, <\/b><\/span><\/span><\/span><\/span><\/span><span style=\"font-variant: normal;\"><span style=\"color: black;\"><span style=\"font-family: Book Antiqua, serif;\"><span style=\"letter-spacing: normal;\"><span style=\"font-style: normal;\"><span style=\"font-weight: normal;\">kt\u00f3ry<br \/>\nchce nas w ten spos\u00f3b uczyni\u0107 lepszymi? <\/span><\/span><\/span><\/span><\/span><\/span><br \/>\n<\/span><\/div>\n<div align=\"justify\" style=\"line-height: 150%; margin-bottom: 0cm; text-indent: 1.3cm;\">\n<span style=\"font-size: x-large;\"><span style=\"font-variant: normal;\"><span style=\"color: black;\"><span style=\"font-family: Book Antiqua, serif;\"><span style=\"letter-spacing: normal;\"><span style=\"font-style: normal;\"><span style=\"font-weight: normal;\">I<br \/>\nczy to <\/span><\/span><\/span><\/span><\/span><\/span><span style=\"font-variant: normal;\"><span style=\"color: black;\"><span style=\"font-family: Book Antiqua, serif;\"><span style=\"letter-spacing: normal;\"><span style=\"font-style: normal;\"><b>Jego<br \/>\npytamy o wszystko,<\/b><\/span><\/span><\/span><\/span><\/span><span style=\"font-variant: normal;\"><span style=\"color: black;\"><span style=\"font-family: Book Antiqua, serif;\"><span style=\"letter-spacing: normal;\"><span style=\"font-style: normal;\"><span style=\"font-weight: normal;\"><br \/>\nco w naszym \u017cyciu si\u0119 dzieje, staraj\u0105c si\u0119 Mu zaufa\u0107, czy <\/span><\/span><\/span><\/span><\/span><\/span><span style=\"font-variant: normal;\"><span style=\"color: black;\"><span style=\"font-family: Book Antiqua, serif;\"><span style=\"letter-spacing: normal;\"><span style=\"font-style: normal;\"><b>od<br \/>\nrazu buntujemy si\u0119, obra\u017camy,<\/b><\/span><\/span><\/span><\/span><\/span><span style=\"font-variant: normal;\"><span style=\"color: black;\"><span style=\"font-family: Book Antiqua, serif;\"><span style=\"letter-spacing: normal;\"><span style=\"font-style: normal;\"><span style=\"font-weight: normal;\"><br \/>\na mo\u017ce nawet odchodzimy od Niego? Czy mamy w sobie<\/span><\/span><\/span><\/span><\/span><\/span><span style=\"font-variant: normal;\"><span style=\"color: black;\"><span style=\"font-family: Book Antiqua, serif;\"><span style=\"letter-spacing: normal;\"><span style=\"font-style: normal;\"><b><br \/>\ntyle wiary i zaufania do Boga,<\/b><\/span><\/span><\/span><\/span><\/span><span style=\"font-variant: normal;\"><span style=\"color: black;\"><span style=\"font-family: Book Antiqua, serif;\"><span style=\"letter-spacing: normal;\"><span style=\"font-style: normal;\"><span style=\"font-weight: normal;\"><br \/>\ni\u017c pozwalamy Mu, by nas poprowadzi\u0142 swoj\u0105 drog\u0105, a nie nasz\u0105?\u2026<\/span><\/span><\/span><\/span><\/span><\/span><\/span><\/div>\n","protected":false},"excerpt":{"rendered":"<p>Szcz\u0119\u015b\u0107 Bo\u017ce! Moi Drodzy, w dniu dzisiejszym urodziny prze\u017cywa Anna Komoszy\u0144ska, nale\u017c\u0105ca w swoim czasie do jednej z m\u0142odzie\u017cowych Wsp\u00f3lnot. Niech Pan Jej we wszystkim b\u0142ogos\u0142awi. Ze swej strony, b\u0119d\u0119 si\u0119 o to dla Nie modli\u0142. Dzisiaj tak\u017ce prze\u017cywamy kolejn\u0105 rocznic\u0119 zwyci\u0119skiej Bitwy pod Grunwaldem, z 1410 roku. Wspominam o tym dlatego, \u017ce w og\u00f3le [&hellip;]<\/p>\n","protected":false},"author":1,"featured_media":0,"comment_status":"open","ping_status":"open","sticky":false,"template":"","format":"standard","meta":{"jetpack_post_was_ever_published":false,"_jetpack_newsletter_access":"","_jetpack_dont_email_post_to_subs":false,"_jetpack_newsletter_tier_id":0,"_jetpack_memberships_contains_paywalled_content":false,"_jetpack_memberships_contains_paid_content":false,"footnotes":""},"categories":[1],"tags":[],"class_list":["post-14540","post","type-post","status-publish","format-standard","hentry","category-bez-kategorii"],"yoast_head":"<!-- This site is optimized with the Yoast SEO plugin v25.1 - https:\/\/yoast.com\/wordpress\/plugins\/seo\/ -->\n<title>Drog\u0105 Bo\u017c\u0105 - nie nasz\u0105... - Gaudium Et Spes<\/title>\n<meta name=\"robots\" content=\"index, follow, max-snippet:-1, max-image-preview:large, max-video-preview:-1\" \/>\n<link rel=\"canonical\" href=\"https:\/\/gaudiumetspes-blog.pl\/index.php\/2019\/07\/15\/droga-boza-nie-nasza\/\" \/>\n<meta property=\"og:locale\" content=\"pl_PL\" \/>\n<meta property=\"og:type\" content=\"article\" \/>\n<meta property=\"og:title\" content=\"Drog\u0105 Bo\u017c\u0105 - nie nasz\u0105... - Gaudium Et Spes\" \/>\n<meta property=\"og:description\" content=\"Szcz\u0119\u015b\u0107 Bo\u017ce! Moi Drodzy, w dniu dzisiejszym urodziny prze\u017cywa Anna Komoszy\u0144ska, nale\u017c\u0105ca w swoim czasie do jednej z m\u0142odzie\u017cowych Wsp\u00f3lnot. Niech Pan Jej we wszystkim b\u0142ogos\u0142awi. Ze swej strony, b\u0119d\u0119 si\u0119 o to dla Nie modli\u0142. Dzisiaj tak\u017ce prze\u017cywamy kolejn\u0105 rocznic\u0119 zwyci\u0119skiej Bitwy pod Grunwaldem, z 1410 roku. Wspominam o tym dlatego, \u017ce w og\u00f3le [&hellip;]\" \/>\n<meta property=\"og:url\" content=\"https:\/\/gaudiumetspes-blog.pl\/index.php\/2019\/07\/15\/droga-boza-nie-nasza\/\" \/>\n<meta property=\"og:site_name\" content=\"Gaudium Et Spes\" \/>\n<meta property=\"article:published_time\" content=\"2019-07-15T03:41:00+00:00\" \/>\n<meta property=\"article:modified_time\" content=\"2019-07-31T11:04:49+00:00\" \/>\n<meta name=\"author\" content=\"Ks. Jacek\" \/>\n<meta name=\"twitter:card\" content=\"summary_large_image\" \/>\n<meta name=\"twitter:label1\" content=\"Napisane przez\" \/>\n\t<meta name=\"twitter:data1\" content=\"Ks. Jacek\" \/>\n\t<meta name=\"twitter:label2\" content=\"Szacowany czas czytania\" \/>\n\t<meta name=\"twitter:data2\" content=\"12 minut\" \/>\n<script type=\"application\/ld+json\" class=\"yoast-schema-graph\">{\"@context\":\"https:\/\/schema.org\",\"@graph\":[{\"@type\":\"WebPage\",\"@id\":\"https:\/\/gaudiumetspes-blog.pl\/index.php\/2019\/07\/15\/droga-boza-nie-nasza\/\",\"url\":\"https:\/\/gaudiumetspes-blog.pl\/index.php\/2019\/07\/15\/droga-boza-nie-nasza\/\",\"name\":\"Drog\u0105 Bo\u017c\u0105 - nie nasz\u0105... - Gaudium Et Spes\",\"isPartOf\":{\"@id\":\"https:\/\/gaudiumetspes-blog.pl\/#website\"},\"datePublished\":\"2019-07-15T03:41:00+00:00\",\"dateModified\":\"2019-07-31T11:04:49+00:00\",\"author\":{\"@id\":\"https:\/\/gaudiumetspes-blog.pl\/#\/schema\/person\/1661982992b752dea8dff0d4ed845a65\"},\"breadcrumb\":{\"@id\":\"https:\/\/gaudiumetspes-blog.pl\/index.php\/2019\/07\/15\/droga-boza-nie-nasza\/#breadcrumb\"},\"inLanguage\":\"pl-PL\",\"potentialAction\":[{\"@type\":\"ReadAction\",\"target\":[\"https:\/\/gaudiumetspes-blog.pl\/index.php\/2019\/07\/15\/droga-boza-nie-nasza\/\"]}]},{\"@type\":\"BreadcrumbList\",\"@id\":\"https:\/\/gaudiumetspes-blog.pl\/index.php\/2019\/07\/15\/droga-boza-nie-nasza\/#breadcrumb\",\"itemListElement\":[{\"@type\":\"ListItem\",\"position\":1,\"name\":\"Strona g\u0142\u00f3wna\",\"item\":\"https:\/\/gaudiumetspes-blog.pl\/\"},{\"@type\":\"ListItem\",\"position\":2,\"name\":\"Drog\u0105 Bo\u017c\u0105 &#8211; nie&nbsp;nasz\u0105&#8230;\"}]},{\"@type\":\"WebSite\",\"@id\":\"https:\/\/gaudiumetspes-blog.pl\/#website\",\"url\":\"https:\/\/gaudiumetspes-blog.pl\/\",\"name\":\"Gaudium Et Spes\",\"description\":\"Blog Ks. Jacka Ja\u015bkowskiego\",\"potentialAction\":[{\"@type\":\"SearchAction\",\"target\":{\"@type\":\"EntryPoint\",\"urlTemplate\":\"https:\/\/gaudiumetspes-blog.pl\/?s={search_term_string}\"},\"query-input\":{\"@type\":\"PropertyValueSpecification\",\"valueRequired\":true,\"valueName\":\"search_term_string\"}}],\"inLanguage\":\"pl-PL\"},{\"@type\":\"Person\",\"@id\":\"https:\/\/gaudiumetspes-blog.pl\/#\/schema\/person\/1661982992b752dea8dff0d4ed845a65\",\"name\":\"Ks. Jacek\",\"image\":{\"@type\":\"ImageObject\",\"inLanguage\":\"pl-PL\",\"@id\":\"https:\/\/gaudiumetspes-blog.pl\/#\/schema\/person\/image\/\",\"url\":\"https:\/\/gaudiumetspes-blog.pl\/wp-content\/uploads\/2019\/07\/avatar-JJ-150x150.jpg\",\"contentUrl\":\"https:\/\/gaudiumetspes-blog.pl\/wp-content\/uploads\/2019\/07\/avatar-JJ-150x150.jpg\",\"caption\":\"Ks. Jacek\"},\"description\":\"Witam serdecznie! K\u0142ania si\u0119 Ks. Jacek Ja\u015bkowski. Nie jestem ani kim\u015b wa\u017cnym, ani kim\u015b znanym. Jestem ksi\u0119dzem, kt\u00f3ry po prostu chce rozmawia\u0107. Codzienna kap\u0142a\u0144ska pos\u0142uga pokazuje mi, \u017ce temat\u00f3w do rozm\u00f3w z ksi\u0119dzem jest coraz wi\u0119cej i dzisiaj \u017caden ksi\u0105dz nie mo\u017ce od nich ucieka\u0107, ale - wprost przeciwnie - podejmowa\u0107 nowe wyzwania. To przekonanie sk\u0142oni\u0142o mnie do pr\u00f3by otwarcia tego\u017c bloga, chocia\u017c okazji do rozm\u00f3w na co dzie\u0144 - w konfesjonale i poza nim - na szcz\u0119\u015bcie nie brakuje. My\u015bl\u0119 jednak, \u017ce ten blog b\u0119dzie jeszcze jednym sposobem i przestrzeni\u0105 nawi\u0105zania kontaktu z lud\u017ami dobrej woli, otwartymi na dialog.\",\"url\":\"https:\/\/gaudiumetspes-blog.pl\/index.php\/author\/ks-jacek\/\"}]}<\/script>\n<!-- \/ Yoast SEO plugin. -->","yoast_head_json":{"title":"Drog\u0105 Bo\u017c\u0105 - nie nasz\u0105... - Gaudium Et Spes","robots":{"index":"index","follow":"follow","max-snippet":"max-snippet:-1","max-image-preview":"max-image-preview:large","max-video-preview":"max-video-preview:-1"},"canonical":"https:\/\/gaudiumetspes-blog.pl\/index.php\/2019\/07\/15\/droga-boza-nie-nasza\/","og_locale":"pl_PL","og_type":"article","og_title":"Drog\u0105 Bo\u017c\u0105 - nie nasz\u0105... - Gaudium Et Spes","og_description":"Szcz\u0119\u015b\u0107 Bo\u017ce! Moi Drodzy, w dniu dzisiejszym urodziny prze\u017cywa Anna Komoszy\u0144ska, nale\u017c\u0105ca w swoim czasie do jednej z m\u0142odzie\u017cowych Wsp\u00f3lnot. Niech Pan Jej we wszystkim b\u0142ogos\u0142awi. Ze swej strony, b\u0119d\u0119 si\u0119 o to dla Nie modli\u0142. Dzisiaj tak\u017ce prze\u017cywamy kolejn\u0105 rocznic\u0119 zwyci\u0119skiej Bitwy pod Grunwaldem, z 1410 roku. Wspominam o tym dlatego, \u017ce w og\u00f3le [&hellip;]","og_url":"https:\/\/gaudiumetspes-blog.pl\/index.php\/2019\/07\/15\/droga-boza-nie-nasza\/","og_site_name":"Gaudium Et Spes","article_published_time":"2019-07-15T03:41:00+00:00","article_modified_time":"2019-07-31T11:04:49+00:00","author":"Ks. Jacek","twitter_card":"summary_large_image","twitter_misc":{"Napisane przez":"Ks. Jacek","Szacowany czas czytania":"12 minut"},"schema":{"@context":"https:\/\/schema.org","@graph":[{"@type":"WebPage","@id":"https:\/\/gaudiumetspes-blog.pl\/index.php\/2019\/07\/15\/droga-boza-nie-nasza\/","url":"https:\/\/gaudiumetspes-blog.pl\/index.php\/2019\/07\/15\/droga-boza-nie-nasza\/","name":"Drog\u0105 Bo\u017c\u0105 - nie nasz\u0105... - Gaudium Et Spes","isPartOf":{"@id":"https:\/\/gaudiumetspes-blog.pl\/#website"},"datePublished":"2019-07-15T03:41:00+00:00","dateModified":"2019-07-31T11:04:49+00:00","author":{"@id":"https:\/\/gaudiumetspes-blog.pl\/#\/schema\/person\/1661982992b752dea8dff0d4ed845a65"},"breadcrumb":{"@id":"https:\/\/gaudiumetspes-blog.pl\/index.php\/2019\/07\/15\/droga-boza-nie-nasza\/#breadcrumb"},"inLanguage":"pl-PL","potentialAction":[{"@type":"ReadAction","target":["https:\/\/gaudiumetspes-blog.pl\/index.php\/2019\/07\/15\/droga-boza-nie-nasza\/"]}]},{"@type":"BreadcrumbList","@id":"https:\/\/gaudiumetspes-blog.pl\/index.php\/2019\/07\/15\/droga-boza-nie-nasza\/#breadcrumb","itemListElement":[{"@type":"ListItem","position":1,"name":"Strona g\u0142\u00f3wna","item":"https:\/\/gaudiumetspes-blog.pl\/"},{"@type":"ListItem","position":2,"name":"Drog\u0105 Bo\u017c\u0105 &#8211; nie&nbsp;nasz\u0105&#8230;"}]},{"@type":"WebSite","@id":"https:\/\/gaudiumetspes-blog.pl\/#website","url":"https:\/\/gaudiumetspes-blog.pl\/","name":"Gaudium Et Spes","description":"Blog Ks. Jacka Ja\u015bkowskiego","potentialAction":[{"@type":"SearchAction","target":{"@type":"EntryPoint","urlTemplate":"https:\/\/gaudiumetspes-blog.pl\/?s={search_term_string}"},"query-input":{"@type":"PropertyValueSpecification","valueRequired":true,"valueName":"search_term_string"}}],"inLanguage":"pl-PL"},{"@type":"Person","@id":"https:\/\/gaudiumetspes-blog.pl\/#\/schema\/person\/1661982992b752dea8dff0d4ed845a65","name":"Ks. Jacek","image":{"@type":"ImageObject","inLanguage":"pl-PL","@id":"https:\/\/gaudiumetspes-blog.pl\/#\/schema\/person\/image\/","url":"https:\/\/gaudiumetspes-blog.pl\/wp-content\/uploads\/2019\/07\/avatar-JJ-150x150.jpg","contentUrl":"https:\/\/gaudiumetspes-blog.pl\/wp-content\/uploads\/2019\/07\/avatar-JJ-150x150.jpg","caption":"Ks. Jacek"},"description":"Witam serdecznie! K\u0142ania si\u0119 Ks. Jacek Ja\u015bkowski. Nie jestem ani kim\u015b wa\u017cnym, ani kim\u015b znanym. Jestem ksi\u0119dzem, kt\u00f3ry po prostu chce rozmawia\u0107. Codzienna kap\u0142a\u0144ska pos\u0142uga pokazuje mi, \u017ce temat\u00f3w do rozm\u00f3w z ksi\u0119dzem jest coraz wi\u0119cej i dzisiaj \u017caden ksi\u0105dz nie mo\u017ce od nich ucieka\u0107, ale - wprost przeciwnie - podejmowa\u0107 nowe wyzwania. To przekonanie sk\u0142oni\u0142o mnie do pr\u00f3by otwarcia tego\u017c bloga, chocia\u017c okazji do rozm\u00f3w na co dzie\u0144 - w konfesjonale i poza nim - na szcz\u0119\u015bcie nie brakuje. My\u015bl\u0119 jednak, \u017ce ten blog b\u0119dzie jeszcze jednym sposobem i przestrzeni\u0105 nawi\u0105zania kontaktu z lud\u017ami dobrej woli, otwartymi na dialog.","url":"https:\/\/gaudiumetspes-blog.pl\/index.php\/author\/ks-jacek\/"}]}},"jetpack_featured_media_url":"","jetpack_sharing_enabled":true,"_links":{"self":[{"href":"https:\/\/gaudiumetspes-blog.pl\/index.php\/wp-json\/wp\/v2\/posts\/14540","targetHints":{"allow":["GET"]}}],"collection":[{"href":"https:\/\/gaudiumetspes-blog.pl\/index.php\/wp-json\/wp\/v2\/posts"}],"about":[{"href":"https:\/\/gaudiumetspes-blog.pl\/index.php\/wp-json\/wp\/v2\/types\/post"}],"author":[{"embeddable":true,"href":"https:\/\/gaudiumetspes-blog.pl\/index.php\/wp-json\/wp\/v2\/users\/1"}],"replies":[{"embeddable":true,"href":"https:\/\/gaudiumetspes-blog.pl\/index.php\/wp-json\/wp\/v2\/comments?post=14540"}],"version-history":[{"count":1,"href":"https:\/\/gaudiumetspes-blog.pl\/index.php\/wp-json\/wp\/v2\/posts\/14540\/revisions"}],"predecessor-version":[{"id":15415,"href":"https:\/\/gaudiumetspes-blog.pl\/index.php\/wp-json\/wp\/v2\/posts\/14540\/revisions\/15415"}],"wp:attachment":[{"href":"https:\/\/gaudiumetspes-blog.pl\/index.php\/wp-json\/wp\/v2\/media?parent=14540"}],"wp:term":[{"taxonomy":"category","embeddable":true,"href":"https:\/\/gaudiumetspes-blog.pl\/index.php\/wp-json\/wp\/v2\/categories?post=14540"},{"taxonomy":"post_tag","embeddable":true,"href":"https:\/\/gaudiumetspes-blog.pl\/index.php\/wp-json\/wp\/v2\/tags?post=14540"}],"curies":[{"name":"wp","href":"https:\/\/api.w.org\/{rel}","templated":true}]}}