{"id":14543,"date":"2019-07-12T06:28:00","date_gmt":"2019-07-12T04:28:00","guid":{"rendered":"https:\/\/gaudiumetspes-blog.pl\/index.php\/2019\/07\/12\/duch-bedzie-mowi-przez-was\/"},"modified":"2019-07-31T13:04:49","modified_gmt":"2019-07-31T11:04:49","slug":"duch-bedzie-mowi-przez-was","status":"publish","type":"post","link":"https:\/\/gaudiumetspes-blog.pl\/index.php\/2019\/07\/12\/duch-bedzie-mowi-przez-was\/","title":{"rendered":"Duch b\u0119dzie m\u00f3wi\u0142 przez was&#8230;"},"content":{"rendered":"<p><\/p>\n<div align=\"justify\" style=\"font-weight: normal; line-height: 150%; margin-bottom: 0cm;\">\n<span style=\"color: black;\"><span style=\"font-family: Book Antiqua, serif;\"><span style=\"font-size: x-large;\">Szcz\u0119\u015b\u0107<br \/>\nBo\u017ce! Moi Drodzy, w dniu dzisiejszym <b>urodziny \u2013<br \/>\nsiedemdziesi\u0105te! \u2013 prze\u017cywa nasz Tato, Jan Ja\u015bkowski. Ca\u0142\u0105<br \/>\nrodzin\u0105 dzi\u0119kujemy Mu za Jego niepowtarzalny styl i otwarto\u015b\u0107 na<br \/>\nludzi \u2013 tak\u017ce na tych ludzi, <\/b><b>w\u015br\u00f3d<\/b><b> kt\u00f3ry<\/b><b>ch<\/b><b><br \/>\nMarek i ja pracujemy, oraz za to, \u017ce tworzy w naszym Domu atmosfer\u0119\u2026<br \/>\nw\u0142a\u015bnie domu, do kt\u00f3rego chce si\u0119 przybywa\u0107, aby odpocz\u0105\u0107 i<br \/>\nnabra\u0107 nowych si\u0142. \u017byczymy nieustannego zapa\u0142u, dobrego humoru i<br \/>\nwytrwa\u0142o\u015bci w pokonywaniu codziennych trud\u00f3w!<\/b><\/span><\/span><\/span><\/div>\n<div align=\"justify\" style=\"background: transparent; line-height: 150%; margin-bottom: 0cm; page-break-before: auto; text-indent: 1.3cm;\">\n<span style=\"font-size: x-large;\"><span style=\"color: black;\"><span style=\"font-family: Book Antiqua, serif;\"><b>O<br \/>\nwszelkie Bo\u017ce \u0142aski dla Jubilata modli\u0107 si\u0119 b\u0119dziemy we Mszy<br \/>\n\u015awi\u0119tej o godz. 18:00, dzisiaj, w naszej rodzinnej Parafii<br \/>\nChrystusa Mi\u0142osiernego, w Bia\u0142ej Podlaskiej. Po czym spotkamy si\u0119<br \/>\nw naszym Domu, w gronie Rodziny i Ksi\u0119\u017cy, pos\u0142uguj\u0105cych w naszej<br \/>\nParafii. <\/b><\/span><\/span><br \/>\n<\/span><\/div>\n<div align=\"justify\" style=\"background: transparent; line-height: 150%; margin-bottom: 0cm; text-indent: 1.3cm;\">\n<span style=\"color: black;\"><span style=\"font-family: Book Antiqua, serif;\"><span style=\"font-size: x-large;\"><b>Niech<br \/>\nPan b\u0142ogos\u0142awi Jubilatowi! A ta si\u00f3demka z przodu oka\u017ce si\u0119<br \/>\nnaprawd\u0119 liczb\u0105 pe\u0142ni \u2013 zgodnie z biblijn\u0105 symbolik\u0105 liczb. W<br \/>\ntym przypadku: pe\u0142ni Bo\u017cych dar\u00f3w i \u0142ask!<\/b><\/span><\/span><\/span><\/div>\n<div align=\"justify\" style=\"background: transparent; font-weight: normal; line-height: 150%; margin-bottom: 0cm; text-indent: 1.3cm;\">\n<span style=\"color: black;\"><span style=\"font-family: Book Antiqua, serif;\"><span style=\"font-size: x-large;\">\u017bycz\u0119<br \/>\nWszystkim dobrego dnia!<\/span><\/span><\/span><\/div>\n<div align=\"center\" style=\"font-weight: normal; line-height: 150%; margin-bottom: 0cm;\">\n<span style=\"color: black;\"><span style=\"font-family: Book Antiqua, serif;\"><span style=\"font-size: x-large;\">Gaudium<br \/>\net spes!  Ks. Jacek<\/span><\/span><\/span><\/div>\n<div align=\"justify\" style=\"line-height: 150%; margin-bottom: 0cm;\">\n<span style=\"font-size: x-large;\"><\/p>\n<p><\/span><\/div>\n<div align=\"justify\" style=\"line-height: 150%; margin-bottom: 0cm;\">\n<span style=\"color: black;\"><span style=\"font-family: Book Antiqua, serif;\"><span style=\"font-size: x-large;\"><b>Pi\u0105tek<br \/>\n14 Tygodnia zwyk\u0142ego, rok I,<\/b><\/span><\/span><\/span><\/div>\n<div align=\"justify\" style=\"line-height: 150%; margin-bottom: 0cm;\">\n<span style=\"font-size: x-large;\"><span style=\"color: black;\"><span style=\"font-family: Book Antiqua, serif;\"><b>Wspomnienie<br \/>\n\u015aw. Brunona Bonifacego z Kwerfurtu, <\/b><\/span><\/span><br \/>\n<\/span><\/div>\n<div align=\"justify\" style=\"line-height: 150%; margin-bottom: 0cm;\">\n<span style=\"color: black;\"><span style=\"font-family: Book Antiqua, serif;\"><span style=\"font-size: x-large;\"><b>Biskupa<br \/>\ni M\u0119czennika,<\/b><\/span><\/span><\/span><\/div>\n<div align=\"justify\" style=\"line-height: 150%; margin-bottom: 0cm;\">\n<span style=\"color: black;\"><span style=\"font-family: Book Antiqua, serif;\"><span style=\"font-size: x-large;\"><b>do<br \/>\nczyta\u0144:  Rdz 46,1\u20137.28\u201330;  Mt 10,16\u201323<\/b><\/span><\/span><\/span><\/div>\n<div align=\"justify\" style=\"line-height: 150%; margin-bottom: 0cm;\">\n<span style=\"font-size: x-large;\"><\/p>\n<p><\/span><\/div>\n<div align=\"justify\" style=\"font-style: normal; font-variant: normal; letter-spacing: normal; line-height: 150%; margin-bottom: 0cm;\">\n<span style=\"color: black;\"><span style=\"font-family: Book Antiqua, serif;\"><span style=\"font-size: x-large;\"><b>CZYTANIE<br \/>\nZ KSI\u0118GI RODZAJU:<\/b><\/span><\/span><\/span><\/div>\n<div align=\"justify\" style=\"font-style: normal; font-variant: normal; letter-spacing: normal; line-height: 150%; margin-bottom: 0cm; page-break-before: auto; text-indent: 1.3cm;\">\n<span style=\"color: black;\"><span style=\"font-family: Book Antiqua, serif;\"><span style=\"font-size: x-large;\"><b>Izrael<br \/>\nwyruszy\u0142 w drog\u0119 z ca\u0142ym swym dobytkiem. A gdy przyby\u0142 do<br \/>\nBeer\u2013Szeby, z\u0142o\u017cy\u0142 ofiar\u0119 Bogu ojca swego, Izaaka. B\u00f3g za\u015b w<br \/>\nwidzeniu nocnym tak odezwa\u0142 si\u0119 do Izraela: \u201eJakubie, Jakubie!\u201d.<br \/>\nA gdy on odpowiedzia\u0142: \u201eOto jestem\u201d, rzek\u0142 do niego: \u201eJam<br \/>\njest B\u00f3g, B\u00f3g ojca twego. Id\u017a bez obawy do Egiptu, gdy\u017c uczyni\u0119<br \/>\nci\u0119 tam wielkim narodem. Ja p\u00f3jd\u0119 tam z tob\u0105 i Ja stamt\u0105d ci\u0119<br \/>\nwyprowadz\u0119, a J\u00f3zef zamknie ci oczy\u201d.<\/b><\/span><\/span><\/span><\/div>\n<div align=\"justify\" style=\"font-style: normal; font-variant: normal; letter-spacing: normal; line-height: 150%; margin-bottom: 0cm; text-indent: 1.3cm;\">\n<span style=\"color: black;\"><span style=\"font-family: Book Antiqua, serif;\"><span style=\"font-size: x-large;\"><b>Potem<br \/>\nJakub wyruszy\u0142 z Beer\u2013Szeby. Synowie Izraela umie\u015bcili ojca<br \/>\nswego, Jakuba, swe dzieci i \u017cony na wozach, kt\u00f3re faraon przys\u0142a\u0142<br \/>\ndla przewiezienia go. Zabrali te\u017c swe trzody i sw\u00f3j dobytek, kt\u00f3ry<br \/>\nnabyli w Kanaanie. Tak przyby\u0142 Jakub do Egiptu wraz z ca\u0142ym swym<br \/>\npotomstwem: wzi\u0105\u0142 ze sob\u0105 do Egiptu syn\u00f3w, wnuk\u00f3w, c\u00f3rki i<br \/>\nwnuczki, ca\u0142e swe potomstwo.<\/b><\/span><\/span><\/span><\/div>\n<div align=\"justify\" style=\"font-style: normal; font-variant: normal; letter-spacing: normal; line-height: 150%; margin-bottom: 0cm; text-indent: 1.3cm;\">\n<span style=\"color: black;\"><span style=\"font-family: Book Antiqua, serif;\"><span style=\"font-size: x-large;\"><b>Wys\u0142a\u0142<br \/>\non przed sob\u0105 Jud\u0119 do J\u00f3zefa, aby ten m\u00f3g\u0142 go wyprzedzi\u0107 do<br \/>\nGoszen przed ich przybyciem. A gdy przybyli do ziemi Goszen, J\u00f3zef<br \/>\nkaza\u0142 zaprz\u0105c do swego wozu i wyjecha\u0142 na spotkanie Izraela, ojca<br \/>\nswego, do Goszen. Kiedy zobaczy\u0142 go, rzuci\u0142 mu si\u0119 na szyj\u0119 i<br \/>\nd\u0142ugo szlocha\u0142 na jego szyi. Wreszcie Izrael odezwa\u0142 si\u0119 do<br \/>\nJ\u00f3zefa: \u201eTeraz mog\u0119 ju\u017c umrze\u0107, skoro zobaczy\u0142em ciebie, \u017ce<br \/>\njeszcze \u017cyjesz\u201d.<\/b><\/span><\/span><\/span><\/div>\n<div align=\"justify\" style=\"line-height: 150%; margin-bottom: 0cm;\">\n<span style=\"font-size: x-large;\"><\/p>\n<p><\/span><\/div>\n<div align=\"justify\" style=\"font-style: normal; font-variant: normal; letter-spacing: normal; line-height: 150%; margin-bottom: 0cm;\">\n<span style=\"color: black;\"><span style=\"font-family: Book Antiqua, serif;\"><span style=\"font-size: x-large;\"><b>S\u0141OWA<br \/>\nEWANGELII WED\u0141UG \u015aWI\u0118TEGO MATEUSZA:<\/b><\/span><\/span><\/span><\/div>\n<div align=\"justify\" style=\"font-style: normal; font-variant: normal; letter-spacing: normal; line-height: 150%; margin-bottom: 0cm; page-break-before: auto; text-indent: 1.3cm;\">\n<span style=\"color: black;\"><span style=\"font-family: Book Antiqua, serif;\"><span style=\"font-size: x-large;\"><b>Jezus<br \/>\npowiedzia\u0142 do swoich aposto\u0142\u00f3w: \u201eOto Ja was posy\u0142am jak owce<br \/>\nmi\u0119dzy wilki. B\u0105d\u017acie wi\u0119c roztropni jak w\u0119\u017ce, a nieskazitelni<br \/>\njak go\u0142\u0119bie.<\/b><\/span><\/span><\/span><\/div>\n<div align=\"justify\" style=\"font-style: normal; font-variant: normal; letter-spacing: normal; line-height: 150%; margin-bottom: 0cm; text-indent: 1.3cm;\">\n<span style=\"color: black;\"><span style=\"font-family: Book Antiqua, serif;\"><span style=\"font-size: x-large;\"><b>Miejcie<br \/>\nsi\u0119 na baczno\u015bci przed lud\u017ami. B\u0119d\u0105 was wydawa\u0107 s\u0105dom i w<br \/>\nswych synagogach b\u0119d\u0105 was biczowa\u0107. Nawet przed namiestnik\u00f3w i<br \/>\nkr\u00f3l\u00f3w b\u0119d\u0105 was wodzi\u0107 z mego powodu, na \u015bwiadectwo im i<br \/>\npoganom. Kiedy was wydadz\u0105, nie martwcie si\u0119 o to, jak ani co macie<br \/>\nm\u00f3wi\u0107. W owej bowiem godzinie b\u0119dzie wam poddane, co macie m\u00f3wi\u0107.<br \/>\nGdy\u017c nie wy b\u0119dziecie m\u00f3wili, lecz Duch Ojca waszego b\u0119dzie m\u00f3wi\u0142<br \/>\nprzez was.<\/b><\/span><\/span><\/span><\/div>\n<div align=\"justify\" style=\"font-style: normal; font-variant: normal; letter-spacing: normal; line-height: 150%; margin-bottom: 0cm; text-indent: 1.3cm;\">\n<span style=\"color: black;\"><span style=\"font-family: Book Antiqua, serif;\"><span style=\"font-size: x-large;\"><b>Brat<br \/>\nwyda brata na \u015bmier\u0107 i ojciec syna; dzieci powstan\u0105 przeciw<br \/>\nrodzicom i o \u015bmier\u0107 ich przyprawi\u0105. B\u0119dziecie w nienawi\u015bci u<br \/>\nwszystkich z powodu mego imienia. Lecz kto wytrwa do ko\u0144ca, ten<br \/>\nb\u0119dzie zbawiony.<\/b><\/span><\/span><\/span><\/div>\n<div align=\"justify\" style=\"font-style: normal; font-variant: normal; letter-spacing: normal; line-height: 150%; margin-bottom: 0cm; text-indent: 1.3cm;\">\n<span style=\"color: black;\"><span style=\"font-family: Book Antiqua, serif;\"><span style=\"font-size: x-large;\"><b>Gdy<br \/>\nwas prze\u015bladowa\u0107 b\u0119d\u0105 w tym mie\u015bcie, uciekajcie do innego.<br \/>\nZaprawd\u0119 powiadam wam: Nie zd\u0105\u017cycie obej\u015b\u0107 miast Izraela, nim<br \/>\nprzyjdzie Syn Cz\u0142owieczy\u201d.<\/b><\/span><\/span><\/span><\/div>\n<div align=\"justify\" style=\"line-height: 150%; margin-bottom: 0cm;\">\n<span style=\"font-size: x-large;\"><\/p>\n<p><\/span><\/div>\n<div align=\"justify\" style=\"font-style: normal; font-variant: normal; font-weight: normal; letter-spacing: normal; line-height: 150%; margin-bottom: 0cm; page-break-before: auto; text-indent: 1.3cm;\">\n<span style=\"font-size: x-large;\"><span style=\"color: black;\"><span style=\"font-family: Book Antiqua, serif;\">Oto<br \/>\n<b>szcz\u0119\u015bliwe zako\u0144czenie<\/b> niezwykle dramatycznej historii<br \/>\nJakuba i jego syn\u00f3w: <b>rodzina znowu jest razem.<\/b> Co prawda, nie<br \/>\nw swojej rodzinnej ziemi, a w ziemi egipskiej, ale dzi\u0119ki niezwyk\u0142ej<br \/>\n<b>Bo\u017cej \u0142asce i otwarciu si\u0119 na <\/b><b>ni\u0105<\/b> J\u00f3zefa, jednego<br \/>\nz syn\u00f3w Jakuba \u2013 owa obca ziemia sta\u0142a si\u0119 <b>ziemi\u0105 go\u015bcinn\u0105,<br \/>\nnowym domem,<\/b> przestrzeni\u0105 rodzinnego szcz\u0119\u015bcia. <\/span><\/span><br \/>\n<\/span><\/div>\n<div align=\"justify\" style=\"font-style: normal; font-variant: normal; font-weight: normal; letter-spacing: normal; line-height: 150%; margin-bottom: 0cm; text-indent: 1.3cm;\">\n<span style=\"font-size: x-large;\"><span style=\"color: black;\"><span style=\"font-family: Book Antiqua, serif;\">Wiemy,<br \/>\n\u017ce p\u00f3\u017aniej mia\u0142a si\u0119 sta\u0107 \u2013 niestety \u2013 ponownie ziemi\u0105<br \/>\nwrog\u0105, kiedy bowiem na tronie egipskim nasta\u0142 faraon, kt\u00f3ry nie<br \/>\nzna\u0142 J\u00f3zefa i ca\u0142ej jego historii, <b>zacz\u0105\u0142 uciska\u0107 cz\u0142onk\u00f3w<br \/>\nnarodu wybranego,<\/b> czyni\u0105c ich niewolnikami. Dzisiaj jednak<br \/>\njeste\u015bmy \u015bwiadkami niezwykle wzruszaj\u0105cego i pi\u0119knego spotkania<br \/>\npo latach \u2013 <b>J\u00f3zef spotyka swego ojca<\/b> i reszt\u0119 rodziny.<br \/>\nOczywi\u015bcie, poza swoimi bra\u0107mi, kt\u00f3rych mia\u0142 mo\u017cliwo\u015b\u0107 <b>kilka<br \/>\nrazy spotka\u0107 wcze\u015bniej,<\/b> kiedy przybywali do Egiptu po \u017cywno\u015b\u0107.<br \/>\n<\/span><\/span><br \/>\n<\/span><\/div>\n<div align=\"justify\" style=\"font-style: normal; font-variant: normal; font-weight: normal; letter-spacing: normal; line-height: 150%; margin-bottom: 0cm; text-indent: 1.3cm;\">\n<span style=\"font-size: x-large;\"><span style=\"color: black;\"><span style=\"font-family: Book Antiqua, serif;\">Jednak<br \/>\nspotkanie z ojcem by\u0142o pierwszym spotkaniem po tym, jak <b>owego<br \/>\npami\u0119tnego dnia ojciec wys\u0142a\u0142 go do braci,<\/b> pas\u0105cych trzod\u0119,<br \/>\na ci sprzedali go do egipskiej niewoli. Trudno wi\u0119c si\u0119 dziwi\u0107, \u017ce<br \/>\nspotkanie, kt\u00f3rego jeste\u015bmy dzi\u015b \u015bwiadkami, by\u0142o tak radosne i<br \/>\ntak poruszaj\u0105ce. <\/span><\/span><br \/>\n<\/span><\/div>\n<div align=\"justify\" style=\"font-style: normal; font-variant: normal; font-weight: normal; letter-spacing: normal; line-height: 150%; margin-bottom: 0cm; text-indent: 1.3cm;\">\n<span style=\"font-size: x-large;\"><span style=\"color: black;\"><span style=\"font-family: Book Antiqua, serif;\">S\u0142uchaj\u0105c<br \/>\nza\u015b ca\u0142ej tej historii, nie mo\u017cemy zapomnie\u0107, \u017ce owo wielkie<br \/>\ndobro, jakie w \u017cyciu Jakuba, J\u00f3zefa i ich rodziny si\u0119 dokona\u0142o \u2013<br \/>\nto <b>dzie\u0142o samego Boga! <\/b>On nigdy, ani na moment, nie opu\u015bci\u0142<br \/>\nJ\u00f3zefa. I <b>J\u00f3zef o tym wiedzia\u0142,<\/b> chocia\u017c nieraz bardzo<br \/>\nci\u0119\u017cko by\u0142o mu w niewoli egipskiej. Wiedzia\u0142 jednak, \u017ce <b>B\u00f3g<br \/>\njest z nim, czuwa nad nim<\/b> i chocia\u017c wielokrotnie doznawa\u0142<br \/>\ncierpie\u0144 i upokorze\u0144, to jednak wewn\u0119trznie by\u0142 pewny, \u017ce <b>B\u00f3g<br \/>\nwyprowadzi go z tego,<\/b> a z ca\u0142ej sytuacji \u2013 <b>wyprowadzi<br \/>\nwielkie dobro.<\/b> I tak si\u0119 sta\u0142o! <\/span><\/span><br \/>\n<\/span><\/div>\n<div align=\"justify\" style=\"font-style: normal; font-variant: normal; font-weight: normal; letter-spacing: normal; line-height: 150%; margin-bottom: 0cm; text-indent: 1.3cm;\">\n<span style=\"font-size: x-large;\"><span style=\"color: black;\"><span style=\"font-family: Book Antiqua, serif;\">Dzisiaj<br \/>\ns\u0142yszymy, \u017ce B\u00f3g rzeczywi\u015bcie <b>uczyni\u0142 wielkie dobro<\/b> nie<br \/>\ntylko samemu J\u00f3zefowi, ale <b>i ca\u0142ej jego rodzinie,<\/b> a<br \/>\nwcze\u015bniej \u2013 ca\u0142emu Egiptowi. I okolicznym ludom, kt\u00f3re do Egiptu<br \/>\nprzychodzi\u0142y po chleb w czasie g\u0142odu. <\/span><\/span><br \/>\n<\/span><\/div>\n<div align=\"justify\" style=\"font-style: normal; font-variant: normal; font-weight: normal; letter-spacing: normal; line-height: 150%; margin-bottom: 0cm; text-indent: 1.3cm;\">\n<span style=\"color: black;\"><span style=\"font-family: Book Antiqua, serif;\"><span style=\"font-size: x-large;\">Widomym<br \/>\nznakiem, potwierdzaj\u0105cym Bo\u017c\u0105 obecno\u015b\u0107 w tej\u017ce historii, s\u0105<br \/>\ns\u0142owa, skierowane dzi\u015b przez Boga do Jakuba: <i><b>Jam jest B\u00f3g,<br \/>\nB\u00f3g ojca twego. Id\u017a bez obawy do Egiptu, gdy\u017c uczyni\u0119 ci\u0119 tam<br \/>\nwielkim narodem. Ja p\u00f3jd\u0119 tam z tob\u0105 i Ja stamt\u0105d ci\u0119<br \/>\nwyprowadz\u0119, a J\u00f3zef zamknie ci oczy.<\/b><\/i><b> <\/b>Zatem, B\u00f3g<br \/>\nprzez ca\u0142y czas by\u0142 obecny, czuwa\u0142 nad swoimi dzie\u0107mi; w jaki\u015b<br \/>\ndyskretny, ale konkretny spos\u00f3b \u2013 kierowa\u0142 ich losami.<\/span><\/span><\/span><\/div>\n<div align=\"justify\" style=\"font-style: normal; font-variant: normal; font-weight: normal; letter-spacing: normal; line-height: 150%; margin-bottom: 0cm; text-indent: 1.3cm;\">\n<span style=\"font-size: x-large;\"><span style=\"color: black;\"><span style=\"font-family: Book Antiqua, serif;\">O<br \/>\ntakiej w\u0142a\u015bnie cichej, ale konkretnej <b>Bo\u017cej obecno\u015bci i<br \/>\nwsparciu,<\/b> dzisiaj Jezus zapewnia w Ewangelii swoich uczni\u00f3w, gdy<br \/>\nnajpierw ich przestrzega: <i><b>Oto Ja was posy\u0142am jak owce mi\u0119dzy<br \/>\nwilki. B\u0105d\u017acie wi\u0119c roztropni jak w\u0119\u017ce, a nieskazitelni jak<br \/>\ngo\u0142\u0119bie. <\/b><\/i><i><b>Miejcie si\u0119 na baczno\u015bci przed lud\u017ami.<br \/>\nB\u0119d\u0105 was wydawa\u0107 s\u0105dom i w swych synagogach b\u0119d\u0105 was biczowa\u0107.<br \/>\nNawet przed namiestnik\u00f3w i kr\u00f3l\u00f3w b\u0119d\u0105 was wodzi\u0107 z mego<br \/>\npowodu, na \u015bwiadectwo im i poganom.<\/b><\/i><b> <\/b><\/span><\/span><br \/>\n<\/span><\/div>\n<div align=\"justify\" style=\"font-style: normal; font-variant: normal; font-weight: normal; letter-spacing: normal; line-height: 150%; margin-bottom: 0cm; text-indent: 1.3cm;\">\n<span style=\"color: black;\"><span style=\"font-family: Book Antiqua, serif;\"><span style=\"font-size: x-large;\">Jednak<br \/>\nzaraz potem pociesza ich, m\u00f3wi\u0105c: <i><b>Kiedy was wydadz\u0105, nie<br \/>\nmartwcie si\u0119 o to, jak ani co macie m\u00f3wi\u0107. W owej bowiem godzinie<br \/>\nb\u0119dzie wam poddane, co macie m\u00f3wi\u0107. Gdy\u017c nie wy b\u0119dziecie<br \/>\nm\u00f3wili, lecz Duch Ojca waszego b\u0119dzie m\u00f3wi\u0142 przez was.<\/b><\/i><\/span><\/span><\/span><\/div>\n<div align=\"justify\" style=\"font-style: normal; font-variant: normal; font-weight: normal; letter-spacing: normal; line-height: 150%; margin-bottom: 0cm; text-indent: 1.3cm;\">\n<span style=\"color: black;\"><span style=\"font-family: Book Antiqua, serif;\"><span style=\"font-size: x-large;\">Po<br \/>\nczym dodaje: <i><b>Brat wyda brata na \u015bmier\u0107 i ojciec syna; dzieci<br \/>\npowstan\u0105 przeciw rodzicom i o \u015bmier\u0107 ich przyprawi\u0105. B\u0119dziecie w<br \/>\nnienawi\u015bci u wszystkich z powodu mego imienia. Lecz kto wytrwa do<br \/>\nko\u0144ca, ten b\u0119dzie zbawiony.<\/b><\/i><\/span><\/span><\/span><\/div>\n<div align=\"justify\" style=\"font-style: normal; font-variant: normal; font-weight: normal; letter-spacing: normal; line-height: 150%; margin-bottom: 0cm; text-indent: 1.3cm;\">\n<span style=\"font-size: x-large;\"><span style=\"color: black;\"><span style=\"font-family: Book Antiqua, serif;\">Czy\u017c<br \/>\nca\u0142a historia Ko\u015bcio\u0142a nie jest <b>potwierdzeniem prawdziwo\u015bci<br \/>\ntych s\u0142\u00f3w?<\/b> Niestety, co do joty sprawdzi\u0142y si\u0119 zapowiedzi<br \/>\nprze\u015bladowa\u0144 \u2013 i dzisiaj tak\u017ce si\u0119 sprawdzaj\u0105. Jednak sprawdza<br \/>\nsi\u0119 tak\u017ce i potwierdza <b>obietnica Bo\u017cej obecno\u015bci<\/b> we<br \/>\nwszystkich dramatycznych wydarzeniach, dziej\u0105cych si\u0119 w \u017cyciu<br \/>\nwyznawc\u00f3w Chrystusa. Bo przecie\u017c gdyby nie ta obecno\u015b\u0107 \u2013 czy\u017c<br \/>\n\u015awi\u0119ci i M\u0119czennicy (w tym tak\u017ce dzisiejszy Patron) <b>mieliby<br \/>\ntyle odwagi i wewn\u0119trznej si\u0142y,<\/b> aby \u015bmia\u0142o patrze\u0107 w oczy<br \/>\nprze\u015bladowcom i broni\u0107 swojej wiary? <\/span><\/span><br \/>\n<\/span><\/div>\n<div align=\"justify\" style=\"font-style: normal; font-variant: normal; font-weight: normal; letter-spacing: normal; line-height: 150%; margin-bottom: 0cm; text-indent: 1.3cm;\">\n<span style=\"color: black;\"><span style=\"font-family: Book Antiqua, serif;\"><span style=\"font-size: x-large;\">Oni<br \/>\nnaprawd\u0119 <b>byli pewni tej obecno\u015bci,<\/b> a mo\u017cna chyba nawet<br \/>\n\u017cywi\u0107 pewno\u015b\u0107, \u017ce w chwilach najwi\u0119kszej pr\u00f3by <b>jako\u015b<br \/>\nwprost jej do\u015bwiadczali,<\/b> bo inaczej musieliby si\u0119 podda\u0107.<br \/>\nTymczasem \u2013 nie poddali si\u0119, wytrwali! Bo Jezus by\u0142 z nimi, a<br \/>\n<b>Duch \u015awi\u0119ty rzeczywi\u015bcie m\u00f3wi\u0142 przez nich.<\/b><\/span><\/span><\/span><\/div>\n<div align=\"justify\" style=\"font-style: normal; font-variant: normal; font-weight: normal; letter-spacing: normal; line-height: 150%; margin-bottom: 0cm; text-indent: 1.3cm;\">\n<span style=\"color: black;\"><span style=\"font-family: Book Antiqua, serif;\"><span style=\"font-size: x-large;\">Tak,<br \/>\njak m\u00f3wi\u0142 i dzia\u0142a\u0142 w \u017cyciu wspomnianego ju\u017c dzisiejszego<br \/>\nPatrona, <b>\u015awi\u0119tego Brunona Bonifacego.<\/b><\/span><\/span><\/span><\/div>\n<div align=\"justify\" style=\"background: transparent; line-height: 150%; margin-bottom: 0cm; text-indent: 1.3cm;\">\n<span style=\"font-size: x-large;\"><span style=\"color: black;\"><span style=\"font-family: Book Antiqua, serif;\"><span style=\"font-weight: normal;\">Urodzi\u0142<\/span><\/span><span style=\"font-family: Book Antiqua, serif;\"><b><br \/>\n<\/b><\/span><span style=\"font-family: Book Antiqua, serif;\"><span style=\"font-weight: normal;\">si\u0119<br \/>\n<\/span><\/span><span style=\"font-family: Book Antiqua, serif;\"><span style=\"font-weight: normal;\">on<\/span><\/span><span style=\"font-family: Book Antiqua, serif;\"><b><br \/>\nw 974 roku,<\/b><\/span><span style=\"font-family: Book Antiqua, serif;\"> w rodzinie<br \/>\ngraf\u00f3w niemieckich w Kwerfurcie. W roku 986 uczy\u0142 si\u0119 w szkole<br \/>\nkatedralnej w Magdeburgu, gdzie te\u017c p\u00f3\u017aniej odby\u0142 studia. W roku<br \/>\n995 zosta\u0142 mianowany kanonikiem katedralnym w Magdeburgu. <\/span><span style=\"font-family: Book Antiqua, serif;\"><b>W<br \/>\nroku 997, <\/b><\/span><span style=\"font-family: Book Antiqua, serif;\"><span style=\"font-weight: normal;\">wraz<br \/>\nz cesarzem Ottonem III, <\/span><\/span><span style=\"font-family: Book Antiqua, serif;\"><b>uda\u0142<br \/>\nsi\u0119 do Rzymu. <\/b><\/span><span style=\"font-family: Book Antiqua, serif;\">Tu w roku<br \/>\nnast\u0119pnym <\/span><span style=\"font-family: Book Antiqua, serif;\"><b>wdzia\u0142 habit<br \/>\nbenedykty\u0144skiego mnicha<\/b><\/span><span style=\"font-family: Book Antiqua, serif;\"><br \/>\nna Awentynie, w opactwie \u015awi\u0119tych Bonifacego i Aleksego. Pi\u0119\u0107 lat<br \/>\nwcze\u015bniej, w tym samym klasztorze, przebywa\u0142 \u015awi\u0119ty Wojciech i<br \/>\nB\u0142ogos\u0142awiony Radzim. <\/span><\/span><br \/>\n<\/span><\/div>\n<div align=\"justify\" style=\"background: transparent; line-height: 150%; margin-bottom: 0cm; text-indent: 1.3cm;\">\n<span style=\"font-size: x-large;\"><span style=\"color: black;\"><span style=\"font-family: Book Antiqua, serif;\">Brunon<br \/>\notrzyma\u0142<\/span><span style=\"font-family: Book Antiqua, serif;\"><b> imi\u0119 zakonne:<br \/>\nBonifacy.<\/b><\/span><span style=\"font-family: Book Antiqua, serif;\"> W roku 999, ju\u017c<br \/>\njako Bonifacy, z\u0142o\u017cy\u0142 \u015bluby zakonne. W tym samym czasie<br \/>\n<\/span><span style=\"font-family: Book Antiqua, serif;\"><b>zaprzyja\u017ani\u0142 si\u0119 ze<br \/>\n\u015awi\u0119tym Romualdem,<\/b><\/span><span style=\"font-family: Book Antiqua, serif;\"><br \/>\nkt\u00f3ry mia\u0142 ju\u017c s\u0142aw\u0119 \u015bwi\u0119tego m\u0119\u017ca i ojca nowej rodziny<br \/>\nzakonnej. <\/span><span style=\"font-family: Book Antiqua, serif;\"><span style=\"font-weight: normal;\">W<br \/>\nroku 1001, <\/span><\/span><span style=\"font-family: Book Antiqua, serif;\"><b>Bonifacy<br \/>\nwst\u0105pi\u0142 do tej\u017ce rodziny zakonnej.<\/b><\/span><span style=\"font-family: Book Antiqua, serif;\"><br \/>\nZnalaz\u0142 si\u0119 w eremie Pereum, ko\u0142o Rawenny. <\/span><\/span><br \/>\n<\/span><\/div>\n<div align=\"justify\" style=\"background: transparent; line-height: 150%; margin-bottom: 0cm; text-indent: 1.3cm;\">\n<span style=\"font-size: x-large;\"><span style=\"color: black;\"><span style=\"font-family: Book Antiqua, serif;\">I<br \/>\nto w\u0142a\u015bnie z Pereum, jesieni\u0105 tego samego roku, <\/span><span style=\"font-family: Book Antiqua, serif;\"><b>uda\u0142a<br \/>\nsi\u0119 do Polski pierwsza grupa kamedu\u0142\u00f3w.<\/b><\/span><span style=\"font-family: Book Antiqua, serif;\"><br \/>\nW sk\u0142ad grupy weszli \u2013 mi\u0119dzy innymi \u2013 \u015awi\u0119ty Jan i \u015awi\u0119ty<br \/>\nBenedykt. Misj\u0119 t\u0119 <\/span><span style=\"font-family: Book Antiqua, serif;\"><span style=\"font-weight: normal;\">zorganizowa\u0142<br \/>\n\u015awi\u0119ty Romuald, <\/span><\/span><span style=\"font-family: Book Antiqua, serif;\"><b>na<br \/>\npro\u015bb\u0119 cesarza Ottona III i kr\u00f3la polskiego, Boles\u0142awa Chrobrego.<\/b><\/span><span style=\"font-family: Book Antiqua, serif;\"><br \/>\nZakonnicy mieli dzia\u0142a\u0107 w\u015br\u00f3d S\u0142owian nadodrza\u0144skich. Do grupy<br \/>\ndo\u0142\u0105czy\u0142 te\u017c Brunon z Kwerfurtu. <\/span><\/span><br \/>\n<\/span><\/div>\n<div align=\"justify\" style=\"background: transparent; line-height: 150%; margin-bottom: 0cm; text-indent: 1.3cm;\">\n<span style=\"font-size: x-large;\"><span style=\"color: black;\"><span style=\"font-family: Book Antiqua, serif;\">Dla<br \/>\nwyjednania grupie misyjnej odpowiednich przywilej\u00f3w papieskich,<br \/>\n\u015awi\u0119ty Romuald wys\u0142a\u0142 Brunona Bonifacego do Rzymu. <\/span><span style=\"font-family: Book Antiqua, serif;\"><b>Papie\u017c<br \/>\nSylwester II ch\u0119tnie udzieli\u0142 wszystkich potrzebnych misjonarzom<br \/>\nindult\u00f3w.<\/b><\/span><span style=\"font-family: Book Antiqua, serif;\"> Brunon<br \/>\notrzyma\u0142 tak\u017ce od <\/span><span style=\"font-family: Book Antiqua, serif;\">P<\/span><span style=\"font-family: Book Antiqua, serif;\">apie\u017ca<br \/>\npaliusz, a wi\u0119c tym samym <\/span><span style=\"font-family: Book Antiqua, serif;\"><b>nominacj\u0119<br \/>\nna arcybiskupa metropolit\u0119 misyjnego.<\/b><\/span><span style=\"font-family: Book Antiqua, serif;\"><br \/>\nDawa\u0142o mu to uprawnienia do mianowania biskup\u00f3w na terenach<br \/>\nmisyjnych. Z niewiadomych przyczyn, <\/span><span style=\"font-family: Book Antiqua, serif;\"><b>sakr\u0119<br \/>\nbiskupi\u0105 otrzyma\u0142 dopiero <\/b><\/span><span style=\"font-family: Book Antiqua, serif;\"><b>po<br \/>\ndw\u00f3ch latach,<\/b><\/span><span style=\"font-family: Book Antiqua, serif;\"><b> w roku<br \/>\n1004, w Magdeburgu.<\/b><\/span><span style=\"font-family: Book Antiqua, serif;\"> W ten<br \/>\nspos\u00f3b Brunon Bonifacy by\u0142 pierwszym metropolit\u0105 poga\u0144skich<br \/>\nS\u0142owian zachodnich, do kt\u00f3rych by\u0142 wys\u0142any jako misjonarz. <\/span><\/span><br \/>\n<\/span><\/div>\n<div align=\"justify\" style=\"background: transparent; line-height: 150%; margin-bottom: 0cm; text-indent: 1.3cm;\">\n<span style=\"font-size: x-large;\"><span style=\"color: black;\"><span style=\"font-family: Book Antiqua, serif;\">Z\u0142o\u017cona<br \/>\nsytuacja polityczna na terenie Polski sprawi\u0142a, \u017ce zatrzyma\u0142 si\u0119<\/span><span style=\"font-family: Book Antiqua, serif;\"><br \/>\n<\/span><span style=\"font-family: Book Antiqua, serif;\">we W\u0142oszech, a potem na<br \/>\ndworze cesarza. <\/span><span style=\"font-family: Book Antiqua, serif;\"><b>Nast\u0119pnie<br \/>\nprzyby\u0142 znowu do Polski,<\/b><\/span><span style=\"font-family: Book Antiqua, serif;\"><br \/>\npo czym \u2013 po raz kolejny na W\u0119gry. Potem Papie\u017c wys<\/span><span style=\"font-family: Book Antiqua, serif;\">\u0142a\u0142<\/span><span style=\"font-family: Book Antiqua, serif;\"><br \/>\ngo do Kijowa, a nawet nad Morze Czarne. <\/span><span style=\"font-family: Book Antiqua, serif;\"><span style=\"font-weight: normal;\">W<br \/>\nroku 1008,<\/span><\/span><span style=\"font-family: Book Antiqua, serif;\"><b> Bonifacy<br \/>\njest ponownie w Polsce<\/b><\/span><span style=\"font-family: Book Antiqua, serif;\"> i<br \/>\nusi\u0142uje uda\u0107 si\u0119 z kolei do Szwecji, aby przez swoich uczni\u00f3w<br \/>\nzorientowa\u0107 si\u0119 w sytuacji tamtejszego Ko\u015bcio\u0142a. <\/span><\/span><br \/>\n<\/span><\/div>\n<div align=\"justify\" style=\"background: transparent; line-height: 150%; margin-bottom: 0cm; text-indent: 1.3cm;\">\n<span style=\"color: black;\"><span style=\"font-size: x-large;\"><span style=\"font-family: Book Antiqua, serif;\"><b>W<br \/>\n1009 roku udaje si\u0119 na tereny pruskie,<\/b><\/span><span style=\"font-family: Book Antiqua, serif;\"><br \/>\ndo ludu Jad\u017awing\u00f3w, z wyra\u017anym zamiarem rozpocz\u0119cia tam misji.<br \/>\nNiestety, nie by\u0142o mu dane doko\u0144czy\u0107 pomy\u015blnie rozpocz\u0119tego<br \/>\ndzie\u0142a. Wed\u0142ug podania, <\/span><span style=\"font-family: Book Antiqua, serif;\"><b>Arcybiskup<br \/>\nBrunon Bonifacy, <\/b><\/span><span style=\"font-family: Book Antiqua, serif;\"><span style=\"font-weight: normal;\">wraz<br \/>\nz osiemnastoma towarzyszami, <\/span><\/span><span style=\"font-family: Book Antiqua, serif;\"><b>zgin\u0105\u0142<br \/>\nw\u0142a\u015bnie z r\u0119ki Jad\u017awing\u00f3w, w dniu 9 marca 1009 roku,<\/b><\/span><span style=\"font-family: Book Antiqua, serif;\"><br \/>\ngdzie\u015b w okolicach obecnego Pojezierza Suwalskiego. Mia\u0142 w\u00f3wczas<br \/>\nzaledwie trzydzie\u015bci pi\u0119\u0107 lat. Boles\u0142aw Chrobry wykupi\u0142 jego<br \/>\ncia\u0142o. Niestety, \u015blad o relikwiach <\/span><span style=\"font-family: Book Antiqua, serif;\">M<\/span><span style=\"font-family: Book Antiqua, serif;\">\u0119czennika<br \/>\nzagin\u0105\u0142. Jego kult bardzo szybko si\u0119 rozwin\u0105\u0142.<\/span><\/span><\/span><\/div>\n<div align=\"justify\" style=\"background: transparent; line-height: 150%; margin-bottom: 0cm; text-indent: 1.3cm;\">\n<span style=\"font-size: x-large;\"><span style=\"color: black;\"><span style=\"font-family: Book Antiqua, serif;\">\u015awi\u0119ty<br \/>\nBrunon Bonifacy jest autorem trzech utwor\u00f3w pisanych: \u201e<\/span><span style=\"font-family: Book Antiqua, serif;\">\u017bywotu<br \/>\n\u015awi\u0119tego Wojciecha\u201d, \u201eListu do cesarza Henryka\u201d<\/span><span style=\"font-family: Book Antiqua, serif;\"><br \/>\ni \u201e<\/span><span style=\"font-family: Book Antiqua, serif;\">\u017bywotu Pi\u0119ciu Braci<br \/>\nKamedu\u0142\u00f3w<\/span><span style=\"font-family: Book Antiqua, serif;\">\u201d. Styl i j\u0119zyk<br \/>\ntych pism wskazuj\u0105 na <\/span><span style=\"font-family: Book Antiqua, serif;\"><b>wysok\u0105<br \/>\nkultur\u0119 <\/b><\/span><span style=\"font-family: Book Antiqua, serif;\"><b>i<br \/>\nwykszta\u0142cenie Autora<\/b><\/span><span style=\"font-family: Book Antiqua, serif;\"><b>.<br \/>\n<\/b><\/span><\/span><br \/>\n<\/span><\/div>\n<div align=\"justify\" style=\"background: transparent; line-height: 150%; margin-bottom: 0cm; text-indent: 1.3cm;\">\n<span style=\"font-size: x-large;\"><span style=\"color: black;\"><span style=\"font-family: Book Antiqua, serif;\">I<br \/>\nw\u0142a\u015bnie w \u201eLi\u015bcie do cesarza Henryka\u201d wyst\u0119puje bardzo<br \/>\nenergicznie w obronie Polski, a jednocze\u015bnie zajmuje jednoznaczne<br \/>\nstanowisko w sprawie <\/span><span style=\"font-family: Book Antiqua, serif;\"><b>relacji<br \/>\npomi\u0119dzy dwoma chrze\u015bcija\u0144skimi w\u0142adcami.<\/b><\/span><span style=\"font-family: Book Antiqua, serif;\"><br \/>\nW dziele swoim tak pisze: <\/span><\/span><br \/>\n<\/span><\/div>\n<div align=\"justify\" style=\"background: transparent; line-height: 150%; margin-bottom: 0cm; text-indent: 1.3cm;\">\n<span style=\"font-size: x-large;\"><span style=\"color: black;\">\u201e<span style=\"font-family: Book Antiqua, serif;\">M\u0119\u017cowi<br \/>\nKo\u015bcio\u0142a, bogobojnemu kr\u00f3lowi Henrykowi, Brunon \u017cyczy<br \/>\n<\/span><span style=\"font-family: Book Antiqua, serif;\"><b>wszystkiego, co przystoi<br \/>\nkr\u00f3lowi i podoba si\u0119 wszystkowidz\u0105cemu Bogu.<\/b><\/span><span style=\"font-family: Book Antiqua, serif;\"><br \/>\nTy, b\u0119d\u0105c kr\u00f3lem wed\u0142ug m\u0105dro\u015bci, kt\u00f3rej B\u00f3g <\/span><span style=\"font-family: Book Antiqua, serif;\">C<\/span><span style=\"font-family: Book Antiqua, serif;\">i<br \/>\nu\u017cyczy\u0142, <\/span><span style=\"font-family: Book Antiqua, serif;\"><b>usi\u0142ujesz by\u0107<br \/>\ndobrym i katolickim w\u0142adc\u0105.<\/b><\/span><span style=\"font-family: Book Antiqua, serif;\"><br \/>\nPodobnie i my, jakkolwiek n\u0119dzni, boj\u0105c si\u0119, \u017ceby\u015bmy tego \u017cycia<br \/>\nnie zmarnowali i w dniu \u015bmierci nie okazali si\u0119 nadzy, ile tylko<br \/>\ntchnie \u0142aska Ducha \u015awi\u0119tego, staramy si\u0119 dzia\u0142a\u0107 i pracowa\u0107.<br \/>\n[\u2026] <\/span><\/span><br \/>\n<\/span><\/div>\n<div align=\"justify\" style=\"background: transparent; line-height: 150%; margin-bottom: 0cm; text-indent: 1.3cm;\">\n<span style=\"font-size: x-large;\"><span style=\"color: black;\"><span style=\"font-family: Book Antiqua, serif;\">Co<br \/>\nsi\u0119 wi\u0119c tyczy mnie \u2013 <\/span><span style=\"font-family: Book Antiqua, serif;\"><b>grzesz\u0119<br \/>\njedynie;<\/b><\/span><span style=\"font-family: Book Antiqua, serif;\"> co si\u0119 za\u015b<br \/>\ntyczy Pana, skoro chce, pr\u0119dzej ni\u017c s\u0142owo wyrzec mo\u017cna, <\/span><span style=\"font-family: Book Antiqua, serif;\"><b>spe\u0142nia<br \/>\nwszelkie dobro.<\/b><\/span><span style=\"font-family: Book Antiqua, serif;\"> Je\u015bliby<br \/>\nkto\u015b tak\u017ce to powiedzia\u0142, \u017ce do ksi\u0119cia Boles\u0142awa odnosz\u0119 si\u0119<br \/>\nz uczuciem wierno\u015bci i serdecznej przyja\u017ani, <\/span><span style=\"font-family: Book Antiqua, serif;\"><b>prawda<br \/>\nto.<\/b><\/span><span style=\"font-family: Book Antiqua, serif;\"> Rzeczywi\u015bcie, <\/span><span style=\"font-family: Book Antiqua, serif;\"><b>kocham<br \/>\ngo jak dusz\u0119 moj\u0105 i wi\u0119cej ni\u017c \u017cycie moje.<\/b><\/span><span style=\"font-family: Book Antiqua, serif;\"><br \/>\nLecz mam wiarygodnego \u015bwiadka, wsp\u00f3lnego Boga naszego, \u017ce <\/span><span style=\"font-family: Book Antiqua, serif;\"><b>nie<br \/>\nmi\u0142uj\u0119 ksi\u0119cia wbrew <\/b><\/span><span style=\"font-family: Book Antiqua, serif;\"><b>T<\/b><\/span><span style=\"font-family: Book Antiqua, serif;\"><b>wojej<br \/>\n\u0142askawo\u015bci, <\/b><\/span><span style=\"font-family: Book Antiqua, serif;\">gdy\u017c ile<br \/>\ntylko mog\u0119, pragn\u0119 \u017cyczliwie usposobi\u0107 go wzgl\u0119dem <\/span><span style=\"font-family: Book Antiqua, serif;\">C<\/span><span style=\"font-family: Book Antiqua, serif;\">iebie.<br \/>\n<\/span><\/span><br \/>\n<\/span><\/div>\n<div align=\"justify\" style=\"background: transparent; line-height: 150%; margin-bottom: 0cm; text-indent: 1.3cm;\">\n<span style=\"font-size: x-large;\"><span style=\"color: black;\"><span style=\"font-family: Book Antiqua, serif;\">Lecz<br \/>\noby bez utraty \u0142aski kr\u00f3la wolno by\u0142o tak powiedzie\u0107: <\/span><span style=\"font-family: Book Antiqua, serif;\"><b>C<\/b><\/span><span style=\"font-family: Book Antiqua, serif;\"><b>zy<\/b><\/span><span style=\"font-family: Book Antiqua, serif;\"><b><br \/>\ngodzi si\u0119 prze\u015bladowa\u0107 lud chrze\u015bcija\u0144ski, a \u017cy\u0107 w przyja\u017ani<br \/>\nz poga\u0144skim?<\/b><\/span><span style=\"font-family: Book Antiqua, serif;\"> Co za ugoda<br \/>\nChrystusa z Belialem? Jakie por\u00f3wnanie \u015bwiat\u0142a z ciemno\u015bci\u0105?<br \/>\nStrze\u017c si\u0119, <\/span><span style=\"font-family: Book Antiqua, serif;\">K<\/span><span style=\"font-family: Book Antiqua, serif;\">r\u00f3lu,<br \/>\n<\/span><span style=\"font-family: Book Antiqua, serif;\"><b>je\u017celi wszystko chcesz<br \/>\nczyni\u0107 przemoc\u0105, a nigdy z lito\u015bci\u0105,<\/b><\/span><span style=\"font-family: Book Antiqua, serif;\"><br \/>\nkt\u00f3r\u0105 lubi Chrobry, \u017ceby przypadkiem Jezus, kt\u00f3ry teraz wspiera<br \/>\n<\/span><span style=\"font-family: Book Antiqua, serif;\">C<\/span><span style=\"font-family: Book Antiqua, serif;\">iebie,<br \/>\nnie rozgniewa\u0142 si\u0119. Lecz w tym tkwi ca\u0142e z\u0142o, \u017ce <\/span><span style=\"font-family: Book Antiqua, serif;\"><b>ani<br \/>\nkr\u00f3l nie ma zaufania do Boles\u0142awa, ani ten do zagniewanego kr\u00f3la.<\/b><\/span><span style=\"font-family: Book Antiqua, serif;\"><br \/>\n<\/span><\/span><br \/>\n<\/span><\/div>\n<div align=\"justify\" style=\"background: transparent; font-style: normal; font-variant: normal; font-weight: normal; letter-spacing: normal; line-height: 150%; margin-bottom: 0cm; text-indent: 1.3cm;\">\n<span style=\"font-size: x-large;\"><span style=\"color: black;\"><span style=\"font-family: Book Antiqua, serif;\">O,<br \/>\njak wielkie dobra i korzy\u015bci wynik\u0142yby dla obrony chrze\u015bcija\u0144stwa<br \/>\ni nawracania pogan, je\u015bliby jak ojciec jego Mieszko ze zmar\u0142ym<br \/>\ncesarzem, <b>tak syn Boles\u0142aw \u017cy\u0142 z <\/b><b>T<\/b><b>ob\u0105, naszym<br \/>\nkr\u00f3lem.<\/b> I chocia\u017c nie umiem si\u0119 modli\u0107 przed obliczem Boga,<br \/>\nprzynajmniej g\u0142o\u015bno wo\u0142a\u0107 nie przestan\u0119, aby B\u00f3g Ci<br \/>\nb\u0142ogos\u0142awi\u0142. <\/span><\/span><br \/>\n<\/span><\/div>\n<div align=\"justify\" style=\"background: transparent; font-style: normal; font-variant: normal; font-weight: normal; letter-spacing: normal; line-height: 150%; margin-bottom: 0cm; text-indent: 1.3cm;\">\n<span style=\"color: black;\"><span style=\"font-family: Book Antiqua, serif;\"><span style=\"font-size: x-large;\">Ty<br \/>\nza\u015b nie chciej zwleka\u0107 z udzieleniem wszelkiej rady i pomocy w<br \/>\nnawracaniu Lucic\u00f3w i Prus\u00f3w, jak przystoi pobo\u017cnemu kr\u00f3lowi,<br \/>\nponiewa\u017c teraz za natchnieniem Ducha \u015awi\u0119tego <b>powinni\u015bmy si\u0119<br \/>\nzabra\u0107 do pracy nad nawracaniem twardych serc tych pogan,<\/b><br \/>\nniezmordowanie po\u015bwi\u0119ca\u0107 wszelki trud i wysi\u0142ek pod opiek\u0105<br \/>\nwalcz\u0105cego Piotra. B\u0105d\u017a zdr\u00f3w, Kr\u00f3lu! \u017byj prawdziwie dla Boga,<br \/>\nprzypominaj\u0105c sobie dobre czyny.\u201d Tyle z Listu naszego<br \/>\ndzisiejszego Patrona, adresowanego do niemieckiego cesarza.<\/span><\/span><\/span><\/div>\n<div align=\"justify\" style=\"background: transparent; font-style: normal; font-variant: normal; font-weight: normal; letter-spacing: normal; line-height: 150%; margin-bottom: 0cm; text-indent: 1.3cm;\">\n<span style=\"font-size: x-large;\"><span style=\"color: black;\"><span style=\"font-family: Book Antiqua, serif;\">Wpatrzeni<br \/>\nw przyk\u0142ad bohaterskiej i niezwykle pracowitej postawy dzisiejszego<br \/>\nPatrona oraz zas\u0142uchani w Bo\u017ce s\u0142owo dzisiejszej liturgii,<br \/>\nzapytajmy samych siebie, czy <b>zawsze pami\u0119tamy o Bo\u017cej obecno\u015bci<br \/>\ni asystencji Ducha \u015awi\u0119tego<\/b> tak\u017ce w naszym \u017cyciu? Wszak<br \/>\nzostali\u015bmy ochrzczeni, bierzmowani \u2013 po co to wszystko? Czy nie po<br \/>\nto, aby w\u0142a\u015bnie nawi\u0105za\u0107 j<b>ak najbardziej intensywn\u0105 wi\u0119\u017a z<br \/>\nNiebem?<\/b> Czy ta wi\u0119\u017a rzeczywi\u015bcie tak\u0105 jest? <\/span><\/span><br \/>\n<\/span><\/div>\n<div align=\"justify\" style=\"background: transparent; font-style: normal; font-variant: normal; font-weight: normal; letter-spacing: normal; line-height: 150%; margin-bottom: 0cm; text-indent: 1.3cm;\">\n<span style=\"color: black;\"><span style=\"font-family: Book Antiqua, serif;\"><span style=\"font-size: x-large;\">Czy<br \/>\npami\u0119tamy, \u017ce B\u00f3g naprawd\u0119 jest obecny w naszym \u017cyciu? Jak<br \/>\nwygl\u0105da nasza z Nim \u2013 <b>duchowa \u0142\u0105czno\u015b\u0107? <\/b>Czy pozwalamy<br \/>\nna to, aby w najtrudniejszych momentach \u2013 <b>Duch \u015awi\u0119ty m\u00f3wi\u0142<br \/>\nprzez nas?<\/b> Czy o tak\u0105 Jego pomoc na bie\u017c\u0105co si\u0119 modlimy?\u2026<\/span><\/span><\/span><\/div>\n","protected":false},"excerpt":{"rendered":"<p>Szcz\u0119\u015b\u0107 Bo\u017ce! Moi Drodzy, w dniu dzisiejszym urodziny \u2013 siedemdziesi\u0105te! \u2013 prze\u017cywa nasz Tato, Jan Ja\u015bkowski. Ca\u0142\u0105 rodzin\u0105 dzi\u0119kujemy Mu za Jego niepowtarzalny styl i otwarto\u015b\u0107 na ludzi \u2013 tak\u017ce na tych ludzi, w\u015br\u00f3d kt\u00f3rych Marek i ja pracujemy, oraz za to, \u017ce tworzy w naszym Domu atmosfer\u0119\u2026 w\u0142a\u015bnie domu, do kt\u00f3rego chce si\u0119 przybywa\u0107, [&hellip;]<\/p>\n","protected":false},"author":1,"featured_media":0,"comment_status":"open","ping_status":"open","sticky":false,"template":"","format":"standard","meta":{"jetpack_post_was_ever_published":false,"_jetpack_newsletter_access":"","_jetpack_dont_email_post_to_subs":false,"_jetpack_newsletter_tier_id":0,"_jetpack_memberships_contains_paywalled_content":false,"_jetpack_memberships_contains_paid_content":false,"footnotes":""},"categories":[1],"tags":[],"class_list":["post-14543","post","type-post","status-publish","format-standard","hentry","category-bez-kategorii"],"yoast_head":"<!-- This site is optimized with the Yoast SEO plugin v25.1 - https:\/\/yoast.com\/wordpress\/plugins\/seo\/ -->\n<title>Duch b\u0119dzie m\u00f3wi\u0142 przez was... - Gaudium Et Spes<\/title>\n<meta name=\"robots\" content=\"index, follow, max-snippet:-1, max-image-preview:large, max-video-preview:-1\" \/>\n<link rel=\"canonical\" href=\"https:\/\/gaudiumetspes-blog.pl\/index.php\/2019\/07\/12\/duch-bedzie-mowi-przez-was\/\" \/>\n<meta property=\"og:locale\" content=\"pl_PL\" \/>\n<meta property=\"og:type\" content=\"article\" \/>\n<meta property=\"og:title\" content=\"Duch b\u0119dzie m\u00f3wi\u0142 przez was... - Gaudium Et Spes\" \/>\n<meta property=\"og:description\" content=\"Szcz\u0119\u015b\u0107 Bo\u017ce! Moi Drodzy, w dniu dzisiejszym urodziny \u2013 siedemdziesi\u0105te! \u2013 prze\u017cywa nasz Tato, Jan Ja\u015bkowski. Ca\u0142\u0105 rodzin\u0105 dzi\u0119kujemy Mu za Jego niepowtarzalny styl i otwarto\u015b\u0107 na ludzi \u2013 tak\u017ce na tych ludzi, w\u015br\u00f3d kt\u00f3rych Marek i ja pracujemy, oraz za to, \u017ce tworzy w naszym Domu atmosfer\u0119\u2026 w\u0142a\u015bnie domu, do kt\u00f3rego chce si\u0119 przybywa\u0107, [&hellip;]\" \/>\n<meta property=\"og:url\" content=\"https:\/\/gaudiumetspes-blog.pl\/index.php\/2019\/07\/12\/duch-bedzie-mowi-przez-was\/\" \/>\n<meta property=\"og:site_name\" content=\"Gaudium Et Spes\" \/>\n<meta property=\"article:published_time\" content=\"2019-07-12T04:28:00+00:00\" \/>\n<meta property=\"article:modified_time\" content=\"2019-07-31T11:04:49+00:00\" \/>\n<meta name=\"author\" content=\"Ks. Jacek\" \/>\n<meta name=\"twitter:card\" content=\"summary_large_image\" \/>\n<meta name=\"twitter:label1\" content=\"Napisane przez\" \/>\n\t<meta name=\"twitter:data1\" content=\"Ks. Jacek\" \/>\n\t<meta name=\"twitter:label2\" content=\"Szacowany czas czytania\" \/>\n\t<meta name=\"twitter:data2\" content=\"12 minut\" \/>\n<script type=\"application\/ld+json\" class=\"yoast-schema-graph\">{\"@context\":\"https:\/\/schema.org\",\"@graph\":[{\"@type\":\"WebPage\",\"@id\":\"https:\/\/gaudiumetspes-blog.pl\/index.php\/2019\/07\/12\/duch-bedzie-mowi-przez-was\/\",\"url\":\"https:\/\/gaudiumetspes-blog.pl\/index.php\/2019\/07\/12\/duch-bedzie-mowi-przez-was\/\",\"name\":\"Duch b\u0119dzie m\u00f3wi\u0142 przez was... - Gaudium Et Spes\",\"isPartOf\":{\"@id\":\"https:\/\/gaudiumetspes-blog.pl\/#website\"},\"datePublished\":\"2019-07-12T04:28:00+00:00\",\"dateModified\":\"2019-07-31T11:04:49+00:00\",\"author\":{\"@id\":\"https:\/\/gaudiumetspes-blog.pl\/#\/schema\/person\/1661982992b752dea8dff0d4ed845a65\"},\"breadcrumb\":{\"@id\":\"https:\/\/gaudiumetspes-blog.pl\/index.php\/2019\/07\/12\/duch-bedzie-mowi-przez-was\/#breadcrumb\"},\"inLanguage\":\"pl-PL\",\"potentialAction\":[{\"@type\":\"ReadAction\",\"target\":[\"https:\/\/gaudiumetspes-blog.pl\/index.php\/2019\/07\/12\/duch-bedzie-mowi-przez-was\/\"]}]},{\"@type\":\"BreadcrumbList\",\"@id\":\"https:\/\/gaudiumetspes-blog.pl\/index.php\/2019\/07\/12\/duch-bedzie-mowi-przez-was\/#breadcrumb\",\"itemListElement\":[{\"@type\":\"ListItem\",\"position\":1,\"name\":\"Strona g\u0142\u00f3wna\",\"item\":\"https:\/\/gaudiumetspes-blog.pl\/\"},{\"@type\":\"ListItem\",\"position\":2,\"name\":\"Duch b\u0119dzie m\u00f3wi\u0142 przez&nbsp;was&#8230;\"}]},{\"@type\":\"WebSite\",\"@id\":\"https:\/\/gaudiumetspes-blog.pl\/#website\",\"url\":\"https:\/\/gaudiumetspes-blog.pl\/\",\"name\":\"Gaudium Et Spes\",\"description\":\"Blog Ks. Jacka Ja\u015bkowskiego\",\"potentialAction\":[{\"@type\":\"SearchAction\",\"target\":{\"@type\":\"EntryPoint\",\"urlTemplate\":\"https:\/\/gaudiumetspes-blog.pl\/?s={search_term_string}\"},\"query-input\":{\"@type\":\"PropertyValueSpecification\",\"valueRequired\":true,\"valueName\":\"search_term_string\"}}],\"inLanguage\":\"pl-PL\"},{\"@type\":\"Person\",\"@id\":\"https:\/\/gaudiumetspes-blog.pl\/#\/schema\/person\/1661982992b752dea8dff0d4ed845a65\",\"name\":\"Ks. Jacek\",\"image\":{\"@type\":\"ImageObject\",\"inLanguage\":\"pl-PL\",\"@id\":\"https:\/\/gaudiumetspes-blog.pl\/#\/schema\/person\/image\/\",\"url\":\"https:\/\/gaudiumetspes-blog.pl\/wp-content\/uploads\/2019\/07\/avatar-JJ-150x150.jpg\",\"contentUrl\":\"https:\/\/gaudiumetspes-blog.pl\/wp-content\/uploads\/2019\/07\/avatar-JJ-150x150.jpg\",\"caption\":\"Ks. Jacek\"},\"description\":\"Witam serdecznie! K\u0142ania si\u0119 Ks. Jacek Ja\u015bkowski. Nie jestem ani kim\u015b wa\u017cnym, ani kim\u015b znanym. Jestem ksi\u0119dzem, kt\u00f3ry po prostu chce rozmawia\u0107. Codzienna kap\u0142a\u0144ska pos\u0142uga pokazuje mi, \u017ce temat\u00f3w do rozm\u00f3w z ksi\u0119dzem jest coraz wi\u0119cej i dzisiaj \u017caden ksi\u0105dz nie mo\u017ce od nich ucieka\u0107, ale - wprost przeciwnie - podejmowa\u0107 nowe wyzwania. To przekonanie sk\u0142oni\u0142o mnie do pr\u00f3by otwarcia tego\u017c bloga, chocia\u017c okazji do rozm\u00f3w na co dzie\u0144 - w konfesjonale i poza nim - na szcz\u0119\u015bcie nie brakuje. My\u015bl\u0119 jednak, \u017ce ten blog b\u0119dzie jeszcze jednym sposobem i przestrzeni\u0105 nawi\u0105zania kontaktu z lud\u017ami dobrej woli, otwartymi na dialog.\",\"url\":\"https:\/\/gaudiumetspes-blog.pl\/index.php\/author\/ks-jacek\/\"}]}<\/script>\n<!-- \/ Yoast SEO plugin. -->","yoast_head_json":{"title":"Duch b\u0119dzie m\u00f3wi\u0142 przez was... - Gaudium Et Spes","robots":{"index":"index","follow":"follow","max-snippet":"max-snippet:-1","max-image-preview":"max-image-preview:large","max-video-preview":"max-video-preview:-1"},"canonical":"https:\/\/gaudiumetspes-blog.pl\/index.php\/2019\/07\/12\/duch-bedzie-mowi-przez-was\/","og_locale":"pl_PL","og_type":"article","og_title":"Duch b\u0119dzie m\u00f3wi\u0142 przez was... - Gaudium Et Spes","og_description":"Szcz\u0119\u015b\u0107 Bo\u017ce! Moi Drodzy, w dniu dzisiejszym urodziny \u2013 siedemdziesi\u0105te! \u2013 prze\u017cywa nasz Tato, Jan Ja\u015bkowski. Ca\u0142\u0105 rodzin\u0105 dzi\u0119kujemy Mu za Jego niepowtarzalny styl i otwarto\u015b\u0107 na ludzi \u2013 tak\u017ce na tych ludzi, w\u015br\u00f3d kt\u00f3rych Marek i ja pracujemy, oraz za to, \u017ce tworzy w naszym Domu atmosfer\u0119\u2026 w\u0142a\u015bnie domu, do kt\u00f3rego chce si\u0119 przybywa\u0107, [&hellip;]","og_url":"https:\/\/gaudiumetspes-blog.pl\/index.php\/2019\/07\/12\/duch-bedzie-mowi-przez-was\/","og_site_name":"Gaudium Et Spes","article_published_time":"2019-07-12T04:28:00+00:00","article_modified_time":"2019-07-31T11:04:49+00:00","author":"Ks. Jacek","twitter_card":"summary_large_image","twitter_misc":{"Napisane przez":"Ks. Jacek","Szacowany czas czytania":"12 minut"},"schema":{"@context":"https:\/\/schema.org","@graph":[{"@type":"WebPage","@id":"https:\/\/gaudiumetspes-blog.pl\/index.php\/2019\/07\/12\/duch-bedzie-mowi-przez-was\/","url":"https:\/\/gaudiumetspes-blog.pl\/index.php\/2019\/07\/12\/duch-bedzie-mowi-przez-was\/","name":"Duch b\u0119dzie m\u00f3wi\u0142 przez was... - Gaudium Et Spes","isPartOf":{"@id":"https:\/\/gaudiumetspes-blog.pl\/#website"},"datePublished":"2019-07-12T04:28:00+00:00","dateModified":"2019-07-31T11:04:49+00:00","author":{"@id":"https:\/\/gaudiumetspes-blog.pl\/#\/schema\/person\/1661982992b752dea8dff0d4ed845a65"},"breadcrumb":{"@id":"https:\/\/gaudiumetspes-blog.pl\/index.php\/2019\/07\/12\/duch-bedzie-mowi-przez-was\/#breadcrumb"},"inLanguage":"pl-PL","potentialAction":[{"@type":"ReadAction","target":["https:\/\/gaudiumetspes-blog.pl\/index.php\/2019\/07\/12\/duch-bedzie-mowi-przez-was\/"]}]},{"@type":"BreadcrumbList","@id":"https:\/\/gaudiumetspes-blog.pl\/index.php\/2019\/07\/12\/duch-bedzie-mowi-przez-was\/#breadcrumb","itemListElement":[{"@type":"ListItem","position":1,"name":"Strona g\u0142\u00f3wna","item":"https:\/\/gaudiumetspes-blog.pl\/"},{"@type":"ListItem","position":2,"name":"Duch b\u0119dzie m\u00f3wi\u0142 przez&nbsp;was&#8230;"}]},{"@type":"WebSite","@id":"https:\/\/gaudiumetspes-blog.pl\/#website","url":"https:\/\/gaudiumetspes-blog.pl\/","name":"Gaudium Et Spes","description":"Blog Ks. Jacka Ja\u015bkowskiego","potentialAction":[{"@type":"SearchAction","target":{"@type":"EntryPoint","urlTemplate":"https:\/\/gaudiumetspes-blog.pl\/?s={search_term_string}"},"query-input":{"@type":"PropertyValueSpecification","valueRequired":true,"valueName":"search_term_string"}}],"inLanguage":"pl-PL"},{"@type":"Person","@id":"https:\/\/gaudiumetspes-blog.pl\/#\/schema\/person\/1661982992b752dea8dff0d4ed845a65","name":"Ks. Jacek","image":{"@type":"ImageObject","inLanguage":"pl-PL","@id":"https:\/\/gaudiumetspes-blog.pl\/#\/schema\/person\/image\/","url":"https:\/\/gaudiumetspes-blog.pl\/wp-content\/uploads\/2019\/07\/avatar-JJ-150x150.jpg","contentUrl":"https:\/\/gaudiumetspes-blog.pl\/wp-content\/uploads\/2019\/07\/avatar-JJ-150x150.jpg","caption":"Ks. Jacek"},"description":"Witam serdecznie! K\u0142ania si\u0119 Ks. Jacek Ja\u015bkowski. Nie jestem ani kim\u015b wa\u017cnym, ani kim\u015b znanym. Jestem ksi\u0119dzem, kt\u00f3ry po prostu chce rozmawia\u0107. Codzienna kap\u0142a\u0144ska pos\u0142uga pokazuje mi, \u017ce temat\u00f3w do rozm\u00f3w z ksi\u0119dzem jest coraz wi\u0119cej i dzisiaj \u017caden ksi\u0105dz nie mo\u017ce od nich ucieka\u0107, ale - wprost przeciwnie - podejmowa\u0107 nowe wyzwania. To przekonanie sk\u0142oni\u0142o mnie do pr\u00f3by otwarcia tego\u017c bloga, chocia\u017c okazji do rozm\u00f3w na co dzie\u0144 - w konfesjonale i poza nim - na szcz\u0119\u015bcie nie brakuje. My\u015bl\u0119 jednak, \u017ce ten blog b\u0119dzie jeszcze jednym sposobem i przestrzeni\u0105 nawi\u0105zania kontaktu z lud\u017ami dobrej woli, otwartymi na dialog.","url":"https:\/\/gaudiumetspes-blog.pl\/index.php\/author\/ks-jacek\/"}]}},"jetpack_featured_media_url":"","jetpack_sharing_enabled":true,"_links":{"self":[{"href":"https:\/\/gaudiumetspes-blog.pl\/index.php\/wp-json\/wp\/v2\/posts\/14543","targetHints":{"allow":["GET"]}}],"collection":[{"href":"https:\/\/gaudiumetspes-blog.pl\/index.php\/wp-json\/wp\/v2\/posts"}],"about":[{"href":"https:\/\/gaudiumetspes-blog.pl\/index.php\/wp-json\/wp\/v2\/types\/post"}],"author":[{"embeddable":true,"href":"https:\/\/gaudiumetspes-blog.pl\/index.php\/wp-json\/wp\/v2\/users\/1"}],"replies":[{"embeddable":true,"href":"https:\/\/gaudiumetspes-blog.pl\/index.php\/wp-json\/wp\/v2\/comments?post=14543"}],"version-history":[{"count":1,"href":"https:\/\/gaudiumetspes-blog.pl\/index.php\/wp-json\/wp\/v2\/posts\/14543\/revisions"}],"predecessor-version":[{"id":15412,"href":"https:\/\/gaudiumetspes-blog.pl\/index.php\/wp-json\/wp\/v2\/posts\/14543\/revisions\/15412"}],"wp:attachment":[{"href":"https:\/\/gaudiumetspes-blog.pl\/index.php\/wp-json\/wp\/v2\/media?parent=14543"}],"wp:term":[{"taxonomy":"category","embeddable":true,"href":"https:\/\/gaudiumetspes-blog.pl\/index.php\/wp-json\/wp\/v2\/categories?post=14543"},{"taxonomy":"post_tag","embeddable":true,"href":"https:\/\/gaudiumetspes-blog.pl\/index.php\/wp-json\/wp\/v2\/tags?post=14543"}],"curies":[{"name":"wp","href":"https:\/\/api.w.org\/{rel}","templated":true}]}}