{"id":14544,"date":"2019-07-11T04:56:00","date_gmt":"2019-07-11T02:56:00","guid":{"rendered":"https:\/\/gaudiumetspes-blog.pl\/index.php\/2019\/07\/11\/najwazniejsze-jest-i\/"},"modified":"2019-07-31T13:04:49","modified_gmt":"2019-07-31T11:04:49","slug":"najwazniejsze-jest-i","status":"publish","type":"post","link":"https:\/\/gaudiumetspes-blog.pl\/index.php\/2019\/07\/11\/najwazniejsze-jest-i\/","title":{"rendered":"Najwa\u017cniejsze jest &#8222;i&#8221;&#8230;"},"content":{"rendered":"<p><\/p>\n<div align=\"justify\" class=\"western\" style=\"font-weight: normal; line-height: 150%; margin-bottom: 0cm;\">\n<span style=\"font-family: Book Antiqua, serif;\"><span style=\"font-size: x-large;\">Szcz\u0119\u015b\u0107<br \/>\nBo\u017ce! Moi Drodzy, w dniu dzisiejszym <b>urodziny prze\u017cywa Siostra<br \/>\nAneta Sroka, za moich czas\u00f3w \u2013 Prze\u0142o\u017cona Domu Si\u00f3str od<br \/>\nAnio\u0142\u00f3w w T\u0142uszczu, gdzie by\u0142em wikariuszem. Wspieram modlitw\u0105<br \/>\nwszelkie Jej dobre dzia\u0142ania i \u017cycz\u0119, aby nigdy nie traci\u0142a hartu<br \/>\nducha \u2013 oraz swojego dobrego humoru. Niech Jej Pan we wszystkim<br \/>\nb\u0142ogos\u0142awi!<\/b><\/span><\/span><\/div>\n<div align=\"justify\" class=\"western\" style=\"background: transparent; font-weight: normal; line-height: 150%; margin-bottom: 0cm; orphans: 2; page-break-before: auto; text-indent: 1.3cm; widows: 2;\">\n<span style=\"font-family: Book Antiqua, serif;\"><span style=\"font-size: x-large;\">A<br \/>\nw Dniu Pami\u0119ci o Rzezi Wo\u0142y\u0144skiej \u2013 pom\u00f3dlmy si\u0119 o pok\u00f3j w<br \/>\nnaszej Ojczy\u017anie, o pok\u00f3j na \u015bwiecie, ale te\u017c o pe\u0142ne i odwa\u017cne<br \/>\nwyja\u015bnienie wszystkich okoliczno\u015bci tego straszliwego Dramatu, jaki<br \/>\ntam, na Wo\u0142yniu, si\u0119 dokona\u0142\u2026 Nie po to, aby si\u0119 na kim\u015b<br \/>\nm\u015bci\u0107, ale aby na pe\u0142nej prawdzie budowa\u0107 pokojow\u0105 przysz\u0142o\u015b\u0107<br \/>\ni wsp\u00f3\u0142istnienie narod\u00f3w.<\/span><\/span><\/div>\n<div align=\"justify\" class=\"western\" style=\"background: transparent; font-weight: normal; line-height: 150%; margin-bottom: 0cm; orphans: 2; text-indent: 1.3cm; widows: 2;\">\n<span style=\"font-size: x-large;\"><span style=\"font-family: Book Antiqua, serif;\">Moi<br \/>\nDrodzy, w dniu wspomnienia \u015awi\u0119tego Benedykta \u2013 \u017cycz\u0119 Wam<br \/>\nwszystkim (sobie te\u017c) znalezienia owego \u201ei\u201d, kt\u00f3re po\u0142\u0105czy<br \/>\nwszystkie elementy chrze\u015bcija\u0144skiej postawy, jakie proponuje nam<br \/>\ndzisiejszy Patron, i pomo\u017ce wprowadzi\u0107 je w nasz\u0105 codzienno\u015b\u0107.<br \/>\nSpr\u00f3bujmy dzisiaj owego \u201ei\u201d poszuka\u0107\u2026 Pomimo wakacji\u2026 <\/span><br \/>\n<\/span><\/div>\n<div align=\"center\" class=\"western\" style=\"font-weight: normal; line-height: 150%; margin-bottom: 0cm;\">\n<span style=\"font-family: Book Antiqua, serif;\"><span style=\"font-size: x-large;\">Gaudium<br \/>\net spes!  Ks. Jacek<\/span><\/span><\/div>\n<div align=\"justify\" class=\"western\" style=\"line-height: 150%; margin-bottom: 0cm;\">\n<span style=\"font-size: x-large;\"><\/p>\n<p><\/span><\/div>\n<div align=\"justify\" class=\"western\" style=\"line-height: 150%; margin-bottom: 0cm;\">\n<span style=\"font-family: Book Antiqua, serif;\"><span style=\"font-size: x-large;\"><b>\u015awi\u0119to<br \/>\n\u015aw. Benedykta, Opata, Patrona Europy,<\/b><\/span><\/span><\/div>\n<div align=\"justify\" class=\"western\" style=\"line-height: 150%; margin-bottom: 0cm;\">\n<span style=\"font-size: x-large;\"><span style=\"font-family: Book Antiqua, serif;\"><b>do<br \/>\nczyta\u0144 z t. VI Lekcjonarza:  <\/b><\/span><br \/>\n<\/span><\/div>\n<div align=\"justify\" class=\"western\" style=\"line-height: 150%; margin-bottom: 0cm;\">\n                                           <span style=\"font-family: Book Antiqua, serif;\"><span style=\"font-size: x-large;\"><b>Prz<br \/>\n2,1\u20139;  albo:  Dz 4,32\u201335;  Mt 19,27\u201329<\/b><\/span><\/span><\/div>\n<div align=\"justify\" class=\"western\" style=\"line-height: 150%; margin-bottom: 0cm;\">\n<span style=\"font-size: x-large;\"><\/p>\n<p><\/span><\/div>\n<div align=\"justify\" class=\"western\" style=\"font-style: normal; font-variant: normal; letter-spacing: normal; line-height: 150%; margin-bottom: 0cm;\">\n<span style=\"font-family: Book Antiqua, serif;\"><span style=\"font-size: x-large;\"><b>CZYTANIE<br \/>\nZ KSI\u0118GI PRZYS\u0141\u00d3W:<\/b><\/span><\/span><\/div>\n<div align=\"justify\" class=\"western\" style=\"font-style: normal; font-variant: normal; letter-spacing: normal; line-height: 150%; margin-bottom: 0cm; orphans: 2; page-break-before: auto; text-indent: 1.3cm; widows: 2;\">\n<span style=\"font-size: x-large;\"><span style=\"font-family: Book Antiqua, serif;\"><b>Synu,<br \/>\nje\u015bli przyjmiesz moje nauki i zachowasz u siebie wskazania; ku<br \/>\nm\u0105dro\u015bci nachylisz swe ucho, ku roztropno\u015bci swe serce; je\u015bli<br \/>\nwezwiesz rozs\u0105dek, przywo\u0142asz dono\u015bnie rozwag\u0119, je\u015bli szuka\u0107<br \/>\njej poczniesz jak srebra i po\u017c\u0105da\u0107 jej b\u0119dziesz jak skarb\u00f3w, to<br \/>\nboja\u017a\u0144 Pana zrozumiesz, osi\u0105gniesz znajomo\u015b\u0107 Boga. Bo Pan<br \/>\nudziela m\u0105dro\u015bci, z ust Jego wychodz\u0105 wiedza i roztropno\u015b\u0107; dla<br \/>\nprawych On chowa sw\u0105 pomoc, On jest tarcz\u0105 dla \u017cyj\u0105cych uczciwie.<br \/>\n<\/b><\/span><br \/>\n<\/span><\/div>\n<div align=\"justify\" class=\"western\" style=\"font-style: normal; font-variant: normal; letter-spacing: normal; line-height: 150%; margin-bottom: 0cm; orphans: 2; text-indent: 1.3cm; widows: 2;\">\n<span style=\"font-family: Book Antiqua, serif;\"><span style=\"font-size: x-large;\"><b>On<br \/>\nstrze\u017ce \u015bcie\u017cek prawo\u015bci, ochrania drogi pobo\u017cnych. Wtedy<br \/>\nsprawiedliwo\u015b\u0107 pojmiesz i prawo\u015b\u0107, i rzetelno\u015b\u0107, i ka\u017cd\u0105<br \/>\ndobr\u0105 \u015bcie\u017ck\u0119.<\/b><\/span><\/span><\/div>\n<div align=\"justify\" class=\"western\" style=\"font-style: normal; font-variant: normal; letter-spacing: normal; line-height: 150%; margin-bottom: 0cm; orphans: 2; text-indent: 1.3cm; widows: 2;\">\n<span style=\"font-size: x-large;\"><\/p>\n<p><\/span><\/div>\n<div align=\"center\" class=\"western\" style=\"font-style: normal; font-variant: normal; letter-spacing: normal; line-height: 150%; margin-bottom: 0cm; orphans: 2; widows: 2;\">\n<span style=\"font-family: Book Antiqua, serif;\"><span style=\"font-size: x-large;\"><b>ALBO:<\/b><\/span><\/span><\/div>\n<div align=\"justify\" class=\"western\" style=\"font-style: normal; font-variant: normal; letter-spacing: normal; line-height: 150%; margin-bottom: 0cm; orphans: 2; text-indent: 1.3cm; widows: 2;\">\n<span style=\"font-size: x-large;\"><\/p>\n<p><\/span><\/div>\n<div align=\"justify\" class=\"western\" style=\"line-height: 150%; margin-bottom: 0cm;\">\n<span style=\"font-family: Book Antiqua, serif;\"><span style=\"font-size: x-large;\"><b>CZYTANIE<br \/>\nZ DZIEJ\u00d3W APOSTOLSKICH:<\/b><\/span><\/span><\/div>\n<div align=\"justify\" class=\"western\" style=\"background: transparent; font-style: normal; font-variant: normal; letter-spacing: normal; line-height: 150%; margin-bottom: 0cm; orphans: 2; page-break-before: auto; text-indent: 1.3cm; widows: 2;\">\n<span style=\"font-size: x-large;\"><span style=\"font-family: Book Antiqua, serif;\"><b>Jeden<br \/>\nduch i jedno serce o\u017cywia\u0142y wszystkich wierz\u0105cych. \u017baden nie<br \/>\nnazywa\u0142 swoim tego, co posiada\u0142, ale wszystko mieli wsp\u00f3lne. <\/b><\/span><br \/>\n<\/span><\/div>\n<div align=\"justify\" class=\"western\" style=\"background: transparent; font-style: normal; font-variant: normal; letter-spacing: normal; line-height: 150%; margin-bottom: 0cm; orphans: 2; text-indent: 1.3cm; widows: 2;\">\n<span style=\"font-size: x-large;\"><span style=\"font-family: Book Antiqua, serif;\"><b>Aposto\u0142owie<br \/>\nz wielk\u0105 moc\u0105 \u015bwiadczyli o zmartwychwstaniu Pana Jezusa, a wszyscy<br \/>\noni mieli wielk\u0105 \u0142ask\u0119. <\/b><\/span><br \/>\n<\/span><\/div>\n<div align=\"justify\" class=\"western\" style=\"background: transparent; font-style: normal; font-variant: normal; letter-spacing: normal; line-height: 150%; margin-bottom: 0cm; orphans: 2; text-indent: 1.3cm; widows: 2;\">\n<span style=\"font-family: Book Antiqua, serif;\"><span style=\"font-size: x-large;\"><b>Nikt<br \/>\nz nich nie cierpia\u0142 niedostatku, bo w\u0142a\u015bciciele p\u00f3l albo dom\u00f3w<br \/>\nsprzedawali je i przynosili pieni\u0105dze uzyskane ze sprzeda\u017cy, i<br \/>\nsk\u0142adali je u st\u00f3p Aposto\u0142\u00f3w. Ka\u017cdemu te\u017c rozdzielano wed\u0142ug<br \/>\npotrzeby.<\/b><\/span><\/span><\/div>\n<div align=\"justify\" class=\"western\" style=\"line-height: 150%; margin-bottom: 0cm;\">\n<span style=\"font-size: x-large;\"><\/p>\n<p><\/span><\/div>\n<div align=\"justify\" class=\"western\" style=\"line-height: 150%; margin-bottom: 0cm;\">\n<span style=\"font-family: Book Antiqua, serif;\"><span style=\"font-size: x-large;\"><b>S\u0141OWA<br \/>\nEWANGELII WED\u0141UG \u015aWI\u0118TEGO MATEUSZA:<\/b><\/span><\/span><\/div>\n<div align=\"justify\" class=\"western\" style=\"background: transparent; line-height: 150%; margin-bottom: 0cm; orphans: 2; page-break-before: auto; text-indent: 1.3cm; widows: 2;\">\n<span style=\"font-size: x-large;\"><span style=\"font-family: Book Antiqua, serif;\"><b>Piotr<br \/>\npowiedzia\u0142 do Jezusa: \u201eOto my opu\u015bcili\u015bmy wszystko i poszli\u015bmy<br \/>\nza Tob\u0105, c\u00f3\u017c wi\u0119c otrzymamy?\u201d <\/b><\/span><br \/>\n<\/span><\/div>\n<div align=\"justify\" class=\"western\" style=\"background: transparent; line-height: 150%; margin-bottom: 0cm; orphans: 2; text-indent: 1.3cm; widows: 2;\">\n<span style=\"font-family: Book Antiqua, serif;\"><span style=\"font-size: x-large;\"><b>Jezus<br \/>\nza\u015b rzek\u0142 do nich: \u201eZaprawd\u0119, powiadam wam: Przy odrodzeniu, gdy<br \/>\nSyn Cz\u0142owieczy zasi\u0105dzie na swym tronie chwa\u0142y, wy, kt\u00f3rzy<br \/>\nposzli\u015bcie za Mn\u0105, zasi\u0105dziecie r\u00f3wnie\u017c na dwunastu tronach i<br \/>\nb\u0119dziecie s\u0105dzi\u0107 dwana\u015bcie pokole\u0144 Izraela. I ka\u017cdy, kto dla<br \/>\nmego imienia opu\u015bci dom, braci lub siostry, ojca lub matk\u0119, dzieci<br \/>\nlub pole, stokro\u0107 tyle otrzyma i \u017cycie wieczne odziedziczy\u201d.<\/b><\/span><\/span><\/div>\n<div align=\"justify\" class=\"western\" style=\"line-height: 150%; margin-bottom: 0cm;\">\n<span style=\"font-size: x-large;\"><\/p>\n<p><\/span><\/div>\n<div align=\"justify\" class=\"western\" style=\"line-height: 150%; margin-bottom: 0cm; orphans: 2; page-break-before: auto; text-indent: 1.3cm; widows: 2;\">\n<span style=\"font-size: x-large;\"><span style=\"font-family: Book Antiqua, serif;\">Patron<br \/>\ndnia dzisiejszego, <\/span><span style=\"font-family: Book Antiqua, serif;\"><b>Benedykt<br \/>\nz Nursji<\/b><\/span><span style=\"font-family: Book Antiqua, serif;\">, nale\u017cy do<br \/>\nnajznamienitszych postaci w Ko\u015bciele \u0142aci\u0144skim. <\/span><span style=\"font-family: Book Antiqua, serif;\"><b>Ws\u0142awi\u0142<br \/>\nsi\u0119 niezwykle m\u0105dr\u0105 i wywa\u017con\u0105 \u201eRegu\u0142\u0105\u201d, <\/b><\/span><span style=\"font-family: Book Antiqua, serif;\">kt\u00f3ra<br \/>\nsta\u0142a si\u0119 podstaw\u0105 do tworzenia bardzo wielu p\u00f3\u017aniejszych rodzin<br \/>\nzakonnych na Zachodzie. Przez za\u0142o\u017cony przez siebie <\/span><span style=\"font-family: Book Antiqua, serif;\"><span style=\"font-weight: normal;\">zakon<br \/>\nprzyczyni\u0142 si\u0119<\/span><\/span><span style=\"font-family: Book Antiqua, serif;\"><b><br \/>\nnie tylko do pog\u0142\u0119bienia \u017cycia religijnego w Ko\u015bciele,<\/b><\/span><span style=\"font-family: Book Antiqua, serif;\"><br \/>\nale i szeroko rozumianej kultury. Jego synowie duchowi zas\u0142u\u017cyli<br \/>\nsi\u0119 najwi\u0119cej dla pozyskania Chrystusowi lud\u00f3w germa\u0144skich. <\/span><br \/>\n<\/span><\/div>\n<div align=\"justify\" class=\"western\" style=\"line-height: 150%; margin-bottom: 0cm; orphans: 2; text-indent: 1.3cm; widows: 2;\">\n<span style=\"font-size: x-large;\"><span style=\"font-family: Book Antiqua, serif;\">Wszystkie<br \/>\nte racje sk\u0142oni\u0142y Papie\u017ca Paw\u0142a VI do tego, by w 1964 roku<br \/>\nwyr\u00f3\u017cni\u0107 \u015awi\u0119tego Benedykta zaszczytnym <\/span><span style=\"font-family: Book Antiqua, serif;\"><b>tytu\u0142em<br \/>\ng\u0142\u00f3wnego Patrona Europy.<\/b><\/span><span style=\"font-family: Book Antiqua, serif;\"><br \/>\nJednak\u017ce, chocia\u017c Benedykt zajmuje w dziejach Ko\u015bcio\u0142a<br \/>\nKatolickiego poczesne miejsce, to <\/span><span style=\"font-family: Book Antiqua, serif;\"><b>udokumentowane<br \/>\nwiadomo\u015bci o nim s\u0105 nik\u0142e.<\/b><\/span><span style=\"font-family: Book Antiqua, serif;\"><br \/>\n<\/span><br \/>\n<\/span><\/div>\n<div align=\"justify\" class=\"western\" style=\"line-height: 150%; margin-bottom: 0cm; orphans: 2; text-indent: 1.3cm; widows: 2;\">\n<span style=\"font-size: x-large;\"><span style=\"font-family: Book Antiqua, serif;\">Podstawowym<br \/>\n\u017ar\u00f3d\u0142em, z jakiego dowiadujemy si\u0119 o <\/span><span style=\"font-family: Book Antiqua, serif;\">jego<\/span><span style=\"font-family: Book Antiqua, serif;\"><br \/>\n\u017cyciu i dzia\u0142alno\u015bci, jest <\/span><span style=\"font-family: Book Antiqua, serif;\"><b>dzie\u0142o<br \/>\n\u015awi\u0119tego Papie\u017ca Grzegorza I Wielkiego, <\/b><\/span><span style=\"font-family: Book Antiqua, serif;\"><span style=\"font-weight: normal;\">zatytu\u0142owane<\/span><\/span><span style=\"font-family: Book Antiqua, serif;\"><b><br \/>\n\u201eDialogi\u201d.<\/b><\/span><span style=\"font-family: Book Antiqua, serif;\"> Grzegorz,<br \/>\nzanim zosta\u0142 Papie\u017cem, by\u0142 mnichem benedykty\u0144skim, \u017cyj\u0105cym<br \/>\n<\/span><span style=\"font-family: Book Antiqua, serif;\">niemal\u017ce wsp\u00f3\u0142cze\u015bnie z<br \/>\n<\/span><span style=\"font-family: Book Antiqua, serif;\">Benedykt<\/span><span style=\"font-family: Book Antiqua, serif;\">em<\/span><span style=\"font-family: Book Antiqua, serif;\">,<br \/>\ndlatego jego dzie\u0142o warto zauwa\u017cy\u0107. Niestety, pisz\u0105c je, <\/span><span style=\"font-family: Book Antiqua, serif;\"><b>nie<br \/>\nwzi\u0105\u0142 <\/b><\/span><span style=\"font-family: Book Antiqua, serif;\"><b>on <\/b><\/span><span style=\"font-family: Book Antiqua, serif;\"><b>sobie<br \/>\nza cel podani<\/b><\/span><span style=\"font-family: Book Antiqua, serif;\"><b>a<\/b><\/span><span style=\"font-family: Book Antiqua, serif;\"><b><br \/>\n<\/b><\/span><span style=\"font-family: Book Antiqua, serif;\"><b>solidnej <\/b><\/span><span style=\"font-family: Book Antiqua, serif;\"><b>biografii,<br \/>\n<\/b><\/span><span style=\"font-family: Book Antiqua, serif;\"><span style=\"font-weight: normal;\">co<\/span><\/span><span style=\"font-family: Book Antiqua, serif;\"><span style=\"font-weight: normal;\"><br \/>\nraczej <\/span><\/span><span style=\"font-family: Book Antiqua, serif;\"><span style=\"font-weight: normal;\">osobist\u0105<br \/>\nopowie\u015b\u0107 o \u017cyciu<\/span><\/span><span style=\"font-family: Book Antiqua, serif;\"><span style=\"font-weight: normal;\"><br \/>\nBenedykta. <\/span><\/span><span style=\"font-family: Book Antiqua, serif;\">St\u0105d w<br \/>\n\u201eDialogach\u201d ma\u0142o jest danych historycznych, a wiele w\u0105tk\u00f3w<br \/>\nwr\u0119cz legendarnych. <\/span><br \/>\n<\/span><\/div>\n<div align=\"justify\" class=\"western\" style=\"line-height: 150%; margin-bottom: 0cm; orphans: 2; text-indent: 1.3cm; widows: 2;\">\n<span style=\"font-size: x-large;\"><span style=\"font-family: Book Antiqua, serif;\">Z<br \/>\ntego, co wiemy, <\/span><span style=\"font-family: Book Antiqua, serif;\"><span style=\"font-weight: normal;\">Benedykt<br \/>\n<\/span><\/span><span style=\"font-family: Book Antiqua, serif;\"><b>urodzi\u0142 si\u0119 oko\u0142o<br \/>\nroku 480, <\/b><\/span><span style=\"font-family: Book Antiqua, serif;\"><span style=\"font-weight: normal;\">wraz<br \/>\nze swoj\u0105 bli\u017aniacz\u0105 siostr\u0105,<\/span><\/span><span style=\"font-family: Book Antiqua, serif;\"><b><br \/>\n\u015awi\u0119t\u0105 Scholastyk\u0105.<\/b><\/span><span style=\"font-family: Book Antiqua, serif;\"><br \/>\nPierwsze nauki pobiera\u0142 w rodzinnym miasteczku. Na dalsze studia<br \/>\nuda\u0142 si\u0119 do Rzymu, w kt\u00f3rym jednak nie pozosta\u0142 d\u0142ugo. Opu\u015bci\u0142<br \/>\n<\/span><span style=\"font-family: Book Antiqua, serif;\">go<\/span><span style=\"font-family: Book Antiqua, serif;\">,<br \/>\ngdy\u017c <\/span><span style=\"font-family: Book Antiqua, serif;\"><b>chcia\u0142 odda\u0107 si\u0119<br \/>\nPanu Bogu na wy\u0142\u0105czn\u0105 s\u0142u\u017cb\u0119 jako asceta.<\/b><\/span><span style=\"font-family: Book Antiqua, serif;\"><br \/>\nPrzeni\u00f3s\u0142 si\u0119 wi\u0119c do Subiaco, gdzie znalaz\u0142 <\/span><span style=\"font-family: Book Antiqua, serif;\">tak<br \/>\nbardzo upragnion\u0105<\/span><span style=\"font-family: Book Antiqua, serif;\"> cisz\u0119 \u2013<br \/>\n<\/span><span style=\"font-family: Book Antiqua, serif;\">w surowej<\/span><span style=\"font-family: Book Antiqua, serif;\"><br \/>\ngro<\/span><span style=\"font-family: Book Antiqua, serif;\">cie<\/span><span style=\"font-family: Book Antiqua, serif;\">,<br \/>\nw kt\u00f3rej <\/span><span style=\"font-family: Book Antiqua, serif;\"><b>zamieszka\u0142 i<br \/>\nodda\u0142 si\u0119 wy\u0142\u0105cznie kontemplacji.<\/b><\/span><span style=\"font-family: Book Antiqua, serif;\"><br \/>\nZ r\u0105k jakiego\u015b mnicha przyj\u0105\u0142 habit. <\/span><br \/>\n<\/span><\/div>\n<div align=\"justify\" class=\"western\" style=\"line-height: 150%; margin-bottom: 0cm; orphans: 2; text-indent: 1.3cm; widows: 2;\">\n<span style=\"font-size: x-large;\"><span style=\"font-family: Book Antiqua, serif;\">Wspomniana<\/span><span style=\"font-family: Book Antiqua, serif;\"><br \/>\ngrota <\/span><span style=\"font-family: Book Antiqua, serif;\"><b>zapewnia\u0142a mu<br \/>\nzupe\u0142ny spok\u00f3j.<\/b><\/span><span style=\"font-family: Book Antiqua, serif;\"><br \/>\nPrzebywa\u0142 <\/span><span style=\"font-family: Book Antiqua, serif;\">w niej<\/span><span style=\"font-family: Book Antiqua, serif;\"><br \/>\ntrzy lata. Miejscowi g\u00f3rale, wypasaj\u0105cy kozy, zaopatrywali go w<br \/>\nkonieczn\u0105 \u017cywno\u015b\u0107. Z czasem te\u017c zacz\u0119li przy\u0142\u0105cza\u0107 si\u0119 do<br \/>\n<\/span><span style=\"font-family: Book Antiqua, serif;\">pierwsi<\/span><span style=\"font-family: Book Antiqua, serif;\"><br \/>\nuczniowie. <\/span><span style=\"font-family: Book Antiqua, serif;\"><span style=\"font-weight: normal;\">Pod<br \/>\njego kierunkiem utworzono<\/span><\/span><span style=\"font-family: Book Antiqua, serif;\"><b><br \/>\ndwana\u015bcie ma\u0142ych klasztork\u00f3w, po dwunastu uczni\u00f3w ka\u017cdy.<\/b><\/span><span style=\"font-family: Book Antiqua, serif;\"><br \/>\nNa czele ka\u017cdego z nich postawi\u0142 Benedykt <\/span><span style=\"font-family: Book Antiqua, serif;\"><b>prze\u0142o\u017conych,<br \/>\nod siebie bezpo\u015brednio zale\u017cnych.<\/b><\/span><span style=\"font-family: Book Antiqua, serif;\"><br \/>\nZ czasem jednak opu\u015bci\u0142 i to miejsce. Nie wiemy, dlaczego to<br \/>\nuczyni\u0142. \u015awi\u0119ty Grzegorz wymienia \u2013 jako przyczyn\u0119 \u2013 <\/span><span style=\"font-family: Book Antiqua, serif;\"><b>niech\u0119\u0107<br \/>\nmiejscowego duchowie\u0144stwa.<\/b><\/span><span style=\"font-family: Book Antiqua, serif;\"><br \/>\n<\/span><br \/>\n<\/span><\/div>\n<div align=\"justify\" class=\"western\" style=\"line-height: 150%; margin-bottom: 0cm; orphans: 2; text-indent: 1.3cm; widows: 2;\">\n<span style=\"font-size: x-large;\"><span style=\"font-family: Book Antiqua, serif;\">Benedykt<br \/>\nzabra\u0142 ze sob\u0105 najgorliwszych i najbardziej oddanych uczni\u00f3w <\/span><span style=\"font-family: Book Antiqua, serif;\"><b>i<br \/>\nprzeni\u00f3s\u0142 si\u0119 z nimi na Monte Cassino,<\/b><\/span><span style=\"font-family: Book Antiqua, serif;\"><br \/>\ndo ruin dawnej fortecy rzymskiej. Budow\u0119 nowego klasztoru <\/span><span style=\"font-family: Book Antiqua, serif;\"><b>rozpocz\u0105\u0142<br \/>\nod wyburzenia poga\u0144skiej \u015bwi\u0105tyni Jowisza i Apollina.<\/b><\/span><span style=\"font-family: Book Antiqua, serif;\"><br \/>\nKiedy stan\u0105\u0142 ju\u017c ko\u015bci\u00f3\u0142 i klasztor, kt\u00f3rego mury zacz\u0119\u0142y<br \/>\nsi\u0119 zape\u0142nia\u0107 kandydatami na mnich\u00f3w, <\/span><span style=\"font-family: Book Antiqua, serif;\"><b>Benedykt<br \/>\npostanowi\u0142 u\u0142o\u017cy\u0107 regu\u0142\u0119.<\/b><\/span><span style=\"font-family: Book Antiqua, serif;\"><br \/>\n<\/span><br \/>\n<\/span><\/div>\n<div align=\"justify\" class=\"western\" style=\"line-height: 150%; margin-bottom: 0cm; orphans: 2; text-indent: 1.3cm; widows: 2;\">\n<span style=\"font-size: x-large;\"><span style=\"font-family: Book Antiqua, serif;\">Mia\u0142<br \/>\nju\u017c sporo do\u015bwiadczenia, a d\u0142ugie lata rz\u0105d\u00f3w na Monte Cassino<br \/>\npozwoli\u0142y w praktyce wypr\u00f3bowa\u0107 nowe przepisy. <\/span><span style=\"font-family: Book Antiqua, serif;\"><b>Roztropny<br \/>\nPrawodawca zmienia\u0142 je i stale <\/b><\/span><span style=\"font-family: Book Antiqua, serif;\"><b>u<\/b><\/span><span style=\"font-family: Book Antiqua, serif;\"><b>doskonal<\/b><\/span><span style=\"font-family: Book Antiqua, serif;\"><b>a<\/b><\/span><span style=\"font-family: Book Antiqua, serif;\"><b>\u0142.<\/b><\/span><span style=\"font-family: Book Antiqua, serif;\"><br \/>\nRegu\u0142a benedykty\u0144ska przesz\u0142a zatem okres d\u0142ugiej pr\u00f3by i<br \/>\ndo\u015bwiadcze\u0144. Wprawdzie jej orygina\u0142 zagin\u0105\u0142, jednak\u017ce zachowa\u0142o<br \/>\nsi\u0119 wiele odpis\u00f3w. <\/span><br \/>\n<\/span><\/div>\n<div align=\"justify\" class=\"western\" style=\"line-height: 150%; margin-bottom: 0cm; orphans: 2; text-indent: 1.3cm; widows: 2;\">\n<span style=\"font-size: x-large;\"><span style=\"font-family: Book Antiqua, serif;\">Nie<br \/>\nby\u0142a to regu\u0142a surowa \u2013 jak inne \u00f3wczesne regu\u0142y zakonne.<br \/>\n<\/span><span style=\"font-family: Book Antiqua, serif;\"><b>Zasadnicz\u0105 jej cech\u0105<br \/>\nsta\u0142 si\u0119 umiar.<\/b><\/span><span style=\"font-family: Book Antiqua, serif;\"> Zar\u00f3wno<br \/>\nw modlitwie, jak i uczynkach pokutnych; tak w pracy, jak i w<br \/>\nspoczynku, czy te\u017c w posi\u0142ku \u2013 we wszystkim <\/span><span style=\"font-family: Book Antiqua, serif;\"><b>zaleca\u0142a<br \/>\ntak zwany \u201ez\u0142oty \u015brodek\u201d.<\/b><\/span><\/span><\/div>\n<div align=\"justify\" class=\"western\" style=\"line-height: 150%; margin-bottom: 0cm; orphans: 2; text-indent: 1.3cm; widows: 2;\">\n<span style=\"font-size: x-large;\"><span style=\"font-family: Book Antiqua, serif;\">Celem<br \/>\nzasadniczym, jaki Za\u0142o\u017cyciel wytyczy\u0142 swoim synom duchowym, <\/span><span style=\"font-family: Book Antiqua, serif;\"><b>sta\u0142a<br \/>\nsi\u0119 natomiast s\u0142u\u017cba Bo\u017ca.<\/b><\/span><span style=\"font-family: Book Antiqua, serif;\"><br \/>\nCa\u0142e \u017cycie mnicha, jego wszystkie chwile i czynno\u015bci, winny<br \/>\nzmierza\u0107 do tego, by <\/span><span style=\"font-family: Book Antiqua, serif;\"><b>pomna\u017ca\u0142y<br \/>\nchwa\u0142\u0119 Stworzyciela.<\/b><\/span><span style=\"font-family: Book Antiqua, serif;\"><br \/>\nJako swoj\u0105 dewiz\u0119 przyj\u0105\u0142 nasz Patron s\u0142owa: <\/span><span style=\"font-family: Book Antiqua, serif;\"><b>\u201e<\/b><\/span><span style=\"font-family: Book Antiqua, serif;\"><b>Ora<br \/>\net labora!\u201d<\/b><\/span><span style=\"font-family: Book Antiqua, serif;\"><b> \u2013<br \/>\n\u201eM\u00f3dl si\u0119 i pracuj!\u201d<\/b><\/span><span style=\"font-family: Book Antiqua, serif;\"><br \/>\n<\/span><br \/>\n<\/span><\/div>\n<div align=\"justify\" class=\"western\" style=\"line-height: 150%; margin-bottom: 0cm; orphans: 2; text-indent: 1.3cm; widows: 2;\">\n<span style=\"font-size: x-large;\"><span style=\"font-family: Book Antiqua, serif;\">Ze<br \/>\nszczeg\u00f3ln\u0105 pieczo\u0142owito\u015bci\u0105 <\/span><span style=\"font-family: Book Antiqua, serif;\"><b>strzeg\u0142<br \/>\nte\u017c kultu liturgicznego,<\/b><\/span><span style=\"font-family: Book Antiqua, serif;\"><br \/>\nco pozosta\u0142o do <\/span><span style=\"font-family: Book Antiqua, serif;\">naszych <\/span><span style=\"font-family: Book Antiqua, serif;\">dni<br \/>\npi\u0119knym dziedzictwem jego zakonu. Powa\u017cn\u0105 cz\u0119\u015b\u0107 dnia swoich<br \/>\nzakonnik\u00f3w <\/span><span style=\"font-family: Book Antiqua, serif;\"><b>przeznaczy\u0142<br \/>\nna \u201e<\/b><\/span><span style=\"font-family: Book Antiqua, serif;\"><b>lectio divina\u201d<\/b><\/span><span style=\"font-family: Book Antiqua, serif;\"><br \/>\n\u2013 a wi\u0119c czytanie Pisma \u015awi\u0119tego i osobist\u0105 refleksj\u0119 nad <\/span><span style=\"font-family: Book Antiqua, serif;\">n<\/span><span style=\"font-family: Book Antiqua, serif;\">im.<br \/>\nPonadto, wprowadzi\u0142 do zakonu <\/span><span style=\"font-family: Book Antiqua, serif;\"><b>profesj\u0119,<br \/>\nczyli zagwarantowan\u0105 prawem przynale\u017cno\u015b\u0107 do klasztoru;<\/b><\/span><span style=\"font-family: Book Antiqua, serif;\"><br \/>\na tak\u017ce \u2013 tak zwan\u0105 <\/span><span style=\"font-family: Book Antiqua, serif;\"><b>stabilno\u015b\u0107<br \/>\nmiejsca,<\/b><\/span><span style=\"font-family: Book Antiqua, serif;\"> czyli<br \/>\nzobowi\u0105zanie mnich\u00f3w do pozostawania w jednym klasztorze a\u017c do<br \/>\n\u015bmierci. <\/span><br \/>\n<\/span><\/div>\n<div align=\"justify\" class=\"western\" style=\"line-height: 150%; margin-bottom: 0cm; orphans: 2; text-indent: 1.3cm; widows: 2;\">\n<span style=\"font-size: x-large;\"><span style=\"font-family: Book Antiqua, serif;\">Regu\u0142a<br \/>\n\u015awi\u0119tego Benedykta sta\u0142a si\u0119 podstaw\u0105 dla wielu innych, a s\u0142awa<br \/>\njej Autora rozchodzi\u0142a si\u0119 szeroko. Powi\u0119ksza\u0107 j\u0105 jeszcze mia\u0142y<br \/>\ncuda, o kt\u00f3rych wspomina \u015awi\u0119ty Grzegorz. <\/span><span style=\"font-family: Book Antiqua, serif;\"><b>\u015awi\u0119ty<br \/>\nBenedykt zmar\u0142 21 marca 547 roku,<\/b><\/span><span style=\"font-family: Book Antiqua, serif;\"><br \/>\nw kilka dni po \u015bmierci swojej <\/span><span style=\"font-family: Book Antiqua, serif;\">S<\/span><span style=\"font-family: Book Antiqua, serif;\">iostry,<br \/>\n\u015awi\u0119tej Scholastyki, <\/span><span style=\"font-family: Book Antiqua, serif;\">Z<\/span><span style=\"font-family: Book Antiqua, serif;\">a\u0142o\u017cycielki<br \/>\n\u017ce\u0144skiej ga\u0142\u0119zi benedyktyn\u00f3w. Pochowano ich razem we wsp\u00f3lnym<br \/>\ngrobie, na Monte Cassino. <\/span><br \/>\n<\/span><\/div>\n<div align=\"justify\" class=\"western\" style=\"line-height: 150%; margin-bottom: 0cm; orphans: 2; text-indent: 1.3cm; widows: 2;\">\n<span style=\"font-size: x-large;\"><span style=\"font-family: Book Antiqua, serif;\">I<br \/>\njakkolwiek na skutek r\u00f3\u017cnych gro\u017anych najazd\u00f3w wrog\u00f3w trzeba<br \/>\nby\u0142o przenie\u015b\u0107 jedne i drugie relikwie do Francji, co dokona\u0142o<br \/>\nsi\u0119 <\/span><span style=\"font-family: Book Antiqua, serif;\"><b>11 lipca 673 roku,<\/b><\/span><span style=\"font-family: Book Antiqua, serif;\"><br \/>\nto jednak z czasem znaczna <\/span><span style=\"font-family: Book Antiqua, serif;\">ich<br \/>\n<\/span><span style=\"font-family: Book Antiqua, serif;\">cz\u0119\u015b\u0107 powr\u00f3ci\u0142a na Monte<br \/>\nCassino. <\/span><span style=\"font-family: Book Antiqua, serif;\"><b>I w\u0142a\u015bnie ten<br \/>\ndzie\u0144 przeniesienia relikwii, 11 lipca, Papie\u017c Pawe\u0142 VI ustanowi\u0142<br \/>\ndorocznym <\/b><\/span><span style=\"font-family: Book Antiqua, serif;\"><b>\u015a<\/b><\/span><span style=\"font-family: Book Antiqua, serif;\"><b>wi\u0119tem<br \/>\nnaszego Patrona.<\/b><\/span><\/span><\/div>\n<div align=\"justify\" class=\"western\" style=\"line-height: 150%; margin-bottom: 0cm; orphans: 2; text-indent: 1.3cm; widows: 2;\">\n<span style=\"font-size: x-large;\"><span style=\"font-family: Book Antiqua, serif;\">Pocz\u0105wszy<br \/>\nod dnia \u015bmierci, \u015awi\u0119ty Benedykt odbiera\u0142 od swoich duchowych<br \/>\nsyn\u00f3w wielk\u0105 cze\u015b\u0107. Do jego grobu nap\u0142ywali liczni pielgrzymi.<br \/>\n<\/span><span style=\"font-family: Book Antiqua, serif;\"><b>Rych\u0142o te\u017c jego kult<br \/>\nsta\u0142 si\u0119 w\u0142asno\u015bci\u0105 ca\u0142ego Ko\u015bcio\u0142a.<\/b><\/span><span style=\"font-family: Book Antiqua, serif;\"><br \/>\nKu czci Patriarchy u\u0142o\u017cono mn\u00f3stwo hymn\u00f3w, sekwencji i modlitw.<br \/>\nJego <\/span><span style=\"font-family: Book Antiqua, serif;\"><b>\u201eRegu\u0142a\u201d wywar\u0142a<br \/>\npowa\u017cny wp\u0142yw na ca\u0142e \u017cycie Europy Zachodniej.<\/b><\/span><span style=\"font-family: Book Antiqua, serif;\"><br \/>\nDzie\u0142o Benedykta jest imponuj\u0105ce, niepowtarzalne <\/span><span style=\"font-family: Book Antiqua, serif;\">i<br \/>\nniepodwa\u017calne.<\/span><\/span><\/div>\n<div align=\"justify\" class=\"western\" style=\"line-height: 150%; margin-bottom: 0cm; orphans: 2; text-indent: 1.3cm; widows: 2;\">\n<span style=\"font-size: x-large;\"><span style=\"font-family: Book Antiqua, serif;\">A<br \/>\nodnosz\u0105c si\u0119 do <\/span><span style=\"font-family: Book Antiqua, serif;\">dzisiejszych<br \/>\n<\/span><span style=\"font-family: Book Antiqua, serif;\">czyta\u0144 mszalnych, to w<br \/>\npierwszym z nich, jakie mamy dzi\u015b do wyboru, z Ksi\u0119gi Przys\u0142\u00f3w \u2013<br \/>\n<\/span><span style=\"font-family: Book Antiqua, serif;\"><b>jak by\u015bmy s\u0142yszeli<br \/>\nsamego Benedykta,<\/b><\/span><span style=\"font-family: Book Antiqua, serif;\"> kt\u00f3ry<br \/>\ns\u0142owami Autora natchnionego zwraca si\u0119 do swoich uczni\u00f3w, i do nas<br \/>\nwszystkich, s\u0142owami ojcowskiego napomnienia: <\/span><span style=\"font-variant: normal;\"><span style=\"font-family: Book Antiqua, serif;\"><span style=\"letter-spacing: normal;\"><i><b>Synu,<br \/>\nje\u015bli przyjmiesz moje nauki i zachowasz u siebie wskazania; ku<br \/>\nm\u0105dro\u015bci nachylisz swe ucho, ku roztropno\u015bci swe serce; je\u015bli<br \/>\nwezwiesz rozs\u0105dek, przywo\u0142asz dono\u015bnie rozwag\u0119, je\u015bli szuka\u0107<br \/>\njej poczniesz jak srebra i po\u017c\u0105da\u0107 jej b\u0119dziesz jak<\/b><\/i><\/span><\/span><\/span><span style=\"font-variant: normal;\"><span style=\"font-family: Book Antiqua, serif;\"><span style=\"letter-spacing: normal;\"><span style=\"font-style: normal;\"><b><br \/>\n<\/b><\/span><\/span><\/span><\/span><span style=\"font-variant: normal;\"><span style=\"font-family: Book Antiqua, serif;\"><span style=\"letter-spacing: normal;\"><i><b>skarb\u00f3w,<br \/>\nto boja\u017a\u0144 Pana zrozumiesz, osi\u0105gniesz znajomo\u015b\u0107 Boga. Bo Pan<br \/>\nudziela m\u0105dro\u015bci, z ust Jego wychodz\u0105 wiedza i roztropno\u015b\u0107; dla<br \/>\nprawych On chowa sw\u0105 pomoc, On jest tarcz\u0105 dla \u017cyj\u0105cych uczciwie.<br \/>\nOn strze\u017ce \u015bcie\u017cek prawo\u015bci, ochrania drogi pobo\u017cnych. Wtedy<br \/>\nsprawiedliwo\u015b\u0107 pojmiesz i prawo\u015b\u0107, i rzetelno\u015b\u0107, i ka\u017cd\u0105<br \/>\ndobr\u0105 \u015bcie\u017ck\u0119.<\/b><\/i><\/span><\/span><\/span><span style=\"font-variant: normal;\"><span style=\"font-family: Book Antiqua, serif;\"><span style=\"letter-spacing: normal;\"><span style=\"font-style: normal;\"><span style=\"font-weight: normal;\"><br \/>\nTak, przywo\u0142ujemy tu tre\u015b\u0107 ca\u0142ego pierwszego czytania, bo \u2013<br \/>\nzaprawd\u0119 \u2013 trudno uroni\u0107 cho\u0107by jedno s\u0142owo\u2026 <\/span><\/span><\/span><\/span><\/span><br \/>\n<\/span><\/div>\n<div align=\"justify\" class=\"western\" style=\"line-height: 150%; margin-bottom: 0cm; orphans: 2; text-indent: 1.3cm; widows: 2;\">\n<span style=\"font-size: x-large;\"><span style=\"font-variant: normal;\"><span style=\"font-family: Book Antiqua, serif;\"><span style=\"letter-spacing: normal;\"><span style=\"font-style: normal;\"><span style=\"font-weight: normal;\">A<br \/>\nz kolei drugie z dzisiejszych czyta\u0144 \u2013 to jakby <\/span><\/span><\/span><\/span><\/span><span style=\"font-variant: normal;\"><span style=\"font-family: Book Antiqua, serif;\"><span style=\"letter-spacing: normal;\"><span style=\"font-style: normal;\"><b>opis<br \/>\nwzajemnych relacji,<\/b><\/span><\/span><\/span><\/span><span style=\"font-variant: normal;\"><span style=\"font-family: Book Antiqua, serif;\"><span style=\"letter-spacing: normal;\"><span style=\"font-style: normal;\"><span style=\"font-weight: normal;\"><br \/>\npan<\/span><\/span><\/span><\/span><\/span><span style=\"font-variant: normal;\"><span style=\"font-family: Book Antiqua, serif;\"><span style=\"letter-spacing: normal;\"><span style=\"font-style: normal;\"><span style=\"font-weight: normal;\">uj\u0105cych<\/span><\/span><\/span><\/span><\/span><span style=\"font-variant: normal;\"><span style=\"font-family: Book Antiqua, serif;\"><span style=\"letter-spacing: normal;\"><span style=\"font-style: normal;\"><span style=\"font-weight: normal;\"><br \/>\nw benedykty\u0144skich klasztorach, szczeg\u00f3lnie w pierwszym okresie ich<br \/>\nistnienia. Szczeg\u00f3lnie my\u015blimy o tych s\u0142owach:<\/span><\/span><\/span><\/span><\/span><span style=\"font-variant: normal;\"><span style=\"font-family: Book Antiqua, serif;\"><span style=\"letter-spacing: normal;\"><i><span style=\"font-weight: normal;\"><br \/>\n<\/span><\/i><\/span><\/span><\/span><span style=\"font-variant: normal;\"><span style=\"font-family: Book Antiqua, serif;\"><span style=\"letter-spacing: normal;\"><i><b>Jeden<br \/>\nduch i jedno serce o\u017cywia\u0142y wszystkich wierz\u0105cych. \u017baden nie<br \/>\nnazywa\u0142 swoim tego, co posiada\u0142, ale wszystko mieli wsp\u00f3lne.<\/b><\/i><\/span><\/span><\/span><span style=\"font-variant: normal;\"><span style=\"font-family: Book Antiqua, serif;\"><span style=\"letter-spacing: normal;\"><span style=\"font-style: normal;\"><span style=\"font-weight: normal;\"><br \/>\nAle tak\u017ce i o tych: <\/span><\/span><\/span><\/span><\/span><span style=\"font-variant: normal;\"><span style=\"font-family: Book Antiqua, serif;\"><span style=\"letter-spacing: normal;\"><i><b>Aposto\u0142owie<br \/>\nz wielk\u0105 moc\u0105 \u015bwiadczyli o zmartwychwstaniu Pana Jezusa, a wszyscy<br \/>\noni mieli wielk\u0105 \u0142ask\u0119. <\/b><\/i><\/span><\/span><\/span><span style=\"font-variant: normal;\"><span style=\"font-family: Book Antiqua, serif;\"><span style=\"letter-spacing: normal;\"><span style=\"font-style: normal;\"><span style=\"font-weight: normal;\">O<br \/>\nto <\/span><\/span><\/span><\/span><\/span><span style=\"font-variant: normal;\"><span style=\"font-family: Book Antiqua, serif;\"><span style=\"letter-spacing: normal;\"><span style=\"font-style: normal;\"><span style=\"font-weight: normal;\">b\u0119dziemy<br \/>\n<\/span><\/span><\/span><\/span><\/span><span style=\"font-variant: normal;\"><span style=\"font-family: Book Antiqua, serif;\"><span style=\"letter-spacing: normal;\"><span style=\"font-style: normal;\"><span style=\"font-weight: normal;\">si\u0119<br \/>\ndzi\u015b modlili, aby taka <\/span><\/span><\/span><\/span><\/span><span style=\"font-variant: normal;\"><span style=\"font-family: Book Antiqua, serif;\"><span style=\"letter-spacing: normal;\"><span style=\"font-style: normal;\"><span style=\"font-weight: normal;\">atmosfera<br \/>\n<\/span><\/span><\/span><\/span><\/span><span style=\"font-variant: normal;\"><span style=\"font-family: Book Antiqua, serif;\"><span style=\"letter-spacing: normal;\"><span style=\"font-style: normal;\"><span style=\"font-weight: normal;\">panowa\u0142a<br \/>\nw nich zawsze. <\/span><\/span><\/span><\/span><\/span><br \/>\n<\/span><\/div>\n<div align=\"justify\" class=\"western\" style=\"line-height: 150%; margin-bottom: 0cm; orphans: 2; text-indent: 1.3cm; widows: 2;\">\n<span style=\"font-size: x-large;\"><span style=\"font-variant: normal;\"><span style=\"font-family: Book Antiqua, serif;\"><span style=\"letter-spacing: normal;\"><span style=\"font-style: normal;\"><span style=\"font-weight: normal;\">A<br \/>\nnie tylko w klasztorach benedykty\u0144skich, <\/span><\/span><\/span><\/span><\/span><span style=\"font-variant: normal;\"><span style=\"font-family: Book Antiqua, serif;\"><span style=\"letter-spacing: normal;\"><span style=\"font-style: normal;\"><span style=\"font-weight: normal;\">lecz<br \/>\ntak\u017ce<\/span><\/span><\/span><\/span><\/span><span style=\"font-variant: normal;\"><span style=\"font-family: Book Antiqua, serif;\"><span style=\"letter-spacing: normal;\"><span style=\"font-style: normal;\"><span style=\"font-weight: normal;\"><br \/>\n<\/span><\/span><\/span><\/span><\/span><span style=\"font-variant: normal;\"><span style=\"font-family: Book Antiqua, serif;\"><span style=\"letter-spacing: normal;\"><span style=\"font-style: normal;\"><b>w<br \/>\n\u017cyciu wszystkich chrze\u015bcijan,<\/b><\/span><\/span><\/span><\/span><span style=\"font-variant: normal;\"><span style=\"font-family: Book Antiqua, serif;\"><span style=\"letter-spacing: normal;\"><span style=\"font-style: normal;\"><span style=\"font-weight: normal;\"><br \/>\ndla kt\u00f3rych dzisiejszy Patron jest naprawd\u0119 wyj\u0105tkowym<br \/>\nPrzewodnikiem po drogach \u017cycia. <\/span><\/span><\/span><\/span><\/span><span style=\"font-variant: normal;\"><span style=\"font-family: Book Antiqua, serif;\"><span style=\"letter-spacing: normal;\"><span style=\"font-style: normal;\"><span style=\"font-weight: normal;\">Aby\u015bmy<br \/>\nwszyscy \u017cyli <\/span><\/span><\/span><\/span><\/span><span style=\"font-variant: normal;\"><span style=\"font-family: Book Antiqua, serif;\"><span style=\"letter-spacing: normal;\"><span style=\"font-style: normal;\"><b>w<br \/>\ntak pi\u0119knej jedno\u015bci<\/b><\/span><\/span><\/span><\/span><span style=\"font-variant: normal;\"><span style=\"font-family: Book Antiqua, serif;\"><span style=\"letter-spacing: normal;\"><span style=\"font-style: normal;\"><span style=\"font-weight: normal;\"><br \/>\n\u2013 i byli <\/span><\/span><\/span><\/span><\/span><span style=\"font-variant: normal;\"><span style=\"font-family: Book Antiqua, serif;\"><span style=\"letter-spacing: normal;\"><span style=\"font-style: normal;\"><b>aktywnymi<br \/>\naposto\u0142ami Jezusa.<\/b><\/span><\/span><\/span><\/span><\/span><\/div>\n<div align=\"justify\" class=\"western\" style=\"line-height: 150%; margin-bottom: 0cm; orphans: 2; text-indent: 1.3cm; widows: 2;\">\n<span style=\"font-size: x-large;\"><span style=\"font-variant: normal;\"><span style=\"font-family: Book Antiqua, serif;\"><span style=\"letter-spacing: normal;\"><span style=\"font-style: normal;\"><span style=\"font-weight: normal;\">I<br \/>\nwreszcie Ewangelia, kt\u00f3ra stanowi podsumowanie obu czyta\u0144 \u2013 i<br \/>\njednocze\u015bnie <\/span><\/span><\/span><\/span><\/span><span style=\"font-variant: normal;\"><span style=\"font-family: Book Antiqua, serif;\"><span style=\"letter-spacing: normal;\"><span style=\"font-style: normal;\"><b>podsumowanie<br \/>\nca\u0142ego ludzkiego \u017cycia,<\/b><\/span><\/span><\/span><\/span><span style=\"font-variant: normal;\"><span style=\"font-family: Book Antiqua, serif;\"><span style=\"letter-spacing: normal;\"><span style=\"font-style: normal;\"><span style=\"font-weight: normal;\"><br \/>\nuk\u0142adanego wed\u0142ug tych\u017ce Bo\u017cych s\u0142\u00f3w i wed\u0142ug zasad \u015awi\u0119tego<br \/>\nBenedykta \u2013 poprzez <\/span><\/span><\/span><\/span><\/span><span style=\"font-variant: normal;\"><span style=\"font-family: Book Antiqua, serif;\"><span style=\"letter-spacing: normal;\"><span style=\"font-style: normal;\"><b>zapowied\u017a<br \/>\nnagrody,<\/b><\/span><\/span><\/span><\/span><span style=\"font-variant: normal;\"><span style=\"font-family: Book Antiqua, serif;\"><span style=\"letter-spacing: normal;\"><span style=\"font-style: normal;\"><span style=\"font-weight: normal;\"><br \/>\njaka czeka tych, kt\u00f3rzy dla Jezusa opuszcz\u0105 wszystko. C\u00f3\u017c takiego<br \/>\notrzymaj\u0105? Jezus m\u00f3wi: <\/span><\/span><\/span><\/span><\/span><span style=\"font-variant: normal;\"><span style=\"font-family: Book Antiqua, serif;\"><span style=\"letter-spacing: normal;\"><i><b>Ka\u017cdy<\/b><\/i><\/span><\/span><\/span><span style=\"font-variant: normal;\"><span style=\"font-family: Book Antiqua, serif;\"><span style=\"letter-spacing: normal;\"><i><b>,<br \/>\nkto dla mego imienia opu\u015bci dom, braci lub siostry, ojca lub matk\u0119,<br \/>\ndzieci lub pole, stokro\u0107 tyle otrzyma i \u017cycie wieczne odziedziczy.<\/b><\/i><\/span><\/span><\/span><span style=\"font-variant: normal;\"><span style=\"font-family: Book Antiqua, serif;\"><span style=\"letter-spacing: normal;\"><span style=\"font-style: normal;\"><b><br \/>\n<\/b><\/span><\/span><\/span><\/span><span style=\"font-variant: normal;\"><span style=\"font-family: Book Antiqua, serif;\"><span style=\"letter-spacing: normal;\"><span style=\"font-style: normal;\"><span style=\"font-weight: normal;\">Czy<br \/>\nmo\u017cna chcie\u0107 czego\u015b wi\u0119cej? Albo czego\u015b innego?\u2026 <\/span><\/span><\/span><\/span><\/span><br \/>\n<\/span><\/div>\n<div align=\"justify\" class=\"western\" style=\"line-height: 150%; margin-bottom: 0cm; orphans: 2; text-indent: 1.3cm; widows: 2;\">\n<span style=\"font-size: x-large;\"><span style=\"font-variant: normal;\"><span style=\"font-family: Book Antiqua, serif;\"><span style=\"letter-spacing: normal;\"><span style=\"font-style: normal;\"><span style=\"font-weight: normal;\">Moi<br \/>\nDrodzy, jest jakim\u015b znakiem dzia\u0142ania Opatrzno\u015bci, \u017ce w\u0142a\u015bnie<br \/>\n<\/span><\/span><\/span><\/span><\/span><span style=\"font-variant: normal;\"><span style=\"font-family: Book Antiqua, serif;\"><span style=\"letter-spacing: normal;\"><span style=\"font-style: normal;\"><b>ten<br \/>\n\u015awi\u0119ty zosta\u0142 og\u0142oszony g\u0142\u00f3wnym Patronem Europy.<\/b><\/span><\/span><\/span><\/span><span style=\"font-variant: normal;\"><span style=\"font-family: Book Antiqua, serif;\"><span style=\"letter-spacing: normal;\"><span style=\"font-style: normal;\"><span style=\"font-weight: normal;\"><br \/>\nSzczeg\u00f3lnie obecnie widzimy, jak jest to aktualne i potrzebne.<br \/>\nEuropa w\u0142a\u015bnie dlatego jest <\/span><\/span><\/span><\/span><\/span><span style=\"font-variant: normal;\"><span style=\"font-family: Book Antiqua, serif;\"><span style=\"letter-spacing: normal;\"><span style=\"font-style: normal;\"><b>tak<br \/>\ntotalnie pogubiona i zaba\u0142aganiona<\/b><\/span><\/span><\/span><\/span><span style=\"font-variant: normal;\"><span style=\"font-family: Book Antiqua, serif;\"><span style=\"letter-spacing: normal;\"><span style=\"font-style: normal;\"><span style=\"font-weight: normal;\"><br \/>\n\u2013 moralnie i nie tylko \u2013 \u017ce odesz\u0142a od tego wspania\u0142ego<br \/>\nporz\u0105dku, jaki zaproponowa\u0142 jej \u015awi\u0119ty Benedykt: porz\u0105dku,<br \/>\nwynikaj\u0105cego <\/span><\/span><\/span><\/span><\/span><span style=\"font-variant: normal;\"><span style=\"font-family: Book Antiqua, serif;\"><span style=\"letter-spacing: normal;\"><span style=\"font-style: normal;\"><b>z<br \/>\npo\u0142\u0105czenia pracy i modlitwy;<\/b><\/span><\/span><\/span><\/span><span style=\"font-variant: normal;\"><span style=\"font-family: Book Antiqua, serif;\"><span style=\"letter-spacing: normal;\"><span style=\"font-style: normal;\"><span style=\"font-weight: normal;\"><br \/>\nz\u0142otego umiaru \u2013 z prawdziw\u0105 aktywno\u015bci\u0105 apostolsk\u0105 i zwyk\u0142\u0105,<br \/>\ncodzienn\u0105 aktywno\u015bci\u0105. <\/span><\/span><\/span><\/span><\/span><br \/>\n<\/span><\/div>\n<div align=\"justify\" class=\"western\" style=\"line-height: 150%; margin-bottom: 0cm; orphans: 2; text-indent: 1.3cm; widows: 2;\">\n<span style=\"font-size: x-large;\"><span style=\"font-variant: normal;\"><span style=\"font-family: Book Antiqua, serif;\"><span style=\"letter-spacing: normal;\"><span style=\"font-style: normal;\"><span style=\"font-weight: normal;\">Zabrak\u0142o<br \/>\ntego wszystkiego: <\/span><\/span><\/span><\/span><\/span><span style=\"font-variant: normal;\"><span style=\"font-family: Book Antiqua, serif;\"><span style=\"letter-spacing: normal;\"><span style=\"font-style: normal;\"><b>zabrak\u0142o<br \/>\nmodlitwy,<\/b><\/span><\/span><\/span><\/span><span style=\"font-variant: normal;\"><span style=\"font-family: Book Antiqua, serif;\"><span style=\"letter-spacing: normal;\"><span style=\"font-style: normal;\"><span style=\"font-weight: normal;\"><br \/>\npraca sta\u0142a si\u0119 dla wielu <\/span><\/span><\/span><\/span><\/span><span style=\"font-variant: normal;\"><span style=\"font-family: Book Antiqua, serif;\"><span style=\"letter-spacing: normal;\"><span style=\"font-style: normal;\"><b>celem<br \/>\nsamym w sobie; <\/b><\/span><\/span><\/span><\/span><span style=\"font-variant: normal;\"><span style=\"font-family: Book Antiqua, serif;\"><span style=\"letter-spacing: normal;\"><span style=\"font-style: normal;\"><span style=\"font-weight: normal;\">zabrak\u0142o<br \/>\numiaru na wielu obszarach, zabrak\u0142o po prostu miejsca dla Boga\u2026 I<br \/>\ndlatego mamy to, co mamy. <\/span><\/span><\/span><\/span><\/span><br \/>\n<\/span><\/div>\n<div align=\"justify\" class=\"western\" style=\"line-height: 150%; margin-bottom: 0cm; orphans: 2; text-indent: 1.3cm; widows: 2;\">\n<span style=\"font-size: x-large;\"><span style=\"font-variant: normal;\"><span style=\"font-family: Book Antiqua, serif;\"><span style=\"letter-spacing: normal;\"><span style=\"font-style: normal;\"><span style=\"font-weight: normal;\">Nie<br \/>\npozostaje zatem nic innego \u2013 i chyba to jest jedyne wyj\u015bcie z<br \/>\nca\u0142ego tego zamieszania \u2013 jak tylko <\/span><\/span><\/span><\/span><\/span><span style=\"font-variant: normal;\"><span style=\"font-family: Book Antiqua, serif;\"><span style=\"letter-spacing: normal;\"><span style=\"font-style: normal;\"><b>powr\u00f3<\/b><\/span><\/span><\/span><\/span><span style=\"font-variant: normal;\"><span style=\"font-family: Book Antiqua, serif;\"><span style=\"letter-spacing: normal;\"><span style=\"font-style: normal;\"><b>ci\u0107<\/b><\/span><\/span><\/span><\/span><span style=\"font-variant: normal;\"><span style=\"font-family: Book Antiqua, serif;\"><span style=\"letter-spacing: normal;\"><span style=\"font-style: normal;\"><b><br \/>\ndo zasad,<\/b><\/span><\/span><\/span><\/span><span style=\"font-variant: normal;\"><span style=\"font-family: Book Antiqua, serif;\"><span style=\"letter-spacing: normal;\"><span style=\"font-style: normal;\"><span style=\"font-weight: normal;\"><br \/>\nog\u0142oszonych i wypraktykowanych przez dzisiejszego Patrona i jego<br \/>\nuczni\u00f3w.<\/span><\/span><\/span><\/span><\/span><span style=\"font-variant: normal;\"><span style=\"font-family: Book Antiqua, serif;\"><span style=\"letter-spacing: normal;\"><span style=\"font-style: normal;\"><b><br \/>\nS\u0105 to przecie\u017c zasady ewangeliczne!<\/b><\/span><\/span><\/span><\/span><span style=\"font-variant: normal;\"><span style=\"font-family: Book Antiqua, serif;\"><span style=\"letter-spacing: normal;\"><span style=\"font-style: normal;\"><span style=\"font-weight: normal;\"><br \/>\n<\/span><\/span><\/span><\/span><\/span><br \/>\n<\/span><\/div>\n<div align=\"justify\" class=\"western\" style=\"line-height: 150%; margin-bottom: 0cm; orphans: 2; text-indent: 1.3cm; widows: 2;\">\n<span style=\"font-size: x-large;\"><span style=\"font-variant: normal;\"><span style=\"font-family: Book Antiqua, serif;\"><span style=\"letter-spacing: normal;\"><span style=\"font-style: normal;\"><span style=\"font-weight: normal;\">Szczeg\u00f3lnie<br \/>\nwarto <\/span><\/span><\/span><\/span><\/span><span style=\"font-variant: normal;\"><span style=\"font-family: Book Antiqua, serif;\"><span style=\"letter-spacing: normal;\"><span style=\"font-style: normal;\"><b>zadba\u0107<br \/>\no owo: \u201eet\u201d, <\/b><\/span><\/span><\/span><\/span><span style=\"font-variant: normal;\"><span style=\"font-family: Book Antiqua, serif;\"><span style=\"letter-spacing: normal;\"><span style=\"font-style: normal;\"><span style=\"font-weight: normal;\">czyli<br \/>\npo polsku \u201ei\u201d, kt\u00f3re \u2013 jak si\u0119 powszechnie uwa\u017ca \u2013 stanowi<br \/>\nnajwa\u017cniejszy element benedykty\u0144skiej regu\u0142y:<\/span><\/span><\/span><\/span><\/span><span style=\"font-variant: normal;\"><span style=\"font-family: Book Antiqua, serif;\"><span style=\"letter-spacing: normal;\"><span style=\"font-style: normal;\"><b><br \/>\n\u201eOra et labora!\u201d \u2013 \u201eM\u00f3dl si\u0119 i pracuj!\u201d<\/b><\/span><\/span><\/span><\/span><span style=\"font-variant: normal;\"><span style=\"font-family: Book Antiqua, serif;\"><span style=\"letter-spacing: normal;\"><span style=\"font-style: normal;\"><span style=\"font-weight: normal;\"><br \/>\nW\u0142a\u015bnie owo: <\/span><\/span><\/span><\/span><\/span><span style=\"font-variant: normal;\"><span style=\"font-family: Book Antiqua, serif;\"><span style=\"letter-spacing: normal;\"><span style=\"font-style: normal;\"><b>\u201eet\u201d<\/b><\/span><\/span><\/span><\/span><span style=\"font-variant: normal;\"><span style=\"font-family: Book Antiqua, serif;\"><span style=\"letter-spacing: normal;\"><span style=\"font-style: normal;\"><span style=\"font-weight: normal;\"><br \/>\n\u2013 czyli <\/span><\/span><\/span><\/span><\/span><span style=\"font-variant: normal;\"><span style=\"font-family: Book Antiqua, serif;\"><span style=\"letter-spacing: normal;\"><span style=\"font-style: normal;\"><b>po\u0142\u0105czenie<br \/>\njednego i drugiego.<\/b><\/span><\/span><\/span><\/span><span style=\"font-variant: normal;\"><span style=\"font-family: Book Antiqua, serif;\"><span style=\"letter-spacing: normal;\"><span style=\"font-style: normal;\"><span style=\"font-weight: normal;\"><br \/>\nJak\u017ce inn\u0105 rzeczywisto\u015b\u0107 mieliby\u015bmy w Europie i w naszej<br \/>\nOjczy\u017anie, gdyby\u015bmy chcieli <\/span><\/span><\/span><\/span><\/span><span style=\"font-variant: normal;\"><span style=\"font-family: Book Antiqua, serif;\"><span style=\"letter-spacing: normal;\"><span style=\"font-style: normal;\"><b>na<br \/>\nco dzie\u0144 kierowa\u0107 si\u0119<\/b><\/span><\/span><\/span><\/span><span style=\"font-variant: normal;\"><span style=\"font-family: Book Antiqua, serif;\"><span style=\"letter-spacing: normal;\"><span style=\"font-style: normal;\"><span style=\"font-weight: normal;\"><br \/>\nzasadami \u015awi\u0119tego Benedykta \u2013 czyli zasadami ewangelicznymi. <\/span><\/span><\/span><\/span><\/span><br \/>\n<\/span><\/div>\n<div align=\"justify\" class=\"western\" style=\"line-height: 150%; margin-bottom: 0cm; orphans: 2; text-indent: 1.3cm; widows: 2;\">\n<span style=\"font-size: x-large;\"><span style=\"font-variant: normal;\"><span style=\"font-family: Book Antiqua, serif;\"><span style=\"letter-spacing: normal;\"><span style=\"font-style: normal;\"><span style=\"font-weight: normal;\">Mo\u017ce<br \/>\nwi\u0119c, zamiast wzdycha\u0107 i marzy\u0107, zadbamy o to, aby zasady te w jak<br \/>\nnajwi\u0119kszym stopniu okre\u015bla\u0142y <\/span><\/span><\/span><\/span><\/span><span style=\"font-variant: normal;\"><span style=\"font-family: Book Antiqua, serif;\"><span style=\"letter-spacing: normal;\"><span style=\"font-style: normal;\"><b>nasz\u0105<br \/>\ncodzienn\u0105 postaw\u0119?<\/b><\/span><\/span><\/span><\/span><span style=\"font-variant: normal;\"><span style=\"font-family: Book Antiqua, serif;\"><span style=\"letter-spacing: normal;\"><span style=\"font-style: normal;\"><span style=\"font-weight: normal;\"><br \/>\n<\/span><\/span><\/span><\/span><\/span><span style=\"font-variant: normal;\"><span style=\"font-family: Book Antiqua, serif;\"><span style=\"letter-spacing: normal;\"><span style=\"font-style: normal;\"><span style=\"font-weight: normal;\">I<br \/>\nkszta\u0142towa\u0142y nasz\u0105 codzienn\u0105 rzeczywisto\u015b\u0107? <\/span><\/span><\/span><\/span><\/span><span style=\"font-variant: normal;\"><span style=\"font-family: Book Antiqua, serif;\"><span style=\"letter-spacing: normal;\"><span style=\"font-style: normal;\"><span style=\"font-weight: normal;\">I<br \/>\nnie w tym rzecz, \u017ceby\u015bmy <\/span><\/span><\/span><\/span><\/span><span style=\"font-variant: normal;\"><span style=\"font-family: Book Antiqua, serif;\"><span style=\"letter-spacing: normal;\"><span style=\"font-style: normal;\"><b>z<br \/>\nnaszego domu zrobili klaszto<\/b><\/span><\/span><\/span><\/span><span style=\"font-variant: normal;\"><span style=\"font-family: Book Antiqua, serif;\"><span style=\"letter-spacing: normal;\"><span style=\"font-style: normal;\"><b>r<\/b><\/span><\/span><\/span><\/span><span style=\"font-variant: normal;\"><span style=\"font-family: Book Antiqua, serif;\"><span style=\"letter-spacing: normal;\"><span style=\"font-style: normal;\"><span style=\"font-weight: normal;\"><br \/>\n(cho\u0107by <\/span><\/span><\/span><\/span><\/span><span style=\"font-variant: normal;\"><span style=\"font-family: Book Antiqua, serif;\"><span style=\"letter-spacing: normal;\"><span style=\"font-style: normal;\"><span style=\"font-weight: normal;\">nawet<br \/>\n<\/span><\/span><\/span><\/span><\/span><span style=\"font-variant: normal;\"><span style=\"font-family: Book Antiqua, serif;\"><span style=\"letter-spacing: normal;\"><span style=\"font-style: normal;\"><span style=\"font-weight: normal;\">benedykty\u0144ski),<br \/>\nale \u017ceby\u015bmy zadbali o rzeteln\u0105 prac\u0119 i pobo\u017cn\u0105 modlitw\u0119 \u2013 <\/span><\/span><\/span><\/span><\/span><span style=\"font-variant: normal;\"><span style=\"font-family: Book Antiqua, serif;\"><span style=\"letter-spacing: normal;\"><span style=\"font-style: normal;\"><b>i<br \/>\npo\u0142\u0105czenie jednego z drugim.<\/b><\/span><\/span><\/span><\/span><span style=\"font-variant: normal;\"><span style=\"font-family: Book Antiqua, serif;\"><span style=\"letter-spacing: normal;\"><span style=\"font-style: normal;\"><span style=\"font-weight: normal;\"><br \/>\n<\/span><\/span><\/span><\/span><\/span><br \/>\n<\/span><\/div>\n<div align=\"justify\" class=\"western\" style=\"line-height: 150%; margin-bottom: 0cm; orphans: 2; text-indent: 1.3cm; widows: 2;\">\n<span style=\"font-variant: normal;\"><span style=\"font-family: Book Antiqua, serif; font-size: x-large;\"><span style=\"letter-spacing: normal;\"><span style=\"font-style: normal;\"><span style=\"font-weight: normal;\">Da<br \/>\nsi\u0119 to zrobi\u0107?\u2026<\/span><\/span><\/span><\/span><\/span><\/div>\n","protected":false},"excerpt":{"rendered":"<p>Szcz\u0119\u015b\u0107 Bo\u017ce! Moi Drodzy, w dniu dzisiejszym urodziny prze\u017cywa Siostra Aneta Sroka, za moich czas\u00f3w \u2013 Prze\u0142o\u017cona Domu Si\u00f3str od Anio\u0142\u00f3w w T\u0142uszczu, gdzie by\u0142em wikariuszem. Wspieram modlitw\u0105 wszelkie Jej dobre dzia\u0142ania i \u017cycz\u0119, aby nigdy nie traci\u0142a hartu ducha \u2013 oraz swojego dobrego humoru. Niech Jej Pan we wszystkim b\u0142ogos\u0142awi! A w Dniu Pami\u0119ci [&hellip;]<\/p>\n","protected":false},"author":1,"featured_media":0,"comment_status":"open","ping_status":"open","sticky":false,"template":"","format":"standard","meta":{"jetpack_post_was_ever_published":false,"_jetpack_newsletter_access":"","_jetpack_dont_email_post_to_subs":false,"_jetpack_newsletter_tier_id":0,"_jetpack_memberships_contains_paywalled_content":false,"_jetpack_memberships_contains_paid_content":false,"footnotes":""},"categories":[1],"tags":[],"class_list":["post-14544","post","type-post","status-publish","format-standard","hentry","category-bez-kategorii"],"yoast_head":"<!-- This site is optimized with the Yoast SEO plugin v25.1 - https:\/\/yoast.com\/wordpress\/plugins\/seo\/ -->\n<title>Najwa\u017cniejsze jest &quot;i&quot;... - Gaudium Et Spes<\/title>\n<meta name=\"robots\" content=\"index, follow, max-snippet:-1, max-image-preview:large, max-video-preview:-1\" \/>\n<link rel=\"canonical\" href=\"https:\/\/gaudiumetspes-blog.pl\/index.php\/2019\/07\/11\/najwazniejsze-jest-i\/\" \/>\n<meta property=\"og:locale\" content=\"pl_PL\" \/>\n<meta property=\"og:type\" content=\"article\" \/>\n<meta property=\"og:title\" content=\"Najwa\u017cniejsze jest &quot;i&quot;... - Gaudium Et Spes\" \/>\n<meta property=\"og:description\" content=\"Szcz\u0119\u015b\u0107 Bo\u017ce! Moi Drodzy, w dniu dzisiejszym urodziny prze\u017cywa Siostra Aneta Sroka, za moich czas\u00f3w \u2013 Prze\u0142o\u017cona Domu Si\u00f3str od Anio\u0142\u00f3w w T\u0142uszczu, gdzie by\u0142em wikariuszem. Wspieram modlitw\u0105 wszelkie Jej dobre dzia\u0142ania i \u017cycz\u0119, aby nigdy nie traci\u0142a hartu ducha \u2013 oraz swojego dobrego humoru. Niech Jej Pan we wszystkim b\u0142ogos\u0142awi! A w Dniu Pami\u0119ci [&hellip;]\" \/>\n<meta property=\"og:url\" content=\"https:\/\/gaudiumetspes-blog.pl\/index.php\/2019\/07\/11\/najwazniejsze-jest-i\/\" \/>\n<meta property=\"og:site_name\" content=\"Gaudium Et Spes\" \/>\n<meta property=\"article:published_time\" content=\"2019-07-11T02:56:00+00:00\" \/>\n<meta property=\"article:modified_time\" content=\"2019-07-31T11:04:49+00:00\" \/>\n<meta name=\"author\" content=\"Ks. Jacek\" \/>\n<meta name=\"twitter:card\" content=\"summary_large_image\" \/>\n<meta name=\"twitter:label1\" content=\"Napisane przez\" \/>\n\t<meta name=\"twitter:data1\" content=\"Ks. Jacek\" \/>\n\t<meta name=\"twitter:label2\" content=\"Szacowany czas czytania\" \/>\n\t<meta name=\"twitter:data2\" content=\"11 minut\" \/>\n<script type=\"application\/ld+json\" class=\"yoast-schema-graph\">{\"@context\":\"https:\/\/schema.org\",\"@graph\":[{\"@type\":\"WebPage\",\"@id\":\"https:\/\/gaudiumetspes-blog.pl\/index.php\/2019\/07\/11\/najwazniejsze-jest-i\/\",\"url\":\"https:\/\/gaudiumetspes-blog.pl\/index.php\/2019\/07\/11\/najwazniejsze-jest-i\/\",\"name\":\"Najwa\u017cniejsze jest \\\"i\\\"... - Gaudium Et Spes\",\"isPartOf\":{\"@id\":\"https:\/\/gaudiumetspes-blog.pl\/#website\"},\"datePublished\":\"2019-07-11T02:56:00+00:00\",\"dateModified\":\"2019-07-31T11:04:49+00:00\",\"author\":{\"@id\":\"https:\/\/gaudiumetspes-blog.pl\/#\/schema\/person\/1661982992b752dea8dff0d4ed845a65\"},\"breadcrumb\":{\"@id\":\"https:\/\/gaudiumetspes-blog.pl\/index.php\/2019\/07\/11\/najwazniejsze-jest-i\/#breadcrumb\"},\"inLanguage\":\"pl-PL\",\"potentialAction\":[{\"@type\":\"ReadAction\",\"target\":[\"https:\/\/gaudiumetspes-blog.pl\/index.php\/2019\/07\/11\/najwazniejsze-jest-i\/\"]}]},{\"@type\":\"BreadcrumbList\",\"@id\":\"https:\/\/gaudiumetspes-blog.pl\/index.php\/2019\/07\/11\/najwazniejsze-jest-i\/#breadcrumb\",\"itemListElement\":[{\"@type\":\"ListItem\",\"position\":1,\"name\":\"Strona g\u0142\u00f3wna\",\"item\":\"https:\/\/gaudiumetspes-blog.pl\/\"},{\"@type\":\"ListItem\",\"position\":2,\"name\":\"Najwa\u017cniejsze jest &#8222;i&#8221;&#8230;\"}]},{\"@type\":\"WebSite\",\"@id\":\"https:\/\/gaudiumetspes-blog.pl\/#website\",\"url\":\"https:\/\/gaudiumetspes-blog.pl\/\",\"name\":\"Gaudium Et Spes\",\"description\":\"Blog Ks. Jacka Ja\u015bkowskiego\",\"potentialAction\":[{\"@type\":\"SearchAction\",\"target\":{\"@type\":\"EntryPoint\",\"urlTemplate\":\"https:\/\/gaudiumetspes-blog.pl\/?s={search_term_string}\"},\"query-input\":{\"@type\":\"PropertyValueSpecification\",\"valueRequired\":true,\"valueName\":\"search_term_string\"}}],\"inLanguage\":\"pl-PL\"},{\"@type\":\"Person\",\"@id\":\"https:\/\/gaudiumetspes-blog.pl\/#\/schema\/person\/1661982992b752dea8dff0d4ed845a65\",\"name\":\"Ks. Jacek\",\"image\":{\"@type\":\"ImageObject\",\"inLanguage\":\"pl-PL\",\"@id\":\"https:\/\/gaudiumetspes-blog.pl\/#\/schema\/person\/image\/\",\"url\":\"https:\/\/gaudiumetspes-blog.pl\/wp-content\/uploads\/2019\/07\/avatar-JJ-150x150.jpg\",\"contentUrl\":\"https:\/\/gaudiumetspes-blog.pl\/wp-content\/uploads\/2019\/07\/avatar-JJ-150x150.jpg\",\"caption\":\"Ks. Jacek\"},\"description\":\"Witam serdecznie! K\u0142ania si\u0119 Ks. Jacek Ja\u015bkowski. Nie jestem ani kim\u015b wa\u017cnym, ani kim\u015b znanym. Jestem ksi\u0119dzem, kt\u00f3ry po prostu chce rozmawia\u0107. Codzienna kap\u0142a\u0144ska pos\u0142uga pokazuje mi, \u017ce temat\u00f3w do rozm\u00f3w z ksi\u0119dzem jest coraz wi\u0119cej i dzisiaj \u017caden ksi\u0105dz nie mo\u017ce od nich ucieka\u0107, ale - wprost przeciwnie - podejmowa\u0107 nowe wyzwania. To przekonanie sk\u0142oni\u0142o mnie do pr\u00f3by otwarcia tego\u017c bloga, chocia\u017c okazji do rozm\u00f3w na co dzie\u0144 - w konfesjonale i poza nim - na szcz\u0119\u015bcie nie brakuje. My\u015bl\u0119 jednak, \u017ce ten blog b\u0119dzie jeszcze jednym sposobem i przestrzeni\u0105 nawi\u0105zania kontaktu z lud\u017ami dobrej woli, otwartymi na dialog.\",\"url\":\"https:\/\/gaudiumetspes-blog.pl\/index.php\/author\/ks-jacek\/\"}]}<\/script>\n<!-- \/ Yoast SEO plugin. -->","yoast_head_json":{"title":"Najwa\u017cniejsze jest \"i\"... - Gaudium Et Spes","robots":{"index":"index","follow":"follow","max-snippet":"max-snippet:-1","max-image-preview":"max-image-preview:large","max-video-preview":"max-video-preview:-1"},"canonical":"https:\/\/gaudiumetspes-blog.pl\/index.php\/2019\/07\/11\/najwazniejsze-jest-i\/","og_locale":"pl_PL","og_type":"article","og_title":"Najwa\u017cniejsze jest \"i\"... - Gaudium Et Spes","og_description":"Szcz\u0119\u015b\u0107 Bo\u017ce! Moi Drodzy, w dniu dzisiejszym urodziny prze\u017cywa Siostra Aneta Sroka, za moich czas\u00f3w \u2013 Prze\u0142o\u017cona Domu Si\u00f3str od Anio\u0142\u00f3w w T\u0142uszczu, gdzie by\u0142em wikariuszem. Wspieram modlitw\u0105 wszelkie Jej dobre dzia\u0142ania i \u017cycz\u0119, aby nigdy nie traci\u0142a hartu ducha \u2013 oraz swojego dobrego humoru. Niech Jej Pan we wszystkim b\u0142ogos\u0142awi! A w Dniu Pami\u0119ci [&hellip;]","og_url":"https:\/\/gaudiumetspes-blog.pl\/index.php\/2019\/07\/11\/najwazniejsze-jest-i\/","og_site_name":"Gaudium Et Spes","article_published_time":"2019-07-11T02:56:00+00:00","article_modified_time":"2019-07-31T11:04:49+00:00","author":"Ks. Jacek","twitter_card":"summary_large_image","twitter_misc":{"Napisane przez":"Ks. Jacek","Szacowany czas czytania":"11 minut"},"schema":{"@context":"https:\/\/schema.org","@graph":[{"@type":"WebPage","@id":"https:\/\/gaudiumetspes-blog.pl\/index.php\/2019\/07\/11\/najwazniejsze-jest-i\/","url":"https:\/\/gaudiumetspes-blog.pl\/index.php\/2019\/07\/11\/najwazniejsze-jest-i\/","name":"Najwa\u017cniejsze jest \"i\"... - Gaudium Et Spes","isPartOf":{"@id":"https:\/\/gaudiumetspes-blog.pl\/#website"},"datePublished":"2019-07-11T02:56:00+00:00","dateModified":"2019-07-31T11:04:49+00:00","author":{"@id":"https:\/\/gaudiumetspes-blog.pl\/#\/schema\/person\/1661982992b752dea8dff0d4ed845a65"},"breadcrumb":{"@id":"https:\/\/gaudiumetspes-blog.pl\/index.php\/2019\/07\/11\/najwazniejsze-jest-i\/#breadcrumb"},"inLanguage":"pl-PL","potentialAction":[{"@type":"ReadAction","target":["https:\/\/gaudiumetspes-blog.pl\/index.php\/2019\/07\/11\/najwazniejsze-jest-i\/"]}]},{"@type":"BreadcrumbList","@id":"https:\/\/gaudiumetspes-blog.pl\/index.php\/2019\/07\/11\/najwazniejsze-jest-i\/#breadcrumb","itemListElement":[{"@type":"ListItem","position":1,"name":"Strona g\u0142\u00f3wna","item":"https:\/\/gaudiumetspes-blog.pl\/"},{"@type":"ListItem","position":2,"name":"Najwa\u017cniejsze jest &#8222;i&#8221;&#8230;"}]},{"@type":"WebSite","@id":"https:\/\/gaudiumetspes-blog.pl\/#website","url":"https:\/\/gaudiumetspes-blog.pl\/","name":"Gaudium Et Spes","description":"Blog Ks. Jacka Ja\u015bkowskiego","potentialAction":[{"@type":"SearchAction","target":{"@type":"EntryPoint","urlTemplate":"https:\/\/gaudiumetspes-blog.pl\/?s={search_term_string}"},"query-input":{"@type":"PropertyValueSpecification","valueRequired":true,"valueName":"search_term_string"}}],"inLanguage":"pl-PL"},{"@type":"Person","@id":"https:\/\/gaudiumetspes-blog.pl\/#\/schema\/person\/1661982992b752dea8dff0d4ed845a65","name":"Ks. Jacek","image":{"@type":"ImageObject","inLanguage":"pl-PL","@id":"https:\/\/gaudiumetspes-blog.pl\/#\/schema\/person\/image\/","url":"https:\/\/gaudiumetspes-blog.pl\/wp-content\/uploads\/2019\/07\/avatar-JJ-150x150.jpg","contentUrl":"https:\/\/gaudiumetspes-blog.pl\/wp-content\/uploads\/2019\/07\/avatar-JJ-150x150.jpg","caption":"Ks. Jacek"},"description":"Witam serdecznie! K\u0142ania si\u0119 Ks. Jacek Ja\u015bkowski. Nie jestem ani kim\u015b wa\u017cnym, ani kim\u015b znanym. Jestem ksi\u0119dzem, kt\u00f3ry po prostu chce rozmawia\u0107. Codzienna kap\u0142a\u0144ska pos\u0142uga pokazuje mi, \u017ce temat\u00f3w do rozm\u00f3w z ksi\u0119dzem jest coraz wi\u0119cej i dzisiaj \u017caden ksi\u0105dz nie mo\u017ce od nich ucieka\u0107, ale - wprost przeciwnie - podejmowa\u0107 nowe wyzwania. To przekonanie sk\u0142oni\u0142o mnie do pr\u00f3by otwarcia tego\u017c bloga, chocia\u017c okazji do rozm\u00f3w na co dzie\u0144 - w konfesjonale i poza nim - na szcz\u0119\u015bcie nie brakuje. My\u015bl\u0119 jednak, \u017ce ten blog b\u0119dzie jeszcze jednym sposobem i przestrzeni\u0105 nawi\u0105zania kontaktu z lud\u017ami dobrej woli, otwartymi na dialog.","url":"https:\/\/gaudiumetspes-blog.pl\/index.php\/author\/ks-jacek\/"}]}},"jetpack_featured_media_url":"","jetpack_sharing_enabled":true,"_links":{"self":[{"href":"https:\/\/gaudiumetspes-blog.pl\/index.php\/wp-json\/wp\/v2\/posts\/14544","targetHints":{"allow":["GET"]}}],"collection":[{"href":"https:\/\/gaudiumetspes-blog.pl\/index.php\/wp-json\/wp\/v2\/posts"}],"about":[{"href":"https:\/\/gaudiumetspes-blog.pl\/index.php\/wp-json\/wp\/v2\/types\/post"}],"author":[{"embeddable":true,"href":"https:\/\/gaudiumetspes-blog.pl\/index.php\/wp-json\/wp\/v2\/users\/1"}],"replies":[{"embeddable":true,"href":"https:\/\/gaudiumetspes-blog.pl\/index.php\/wp-json\/wp\/v2\/comments?post=14544"}],"version-history":[{"count":1,"href":"https:\/\/gaudiumetspes-blog.pl\/index.php\/wp-json\/wp\/v2\/posts\/14544\/revisions"}],"predecessor-version":[{"id":15411,"href":"https:\/\/gaudiumetspes-blog.pl\/index.php\/wp-json\/wp\/v2\/posts\/14544\/revisions\/15411"}],"wp:attachment":[{"href":"https:\/\/gaudiumetspes-blog.pl\/index.php\/wp-json\/wp\/v2\/media?parent=14544"}],"wp:term":[{"taxonomy":"category","embeddable":true,"href":"https:\/\/gaudiumetspes-blog.pl\/index.php\/wp-json\/wp\/v2\/categories?post=14544"},{"taxonomy":"post_tag","embeddable":true,"href":"https:\/\/gaudiumetspes-blog.pl\/index.php\/wp-json\/wp\/v2\/tags?post=14544"}],"curies":[{"name":"wp","href":"https:\/\/api.w.org\/{rel}","templated":true}]}}