{"id":14546,"date":"2019-07-09T06:09:00","date_gmt":"2019-07-09T04:09:00","guid":{"rendered":"https:\/\/gaudiumetspes-blog.pl\/index.php\/2019\/07\/09\/walczyc-z-bogiem-czy-nie-walczyc\/"},"modified":"2019-07-31T13:04:49","modified_gmt":"2019-07-31T11:04:49","slug":"walczyc-z-bogiem-czy-nie-walczyc","status":"publish","type":"post","link":"https:\/\/gaudiumetspes-blog.pl\/index.php\/2019\/07\/09\/walczyc-z-bogiem-czy-nie-walczyc\/","title":{"rendered":"Walczy\u0107 z Bogiem &#8211; czy nie walczy\u0107?&#8230;"},"content":{"rendered":"<p><\/p>\n<div align=\"justify\" style=\"font-weight: normal; line-height: 150%; margin-bottom: 0cm;\">\n<span style=\"color: black;\"><span style=\"font-family: Book Antiqua, serif;\"><span style=\"font-size: x-large;\">Szcz\u0119\u015b\u0107<br \/>\nBo\u017ce! Moi Drodzy, w dniu dzisiejszym <b>urodziny prze\u017cywa Pawe\u0142<br \/>\nKaczorowski, w\u0142\u0105czaj\u0105cy si\u0119 w swoim czasie w dzia\u0142alno\u015b\u0107<br \/>\njednej z m\u0142odzie\u017cowych Wsp\u00f3lnot. \u017bycz\u0119 Jubilatowi Bo\u017cego<br \/>\nprowadzenia przez \u017cycie! Zapewniam o modlitwie.<\/b><\/span><\/span><\/span><\/div>\n<div align=\"justify\" style=\"background: transparent; font-weight: normal; line-height: 150%; margin-bottom: 0cm; page-break-before: auto; text-indent: 1.3cm;\">\n<span style=\"color: black;\"><span style=\"font-family: Book Antiqua, serif;\"><span style=\"font-size: x-large;\">A<br \/>\nWam, moi Drodzy, \u017cycz\u0119 b\u0142ogos\u0142awionego \u2013 wakacyjnego,<br \/>\nurlopowego, albo pracowitego \u2013 dnia! Niech to b\u0119dzie czas<br \/>\npromieniowania Bo\u017cej \u0142aski w Waszym \u017cyciu!<\/span><\/span><\/span><\/div>\n<div align=\"center\" style=\"font-weight: normal; line-height: 150%; margin-bottom: 0cm;\">\n<span style=\"color: black;\"><span style=\"font-family: Book Antiqua, serif;\"><span style=\"font-size: x-large;\">Gaudium<br \/>\net spes!  Ks. Jacek<\/span><\/span><\/span><\/div>\n<div align=\"justify\" style=\"line-height: 150%; margin-bottom: 0cm;\">\n<span style=\"font-size: x-large;\"><\/p>\n<p><\/span><\/div>\n<div align=\"justify\" style=\"line-height: 150%; margin-bottom: 0cm;\">\n<span style=\"color: black;\"><span style=\"font-family: Book Antiqua, serif;\"><span style=\"font-size: x-large;\"><b>Wtorek<br \/>\n14 Tygodnia zwyk\u0142ego, rok I,<\/b><\/span><\/span><\/span><\/div>\n<div align=\"justify\" style=\"line-height: 150%; margin-bottom: 0cm;\">\n<span style=\"color: black;\"><span style=\"font-family: Book Antiqua, serif;\"><span style=\"font-size: x-large;\"><b>do<br \/>\nczyta\u0144:  Rdz 32,23\u201333;  Mt 9,32\u201337<\/b><\/span><\/span><\/span><\/div>\n<div align=\"justify\" style=\"line-height: 150%; margin-bottom: 0cm;\">\n<span style=\"font-size: x-large;\"><\/p>\n<p><\/span><\/div>\n<div align=\"justify\" style=\"font-style: normal; font-variant: normal; letter-spacing: normal; line-height: 150%; margin-bottom: 0cm; page-break-before: auto;\">\n<span style=\"font-size: x-large;\"><span style=\"color: black;\"><span style=\"font-family: Book Antiqua, serif;\"><b>CZYTANIE<br \/>\nZ KSI\u0118GI RODZAJU: <\/b><\/span><\/span><br \/>\n<\/span><\/div>\n<div align=\"justify\" style=\"background: transparent; font-style: normal; font-variant: normal; letter-spacing: normal; line-height: 150%; margin-bottom: 0cm; page-break-before: auto; text-indent: 1.3cm;\">\n<span style=\"font-size: x-large;\"><span style=\"color: black;\"><span style=\"font-family: Book Antiqua, serif;\"><b>Jakub<br \/>\nwsta\u0142 w nocy i zabrawszy obie swe \u017cony, dwie ich niewolnice i<br \/>\njedena\u015bcioro dzieci, przeprawi\u0142 si\u0119 przez br\u00f3d potoku Jabbok. A<br \/>\ngdy ich przeprawi\u0142 przez ten potok, przeni\u00f3s\u0142 r\u00f3wnie\u017c na drugi<br \/>\nbrzeg to, co posiada\u0142. <\/b><\/span><\/span><br \/>\n<\/span><\/div>\n<div align=\"justify\" style=\"background: transparent; font-style: normal; font-variant: normal; letter-spacing: normal; line-height: 150%; margin-bottom: 0cm; text-indent: 1.3cm;\">\n<span style=\"font-size: x-large;\"><span style=\"color: black;\"><span style=\"font-family: Book Antiqua, serif;\"><b>Gdy<br \/>\nza\u015b wr\u00f3ci\u0142 i zosta\u0142 sam jeden, kto\u015b zmaga\u0142 si\u0119 z nim a\u017c do<br \/>\nwschodu jutrzenki, a widz\u0105c, \u017ce nie mo\u017ce go pokona\u0107, dotkn\u0105\u0142<br \/>\njego stawu biodrowego i wywichn\u0105\u0142 Jakubowi ten staw podczas<br \/>\nzmagania si\u0119 z nim. A wreszcie rzek\u0142: \u201ePu\u015b\u0107 mnie, bo ju\u017c<br \/>\nwschodzi zorza!\u201d Jakub odpowiedzia\u0142: \u201eNie puszcz\u0119 ci\u0119, dop\u00f3ki<br \/>\nmi nie pob\u0142ogos\u0142awisz!\u201d Wtedy tamten go zapyta\u0142: \u201eJakie masz<br \/>\nimi\u0119?\u201d On za\u015b rzek\u0142: \u201eJakub\u201d. Powiedzia\u0142: \u201eOdt\u0105d nie<br \/>\nb\u0119dziesz si\u0119 zwa\u0142 Jakub, lecz Izrael, bo walczy\u0142e\u015b z Bogiem i z<br \/>\nlud\u017ami, i zwyci\u0119\u017cy\u0142e\u015b\u201d. Potem Jakub rzek\u0142: \u201ePowiedz mi,<br \/>\nprosz\u0119, jakie jest twe imi\u0119?\u201d Ale on odpowiedzia\u0142: \u201eCzemu<br \/>\npytasz mnie o imi\u0119?\u201d I pob\u0142ogos\u0142awi\u0142 go na owym miejscu. <\/b><\/span><\/span><br \/>\n<\/span><\/div>\n<div align=\"justify\" style=\"background: transparent; font-style: normal; font-variant: normal; letter-spacing: normal; line-height: 150%; margin-bottom: 0cm; text-indent: 1.3cm;\">\n<span style=\"color: black;\"><span style=\"font-family: Book Antiqua, serif;\"><span style=\"font-size: x-large;\"><b>Jakub<br \/>\nda\u0142 temu miejscu nazw\u0119 Penuel, m\u00f3wi\u0105c: \u201eMimo \u017ce widzia\u0142em<br \/>\nBoga twarz\u0105 w twarz, jednak ocali\u0142em me \u017cycie\u201d. S\u0142o\u0144ce ju\u017c<br \/>\nwschodzi\u0142o, gdy Jakub przechodzi\u0142 przez Penuel, utykaj\u0105c na nog\u0119,<br \/>\nzosta\u0142 bowiem pora\u017cony w staw biodrowy, w to w\u0142a\u015bnie \u015bci\u0119gno.<\/b><\/span><\/span><\/span><\/div>\n<div align=\"justify\" style=\"line-height: 150%; margin-bottom: 0cm;\">\n<span style=\"font-size: x-large;\"><\/p>\n<p><\/span><\/div>\n<div align=\"justify\" style=\"line-height: 150%; margin-bottom: 0cm;\">\n<span style=\"font-size: x-large;\"><span style=\"color: black;\"><span style=\"font-family: Book Antiqua, serif;\"><b><span style=\"font-variant: normal;\"><span style=\"letter-spacing: normal;\"><span style=\"font-style: normal;\">S\u0141OWA<br \/>\nEWANGELII WED\u0141UG \u015aW<\/span><\/span><\/span><span style=\"font-variant: normal;\"><span style=\"letter-spacing: normal;\"><span style=\"font-style: normal;\">I\u0118TEGO<\/span><\/span><\/span><span style=\"font-variant: normal;\"><span style=\"letter-spacing: normal;\"><span style=\"font-style: normal;\"><br \/>\nMATEUSZA: <\/span><\/span><\/span><\/b><\/span><\/span><br \/>\n<\/span><\/div>\n<div align=\"justify\" style=\"background: transparent; font-style: normal; font-variant: normal; letter-spacing: normal; line-height: 150%; margin-bottom: 0cm; page-break-before: auto; text-indent: 1.3cm;\">\n<span style=\"font-size: x-large;\"><span style=\"color: black;\"><span style=\"font-family: Book Antiqua, serif;\"><b>Przyprowadzono<br \/>\ndo Jezusa niemow\u0119 op\u0119tanego. Po wyrzuceniu z\u0142ego ducha niemy<br \/>\nodzyska\u0142 mow\u0119, a t\u0142umy pe\u0142ne podziwu wo\u0142a\u0142y: \u201eJeszcze si\u0119<br \/>\nnigdy nic podobnego nie pojawi\u0142o w Izraelu\u201d. <\/b><\/span><\/span><br \/>\n<\/span><\/div>\n<div align=\"justify\" style=\"background: transparent; font-style: normal; font-variant: normal; letter-spacing: normal; line-height: 150%; margin-bottom: 0cm; text-indent: 1.3cm;\">\n<span style=\"font-size: x-large;\"><span style=\"color: black;\"><span style=\"font-family: Book Antiqua, serif;\"><b>Lecz<br \/>\nfaryzeusze m\u00f3wili: \u201eWyrzuca z\u0142e duchy moc\u0105 ich przyw\u00f3dcy\u201d. <\/b><\/span><\/span><br \/>\n<\/span><\/div>\n<div align=\"justify\" style=\"background: transparent; font-style: normal; font-variant: normal; letter-spacing: normal; line-height: 150%; margin-bottom: 0cm; text-indent: 1.3cm;\">\n<span style=\"font-size: x-large;\"><span style=\"color: black;\"><span style=\"font-family: Book Antiqua, serif;\"><b>Tak<br \/>\nJezus obchodzi\u0142 wszystkie miasta i wioski. Naucza\u0142 w tamtejszych<br \/>\nsynagogach, g\u0142osi\u0142 Ewangeli\u0119 kr\u00f3lestwa i leczy\u0142 wszystkie<br \/>\nchoroby i wszystkie s\u0142abo\u015bci. A widz\u0105c t\u0142umy ludzi, litowa\u0142 si\u0119<br \/>\nnad nimi, bo byli zn\u0119kani i porzuceni, jak owce nie maj\u0105ce<br \/>\npasterza. <\/b><\/span><\/span><br \/>\n<\/span><\/div>\n<div align=\"justify\" style=\"font-style: normal; font-variant: normal; letter-spacing: normal; line-height: 150%; margin-bottom: 0cm; text-indent: 1.24cm;\">\n<span style=\"color: black;\"><span style=\"font-family: Book Antiqua, serif;\"><span style=\"font-size: x-large;\"><b>Wtedy<br \/>\nrzek\u0142 do swych uczni\u00f3w: \u201e\u017bniwo wprawdzie wielkie, ale robotnik\u00f3w<br \/>\nma\u0142o. Pro\u015bcie wi\u0119c Pana \u017cniwa, \u017ceby wyprawi\u0142 robotnik\u00f3w na<br \/>\nswoje \u017cniwo\u201d.<\/b><\/span><\/span><\/span><\/div>\n<div align=\"justify\" style=\"line-height: 150%; margin-bottom: 0cm;\">\n<span style=\"font-size: x-large;\"><\/p>\n<p><\/span><\/div>\n<div align=\"justify\" style=\"background: transparent; font-style: normal; font-variant: normal; font-weight: normal; letter-spacing: normal; line-height: 150%; margin-bottom: 0cm; page-break-before: auto; text-indent: 1.3cm;\">\n<span style=\"font-size: x-large;\"><span style=\"color: black;\"><span style=\"font-family: Book Antiqua, serif;\">Trudno<br \/>\nnawet jako\u015b skomentowa\u0107 to wydarzenie, kt\u00f3re zosta\u0142o opisane w<br \/>\npierwszym czytaniu. Jeszcze trudniej je zrozumie\u0107. Lapidarna<br \/>\ninformacja: <i><b>Gdy za\u015b<\/b><\/i><b> [Jakub] <\/b><i><b>wr\u00f3ci\u0142 i<br \/>\nzosta\u0142 sam jeden, kto\u015b zmaga\u0142 si\u0119 z nim a\u017c do wschodu jutrzenki,<br \/>\na widz\u0105c, \u017ce nie mo\u017ce go pokona\u0107, dotkn\u0105\u0142 jego stawu biodrowego<br \/>\ni wywichn\u0105\u0142 Jakubowi ten staw podczas zmagania si\u0119 z nim<\/b><\/i><b><br \/>\n\u2013 <\/b>naprawd\u0119 nie za wiele nam m\u00f3wi. <\/span><\/span><br \/>\n<\/span><\/div>\n<div align=\"justify\" style=\"background: transparent; font-style: normal; font-variant: normal; font-weight: normal; letter-spacing: normal; line-height: 150%; margin-bottom: 0cm; text-indent: 1.3cm;\">\n<span style=\"font-size: x-large;\"><span style=\"color: black;\"><span style=\"font-family: Book Antiqua, serif;\">O<br \/>\nco tu chodzi? <b>Jak to wygl\u0105da\u0142o?<\/b> Kto si\u0119 z Jakubem zmaga\u0142?<br \/>\nCzy mamy rozumie\u0107, \u017ce Jakub widzia\u0142 kogo\u015b przed sob\u0105 \u2013 z kim\u015b<br \/>\nsi\u0119 przecie\u017c mocowa\u0142 \u2013 ale nie m\u00f3g\u0142 go rozpozna\u0107, <b>nie<br \/>\nwidzia\u0142 jego twarzy?<\/b> A mo\u017ce widzia\u0142, ale jej nie rozpozna\u0142?\u2026<br \/>\nJak to wszystko przebiega\u0142o? <\/span><\/span><br \/>\n<\/span><\/div>\n<div align=\"justify\" style=\"background: transparent; font-style: normal; font-variant: normal; font-weight: normal; letter-spacing: normal; line-height: 150%; margin-bottom: 0cm; text-indent: 1.3cm;\">\n<span style=\"font-size: x-large;\"><span style=\"color: black;\"><span style=\"font-family: Book Antiqua, serif;\">I<br \/>\njak zrozumie\u0107 to, \u017ce po ca\u0142onocnym zmaganiu Jakub <b>po<\/b><b>prosi<\/b><b>\u0142<\/b><b><br \/>\ntego kogo\u015b o b\u0142ogos\u0142awie\u0144stwo?\u2026<\/b> Domy\u015bli\u0142 si\u0119, kto to<br \/>\nby\u0142? Potem, po rozmowie, ju\u017c nie mia\u0142 w\u0105tpliwo\u015bci, dlatego<br \/>\nstwierdzi\u0142: <i><b>Mimo \u017ce widzia\u0142em Boga twarz\u0105 w twarz, jednak<br \/>\nocali\u0142em me \u017cycie.<\/b><\/i><b> <\/b>Ale czy wiedzia\u0142 to od razu? <\/span><\/span><br \/>\n<\/span><\/div>\n<div align=\"justify\" style=\"background: transparent; font-style: normal; font-variant: normal; font-weight: normal; letter-spacing: normal; line-height: 150%; margin-bottom: 0cm; text-indent: 1.3cm;\">\n<span style=\"font-size: x-large;\"><span style=\"color: black;\"><span style=\"font-family: Book Antiqua, serif;\">Zauwa\u017cmy,<br \/>\n\u017ce ca\u0142e to wydarzenie, chocia\u017c mo\u017ce wydaje si\u0119 nie a\u017c tak<br \/>\nbardzo istotne, bo <b>jest jednym z wielu<\/b> oryginalnych, a wr\u0119cz<br \/>\ndziwnych zdarze\u0144, dziej\u0105cych si\u0119 w \u017cyciu Jakuba, jednak zaci\u0105\u017cy\u0142o<br \/>\nna<b> <\/b><b>osobistej <\/b><b>histori<\/b><b>i<\/b><b> <\/b>jego samego,<br \/>\nale i <b>historii <\/b><b>jego narodu<\/b> \u2013 a\u017c po dzi\u015b dzie\u0144.<br \/>\nWszak imi\u0119 Izrael, jakie w\u00f3wczas otrzyma\u0142, po tej\u017ce tajemniczej<br \/>\nwalce z Bogiem,<b> nosi\u0142 najpierw on sam,<\/b> a dzisiaj tym imieniem<br \/>\nokre\u015bla si\u0119 <b>jego nar\u00f3d. <\/b><\/span><\/span><br \/>\n<\/span><\/div>\n<div align=\"justify\" style=\"background: transparent; font-style: normal; font-variant: normal; font-weight: normal; letter-spacing: normal; line-height: 150%; margin-bottom: 0cm; text-indent: 1.3cm;\">\n<span style=\"font-size: x-large;\"><span style=\"color: black;\"><span style=\"font-family: Book Antiqua, serif;\">Mamy<br \/>\nzatem do czynienia z <b>wydarzeniem naprawd\u0119 istotnym,<\/b> kt\u00f3rego<br \/>\nsens i znaczenie trzeba nam zg\u0142\u0119bia\u0107, widz\u0105c w nim \u2013 mi\u0119dzy<br \/>\ninnymi \u2013 zach\u0119t\u0119 do budowania jak najbardziej <b>intensywnych i<br \/>\nserdecznych relacji z Bogiem.<\/b> Wszak wielu z nas mog\u0142oby zapewne<br \/>\ndzisiaj stwierdzi\u0107, \u017ce ich \u017cycie to w\u0142a\u015bnie taka <b>nieustanna<br \/>\nwalka<\/b> \u2013 nierzadko z samym Bogiem! Nie w sensie jakiego\u015b<br \/>\n<b>wrogiego nastawienia<\/b> do Boga z naszej strony \u2013 jak tego<br \/>\nprzyk\u0142ad mamy chocia\u017cby w dzisiejszej Ewangelii, gdzie Jezus jest<br \/>\noskar\u017cany o konszachty ze z\u0142ym duchem \u2013 nie! <\/span><\/span><br \/>\n<\/span><\/div>\n<div align=\"justify\" style=\"background: transparent; font-style: normal; font-variant: normal; font-weight: normal; letter-spacing: normal; line-height: 150%; margin-bottom: 0cm; text-indent: 1.3cm;\">\n<span style=\"font-size: x-large;\"><span style=\"color: black;\"><span style=\"font-family: Book Antiqua, serif;\">Nasze<br \/>\nzmaganie z Bogiem to zmaganie wewn\u0119trzne <b>z naszymi w\u0142asnymi<br \/>\ns\u0142abo\u015bciami, <\/b>w kt\u00f3re to zmaganie staramy si\u0119 w\u0142\u0105cza\u0107 Boga,<br \/>\nprosz\u0105c, by nam pom\u00f3g\u0142, by nami pokierowa\u0142\u2026 Tak\u017ce \u2013 by nam<br \/>\n<b>pozwoli\u0142 zrozumie\u0107, <\/b>co i dlaczego w naszym \u017cyciu si\u0119<br \/>\ndzieje, dlaczego nie wszystko ogarniamy umys\u0142em i sercem, a niekt\u00f3re<br \/>\nsytuacje <b>zdaj\u0105 si\u0119 nas przerasta\u0107\u2026<\/b> I to w\u0142a\u015bnie tego<br \/>\ntypu nasze rozmowy z Bogiem przypominaj\u0105 owo zmaganie si\u0119. <\/span><\/span><br \/>\n<\/span><\/div>\n<div align=\"justify\" style=\"background: transparent; font-style: normal; font-variant: normal; font-weight: normal; letter-spacing: normal; line-height: 150%; margin-bottom: 0cm; text-indent: 1.3cm;\">\n<span style=\"color: black;\"><span style=\"font-family: Book Antiqua, serif;\"><span style=\"font-size: x-large;\">Bo<br \/>\n<b>dobijamy si\u0119 wr\u0119cz<\/b> do Jego \u0142askawo\u015bci i dobroci, aby nam<br \/>\nda\u0142 \u015bwiat\u0142o i si\u0142y do ogarni\u0119cia tego wszystkiego, co dzieje si\u0119<br \/>\nw naszym \u017cyciu. I wtedy tak\u017ce <b>stawiamy twarde pytania,<\/b><br \/>\nniekiedy nawet zg\u0142aszamy pretensje do Boga. I mo\u017cemy tak czyni\u0107!<br \/>\nPowinni\u015bmy nawet! <b>On si\u0119 o to na pewno nie obrazi,<\/b> je\u017celi<br \/>\nwidzi, \u017ce wszystko to wyp\u0142ywa z naszych szczerych, cz\u0119sto<br \/>\nzbola\u0142ych serc\u2026<\/span><\/span><\/span><\/div>\n<div align=\"justify\" style=\"background: transparent; font-style: normal; font-variant: normal; font-weight: normal; letter-spacing: normal; line-height: 150%; margin-bottom: 0cm; text-indent: 1.3cm;\">\n<span style=\"font-size: x-large;\"><span style=\"color: black;\"><span style=\"font-family: Book Antiqua, serif;\">Ewangelia<br \/>\ndzisiejsza ukazuje nam wielu takich w\u0142a\u015bnie <b>do\u015bwiadczonych<br \/>\n\u017cyciem ludzi,<\/b> kt\u00f3rzy przychodzili do Jezusa i doznawali Jego<br \/>\npomocy. Nie znamy historii ich \u017cycia i nie wiemy, co wewn\u0119trznie<br \/>\nmy\u015bleli, co prze\u017cywali\u2026 Zapewne w niejednym sercu nieraz rodzi\u0142o<br \/>\nsi\u0119 to pytanie: <b>\u201eDlaczego? <\/b>Dlaczego to mnie spotka\u0142o?<br \/>\nDlaczego jest mi tak ci\u0119\u017cko w \u017cyciu?\u201d\u2026 I mo\u017ce ci, o kt\u00f3rych<br \/>\nmowa w dzisiejszej Ewangelii, ju\u017c<b> niejedn\u0105 duchow\u0105 walk\u0119 mieli<br \/>\nza sob\u0105.<\/b> <\/span><\/span><br \/>\n<\/span><\/div>\n<div align=\"justify\" style=\"background: transparent; font-style: normal; font-variant: normal; font-weight: normal; letter-spacing: normal; line-height: 150%; margin-bottom: 0cm; text-indent: 1.3cm;\">\n<span style=\"font-size: x-large;\"><span style=\"color: black;\"><span style=\"font-family: Book Antiqua, serif;\">A<br \/>\njednak \u2013 a mo\u017ce w\u0142a\u015bnie dlatego \u2013 <b>przyszli do Jezusa,<\/b><br \/>\nnie pr\u00f3bowali ju\u017c o w\u0142asnych si\u0142ach ratowa\u0107 swojej sytuacji, nie<br \/>\nobra\u017cali si\u0119 te\u017c na Boga za to, co ich spotka\u0142o. Z ca\u0142ym baga\u017cem<br \/>\nswoich do\u015bwiadcze\u0144 \u2013 <b>przybywali do Jezusa! <\/b>I \u2013 jak<br \/>\ns\u0142yszymy \u2013 nie zawiedli si\u0119. <\/span><\/span><br \/>\n<\/span><\/div>\n<div align=\"justify\" style=\"background: transparent; font-style: normal; font-variant: normal; font-weight: normal; letter-spacing: normal; line-height: 150%; margin-bottom: 0cm; text-indent: 1.3cm;\">\n<span style=\"color: black;\"><span style=\"font-family: Book Antiqua, serif;\"><span style=\"font-size: x-large;\">A<br \/>\nci, kt\u00f3rzy m\u00f3wili o Jezusie: <i><b>Wyrzuca z\u0142e duchy moc\u0105 ich<br \/>\nprzyw\u00f3dcy <\/b><\/i><b>\u2013 <\/b>c\u00f3\u017c oni? Czy <b>uwa\u017cali si\u0119 za<br \/>\nzwyci\u0119zc\u00f3w?<\/b> Co tak naprawd\u0119 wyrazili tymi s\u0142owami \u2013 jakie<br \/>\nnastawienie? Czy nie potwierdzili w ten spos\u00f3b swojej <b>totalnej,<br \/>\nduchowej przegranej?<\/b><\/span><\/span><\/span><\/div>\n<div align=\"justify\" style=\"background: transparent; font-style: normal; font-variant: normal; font-weight: normal; letter-spacing: normal; line-height: 150%; margin-bottom: 0cm; text-indent: 1.3cm;\">\n<span style=\"color: black;\"><span style=\"font-family: Book Antiqua, serif;\"><span style=\"font-size: x-large;\">A<br \/>\nco my mo\u017cemy powiedzie\u0107 o naszych duchowych zmaganiach? Z jakimi<br \/>\nwadami, s\u0142abo\u015bciami, grzechami walczymy? Jak pokonujemy w sobie<br \/>\npokusy do z\u0142ego? I jak rozmawiamy z Bogiem o sprawach dla nas<br \/>\n<b>\u017cyciowo najwa\u017cniejszych i najtrudniejszych? <\/b>Czy mamy odwag\u0119<br \/>\nzwraca\u0107 si\u0119 do Niego <b>szczerze ze wszystkim, <\/b>co prze\u017cywamy?\u2026<\/span><\/span><\/span><\/div>\n","protected":false},"excerpt":{"rendered":"<p>Szcz\u0119\u015b\u0107 Bo\u017ce! Moi Drodzy, w dniu dzisiejszym urodziny prze\u017cywa Pawe\u0142 Kaczorowski, w\u0142\u0105czaj\u0105cy si\u0119 w swoim czasie w dzia\u0142alno\u015b\u0107 jednej z m\u0142odzie\u017cowych Wsp\u00f3lnot. \u017bycz\u0119 Jubilatowi Bo\u017cego prowadzenia przez \u017cycie! Zapewniam o modlitwie. A Wam, moi Drodzy, \u017cycz\u0119 b\u0142ogos\u0142awionego \u2013 wakacyjnego, urlopowego, albo pracowitego \u2013 dnia! Niech to b\u0119dzie czas promieniowania Bo\u017cej \u0142aski w Waszym \u017cyciu! Gaudium [&hellip;]<\/p>\n","protected":false},"author":1,"featured_media":0,"comment_status":"open","ping_status":"open","sticky":false,"template":"","format":"standard","meta":{"jetpack_post_was_ever_published":false,"_jetpack_newsletter_access":"","_jetpack_dont_email_post_to_subs":false,"_jetpack_newsletter_tier_id":0,"_jetpack_memberships_contains_paywalled_content":false,"_jetpack_memberships_contains_paid_content":false,"footnotes":""},"categories":[1],"tags":[],"class_list":["post-14546","post","type-post","status-publish","format-standard","hentry","category-bez-kategorii"],"yoast_head":"<!-- This site is optimized with the Yoast SEO plugin v25.1 - https:\/\/yoast.com\/wordpress\/plugins\/seo\/ -->\n<title>Walczy\u0107 z Bogiem - czy nie walczy\u0107?... - Gaudium Et Spes<\/title>\n<meta name=\"robots\" content=\"index, follow, max-snippet:-1, max-image-preview:large, max-video-preview:-1\" \/>\n<link rel=\"canonical\" href=\"https:\/\/gaudiumetspes-blog.pl\/index.php\/2019\/07\/09\/walczyc-z-bogiem-czy-nie-walczyc\/\" \/>\n<meta property=\"og:locale\" content=\"pl_PL\" \/>\n<meta property=\"og:type\" content=\"article\" \/>\n<meta property=\"og:title\" content=\"Walczy\u0107 z Bogiem - czy nie walczy\u0107?... - Gaudium Et Spes\" \/>\n<meta property=\"og:description\" content=\"Szcz\u0119\u015b\u0107 Bo\u017ce! Moi Drodzy, w dniu dzisiejszym urodziny prze\u017cywa Pawe\u0142 Kaczorowski, w\u0142\u0105czaj\u0105cy si\u0119 w swoim czasie w dzia\u0142alno\u015b\u0107 jednej z m\u0142odzie\u017cowych Wsp\u00f3lnot. \u017bycz\u0119 Jubilatowi Bo\u017cego prowadzenia przez \u017cycie! Zapewniam o modlitwie. A Wam, moi Drodzy, \u017cycz\u0119 b\u0142ogos\u0142awionego \u2013 wakacyjnego, urlopowego, albo pracowitego \u2013 dnia! Niech to b\u0119dzie czas promieniowania Bo\u017cej \u0142aski w Waszym \u017cyciu! Gaudium [&hellip;]\" \/>\n<meta property=\"og:url\" content=\"https:\/\/gaudiumetspes-blog.pl\/index.php\/2019\/07\/09\/walczyc-z-bogiem-czy-nie-walczyc\/\" \/>\n<meta property=\"og:site_name\" content=\"Gaudium Et Spes\" \/>\n<meta property=\"article:published_time\" content=\"2019-07-09T04:09:00+00:00\" \/>\n<meta property=\"article:modified_time\" content=\"2019-07-31T11:04:49+00:00\" \/>\n<meta name=\"author\" content=\"Ks. Jacek\" \/>\n<meta name=\"twitter:card\" content=\"summary_large_image\" \/>\n<meta name=\"twitter:label1\" content=\"Napisane przez\" \/>\n\t<meta name=\"twitter:data1\" content=\"Ks. Jacek\" \/>\n\t<meta name=\"twitter:label2\" content=\"Szacowany czas czytania\" \/>\n\t<meta name=\"twitter:data2\" content=\"6 minut\" \/>\n<script type=\"application\/ld+json\" class=\"yoast-schema-graph\">{\"@context\":\"https:\/\/schema.org\",\"@graph\":[{\"@type\":\"WebPage\",\"@id\":\"https:\/\/gaudiumetspes-blog.pl\/index.php\/2019\/07\/09\/walczyc-z-bogiem-czy-nie-walczyc\/\",\"url\":\"https:\/\/gaudiumetspes-blog.pl\/index.php\/2019\/07\/09\/walczyc-z-bogiem-czy-nie-walczyc\/\",\"name\":\"Walczy\u0107 z Bogiem - czy nie walczy\u0107?... - Gaudium Et Spes\",\"isPartOf\":{\"@id\":\"https:\/\/gaudiumetspes-blog.pl\/#website\"},\"datePublished\":\"2019-07-09T04:09:00+00:00\",\"dateModified\":\"2019-07-31T11:04:49+00:00\",\"author\":{\"@id\":\"https:\/\/gaudiumetspes-blog.pl\/#\/schema\/person\/1661982992b752dea8dff0d4ed845a65\"},\"breadcrumb\":{\"@id\":\"https:\/\/gaudiumetspes-blog.pl\/index.php\/2019\/07\/09\/walczyc-z-bogiem-czy-nie-walczyc\/#breadcrumb\"},\"inLanguage\":\"pl-PL\",\"potentialAction\":[{\"@type\":\"ReadAction\",\"target\":[\"https:\/\/gaudiumetspes-blog.pl\/index.php\/2019\/07\/09\/walczyc-z-bogiem-czy-nie-walczyc\/\"]}]},{\"@type\":\"BreadcrumbList\",\"@id\":\"https:\/\/gaudiumetspes-blog.pl\/index.php\/2019\/07\/09\/walczyc-z-bogiem-czy-nie-walczyc\/#breadcrumb\",\"itemListElement\":[{\"@type\":\"ListItem\",\"position\":1,\"name\":\"Strona g\u0142\u00f3wna\",\"item\":\"https:\/\/gaudiumetspes-blog.pl\/\"},{\"@type\":\"ListItem\",\"position\":2,\"name\":\"Walczy\u0107 z&nbsp;Bogiem &#8211; czy&nbsp;nie&nbsp;walczy\u0107?&#8230;\"}]},{\"@type\":\"WebSite\",\"@id\":\"https:\/\/gaudiumetspes-blog.pl\/#website\",\"url\":\"https:\/\/gaudiumetspes-blog.pl\/\",\"name\":\"Gaudium Et Spes\",\"description\":\"Blog Ks. Jacka Ja\u015bkowskiego\",\"potentialAction\":[{\"@type\":\"SearchAction\",\"target\":{\"@type\":\"EntryPoint\",\"urlTemplate\":\"https:\/\/gaudiumetspes-blog.pl\/?s={search_term_string}\"},\"query-input\":{\"@type\":\"PropertyValueSpecification\",\"valueRequired\":true,\"valueName\":\"search_term_string\"}}],\"inLanguage\":\"pl-PL\"},{\"@type\":\"Person\",\"@id\":\"https:\/\/gaudiumetspes-blog.pl\/#\/schema\/person\/1661982992b752dea8dff0d4ed845a65\",\"name\":\"Ks. Jacek\",\"image\":{\"@type\":\"ImageObject\",\"inLanguage\":\"pl-PL\",\"@id\":\"https:\/\/gaudiumetspes-blog.pl\/#\/schema\/person\/image\/\",\"url\":\"https:\/\/gaudiumetspes-blog.pl\/wp-content\/uploads\/2019\/07\/avatar-JJ-150x150.jpg\",\"contentUrl\":\"https:\/\/gaudiumetspes-blog.pl\/wp-content\/uploads\/2019\/07\/avatar-JJ-150x150.jpg\",\"caption\":\"Ks. Jacek\"},\"description\":\"Witam serdecznie! K\u0142ania si\u0119 Ks. Jacek Ja\u015bkowski. Nie jestem ani kim\u015b wa\u017cnym, ani kim\u015b znanym. Jestem ksi\u0119dzem, kt\u00f3ry po prostu chce rozmawia\u0107. Codzienna kap\u0142a\u0144ska pos\u0142uga pokazuje mi, \u017ce temat\u00f3w do rozm\u00f3w z ksi\u0119dzem jest coraz wi\u0119cej i dzisiaj \u017caden ksi\u0105dz nie mo\u017ce od nich ucieka\u0107, ale - wprost przeciwnie - podejmowa\u0107 nowe wyzwania. To przekonanie sk\u0142oni\u0142o mnie do pr\u00f3by otwarcia tego\u017c bloga, chocia\u017c okazji do rozm\u00f3w na co dzie\u0144 - w konfesjonale i poza nim - na szcz\u0119\u015bcie nie brakuje. My\u015bl\u0119 jednak, \u017ce ten blog b\u0119dzie jeszcze jednym sposobem i przestrzeni\u0105 nawi\u0105zania kontaktu z lud\u017ami dobrej woli, otwartymi na dialog.\",\"url\":\"https:\/\/gaudiumetspes-blog.pl\/index.php\/author\/ks-jacek\/\"}]}<\/script>\n<!-- \/ Yoast SEO plugin. -->","yoast_head_json":{"title":"Walczy\u0107 z Bogiem - czy nie walczy\u0107?... - Gaudium Et Spes","robots":{"index":"index","follow":"follow","max-snippet":"max-snippet:-1","max-image-preview":"max-image-preview:large","max-video-preview":"max-video-preview:-1"},"canonical":"https:\/\/gaudiumetspes-blog.pl\/index.php\/2019\/07\/09\/walczyc-z-bogiem-czy-nie-walczyc\/","og_locale":"pl_PL","og_type":"article","og_title":"Walczy\u0107 z Bogiem - czy nie walczy\u0107?... - Gaudium Et Spes","og_description":"Szcz\u0119\u015b\u0107 Bo\u017ce! Moi Drodzy, w dniu dzisiejszym urodziny prze\u017cywa Pawe\u0142 Kaczorowski, w\u0142\u0105czaj\u0105cy si\u0119 w swoim czasie w dzia\u0142alno\u015b\u0107 jednej z m\u0142odzie\u017cowych Wsp\u00f3lnot. \u017bycz\u0119 Jubilatowi Bo\u017cego prowadzenia przez \u017cycie! Zapewniam o modlitwie. A Wam, moi Drodzy, \u017cycz\u0119 b\u0142ogos\u0142awionego \u2013 wakacyjnego, urlopowego, albo pracowitego \u2013 dnia! Niech to b\u0119dzie czas promieniowania Bo\u017cej \u0142aski w Waszym \u017cyciu! Gaudium [&hellip;]","og_url":"https:\/\/gaudiumetspes-blog.pl\/index.php\/2019\/07\/09\/walczyc-z-bogiem-czy-nie-walczyc\/","og_site_name":"Gaudium Et Spes","article_published_time":"2019-07-09T04:09:00+00:00","article_modified_time":"2019-07-31T11:04:49+00:00","author":"Ks. Jacek","twitter_card":"summary_large_image","twitter_misc":{"Napisane przez":"Ks. Jacek","Szacowany czas czytania":"6 minut"},"schema":{"@context":"https:\/\/schema.org","@graph":[{"@type":"WebPage","@id":"https:\/\/gaudiumetspes-blog.pl\/index.php\/2019\/07\/09\/walczyc-z-bogiem-czy-nie-walczyc\/","url":"https:\/\/gaudiumetspes-blog.pl\/index.php\/2019\/07\/09\/walczyc-z-bogiem-czy-nie-walczyc\/","name":"Walczy\u0107 z Bogiem - czy nie walczy\u0107?... - Gaudium Et Spes","isPartOf":{"@id":"https:\/\/gaudiumetspes-blog.pl\/#website"},"datePublished":"2019-07-09T04:09:00+00:00","dateModified":"2019-07-31T11:04:49+00:00","author":{"@id":"https:\/\/gaudiumetspes-blog.pl\/#\/schema\/person\/1661982992b752dea8dff0d4ed845a65"},"breadcrumb":{"@id":"https:\/\/gaudiumetspes-blog.pl\/index.php\/2019\/07\/09\/walczyc-z-bogiem-czy-nie-walczyc\/#breadcrumb"},"inLanguage":"pl-PL","potentialAction":[{"@type":"ReadAction","target":["https:\/\/gaudiumetspes-blog.pl\/index.php\/2019\/07\/09\/walczyc-z-bogiem-czy-nie-walczyc\/"]}]},{"@type":"BreadcrumbList","@id":"https:\/\/gaudiumetspes-blog.pl\/index.php\/2019\/07\/09\/walczyc-z-bogiem-czy-nie-walczyc\/#breadcrumb","itemListElement":[{"@type":"ListItem","position":1,"name":"Strona g\u0142\u00f3wna","item":"https:\/\/gaudiumetspes-blog.pl\/"},{"@type":"ListItem","position":2,"name":"Walczy\u0107 z&nbsp;Bogiem &#8211; czy&nbsp;nie&nbsp;walczy\u0107?&#8230;"}]},{"@type":"WebSite","@id":"https:\/\/gaudiumetspes-blog.pl\/#website","url":"https:\/\/gaudiumetspes-blog.pl\/","name":"Gaudium Et Spes","description":"Blog Ks. Jacka Ja\u015bkowskiego","potentialAction":[{"@type":"SearchAction","target":{"@type":"EntryPoint","urlTemplate":"https:\/\/gaudiumetspes-blog.pl\/?s={search_term_string}"},"query-input":{"@type":"PropertyValueSpecification","valueRequired":true,"valueName":"search_term_string"}}],"inLanguage":"pl-PL"},{"@type":"Person","@id":"https:\/\/gaudiumetspes-blog.pl\/#\/schema\/person\/1661982992b752dea8dff0d4ed845a65","name":"Ks. Jacek","image":{"@type":"ImageObject","inLanguage":"pl-PL","@id":"https:\/\/gaudiumetspes-blog.pl\/#\/schema\/person\/image\/","url":"https:\/\/gaudiumetspes-blog.pl\/wp-content\/uploads\/2019\/07\/avatar-JJ-150x150.jpg","contentUrl":"https:\/\/gaudiumetspes-blog.pl\/wp-content\/uploads\/2019\/07\/avatar-JJ-150x150.jpg","caption":"Ks. Jacek"},"description":"Witam serdecznie! K\u0142ania si\u0119 Ks. Jacek Ja\u015bkowski. Nie jestem ani kim\u015b wa\u017cnym, ani kim\u015b znanym. Jestem ksi\u0119dzem, kt\u00f3ry po prostu chce rozmawia\u0107. Codzienna kap\u0142a\u0144ska pos\u0142uga pokazuje mi, \u017ce temat\u00f3w do rozm\u00f3w z ksi\u0119dzem jest coraz wi\u0119cej i dzisiaj \u017caden ksi\u0105dz nie mo\u017ce od nich ucieka\u0107, ale - wprost przeciwnie - podejmowa\u0107 nowe wyzwania. To przekonanie sk\u0142oni\u0142o mnie do pr\u00f3by otwarcia tego\u017c bloga, chocia\u017c okazji do rozm\u00f3w na co dzie\u0144 - w konfesjonale i poza nim - na szcz\u0119\u015bcie nie brakuje. My\u015bl\u0119 jednak, \u017ce ten blog b\u0119dzie jeszcze jednym sposobem i przestrzeni\u0105 nawi\u0105zania kontaktu z lud\u017ami dobrej woli, otwartymi na dialog.","url":"https:\/\/gaudiumetspes-blog.pl\/index.php\/author\/ks-jacek\/"}]}},"jetpack_featured_media_url":"","jetpack_sharing_enabled":true,"_links":{"self":[{"href":"https:\/\/gaudiumetspes-blog.pl\/index.php\/wp-json\/wp\/v2\/posts\/14546","targetHints":{"allow":["GET"]}}],"collection":[{"href":"https:\/\/gaudiumetspes-blog.pl\/index.php\/wp-json\/wp\/v2\/posts"}],"about":[{"href":"https:\/\/gaudiumetspes-blog.pl\/index.php\/wp-json\/wp\/v2\/types\/post"}],"author":[{"embeddable":true,"href":"https:\/\/gaudiumetspes-blog.pl\/index.php\/wp-json\/wp\/v2\/users\/1"}],"replies":[{"embeddable":true,"href":"https:\/\/gaudiumetspes-blog.pl\/index.php\/wp-json\/wp\/v2\/comments?post=14546"}],"version-history":[{"count":1,"href":"https:\/\/gaudiumetspes-blog.pl\/index.php\/wp-json\/wp\/v2\/posts\/14546\/revisions"}],"predecessor-version":[{"id":15409,"href":"https:\/\/gaudiumetspes-blog.pl\/index.php\/wp-json\/wp\/v2\/posts\/14546\/revisions\/15409"}],"wp:attachment":[{"href":"https:\/\/gaudiumetspes-blog.pl\/index.php\/wp-json\/wp\/v2\/media?parent=14546"}],"wp:term":[{"taxonomy":"category","embeddable":true,"href":"https:\/\/gaudiumetspes-blog.pl\/index.php\/wp-json\/wp\/v2\/categories?post=14546"},{"taxonomy":"post_tag","embeddable":true,"href":"https:\/\/gaudiumetspes-blog.pl\/index.php\/wp-json\/wp\/v2\/tags?post=14546"}],"curies":[{"name":"wp","href":"https:\/\/api.w.org\/{rel}","templated":true}]}}