{"id":14547,"date":"2019-07-08T07:17:00","date_gmt":"2019-07-08T05:17:00","guid":{"rendered":"https:\/\/gaudiumetspes-blog.pl\/index.php\/2019\/07\/08\/drabina-do-nieba\/"},"modified":"2019-07-31T13:04:48","modified_gmt":"2019-07-31T11:04:48","slug":"drabina-do-nieba","status":"publish","type":"post","link":"https:\/\/gaudiumetspes-blog.pl\/index.php\/2019\/07\/08\/drabina-do-nieba\/","title":{"rendered":"Drabina do Nieba"},"content":{"rendered":"<p><\/p>\n<div align=\"justify\" style=\"font-weight: normal; line-height: 150%; margin-bottom: 0cm;\">\n<span style=\"color: black;\"><span style=\"font-family: Book Antiqua, serif;\"><span style=\"font-size: x-large;\">Szcz\u0119\u015b\u0107<br \/>\nBo\u017ce! Moi Drodzy, bardzo dzi\u0119kujemy Ksi\u0119dzu Markowi za wczorajsze<br \/>\ns\u0142\u00f3wko, przygotowane tak troch\u0119 \u201eprzy okazji\u201d przygotowywania<br \/>\nhomilii do Miastkowa. Dzi\u0119ki, \u017ce zechcia\u0142 si\u0119 tym s\u0142owem<br \/>\npodzieli\u0107 z nami tu, na forum.<\/span><\/span><\/span><\/div>\n<div align=\"justify\" style=\"background: transparent; font-weight: normal; line-height: 150%; margin-bottom: 0cm; page-break-before: auto; text-indent: 1.3cm;\">\n<span style=\"color: black;\"><span style=\"font-family: Book Antiqua, serif;\"><span style=\"font-size: x-large;\">\u017bycz\u0119<br \/>\nWszystkim b\u0142ogos\u0142awionego i pi\u0119knego dnia!<\/span><\/span><\/span><\/div>\n<div align=\"center\" style=\"font-weight: normal; line-height: 150%; margin-bottom: 0cm;\">\n<span style=\"color: black;\"><span style=\"font-family: Book Antiqua, serif;\"><span style=\"font-size: x-large;\">Gaudium<br \/>\net spes!  Ks. Jacek<\/span><\/span><\/span><\/div>\n<div align=\"justify\" style=\"line-height: 150%; margin-bottom: 0cm;\">\n<span style=\"font-size: x-large;\"><\/p>\n<p><\/span><\/div>\n<div align=\"justify\" style=\"line-height: 150%; margin-bottom: 0cm;\">\n<span style=\"color: black;\"><span style=\"font-family: Book Antiqua, serif;\"><span style=\"font-size: x-large;\"><b>Poniedzia\u0142ek<br \/>\n14 Tygodnia zwyk\u0142ego, rok I,<\/b><\/span><\/span><\/span><\/div>\n<div align=\"justify\" style=\"line-height: 150%; margin-bottom: 0cm;\">\n<span style=\"color: black;\"><span style=\"font-family: Book Antiqua, serif;\"><span style=\"font-size: x-large;\"><b>Wspomnienie<br \/>\n\u015aw. Jana z Dukli, Kap\u0142ana,<\/b><\/span><\/span><\/span><\/div>\n<div align=\"justify\" style=\"line-height: 150%; margin-bottom: 0cm;\">\n<span style=\"color: black;\"><span style=\"font-family: Book Antiqua, serif;\"><span style=\"font-size: x-large;\"><b>do<br \/>\nczyta\u0144:  Rdz 28,10\u201322a;  Mt 9,18\u201326<\/b><\/span><\/span><\/span><\/div>\n<div align=\"justify\" style=\"line-height: 150%; margin-bottom: 0cm;\">\n<span style=\"font-size: x-large;\"><\/p>\n<p><\/span><\/div>\n<div align=\"justify\" style=\"font-style: normal; font-variant: normal; letter-spacing: normal; line-height: 150%; margin-bottom: 0cm;\">\n<span style=\"color: black;\"><span style=\"font-family: Book Antiqua, serif;\"><span style=\"font-size: x-large;\"><b>CZYTANIE<br \/>\nZ KSI\u0118GI RODZAJU:<\/b><\/span><\/span><\/span><\/div>\n<div align=\"justify\" style=\"font-style: normal; font-variant: normal; letter-spacing: normal; line-height: 150%; margin-bottom: 0cm; page-break-before: auto; text-indent: 1.3cm;\">\n<span style=\"color: black;\"><span style=\"font-family: Book Antiqua, serif;\"><span style=\"font-size: x-large;\"><b>Kiedy<br \/>\nJakub wyszed\u0142szy z Beer\u2013Szeby w\u0119drowa\u0142 do Charanu, trafi\u0142 na<br \/>\njakie\u015b miejsce i tam si\u0119 zatrzyma\u0142 na nocleg, gdy\u017c s\u0142o\u0144ce ju\u017c<br \/>\nzasz\u0142o. Wzi\u0105\u0142 wi\u0119c z tego miasta kamie\u0144 i pod\u0142o\u017cy\u0142 go sobie<br \/>\npod g\u0142ow\u0119, uk\u0142adaj\u0105c si\u0119 do snu na tym w\u0142a\u015bnie miejscu.<\/b><\/span><\/span><\/span><\/div>\n<div align=\"justify\" style=\"font-style: normal; font-variant: normal; letter-spacing: normal; line-height: 150%; margin-bottom: 0cm; text-indent: 1.3cm;\">\n<span style=\"color: black;\"><span style=\"font-family: Book Antiqua, serif;\"><span style=\"font-size: x-large;\"><b>We<br \/>\n\u015bnie ujrza\u0142 drabin\u0119 opart\u0105 na ziemi, si\u0119gaj\u0105c\u0105 swym<br \/>\nwierzcho\u0142kiem nieba, oraz anio\u0142\u00f3w Bo\u017cych, kt\u00f3rzy wchodzili w<br \/>\ng\u00f3r\u0119 i schodzili na d\u00f3\u0142. A oto Pan sta\u0142 na jej szczycie i m\u00f3wi\u0142:<\/b><\/span><\/span><\/span><\/div>\n<div align=\"justify\" style=\"font-style: normal; font-variant: normal; letter-spacing: normal; line-height: 150%; margin-bottom: 0cm; text-indent: 1.3cm;\">\n<span style=\"color: black; font-size: x-large;\">\u201e<span style=\"font-family: Book Antiqua, serif;\"><b>Ja<br \/>\njestem Pan, B\u00f3g Abrahama i B\u00f3g Izaaka. Ziemi\u0119, na kt\u00f3rej le\u017cysz,<br \/>\noddaj\u0119 tobie i twemu potomstwu. A potomstwo twe b\u0119dzie tak liczne<br \/>\njak proch ziemi, ty za\u015b rozprzestrzenisz si\u0119 na zach\u00f3d i wsch\u00f3d,<br \/>\nna p\u00f3\u0142noc i na po\u0142udnie; wszystkie plemiona ziemi otrzymaj\u0105<br \/>\nb\u0142ogos\u0142awie\u0144stwo przez ciebie i przez twych potomk\u00f3w. Ja jestem z<br \/>\ntob\u0105 i b\u0119d\u0119 ci\u0119 strzeg\u0142, gdziekolwiek si\u0119 udasz; a potem<br \/>\nsprowadz\u0119 ci\u0119 do tego kraju. Bo nie opuszcz\u0119 ci\u0119, dop\u00f3ki nie<br \/>\nspe\u0142ni\u0119 tego, co ci obiecuj\u0119\u201d.<\/b><\/span><\/span><\/div>\n<div align=\"justify\" style=\"font-style: normal; font-variant: normal; letter-spacing: normal; line-height: 150%; margin-bottom: 0cm; text-indent: 1.3cm;\">\n<span style=\"color: black;\"><span style=\"font-family: Book Antiqua, serif;\"><span style=\"font-size: x-large;\"><b>A<br \/>\ngdy Jakub zbudzi\u0142 si\u0119 ze snu, pomy\u015bla\u0142: \u201ePrawdziwie Pan jest na<br \/>\ntym miejscu, a ja nie wiedzia\u0142em\u201d. I zdj\u0119ty trwog\u0105 rzek\u0142: \u201eO,<br \/>\njak\u017ce miejsce to przejmuje groz\u0105! Prawdziwie jest to dom Boga i<br \/>\nbrama do nieba!\u201d Wstawszy wi\u0119c rano, wzi\u0105\u0142 \u00f3w kamie\u0144, kt\u00f3ry<br \/>\npod\u0142o\u017cy\u0142 sobie pod g\u0142ow\u0119, postawi\u0142 go jako stel\u0119 i rozla\u0142 na<br \/>\njego wierzchu oliw\u0119. I da\u0142 temu miejscu nazw\u0119 Betel. Natomiast<br \/>\npierwotna nazwa tego miejsca by\u0142a Luz.<\/b><\/span><\/span><\/span><\/div>\n<div align=\"justify\" style=\"font-style: normal; font-variant: normal; letter-spacing: normal; line-height: 150%; margin-bottom: 0cm; text-indent: 1.3cm;\">\n<span style=\"color: black;\"><span style=\"font-family: Book Antiqua, serif;\"><span style=\"font-size: x-large;\"><b>Po<br \/>\nczym z\u0142o\u017cy\u0142 taki \u015blub: \u201eJe\u017celi Pan B\u00f3g b\u0119dzie ze mn\u0105,<br \/>\nstrzeg\u0105c mnie w drodze, w kt\u00f3r\u0105 wyruszy\u0142em, je\u017celi da mi chleb<br \/>\ndo jedzenia i ubranie do okrycia si\u0119 i je\u017celi wr\u00f3c\u0119 szcz\u0119\u015bliwie<br \/>\ndo domu ojca mojego, Pan b\u0119dzie moim Bogiem. Ten za\u015b kamie\u0144, kt\u00f3ry<br \/>\npostawi\u0142em jako stel\u0119, b\u0119dzie domem Boga\u201d.<\/b><\/span><\/span><\/span><\/div>\n<div align=\"justify\" style=\"line-height: 150%; margin-bottom: 0cm;\">\n<span style=\"font-size: x-large;\"><\/p>\n<p><\/span><\/div>\n<div align=\"justify\" style=\"font-style: normal; font-variant: normal; letter-spacing: normal; line-height: 150%; margin-bottom: 0cm;\">\n<span style=\"color: black;\"><span style=\"font-family: Book Antiqua, serif;\"><span style=\"font-size: x-large;\"><b>S\u0141OWA<br \/>\nEWANGELII WED\u0141UG \u015aWI\u0118TEGO MATEUSZA:<\/b><\/span><\/span><\/span><\/div>\n<div align=\"justify\" style=\"line-height: 150%; margin-bottom: 0cm; page-break-before: auto; text-indent: 1.3cm;\">\n<span style=\"color: black;\"><span style=\"font-family: Book Antiqua, serif;\"><span style=\"font-size: x-large;\"><b><span style=\"font-variant: normal;\"><span style=\"letter-spacing: normal;\"><span style=\"font-style: normal;\">Gdy<br \/>\nJezus m\u00f3wi\u0142, pewien zwierzchnik synagogi przyszed\u0142 do Niego i<br \/>\noddaj\u0105c pok\u0142on, prosi\u0142: \u201ePanie, moja c\u00f3rka dopiero co skona\u0142a,<br \/>\nlecz przyjd\u017a i w\u0142\u00f3\u017c na ni\u0105 r\u0119k\u0119, a \u017cy\u0107 b\u0119dzie\u201d. Jezus<br \/>\nwsta\u0142 i wraz z uczniami poszed\u0142 za nim.<\/span><\/span><\/span><\/b><\/span><\/span><\/span><\/div>\n<div align=\"justify\" style=\"font-style: normal; font-variant: normal; letter-spacing: normal; line-height: 150%; margin-bottom: 0cm; text-indent: 1.3cm;\">\n<span style=\"color: black;\"><span style=\"font-family: Book Antiqua, serif;\"><span style=\"font-size: x-large;\"><b>Wtem<br \/>\njaka\u015b kobieta, kt\u00f3ra dwana\u015bcie lat cierpia\u0142a na krwotok, podesz\u0142a<br \/>\nz ty\u0142u i dotkn\u0119\u0142a si\u0119 fr\u0119dzli Jego p\u0142aszcza. Bo sobie m\u00f3wi\u0142a:<br \/>\n\u201e\u017bebym si\u0119 cho\u0107 Jego p\u0142aszcza dotkn\u0119\u0142a, a b\u0119d\u0119 zdrowa\u201d.<\/b><\/span><\/span><\/span><\/div>\n<div align=\"justify\" style=\"font-style: normal; font-variant: normal; letter-spacing: normal; line-height: 150%; margin-bottom: 0cm; text-indent: 1.3cm;\">\n<span style=\"color: black;\"><span style=\"font-family: Book Antiqua, serif;\"><span style=\"font-size: x-large;\"><b>Jezus<br \/>\nobr\u00f3ci\u0142 si\u0119 i widz\u0105c j\u0105, rzek\u0142: \u201eUfaj c\u00f3rko; twoja wiara ci\u0119<br \/>\nocali\u0142a\u201d. I od tej chwili kobieta by\u0142a zdrowa.<\/b><\/span><\/span><\/span><\/div>\n<div align=\"justify\" style=\"font-style: normal; font-variant: normal; letter-spacing: normal; line-height: 150%; margin-bottom: 0cm; text-indent: 1.3cm;\">\n<span style=\"color: black;\"><span style=\"font-family: Book Antiqua, serif;\"><span style=\"font-size: x-large;\"><b>Gdy<br \/>\nJezus przyszed\u0142 do domu zwierzchnika i zobaczy\u0142 fletnist\u00f3w oraz<br \/>\nt\u0142um zgie\u0142kliwy, rzek\u0142: \u201eUsu\u0144cie si\u0119, bo dziewczynka nie<br \/>\numar\u0142a, tylko \u015bpi\u201d. A oni wy\u015bmiewali Go. Skoro jednak usuni\u0119to<br \/>\nt\u0142um, wszed\u0142 i uj\u0105\u0142 j\u0105 za r\u0119k\u0119, a dziewczynka wsta\u0142a. Wie\u015b\u0107<br \/>\no tym rozesz\u0142a si\u0119 po ca\u0142ej tamtejszej okolicy.<\/b><\/span><\/span><\/span><\/div>\n<div align=\"justify\" style=\"font-style: normal; font-variant: normal; font-weight: normal; letter-spacing: normal; line-height: 150%; margin-bottom: 0cm; text-indent: 1.3cm;\">\n<span style=\"font-size: x-large;\"><\/p>\n<p><\/span><\/div>\n<div align=\"justify\" style=\"font-style: normal; font-variant: normal; font-weight: normal; letter-spacing: normal; line-height: 150%; margin-bottom: 0cm; text-indent: 1.3cm;\">\n<span style=\"font-size: x-large;\"><span style=\"color: black;\"><span style=\"font-family: Book Antiqua, serif;\">Obraz<br \/>\ndrabiny, si\u0119gaj\u0105cej nieba, kt\u00f3ry we \u015bnie ujrza\u0142 Jakub, nie jest<br \/>\nnam obcy. Tak\u017ce dzi\u0119ki <b>naszej polskiej literaturze,<\/b> w kt\u00f3rej<br \/>\nto opisany zosta\u0142 przypadek w\u0119drownego handlarza, sprzedaj\u0105cego<br \/>\nw\u0142a\u015bnie \u2013 mi\u0119dzy innymi \u2013 <b>szczebelek drabiny,<\/b> kt\u00f3ra<br \/>\nprzy\u015bni\u0142a si\u0119 Jakubowi\u2026 Oczywi\u015bcie, zdajemy sobie spraw\u0119, \u017ce<br \/>\njest to tylko taki literacki obraz, nie pozbawiony ironii i humoru, a<br \/>\ni sama za\u015b wizja, jak\u0105 otrzyma\u0142 Jakub, jest <b>tak\u017ce obrazem<br \/>\ntajemniczym, <\/b>nie maj\u0105cym odpowiednika w\u015br\u00f3d byt\u00f3w<br \/>\nmaterialnych. Czy jednak <b>jest to obraz nierzeczywisty?\u2026<\/b> <\/span><\/span><br \/>\n<\/span><\/div>\n<div align=\"justify\" style=\"font-style: normal; font-variant: normal; font-weight: normal; letter-spacing: normal; line-height: 150%; margin-bottom: 0cm; text-indent: 1.3cm;\">\n<span style=\"font-size: x-large;\"><span style=\"color: black;\"><span style=\"font-family: Book Antiqua, serif;\">Musieliby\u015bmy<br \/>\nteraz wej\u015b\u0107 w bardzo g\u0142\u0119bokie i szczeg\u00f3\u0142owe rozwa\u017cania, na ile<br \/>\ntego typu duchowe wizje s\u0105 rzeczywiste, a na ile s\u0105\u2026 w\u0142a\u015bnie,<br \/>\njakie? <b>Symboliczne, <\/b><b>duchowe, mo\u017ce senne?\u2026 <\/b>Ale je\u017celi<br \/>\ns\u0105 duchowe i symboliczne \u2013 <b>to czy nierzeczywiste?\u2026<\/b> <\/span><\/span><br \/>\n<\/span><\/div>\n<div align=\"justify\" style=\"font-style: normal; font-variant: normal; font-weight: normal; letter-spacing: normal; line-height: 150%; margin-bottom: 0cm; text-indent: 1.3cm;\">\n<span style=\"font-size: x-large;\"><span style=\"color: black;\"><span style=\"font-family: Book Antiqua, serif;\">I<br \/>\ntak mo\u017cemy d\u0142ugo dochodzi\u0107 i rozwa\u017ca\u0107, przy czym jedno jest<br \/>\npewne: skoro ta senna wizja, ukazana Jakubowi, zosta\u0142a ukazana tak\u017ce<br \/>\nnam przez Autora natchnionego i <b>opisana na kartach Pisma \u015awi\u0119tego,<\/b><br \/>\nto z jakiego\u015b powodu i w jakim\u015b celu tak si\u0119 w\u0142a\u015bnie sta\u0142o. <\/span><\/span><br \/>\n<\/span><\/div>\n<div align=\"justify\" style=\"font-style: normal; font-variant: normal; font-weight: normal; letter-spacing: normal; line-height: 150%; margin-bottom: 0cm; text-indent: 1.3cm;\">\n<span style=\"font-size: x-large;\"><span style=\"color: black;\"><span style=\"font-family: Book Antiqua, serif;\">Dla<br \/>\nJakuba, owa tajemnicza drabina, <span style=\"font-family: Book Antiqua, serif;\">\u00ab<\/span>oparta<br \/>\nna ziemi, si\u0119gaj\u0105ca swym wierzcho\u0142kiem nieba<span style=\"font-family: Book Antiqua, serif;\">\u00bb<\/span>,<br \/>\nsta\u0142a si\u0119 <b>znakiem \u0142\u0105czno\u015bci <\/b><b>N<\/b><b>ieba z ziemi\u0105:<br \/>\n<\/b>tego Nieba, w kt\u00f3rym przebywa\u0142 B\u00f3g, z t\u0105 ziemi\u0105, na kt\u00f3rej<br \/>\nw tym momencie przebywa\u0142 Jakub. Po tej drabinie za\u015b \u201eprzechadzali<br \/>\nsi\u0119\u201d Anio\u0142owie, kt\u00f3rzy w teologii uznani s\u0105 za <b>Bo\u017cych<br \/>\npos\u0142a\u0144c\u00f3w i wykonawc\u00f3w Bo\u017cych zlece\u0144,<\/b> danych dla dobra<br \/>\nludzi. Tak\u017ce w tym przypadku \u2013 jak si\u0119 wydaje \u2013 Anio\u0142owie<br \/>\nspe\u0142niali tak\u0105 w\u0142a\u015bnie rol\u0119: ich wchodzenie i schodzenie to<br \/>\nsymbol swoistego <b>przep\u0142ywu sygna\u0142\u00f3w i impuls\u00f3w<\/b> z ziemi do<br \/>\nNieba \u2013 i z Nieba na ziemi\u0119. <\/span><\/span><br \/>\n<\/span><\/div>\n<div align=\"justify\" style=\"font-style: normal; font-variant: normal; font-weight: normal; letter-spacing: normal; line-height: 150%; margin-bottom: 0cm; text-indent: 1.3cm;\">\n<span style=\"font-size: x-large;\"><span style=\"color: black;\"><span style=\"font-family: Book Antiqua, serif;\">A<br \/>\ndla Jakuba ca\u0142y ten obraz \u2013 pomimo \u017ce ukazany w sennej wizji \u2013<br \/>\nsta\u0142 si\u0119 na tyle czytelny i przekonuj\u0105cy, \u017ce kiedy ju\u017c <i><b>zbudzi\u0142<br \/>\nsi\u0119 ze snu, pomy\u015bla\u0142: \u201ePrawdziwie Pan jest na tym miejscu, a ja<br \/>\nnie wiedzia\u0142em\u201d. I zdj\u0119ty trwog\u0105 rzek\u0142: \u201eO, jak\u017ce miejsce to<br \/>\nprzejmuje groz\u0105! Prawdziwie jest to dom Boga i brama do nieba!\u201d<\/b><\/i><b><br \/>\n<\/b>Nie mamy zatem w\u0105tpliwo\u015bci, \u017ce nawi\u0105za\u0142 on tam z Bogiem<br \/>\n<b>bardzo szczeg\u00f3ln\u0105 wi\u0119\u017a i wszed\u0142 z Nim w kontakt,<\/b> a<br \/>\ndrabina, kt\u00f3r\u0105 ujrza\u0142, sta\u0142a si\u0119 symbolem i znakiem owej wi\u0119zi.<br \/>\n<\/span><\/span><br \/>\n<\/span><\/div>\n<div align=\"justify\" style=\"font-style: normal; font-variant: normal; font-weight: normal; letter-spacing: normal; line-height: 150%; margin-bottom: 0cm; text-indent: 1.3cm;\">\n<span style=\"font-size: x-large;\"><span style=\"color: black;\"><span style=\"font-family: Book Antiqua, serif;\">I<br \/>\nchocia\u017c takowej zapewne nie ujrza\u0142 \u2013 a przynajmniej nic o tym nie<br \/>\nwiemy \u2013 zwierzchnik synagogi, czy kobieta cierpi\u0105ca na krwotok, to<br \/>\njednak z ca\u0142\u0105 pewno\u015bci\u0105 i <b>oni nawi\u0105zali z Jezusem jak\u0105\u015b<br \/>\nszczeg\u00f3ln\u0105 wi\u0119\u017a<\/b> i chyba gdzie\u015b, w g\u0142\u0119bi swego serca,<br \/>\nustawili tak\u0105 drabin\u0119 do Nieba, skoro <b>wiedzieli, jak zareagowa\u0107<br \/>\n<\/b>w momencie dla siebie bardzo trudnym, gdy ujrzeli przed sob\u0105<br \/>\nJezusa. W ich sercach musia\u0142a istnie\u0107 jaka\u015b<b> bardzo wyra\u017ana i<br \/>\nszeroka p\u0142aszczyzna,<\/b> na kt\u00f3rej rozwija\u0142a si\u0119 ich \u017cywa wiara!<br \/>\n<\/span><\/span><br \/>\n<\/span><\/div>\n<div align=\"justify\" style=\"font-style: normal; font-variant: normal; font-weight: normal; letter-spacing: normal; line-height: 150%; margin-bottom: 0cm; text-indent: 1.3cm;\">\n<span style=\"font-size: x-large;\"><span style=\"color: black;\"><span style=\"font-family: Book Antiqua, serif;\">Dlatego<br \/>\nani przez moment nie wahali si\u0119, tylko <b>od razu zwr\u00f3cili si\u0119 do<br \/>\nJezusa:<\/b> czy to w spos\u00f3b <b>werbalny, <\/b>jak zwierzchnik<br \/>\nsynagogi, czy <b>niewerbalny,<\/b> jak schorowana kobieta, kt\u00f3ra nic<br \/>\nnie m\u00f3wi\u0105c, po prostu <i><b>podesz\u0142a z ty\u0142u i dotkn\u0119\u0142a si\u0119<br \/>\nfr\u0119dzli Jego p\u0142aszcza. Bo sobie m\u00f3wi\u0142a: \u201e\u017bebym si\u0119 cho\u0107 Jego<br \/>\np\u0142aszcza dotkn\u0119\u0142a, a b\u0119d\u0119 zdrowa\u201d.<\/b><\/i> Jak si\u0119 okaza\u0142o,<br \/>\nzar\u00f3wno dostojnik \u017cydowski, jak i uboga kobieta, <b>otrzymali to, o<br \/>\nco prosili. <\/b><\/span><\/span><br \/>\n<\/span><\/div>\n<div align=\"justify\" style=\"font-style: normal; font-variant: normal; font-weight: normal; letter-spacing: normal; line-height: 150%; margin-bottom: 0cm; text-indent: 1.3cm;\">\n<span style=\"font-size: x-large;\"><span style=\"color: black;\"><span style=\"font-family: Book Antiqua, serif;\">A<br \/>\nto by\u0142o jedynie potwierdzeniem, \u017ce uda\u0142o im si\u0119 nawi\u0105za\u0107<br \/>\n<b>rzeczywist\u0105 wi\u0119\u017a z Bogiem na p\u0142aszczy\u017anie duchowej<\/b> \u2013<br \/>\nm\u00f3wi\u0105c obrazowo: uda\u0142o si\u0119 im <b>w sercach ustawi\u0107 tak\u0105<br \/>\ndrabin<\/b><b>\u0119<\/b><b>,<\/b> kt\u00f3ra mocno oparta o ziemi\u0119, czyli o<br \/>\nich \u017cyciow\u0105 sytuacj\u0119, r\u00f3wnie mocne oparcie mia\u0142a w Niebie, <b>chyba<br \/>\nw r\u0119kach samego Boga! <\/b><\/span><\/span><br \/>\n<\/span><\/div>\n<div align=\"justify\" style=\"font-style: normal; font-variant: normal; font-weight: normal; letter-spacing: normal; line-height: 150%; margin-bottom: 0cm; text-indent: 1.3cm;\">\n<span style=\"color: black;\"><span style=\"font-family: Book Antiqua, serif;\"><span style=\"font-size: x-large;\">Czy<br \/>\nmo\u017cemy powiedzie\u0107 o sobie, \u017ce i <b>nam uda\u0142o si\u0119 tak\u0105 drabin\u0119<br \/>\nw sercu ustawi\u0107,<\/b> czyli stworzy\u0107 p\u0142aszczyzn\u0119, na kt\u00f3rej<br \/>\nb\u0119dzie si\u0119 rozwija\u0142a nasza wiara i odbywa\u0142a si\u0119 nasza nieustanna<br \/>\n\u0142\u0105czno\u015b\u0107 z Jezusem i z ca\u0142ym Niebem?<\/span><\/span><\/span><\/div>\n<div align=\"justify\" style=\"font-style: normal; font-variant: normal; font-weight: normal; letter-spacing: normal; line-height: 150%; margin-bottom: 0cm; text-indent: 1.3cm;\">\n<span style=\"color: black;\"><span style=\"font-family: Book Antiqua, serif;\"><span style=\"font-size: x-large;\">Przyk\u0142ad<br \/>\nbudowania takiej p\u0142aszczyzny i utrwalania takiej wi\u0119zi daje nam z<br \/>\npewno\u015bci\u0105 Patron dnia dzisiejszego, <b>\u015awi\u0119ty Jan, <\/b><b>Kap\u0142an.<\/b><\/span><\/span><\/span><\/div>\n<div align=\"justify\" style=\"line-height: 150%; margin-bottom: 0cm; text-indent: 1.3cm;\">\n<span style=\"font-size: x-large;\"><span style=\"color: black;\"><span style=\"font-family: Book Antiqua, serif;\"><span style=\"font-weight: normal;\">Urodzi\u0142<br \/>\nsi\u0119 <\/span><\/span><span style=\"font-family: Book Antiqua, serif;\"><b>w 1414 roku w<br \/>\nDukli,<\/b><\/span><span style=\"font-family: Book Antiqua, serif;\"> w dzisiejszej<br \/>\ndiecezji przemyskiej, w rodzinie mieszcza\u0144skiej. Legenda g\u0142osi, \u017ce<br \/>\nstudiowa\u0142 w Krakowie, jednak brakuje \u017ar\u00f3de\u0142 historycznych, kt\u00f3re<br \/>\npotwierdza\u0142yby ten fakt. Po studiach wr\u00f3ci\u0142 do Dukli, gdzie <\/span><span style=\"font-family: Book Antiqua, serif;\"><b>\u017cy\u0142<br \/>\njako pustelnik <\/b><\/span><span style=\"font-family: Book Antiqua, serif;\"><span style=\"font-weight: normal;\">w<br \/>\nlasach.<\/span><\/span><span style=\"font-family: Book Antiqua, serif;\"> Do<br \/>\n<\/span><span style=\"font-family: Book Antiqua, serif;\"><b>franciszkan\u00f3w<br \/>\nkonwentualnych <\/b><\/span><span style=\"font-family: Book Antiqua, serif;\"><span style=\"font-weight: normal;\">wst\u0105pi\u0142<br \/>\nprawdopodobnie w Kro\u015bnie, <\/span><\/span><span style=\"font-family: Book Antiqua, serif;\">mi\u0119dzy<br \/>\n1434 a 1440 rokiem. Mia\u0142 wtedy oko\u0142o dwudziestu pi\u0119ciu lat. Przed<br \/>\nprzyj\u0119ciem <\/span><span style=\"font-family: Book Antiqua, serif;\">\u015a<\/span><span style=\"font-family: Book Antiqua, serif;\">wi\u0119ce\u0144<br \/>\nkap\u0142a\u0144skich odby\u0142 studia u franciszkan\u00f3w. <\/span><\/span><br \/>\n<\/span><\/div>\n<div align=\"justify\" style=\"line-height: 150%; margin-bottom: 0cm; text-indent: 1.3cm;\">\n<span style=\"font-size: x-large;\"><span style=\"color: black;\"><span style=\"font-family: Book Antiqua, serif;\">W<br \/>\nzakonie piastowa\u0142 r\u00f3\u017cne stanowiska, mi\u0119dzy innymi \u2013 kaznodziei.<br \/>\n<\/span><span style=\"font-family: Book Antiqua, serif;\"><b>By\u0142 \u015bwiat\u0142ym kap\u0142anem<br \/>\ni teologiem. <\/b><\/span><span style=\"font-family: Book Antiqua, serif;\"><span style=\"font-weight: normal;\">Kilkakrotnie<br \/>\nobierano go na prze\u0142o\u017conego klasztoru w Kro\u015bnie i Lwowie. <\/span><\/span><span style=\"font-family: Book Antiqua, serif;\">W<br \/>\n1463 roku, pod wp\u0142ywem \u015awi\u0119tego Jana Kapistrana, reformatora<br \/>\nfranciszka\u0144skiego \u017cycia zakonnego, <\/span><span style=\"font-family: Book Antiqua, serif;\"><b>wst\u0105pi\u0142<br \/>\ndo bernardyn\u00f3w.<\/b><\/span><span style=\"font-family: Book Antiqua, serif;\"> W<br \/>\nzakonie tym piastowa\u0142 r\u00f3\u017cne urz\u0119dy. <\/span><\/span><br \/>\n<\/span><\/div>\n<div align=\"justify\" style=\"line-height: 150%; margin-bottom: 0cm; text-indent: 1.3cm;\">\n<span style=\"color: black;\"><span style=\"font-size: x-large;\"><span style=\"font-family: Book Antiqua, serif;\">Zar\u00f3wno<br \/>\njako kaznodzieja, jak i spowiednik, odznacza\u0142 si\u0119 <\/span><span style=\"font-family: Book Antiqua, serif;\"><b>niezwyk\u0142\u0105<br \/>\ngorliwo\u015bci\u0105.<\/b><\/span><span style=\"font-family: Book Antiqua, serif;\"> Mia\u0142 dar<br \/>\nproroctwa. W pe\u0142nieniu obowi\u0105zk\u00f3w nie przeszkodzi\u0142a mu <\/span><span style=\"font-family: Book Antiqua, serif;\"><b>nawet<br \/>\nutrata wzroku pod koniec \u017cycia.<\/b><\/span><span style=\"font-family: Book Antiqua, serif;\"><br \/>\nNie stroni\u0142 te\u017c od pracy fizycznej w ogrodzie i <\/span><span style=\"font-family: Book Antiqua, serif;\">w<br \/>\n<\/span><span style=\"font-family: Book Antiqua, serif;\">kuchni. <\/span><span style=\"font-family: Book Antiqua, serif;\"><b>Zmar\u0142<br \/>\nwe Lwowie, 29 wrze\u015bnia 1484 roku.<\/b><\/span><\/span><\/span><\/div>\n<div align=\"justify\" style=\"font-style: normal; font-variant: normal; font-weight: normal; letter-spacing: normal; line-height: 150%; margin-bottom: 0cm; text-indent: 1.3cm;\">\n<span style=\"color: black;\"><span style=\"font-family: Book Antiqua, serif;\"><span style=\"font-size: x-large;\">Jan<br \/>\nz Dukli od najm\u0142odszych lat zdradza\u0142 <b>predyspozycje do g\u0142\u0119bszego<br \/>\n\u017cycia duchowego. <\/b>W zakonie bra\u0142 udzia\u0142 we wszystkich<br \/>\nnabo\u017ce\u0144stwach, wyr\u00f3\u017cnia\u0142 si\u0119 kultem do Matki Bo\u017cej. <b>Cz\u0119sto<br \/>\nna modlitwie sp\u0119dza\u0142 ca\u0142e noce.<\/b> Zaraz po \u015bmierci rozwin\u0105\u0142<br \/>\nsi\u0119 jego kult. Ros\u0142a ilo\u015b\u0107 spisywanych cud\u00f3w i \u0142ask,<br \/>\notrzymanych od Boga za jego po\u015brednictwem. 2 stycznia 1733 roku,<br \/>\nPapie\u017c Klemens XII og\u0142osi\u0142 go b\u0142ogos\u0142awionym. <b>Jego<br \/>\n<\/b><b>K<\/b><b>anonizacji dokona\u0142 natomiast <\/b><b>\u015awi\u0119ty<\/b><b><br \/>\nJan Pawe\u0142 II, w <\/b><b>dniu 10 <\/b><b>czerwc<\/b><b>a<\/b><b> 1997<br \/>\nroku.<\/b><\/span><\/span><\/span><\/div>\n<div align=\"justify\" style=\"line-height: 150%; margin-bottom: 0cm; text-indent: 1.3cm;\">\n<span style=\"font-size: x-large;\"><span style=\"color: black;\"><span style=\"font-family: Book Antiqua, serif;\">I<br \/>\nto w\u0142a\u015bnie Jan Pawe\u0142 II, nawiedzaj\u0105c gr\u00f3b \u015awi\u0119tego, tak o nim<br \/>\nm\u00f3wi\u0142: \u201eJak\u017ce bliski wydaje si\u0119 nam <\/span><span style=\"font-family: Book Antiqua, serif;\">B<\/span><span style=\"font-family: Book Antiqua, serif;\">\u0142ogos\u0142awiony<br \/>\nJan w tej \u015bwi\u0105tyni, w kt\u00f3rej przechowuje si\u0119 jego relikwie!<br \/>\nBardzo chcia\u0142em tu przyby\u0107, aby <\/span><span style=\"font-family: Book Antiqua, serif;\"><b>w<br \/>\nciszy klasztoru ws\u0142ucha\u0107 si\u0119 w g\u0142os jego serca <\/b><\/span><span style=\"font-family: Book Antiqua, serif;\"><span style=\"font-weight: normal;\">i<br \/>\nwsp\u00f3lnie z wami wg\u0142\u0119bi\u0107 si\u0119 w tajemnic\u0119 jego \u017cycia i<br \/>\n\u015bwi\u0119to\u015bci. <\/span><\/span><span style=\"font-family: Book Antiqua, serif;\">A by\u0142o<br \/>\nto \u017cycie ca\u0142kowicie oddane Bogu. <\/span><\/span><br \/>\n<\/span><\/div>\n<div align=\"justify\" style=\"line-height: 150%; margin-bottom: 0cm; text-indent: 1.3cm;\">\n<span style=\"font-size: x-large;\"><span style=\"color: black;\"><span style=\"font-family: Book Antiqua, serif;\">Zacz\u0119\u0142o<br \/>\nsi\u0119 w pobliskiej pustelni. To w\u0142a\u015bnie tam, w\u015br\u00f3d ciszy i<br \/>\nduchowej walki, <\/span><span style=\"font-family: Book Antiqua, serif;\"><b>\u201euchwyci\u0142<br \/>\ngo B\u00f3g\u201d i tak ju\u017c pozostali razem do ko\u0144ca.<\/b><\/span><span style=\"font-family: Book Antiqua, serif;\"><br \/>\nW\u015br\u00f3d tych g\u00f3r uczy\u0142 si\u0119 \u017carliwej modlitwy i prze\u017cywania<br \/>\nBo\u017cych tajemnic. <\/span><span style=\"font-family: Book Antiqua, serif;\"><b>Powoli<br \/>\nutwierdza\u0142a si\u0119 jego wiara, krzep\u0142a mi\u0142o\u015b\u0107,<\/b><\/span><span style=\"font-family: Book Antiqua, serif;\"><br \/>\naby p\u00f3\u017aniej wyda\u0107 zbawienne owoce ju\u017c nie w odosobnieniu, na<br \/>\npustelni, ale w murach klasztoru franciszkan\u00f3w konwentualnych, a<br \/>\nnast\u0119pnie u bernardyn\u00f3w, gdzie sp\u0119dzi\u0142 ostatni okres swego \u017cycia.<br \/>\n<\/span><\/span><br \/>\n<\/span><\/div>\n<div align=\"justify\" style=\"line-height: 150%; margin-bottom: 0cm; text-indent: 1.3cm;\">\n<span style=\"font-size: x-large;\"><span style=\"color: black;\"><span style=\"font-family: Book Antiqua, serif;\">Zas\u0142yn\u0105\u0142<br \/>\n<\/span><span style=\"font-family: Book Antiqua, serif;\">B<\/span><span style=\"font-family: Book Antiqua, serif;\">\u0142ogos\u0142awiony<br \/>\nJan jako <\/span><span style=\"font-family: Book Antiqua, serif;\"><b>m\u0105dry<br \/>\nkaznodzieja i gorliwy spowiednik.<\/b><\/span><span style=\"font-family: Book Antiqua, serif;\"><br \/>\nT\u0142umnie schodzili si\u0119 do niego ludzie spragnieni zdrowej Bo\u017cej<br \/>\nnauki, aby <\/span><span style=\"font-family: Book Antiqua, serif;\"><b>s\u0142ucha\u0107 jego<br \/>\nkaza\u0144, <\/b><\/span><span style=\"font-family: Book Antiqua, serif;\"><span style=\"font-weight: normal;\">czy<br \/>\nte\u017c u kratek konfesjona\u0142u<\/span><\/span><span style=\"font-family: Book Antiqua, serif;\"><b><br \/>\nszuka\u0107 umocnienia i porady.<\/b><\/span><span style=\"font-family: Book Antiqua, serif;\"><br \/>\nZas\u0142yn\u0105\u0142 jako przewodnik dusz i roztropny doradca wielu ludzi.<br \/>\nZapiski m\u00f3wi\u0105, i\u017c pomimo staro\u015bci i utraty wzroku, <\/span><span style=\"font-family: Book Antiqua, serif;\"><b>pracowa\u0142<br \/>\nnieprzerwanie<\/b><\/span><span style=\"font-family: Book Antiqua, serif;\"> \u2013 prosi\u0142,<br \/>\nby mu odczytywano kazania, aby m\u00f3g\u0142 dalej naucza\u0107. <\/span><span style=\"font-family: Book Antiqua, serif;\"><b>Szed\u0142<br \/>\ndo konfesjona\u0142u po omacku,<\/b><\/span><span style=\"font-family: Book Antiqua, serif;\"><b><br \/>\n<\/b><\/span><span style=\"font-family: Book Antiqua, serif;\">aby nadal nawraca\u0107 i<br \/>\nprowadzi\u0107 do Boga.  <\/span><\/span><br \/>\n<\/span><\/div>\n<div align=\"justify\" style=\"line-height: 150%; margin-bottom: 0cm; text-indent: 1.3cm;\">\n<span style=\"font-size: x-large;\"><span style=\"color: black;\"><span style=\"font-family: Book Antiqua, serif;\">\u015awi\u0119to\u015b\u0107<br \/>\n<\/span><span style=\"font-family: Book Antiqua, serif;\">B<\/span><span style=\"font-family: Book Antiqua, serif;\">\u0142ogos\u0142awionego<br \/>\nJana wynika\u0142a <\/span><span style=\"font-family: Book Antiqua, serif;\"><b>z jego<br \/>\ng\u0142\u0119bokiej wiary.<\/b><\/span><span style=\"font-family: Book Antiqua, serif;\"> Ca\u0142e<br \/>\njego \u017cycie i gorliwo\u015b\u0107 apostolska, umi\u0142owanie modlitwy i Ko\u015bcio\u0142a<br \/>\n\u2013 <\/span><span style=\"font-family: Book Antiqua, serif;\"><b>wszystko to by\u0142o<br \/>\noparte na wierze.<\/b><\/span><span style=\"font-family: Book Antiqua, serif;\"> By\u0142a<br \/>\nona dla niego si\u0142\u0105, dzi\u0119ki kt\u00f3rej potrafi\u0142 wszystko to, co<br \/>\nmaterialne i doczesne, odrzuci\u0107, by po\u015bwi\u0119ci\u0107 si\u0119 temu, co Bo\u017ce<br \/>\ni duchowe. <\/span><\/span><br \/>\n<\/span><\/div>\n<div align=\"justify\" style=\"line-height: 150%; margin-bottom: 0cm; text-indent: 1.3cm;\">\n<span style=\"color: black;\"><span style=\"font-size: x-large;\"><span style=\"font-variant: normal;\"><span style=\"font-family: Book Antiqua, serif;\"><span style=\"letter-spacing: normal;\"><span style=\"font-style: normal;\"><span style=\"font-weight: normal;\">Bracia<br \/>\ni Siostry, cz\u0119sto nawiedzajcie to miejsce! Ono jest wielkim skarbem<br \/>\nwaszej ziemi, bo <\/span><\/span><\/span><\/span><\/span><span style=\"font-variant: normal;\"><span style=\"font-family: Book Antiqua, serif;\"><span style=\"letter-spacing: normal;\"><span style=\"font-style: normal;\"><b>tu<br \/>\nprzemawia Duch Pana do ludzkich serc za po\u015brednictwem waszego<br \/>\n\u015bwi\u0119tego Rodaka. <\/b><\/span><\/span><\/span><\/span><span style=\"font-variant: normal;\"><span style=\"font-family: Book Antiqua, serif;\"><span style=\"letter-spacing: normal;\"><span style=\"font-style: normal;\"><span style=\"font-weight: normal;\">M\u00f3wi<br \/>\n<\/span><\/span><\/span><\/span><\/span><span style=\"font-variant: normal;\"><span style=\"font-family: Book Antiqua, serif;\"><span style=\"letter-spacing: normal;\"><span style=\"font-style: normal;\"><span style=\"font-weight: normal;\">o<\/span><\/span><\/span><\/span><\/span><span style=\"font-variant: normal;\"><span style=\"font-family: Book Antiqua, serif;\"><span style=\"letter-spacing: normal;\"><span style=\"font-style: normal;\"><span style=\"font-weight: normal;\">n,<br \/>\n\u017ce \u017cycie osobiste, rodzinne i spo\u0142eczne, trzeba budowa\u0107 na wierze<br \/>\nw Jezusa Chrystusa. <\/span><\/span><\/span><\/span><\/span><span style=\"font-variant: normal;\"><span style=\"font-family: Book Antiqua, serif;\"><span style=\"letter-spacing: normal;\"><span style=\"font-style: normal;\"><b>Wiara<br \/>\nbowiem nadaje sens wszystkim naszym wysi\u0142kom.<\/b><\/span><\/span><\/span><\/span><span style=\"font-variant: normal;\"><span style=\"font-family: Book Antiqua, serif;\"><span style=\"letter-spacing: normal;\"><span style=\"font-style: normal;\"><span style=\"font-weight: normal;\"><br \/>\nPomaga odkrywa\u0107 prawdziwe dobro, <\/span><\/span><\/span><\/span><\/span><span style=\"font-variant: normal;\"><span style=\"font-family: Book Antiqua, serif;\"><span style=\"letter-spacing: normal;\"><span style=\"font-style: normal;\"><b>ustala<br \/>\nprawid\u0142ow\u0105 hierarchi\u0119 warto\u015bci, przenika ca\u0142e \u017cycie.\u201d<\/b><\/span><\/span><\/span><\/span><span style=\"font-variant: normal;\"><span style=\"font-family: Book Antiqua, serif;\"><span style=\"letter-spacing: normal;\"><span style=\"font-style: normal;\"><span style=\"font-weight: normal;\"><br \/>\nTyle <\/span><\/span><\/span><\/span><\/span><span style=\"font-variant: normal;\"><span style=\"font-family: Book Antiqua, serif;\"><span style=\"letter-spacing: normal;\"><span style=\"font-style: normal;\"><span style=\"font-weight: normal;\">z<br \/>\nprzem\u00f3wienia <\/span><\/span><\/span><\/span><\/span><span style=\"font-variant: normal;\"><span style=\"font-family: Book Antiqua, serif;\"><span style=\"letter-spacing: normal;\"><span style=\"font-style: normal;\"><span style=\"font-weight: normal;\">Papie\u017ca<\/span><\/span><\/span><\/span><\/span><span style=\"font-variant: normal;\"><span style=\"font-family: Book Antiqua, serif;\"><span style=\"letter-spacing: normal;\"><span style=\"font-style: normal;\"><span style=\"font-weight: normal;\"><br \/>\nJan<\/span><\/span><\/span><\/span><\/span><span style=\"font-variant: normal;\"><span style=\"font-family: Book Antiqua, serif;\"><span style=\"letter-spacing: normal;\"><span style=\"font-style: normal;\"><span style=\"font-weight: normal;\">a<\/span><\/span><\/span><\/span><\/span><span style=\"font-variant: normal;\"><span style=\"font-family: Book Antiqua, serif;\"><span style=\"letter-spacing: normal;\"><span style=\"font-style: normal;\"><span style=\"font-weight: normal;\"><br \/>\nPaw<\/span><\/span><\/span><\/span><\/span><span style=\"font-variant: normal;\"><span style=\"font-family: Book Antiqua, serif;\"><span style=\"letter-spacing: normal;\"><span style=\"font-style: normal;\"><span style=\"font-weight: normal;\">\u0142a<\/span><\/span><\/span><\/span><\/span><span style=\"font-variant: normal;\"><span style=\"font-family: Book Antiqua, serif;\"><span style=\"letter-spacing: normal;\"><span style=\"font-style: normal;\"><span style=\"font-weight: normal;\"><br \/>\nII.<\/span><\/span><\/span><\/span><\/span><\/span><\/span><\/div>\n<div align=\"justify\" style=\"font-style: normal; font-variant: normal; font-weight: normal; letter-spacing: normal; line-height: 150%; margin-bottom: 0cm; text-indent: 1.3cm;\">\n<span style=\"color: black;\"><span style=\"font-family: Book Antiqua, serif;\"><span style=\"font-size: x-large;\">Wpatrzeni<br \/>\nw postaw\u0119 \u015awi\u0119tego Jana z Dukli oraz ws\u0142uchani w Bo\u017ce s\u0142owo<br \/>\ndzisiejszej liturgii, pomy\u015blmy, co dla nas jest ow\u0105 <b>p\u0142aszczyzn\u0105,<br \/>\nna kt\u00f3rej nawi\u0105zujemy duchow\u0105 wi\u0119\u017a z Bogiem,<\/b> co jest ow\u0105<br \/>\ndrabin\u0105 do Nieba: modlitwa, \u017cycie sakramentalne, lektura Pisma<br \/>\n\u015awi\u0119tego, adoracja Naj\u015bwi\u0119tszego Sakramentu?\u2026 Co trzeba nam<br \/>\nuczyni\u0107, aby <b>ow\u0105<\/b><b> drabin\u0119 mocniej oprze\u0107 o ziemi\u0119<\/b> \u2013<br \/>\nt\u0119 ziemi\u0119, na kt\u00f3rej \u017cyjemy \u2013 oraz o Niebo, z kt\u00f3rego<br \/>\nprzemawia i przychodzi do nas Jezus? M\u00f3wi\u0105c wprost: co musimy<br \/>\nzrobi\u0107 \u2013 co konkretnie zrobimy \u2013 aby nasz\u0105 <b>duchow\u0105 wi\u0119\u017a z<br \/>\nJezusem <\/b><b>skutecznie <\/b><b>wzmocni\u0107?\u2026<\/b><\/span><\/span><\/span><\/div>\n","protected":false},"excerpt":{"rendered":"<p>Szcz\u0119\u015b\u0107 Bo\u017ce! Moi Drodzy, bardzo dzi\u0119kujemy Ksi\u0119dzu Markowi za wczorajsze s\u0142\u00f3wko, przygotowane tak troch\u0119 \u201eprzy okazji\u201d przygotowywania homilii do Miastkowa. Dzi\u0119ki, \u017ce zechcia\u0142 si\u0119 tym s\u0142owem podzieli\u0107 z nami tu, na forum. \u017bycz\u0119 Wszystkim b\u0142ogos\u0142awionego i pi\u0119knego dnia! Gaudium et spes! Ks. Jacek Poniedzia\u0142ek 14 Tygodnia zwyk\u0142ego, rok I, Wspomnienie \u015aw. Jana z Dukli, Kap\u0142ana, [&hellip;]<\/p>\n","protected":false},"author":1,"featured_media":0,"comment_status":"open","ping_status":"open","sticky":false,"template":"","format":"standard","meta":{"jetpack_post_was_ever_published":false,"_jetpack_newsletter_access":"","_jetpack_dont_email_post_to_subs":false,"_jetpack_newsletter_tier_id":0,"_jetpack_memberships_contains_paywalled_content":false,"_jetpack_memberships_contains_paid_content":false,"footnotes":""},"categories":[1],"tags":[],"class_list":["post-14547","post","type-post","status-publish","format-standard","hentry","category-bez-kategorii"],"yoast_head":"<!-- This site is optimized with the Yoast SEO plugin v25.1 - https:\/\/yoast.com\/wordpress\/plugins\/seo\/ -->\n<title>Drabina do Nieba - Gaudium Et Spes<\/title>\n<meta name=\"robots\" content=\"index, follow, max-snippet:-1, max-image-preview:large, max-video-preview:-1\" \/>\n<link rel=\"canonical\" href=\"https:\/\/gaudiumetspes-blog.pl\/index.php\/2019\/07\/08\/drabina-do-nieba\/\" \/>\n<meta property=\"og:locale\" content=\"pl_PL\" \/>\n<meta property=\"og:type\" content=\"article\" \/>\n<meta property=\"og:title\" content=\"Drabina do Nieba - Gaudium Et Spes\" \/>\n<meta property=\"og:description\" content=\"Szcz\u0119\u015b\u0107 Bo\u017ce! Moi Drodzy, bardzo dzi\u0119kujemy Ksi\u0119dzu Markowi za wczorajsze s\u0142\u00f3wko, przygotowane tak troch\u0119 \u201eprzy okazji\u201d przygotowywania homilii do Miastkowa. Dzi\u0119ki, \u017ce zechcia\u0142 si\u0119 tym s\u0142owem podzieli\u0107 z nami tu, na forum. \u017bycz\u0119 Wszystkim b\u0142ogos\u0142awionego i pi\u0119knego dnia! Gaudium et spes! Ks. Jacek Poniedzia\u0142ek 14 Tygodnia zwyk\u0142ego, rok I, Wspomnienie \u015aw. Jana z Dukli, Kap\u0142ana, [&hellip;]\" \/>\n<meta property=\"og:url\" content=\"https:\/\/gaudiumetspes-blog.pl\/index.php\/2019\/07\/08\/drabina-do-nieba\/\" \/>\n<meta property=\"og:site_name\" content=\"Gaudium Et Spes\" \/>\n<meta property=\"article:published_time\" content=\"2019-07-08T05:17:00+00:00\" \/>\n<meta property=\"article:modified_time\" content=\"2019-07-31T11:04:48+00:00\" \/>\n<meta name=\"author\" content=\"Ks. Jacek\" \/>\n<meta name=\"twitter:card\" content=\"summary_large_image\" \/>\n<meta name=\"twitter:label1\" content=\"Napisane przez\" \/>\n\t<meta name=\"twitter:data1\" content=\"Ks. Jacek\" \/>\n\t<meta name=\"twitter:label2\" content=\"Szacowany czas czytania\" \/>\n\t<meta name=\"twitter:data2\" content=\"10 minut\" \/>\n<script type=\"application\/ld+json\" class=\"yoast-schema-graph\">{\"@context\":\"https:\/\/schema.org\",\"@graph\":[{\"@type\":\"WebPage\",\"@id\":\"https:\/\/gaudiumetspes-blog.pl\/index.php\/2019\/07\/08\/drabina-do-nieba\/\",\"url\":\"https:\/\/gaudiumetspes-blog.pl\/index.php\/2019\/07\/08\/drabina-do-nieba\/\",\"name\":\"Drabina do Nieba - Gaudium Et Spes\",\"isPartOf\":{\"@id\":\"https:\/\/gaudiumetspes-blog.pl\/#website\"},\"datePublished\":\"2019-07-08T05:17:00+00:00\",\"dateModified\":\"2019-07-31T11:04:48+00:00\",\"author\":{\"@id\":\"https:\/\/gaudiumetspes-blog.pl\/#\/schema\/person\/1661982992b752dea8dff0d4ed845a65\"},\"breadcrumb\":{\"@id\":\"https:\/\/gaudiumetspes-blog.pl\/index.php\/2019\/07\/08\/drabina-do-nieba\/#breadcrumb\"},\"inLanguage\":\"pl-PL\",\"potentialAction\":[{\"@type\":\"ReadAction\",\"target\":[\"https:\/\/gaudiumetspes-blog.pl\/index.php\/2019\/07\/08\/drabina-do-nieba\/\"]}]},{\"@type\":\"BreadcrumbList\",\"@id\":\"https:\/\/gaudiumetspes-blog.pl\/index.php\/2019\/07\/08\/drabina-do-nieba\/#breadcrumb\",\"itemListElement\":[{\"@type\":\"ListItem\",\"position\":1,\"name\":\"Strona g\u0142\u00f3wna\",\"item\":\"https:\/\/gaudiumetspes-blog.pl\/\"},{\"@type\":\"ListItem\",\"position\":2,\"name\":\"Drabina do&nbsp;Nieba\"}]},{\"@type\":\"WebSite\",\"@id\":\"https:\/\/gaudiumetspes-blog.pl\/#website\",\"url\":\"https:\/\/gaudiumetspes-blog.pl\/\",\"name\":\"Gaudium Et Spes\",\"description\":\"Blog Ks. Jacka Ja\u015bkowskiego\",\"potentialAction\":[{\"@type\":\"SearchAction\",\"target\":{\"@type\":\"EntryPoint\",\"urlTemplate\":\"https:\/\/gaudiumetspes-blog.pl\/?s={search_term_string}\"},\"query-input\":{\"@type\":\"PropertyValueSpecification\",\"valueRequired\":true,\"valueName\":\"search_term_string\"}}],\"inLanguage\":\"pl-PL\"},{\"@type\":\"Person\",\"@id\":\"https:\/\/gaudiumetspes-blog.pl\/#\/schema\/person\/1661982992b752dea8dff0d4ed845a65\",\"name\":\"Ks. Jacek\",\"image\":{\"@type\":\"ImageObject\",\"inLanguage\":\"pl-PL\",\"@id\":\"https:\/\/gaudiumetspes-blog.pl\/#\/schema\/person\/image\/\",\"url\":\"https:\/\/gaudiumetspes-blog.pl\/wp-content\/uploads\/2019\/07\/avatar-JJ-150x150.jpg\",\"contentUrl\":\"https:\/\/gaudiumetspes-blog.pl\/wp-content\/uploads\/2019\/07\/avatar-JJ-150x150.jpg\",\"caption\":\"Ks. Jacek\"},\"description\":\"Witam serdecznie! K\u0142ania si\u0119 Ks. Jacek Ja\u015bkowski. Nie jestem ani kim\u015b wa\u017cnym, ani kim\u015b znanym. Jestem ksi\u0119dzem, kt\u00f3ry po prostu chce rozmawia\u0107. Codzienna kap\u0142a\u0144ska pos\u0142uga pokazuje mi, \u017ce temat\u00f3w do rozm\u00f3w z ksi\u0119dzem jest coraz wi\u0119cej i dzisiaj \u017caden ksi\u0105dz nie mo\u017ce od nich ucieka\u0107, ale - wprost przeciwnie - podejmowa\u0107 nowe wyzwania. To przekonanie sk\u0142oni\u0142o mnie do pr\u00f3by otwarcia tego\u017c bloga, chocia\u017c okazji do rozm\u00f3w na co dzie\u0144 - w konfesjonale i poza nim - na szcz\u0119\u015bcie nie brakuje. My\u015bl\u0119 jednak, \u017ce ten blog b\u0119dzie jeszcze jednym sposobem i przestrzeni\u0105 nawi\u0105zania kontaktu z lud\u017ami dobrej woli, otwartymi na dialog.\",\"url\":\"https:\/\/gaudiumetspes-blog.pl\/index.php\/author\/ks-jacek\/\"}]}<\/script>\n<!-- \/ Yoast SEO plugin. -->","yoast_head_json":{"title":"Drabina do Nieba - Gaudium Et Spes","robots":{"index":"index","follow":"follow","max-snippet":"max-snippet:-1","max-image-preview":"max-image-preview:large","max-video-preview":"max-video-preview:-1"},"canonical":"https:\/\/gaudiumetspes-blog.pl\/index.php\/2019\/07\/08\/drabina-do-nieba\/","og_locale":"pl_PL","og_type":"article","og_title":"Drabina do Nieba - Gaudium Et Spes","og_description":"Szcz\u0119\u015b\u0107 Bo\u017ce! Moi Drodzy, bardzo dzi\u0119kujemy Ksi\u0119dzu Markowi za wczorajsze s\u0142\u00f3wko, przygotowane tak troch\u0119 \u201eprzy okazji\u201d przygotowywania homilii do Miastkowa. Dzi\u0119ki, \u017ce zechcia\u0142 si\u0119 tym s\u0142owem podzieli\u0107 z nami tu, na forum. \u017bycz\u0119 Wszystkim b\u0142ogos\u0142awionego i pi\u0119knego dnia! Gaudium et spes! Ks. Jacek Poniedzia\u0142ek 14 Tygodnia zwyk\u0142ego, rok I, Wspomnienie \u015aw. Jana z Dukli, Kap\u0142ana, [&hellip;]","og_url":"https:\/\/gaudiumetspes-blog.pl\/index.php\/2019\/07\/08\/drabina-do-nieba\/","og_site_name":"Gaudium Et Spes","article_published_time":"2019-07-08T05:17:00+00:00","article_modified_time":"2019-07-31T11:04:48+00:00","author":"Ks. Jacek","twitter_card":"summary_large_image","twitter_misc":{"Napisane przez":"Ks. Jacek","Szacowany czas czytania":"10 minut"},"schema":{"@context":"https:\/\/schema.org","@graph":[{"@type":"WebPage","@id":"https:\/\/gaudiumetspes-blog.pl\/index.php\/2019\/07\/08\/drabina-do-nieba\/","url":"https:\/\/gaudiumetspes-blog.pl\/index.php\/2019\/07\/08\/drabina-do-nieba\/","name":"Drabina do Nieba - Gaudium Et Spes","isPartOf":{"@id":"https:\/\/gaudiumetspes-blog.pl\/#website"},"datePublished":"2019-07-08T05:17:00+00:00","dateModified":"2019-07-31T11:04:48+00:00","author":{"@id":"https:\/\/gaudiumetspes-blog.pl\/#\/schema\/person\/1661982992b752dea8dff0d4ed845a65"},"breadcrumb":{"@id":"https:\/\/gaudiumetspes-blog.pl\/index.php\/2019\/07\/08\/drabina-do-nieba\/#breadcrumb"},"inLanguage":"pl-PL","potentialAction":[{"@type":"ReadAction","target":["https:\/\/gaudiumetspes-blog.pl\/index.php\/2019\/07\/08\/drabina-do-nieba\/"]}]},{"@type":"BreadcrumbList","@id":"https:\/\/gaudiumetspes-blog.pl\/index.php\/2019\/07\/08\/drabina-do-nieba\/#breadcrumb","itemListElement":[{"@type":"ListItem","position":1,"name":"Strona g\u0142\u00f3wna","item":"https:\/\/gaudiumetspes-blog.pl\/"},{"@type":"ListItem","position":2,"name":"Drabina do&nbsp;Nieba"}]},{"@type":"WebSite","@id":"https:\/\/gaudiumetspes-blog.pl\/#website","url":"https:\/\/gaudiumetspes-blog.pl\/","name":"Gaudium Et Spes","description":"Blog Ks. Jacka Ja\u015bkowskiego","potentialAction":[{"@type":"SearchAction","target":{"@type":"EntryPoint","urlTemplate":"https:\/\/gaudiumetspes-blog.pl\/?s={search_term_string}"},"query-input":{"@type":"PropertyValueSpecification","valueRequired":true,"valueName":"search_term_string"}}],"inLanguage":"pl-PL"},{"@type":"Person","@id":"https:\/\/gaudiumetspes-blog.pl\/#\/schema\/person\/1661982992b752dea8dff0d4ed845a65","name":"Ks. Jacek","image":{"@type":"ImageObject","inLanguage":"pl-PL","@id":"https:\/\/gaudiumetspes-blog.pl\/#\/schema\/person\/image\/","url":"https:\/\/gaudiumetspes-blog.pl\/wp-content\/uploads\/2019\/07\/avatar-JJ-150x150.jpg","contentUrl":"https:\/\/gaudiumetspes-blog.pl\/wp-content\/uploads\/2019\/07\/avatar-JJ-150x150.jpg","caption":"Ks. Jacek"},"description":"Witam serdecznie! K\u0142ania si\u0119 Ks. Jacek Ja\u015bkowski. Nie jestem ani kim\u015b wa\u017cnym, ani kim\u015b znanym. Jestem ksi\u0119dzem, kt\u00f3ry po prostu chce rozmawia\u0107. Codzienna kap\u0142a\u0144ska pos\u0142uga pokazuje mi, \u017ce temat\u00f3w do rozm\u00f3w z ksi\u0119dzem jest coraz wi\u0119cej i dzisiaj \u017caden ksi\u0105dz nie mo\u017ce od nich ucieka\u0107, ale - wprost przeciwnie - podejmowa\u0107 nowe wyzwania. To przekonanie sk\u0142oni\u0142o mnie do pr\u00f3by otwarcia tego\u017c bloga, chocia\u017c okazji do rozm\u00f3w na co dzie\u0144 - w konfesjonale i poza nim - na szcz\u0119\u015bcie nie brakuje. My\u015bl\u0119 jednak, \u017ce ten blog b\u0119dzie jeszcze jednym sposobem i przestrzeni\u0105 nawi\u0105zania kontaktu z lud\u017ami dobrej woli, otwartymi na dialog.","url":"https:\/\/gaudiumetspes-blog.pl\/index.php\/author\/ks-jacek\/"}]}},"jetpack_featured_media_url":"","jetpack_sharing_enabled":true,"_links":{"self":[{"href":"https:\/\/gaudiumetspes-blog.pl\/index.php\/wp-json\/wp\/v2\/posts\/14547","targetHints":{"allow":["GET"]}}],"collection":[{"href":"https:\/\/gaudiumetspes-blog.pl\/index.php\/wp-json\/wp\/v2\/posts"}],"about":[{"href":"https:\/\/gaudiumetspes-blog.pl\/index.php\/wp-json\/wp\/v2\/types\/post"}],"author":[{"embeddable":true,"href":"https:\/\/gaudiumetspes-blog.pl\/index.php\/wp-json\/wp\/v2\/users\/1"}],"replies":[{"embeddable":true,"href":"https:\/\/gaudiumetspes-blog.pl\/index.php\/wp-json\/wp\/v2\/comments?post=14547"}],"version-history":[{"count":1,"href":"https:\/\/gaudiumetspes-blog.pl\/index.php\/wp-json\/wp\/v2\/posts\/14547\/revisions"}],"predecessor-version":[{"id":15408,"href":"https:\/\/gaudiumetspes-blog.pl\/index.php\/wp-json\/wp\/v2\/posts\/14547\/revisions\/15408"}],"wp:attachment":[{"href":"https:\/\/gaudiumetspes-blog.pl\/index.php\/wp-json\/wp\/v2\/media?parent=14547"}],"wp:term":[{"taxonomy":"category","embeddable":true,"href":"https:\/\/gaudiumetspes-blog.pl\/index.php\/wp-json\/wp\/v2\/categories?post=14547"},{"taxonomy":"post_tag","embeddable":true,"href":"https:\/\/gaudiumetspes-blog.pl\/index.php\/wp-json\/wp\/v2\/tags?post=14547"}],"curies":[{"name":"wp","href":"https:\/\/api.w.org\/{rel}","templated":true}]}}