{"id":14550,"date":"2019-07-05T05:21:00","date_gmt":"2019-07-05T03:21:00","guid":{"rendered":"https:\/\/gaudiumetspes-blog.pl\/index.php\/2019\/07\/05\/juz-tam-nie-wracaj\/"},"modified":"2019-07-31T13:04:39","modified_gmt":"2019-07-31T11:04:39","slug":"juz-tam-nie-wracaj","status":"publish","type":"post","link":"https:\/\/gaudiumetspes-blog.pl\/index.php\/2019\/07\/05\/juz-tam-nie-wracaj\/","title":{"rendered":"Ju\u017c tam nie wracaj!"},"content":{"rendered":"<p><\/p>\n<div align=\"justify\" style=\"font-weight: normal; line-height: 150%; margin-bottom: 0cm;\">\n<span style=\"color: black;\"><span style=\"font-family: Book Antiqua, serif;\"><span style=\"font-size: x-large;\">Szcz\u0119\u015b\u0107<br \/>\nBo\u017ce! Moi Drodzy, w dniu dzisiejszym <b>imieniny prze\u017cywa Karolina<br \/>\nSzymbor, nale\u017c\u0105ca w swoim czasie do Wsp\u00f3lnoty m\u0142odzie\u017cowej w<br \/>\nWojcieszkowie. Niech Pan Jej b\u0142ogos\u0142awi w \u017cyciu! O to b\u0119d\u0119 si\u0119<br \/>\ndla Niej modli\u0142.<\/b><\/span><\/span><\/span><\/div>\n<div align=\"justify\" style=\"background: transparent; font-weight: normal; line-height: 150%; margin-bottom: 0cm; page-break-before: auto; text-indent: 1.3cm;\">\n<span style=\"color: black;\"><span style=\"font-family: Book Antiqua, serif;\"><span style=\"font-size: x-large;\">A<br \/>\noto dzisiaj \u2013 pierwszy pi\u0105tek miesi\u0105ca. Przypominam tym, kt\u00f3rzy<br \/>\ngo obchodz\u0105. Ci za\u015b, kt\u00f3rzy nie obchodz\u0105 \u2013 mo\u017ce by pomy\u015bleli,<br \/>\nby jednak obej\u015b\u0107 dziewi\u0119\u0107 pierwszych pi\u0105tk\u00f3w miesi\u0105ca?\u2026 Z<br \/>\npewno\u015bci\u0105 \u2013 warto! Poczytajmy o obietnicach Jezusa, zwi\u0105zanych z<br \/>\ntym nabo\u017ce\u0144stwem.<\/span><\/span><\/span><\/div>\n<div align=\"justify\" style=\"background: transparent; font-weight: normal; line-height: 150%; margin-bottom: 0cm; text-indent: 1.3cm;\">\n<span style=\"color: black;\"><span style=\"font-family: Book Antiqua, serif;\"><span style=\"font-size: x-large;\">Moi<br \/>\nDrodzy, serdecznie pozdrawiamy ze Szklarskiej Por\u0119by, gdzie pogod\u0119<br \/>\nmamy wymarzon\u0105. To sprzyja w\u0119dr\u00f3wkom, a skoro w\u0119dr\u00f3wkom \u2013 to i<br \/>\nmodlitwie, i refleksji\u2026 Zgodnie z obietnic\u0105 \u2013 pami\u0119tam o Was!<\/span><\/span><\/span><\/div>\n<div align=\"center\" style=\"background: transparent; font-weight: normal; line-height: 150%; margin-bottom: 0cm;\">\n<span style=\"color: black;\"><span style=\"font-family: Book Antiqua, serif;\"><span style=\"font-size: x-large;\">Gaudium<br \/>\net spes!  Ks. Jacek<\/span><\/span><\/span><\/div>\n<div align=\"justify\" style=\"line-height: 150%; margin-bottom: 0cm;\">\n<span style=\"font-size: x-large;\"><\/p>\n<p><\/span><\/div>\n<div align=\"justify\" style=\"line-height: 150%; margin-bottom: 0cm;\">\n<span style=\"color: black;\"><span style=\"font-family: Book Antiqua, serif;\"><span style=\"font-size: x-large;\"><b>Pi\u0105tek<br \/>\n13 Tygodnia zwyk\u0142ego, rok I,<\/b><\/span><\/span><\/span><\/div>\n<div align=\"justify\" style=\"line-height: 150%; margin-bottom: 0cm;\">\n<span style=\"color: black;\"><span style=\"font-family: Book Antiqua, serif;\"><span style=\"font-size: x-large;\"><b>do<br \/>\nczyta\u0144:  Rdz 23,1\u20134.19;24,1\u20138.10.48.59.62\u201367;  Mt 9,9\u201313<\/b><\/span><\/span><\/span><\/div>\n<div align=\"justify\" style=\"line-height: 150%; margin-bottom: 0cm;\">\n<span style=\"font-size: x-large;\"><\/p>\n<p><\/span><\/div>\n<div align=\"justify\" style=\"line-height: 150%; margin-bottom: 0cm;\">\n<span style=\"font-family: Book Antiqua, serif;\"><strong><span style=\"font-variant: normal;\"><span style=\"color: black;\"><span style=\"font-size: x-large;\"><span style=\"letter-spacing: normal;\"><span style=\"font-style: normal;\"><b>CZYTANIE<br \/>\nZ KSI\u0118GI RODZAJU:<\/b><\/span><\/span><\/span><\/span><\/span><\/strong><\/span><\/div>\n<div align=\"justify\" style=\"background: transparent; font-style: normal; font-variant: normal; letter-spacing: normal; line-height: 150%; margin-bottom: 0cm; page-break-before: auto; text-indent: 1.3cm;\">\n<span style=\"color: black;\"><span style=\"font-family: Book Antiqua, serif;\"><span style=\"font-size: x-large;\"><b>Sara<br \/>\ndoczeka\u0142a si\u0119 stu dwudziestu siedmiu lat \u017cycia. Zmar\u0142a ona w<br \/>\nKiriat-Arba, czyli w Hebronie, w kraju Kanaan. Abraham rozpocz\u0105\u0142<br \/>\nwi\u0119c obrz\u0119dow\u0105 \u017ca\u0142ob\u0119 nad Sar\u0105, aby j\u0105 op\u0142aka\u0107.<\/b><\/span><\/span><\/span><\/div>\n<div align=\"justify\" style=\"background: transparent; font-style: normal; font-variant: normal; letter-spacing: normal; line-height: 150%; margin-bottom: 0cm; text-indent: 1.3cm;\">\n<span style=\"color: black;\"><span style=\"font-family: Book Antiqua, serif;\"><span style=\"font-size: x-large;\"><b>A<br \/>\npotem powstawszy odszed\u0142 od swej zmar\u0142ej i zwr\u00f3ci\u0142 si\u0119 do<br \/>\nChetyt\u00f3w z tak\u0105 pro\u015bb\u0105: \u201eCho\u0107 mieszkam w\u015br\u00f3d was jako<br \/>\nprzybysz, sprzedajcie mi tu u was gr\u00f3b na w\u0142asno\u015b\u0107, abym m\u00f3g\u0142<br \/>\npochowa\u0107 moj\u0105 zmar\u0142\u0105\u201d. Tak przeto Abraham pochowa\u0142 swoj\u0105 \u017con\u0119<br \/>\nSar\u0119 w pieczarze na polu zwanym Makpela, w pobli\u017cu Mamre, czyli<br \/>\nHebronu, w kraju Kanaan.<\/b><\/span><\/span><\/span><\/div>\n<div align=\"justify\" style=\"background: transparent; font-style: normal; font-variant: normal; letter-spacing: normal; line-height: 150%; margin-bottom: 0cm; text-indent: 1.3cm;\">\n<span style=\"color: black;\"><span style=\"font-family: Book Antiqua, serif;\"><span style=\"font-size: x-large;\"><b>Abraham<br \/>\nzestarza\u0142 si\u0119 i doszed\u0142 do podesz\u0142ego wieku, a B\u00f3g mu we<br \/>\nwszystkim b\u0142ogos\u0142awi\u0142.<\/b><\/span><\/span><\/span><\/div>\n<div align=\"justify\" style=\"background: transparent; font-style: normal; font-variant: normal; letter-spacing: normal; line-height: 150%; margin-bottom: 0cm; text-indent: 1.3cm;\">\n<span style=\"color: black;\"><span style=\"font-family: Book Antiqua, serif;\"><span style=\"font-size: x-large;\"><b>I<br \/>\nrzek\u0142 Abraham do swego s\u0142ugi, kt\u00f3ry piastowa\u0142 w jego rodzinie<br \/>\ngodno\u015b\u0107 zarz\u0105dcy ca\u0142ej posiad\u0142o\u015bci: \u201ePo\u0142\u00f3\u017c mi tw\u0105 r\u0119k\u0119<br \/>\npod biodro, bo chc\u0119, \u017ceby\u015b mi przysi\u0105g\u0142 na Pana, Boga nieba i<br \/>\nziemi, \u017ce nie we\u017amiesz dla mego syna Izaaka \u017cony spo\u015br\u00f3d kobiet<br \/>\nKanaanu, w kt\u00f3rym mieszkam, ale \u017ce p\u00f3jdziesz do kraju mego<br \/>\nrodzinnego i wybierzesz \u017con\u0119 dla mego syna Izaaka\u201d.<\/b><\/span><\/span><\/span><\/div>\n<div align=\"justify\" style=\"background: transparent; font-style: normal; font-variant: normal; letter-spacing: normal; line-height: 150%; margin-bottom: 0cm; text-indent: 1.3cm;\">\n<span style=\"color: black;\"><span style=\"font-family: Book Antiqua, serif;\"><span style=\"font-size: x-large;\"><b>Odpowiedzia\u0142<br \/>\nmu s\u0142uga: \u201eA gdyby taka kobieta nie zechcia\u0142a przyj\u015b\u0107 ze mn\u0105<br \/>\ndo tego kraju, czy mog\u0119 wtedy zaprowadzi\u0107 twego syna do kraju, z<br \/>\nkt\u00f3rego pochodzisz?\u201d<\/b><\/span><\/span><\/span><\/div>\n<div align=\"justify\" style=\"background: transparent; font-style: normal; font-variant: normal; letter-spacing: normal; line-height: 150%; margin-bottom: 0cm; text-indent: 1.3cm;\">\n<span style=\"color: black;\"><span style=\"font-family: Book Antiqua, serif;\"><span style=\"font-size: x-large;\"><b>Rzek\u0142<br \/>\ndo niego Abraham: \u201eNie czy\u0144 tego nigdy, aby\u015b mia\u0142 tam wraca\u0107 z<br \/>\nmoim synem. Pan, B\u00f3g niebios, kt\u00f3ry mnie wywi\u00f3d\u0142 z domu mego ojca<br \/>\ni z mego kraju rodzinnego, kt\u00f3ry mi uroczy\u015bcie obieca\u0142: \u00abPotomstwu<br \/>\ntwemu dam ten kraj\u00bb, On po\u015ble swego anio\u0142a przed tob\u0105; znajdziesz<br \/>\ntam \u017con\u0119 dla mego syna. A gdyby owa kobieta nie chcia\u0142a przyj\u015b\u0107<br \/>\nz tob\u0105, wtedy jeste\u015b zwolniony z przysi\u0119gi; by\u0142e\u015b tylko z synem<br \/>\nmoim tam nie wraca\u0142\u201d.<\/b><\/span><\/span><\/span><\/div>\n<div align=\"justify\" style=\"background: transparent; font-style: normal; font-variant: normal; letter-spacing: normal; line-height: 150%; margin-bottom: 0cm; text-indent: 1.3cm;\">\n<span style=\"color: black;\"><span style=\"font-family: Book Antiqua, serif;\"><span style=\"font-size: x-large;\"><b>S\u0142uga<br \/>\n\u00f3w zabra\u0142 z sob\u0105 dziesi\u0119\u0107 wielb\u0142\u0105d\u00f3w oraz kosztowno\u015bci swego<br \/>\npana i wyruszy\u0142 do Aram-Naharaim. Tam s\u0142uga Abrahama wzi\u0105\u0142 jego<br \/>\nbratanic\u0119 Rebek\u0119 za \u017con\u0119 dla jego syna. Wyprawili wi\u0119c Rebek\u0119 i<br \/>\njej piastunk\u0119 ze s\u0142ug\u0105 Abrahama i jego lud\u017ami.<\/b><\/span><\/span><\/span><\/div>\n<div align=\"justify\" style=\"background: transparent; font-style: normal; font-variant: normal; letter-spacing: normal; line-height: 150%; margin-bottom: 0cm; text-indent: 1.3cm;\">\n<span style=\"color: black;\"><span style=\"font-family: Book Antiqua, serif;\"><span style=\"font-size: x-large;\"><b>Izaak,<br \/>\nkt\u00f3ry na\u00f3wczas mieszka\u0142 w Negebie, w\u0142a\u015bnie wraca\u0142 od studni<br \/>\nLachaj-Roj; wyszed\u0142 bowiem pogr\u0105\u017cony w smutku na pole przed<br \/>\nwieczorem. Podni\u00f3s\u0142szy oczy ujrza\u0142 zbli\u017caj\u0105ce si\u0119 wielb\u0142\u0105dy.<br \/>\nGdy za\u015b Rebeka podnios\u0142a oczy, spostrzeg\u0142a Izaaka, szybko zsiad\u0142a<br \/>\nz wielb\u0142\u0105da i spyta\u0142a s\u0142ugi: \u201eKto to jest ten m\u0119\u017cczyzna,<br \/>\nkt\u00f3ry idzie ku nam przez pole?\u201d S\u0142uga odpowiedzia\u0142 : \u201eTo m\u00f3j<br \/>\npan\u201d. Wtedy Rebeka wzi\u0119\u0142a zas\u0142on\u0119 i zakry\u0142a twarz.<\/b><\/span><\/span><\/span><\/div>\n<div align=\"justify\" style=\"background: transparent; font-style: normal; font-variant: normal; letter-spacing: normal; line-height: 150%; margin-bottom: 0cm; text-indent: 1.3cm;\">\n<span style=\"color: black;\"><span style=\"font-family: Book Antiqua, serif;\"><span style=\"font-size: x-large;\"><b>Kiedy<br \/>\ns\u0142uga opowiedzia\u0142 Izaakowi o wszystkim, czego dokona\u0142, Izaak<br \/>\nwprowadzi\u0142 Rebek\u0119 do namiotu Sary, swej matki. Wzi\u0105wszy Rebek\u0119 za<br \/>\n\u017con\u0119, Izaak mi\u0142owa\u0142 j\u0105, bo by\u0142a mu pociech\u0105 po matce.<\/b><\/span><\/span><\/span><\/div>\n<div align=\"justify\" style=\"line-height: 150%; margin-bottom: 0cm;\">\n<span style=\"font-size: x-large;\"><\/p>\n<p><\/span><\/div>\n<div align=\"justify\" style=\"line-height: 150%; margin-bottom: 0cm;\">\n<span style=\"font-family: Book Antiqua, serif;\"><strong><span style=\"font-variant: normal;\"><span style=\"color: black;\"><span style=\"font-size: x-large;\"><span style=\"letter-spacing: normal;\"><span style=\"font-style: normal;\"><b>S\u0141OWA<br \/>\nEWANGELII WED\u0141UG \u015aWI\u0118TEGO MATEUSZA:<\/b><\/span><\/span><\/span><\/span><\/span><\/strong><\/span><\/div>\n<div align=\"justify\" style=\"background: transparent; font-style: normal; font-variant: normal; letter-spacing: normal; line-height: 150%; margin-bottom: 0cm; page-break-before: auto; text-indent: 1.3cm;\">\n<span style=\"color: black;\"><span style=\"font-family: Book Antiqua, serif;\"><span style=\"font-size: x-large;\"><b>Odchodz\u0105c<br \/>\nz Kafarnaum Jezus ujrza\u0142 cz\u0142owieka siedz\u0105cego w komorze celnej,<br \/>\nimieniem Mateusz, i rzek\u0142 do niego: \u201eP\u00f3jd\u017a za Mn\u0105\u201d. On wsta\u0142<br \/>\ni poszed\u0142 za Nim.<\/b><\/span><\/span><\/span><\/div>\n<div align=\"justify\" style=\"background: transparent; font-style: normal; font-variant: normal; letter-spacing: normal; line-height: 150%; margin-bottom: 0cm; text-indent: 1.3cm;\">\n<span style=\"color: black;\"><span style=\"font-family: Book Antiqua, serif;\"><span style=\"font-size: x-large;\"><b>Gdy<br \/>\nJezus siedzia\u0142 w domu za sto\u0142em, przysz\u0142o wielu celnik\u00f3w i<br \/>\ngrzesznik\u00f3w i siedzieli wraz z Jezusem i Jego uczniami. Widz\u0105c to<br \/>\nfaryzeusze, m\u00f3wili do Jego uczni\u00f3w: \u201eDlaczego wasz Nauczyciel<br \/>\njada wsp\u00f3lnie z celnikami i grzesznikami?\u201d<\/b><\/span><\/span><\/span><\/div>\n<div align=\"justify\" style=\"background: transparent; font-style: normal; font-variant: normal; letter-spacing: normal; line-height: 150%; margin-bottom: 0cm; text-indent: 1.3cm;\">\n<span style=\"color: black;\"><span style=\"font-family: Book Antiqua, serif;\"><span style=\"font-size: x-large;\"><b>On,<br \/>\nus\u0142yszawszy to, rzek\u0142: \u201eNie potrzebuj\u0105 lekarza zdrowi, lecz ci,<br \/>\nkt\u00f3rzy si\u0119 \u017ale maj\u0105. Id\u017acie i starajcie si\u0119 zrozumie\u0107, co<br \/>\nznaczy: \u00abChc\u0119 raczej mi\u0142osierdzia ni\u017c ofiary\u00bb. Bo nie<br \/>\nprzyszed\u0142em powo\u0142a\u0107 sprawiedliwych, ale grzesznik\u00f3w\u201d.<\/b><\/span><\/span><\/span><\/div>\n<div align=\"justify\" style=\"line-height: 150%; margin-bottom: 0cm;\">\n<span style=\"font-size: x-large;\"><\/p>\n<p><\/span><\/div>\n<div align=\"justify\" style=\"background: transparent; line-height: 150%; margin-bottom: 0cm; page-break-before: auto; text-indent: 1.3cm;\">\n<span style=\"font-size: x-large;\"><span style=\"font-variant: normal;\"><span style=\"color: black;\"><span style=\"font-family: Book Antiqua, serif;\"><span style=\"letter-spacing: normal;\"><span style=\"font-style: normal;\"><span style=\"font-weight: normal;\">Wiele<br \/>\nw\u0105tk\u00f3w, zawartych w historii, opisanej w dzisiejszym pierwszym<br \/>\nczytaniu, zwraca nasz\u0105 uwag\u0119, ale tak szczeg\u00f3lnie mo\u017ce warto<br \/>\nskupi\u0107 si\u0119 na tym momencie, w kt\u00f3rym to s\u0142uga, wysy\u0142any przez<br \/>\nAbrahama, aby znalaz\u0142 \u017con\u0119 dla Izaaka, stawia pytanie: <\/span><\/span><\/span><\/span><\/span><\/span><span style=\"font-variant: normal;\"><span style=\"color: black;\"><span style=\"font-family: Book Antiqua, serif;\"><span style=\"letter-spacing: normal;\"><i><b>A<br \/>\ngdyby taka kobieta nie zechcia\u0142a przyj\u015b\u0107 ze mn\u0105 do tego kraju,<br \/>\nczy mog\u0119 wtedy zaprowadzi\u0107 twego syna do kraju, z kt\u00f3rego<br \/>\npochodzisz?<\/b><\/i><\/span><\/span><\/span><\/span><span style=\"font-variant: normal;\"><span style=\"color: black;\"><span style=\"font-family: Book Antiqua, serif;\"><span style=\"letter-spacing: normal;\"><span style=\"font-style: normal;\"><span style=\"font-weight: normal;\"><br \/>\n<\/span><\/span><\/span><\/span><\/span><\/span><br \/>\n<\/span><\/div>\n<div align=\"justify\" style=\"background: transparent; line-height: 150%; margin-bottom: 0cm; text-indent: 1.3cm;\">\n<span style=\"font-size: x-large;\"><span style=\"font-variant: normal;\"><span style=\"color: black;\"><span style=\"font-family: Book Antiqua, serif;\"><span style=\"letter-spacing: normal;\"><span style=\"font-style: normal;\"><span style=\"font-weight: normal;\">Abraham<br \/>\n\u2013 jak s\u0142yszeli\u015bmy \u2013 udzieli\u0142 bardzo zdecydowanej odpowiedzi:<br \/>\n<\/span><\/span><\/span><\/span><\/span><\/span><span style=\"font-variant: normal;\"><span style=\"color: black;\"><span style=\"font-family: Book Antiqua, serif;\"><span style=\"letter-spacing: normal;\"><i><b>Nie<br \/>\nczy\u0144 tego nigdy, aby\u015b mia\u0142 tam wraca\u0107 z moim synem. Pan, B\u00f3g<br \/>\nniebios, kt\u00f3ry mnie wywi\u00f3d\u0142 z domu mego ojca i z mego kraju<br \/>\nrodzinnego, kt\u00f3ry mi uroczy\u015bcie obieca\u0142: \u00abPotomstwu twemu dam ten<br \/>\nkraj\u00bb, On po\u015ble swego anio\u0142a przed tob\u0105; znajdziesz<\/b><\/i><\/span><\/span><\/span><\/span><span style=\"font-variant: normal;\"><span style=\"color: black;\"><span style=\"font-family: Book Antiqua, serif;\"><span style=\"letter-spacing: normal;\"><span style=\"font-style: normal;\"><b><br \/>\n<\/b><\/span><\/span><\/span><\/span><\/span><span style=\"font-variant: normal;\"><span style=\"color: black;\"><span style=\"font-family: Book Antiqua, serif;\"><span style=\"letter-spacing: normal;\"><i><b>tam<br \/>\n\u017con\u0119 dla mego syna. A gdyby owa kobieta nie chcia\u0142a przyj\u015b\u0107 z<br \/>\ntob\u0105, wtedy jeste\u015b zwolniony z przysi\u0119gi; by\u0142e\u015b tylko z synem<br \/>\nmoim tam nie wraca\u0142. <\/b><\/i><\/span><\/span><\/span><\/span><br \/>\n<\/span><\/div>\n<div align=\"justify\" style=\"background: transparent; line-height: 150%; margin-bottom: 0cm; text-indent: 1.3cm;\">\n<span style=\"font-size: x-large;\"><span style=\"font-variant: normal;\"><span style=\"color: black;\"><span style=\"font-family: Book Antiqua, serif;\"><span style=\"letter-spacing: normal;\"><span style=\"font-style: normal;\"><span style=\"font-weight: normal;\">Mo\u017ce<br \/>\nnawet troch\u0119 dziwi nas tak zdecydowane i radykalne stanowisko<br \/>\nAbrahama, bo w ko\u0144cu co by szkodzi\u0142o, gdyby <\/span><\/span><\/span><\/span><\/span><\/span><span style=\"font-variant: normal;\"><span style=\"color: black;\"><span style=\"font-family: Book Antiqua, serif;\"><span style=\"letter-spacing: normal;\"><span style=\"font-style: normal;\"><b>w<br \/>\nnag\u0142ej i trudnej sytuacji<\/b><\/span><\/span><\/span><\/span><\/span><span style=\"font-variant: normal;\"><span style=\"color: black;\"><span style=\"font-family: Book Antiqua, serif;\"><span style=\"letter-spacing: normal;\"><span style=\"font-style: normal;\"><span style=\"font-weight: normal;\"><br \/>\n\u2013 <\/span><\/span><\/span><\/span><\/span><\/span><span style=\"font-variant: normal;\"><span style=\"color: black;\"><span style=\"font-family: Book Antiqua, serif;\"><span style=\"letter-spacing: normal;\"><span style=\"font-style: normal;\"><span style=\"font-weight: normal;\">kiedy<br \/>\nto<\/span><\/span><\/span><\/span><\/span><\/span><span style=\"font-variant: normal;\"><span style=\"color: black;\"><span style=\"font-family: Book Antiqua, serif;\"><span style=\"letter-spacing: normal;\"><span style=\"font-style: normal;\"><span style=\"font-weight: normal;\"><br \/>\njednak <\/span><\/span><\/span><\/span><\/span><\/span><span style=\"font-variant: normal;\"><span style=\"color: black;\"><span style=\"font-family: Book Antiqua, serif;\"><span style=\"letter-spacing: normal;\"><span style=\"font-style: normal;\"><b>wa\u017cy<br \/>\nsi\u0119 przysz\u0142o\u015b\u0107<\/b><\/span><\/span><\/span><\/span><\/span><span style=\"font-variant: normal;\"><span style=\"color: black;\"><span style=\"font-family: Book Antiqua, serif;\"><span style=\"letter-spacing: normal;\"><span style=\"font-style: normal;\"><span style=\"font-weight: normal;\"><br \/>\nIzaaka, a wi\u0119c i ca\u0142ego rodu \u2013 powr\u00f3ci\u0107 do rodzinnej ziemi<br \/>\nAbrahama?\u2026 A jednak \u2013 nie! <\/span><\/span><\/span><\/span><\/span><\/span><span style=\"font-variant: normal;\"><span style=\"color: black;\"><span style=\"font-family: Book Antiqua, serif;\"><span style=\"letter-spacing: normal;\"><span style=\"font-style: normal;\"><b>Tam<br \/>\nju\u017c powrotu nie ma! <\/b><\/span><\/span><\/span><\/span><\/span><br \/>\n<\/span><\/div>\n<div align=\"justify\" style=\"background: transparent; line-height: 150%; margin-bottom: 0cm; text-indent: 1.3cm;\">\n<span style=\"font-size: x-large;\"><span style=\"font-variant: normal;\"><span style=\"color: black;\"><span style=\"font-family: Book Antiqua, serif;\"><span style=\"letter-spacing: normal;\"><span style=\"font-style: normal;\"><span style=\"font-weight: normal;\">Skoro<br \/>\nwol\u0105 Bo\u017c\u0105 by\u0142o, aby opu\u015bci\u0107 swoj\u0105 rodzinn\u0105 ziemi\u0119 i i\u015b\u0107 do<br \/>\nnowego miejsca, to znaczy, \u017ce to <\/span><\/span><\/span><\/span><\/span><\/span><span style=\"font-variant: normal;\"><span style=\"color: black;\"><span style=\"font-family: Book Antiqua, serif;\"><span style=\"letter-spacing: normal;\"><span style=\"font-style: normal;\"><b>nowe<br \/>\nmiejsce ma si\u0119 sta\u0107 nowym domem<\/b><\/span><\/span><\/span><\/span><\/span><span style=\"font-variant: normal;\"><span style=\"color: black;\"><span style=\"font-family: Book Antiqua, serif;\"><span style=\"letter-spacing: normal;\"><span style=\"font-style: normal;\"><span style=\"font-weight: normal;\"><br \/>\ni to tam w\u0142a\u015bnie maj\u0105 si\u0119 rozegra\u0107 teraz najwa\u017cniejsze<br \/>\nwydarzenia w historii <\/span><\/span><\/span><\/span><\/span><\/span><span style=\"font-variant: normal;\"><span style=\"color: black;\"><span style=\"font-family: Book Antiqua, serif;\"><span style=\"letter-spacing: normal;\"><span style=\"font-style: normal;\"><span style=\"font-weight: normal;\">rodu<br \/>\nAbrahama. I nawet je\u017celi pojawi\u0105 si\u0119 tu pewne trudno\u015bci, to <\/span><\/span><\/span><\/span><\/span><\/span><span style=\"font-variant: normal;\"><span style=\"color: black;\"><span style=\"font-family: Book Antiqua, serif;\"><span style=\"letter-spacing: normal;\"><span style=\"font-style: normal;\"><b>B\u00f3g<br \/>\nsam zadba<\/b><\/span><\/span><\/span><\/span><\/span><span style=\"font-variant: normal;\"><span style=\"color: black;\"><span style=\"font-family: Book Antiqua, serif;\"><span style=\"letter-spacing: normal;\"><span style=\"font-style: normal;\"><span style=\"font-weight: normal;\"><br \/>\no to, aby ca\u0142\u0105 spraw\u0119 \u201ewyprowadzi\u0107 na prost\u0105\u201d. Skoro <\/span><\/span><\/span><\/span><\/span><\/span><span style=\"font-variant: normal;\"><span style=\"color: black;\"><span style=\"font-family: Book Antiqua, serif;\"><span style=\"letter-spacing: normal;\"><span style=\"font-style: normal;\"><span style=\"font-weight: normal;\">za\u015b<br \/>\n<\/span><\/span><\/span><\/span><\/span><\/span><span style=\"font-variant: normal;\"><span style=\"color: black;\"><span style=\"font-family: Book Antiqua, serif;\"><span style=\"letter-spacing: normal;\"><span style=\"font-style: normal;\"><span style=\"font-weight: normal;\">to<br \/>\nOn sam kaza\u0142 t\u0119 ziemi\u0119 opu\u015bci\u0107, to <\/span><\/span><\/span><\/span><\/span><\/span><span style=\"font-variant: normal;\"><span style=\"color: black;\"><span style=\"font-family: Book Antiqua, serif;\"><span style=\"letter-spacing: normal;\"><span style=\"font-style: normal;\"><b>On<\/b><\/span><\/span><\/span><\/span><\/span><span style=\"font-variant: normal;\"><span style=\"color: black;\"><span style=\"font-family: Book Antiqua, serif;\"><span style=\"letter-spacing: normal;\"><span style=\"font-style: normal;\"><span style=\"font-weight: normal;\"><br \/>\n<\/span><\/span><\/span><\/span><\/span><\/span><span style=\"font-variant: normal;\"><span style=\"color: black;\"><span style=\"font-family: Book Antiqua, serif;\"><span style=\"letter-spacing: normal;\"><span style=\"font-style: normal;\"><b>wiedzia\u0142,<br \/>\nco robi \u2013 i trzeba Mu zaufa\u0107.<\/b><\/span><\/span><\/span><\/span><\/span><span style=\"font-variant: normal;\"><span style=\"color: black;\"><span style=\"font-family: Book Antiqua, serif;\"><span style=\"letter-spacing: normal;\"><span style=\"font-style: normal;\"><span style=\"font-weight: normal;\"><br \/>\n<\/span><\/span><\/span><\/span><\/span><\/span><span style=\"font-variant: normal;\"><span style=\"color: black;\"><span style=\"font-family: Book Antiqua, serif;\"><span style=\"letter-spacing: normal;\"><span style=\"font-style: normal;\"><span style=\"font-weight: normal;\">I<br \/>\nd<\/span><\/span><\/span><\/span><\/span><\/span><span style=\"font-variant: normal;\"><span style=\"color: black;\"><span style=\"font-family: Book Antiqua, serif;\"><span style=\"letter-spacing: normal;\"><span style=\"font-style: normal;\"><span style=\"font-weight: normal;\">latego<br \/>\nnie nale\u017cy wraca\u0107 do ziemi, z kt\u00f3rej si\u0119 wysz\u0142o. <\/span><\/span><\/span><\/span><\/span><\/span><br \/>\n<\/span><\/div>\n<div align=\"justify\" style=\"background: transparent; line-height: 150%; margin-bottom: 0cm; text-indent: 1.3cm;\">\n<span style=\"font-size: x-large;\"><span style=\"font-variant: normal;\"><span style=\"color: black;\"><span style=\"font-family: Book Antiqua, serif;\"><span style=\"letter-spacing: normal;\"><span style=\"font-style: normal;\"><span style=\"font-weight: normal;\">Z<br \/>\ntakiego samego za\u0142o\u017cenia wyszed\u0142 zapewne celnik Mateusz, skoro<br \/>\nwyprowadzony przez Jezusa z komory celnej, <\/span><\/span><\/span><\/span><\/span><\/span><span style=\"font-variant: normal;\"><span style=\"color: black;\"><span style=\"font-family: Book Antiqua, serif;\"><span style=\"letter-spacing: normal;\"><span style=\"font-style: normal;\"><b>postanowi\u0142<br \/>\ntam ju\u017c nie wraca\u0107,<\/b><\/span><\/span><\/span><\/span><\/span><span style=\"font-variant: normal;\"><span style=\"color: black;\"><span style=\"font-family: Book Antiqua, serif;\"><span style=\"letter-spacing: normal;\"><span style=\"font-style: normal;\"><span style=\"font-weight: normal;\"><br \/>\ntylko zacz\u0105\u0107 nowe \u017cycie \u2013 w nowej ziemi. T\u0105 now\u0105 ziemi\u0105 nie<br \/>\nby\u0142a dla niego jaka\u015b nowa kraina, kt\u00f3r\u0105 \u2013 jak w przypadku<br \/>\nAbrahama \u2013 mo\u017cna by wskaza\u0107 na mapie. T\u0105 <\/span><\/span><\/span><\/span><\/span><\/span><span style=\"font-variant: normal;\"><span style=\"color: black;\"><span style=\"font-family: Book Antiqua, serif;\"><span style=\"letter-spacing: normal;\"><span style=\"font-style: normal;\"><b>now\u0105<br \/>\nziemi\u0105 sta\u0142a si\u0119 dla niego blisko\u015b\u0107 Jezusa<\/b><\/span><\/span><\/span><\/span><\/span><span style=\"font-variant: normal;\"><span style=\"color: black;\"><span style=\"font-family: Book Antiqua, serif;\"><span style=\"letter-spacing: normal;\"><span style=\"font-style: normal;\"><span style=\"font-weight: normal;\"><br \/>\n\u2013 to, \u017ce ju\u017c od teraz mia\u0142 za Nim nieustannie pod\u0105\u017ca\u0107 i<br \/>\npe\u0142ni\u0107 wol\u0119 Bo\u017c\u0105. <\/span><\/span><\/span><\/span><\/span><\/span><br \/>\n<\/span><\/div>\n<div align=\"justify\" style=\"background: transparent; line-height: 150%; margin-bottom: 0cm; text-indent: 1.3cm;\">\n<span style=\"font-size: x-large;\"><span style=\"font-variant: normal;\"><span style=\"color: black;\"><span style=\"font-family: Book Antiqua, serif;\"><span style=\"letter-spacing: normal;\"><span style=\"font-style: normal;\"><span style=\"font-weight: normal;\">Dlatego<br \/>\nte\u017c Jezus usiad\u0142 do sto\u0142u z celnikami i grzesznikami \u2013 <\/span><\/span><\/span><\/span><\/span><\/span><span style=\"font-variant: normal;\"><span style=\"color: black;\"><span style=\"font-family: Book Antiqua, serif;\"><span style=\"letter-spacing: normal;\"><span style=\"font-style: normal;\"><span style=\"font-weight: normal;\">z<br \/>\ninnych Ewangelii wiemy, \u017ce sta\u0142o si\u0119  to w domu Mateusza i na jego<br \/>\nzaproszenie \u2013<\/span><\/span><\/span><\/span><\/span><\/span><span style=\"font-variant: normal;\"><span style=\"color: black;\"><span style=\"font-family: Book Antiqua, serif;\"><span style=\"letter-spacing: normal;\"><span style=\"font-style: normal;\"><span style=\"font-weight: normal;\"><br \/>\na wi\u0119c tymi lud\u017ami, kt\u00f3rzy w powszechnej opinii otoczenia godni<br \/>\nbyli co najwy\u017cej pogardy i odrzucenia. <\/span><\/span><\/span><\/span><\/span><\/span><span style=\"font-variant: normal;\"><span style=\"color: black;\"><span style=\"font-family: Book Antiqua, serif;\"><span style=\"letter-spacing: normal;\"><span style=\"font-style: normal;\"><b>Jezus<br \/>\nz nich nie zrezygnowa\u0142, <\/b><\/span><\/span><\/span><\/span><\/span><span style=\"font-variant: normal;\"><span style=\"color: black;\"><span style=\"font-family: Book Antiqua, serif;\"><span style=\"letter-spacing: normal;\"><span style=\"font-style: normal;\"><span style=\"font-weight: normal;\">ale<br \/>\nda\u0142 im szans\u0119 wyj\u015bcia ze swojej dotychczasowej ziemi, by ju\u017c do<br \/>\nniej wi\u0119cej nie wraca<\/span><\/span><\/span><\/span><\/span><\/span><span style=\"font-variant: normal;\"><span style=\"color: black;\"><span style=\"font-family: Book Antiqua, serif;\"><span style=\"letter-spacing: normal;\"><span style=\"font-style: normal;\"><span style=\"font-weight: normal;\">li<\/span><\/span><\/span><\/span><\/span><\/span><span style=\"font-variant: normal;\"><span style=\"color: black;\"><span style=\"font-family: Book Antiqua, serif;\"><span style=\"letter-spacing: normal;\"><span style=\"font-style: normal;\"><span style=\"font-weight: normal;\">.<br \/>\n<\/span><\/span><\/span><\/span><\/span><\/span><span style=\"font-variant: normal;\"><span style=\"color: black;\"><span style=\"font-family: Book Antiqua, serif;\"><span style=\"letter-spacing: normal;\"><span style=\"font-style: normal;\"><b>Ilu<br \/>\nz tej szansy skorzysta\u0142o?<\/b><\/span><\/span><\/span><\/span><\/span><span style=\"font-variant: normal;\"><span style=\"color: black;\"><span style=\"font-family: Book Antiqua, serif;\"><span style=\"letter-spacing: normal;\"><span style=\"font-style: normal;\"><span style=\"font-weight: normal;\"><br \/>\nNie wiemy.<\/span><\/span><\/span><\/span><\/span><\/span><\/span><\/div>\n<div align=\"justify\" style=\"background: transparent; line-height: 150%; margin-bottom: 0cm; text-indent: 1.3cm;\">\n<span style=\"font-size: x-large;\"><span style=\"font-variant: normal;\"><span style=\"color: black;\"><span style=\"font-family: Book Antiqua, serif;\"><span style=\"letter-spacing: normal;\"><span style=\"font-style: normal;\"><b>A<br \/>\njak my z tej szansy korzystamy?\u2026<\/b><\/span><\/span><\/span><\/span><\/span><span style=\"font-variant: normal;\"><span style=\"color: black;\"><span style=\"font-family: Book Antiqua, serif;\"><span style=\"letter-spacing: normal;\"><span style=\"font-style: normal;\"><span style=\"font-weight: normal;\"><br \/>\nCzy kiedy po Spowiedzi obiecujemy popraw\u0119, albo przy jakiej\u015b innej<br \/>\nokazji postanawiamy, \u017ce czas najwy\u017cszy co\u015b konkretnie w swoim<br \/>\n\u017cyciu zmieni\u0107 \u2013 <\/span><\/span><\/span><\/span><\/span><\/span><span style=\"font-variant: normal;\"><span style=\"color: black;\"><span style=\"font-family: Book Antiqua, serif;\"><span style=\"letter-spacing: normal;\"><span style=\"font-style: normal;\"><b>czy<br \/>\nrzeczywi\u015bcie tej zmiany dokonujemy?<\/b><\/span><\/span><\/span><\/span><\/span><span style=\"font-variant: normal;\"><span style=\"color: black;\"><span style=\"font-family: Book Antiqua, serif;\"><span style=\"letter-spacing: normal;\"><span style=\"font-style: normal;\"><span style=\"font-weight: normal;\"><br \/>\n<\/span><\/span><\/span><\/span><\/span><\/span><span style=\"font-variant: normal;\"><span style=\"color: black;\"><span style=\"font-family: Book Antiqua, serif;\"><span style=\"letter-spacing: normal;\"><span style=\"font-style: normal;\"><span style=\"font-weight: normal;\">Przy<br \/>\nczym,<\/span><\/span><\/span><\/span><\/span><\/span><span style=\"font-variant: normal;\"><span style=\"color: black;\"><span style=\"font-family: Book Antiqua, serif;\"><span style=\"letter-spacing: normal;\"><span style=\"font-style: normal;\"><span style=\"font-weight: normal;\"><br \/>\nm\u00f3wi\u0105c o dokonanej zmianie, nie mamy na my\u015bli tylko tego, \u017ce co\u015b<br \/>\npostanowimy i zaczniemy co\u015b innego, lepszego czyni\u0107, <\/span><\/span><\/span><\/span><\/span><\/span><span style=\"font-variant: normal;\"><span style=\"color: black;\"><span style=\"font-family: Book Antiqua, serif;\"><span style=\"letter-spacing: normal;\"><span style=\"font-style: normal;\"><b>ale<br \/>\n\u017ce w tym wytrwamy!<\/b><\/span><\/span><\/span><\/span><\/span><span style=\"font-variant: normal;\"><span style=\"color: black;\"><span style=\"font-family: Book Antiqua, serif;\"><span style=\"letter-spacing: normal;\"><span style=\"font-style: normal;\"><span style=\"font-weight: normal;\"><br \/>\nI \u017ce ju\u017c <\/span><\/span><\/span><\/span><\/span><\/span><span style=\"font-variant: normal;\"><span style=\"color: black;\"><span style=\"font-family: Book Antiqua, serif;\"><span style=\"letter-spacing: normal;\"><span style=\"font-style: normal;\"><b>nie<br \/>\nb\u0119dziemy wraca\u0107 <\/b><\/span><\/span><\/span><\/span><\/span><span style=\"font-variant: normal;\"><span style=\"color: black;\"><span style=\"font-family: Book Antiqua, serif;\"><span style=\"letter-spacing: normal;\"><span style=\"font-style: normal;\"><span style=\"font-weight: normal;\">do<br \/>\ndawnych grzech\u00f3w, do dawnej s\u0142abo\u015bci, do dawnych wad i przywar, z<br \/>\nkt\u00f3rych ju\u017c mo\u017ce rzeczywi\u015bcie <\/span><\/span><\/span><\/span><\/span><\/span><span style=\"font-variant: normal;\"><span style=\"color: black;\"><span style=\"font-family: Book Antiqua, serif;\"><span style=\"letter-spacing: normal;\"><span style=\"font-style: normal;\"><b>uda\u0142o<br \/>\nnam si\u0119  chocia\u017c cz\u0119\u015bciowo d\u017awign\u0105\u0107\u2026 <\/b><\/span><\/span><\/span><\/span><\/span><br \/>\n<\/span><\/div>\n<div align=\"justify\" style=\"background: transparent; line-height: 150%; margin-bottom: 0cm; text-indent: 1.3cm;\">\n<span style=\"font-size: x-large;\"><span style=\"font-variant: normal;\"><span style=\"color: black;\"><span style=\"font-family: Book Antiqua, serif;\"><span style=\"letter-spacing: normal;\"><span style=\"font-style: normal;\"><span style=\"font-weight: normal;\">Czy<br \/>\nmamy w sobie tyle determinacji, aby <\/span><\/span><\/span><\/span><\/span><\/span><span style=\"font-variant: normal;\"><span style=\"color: black;\"><span style=\"font-family: Book Antiqua, serif;\"><span style=\"letter-spacing: normal;\"><span style=\"font-style: normal;\"><b>naprawd\u0119<br \/>\nnie wraca\u0107<\/b><\/span><\/span><\/span><\/span><\/span><span style=\"font-variant: normal;\"><span style=\"color: black;\"><span style=\"font-family: Book Antiqua, serif;\"><span style=\"letter-spacing: normal;\"><span style=\"font-style: normal;\"><span style=\"font-weight: normal;\"><br \/>\ndo tej ziemi, z kt\u00f3rej \u2013 z Bo\u017c\u0105 pomoc\u0105 \u2013 uda\u0142o si\u0119 nam<br \/>\nwyj\u015b\u0107, by zacz\u0105\u0107 nowe, lepsze \u017cycie? <\/span><\/span><\/span><\/span><\/span><\/span><span style=\"font-variant: normal;\"><span style=\"color: black;\"><span style=\"font-family: Book Antiqua, serif;\"><span style=\"letter-spacing: normal;\"><span style=\"font-style: normal;\"><b>Jak<br \/>\npokonujemy w sobie te z\u0142e ci\u0105goty<\/b><\/span><\/span><\/span><\/span><\/span><span style=\"font-variant: normal;\"><span style=\"color: black;\"><span style=\"font-family: Book Antiqua, serif;\"><span style=\"letter-spacing: normal;\"><span style=\"font-style: normal;\"><span style=\"font-weight: normal;\"><br \/>\ndo tego, co za nami, a co definitywnie i radykalnie powinni\u015bmy<br \/>\nodrzuci\u0107?\u2026<\/span><\/span><\/span><\/span><\/span><\/span><\/span><\/div>\n","protected":false},"excerpt":{"rendered":"<p>Szcz\u0119\u015b\u0107 Bo\u017ce! Moi Drodzy, w dniu dzisiejszym imieniny prze\u017cywa Karolina Szymbor, nale\u017c\u0105ca w swoim czasie do Wsp\u00f3lnoty m\u0142odzie\u017cowej w Wojcieszkowie. Niech Pan Jej b\u0142ogos\u0142awi w \u017cyciu! O to b\u0119d\u0119 si\u0119 dla Niej modli\u0142. A oto dzisiaj \u2013 pierwszy pi\u0105tek miesi\u0105ca. Przypominam tym, kt\u00f3rzy go obchodz\u0105. Ci za\u015b, kt\u00f3rzy nie obchodz\u0105 \u2013 mo\u017ce by pomy\u015bleli, by [&hellip;]<\/p>\n","protected":false},"author":1,"featured_media":0,"comment_status":"open","ping_status":"open","sticky":false,"template":"","format":"standard","meta":{"jetpack_post_was_ever_published":false,"_jetpack_newsletter_access":"","_jetpack_dont_email_post_to_subs":false,"_jetpack_newsletter_tier_id":0,"_jetpack_memberships_contains_paywalled_content":false,"_jetpack_memberships_contains_paid_content":false,"footnotes":""},"categories":[1],"tags":[],"class_list":["post-14550","post","type-post","status-publish","format-standard","hentry","category-bez-kategorii"],"yoast_head":"<!-- This site is optimized with the Yoast SEO plugin v25.1 - https:\/\/yoast.com\/wordpress\/plugins\/seo\/ -->\n<title>Ju\u017c tam nie wracaj! - Gaudium Et Spes<\/title>\n<meta name=\"robots\" content=\"index, follow, max-snippet:-1, max-image-preview:large, max-video-preview:-1\" \/>\n<link rel=\"canonical\" href=\"https:\/\/gaudiumetspes-blog.pl\/index.php\/2019\/07\/05\/juz-tam-nie-wracaj\/\" \/>\n<meta property=\"og:locale\" content=\"pl_PL\" \/>\n<meta property=\"og:type\" content=\"article\" \/>\n<meta property=\"og:title\" content=\"Ju\u017c tam nie wracaj! - Gaudium Et Spes\" \/>\n<meta property=\"og:description\" content=\"Szcz\u0119\u015b\u0107 Bo\u017ce! Moi Drodzy, w dniu dzisiejszym imieniny prze\u017cywa Karolina Szymbor, nale\u017c\u0105ca w swoim czasie do Wsp\u00f3lnoty m\u0142odzie\u017cowej w Wojcieszkowie. Niech Pan Jej b\u0142ogos\u0142awi w \u017cyciu! O to b\u0119d\u0119 si\u0119 dla Niej modli\u0142. A oto dzisiaj \u2013 pierwszy pi\u0105tek miesi\u0105ca. Przypominam tym, kt\u00f3rzy go obchodz\u0105. Ci za\u015b, kt\u00f3rzy nie obchodz\u0105 \u2013 mo\u017ce by pomy\u015bleli, by [&hellip;]\" \/>\n<meta property=\"og:url\" content=\"https:\/\/gaudiumetspes-blog.pl\/index.php\/2019\/07\/05\/juz-tam-nie-wracaj\/\" \/>\n<meta property=\"og:site_name\" content=\"Gaudium Et Spes\" \/>\n<meta property=\"article:published_time\" content=\"2019-07-05T03:21:00+00:00\" \/>\n<meta property=\"article:modified_time\" content=\"2019-07-31T11:04:39+00:00\" \/>\n<meta name=\"author\" content=\"Ks. Jacek\" \/>\n<meta name=\"twitter:card\" content=\"summary_large_image\" \/>\n<meta name=\"twitter:label1\" content=\"Napisane przez\" \/>\n\t<meta name=\"twitter:data1\" content=\"Ks. Jacek\" \/>\n\t<meta name=\"twitter:label2\" content=\"Szacowany czas czytania\" \/>\n\t<meta name=\"twitter:data2\" content=\"7 minut\" \/>\n<script type=\"application\/ld+json\" class=\"yoast-schema-graph\">{\"@context\":\"https:\/\/schema.org\",\"@graph\":[{\"@type\":\"WebPage\",\"@id\":\"https:\/\/gaudiumetspes-blog.pl\/index.php\/2019\/07\/05\/juz-tam-nie-wracaj\/\",\"url\":\"https:\/\/gaudiumetspes-blog.pl\/index.php\/2019\/07\/05\/juz-tam-nie-wracaj\/\",\"name\":\"Ju\u017c tam nie wracaj! - Gaudium Et Spes\",\"isPartOf\":{\"@id\":\"https:\/\/gaudiumetspes-blog.pl\/#website\"},\"datePublished\":\"2019-07-05T03:21:00+00:00\",\"dateModified\":\"2019-07-31T11:04:39+00:00\",\"author\":{\"@id\":\"https:\/\/gaudiumetspes-blog.pl\/#\/schema\/person\/1661982992b752dea8dff0d4ed845a65\"},\"breadcrumb\":{\"@id\":\"https:\/\/gaudiumetspes-blog.pl\/index.php\/2019\/07\/05\/juz-tam-nie-wracaj\/#breadcrumb\"},\"inLanguage\":\"pl-PL\",\"potentialAction\":[{\"@type\":\"ReadAction\",\"target\":[\"https:\/\/gaudiumetspes-blog.pl\/index.php\/2019\/07\/05\/juz-tam-nie-wracaj\/\"]}]},{\"@type\":\"BreadcrumbList\",\"@id\":\"https:\/\/gaudiumetspes-blog.pl\/index.php\/2019\/07\/05\/juz-tam-nie-wracaj\/#breadcrumb\",\"itemListElement\":[{\"@type\":\"ListItem\",\"position\":1,\"name\":\"Strona g\u0142\u00f3wna\",\"item\":\"https:\/\/gaudiumetspes-blog.pl\/\"},{\"@type\":\"ListItem\",\"position\":2,\"name\":\"Ju\u017c tam nie&nbsp;wracaj!\"}]},{\"@type\":\"WebSite\",\"@id\":\"https:\/\/gaudiumetspes-blog.pl\/#website\",\"url\":\"https:\/\/gaudiumetspes-blog.pl\/\",\"name\":\"Gaudium Et Spes\",\"description\":\"Blog Ks. Jacka Ja\u015bkowskiego\",\"potentialAction\":[{\"@type\":\"SearchAction\",\"target\":{\"@type\":\"EntryPoint\",\"urlTemplate\":\"https:\/\/gaudiumetspes-blog.pl\/?s={search_term_string}\"},\"query-input\":{\"@type\":\"PropertyValueSpecification\",\"valueRequired\":true,\"valueName\":\"search_term_string\"}}],\"inLanguage\":\"pl-PL\"},{\"@type\":\"Person\",\"@id\":\"https:\/\/gaudiumetspes-blog.pl\/#\/schema\/person\/1661982992b752dea8dff0d4ed845a65\",\"name\":\"Ks. Jacek\",\"image\":{\"@type\":\"ImageObject\",\"inLanguage\":\"pl-PL\",\"@id\":\"https:\/\/gaudiumetspes-blog.pl\/#\/schema\/person\/image\/\",\"url\":\"https:\/\/gaudiumetspes-blog.pl\/wp-content\/uploads\/2019\/07\/avatar-JJ-150x150.jpg\",\"contentUrl\":\"https:\/\/gaudiumetspes-blog.pl\/wp-content\/uploads\/2019\/07\/avatar-JJ-150x150.jpg\",\"caption\":\"Ks. Jacek\"},\"description\":\"Witam serdecznie! K\u0142ania si\u0119 Ks. Jacek Ja\u015bkowski. Nie jestem ani kim\u015b wa\u017cnym, ani kim\u015b znanym. Jestem ksi\u0119dzem, kt\u00f3ry po prostu chce rozmawia\u0107. Codzienna kap\u0142a\u0144ska pos\u0142uga pokazuje mi, \u017ce temat\u00f3w do rozm\u00f3w z ksi\u0119dzem jest coraz wi\u0119cej i dzisiaj \u017caden ksi\u0105dz nie mo\u017ce od nich ucieka\u0107, ale - wprost przeciwnie - podejmowa\u0107 nowe wyzwania. To przekonanie sk\u0142oni\u0142o mnie do pr\u00f3by otwarcia tego\u017c bloga, chocia\u017c okazji do rozm\u00f3w na co dzie\u0144 - w konfesjonale i poza nim - na szcz\u0119\u015bcie nie brakuje. My\u015bl\u0119 jednak, \u017ce ten blog b\u0119dzie jeszcze jednym sposobem i przestrzeni\u0105 nawi\u0105zania kontaktu z lud\u017ami dobrej woli, otwartymi na dialog.\",\"url\":\"https:\/\/gaudiumetspes-blog.pl\/index.php\/author\/ks-jacek\/\"}]}<\/script>\n<!-- \/ Yoast SEO plugin. -->","yoast_head_json":{"title":"Ju\u017c tam nie wracaj! - Gaudium Et Spes","robots":{"index":"index","follow":"follow","max-snippet":"max-snippet:-1","max-image-preview":"max-image-preview:large","max-video-preview":"max-video-preview:-1"},"canonical":"https:\/\/gaudiumetspes-blog.pl\/index.php\/2019\/07\/05\/juz-tam-nie-wracaj\/","og_locale":"pl_PL","og_type":"article","og_title":"Ju\u017c tam nie wracaj! - Gaudium Et Spes","og_description":"Szcz\u0119\u015b\u0107 Bo\u017ce! Moi Drodzy, w dniu dzisiejszym imieniny prze\u017cywa Karolina Szymbor, nale\u017c\u0105ca w swoim czasie do Wsp\u00f3lnoty m\u0142odzie\u017cowej w Wojcieszkowie. Niech Pan Jej b\u0142ogos\u0142awi w \u017cyciu! O to b\u0119d\u0119 si\u0119 dla Niej modli\u0142. A oto dzisiaj \u2013 pierwszy pi\u0105tek miesi\u0105ca. Przypominam tym, kt\u00f3rzy go obchodz\u0105. Ci za\u015b, kt\u00f3rzy nie obchodz\u0105 \u2013 mo\u017ce by pomy\u015bleli, by [&hellip;]","og_url":"https:\/\/gaudiumetspes-blog.pl\/index.php\/2019\/07\/05\/juz-tam-nie-wracaj\/","og_site_name":"Gaudium Et Spes","article_published_time":"2019-07-05T03:21:00+00:00","article_modified_time":"2019-07-31T11:04:39+00:00","author":"Ks. Jacek","twitter_card":"summary_large_image","twitter_misc":{"Napisane przez":"Ks. Jacek","Szacowany czas czytania":"7 minut"},"schema":{"@context":"https:\/\/schema.org","@graph":[{"@type":"WebPage","@id":"https:\/\/gaudiumetspes-blog.pl\/index.php\/2019\/07\/05\/juz-tam-nie-wracaj\/","url":"https:\/\/gaudiumetspes-blog.pl\/index.php\/2019\/07\/05\/juz-tam-nie-wracaj\/","name":"Ju\u017c tam nie wracaj! - Gaudium Et Spes","isPartOf":{"@id":"https:\/\/gaudiumetspes-blog.pl\/#website"},"datePublished":"2019-07-05T03:21:00+00:00","dateModified":"2019-07-31T11:04:39+00:00","author":{"@id":"https:\/\/gaudiumetspes-blog.pl\/#\/schema\/person\/1661982992b752dea8dff0d4ed845a65"},"breadcrumb":{"@id":"https:\/\/gaudiumetspes-blog.pl\/index.php\/2019\/07\/05\/juz-tam-nie-wracaj\/#breadcrumb"},"inLanguage":"pl-PL","potentialAction":[{"@type":"ReadAction","target":["https:\/\/gaudiumetspes-blog.pl\/index.php\/2019\/07\/05\/juz-tam-nie-wracaj\/"]}]},{"@type":"BreadcrumbList","@id":"https:\/\/gaudiumetspes-blog.pl\/index.php\/2019\/07\/05\/juz-tam-nie-wracaj\/#breadcrumb","itemListElement":[{"@type":"ListItem","position":1,"name":"Strona g\u0142\u00f3wna","item":"https:\/\/gaudiumetspes-blog.pl\/"},{"@type":"ListItem","position":2,"name":"Ju\u017c tam nie&nbsp;wracaj!"}]},{"@type":"WebSite","@id":"https:\/\/gaudiumetspes-blog.pl\/#website","url":"https:\/\/gaudiumetspes-blog.pl\/","name":"Gaudium Et Spes","description":"Blog Ks. Jacka Ja\u015bkowskiego","potentialAction":[{"@type":"SearchAction","target":{"@type":"EntryPoint","urlTemplate":"https:\/\/gaudiumetspes-blog.pl\/?s={search_term_string}"},"query-input":{"@type":"PropertyValueSpecification","valueRequired":true,"valueName":"search_term_string"}}],"inLanguage":"pl-PL"},{"@type":"Person","@id":"https:\/\/gaudiumetspes-blog.pl\/#\/schema\/person\/1661982992b752dea8dff0d4ed845a65","name":"Ks. Jacek","image":{"@type":"ImageObject","inLanguage":"pl-PL","@id":"https:\/\/gaudiumetspes-blog.pl\/#\/schema\/person\/image\/","url":"https:\/\/gaudiumetspes-blog.pl\/wp-content\/uploads\/2019\/07\/avatar-JJ-150x150.jpg","contentUrl":"https:\/\/gaudiumetspes-blog.pl\/wp-content\/uploads\/2019\/07\/avatar-JJ-150x150.jpg","caption":"Ks. Jacek"},"description":"Witam serdecznie! K\u0142ania si\u0119 Ks. Jacek Ja\u015bkowski. Nie jestem ani kim\u015b wa\u017cnym, ani kim\u015b znanym. Jestem ksi\u0119dzem, kt\u00f3ry po prostu chce rozmawia\u0107. Codzienna kap\u0142a\u0144ska pos\u0142uga pokazuje mi, \u017ce temat\u00f3w do rozm\u00f3w z ksi\u0119dzem jest coraz wi\u0119cej i dzisiaj \u017caden ksi\u0105dz nie mo\u017ce od nich ucieka\u0107, ale - wprost przeciwnie - podejmowa\u0107 nowe wyzwania. To przekonanie sk\u0142oni\u0142o mnie do pr\u00f3by otwarcia tego\u017c bloga, chocia\u017c okazji do rozm\u00f3w na co dzie\u0144 - w konfesjonale i poza nim - na szcz\u0119\u015bcie nie brakuje. My\u015bl\u0119 jednak, \u017ce ten blog b\u0119dzie jeszcze jednym sposobem i przestrzeni\u0105 nawi\u0105zania kontaktu z lud\u017ami dobrej woli, otwartymi na dialog.","url":"https:\/\/gaudiumetspes-blog.pl\/index.php\/author\/ks-jacek\/"}]}},"jetpack_featured_media_url":"","jetpack_sharing_enabled":true,"_links":{"self":[{"href":"https:\/\/gaudiumetspes-blog.pl\/index.php\/wp-json\/wp\/v2\/posts\/14550","targetHints":{"allow":["GET"]}}],"collection":[{"href":"https:\/\/gaudiumetspes-blog.pl\/index.php\/wp-json\/wp\/v2\/posts"}],"about":[{"href":"https:\/\/gaudiumetspes-blog.pl\/index.php\/wp-json\/wp\/v2\/types\/post"}],"author":[{"embeddable":true,"href":"https:\/\/gaudiumetspes-blog.pl\/index.php\/wp-json\/wp\/v2\/users\/1"}],"replies":[{"embeddable":true,"href":"https:\/\/gaudiumetspes-blog.pl\/index.php\/wp-json\/wp\/v2\/comments?post=14550"}],"version-history":[{"count":1,"href":"https:\/\/gaudiumetspes-blog.pl\/index.php\/wp-json\/wp\/v2\/posts\/14550\/revisions"}],"predecessor-version":[{"id":15396,"href":"https:\/\/gaudiumetspes-blog.pl\/index.php\/wp-json\/wp\/v2\/posts\/14550\/revisions\/15396"}],"wp:attachment":[{"href":"https:\/\/gaudiumetspes-blog.pl\/index.php\/wp-json\/wp\/v2\/media?parent=14550"}],"wp:term":[{"taxonomy":"category","embeddable":true,"href":"https:\/\/gaudiumetspes-blog.pl\/index.php\/wp-json\/wp\/v2\/categories?post=14550"},{"taxonomy":"post_tag","embeddable":true,"href":"https:\/\/gaudiumetspes-blog.pl\/index.php\/wp-json\/wp\/v2\/tags?post=14550"}],"curies":[{"name":"wp","href":"https:\/\/api.w.org\/{rel}","templated":true}]}}