{"id":14551,"date":"2019-07-04T05:52:00","date_gmt":"2019-07-04T03:52:00","guid":{"rendered":"https:\/\/gaudiumetspes-blog.pl\/index.php\/2019\/07\/04\/czy-staram-sie-uwierzyc-bardziej\/"},"modified":"2019-07-31T13:04:39","modified_gmt":"2019-07-31T11:04:39","slug":"czy-staram-sie-uwierzyc-bardziej","status":"publish","type":"post","link":"https:\/\/gaudiumetspes-blog.pl\/index.php\/2019\/07\/04\/czy-staram-sie-uwierzyc-bardziej\/","title":{"rendered":"Czy staram si\u0119 uwierzy\u0107 bardziej?&#8230;"},"content":{"rendered":"<p><\/p>\n<div align=\"justify\" style=\"font-weight: normal; line-height: 150%; margin-bottom: 0cm;\">\n<span style=\"color: black;\"><span style=\"font-family: Book Antiqua, serif;\"><span style=\"font-size: x-large;\">Szcz\u0119\u015b\u0107<br \/>\nBo\u017ce! Moi Drodzy, pozdrawiamy ze Szklarskiej Por\u0119by! Pogoda<br \/>\nwymarzona \u2013 ani za gor\u0105co, ani za zimno. Pami\u0119tam o Was w<br \/>\nmodlitwie!<\/span><\/span><\/span><\/div>\n<div align=\"justify\" style=\"background: transparent; font-weight: normal; line-height: 150%; margin-bottom: 0cm; page-break-before: auto; text-indent: 1.3cm;\">\n<span style=\"color: black;\"><span style=\"font-family: Book Antiqua, serif;\"><span style=\"font-size: x-large;\">A<br \/>\nWy pami\u0119tajcie, \u017ce dzisiaj \u2013 pierwszy czwartek miesi\u0105ca.<br \/>\nPom\u00f3dlcie si\u0119 szczeg\u00f3lnie o nowe, dobre i liczne powo\u0142ania do<br \/>\nkap\u0142a\u0144stwa i \u017cycia zakonnego.<\/span><\/span><\/span><\/div>\n<div align=\"center\" style=\"font-weight: normal; line-height: 150%; margin-bottom: 0cm;\">\n<span style=\"color: black;\"><span style=\"font-family: Book Antiqua, serif;\"><span style=\"font-size: x-large;\">Gaudium<br \/>\net spes!  Ks. Jacek<\/span><\/span><\/span><\/div>\n<div align=\"justify\" style=\"line-height: 150%; margin-bottom: 0cm;\">\n<span style=\"font-size: x-large;\"><\/p>\n<p><\/span><\/div>\n<div align=\"justify\" style=\"line-height: 150%; margin-bottom: 0cm;\">\n<span style=\"color: black;\"><span style=\"font-family: Book Antiqua, serif;\"><span style=\"font-size: x-large;\"><b>Czwartek<br \/>\n13 Tygodnia zwyk\u0142ego, rok I,<\/b><\/span><\/span><\/span><\/div>\n<div align=\"justify\" style=\"line-height: 150%; margin-bottom: 0cm;\">\n<span style=\"font-size: x-large;\"><span style=\"color: black;\"><span style=\"font-family: Book Antiqua, serif;\"><b>do<br \/>\nczyta\u0144: <\/b> <span style=\"font-variant: normal;\"><span style=\"letter-spacing: normal;\"><span style=\"font-style: normal;\"><b>Rdz<br \/>\n22, 1-19;<\/b><\/span><\/span><\/span>  <span style=\"font-variant: normal;\"><span style=\"letter-spacing: normal;\"><span style=\"font-style: normal;\"><b>Mt<br \/>\n9, 1-8<\/b><\/span><\/span><\/span> <\/span><\/span><br \/>\n<\/span><\/div>\n<div align=\"justify\" style=\"line-height: 150%; margin-bottom: 0cm;\">\n<span style=\"font-size: x-large;\"><\/p>\n<p><\/span><\/div>\n<div align=\"justify\" style=\"font-style: normal; font-variant: normal; letter-spacing: normal; line-height: 150%; margin-bottom: 0cm;\">\n<span style=\"font-size: x-large;\"><span style=\"color: black;\"><span style=\"font-family: Book Antiqua, serif;\"><b>CZYTANIE<br \/>\nZ KSI\u0118GI RODZAJU: <\/b><\/span><\/span><br \/>\n<\/span><\/div>\n<div align=\"justify\" style=\"background: transparent; font-style: normal; font-variant: normal; letter-spacing: normal; line-height: 150%; margin-bottom: 0cm; page-break-before: auto; text-indent: 1.3cm;\">\n<span style=\"font-size: x-large;\"><span style=\"color: black;\"><span style=\"font-family: Book Antiqua, serif;\"><b>B\u00f3g<br \/>\nwystawi\u0142 Abrahama na pr\u00f3b\u0119. Rzek\u0142 do niego: \u201eAbrahamie!\u201d A<br \/>\ngdy on odpowiedzia\u0142: \u201eOto jestem\u201d, powiedzia\u0142: \u201eWe\u017a twego<br \/>\nsyna jedynego, kt\u00f3rego mi\u0142ujesz, Izaaka, id\u017a do kraju Moria i tam<br \/>\nz\u0142\u00f3\u017c go w ofierze na jednym z pag\u00f3rk\u00f3w, jaki ci wska\u017c\u0119\u201d. <\/b><\/span><\/span><br \/>\n<\/span><\/div>\n<div align=\"justify\" style=\"background: transparent; font-style: normal; font-variant: normal; letter-spacing: normal; line-height: 150%; margin-bottom: 0cm; text-indent: 1.3cm;\">\n<span style=\"font-size: x-large;\"><span style=\"color: black;\"><span style=\"font-family: Book Antiqua, serif;\"><b>Nazajutrz<br \/>\nrano Abraham osiod\u0142a\u0142 swego osio\u0142ka, zabra\u0142 z sob\u0105 dw\u00f3ch swych<br \/>\nludzi i syna Izaaka, nar\u0105ba\u0142 drzewa do spalenia ofiary i ruszy\u0142 w<br \/>\ndrog\u0119 do miejscowo\u015bci, o kt\u00f3rej mu B\u00f3g powiedzia\u0142. Na trzeci<br \/>\ndzie\u0144 Abraham, spojrzawszy, dostrzeg\u0142 z daleka ow\u0105 miejscowo\u015b\u0107.<br \/>\nI wtedy rzek\u0142 do swych s\u0142ug. \u201eZosta\u0144cie tu z osio\u0142kiem, ja za\u015b<br \/>\ni ch\u0142opiec p\u00f3jdziemy tam, aby odda\u0107 pok\u0142on Bogu, a potem wr\u00f3cimy<br \/>\ndo was\u201d. <\/b><\/span><\/span><br \/>\n<\/span><\/div>\n<div align=\"justify\" style=\"background: transparent; font-style: normal; font-variant: normal; letter-spacing: normal; line-height: 150%; margin-bottom: 0cm; text-indent: 1.3cm;\">\n<span style=\"font-size: x-large;\"><span style=\"color: black;\"><span style=\"font-family: Book Antiqua, serif;\"><b>Abraham<br \/>\nzabrawszy drwa do spalenia ofiary w\u0142o\u017cy\u0142 je na syna swego Izaaka,<br \/>\nwzi\u0105\u0142 do r\u0119ki ogie\u0144 i n\u00f3\u017c, po czym obaj si\u0119 oddalili. <\/b><\/span><\/span><br \/>\n<\/span><\/div>\n<div align=\"justify\" style=\"background: transparent; font-style: normal; font-variant: normal; letter-spacing: normal; line-height: 150%; margin-bottom: 0cm; text-indent: 1.3cm;\">\n<span style=\"font-size: x-large;\"><span style=\"color: black;\"><span style=\"font-family: Book Antiqua, serif;\"><b>Izaak<br \/>\nodezwa\u0142 si\u0119 do swego ojca Abrahama: \u201eOjcze m\u00f3j!\u201d A gdy ten<br \/>\nrzek\u0142: \u201eOto jestem, m\u00f3j synu\u201d, zapyta\u0142: \u201eOto ogie\u0144 i drwa,<br \/>\na gdzie jest jagni\u0119 na ca\u0142opalenie?\u201d Abraham odpowiedzia\u0142: \u201eB\u00f3g<br \/>\nupatrzy sobie jagni\u0119 na ca\u0142opalenie, synu m\u00f3j\u201d. <\/b><\/span><\/span><br \/>\n<\/span><\/div>\n<div align=\"justify\" style=\"background: transparent; font-style: normal; font-variant: normal; letter-spacing: normal; line-height: 150%; margin-bottom: 0cm; text-indent: 1.3cm;\">\n<span style=\"font-size: x-large;\"><span style=\"color: black;\"><span style=\"font-family: Book Antiqua, serif;\"><b>I<br \/>\nszli obydwaj dalej. A gdy przyszli na to miejsce, kt\u00f3re B\u00f3g<br \/>\nwskaza\u0142, Abraham zbudowa\u0142 tam o\u0142tarz, u\u0142o\u017cy\u0142 na nim drwa i<br \/>\nzwi\u0105zawszy syna swego Izaaka po\u0142o\u017cy\u0142 go na tych drwach na<br \/>\no\u0142tarzu. Potem Abraham si\u0119gn\u0105\u0142 r\u0119k\u0105 po n\u00f3\u017c, aby zabi\u0107 swego<br \/>\nsyna. <\/b><\/span><\/span><br \/>\n<\/span><\/div>\n<div align=\"justify\" style=\"background: transparent; font-style: normal; font-variant: normal; letter-spacing: normal; line-height: 150%; margin-bottom: 0cm; text-indent: 1.3cm;\">\n<span style=\"font-size: x-large;\"><span style=\"color: black;\"><span style=\"font-family: Book Antiqua, serif;\"><b>Ale<br \/>\nwtedy anio\u0142 Pana zawo\u0142a\u0142 na niego z nieba i rzek\u0142: \u201eAbrahamie!\u201d<br \/>\nA on rzek\u0142: \u201eOto jestem\u201d. Powiedzia\u0142 mu: \u201eNie podno\u015b r\u0119ki<br \/>\nna ch\u0142opca i nie czy\u0144 mu nic z\u0142ego! Teraz pozna\u0142em, \u017ce boisz si\u0119<br \/>\nBoga, bo nie odm\u00f3wi\u0142e\u015b Mi nawet twego jedynego syna\u201d. <\/b><\/span><\/span><br \/>\n<\/span><\/div>\n<div align=\"justify\" style=\"background: transparent; font-style: normal; font-variant: normal; letter-spacing: normal; line-height: 150%; margin-bottom: 0cm; text-indent: 1.3cm;\">\n<span style=\"color: black;\"><span style=\"font-family: Book Antiqua, serif;\"><span style=\"font-size: x-large;\"><b>Abraham,<br \/>\nobejrzawszy si\u0119 poza siebie, spostrzeg\u0142 barana uwik\u0142anego rogami w<br \/>\nzaro\u015blach. Poszed\u0142 wi\u0119c, wzi\u0105\u0142 barana i z\u0142o\u017cy\u0142 w ofierze<br \/>\nca\u0142opalnej zamiast swego syna. I da\u0142 Abraham miejscu temu nazw\u0119<br \/>\n\u201ePan widzi\u201d. St\u0105d to m\u00f3wi si\u0119 dzisiaj: \u201eNa wzg\u00f3rzu Pan si\u0119<br \/>\nukazuje\u201d.<\/b><\/span><\/span><\/span><\/div>\n<div align=\"justify\" style=\"background: transparent; font-style: normal; font-variant: normal; letter-spacing: normal; line-height: 150%; margin-bottom: 0cm; text-indent: 1.3cm;\">\n<span style=\"font-size: x-large;\"><span style=\"color: black;\"><span style=\"font-family: Book Antiqua, serif;\"><b>Po<br \/>\nczym anio\u0142 Pana przem\u00f3wi\u0142 g\u0142o\u015bno z nieba do Abrahama po raz<br \/>\ndrugi: \u201ePrzysi\u0119gam na siebie, m\u00f3wi Pan, \u017ce poniewa\u017c uczyni\u0142e\u015b<br \/>\nto, i\u017c nie oszcz\u0119dzi\u0142e\u015b syna twego jedynego, b\u0119d\u0119 ci<br \/>\nb\u0142ogos\u0142awi\u0142 i dam ci potomstwo tak liczne jak gwiazdy na niebie i<br \/>\njak ziarnka piasku na wybrze\u017cu morza; potomkowie twoi zdob\u0119d\u0105<br \/>\nwarownie swych nieprzyjaci\u00f3\u0142. Wszystkie ludy ziemi b\u0119d\u0105 sobie<br \/>\n\u017cyczy\u0107 szcz\u0119\u015bcia na wz\u00f3r twego potomstwa, dlatego \u017ce us\u0142ucha\u0142e\u015b<br \/>\nmego rozkazu\u201d. <\/b><\/span><\/span><br \/>\n<\/span><\/div>\n<div align=\"justify\" style=\"background: transparent; font-style: normal; font-variant: normal; letter-spacing: normal; line-height: 150%; margin-bottom: 0cm; text-indent: 1.3cm;\">\n<span style=\"color: black;\"><span style=\"font-family: Book Antiqua, serif;\"><span style=\"font-size: x-large;\"><b>Abraham<br \/>\nwr\u00f3ci\u0142 do swych s\u0142ug i wyruszywszy razem z nimi w drog\u0119, poszed\u0142<br \/>\ndo Beer\u2013Szeby. I mieszka\u0142 Abraham nadal w Beer \u2013Szebie.<\/b><\/span><\/span><\/span><\/div>\n<div align=\"justify\" style=\"line-height: 150%; margin-bottom: 0cm;\">\n<span style=\"font-size: x-large;\"><\/p>\n<p><\/span><\/div>\n<div align=\"justify\" style=\"font-style: normal; font-variant: normal; letter-spacing: normal; line-height: 150%; margin-bottom: 0cm;\">\n<span style=\"font-size: x-large;\"><span style=\"color: black;\"><span style=\"font-family: Book Antiqua, serif;\"><b>S\u0141OWA<br \/>\nEWANGELII WED\u0141UG \u015aWI\u0118TEGO MATEUSZA: <\/b><\/span><\/span><br \/>\n<\/span><\/div>\n<div align=\"justify\" style=\"background: transparent; font-style: normal; font-variant: normal; letter-spacing: normal; line-height: 150%; margin-bottom: 0cm; page-break-before: auto; text-indent: 1.3cm;\">\n<span style=\"font-size: x-large;\"><span style=\"color: black;\"><span style=\"font-family: Book Antiqua, serif;\"><b>Jezus<br \/>\nwsiad\u0142 do \u0142odzi, przeprawi\u0142 si\u0119 z powrotem i przyszed\u0142 do swego<br \/>\nmiasta. I oto przynie\u015bli Mu paralityka, le\u017c\u0105cego na \u0142o\u017cu. Jezus<br \/>\nwidz\u0105c ich wiar\u0119, rzek\u0142 do paralityka: \u201eUfaj, synu, odpuszczaj\u0105<br \/>\nci si\u0119 twoje grzechy\u201d. <\/b><\/span><\/span><br \/>\n<\/span><\/div>\n<div align=\"justify\" style=\"background: transparent; font-style: normal; font-variant: normal; letter-spacing: normal; line-height: 150%; margin-bottom: 0cm; text-indent: 1.3cm;\">\n<span style=\"font-size: x-large;\"><span style=\"color: black;\"><span style=\"font-family: Book Antiqua, serif;\"><b>Na<br \/>\nto pomy\u015bleli sobie niekt\u00f3rzy z uczonych w Pi\u015bmie: \u201eOn blu\u017ani\u201d.<br \/>\n<\/b><\/span><\/span><br \/>\n<\/span><\/div>\n<div align=\"justify\" style=\"background: transparent; font-style: normal; font-variant: normal; letter-spacing: normal; line-height: 150%; margin-bottom: 0cm; text-indent: 1.3cm;\">\n<span style=\"font-size: x-large;\"><span style=\"color: black;\"><span style=\"font-family: Book Antiqua, serif;\"><b>A<br \/>\nJezus, znaj\u0105c ich my\u015bli, rzek\u0142: \u201eDlaczego z\u0142e my\u015bli nurtuj\u0105 w<br \/>\nwaszych sercach? C\u00f3\u017c bowiem jest \u0142atwiej powiedzie\u0107: \u00abOdpuszczaj\u0105<br \/>\nci si\u0119 twoje grzechy\u00bb, czy te\u017c powiedzie\u0107: \u00abWsta\u0144 i chod\u017a\u00bb?<br \/>\nOt\u00f3\u017c \u017ceby\u015bcie wiedzieli, i\u017c Syn Cz\u0142owieczy ma na ziemi w\u0142adz\u0119<br \/>\nodpuszczania grzech\u00f3w\u201d, rzek\u0142 do paralityka: \u201eWsta\u0144, we\u017a<br \/>\nswoje \u0142o\u017ce i id\u017a do domu\u201d. <\/b><\/span><\/span><br \/>\n<\/span><\/div>\n<div align=\"justify\" style=\"background: transparent; font-style: normal; font-variant: normal; letter-spacing: normal; line-height: 150%; margin-bottom: 0cm; text-indent: 1.3cm;\">\n<span style=\"font-size: x-large;\"><span style=\"color: black;\"><span style=\"font-family: Book Antiqua, serif;\"><b>On<br \/>\nwsta\u0142 i poszed\u0142 do domu. <\/b><\/span><\/span><br \/>\n<\/span><\/div>\n<div align=\"justify\" style=\"background: transparent; font-style: normal; font-variant: normal; letter-spacing: normal; line-height: 150%; margin-bottom: 0cm; text-indent: 1.3cm;\">\n<span style=\"color: black;\"><span style=\"font-family: Book Antiqua, serif;\"><span style=\"font-size: x-large;\"><b>A<br \/>\nt\u0142umy ogarn\u0105\u0142 l\u0119k na ten widok i wielbi\u0142y Boga, kt\u00f3ry takiej<br \/>\nmocy udzieli\u0142 ludziom.<\/b><\/span><\/span><\/span><\/div>\n<div align=\"justify\" style=\"line-height: 150%; margin-bottom: 0cm;\">\n<span style=\"font-size: x-large;\"><\/p>\n<p><\/span><\/div>\n<div align=\"justify\" style=\"background: transparent; font-style: normal; font-variant: normal; font-weight: normal; letter-spacing: normal; line-height: 150%; margin-bottom: 0cm; page-break-before: auto; text-indent: 1.3cm;\">\n<span style=\"font-size: x-large;\"><span style=\"color: black;\"><span style=\"font-family: Book Antiqua, serif;\">Ca\u0142a<br \/>\nhistoria, opisana w dzisiejszym pierwszym czytaniu, jest niezwyk\u0142a,<br \/>\nbo pokazuje <b>nadzwyczajn\u0105 wiar\u0119 Abrahama,<\/b> kt\u00f3ry najpierw<br \/>\nuwierzy\u0142 Bogu, obiecuj\u0105cemu mu, \u017ce pomimo zaawansowanego wieku<br \/>\nb\u0119dzie mia\u0142 syna, a kiedy rzeczywi\u015bcie syn si\u0119 urodzi\u0142 i Abraham<br \/>\n<b>ucieszy\u0142 si\u0119 wype\u0142nieniem Bo\u017cej obietnicy,<\/b> oto nagle tego\u017c<br \/>\nwyt\u0119sknionego i upragnionego syna <b>mia\u0142 <\/b><b>odda\u0107 Bogu<\/b> \u2013<br \/>\nz\u0142o\u017cy\u0107 go w ofierze ca\u0142opalnej. <\/span><\/span><br \/>\n<\/span><\/div>\n<div align=\"justify\" style=\"background: transparent; font-style: normal; font-variant: normal; font-weight: normal; letter-spacing: normal; line-height: 150%; margin-bottom: 0cm; text-indent: 1.3cm;\">\n<span style=\"font-size: x-large;\"><span style=\"color: black;\"><span style=\"font-family: Book Antiqua, serif;\">Same<br \/>\nwr\u0119cz nasuwaj\u0105 si\u0119 pytania: <b>To po co to wszystko?<\/b> Po co B\u00f3g<br \/>\nobiecywa\u0142 potomstwo tak liczne, jak gwiazdy na niebie, gdy teraz,<br \/>\nkiedy obietnica ta zacz\u0119\u0142a si\u0119 spe\u0142nia\u0107 \u2013 nagle <b>chce <\/b><b>to<br \/>\nwszystko porzuci\u0107 i unicestwi\u0107?\u2026<\/b> Przecie\u017c ca\u0142e to<br \/>\nposuni\u0119cie i samo \u017c\u0105danie jest wprost absurdalne! <\/span><\/span><br \/>\n<\/span><\/div>\n<div align=\"justify\" style=\"background: transparent; font-style: normal; font-variant: normal; font-weight: normal; letter-spacing: normal; line-height: 150%; margin-bottom: 0cm; text-indent: 1.3cm;\">\n<span style=\"font-size: x-large;\"><span style=\"color: black;\"><span style=\"font-family: Book Antiqua, serif;\">A<br \/>\njednak \u2013 zauwa\u017cmy to \u2013<b> Abraham nie zada\u0142 Bogu ani jednego<br \/>\npytania:<\/b> \u201eDlaczego tak?\u201d, \u201eO co Ci chodzi?\u201d, \u201eCzy nie<br \/>\nmog\u0142e\u015b zostawi\u0107 mnie w spokoju, niczego nie obiecywa\u0107, nie dawa\u0107<br \/>\nsyna, \u017cebym teraz nie musia\u0142 prze\u017cywa\u0107 tego, co prze\u017cywam?\u201d\u2026<br \/>\n\u017badnego z tych, czy podobnych pyta\u0144, <b>Abraham nie zada\u0142.<\/b><br \/>\nChocia\u017c z ca\u0142\u0105 pewno\u015bci\u0105 <b>wszystkie one k\u0142\u0119bi\u0142y si\u0119 <\/b>w<br \/>\njego umy\u015ble i w jego sercu. Abraham bez s\u0142owa ruszy\u0142 w drog\u0119, aby<br \/>\nwype\u0142ni\u0107 polecenie Boga. <\/span><\/span><br \/>\n<\/span><\/div>\n<div align=\"justify\" style=\"background: transparent; font-style: normal; font-variant: normal; font-weight: normal; letter-spacing: normal; line-height: 150%; margin-bottom: 0cm; text-indent: 1.3cm;\">\n<span style=\"font-size: x-large;\"><span style=\"color: black;\"><span style=\"font-family: Book Antiqua, serif;\">Jego<br \/>\nsytuacja by\u0142a o tyle trudna, \u017ce nawet je\u017celi <b>sam sobie to jako\u015b<br \/>\nw sercu poustawia\u0142<\/b> i got\u00f3w by\u0142 uwierzy\u0107, \u017ce B\u00f3g wie, co<br \/>\nrobi, to <b>jak to jeszcze wyt\u0142umaczy\u0107 synowi,<\/b> \u017ce ma on za<br \/>\nchwil\u0119 zgin\u0105\u0107 \u2013 i to z r\u0119ki w\u0142asnego ojca?\u2026 Jak si\u0119<br \/>\nokaza\u0142o, nie musia\u0142 d\u0142ugo czeka\u0107 na ziszczenie si\u0119 tych obaw.<br \/>\nOto bowiem, w pewnym momencie, w trakcie drogi, Izaak rzeczywi\u015bcie<br \/>\nzada\u0142 pytanie: <i><b>Oto ogie\u0144 i drwa, a gdzie jest jagni\u0119 na<br \/>\nca\u0142opalenie?<\/b><\/i> I c\u00f3\u017c mia\u0142 na to odpowiedzie\u0107 wewn\u0119trznie<br \/>\nzbola\u0142y ojciec? <\/span><\/span><br \/>\n<\/span><\/div>\n<div align=\"justify\" style=\"background: transparent; font-style: normal; font-variant: normal; font-weight: normal; letter-spacing: normal; line-height: 150%; margin-bottom: 0cm; text-indent: 1.3cm;\">\n<span style=\"font-size: x-large;\"><span style=\"color: black;\"><span style=\"font-family: Book Antiqua, serif;\">A<br \/>\njednak \u2013 znalaz\u0142 <b>odpowied\u017a najlepsz\u0105 z mo\u017cliwych. <\/b>Jak<br \/>\nsi\u0119 domy\u015blamy, nie odby\u0142o si\u0119 to bez szczeg\u00f3lnego Bo\u017cego<br \/>\nnatchnienia. Abraham bowiem odpowiedzia\u0142: <i><b>B\u00f3g upatrzy sobie<br \/>\njagni\u0119 na ca\u0142opalenie, synu m\u00f3j.<\/b><\/i><b> <\/b>Co wtedy my\u015bla\u0142,<br \/>\nkiedy to m\u00f3wi\u0142? Czy ca\u0142y czas by\u0142 przekonany, i\u017c tym jagni\u0119ciem<br \/>\nb\u0119dzie jego syn, czy mo\u017ce jednak gdzie\u015b w g\u0142\u0119bi serca tli\u0142a si\u0119<br \/>\nnadzieja, \u017ce <b>B\u00f3g znajdzie inne rozwi\u0105zanie?\u2026 <\/b>Nie wiemy.<br \/>\nWiemy, \u017ce B\u00f3g ostatecznie rzeczywi\u015bcie upatrzy\u0142 sobie jagni\u0119 na<br \/>\nca\u0142opalenie \u2013 <b>i nie by\u0142 to Izaak. <\/b><\/span><\/span><br \/>\n<\/span><\/div>\n<div align=\"justify\" style=\"background: transparent; font-style: normal; font-variant: normal; font-weight: normal; letter-spacing: normal; line-height: 150%; margin-bottom: 0cm; text-indent: 1.3cm;\">\n<span style=\"font-size: x-large;\"><span style=\"color: black;\"><span style=\"font-family: Book Antiqua, serif;\">Natomiast<br \/>\nAbraham po raz kolejny zachwyci\u0142 Boga i nas wszystkich <b>swoj\u0105<br \/>\nprzeogromn\u0105 wiar\u0105. <\/b>Jednak owo przywo\u0142ane pytanie Izaaka i<br \/>\nodpowied\u017a jego ojca \u2013 to chyba <b>najtrudniejszy moment w ca\u0142ej<br \/>\ntej historii:<\/b> najtrudniejszy dla Abrahama. Bo co w takiej<br \/>\nsytuacji mo\u017ce ojciec odpowiedzie\u0107 synowi? <b>Jak ma mu w og\u00f3le<br \/>\nspojrze\u0107 w oczy<\/b> i powiedzie\u0107 tak po prostu, \u017ce za chwil\u0119<br \/>\nb\u0119dzie musia\u0142 go zabi\u0107?\u2026 Moi Drodzy, <b>doce\u0144my wielk\u0105 wiar\u0119<br \/>\nAbrahama<\/b> i jego naprawd\u0119 bezgraniczne zaufanie Bogu! <\/span><\/span><br \/>\n<\/span><\/div>\n<div align=\"justify\" style=\"background: transparent; font-style: normal; font-variant: normal; font-weight: normal; letter-spacing: normal; line-height: 150%; margin-bottom: 0cm; text-indent: 1.3cm;\">\n<span style=\"font-size: x-large;\"><span style=\"color: black;\"><span style=\"font-family: Book Antiqua, serif;\">Z<br \/>\npewno\u015bci\u0105 tej wiary i tego zaufania <b>zabrak\u0142o dzi\u015b uczonym w<br \/>\nPi\u015bmie,<\/b> kt\u00f3rzy s\u0142ysz\u0105c <b>\u2013 <\/b>skierowane do paralityka \u2013<br \/>\ns\u0142owa Jezusa: <i><b>Ufaj, synu, odpuszczaj\u0105 ci si\u0119 twoje grzechy,<br \/>\n<\/b><\/i>zacz\u0119li podejrzewa\u0107 Go o blu\u017anierstwo. Jeste\u015bmy dzi\u015b<br \/>\n\u015bwiadkami do\u015b\u0107 specyficznego dialogu, bo nie s\u0142yszymy ze strony<br \/>\nadwersarzy Jezusa ani jednego s\u0142owa: Jezus niejako <b>dyskutuje z<br \/>\nich my\u015blami! <\/b>Ale z pewno\u015bci\u0105 trafi\u0142 w samo sedno problemu, bo<br \/>\n\u017cydowska elita ca\u0142y czas podejrzewa\u0142a, a wr\u0119cz oskar\u017ca\u0142a Jezusa<br \/>\no uzurpowanie sobie szczeg\u00f3lnych praw. I Jezus dzisiaj udowodni\u0142,<br \/>\n\u017ce ma owe szczeg\u00f3lne prawa do odpuszczania grzech\u00f3w. <\/span><\/span><br \/>\n<\/span><\/div>\n<div align=\"justify\" style=\"background: transparent; font-style: normal; font-variant: normal; font-weight: normal; letter-spacing: normal; line-height: 150%; margin-bottom: 0cm; text-indent: 1.3cm;\">\n<span style=\"color: black;\"><span style=\"font-family: Book Antiqua, serif;\"><span style=\"font-size: x-large;\">Ciekawie<br \/>\nopisuje to Ewangelista Mateusz: <i><b>A Jezus, znaj\u0105c ich my\u015bli,<br \/>\nrzek\u0142: \u201eDlaczego z\u0142e my\u015bli nurtuj\u0105 w waszych sercach? C\u00f3\u017c<br \/>\nbowiem jest \u0142atwiej powiedzie\u0107: \u00abOdpuszczaj\u0105 ci si\u0119 twoje<br \/>\ngrzechy\u00bb, czy te\u017c powiedzie\u0107: \u00abWsta\u0144 i chod\u017a\u00bb? Ot\u00f3\u017c \u017ceby\u015bcie<br \/>\nwiedzieli, i\u017c Syn Cz\u0142owieczy ma na ziemi w\u0142adz\u0119 odpuszczania<br \/>\ngrzech\u00f3w\u201d, rzek\u0142 do paralityka: \u201eWsta\u0144, we\u017a swoje \u0142o\u017ce i<br \/>\nid\u017a do domu\u201d. <\/b><\/i><i><b>On wsta\u0142 i poszed\u0142 do domu.<\/b><\/i><\/span><\/span><\/span><\/div>\n<div align=\"justify\" style=\"background: transparent; font-style: normal; font-variant: normal; font-weight: normal; letter-spacing: normal; line-height: 150%; margin-bottom: 0cm; text-indent: 1.3cm;\">\n<span style=\"color: black;\"><span style=\"font-family: Book Antiqua, serif;\"><span style=\"font-size: x-large;\">Ot\u00f3\u017c,<br \/>\nw\u0142a\u015bnie! Co jest \u0142atwiej powiedzie\u0107? <b>Powiedzie\u0107 jest \u0142atwo<br \/>\njedno i drugie,<\/b> ale powiedzie\u0107 tak, \u017ceby to przynios\u0142o<br \/>\nkonkretny i wyra\u017any, a wr\u0119cz spektakularny skutek \u2013 to ju\u017c<br \/>\nzupe\u0142nie co innego! A Jezus<b> i powiedzie\u0107 m\u00f3g\u0142<\/b> swobodnie<br \/>\njedno i drugie \u2013 <b>i spe\u0142ni\u0107 <\/b>to, co powiedzia\u0142. Czy tego<br \/>\nsamego byli w stanie dokona\u0107 Jego przeciwnicy? Dobrze znamy<br \/>\nodpowied\u017a na to pytanie.<\/span><\/span><\/span><\/div>\n<div align=\"justify\" style=\"background: transparent; font-style: normal; font-variant: normal; font-weight: normal; letter-spacing: normal; line-height: 150%; margin-bottom: 0cm; text-indent: 1.3cm;\">\n<span style=\"color: black;\"><span style=\"font-family: Book Antiqua, serif;\"><span style=\"font-size: x-large;\">Mo\u017cemy<br \/>\nw tym momencie dokona\u0107 pewnego por\u00f3wnania. Ot\u00f3\u017c, \u017ceby udowodni\u0107<br \/>\nswoj\u0105 Bosk\u0105 w\u0142adz\u0119 na p\u0142aszczy\u017anie duchowej, czyli w\u0142adz\u0119<br \/>\nodpuszczania grzech\u00f3w, Jezus <b>dokona\u0142 znaku zewn\u0119trznego:<br \/>\n<\/b>dokona\u0142 fizycznego uzdrowienia! Owo fizyczne uzdrowienie mia\u0142o<br \/>\nby\u0107 \u2013 dla przewrotnych i upartych niedowiark\u00f3w \u2013 <b>argumentem<br \/>\nza tym, \u017ce Jezus ma moc<\/b> znacznie wi\u0119ksz\u0105, ni\u017c tylko<br \/>\nuzdrowienie z choroby fizycznej. Oni jednak <b>i tak w to nie<br \/>\nuwierzyli, <\/b>bo przecie\u017c do ko\u0144ca ziemskiej misji Jezusa \u017cydowska<br \/>\nelita by\u0142a przeciwko Niemu.<\/span><\/span><\/span><\/div>\n<div align=\"justify\" style=\"background: transparent; font-style: normal; font-variant: normal; font-weight: normal; letter-spacing: normal; line-height: 150%; margin-bottom: 0cm; text-indent: 1.3cm;\">\n<span style=\"color: black;\"><span style=\"font-family: Book Antiqua, serif;\"><span style=\"font-size: x-large;\">Abraham<br \/>\n\u2013 owszem \u2013 <b>do\u015bwiadczy\u0142 wcze\u015bniej<\/b> wielu znak\u00f3w Bo\u017cej<br \/>\nopieki, ale w tym momencie niejako wszystkie one zosta\u0142y mu zabrane,<br \/>\nsta\u0142y si\u0119 echem przesz\u0142o\u015bci, natomiast <b>on pozosta\u0142 sam na sam<br \/>\nz Bo\u017cym \u017c\u0105daniem<\/b> oddania syna, nie maj\u0105c ani dla siebie, ani<br \/>\ndla syna, \u017cadnych argument\u00f3w wspieraj\u0105cych czy pocieszaj\u0105cych!<br \/>\nCo\u015b jednak mia\u0142. Co takiego? <b>Swoj\u0105 wiar\u0119! I dzi\u0119ki niej<br \/>\nzwyci\u0119\u017cy\u0142!<\/b><\/span><\/span><\/span><\/div>\n<div align=\"justify\" style=\"background: transparent; font-style: normal; font-variant: normal; font-weight: normal; letter-spacing: normal; line-height: 150%; margin-bottom: 0cm; text-indent: 1.3cm;\">\n<span style=\"color: black;\"><span style=\"font-family: Book Antiqua, serif;\"><span style=\"font-size: x-large;\">Por\u00f3wnajmy<br \/>\nteraz postaw\u0119 Abrahama i postaw\u0119 przedstawicieli \u017cydowskiej elity<br \/>\nreligijnej, uwa\u017caj\u0105cych si\u0119 przecie\u017c za ludzi szczeg\u00f3lnie<br \/>\noddanych Bogu: <b>w kt\u00f3rym przypadku mo\u017cemy m\u00f3wi\u0107 o prawdziwej<br \/>\nwierze?<\/b> Czy <b>w przypadku Abrahama,<\/b> kt\u00f3ry zosta\u0142 sam na<br \/>\nsam z trudn\u0105 sytuacj\u0105, ale postanowi\u0142 spe\u0142ni\u0107 \u017c\u0105danie Boga,<br \/>\nnawet je\u015bli go zupe\u0142nie nie rozumia\u0142; czy <b>w przypadku uczonych<br \/>\nw Pi\u015bmie, <\/b>kt\u00f3rzy jak na d\u0142oni mieli dowody Bo\u017cej mocy, a i<br \/>\ntak nie wierzyli? W kt\u00f3rym przypadku mo\u017cemy m\u00f3wi\u0107 <b>o prawdziwej<br \/>\nwierze?<\/b> Przecie\u017c to oczywiste.<\/span><\/span><\/span><\/div>\n<div align=\"justify\" style=\"background: transparent; font-style: normal; font-variant: normal; font-weight: normal; letter-spacing: normal; line-height: 150%; margin-bottom: 0cm; text-indent: 1.3cm;\">\n<span style=\"color: black;\"><span style=\"font-family: Book Antiqua, serif;\"><span style=\"font-size: x-large;\">Czy<br \/>\njednak r\u00f3wnie oczywist\u0105 jest dla ka\u017cdej i ka\u017cdego z nas odpowied\u017a<br \/>\nna pytanie, <b>po kt\u00f3rej z tych dw\u00f3ch stron widzia\u0142bym siebie?<\/b><br \/>\nCzy bli\u017cej mi do wiary Abrahama, czy do niedowiarstwa uczonych w<br \/>\nPi\u015bmie? Czy widz\u0105c tyle znak\u00f3w Bo\u017cej opieki, dawanej mi na co<br \/>\ndzie\u0144, <b>staram si\u0119 uwierzy\u0107 bardziej? <\/b>Czy sta\u0107 mnie na to,<br \/>\naby przynajmniej stara\u0107 si\u0119 zaufa\u0107 Bogu, w sytuacji, kt\u00f3rej tak<br \/>\npo ludzku zupe\u0142nie nie rozumiem?\u2026<\/span><\/span><\/span><\/div>\n","protected":false},"excerpt":{"rendered":"<p>Szcz\u0119\u015b\u0107 Bo\u017ce! Moi Drodzy, pozdrawiamy ze Szklarskiej Por\u0119by! Pogoda wymarzona \u2013 ani za gor\u0105co, ani za zimno. Pami\u0119tam o Was w modlitwie! A Wy pami\u0119tajcie, \u017ce dzisiaj \u2013 pierwszy czwartek miesi\u0105ca. Pom\u00f3dlcie si\u0119 szczeg\u00f3lnie o nowe, dobre i liczne powo\u0142ania do kap\u0142a\u0144stwa i \u017cycia zakonnego. Gaudium et spes! Ks. Jacek Czwartek 13 Tygodnia zwyk\u0142ego, rok [&hellip;]<\/p>\n","protected":false},"author":1,"featured_media":0,"comment_status":"open","ping_status":"open","sticky":false,"template":"","format":"standard","meta":{"jetpack_post_was_ever_published":false,"_jetpack_newsletter_access":"","_jetpack_dont_email_post_to_subs":false,"_jetpack_newsletter_tier_id":0,"_jetpack_memberships_contains_paywalled_content":false,"_jetpack_memberships_contains_paid_content":false,"footnotes":""},"categories":[1],"tags":[],"class_list":["post-14551","post","type-post","status-publish","format-standard","hentry","category-bez-kategorii"],"yoast_head":"<!-- This site is optimized with the Yoast SEO plugin v25.1 - https:\/\/yoast.com\/wordpress\/plugins\/seo\/ -->\n<title>Czy staram si\u0119 uwierzy\u0107 bardziej?... - Gaudium Et Spes<\/title>\n<meta name=\"robots\" content=\"index, follow, max-snippet:-1, max-image-preview:large, max-video-preview:-1\" \/>\n<link rel=\"canonical\" href=\"https:\/\/gaudiumetspes-blog.pl\/index.php\/2019\/07\/04\/czy-staram-sie-uwierzyc-bardziej\/\" \/>\n<meta property=\"og:locale\" content=\"pl_PL\" \/>\n<meta property=\"og:type\" content=\"article\" \/>\n<meta property=\"og:title\" content=\"Czy staram si\u0119 uwierzy\u0107 bardziej?... - Gaudium Et Spes\" \/>\n<meta property=\"og:description\" content=\"Szcz\u0119\u015b\u0107 Bo\u017ce! Moi Drodzy, pozdrawiamy ze Szklarskiej Por\u0119by! Pogoda wymarzona \u2013 ani za gor\u0105co, ani za zimno. Pami\u0119tam o Was w modlitwie! A Wy pami\u0119tajcie, \u017ce dzisiaj \u2013 pierwszy czwartek miesi\u0105ca. Pom\u00f3dlcie si\u0119 szczeg\u00f3lnie o nowe, dobre i liczne powo\u0142ania do kap\u0142a\u0144stwa i \u017cycia zakonnego. Gaudium et spes! Ks. Jacek Czwartek 13 Tygodnia zwyk\u0142ego, rok [&hellip;]\" \/>\n<meta property=\"og:url\" content=\"https:\/\/gaudiumetspes-blog.pl\/index.php\/2019\/07\/04\/czy-staram-sie-uwierzyc-bardziej\/\" \/>\n<meta property=\"og:site_name\" content=\"Gaudium Et Spes\" \/>\n<meta property=\"article:published_time\" content=\"2019-07-04T03:52:00+00:00\" \/>\n<meta property=\"article:modified_time\" content=\"2019-07-31T11:04:39+00:00\" \/>\n<meta name=\"author\" content=\"Ks. Jacek\" \/>\n<meta name=\"twitter:card\" content=\"summary_large_image\" \/>\n<meta name=\"twitter:label1\" content=\"Napisane przez\" \/>\n\t<meta name=\"twitter:data1\" content=\"Ks. Jacek\" \/>\n\t<meta name=\"twitter:label2\" content=\"Szacowany czas czytania\" \/>\n\t<meta name=\"twitter:data2\" content=\"9 minut\" \/>\n<script type=\"application\/ld+json\" class=\"yoast-schema-graph\">{\"@context\":\"https:\/\/schema.org\",\"@graph\":[{\"@type\":\"WebPage\",\"@id\":\"https:\/\/gaudiumetspes-blog.pl\/index.php\/2019\/07\/04\/czy-staram-sie-uwierzyc-bardziej\/\",\"url\":\"https:\/\/gaudiumetspes-blog.pl\/index.php\/2019\/07\/04\/czy-staram-sie-uwierzyc-bardziej\/\",\"name\":\"Czy staram si\u0119 uwierzy\u0107 bardziej?... - Gaudium Et Spes\",\"isPartOf\":{\"@id\":\"https:\/\/gaudiumetspes-blog.pl\/#website\"},\"datePublished\":\"2019-07-04T03:52:00+00:00\",\"dateModified\":\"2019-07-31T11:04:39+00:00\",\"author\":{\"@id\":\"https:\/\/gaudiumetspes-blog.pl\/#\/schema\/person\/1661982992b752dea8dff0d4ed845a65\"},\"breadcrumb\":{\"@id\":\"https:\/\/gaudiumetspes-blog.pl\/index.php\/2019\/07\/04\/czy-staram-sie-uwierzyc-bardziej\/#breadcrumb\"},\"inLanguage\":\"pl-PL\",\"potentialAction\":[{\"@type\":\"ReadAction\",\"target\":[\"https:\/\/gaudiumetspes-blog.pl\/index.php\/2019\/07\/04\/czy-staram-sie-uwierzyc-bardziej\/\"]}]},{\"@type\":\"BreadcrumbList\",\"@id\":\"https:\/\/gaudiumetspes-blog.pl\/index.php\/2019\/07\/04\/czy-staram-sie-uwierzyc-bardziej\/#breadcrumb\",\"itemListElement\":[{\"@type\":\"ListItem\",\"position\":1,\"name\":\"Strona g\u0142\u00f3wna\",\"item\":\"https:\/\/gaudiumetspes-blog.pl\/\"},{\"@type\":\"ListItem\",\"position\":2,\"name\":\"Czy&nbsp;staram si\u0119 uwierzy\u0107 bardziej?&#8230;\"}]},{\"@type\":\"WebSite\",\"@id\":\"https:\/\/gaudiumetspes-blog.pl\/#website\",\"url\":\"https:\/\/gaudiumetspes-blog.pl\/\",\"name\":\"Gaudium Et Spes\",\"description\":\"Blog Ks. Jacka Ja\u015bkowskiego\",\"potentialAction\":[{\"@type\":\"SearchAction\",\"target\":{\"@type\":\"EntryPoint\",\"urlTemplate\":\"https:\/\/gaudiumetspes-blog.pl\/?s={search_term_string}\"},\"query-input\":{\"@type\":\"PropertyValueSpecification\",\"valueRequired\":true,\"valueName\":\"search_term_string\"}}],\"inLanguage\":\"pl-PL\"},{\"@type\":\"Person\",\"@id\":\"https:\/\/gaudiumetspes-blog.pl\/#\/schema\/person\/1661982992b752dea8dff0d4ed845a65\",\"name\":\"Ks. Jacek\",\"image\":{\"@type\":\"ImageObject\",\"inLanguage\":\"pl-PL\",\"@id\":\"https:\/\/gaudiumetspes-blog.pl\/#\/schema\/person\/image\/\",\"url\":\"https:\/\/gaudiumetspes-blog.pl\/wp-content\/uploads\/2019\/07\/avatar-JJ-150x150.jpg\",\"contentUrl\":\"https:\/\/gaudiumetspes-blog.pl\/wp-content\/uploads\/2019\/07\/avatar-JJ-150x150.jpg\",\"caption\":\"Ks. Jacek\"},\"description\":\"Witam serdecznie! K\u0142ania si\u0119 Ks. Jacek Ja\u015bkowski. Nie jestem ani kim\u015b wa\u017cnym, ani kim\u015b znanym. Jestem ksi\u0119dzem, kt\u00f3ry po prostu chce rozmawia\u0107. Codzienna kap\u0142a\u0144ska pos\u0142uga pokazuje mi, \u017ce temat\u00f3w do rozm\u00f3w z ksi\u0119dzem jest coraz wi\u0119cej i dzisiaj \u017caden ksi\u0105dz nie mo\u017ce od nich ucieka\u0107, ale - wprost przeciwnie - podejmowa\u0107 nowe wyzwania. To przekonanie sk\u0142oni\u0142o mnie do pr\u00f3by otwarcia tego\u017c bloga, chocia\u017c okazji do rozm\u00f3w na co dzie\u0144 - w konfesjonale i poza nim - na szcz\u0119\u015bcie nie brakuje. My\u015bl\u0119 jednak, \u017ce ten blog b\u0119dzie jeszcze jednym sposobem i przestrzeni\u0105 nawi\u0105zania kontaktu z lud\u017ami dobrej woli, otwartymi na dialog.\",\"url\":\"https:\/\/gaudiumetspes-blog.pl\/index.php\/author\/ks-jacek\/\"}]}<\/script>\n<!-- \/ Yoast SEO plugin. -->","yoast_head_json":{"title":"Czy staram si\u0119 uwierzy\u0107 bardziej?... - Gaudium Et Spes","robots":{"index":"index","follow":"follow","max-snippet":"max-snippet:-1","max-image-preview":"max-image-preview:large","max-video-preview":"max-video-preview:-1"},"canonical":"https:\/\/gaudiumetspes-blog.pl\/index.php\/2019\/07\/04\/czy-staram-sie-uwierzyc-bardziej\/","og_locale":"pl_PL","og_type":"article","og_title":"Czy staram si\u0119 uwierzy\u0107 bardziej?... - Gaudium Et Spes","og_description":"Szcz\u0119\u015b\u0107 Bo\u017ce! Moi Drodzy, pozdrawiamy ze Szklarskiej Por\u0119by! Pogoda wymarzona \u2013 ani za gor\u0105co, ani za zimno. Pami\u0119tam o Was w modlitwie! A Wy pami\u0119tajcie, \u017ce dzisiaj \u2013 pierwszy czwartek miesi\u0105ca. Pom\u00f3dlcie si\u0119 szczeg\u00f3lnie o nowe, dobre i liczne powo\u0142ania do kap\u0142a\u0144stwa i \u017cycia zakonnego. Gaudium et spes! Ks. Jacek Czwartek 13 Tygodnia zwyk\u0142ego, rok [&hellip;]","og_url":"https:\/\/gaudiumetspes-blog.pl\/index.php\/2019\/07\/04\/czy-staram-sie-uwierzyc-bardziej\/","og_site_name":"Gaudium Et Spes","article_published_time":"2019-07-04T03:52:00+00:00","article_modified_time":"2019-07-31T11:04:39+00:00","author":"Ks. Jacek","twitter_card":"summary_large_image","twitter_misc":{"Napisane przez":"Ks. Jacek","Szacowany czas czytania":"9 minut"},"schema":{"@context":"https:\/\/schema.org","@graph":[{"@type":"WebPage","@id":"https:\/\/gaudiumetspes-blog.pl\/index.php\/2019\/07\/04\/czy-staram-sie-uwierzyc-bardziej\/","url":"https:\/\/gaudiumetspes-blog.pl\/index.php\/2019\/07\/04\/czy-staram-sie-uwierzyc-bardziej\/","name":"Czy staram si\u0119 uwierzy\u0107 bardziej?... - Gaudium Et Spes","isPartOf":{"@id":"https:\/\/gaudiumetspes-blog.pl\/#website"},"datePublished":"2019-07-04T03:52:00+00:00","dateModified":"2019-07-31T11:04:39+00:00","author":{"@id":"https:\/\/gaudiumetspes-blog.pl\/#\/schema\/person\/1661982992b752dea8dff0d4ed845a65"},"breadcrumb":{"@id":"https:\/\/gaudiumetspes-blog.pl\/index.php\/2019\/07\/04\/czy-staram-sie-uwierzyc-bardziej\/#breadcrumb"},"inLanguage":"pl-PL","potentialAction":[{"@type":"ReadAction","target":["https:\/\/gaudiumetspes-blog.pl\/index.php\/2019\/07\/04\/czy-staram-sie-uwierzyc-bardziej\/"]}]},{"@type":"BreadcrumbList","@id":"https:\/\/gaudiumetspes-blog.pl\/index.php\/2019\/07\/04\/czy-staram-sie-uwierzyc-bardziej\/#breadcrumb","itemListElement":[{"@type":"ListItem","position":1,"name":"Strona g\u0142\u00f3wna","item":"https:\/\/gaudiumetspes-blog.pl\/"},{"@type":"ListItem","position":2,"name":"Czy&nbsp;staram si\u0119 uwierzy\u0107 bardziej?&#8230;"}]},{"@type":"WebSite","@id":"https:\/\/gaudiumetspes-blog.pl\/#website","url":"https:\/\/gaudiumetspes-blog.pl\/","name":"Gaudium Et Spes","description":"Blog Ks. Jacka Ja\u015bkowskiego","potentialAction":[{"@type":"SearchAction","target":{"@type":"EntryPoint","urlTemplate":"https:\/\/gaudiumetspes-blog.pl\/?s={search_term_string}"},"query-input":{"@type":"PropertyValueSpecification","valueRequired":true,"valueName":"search_term_string"}}],"inLanguage":"pl-PL"},{"@type":"Person","@id":"https:\/\/gaudiumetspes-blog.pl\/#\/schema\/person\/1661982992b752dea8dff0d4ed845a65","name":"Ks. Jacek","image":{"@type":"ImageObject","inLanguage":"pl-PL","@id":"https:\/\/gaudiumetspes-blog.pl\/#\/schema\/person\/image\/","url":"https:\/\/gaudiumetspes-blog.pl\/wp-content\/uploads\/2019\/07\/avatar-JJ-150x150.jpg","contentUrl":"https:\/\/gaudiumetspes-blog.pl\/wp-content\/uploads\/2019\/07\/avatar-JJ-150x150.jpg","caption":"Ks. Jacek"},"description":"Witam serdecznie! K\u0142ania si\u0119 Ks. Jacek Ja\u015bkowski. Nie jestem ani kim\u015b wa\u017cnym, ani kim\u015b znanym. Jestem ksi\u0119dzem, kt\u00f3ry po prostu chce rozmawia\u0107. Codzienna kap\u0142a\u0144ska pos\u0142uga pokazuje mi, \u017ce temat\u00f3w do rozm\u00f3w z ksi\u0119dzem jest coraz wi\u0119cej i dzisiaj \u017caden ksi\u0105dz nie mo\u017ce od nich ucieka\u0107, ale - wprost przeciwnie - podejmowa\u0107 nowe wyzwania. To przekonanie sk\u0142oni\u0142o mnie do pr\u00f3by otwarcia tego\u017c bloga, chocia\u017c okazji do rozm\u00f3w na co dzie\u0144 - w konfesjonale i poza nim - na szcz\u0119\u015bcie nie brakuje. My\u015bl\u0119 jednak, \u017ce ten blog b\u0119dzie jeszcze jednym sposobem i przestrzeni\u0105 nawi\u0105zania kontaktu z lud\u017ami dobrej woli, otwartymi na dialog.","url":"https:\/\/gaudiumetspes-blog.pl\/index.php\/author\/ks-jacek\/"}]}},"jetpack_featured_media_url":"","jetpack_sharing_enabled":true,"_links":{"self":[{"href":"https:\/\/gaudiumetspes-blog.pl\/index.php\/wp-json\/wp\/v2\/posts\/14551","targetHints":{"allow":["GET"]}}],"collection":[{"href":"https:\/\/gaudiumetspes-blog.pl\/index.php\/wp-json\/wp\/v2\/posts"}],"about":[{"href":"https:\/\/gaudiumetspes-blog.pl\/index.php\/wp-json\/wp\/v2\/types\/post"}],"author":[{"embeddable":true,"href":"https:\/\/gaudiumetspes-blog.pl\/index.php\/wp-json\/wp\/v2\/users\/1"}],"replies":[{"embeddable":true,"href":"https:\/\/gaudiumetspes-blog.pl\/index.php\/wp-json\/wp\/v2\/comments?post=14551"}],"version-history":[{"count":1,"href":"https:\/\/gaudiumetspes-blog.pl\/index.php\/wp-json\/wp\/v2\/posts\/14551\/revisions"}],"predecessor-version":[{"id":15395,"href":"https:\/\/gaudiumetspes-blog.pl\/index.php\/wp-json\/wp\/v2\/posts\/14551\/revisions\/15395"}],"wp:attachment":[{"href":"https:\/\/gaudiumetspes-blog.pl\/index.php\/wp-json\/wp\/v2\/media?parent=14551"}],"wp:term":[{"taxonomy":"category","embeddable":true,"href":"https:\/\/gaudiumetspes-blog.pl\/index.php\/wp-json\/wp\/v2\/categories?post=14551"},{"taxonomy":"post_tag","embeddable":true,"href":"https:\/\/gaudiumetspes-blog.pl\/index.php\/wp-json\/wp\/v2\/tags?post=14551"}],"curies":[{"name":"wp","href":"https:\/\/api.w.org\/{rel}","templated":true}]}}