{"id":14553,"date":"2019-07-02T06:53:00","date_gmt":"2019-07-02T04:53:00","guid":{"rendered":"https:\/\/gaudiumetspes-blog.pl\/index.php\/2019\/07\/02\/bog-wciaz-daje-szanse\/"},"modified":"2019-07-31T13:04:39","modified_gmt":"2019-07-31T11:04:39","slug":"bog-wciaz-daje-szanse","status":"publish","type":"post","link":"https:\/\/gaudiumetspes-blog.pl\/index.php\/2019\/07\/02\/bog-wciaz-daje-szanse\/","title":{"rendered":"B\u00f3g wci\u0105\u017c daje szans\u0119!"},"content":{"rendered":"<p><\/p>\n<div align=\"justify\" style=\"font-weight: normal; line-height: 150%; margin-bottom: 0cm;\">\n<span style=\"color: black;\"><span style=\"font-family: Book Antiqua, serif;\"><span style=\"font-size: x-large;\">Szcz\u0119\u015b\u0107<br \/>\nBo\u017ce! Moi Drodzy, w dniu dzisiejszym <b>urodziny \u2013 <\/b><b>i to<br \/>\nczterdzieste! \u2013 <\/b><b>prze\u017cywa Ksi\u0105dz Wies\u0142aw Mu\u0107ka,<br \/>\npochodz\u0105cy z Parafii mojego pierwszego wikariatu, czyli z Radory\u017ca<br \/>\nKo\u015bcielnego. Obecnie jest Dyrektorem Zespo\u0142u Szk\u00f3\u0142 Katolickich w<br \/>\nmoim rodzinnym mie\u015bcie, Bia\u0142ej Podlaskiej.<\/b><\/span><\/span><\/span><\/div>\n<div align=\"justify\" style=\"background: transparent; line-height: 150%; margin-bottom: 0cm; page-break-before: auto; text-indent: 1.3cm;\">\n<span style=\"color: black;\"><span style=\"font-family: Book Antiqua, serif;\"><span style=\"font-size: x-large;\"><b>Urodziny<br \/>\nprze\u017cywa tak\u017ce Joanna Centkowska, nale\u017c\u0105ca w swoim czasie do<br \/>\njednej z m\u0142odzie\u017cowych Wsp\u00f3lnot.<\/b><\/span><\/span><\/span><\/div>\n<div align=\"justify\" style=\"background: transparent; line-height: 150%; margin-bottom: 0cm; text-indent: 1.3cm;\">\n<span style=\"color: black;\"><span style=\"font-family: Book Antiqua, serif;\"><span style=\"font-size: x-large;\"><b>\u017bycz\u0119<br \/>\nDostojnym Jubilatom, aby ka\u017cdego dnia coraz bardziej wzmacniali sw\u0105<br \/>\nprzyja\u017a\u0144 z Jezusem \u2013 umocnieni zach\u0119t\u0105 i wsparciem Matki Bo\u017cej<br \/>\nKode\u0144skiej. Zapewniam o modlitwie!<\/b><\/span><\/span><\/span><\/div>\n<div align=\"justify\" style=\"background: transparent; font-weight: normal; line-height: 150%; margin-bottom: 0cm; text-indent: 1.3cm;\">\n<span style=\"font-size: x-large;\"><span style=\"color: black;\"><span style=\"font-family: Book Antiqua, serif;\">I<br \/>\nWas wszystkich, moi Drodzy, zapraszam na pielgrzymk\u0119 do Kodnia,<br \/>\ngdzie dzisiaj jest odpust i Diecezjalny Dzie\u0144 Chorego. Pielgrzymujmy<br \/>\ntam duchowo, a w miar\u0119 mo\u017cliwo\u015bci \u2013 tak\u017ce fizycznie. <\/span><\/span><br \/>\n<\/span><\/div>\n<div align=\"justify\" style=\"background: transparent; font-weight: normal; line-height: 150%; margin-bottom: 0cm; text-indent: 1.3cm;\">\n<span style=\"color: black;\"><span style=\"font-family: Book Antiqua, serif;\"><span style=\"font-size: x-large;\">Mi<br \/>\nb\u0119dzie trudno pielgrzymowa\u0107 tam dzisiaj fizycznie, bo jestem wiele<br \/>\nkilometr\u00f3w dalej \u2013 w Szklarskiej Por\u0119bie. Dotarli\u015bmy tam wczoraj<br \/>\nwieczorem. Wielk\u0105 nasz\u0105 rado\u015bci\u0105 by\u0142a mo\u017cliwo\u015b\u0107<br \/>\npogratulowania Pa\u0144stwu Annie i Tomaszowi Marczewskim \u2013 obecnym<br \/>\nGospodarzom tego domu \u2013 narodzenia si\u0119 Ich pierworodnego Syna,<br \/>\nKarola Tomasza. Pierwsze imi\u0119 otrzyma\u0142 po Dziadku, Panu Karolu,<br \/>\npoprzednim Gospodarzu tego Domu, a drugie \u2013 po swoim Tacie. Niech<br \/>\nPan sam b\u0142ogos\u0142awi temu Male\u0144stwu, Jego Rodzicom i Dziadkom, i<br \/>\nca\u0142ej Rodzinie. O to b\u0119dziemy si\u0119 w tych dniach wsp\u00f3lnie modli\u0107.<\/span><\/span><\/span><\/div>\n<div align=\"justify\" style=\"background: transparent; font-weight: normal; line-height: 150%; margin-bottom: 0cm; text-indent: 1.3cm;\">\n<span style=\"color: black;\"><span style=\"font-family: Book Antiqua, serif;\"><span style=\"font-size: x-large;\">Pozdrawiam<br \/>\nWas, moi Drodzy, z tego wa\u017cnego dla mnie miejsca. Jak wielokrotnie<br \/>\nzapewnia\u0142em, b\u0119d\u0119 pami\u0119ta\u0142 o Was w modlitwie \u2013 to miejsce temu<br \/>\nnaprawd\u0119 sprzyja. A dzisiaj b\u0119d\u0119 to czyni\u0142 przez wstawiennictwo<br \/>\nMatki Bo\u017cej Kode\u0144skiej, kt\u00f3rej obrazek stoi na stoliczku, w pokoju<br \/>\nnumer 8, w kt\u00f3rym od lat zamieszkuj\u0119, kiedy tu przyje\u017cd\u017cam.<\/span><\/span><\/span><\/div>\n<div align=\"justify\" style=\"background: transparent; font-weight: normal; line-height: 150%; margin-bottom: 0cm; text-indent: 1.3cm;\">\n<span style=\"color: black;\"><span style=\"font-family: Book Antiqua, serif;\"><span style=\"font-size: x-large;\">Niech<br \/>\nOna sama wyprasza nam wszystkim \u0142ask\u0119 jak najmocniejszego zwi\u0105zania<br \/>\nsi\u0119 z Jezusem!<\/span><\/span><\/span><\/div>\n<div align=\"center\" style=\"font-weight: normal; line-height: 150%; margin-bottom: 0cm;\">\n<span style=\"color: black;\"><span style=\"font-family: Book Antiqua, serif;\"><span style=\"font-size: x-large;\">Gaudium<br \/>\net spes!  Ks. Jacek<\/span><\/span><\/span><\/div>\n<div align=\"justify\" style=\"line-height: 150%; margin-bottom: 0cm;\">\n<span style=\"font-size: x-large;\"><\/p>\n<p><\/span><\/div>\n<div align=\"justify\" style=\"line-height: 150%; margin-bottom: 0cm;\">\n<span style=\"color: black;\"><span style=\"font-family: Book Antiqua, serif;\"><span style=\"font-size: x-large;\"><b>Wtorek<br \/>\n13 Tygodnia zwyk\u0142ego, rok I,<\/b><\/span><\/span><\/span><\/div>\n<div align=\"justify\" style=\"line-height: 150%; margin-bottom: 0cm;\">\n<span style=\"color: black;\"><span style=\"font-family: Book Antiqua, serif;\"><span style=\"font-size: x-large;\"><b>Wspomnienie<br \/>\nNaj\u015bwi\u0119tszej Maryi Panny Kode\u0144skiej, Matki Jedno\u015bci<\/b><\/span><\/span><\/span><\/div>\n<div align=\"justify\" style=\"line-height: 150%; margin-bottom: 0cm;\">\n<span style=\"color: black;\"><span style=\"font-family: Book Antiqua, serif;\"><span style=\"font-size: x-large;\"><b>2<br \/>\nlipca 2019., Szklarska Por\u0119ba,<\/b><\/span><\/span><\/span><\/div>\n<div align=\"justify\" style=\"line-height: 150%; margin-bottom: 0cm;\">\n<span style=\"color: black;\"><span style=\"font-family: Book Antiqua, serif;\"><span style=\"font-size: x-large;\"><b>do<br \/>\nczyta\u0144:  Rdz 19,15\u201329;  Mt 8,23\u201327<\/b><\/span><\/span><\/span><\/div>\n<div align=\"justify\" style=\"line-height: 150%; margin-bottom: 0cm;\">\n<span style=\"font-size: x-large;\"><\/p>\n<p><\/span><\/div>\n<div align=\"justify\" style=\"font-style: normal; font-variant: normal; letter-spacing: normal; line-height: 150%; margin-bottom: 0cm;\">\n<span style=\"color: black;\"><span style=\"font-family: Book Antiqua, serif;\"><span style=\"font-size: x-large;\"><b>CZYTANIE<br \/>\nZ KSI\u0118GI RODZAJU:<\/b><\/span><\/span><\/span><\/div>\n<div align=\"justify\" style=\"font-style: normal; font-variant: normal; letter-spacing: normal; line-height: 150%; margin-bottom: 0cm; page-break-before: auto; text-indent: 1.3cm;\">\n<span style=\"color: black;\"><span style=\"font-family: Book Antiqua, serif;\"><span style=\"font-size: x-large;\"><b>Anio\u0142owie<br \/>\nprzynaglali Lota, m\u00f3wi\u0105c: \u201ePr\u0119dzej, we\u017a \u017con\u0119 i c\u00f3rki, kt\u00f3re<br \/>\ns\u0105 przy tobie, aby\u015b nie zgin\u0105\u0142 z winy tego miasta\u201d. Kiedy za\u015b<br \/>\non zwleka\u0142, m\u0119\u017cowie ci chwycili go, jego \u017con\u0119 i dwie c\u00f3rki za<br \/>\nr\u0119ce, Pan bowiem litowa\u0142 si\u0119 nad nimi, i wyci\u0105gn\u0119li ich, i<br \/>\nwyprowadzili poza miasto.<\/b><\/span><\/span><\/span><\/div>\n<div align=\"justify\" style=\"font-style: normal; font-variant: normal; letter-spacing: normal; line-height: 150%; margin-bottom: 0cm; text-indent: 1.3cm;\">\n<span style=\"color: black;\"><span style=\"font-family: Book Antiqua, serif;\"><span style=\"font-size: x-large;\"><b>A<br \/>\ngdy ich ju\u017c wyprowadzili z miasta, rzek\u0142 jeden z nich: \u201eUchod\u017a,<br \/>\naby\u015b ocali\u0142 swe \u017cycie. Nie ogl\u0105daj si\u0119 za siebie i nie zatrzymuj<br \/>\nsi\u0119 nigdzie w tej okolicy, ale szukaj schronienia w g\u00f3rach, bo<br \/>\ninaczej zginiesz\u201d.<\/b><\/span><\/span><\/span><\/div>\n<div align=\"justify\" style=\"font-style: normal; font-variant: normal; letter-spacing: normal; line-height: 150%; margin-bottom: 0cm; text-indent: 1.3cm;\">\n<span style=\"font-size: x-large;\"><span style=\"color: black;\"><span style=\"font-family: Book Antiqua, serif;\"><b>Ale<br \/>\nLot rzek\u0142 do nich: \u201eNie, Panie m\u00f3j. Je\u015bli jeste\u015b \u017cyczliwy dla<br \/>\ntwego s\u0142ugi, uczy\u0144 wi\u0119ksz\u0105 \u0142ask\u0119 ni\u017c ta, kt\u00f3r\u0105 mi<br \/>\nwy\u015bwiadczy\u0142e\u015b, ratuj\u0105c mi \u017cycie: bo ja nie mog\u0119 szuka\u0107<br \/>\nschronienia w g\u00f3rach, aby tam nie dosi\u0119g\u0142o mnie nieszcz\u0119\u015bcie i<br \/>\nabym nie zgin\u0105\u0142. Oto jest tu w pobli\u017cu miasto, do kt\u00f3rego m\u00f3g\u0142bym<br \/>\nuciec. A cho\u0107 jest ono ma\u0142e, w nim znajd\u0119 schronienie. Czy\u017c nie<br \/>\njest ono ma\u0142e? Ja za\u015b b\u0119d\u0119 m\u00f3g\u0142 ocali\u0107 \u017cycie\u201d. <\/b><\/span><\/span><br \/>\n<\/span><\/div>\n<div align=\"justify\" style=\"font-style: normal; font-variant: normal; letter-spacing: normal; line-height: 150%; margin-bottom: 0cm; text-indent: 1.3cm;\">\n<span style=\"color: black;\"><span style=\"font-family: Book Antiqua, serif;\"><span style=\"font-size: x-large;\"><b>Odpowiedzia\u0142<br \/>\nmu: \u201ePrzychylam si\u0119 i do tej twojej pro\u015bby; nie zniszcz\u0119 wi\u0119c<br \/>\nmiasta, o kt\u00f3rym m\u00f3wisz. Szybko zatem schro\u0144 si\u0119 w nim, bo nie<br \/>\nmog\u0119 dokona\u0107 zniszczenia, dop\u00f3ki tam nie wejdziesz\u201d. Dlatego<br \/>\ndano temu miastu nazw\u0119 Soar. S\u0142o\u0144ce wzesz\u0142o ju\u017c nad ziemi\u0105, gdy<br \/>\nLot przyby\u0142 do Soaru.<\/b><\/span><\/span><\/span><\/div>\n<div align=\"justify\" style=\"font-style: normal; font-variant: normal; letter-spacing: normal; line-height: 150%; margin-bottom: 0cm; text-indent: 1.3cm;\">\n<span style=\"font-size: x-large;\"><span style=\"color: black;\"><span style=\"font-family: Book Antiqua, serif;\"><b>A<br \/>\nwtedy Pan spu\u015bci\u0142 na Sodom\u0119 i Gomor\u0119 deszcz siarki i ognia od<br \/>\nPana z nieba. I tak zniszczy\u0142 te miasta oraz ca\u0142\u0105 okolic\u0119 wraz ze<br \/>\nwszystkimi mieszka\u0144cami miast, a tak\u017ce ro\u015blinno\u015b\u0107. \u017bona Lota,<br \/>\nkt\u00f3ra sz\u0142a za nim, obejrza\u0142a si\u0119 i sta\u0142a si\u0119 s\u0142upem soli. <\/b><\/span><\/span><br \/>\n<\/span><\/div>\n<div align=\"justify\" style=\"font-style: normal; font-variant: normal; letter-spacing: normal; line-height: 150%; margin-bottom: 0cm; text-indent: 1.3cm;\">\n<span style=\"font-size: x-large;\"><span style=\"color: black;\"><span style=\"font-family: Book Antiqua, serif;\"><b>Abraham,<br \/>\nwstawszy rano, uda\u0142 si\u0119 na to miejsce, na kt\u00f3rym przedtem sta\u0142<br \/>\nprzed Panem. I gdy spojrza\u0142 w stron\u0119 Sodomy i Gomory i na ca\u0142y<br \/>\nobszar doko\u0142a, zobaczy\u0142 unosz\u0105cy si\u0119 nad ziemi\u0105 g\u0119sty dym, jak<br \/>\ngdyby z pieca, w kt\u00f3rym topi\u0105 metal. <\/b><\/span><\/span><br \/>\n<\/span><\/div>\n<div align=\"justify\" style=\"font-style: normal; font-variant: normal; letter-spacing: normal; line-height: 150%; margin-bottom: 0cm; text-indent: 1.3cm;\">\n<span style=\"color: black;\"><span style=\"font-family: Book Antiqua, serif;\"><span style=\"font-size: x-large;\"><b>Tak<br \/>\nwi\u0119c B\u00f3g, niszcz\u0105c okoliczne miasta, przez wzgl\u0105d na Abrahama<br \/>\nocali\u0142 Lota od zag\u0142ady, jakiej uleg\u0142y te miasta, w kt\u00f3rych Lot<br \/>\nprzedtem mieszka\u0142.<\/b><\/span><\/span><\/span><\/div>\n<div align=\"justify\" style=\"line-height: 150%; margin-bottom: 0cm;\">\n<span style=\"font-size: x-large;\"><\/p>\n<p><\/span><\/div>\n<div align=\"justify\" style=\"line-height: 150%; margin-bottom: 0cm;\">\n<span style=\"color: black;\"><span style=\"font-family: Book Antiqua, serif;\"><span style=\"font-size: x-large;\"><b><span style=\"font-variant: normal;\"><span style=\"letter-spacing: normal;\"><span style=\"font-style: normal;\">S\u0141OWA<br \/>\nEWANGELII WED\u0141UG \u015aW<\/span><\/span><\/span><span style=\"font-variant: normal;\"><span style=\"letter-spacing: normal;\"><span style=\"font-style: normal;\">I\u0118TEGO<\/span><\/span><\/span><span style=\"font-variant: normal;\"><span style=\"letter-spacing: normal;\"><span style=\"font-style: normal;\"><br \/>\nMATEUSZA:<\/span><\/span><\/span><\/b><\/span><\/span><\/span><\/div>\n<div align=\"justify\" style=\"font-style: normal; font-variant: normal; letter-spacing: normal; line-height: 150%; margin-bottom: 0cm; page-break-before: auto; text-indent: 1.3cm;\">\n<span style=\"color: black;\"><span style=\"font-family: Book Antiqua, serif;\"><span style=\"font-size: x-large;\"><b>Gdy<br \/>\nJezus wszed\u0142 do \u0142odzi, poszli za Nim Jego uczniowie.<\/b><\/span><\/span><\/span><\/div>\n<div align=\"justify\" style=\"font-style: normal; font-variant: normal; letter-spacing: normal; line-height: 150%; margin-bottom: 0cm; text-indent: 1.3cm;\">\n<span style=\"color: black;\"><span style=\"font-family: Book Antiqua, serif;\"><span style=\"font-size: x-large;\"><b>Nagle<br \/>\nzerwa\u0142a si\u0119 gwa\u0142towna burza na jeziorze, tak \u017ce fale zalewa\u0142y<br \/>\n\u0142\u00f3d\u017a; On za\u015b spa\u0142. Wtedy przyst\u0105pili do Niego i obudzili Go,<br \/>\nm\u00f3wi\u0105c: \u201ePanie, ratuj, giniemy!\u201d<\/b><\/span><\/span><\/span><\/div>\n<div align=\"justify\" style=\"font-style: normal; font-variant: normal; letter-spacing: normal; line-height: 150%; margin-bottom: 0cm; text-indent: 1.3cm;\">\n<span style=\"color: black;\"><span style=\"font-family: Book Antiqua, serif;\"><span style=\"font-size: x-large;\"><b>A<br \/>\nOn im rzek\u0142: \u201eCzemu boja\u017aliwi jeste\u015bcie, ma\u0142ej wiary?\u201d Potem<br \/>\nwsta\u0142, rozkaza\u0142 wichrom i jezioru, i nasta\u0142a g\u0142\u0119boka cisza.<\/b><\/span><\/span><\/span><\/div>\n<div align=\"justify\" style=\"font-style: normal; font-variant: normal; letter-spacing: normal; line-height: 150%; margin-bottom: 0cm; text-indent: 1.3cm;\">\n<span style=\"color: black;\"><span style=\"font-family: Book Antiqua, serif;\"><span style=\"font-size: x-large;\"><b>A<br \/>\nludzie pytali zdumieni: \u201eKim\u017ce On jest, \u017ce nawet wichry i jezioro<br \/>\ns\u0105 Mu pos\u0142uszne?\u201d<\/b><\/span><\/span><\/span><\/div>\n<div align=\"justify\" style=\"line-height: 150%; margin-bottom: 0cm;\">\n<span style=\"font-size: x-large;\"><\/p>\n<p><\/span><\/div>\n<div align=\"justify\" style=\"font-style: normal; font-variant: normal; font-weight: normal; letter-spacing: normal; line-height: 150%; margin-bottom: 0cm; page-break-before: auto; text-indent: 1.3cm;\">\n<span style=\"color: black;\"><span style=\"font-family: Book Antiqua, serif;\"><span style=\"font-size: x-large;\">Oto<br \/>\nwielka moc Boga, kt\u00f3ry <b>tak, jak chce, rz\u0105dzi przyrod\u0105,<\/b><br \/>\nzmieniaj\u0105c nawet jej najbardziej oczywiste i podstawowe prawa, aby<br \/>\nco\u015b wa\u017cnego cz\u0142owiekowi pokaza\u0107, albo mu co\u015b istotnego<br \/>\npowiedzie\u0107, albo <b>w jaki\u015b konkretny spos\u00f3b mu pom\u00f3c. <\/b>A<br \/>\nostatecznie \u2013 aby doprowadzi\u0107 go do zbawienia.<\/span><\/span><\/span><\/div>\n<div align=\"justify\" style=\"font-style: normal; font-variant: normal; font-weight: normal; letter-spacing: normal; line-height: 150%; margin-bottom: 0cm; text-indent: 1.3cm;\">\n<span style=\"font-size: x-large;\"><span style=\"color: black;\"><span style=\"font-family: Book Antiqua, serif;\">Dlatego<br \/>\nw\u0142a\u015bnie, aby <b>upomnie\u0107 si\u0119 o swoje <\/b><b>zasady moralne<\/b><b>,<\/b><br \/>\nkt\u00f3re odwiecznie ustanowi\u0142 dla dobra cz\u0142owieka, dokona\u0142 tego<br \/>\nmocnego znaku, jakim by\u0142o zniszczenie dw\u00f3ch grzesznych miast. Z<br \/>\nnieba, zamiast kropel wody, spad\u0142 inny deszcz. S\u0142yszeli\u015bmy o tym w<br \/>\npierwszym czytaniu: <i><b>A wtedy Pan spu\u015bci\u0142 na Sodom\u0119 i Gomor\u0119<br \/>\ndeszcz siarki i ognia od Pana z nieba. I tak zniszczy\u0142 te miasta<br \/>\noraz ca\u0142\u0105 okolic\u0119 wraz ze wszystkimi mieszka\u0144cami miast, a tak\u017ce<br \/>\nro\u015blinno\u015b\u0107.<\/b><\/i><b> <\/b><\/span><\/span><br \/>\n<\/span><\/div>\n<div align=\"justify\" style=\"font-style: normal; font-variant: normal; font-weight: normal; letter-spacing: normal; line-height: 150%; margin-bottom: 0cm; text-indent: 1.3cm;\">\n<span style=\"font-size: x-large;\"><span style=\"color: black;\"><span style=\"font-family: Book Antiqua, serif;\">Tak,<br \/>\nz pewno\u015bci\u0105 trudno nam to przyj\u0105\u0107 do wiadomo\u015bci \u2013 nam,<br \/>\nwychowanym na zasadach ewangelicznych, kt\u00f3rym od dziecka m\u00f3wi si\u0119<br \/>\no <b>konieczno\u015bci przebaczenia, dania drugiej szansy<\/b> grzesznemu<br \/>\ncz\u0142owiekowi i <b>pozostawienia sprawiedliwo\u015bci Bogu.<\/b> Ale<br \/>\nw\u0142a\u015bnie mo\u017ce to wszystko si\u0119 tutaj dokona\u0142o?\u2026 <\/span><\/span><br \/>\n<\/span><\/div>\n<div align=\"justify\" style=\"font-style: normal; font-variant: normal; font-weight: normal; letter-spacing: normal; line-height: 150%; margin-bottom: 0cm; text-indent: 1.3cm;\">\n<span style=\"font-size: x-large;\"><span style=\"color: black;\"><span style=\"font-family: Book Antiqua, serif;\">Przecie\u017c<br \/>\nszans\u0119 nawr\u00f3cenia mieli mieszka\u0144cy tych\u017ce miast, a B\u00f3g <b>by\u0142<br \/>\nsk\u0142onny je uratowa\u0107, <\/b>gdyby by\u0142o tam cho\u0107by kilkoro<br \/>\nsprawiedliwych. A jednak nawet kilkorga nie by\u0142o. Zreszt\u0105 uratowa\u0142<br \/>\nLota i jego rodzin\u0119 \u2013 niemal\u017ce na si\u0142\u0119! A nast\u0119pnie wymierzy\u0142<br \/>\nsprawiedliwo\u015b\u0107. <b>B\u00f3g <\/b><b>to uczyni\u0142<\/b><b>, nie cz\u0142owiek!<br \/>\n<\/b>Dlatego mo\u017ce w\u0142a\u015bnie trzeba nam uzna\u0107, \u017ce wszystko odby\u0142o<br \/>\nsi\u0119 tak, jak odby\u0107 si\u0119 powinno \u2013 z uwzgl\u0119dnieniem i tej<br \/>\nokoliczno\u015bci, \u017ce <b>Biblia pos\u0142uguje si\u0119 j\u0119zykiem symbolu. <\/b><\/span><\/span><br \/>\n<\/span><\/div>\n<div align=\"justify\" style=\"font-style: normal; font-variant: normal; font-weight: normal; letter-spacing: normal; line-height: 150%; margin-bottom: 0cm; text-indent: 1.3cm;\">\n<span style=\"font-size: x-large;\"><span style=\"color: black;\"><span style=\"font-family: Book Antiqua, serif;\">Z<br \/>\nkolei, w Ewangelii s\u0142yszymy o innym znaku panowania Boga nad prawami<br \/>\nprzyrody: oto Jezus Chrystus, Bo\u017cy Syn, w spektakularny i tajemniczy<br \/>\nspos\u00f3b <b>ucisza burz\u0119 na jeziorze,<\/b> czym wywo\u0142uje ogromny<br \/>\npodziw swoich uczni\u00f3w \u2013 i tak\u017ce nasz, kiedy dzisiaj o tym czytamy<br \/>\ni s\u0142uchamy. Wiemy jednak, \u017ce uczyni\u0142 to <b>nie dla wzbudzenia<br \/>\nsamego podziwu,<\/b> ale po to, by wzbudzi\u0107 w sercach swoich uczni\u00f3w<br \/>\n<b>wi\u0119ksze zaufanie w moc Boga,<\/b> kt\u00f3ry zawsze chce dobra<br \/>\ncz\u0142owieka. Nawet, je\u015bli dla osi\u0105gni\u0119cia tego\u017c dobra musi<br \/>\nprzekroczy\u0107 prawa, rz\u0105dz\u0105ce przyrod\u0105. <\/span><\/span><br \/>\n<\/span><\/div>\n<div align=\"justify\" style=\"font-style: normal; font-variant: normal; font-weight: normal; letter-spacing: normal; line-height: 150%; margin-bottom: 0cm; text-indent: 1.3cm;\">\n<span style=\"font-size: x-large;\"><span style=\"color: black;\"><span style=\"font-family: Book Antiqua, serif;\">W<br \/>\nko\u0144cu, <b>to On sam te prawa ustanowi\u0142,<\/b> dlatego z pewno\u015bci\u0105<br \/>\nmo\u017ce je dowolnie zmienia\u0107. Ale nawet je\u015bli to czyni, to nie dla<br \/>\npodkre\u015blenia swojej wy\u017cszo\u015bci, czy \u017ceby zaskoczy\u0107 czym\u015b<br \/>\ncz\u0142owieka,<b> ale dla jego dobra.<\/b> A przede wszystkim \u2013 by<br \/>\ndoprowadzi\u0107 go do zbawienia. <\/span><\/span><br \/>\n<\/span><\/div>\n<div align=\"justify\" style=\"font-style: normal; font-variant: normal; font-weight: normal; letter-spacing: normal; line-height: 150%; margin-bottom: 0cm; text-indent: 1.3cm;\">\n<span style=\"font-size: x-large;\"><span style=\"color: black;\"><span style=\"font-family: Book Antiqua, serif;\">Moi<br \/>\nDrodzy, B\u00f3g nie waha si\u0119 i\u015b\u0107 a\u017c tak daleko, by cz\u0142owiekowi<br \/>\npom\u00f3c w doprowadzeniu Go do Nieba! Nie waha si\u0119 <b>dokonywa\u0107<br \/>\nrzeczy niezwyk\u0142ych i zmienia\u0107 prawa,<\/b> kt\u00f3re odwiecznie rz\u0105dz\u0105<br \/>\n\u015bwiatem przyrody. Nie waha si\u0119 te\u017c da\u0107 mu <b>kolejn\u0105 i kolej\u0105,<br \/>\ni kolejn\u0105 szans\u0119<\/b> \u2013 tak si\u0119 dzieje przecie\u017c za ka\u017cdym<br \/>\nrazem, w Sakramencie Pokuty. Ale nie tylko tam. <\/span><\/span><br \/>\n<\/span><\/div>\n<div align=\"justify\" style=\"font-style: normal; font-variant: normal; font-weight: normal; letter-spacing: normal; line-height: 150%; margin-bottom: 0cm; text-indent: 1.3cm;\">\n<span style=\"font-size: x-large;\"><span style=\"color: black;\"><span style=\"font-family: Book Antiqua, serif;\">Fakt,<br \/>\n\u017ce B\u00f3g <b>dzisiaj nie spuszcza deszczu ognia i siarki<\/b> na wiele<br \/>\nmiast i dom\u00f3w, gdzie ludzie \u017cyj\u0105 mo\u017ce jeszcze o wiele gorzej, ni\u017c<br \/>\n\u00f3wcze\u015bni mieszka\u0144cy Sodomy i Gomory \u2013 to znak, \u017ce <b>naprawd\u0119<br \/>\njest niezwykle cierpliwy<\/b> i ci\u0105gle czeka na opami\u0119tanie si\u0119<br \/>\nswoich dzieci. Ju\u017c samo to <b>nale\u017ca\u0142oby uzna\u0107 za cud!<\/b> B\u00f3g<br \/>\nnaprawd\u0119 mocno \u201enagina\u201d swoje postanowienia i wyroki, aby nam<br \/>\npom\u00f3c, aby da\u0107 nam szans\u0119. Zmienia i dzi\u015b prawa, rz\u0105dz\u0105ce<br \/>\nnatur\u0105, \u017cyciem i zdrowiem cz\u0142owieka \u2013 przecie\u017c i<b> dzisiaj nie<br \/>\nbrakuje autentycznych, <\/b><b>spektakularnych<\/b><b> cud\u00f3w!<\/b> B\u00f3g<br \/>\nrobi, co mo\u017ce \u2013 zmienia bieg natury\u2026 <\/span><\/span><br \/>\n<\/span><\/div>\n<div align=\"justify\" style=\"font-style: normal; font-variant: normal; font-weight: normal; letter-spacing: normal; line-height: 150%; margin-bottom: 0cm; text-indent: 1.3cm;\">\n<span style=\"font-size: x-large;\"><span style=\"color: black;\"><span style=\"font-family: Book Antiqua, serif;\">A<br \/>\nco zmienia cz\u0142owiek? Co zmienia w swoim sposobie \u017cycia i<br \/>\npost\u0119powania? Czy nie mamy wra\u017cenia, \u017ce <b>cz\u0119sto niewiele<br \/>\nzmienia?\u2026<\/b> A je\u017celi ju\u017c \u2013 to cz\u0119sto na gorsze?\u2026 <\/span><\/span><br \/>\n<\/span><\/div>\n<div align=\"justify\" style=\"font-style: normal; font-variant: normal; font-weight: normal; letter-spacing: normal; line-height: 150%; margin-bottom: 0cm; text-indent: 1.3cm;\">\n<span style=\"font-size: x-large;\"><span style=\"color: black;\"><span style=\"font-family: Book Antiqua, serif;\">Moi<br \/>\nDrodzy, <b>jakiej konkretnej przemiany dokonamy w sobie dzisiaj,<\/b><br \/>\naby odpowiedzie\u0107 Panu na Jego mi\u0142o\u015b\u0107 wobec nas, i\u017c tak\u017ce nam<br \/>\nci\u0105gle daje szans\u0119? Tak, powiedzmy to sobie bardzo szczerze: <b>nie<br \/>\ntylko tamtym ludziom,<\/b> czy innym, na przestrzeni dziej\u00f3w \u2013<br \/>\ndawa\u0142 szans\u0119 i czas na opami\u0119tanie. Nam daje tak\u017ce \u2013 <b>mo\u017ce<br \/>\nnawet w wi\u0119kszym stopniu,<\/b> ni\u017c tym, co byli przed nami \u2013 tak\u017ce<br \/>\ntym, o kt\u00f3rych dowiadujemy si\u0119 z kart Pisma \u015awi\u0119tego\u2026 <\/span><\/span><br \/>\n<\/span><\/div>\n<div align=\"justify\" style=\"font-style: normal; font-variant: normal; font-weight: normal; letter-spacing: normal; line-height: 150%; margin-bottom: 0cm; text-indent: 1.3cm;\">\n<span style=\"color: black;\"><span style=\"font-family: Book Antiqua, serif;\"><span style=\"font-size: x-large;\">Nam<br \/>\nte\u017c daje szans\u0119, <b>zmienia sw\u00f3j s\u0142uszny zamiar<\/b> wymierzenia<br \/>\nnam kary za grzechy, by nam okaza\u0107 mi\u0142osierdzie. <b>Co zatem my<br \/>\njeste\u015bmy w stanie zmieni\u0107<\/b> w swoim sposobie bycia i<br \/>\npost\u0119powania, w swoim my\u015bleniu i w swoich s\u0142owach? Co ja jestem w<br \/>\nstanie zmieni\u0107? I czy przypadkiem nie oka\u017ce si\u0119, \u017ce ta moja<br \/>\nprzemiana \u2013 je\u015bli si\u0119 dokona \u2013 to <b>b\u0119dzie niemal\u017ce takim<br \/>\ncudem,<\/b> jak te, o kt\u00f3rych dzi\u015b m\u00f3wimy? Co koniecznie musz\u0119 ju\u017c<br \/>\ndzi\u015b w swoim \u017cyciu zmieni\u0107? I jak si\u0119 do tego konkretnie zabior\u0119?<\/span><\/span><\/span><\/div>\n<div align=\"justify\" style=\"background: transparent; line-height: 150%; margin-bottom: 0cm; text-indent: 1.3cm;\">\n<span style=\"color: black;\"><span style=\"font-size: x-large;\"><span style=\"font-variant: normal;\"><span style=\"font-family: Book Antiqua, serif;\"><span style=\"letter-spacing: normal;\"><span style=\"font-style: normal;\"><b>Matka<br \/>\nBo\u017ca Kode\u0144ska, <\/b><\/span><\/span><\/span><\/span><span style=\"font-variant: normal;\"><span style=\"font-family: Book Antiqua, serif;\"><span style=\"letter-spacing: normal;\"><span style=\"font-style: normal;\"><span style=\"font-weight: normal;\">kt\u00f3rej<br \/>\nwspomnienie dzi\u015b prze\u017cywamy <\/span><\/span><\/span><\/span><\/span><span style=\"font-variant: normal;\"><span style=\"font-family: Book Antiqua, serif;\"><span style=\"letter-spacing: normal;\"><span style=\"font-style: normal;\"><span style=\"font-weight: normal;\">w<br \/>\nDiecezji siedleckiej<\/span><\/span><\/span><\/span><\/span><span style=\"font-variant: normal;\"><span style=\"font-family: Book Antiqua, serif;\"><span style=\"letter-spacing: normal;\"><span style=\"font-style: normal;\"><span style=\"font-weight: normal;\">,<br \/>\nw swoim Sanktuarium <\/span><\/span><\/span><\/span><\/span><span style=\"font-variant: normal;\"><span style=\"font-family: Book Antiqua, serif;\"><span style=\"letter-spacing: normal;\"><span style=\"font-style: normal;\"><span style=\"font-weight: normal;\">pomaga<br \/>\nludziom w dokonywaniu takiej w\u0142a\u015bnie przemiany<\/span><\/span><\/span><\/span><\/span><span style=\"font-variant: normal;\"><span style=\"font-family: Book Antiqua, serif;\"><span style=\"letter-spacing: normal;\"><span style=\"font-style: normal;\"><span style=\"font-weight: normal;\">.<br \/>\nW tym \u015bwi\u0119tym miejscu wyprasza Ona naprawd\u0119 niezwyk\u0142e \u0142aski tym,<br \/>\nkt\u00f3rzy t<\/span><\/span><\/span><\/span><\/span><span style=\"font-variant: normal;\"><span style=\"font-family: Book Antiqua, serif;\"><span style=\"letter-spacing: normal;\"><span style=\"font-style: normal;\"><span style=\"font-weight: normal;\">am<\/span><\/span><\/span><\/span><\/span><span style=\"font-variant: normal;\"><span style=\"font-family: Book Antiqua, serif;\"><span style=\"letter-spacing: normal;\"><span style=\"font-style: normal;\"><span style=\"font-weight: normal;\"><br \/>\np<\/span><\/span><\/span><\/span><\/span><span style=\"font-variant: normal;\"><span style=\"font-family: Book Antiqua, serif;\"><span style=\"letter-spacing: normal;\"><span style=\"font-style: normal;\"><span style=\"font-weight: normal;\">ielgrzymuj\u0105<br \/>\n\u2013<\/span><\/span><\/span><\/span><\/span><span style=\"font-variant: normal;\"><span style=\"font-family: Book Antiqua, serif;\"><span style=\"letter-spacing: normal;\"><span style=\"font-style: normal;\"><span style=\"font-weight: normal;\"><br \/>\nfizycznie lub duchowo. C\u00f3\u017c mo\u017cemy powiedzie\u0107 o tym wyj\u0105tkowym<br \/>\nmiejscu?<\/span><\/span><\/span><\/span><\/span><\/span><\/span><\/div>\n<div align=\"justify\" style=\"background: transparent; line-height: 150%; margin-bottom: 0cm; page-break-before: auto; text-indent: 1.3cm;\">\n<span style=\"font-size: x-large;\"><span style=\"color: black;\"><span style=\"font-variant: normal;\"><span style=\"font-family: Book Antiqua, serif;\"><span style=\"letter-spacing: normal;\"><span style=\"font-style: normal;\"><span style=\"font-weight: normal;\">Znajduje<br \/>\nsi\u0119 ono w <\/span><\/span><\/span><\/span><\/span><span style=\"font-variant: normal;\"><span style=\"font-family: Book Antiqua, serif;\"><span style=\"letter-spacing: normal;\"><span style=\"font-style: normal;\"><span style=\"font-weight: normal;\">p\u00f3\u0142nocno\u2013wschodni<\/span><\/span><\/span><\/span><\/span><span style=\"font-variant: normal;\"><span style=\"font-family: Book Antiqua, serif;\"><span style=\"letter-spacing: normal;\"><span style=\"font-style: normal;\"><span style=\"font-weight: normal;\">ej<\/span><\/span><\/span><\/span><\/span><span style=\"font-variant: normal;\"><span style=\"font-family: Book Antiqua, serif;\"><span style=\"letter-spacing: normal;\"><span style=\"font-style: normal;\"><span style=\"font-weight: normal;\"><br \/>\ncz\u0119\u015b<\/span><\/span><\/span><\/span><\/span><span style=\"font-variant: normal;\"><span style=\"font-family: Book Antiqua, serif;\"><span style=\"letter-spacing: normal;\"><span style=\"font-style: normal;\"><span style=\"font-weight: normal;\">ci<\/span><\/span><\/span><\/span><\/span><span style=\"font-variant: normal;\"><span style=\"font-family: Book Antiqua, serif;\"><span style=\"letter-spacing: normal;\"><span style=\"font-style: normal;\"><span style=\"font-weight: normal;\"><br \/>\nwojew\u00f3dztwa lubelskiego, <\/span><\/span><\/span><\/span><\/span><span style=\"font-variant: normal;\"><span style=\"font-family: Book Antiqua, serif;\"><span style=\"letter-spacing: normal;\"><span style=\"font-style: normal;\"><b>w<\/b><\/span><\/span><\/span><\/span><span style=\"font-variant: normal;\"><span style=\"font-family: Book Antiqua, serif;\"><span style=\"letter-spacing: normal;\"><span style=\"font-style: normal;\"><b><br \/>\n<\/b><\/span><\/span><\/span><\/span><span style=\"font-family: Book Antiqua, serif;\"><b>K<\/b><\/span><span style=\"font-variant: normal;\"><span style=\"font-family: Book Antiqua, serif;\"><span style=\"letter-spacing: normal;\"><span style=\"font-style: normal;\"><b>odni<\/b><\/span><\/span><\/span><\/span><span style=\"font-variant: normal;\"><span style=\"font-family: Book Antiqua, serif;\"><span style=\"letter-spacing: normal;\"><span style=\"font-style: normal;\"><b>u<\/b><\/span><\/span><\/span><\/span><span style=\"font-variant: normal;\"><span style=\"font-family: Book Antiqua, serif;\"><span style=\"letter-spacing: normal;\"><span style=\"font-style: normal;\"><b><br \/>\nnad Bugiem.<\/b><\/span><\/span><\/span><\/span><span style=\"font-variant: normal;\"><span style=\"font-family: Book Antiqua, serif;\"><span style=\"letter-spacing: normal;\"><span style=\"font-style: normal;\"><span style=\"font-weight: normal;\"><br \/>\n<\/span><\/span><\/span><\/span><\/span><span style=\"font-variant: normal;\"><span style=\"font-family: Book Antiqua, serif;\"><span style=\"letter-spacing: normal;\"><span style=\"font-style: normal;\"><span style=\"font-weight: normal;\">To<br \/>\nw\u0142a\u015bnie tam<\/span><\/span><\/span><\/span><\/span><span style=\"font-variant: normal;\"><span style=\"font-family: Book Antiqua, serif;\"><span style=\"letter-spacing: normal;\"><span style=\"font-style: normal;\"><span style=\"font-weight: normal;\"><br \/>\nznajduje si\u0119 <\/span><\/span><\/span><\/span><\/span><span style=\"font-variant: normal;\"><span style=\"font-family: Book Antiqua, serif;\"><span style=\"letter-spacing: normal;\"><span style=\"font-style: normal;\"><b>S<\/b><\/span><\/span><\/span><\/span><span style=\"font-variant: normal;\"><span style=\"font-family: Book Antiqua, serif;\"><span style=\"letter-spacing: normal;\"><span style=\"font-style: normal;\"><b>anktuarium<br \/>\nNaj\u015bwi\u0119tszej Maryi Panny,<\/b><\/span><\/span><\/span><\/span><span style=\"font-variant: normal;\"><span style=\"font-family: Book Antiqua, serif;\"><span style=\"letter-spacing: normal;\"><span style=\"font-style: normal;\"><span style=\"font-weight: normal;\"><br \/>\n<\/span><\/span><\/span><\/span><\/span><span style=\"font-variant: normal;\"><span style=\"font-family: Book Antiqua, serif;\"><span style=\"letter-spacing: normal;\"><span style=\"font-style: normal;\"><span style=\"font-weight: normal;\">nosz\u0105cej<br \/>\n\u2013 mi\u0119dzy innymi \u2013 tytu\u0142 <\/span><\/span><\/span><\/span><\/span><span style=\"font-variant: normal;\"><span style=\"font-family: Book Antiqua, serif;\"><span style=\"letter-spacing: normal;\"><span style=\"font-style: normal;\"><b>Matki<br \/>\n<\/b><\/span><\/span><\/span><\/span><span style=\"font-variant: normal;\"><span style=\"font-family: Book Antiqua, serif;\"><span style=\"letter-spacing: normal;\"><span style=\"font-style: normal;\"><b>J<\/b><\/span><\/span><\/span><\/span><span style=\"font-variant: normal;\"><span style=\"font-family: Book Antiqua, serif;\"><span style=\"letter-spacing: normal;\"><span style=\"font-style: normal;\"><b>edno\u015bci.<\/b><\/span><\/span><\/span><\/span><span style=\"font-variant: normal;\"><span style=\"font-family: Book Antiqua, serif;\"><span style=\"letter-spacing: normal;\"><span style=\"font-style: normal;\"><span style=\"font-weight: normal;\"><br \/>\nOpiekuj\u0105 si\u0119 nim obecnie <\/span><\/span><\/span><\/span><\/span><span style=\"font-variant: normal;\"><span style=\"font-family: Book Antiqua, serif;\"><span style=\"letter-spacing: normal;\"><span style=\"font-style: normal;\"><span style=\"font-weight: normal;\">M<\/span><\/span><\/span><\/span><\/span><span style=\"font-variant: normal;\"><span style=\"font-family: Book Antiqua, serif;\"><span style=\"letter-spacing: normal;\"><span style=\"font-style: normal;\"><span style=\"font-weight: normal;\">isjonarze<br \/>\n<\/span><\/span><\/span><\/span><\/span><span style=\"font-variant: normal;\"><span style=\"font-family: Book Antiqua, serif;\"><span style=\"letter-spacing: normal;\"><span style=\"font-style: normal;\"><span style=\"font-weight: normal;\">O<\/span><\/span><\/span><\/span><\/span><span style=\"font-variant: normal;\"><span style=\"font-family: Book Antiqua, serif;\"><span style=\"letter-spacing: normal;\"><span style=\"font-style: normal;\"><span style=\"font-weight: normal;\">blaci<br \/>\nMaryi Niepokalanej. <\/span><\/span><\/span><\/span><\/span><\/span><br \/>\n<\/span><\/div>\n<div align=\"justify\" style=\"background: transparent; line-height: 150%; margin-bottom: 0cm; text-indent: 1.3cm;\">\n<span style=\"font-size: x-large;\"><span style=\"color: black;\"><span style=\"font-variant: normal;\"><span style=\"font-family: Book Antiqua, serif;\"><span style=\"letter-spacing: normal;\"><span style=\"font-style: normal;\"><span style=\"font-weight: normal;\">W<br \/>\ng\u0142\u00f3wnym o\u0142tarzu <\/span><\/span><\/span><\/span><\/span><span style=\"font-variant: normal;\"><span style=\"font-family: Book Antiqua, serif;\"><span style=\"letter-spacing: normal;\"><span style=\"font-style: normal;\"><span style=\"font-weight: normal;\">tamtejszego<br \/>\n<\/span><\/span><\/span><\/span><\/span><span style=\"font-variant: normal;\"><span style=\"font-family: Book Antiqua, serif;\"><span style=\"letter-spacing: normal;\"><span style=\"font-style: normal;\"><span style=\"font-weight: normal;\">ko\u015bcio\u0142a<br \/>\nznajduje si\u0119 cudowny <\/span><\/span><\/span><\/span><\/span><span style=\"font-variant: normal;\"><span style=\"font-family: Book Antiqua, serif;\"><span style=\"letter-spacing: normal;\"><span style=\"font-style: normal;\"><span style=\"font-weight: normal;\">o<\/span><\/span><\/span><\/span><\/span><span style=\"font-variant: normal;\"><span style=\"font-family: Book Antiqua, serif;\"><span style=\"letter-spacing: normal;\"><span style=\"font-style: normal;\"><span style=\"font-weight: normal;\">braz<br \/>\nMatki Bo\u017cej, kt\u00f3ry wed\u0142ug tradycji zosta\u0142 namalowany <\/span><\/span><\/span><\/span><\/span><span style=\"font-variant: normal;\"><span style=\"font-family: Book Antiqua, serif;\"><span style=\"letter-spacing: normal;\"><span style=\"font-style: normal;\"><b>w<br \/>\nVI w<\/b><\/span><\/span><\/span><\/span><span style=\"font-variant: normal;\"><span style=\"font-family: Book Antiqua, serif;\"><span style=\"letter-spacing: normal;\"><span style=\"font-style: normal;\"><b>ieku<\/b><\/span><\/span><\/span><\/span><span style=\"font-variant: normal;\"><span style=\"font-family: Book Antiqua, serif;\"><span style=\"letter-spacing: normal;\"><span style=\"font-style: normal;\"><b><br \/>\nprzez <\/b><\/span><\/span><\/span><\/span><span style=\"font-variant: normal;\"><span style=\"font-family: Book Antiqua, serif;\"><span style=\"letter-spacing: normal;\"><span style=\"font-style: normal;\"><b>\u015awi\u0119tego<\/b><\/span><\/span><\/span><\/span><span style=\"font-variant: normal;\"><span style=\"font-family: Book Antiqua, serif;\"><span style=\"letter-spacing: normal;\"><span style=\"font-style: normal;\"><b><br \/>\nAugustyna z Canterbury, na pro\u015bb\u0119 <\/b><\/span><\/span><\/span><\/span><span style=\"font-variant: normal;\"><span style=\"font-family: Book Antiqua, serif;\"><span style=\"letter-spacing: normal;\"><span style=\"font-style: normal;\"><b>P<\/b><\/span><\/span><\/span><\/span><span style=\"font-variant: normal;\"><span style=\"font-family: Book Antiqua, serif;\"><span style=\"letter-spacing: normal;\"><span style=\"font-style: normal;\"><b>apie\u017ca<br \/>\nGrzegorza I,<\/b><\/span><\/span><\/span><\/span><span style=\"font-variant: normal;\"><span style=\"font-family: Book Antiqua, serif;\"><span style=\"letter-spacing: normal;\"><span style=\"font-style: normal;\"><span style=\"font-weight: normal;\"><br \/>\njako kopia rze\u017aby Matki Bo\u017cej, kt\u00f3ra znajdowa\u0142a si\u0119 w jego<br \/>\nprywatnej kaplicy. Papie\u017c postanowi\u0142 podarowa\u0107 rze\u017ab\u0119<br \/>\nLeanderowi, <\/span><\/span><\/span><\/span><\/span><span style=\"font-variant: normal;\"><span style=\"font-family: Book Antiqua, serif;\"><span style=\"letter-spacing: normal;\"><span style=\"font-style: normal;\"><span style=\"font-weight: normal;\">A<\/span><\/span><\/span><\/span><\/span><span style=\"font-variant: normal;\"><span style=\"font-family: Book Antiqua, serif;\"><span style=\"letter-spacing: normal;\"><span style=\"font-style: normal;\"><span style=\"font-weight: normal;\">rcybiskupowi<br \/>\nSewilli, kt\u00f3ry umie\u015bci\u0142 j\u0105 w sanktuarium w Guadalupe, w<br \/>\nHiszpanii. <\/span><\/span><\/span><\/span><\/span><\/span><br \/>\n<\/span><\/div>\n<div align=\"justify\" style=\"background: transparent; line-height: 150%; margin-bottom: 0cm; text-indent: 1.3cm;\">\n<span style=\"font-size: x-large;\"><span style=\"color: black;\"><span style=\"font-variant: normal;\"><span style=\"font-family: Book Antiqua, serif;\"><span style=\"letter-spacing: normal;\"><span style=\"font-style: normal;\"><span style=\"font-weight: normal;\">Obraz<br \/>\nnatomiast pozosta\u0142 w papieskiej kaplicy a\u017c do czas\u00f3w <\/span><\/span><\/span><\/span><\/span><span style=\"font-variant: normal;\"><span style=\"font-family: Book Antiqua, serif;\"><span style=\"letter-spacing: normal;\"><span style=\"font-style: normal;\"><span style=\"font-weight: normal;\">P<\/span><\/span><\/span><\/span><\/span><span style=\"font-variant: normal;\"><span style=\"font-family: Book Antiqua, serif;\"><span style=\"letter-spacing: normal;\"><span style=\"font-style: normal;\"><span style=\"font-weight: normal;\">apie\u017ca<br \/>\nUrbana VIII, gdy <\/span><\/span><\/span><\/span><\/span><span style=\"font-variant: normal;\"><span style=\"font-family: Book Antiqua, serif;\"><span style=\"letter-spacing: normal;\"><span style=\"font-style: normal;\"><b>w<br \/>\n1630 roku mia\u0142 go wykra\u015b\u0107 z Rzymu ksi\u0105\u017c\u0119 Miko\u0142aj Sapieha,<br \/>\nzwany Pobo\u017cnym<\/b><\/span><\/span><\/span><\/span><span style=\"font-variant: normal;\"><span style=\"font-family: Book Antiqua, serif;\"><span style=\"letter-spacing: normal;\"><span style=\"font-style: normal;\"><span style=\"font-weight: normal;\"><br \/>\n\u2013<\/span><\/span><\/span><\/span><\/span><span style=\"font-variant: normal;\"><span style=\"font-family: Book Antiqua, serif;\"><span style=\"letter-spacing: normal;\"><span style=\"font-style: normal;\"><span style=\"font-weight: normal;\"><br \/>\npo tym, jak przed tym w\u0142a\u015bnie <\/span><\/span><\/span><\/span><\/span><span style=\"font-variant: normal;\"><span style=\"font-family: Book Antiqua, serif;\"><span style=\"letter-spacing: normal;\"><span style=\"font-style: normal;\"><span style=\"font-weight: normal;\">O<\/span><\/span><\/span><\/span><\/span><span style=\"font-variant: normal;\"><span style=\"font-family: Book Antiqua, serif;\"><span style=\"letter-spacing: normal;\"><span style=\"font-style: normal;\"><span style=\"font-weight: normal;\">brazem<br \/>\ndozna\u0142 cudownego uzdrowienia. Ca\u0142a ta historia w spos\u00f3b niezwykle<br \/>\nbarwny opisana zosta\u0142a <\/span><\/span><\/span><\/span><\/span><span style=\"font-variant: normal;\"><span style=\"font-family: Book Antiqua, serif;\"><span style=\"letter-spacing: normal;\"><span style=\"font-style: normal;\"><b>przez<br \/>\nZofi\u0119 Kossak \u2013<\/b><\/span><\/span><\/span><\/span><span style=\"font-variant: normal;\"><span style=\"font-family: Book Antiqua, serif;\"><span style=\"letter-spacing: normal;\"><span style=\"font-style: normal;\"><span style=\"font-weight: normal;\"><br \/>\n<\/span><\/span><\/span><\/span><\/span><span style=\"font-variant: normal;\"><span style=\"font-family: Book Antiqua, serif;\"><span style=\"letter-spacing: normal;\"><span style=\"font-style: normal;\"><b>Szczuck\u0105<br \/>\nw powie\u015bci \u201eB\u0142ogos\u0142awiona wina\u201d. <\/b><\/span><\/span><\/span><\/span><span style=\"font-variant: normal;\"><span style=\"font-family: Book Antiqua, serif;\"><span style=\"letter-spacing: normal;\"><span style=\"font-style: normal;\"><span style=\"font-weight: normal;\">Skradziony<br \/>\n<\/span><\/span><\/span><\/span><\/span><span style=\"font-variant: normal;\"><span style=\"font-family: Book Antiqua, serif;\"><span style=\"letter-spacing: normal;\"><span style=\"font-style: normal;\"><span style=\"font-weight: normal;\">O<\/span><\/span><\/span><\/span><\/span><span style=\"font-variant: normal;\"><span style=\"font-family: Book Antiqua, serif;\"><span style=\"letter-spacing: normal;\"><span style=\"font-style: normal;\"><span style=\"font-weight: normal;\">braz<br \/>\n<\/span><\/span><\/span><\/span><\/span><span style=\"font-variant: normal;\"><span style=\"font-family: Book Antiqua, serif;\"><span style=\"letter-spacing: normal;\"><span style=\"font-style: normal;\"><span style=\"font-weight: normal;\">Miko\u0142aj<br \/>\nSapieha <\/span><\/span><\/span><\/span><\/span><span style=\"font-variant: normal;\"><span style=\"font-family: Book Antiqua, serif;\"><span style=\"letter-spacing: normal;\"><span style=\"font-style: normal;\"><span style=\"font-weight: normal;\">umie\u015bci\u0142<br \/>\nw ko\u015bciele <\/span><\/span><\/span><\/span><\/span><span style=\"font-variant: normal;\"><span style=\"font-family: Book Antiqua, serif;\"><span style=\"letter-spacing: normal;\"><span style=\"font-style: normal;\"><span style=\"font-weight: normal;\">\u015awi\u0119tej<\/span><\/span><\/span><\/span><\/span><span style=\"font-variant: normal;\"><span style=\"font-family: Book Antiqua, serif;\"><span style=\"letter-spacing: normal;\"><span style=\"font-style: normal;\"><span style=\"font-weight: normal;\"><br \/>\nAnny w Kodniu, gdzie znajduje si\u0119 do dzi\u015b. <\/span><\/span><\/span><\/span><\/span><\/span><br \/>\n<\/span><\/div>\n<div align=\"justify\" style=\"background: transparent; line-height: 150%; margin-bottom: 0cm; text-indent: 1.3cm;\">\n<span style=\"font-size: x-large;\"><span style=\"color: black;\"><span style=\"font-variant: normal;\"><span style=\"font-family: Book Antiqua, serif;\"><span style=\"letter-spacing: normal;\"><span style=\"font-style: normal;\"><span style=\"font-weight: normal;\">Informacje<br \/>\n<\/span><\/span><\/span><\/span><\/span><span style=\"font-variant: normal;\"><span style=\"font-family: Book Antiqua, serif;\"><span style=\"letter-spacing: normal;\"><span style=\"font-style: normal;\"><span style=\"font-weight: normal;\">powy\u017csze<br \/>\n<\/span><\/span><\/span><\/span><\/span><span style=\"font-variant: normal;\"><span style=\"font-family: Book Antiqua, serif;\"><span style=\"letter-spacing: normal;\"><span style=\"font-style: normal;\"><span style=\"font-weight: normal;\">nie<br \/>\nznajduj\u0105 jednak potwierdzenia w \u017ar\u00f3d\u0142ach historycznych.<br \/>\n<\/span><\/span><\/span><\/span><\/span><span style=\"font-variant: normal;\"><span style=\"font-family: Book Antiqua, serif;\"><span style=\"letter-spacing: normal;\"><span style=\"font-style: normal;\"><span style=\"font-weight: normal;\">Najbardziej<br \/>\nwiarygodn\u0105 wydaje si\u0119 zatem ta wersja, wed\u0142ug kt\u00f3rej <\/span><\/span><\/span><\/span><\/span><span style=\"font-variant: normal;\"><span style=\"font-family: Book Antiqua, serif;\"><span style=\"letter-spacing: normal;\"><span style=\"font-style: normal;\"><b>Obraz<br \/>\nzosta\u0142 przez Miko\u0142aja Sapieh\u0119 zakupiony w Hiszpanii, podczas<br \/>\npielgrzymki.<\/b><\/span><\/span><\/span><\/span><span style=\"font-variant: normal;\"><span style=\"font-family: Book Antiqua, serif;\"><span style=\"letter-spacing: normal;\"><span style=\"font-style: normal;\"><span style=\"font-weight: normal;\"><br \/>\n<\/span><\/span><\/span><\/span><\/span><span style=\"font-variant: normal;\"><span style=\"font-family: Book Antiqua, serif;\"><span style=\"letter-spacing: normal;\"><span style=\"font-style: normal;\"><span style=\"font-weight: normal;\">Na<br \/>\njego pochodzenie w\u0142a\u015bnie z Hiszpanii w<\/span><\/span><\/span><\/span><\/span><span style=\"font-variant: normal;\"><span style=\"font-family: Book Antiqua, serif;\"><span style=\"letter-spacing: normal;\"><span style=\"font-style: normal;\"><span style=\"font-weight: normal;\">skazuje<br \/>\nstyl, typowy dla <\/span><\/span><\/span><\/span><\/span><span style=\"font-variant: normal;\"><span style=\"font-family: Book Antiqua, serif;\"><span style=\"letter-spacing: normal;\"><span style=\"font-style: normal;\"><span style=\"font-weight: normal;\">tamtejszego<br \/>\n<\/span><\/span><\/span><\/span><\/span><span style=\"font-variant: normal;\"><span style=\"font-family: Book Antiqua, serif;\"><span style=\"letter-spacing: normal;\"><span style=\"font-style: normal;\"><span style=\"font-weight: normal;\">malarstwa<br \/>\n<\/span><\/span><\/span><\/span><\/span><span style=\"font-variant: normal;\"><span style=\"font-family: Book Antiqua, serif;\"><span style=\"letter-spacing: normal;\"><span style=\"font-style: normal;\"><span style=\"font-weight: normal;\">w<\/span><\/span><\/span><\/span><\/span><span style=\"font-variant: normal;\"><span style=\"font-family: Book Antiqua, serif;\"><span style=\"letter-spacing: normal;\"><span style=\"font-style: normal;\"><span style=\"font-weight: normal;\"><br \/>\nXVII w<\/span><\/span><\/span><\/span><\/span><span style=\"font-variant: normal;\"><span style=\"font-family: Book Antiqua, serif;\"><span style=\"letter-spacing: normal;\"><span style=\"font-style: normal;\"><span style=\"font-weight: normal;\">ieku<\/span><\/span><\/span><\/span><\/span><span style=\"font-variant: normal;\"><span style=\"font-family: Book Antiqua, serif;\"><span style=\"letter-spacing: normal;\"><span style=\"font-style: normal;\"><span style=\"font-weight: normal;\">.<br \/>\n<\/span><\/span><\/span><\/span><\/span><\/span><br \/>\n<\/span><\/div>\n<div align=\"justify\" style=\"background: transparent; line-height: 150%; margin-bottom: 0cm; text-indent: 1.3cm;\">\n<span style=\"color: black;\"><span style=\"font-size: x-large;\"><span style=\"font-variant: normal;\"><span style=\"font-family: Book Antiqua, serif;\"><span style=\"letter-spacing: normal;\"><span style=\"font-style: normal;\"><span style=\"font-weight: normal;\">Ju\u017c<br \/>\nb\u0119d\u0105c w Kodniu, <\/span><\/span><\/span><\/span><\/span><span style=\"font-variant: normal;\"><span style=\"font-family: Book Antiqua, serif;\"><span style=\"letter-spacing: normal;\"><span style=\"font-style: normal;\"><b>Obraz<br \/>\nzosta\u0142 ukoronowany, 15 sierpnia 1723 roku, przez <\/b><\/span><\/span><\/span><\/span><span style=\"font-variant: normal;\"><span style=\"font-family: Book Antiqua, serif;\"><span style=\"letter-spacing: normal;\"><span style=\"font-style: normal;\"><b>B<\/b><\/span><\/span><\/span><\/span><span style=\"font-variant: normal;\"><span style=\"font-family: Book Antiqua, serif;\"><span style=\"letter-spacing: normal;\"><span style=\"font-style: normal;\"><b>iskupa<br \/>\n\u0142uckiego Stefana Rupniewskiego,<\/b><\/span><\/span><\/span><\/span><span style=\"font-variant: normal;\"><span style=\"font-family: Book Antiqua, serif;\"><span style=\"letter-spacing: normal;\"><span style=\"font-style: normal;\"><span style=\"font-weight: normal;\"><br \/>\njako trzeci z kolei obraz Matki Bo\u017cej na prawie papieskim na<br \/>\nziemiach Rzeczypospolitej \u2013<\/span><\/span><\/span><\/span><\/span><span style=\"font-variant: normal;\"><span style=\"font-family: Book Antiqua, serif;\"><span style=\"letter-spacing: normal;\"><span style=\"font-style: normal;\"><span style=\"font-weight: normal;\"><br \/>\n<\/span><\/span><\/span><\/span><\/span><span style=\"font-variant: normal;\"><span style=\"font-family: Book Antiqua, serif;\"><span style=\"letter-spacing: normal;\"><span style=\"font-style: normal;\"><span style=\"font-weight: normal;\">po<br \/>\nobrazie Matki Bo\u017cej Cz\u0119stochowskiej i Matki Bo\u017cej Trockiej. W<br \/>\nkwietniu 1875 r<\/span><\/span><\/span><\/span><\/span><span style=\"font-variant: normal;\"><span style=\"font-family: Book Antiqua, serif;\"><span style=\"letter-spacing: normal;\"><span style=\"font-style: normal;\"><span style=\"font-weight: normal;\">oku,<\/span><\/span><\/span><\/span><\/span><span style=\"font-variant: normal;\"><span style=\"font-family: Book Antiqua, serif;\"><span style=\"letter-spacing: normal;\"><span style=\"font-style: normal;\"><span style=\"font-weight: normal;\"><br \/>\nko\u015bci\u00f3\u0142 w Kodniu trafi\u0142 w r\u0119ce prawos\u0142awnych, co sprawi\u0142o, \u017ce<br \/>\n<\/span><\/span><\/span><\/span><\/span><span style=\"font-variant: normal;\"><span style=\"font-family: Book Antiqua, serif;\"><span style=\"letter-spacing: normal;\"><span style=\"font-style: normal;\"><b>od<br \/>\nsierpnia <\/b><\/span><\/span><\/span><\/span><span style=\"font-variant: normal;\"><span style=\"font-family: Book Antiqua, serif;\"><span style=\"letter-spacing: normal;\"><span style=\"font-style: normal;\"><b>tego<\/b><\/span><\/span><\/span><\/span><span style=\"font-variant: normal;\"><span style=\"font-family: Book Antiqua, serif;\"><span style=\"letter-spacing: normal;\"><span style=\"font-style: normal;\"><b>\u017c<\/b><\/span><\/span><\/span><\/span><span style=\"font-variant: normal;\"><span style=\"font-family: Book Antiqua, serif;\"><span style=\"letter-spacing: normal;\"><span style=\"font-style: normal;\"><b><br \/>\n<\/b><\/span><\/span><\/span><\/span><span style=\"font-variant: normal;\"><span style=\"font-family: Book Antiqua, serif;\"><span style=\"letter-spacing: normal;\"><span style=\"font-style: normal;\"><b>1875<br \/>\n<\/b><\/span><\/span><\/span><\/span><span style=\"font-variant: normal;\"><span style=\"font-family: Book Antiqua, serif;\"><span style=\"letter-spacing: normal;\"><span style=\"font-style: normal;\"><b>roku<\/b><\/span><\/span><\/span><\/span><span style=\"font-variant: normal;\"><span style=\"font-family: Book Antiqua, serif;\"><span style=\"letter-spacing: normal;\"><span style=\"font-style: normal;\"><b><br \/>\ndo wrze\u015bnia 1927 r<\/b><\/span><\/span><\/span><\/span><span style=\"font-variant: normal;\"><span style=\"font-family: Book Antiqua, serif;\"><span style=\"letter-spacing: normal;\"><span style=\"font-style: normal;\"><b>oku,<\/b><\/span><\/span><\/span><\/span><span style=\"font-variant: normal;\"><span style=\"font-family: Book Antiqua, serif;\"><span style=\"letter-spacing: normal;\"><span style=\"font-style: normal;\"><b><br \/>\n<\/b><\/span><\/span><\/span><\/span><span style=\"font-variant: normal;\"><span style=\"font-family: Book Antiqua, serif;\"><span style=\"letter-spacing: normal;\"><span style=\"font-style: normal;\"><b>O<\/b><\/span><\/span><\/span><\/span><span style=\"font-variant: normal;\"><span style=\"font-family: Book Antiqua, serif;\"><span style=\"letter-spacing: normal;\"><span style=\"font-style: normal;\"><b>braz<br \/>\nznajdowa\u0142 si\u0119 na Jasnej G\u00f3rze.<\/b><\/span><\/span><\/span><\/span><span style=\"font-variant: normal;\"><span style=\"font-family: Book Antiqua, serif;\"><span style=\"letter-spacing: normal;\"><span style=\"font-style: normal;\"><span style=\"font-weight: normal;\"><br \/>\n<\/span><\/span><\/span><\/span><\/span><span style=\"font-variant: normal;\"><span style=\"font-family: Book Antiqua, serif;\"><span style=\"letter-spacing: normal;\"><span style=\"font-style: normal;\"><span style=\"font-weight: normal;\">Pami\u0105tk\u0105<br \/>\ntego pobytu jest <\/span><\/span><\/span><\/span><\/span><span style=\"font-variant: normal;\"><span style=\"font-family: Book Antiqua, serif;\"><span style=\"letter-spacing: normal;\"><span style=\"font-style: normal;\"><span style=\"font-weight: normal;\">jego<br \/>\n<\/span><\/span><\/span><\/span><\/span><span style=\"font-variant: normal;\"><span style=\"font-family: Book Antiqua, serif;\"><span style=\"letter-spacing: normal;\"><span style=\"font-style: normal;\"><span style=\"font-weight: normal;\">kopia,<br \/>\numieszczona w jasnog\u00f3rskim Wieczerniku.<\/span><\/span><\/span><\/span><\/span><\/span><\/span><\/div>\n<div align=\"justify\" style=\"background: transparent; line-height: 150%; margin-bottom: 0cm; text-indent: 1.3cm;\">\n<span style=\"color: black;\"><span style=\"font-size: x-large;\"><span style=\"font-variant: normal;\"><span style=\"font-family: Book Antiqua, serif;\"><span style=\"letter-spacing: normal;\"><span style=\"font-style: normal;\"><b>Do<br \/>\nKodnia powr\u00f3ci\u0142 w dniach 3 i 4 wrze\u015bnia 1927 roku, wieziony<br \/>\nuroczy\u015bcie przez Warszaw\u0119.<\/b><\/span><\/span><\/span><\/span><span style=\"font-variant: normal;\"><span style=\"font-family: Book Antiqua, serif;\"><span style=\"letter-spacing: normal;\"><span style=\"font-style: normal;\"><span style=\"font-weight: normal;\"><br \/>\nW 1973 roku, <\/span><\/span><\/span><\/span><\/span><span style=\"font-variant: normal;\"><span style=\"font-family: Book Antiqua, serif;\"><span style=\"letter-spacing: normal;\"><span style=\"font-style: normal;\"><span style=\"font-weight: normal;\">Papie\u017c<br \/>\n<\/span><\/span><\/span><\/span><\/span><span style=\"font-variant: normal;\"><span style=\"font-family: Book Antiqua, serif;\"><span style=\"letter-spacing: normal;\"><span style=\"font-style: normal;\"><span style=\"font-weight: normal;\">Pawe\u0142<br \/>\nVI nada\u0142 \u015bwi\u0105tyni <\/span><\/span><\/span><\/span><\/span><span style=\"font-variant: normal;\"><span style=\"font-family: Book Antiqua, serif;\"><span style=\"letter-spacing: normal;\"><span style=\"font-style: normal;\"><span style=\"font-weight: normal;\">kode\u0144skiej<\/span><\/span><\/span><\/span><\/span><span style=\"font-variant: normal;\"><span style=\"font-family: Book Antiqua, serif;\"><span style=\"letter-spacing: normal;\"><span style=\"font-style: normal;\"><span style=\"font-weight: normal;\"><br \/>\ntytu\u0142 <\/span><\/span><\/span><\/span><\/span><span style=\"font-variant: normal;\"><span style=\"font-family: Book Antiqua, serif;\"><span style=\"letter-spacing: normal;\"><span style=\"font-style: normal;\"><span style=\"font-weight: normal;\">B<\/span><\/span><\/span><\/span><\/span><span style=\"font-variant: normal;\"><span style=\"font-family: Book Antiqua, serif;\"><span style=\"letter-spacing: normal;\"><span style=\"font-style: normal;\"><span style=\"font-weight: normal;\">azyliki<br \/>\n<\/span><\/span><\/span><\/span><\/span><span style=\"font-variant: normal;\"><span style=\"font-family: Book Antiqua, serif;\"><span style=\"letter-spacing: normal;\"><span style=\"font-style: normal;\"><span style=\"font-weight: normal;\">M<\/span><\/span><\/span><\/span><\/span><span style=\"font-variant: normal;\"><span style=\"font-family: Book Antiqua, serif;\"><span style=\"letter-spacing: normal;\"><span style=\"font-style: normal;\"><span style=\"font-weight: normal;\">niejszej,<br \/>\n<\/span><\/span><\/span><\/span><\/span><span style=\"font-variant: normal;\"><span style=\"font-family: Book Antiqua, serif;\"><span style=\"letter-spacing: normal;\"><span style=\"font-style: normal;\"><span style=\"font-weight: normal;\">a<\/span><\/span><\/span><\/span><\/span><span style=\"font-variant: normal;\"><span style=\"font-family: Book Antiqua, serif;\"><span style=\"letter-spacing: normal;\"><span style=\"font-style: normal;\"><b><br \/>\nPapie\u017c Jan Pawe\u0142 II, <\/b><\/span><\/span><\/span><\/span><span style=\"font-variant: normal;\"><span style=\"font-family: Book Antiqua, serif;\"><span style=\"letter-spacing: normal;\"><span style=\"font-style: normal;\"><b>w<br \/>\n1997 roku, zatwierdzi\u0142 tytu\u0142 Matki Bo\u017cej Kode\u0144skiej jako Matki<br \/>\nJedno\u015bci.<\/b><\/span><\/span><\/span><\/span><span style=\"font-variant: normal;\"><span style=\"font-family: Book Antiqua, serif;\"><span style=\"letter-spacing: normal;\"><span style=\"font-style: normal;\"><span style=\"font-weight: normal;\"><br \/>\nObecnie Kode\u0144 jest najbardziej znanym o\u015brodkiem kultu <\/span><\/span><\/span><\/span><\/span><span style=\"font-variant: normal;\"><span style=\"font-family: Book Antiqua, serif;\"><span style=\"letter-spacing: normal;\"><span style=\"font-style: normal;\"><span style=\"font-weight: normal;\">M<\/span><\/span><\/span><\/span><\/span><span style=\"font-variant: normal;\"><span style=\"font-family: Book Antiqua, serif;\"><span style=\"letter-spacing: normal;\"><span style=\"font-style: normal;\"><span style=\"font-weight: normal;\">aryjnego<br \/>\nna Podlasiu oraz miejscem spotka\u0144 ekumenicznych. Rocznie p<\/span><\/span><\/span><\/span><\/span><span style=\"font-variant: normal;\"><span style=\"font-family: Book Antiqua, serif;\"><span style=\"letter-spacing: normal;\"><span style=\"font-style: normal;\"><span style=\"font-weight: normal;\">rzybywa<br \/>\ntu <\/span><\/span><\/span><\/span><\/span><span style=\"font-variant: normal;\"><span style=\"font-family: Book Antiqua, serif;\"><span style=\"letter-spacing: normal;\"><span style=\"font-style: normal;\"><span style=\"font-weight: normal;\">ponad<br \/>\n<\/span><\/span><\/span><\/span><\/span><span style=\"font-variant: normal;\"><span style=\"font-family: Book Antiqua, serif;\"><span style=\"letter-spacing: normal;\"><span style=\"font-style: normal;\"><span style=\"font-weight: normal;\">dwie\u015bcie<br \/>\ntysi\u0119cy<\/span><\/span><\/span><\/span><\/span><span style=\"font-variant: normal;\"><span style=\"font-family: Book Antiqua, serif;\"><span style=\"letter-spacing: normal;\"><span style=\"font-style: normal;\"><span style=\"font-weight: normal;\"><br \/>\npielgrzym\u00f3w.<\/span><\/span><\/span><\/span><\/span><\/span><\/span><\/div>\n<div align=\"justify\" style=\"background: transparent; line-height: 150%; margin-bottom: 0cm; text-indent: 1.3cm;\">\n<span style=\"font-size: x-large;\"><span style=\"color: black;\"><span style=\"font-variant: normal;\"><span style=\"font-family: Book Antiqua, serif;\"><span style=\"letter-spacing: normal;\"><span style=\"font-style: normal;\"><span style=\"font-weight: normal;\">M<\/span><\/span><\/span><\/span><\/span><span style=\"font-variant: normal;\"><span style=\"font-family: Book Antiqua, serif;\"><span style=\"letter-spacing: normal;\"><span style=\"font-style: normal;\"><span style=\"font-weight: normal;\">oi<br \/>\nDrodzy, <\/span><\/span><\/span><\/span><\/span><span style=\"font-variant: normal;\"><span style=\"font-family: Book Antiqua, serif;\"><span style=\"letter-spacing: normal;\"><span style=\"font-style: normal;\"><b>i<br \/>\nmy tam pielgrzymujmy: <\/b><\/span><\/span><\/span><\/span><span style=\"font-variant: normal;\"><span style=\"font-family: Book Antiqua, serif;\"><span style=\"letter-spacing: normal;\"><span style=\"font-style: normal;\"><span style=\"font-weight: normal;\">codziennie<br \/>\npod\u0105\u017cajmy tam duchowo, a kiedy to b\u0119dzie tylko mo\u017cliwe \u2013 tak\u017ce<br \/>\nfizycznie. Po co? Czy po to, \u017ceby <\/span><\/span><\/span><\/span><\/span><span style=\"font-variant: normal;\"><span style=\"font-family: Book Antiqua, serif;\"><span style=\"letter-spacing: normal;\"><span style=\"font-style: normal;\"><b>zachwyci\u0107<br \/>\nsi\u0119 dostoje\u0144stwem majestatycznego <\/b><\/span><\/span><\/span><\/span><span style=\"font-variant: normal;\"><span style=\"font-family: Book Antiqua, serif;\"><span style=\"letter-spacing: normal;\"><span style=\"font-style: normal;\"><b>O<\/b><\/span><\/span><\/span><\/span><span style=\"font-variant: normal;\"><span style=\"font-family: Book Antiqua, serif;\"><span style=\"letter-spacing: normal;\"><span style=\"font-style: normal;\"><b>brazu<\/b><\/span><\/span><\/span><\/span><span style=\"font-variant: normal;\"><span style=\"font-family: Book Antiqua, serif;\"><span style=\"letter-spacing: normal;\"><span style=\"font-style: normal;\"><span style=\"font-weight: normal;\"><br \/>\n(bo rzeczywi\u015bcie, jest majestatyczny), albo <\/span><\/span><\/span><\/span><\/span><span style=\"font-variant: normal;\"><span style=\"font-family: Book Antiqua, serif;\"><span style=\"letter-spacing: normal;\"><span style=\"font-style: normal;\"><b>pi\u0119knem<br \/>\nokolicy<\/b><\/span><\/span><\/span><\/span><span style=\"font-variant: normal;\"><span style=\"font-family: Book Antiqua, serif;\"><span style=\"letter-spacing: normal;\"><span style=\"font-style: normal;\"><span style=\"font-weight: normal;\"><br \/>\n(bo rzeczywi\u015bcie, otoczenie jest tam pi\u0119kne), albo dla <\/span><\/span><\/span><\/span><\/span><span style=\"font-variant: normal;\"><span style=\"font-family: Book Antiqua, serif;\"><span style=\"letter-spacing: normal;\"><span style=\"font-style: normal;\"><b>zakupienia<br \/>\nreligijnych pami\u0105tek<\/b><\/span><\/span><\/span><\/span><span style=\"font-variant: normal;\"><span style=\"font-family: Book Antiqua, serif;\"><span style=\"letter-spacing: normal;\"><span style=\"font-style: normal;\"><span style=\"font-weight: normal;\"><br \/>\n(bo rzeczywi\u015bcie, jest tam co kupi\u0107)?\u2026 Owszem, to wszystko jest<br \/>\nwa\u017cne. <\/span><\/span><\/span><\/span><\/span><\/span><br \/>\n<\/span><\/div>\n<div align=\"justify\" style=\"background: transparent; line-height: 150%; margin-bottom: 0cm; text-indent: 1.3cm;\">\n<span style=\"font-size: x-large;\"><span style=\"color: black;\"><span style=\"font-variant: normal;\"><span style=\"font-family: Book Antiqua, serif;\"><span style=\"letter-spacing: normal;\"><span style=\"font-style: normal;\"><span style=\"font-weight: normal;\">Ale<br \/>\nnajwa\u017cniejszym jest \u2013 nawi\u0105zanie <\/span><\/span><\/span><\/span><\/span><span style=\"font-variant: normal;\"><span style=\"font-family: Book Antiqua, serif;\"><span style=\"letter-spacing: normal;\"><span style=\"font-style: normal;\"><b>jeszcze<br \/>\ng\u0142\u0119bszej, jak najg\u0142\u0119bszej, wi\u0119zi z Jezusem! <\/b><\/span><\/span><\/span><\/span><span style=\"font-variant: normal;\"><span style=\"font-family: Book Antiqua, serif;\"><span style=\"letter-spacing: normal;\"><span style=\"font-style: normal;\"><span style=\"font-weight: normal;\">Pielgrzymujmy<br \/>\ntam po to, aby ws\u0142ucha\u0107 si\u0119 w g\u0142os Jego i naszej Matki \u2013 i<br \/>\nradykalnie, zdecydowanie <\/span><\/span><\/span><\/span><\/span><span style=\"font-variant: normal;\"><span style=\"font-family: Book Antiqua, serif;\"><span style=\"letter-spacing: normal;\"><span style=\"font-style: normal;\"><b>wybra\u0107<br \/>\nraz jeszcze Jezusa <\/b><\/span><\/span><\/span><\/span><span style=\"font-variant: normal;\"><span style=\"font-family: Book Antiqua, serif;\"><span style=\"letter-spacing: normal;\"><span style=\"font-style: normal;\"><span style=\"font-weight: normal;\">jako<br \/>\nswojego Pana, Przewodnika, Zbawiciela, Przyjaciela \u2013 <\/span><\/span><\/span><\/span><\/span><span style=\"font-variant: normal;\"><span style=\"font-family: Book Antiqua, serif;\"><span style=\"letter-spacing: normal;\"><span style=\"font-style: normal;\"><span style=\"font-weight: normal;\">dokona\u0107<br \/>\njakiej\u015b konkretnej przemiany w swoim \u017cyciu. <\/span><\/span><\/span><\/span><\/span><span style=\"font-variant: normal;\"><span style=\"font-family: Book Antiqua, serif;\"><span style=\"letter-spacing: normal;\"><span style=\"font-style: normal;\"><span style=\"font-weight: normal;\"><br \/>\nPo to tam pielgrzymujmy! <\/span><\/span><\/span><\/span><\/span><\/span><br \/>\n<\/span><\/div>\n<div align=\"justify\" style=\"background: transparent; font-style: normal; font-variant: normal; letter-spacing: normal; line-height: 150%; margin-bottom: 0cm; text-indent: 1.3cm;\">\n<span style=\"color: black;\"><span style=\"font-family: Book Antiqua, serif;\"><span style=\"font-size: x-large;\"><b>Pod\u0105\u017cajmy<br \/>\ntam \u2013 codziennie\u2026<\/b><\/span><\/span><\/span><\/div>\n","protected":false},"excerpt":{"rendered":"<p>Szcz\u0119\u015b\u0107 Bo\u017ce! Moi Drodzy, w dniu dzisiejszym urodziny \u2013 i to czterdzieste! \u2013 prze\u017cywa Ksi\u0105dz Wies\u0142aw Mu\u0107ka, pochodz\u0105cy z Parafii mojego pierwszego wikariatu, czyli z Radory\u017ca Ko\u015bcielnego. Obecnie jest Dyrektorem Zespo\u0142u Szk\u00f3\u0142 Katolickich w moim rodzinnym mie\u015bcie, Bia\u0142ej Podlaskiej. Urodziny prze\u017cywa tak\u017ce Joanna Centkowska, nale\u017c\u0105ca w swoim czasie do jednej z m\u0142odzie\u017cowych Wsp\u00f3lnot. \u017bycz\u0119 Dostojnym [&hellip;]<\/p>\n","protected":false},"author":1,"featured_media":0,"comment_status":"open","ping_status":"open","sticky":false,"template":"","format":"standard","meta":{"jetpack_post_was_ever_published":false,"_jetpack_newsletter_access":"","_jetpack_dont_email_post_to_subs":false,"_jetpack_newsletter_tier_id":0,"_jetpack_memberships_contains_paywalled_content":false,"_jetpack_memberships_contains_paid_content":false,"footnotes":""},"categories":[1],"tags":[],"class_list":["post-14553","post","type-post","status-publish","format-standard","hentry","category-bez-kategorii"],"yoast_head":"<!-- This site is optimized with the Yoast SEO plugin v25.1 - https:\/\/yoast.com\/wordpress\/plugins\/seo\/ -->\n<title>B\u00f3g wci\u0105\u017c daje szans\u0119! - Gaudium Et Spes<\/title>\n<meta name=\"robots\" content=\"index, follow, max-snippet:-1, max-image-preview:large, max-video-preview:-1\" \/>\n<link rel=\"canonical\" href=\"https:\/\/gaudiumetspes-blog.pl\/index.php\/2019\/07\/02\/bog-wciaz-daje-szanse\/\" \/>\n<meta property=\"og:locale\" content=\"pl_PL\" \/>\n<meta property=\"og:type\" content=\"article\" \/>\n<meta property=\"og:title\" content=\"B\u00f3g wci\u0105\u017c daje szans\u0119! - Gaudium Et Spes\" \/>\n<meta property=\"og:description\" content=\"Szcz\u0119\u015b\u0107 Bo\u017ce! Moi Drodzy, w dniu dzisiejszym urodziny \u2013 i to czterdzieste! \u2013 prze\u017cywa Ksi\u0105dz Wies\u0142aw Mu\u0107ka, pochodz\u0105cy z Parafii mojego pierwszego wikariatu, czyli z Radory\u017ca Ko\u015bcielnego. Obecnie jest Dyrektorem Zespo\u0142u Szk\u00f3\u0142 Katolickich w moim rodzinnym mie\u015bcie, Bia\u0142ej Podlaskiej. Urodziny prze\u017cywa tak\u017ce Joanna Centkowska, nale\u017c\u0105ca w swoim czasie do jednej z m\u0142odzie\u017cowych Wsp\u00f3lnot. \u017bycz\u0119 Dostojnym [&hellip;]\" \/>\n<meta property=\"og:url\" content=\"https:\/\/gaudiumetspes-blog.pl\/index.php\/2019\/07\/02\/bog-wciaz-daje-szanse\/\" \/>\n<meta property=\"og:site_name\" content=\"Gaudium Et Spes\" \/>\n<meta property=\"article:published_time\" content=\"2019-07-02T04:53:00+00:00\" \/>\n<meta property=\"article:modified_time\" content=\"2019-07-31T11:04:39+00:00\" \/>\n<meta name=\"author\" content=\"Ks. Jacek\" \/>\n<meta name=\"twitter:card\" content=\"summary_large_image\" \/>\n<meta name=\"twitter:label1\" content=\"Napisane przez\" \/>\n\t<meta name=\"twitter:data1\" content=\"Ks. Jacek\" \/>\n\t<meta name=\"twitter:label2\" content=\"Szacowany czas czytania\" \/>\n\t<meta name=\"twitter:data2\" content=\"11 minut\" \/>\n<script type=\"application\/ld+json\" class=\"yoast-schema-graph\">{\"@context\":\"https:\/\/schema.org\",\"@graph\":[{\"@type\":\"WebPage\",\"@id\":\"https:\/\/gaudiumetspes-blog.pl\/index.php\/2019\/07\/02\/bog-wciaz-daje-szanse\/\",\"url\":\"https:\/\/gaudiumetspes-blog.pl\/index.php\/2019\/07\/02\/bog-wciaz-daje-szanse\/\",\"name\":\"B\u00f3g wci\u0105\u017c daje szans\u0119! - Gaudium Et Spes\",\"isPartOf\":{\"@id\":\"https:\/\/gaudiumetspes-blog.pl\/#website\"},\"datePublished\":\"2019-07-02T04:53:00+00:00\",\"dateModified\":\"2019-07-31T11:04:39+00:00\",\"author\":{\"@id\":\"https:\/\/gaudiumetspes-blog.pl\/#\/schema\/person\/1661982992b752dea8dff0d4ed845a65\"},\"breadcrumb\":{\"@id\":\"https:\/\/gaudiumetspes-blog.pl\/index.php\/2019\/07\/02\/bog-wciaz-daje-szanse\/#breadcrumb\"},\"inLanguage\":\"pl-PL\",\"potentialAction\":[{\"@type\":\"ReadAction\",\"target\":[\"https:\/\/gaudiumetspes-blog.pl\/index.php\/2019\/07\/02\/bog-wciaz-daje-szanse\/\"]}]},{\"@type\":\"BreadcrumbList\",\"@id\":\"https:\/\/gaudiumetspes-blog.pl\/index.php\/2019\/07\/02\/bog-wciaz-daje-szanse\/#breadcrumb\",\"itemListElement\":[{\"@type\":\"ListItem\",\"position\":1,\"name\":\"Strona g\u0142\u00f3wna\",\"item\":\"https:\/\/gaudiumetspes-blog.pl\/\"},{\"@type\":\"ListItem\",\"position\":2,\"name\":\"B\u00f3g wci\u0105\u017c daje szans\u0119!\"}]},{\"@type\":\"WebSite\",\"@id\":\"https:\/\/gaudiumetspes-blog.pl\/#website\",\"url\":\"https:\/\/gaudiumetspes-blog.pl\/\",\"name\":\"Gaudium Et Spes\",\"description\":\"Blog Ks. Jacka Ja\u015bkowskiego\",\"potentialAction\":[{\"@type\":\"SearchAction\",\"target\":{\"@type\":\"EntryPoint\",\"urlTemplate\":\"https:\/\/gaudiumetspes-blog.pl\/?s={search_term_string}\"},\"query-input\":{\"@type\":\"PropertyValueSpecification\",\"valueRequired\":true,\"valueName\":\"search_term_string\"}}],\"inLanguage\":\"pl-PL\"},{\"@type\":\"Person\",\"@id\":\"https:\/\/gaudiumetspes-blog.pl\/#\/schema\/person\/1661982992b752dea8dff0d4ed845a65\",\"name\":\"Ks. Jacek\",\"image\":{\"@type\":\"ImageObject\",\"inLanguage\":\"pl-PL\",\"@id\":\"https:\/\/gaudiumetspes-blog.pl\/#\/schema\/person\/image\/\",\"url\":\"https:\/\/gaudiumetspes-blog.pl\/wp-content\/uploads\/2019\/07\/avatar-JJ-150x150.jpg\",\"contentUrl\":\"https:\/\/gaudiumetspes-blog.pl\/wp-content\/uploads\/2019\/07\/avatar-JJ-150x150.jpg\",\"caption\":\"Ks. Jacek\"},\"description\":\"Witam serdecznie! K\u0142ania si\u0119 Ks. Jacek Ja\u015bkowski. Nie jestem ani kim\u015b wa\u017cnym, ani kim\u015b znanym. Jestem ksi\u0119dzem, kt\u00f3ry po prostu chce rozmawia\u0107. Codzienna kap\u0142a\u0144ska pos\u0142uga pokazuje mi, \u017ce temat\u00f3w do rozm\u00f3w z ksi\u0119dzem jest coraz wi\u0119cej i dzisiaj \u017caden ksi\u0105dz nie mo\u017ce od nich ucieka\u0107, ale - wprost przeciwnie - podejmowa\u0107 nowe wyzwania. To przekonanie sk\u0142oni\u0142o mnie do pr\u00f3by otwarcia tego\u017c bloga, chocia\u017c okazji do rozm\u00f3w na co dzie\u0144 - w konfesjonale i poza nim - na szcz\u0119\u015bcie nie brakuje. My\u015bl\u0119 jednak, \u017ce ten blog b\u0119dzie jeszcze jednym sposobem i przestrzeni\u0105 nawi\u0105zania kontaktu z lud\u017ami dobrej woli, otwartymi na dialog.\",\"url\":\"https:\/\/gaudiumetspes-blog.pl\/index.php\/author\/ks-jacek\/\"}]}<\/script>\n<!-- \/ Yoast SEO plugin. -->","yoast_head_json":{"title":"B\u00f3g wci\u0105\u017c daje szans\u0119! - Gaudium Et Spes","robots":{"index":"index","follow":"follow","max-snippet":"max-snippet:-1","max-image-preview":"max-image-preview:large","max-video-preview":"max-video-preview:-1"},"canonical":"https:\/\/gaudiumetspes-blog.pl\/index.php\/2019\/07\/02\/bog-wciaz-daje-szanse\/","og_locale":"pl_PL","og_type":"article","og_title":"B\u00f3g wci\u0105\u017c daje szans\u0119! - Gaudium Et Spes","og_description":"Szcz\u0119\u015b\u0107 Bo\u017ce! Moi Drodzy, w dniu dzisiejszym urodziny \u2013 i to czterdzieste! \u2013 prze\u017cywa Ksi\u0105dz Wies\u0142aw Mu\u0107ka, pochodz\u0105cy z Parafii mojego pierwszego wikariatu, czyli z Radory\u017ca Ko\u015bcielnego. Obecnie jest Dyrektorem Zespo\u0142u Szk\u00f3\u0142 Katolickich w moim rodzinnym mie\u015bcie, Bia\u0142ej Podlaskiej. Urodziny prze\u017cywa tak\u017ce Joanna Centkowska, nale\u017c\u0105ca w swoim czasie do jednej z m\u0142odzie\u017cowych Wsp\u00f3lnot. \u017bycz\u0119 Dostojnym [&hellip;]","og_url":"https:\/\/gaudiumetspes-blog.pl\/index.php\/2019\/07\/02\/bog-wciaz-daje-szanse\/","og_site_name":"Gaudium Et Spes","article_published_time":"2019-07-02T04:53:00+00:00","article_modified_time":"2019-07-31T11:04:39+00:00","author":"Ks. Jacek","twitter_card":"summary_large_image","twitter_misc":{"Napisane przez":"Ks. Jacek","Szacowany czas czytania":"11 minut"},"schema":{"@context":"https:\/\/schema.org","@graph":[{"@type":"WebPage","@id":"https:\/\/gaudiumetspes-blog.pl\/index.php\/2019\/07\/02\/bog-wciaz-daje-szanse\/","url":"https:\/\/gaudiumetspes-blog.pl\/index.php\/2019\/07\/02\/bog-wciaz-daje-szanse\/","name":"B\u00f3g wci\u0105\u017c daje szans\u0119! - Gaudium Et Spes","isPartOf":{"@id":"https:\/\/gaudiumetspes-blog.pl\/#website"},"datePublished":"2019-07-02T04:53:00+00:00","dateModified":"2019-07-31T11:04:39+00:00","author":{"@id":"https:\/\/gaudiumetspes-blog.pl\/#\/schema\/person\/1661982992b752dea8dff0d4ed845a65"},"breadcrumb":{"@id":"https:\/\/gaudiumetspes-blog.pl\/index.php\/2019\/07\/02\/bog-wciaz-daje-szanse\/#breadcrumb"},"inLanguage":"pl-PL","potentialAction":[{"@type":"ReadAction","target":["https:\/\/gaudiumetspes-blog.pl\/index.php\/2019\/07\/02\/bog-wciaz-daje-szanse\/"]}]},{"@type":"BreadcrumbList","@id":"https:\/\/gaudiumetspes-blog.pl\/index.php\/2019\/07\/02\/bog-wciaz-daje-szanse\/#breadcrumb","itemListElement":[{"@type":"ListItem","position":1,"name":"Strona g\u0142\u00f3wna","item":"https:\/\/gaudiumetspes-blog.pl\/"},{"@type":"ListItem","position":2,"name":"B\u00f3g wci\u0105\u017c daje szans\u0119!"}]},{"@type":"WebSite","@id":"https:\/\/gaudiumetspes-blog.pl\/#website","url":"https:\/\/gaudiumetspes-blog.pl\/","name":"Gaudium Et Spes","description":"Blog Ks. Jacka Ja\u015bkowskiego","potentialAction":[{"@type":"SearchAction","target":{"@type":"EntryPoint","urlTemplate":"https:\/\/gaudiumetspes-blog.pl\/?s={search_term_string}"},"query-input":{"@type":"PropertyValueSpecification","valueRequired":true,"valueName":"search_term_string"}}],"inLanguage":"pl-PL"},{"@type":"Person","@id":"https:\/\/gaudiumetspes-blog.pl\/#\/schema\/person\/1661982992b752dea8dff0d4ed845a65","name":"Ks. Jacek","image":{"@type":"ImageObject","inLanguage":"pl-PL","@id":"https:\/\/gaudiumetspes-blog.pl\/#\/schema\/person\/image\/","url":"https:\/\/gaudiumetspes-blog.pl\/wp-content\/uploads\/2019\/07\/avatar-JJ-150x150.jpg","contentUrl":"https:\/\/gaudiumetspes-blog.pl\/wp-content\/uploads\/2019\/07\/avatar-JJ-150x150.jpg","caption":"Ks. Jacek"},"description":"Witam serdecznie! K\u0142ania si\u0119 Ks. Jacek Ja\u015bkowski. Nie jestem ani kim\u015b wa\u017cnym, ani kim\u015b znanym. Jestem ksi\u0119dzem, kt\u00f3ry po prostu chce rozmawia\u0107. Codzienna kap\u0142a\u0144ska pos\u0142uga pokazuje mi, \u017ce temat\u00f3w do rozm\u00f3w z ksi\u0119dzem jest coraz wi\u0119cej i dzisiaj \u017caden ksi\u0105dz nie mo\u017ce od nich ucieka\u0107, ale - wprost przeciwnie - podejmowa\u0107 nowe wyzwania. To przekonanie sk\u0142oni\u0142o mnie do pr\u00f3by otwarcia tego\u017c bloga, chocia\u017c okazji do rozm\u00f3w na co dzie\u0144 - w konfesjonale i poza nim - na szcz\u0119\u015bcie nie brakuje. My\u015bl\u0119 jednak, \u017ce ten blog b\u0119dzie jeszcze jednym sposobem i przestrzeni\u0105 nawi\u0105zania kontaktu z lud\u017ami dobrej woli, otwartymi na dialog.","url":"https:\/\/gaudiumetspes-blog.pl\/index.php\/author\/ks-jacek\/"}]}},"jetpack_featured_media_url":"","jetpack_sharing_enabled":true,"_links":{"self":[{"href":"https:\/\/gaudiumetspes-blog.pl\/index.php\/wp-json\/wp\/v2\/posts\/14553","targetHints":{"allow":["GET"]}}],"collection":[{"href":"https:\/\/gaudiumetspes-blog.pl\/index.php\/wp-json\/wp\/v2\/posts"}],"about":[{"href":"https:\/\/gaudiumetspes-blog.pl\/index.php\/wp-json\/wp\/v2\/types\/post"}],"author":[{"embeddable":true,"href":"https:\/\/gaudiumetspes-blog.pl\/index.php\/wp-json\/wp\/v2\/users\/1"}],"replies":[{"embeddable":true,"href":"https:\/\/gaudiumetspes-blog.pl\/index.php\/wp-json\/wp\/v2\/comments?post=14553"}],"version-history":[{"count":1,"href":"https:\/\/gaudiumetspes-blog.pl\/index.php\/wp-json\/wp\/v2\/posts\/14553\/revisions"}],"predecessor-version":[{"id":15393,"href":"https:\/\/gaudiumetspes-blog.pl\/index.php\/wp-json\/wp\/v2\/posts\/14553\/revisions\/15393"}],"wp:attachment":[{"href":"https:\/\/gaudiumetspes-blog.pl\/index.php\/wp-json\/wp\/v2\/media?parent=14553"}],"wp:term":[{"taxonomy":"category","embeddable":true,"href":"https:\/\/gaudiumetspes-blog.pl\/index.php\/wp-json\/wp\/v2\/categories?post=14553"},{"taxonomy":"post_tag","embeddable":true,"href":"https:\/\/gaudiumetspes-blog.pl\/index.php\/wp-json\/wp\/v2\/tags?post=14553"}],"curies":[{"name":"wp","href":"https:\/\/api.w.org\/{rel}","templated":true}]}}