{"id":14556,"date":"2019-06-29T04:36:00","date_gmt":"2019-06-29T02:36:00","guid":{"rendered":"https:\/\/gaudiumetspes-blog.pl\/index.php\/2019\/06\/29\/w-dobrych-zawodach-wystapie\/"},"modified":"2019-07-31T13:04:39","modified_gmt":"2019-07-31T11:04:39","slug":"w-dobrych-zawodach-wystapie","status":"publish","type":"post","link":"https:\/\/gaudiumetspes-blog.pl\/index.php\/2019\/06\/29\/w-dobrych-zawodach-wystapie\/","title":{"rendered":"W dobrych zawodach wyst\u0105pi\u0142em&#8230;"},"content":{"rendered":"<p><\/p>\n<div align=\"justify\" style=\"font-style: normal; font-variant: normal; font-weight: normal; letter-spacing: normal; line-height: 150%; margin-bottom: 0cm; page-break-before: always;\">\n<span style=\"color: black;\"><span style=\"font-family: Book Antiqua, serif;\"><span style=\"font-size: x-large;\">Szcz\u0119\u015b\u0107<br \/>\nBo\u017ce! Moi Drodzy, w dniu dzisiejszym <b>sze\u015b\u0107dziesi\u0105t\u0105 <\/b><b>\u00f3s<\/b><b>m<\/b><b>\u0105<\/b><b><br \/>\nrocznic\u0119 \u015bwi\u0119ce\u0144 kap\u0142a\u0144skich prze\u017cywa Papie\u017c Senior Benedykt<br \/>\nXVI. Otoczmy szczeg\u00f3ln\u0105 modlitw\u0105 Czcigodnego Jubilata, aby w ten<br \/>\nspos\u00f3b wyrazi\u0107 Mu nasz\u0105 przeogromn\u0105 wdzi\u0119czno\u015b\u0107 za <\/b><b>to<br \/>\nwszystko, co podarowa\u0142 Ko\u015bcio\u0142owi \u2013 i prosi\u0107 Boga o \u0142aski i<br \/>\nnatchnienia na jak najd\u0142u\u017csze lata dalszej s\u0142u\u017cby Ludowi Bo\u017cemu.<\/b><b><br \/>\nPami\u0119tajmy dzisiaj o modlitwie za Benedykta XVI!<\/b><\/span><\/span><\/span><\/div>\n<div align=\"justify\" style=\"background: transparent; font-style: normal; font-variant: normal; letter-spacing: normal; line-height: 150%; margin-bottom: 0cm; orphans: 2; page-break-before: auto; text-indent: 1.3cm; widows: 2;\">\n<span style=\"color: black;\"><span style=\"font-family: Book Antiqua, serif;\"><span style=\"font-size: x-large;\"><b>Ponadto,<br \/>\nimieniny dzisiaj obchodz\u0105:<\/b><\/span><\/span><\/span><\/div>\n<ul>\n<li>\n<div align=\"justify\" style=\"border: none; font-style: normal; font-variant: normal; letter-spacing: normal; line-height: 150%; margin-bottom: 0cm; orphans: 2; padding: 0cm; widows: 2;\">\n <span style=\"color: black;\"><span style=\"font-family: Book Antiqua, serif;\"><span style=\"font-size: x-large;\"><b>Ksi\u0105dz<br \/>\n Biskup Piotr Sawczuk \u2013 do niedawna Biskup Pomocniczy Diecezji<br \/>\n siedleckiej, a obecnie Biskup drohiczy\u0144ski;<\/b><\/span><\/span><\/span><\/div>\n<\/li>\n<li>\n<div align=\"justify\" style=\"border: none; font-style: normal; font-variant: normal; font-weight: normal; letter-spacing: normal; line-height: 150%; margin-bottom: 0cm; orphans: 2; padding: 0cm; widows: 2;\">\n <span style=\"color: black;\"><span style=\"font-family: Book Antiqua, serif;\"><span style=\"font-size: x-large;\"><b>Ksi\u0105dz<br \/>\n Pawe\u0142 Smarz<\/b>, <b>Ksi\u0105dz Piotr Wojdat, Ksi\u0105dz Piotr Wo\u017aniak \u2013<br \/>\n moi Koledzy kursowi;<\/b><\/span><\/span><\/span><\/div>\n<\/li>\n<li>\n<div align=\"justify\" style=\"border: none; font-style: normal; font-variant: normal; letter-spacing: normal; line-height: 150%; margin-bottom: 0cm; orphans: 2; padding: 0cm; widows: 2;\">\n <span style=\"color: black;\"><span style=\"font-family: Book Antiqua, serif;\"><span style=\"font-size: x-large;\"><b>Ksi\u0105dz<br \/>\n Pawe\u0142 Cie\u015blik, Ksi\u0105dz Piotr Jarosiewicz \u2013 Kap\u0142ani pochodz\u0105cy<br \/>\n z mojej rodzinnej Parafii;<\/b><\/span><\/span><\/span><\/div>\n<\/li>\n<li>\n<div align=\"justify\" style=\"border: none; font-style: normal; font-variant: normal; font-weight: normal; letter-spacing: normal; line-height: 150%; margin-bottom: 0cm; orphans: 2; padding: 0cm; widows: 2;\">\n <span style=\"color: black;\"><span style=\"font-family: Book Antiqua, serif;\"><span style=\"font-size: x-large;\"><b>Ksi\u0105dz<br \/>\n Pawe\u0142 Bro\u0144ski, Ksi\u0105dz Pawe\u0142 Kindracki, Ksi\u0105dz Pawe\u0142 Kobia\u0142ka,<br \/>\n Ksi\u0105dz Piotr Mazurek, Ksi\u0105dz Piotr Pa\u0107kowski, Ksi\u0105dz Pawe\u0142<br \/>\n Padysz, Ksi\u0105dz Piotr Pielak, Ksi\u0105dz Piotr Sawiuk, Ksi\u0105dz Piotr<br \/>\n Hawryluk, Ksi\u0105dz Pawe\u0142 Bielecki, Ksi\u0105dz Piotr St\u0119pniewski <\/b>\u2013<br \/>\n <b>Kap\u0142ani, kt\u00f3rych w r\u00f3\u017cnych miejscach i przy r\u00f3\u017cnych<br \/>\n okazjach spotka\u0142em;<\/b><\/span><\/span><\/span><\/div>\n<\/li>\n<li>\n<div align=\"justify\" style=\"border: none; font-style: normal; font-variant: normal; letter-spacing: normal; line-height: 150%; margin-bottom: 0cm; orphans: 2; padding: 0cm; widows: 2;\">\n <span style=\"color: black;\"><span style=\"font-family: Book Antiqua, serif;\"><span style=\"font-size: x-large;\"><b>Doktor<br \/>\n Pawe\u0142 Buco\u0144 \u2013 S\u0119dzia jednego z lubelskich S\u0105d\u00f3w i \u015bwiecki<br \/>\n Szafarz Komunii \u015awi\u0119tej w Archidiecezji lubelskiej, m\u00f3j serdeczny<br \/>\n Przyjaciel jeszcze z czas\u00f3w k\u00f3\u0142ka ministranckiego;<\/b><\/span><\/span><\/span><\/div>\n<\/li>\n<li>\n<div align=\"justify\" style=\"border: none; font-style: normal; font-variant: normal; letter-spacing: normal; line-height: 150%; margin-bottom: 0cm; orphans: 2; padding: 0cm; widows: 2;\">\n <span style=\"color: black;\"><span style=\"font-family: Book Antiqua, serif;\"><span style=\"font-size: x-large;\"><b>Piotr<br \/>\n Oleszczuk i Pawe\u0142 Mochnacz \u2013 moi Chrze\u015bniacy;<\/b><\/span><\/span><\/span><\/div>\n<\/li>\n<li>\n<div align=\"justify\" style=\"border: none; font-style: normal; font-variant: normal; letter-spacing: normal; line-height: 150%; margin-bottom: 0cm; orphans: 2; padding: 0cm; widows: 2;\">\n <span style=\"color: black;\"><span style=\"font-family: Book Antiqua, serif;\"><span style=\"font-size: x-large;\"><b>Piotr<br \/>\n Nowicki \u2013 m\u00f3j Brat cioteczny;<\/b><\/span><\/span><\/span><\/div>\n<\/li>\n<li>\n<div align=\"justify\" style=\"border: none; font-style: normal; font-variant: normal; font-weight: normal; letter-spacing: normal; line-height: 150%; margin-bottom: 0cm; orphans: 2; padding: 0cm; widows: 2;\">\n <span style=\"color: black;\"><span style=\"font-family: Book Antiqua, serif;\"><span style=\"font-size: x-large;\"><b>Pawe\u0142<br \/>\n Baczkura, Pawe\u0142 Si\u0142aczuk, Pawe\u0142 Deres, Pawe\u0142 Kaczorowski, Piotr<br \/>\n Kalbarczyk, Pawe\u0142 Mi\u0142osz, Piotr Paziewski, Pawe\u0142 R\u0119kawek, Piotr<br \/>\n Sitek, Pawe\u0142 Siwiec, Piotr Biernacki, Pawe\u0142 Skowro\u0144ski, Piotr<br \/>\n \u015awitaj, Pawe\u0142 Stachurski, <\/b><b>Piotr Strze\u017cysz<\/b><b> <\/b>\u2013<br \/>\n <b>Cz\u0142onkowie r\u00f3\u017cnych Wsp\u00f3lnot <\/b><b>m<\/b><b>\u0142odzie\u017cowych lub<br \/>\n moi Uczniowie ze wszystkich Parafii, w kt\u00f3rych pos\u0142ugiwa\u0142em;<\/b><\/span><\/span><\/span><\/div>\n<\/li>\n<li>\n<div align=\"justify\" style=\"border: none; font-style: normal; font-variant: normal; font-weight: normal; letter-spacing: normal; line-height: 150%; margin-bottom: 0cm; orphans: 2; padding: 0cm; widows: 2;\">\n <span style=\"color: black;\"><span style=\"font-family: Book Antiqua, serif;\"><span style=\"font-size: x-large;\"><b>Pawe\u0142<br \/>\n Czajka, Piotr Deres, Piotr Karwowski, Piotr Skolimowski, Pawe\u0142<br \/>\n Sosik, Pawe\u0142 Tomaszek, Piotr Stelmach, Piotr Strze\u017cysz <\/b>\u2013 <b>moi<br \/>\n Znajomi z r\u00f3\u017cnych czas\u00f3w i miejsc.<\/b><\/span><\/span><\/span><\/div>\n<\/li>\n<\/ul>\n<div align=\"justify\" style=\"background: transparent; font-style: normal; font-variant: normal; letter-spacing: normal; line-height: 150%; margin-bottom: 0cm; orphans: 2; page-break-before: auto; text-indent: 1.3cm; widows: 2;\">\n<span style=\"color: black;\"><span style=\"font-family: Book Antiqua, serif;\"><span style=\"font-size: x-large;\"><b>\u017bycz\u0119<br \/>\nwszystkim Dostojnym Solenizantom, aby na wz\u00f3r swych Patron\u00f3w<br \/>\nstawali si\u0119 \u2013 w okoliczno\u015bciach, w jakich \u017cyj\u0105 i pracuj\u0105 \u2013<br \/>\nmocnymi filarami Ko\u015bcio\u0142a. Zapewniam o mojej serdecznej modlitwie w<br \/>\nintencji ka\u017cdego z Nich!<\/b><\/span><\/span><\/span><\/div>\n<div align=\"justify\" style=\"background: transparent; font-style: normal; font-variant: normal; font-weight: normal; letter-spacing: normal; line-height: 150%; margin-bottom: 0cm; orphans: 2; page-break-before: auto; text-indent: 1.3cm; widows: 2;\">\n<span style=\"color: black;\"><span style=\"font-family: Book Antiqua, serif;\"><span style=\"font-size: x-large;\">Moi<br \/>\nDrodzy, z racji dzisiejszej Uroczysto\u015bci Ko\u015bci\u00f3\u0142 obdarza nas<br \/>\n\u0142ask\u0105 odpustu zupe\u0142nego za pos\u0142ugiwanie si\u0119 dewocjonaliami,<br \/>\npo\u015bwi\u0119conymi przez Ojca \u015awi\u0119tego lub Biskupa. Warunkiem jest<br \/>\nz\u0142o\u017cenie Wyznania wiary i inne sta\u0142e warunki. Je\u017celi zatem kto\u015b<br \/>\nma r\u00f3\u017caniec, czy jaki\u015b obrazek, po\u015bwi\u0119cony cho\u0107by na Audiencji<br \/>\ngeneralnej, w kt\u00f3rej uczestniczy\u0142 w Rzymie, albo co\u015b, co po\u015bwi\u0119ci\u0142<br \/>\nkt\u00f3ry\u015b z Biskup\u00f3w, mo\u017ce o ten odpust dzisiaj prosi\u0107.<\/span><\/span><\/span><\/div>\n<div align=\"justify\" style=\"background: transparent; font-style: normal; font-variant: normal; font-weight: normal; letter-spacing: normal; line-height: 150%; margin-bottom: 0cm; orphans: 2; text-indent: 1.3cm; widows: 2;\">\n<span style=\"color: black;\"><span style=\"font-family: Book Antiqua, serif;\"><span style=\"font-size: x-large;\">Dzisiejsza<br \/>\nUroczysto\u015b\u0107 nie nak\u0142ada na nas obowi\u0105zku uczestnictwa we Mszy<br \/>\n\u015awi\u0119tej, ale je\u017celi mamy tak\u0105 mo\u017cliwo\u015b\u0107, to naprawd\u0119 warto!<br \/>\nCho\u0107by po to, aby swoj\u0105 modlitw\u0105 wesprze\u0107 Ojca \u015awi\u0119tego<br \/>\nFranciszka, oraz Papie\u017ca \u2013 Seniora \u2013 Jubilata.<\/span><\/span><\/span><\/div>\n<div align=\"justify\" style=\"background: transparent; font-style: normal; font-variant: normal; font-weight: normal; letter-spacing: normal; line-height: 150%; margin-bottom: 0cm; orphans: 2; text-indent: 1.3cm; widows: 2;\">\n<span style=\"color: black;\"><span style=\"font-family: Book Antiqua, serif;\"><span style=\"font-size: x-large;\">Moi<br \/>\nDrodzy, wczoraj, o 19:30, Ksi\u0105dz Marek wyl\u0105dowa\u0142 na polskiej<br \/>\nziemi. B\u0119dzie na niej do 22 lipca. Dzi\u0119kuj\u0119 Wam za towarzyszenie<br \/>\nmodlitw\u0105 Jego podr\u00f3\u017cy \u2013 i ca\u0142ej pos\u0142udze. My\u015bl\u0119, \u017ce<br \/>\nprzynajmniej niekt\u00f3rzy z Was b\u0119d\u0105 mieli mo\u017cliwo\u015b\u0107 osobistego<br \/>\nspotkania \u2013 chocia\u017cby w najbli\u017csz\u0105 niedziel\u0119, w naszej<br \/>\nrodzinnej Parafii Chrystusa Mi\u0142osiernego, w Bia\u0142ej Podlaskiej (o<br \/>\nczym sam wspomnia\u0142 w swoim s\u0142\u00f3wku), albo za tydzie\u0144, w niedziel\u0119,<br \/>\n7 lipca, w Miastkowie (o czym ja wspominam w tym s\u0142\u00f3wku). Co potem<br \/>\n\u2013 to si\u0119 oka\u017ce wkr\u00f3tce.<\/span><\/span><\/span><\/div>\n<div align=\"justify\" style=\"background: transparent; font-style: normal; font-variant: normal; font-weight: normal; letter-spacing: normal; line-height: 150%; margin-bottom: 0cm; orphans: 2; text-indent: 1.3cm; widows: 2;\">\n<span style=\"color: black;\"><span style=\"font-family: Book Antiqua, serif;\"><span style=\"font-size: x-large;\">Na<br \/>\ng\u0142\u0119bokie i religijne prze\u017cywanie tego pi\u0119knego dnia \u2013 <b>niech<br \/>\nWas b\u0142ogos\u0142awi B\u00f3g Wszechmog\u0105cy: Ojciec + i Syn, i Duch \u015awi\u0119ty.<br \/>\nAmen<\/b><\/span><\/span><\/span><\/div>\n<div align=\"center\" style=\"font-style: normal; font-variant: normal; font-weight: normal; letter-spacing: normal; line-height: 150%; margin-bottom: 0cm; orphans: 2; widows: 2;\">\n<span style=\"color: black;\"><span style=\"font-family: Book Antiqua, serif;\"><span style=\"font-size: x-large;\">Gaudium<br \/>\net spes! Ks. Jacek<\/span><\/span><\/span><\/div>\n<div align=\"justify\" style=\"line-height: 150%; margin-bottom: 0cm;\">\n<span style=\"font-size: x-large;\"><\/p>\n<p><\/span><\/div>\n<div align=\"justify\" style=\"line-height: 150%; margin-bottom: 0cm;\">\n<span style=\"color: black;\"><span style=\"font-family: Book Antiqua, serif;\"><span style=\"font-size: x-large;\"><b>Uroczysto\u015b\u0107<br \/>\n\u015awi\u0119tych Aposto\u0142\u00f3w Piotra i Paw\u0142a,<\/b><\/span><\/span><\/span><\/div>\n<div align=\"justify\" style=\"line-height: 150%; margin-bottom: 0cm;\">\n<span style=\"font-size: x-large;\"><span style=\"color: black;\"><span style=\"font-family: Book Antiqua, serif;\"><b>do<br \/>\nczyta\u0144 z t. VI Lekcjonarza:  <\/b><\/span><\/span><br \/>\n<\/span><\/div>\n<div align=\"justify\" style=\"line-height: 150%; margin-bottom: 0cm;\">\n<span style=\"color: black; font-size: x-large;\"><br \/>\n                                          <span style=\"font-family: Book Antiqua, serif;\"><b>Dz<br \/>\n12,1\u201311;  2 Tm 4,6\u20139.17\u201318; Mt 16,13\u201319<\/b><\/span><\/span><\/div>\n<div align=\"justify\" style=\"line-height: 150%; margin-bottom: 0cm;\">\n<span style=\"font-size: x-large;\"><\/p>\n<p><\/span><\/div>\n<div align=\"justify\" style=\"font-style: normal; font-variant: normal; letter-spacing: normal; line-height: 150%; margin-bottom: 0cm;\">\n<span style=\"font-size: x-large;\"><span style=\"color: black;\"><span style=\"font-family: Book Antiqua, serif;\"><b>CZYTANIE<br \/>\nZ DZIEJ\u00d3W APOSTOLSKICH: <\/b><\/span><\/span><br \/>\n<\/span><\/div>\n<div align=\"justify\" style=\"font-style: normal; font-variant: normal; letter-spacing: normal; line-height: 150%; margin-bottom: 0cm; page-break-before: auto; text-indent: 1.3cm;\">\n<span style=\"font-size: x-large;\"><span style=\"color: black;\"><span style=\"font-family: Book Antiqua, serif;\"><b>W<br \/>\nowych dniach Herod zacz\u0105\u0142 prze\u015bladowa\u0107 niekt\u00f3rych cz\u0142onk\u00f3w<br \/>\nKo\u015bcio\u0142a. \u015aci\u0105\u0142 mieczem Jakuba, brata Jana, a gdy spostrzeg\u0142,<br \/>\n\u017ce to spodoba\u0142o si\u0119 \u017bydom, uwi\u0119zi\u0142 nadto Piotra. A by\u0142y to dni<br \/>\nPrza\u015bnik\u00f3w. Kiedy go pojma\u0142, osadzi\u0142 w wi\u0119zieniu i odda\u0142 pod<br \/>\nstra\u017c czterech oddzia\u0142\u00f3w, po czterech \u017co\u0142nierzy ka\u017cdy,<br \/>\nzamierzaj\u0105c po \u015awi\u0119cie Paschy wyda\u0107 go ludowi. <\/b><\/span><\/span><br \/>\n<\/span><\/div>\n<div align=\"justify\" style=\"font-style: normal; font-variant: normal; letter-spacing: normal; line-height: 150%; margin-bottom: 0cm; text-indent: 1.3cm;\">\n<span style=\"font-size: x-large;\"><span style=\"color: black;\"><span style=\"font-family: Book Antiqua, serif;\"><b>Strze\u017cono<br \/>\nwi\u0119c Piotra w wi\u0119zieniu, a Ko\u015bci\u00f3\u0142 modli\u0142 si\u0119 za niego<br \/>\nnieustannie do Boga. <\/b><\/span><\/span><br \/>\n<\/span><\/div>\n<div align=\"justify\" style=\"font-style: normal; font-variant: normal; letter-spacing: normal; line-height: 150%; margin-bottom: 0cm; text-indent: 1.3cm;\">\n<span style=\"font-size: x-large;\"><span style=\"color: black;\"><span style=\"font-family: Book Antiqua, serif;\"><b>W<br \/>\nnocy, po kt\u00f3rej Herod mia\u0142 go wyda\u0107, Piotr, skuty podw\u00f3jnym<br \/>\n\u0142a\u0144cuchem, spa\u0142 mi\u0119dzy dwoma \u017co\u0142nierzami, a stra\u017cnicy przed<br \/>\nbram\u0105 strzegli wi\u0119zienia. <\/b><\/span><\/span><br \/>\n<\/span><\/div>\n<div align=\"justify\" style=\"font-style: normal; font-variant: normal; letter-spacing: normal; line-height: 150%; margin-bottom: 0cm; text-indent: 1.3cm;\">\n<span style=\"font-size: x-large;\"><span style=\"color: black;\"><span style=\"font-family: Book Antiqua, serif;\"><b>Wtem<br \/>\nzjawi\u0142 si\u0119 anio\u0142 Pa\u0144ski i \u015bwiat\u0142o\u015b\u0107 zaja\u015bnia\u0142a w celi.<br \/>\nTr\u0105ceniem w bok obudzi\u0142 Piotra i powiedzia\u0142: \u201eWsta\u0144 szybko!\u201d<br \/>\nR\u00f3wnocze\u015bnie z r\u0105k Piotra opad\u0142y kajdany. <\/b><\/span><\/span><br \/>\n<\/span><\/div>\n<div align=\"justify\" style=\"font-style: normal; font-variant: normal; letter-spacing: normal; line-height: 150%; margin-bottom: 0cm; text-indent: 1.3cm;\">\n<span style=\"font-size: x-large;\"><span style=\"color: black;\">\u201e<span style=\"font-family: Book Antiqua, serif;\"><b>Przepasz<br \/>\nsi\u0119 i w\u0142\u00f3\u017c sanda\u0142y!\u201d \u2013 powiedzia\u0142 mu anio\u0142. <\/b><\/span><\/span><br \/>\n<\/span><\/div>\n<div align=\"justify\" style=\"font-style: normal; font-variant: normal; letter-spacing: normal; line-height: 150%; margin-bottom: 0cm; text-indent: 1.3cm;\">\n<span style=\"font-size: x-large;\"><span style=\"color: black;\"><span style=\"font-family: Book Antiqua, serif;\"><b>A<br \/>\ngdy to zrobi\u0142, rzek\u0142 do niego: \u201eNarzu\u0107 p\u0142aszcz i chod\u017a za<br \/>\nmn\u0105!\u201d <\/b><\/span><\/span><br \/>\n<\/span><\/div>\n<div align=\"justify\" style=\"font-style: normal; font-variant: normal; letter-spacing: normal; line-height: 150%; margin-bottom: 0cm; text-indent: 1.3cm;\">\n<span style=\"font-size: x-large;\"><span style=\"color: black;\"><span style=\"font-family: Book Antiqua, serif;\"><b>Wyszed\u0142<br \/>\nwi\u0119c i szed\u0142 za nim, ale nie wiedzia\u0142, czy to, co czyni anio\u0142,<br \/>\njest rzeczywisto\u015bci\u0105; zdawa\u0142o mu si\u0119, \u017ce to widzenie. Min\u0119li<br \/>\npierwsz\u0105 i drug\u0105 stra\u017c i doszli do \u017celaznej bramy, prowadz\u0105cej<br \/>\ndo miasta. Ta otwar\u0142a si\u0119 sama przed nimi. Wyszli wi\u0119c, przeszli<br \/>\njedn\u0105 ulic\u0119 i natychmiast anio\u0142 odst\u0105pi\u0142 od niego. <\/b><\/span><\/span><br \/>\n<\/span><\/div>\n<div align=\"justify\" style=\"font-style: normal; font-variant: normal; letter-spacing: normal; line-height: 150%; margin-bottom: 0cm; text-indent: 1.3cm;\">\n<span style=\"color: black;\"><span style=\"font-family: Book Antiqua, serif;\"><span style=\"font-size: x-large;\"><b>Wtedy<br \/>\nPiotr przyszed\u0142 do siebie i rzek\u0142: \u201eTeraz wiem na pewno, \u017ce Pan<br \/>\npos\u0142a\u0142 swego anio\u0142a i wyrwa\u0142 mnie z r\u0119ki Heroda i z tego<br \/>\nwszystkiego, czego oczekiwali \u017bydzi\u201d.<\/b><\/span><\/span><\/span><\/div>\n<div align=\"justify\" style=\"line-height: 150%; margin-bottom: 0cm;\">\n<span style=\"font-size: x-large;\"><\/p>\n<p><\/span><\/div>\n<div align=\"justify\" style=\"font-style: normal; font-variant: normal; letter-spacing: normal; line-height: 150%; margin-bottom: 0cm;\">\n<span style=\"color: black;\"><span style=\"font-family: Book Antiqua, serif;\"><span style=\"font-size: x-large;\"><b>CZYTANIE<br \/>\nZ DRUGIEGO LISTU \u015aWI\u0118TEGO PAW\u0141A APOSTO\u0141A DO TYMOTEUSZA:<\/b><\/span><\/span><\/span><\/div>\n<div align=\"justify\" style=\"font-style: normal; font-variant: normal; letter-spacing: normal; line-height: 150%; margin-bottom: 0cm; page-break-before: auto; text-indent: 1.3cm;\">\n<span style=\"font-size: x-large;\"><span style=\"color: black;\"><span style=\"font-family: Book Antiqua, serif;\"><b>Najmilszy:<br \/>\nKrew moja ju\u017c ma by\u0107 wylana na ofiar\u0119, a chwila mojej roz\u0142\u0105ki<br \/>\nnadesz\u0142a. W dobrych zawodach wyst\u0105pi\u0142em, bieg uko\u0144czy\u0142em, wiar\u0119<br \/>\nustrzeg\u0142em. Na ostatek od\u0142o\u017cono dla mnie wieniec sprawiedliwo\u015bci,<br \/>\nkt\u00f3ry mi w owym dniu odda Pan, sprawiedliwy S\u0119dzia, a nie tylko<br \/>\nmnie, ale i wszystkim, kt\u00f3rzy umi\u0142owali pojawienie si\u0119 Jego. <\/b><\/span><\/span><br \/>\n<\/span><\/div>\n<div align=\"justify\" style=\"font-style: normal; font-variant: normal; letter-spacing: normal; line-height: 150%; margin-bottom: 0cm; text-indent: 1.3cm;\">\n<span style=\"color: black;\"><span style=\"font-family: Book Antiqua, serif;\"><span style=\"font-size: x-large;\"><b>Pospiesz<br \/>\nsi\u0119, by przyby\u0107 do mnie szybko. Pan stan\u0105\u0142 przy mnie i wzmocni\u0142<br \/>\nmi\u0119, \u017ceby si\u0119 przeze mnie dope\u0142ni\u0142o g\u0142oszenie Ewangelii i \u017ceby<br \/>\nwszystkie narody je pos\u0142ysza\u0142y; wyrwany te\u017c zosta\u0142em z paszczy<br \/>\nlwa. Wyrwie mi\u0119 Pan od wszelkiego z\u0142ego czynu i wybawi mi\u0119,<br \/>\nprzyjmuj\u0105c do swego kr\u00f3lestwa niebieskiego; Jemu chwa\u0142a na wieki<br \/>\nwiek\u00f3w. Amen.<\/b><\/span><\/span><\/span><\/div>\n<div align=\"justify\" style=\"line-height: 150%; margin-bottom: 0cm;\">\n<span style=\"font-size: x-large;\"><\/p>\n<p><\/span><\/div>\n<div align=\"justify\" style=\"font-style: normal; font-variant: normal; letter-spacing: normal; line-height: 150%; margin-bottom: 0cm;\">\n<span style=\"font-size: x-large;\"><span style=\"color: black;\"><span style=\"font-family: Book Antiqua, serif;\"><b>S\u0141OWA<br \/>\nEWANGELII WED\u0141UG \u015aWI\u0118TEGO MATEUSZA: <\/b><\/span><\/span><br \/>\n<\/span><\/div>\n<div align=\"justify\" style=\"font-style: normal; font-variant: normal; letter-spacing: normal; line-height: 150%; margin-bottom: 0cm; page-break-before: auto; text-indent: 1.3cm;\">\n<span style=\"font-size: x-large;\"><span style=\"color: black;\"><span style=\"font-family: Book Antiqua, serif;\"><b>Gdy<br \/>\nJezus przyszed\u0142 w okolice Cezarei Filipowej, pyta\u0142 swych uczni\u00f3w:<br \/>\n\u201eZa kogo ludzie uwa\u017caj\u0105 Syna Cz\u0142owieczego?\u201d <\/b><\/span><\/span><br \/>\n<\/span><\/div>\n<div align=\"justify\" style=\"font-style: normal; font-variant: normal; letter-spacing: normal; line-height: 150%; margin-bottom: 0cm; text-indent: 1.3cm;\">\n<span style=\"font-size: x-large;\"><span style=\"color: black;\"><span style=\"font-family: Book Antiqua, serif;\"><b>A<br \/>\noni odpowiedzieli: \u201eJedni za Jana Chrzciciela, inni za Eliasza,<br \/>\njeszcze inni za Jeremiasza albo za jednego z prorok\u00f3w\u201d. <\/b><\/span><\/span><br \/>\n<\/span><\/div>\n<div align=\"justify\" style=\"font-style: normal; font-variant: normal; letter-spacing: normal; line-height: 150%; margin-bottom: 0cm; text-indent: 1.3cm;\">\n<span style=\"font-size: x-large;\"><span style=\"color: black;\"><span style=\"font-family: Book Antiqua, serif;\"><b>Jezus<br \/>\nzapyta\u0142 ich: \u201eA wy, za kogo Mnie uwa\u017cacie?\u201d <\/b><\/span><\/span><br \/>\n<\/span><\/div>\n<div align=\"justify\" style=\"font-style: normal; font-variant: normal; letter-spacing: normal; line-height: 150%; margin-bottom: 0cm; text-indent: 1.3cm;\">\n<span style=\"font-size: x-large;\"><span style=\"color: black;\"><span style=\"font-family: Book Antiqua, serif;\"><b>Odpowiedzia\u0142<br \/>\nSzymon Piotr: \u201eTy jeste\u015b Mesjasz, Syn Boga \u017cywego\u201d. <\/b><\/span><\/span><br \/>\n<\/span><\/div>\n<div align=\"justify\" style=\"font-style: normal; font-variant: normal; letter-spacing: normal; line-height: 150%; margin-bottom: 0cm; text-indent: 1.3cm;\">\n<span style=\"color: black;\"><span style=\"font-family: Book Antiqua, serif;\"><span style=\"font-size: x-large;\"><b>Na<br \/>\nto Jezus mu rzek\u0142: \u201eB\u0142ogos\u0142awiony jeste\u015b, Szymonie, synu Jony.<br \/>\nAlbowiem cia\u0142o i krew nie objawi\u0142y ci tego, lecz Ojciec m\u00f3j, kt\u00f3ry<br \/>\njest w niebie. Oto i Ja tobie powiadam: Ty jeste\u015b Piotr \u2013 Opoka, i<br \/>\nna tej opoce zbuduj\u0119 m\u00f3j Ko\u015bci\u00f3\u0142, a bramy piekielne go nie<br \/>\nprzemog\u0105. I tobie dam klucze kr\u00f3lestwa niebieskiego: cokolwiek<br \/>\nzwi\u0105\u017cesz na ziemi, b\u0119dzie zwi\u0105zane w niebie, a co rozwi\u0105\u017cesz na<br \/>\nziemi, b\u0119dzie rozwi\u0105zane w niebie\u201d.<\/b><\/span><\/span><\/span><\/div>\n<div align=\"justify\" style=\"font-style: normal; font-variant: normal; letter-spacing: normal; line-height: 150%; margin-bottom: 0cm; text-indent: 1.24cm;\">\n<span style=\"font-size: x-large;\"><\/p>\n<p><\/span><\/div>\n<div align=\"justify\" style=\"font-style: normal; font-variant: normal; font-weight: normal; letter-spacing: normal; line-height: 150%; margin-bottom: 0cm; text-indent: 1.3cm;\">\n<span style=\"font-size: x-large;\"><span style=\"color: black;\"><span style=\"font-family: Book Antiqua, serif;\">Trudno<br \/>\nw\u0142a\u015bciwie powiedzie\u0107, kt\u00f3re z tekst\u00f3w biblijnych najlepiej<br \/>\npasowa\u0142yby na dzisiejsz\u0105 Uroczysto\u015b\u0107 \u015awi\u0119tych Aposto\u0142\u00f3w<br \/>\nPiotra i Paw\u0142a, bowiem i tekst\u00f3w <b>o obu Patronach,<\/b> i tekst\u00f3w<br \/>\n<b>przez nich samych napisanych<\/b> \u2013 szczeg\u00f3lnie przez \u015awi\u0119tego<br \/>\nPaw\u0142a \u2013 jest <b>tak wiele,<\/b> \u017ce mo\u017cna swobodnie wybiera\u0107.<br \/>\nZreszt\u0105, z pewno\u015bci\u0105 znalaz\u0142oby si\u0119 wiele argument\u00f3w za tym, by<br \/>\nu\u017cy\u0107 tych lub innych fragment\u00f3w. Wybrano te, kt\u00f3re us\u0142yszeli\u015bmy<br \/>\n\u2013 i chyba mo\u017cemy przyzna\u0107, i\u017c s\u0105 one faktycznie <b>bardzo<br \/>\n\u201ereprezentatywne\u201d <\/b>dla stylu \u017cycia i dzia\u0142alno\u015bci tak<br \/>\njednego, jak i drugiego z Aposto\u0142\u00f3w. <\/span><\/span><br \/>\n<\/span><\/div>\n<div align=\"justify\" style=\"font-style: normal; font-variant: normal; font-weight: normal; letter-spacing: normal; line-height: 150%; margin-bottom: 0cm; text-indent: 1.3cm;\">\n<span style=\"font-size: x-large;\"><span style=\"color: black;\"><span style=\"font-family: Book Antiqua, serif;\">Oto<br \/>\nw pierwszym czytaniu, z Ksi\u0119gi Dziej\u00f3w Apostolskich, s\u0142yszymy o<br \/>\n<b>cudownych uwolnieniu Piotra z wi\u0119zienia.<\/b> I mo\u017cna si\u0119 tylko<br \/>\nzastanawia\u0107, czy dlatego ten tekst zosta\u0142 wybrany, i\u017c opisuje<br \/>\ntakie<b> znacz\u0105ce wydarzenie<\/b> \u2013 wszak takich zdarze\u0144 w \u017cyciu<br \/>\nPiotra by\u0142o o wiele wi\u0119cej \u2013 czy ze wzgl\u0119du na jedno, bardzo<br \/>\nwyj\u0105tkowe, a wr\u0119cz <b>kluczowe zdanie:<\/b> to mianowicie, \u017ce<br \/>\n<i><b>Ko\u015bci\u00f3\u0142 modli\u0142 si\u0119 za niego nieustannie do Boga.<\/b><\/i><b><br \/>\n<\/b>Naprawd\u0119, pi\u0119kne zdanie: <i><b>Ko\u015bci\u00f3\u0142 modli\u0142 si\u0119 za<\/b><\/i><b><br \/>\n[Piotra] <\/b><i><b>nieustannie do Boga. <\/b><\/i><\/span><\/span><br \/>\n<\/span><\/div>\n<div align=\"justify\" style=\"font-style: normal; font-variant: normal; font-weight: normal; letter-spacing: normal; line-height: 150%; margin-bottom: 0cm; text-indent: 1.3cm;\">\n<span style=\"font-size: x-large;\"><span style=\"color: black;\"><span style=\"font-family: Book Antiqua, serif;\">Kiedy<br \/>\nten przebywa\u0142 w wi\u0119zieniu, ca\u0142y Ko\u015bci\u00f3\u0142 za niego, czyli swego<br \/>\n<b>pierwszego Papie\u017ca, <\/b>Ksi\u0119cia Aposto\u0142\u00f3w, Namiestnika Jezusa<br \/>\nChrystusa \u2013 <b>modli\u0142 si\u0119 do Boga.<\/b> Mo\u017cna chyba nawet<br \/>\nzaryzykowa\u0107 stwierdzenie, \u017ce to zdanie jest \u2013 w odniesieniu<br \/>\noczywi\u015bcie do Piotra Aposto\u0142a \u2013 <b>najwa\u017cniejsze w ca\u0142ym Pi\u015bmie<br \/>\n\u015awi\u0119tym!<\/b> Naturalnie, nie ma tu potrzeby epatowania jakimi\u015b<br \/>\nwielkimi s\u0142owami i podnios\u0142ymi has\u0142ami, ale to zdanie pokazuje,<br \/>\n<b>kim by\u0142 dla Ko\u015bcio\u0142a Piotr<\/b> i jaka <b>wsp\u00f3lnota wiary<\/b><br \/>\nwok\u00f3\u0142 niego zaistnia\u0142a. <\/span><\/span><br \/>\n<\/span><\/div>\n<div align=\"justify\" style=\"font-style: normal; font-variant: normal; font-weight: normal; letter-spacing: normal; line-height: 150%; margin-bottom: 0cm; text-indent: 1.3cm;\">\n<span style=\"font-size: x-large;\"><span style=\"color: black;\"><span style=\"font-family: Book Antiqua, serif;\">A<br \/>\nprzecie\u017c wiemy, \u017ce by\u0142o to echem \u2013 a mo\u017ce <b>dalszym ci\u0105giem<\/b><br \/>\n\u2013 tej sytuacji, kt\u00f3r\u0105 opisuje Mateusz w dzisiejszej Ewangelii,<br \/>\njak to Jezus, us\u0142yszawszy odpowied\u017a Piotra: <i><b>Ty jeste\u015b<br \/>\nMesjasz, Syn Boga \u017cywego<\/b><\/i><b> \u2013 <\/b>na postawione wcze\u015bniej<br \/>\npytanie, za kogo uczniowie Go uwa\u017caj\u0105 \u2013 powiedzia\u0142 do niego:<br \/>\n<i><b>B\u0142ogos\u0142awiony jeste\u015b, Szymonie, synu Jony. Albowiem cia\u0142o i<br \/>\nkrew nie objawi\u0142y ci tego, lecz Ojciec m\u00f3j, kt\u00f3ry jest w niebie.<br \/>\nOto i Ja tobie powiadam: Ty jeste\u015b<\/b><\/i><b> <\/b><i><b>Piotr \u2013<br \/>\nOpoka, i na tej opoce zbuduj\u0119 m\u00f3j Ko\u015bci\u00f3\u0142, a bramy piekielne go<br \/>\nnie przemog\u0105. I tobie dam klucze kr\u00f3lestwa niebieskiego: cokolwiek<br \/>\nzwi\u0105\u017cesz na ziemi, b\u0119dzie zwi\u0105zane w niebie, a co rozwi\u0105\u017cesz na<br \/>\nziemi, b\u0119dzie rozwi\u0105zane w niebie.<\/b><\/i> <\/span><\/span><br \/>\n<\/span><\/div>\n<div align=\"justify\" style=\"font-style: normal; font-variant: normal; font-weight: normal; letter-spacing: normal; line-height: 150%; margin-bottom: 0cm; text-indent: 1.3cm;\">\n<span style=\"font-size: x-large;\"><span style=\"color: black;\"><span style=\"font-family: Book Antiqua, serif;\">Skoro<br \/>\nzatem chodzi\u0142o o tego, kt\u00f3ry by\u0142 opok\u0105 Ko\u015bcio\u0142a; skoro to na<br \/>\nnim w\u0142a\u015bnie Ko\u015bci\u00f3\u0142 mia\u0142 si\u0119 ci\u0105gle budowa\u0107, to ten Ko\u015bci\u00f3\u0142<br \/>\nodpowiednio duchowo <b>zadba\u0142 o swego Przewodnika,<\/b> o swoj\u0105<br \/>\nwidzialn\u0105 G\u0142ow\u0119. <i><b>Ko\u015bci\u00f3\u0142 modli\u0142 si\u0119 za niego<br \/>\nnieustannie do Boga.<\/b><\/i> Stra\u017cnicy pilnowali go w wi\u0119zieniu, a<br \/>\nKo\u015bci\u00f3\u0142 si\u0119 modli\u0142 \u2013 bardzo ciekawe i daj\u0105ce do my\u015blenia<br \/>\nzestawienie! \u015awiat da\u0142 to, na co go by\u0142o sta\u0107, czyli kajdany,<br \/>\nwi\u0119zienie i nienawi\u015b\u0107, a Ko\u015bci\u00f3\u0142 na to odpowiedzia\u0142 <b>modlitw\u0105<br \/>\ni wielk\u0105 duchow\u0105 wsp\u00f3lnot\u0105.<\/b> <\/span><\/span><br \/>\n<\/span><\/div>\n<div align=\"justify\" style=\"font-style: normal; font-variant: normal; font-weight: normal; letter-spacing: normal; line-height: 150%; margin-bottom: 0cm; text-indent: 1.3cm;\">\n<span style=\"font-size: x-large;\"><span style=\"color: black;\"><span style=\"font-family: Book Antiqua, serif;\">Piotr,<br \/>\npomimo osamotnienia w celi i fizycznego oddzielenia od swoich<br \/>\nwsp\u00f3\u0142wyznawc\u00f3w, mo\u017ce w\u0142a\u015bnie w tej chwili by\u0142 z nimi <b>tak<br \/>\nzjednoczony, jak nigdy wcze\u015bniej!<\/b> Bo ta duchowa wi\u0119\u017a,<br \/>\nzbudowana na modlitwie, to <b>mocna <\/b><b>duchowa ska\u0142a,<\/b> na<br \/>\nkt\u00f3rej mo\u017cna wznosi\u0107 budowl\u0119 Ko\u015bcio\u0142a. <\/span><\/span><br \/>\n<\/span><\/div>\n<div align=\"justify\" style=\"font-style: normal; font-variant: normal; font-weight: normal; letter-spacing: normal; line-height: 150%; margin-bottom: 0cm; text-indent: 1.3cm;\">\n<span style=\"font-size: x-large;\"><span style=\"color: black;\"><span style=\"font-family: Book Antiqua, serif;\">Czy<br \/>\ni dzisiaj mo\u017cemy powiedzie\u0107, \u017ce pomi\u0119dzy Piotrem a Ko\u015bcio\u0142em<br \/>\njest taka wi\u0119\u017a? <b>A pomi\u0119dzy Ko\u015bcio\u0142em a Piotrem?<\/b> A<br \/>\npomi\u0119dzy Piotrem i innym Pasterzami Ko\u015bcio\u0142a? A we <b>wzajemnych<br \/>\nrelacjach wiernych pomi\u0119dzy sob\u0105?<\/b> Czy dzisiaj Ko\u015bci\u00f3\u0142 modli<br \/>\nsi\u0119 nieustannie za Piotra, czyli obecnego Papie\u017ca? Czy dzisiaj<br \/>\nKo\u015bci\u00f3\u0142 \u2013 ale tak szczerze \u2013 modli si\u0119 nieustannie <b>za<br \/>\nsiebie nawzajem? <\/b><\/span><\/span><br \/>\n<\/span><\/div>\n<div align=\"justify\" style=\"font-style: normal; font-variant: normal; font-weight: normal; letter-spacing: normal; line-height: 150%; margin-bottom: 0cm; text-indent: 1.3cm;\">\n<span style=\"color: black;\"><span style=\"font-family: Book Antiqua, serif;\"><span style=\"font-size: x-large;\">A<br \/>\nprzecie\u017c taki w\u0142a\u015bnie obraz Ko\u015bcio\u0142a \u2013 jako <b>duchowo silnej<br \/>\nwsp\u00f3lnoty<\/b> \u2013 wy\u0142ania si\u0119 z dzisiejszego Bo\u017cego s\u0142owa i z<br \/>\npostawy, zaanga\u017cowania i pracy obu Aposto\u0142\u00f3w. Tak o tym m\u00f3wi<br \/>\n<b>Prefacja dzisiejszej Mszy \u015awi\u0119tej,<\/b> w kt\u00f3rej to za chwil\u0119<br \/>\nkap\u0142an wypowie znamienne s\u0142owa: \u201eTy nam pozwalasz z rado\u015bci\u0105<br \/>\noddawa\u0107 cze\u015b\u0107 \u015bwi\u0119tym Aposto\u0142om, Piotrowi i Paw\u0142owi. Piotr<br \/>\npierwszy wyzna\u0142 wiar\u0119 w Chrystusa i <b>z nawr\u00f3conych Izraelit\u00f3w<br \/>\nza\u0142o\u017cy\u0142 pierwszy Ko\u015bci\u00f3\u0142.<\/b> Pawe\u0142 otrzyma\u0142 \u0142ask\u0119 jasnego<br \/>\nrozumienia prawd wiary i sta\u0142 si\u0119 <b>nauczycielem narod\u00f3w<br \/>\npoga\u0144skich.<\/b> Obdarzeni r\u00f3\u017cnymi darami, <b>zgromadzili w jednym<br \/>\nKo\u015bciele<\/b> wyznawc\u00f3w Chrystusa i zjednoczeni w chwale<br \/>\nniebieskiej, wsp\u00f3lnie odbieraj\u0105 cze\u015b\u0107 na ziemi.\u201d Moi Drodzy,<br \/>\njak wiele mo\u017cna wyrazi\u0107 w kilku zwi\u0119z\u0142ych zdaniach, prawda?\u2026<\/span><\/span><\/span><\/div>\n<div align=\"justify\" style=\"font-style: normal; font-variant: normal; font-weight: normal; letter-spacing: normal; line-height: 150%; margin-bottom: 0cm; text-indent: 1.3cm;\">\n<span style=\"font-size: x-large;\"><span style=\"color: black;\"><span style=\"font-family: Book Antiqua, serif;\">Zreszt\u0105,<br \/>\ni Pawe\u0142 w kilku zwi\u0119z\u0142ych zdaniach dzisiaj scharakteryzowa\u0142 ca\u0142\u0105<br \/>\nswoj\u0105 apostolsk\u0105 drog\u0119 \u017cyciow\u0105. Pisa\u0142 do swego ucznia i<br \/>\nduchowego syna, m\u0142odego Biskupa Tymoteusza, tak: <i><b>Krew moja ju\u017c<br \/>\nma by\u0107 wylana na ofiar\u0119, a chwila mojej roz\u0142\u0105ki nadesz\u0142a. W<br \/>\ndobrych zawodach wyst\u0105pi\u0142em, bieg uko\u0144czy\u0142em, wiar\u0119 ustrzeg\u0142em.<br \/>\nNa ostatek od\u0142o\u017cono dla mnie wieniec sprawiedliwo\u015bci, kt\u00f3ry mi w<br \/>\nowym dniu odda Pan, sprawiedliwy S\u0119dzia.<\/b><\/i><b> <\/b>Szczeg\u00f3lnie<br \/>\ndrugie zdanie polecam naszej uwadze: <i><b>W dobrych zawodach<br \/>\nwyst\u0105pi\u0142em, bieg uko\u0144czy\u0142em, wiar\u0119 ustrzeg\u0142em.<\/b><\/i> <\/span><\/span><br \/>\n<\/span><\/div>\n<div align=\"justify\" style=\"font-style: normal; font-variant: normal; font-weight: normal; letter-spacing: normal; line-height: 150%; margin-bottom: 0cm; text-indent: 1.3cm;\">\n<span style=\"font-size: x-large;\"><span style=\"color: black;\"><span style=\"font-family: Book Antiqua, serif;\">Mamy<br \/>\ntu ca\u0142e \u017cycie i apostolskie zaanga\u017cowanie cz\u0142owieka, wyra\u017cone w<br \/>\njednym zdaniu \u2013 ale jak\u017ce bogatym w tre\u015b\u0107 i znacz\u0105cym zdaniu!<br \/>\nBo rzeczywi\u015bcie, <b>w dobrych zawodach<\/b> Pawe\u0142 wyst\u0105pi\u0142 \u2013<br \/>\nnaturalnie, od tego momentu, kiedy znalaz\u0142 si\u0119 <b>we w\u0142a\u015bciwej<br \/>\ndru\u017cynie.<\/b> Bo wcze\u015bniej gra\u0142 te\u017c bardzo ofiarnie i solidnie \u2013<br \/>\nale do przeciwleg\u0142ej bramki. <b>Bieg uko\u0144czy\u0142<\/b> \u2013 czyli mia\u0142<br \/>\n\u015bwiadomo\u015b\u0107 dobrze wykonanego dzie\u0142a. <b>Wiar\u0119 ustrzeg\u0142 <\/b>\u2013<br \/>\no, to prawda! <\/span><\/span><br \/>\n<\/span><\/div>\n<div align=\"justify\" style=\"font-style: normal; font-variant: normal; font-weight: normal; letter-spacing: normal; line-height: 150%; margin-bottom: 0cm; text-indent: 1.3cm;\">\n<span style=\"font-size: x-large;\"><span style=\"color: black;\"><span style=\"font-family: Book Antiqua, serif;\">I<br \/>\nto nie tylko w swoim w\u0142asnym sercu, ale i <b>w sercach swoich<br \/>\nuczni\u00f3w.<\/b> Poniek\u0105d tak\u017ce i w naszych sercach, skoro i my,<br \/>\nczytaj\u0105c kolejne Listy Aposto\u0142a w Nowym Testamencie, dost\u0119pujemy<br \/>\n<b>\u0142aski<\/b> <b>bardziej \u201ejasnego rozumienia prawd wiary\u201d<\/b> \u2013<br \/>\njak to zaraz us\u0142yszymy w Prefacji. Widzimy zatem, \u017ce u pocz\u0105tk\u00f3w<br \/>\nKo\u015bcio\u0142a stan\u0119li \u2013 i dzisiaj s\u0105 jego fundamentem, duchow\u0105 si\u0142\u0105<br \/>\ni \u017ar\u00f3d\u0142em dobrych natchnie\u0144 \u2013 <b>dwa<\/b><b>j<\/b><b> wielcy<br \/>\nAposto\u0142owie, Piotr i Pawe\u0142. <\/b>Dzi\u0119kujemy naszemu Panu za to, \u017ce<br \/>\nw takie r\u0119ce powierzy\u0142 dobro swego Ko\u015bcio\u0142a. <\/span><\/span><br \/>\n<\/span><\/div>\n<div align=\"justify\" style=\"font-style: normal; font-variant: normal; font-weight: normal; letter-spacing: normal; line-height: 150%; margin-bottom: 0cm; text-indent: 1.3cm;\">\n<span style=\"font-size: x-large;\"><span style=\"color: black;\"><span style=\"font-family: Book Antiqua, serif;\">Powierzy\u0142<br \/>\nim sw\u00f3j Ko\u015bci\u00f3\u0142 \u2013 i si\u0119 nie nie zawi\u00f3d\u0142, pomimo tego, \u017ce<br \/>\nPawe\u0142 by\u0142 wcze\u015bniej <b>prze\u015bladowc\u0105, <\/b>a Piotr okaza\u0142 si\u0119<br \/>\n<b>zdrajc\u0105.<\/b> Ca\u0142o\u015bciowy, og\u00f3lny bilans pos\u0142ugi obydwu w<br \/>\nKo\u015bciele wypad\u0142 zdecydowanie na plus. <\/span><\/span><br \/>\n<\/span><\/div>\n<div align=\"justify\" style=\"font-style: normal; font-variant: normal; font-weight: normal; letter-spacing: normal; line-height: 150%; margin-bottom: 0cm; text-indent: 1.3cm;\">\n<span style=\"font-size: x-large;\"><span style=\"color: black;\"><span style=\"font-family: Book Antiqua, serif;\">Uda\u0142o<br \/>\nim si\u0119 bowiem \u2013 za \u0142ask\u0105 Bo\u017c\u0105 \u2013 stworzy\u0107 <b>z Ko\u015bcio\u0142a<br \/>\ntak siln\u0105, duchow\u0105 wsp\u00f3lnot\u0119,<\/b> \u017ce niestraszne jej by\u0142y \u017cadne<br \/>\nprze\u015bladowania i przeciwno\u015bci! Oni sami tak\u0105 wsp\u00f3lnot\u0119 tworzyli<br \/>\nz Jezusem, <b>ale i<\/b><b> pomi\u0119dzy sob\u0105,<\/b> bo przecie\u017c dobrze<br \/>\nsi\u0119 nawzajem rozumieli i wspierali \u2013 chocia\u017c znamy fakt <b>otwartego<br \/>\nsprzeciwu Paw\u0142a wobec Piotra<\/b> w jednej konkretnej sytuacji.<br \/>\nWszystko to jednak s\u0142u\u017cy\u0142o budowaniu i zacie\u015bnianiu duchowej<br \/>\nwi\u0119zi wewn\u0105trz Ko\u015bcio\u0142a. <\/span><\/span><br \/>\n<\/span><\/div>\n<div align=\"justify\" style=\"font-style: normal; font-variant: normal; font-weight: normal; letter-spacing: normal; line-height: 150%; margin-bottom: 0cm; text-indent: 1.3cm;\">\n<span style=\"color: black;\"><span style=\"font-family: Book Antiqua, serif;\"><span style=\"font-size: x-large;\">Wszystko<br \/>\nto by\u0142o <b>dla dobra Ko\u015bcio\u0142a<\/b> \u2013 tak, r\u00f3wnie\u017c \u00f3w<br \/>\nwspomniany konflikt wynik\u0142 z prawdziwej troski Paw\u0142a <b>o<\/b><b><br \/>\njedno\u015b\u0107 <\/b><b>Ko\u015bcio\u0142a,<\/b> kt\u00f3rym przez chwil\u0119 zagra\u017ca\u0142a<br \/>\ndo\u015b\u0107 <b>m\u0119tna i ma\u0142o odwa\u017cna<\/b> postawa Piotra \u2013 w ko\u0144cu<br \/>\nprzecie\u017c, co by nie m\u00f3wi\u0107: G\u0142owy Ko\u015bcio\u0142a! Zatem, <b>nawet<br \/>\nje\u017celi ze sob\u0105 dyskutowali,<\/b> nie zgadzali si\u0119 ze sob\u0105,<br \/>\nspierali \u2013 to nigdy po to, by drugiemu zrobi\u0107 na z\u0142o\u015b\u0107, by<br \/>\nokaza\u0107 drugiemu swoj\u0105 wy\u017cszo\u015b\u0107, zawi\u015b\u0107 lub pogard\u0119, ale aby<br \/>\njeszcze skuteczniej <b>zadba\u0107 o dobro Ko\u015bcio\u0142a. <\/b>Bo Ko\u015bci\u00f3\u0142<br \/>\nby\u0142 dla nich ow\u0105 wsp\u00f3lnot\u0105 mi\u0142o\u015bci \u2013 <b>wsp\u00f3lnot\u0105 \u017cycia!<\/b><\/span><\/span><\/span><\/div>\n<div align=\"justify\" style=\"font-style: normal; font-variant: normal; font-weight: normal; letter-spacing: normal; line-height: 150%; margin-bottom: 0cm; text-indent: 1.3cm;\">\n<span style=\"color: black;\"><span style=\"font-family: Book Antiqua, serif;\"><span style=\"font-size: x-large;\">Nie<br \/>\nby\u0142 jak\u0105\u015b <b>odleg\u0142\u0105, such\u0105 i zimn\u0105 instytucj\u0105,<\/b> z kt\u00f3r\u0105<br \/>\nna wszelki wypadek trzeba jako\u015b tam utrzymywa\u0107 kontakt, ale tak<br \/>\nbardzo minimalnie \u2013 tylko na tyle, <b>na <\/b><b>ile <\/b><b>jest to<br \/>\n<\/b><b>konieczne,<\/b> \u017ceby w razie potrzeby dosta\u0107 odpowiedni<br \/>\nkwitek\u2026 Nie by\u0142 dla nich tak\u017ce jak\u0105\u015b <b>instytucj\u0105 polityczn\u0105,<\/b><br \/>\nani te\u017c <b>o\u015brodkiem pomocy spo\u0142ecznej<\/b> \u2013 chocia\u017c<br \/>\nrzeczywi\u015bcie pomoc najbiedniejszym \u00f3wczesny Ko\u015bci\u00f3\u0142 mia\u0142<br \/>\ndopracowan\u0105 do perfekcji.<\/span><\/span><\/span><\/div>\n<div align=\"justify\" style=\"font-style: normal; font-variant: normal; font-weight: normal; letter-spacing: normal; line-height: 150%; margin-bottom: 0cm; text-indent: 1.3cm;\">\n<span style=\"color: black;\"><span style=\"font-family: Book Antiqua, serif;\"><span style=\"font-size: x-large;\">Piotr<br \/>\ni Pawe\u0142 rysuj\u0105 przed nami obraz Ko\u015bcio\u0142a, b\u0119d\u0105cego <b>prawdziw\u0105,<br \/>\nduchow\u0105 wsp\u00f3lnot\u0105;<\/b> wi\u0119zi\u0105 mi\u0142o\u015bci, \u015brodowiskiem \u017cycia,<br \/>\nprzestrzeni\u0105 duchowego rozwoju, bratersk\u0105 wsp\u00f3lnot\u0105, drog\u0105 do<br \/>\nzbawienia, p\u0142aszczyzn\u0105 \u015bwi\u0119to\u015bci!<\/span><\/span><\/span><\/div>\n<div align=\"justify\" style=\"font-style: normal; font-variant: normal; font-weight: normal; letter-spacing: normal; line-height: 150%; margin-bottom: 0cm; text-indent: 1.3cm;\">\n<span style=\"font-size: x-large;\"><span style=\"color: black;\"><span style=\"font-family: Book Antiqua, serif;\">Czy<br \/>\nprzekonuje mnie ten obraz? <b>Czym dla mnie jest Ko\u015bci\u00f3\u0142?<\/b><br \/>\nZimn\u0105 i z\u0142\u0105 instytucj\u0105, kt\u00f3ra rzekomo tak bardzo dobija si\u0119 o<br \/>\nswoje wp\u0142ywy polityczne? A mo\u017ce to <b>ci\u0105gle <\/b><b>jeszcze <\/b><b>owi<br \/>\n\u201eoni\u201d: <\/b>ci \u017ali biskupi, ksi\u0119\u017ca, zakonnicy, wzgl\u0119dnie<br \/>\njeszcze jakie\u015b organizacje ludzi \u201enawiedzonych\u201d, kt\u00f3rzy chyba<br \/>\n\u017cyj\u0105 w jakim\u015b innym \u015bwiecie?\u2026 Tym dla mnie jest Ko\u015bci\u00f3\u0142?\u2026 <\/span><\/span><br \/>\n<\/span><\/div>\n<div align=\"justify\" style=\"font-style: normal; font-variant: normal; font-weight: normal; letter-spacing: normal; line-height: 150%; margin-bottom: 0cm; text-indent: 1.3cm;\">\n<span style=\"font-size: x-large;\"><span style=\"color: black;\"><span style=\"font-family: Book Antiqua, serif;\">Czy<br \/>\nmo\u017ce jednak \u2013 <b>wsp\u00f3lnot\u0105?\u2026 <\/b><b>Moj\u0105 przestrzeni\u0105<br \/>\n\u017cycia?\u2026<\/b> Ca\u0142ym moim \u017cyciem?\u2026 <\/span><\/span><br \/>\n<\/span><\/div>\n<div align=\"justify\" style=\"font-style: normal; font-variant: normal; font-weight: normal; letter-spacing: normal; line-height: 150%; margin-bottom: 0cm; text-indent: 1.3cm;\">\n<span style=\"color: black;\"><span style=\"font-family: Book Antiqua, serif;\"><span style=\"font-size: x-large;\">Czy<br \/>\nmog\u0119 z ca\u0142ym przekonaniem powiedzie\u0107 o Ko\u015bciele: <b>to m\u00f3j<br \/>\nKo\u015bci\u00f3\u0142?<\/b> A je\u017celi tak, to w jaki konkretny spos\u00f3b na co<br \/>\ndzie\u0144 unikam tego, co mog\u0142oby mu szkodzi\u0107 lub go burzy\u0107 \u2013 i co<br \/>\nkonkretnie robi\u0119, aby go <b>budowa\u0107, wzmacnia\u0107, ubogaca\u0107?\u2026<\/b><br \/>\nJak tworz\u0119 wsp\u00f3lnot\u0119 mi\u0142o\u015bci z innymi lud\u017ami? Czy <b>nieustannie<br \/>\nmodl\u0119 si\u0119<\/b> za Piotra i za ca\u0142y Ko\u015bci\u00f3\u0142? Czy b\u0142\u0119dy ludzi<br \/>\nKo\u015bcio\u0142a \u2013 tych duchownych, ale i tych \u015bwieckich \u2013 martwi\u0105<br \/>\nmnie i mobilizuj\u0105 do modlitwy, czy s\u0105 powodem diabelskiej<br \/>\nsatysfakcji?<\/span><\/span><\/span><\/div>\n<div align=\"justify\" style=\"font-style: normal; font-variant: normal; font-weight: normal; letter-spacing: normal; line-height: 150%; margin-bottom: 0cm; text-indent: 1.3cm;\">\n<span style=\"color: black;\"><span style=\"font-family: Book Antiqua, serif;\"><span style=\"font-size: x-large;\">Jak<br \/>\nna co dzie\u0144 <b>buduj\u0119 Ko\u015bci\u00f3\u0142 Chrystusowy?\u2026<\/b><\/span><\/span><\/span><\/div>\n","protected":false},"excerpt":{"rendered":"<p>Szcz\u0119\u015b\u0107 Bo\u017ce! Moi Drodzy, w dniu dzisiejszym sze\u015b\u0107dziesi\u0105t\u0105 \u00f3sm\u0105 rocznic\u0119 \u015bwi\u0119ce\u0144 kap\u0142a\u0144skich prze\u017cywa Papie\u017c Senior Benedykt XVI. Otoczmy szczeg\u00f3ln\u0105 modlitw\u0105 Czcigodnego Jubilata, aby w ten spos\u00f3b wyrazi\u0107 Mu nasz\u0105 przeogromn\u0105 wdzi\u0119czno\u015b\u0107 za to wszystko, co podarowa\u0142 Ko\u015bcio\u0142owi \u2013 i prosi\u0107 Boga o \u0142aski i natchnienia na jak najd\u0142u\u017csze lata dalszej s\u0142u\u017cby Ludowi Bo\u017cemu. Pami\u0119tajmy dzisiaj [&hellip;]<\/p>\n","protected":false},"author":1,"featured_media":0,"comment_status":"open","ping_status":"open","sticky":false,"template":"","format":"standard","meta":{"jetpack_post_was_ever_published":false,"_jetpack_newsletter_access":"","_jetpack_dont_email_post_to_subs":false,"_jetpack_newsletter_tier_id":0,"_jetpack_memberships_contains_paywalled_content":false,"_jetpack_memberships_contains_paid_content":false,"footnotes":""},"categories":[1],"tags":[],"class_list":["post-14556","post","type-post","status-publish","format-standard","hentry","category-bez-kategorii"],"yoast_head":"<!-- This site is optimized with the Yoast SEO plugin v25.1 - https:\/\/yoast.com\/wordpress\/plugins\/seo\/ -->\n<title>W dobrych zawodach wyst\u0105pi\u0142em... - Gaudium Et Spes<\/title>\n<meta name=\"robots\" content=\"index, follow, max-snippet:-1, max-image-preview:large, max-video-preview:-1\" \/>\n<link rel=\"canonical\" href=\"https:\/\/gaudiumetspes-blog.pl\/index.php\/2019\/06\/29\/w-dobrych-zawodach-wystapie\/\" \/>\n<meta property=\"og:locale\" content=\"pl_PL\" \/>\n<meta property=\"og:type\" content=\"article\" \/>\n<meta property=\"og:title\" content=\"W dobrych zawodach wyst\u0105pi\u0142em... - Gaudium Et Spes\" \/>\n<meta property=\"og:description\" content=\"Szcz\u0119\u015b\u0107 Bo\u017ce! Moi Drodzy, w dniu dzisiejszym sze\u015b\u0107dziesi\u0105t\u0105 \u00f3sm\u0105 rocznic\u0119 \u015bwi\u0119ce\u0144 kap\u0142a\u0144skich prze\u017cywa Papie\u017c Senior Benedykt XVI. Otoczmy szczeg\u00f3ln\u0105 modlitw\u0105 Czcigodnego Jubilata, aby w ten spos\u00f3b wyrazi\u0107 Mu nasz\u0105 przeogromn\u0105 wdzi\u0119czno\u015b\u0107 za to wszystko, co podarowa\u0142 Ko\u015bcio\u0142owi \u2013 i prosi\u0107 Boga o \u0142aski i natchnienia na jak najd\u0142u\u017csze lata dalszej s\u0142u\u017cby Ludowi Bo\u017cemu. Pami\u0119tajmy dzisiaj [&hellip;]\" \/>\n<meta property=\"og:url\" content=\"https:\/\/gaudiumetspes-blog.pl\/index.php\/2019\/06\/29\/w-dobrych-zawodach-wystapie\/\" \/>\n<meta property=\"og:site_name\" content=\"Gaudium Et Spes\" \/>\n<meta property=\"article:published_time\" content=\"2019-06-29T02:36:00+00:00\" \/>\n<meta property=\"article:modified_time\" content=\"2019-07-31T11:04:39+00:00\" \/>\n<meta name=\"author\" content=\"Ks. Jacek\" \/>\n<meta name=\"twitter:card\" content=\"summary_large_image\" \/>\n<meta name=\"twitter:label1\" content=\"Napisane przez\" \/>\n\t<meta name=\"twitter:data1\" content=\"Ks. Jacek\" \/>\n\t<meta name=\"twitter:label2\" content=\"Szacowany czas czytania\" \/>\n\t<meta name=\"twitter:data2\" content=\"14 minut\" \/>\n<script type=\"application\/ld+json\" class=\"yoast-schema-graph\">{\"@context\":\"https:\/\/schema.org\",\"@graph\":[{\"@type\":\"WebPage\",\"@id\":\"https:\/\/gaudiumetspes-blog.pl\/index.php\/2019\/06\/29\/w-dobrych-zawodach-wystapie\/\",\"url\":\"https:\/\/gaudiumetspes-blog.pl\/index.php\/2019\/06\/29\/w-dobrych-zawodach-wystapie\/\",\"name\":\"W dobrych zawodach wyst\u0105pi\u0142em... - Gaudium Et Spes\",\"isPartOf\":{\"@id\":\"https:\/\/gaudiumetspes-blog.pl\/#website\"},\"datePublished\":\"2019-06-29T02:36:00+00:00\",\"dateModified\":\"2019-07-31T11:04:39+00:00\",\"author\":{\"@id\":\"https:\/\/gaudiumetspes-blog.pl\/#\/schema\/person\/1661982992b752dea8dff0d4ed845a65\"},\"breadcrumb\":{\"@id\":\"https:\/\/gaudiumetspes-blog.pl\/index.php\/2019\/06\/29\/w-dobrych-zawodach-wystapie\/#breadcrumb\"},\"inLanguage\":\"pl-PL\",\"potentialAction\":[{\"@type\":\"ReadAction\",\"target\":[\"https:\/\/gaudiumetspes-blog.pl\/index.php\/2019\/06\/29\/w-dobrych-zawodach-wystapie\/\"]}]},{\"@type\":\"BreadcrumbList\",\"@id\":\"https:\/\/gaudiumetspes-blog.pl\/index.php\/2019\/06\/29\/w-dobrych-zawodach-wystapie\/#breadcrumb\",\"itemListElement\":[{\"@type\":\"ListItem\",\"position\":1,\"name\":\"Strona g\u0142\u00f3wna\",\"item\":\"https:\/\/gaudiumetspes-blog.pl\/\"},{\"@type\":\"ListItem\",\"position\":2,\"name\":\"W&nbsp;dobrych zawodach wyst\u0105pi\u0142em&#8230;\"}]},{\"@type\":\"WebSite\",\"@id\":\"https:\/\/gaudiumetspes-blog.pl\/#website\",\"url\":\"https:\/\/gaudiumetspes-blog.pl\/\",\"name\":\"Gaudium Et Spes\",\"description\":\"Blog Ks. Jacka Ja\u015bkowskiego\",\"potentialAction\":[{\"@type\":\"SearchAction\",\"target\":{\"@type\":\"EntryPoint\",\"urlTemplate\":\"https:\/\/gaudiumetspes-blog.pl\/?s={search_term_string}\"},\"query-input\":{\"@type\":\"PropertyValueSpecification\",\"valueRequired\":true,\"valueName\":\"search_term_string\"}}],\"inLanguage\":\"pl-PL\"},{\"@type\":\"Person\",\"@id\":\"https:\/\/gaudiumetspes-blog.pl\/#\/schema\/person\/1661982992b752dea8dff0d4ed845a65\",\"name\":\"Ks. Jacek\",\"image\":{\"@type\":\"ImageObject\",\"inLanguage\":\"pl-PL\",\"@id\":\"https:\/\/gaudiumetspes-blog.pl\/#\/schema\/person\/image\/\",\"url\":\"https:\/\/gaudiumetspes-blog.pl\/wp-content\/uploads\/2019\/07\/avatar-JJ-150x150.jpg\",\"contentUrl\":\"https:\/\/gaudiumetspes-blog.pl\/wp-content\/uploads\/2019\/07\/avatar-JJ-150x150.jpg\",\"caption\":\"Ks. Jacek\"},\"description\":\"Witam serdecznie! K\u0142ania si\u0119 Ks. Jacek Ja\u015bkowski. Nie jestem ani kim\u015b wa\u017cnym, ani kim\u015b znanym. Jestem ksi\u0119dzem, kt\u00f3ry po prostu chce rozmawia\u0107. Codzienna kap\u0142a\u0144ska pos\u0142uga pokazuje mi, \u017ce temat\u00f3w do rozm\u00f3w z ksi\u0119dzem jest coraz wi\u0119cej i dzisiaj \u017caden ksi\u0105dz nie mo\u017ce od nich ucieka\u0107, ale - wprost przeciwnie - podejmowa\u0107 nowe wyzwania. To przekonanie sk\u0142oni\u0142o mnie do pr\u00f3by otwarcia tego\u017c bloga, chocia\u017c okazji do rozm\u00f3w na co dzie\u0144 - w konfesjonale i poza nim - na szcz\u0119\u015bcie nie brakuje. My\u015bl\u0119 jednak, \u017ce ten blog b\u0119dzie jeszcze jednym sposobem i przestrzeni\u0105 nawi\u0105zania kontaktu z lud\u017ami dobrej woli, otwartymi na dialog.\",\"url\":\"https:\/\/gaudiumetspes-blog.pl\/index.php\/author\/ks-jacek\/\"}]}<\/script>\n<!-- \/ Yoast SEO plugin. -->","yoast_head_json":{"title":"W dobrych zawodach wyst\u0105pi\u0142em... - Gaudium Et Spes","robots":{"index":"index","follow":"follow","max-snippet":"max-snippet:-1","max-image-preview":"max-image-preview:large","max-video-preview":"max-video-preview:-1"},"canonical":"https:\/\/gaudiumetspes-blog.pl\/index.php\/2019\/06\/29\/w-dobrych-zawodach-wystapie\/","og_locale":"pl_PL","og_type":"article","og_title":"W dobrych zawodach wyst\u0105pi\u0142em... - Gaudium Et Spes","og_description":"Szcz\u0119\u015b\u0107 Bo\u017ce! Moi Drodzy, w dniu dzisiejszym sze\u015b\u0107dziesi\u0105t\u0105 \u00f3sm\u0105 rocznic\u0119 \u015bwi\u0119ce\u0144 kap\u0142a\u0144skich prze\u017cywa Papie\u017c Senior Benedykt XVI. Otoczmy szczeg\u00f3ln\u0105 modlitw\u0105 Czcigodnego Jubilata, aby w ten spos\u00f3b wyrazi\u0107 Mu nasz\u0105 przeogromn\u0105 wdzi\u0119czno\u015b\u0107 za to wszystko, co podarowa\u0142 Ko\u015bcio\u0142owi \u2013 i prosi\u0107 Boga o \u0142aski i natchnienia na jak najd\u0142u\u017csze lata dalszej s\u0142u\u017cby Ludowi Bo\u017cemu. Pami\u0119tajmy dzisiaj [&hellip;]","og_url":"https:\/\/gaudiumetspes-blog.pl\/index.php\/2019\/06\/29\/w-dobrych-zawodach-wystapie\/","og_site_name":"Gaudium Et Spes","article_published_time":"2019-06-29T02:36:00+00:00","article_modified_time":"2019-07-31T11:04:39+00:00","author":"Ks. Jacek","twitter_card":"summary_large_image","twitter_misc":{"Napisane przez":"Ks. Jacek","Szacowany czas czytania":"14 minut"},"schema":{"@context":"https:\/\/schema.org","@graph":[{"@type":"WebPage","@id":"https:\/\/gaudiumetspes-blog.pl\/index.php\/2019\/06\/29\/w-dobrych-zawodach-wystapie\/","url":"https:\/\/gaudiumetspes-blog.pl\/index.php\/2019\/06\/29\/w-dobrych-zawodach-wystapie\/","name":"W dobrych zawodach wyst\u0105pi\u0142em... - Gaudium Et Spes","isPartOf":{"@id":"https:\/\/gaudiumetspes-blog.pl\/#website"},"datePublished":"2019-06-29T02:36:00+00:00","dateModified":"2019-07-31T11:04:39+00:00","author":{"@id":"https:\/\/gaudiumetspes-blog.pl\/#\/schema\/person\/1661982992b752dea8dff0d4ed845a65"},"breadcrumb":{"@id":"https:\/\/gaudiumetspes-blog.pl\/index.php\/2019\/06\/29\/w-dobrych-zawodach-wystapie\/#breadcrumb"},"inLanguage":"pl-PL","potentialAction":[{"@type":"ReadAction","target":["https:\/\/gaudiumetspes-blog.pl\/index.php\/2019\/06\/29\/w-dobrych-zawodach-wystapie\/"]}]},{"@type":"BreadcrumbList","@id":"https:\/\/gaudiumetspes-blog.pl\/index.php\/2019\/06\/29\/w-dobrych-zawodach-wystapie\/#breadcrumb","itemListElement":[{"@type":"ListItem","position":1,"name":"Strona g\u0142\u00f3wna","item":"https:\/\/gaudiumetspes-blog.pl\/"},{"@type":"ListItem","position":2,"name":"W&nbsp;dobrych zawodach wyst\u0105pi\u0142em&#8230;"}]},{"@type":"WebSite","@id":"https:\/\/gaudiumetspes-blog.pl\/#website","url":"https:\/\/gaudiumetspes-blog.pl\/","name":"Gaudium Et Spes","description":"Blog Ks. Jacka Ja\u015bkowskiego","potentialAction":[{"@type":"SearchAction","target":{"@type":"EntryPoint","urlTemplate":"https:\/\/gaudiumetspes-blog.pl\/?s={search_term_string}"},"query-input":{"@type":"PropertyValueSpecification","valueRequired":true,"valueName":"search_term_string"}}],"inLanguage":"pl-PL"},{"@type":"Person","@id":"https:\/\/gaudiumetspes-blog.pl\/#\/schema\/person\/1661982992b752dea8dff0d4ed845a65","name":"Ks. Jacek","image":{"@type":"ImageObject","inLanguage":"pl-PL","@id":"https:\/\/gaudiumetspes-blog.pl\/#\/schema\/person\/image\/","url":"https:\/\/gaudiumetspes-blog.pl\/wp-content\/uploads\/2019\/07\/avatar-JJ-150x150.jpg","contentUrl":"https:\/\/gaudiumetspes-blog.pl\/wp-content\/uploads\/2019\/07\/avatar-JJ-150x150.jpg","caption":"Ks. Jacek"},"description":"Witam serdecznie! K\u0142ania si\u0119 Ks. Jacek Ja\u015bkowski. Nie jestem ani kim\u015b wa\u017cnym, ani kim\u015b znanym. Jestem ksi\u0119dzem, kt\u00f3ry po prostu chce rozmawia\u0107. Codzienna kap\u0142a\u0144ska pos\u0142uga pokazuje mi, \u017ce temat\u00f3w do rozm\u00f3w z ksi\u0119dzem jest coraz wi\u0119cej i dzisiaj \u017caden ksi\u0105dz nie mo\u017ce od nich ucieka\u0107, ale - wprost przeciwnie - podejmowa\u0107 nowe wyzwania. To przekonanie sk\u0142oni\u0142o mnie do pr\u00f3by otwarcia tego\u017c bloga, chocia\u017c okazji do rozm\u00f3w na co dzie\u0144 - w konfesjonale i poza nim - na szcz\u0119\u015bcie nie brakuje. My\u015bl\u0119 jednak, \u017ce ten blog b\u0119dzie jeszcze jednym sposobem i przestrzeni\u0105 nawi\u0105zania kontaktu z lud\u017ami dobrej woli, otwartymi na dialog.","url":"https:\/\/gaudiumetspes-blog.pl\/index.php\/author\/ks-jacek\/"}]}},"jetpack_featured_media_url":"","jetpack_sharing_enabled":true,"_links":{"self":[{"href":"https:\/\/gaudiumetspes-blog.pl\/index.php\/wp-json\/wp\/v2\/posts\/14556","targetHints":{"allow":["GET"]}}],"collection":[{"href":"https:\/\/gaudiumetspes-blog.pl\/index.php\/wp-json\/wp\/v2\/posts"}],"about":[{"href":"https:\/\/gaudiumetspes-blog.pl\/index.php\/wp-json\/wp\/v2\/types\/post"}],"author":[{"embeddable":true,"href":"https:\/\/gaudiumetspes-blog.pl\/index.php\/wp-json\/wp\/v2\/users\/1"}],"replies":[{"embeddable":true,"href":"https:\/\/gaudiumetspes-blog.pl\/index.php\/wp-json\/wp\/v2\/comments?post=14556"}],"version-history":[{"count":1,"href":"https:\/\/gaudiumetspes-blog.pl\/index.php\/wp-json\/wp\/v2\/posts\/14556\/revisions"}],"predecessor-version":[{"id":15390,"href":"https:\/\/gaudiumetspes-blog.pl\/index.php\/wp-json\/wp\/v2\/posts\/14556\/revisions\/15390"}],"wp:attachment":[{"href":"https:\/\/gaudiumetspes-blog.pl\/index.php\/wp-json\/wp\/v2\/media?parent=14556"}],"wp:term":[{"taxonomy":"category","embeddable":true,"href":"https:\/\/gaudiumetspes-blog.pl\/index.php\/wp-json\/wp\/v2\/categories?post=14556"},{"taxonomy":"post_tag","embeddable":true,"href":"https:\/\/gaudiumetspes-blog.pl\/index.php\/wp-json\/wp\/v2\/tags?post=14556"}],"curies":[{"name":"wp","href":"https:\/\/api.w.org\/{rel}","templated":true}]}}