{"id":14558,"date":"2019-06-27T08:27:00","date_gmt":"2019-06-27T06:27:00","guid":{"rendered":"https:\/\/gaudiumetspes-blog.pl\/index.php\/2019\/06\/27\/bog-ma-czas\/"},"modified":"2019-07-31T13:04:38","modified_gmt":"2019-07-31T11:04:38","slug":"bog-ma-czas","status":"publish","type":"post","link":"https:\/\/gaudiumetspes-blog.pl\/index.php\/2019\/06\/27\/bog-ma-czas\/","title":{"rendered":"B\u00f3g ma czas"},"content":{"rendered":"<div class=\"separator\" style=\"clear: both; text-align: center;\">\n<a href=\"https:\/\/gaudiumetspes-blog.pl\/wp-content\/uploads\/2019\/06\/IMG_8382-768x1024.jpg\" imageanchor=\"1\" style=\"clear: right; float: right; margin-bottom: 1em; margin-left: 1em;\"><img loading=\"lazy\" decoding=\"async\" border=\"0\" data-original-height=\"1600\" data-original-width=\"1200\" height=\"320\" src=\"https:\/\/gaudiumetspes-blog.pl\/wp-content\/uploads\/2019\/06\/IMG_8382-768x1024.jpg\" width=\"240\" \/><\/a><\/div>\n<p><b><i>(Rdz 16,1-12.15-16) <\/i><br \/><i>Saraj, \u017cona Abrahama, nie urodzi\u0142a mu potomka. Mia\u0142a za\u015b niewolnic\u0119 Egipcjank\u0119, imieniem Hagar. Rzek\u0142a wi\u0119c Saraj do Abrama: \u201ePoniewa\u017c Pan zamkn\u0105\u0142 mi \u0142ono, abym nie rodzi\u0142a, zbli\u017c si\u0119 do mojej niewolnicy; mo\u017ce z niej b\u0119d\u0119 mia\u0142a dzieci\u201d. Abram us\u0142ucha\u0142 rady Saraj. Saraj, \u017cona Abrama, wzi\u0119\u0142a zatem niewolnic\u0119 Hagar, Egipcjank\u0119, i da\u0142a j\u0105 za \u017con\u0119 m\u0119\u017cowi swemu Abramowi, gdy ju\u017c min\u0119\u0142o dziesi\u0119\u0107 lat, odk\u0105d Abram osiedli\u0142 si\u0119 w Kanaanie. Abram zbli\u017cy\u0142 si\u0119 do Hagar i ta sta\u0142a si\u0119 brzemienn\u0105. A widz\u0105c, \u017ce jest brzemienna, zacz\u0119\u0142a lekcewa\u017cy\u0107 sw\u0105 pani\u0105. Wtedy Saraj rzek\u0142a do Abrama: \u201ePrzez ciebie doznaj\u0119 zniewagi; ja sama da\u0142am ci moj\u0105 niewolnic\u0119 za \u017con\u0119, ona za\u015b czuj\u0105c si\u0119 brzemienn\u0105, lekcewa\u017cy mnie. Niechaj Pan b\u0119dzie s\u0119dzi\u0105 mi\u0119dzy mn\u0105 a tob\u0105!\u201d Abram rzek\u0142 do Saraj: \u201ePrzecie\u017c niewolnica twoja jest w twojej mocy: post\u0105p z ni\u0105, jak b\u0119dziesz uwa\u017ca\u0142a za dobre\u201d. Kiedy Saraj upokorzy\u0142a Hagar, ta uciek\u0142a od niej. Anio\u0142 Pana znalaz\u0142 Hagar na pustyni u \u017ar\u00f3d\u0142a przy drodze wiod\u0105cej do Szur i zapyta\u0142: \u201eHagar, niewolnico Saraj, sk\u0105d przysz\u0142a\u015b i dok\u0105d idziesz?\u201d A ona odpowiedzia\u0142a: \u201eUciek\u0142am od mojej pani, Saraj\u201d. Wtedy anio\u0142 Pana rzek\u0142 do niej: \u201eWr\u00f3\u0107 do twej pani i pokornie poddaj si\u0119 pod jej w\u0142adz\u0119\u201d. Po czym anio\u0142 Pana oznajmi\u0142: \u201eBardzo rozmno\u017c\u0119 twoje potomstwo, tak \u017ce nie b\u0119dzie mo\u017cna go policzy\u0107\u201d. I m\u00f3wi\u0142: \u201eJeste\u015b brzemienna i urodzisz syna, kt\u00f3remu dasz imi\u0119 Izmael, bo s\u0142ysza\u0142 Pan, gdy by\u0142a\u015b upokorzona. A b\u0119dzie to cz\u0142owiek dziki jak onager: b\u0119dzie on walczy\u0142 przeciwko wszystkim i wszyscy przeciwko niemu; b\u0119dzie on utrapieniem swych pobratymc\u00f3w\u201d. Hagar urodzi\u0142a Abramowi syna. I Abram nazwa\u0142 zrodzonego mu przez Hagar syna imieniem Izmael. Abram mia\u0142 lat osiemdziesi\u0105t sze\u015b\u0107, gdy mu Hagar urodzi\u0142a Izmaela.<\/i><\/p>\n<p><i>(Mt 7,21-29) <\/i><br \/><i>Jezus powiedzia\u0142 do swoich uczni\u00f3w: \u201eNie ka\u017cdy, kt\u00f3ry Mi m\u00f3wi: &#8222;Panie, Panie&#8221;, wejdzie do kr\u00f3lestwa niebieskiego, lecz ten, kto spe\u0142nia wol\u0119 mojego Ojca, kt\u00f3ry jest w niebie. Wielu powie Mi w owym dniu: Panie, Panie, czy nie prorokowali\u015bmy moc\u0105 Twego imienia i nie wyrzucali\u015bmy z\u0142ych duch\u00f3w moc\u0105 Twego imienia, i nie czynili\u015bmy wielu cud\u00f3w moc\u0105 Twego imienia?&#8221; Wtedy im o\u015bwiadcz\u0119: &#8222;Nigdy was nie zna\u0142em. Odejd\u017acie ode Mnie wy, kt\u00f3rzy dopuszczacie si\u0119 nieprawo\u015bci&#8221;. Ka\u017cdego wi\u0119c, kto tych s\u0142\u00f3w moich s\u0142ucha i wype\u0142nia je, mo\u017cna por\u00f3wna\u0107 z cz\u0142owiekiem roztropnym, kt\u00f3ry dom sw\u00f3j zbudowa\u0142 na skale. Spad\u0142 deszcz, wezbra\u0142y potoki, zerwa\u0142y si\u0119 wichry i uderzy\u0142y w ten dom. On jednak nie run\u0105\u0142, bo na skale by\u0142 utwierdzony. Ka\u017cdego za\u015b, kto tych s\u0142\u00f3w moich s\u0142ucha, a nie wype\u0142nia ich, mo\u017cna por\u00f3wna\u0107 z cz\u0142owiekiem nierozs\u0105dnym, kt\u00f3ry dom sw\u00f3j zbudowa\u0142 na piasku. Spad\u0142 deszcz, wezbra\u0142y potoki, zerwa\u0142y si\u0119 wichry, i rzuci\u0142y si\u0119 na ten dom. I run\u0105\u0142, a upadek jego by\u0142 wielki\u201d. Gdy Jezus doko\u0144czy\u0142 tych m\u00f3w, t\u0142umy zdumiewa\u0142y si\u0119 Jego nauk\u0105. Uczy\u0142 ich bowiem jak ten, kt\u00f3ry ma w\u0142adz\u0119, a nie jak ich uczeni w Pi\u015bmie.<\/i><\/p>\n<p>Niech b\u0119dzie pochwalony Jezus Chrystus!<\/b><\/p>\n<p>Pozdrawiam Was bardzo serdecznie z Surgutu, z Syberii. <\/p>\n<p>Tak, jeszcze jestem tu, a jutro mam nadziej\u0119, wieczorem b\u0119d\u0119 w Polsce. Jak tam pogoda? U nas wczoraj by\u0142o +9.<\/p>\n<p>We wczorajszym wst\u0119pie, jak to cz\u0119sto bywa, ks. Jacek troch\u0119 przesadzi\u0142 z zapowiedzi\u0105 dzisiejszego s\u0142\u00f3wka, z tym \u017carem i gor\u0105cem, ale dzi\u0119kuj\u0119 za mi\u0142e s\u0142owa. <\/p>\n<p>A wi\u0119c spr\u00f3bujmy wsp\u00f3lnie pochyli\u0107 si\u0119 nad dzisiejszym s\u0142owem Bo\u017cym. <\/p>\n<p>Kiedy czytam dzisiejsz\u0105 Ewangeli\u0119, my\u015bl\u0119 sobie &#8211; nawet Ewangelia o budowie. Ja tu teraz my\u015bl\u0119 nad tym jak wybudowa\u0107 dom parafialny w Surgucie, jak wyremontowa\u0107 dom pod kaplic\u0119 w Koga\u0142ymie, podejmuje decyzje, szukam \u015brodk\u00f3w na zrobienie tego (tu licz\u0119, \u017ce pobyt w Polsce b\u0119dzie pomocny), my\u015bl\u0119 jak to zrobi\u0107, \u017ceby z pracami zd\u0105\u017cy\u0107 w przeci\u0105gu tak kr\u00f3tkiego u nas lata. Dzi\u015b jeszcze czeka mnie kilka spotka\u0144 w tej sprawie, \u017ceby proces nie zatrzyma\u0142 si\u0119 w czasie mojego urlopu. <\/p>\n<p>I dzi\u015b Jezus wykorzystuje ten temat budowy, \u017ceby powiedzie\u0107 o s\u0142uchaniu s\u0142owa Bo\u017cego. Jezus wykorzystuje to o czym my\u015bl\u0105 ludzie, o czym my my\u015blimy i co prze\u017cywamy, \u017ceby opowiedzie\u0107 o duchowych sprawach. Dla ludzi poch\u0142oni\u0119tych budow\u0105, taki obraz okazuje si\u0119 czym\u015b bliskim i zrozumia\u0142ym.  <\/p>\n<p>A Jezus m\u00f3wi o \u017cyciu s\u0142owem. Ciekawe, \u017ce zar\u00f3wno ten kto buduje na skale, jak i ten kto buduje na piasku, to obraz ludzi, kt\u00f3rzy s\u0142uchaj\u0105 s\u0142owa Bo\u017cego, tylko jedni wype\u0142niaj\u0105 us\u0142yszane rady i wprowadzaj\u0105 je w \u017cycie, drudzy nie wype\u0142niaj\u0105. W tej przypowie\u015bci nie ma miejsca dla ludzi, kt\u00f3rzy nie s\u0142uchaj\u0105 s\u0142owa w og\u00f3le. <\/p>\n<p>A zatem to czym si\u0119 zajmujemy, to \u017cycie s\u0142owem Bo\u017cym. <\/p>\n<p><a name='more'><\/a><\/p>\n<div class=\"separator\" style=\"clear: both; text-align: center;\">\n<a href=\"https:\/\/gaudiumetspes-blog.pl\/wp-content\/uploads\/2019\/06\/fullsizeoutput_5441-1024x680.jpeg\" imageanchor=\"1\" style=\"clear: left; float: left; margin-bottom: 1em; margin-right: 1em;\"><img loading=\"lazy\" decoding=\"async\" border=\"0\" data-original-height=\"1063\" data-original-width=\"1600\" height=\"212\" src=\"https:\/\/gaudiumetspes-blog.pl\/wp-content\/uploads\/2019\/06\/fullsizeoutput_5441-1024x680.jpeg\" width=\"320\" \/><\/a><\/div>\n<p>Jak trudno pochyli\u0107 si\u0119 nad s\u0142owem Bo\u017cym, je\u015bli wok\u00f3\u0142 tyle spraw, kt\u00f3re pr\u00f3bujemy za\u0142atwi\u0107, ze wszystkim zd\u0105\u017cy\u0107. Czasem s\u0142ysz\u0119 &#8211; ksi\u0119dzu to \u0142atwo powiedzie\u0107 &#8211; ja mam rodzin\u0119, prac\u0119, kiedy zd\u0105\u017cy\u0107 jeszcze z rozmy\u015blaniem nad s\u0142owem Bo\u017cym?<\/p>\n<p>Pos\u0142usze\u0144stwo s\u0142owu Bo\u017cemu my cz\u0119sto kojarzymy sobie z prac\u0105, z dzia\u0142aniem, \u017ce Pan B\u00f3g tego od nas oczekuje, tego \u017c\u0105da. Tymczasem dzisiejsze s\u0142owo, zw\u0142aszcza pierwsze czytanie pokazuje, \u017ce pos\u0142usze\u0144stwo s\u0142owu Bo\u017cemu to tak\u017ce zaufanie, wytrwa\u0142e czekanie na odpowied\u017a Pana Boga, cierpliwe oczekiwanie na spe\u0142nienie obietnicy.  <\/p>\n<p>Abramowi, za namow\u0105 Saraj, zabrak\u0142o owej cierpliwo\u015bci w oczekiwaniu na spe\u0142nienie Bo\u017cej obietnicy. Postanowili wzi\u0105\u0107 sprawy w swoje r\u0119ce. Potem zaczynaj\u0105 si\u0119 problemy, potem zaczyna si\u0119 cierpienie, nerwy, k\u0142\u00f3tnie\u2026 Tak to jest je\u015bli cz\u0142owiek nie zaufa Panu Bogu do ko\u0144ca, tak jest kiedy cz\u0142owiek zaczyna sam bra\u0107 sprawy w swoje r\u0119ce. <\/p>\n<p>Pan B\u00f3g ma czas, Pan B\u00f3g ma ca\u0142\u0105 wieczno\u015b\u0107. <\/p>\n<p>To my nie mamy czasu, my chcemy mie\u0107 wszystko natychmiast i uwa\u017camy, \u017ce i Pan B\u00f3g powinien tak dzia\u0142a\u0107. Pr\u00f3bujemy na Panu Bogu wym\u00f3c to, \u017ceby dzia\u0142a\u0142 szybciej, a On czasem zwleka, On ma czas, On ma wieczno\u015b\u0107. <\/p>\n<p>Ja tu cz\u0119sto widz\u0119, kiedy spotykam si\u0119 z lud\u017ami, tak by si\u0119 chcia\u0142o, \u017ceby oni uwierzyli tak g\u0142\u0119boko, a tu jaki\u015b op\u00f3r, jakie\u015b niezrozumienie. A cz\u0119sto przechodzi troch\u0119 czasu i okazuje si\u0119, \u017ce cz\u0142owiek co\u015b zrozumia\u0142, \u017ce si\u0119 otworzy\u0142. Trzeba by\u0142o modli\u0107 si\u0119 i czeka\u0107. <\/p>\n<p>Niedawno do ko\u015bcio\u0142a przyszli ludzie, okaza\u0142o si\u0119, \u017ce dobrzy znajomi naszej s. Teresy z Ukrainy. Niespodziewane spotkanie po latach, gdzie\u015b daleko od Ukrainy, w surguckim ko\u015bciele. Przyjechali, bo ich starszy brat mia\u0142 jubileusz &#8211; 60 lat \u017cycia. Brat mieszka w Nieftejugansku, 70 km. od Surgutu. Okazuje si\u0119, \u017ce te\u017c katolik. Zaczynamy rozmow\u0119, obiecuj\u0105, \u017ce w niedziel\u0119 z \u017con\u0105 przyjad\u0105 do ko\u015bcio\u0142a. Przyje\u017cd\u017caj\u0105 oni i jeszcze ich przyjaciele te\u017c katolicy. Wczoraj z obiema parami spisali\u015bmy protok\u00f3\u0142 przed\u015blubny i by\u0142a pierwsza katecheza przygotowuj\u0105ca do sakrament\u00f3w. Nigdy nie przyjmowali Komunii, nigdy si\u0119 nie spowiadali. <\/p>\n<p>Po blisko 40 latach wsp\u00f3lnego \u017cycia, kiedy ju\u017c maj\u0105 wnuk\u00f3w, otworzyli si\u0119 na Pana Boga, szcz\u0119\u015bliwi sami, szcz\u0119\u015bliwi ich bliscy. Tyle lat trzeba by\u0142o czeka\u0107, by dojrza\u0142o ziarno wiary. <\/p>\n<p>Umie\u0107 czeka\u0107, czeka\u0107 na spe\u0142nienie obietnicy, na odpowied\u017a Pana Boga kiedy Go o co\u015b prosimy. To czekanie jest trudne, nawet wielki Abram sobie z tym nie poradzi\u0142. <\/p>\n<p>A w naszym zwyk\u0142ym \u017cyciu, jak cz\u0119sto nie umiemy czeka\u0107, jak cz\u0119sto si\u0119 denerwujemy, bo czego\u015b, albo kogo\u015b nie ma ju\u017c\u2026 <\/p>\n<p>Je\u015bli nie ma ju\u017c to znaczy &#8211; trzeba si\u0119 z tym zwr\u00f3ci\u0107 do Pana Boga, pomodli\u0107 si\u0119, odda\u0107 Jemu i zaufa\u0107. On zd\u0105\u017cy, On ma czas &#8211; Jego jest czas i wieczno\u015b\u0107. <\/p>\n<p>Spr\u00f3bujmy dzi\u015b \u0107wiczy\u0107 si\u0119 w cierpliwym czekaniu. <\/p>\n<div class=\"separator\" style=\"clear: both; text-align: center;\">\n<a href=\"https:\/\/gaudiumetspes-blog.pl\/wp-content\/uploads\/2019\/06\/IMG_8385-768x1024.jpg\" imageanchor=\"1\" style=\"clear: right; float: right; margin-bottom: 1em; margin-left: 1em;\"><img loading=\"lazy\" decoding=\"async\" border=\"0\" data-original-height=\"1600\" data-original-width=\"1200\" height=\"320\" src=\"https:\/\/gaudiumetspes-blog.pl\/wp-content\/uploads\/2019\/06\/IMG_8385-768x1024.jpg\" width=\"240\" \/><\/a><\/div>\n<p>A co na Syberii?<\/p>\n<p>W niedziele by\u0142o Bo\u017ce Cia\u0142o. Proponuj\u0119 kilka zdj\u0119\u0107. Nie jest to u nas z takim rozmachem jak w Polsce, du\u017co skromniej, du\u017co pro\u015bciej i ludzi nie tyle. A jeszcze na pr\u00f3b\u0119 nie poprzychodzili, w procesji chodzili jak chcieli, ministranci &#8211; do\u015bwiadczeni zawiedli, nowi nie wiedzieli jak trzeba, zapomnieli kadzid\u0142a i jeszcze paru wa\u017cnych rzeczy, trzeba by\u0142o czeka\u0107 przy o\u0142tarzu, taka dodatkowa chwila adoracji. Kiedy tak nios\u0142em Pana Jezusa i tak patrzy\u0142em na Niego to si\u0119 modli\u0142em &#8211; Panie Jezu, o tak Ci\u0119 dzi\u015b umiemy adorowa\u0107, uwielbia\u0107, tak prosto, niezdarnie, ale przyjmij nasze uwielbienie takie, na jakie jeste\u015bmy w stanie dzi\u015b si\u0119 zdoby\u0107. Niech Ci si\u0119 i to podoba. <\/p>\n<p>Dla tych ludzi, kt\u00f3rzy mo\u017ce w najlepszym wypadku kilka razy w \u017cyciu widzieli i uczestniczyli w procesji, a wielu pierwszy raz w \u017cyciu, to by\u0142o niezwyk\u0142e wydarzenie. To ja widzia\u0142em czego tam jeszcze brakowa\u0142o, mo\u017ce jeszcze siostra. Dla ludzi to by\u0142o pi\u0119kne prze\u017cycie wiary. A i Pan B\u00f3g pob\u0142ogos\u0142awi\u0142 pogod\u0105. + 18, pi\u0119kne s\u0142o\u0144ce, nie za ciep\u0142o i nie za zimno, warunki idealne na procesj\u0119. <\/p>\n<p>A na koniec jeszcze, po wszystkim, c\u00f3rka naszej parafianki, piosenkarka rosyjska, troch\u0119 nawet znana w Rosji, kt\u00f3ra przyjecha\u0142a z Moskwy, za\u015bpiewa\u0142a nam swoj\u0105 pie\u015b\u0144, taki ma\u0142y koncert uwielbienia. Swoj\u0105 drog\u0105, to pi\u0119kne, \u017ce s\u0105 w Bo\u017ce Cia\u0142o koncerty uwielbienia w Polsce. Obejrza\u0142em sobie zapis koncertu &#8211; Jednego serca, jednego ducha, z Rzeszowa. Niesamowite!<\/p>\n<p>We wtorek jeszcze je\u017adzili\u015bmy do Chanty-Mansyjska, zebra\u0142a si\u0119 nasza m\u0142oda wsp\u00f3lnota, wieczorem Msza \u015aw., przenocowali\u015bmy. I kiedy odje\u017cd\u017cali\u015bmy dostali\u015bmy wiadomo\u015b\u0107, \u017ce urodzi\u0142o si\u0119 tam dziecko, kolejna ma\u0142a parafianka, wnuczka Jakuba, kt\u00f3ry nas tam przyjmowa\u0142. Niech Pan B\u00f3g b\u0119dzie uwielbiony. <\/p>\n<p>Starczy na dzi\u015b, trzeba si\u0119 pakowa\u0107 i zbiera\u0107 na wyjazd\u2026 <\/p>\n<p>Jutro przylatuj\u0119. W niedziel\u0119 b\u0119d\u0119 na Mszach \u015aw. w rodzinnej parafii, Chrystusa Mi\u0142osiernego w Bia\u0142ej Podlaskiej. Je\u015bli kto\u015b, kto czyta, jest stamt\u0105d to zapraszam.  <\/p>\n<p>Niech Was b\u0142ogos\u0142awi B\u00f3g Wszechmog\u0105cy, Ojciec + i Syn, i Duch \u015awi\u0119ty. Amen. <\/p>\n<p>Pozdrawiam. <\/p>\n<p>Z Bogiem!<\/p>\n<div class=\"separator\" style=\"clear: both; text-align: center;\">\n<a href=\"https:\/\/gaudiumetspes-blog.pl\/wp-content\/uploads\/2019\/06\/fullsizeoutput_544e-1024x680.jpeg\" imageanchor=\"1\" style=\"clear: right; float: right; margin-bottom: 1em; margin-left: 1em;\"><img loading=\"lazy\" decoding=\"async\" border=\"0\" data-original-height=\"1063\" data-original-width=\"1600\" height=\"212\" src=\"https:\/\/gaudiumetspes-blog.pl\/wp-content\/uploads\/2019\/06\/fullsizeoutput_544e-1024x680.jpeg\" width=\"320\" \/><\/a><\/div>\n<div class=\"separator\" style=\"clear: both; text-align: center;\">\n<\/div>\n<div class=\"separator\" style=\"clear: both; text-align: center;\">\n<a href=\"https:\/\/gaudiumetspes-blog.pl\/wp-content\/uploads\/2019\/06\/fullsizeoutput_545d-1024x680.jpeg\" imageanchor=\"1\" style=\"margin-left: 1em; margin-right: 1em;\"><img loading=\"lazy\" decoding=\"async\" border=\"0\" data-original-height=\"1063\" data-original-width=\"1600\" height=\"212\" src=\"https:\/\/gaudiumetspes-blog.pl\/wp-content\/uploads\/2019\/06\/fullsizeoutput_545d-1024x680.jpeg\" width=\"320\" \/><\/a><\/div>\n<div class=\"separator\" style=\"clear: both; text-align: center;\">\n<\/div>\n<table align=\"center\" cellpadding=\"0\" cellspacing=\"0\" class=\"tr-caption-container\" style=\"float: left; margin-right: 1em; text-align: left;\">\n<tbody>\n<tr>\n<td style=\"text-align: center;\"><a href=\"https:\/\/gaudiumetspes-blog.pl\/wp-content\/uploads\/2019\/06\/fullsizeoutput_55de-1024x680.jpeg\" imageanchor=\"1\" style=\"margin-left: auto; margin-right: auto;\"><img loading=\"lazy\" decoding=\"async\" border=\"0\" data-original-height=\"1062\" data-original-width=\"1600\" height=\"212\" src=\"https:\/\/gaudiumetspes-blog.pl\/wp-content\/uploads\/2019\/06\/fullsizeoutput_55de-1024x680.jpeg\" width=\"320\" \/><\/a><\/td>\n<\/tr>\n<tr>\n<td class=\"tr-caption\" style=\"text-align: center;\">W Chanty-Mansyjsku, po Mszy \u015aw.<\/td>\n<\/tr>\n<\/tbody>\n<\/table>\n<div class=\"separator\" style=\"clear: both; text-align: center;\">\n<\/div>\n<div class=\"separator\" style=\"clear: both; text-align: center;\">\n<a href=\"https:\/\/flic.kr\/s\/aHsmEt9nhP\">https:\/\/flic.kr\/s\/aHsmEt9nhP<\/a><\/div>\n<div class=\"separator\" style=\"clear: both; text-align: center;\">\n<\/div>\n<div class=\"separator\" style=\"clear: both; text-align: center;\">\nlink do zdj\u0119\u0107 z Bo\u017cego Cia\u0142a<\/div>\n<div class=\"separator\" style=\"clear: both; text-align: center;\">\n<\/div>\n<div class=\"separator\" style=\"clear: both; text-align: center;\">\n<a href=\"https:\/\/sib-catholic.ru\/torzhestvo-presvyatyih-tela-i-krovi-hrista-v-prihodah-preobrazhenskoy-eparhii-foto\/\">https:\/\/sib-catholic.ru\/torzhestvo-presvyatyih-tela-i-krovi-hrista-v-prihodah-preobrazhenskoy-eparhii-foto\/<\/a><\/div>\n<div class=\"separator\" style=\"clear: both; text-align: center;\">\n<\/div>\n<p>P.s.<\/p>\n<div>\nJeszcze zapomnia\u0142em zaznaczy\u0107, \u017ce dzi\u015b w liturgii wspomnienie dowolne Matki Bo\u017cej Nieustaj\u0105cej Pomocy. W wielu ko\u015bcio\u0142ach &#8211; u nas te\u017c &#8211; co tydzie\u0144 jest nowenna. Ni\u017cej fotografia naszej pi\u0119knej ikony. To nabo\u017ce\u0144stwo niew\u0105tpliwie przyci\u0105ga ludzi, w naszej parafii jest to zauwa\u017calne. Ludzie mog\u0105 spontanicznie wyrazi\u0107 swoj\u0105 wdzi\u0119czno\u015b\u0107 i pro\u015bby.&nbsp;<\/div>\n<div>\nI oczywi\u015bcie prosz\u0119 Was o modlitw\u0119 za mnie i moj\u0105 parafi\u0119. Wiele jest tu spraw potrzebuj\u0105cych omodlenia. Dzi\u0119ki!<\/div>\n<div>\n<\/div>\n<div class=\"separator\" style=\"clear: both; text-align: center;\">\n<a href=\"https:\/\/gaudiumetspes-blog.pl\/wp-content\/uploads\/2019\/06\/IMG_8460-768x1024.jpg\" imageanchor=\"1\" style=\"clear: left; float: left; margin-bottom: 1em; margin-right: 1em;\"><img loading=\"lazy\" decoding=\"async\" border=\"0\" data-original-height=\"1600\" data-original-width=\"1200\" height=\"320\" src=\"https:\/\/gaudiumetspes-blog.pl\/wp-content\/uploads\/2019\/06\/IMG_8460-768x1024.jpg\" width=\"240\" \/><\/a><\/div>\n<p><\/p>\n<div class=\"separator\" style=\"clear: both; text-align: center;\">\n<a href=\"https:\/\/gaudiumetspes-blog.pl\/wp-content\/uploads\/2019\/06\/IMG_8461-768x1024.jpg\" imageanchor=\"1\" style=\"clear: right; float: right; margin-bottom: 1em; margin-left: 1em;\"><img loading=\"lazy\" decoding=\"async\" border=\"0\" data-original-height=\"1600\" data-original-width=\"1200\" height=\"320\" src=\"https:\/\/gaudiumetspes-blog.pl\/wp-content\/uploads\/2019\/06\/IMG_8461-768x1024.jpg\" width=\"240\" \/><\/a><\/div>\n<div>\n<\/p>\n<div class=\"separator\" style=\"clear: both; text-align: center;\">\n<\/div>\n<p><\/div>\n","protected":false},"excerpt":{"rendered":"<p>(Rdz 16,1-12.15-16) Saraj, \u017cona Abrahama, nie urodzi\u0142a mu potomka. Mia\u0142a za\u015b niewolnic\u0119 Egipcjank\u0119, imieniem Hagar. Rzek\u0142a wi\u0119c Saraj do Abrama: \u201ePoniewa\u017c Pan zamkn\u0105\u0142 mi \u0142ono, abym nie rodzi\u0142a, zbli\u017c si\u0119 do mojej niewolnicy; mo\u017ce z niej b\u0119d\u0119 mia\u0142a dzieci\u201d. Abram us\u0142ucha\u0142 rady Saraj. Saraj, \u017cona Abrama, wzi\u0119\u0142a zatem niewolnic\u0119 Hagar, Egipcjank\u0119, i da\u0142a j\u0105 za [&hellip;]<\/p>\n","protected":false},"author":1,"featured_media":0,"comment_status":"open","ping_status":"open","sticky":false,"template":"","format":"standard","meta":{"jetpack_post_was_ever_published":false,"_jetpack_newsletter_access":"","_jetpack_dont_email_post_to_subs":false,"_jetpack_newsletter_tier_id":0,"_jetpack_memberships_contains_paywalled_content":false,"_jetpack_memberships_contains_paid_content":false,"footnotes":""},"categories":[1],"tags":[],"class_list":["post-14558","post","type-post","status-publish","format-standard","hentry","category-bez-kategorii"],"yoast_head":"<!-- This site is optimized with the Yoast SEO plugin v25.1 - https:\/\/yoast.com\/wordpress\/plugins\/seo\/ -->\n<title>B\u00f3g ma czas - Gaudium Et Spes<\/title>\n<meta name=\"robots\" content=\"index, follow, max-snippet:-1, max-image-preview:large, max-video-preview:-1\" \/>\n<link rel=\"canonical\" href=\"https:\/\/gaudiumetspes-blog.pl\/index.php\/2019\/06\/27\/bog-ma-czas\/\" \/>\n<meta property=\"og:locale\" content=\"pl_PL\" \/>\n<meta property=\"og:type\" content=\"article\" \/>\n<meta property=\"og:title\" content=\"B\u00f3g ma czas - Gaudium Et Spes\" \/>\n<meta property=\"og:description\" content=\"(Rdz 16,1-12.15-16) Saraj, \u017cona Abrahama, nie urodzi\u0142a mu potomka. Mia\u0142a za\u015b niewolnic\u0119 Egipcjank\u0119, imieniem Hagar. Rzek\u0142a wi\u0119c Saraj do Abrama: \u201ePoniewa\u017c Pan zamkn\u0105\u0142 mi \u0142ono, abym nie rodzi\u0142a, zbli\u017c si\u0119 do mojej niewolnicy; mo\u017ce z niej b\u0119d\u0119 mia\u0142a dzieci\u201d. Abram us\u0142ucha\u0142 rady Saraj. Saraj, \u017cona Abrama, wzi\u0119\u0142a zatem niewolnic\u0119 Hagar, Egipcjank\u0119, i da\u0142a j\u0105 za [&hellip;]\" \/>\n<meta property=\"og:url\" content=\"https:\/\/gaudiumetspes-blog.pl\/index.php\/2019\/06\/27\/bog-ma-czas\/\" \/>\n<meta property=\"og:site_name\" content=\"Gaudium Et Spes\" \/>\n<meta property=\"article:published_time\" content=\"2019-06-27T06:27:00+00:00\" \/>\n<meta property=\"article:modified_time\" content=\"2019-07-31T11:04:38+00:00\" \/>\n<meta property=\"og:image\" content=\"https:\/\/gaudiumetspes-blog.pl\/wp-content\/uploads\/2019\/06\/IMG_8382-768x1024.jpg\" \/>\n<meta name=\"author\" content=\"Ks. Jacek\" \/>\n<meta name=\"twitter:card\" content=\"summary_large_image\" \/>\n<meta name=\"twitter:label1\" content=\"Napisane przez\" \/>\n\t<meta name=\"twitter:data1\" content=\"Ks. Jacek\" \/>\n\t<meta name=\"twitter:label2\" content=\"Szacowany czas czytania\" \/>\n\t<meta name=\"twitter:data2\" content=\"9 minut\" \/>\n<script type=\"application\/ld+json\" class=\"yoast-schema-graph\">{\"@context\":\"https:\/\/schema.org\",\"@graph\":[{\"@type\":\"WebPage\",\"@id\":\"https:\/\/gaudiumetspes-blog.pl\/index.php\/2019\/06\/27\/bog-ma-czas\/\",\"url\":\"https:\/\/gaudiumetspes-blog.pl\/index.php\/2019\/06\/27\/bog-ma-czas\/\",\"name\":\"B\u00f3g ma czas - Gaudium Et Spes\",\"isPartOf\":{\"@id\":\"https:\/\/gaudiumetspes-blog.pl\/#website\"},\"primaryImageOfPage\":{\"@id\":\"https:\/\/gaudiumetspes-blog.pl\/index.php\/2019\/06\/27\/bog-ma-czas\/#primaryimage\"},\"image\":{\"@id\":\"https:\/\/gaudiumetspes-blog.pl\/index.php\/2019\/06\/27\/bog-ma-czas\/#primaryimage\"},\"thumbnailUrl\":\"https:\/\/gaudiumetspes-blog.pl\/wp-content\/uploads\/2019\/06\/IMG_8382-768x1024.jpg\",\"datePublished\":\"2019-06-27T06:27:00+00:00\",\"dateModified\":\"2019-07-31T11:04:38+00:00\",\"author\":{\"@id\":\"https:\/\/gaudiumetspes-blog.pl\/#\/schema\/person\/1661982992b752dea8dff0d4ed845a65\"},\"breadcrumb\":{\"@id\":\"https:\/\/gaudiumetspes-blog.pl\/index.php\/2019\/06\/27\/bog-ma-czas\/#breadcrumb\"},\"inLanguage\":\"pl-PL\",\"potentialAction\":[{\"@type\":\"ReadAction\",\"target\":[\"https:\/\/gaudiumetspes-blog.pl\/index.php\/2019\/06\/27\/bog-ma-czas\/\"]}]},{\"@type\":\"ImageObject\",\"inLanguage\":\"pl-PL\",\"@id\":\"https:\/\/gaudiumetspes-blog.pl\/index.php\/2019\/06\/27\/bog-ma-czas\/#primaryimage\",\"url\":\"https:\/\/gaudiumetspes-blog.pl\/wp-content\/uploads\/2019\/06\/IMG_8382-768x1024.jpg\",\"contentUrl\":\"https:\/\/gaudiumetspes-blog.pl\/wp-content\/uploads\/2019\/06\/IMG_8382-768x1024.jpg\"},{\"@type\":\"BreadcrumbList\",\"@id\":\"https:\/\/gaudiumetspes-blog.pl\/index.php\/2019\/06\/27\/bog-ma-czas\/#breadcrumb\",\"itemListElement\":[{\"@type\":\"ListItem\",\"position\":1,\"name\":\"Strona g\u0142\u00f3wna\",\"item\":\"https:\/\/gaudiumetspes-blog.pl\/\"},{\"@type\":\"ListItem\",\"position\":2,\"name\":\"B\u00f3g ma czas\"}]},{\"@type\":\"WebSite\",\"@id\":\"https:\/\/gaudiumetspes-blog.pl\/#website\",\"url\":\"https:\/\/gaudiumetspes-blog.pl\/\",\"name\":\"Gaudium Et Spes\",\"description\":\"Blog Ks. Jacka Ja\u015bkowskiego\",\"potentialAction\":[{\"@type\":\"SearchAction\",\"target\":{\"@type\":\"EntryPoint\",\"urlTemplate\":\"https:\/\/gaudiumetspes-blog.pl\/?s={search_term_string}\"},\"query-input\":{\"@type\":\"PropertyValueSpecification\",\"valueRequired\":true,\"valueName\":\"search_term_string\"}}],\"inLanguage\":\"pl-PL\"},{\"@type\":\"Person\",\"@id\":\"https:\/\/gaudiumetspes-blog.pl\/#\/schema\/person\/1661982992b752dea8dff0d4ed845a65\",\"name\":\"Ks. Jacek\",\"image\":{\"@type\":\"ImageObject\",\"inLanguage\":\"pl-PL\",\"@id\":\"https:\/\/gaudiumetspes-blog.pl\/#\/schema\/person\/image\/\",\"url\":\"https:\/\/gaudiumetspes-blog.pl\/wp-content\/uploads\/2019\/07\/avatar-JJ-150x150.jpg\",\"contentUrl\":\"https:\/\/gaudiumetspes-blog.pl\/wp-content\/uploads\/2019\/07\/avatar-JJ-150x150.jpg\",\"caption\":\"Ks. Jacek\"},\"description\":\"Witam serdecznie! K\u0142ania si\u0119 Ks. Jacek Ja\u015bkowski. Nie jestem ani kim\u015b wa\u017cnym, ani kim\u015b znanym. Jestem ksi\u0119dzem, kt\u00f3ry po prostu chce rozmawia\u0107. Codzienna kap\u0142a\u0144ska pos\u0142uga pokazuje mi, \u017ce temat\u00f3w do rozm\u00f3w z ksi\u0119dzem jest coraz wi\u0119cej i dzisiaj \u017caden ksi\u0105dz nie mo\u017ce od nich ucieka\u0107, ale - wprost przeciwnie - podejmowa\u0107 nowe wyzwania. To przekonanie sk\u0142oni\u0142o mnie do pr\u00f3by otwarcia tego\u017c bloga, chocia\u017c okazji do rozm\u00f3w na co dzie\u0144 - w konfesjonale i poza nim - na szcz\u0119\u015bcie nie brakuje. My\u015bl\u0119 jednak, \u017ce ten blog b\u0119dzie jeszcze jednym sposobem i przestrzeni\u0105 nawi\u0105zania kontaktu z lud\u017ami dobrej woli, otwartymi na dialog.\",\"url\":\"https:\/\/gaudiumetspes-blog.pl\/index.php\/author\/ks-jacek\/\"}]}<\/script>\n<!-- \/ Yoast SEO plugin. -->","yoast_head_json":{"title":"B\u00f3g ma czas - Gaudium Et Spes","robots":{"index":"index","follow":"follow","max-snippet":"max-snippet:-1","max-image-preview":"max-image-preview:large","max-video-preview":"max-video-preview:-1"},"canonical":"https:\/\/gaudiumetspes-blog.pl\/index.php\/2019\/06\/27\/bog-ma-czas\/","og_locale":"pl_PL","og_type":"article","og_title":"B\u00f3g ma czas - Gaudium Et Spes","og_description":"(Rdz 16,1-12.15-16) Saraj, \u017cona Abrahama, nie urodzi\u0142a mu potomka. Mia\u0142a za\u015b niewolnic\u0119 Egipcjank\u0119, imieniem Hagar. Rzek\u0142a wi\u0119c Saraj do Abrama: \u201ePoniewa\u017c Pan zamkn\u0105\u0142 mi \u0142ono, abym nie rodzi\u0142a, zbli\u017c si\u0119 do mojej niewolnicy; mo\u017ce z niej b\u0119d\u0119 mia\u0142a dzieci\u201d. Abram us\u0142ucha\u0142 rady Saraj. Saraj, \u017cona Abrama, wzi\u0119\u0142a zatem niewolnic\u0119 Hagar, Egipcjank\u0119, i da\u0142a j\u0105 za [&hellip;]","og_url":"https:\/\/gaudiumetspes-blog.pl\/index.php\/2019\/06\/27\/bog-ma-czas\/","og_site_name":"Gaudium Et Spes","article_published_time":"2019-06-27T06:27:00+00:00","article_modified_time":"2019-07-31T11:04:38+00:00","og_image":[{"url":"https:\/\/gaudiumetspes-blog.pl\/wp-content\/uploads\/2019\/06\/IMG_8382-768x1024.jpg","type":"","width":"","height":""}],"author":"Ks. Jacek","twitter_card":"summary_large_image","twitter_misc":{"Napisane przez":"Ks. Jacek","Szacowany czas czytania":"9 minut"},"schema":{"@context":"https:\/\/schema.org","@graph":[{"@type":"WebPage","@id":"https:\/\/gaudiumetspes-blog.pl\/index.php\/2019\/06\/27\/bog-ma-czas\/","url":"https:\/\/gaudiumetspes-blog.pl\/index.php\/2019\/06\/27\/bog-ma-czas\/","name":"B\u00f3g ma czas - Gaudium Et Spes","isPartOf":{"@id":"https:\/\/gaudiumetspes-blog.pl\/#website"},"primaryImageOfPage":{"@id":"https:\/\/gaudiumetspes-blog.pl\/index.php\/2019\/06\/27\/bog-ma-czas\/#primaryimage"},"image":{"@id":"https:\/\/gaudiumetspes-blog.pl\/index.php\/2019\/06\/27\/bog-ma-czas\/#primaryimage"},"thumbnailUrl":"https:\/\/gaudiumetspes-blog.pl\/wp-content\/uploads\/2019\/06\/IMG_8382-768x1024.jpg","datePublished":"2019-06-27T06:27:00+00:00","dateModified":"2019-07-31T11:04:38+00:00","author":{"@id":"https:\/\/gaudiumetspes-blog.pl\/#\/schema\/person\/1661982992b752dea8dff0d4ed845a65"},"breadcrumb":{"@id":"https:\/\/gaudiumetspes-blog.pl\/index.php\/2019\/06\/27\/bog-ma-czas\/#breadcrumb"},"inLanguage":"pl-PL","potentialAction":[{"@type":"ReadAction","target":["https:\/\/gaudiumetspes-blog.pl\/index.php\/2019\/06\/27\/bog-ma-czas\/"]}]},{"@type":"ImageObject","inLanguage":"pl-PL","@id":"https:\/\/gaudiumetspes-blog.pl\/index.php\/2019\/06\/27\/bog-ma-czas\/#primaryimage","url":"https:\/\/gaudiumetspes-blog.pl\/wp-content\/uploads\/2019\/06\/IMG_8382-768x1024.jpg","contentUrl":"https:\/\/gaudiumetspes-blog.pl\/wp-content\/uploads\/2019\/06\/IMG_8382-768x1024.jpg"},{"@type":"BreadcrumbList","@id":"https:\/\/gaudiumetspes-blog.pl\/index.php\/2019\/06\/27\/bog-ma-czas\/#breadcrumb","itemListElement":[{"@type":"ListItem","position":1,"name":"Strona g\u0142\u00f3wna","item":"https:\/\/gaudiumetspes-blog.pl\/"},{"@type":"ListItem","position":2,"name":"B\u00f3g ma czas"}]},{"@type":"WebSite","@id":"https:\/\/gaudiumetspes-blog.pl\/#website","url":"https:\/\/gaudiumetspes-blog.pl\/","name":"Gaudium Et Spes","description":"Blog Ks. Jacka Ja\u015bkowskiego","potentialAction":[{"@type":"SearchAction","target":{"@type":"EntryPoint","urlTemplate":"https:\/\/gaudiumetspes-blog.pl\/?s={search_term_string}"},"query-input":{"@type":"PropertyValueSpecification","valueRequired":true,"valueName":"search_term_string"}}],"inLanguage":"pl-PL"},{"@type":"Person","@id":"https:\/\/gaudiumetspes-blog.pl\/#\/schema\/person\/1661982992b752dea8dff0d4ed845a65","name":"Ks. Jacek","image":{"@type":"ImageObject","inLanguage":"pl-PL","@id":"https:\/\/gaudiumetspes-blog.pl\/#\/schema\/person\/image\/","url":"https:\/\/gaudiumetspes-blog.pl\/wp-content\/uploads\/2019\/07\/avatar-JJ-150x150.jpg","contentUrl":"https:\/\/gaudiumetspes-blog.pl\/wp-content\/uploads\/2019\/07\/avatar-JJ-150x150.jpg","caption":"Ks. Jacek"},"description":"Witam serdecznie! K\u0142ania si\u0119 Ks. Jacek Ja\u015bkowski. Nie jestem ani kim\u015b wa\u017cnym, ani kim\u015b znanym. Jestem ksi\u0119dzem, kt\u00f3ry po prostu chce rozmawia\u0107. Codzienna kap\u0142a\u0144ska pos\u0142uga pokazuje mi, \u017ce temat\u00f3w do rozm\u00f3w z ksi\u0119dzem jest coraz wi\u0119cej i dzisiaj \u017caden ksi\u0105dz nie mo\u017ce od nich ucieka\u0107, ale - wprost przeciwnie - podejmowa\u0107 nowe wyzwania. To przekonanie sk\u0142oni\u0142o mnie do pr\u00f3by otwarcia tego\u017c bloga, chocia\u017c okazji do rozm\u00f3w na co dzie\u0144 - w konfesjonale i poza nim - na szcz\u0119\u015bcie nie brakuje. My\u015bl\u0119 jednak, \u017ce ten blog b\u0119dzie jeszcze jednym sposobem i przestrzeni\u0105 nawi\u0105zania kontaktu z lud\u017ami dobrej woli, otwartymi na dialog.","url":"https:\/\/gaudiumetspes-blog.pl\/index.php\/author\/ks-jacek\/"}]}},"jetpack_featured_media_url":"","jetpack_sharing_enabled":true,"_links":{"self":[{"href":"https:\/\/gaudiumetspes-blog.pl\/index.php\/wp-json\/wp\/v2\/posts\/14558","targetHints":{"allow":["GET"]}}],"collection":[{"href":"https:\/\/gaudiumetspes-blog.pl\/index.php\/wp-json\/wp\/v2\/posts"}],"about":[{"href":"https:\/\/gaudiumetspes-blog.pl\/index.php\/wp-json\/wp\/v2\/types\/post"}],"author":[{"embeddable":true,"href":"https:\/\/gaudiumetspes-blog.pl\/index.php\/wp-json\/wp\/v2\/users\/1"}],"replies":[{"embeddable":true,"href":"https:\/\/gaudiumetspes-blog.pl\/index.php\/wp-json\/wp\/v2\/comments?post=14558"}],"version-history":[{"count":1,"href":"https:\/\/gaudiumetspes-blog.pl\/index.php\/wp-json\/wp\/v2\/posts\/14558\/revisions"}],"predecessor-version":[{"id":15388,"href":"https:\/\/gaudiumetspes-blog.pl\/index.php\/wp-json\/wp\/v2\/posts\/14558\/revisions\/15388"}],"wp:attachment":[{"href":"https:\/\/gaudiumetspes-blog.pl\/index.php\/wp-json\/wp\/v2\/media?parent=14558"}],"wp:term":[{"taxonomy":"category","embeddable":true,"href":"https:\/\/gaudiumetspes-blog.pl\/index.php\/wp-json\/wp\/v2\/categories?post=14558"},{"taxonomy":"post_tag","embeddable":true,"href":"https:\/\/gaudiumetspes-blog.pl\/index.php\/wp-json\/wp\/v2\/tags?post=14558"}],"curies":[{"name":"wp","href":"https:\/\/api.w.org\/{rel}","templated":true}]}}