{"id":14566,"date":"2019-06-19T04:59:00","date_gmt":"2019-06-19T02:59:00","guid":{"rendered":"https:\/\/gaudiumetspes-blog.pl\/index.php\/2019\/06\/19\/kto-hojnie-sieje\/"},"modified":"2019-07-31T13:04:10","modified_gmt":"2019-07-31T11:04:10","slug":"kto-hojnie-sieje","status":"publish","type":"post","link":"https:\/\/gaudiumetspes-blog.pl\/index.php\/2019\/06\/19\/kto-hojnie-sieje\/","title":{"rendered":"Kto hojnie sieje&#8230;"},"content":{"rendered":"<p><\/p>\n<div align=\"justify\" style=\"font-weight: normal; line-height: 150%; margin-bottom: 0cm;\">\n<span style=\"color: black;\"><span style=\"font-family: Book Antiqua, serif;\"><span style=\"font-size: x-large;\">Szcz\u0119\u015b\u0107<br \/>\nBo\u017ce! Moi Drodzy, w dniu dzisiejszym <b>rocznic\u0119 \u015awi\u0119ce\u0144<br \/>\nkap\u0142a\u0144skich prze\u017cywa Ksi\u0105dz Wies\u0142aw Mu\u0107ka, pochodz\u0105cy z<br \/>\nParafii w Radory\u017cu Ko\u015bcielnym, gdzie rozpoczyna\u0142em swoje<br \/>\nkap\u0142a\u0144stwo i gdzie \u201emin\u0105\u0142em si\u0119\u201d z Wies\u0142awem, bo kiedy ja<br \/>\nopu\u015bci\u0142em Seminarium, On je zaczyna\u0142. Dzisiaj jest Dyrektorem<br \/>\nZespo\u0142u Szk\u00f3\u0142 Katolickich w mojej rodzinnej miejscowo\u015bci, Bia\u0142ej<br \/>\nPodlaskiej. \u017bycz\u0119 Jubilatowi si\u0142y, mocy, dobrych natchnie\u0144 i<br \/>\nzapa\u0142u, by nie ba\u0142 si\u0119 wyzwa\u0144, jakie Pan sam przed Nim postawi.<br \/>\nZapewniam o modlitwie!<\/b><\/span><\/span><\/span><\/div>\n<div align=\"justify\" style=\"background: transparent; font-weight: normal; line-height: 150%; margin-bottom: 0cm; page-break-before: auto; text-indent: 1.3cm;\">\n<span style=\"color: black;\"><span style=\"font-family: Book Antiqua, serif;\"><span style=\"font-size: x-large;\">Moi<br \/>\nDrodzy, chyba dzisiaj wielu m\u0142odych Ludzi \u2013 Uczni\u00f3w szk\u00f3\u0142<br \/>\npodstawowych i \u015brednich \u2013 mo\u017ce za\u015bpiewa\u0107: \u201eWeso\u0142y nam dzie\u0144<br \/>\ndzi\u015b nasta\u0142!\u201d Bo oto zako\u0144czenie roku szkolnego. Chyba, \u017ce dla<br \/>\nniekt\u00f3rych nie jest to dzie\u0144 zbyt weso\u0142y, bo b\u0119d\u0105 si\u0119 musieli<br \/>\nprzygotowa\u0107 do poprawki\u2026 Albo ju\u017c nawet nie maj\u0105 takiej szansy.<\/span><\/span><\/span><\/div>\n<div align=\"justify\" style=\"background: transparent; font-weight: normal; line-height: 150%; margin-bottom: 0cm; text-indent: 1.3cm;\">\n<span style=\"font-size: x-large;\"><span style=\"color: black;\"><span style=\"font-family: Book Antiqua, serif;\">Z<br \/>\npewno\u015bci\u0105, dzisiejsze pierwsze czytanie jest \u2013 w tym kontek\u015bcie<br \/>\n\u2013 bardzo odpowiednie na dzisiejszy dzie\u0144 i jakby specjalnie<br \/>\ndobrane, chocia\u017c, oczywi\u015bcie, nie jest w \u017caden spos\u00f3b specjalnie<br \/>\ndobierane. Tak wychodzi z kalendarza liturgicznego. Czy\u017c to nie<br \/>\nopatrzno\u015bciowe?\u2026 <\/span><\/span><br \/>\n<\/span><\/div>\n<div align=\"justify\" style=\"background: transparent; font-weight: normal; line-height: 150%; margin-bottom: 0cm; text-indent: 1.3cm;\">\n<span style=\"color: black;\"><span style=\"font-family: Book Antiqua, serif;\"><span style=\"font-size: x-large;\">Naszym<br \/>\nm\u0142odym Przyjacio\u0142om \u017cyczymy pi\u0119knych wakacji!<\/span><\/span><\/span><\/div>\n<div align=\"center\" style=\"font-weight: normal; line-height: 150%; margin-bottom: 0cm;\">\n<span style=\"color: black;\"><span style=\"font-family: Book Antiqua, serif;\"><span style=\"font-size: x-large;\">Gaudium<br \/>\net spes!  Ks. Jacek<\/span><\/span><\/span><\/div>\n<div align=\"justify\" style=\"line-height: 150%; margin-bottom: 0cm;\">\n<span style=\"font-size: x-large;\"><\/p>\n<p><\/span><\/div>\n<div align=\"justify\" style=\"line-height: 150%; margin-bottom: 0cm;\">\n<span style=\"color: black;\"><span style=\"font-family: Book Antiqua, serif;\"><span style=\"font-size: x-large;\"><b>\u015aroda<br \/>\n11 Tygodnia zwyk\u0142ego, rok I,<\/b><\/span><\/span><\/span><\/div>\n<div align=\"justify\" style=\"line-height: 150%; margin-bottom: 0cm;\">\n<span style=\"color: black;\"><span style=\"font-family: Book Antiqua, serif;\"><span style=\"font-size: x-large;\"><b>do<br \/>\nczyta\u0144:  2 Kor 9,6\u201311;  Mt 6,1\u20136.16\u201318<\/b><\/span><\/span><\/span><\/div>\n<div align=\"justify\" style=\"font-style: normal; font-variant: normal; font-weight: normal; letter-spacing: normal; line-height: 150%; margin-bottom: 0cm;\">\n<span style=\"font-size: x-large;\"><\/p>\n<p><\/span><\/div>\n<div align=\"justify\" style=\"line-height: 150%; margin-bottom: 0cm; page-break-before: auto;\">\n<span style=\"font-size: x-large;\"><span style=\"color: black;\"><span style=\"font-family: Book Antiqua, serif;\"><b><span style=\"font-variant: normal;\"><span style=\"letter-spacing: normal;\"><span style=\"font-style: normal;\">CZYTANIE<br \/>\nZ DRUGIEGO LISTU \u015aW<\/span><\/span><\/span><span style=\"font-variant: normal;\"><span style=\"letter-spacing: normal;\"><span style=\"font-style: normal;\">I\u0118TEGO<\/span><\/span><\/span><span style=\"font-variant: normal;\"><span style=\"letter-spacing: normal;\"><span style=\"font-style: normal;\"><br \/>\nPAW\u0141A APOSTO\u0141A DO KORYNTIAN: <\/span><\/span><\/span><\/b><\/span><\/span><br \/>\n<\/span><\/div>\n<div align=\"justify\" style=\"background: transparent; font-style: normal; font-variant: normal; letter-spacing: normal; line-height: 150%; margin-bottom: 0cm; page-break-before: auto; text-indent: 1.3cm;\">\n<span style=\"font-size: x-large;\"><span style=\"color: black;\"><span style=\"font-family: Book Antiqua, serif;\"><b>Bracia:<br \/>\nKto sk\u0105po sieje, ten sk\u0105po i zbiera, kto za\u015b hojnie sieje, ten<br \/>\nhojnie te\u017c zbiera\u0107 b\u0119dzie. Ka\u017cdy niech przeto post\u0105pi tak, jak<br \/>\nmu nakazuje jego w\u0142asne serce, nie \u017ca\u0142uj\u0105c i nie czuj\u0105c si\u0119<br \/>\nprzymuszonym, albowiem radosnego dawc\u0119 mi\u0142uje B\u00f3g. <\/b><\/span><\/span><br \/>\n<\/span><\/div>\n<div align=\"justify\" style=\"background: transparent; font-style: normal; font-variant: normal; letter-spacing: normal; line-height: 150%; margin-bottom: 0cm; text-indent: 1.3cm;\">\n<span style=\"font-size: x-large;\"><span style=\"color: black;\"><span style=\"font-family: Book Antiqua, serif;\"><b>A<br \/>\nB\u00f3g mo\u017ce zla\u0107 na was ca\u0142\u0105 obfito\u015b\u0107 \u0142aski, tak by\u015bcie maj\u0105c<br \/>\nwszystko i zawsze pod dostatkiem, bogaci byli we wszystkie dobre<br \/>\nuczynki wed\u0142ug tego, co jest napisane: \u201eRozproszy\u0142, da\u0142 ubogim,<br \/>\nsprawiedliwo\u015b\u0107 jego trwa na wieki\u201d. <\/b><\/span><\/span><br \/>\n<\/span><\/div>\n<div align=\"justify\" style=\"background: transparent; font-style: normal; font-variant: normal; letter-spacing: normal; line-height: 150%; margin-bottom: 0cm; text-indent: 1.3cm;\">\n<span style=\"color: black;\"><span style=\"font-family: Book Antiqua, serif;\"><span style=\"font-size: x-large;\"><b>Ten<br \/>\nza\u015b, kt\u00f3ry daje nasienie siewcy, i chleba dostarczy ku<br \/>\npokrzepieniu, i ziarno rozmno\u017cy, i zwi\u0119kszy plon waszej<br \/>\nsprawiedliwo\u015bci. Wzbogaceni we wszystko, b\u0119dziecie pe\u0142ni wszelkiej<br \/>\nprostoty, kt\u00f3ra sk\u0142ada przez nas dzi\u0119kczynienie Bogu.<\/b><\/span><\/span><\/span><\/div>\n<div align=\"justify\" style=\"font-style: normal; font-variant: normal; letter-spacing: normal; line-height: 150%; margin-bottom: 0cm;\">\n<span style=\"font-size: x-large;\"><\/p>\n<p><\/span><\/div>\n<div align=\"justify\" style=\"line-height: 150%; margin-bottom: 0cm;\">\n<span style=\"font-size: x-large;\"><span style=\"color: black;\"><span style=\"font-family: Book Antiqua, serif;\"><b><span style=\"font-variant: normal;\"><span style=\"letter-spacing: normal;\"><span style=\"font-style: normal;\">S\u0141OWA<br \/>\nEWANGELII WED\u0141UG \u015aW<\/span><\/span><\/span><span style=\"font-variant: normal;\"><span style=\"letter-spacing: normal;\"><span style=\"font-style: normal;\">I\u0118TEGO<\/span><\/span><\/span><span style=\"font-variant: normal;\"><span style=\"letter-spacing: normal;\"><span style=\"font-style: normal;\"><br \/>\nMATEUSZA: <\/span><\/span><\/span><\/b><\/span><\/span><br \/>\n<\/span><\/div>\n<div align=\"justify\" style=\"background: transparent; font-style: normal; font-variant: normal; letter-spacing: normal; line-height: 150%; margin-bottom: 0cm; page-break-before: auto; text-indent: 1.3cm;\">\n<span style=\"font-size: x-large;\"><span style=\"color: black;\"><span style=\"font-family: Book Antiqua, serif;\"><b>Jezus<br \/>\npowiedzia\u0142 do swoich uczni\u00f3w: \u201eStrze\u017ccie si\u0119, \u017ceby\u015bcie<br \/>\nuczynk\u00f3w pobo\u017cnych nie wykonywali przed lud\u017ami po to, aby was<br \/>\nwidzieli; inaczej nie b\u0119dziecie mieli nagrody u Ojca waszego, kt\u00f3ry<br \/>\njest w niebie. <\/b><\/span><\/span><br \/>\n<\/span><\/div>\n<div align=\"justify\" style=\"background: transparent; font-style: normal; font-variant: normal; letter-spacing: normal; line-height: 150%; margin-bottom: 0cm; text-indent: 1.3cm;\">\n<span style=\"font-size: x-large;\"><span style=\"color: black;\"><span style=\"font-family: Book Antiqua, serif;\"><b>Kiedy<br \/>\nwi\u0119c dajesz ja\u0142mu\u017cn\u0119, nie tr\u0105b przed sob\u0105, jak ob\u0142udnicy<br \/>\nczyni\u0105 w synagogach i na ulicach, aby ich ludzie chwalili. Zaprawd\u0119<br \/>\npowiadam wam: ci otrzymali ju\u017c swoj\u0105 nagrod\u0119. Kiedy za\u015b ty dajesz<br \/>\nja\u0142mu\u017cn\u0119, niech nie wie lewa twoja r\u0119ka, co czyni prawa, aby<br \/>\ntwoja ja\u0142mu\u017cna pozosta\u0142a w ukryciu. A Ojciec tw\u00f3j, kt\u00f3ry widzi w<br \/>\nukryciu, odda tobie. <\/b><\/span><\/span><br \/>\n<\/span><\/div>\n<div align=\"justify\" style=\"background: transparent; font-style: normal; font-variant: normal; letter-spacing: normal; line-height: 150%; margin-bottom: 0cm; text-indent: 1.3cm;\">\n<span style=\"color: black;\"><span style=\"font-family: Book Antiqua, serif;\"><span style=\"font-size: x-large;\"><b>Gdy<br \/>\nsi\u0119 modlicie, nie b\u0105d\u017acie jak ob\u0142udnicy. Oni lubi\u0105 w synagogach<br \/>\ni na rogach ulic wystawa\u0107 i modli\u0107 si\u0119, \u017ceby si\u0119 ludziom<br \/>\npokaza\u0107. Zaprawd\u0119 powiadam wam: otrzymali ju\u017c swoj\u0105 nagrod\u0119. Ty<br \/>\nza\u015b gdy chcesz si\u0119 modli\u0107, wejd\u017a do swej izdebki, zamknij drzwi i<br \/>\nm\u00f3dl si\u0119 do Ojca twego, kt\u00f3ry jest w ukryciu. A Ojciec tw\u00f3j,<br \/>\nkt\u00f3ry widzi w ukryciu, odda tobie.<\/b><\/span><\/span><\/span><\/div>\n<div align=\"justify\" style=\"background: transparent; font-style: normal; font-variant: normal; letter-spacing: normal; line-height: 150%; margin-bottom: 0cm; text-indent: 1.3cm;\">\n<span style=\"color: black;\"><span style=\"font-family: Book Antiqua, serif;\"><span style=\"font-size: x-large;\"><b>Kiedy<br \/>\npo\u015bcicie, nie b\u0105d\u017acie pos\u0119pni jak ob\u0142udnicy. Przybieraj\u0105 oni<br \/>\nwygl\u0105d ponury, aby pokaza\u0107 ludziom, \u017ce poszcz\u0105. Zaprawd\u0119<br \/>\npowiadam wam: ju\u017c odebrali swoj\u0105 nagrod\u0119. Ty za\u015b gdy po\u015bcisz,<br \/>\nnama\u015b\u0107 sobie g\u0142ow\u0119 i umyj twarz, aby nie ludziom pokaza\u0107, \u017ce<br \/>\npo\u015bcisz, ale Ojcu twemu, kt\u00f3ry jest w ukryciu. A Ojciec tw\u00f3j,<br \/>\nkt\u00f3ry widzi w ukryciu, odda tobie\u201d.<\/b><\/span><\/span><\/span><\/div>\n<div align=\"justify\" style=\"font-style: normal; font-variant: normal; font-weight: normal; letter-spacing: normal; line-height: 150%; margin-bottom: 0cm;\">\n<span style=\"font-size: x-large;\"><\/p>\n<p><\/span><\/div>\n<div align=\"justify\" style=\"background: transparent; font-style: normal; font-variant: normal; font-weight: normal; letter-spacing: normal; line-height: 150%; margin-bottom: 0cm; page-break-before: auto; text-indent: 1.3cm;\">\n<span style=\"font-size: x-large;\"><span style=\"color: black;\"><span style=\"font-family: Book Antiqua, serif;\">Ot\u00f3\u017c,<br \/>\nw\u0142a\u015bnie! <i><b>Kto sk\u0105po sieje, ten sk\u0105po i zbiera, kto za\u015b<br \/>\nhojnie sieje, ten hojnie te\u017c zbiera\u0107 b\u0119dzie.<\/b><\/i><b> <\/b><\/span><\/span><br \/>\n<\/span><\/div>\n<div align=\"justify\" style=\"background: transparent; font-style: normal; font-variant: normal; font-weight: normal; letter-spacing: normal; line-height: 150%; margin-bottom: 0cm; text-indent: 1.3cm;\">\n<span style=\"font-size: x-large;\"><span style=\"color: black;\"><span style=\"font-family: Book Antiqua, serif;\">Kto<br \/>\nsk\u0105po sieje dobre uczynki, wykonuj\u0105c je tylko <b>\u201edla oka<br \/>\nludzkiego\u201d <\/b>\u2013 a nawet mo\u017ce i du\u017co ich czyni, ale nie ze<br \/>\nwzgl\u0119du na Boga, tylko \u017ceby \u201eludzie widzieli\u201d \u2013 taki sk\u0105po<br \/>\nzbiera\u0107 b\u0119dzie. <\/span><\/span><br \/>\n<\/span><\/div>\n<div align=\"justify\" style=\"background: transparent; font-style: normal; font-variant: normal; font-weight: normal; letter-spacing: normal; line-height: 150%; margin-bottom: 0cm; text-indent: 1.3cm;\">\n<span style=\"font-size: x-large;\"><span style=\"color: black;\"><span style=\"font-family: Book Antiqua, serif;\">I<br \/>\nten, kto daje ja\u0142mu\u017cn\u0119, \u201etr\u0105bi\u0105c\u201d o tym na prawo i lewo, <b>aby<br \/>\n\u201eludzie chwalili\u201d,<\/b> taki te\u017c sk\u0105po zbiera\u0107 b\u0119dzie. Taki<br \/>\nbowiem \u2013 jak m\u00f3wi Jezus \u2013 \u201eotrzyma\u0142 ju\u017c swoj\u0105 nagrod\u0119\u201d:<br \/>\nludzie go pochwalili. Tylko czy na pewno <b>o tak\u0105 nagrod\u0119 jedynie<br \/>\nchodzi\u0142o?\u2026<\/b> <\/span><\/span><br \/>\n<\/span><\/div>\n<div align=\"justify\" style=\"background: transparent; font-style: normal; font-variant: normal; font-weight: normal; letter-spacing: normal; line-height: 150%; margin-bottom: 0cm; text-indent: 1.3cm;\">\n<span style=\"font-size: x-large;\"><span style=\"color: black;\"><span style=\"font-family: Book Antiqua, serif;\">I<br \/>\nkto \u201esk\u0105po\u201d si\u0119 modli \u2013 w tym sensie, \u017ce czyni to tak, <i><b>\u017ceby<br \/>\nsi\u0119 ludziom pokaza\u0107,<\/b><\/i> tak\u017ce sk\u0105po zbiera\u0107 b\u0119dzie. Bo<br \/>\notrzyma\u0142 swoj\u0105 nagrod\u0119 \u2013 ludzie go zobaczyli. Ale to naprawd\u0119<br \/>\n<b>bardzo sk\u0105pa nagroda\u2026 <\/b>Taka sama, jak i zasiew. <\/span><\/span><br \/>\n<\/span><\/div>\n<div align=\"justify\" style=\"background: transparent; font-style: normal; font-variant: normal; font-weight: normal; letter-spacing: normal; line-height: 150%; margin-bottom: 0cm; text-indent: 1.3cm;\">\n<span style=\"font-size: x-large;\"><span style=\"color: black;\"><span style=\"font-family: Book Antiqua, serif;\">Widzimy<br \/>\nzatem, moi Drodzy, z po\u0142\u0105czenia tre\u015bci obu dzisiejszych czyta\u0144,<br \/>\n\u017ce o tym, czy dany siew jest sk\u0105py, czy hojny, <b>nie decyduje<br \/>\njedynie ilo\u015b\u0107<\/b> wykonanych czynno\u015bci: dobrych uczynk\u00f3w, gest\u00f3w<br \/>\npomocy innym, a nawet modlitw. Nie tylko to decyduje o hojno\u015bci lub<br \/>\nsk\u0105pstwie. Decyduje o tym tak\u017ce \u2013 a mo\u017ce przede wszystkim \u2013<br \/>\n<b>motywacja,<\/b> z jak\u0105 te czynno\u015bci podejmujemy. <\/span><\/span><br \/>\n<\/span><\/div>\n<div align=\"justify\" style=\"background: transparent; font-style: normal; font-variant: normal; font-weight: normal; letter-spacing: normal; line-height: 150%; margin-bottom: 0cm; text-indent: 1.3cm;\">\n<span style=\"font-size: x-large;\"><span style=\"color: black;\"><span style=\"font-family: Book Antiqua, serif;\">\u015awi\u0119ty<br \/>\nPawe\u0142 w tym kontek\u015bcie pisze dzisiaj: <i><b>Ka\u017cdy niech przeto<br \/>\npost\u0105pi tak, jak mu nakazuje jego w\u0142asne serce, nie \u017ca\u0142uj\u0105c i<br \/>\nnie czuj\u0105c si\u0119 przymuszonym, albowiem radosnego dawc\u0119 mi\u0142uje B\u00f3g.<\/b><\/i><b><br \/>\n<\/b>I dalej: <i><b>Ten za\u015b, kt\u00f3ry daje nasienie siewcy, i chleba<br \/>\ndostarczy ku pokrzepieniu, i ziarno rozmno\u017cy, i zwi\u0119kszy plon<br \/>\nwaszej sprawiedliwo\u015bci.<\/b><\/i><i> <\/i>Tak, je\u017celi <b>w centrum<\/b><br \/>\nwszelkich naszych dobrych dzia\u0142a\u0144 b\u0119dzie B\u00f3g, wtedy mo\u017cemy<br \/>\nnaprawd\u0119 m\u00f3wi\u0107 o hojnym siewie <b>i hojnym zbiorze.<\/b> Ale je\u017celi<br \/>\nw centrum umie\u015bcimy samych siebie, to\u2026 bieda! Wielka bieda! <\/span><\/span><br \/>\n<\/span><\/div>\n<div align=\"justify\" style=\"background: transparent; font-style: normal; font-variant: normal; font-weight: normal; letter-spacing: normal; line-height: 150%; margin-bottom: 0cm; text-indent: 1.3cm;\">\n<span style=\"font-size: x-large;\"><span style=\"color: black;\"><span style=\"font-family: Book Antiqua, serif;\">Bo<br \/>\nto w\u0142a\u015bnie B\u00f3g i nasienie daje do siewu, i si\u0142\u0119 wzrostu, i plon<br \/>\npomna\u017ca. On sam. Cz\u0142owiek sam z siebie \u2013 <b>c\u00f3\u017c jest w stanie<br \/>\nzrobi\u0107?<\/b> C\u00f3\u017c jest w stanie chocia\u017cby dobrego pomy\u015ble\u0107? A<br \/>\nje\u017celi ma wszystko czyni\u0107 tylko ze wzgl\u0119du na siebie, na w\u0142asn\u0105<br \/>\npozycj\u0119, dla uznania i pochwa\u0142y ze strony ludzi, to mo\u017ce lepiej,<br \/>\n\u017ceby w og\u00f3le tego nie czyni\u0142\u2026 Bo niewielka \u2013 a mo\u017ce i <b>\u017cadna<br \/>\n\u2013 jest tego warto\u015b\u0107. <\/b><\/span><\/span><br \/>\n<\/span><\/div>\n<div align=\"justify\" style=\"background: transparent; font-style: normal; font-variant: normal; font-weight: normal; letter-spacing: normal; line-height: 150%; margin-bottom: 0cm; text-indent: 1.3cm;\">\n<span style=\"font-size: x-large;\"><span style=\"color: black;\"><span style=\"font-family: Book Antiqua, serif;\">Wiemy<br \/>\nbowiem, \u017ce uznanie ze strony ludzi jest tak samo chwiejne i zmienne,<br \/>\njak <b>chwiejne i zmienne s\u0105 <\/b><b>ludzkie nastroje: <\/b>dzisiaj<br \/>\nus\u0142yszymy od ludzi s\u0142owa podziwu i zachwytu, \u017ceby jutro us\u0142ysze\u0107<br \/>\ns\u0142owa najsurowszego pot\u0119pienia. A i w\u0142asne zadowolenie, <b>poczucie<br \/>\nw\u0142asnej dumy i wielko\u015bci<\/b> \u2013 szczeg\u00f3lnie na tle innych,<br \/>\nkt\u00f3rych si\u0119 b\u0119dzie z tego powodu <b>traktowa\u0142o \u201ez g\u00f3ry\u201d<\/b><br \/>\n\u2013 to te\u017c s\u0142aba motywacja. <\/span><\/span><br \/>\n<\/span><\/div>\n<div align=\"justify\" style=\"background: transparent; font-style: normal; font-variant: normal; font-weight: normal; letter-spacing: normal; line-height: 150%; margin-bottom: 0cm; text-indent: 1.3cm;\">\n<span style=\"font-size: x-large;\"><span style=\"color: black;\"><span style=\"font-family: Book Antiqua, serif;\"><b>Najwy\u017csz\u0105<br \/>\ni najszlachetniejsz\u0105 motywacj\u0105<\/b> jest ta, kiedy czynimy okre\u015blone<br \/>\ndobro tak, by widzia\u0142 je jedynie B\u00f3g. A On <b>ka\u017cdorazowo <\/b><b>sam<br \/>\n<\/b><b>zadecyduje,<\/b> czy ludzie maj\u0105 to dobro zobaczy\u0107 \u2013 i<br \/>\newentualnie kiedy \u2013 czy w danym momencie ma ono p<b>ozosta\u0107 w<br \/>\nukryciu.<\/b> Je\u017celi bowiem tam pozostanie, to b\u0119dzie naszym wielkim<br \/>\nskarbem, kt\u00f3ry <b>mo\u017cemy z\u0142o\u017cy\u0107 w r\u0119ce Boga,<\/b> aby to On sam<br \/>\nnim zadysponowa\u0142 \u2013 wed\u0142ug swojego uznania. Je\u017celi natomiast sami<br \/>\n\u201eroztrwonimy\u201d to dobro na ludzkie pochwa\u0142y i uznanie, to <b>z<br \/>\nczym staniemy przed Bogiem?\u2026 <\/b><\/span><\/span><br \/>\n<\/span><\/div>\n<div align=\"justify\" style=\"background: transparent; font-style: normal; font-variant: normal; font-weight: normal; letter-spacing: normal; line-height: 150%; margin-bottom: 0cm; text-indent: 1.3cm;\">\n<span style=\"color: black;\"><span style=\"font-family: Book Antiqua, serif;\"><span style=\"font-size: x-large;\">Oczywi\u015bcie,<br \/>\njest prawd\u0105, \u017ce kiedy si\u0119 cokolwiek dobrego czyni innym, to<br \/>\nchcia\u0142oby si\u0119, <b>\u017ceby kto\u015b to zauwa\u017cy\u0142, <\/b>doceni\u0142, cho\u0107by<br \/>\njedno s\u0142owo podzi\u0119kowania powiedzia\u0142\u2026 I to nie jest niczym od<br \/>\nrazu z\u0142ym. To jest nawet s\u0142uszne oczekiwanie. Ale to nie mo\u017ce<br \/>\nstanowi\u0107 <b>jedynej motywacji naszego dzia\u0142ania.<\/b> Tym, czym<br \/>\nwinni\u015bmy si\u0119 w tej kwestii kierowa\u0107, jest zasada, wyra\u017cona przez<br \/>\nJezusa w s\u0142owach: <i><b>Ojciec tw\u00f3j, kt\u00f3ry widzi w ukryciu, odda<br \/>\ntobie.<\/b><\/i><\/span><\/span><\/span><\/div>\n<div align=\"justify\" style=\"background: transparent; font-style: normal; font-variant: normal; font-weight: normal; letter-spacing: normal; line-height: 150%; margin-bottom: 0cm; text-indent: 1.3cm;\">\n<span style=\"color: black;\"><span style=\"font-family: Book Antiqua, serif;\"><span style=\"font-size: x-large;\">Czy<br \/>\npami\u0119tam o tych s\u0142owach zawsze? I czy kieruj\u0119 si\u0119 nimi przy<br \/>\nspe\u0142nianiu jakiegokolwiek dobra?\u2026<\/span><\/span><\/span><\/div>\n","protected":false},"excerpt":{"rendered":"<p>Szcz\u0119\u015b\u0107 Bo\u017ce! Moi Drodzy, w dniu dzisiejszym rocznic\u0119 \u015awi\u0119ce\u0144 kap\u0142a\u0144skich prze\u017cywa Ksi\u0105dz Wies\u0142aw Mu\u0107ka, pochodz\u0105cy z Parafii w Radory\u017cu Ko\u015bcielnym, gdzie rozpoczyna\u0142em swoje kap\u0142a\u0144stwo i gdzie \u201emin\u0105\u0142em si\u0119\u201d z Wies\u0142awem, bo kiedy ja opu\u015bci\u0142em Seminarium, On je zaczyna\u0142. Dzisiaj jest Dyrektorem Zespo\u0142u Szk\u00f3\u0142 Katolickich w mojej rodzinnej miejscowo\u015bci, Bia\u0142ej Podlaskiej. \u017bycz\u0119 Jubilatowi si\u0142y, mocy, dobrych [&hellip;]<\/p>\n","protected":false},"author":1,"featured_media":0,"comment_status":"open","ping_status":"open","sticky":false,"template":"","format":"standard","meta":{"jetpack_post_was_ever_published":false,"_jetpack_newsletter_access":"","_jetpack_dont_email_post_to_subs":false,"_jetpack_newsletter_tier_id":0,"_jetpack_memberships_contains_paywalled_content":false,"_jetpack_memberships_contains_paid_content":false,"footnotes":""},"categories":[1],"tags":[],"class_list":["post-14566","post","type-post","status-publish","format-standard","hentry","category-bez-kategorii"],"yoast_head":"<!-- This site is optimized with the Yoast SEO plugin v25.1 - https:\/\/yoast.com\/wordpress\/plugins\/seo\/ -->\n<title>Kto hojnie sieje... - Gaudium Et Spes<\/title>\n<meta name=\"robots\" content=\"index, follow, max-snippet:-1, max-image-preview:large, max-video-preview:-1\" \/>\n<link rel=\"canonical\" href=\"https:\/\/gaudiumetspes-blog.pl\/index.php\/2019\/06\/19\/kto-hojnie-sieje\/\" \/>\n<meta property=\"og:locale\" content=\"pl_PL\" \/>\n<meta property=\"og:type\" content=\"article\" \/>\n<meta property=\"og:title\" content=\"Kto hojnie sieje... - Gaudium Et Spes\" \/>\n<meta property=\"og:description\" content=\"Szcz\u0119\u015b\u0107 Bo\u017ce! Moi Drodzy, w dniu dzisiejszym rocznic\u0119 \u015awi\u0119ce\u0144 kap\u0142a\u0144skich prze\u017cywa Ksi\u0105dz Wies\u0142aw Mu\u0107ka, pochodz\u0105cy z Parafii w Radory\u017cu Ko\u015bcielnym, gdzie rozpoczyna\u0142em swoje kap\u0142a\u0144stwo i gdzie \u201emin\u0105\u0142em si\u0119\u201d z Wies\u0142awem, bo kiedy ja opu\u015bci\u0142em Seminarium, On je zaczyna\u0142. Dzisiaj jest Dyrektorem Zespo\u0142u Szk\u00f3\u0142 Katolickich w mojej rodzinnej miejscowo\u015bci, Bia\u0142ej Podlaskiej. \u017bycz\u0119 Jubilatowi si\u0142y, mocy, dobrych [&hellip;]\" \/>\n<meta property=\"og:url\" content=\"https:\/\/gaudiumetspes-blog.pl\/index.php\/2019\/06\/19\/kto-hojnie-sieje\/\" \/>\n<meta property=\"og:site_name\" content=\"Gaudium Et Spes\" \/>\n<meta property=\"article:published_time\" content=\"2019-06-19T02:59:00+00:00\" \/>\n<meta property=\"article:modified_time\" content=\"2019-07-31T11:04:10+00:00\" \/>\n<meta name=\"author\" content=\"Ks. Jacek\" \/>\n<meta name=\"twitter:card\" content=\"summary_large_image\" \/>\n<meta name=\"twitter:label1\" content=\"Napisane przez\" \/>\n\t<meta name=\"twitter:data1\" content=\"Ks. Jacek\" \/>\n\t<meta name=\"twitter:label2\" content=\"Szacowany czas czytania\" \/>\n\t<meta name=\"twitter:data2\" content=\"6 minut\" \/>\n<script type=\"application\/ld+json\" class=\"yoast-schema-graph\">{\"@context\":\"https:\/\/schema.org\",\"@graph\":[{\"@type\":\"WebPage\",\"@id\":\"https:\/\/gaudiumetspes-blog.pl\/index.php\/2019\/06\/19\/kto-hojnie-sieje\/\",\"url\":\"https:\/\/gaudiumetspes-blog.pl\/index.php\/2019\/06\/19\/kto-hojnie-sieje\/\",\"name\":\"Kto hojnie sieje... - Gaudium Et Spes\",\"isPartOf\":{\"@id\":\"https:\/\/gaudiumetspes-blog.pl\/#website\"},\"datePublished\":\"2019-06-19T02:59:00+00:00\",\"dateModified\":\"2019-07-31T11:04:10+00:00\",\"author\":{\"@id\":\"https:\/\/gaudiumetspes-blog.pl\/#\/schema\/person\/1661982992b752dea8dff0d4ed845a65\"},\"breadcrumb\":{\"@id\":\"https:\/\/gaudiumetspes-blog.pl\/index.php\/2019\/06\/19\/kto-hojnie-sieje\/#breadcrumb\"},\"inLanguage\":\"pl-PL\",\"potentialAction\":[{\"@type\":\"ReadAction\",\"target\":[\"https:\/\/gaudiumetspes-blog.pl\/index.php\/2019\/06\/19\/kto-hojnie-sieje\/\"]}]},{\"@type\":\"BreadcrumbList\",\"@id\":\"https:\/\/gaudiumetspes-blog.pl\/index.php\/2019\/06\/19\/kto-hojnie-sieje\/#breadcrumb\",\"itemListElement\":[{\"@type\":\"ListItem\",\"position\":1,\"name\":\"Strona g\u0142\u00f3wna\",\"item\":\"https:\/\/gaudiumetspes-blog.pl\/\"},{\"@type\":\"ListItem\",\"position\":2,\"name\":\"Kto hojnie sieje&#8230;\"}]},{\"@type\":\"WebSite\",\"@id\":\"https:\/\/gaudiumetspes-blog.pl\/#website\",\"url\":\"https:\/\/gaudiumetspes-blog.pl\/\",\"name\":\"Gaudium Et Spes\",\"description\":\"Blog Ks. Jacka Ja\u015bkowskiego\",\"potentialAction\":[{\"@type\":\"SearchAction\",\"target\":{\"@type\":\"EntryPoint\",\"urlTemplate\":\"https:\/\/gaudiumetspes-blog.pl\/?s={search_term_string}\"},\"query-input\":{\"@type\":\"PropertyValueSpecification\",\"valueRequired\":true,\"valueName\":\"search_term_string\"}}],\"inLanguage\":\"pl-PL\"},{\"@type\":\"Person\",\"@id\":\"https:\/\/gaudiumetspes-blog.pl\/#\/schema\/person\/1661982992b752dea8dff0d4ed845a65\",\"name\":\"Ks. Jacek\",\"image\":{\"@type\":\"ImageObject\",\"inLanguage\":\"pl-PL\",\"@id\":\"https:\/\/gaudiumetspes-blog.pl\/#\/schema\/person\/image\/\",\"url\":\"https:\/\/gaudiumetspes-blog.pl\/wp-content\/uploads\/2019\/07\/avatar-JJ-150x150.jpg\",\"contentUrl\":\"https:\/\/gaudiumetspes-blog.pl\/wp-content\/uploads\/2019\/07\/avatar-JJ-150x150.jpg\",\"caption\":\"Ks. Jacek\"},\"description\":\"Witam serdecznie! K\u0142ania si\u0119 Ks. Jacek Ja\u015bkowski. Nie jestem ani kim\u015b wa\u017cnym, ani kim\u015b znanym. Jestem ksi\u0119dzem, kt\u00f3ry po prostu chce rozmawia\u0107. Codzienna kap\u0142a\u0144ska pos\u0142uga pokazuje mi, \u017ce temat\u00f3w do rozm\u00f3w z ksi\u0119dzem jest coraz wi\u0119cej i dzisiaj \u017caden ksi\u0105dz nie mo\u017ce od nich ucieka\u0107, ale - wprost przeciwnie - podejmowa\u0107 nowe wyzwania. To przekonanie sk\u0142oni\u0142o mnie do pr\u00f3by otwarcia tego\u017c bloga, chocia\u017c okazji do rozm\u00f3w na co dzie\u0144 - w konfesjonale i poza nim - na szcz\u0119\u015bcie nie brakuje. My\u015bl\u0119 jednak, \u017ce ten blog b\u0119dzie jeszcze jednym sposobem i przestrzeni\u0105 nawi\u0105zania kontaktu z lud\u017ami dobrej woli, otwartymi na dialog.\",\"url\":\"https:\/\/gaudiumetspes-blog.pl\/index.php\/author\/ks-jacek\/\"}]}<\/script>\n<!-- \/ Yoast SEO plugin. -->","yoast_head_json":{"title":"Kto hojnie sieje... - Gaudium Et Spes","robots":{"index":"index","follow":"follow","max-snippet":"max-snippet:-1","max-image-preview":"max-image-preview:large","max-video-preview":"max-video-preview:-1"},"canonical":"https:\/\/gaudiumetspes-blog.pl\/index.php\/2019\/06\/19\/kto-hojnie-sieje\/","og_locale":"pl_PL","og_type":"article","og_title":"Kto hojnie sieje... - Gaudium Et Spes","og_description":"Szcz\u0119\u015b\u0107 Bo\u017ce! Moi Drodzy, w dniu dzisiejszym rocznic\u0119 \u015awi\u0119ce\u0144 kap\u0142a\u0144skich prze\u017cywa Ksi\u0105dz Wies\u0142aw Mu\u0107ka, pochodz\u0105cy z Parafii w Radory\u017cu Ko\u015bcielnym, gdzie rozpoczyna\u0142em swoje kap\u0142a\u0144stwo i gdzie \u201emin\u0105\u0142em si\u0119\u201d z Wies\u0142awem, bo kiedy ja opu\u015bci\u0142em Seminarium, On je zaczyna\u0142. Dzisiaj jest Dyrektorem Zespo\u0142u Szk\u00f3\u0142 Katolickich w mojej rodzinnej miejscowo\u015bci, Bia\u0142ej Podlaskiej. \u017bycz\u0119 Jubilatowi si\u0142y, mocy, dobrych [&hellip;]","og_url":"https:\/\/gaudiumetspes-blog.pl\/index.php\/2019\/06\/19\/kto-hojnie-sieje\/","og_site_name":"Gaudium Et Spes","article_published_time":"2019-06-19T02:59:00+00:00","article_modified_time":"2019-07-31T11:04:10+00:00","author":"Ks. Jacek","twitter_card":"summary_large_image","twitter_misc":{"Napisane przez":"Ks. Jacek","Szacowany czas czytania":"6 minut"},"schema":{"@context":"https:\/\/schema.org","@graph":[{"@type":"WebPage","@id":"https:\/\/gaudiumetspes-blog.pl\/index.php\/2019\/06\/19\/kto-hojnie-sieje\/","url":"https:\/\/gaudiumetspes-blog.pl\/index.php\/2019\/06\/19\/kto-hojnie-sieje\/","name":"Kto hojnie sieje... - Gaudium Et Spes","isPartOf":{"@id":"https:\/\/gaudiumetspes-blog.pl\/#website"},"datePublished":"2019-06-19T02:59:00+00:00","dateModified":"2019-07-31T11:04:10+00:00","author":{"@id":"https:\/\/gaudiumetspes-blog.pl\/#\/schema\/person\/1661982992b752dea8dff0d4ed845a65"},"breadcrumb":{"@id":"https:\/\/gaudiumetspes-blog.pl\/index.php\/2019\/06\/19\/kto-hojnie-sieje\/#breadcrumb"},"inLanguage":"pl-PL","potentialAction":[{"@type":"ReadAction","target":["https:\/\/gaudiumetspes-blog.pl\/index.php\/2019\/06\/19\/kto-hojnie-sieje\/"]}]},{"@type":"BreadcrumbList","@id":"https:\/\/gaudiumetspes-blog.pl\/index.php\/2019\/06\/19\/kto-hojnie-sieje\/#breadcrumb","itemListElement":[{"@type":"ListItem","position":1,"name":"Strona g\u0142\u00f3wna","item":"https:\/\/gaudiumetspes-blog.pl\/"},{"@type":"ListItem","position":2,"name":"Kto hojnie sieje&#8230;"}]},{"@type":"WebSite","@id":"https:\/\/gaudiumetspes-blog.pl\/#website","url":"https:\/\/gaudiumetspes-blog.pl\/","name":"Gaudium Et Spes","description":"Blog Ks. Jacka Ja\u015bkowskiego","potentialAction":[{"@type":"SearchAction","target":{"@type":"EntryPoint","urlTemplate":"https:\/\/gaudiumetspes-blog.pl\/?s={search_term_string}"},"query-input":{"@type":"PropertyValueSpecification","valueRequired":true,"valueName":"search_term_string"}}],"inLanguage":"pl-PL"},{"@type":"Person","@id":"https:\/\/gaudiumetspes-blog.pl\/#\/schema\/person\/1661982992b752dea8dff0d4ed845a65","name":"Ks. Jacek","image":{"@type":"ImageObject","inLanguage":"pl-PL","@id":"https:\/\/gaudiumetspes-blog.pl\/#\/schema\/person\/image\/","url":"https:\/\/gaudiumetspes-blog.pl\/wp-content\/uploads\/2019\/07\/avatar-JJ-150x150.jpg","contentUrl":"https:\/\/gaudiumetspes-blog.pl\/wp-content\/uploads\/2019\/07\/avatar-JJ-150x150.jpg","caption":"Ks. Jacek"},"description":"Witam serdecznie! K\u0142ania si\u0119 Ks. Jacek Ja\u015bkowski. Nie jestem ani kim\u015b wa\u017cnym, ani kim\u015b znanym. Jestem ksi\u0119dzem, kt\u00f3ry po prostu chce rozmawia\u0107. Codzienna kap\u0142a\u0144ska pos\u0142uga pokazuje mi, \u017ce temat\u00f3w do rozm\u00f3w z ksi\u0119dzem jest coraz wi\u0119cej i dzisiaj \u017caden ksi\u0105dz nie mo\u017ce od nich ucieka\u0107, ale - wprost przeciwnie - podejmowa\u0107 nowe wyzwania. To przekonanie sk\u0142oni\u0142o mnie do pr\u00f3by otwarcia tego\u017c bloga, chocia\u017c okazji do rozm\u00f3w na co dzie\u0144 - w konfesjonale i poza nim - na szcz\u0119\u015bcie nie brakuje. My\u015bl\u0119 jednak, \u017ce ten blog b\u0119dzie jeszcze jednym sposobem i przestrzeni\u0105 nawi\u0105zania kontaktu z lud\u017ami dobrej woli, otwartymi na dialog.","url":"https:\/\/gaudiumetspes-blog.pl\/index.php\/author\/ks-jacek\/"}]}},"jetpack_featured_media_url":"","jetpack_sharing_enabled":true,"_links":{"self":[{"href":"https:\/\/gaudiumetspes-blog.pl\/index.php\/wp-json\/wp\/v2\/posts\/14566","targetHints":{"allow":["GET"]}}],"collection":[{"href":"https:\/\/gaudiumetspes-blog.pl\/index.php\/wp-json\/wp\/v2\/posts"}],"about":[{"href":"https:\/\/gaudiumetspes-blog.pl\/index.php\/wp-json\/wp\/v2\/types\/post"}],"author":[{"embeddable":true,"href":"https:\/\/gaudiumetspes-blog.pl\/index.php\/wp-json\/wp\/v2\/users\/1"}],"replies":[{"embeddable":true,"href":"https:\/\/gaudiumetspes-blog.pl\/index.php\/wp-json\/wp\/v2\/comments?post=14566"}],"version-history":[{"count":1,"href":"https:\/\/gaudiumetspes-blog.pl\/index.php\/wp-json\/wp\/v2\/posts\/14566\/revisions"}],"predecessor-version":[{"id":15348,"href":"https:\/\/gaudiumetspes-blog.pl\/index.php\/wp-json\/wp\/v2\/posts\/14566\/revisions\/15348"}],"wp:attachment":[{"href":"https:\/\/gaudiumetspes-blog.pl\/index.php\/wp-json\/wp\/v2\/media?parent=14566"}],"wp:term":[{"taxonomy":"category","embeddable":true,"href":"https:\/\/gaudiumetspes-blog.pl\/index.php\/wp-json\/wp\/v2\/categories?post=14566"},{"taxonomy":"post_tag","embeddable":true,"href":"https:\/\/gaudiumetspes-blog.pl\/index.php\/wp-json\/wp\/v2\/tags?post=14566"}],"curies":[{"name":"wp","href":"https:\/\/api.w.org\/{rel}","templated":true}]}}