{"id":14568,"date":"2019-06-17T06:41:00","date_gmt":"2019-06-17T04:41:00","guid":{"rendered":"https:\/\/gaudiumetspes-blog.pl\/index.php\/2019\/06\/17\/stracic-by-zyskac\/"},"modified":"2019-07-31T13:04:09","modified_gmt":"2019-07-31T11:04:09","slug":"stracic-by-zyskac","status":"publish","type":"post","link":"https:\/\/gaudiumetspes-blog.pl\/index.php\/2019\/06\/17\/stracic-by-zyskac\/","title":{"rendered":"Straci\u0107 &#8211; by zyska\u0107&#8230;"},"content":{"rendered":"<p><\/p>\n<div align=\"justify\" style=\"font-weight: normal; line-height: 150%; margin-bottom: 0cm;\">\n<span style=\"color: black;\"><span style=\"font-family: Book Antiqua, serif;\"><span style=\"font-size: x-large;\">Szcz\u0119\u015b\u0107<br \/>\nBo\u017ce! Moi Drodzy, w dniu dzisiejszym <b>imieniny prze\u017cywa Albert<br \/>\nKajka, Organista w Miastkowie.<\/b><\/span><\/span><\/span><\/div>\n<div align=\"justify\" style=\"background: transparent; line-height: 150%; margin-bottom: 0cm; page-break-before: auto; text-indent: 1.3cm;\">\n<span style=\"color: black;\"><span style=\"font-family: Book Antiqua, serif;\"><span style=\"font-size: x-large;\"><b>Urodziny<br \/>\nnatomiast prze\u017cywa Cezary Kryczka, za moich czas\u00f3w \u2013 Lektor w<br \/>\nRadory\u017cu Ko\u015bcielnym, w mojej pierwszej Parafii.<\/b><\/span><\/span><\/span><\/div>\n<div align=\"justify\" style=\"background: transparent; line-height: 150%; margin-bottom: 0cm; text-indent: 1.3cm;\">\n<span style=\"color: black;\"><span style=\"font-family: Book Antiqua, serif;\"><span style=\"font-size: x-large;\"><b>Obu<br \/>\n\u015bwi\u0119tuj\u0105cym \u017cycz\u0119, by z postawy dzisiejszego Patrona czerpali<br \/>\njak najwi\u0119cej. I aby zawsze trwali przy Chrystusie! Zapewniam o<br \/>\nmodlitwie!<\/b><\/span><\/span><\/span><\/div>\n<div align=\"justify\" style=\"background: transparent; font-weight: normal; line-height: 150%; margin-bottom: 0cm; text-indent: 1.3cm;\">\n<span style=\"color: black;\"><span style=\"font-family: Book Antiqua, serif;\"><span style=\"font-size: x-large;\">Wszystkim<br \/>\nza\u015b \u017cycz\u0119 dobrego i b\u0142ogos\u0142awionego dnia!<\/span><\/span><\/span><\/div>\n<div align=\"center\" style=\"font-weight: normal; line-height: 150%; margin-bottom: 0cm;\">\n<span style=\"color: black;\"><span style=\"font-family: Book Antiqua, serif;\"><span style=\"font-size: x-large;\">Gaudium<br \/>\net spes!  Ks. Jacek<\/span><\/span><\/span><\/div>\n<div align=\"justify\" style=\"line-height: 150%; margin-bottom: 0cm;\">\n<span style=\"font-size: x-large;\"><\/p>\n<p><\/span><\/div>\n<div align=\"justify\" style=\"line-height: 150%; margin-bottom: 0cm;\">\n<span style=\"color: black;\"><span style=\"font-family: Book Antiqua, serif;\"><span style=\"font-size: x-large;\"><b>Poniedzia\u0142ek<br \/>\n11 Tygodnia zwyk\u0142ego, rok I,<\/b><\/span><\/span><\/span><\/div>\n<div align=\"justify\" style=\"line-height: 150%; margin-bottom: 0cm;\">\n<span style=\"color: black;\"><span style=\"font-family: Book Antiqua, serif;\"><span style=\"font-size: x-large;\"><b>Wspomnienie<br \/>\n\u015aw. Alberta Chmielowskiego, Zakonnika,<\/b><\/span><\/span><\/span><\/div>\n<div align=\"justify\" style=\"line-height: 150%; margin-bottom: 0cm;\">\n<span style=\"color: black;\"><span style=\"font-family: Book Antiqua, serif;\"><span style=\"font-size: x-large;\"><b>do<br \/>\nczyta\u0144:  2 Kor 6,1\u201310;  Mt 5,38\u201342<\/b><\/span><\/span><\/span><\/div>\n<div align=\"justify\" style=\"line-height: 150%; margin-bottom: 0cm;\">\n<span style=\"font-size: x-large;\"><\/p>\n<p><\/span><\/div>\n<div align=\"justify\" style=\"font-style: normal; font-variant: normal; letter-spacing: normal; line-height: 150%; margin-bottom: 0cm;\">\n<span style=\"color: black;\"><span style=\"font-family: Book Antiqua, serif;\"><span style=\"font-size: x-large;\"><b>CZYTANIE<br \/>\nZ DRUGIEGO LISTU \u015aWI\u0118TEGO PAW\u0141A APOSTO\u0141A DO KORYNTIAN:<\/b><\/span><\/span><\/span><\/div>\n<div align=\"justify\" style=\"font-style: normal; font-variant: normal; letter-spacing: normal; line-height: 150%; margin-bottom: 0cm; page-break-before: auto; text-indent: 1.3cm;\">\n<span style=\"color: black;\"><span style=\"font-family: Book Antiqua, serif;\"><span style=\"font-size: x-large;\"><b>Bracia:<br \/>\nNapominamy was, aby\u015bcie nie przyjmowali na pr\u00f3\u017cno \u0142aski Bo\u017cej.<br \/>\nM\u00f3wi bowiem Pismo: \u201eW czasie pomy\u015blnym wys\u0142ucha\u0142em ciebie, w<br \/>\ndniu zbawienia przyszed\u0142em ci z pomoc\u0105\u201d. Oto teraz czas<br \/>\nupragniony, oto teraz dzie\u0144 zbawienia.<\/b><\/span><\/span><\/span><\/div>\n<div align=\"justify\" style=\"font-style: normal; font-variant: normal; letter-spacing: normal; line-height: 150%; margin-bottom: 0cm; text-indent: 1.3cm;\">\n<span style=\"color: black;\"><span style=\"font-family: Book Antiqua, serif;\"><span style=\"font-size: x-large;\"><b>Nie<br \/>\ndaj\u0105c nikomu sposobno\u015bci do zgorszenia, aby nie wyszydzono naszej<br \/>\npos\u0142ugi, okazujemy si\u0119 s\u0142ugami Boga przez wszystko: przez wielk\u0105<br \/>\ncierpliwo\u015b\u0107 w\u015br\u00f3d utrapie\u0144, przeciwno\u015bci i ucisk\u00f3w, w<br \/>\nch\u0142ostach, wi\u0119zieniach, podczas rozruch\u00f3w, w trudach, nocnych<br \/>\nczuwaniach i w postach, przez czysto\u015b\u0107 i umiej\u0119tno\u015b\u0107, przez<br \/>\nwielkoduszno\u015b\u0107 i \u0142agodno\u015b\u0107, przez objawy Ducha \u015awi\u0119tego i<br \/>\nmi\u0142o\u015b\u0107 nieob\u0142udn\u0105, przez g\u0142oszenie prawdy i moc Bo\u017c\u0105.<\/b><\/span><\/span><\/span><\/div>\n<div align=\"justify\" style=\"font-style: normal; font-variant: normal; letter-spacing: normal; line-height: 150%; margin-bottom: 0cm; text-indent: 1.3cm;\">\n<span style=\"color: black;\"><span style=\"font-family: Book Antiqua, serif;\"><span style=\"font-size: x-large;\"><b>Przez<br \/>\nor\u0119\u017c sprawiedliwo\u015bci zaczepny i obronny w\u015br\u00f3d czci i<br \/>\npoha\u0144bienia, przez dobr\u0105 s\u0142aw\u0119 i znies\u0142awienie. Uchodz\u0105cy za<br \/>\noszust\u00f3w, a przecie\u017c prawdom\u00f3wni, niby nieznani, a przecie\u017c<br \/>\ndobrze znani, niby umieraj\u0105cy, a oto \u017cyjemy, jakby karceni, lecz<br \/>\nnie u\u015bmiercani, jakby smutni, lecz zawsze rado\u015bni, jakby ubodzy, a<br \/>\njednak wzbogacaj\u0105cy wielu, jako ci, kt\u00f3rzy nic nie maj\u0105, a<br \/>\nposiadaj\u0105 wszystko.<\/b><\/span><\/span><\/span><\/div>\n<div align=\"justify\" style=\"line-height: 150%; margin-bottom: 0cm;\">\n<span style=\"font-size: x-large;\"><\/p>\n<p><\/span><\/div>\n<div align=\"justify\" style=\"font-style: normal; font-variant: normal; letter-spacing: normal; line-height: 150%; margin-bottom: 0cm;\">\n<span style=\"color: black;\"><span style=\"font-family: Book Antiqua, serif;\"><span style=\"font-size: x-large;\"><b>S\u0141OWA<br \/>\nEWANGELII WED\u0141UG \u015aWI\u0118TEGO MATEUSZA:<\/b><\/span><\/span><\/span><\/div>\n<div align=\"justify\" style=\"font-style: normal; font-variant: normal; letter-spacing: normal; line-height: 150%; margin-bottom: 0cm; page-break-before: auto; text-indent: 1.3cm;\">\n<span style=\"color: black;\"><span style=\"font-family: Book Antiqua, serif;\"><span style=\"font-size: x-large;\"><b>Jezus<br \/>\npowiedzia\u0142 do swoich uczni\u00f3w: \u201eS\u0142yszeli\u015bcie, \u017ce powiedziano:<br \/>\n\u00abOko za oko i z\u0105b za z\u0105b\u00bb. A Ja wam powiadam: Nie stawiajcie<br \/>\noporu z\u0142emu. Lecz je\u015bli ci\u0119 kto uderzy w prawy policzek, nadstaw<br \/>\nmu i drugi. Temu, kto chce prawowa\u0107 si\u0119 z tob\u0105 i wzi\u0105\u0107 twoj\u0105<br \/>\nszat\u0119, odst\u0105p i p\u0142aszcz. Zmusza ci\u0119 kto, \u017ceby i\u015b\u0107 z nim tysi\u0105c<br \/>\nkrok\u00f3w, id\u017a dwa tysi\u0105ce. Daj temu, kto ci\u0119 prosi, i nie odwracaj<br \/>\nsi\u0119 od tego, kto chce po\u017cyczy\u0107 od ciebie\u201d.<\/b><\/span><\/span><\/span><\/div>\n<div align=\"justify\" style=\"font-weight: normal; line-height: 150%; margin-bottom: 0cm;\">\n<span style=\"font-size: x-large;\"><\/p>\n<p><\/span><\/div>\n<div align=\"justify\" style=\"background: transparent; font-weight: normal; line-height: 150%; margin-bottom: 0cm; page-break-before: auto; text-indent: 1.3cm;\">\n<span style=\"color: black;\"><span style=\"font-family: Book Antiqua, serif;\"><span style=\"font-size: x-large;\">Jezus<br \/>\nw Ewangelii m\u00f3wi dzi\u015b: <span style=\"font-variant: normal;\"><span style=\"letter-spacing: normal;\"><i><b>S\u0142yszeli\u015bcie,<br \/>\n\u017ce powiedziano: \u00abOko za oko i z\u0105b za z\u0105b\u00bb. A Ja wam powiadam:<br \/>\nNie stawiajcie oporu z\u0142emu. Lecz je\u015bli ci\u0119 kto uderzy w prawy<br \/>\npoliczek, nadstaw mu i drugi. Temu, kto chce prawowa\u0107 si\u0119 z tob\u0105 i<br \/>\nwzi\u0105\u0107 twoj\u0105 szat\u0119, odst\u0105p i p\u0142aszcz. Zmusza ci\u0119 kto, \u017ceby i\u015b\u0107<br \/>\nz nim tysi\u0105c krok\u00f3w, id\u017a dwa tysi\u0105ce. Daj temu, kto ci\u0119 prosi, i<br \/>\nnie odwracaj si\u0119 od tego, kto chce po\u017cyczy\u0107 od ciebie.<\/b><\/i><\/span><\/span><\/span><\/span><\/span><\/div>\n<div align=\"justify\" style=\"background: transparent; font-weight: normal; line-height: 150%; margin-bottom: 0cm; text-indent: 1.3cm;\">\n<span style=\"color: black;\"><span style=\"font-family: Book Antiqua, serif;\"><span style=\"font-size: x-large;\"><span style=\"font-variant: normal;\"><span style=\"letter-spacing: normal;\"><span style=\"font-style: normal;\">A<br \/>\n<\/span><\/span><\/span><span style=\"font-variant: normal;\"><span style=\"letter-spacing: normal;\"><span style=\"font-style: normal;\">skoro<br \/>\ntak, to Pawe\u0142 Aposto\u0142, w pierwszym czytaniu stwierdza: <\/span><\/span><\/span><span style=\"font-variant: normal;\"><span style=\"letter-spacing: normal;\"><i><b>Nie<br \/>\ndaj\u0105c nikomu sposobno\u015bci do zgorszenia, aby nie wyszydzono naszej<br \/>\npos\u0142ugi, okazujemy si\u0119 s\u0142ugami Boga przez wszystko: przez wielk\u0105<br \/>\ncierpliwo\u015b\u0107 w\u015br\u00f3d utrapie\u0144, przeciwno\u015bci i ucisk\u00f3w, w<br \/>\nch\u0142ostach, wi\u0119zieniach, podczas rozruch\u00f3w, w trudach, nocnych<br \/>\nczuwaniach i w postach, przez czysto\u015b\u0107 i umiej\u0119tno\u015b\u0107, przez<br \/>\nwielkoduszno\u015b\u0107 i \u0142agodno\u015b\u0107, przez objawy Ducha \u015awi\u0119tego i<br \/>\nmi\u0142o\u015b\u0107 nieob\u0142udn\u0105, przez g\u0142oszenie prawdy i moc Bo\u017c\u0105.<\/b><\/i><\/span><\/span><\/span><\/span><\/span><\/div>\n<div align=\"justify\" style=\"background: transparent; font-weight: normal; line-height: 150%; margin-bottom: 0cm; text-indent: 1.3cm;\">\n<span style=\"font-size: x-large;\"><span style=\"color: black;\"><span style=\"font-family: Book Antiqua, serif;\"><span style=\"font-variant: normal;\"><span style=\"letter-spacing: normal;\"><span style=\"font-style: normal;\">Niemal\u017ce<br \/>\ndos\u0142ownie Pawe\u0142 i Aposto\u0142owie wprowadzili w \u017cycie dzisiejsze<br \/>\nzalecenie Jezusa. Jakie to zalecenie? Czego dotycz\u0105ce? Czy tego, by<br \/>\n<\/span><\/span><\/span><span style=\"font-variant: normal;\"><span style=\"letter-spacing: normal;\"><span style=\"font-style: normal;\"><b>da\u0107<br \/>\nsob\u0105 poniewiera\u0107, pomiata\u0107, lekcewa\u017cy\u0107,<\/b><\/span><\/span><\/span><span style=\"font-variant: normal;\"><span style=\"letter-spacing: normal;\"><span style=\"font-style: normal;\"><br \/>\nbo na tym polega chrze\u015bcija\u0144stwo? Albo mo\u017ce z innej strony: czy<br \/>\nnie da si\u0119 by\u0107 chrze\u015bcijaninem, je\u017celi si\u0119 nie zgodzi na takie<br \/>\ntraktowanie? Co tak dok\u0142adnie oznacza zach\u0119ta Jezusa: <\/span><\/span><\/span><span style=\"font-variant: normal;\"><span style=\"letter-spacing: normal;\"><i><b>Nie<br \/>\nstawiajcie oporu z\u0142emu?\u2026 <\/b><\/i><\/span><\/span><\/span><\/span><br \/>\n<\/span><\/div>\n<div align=\"justify\" style=\"background: transparent; font-weight: normal; line-height: 150%; margin-bottom: 0cm; text-indent: 1.3cm;\">\n<span style=\"font-size: x-large;\"><span style=\"color: black;\"><span style=\"font-family: Book Antiqua, serif;\"><span style=\"font-variant: normal;\"><span style=\"letter-spacing: normal;\"><span style=\"font-style: normal;\">A<br \/>\n<\/span><\/span><\/span><span style=\"font-variant: normal;\"><span style=\"letter-spacing: normal;\"><span style=\"font-style: normal;\">mo\u017ce<br \/>\nto w\u0142a\u015bnie, by nie szuka\u0107 zemsty, by <\/span><\/span><\/span><span style=\"font-variant: normal;\"><span style=\"letter-spacing: normal;\"><span style=\"font-style: normal;\"><b>nie<br \/>\ndochodzi\u0107 swego za wszelk\u0105 cen\u0119,<\/b><\/span><\/span><\/span><span style=\"font-variant: normal;\"><span style=\"letter-spacing: normal;\"><span style=\"font-style: normal;\"><br \/>\n<\/span><\/span><\/span><span style=\"font-variant: normal;\"><span style=\"letter-spacing: normal;\"><span style=\"font-style: normal;\">co<br \/>\ndo najmniejszego szczeg\u00f3\u0142u;<\/span><\/span><\/span><span style=\"font-variant: normal;\"><span style=\"letter-spacing: normal;\"><span style=\"font-style: normal;\"><br \/>\naby te\u017c nie budowa\u0107 swojej pozycji i skuteczno\u015bci swojej misji na<br \/>\nludzkim uznaniu, aby wreszcie \u201enie dawa\u0107 nikomu sposobno\u015bci do<br \/>\nzgorszenia\u201d \u2013 <\/span><\/span><\/span><span style=\"font-variant: normal;\"><span style=\"letter-spacing: normal;\"><span style=\"font-style: normal;\"><b>swoj\u0105<br \/>\nma\u0142ostkowo\u015bci\u0105,<\/b><\/span><\/span><\/span><span style=\"font-variant: normal;\"><span style=\"letter-spacing: normal;\"><span style=\"font-style: normal;\"><br \/>\nmo\u017ce arogancj\u0105, a mo\u017ce pych\u0105\u2026 <\/span><\/span><\/span><\/span><\/span><br \/>\n<\/span><\/div>\n<div align=\"justify\" style=\"background: transparent; font-weight: normal; line-height: 150%; margin-bottom: 0cm; text-indent: 1.3cm;\">\n<span style=\"color: black;\"><span style=\"font-family: Book Antiqua, serif;\"><span style=\"font-size: x-large;\"><span style=\"font-variant: normal;\"><span style=\"letter-spacing: normal;\"><span style=\"font-style: normal;\">Zreszt\u0105,<br \/>\nprzyj\u0119cie <\/span><\/span><\/span><span style=\"font-variant: normal;\"><span style=\"letter-spacing: normal;\"><span style=\"font-style: normal;\">owych<br \/>\nwyliczonych tu trudno\u015bci i oddanie ich Panu <\/span><\/span><\/span><span style=\"font-variant: normal;\"><span style=\"letter-spacing: normal;\"><span style=\"font-style: normal;\"><b>konkretnie<br \/>\nowocuje<\/b><\/span><\/span><\/span><span style=\"font-variant: normal;\"><span style=\"letter-spacing: normal;\"><span style=\"font-style: normal;\"><br \/>\nw \u017cyciu cz\u0142owieka \u2013 tak, jak zaowocowa\u0142o w \u017cyciu Aposto\u0142\u00f3w.<br \/>\nPawe\u0142 tak o tym pisze, charakteryzuj\u0105c postaw\u0119 swoj\u0105 i swoich<br \/>\nbraci w apostolskim dziele: <\/span><\/span><\/span><span style=\"font-variant: normal;\"><span style=\"letter-spacing: normal;\"><i><b>Uchodz\u0105cy<br \/>\nza oszust\u00f3w, a przecie\u017c prawdom\u00f3wni, niby nieznani, a przecie\u017c<br \/>\ndobrze znani, niby umieraj\u0105cy, a oto \u017cyjemy, jakby karceni, lecz<br \/>\nnie u\u015bmiercani, jakby smutni, lecz zawsze rado\u015bni, jakby ubodzy, a<br \/>\njednak wzbogacaj\u0105cy wielu, jako ci, kt\u00f3rzy nic nie maj\u0105, a<br \/>\nposiadaj\u0105<\/b><\/i><\/span><\/span><span style=\"font-variant: normal;\"><span style=\"letter-spacing: normal;\"><span style=\"font-style: normal;\"><b><br \/>\n<\/b><\/span><\/span><\/span><span style=\"font-variant: normal;\"><span style=\"letter-spacing: normal;\"><i><b>wszystko<\/b><\/i><\/span><\/span><span style=\"font-variant: normal;\"><span style=\"letter-spacing: normal;\"><span style=\"font-style: normal;\"><b>.<\/b><\/span><\/span><\/span><\/span><\/span><\/span><\/div>\n<div align=\"justify\" style=\"background: transparent; font-weight: normal; line-height: 150%; margin-bottom: 0cm; text-indent: 1.3cm;\">\n<span style=\"color: black;\"><span style=\"font-family: Book Antiqua, serif;\"><span style=\"font-size: x-large;\"><span style=\"font-variant: normal;\"><span style=\"letter-spacing: normal;\"><span style=\"font-style: normal;\">Chcia\u0142oby<br \/>\nsi\u0119 powiedzie\u0107: <\/span><\/span><\/span><span style=\"font-variant: normal;\"><span style=\"letter-spacing: normal;\"><span style=\"font-style: normal;\"><b>A<br \/>\nwi\u0119c jednak warto!<\/b><\/span><\/span><\/span><span style=\"font-variant: normal;\"><span style=\"letter-spacing: normal;\"><span style=\"font-style: normal;\"><br \/>\nWarto zaufa\u0107 bezgranicznie Panu! Warto co\u015b dora\u017anie straci\u0107, aby<br \/>\no wiele wi\u0119cej zyska\u0107! I \u2013 cho\u0107 to bardzo trudne \u2013 warto <\/span><\/span><\/span><span style=\"font-variant: normal;\"><span style=\"letter-spacing: normal;\"><span style=\"font-style: normal;\"><b>nie<br \/>\ndochodzi\u0107 do ostatniego, najmniejszego drobiazgu,<\/b><\/span><\/span><\/span><span style=\"font-variant: normal;\"><span style=\"letter-spacing: normal;\"><span style=\"font-style: normal;\"><br \/>\nswoich praw i krzywd, aby <\/span><\/span><\/span><span style=\"font-variant: normal;\"><span style=\"letter-spacing: normal;\"><span style=\"font-style: normal;\">i<\/span><\/span><\/span><span style=\"font-variant: normal;\"><span style=\"letter-spacing: normal;\"><span style=\"font-style: normal;\"><br \/>\nPan od nas nie dochodzi\u0142 sprawiedliwo\u015bci za nasze grzechy i<br \/>\npotkni\u0119cia, a <\/span><\/span><\/span><span style=\"font-variant: normal;\"><span style=\"letter-spacing: normal;\"><span style=\"font-style: normal;\"><b>m\u00f3g\u0142<br \/>\nnam mi\u0142osiernie przebaczy\u0107<\/b><\/span><\/span><\/span><span style=\"font-variant: normal;\"><span style=\"letter-spacing: normal;\"><span style=\"font-style: normal;\"><br \/>\ni okaza\u0107 bezmiar swojej \u0142aski.<\/span><\/span><\/span><\/span><\/span><\/span><\/div>\n<div align=\"justify\" style=\"background: transparent; font-weight: normal; line-height: 150%; margin-bottom: 0cm; text-indent: 1.3cm;\">\n<span style=\"font-size: x-large;\"><span style=\"color: black;\"><span style=\"font-family: Book Antiqua, serif;\"><span style=\"font-variant: normal;\"><span style=\"letter-spacing: normal;\"><span style=\"font-style: normal;\">Tak,<br \/>\nmoi Drodzy, warto w tych sprawach \u2013 w sprawach naszych doczesnych<br \/>\nrozlicze\u0144, w relacjach z lud\u017ami, a mo\u017ce i z samym Bogiem \u2013<br \/>\nzastosowa\u0107 <\/span><\/span><\/span><span style=\"font-variant: normal;\"><span style=\"letter-spacing: normal;\"><span style=\"font-style: normal;\"><b>Bo\u017c\u0105<br \/>\nmiar\u0119, Bo\u017c\u0105 sprawiedliwo\u015b\u0107, Bo\u017c\u0105 logik\u0119\u2026<\/b><\/span><\/span><\/span><span style=\"font-variant: normal;\"><span style=\"letter-spacing: normal;\"><span style=\"font-style: normal;\"><br \/>\nI w jakim\u015b sensie \u2013 <\/span><\/span><\/span><span style=\"font-variant: normal;\"><span style=\"letter-spacing: normal;\"><span style=\"font-style: normal;\"><b>Bo\u017c\u0105<br \/>\nekonomi\u0119,<\/b><\/span><\/span><\/span><span style=\"font-variant: normal;\"><span style=\"letter-spacing: normal;\"><span style=\"font-style: normal;\"><br \/>\nkiedy trzeba b\u0119dzie przeliczy\u0107, co si\u0119 nam bardziej op\u0142aca: czy<br \/>\nrzeczywi\u015bcie <\/span><\/span><\/span><span style=\"font-variant: normal;\"><span style=\"letter-spacing: normal;\"><span style=\"font-style: normal;\"><b>za<br \/>\nwszelk\u0105 cen\u0119 broni\u0107 swego<\/b><\/span><\/span><\/span><span style=\"font-variant: normal;\"><span style=\"letter-spacing: normal;\"><span style=\"font-style: normal;\"><br \/>\ndo ostatniego, najdrobniejszego elementu (bo nie m\u00f3wimy, \u017ceby w<br \/>\nog\u00f3le zrezygnowa\u0107 z obrony i da\u0107 sobie ludziom wej\u015b\u0107 na g\u0142ow\u0119),<br \/>\nczy jednak <\/span><\/span><\/span><span style=\"font-variant: normal;\"><span style=\"letter-spacing: normal;\"><span style=\"font-style: normal;\"><b>tu<br \/>\ni \u00f3wdzie ust\u0105pi\u0107,<\/b><\/span><\/span><\/span><span style=\"font-variant: normal;\"><span style=\"letter-spacing: normal;\"><span style=\"font-style: normal;\"><br \/>\nto i owo przemilcze\u0107, co\u015b mo\u017ce utraci\u0107 ze swojej pozycji i zej\u015b\u0107<br \/>\nnieco ze swego piedesta\u0142u, ale za to <\/span><\/span><\/span><span style=\"font-variant: normal;\"><span style=\"letter-spacing: normal;\"><span style=\"font-style: normal;\"><b>zyska\u0107<br \/>\no wiele wi\u0119cej<\/b><\/span><\/span><\/span><span style=\"font-variant: normal;\"><span style=\"letter-spacing: normal;\"><span style=\"font-style: normal;\"><br \/>\ntrwa\u0142ych i dobrych Bo\u017cych dar\u00f3w?\u2026 <\/span><\/span><\/span><\/span><\/span><br \/>\n<\/span><\/div>\n<div align=\"justify\" style=\"background: transparent; line-height: 150%; margin-bottom: 0cm; text-indent: 1.3cm;\">\n<span style=\"font-family: Book Antiqua, serif;\"><span style=\"font-size: x-large;\"><span style=\"font-variant: normal;\"><span style=\"color: black;\"><span style=\"letter-spacing: normal;\"><span style=\"font-style: normal;\"><span style=\"font-weight: normal;\">Pawe\u0142<br \/>\ni inni Aposto\u0142owie nie mieli w\u0105tpliwo\u015bci, jak post\u0105pi\u0107. Nie mia\u0142<br \/>\nich tak\u017ce Patron dnia dzisiejszego, <\/span><\/span><\/span><\/span><\/span><span style=\"font-variant: normal;\"><span style=\"color: black;\"><span style=\"letter-spacing: normal;\"><span style=\"font-style: normal;\"><b>\u015awi\u0119ty<br \/>\nBrat Albert Chmielowski.<\/b><\/span><\/span><\/span><\/span><\/span><\/span><\/div>\n<div align=\"justify\" style=\"background: transparent; line-height: 150%; margin-bottom: 0cm; text-indent: 1.3cm;\">\n<span style=\"font-size: x-large;\"><span style=\"font-family: Book Antiqua, serif;\"><span style=\"font-weight: normal;\">Jako<br \/>\n<\/span><b>Adam Chmielowski,<\/b> urodzi\u0142 si\u0119 <b>20 sierpnia 1845<br \/>\nroku<\/b> w Igo\u0142omii pod Krakowem. Pochodzi\u0142 z zubo\u017ca\u0142ej rodziny<br \/>\nziemia\u0144skiej. Gdy mia\u0142 sze\u015b\u0107 lat, matka w czasie pielgrzymki do<br \/>\nMogi\u0142y po\u015bwi\u0119ci\u0142a ma\u0142ego Adama Bogu. <b>Kiedy mia\u0142 lat osiem,<br \/>\numar\u0142 jego ojciec, sze\u015b\u0107 lat p\u00f3\u017aniej zmar\u0142a matka.<\/b> <\/span><br \/>\n<\/span><\/div>\n<div align=\"justify\" style=\"background: transparent; line-height: 150%; margin-bottom: 0cm; text-indent: 1.3cm;\">\n<span style=\"font-size: x-large;\"><span style=\"font-family: Book Antiqua, serif;\">Ch\u0142opiec<br \/>\nkszta\u0142ci\u0142 si\u0119 w szkole kadet\u00f3w w Petersburgu, nast\u0119pnie w<br \/>\ngimnazjum w Warszawie, a potem studiowa\u0142 w Instytucie Rolniczo \u2013<br \/>\nLe\u015bnym w Pu\u0142awach. <b>Razem z m\u0142odzie\u017c\u0105 tej szko\u0142y wzi\u0105\u0142<br \/>\nudzia\u0142 w Powstaniu Styczniowym.<\/b> 30 wrze\u015bnia 1863 roku zosta\u0142<br \/>\n<b>ci\u0119\u017cko ranny w bitwie pod Me\u0142chowem<\/b> i dosta\u0142 si\u0119 do<br \/>\nniewoli rosyjskiej. W prymitywnych warunkach polowych, bez \u015brodk\u00f3w<br \/>\nznieczulaj\u0105cych, <b>amputowano mu nog\u0119,<\/b> co zni\u00f3s\u0142 niezwykle<br \/>\nm\u0119\u017cnie. Mia\u0142 wtedy osiemna\u015bcie lat. <\/span><br \/>\n<\/span><\/div>\n<div align=\"justify\" style=\"background: transparent; line-height: 150%; margin-bottom: 0cm; text-indent: 1.3cm;\">\n<span style=\"font-size: x-large;\"><span style=\"font-family: Book Antiqua, serif;\">Przez<br \/>\npewien czas przebywa\u0142 <b>w wi\u0119zieniu w O\u0142omu\u0144cu,<\/b> sk\u0105d zosta\u0142<br \/>\nzwolniony dzi\u0119ki interwencji rodziny. Aby unikn\u0105\u0107 represji w\u0142adz<br \/>\ncarskich, wyjecha\u0142 do Pary\u017ca, gdzie podj\u0105\u0142 <b>studia malarskie,<\/b><br \/>\npotem przeni\u00f3s\u0142 si\u0119 do Belgii i studiowa\u0142 in\u017cynieri\u0119, lecz<br \/>\npowr\u00f3ci\u0142 wkr\u00f3tce do malarstwa <b>i uko\u0144czy\u0142 Akademi\u0119 Sztuk<br \/>\nPi\u0119knych w Monachium.<\/b> Wsz\u0119dzie, gdzie przebywa\u0142 <b>wyr\u00f3\u017cnia\u0142<br \/>\nsi\u0119 postaw\u0105 chrze\u015bcija\u0144sk\u0105,<\/b> a jego silna osobowo\u015b\u0107<br \/>\nwywiera\u0142a du\u017cy wp\u0142yw na otoczenie. <\/span><br \/>\n<\/span><\/div>\n<div align=\"justify\" style=\"background: transparent; line-height: 150%; margin-bottom: 0cm; text-indent: 1.3cm;\">\n<span style=\"font-size: x-large;\"><span style=\"font-family: Book Antiqua, serif;\">Po<br \/>\nog\u0142oszeniu amnestii w 1874 roku powr\u00f3ci\u0142 do kraju. <b>Zacz\u0105\u0142<br \/>\nposzukiwa\u0107 nowego idea\u0142u \u017cycia,<\/b> wyrazem czego sta\u0142o si\u0119 jego<br \/>\nmalarstwo. Oparte dotychczas na motywach \u015bwieckich, zacz\u0119\u0142o teraz<br \/>\nczerpa\u0107 natchnienie z temat\u00f3w religijnych. <b>Jeden z jego<br \/>\nnajlepszych <\/b><b>i najbardziej znanych <\/b><b>obraz\u00f3w \u2013 \u201e<\/b><b>Ecce<br \/>\nHomo\u201d<\/b><b> \u2013 <\/b><span style=\"font-weight: normal;\">jest owocem<br \/>\ng\u0142\u0119bokiego prze\u017cycia tajemnicy bezgranicznej mi\u0142o\u015bci Boga do<br \/>\ncz\u0142owieka. <\/span><\/span><br \/>\n<\/span><\/div>\n<div align=\"justify\" style=\"background: transparent; line-height: 150%; margin-bottom: 0cm; text-indent: 1.3cm;\">\n<span style=\"font-size: x-large;\"><span style=\"font-family: Book Antiqua, serif;\"><b>W<br \/>\n1880 roku nast\u0105pi\u0142 duchowy zwrot w jego \u017cyciu.<\/b> B\u0119d\u0105c w pe\u0142ni<br \/>\nsi\u0142 tw\u00f3rczych porzuci\u0142 malarstwo i liczne kontakty towarzyskie, i<br \/>\nmaj\u0105c trzydzie\u015bci pi\u0119\u0107 lat <b>wst\u0105pi\u0142 do nowicjatu jezuit\u00f3w<\/b><br \/>\nz zamiarem pozostania bratem zakonnym. Po p\u00f3\u0142 roku, w stanie silnej<br \/>\ndepresji, opu\u015bci\u0142 nowicjat. <b>Do stycznia 1882 roku leczy\u0142 si\u0119 w<br \/>\nzak\u0142adzie dla nerwowo chorych.<\/b> Nast\u0119pnie przebywa\u0142 u swojego<br \/>\nbrata na Podolu, gdzie w atmosferze spokoju i mi\u0142o\u015bci <b>powr\u00f3ci\u0142<br \/>\nca\u0142kowicie do r\u00f3wnowagi psychicznej. <\/b><\/span><br \/>\n<\/span><\/div>\n<div align=\"justify\" style=\"background: transparent; line-height: 150%; margin-bottom: 0cm; text-indent: 1.3cm;\">\n<span style=\"font-size: x-large;\"><span style=\"font-family: Book Antiqua, serif;\">Zafascynowa\u0142a<br \/>\ngo duchowo\u015b\u0107 \u015awi\u0119tego Franciszka z Asy\u017cu, zapozna\u0142 si\u0119 z<br \/>\nregu\u0142\u0105 III zakonu <b>i rozpocz\u0105\u0142 dzia\u0142alno\u015b\u0107 tercjarsk\u0105,<\/b><br \/>\nkt\u00f3r\u0105 pragn\u0105\u0142 upowszechni\u0107 w\u015br\u00f3d podolskich ch\u0142op\u00f3w. Wkr\u00f3tce<br \/>\nukaz carski zmusi\u0142 go do opuszczenia Podola. W 1884 roku <b>przeni\u00f3s\u0142<br \/>\nsi\u0119 do Krakowa<\/b> i zatrzyma\u0142 si\u0119 przy klasztorze kapucyn\u00f3w.<br \/>\nPieni\u0119dzmi ze sprzeda\u017cy swoich obraz\u00f3w wspomaga\u0142<br \/>\nnajbiedniejszych. <\/span><br \/>\n<\/span><\/div>\n<div align=\"justify\" style=\"background: transparent; line-height: 150%; margin-bottom: 0cm; text-indent: 1.3cm;\">\n<span style=\"font-size: x-large;\"><span style=\"font-family: Book Antiqua, serif;\"><b>Jego<br \/>\npracownia malarska sta\u0142a si\u0119 przytuliskiem.<\/b> Tutaj zajmowa\u0142 si\u0119<br \/>\nn\u0119dzarzami i bezdomnymi, widz\u0105c w ich twarzach <b>sponiewierane<br \/>\noblicze Chrystusa.<\/b> Pozna\u0142 warunki \u017cycia ludzi w tak zwanych<br \/>\nogrzewalniach miejskich Krakowa. By\u0142 to <b>kolejny moment prze\u0142omowy<br \/>\nw \u017cyciu zdolnego i cenionego malarza.<\/b> <\/span><br \/>\n<\/span><\/div>\n<div align=\"justify\" style=\"background: transparent; line-height: 150%; margin-bottom: 0cm; text-indent: 1.3cm;\">\n<span style=\"font-size: x-large;\"><span style=\"font-family: Book Antiqua, serif;\">Z<br \/>\nmi\u0142o\u015bci do Boga i ludzi Adam Chmielowski <b>po raz drugi<br \/>\nzrezygnowa\u0142 z kariery i obj\u0105\u0142 zarz\u0105d ogrzewalni dla bezdomnych.<\/b><br \/>\nPrzeni\u00f3s\u0142 si\u0119 tam na sta\u0142e, aby mieszkaj\u0105c w\u015br\u00f3d biedoty,<br \/>\npomaga\u0107 im w d\u017awiganiu si\u0119 z n\u0119dzy \u2013 nie tylko materialnej, ale<br \/>\ni moralnej. <b>25 sierpnia 1887 roku Adam Chmielowski przywdzia\u0142<br \/>\nszary habit tercjarski i przyj\u0105\u0142 imi\u0119 brat Albert.<\/b> Dok\u0142adnie<br \/>\nrok p\u00f3\u017aniej z\u0142o\u017cy\u0142 \u015bluby tercjarza na r\u0119ce Kardyna\u0142a Albina<br \/>\nDunajewskiego. Ten dzie\u0144 jest jednocze\u015bnie <b>pocz\u0105tkiem<br \/>\ndzia\u0142alno\u015bci Zgromadzenia Braci III Zakonu \u015awi\u0119tego Franciszka<br \/>\nPos\u0142uguj\u0105cych Ubogim, <\/b><span style=\"font-weight: normal;\">zwanego<br \/>\npopularnie<\/span><b> \u201ealbertynami\u201d.<\/b> <\/span><br \/>\n<\/span><\/div>\n<div align=\"justify\" style=\"background: transparent; line-height: 150%; margin-bottom: 0cm; text-indent: 1.3cm;\">\n<span style=\"font-size: x-large;\"><span style=\"font-family: Book Antiqua, serif;\">Zgromadzenie<br \/>\nto przej\u0119\u0142o od zarz\u0105du miasta <b>opiek\u0119 nad ogrzewalni\u0105 dla<br \/>\nm\u0119\u017cczyzn<\/b> przy ulicy Piekarskiej w Krakowie. W nieca\u0142y rok<br \/>\np\u00f3\u017aniej brat Albert wzi\u0105\u0142 r\u00f3wnie\u017c pod swoj\u0105 opiek\u0119<br \/>\n<b>ogrzewalni\u0119 dla kobiet,<\/b> a grupa jego pomocnic, kt\u00f3rymi<br \/>\nkierowa\u0142a siostra Bernardyna Jab\u0142o\u0144ska, <b>sta\u0142a si\u0119 zal\u0105\u017ckiem<br \/>\n<\/b><b>zgromadzenia<\/b><b> \u201ealbertynek\u201d.<\/b> Formacja dla<br \/>\nkandydat\u00f3w i kandydatek do obu zgromadze\u0144 organizowana by\u0142a w<br \/>\ndomach pustelniczych. <\/span><br \/>\n<\/span><\/div>\n<div align=\"justify\" style=\"background: transparent; line-height: 150%; margin-bottom: 0cm; text-indent: 1.3cm;\">\n<span style=\"font-size: x-large;\"><span style=\"font-family: Book Antiqua, serif;\"><span style=\"font-weight: normal;\">Najbardziej<br \/>\nznanym sta\u0142a si\u0119 tak zwana<\/span><b> \u201eSamotnia\u201d na Kalat\u00f3wkach<br \/>\npod Zakopanem.<\/b> Nowicjat by\u0142 surowy, aby wcze\u015bniej mog\u0142y<br \/>\nwycofa\u0107 si\u0119 jednostki s\u0142absze. Do trudnej pracy potrzeba bowiem<br \/>\nby\u0142o ludzi wyj\u0105tkowo zahartowanych \u2013 zar\u00f3wno fizycznie jak i<br \/>\nmoralnie. <\/span><br \/>\n<\/span><\/div>\n<div align=\"justify\" style=\"background: transparent; line-height: 150%; margin-bottom: 0cm; text-indent: 1.3cm;\">\n<span style=\"font-size: x-large;\"><span style=\"font-family: Book Antiqua, serif;\">Przytuliska<br \/>\nznajduj\u0105ce si\u0119 pod opiek\u0105 albertyn\u00f3w i albertynek by\u0142y <b>otwarte<br \/>\ndla wszystkich potrzebuj\u0105cych,<\/b> bez wzgl\u0119du na narodowo\u015b\u0107 czy<br \/>\nwyznanie. Wszystkim zapewniano pomoc materialn\u0105 i moraln\u0105,<br \/>\nstwarzano ch\u0119tnym <b>mo\u017cliwo\u015bci pracy i samodzielnego zdobywania<br \/>\n\u015brodk\u00f3w utrzymania.<\/b> <\/span><br \/>\n<\/span><\/div>\n<div align=\"justify\" style=\"background: transparent; line-height: 150%; margin-bottom: 0cm; text-indent: 1.3cm;\">\n<span style=\"font-size: x-large;\"><span style=\"font-family: Book Antiqua, serif;\">Sam<br \/>\nza\u015b Albert by\u0142 <b>cz\u0142owiekiem rozmodlonym i pokutnikiem.<\/b><br \/>\nOdznacza\u0142 si\u0119 heroiczn\u0105 mi\u0142o\u015bci\u0105 bli\u017aniego, dziel\u0105c los z<br \/>\nnajubo\u017cszymi i pragn\u0105c przywr\u00f3ci\u0107 im godno\u015b\u0107. Pomimo swego<br \/>\nkalectwa \u2013 <b>wiele podr\u00f3\u017cowa\u0142, zak\u0142ada\u0142 nowe przytuliska,<br \/>\nsieroci\u0144ce dla dzieci i m\u0142odzie\u017cy, <\/b><span style=\"font-weight: normal;\">domy<br \/>\ndla starc\u00f3w i nieuleczalnie chorych oraz tak zwany \u201ekuchnie<br \/>\nludowe\u201d. <\/span><\/span><br \/>\n<\/span><\/div>\n<div align=\"justify\" style=\"background: transparent; line-height: 150%; margin-bottom: 0cm; text-indent: 1.3cm;\">\n<span style=\"font-size: x-large;\"><span style=\"font-family: Book Antiqua, serif;\">Za<br \/>\njego \u017cycia powsta\u0142o dwadzie\u015bcia jeden takich dom\u00f3w. Przyk\u0142adem<br \/>\nswego \u017cycia Brat Albert uczy\u0142 wsp\u00f3\u0142braci i wsp\u00f3\u0142siostry, \u017ce<br \/>\n<b>trzeba by\u0107 \u201edobrym jak chleb\u201d.<\/b> Zaleca\u0142 te\u017c<br \/>\nprzestrzeganie kra\u0144cowego ub\u00f3stwa, kt\u00f3re od lat wielu by\u0142o<br \/>\nr\u00f3wnie\u017c jego udzia\u0142em. <\/span><br \/>\n<\/span><\/div>\n<div align=\"justify\" style=\"background: transparent; line-height: 150%; margin-bottom: 0cm; text-indent: 1.3cm;\">\n<span style=\"font-size: x-large;\"><span style=\"font-family: Book Antiqua, serif;\">Zmar\u0142<br \/>\nw opinii \u015bwi\u0119to\u015bci, wyniszczony ci\u0119\u017ck\u0105 chorob\u0105 i trudami \u017cycia<br \/>\nw przytu\u0142ku, kt\u00f3ry za\u0142o\u017cy\u0142 dla m\u0119\u017cczyzn, <b>25 grudnia 1916<br \/>\nroku w Krakowie. <\/b>Pogrzeb na Cmentarzu Rakowickim 28 grudnia 1916<br \/>\nroku sta\u0142 si\u0119 pierwszym wyrazem czci powszechnie mu oddawanej.<br \/>\n<b>Papie\u017c<\/b><b> Jan Pawe\u0142 II<\/b><b> beatyfikowa\u0142 go 22 czerwca<br \/>\n1983 roku, <\/b><span style=\"font-weight: normal;\">na B\u0142oniach<br \/>\nkrakowskich,<\/span><b> a kanonizowa\u0142 12 listopada 1989 roku, <\/b><span style=\"font-weight: normal;\">w<br \/>\nWatykanie. <\/span><\/span><br \/>\n<\/span><\/div>\n<div align=\"justify\" style=\"background: transparent; line-height: 150%; margin-bottom: 0cm; text-indent: 1.3cm;\">\n<span style=\"font-size: x-large;\"><span style=\"font-family: Book Antiqua, serif;\">Warto<br \/>\nprzy okazji zauwa\u017cy\u0107, i\u017c Jan Pawe\u0142 II \u2013 co sam nieraz<br \/>\npodkre\u015bla\u0142 \u2013 by\u0142 zachwycony postaw\u0105 Brata Alberta, <b>maj\u0105c do<br \/>\njego \u015bwi\u0119to\u015bci osobiste nabo\u017ce\u0144stwo.<\/b> Jednym z wyraz\u00f3w tego<br \/>\nnastawienia jest z pewno\u015bci\u0105 homilia, jak\u0105 wyg\u0142osi\u0142 jeszcze jako<br \/>\nkrakowski Kardyna\u0142, z okazji pi\u0119\u0107dziesi\u0105tej rocznicy \u015bmierci<br \/>\ndzisiejszego Patrona. A m\u00f3wi\u0142 w niej mi\u0119dzy innymi: <\/span><br \/>\n<\/span><\/div>\n<div align=\"justify\" style=\"background: transparent; line-height: 150%; margin-bottom: 0cm; text-indent: 1.3cm;\">\n<span style=\"font-size: x-large;\"><br \/>\n\u201e<span style=\"font-family: Book Antiqua, serif;\"><b>Brat<br \/>\nAlbert Chmielowski \u2013 by\u0142a to natura bardzo bogata, wszechstronnie<br \/>\nuzdolniona.<\/b> Zapowiada\u0142 si\u0119 jako znakomity malarz, by\u0142 ceniony<br \/>\nprzez wszystkich mistrz\u00f3w p\u0119dzla, kt\u00f3rzy na zawsze pozostan\u0105 w<br \/>\npami\u0119ci naszego narodu jako przedstawiciele wielkiej sztuki. Wiemy,<br \/>\n\u017ce by\u0142a to jeszcze <b>i dlatego natura bogata, \u017ce nie szcz\u0119dzi\u0142<br \/>\nsiebie. <\/b>Da\u0142 tego dow\u00f3d, gdy jako niespe\u0142na dwudziestoletni<br \/>\nm\u0142odzieniec wzi\u0105\u0142 udzia\u0142 w Powstaniu Styczniowym. Wszystko<br \/>\npostawi\u0142 na jedn\u0105 kart\u0119 dla mi\u0142o\u015bci Ojczyzny. <b>Mi\u0142o\u015b\u0107<br \/>\nOjczyzny wypali\u0142a na nim dozgonny stygmat: pozosta\u0142 kalek\u0105 do<br \/>\n\u015bmierci <\/b><span style=\"font-weight: normal;\">\u2013<\/span><span style=\"font-weight: normal;\"><br \/>\nzamiast w\u0142asnej nogi nosi\u0142 protez\u0119. <\/span><\/span><br \/>\n<\/span><\/div>\n<div align=\"justify\" style=\"background: transparent; line-height: 150%; margin-bottom: 0cm; text-indent: 1.3cm;\">\n<span style=\"font-size: x-large;\"><span style=\"font-family: Book Antiqua, serif;\">Ponad<br \/>\nto bogactwo natury uderza w nim przede wszystkim <b>bogactwo \u0142aski.<\/b><br \/>\n\u0141aska Bo\u017ca, to jest sam B\u00f3g udzielaj\u0105cy si\u0119 cz\u0142owiekowi,<br \/>\nprzelewaj\u0105cy si\u0119 niejako do jego duszy. Im bardziej B\u00f3g udziela<br \/>\nsi\u0119 duszy, im bardziej si\u0119 do niej przelewa przez dary Ducha<br \/>\n\u015awi\u0119tego, <b>tym bardziej rzuca j\u0105 na kolana.<\/b> Tak w\u0142a\u015bnie na<br \/>\nkolana rzucona zosta\u0142a dusza Adama Chmielowskiego <b>przed<br \/>\nniewypowiedzianym majestatem Boga, \u015bwi\u0119to\u015bci\u0105 i mi\u0142o\u015bci\u0105 Boga.<\/b><br \/>\n<\/span><br \/>\n<\/span><\/div>\n<div align=\"justify\" style=\"background: transparent; line-height: 150%; margin-bottom: 0cm; text-indent: 1.3cm;\">\n<span style=\"font-size: x-large;\"><span style=\"font-family: Book Antiqua, serif;\">Ale<br \/>\nB\u00f3g w przedziwny spos\u00f3b dzia\u0142a w dziejach cz\u0142owieka. Oto rzucaj\u0105c<br \/>\ngo przed sob\u0105 na kolana, <b>ka\u017ce mu r\u00f3wnocze\u015bnie ukl\u0119kn\u0105\u0107<br \/>\nprzed jego bra\u0107mi, bli\u017animi.<\/b> Tak w\u0142a\u015bnie sta\u0142o si\u0119 w \u017cyciu<br \/>\nBrata Alberta: rzucony na kolana przed majestatem Bo\u017cym, upad\u0142 na<br \/>\nkolana <b>przed majestatem cz\u0142owieka,<\/b> i to najbiedniejszego,<br \/>\nnajbardziej upo\u015bledzonego, <b>przed majestatem ostatniego n\u0119dzarza!<\/b><br \/>\n<\/span><br \/>\n<\/span><\/div>\n<div align=\"justify\" style=\"background: transparent; line-height: 150%; margin-bottom: 0cm; text-indent: 1.3cm;\">\n<span style=\"font-size: x-large;\"><span style=\"font-family: Book Antiqua, serif;\">Mo\u017ce<br \/>\nto por\u00f3wnanie jest wstrz\u0105saj\u0105ce, w naszych czasach nie widzimy<br \/>\ntakich drastycznych zestawie\u0144, tak krzycz\u0105cej n\u0119dzy, tak jawnego<br \/>\nupokorzenia cz\u0142owieka. <b>Jest jednak i dzisiaj wiele zestawie\u0144<br \/>\npozornie mniej ra\u017c\u0105cych, a jednak nie mniej ra\u017c\u0105cych.<\/b> Jest<br \/>\ndu\u017co ludzkich potrzeb, wiele wo\u0142ania o mi\u0142osierdzie \u2013 czasem w<br \/>\nspos\u00f3b dyskretny, niedos\u0142yszalny. Ilu\u017c jest jeszcze ludzi chorych<br \/>\ni opuszczonych w swoich chorobach, bez \u017cadnej opieki? Ilu\u017c jest<br \/>\njeszcze ludzi starych, przymieraj\u0105cych g\u0142odem <b>i t\u0119skni\u0105cych za<br \/>\nsercem?<\/b> <b>Ile jest trudnej m\u0142odzie\u017cy,<\/b> kt\u00f3ra w dzisiejszej<br \/>\natmosferze \u017cycia nie znajduje dla siebie moralnego oparcia? <\/span><br \/>\n<\/span><\/div>\n<div align=\"justify\" style=\"background: transparent; line-height: 150%; margin-bottom: 0cm; text-indent: 1.3cm;\">\n<span style=\"font-family: Book Antiqua, serif;\"><span style=\"font-size: x-large;\"><span style=\"font-variant: normal;\"><span style=\"color: black;\"><span style=\"letter-spacing: normal;\"><span style=\"font-style: normal;\"><span style=\"font-weight: normal;\">Mi\u0142osierdzie<br \/>\ni chrze\u015bcija\u0144stwo jest wielk\u0105 spraw\u0105 naszych dni. <\/span><\/span><\/span><\/span><\/span><span style=\"font-variant: normal;\"><span style=\"color: black;\"><span style=\"letter-spacing: normal;\"><span style=\"font-style: normal;\"><b>Je\u017celiby<br \/>\nnie by\u0142o mi\u0142osierdzia, nie by\u0142oby chrze\u015bcija\u0144stwa: to jest jedno<br \/>\ni to samo.<\/b><\/span><\/span><\/span><\/span><span style=\"font-variant: normal;\"><span style=\"color: black;\"><span style=\"letter-spacing: normal;\"><span style=\"font-style: normal;\"><span style=\"font-weight: normal;\"><br \/>\nW s\u0142u\u017cbie mi\u0142osierdzia nawet fundusze nie s\u0105 najwa\u017cniejsze,<br \/>\nnawet domy, zak\u0142ady i szpitale nie s\u0105 najwa\u017cniejsze, chocia\u017c s\u0105<br \/>\nto \u015brodki niezb\u0119dne. <\/span><\/span><\/span><\/span><\/span><span style=\"font-variant: normal;\"><span style=\"color: black;\"><span style=\"letter-spacing: normal;\"><span style=\"font-style: normal;\"><b>Najwa\u017cniejszy<br \/>\njest cz\u0142owiek!<\/b><\/span><\/span><\/span><\/span><span style=\"font-variant: normal;\"><span style=\"color: black;\"><span style=\"letter-spacing: normal;\"><span style=\"font-style: normal;\"><span style=\"font-weight: normal;\"><br \/>\nTrzeba \u015bwiadczy\u0107 swoim cz\u0142owiecze\u0144stwem, sob\u0105. Tutaj Brat Albert<br \/>\njest dla nas niezr\u00f3wnanym wzorem.\u201d Tyle Kardyna\u0142 Wojty\u0142a.<\/span><\/span><\/span><\/span><\/span><\/span><\/span><\/div>\n<div align=\"justify\" style=\"background: transparent; line-height: 150%; margin-bottom: 0cm; text-indent: 1.3cm;\">\n<span style=\"font-family: Book Antiqua, serif;\"><span style=\"font-size: x-large;\"><span style=\"font-variant: normal;\"><span style=\"color: black;\"><span style=\"letter-spacing: normal;\"><span style=\"font-style: normal;\"><span style=\"font-weight: normal;\">W<\/span><\/span><\/span><\/span><\/span><span style=\"font-variant: normal;\"><span style=\"color: black;\"><span style=\"letter-spacing: normal;\"><span style=\"font-style: normal;\"><span style=\"font-weight: normal;\">patrzeni<br \/>\nw przyk\u0142ad \u015bwi\u0119to\u015bci Brata Alberta oraz zas\u0142uchani w Bo\u017ce s\u0142owo<br \/>\ndzisiejszej liturgii, zastan\u00f3wmy si\u0119, <\/span><\/span><\/span><\/span><\/span><span style=\"font-variant: normal;\"><span style=\"color: black;\"><span style=\"letter-spacing: normal;\"><span style=\"font-style: normal;\"><b>ile<br \/>\njeste\u015bmy w stanie z siebie po ludzku straci\u0107 \u2013 \u017ceby po Bo\u017cemu<br \/>\nzyska\u0107?\u2026<\/b><\/span><\/span><\/span><\/span><\/span><\/span><\/div>\n","protected":false},"excerpt":{"rendered":"<p>Szcz\u0119\u015b\u0107 Bo\u017ce! Moi Drodzy, w dniu dzisiejszym imieniny prze\u017cywa Albert Kajka, Organista w Miastkowie. Urodziny natomiast prze\u017cywa Cezary Kryczka, za moich czas\u00f3w \u2013 Lektor w Radory\u017cu Ko\u015bcielnym, w mojej pierwszej Parafii. Obu \u015bwi\u0119tuj\u0105cym \u017cycz\u0119, by z postawy dzisiejszego Patrona czerpali jak najwi\u0119cej. I aby zawsze trwali przy Chrystusie! Zapewniam o modlitwie! Wszystkim za\u015b \u017cycz\u0119 dobrego [&hellip;]<\/p>\n","protected":false},"author":1,"featured_media":0,"comment_status":"open","ping_status":"open","sticky":false,"template":"","format":"standard","meta":{"jetpack_post_was_ever_published":false,"_jetpack_newsletter_access":"","_jetpack_dont_email_post_to_subs":false,"_jetpack_newsletter_tier_id":0,"_jetpack_memberships_contains_paywalled_content":false,"_jetpack_memberships_contains_paid_content":false,"footnotes":""},"categories":[1],"tags":[],"class_list":["post-14568","post","type-post","status-publish","format-standard","hentry","category-bez-kategorii"],"yoast_head":"<!-- This site is optimized with the Yoast SEO plugin v25.1 - https:\/\/yoast.com\/wordpress\/plugins\/seo\/ -->\n<title>Straci\u0107 - by zyska\u0107... - Gaudium Et Spes<\/title>\n<meta name=\"robots\" content=\"index, follow, max-snippet:-1, max-image-preview:large, max-video-preview:-1\" \/>\n<link rel=\"canonical\" href=\"https:\/\/gaudiumetspes-blog.pl\/index.php\/2019\/06\/17\/stracic-by-zyskac\/\" \/>\n<meta property=\"og:locale\" content=\"pl_PL\" \/>\n<meta property=\"og:type\" content=\"article\" \/>\n<meta property=\"og:title\" content=\"Straci\u0107 - by zyska\u0107... - Gaudium Et Spes\" \/>\n<meta property=\"og:description\" content=\"Szcz\u0119\u015b\u0107 Bo\u017ce! Moi Drodzy, w dniu dzisiejszym imieniny prze\u017cywa Albert Kajka, Organista w Miastkowie. Urodziny natomiast prze\u017cywa Cezary Kryczka, za moich czas\u00f3w \u2013 Lektor w Radory\u017cu Ko\u015bcielnym, w mojej pierwszej Parafii. Obu \u015bwi\u0119tuj\u0105cym \u017cycz\u0119, by z postawy dzisiejszego Patrona czerpali jak najwi\u0119cej. I aby zawsze trwali przy Chrystusie! Zapewniam o modlitwie! Wszystkim za\u015b \u017cycz\u0119 dobrego [&hellip;]\" \/>\n<meta property=\"og:url\" content=\"https:\/\/gaudiumetspes-blog.pl\/index.php\/2019\/06\/17\/stracic-by-zyskac\/\" \/>\n<meta property=\"og:site_name\" content=\"Gaudium Et Spes\" \/>\n<meta property=\"article:published_time\" content=\"2019-06-17T04:41:00+00:00\" \/>\n<meta property=\"article:modified_time\" content=\"2019-07-31T11:04:09+00:00\" \/>\n<meta name=\"author\" content=\"Ks. Jacek\" \/>\n<meta name=\"twitter:card\" content=\"summary_large_image\" \/>\n<meta name=\"twitter:label1\" content=\"Napisane przez\" \/>\n\t<meta name=\"twitter:data1\" content=\"Ks. Jacek\" \/>\n\t<meta name=\"twitter:label2\" content=\"Szacowany czas czytania\" \/>\n\t<meta name=\"twitter:data2\" content=\"12 minut\" \/>\n<script type=\"application\/ld+json\" class=\"yoast-schema-graph\">{\"@context\":\"https:\/\/schema.org\",\"@graph\":[{\"@type\":\"WebPage\",\"@id\":\"https:\/\/gaudiumetspes-blog.pl\/index.php\/2019\/06\/17\/stracic-by-zyskac\/\",\"url\":\"https:\/\/gaudiumetspes-blog.pl\/index.php\/2019\/06\/17\/stracic-by-zyskac\/\",\"name\":\"Straci\u0107 - by zyska\u0107... - Gaudium Et Spes\",\"isPartOf\":{\"@id\":\"https:\/\/gaudiumetspes-blog.pl\/#website\"},\"datePublished\":\"2019-06-17T04:41:00+00:00\",\"dateModified\":\"2019-07-31T11:04:09+00:00\",\"author\":{\"@id\":\"https:\/\/gaudiumetspes-blog.pl\/#\/schema\/person\/1661982992b752dea8dff0d4ed845a65\"},\"breadcrumb\":{\"@id\":\"https:\/\/gaudiumetspes-blog.pl\/index.php\/2019\/06\/17\/stracic-by-zyskac\/#breadcrumb\"},\"inLanguage\":\"pl-PL\",\"potentialAction\":[{\"@type\":\"ReadAction\",\"target\":[\"https:\/\/gaudiumetspes-blog.pl\/index.php\/2019\/06\/17\/stracic-by-zyskac\/\"]}]},{\"@type\":\"BreadcrumbList\",\"@id\":\"https:\/\/gaudiumetspes-blog.pl\/index.php\/2019\/06\/17\/stracic-by-zyskac\/#breadcrumb\",\"itemListElement\":[{\"@type\":\"ListItem\",\"position\":1,\"name\":\"Strona g\u0142\u00f3wna\",\"item\":\"https:\/\/gaudiumetspes-blog.pl\/\"},{\"@type\":\"ListItem\",\"position\":2,\"name\":\"Straci\u0107 &#8211; by&nbsp;zyska\u0107&#8230;\"}]},{\"@type\":\"WebSite\",\"@id\":\"https:\/\/gaudiumetspes-blog.pl\/#website\",\"url\":\"https:\/\/gaudiumetspes-blog.pl\/\",\"name\":\"Gaudium Et Spes\",\"description\":\"Blog Ks. Jacka Ja\u015bkowskiego\",\"potentialAction\":[{\"@type\":\"SearchAction\",\"target\":{\"@type\":\"EntryPoint\",\"urlTemplate\":\"https:\/\/gaudiumetspes-blog.pl\/?s={search_term_string}\"},\"query-input\":{\"@type\":\"PropertyValueSpecification\",\"valueRequired\":true,\"valueName\":\"search_term_string\"}}],\"inLanguage\":\"pl-PL\"},{\"@type\":\"Person\",\"@id\":\"https:\/\/gaudiumetspes-blog.pl\/#\/schema\/person\/1661982992b752dea8dff0d4ed845a65\",\"name\":\"Ks. Jacek\",\"image\":{\"@type\":\"ImageObject\",\"inLanguage\":\"pl-PL\",\"@id\":\"https:\/\/gaudiumetspes-blog.pl\/#\/schema\/person\/image\/\",\"url\":\"https:\/\/gaudiumetspes-blog.pl\/wp-content\/uploads\/2019\/07\/avatar-JJ-150x150.jpg\",\"contentUrl\":\"https:\/\/gaudiumetspes-blog.pl\/wp-content\/uploads\/2019\/07\/avatar-JJ-150x150.jpg\",\"caption\":\"Ks. Jacek\"},\"description\":\"Witam serdecznie! K\u0142ania si\u0119 Ks. Jacek Ja\u015bkowski. Nie jestem ani kim\u015b wa\u017cnym, ani kim\u015b znanym. Jestem ksi\u0119dzem, kt\u00f3ry po prostu chce rozmawia\u0107. Codzienna kap\u0142a\u0144ska pos\u0142uga pokazuje mi, \u017ce temat\u00f3w do rozm\u00f3w z ksi\u0119dzem jest coraz wi\u0119cej i dzisiaj \u017caden ksi\u0105dz nie mo\u017ce od nich ucieka\u0107, ale - wprost przeciwnie - podejmowa\u0107 nowe wyzwania. To przekonanie sk\u0142oni\u0142o mnie do pr\u00f3by otwarcia tego\u017c bloga, chocia\u017c okazji do rozm\u00f3w na co dzie\u0144 - w konfesjonale i poza nim - na szcz\u0119\u015bcie nie brakuje. My\u015bl\u0119 jednak, \u017ce ten blog b\u0119dzie jeszcze jednym sposobem i przestrzeni\u0105 nawi\u0105zania kontaktu z lud\u017ami dobrej woli, otwartymi na dialog.\",\"url\":\"https:\/\/gaudiumetspes-blog.pl\/index.php\/author\/ks-jacek\/\"}]}<\/script>\n<!-- \/ Yoast SEO plugin. -->","yoast_head_json":{"title":"Straci\u0107 - by zyska\u0107... - Gaudium Et Spes","robots":{"index":"index","follow":"follow","max-snippet":"max-snippet:-1","max-image-preview":"max-image-preview:large","max-video-preview":"max-video-preview:-1"},"canonical":"https:\/\/gaudiumetspes-blog.pl\/index.php\/2019\/06\/17\/stracic-by-zyskac\/","og_locale":"pl_PL","og_type":"article","og_title":"Straci\u0107 - by zyska\u0107... - Gaudium Et Spes","og_description":"Szcz\u0119\u015b\u0107 Bo\u017ce! Moi Drodzy, w dniu dzisiejszym imieniny prze\u017cywa Albert Kajka, Organista w Miastkowie. Urodziny natomiast prze\u017cywa Cezary Kryczka, za moich czas\u00f3w \u2013 Lektor w Radory\u017cu Ko\u015bcielnym, w mojej pierwszej Parafii. Obu \u015bwi\u0119tuj\u0105cym \u017cycz\u0119, by z postawy dzisiejszego Patrona czerpali jak najwi\u0119cej. I aby zawsze trwali przy Chrystusie! Zapewniam o modlitwie! Wszystkim za\u015b \u017cycz\u0119 dobrego [&hellip;]","og_url":"https:\/\/gaudiumetspes-blog.pl\/index.php\/2019\/06\/17\/stracic-by-zyskac\/","og_site_name":"Gaudium Et Spes","article_published_time":"2019-06-17T04:41:00+00:00","article_modified_time":"2019-07-31T11:04:09+00:00","author":"Ks. Jacek","twitter_card":"summary_large_image","twitter_misc":{"Napisane przez":"Ks. Jacek","Szacowany czas czytania":"12 minut"},"schema":{"@context":"https:\/\/schema.org","@graph":[{"@type":"WebPage","@id":"https:\/\/gaudiumetspes-blog.pl\/index.php\/2019\/06\/17\/stracic-by-zyskac\/","url":"https:\/\/gaudiumetspes-blog.pl\/index.php\/2019\/06\/17\/stracic-by-zyskac\/","name":"Straci\u0107 - by zyska\u0107... - Gaudium Et Spes","isPartOf":{"@id":"https:\/\/gaudiumetspes-blog.pl\/#website"},"datePublished":"2019-06-17T04:41:00+00:00","dateModified":"2019-07-31T11:04:09+00:00","author":{"@id":"https:\/\/gaudiumetspes-blog.pl\/#\/schema\/person\/1661982992b752dea8dff0d4ed845a65"},"breadcrumb":{"@id":"https:\/\/gaudiumetspes-blog.pl\/index.php\/2019\/06\/17\/stracic-by-zyskac\/#breadcrumb"},"inLanguage":"pl-PL","potentialAction":[{"@type":"ReadAction","target":["https:\/\/gaudiumetspes-blog.pl\/index.php\/2019\/06\/17\/stracic-by-zyskac\/"]}]},{"@type":"BreadcrumbList","@id":"https:\/\/gaudiumetspes-blog.pl\/index.php\/2019\/06\/17\/stracic-by-zyskac\/#breadcrumb","itemListElement":[{"@type":"ListItem","position":1,"name":"Strona g\u0142\u00f3wna","item":"https:\/\/gaudiumetspes-blog.pl\/"},{"@type":"ListItem","position":2,"name":"Straci\u0107 &#8211; by&nbsp;zyska\u0107&#8230;"}]},{"@type":"WebSite","@id":"https:\/\/gaudiumetspes-blog.pl\/#website","url":"https:\/\/gaudiumetspes-blog.pl\/","name":"Gaudium Et Spes","description":"Blog Ks. Jacka Ja\u015bkowskiego","potentialAction":[{"@type":"SearchAction","target":{"@type":"EntryPoint","urlTemplate":"https:\/\/gaudiumetspes-blog.pl\/?s={search_term_string}"},"query-input":{"@type":"PropertyValueSpecification","valueRequired":true,"valueName":"search_term_string"}}],"inLanguage":"pl-PL"},{"@type":"Person","@id":"https:\/\/gaudiumetspes-blog.pl\/#\/schema\/person\/1661982992b752dea8dff0d4ed845a65","name":"Ks. Jacek","image":{"@type":"ImageObject","inLanguage":"pl-PL","@id":"https:\/\/gaudiumetspes-blog.pl\/#\/schema\/person\/image\/","url":"https:\/\/gaudiumetspes-blog.pl\/wp-content\/uploads\/2019\/07\/avatar-JJ-150x150.jpg","contentUrl":"https:\/\/gaudiumetspes-blog.pl\/wp-content\/uploads\/2019\/07\/avatar-JJ-150x150.jpg","caption":"Ks. Jacek"},"description":"Witam serdecznie! K\u0142ania si\u0119 Ks. Jacek Ja\u015bkowski. Nie jestem ani kim\u015b wa\u017cnym, ani kim\u015b znanym. Jestem ksi\u0119dzem, kt\u00f3ry po prostu chce rozmawia\u0107. Codzienna kap\u0142a\u0144ska pos\u0142uga pokazuje mi, \u017ce temat\u00f3w do rozm\u00f3w z ksi\u0119dzem jest coraz wi\u0119cej i dzisiaj \u017caden ksi\u0105dz nie mo\u017ce od nich ucieka\u0107, ale - wprost przeciwnie - podejmowa\u0107 nowe wyzwania. To przekonanie sk\u0142oni\u0142o mnie do pr\u00f3by otwarcia tego\u017c bloga, chocia\u017c okazji do rozm\u00f3w na co dzie\u0144 - w konfesjonale i poza nim - na szcz\u0119\u015bcie nie brakuje. My\u015bl\u0119 jednak, \u017ce ten blog b\u0119dzie jeszcze jednym sposobem i przestrzeni\u0105 nawi\u0105zania kontaktu z lud\u017ami dobrej woli, otwartymi na dialog.","url":"https:\/\/gaudiumetspes-blog.pl\/index.php\/author\/ks-jacek\/"}]}},"jetpack_featured_media_url":"","jetpack_sharing_enabled":true,"_links":{"self":[{"href":"https:\/\/gaudiumetspes-blog.pl\/index.php\/wp-json\/wp\/v2\/posts\/14568","targetHints":{"allow":["GET"]}}],"collection":[{"href":"https:\/\/gaudiumetspes-blog.pl\/index.php\/wp-json\/wp\/v2\/posts"}],"about":[{"href":"https:\/\/gaudiumetspes-blog.pl\/index.php\/wp-json\/wp\/v2\/types\/post"}],"author":[{"embeddable":true,"href":"https:\/\/gaudiumetspes-blog.pl\/index.php\/wp-json\/wp\/v2\/users\/1"}],"replies":[{"embeddable":true,"href":"https:\/\/gaudiumetspes-blog.pl\/index.php\/wp-json\/wp\/v2\/comments?post=14568"}],"version-history":[{"count":1,"href":"https:\/\/gaudiumetspes-blog.pl\/index.php\/wp-json\/wp\/v2\/posts\/14568\/revisions"}],"predecessor-version":[{"id":15346,"href":"https:\/\/gaudiumetspes-blog.pl\/index.php\/wp-json\/wp\/v2\/posts\/14568\/revisions\/15346"}],"wp:attachment":[{"href":"https:\/\/gaudiumetspes-blog.pl\/index.php\/wp-json\/wp\/v2\/media?parent=14568"}],"wp:term":[{"taxonomy":"category","embeddable":true,"href":"https:\/\/gaudiumetspes-blog.pl\/index.php\/wp-json\/wp\/v2\/categories?post=14568"},{"taxonomy":"post_tag","embeddable":true,"href":"https:\/\/gaudiumetspes-blog.pl\/index.php\/wp-json\/wp\/v2\/tags?post=14568"}],"curies":[{"name":"wp","href":"https:\/\/api.w.org\/{rel}","templated":true}]}}