{"id":14569,"date":"2019-06-16T03:52:00","date_gmt":"2019-06-16T01:52:00","guid":{"rendered":"https:\/\/gaudiumetspes-blog.pl\/index.php\/2019\/06\/16\/w-imie-ojca-i-syna-i-ducha-swietego-3\/"},"modified":"2019-07-31T13:04:09","modified_gmt":"2019-07-31T11:04:09","slug":"w-imie-ojca-i-syna-i-ducha-swietego-3","status":"publish","type":"post","link":"https:\/\/gaudiumetspes-blog.pl\/index.php\/2019\/06\/16\/w-imie-ojca-i-syna-i-ducha-swietego-3\/","title":{"rendered":"W imi\u0119 Ojca i Syna, i Ducha \u015awi\u0119tego!"},"content":{"rendered":"<p><\/p>\n<div align=\"justify\" style=\"font-weight: normal; line-height: 150%; margin-bottom: 0cm;\">\n<span style=\"color: black;\"><span style=\"font-family: Book Antiqua, serif;\"><span style=\"font-size: x-large;\">Niech<br \/>\nb\u0119dzie pochwalony Jezus Chrystus! Moi Drodzy, w dniu dzisiejszym<br \/>\n<b>pi\u0119\u0107dziesi\u0105t\u0105 si\u00f3dm\u0105 rocznic\u0119 \u015awi\u0119ce\u0144 kap\u0142a\u0144skich<br \/>\nprze\u017cywa Ksi\u0105dz Pra\u0142at Mieczys\u0142aw Lipniacki, pierwszy Proboszcz \u2013<br \/>\nZa\u0142o\u017cyciel mojej rodzinnej Parafii, m\u00f3j \u201erodzony\u201d Proboszcz,<br \/>\nkt\u00f3ry by\u0142 moim Proboszczem od mojej Pierwszej Komunii \u015awi\u0119tej do<br \/>\nPrymicji kap\u0142a\u0144skiej. Dzi\u0119kuj\u0105c Ksi\u0119dzu Pra\u0142atowi za bezmiar<br \/>\ndobra, \u017cycz\u0119 wytrwa\u0142o\u015bci w pe\u0142nieniu kap\u0142a\u0144skiej pos\u0142ugi,<br \/>\nnieustannego zapa\u0142u, rado\u015bci i nadziei!<\/b><\/span><\/span><\/span><\/div>\n<div align=\"justify\" style=\"background: transparent; line-height: 150%; margin-bottom: 0cm; page-break-before: auto; text-indent: 1.3cm;\">\n<span style=\"color: black;\"><span style=\"font-family: Book Antiqua, serif;\"><span style=\"font-size: x-large;\"><b>Rocznic\u0119<br \/>\n\u015awi\u0119ce\u0144 prze\u017cywa dzi\u015b tak\u017ce Ksi\u0105dz Doktor Piotr Jarosiewicz,<br \/>\npochodz\u0105cy z mojej rodzinnej Parafii, a obecnie pos\u0142uguj\u0105cy w<br \/>\nDiecezji drohiczy\u0144skiej.<\/b><\/span><\/span><\/span><\/div>\n<div align=\"justify\" style=\"background: transparent; line-height: 150%; margin-bottom: 0cm; text-indent: 1.3cm;\">\n<span style=\"color: black;\"><span style=\"font-family: Book Antiqua, serif;\"><span style=\"font-size: x-large;\"><b>Imieniny<br \/>\nnatomiast prze\u017cywa Aneta Jab\u0142o\u0144ska, kt\u00f3ra jako Aneta Majewska<br \/>\nby\u0142a Szefow\u0105 KSM w mojej pierwszej Parafii, w Radory\u017cu Ko\u015bcielnym.<\/b><\/span><\/span><\/span><\/div>\n<div align=\"justify\" style=\"background: transparent; line-height: 150%; margin-bottom: 0cm; text-indent: 1.3cm;\">\n<span style=\"color: black;\"><span style=\"font-family: Book Antiqua, serif;\"><span style=\"font-size: x-large;\"><b>Pierwsz\u0105<br \/>\nza\u015b rocznic\u0119 zawarcia Sakramentu Ma\u0142\u017ce\u0144stwa prze\u017cywaj\u0105 Justyna<br \/>\ni Albert Dudzikowie. Albert by\u0142 Lektorem w \u017belechowie, kiedy ja tam<br \/>\nby\u0142em wikariuszem.<\/b><\/span><\/span><\/span><\/div>\n<div align=\"justify\" style=\"background: transparent; line-height: 150%; margin-bottom: 0cm; text-indent: 1.3cm;\">\n<span style=\"color: black;\"><span style=\"font-family: Book Antiqua, serif;\"><span style=\"font-size: x-large;\"><b>Wszystkim<br \/>\n\u015bwi\u0119tuj\u0105cym dzi\u015b \u017cycz\u0119 szczeg\u00f3lnego b\u0142ogos\u0142awie\u0144stwa ca\u0142ej<br \/>\nTr\u00f3jcy \u015awi\u0119tej. I o takowe b\u0119d\u0119 si\u0119 dla Nich modli\u0142.<\/b><\/span><\/span><\/span><\/div>\n<div align=\"justify\" style=\"background: transparent; font-weight: normal; line-height: 150%; margin-bottom: 0cm; text-indent: 1.3cm;\">\n<span style=\"color: black;\"><span style=\"font-family: Book Antiqua, serif;\"><span style=\"font-size: x-large;\">A<br \/>\noto dzisiaj, w Miastkowie Ko\u015bcielnym, odb\u0119dzie si\u0119 tak zwana<br \/>\n\u201eniedziela biblijna\u201d. S\u0142owo Bo\u017ce przez ca\u0142y dzie\u0144 b\u0119dzie<br \/>\ng\u0142osi\u0142 Ksi\u0105dz Piotr Mazurek, odpowiedzialny za promocj\u0119 dzie\u0142a<br \/>\nbiblijnego w Diecezji siedleckiej. Osobi\u015bcie, bardzo si\u0119 ciesz\u0119 z<br \/>\nodwiedzi\u0107 tak warto\u015bciowego Kap\u0142ana w Parafii w Miastkowie.<br \/>\nNastawiam si\u0119 na s\u0142uchanie g\u0142\u0119bokich i m\u0105drych tre\u015bci.<\/span><\/span><\/span><\/div>\n<div align=\"justify\" style=\"background: transparent; font-weight: normal; line-height: 150%; margin-bottom: 0cm; text-indent: 1.3cm;\">\n<span style=\"color: black;\"><span style=\"font-family: Book Antiqua, serif;\"><span style=\"font-size: x-large;\">Na<br \/>\nradosne prze\u017cywanie Dnia Pa\u0144skiego \u2013 <b>niech Was b\u0142ogos\u0142awi<br \/>\nB\u00f3g Wszechmog\u0105cy: Ojciec + i Syn, i Duch \u015awi\u0119ty. Amen<\/b><\/span><\/span><\/span><\/div>\n<div align=\"center\" style=\"font-weight: normal; line-height: 150%; margin-bottom: 0cm;\">\n<span style=\"color: black;\"><span style=\"font-family: Book Antiqua, serif;\"><span style=\"font-size: x-large;\">Gaudium<br \/>\net spes!  Ks. Jacek<\/span><\/span><\/span><\/div>\n<div align=\"justify\" style=\"line-height: 150%; margin-bottom: 0cm;\">\n<span style=\"font-size: x-large;\"><\/p>\n<p><\/span><\/div>\n<div align=\"justify\" style=\"line-height: 150%; margin-bottom: 0cm;\">\n<span style=\"color: black;\"><span style=\"font-family: Book Antiqua, serif;\"><span style=\"font-size: x-large;\"><b>Uroczysto\u015b\u0107<br \/>\nNaj\u015bwi\u0119tszej Tr\u00f3jcy, C,<\/b><\/span><\/span><\/span><\/div>\n<div align=\"justify\" style=\"line-height: 150%; margin-bottom: 0cm;\">\n<span style=\"color: black;\"><span style=\"font-family: Book Antiqua, serif;\"><span style=\"font-size: x-large;\"><b>do<br \/>\nczyta\u0144:  Prz 8,22\u201331;  Rz 5,1\u20135;  J 16,12\u201315<\/b><\/span><\/span><\/span><\/div>\n<div align=\"justify\" style=\"line-height: 150%; margin-bottom: 0cm;\">\n<span style=\"font-size: x-large;\"><\/p>\n<p><\/span><\/div>\n<div align=\"justify\" style=\"font-style: normal; font-variant: normal; letter-spacing: normal; line-height: 150%; margin-bottom: 0cm; page-break-before: auto;\">\n<span style=\"font-size: x-large;\"><span style=\"color: black;\"><span style=\"font-family: Book Antiqua, serif;\"><b>CZYTANIE<br \/>\nZ KSI\u0118GI PRZYS\u0141\u00d3W: <\/b><\/span><\/span><br \/>\n<\/span><\/div>\n<div align=\"justify\" style=\"background: transparent; font-style: normal; font-variant: normal; letter-spacing: normal; line-height: 150%; margin-bottom: 0cm; page-break-before: auto; text-indent: 1.3cm;\">\n<span style=\"font-size: x-large;\"><span style=\"color: black;\"><span style=\"font-family: Book Antiqua, serif;\"><b>To<br \/>\nm\u00f3wi M\u0105dro\u015b\u0107 Bo\u017ca: \u201ePan mnie stworzy\u0142, swe arcydzie\u0142o, przed<br \/>\nswymi czynami, od dawna. <\/b><\/span><\/span><br \/>\n<\/span><\/div>\n<div align=\"justify\" style=\"background: transparent; font-style: normal; font-variant: normal; letter-spacing: normal; line-height: 150%; margin-bottom: 0cm; text-indent: 1.3cm;\">\n<span style=\"font-size: x-large;\"><span style=\"color: black;\"><span style=\"font-family: Book Antiqua, serif;\"><b>Od<br \/>\nwiek\u00f3w jestem stworzona, od pocz\u0105tku, zanim ziemia powsta\u0142a. <\/b><\/span><\/span><br \/>\n<\/span><\/div>\n<div align=\"justify\" style=\"background: transparent; font-style: normal; font-variant: normal; letter-spacing: normal; line-height: 150%; margin-bottom: 0cm; text-indent: 1.3cm;\">\n<span style=\"font-size: x-large;\"><span style=\"color: black;\"><span style=\"font-family: Book Antiqua, serif;\"><b>Jestem<br \/>\nzrodzona, gdy jeszcze bezmiar w\u00f3d nie istnia\u0142 ani \u017ar\u00f3d\u0142a, co<br \/>\nwod\u0105 tryskaj\u0105, i zanim g\u00f3ry stan\u0119\u0142y. Pocz\u0119ta jestem przed<br \/>\npag\u00f3rkami, nim ziemi\u0119 i pola uczyni\u0142, pocz\u0105tek py\u0142u na ziemi. <\/b><\/span><\/span><br \/>\n<\/span><\/div>\n<div align=\"justify\" style=\"background: transparent; font-style: normal; font-variant: normal; letter-spacing: normal; line-height: 150%; margin-bottom: 0cm; text-indent: 1.3cm;\">\n<span style=\"color: black;\"><span style=\"font-family: Book Antiqua, serif;\"><span style=\"font-size: x-large;\"><b>Gdy<br \/>\nniebo umacnia\u0142, z Nim by\u0142am, gdy kre\u015bli\u0142 sklepienie nad bezmiarem<br \/>\nw\u00f3d, gdy w g\u00f3rze utwierdza\u0142 ob\u0142oki, gdy \u017ar\u00f3d\u0142a wielkiej<br \/>\notch\u0142ani umacnia\u0142, gdy morzu stawia\u0142 granice, by wody z brzeg\u00f3w<br \/>\nnie wysz\u0142y, gdy kre\u015bli\u0142 fundamenty pod ziemi\u0119. Ja by\u0142am przy Nim<br \/>\nmistrzyni\u0105, rozkosz\u0105 Jego dzie\u0144 po dniu, ca\u0142y czas igraj\u0105c przed<br \/>\nNim, igraj\u0105c na okr\u0119gu ziemi, znajduj\u0105c rado\u015b\u0107 przy synach<br \/>\nludzkich\u201d.<\/b><\/span><\/span><\/span><\/div>\n<div align=\"justify\" style=\"line-height: 150%; margin-bottom: 0cm;\">\n<span style=\"font-size: x-large;\"><\/p>\n<p><\/span><\/div>\n<div align=\"justify\" style=\"font-style: normal; font-variant: normal; letter-spacing: normal; line-height: 150%; margin-bottom: 0cm;\">\n<span style=\"font-size: x-large;\"><span style=\"color: black;\"><span style=\"font-family: Book Antiqua, serif;\"><b>CZYTANIE<br \/>\nZ LISTU \u015aWI\u0118TEGO PAW\u0141A APOSTO\u0141A DO RZYMIAN: <\/b><\/span><\/span><br \/>\n<\/span><\/div>\n<div align=\"justify\" style=\"background: transparent; font-style: normal; font-variant: normal; letter-spacing: normal; line-height: 150%; margin-bottom: 0cm; page-break-before: auto; text-indent: 1.3cm;\">\n<span style=\"font-size: x-large;\"><span style=\"color: black;\"><span style=\"font-family: Book Antiqua, serif;\"><b>Bracia:<br \/>\nDost\u0105piwszy usprawiedliwienia przez wiar\u0119, zachowajmy pok\u00f3j z<br \/>\nBogiem przez Pana naszego Jezusa Chrystusa, dzi\u0119ki kt\u00f3remu<br \/>\nuzyskali\u015bmy przez wiar\u0119 dost\u0119p do tej \u0142aski, w kt\u00f3rej trwamy i<br \/>\nchlubimy si\u0119 nadziej\u0105 chwa\u0142y Bo\u017cej. <\/b><\/span><\/span><br \/>\n<\/span><\/div>\n<div align=\"justify\" style=\"background: transparent; line-height: 150%; margin-bottom: 0cm; text-indent: 1.3cm;\">\n<span style=\"font-size: x-large;\"><span style=\"color: black;\"><span style=\"font-family: Book Antiqua, serif;\"><b><span style=\"font-variant: normal;\"><span style=\"letter-spacing: normal;\"><span style=\"font-style: normal;\">Ale<br \/>\nnie tylko to, lecz chlubimy si\u0119 tak\u017ce z ucisk\u00f3w, wiedz\u0105c, \u017ce<br \/>\nucisk wyrabia wytrwa\u0142o\u015b\u0107, a wytrwa\u0142o\u015b\u0107 wypr\u00f3bowan\u0105 cnot\u0119,<br \/>\nwypr\u00f3bowana cnota za\u015b nadziej\u0119. A nadzieja zawie\u015b\u0107 nie mo\u017ce,<br \/>\nponiewa\u017c mi\u0142o\u015b\u0107 Bo\u017ca rozlana jest w sercach naszych przez Ducha<br \/>\n\u015awi\u0119tego, kt\u00f3ry zosta\u0142 nam dany.<\/span><\/span><\/span> <\/b><\/span><\/span><br \/>\n<\/span><\/div>\n<div align=\"justify\" style=\"line-height: 150%; margin-bottom: 0cm;\">\n<span style=\"font-size: x-large;\"><\/p>\n<p><\/span><\/div>\n<div align=\"justify\" style=\"font-style: normal; font-variant: normal; letter-spacing: normal; line-height: 150%; margin-bottom: 0cm;\">\n<span style=\"font-size: x-large;\"><span style=\"color: black;\"><span style=\"font-family: Book Antiqua, serif;\"><b>S\u0141OWA<br \/>\nEWANGELII WED\u0141UG \u015aWI\u0118TEGO JANA: <\/b><\/span><\/span><br \/>\n<\/span><\/div>\n<div align=\"justify\" style=\"background: transparent; line-height: 150%; margin-bottom: 0cm; page-break-before: auto; text-indent: 1.3cm;\">\n<span style=\"font-size: x-large;\"><span style=\"color: black;\"><span style=\"font-family: Book Antiqua, serif;\"><b><span style=\"font-variant: normal;\"><span style=\"letter-spacing: normal;\"><span style=\"font-style: normal;\">Jezus<br \/>\npowiedzia\u0142 swoim uczniom: \u201eJeszcze wiele mam wam do powiedzenia,<br \/>\nale teraz jeszcze znie\u015b\u0107 nie mo\u017cecie. Gdy za\u015b przyjdzie On, Duch<br \/>\nPrawdy, doprowadzi was do ca\u0142ej prawdy. Bo nie b\u0119dzie m\u00f3wi\u0142 od<br \/>\nsiebie, ale powie wszystko, cokolwiek s\u0142yszy, i oznajmi wam rzeczy<br \/>\nprzysz\u0142e. On Mnie otoczy chwa\u0142\u0105, poniewa\u017c z mojego we\u017amie i wam<br \/>\noznajmi. Wszystko, co ma Ojciec, jest moje. Dlatego powiedzia\u0142em, \u017ce<br \/>\nz mojego bierze i wam objawi\u201d.<\/span><\/span><\/span> <\/b><\/span><\/span><br \/>\n<\/span><\/div>\n<div align=\"justify\" style=\"font-weight: normal; line-height: 150%; margin-bottom: 0cm;\">\n<span style=\"font-size: x-large;\"><\/p>\n<p><\/span><\/div>\n<div align=\"justify\" style=\"background: transparent; line-height: 150%; margin-bottom: 0cm; page-break-before: auto; text-indent: 1.3cm;\">\n<span style=\"font-size: x-large;\"><span style=\"color: black;\"><span style=\"font-family: Book Antiqua, serif;\">Tak<br \/>\ncz\u0119sto w naszym \u017cyciu odnosimy si\u0119 do Tr\u00f3jcy \u015awi\u0119tej, a<br \/>\nprzecie\u017c nawet nie zdajemy sobie z tego sprawy. Zawsze, ilekro\u0107<br \/>\nczynimy znak Krzy\u017ca; zawsze, ilekro\u0107 wypowiadamy s\u0142owa kr\u00f3tkiej,<br \/>\nale bardzo znanej modlitwy: <b>\u201eChwa\u0142a Ojcu i Synowi, i Duchowi<br \/>\n\u015awi\u0119temu\u2026\u201d<\/b><b> \u2013<\/b> zawsze wtedy <b>wyznajemy nasz\u0105<br \/>\nwiar\u0119 w Tr\u00f3jc\u0119<\/b>. Nie zdajemy sobie nawet z tego sprawy, bo<br \/>\ncz\u0119sto pospiesznie i niedbale czynimy te \u015bwi\u0119te gesty, czy<br \/>\nwypowiadamy zwi\u0105zane z tym s\u0142owa. <\/span><\/span><br \/>\n<\/span><\/div>\n<div align=\"justify\" style=\"background: transparent; line-height: 150%; margin-bottom: 0cm; text-indent: 1.3cm;\">\n<span style=\"font-size: x-large;\"><span style=\"color: black;\"><span style=\"font-family: Book Antiqua, serif;\">Dzisiaj<br \/>\nmamy okazj\u0119, aby w <b>Uroczysto\u015b\u0107 Tr\u00f3jcy \u015awi\u0119tej<\/b> na nowo<br \/>\nu\u015bwiadomi\u0107 sobie, \u017ce wierzymy w Jednego Boga, kt\u00f3ry jest w trzech<br \/>\nOsobach. <b>Wielka to tajemnica naszej wiary!<\/b> Niejeden ju\u017c<br \/>\npodejmowa\u0142 si\u0119 pr\u00f3by jej zrozumienia i zg\u0142\u0119bienia. Oczywi\u015bcie \u2013<br \/>\npr\u00f3by te okazywa\u0142y si\u0119 daremne. Nie spos\u00f3b bowiem poj\u0105\u0107<br \/>\ntajemnicy tak wielkiej, tajemnicy w jaki\u015b spos\u00f3b ukrytej w Bogu. <\/span><\/span><br \/>\n<\/span><\/div>\n<div align=\"justify\" style=\"background: transparent; line-height: 150%; margin-bottom: 0cm; text-indent: 1.3cm;\">\n<span style=\"font-size: x-large;\"><span style=\"color: black;\"><span style=\"font-family: Book Antiqua, serif;\">R\u0105bka<br \/>\ntej tajemnicy uchyla nam Jezus w swoim S\u0142owie, <span style=\"font-weight: normal;\">wskazuj\u0105c<br \/>\nna wszystkie trzy Osoby Boskie. <\/span>Oto w dzisiejszej Ewangelii<br \/>\nm\u00f3wi o pos\u0142aniu Ducha \u015awi\u0119tego. S\u0142yszymy takie s\u0142owa: <i><b>On<br \/>\nMnie otoczy chwa\u0142\u0105,<\/b><\/i><i> <\/i><i><b>poniewa\u017c z mojego we\u017amie<br \/>\ni wam oznajmi. Wszystko, co ma Ojciec, jest moje. Dlatego<br \/>\npowiedzia\u0142em, \u017ce z mojego bierze i wam objawi.<\/b><\/i><b> <\/b><\/span><\/span><br \/>\n<\/span><\/div>\n<div align=\"justify\" style=\"background: transparent; line-height: 150%; margin-bottom: 0cm; text-indent: 1.3cm;\">\n<span style=\"font-size: x-large;\"><span style=\"color: black;\"><span style=\"font-family: Book Antiqua, serif;\">W\u015br\u00f3d<br \/>\ntrzech Os\u00f3b Boskich panuje <span style=\"font-weight: normal;\">wielka<br \/>\n<\/span><span style=\"font-weight: normal;\">wsp\u00f3lnota \u2013 wr\u0119cz<\/span><b><br \/>\nniepodzielna <\/b><b>jedno\u015b\u0107<\/b><b>.<\/b> Cho\u0107 ka\u017cda z tych Os\u00f3b<br \/>\njest odr\u0119bna, ka\u017cda jest inn\u0105 Osob\u0105, to przecie\u017c wszystkie s\u0105<br \/>\njedno\u015bci\u0105, bardzo \u015bci\u015ble ze sob\u0105 <b>wsp\u00f3\u0142istniej\u0105c\u0105<\/b><span style=\"font-weight: normal;\"><br \/>\ni wsp\u00f3\u0142pracuj\u0105c\u0105.<\/span> <b>Ojciec posy\u0142a Syna, Ojciec z Synem<br \/>\nposy\u0142a Ducha.<\/b> Z kolei Duch przenika dzia\u0142ania Syna w dziele, do<br \/>\nkt\u00f3rego wezwa\u0142 przed wiekami Ojciec. A jednak zawsze m\u00f3wimy o<br \/>\njednym, dzia\u0142aj\u0105cym Bogu. <\/span><\/span><br \/>\n<\/span><\/div>\n<div align=\"justify\" style=\"background: transparent; line-height: 150%; margin-bottom: 0cm; text-indent: 1.3cm;\">\n<span style=\"color: black;\"><span style=\"font-family: Book Antiqua, serif;\"><span style=\"font-size: x-large;\">Nie<br \/>\nspos\u00f3b to zrozumie\u0107, nie spos\u00f3b to ogarn\u0105\u0107. <span style=\"font-weight: normal;\">I<br \/>\nchyba nawet <\/span><b>nie ma takiej potrzeby, aby\u015bmy musieli to<br \/>\nogarn\u0105\u0107 i poj\u0105\u0107. <\/b>Wystarczy, je\u017celi otworzymy nasze serce i<br \/>\nspr\u00f3bujemy w to uwierzy\u0107. <span style=\"font-weight: normal;\">Jezus<br \/>\nobjawi\u0142 nam<\/span><b> tyle tej tajemnicy, ile potrzeba dla naszego<br \/>\nzbawienia.<\/b> Wi\u0119cej ujrzymy i zrozumiemy, kiedy b\u0119dziemy w<br \/>\nwieczno\u015bci ogl\u0105dali Boga twarz\u0105 w twarz. Teraz wystarczy, je\u017celi<br \/>\nuwierzymy w Boga takiego, jakim On jest \u2013 takiego, jakim zechcia\u0142<br \/>\nby\u0107 <b>i jakim nam si\u0119 objawia.<\/b> \u201eOto wielka tajemnica wiary!\u201d<br \/>\n\u2013 m\u00f3wimy w ka\u017cdej Mszy \u015awi\u0119tej i te s\u0142owa musz\u0105 nam bardzo<br \/>\nkonkretnie zapa\u015b\u0107 w sercu, bo przecie\u017c nie m\u00f3wimy: Oto wielka<br \/>\n<b>nasza wiedza<\/b> na temat Tr\u00f3jcy \u015awi\u0119tej czy na inny temat, ale<br \/>\nw\u0142a\u015bnie: <b>Oto wielka tajemnica wiary!<\/b><\/span><\/span><\/span><\/div>\n<div align=\"justify\" style=\"background: transparent; line-height: 150%; margin-bottom: 0cm; text-indent: 1.3cm;\">\n<span style=\"font-size: x-large;\"><span style=\"color: black;\"><span style=\"font-family: Book Antiqua, serif;\">Wiara<br \/>\nzak\u0142ada jakie\u015b poszukiwanie, wiara zak\u0142ada pytanie, wiara zak\u0142ada<br \/>\notwarto\u015b\u0107 serca, pozwalaj\u0105c\u0105 przyj\u0105\u0107 tajemnicz\u0105 wie\u015b\u0107.<br \/>\n<b>Spodoba\u0142o si\u0119 Bogu <\/b><span style=\"font-weight: normal;\">spotyka\u0107<br \/>\nsi\u0119 z cz\u0142owiekiem<\/span><b> na p\u0142aszczy\u017anie wiary, a nie \u2013<br \/>\npe\u0142nej wiedzy.<\/b> Jednocze\u015bnie jednak tym, kt\u00f3rzy chc\u0105 uwierzy\u0107,<br \/>\nB\u00f3g sam przychodzi z pomoc\u0105. <\/span><\/span><br \/>\n<\/span><\/div>\n<div align=\"justify\" style=\"background: transparent; line-height: 150%; margin-bottom: 0cm; text-indent: 1.3cm;\">\n<span style=\"font-size: x-large;\"><span style=\"color: black;\"><span style=\"font-family: Book Antiqua, serif;\">W<br \/>\ndrugim czytaniu, z Listu \u015awi\u0119tego Paw\u0142a Aposto\u0142a do Rzymian,<br \/>\ns\u0142yszymy takie oto s\u0142owa:<i> <\/i><i><b>Dost\u0105piwszy<br \/>\nusprawiedliwienie przez wiar\u0119, zachowajmy pok\u00f3j z Bogiem przez Pana<br \/>\nnaszego, Jezusa Chrystusa, dzi\u0119ki kt\u00f3remu uzyskali\u015bmy przez wiar\u0119<br \/>\ndost\u0119p do tej \u0142aski, w kt\u00f3rej trwamy i chlubimy si\u0119 nadziej\u0105<br \/>\nchwa\u0142y Bo\u017cej.<\/b><\/i><b> <\/b><\/span><\/span><br \/>\n<\/span><\/div>\n<div align=\"justify\" style=\"background: transparent; line-height: 150%; margin-bottom: 0cm; text-indent: 1.3cm;\">\n<span style=\"font-size: x-large;\"><span style=\"color: black;\"><span style=\"font-family: Book Antiqua, serif;\">Wszystko,<br \/>\nco wielkie w naszym \u017cyciu duchowym, dokonuje si\u0119 przez wiar\u0119. Ta<br \/>\nwiara ci\u0105gle poszukuje zrozumienia, ale nie mo\u017ce te\u017c pomin\u0105\u0107<br \/>\nBo\u017cej pomocy. <b>B\u00f3g objawi\u0142 nam siebie, powiedzia\u0142 o sobie,<br \/>\nprzekaza\u0142 swoj\u0105 wol\u0119.<\/b> Jezus dokona\u0142 zbawienia cz\u0142owieka na<br \/>\nKrzy\u017cu, Duch \u015awi\u0119ty ci\u0105gle obdarza natchnieniem. A <b>reszta<br \/>\nnale\u017cy ju\u017c do nas<\/b> \u2013 do ka\u017cdego z nas. <\/span><\/span><br \/>\n<\/span><\/div>\n<div align=\"justify\" style=\"background: transparent; line-height: 150%; margin-bottom: 0cm; text-indent: 1.3cm;\">\n<span style=\"color: black;\"><span style=\"font-family: Book Antiqua, serif;\"><span style=\"font-size: x-large;\">Czy<br \/>\nprzyjmiemy ten Bo\u017cy dar? Czy zechcemy uwierzy\u0107? I \u2013 co jest<br \/>\nbardzo wa\u017cne \u2013 czy zechcemy <b>uwierzy\u0107 w takiego Boga, jakim On<br \/>\nsam si\u0119 nam objawia, <\/b><span style=\"font-weight: normal;\">czy w<br \/>\ntakiego, jakiego obraz my sobie tworzymy<\/span> \u2013 mo\u017ce mniej<br \/>\nwymagaj\u0105cego, mo\u017ce bardziej pob\u0142a\u017cliwego dla ludzkich grzech\u00f3w,<br \/>\na mo\u017ce takiego, kt\u00f3ry uzale\u017cnia swoje wymagania od tego, na jakim<br \/>\nstanowisku stoi dany cz\u0142owiek i jak\u0105 pozycj\u0119 zajmuje?\u2026<\/span><\/span><\/span><\/div>\n<div align=\"justify\" style=\"background: transparent; line-height: 150%; margin-bottom: 0cm; text-indent: 1.3cm;\">\n<span style=\"font-size: x-large;\"><span style=\"color: black;\"><span style=\"font-family: Book Antiqua, serif;\">To<br \/>\nprawda, nie znamy Boga do ko\u0144ca, ale wiele o Nim wiemy, <b>bo<br \/>\nnaprawd\u0119 do\u015b\u0107 du\u017co zechcia\u0142 o sobie powiedzie\u0107. <\/b>Inna sprawa<br \/>\n\u2013 to warto tak\u017ce zauwa\u017cy\u0107 \u2013 \u017ce nasza do\u015b\u0107 ma\u0142a wiedza na<br \/>\ntemat Boga jest wynikiem tego, i\u017c <b>za ma\u0142o przyk\u0142adamy si\u0119<\/b><br \/>\n<b>do tego, aby j\u0105 zg\u0142\u0119bi\u0107.<\/b> Lektura Pisma \u015awi\u0119tego czy<br \/>\nksi\u0105\u017cek religijnych, kt\u00f3rych, dzi\u0119ki Bogu, jest ju\u017c obecnie<br \/>\nca\u0142kiem sporo \u2013 niestety, nie jest jeszcze popularna, <b>a<br \/>\nwszelkie spotkania <\/b><span style=\"font-weight: normal;\">w grupach<br \/>\nformacyjnych czy na konferencjach,<\/span> organizowanych dla<br \/>\nm\u0142odzie\u017cy pozaszkolnej czy przy okazji udzielania Sakrament\u00f3w,<br \/>\ntraktowana jest jako konieczno\u015b\u0107, kt\u00f3r\u0105 trzeba zaliczy\u0107, \u017ceby<br \/>\nsi\u0119 potem wiecznie ksi\u0105dz nie czepia\u0142. A tymczasem, <span style=\"font-weight: normal;\">to<br \/>\n<\/span><span style=\"font-weight: normal;\">prawdziwy<\/span><span style=\"font-weight: normal;\"><br \/>\nwstyd, \u017ce<\/span><b> my chrze\u015bcijanie tak ma\u0142o wiemy o swoim Bogu. <\/b><\/span><\/span><br \/>\n<\/span><\/div>\n<div align=\"justify\" style=\"background: transparent; line-height: 150%; margin-bottom: 0cm; text-indent: 1.3cm;\">\n<span style=\"font-size: x-large;\"><span style=\"color: black;\"><span style=\"font-family: Book Antiqua, serif;\">Mo\u017ce<br \/>\nto jest myl\u0105ce wra\u017cenie, mo\u017ce zbytnio uog\u00f3lniam w tej chwili, ale<br \/>\nniekiedy odnosz\u0119 wra\u017cenie, <b>\u017ce ci, kt\u00f3rzy wierz\u0105 w <\/b><b>jakiego\u015b<\/b><b><br \/>\ninnego, wymy\u015blonego jakiego\u015b boga, <\/b>albo w tego prawdziwego, ale<br \/>\nniezgodnie z tym, co o sobie objawi\u0142 \u2013 i\u017c w\u0142a\u015bnie oni s\u0105<br \/>\nbardziej odwa\u017cni od nas, kt\u00f3rzy wierzymy w Boga prawdziwego! Oni<br \/>\nprzy r\u00f3\u017cnych okazjach m\u00f3wi\u0105 o swojej wierze, nie boj\u0105 si\u0119 nawet<br \/>\nchodzi\u0107 po domach i przekonywa\u0107 do swojej wiary. I <b>nawet je\u017celi<br \/>\ns\u0105<\/b> <b>w znacznej mniejszo\u015bci <\/b><span style=\"font-weight: normal;\">w<br \/>\njakiej grupie spo\u0142ecznej,<\/span> to bardzo g\u0142o\u015bno domagaj\u0105 si\u0119<br \/>\nposzanowania swoich praw, swojej odmienno\u015bci. I dobrze \u2013 nikt im<br \/>\ntego nie mo\u017ce zabroni\u0107. <span style=\"font-weight: normal;\">A<br \/>\ntymczasem my katolicy niekiedy sprawiamy wra\u017cenie,<\/span><b><br \/>\njakby\u015bmy si\u0119 czego\u015b obawiali \u2013 i to niekiedy nawet we w\u0142asnym<br \/>\ngronie, <\/b><span style=\"font-weight: normal;\">w swojej w\u0142asnej<br \/>\nrodzinie! <\/span><\/span><\/span><br \/>\n<\/span><\/div>\n<div align=\"justify\" style=\"background: transparent; line-height: 150%; margin-bottom: 0cm; text-indent: 1.3cm;\">\n<span style=\"font-size: x-large;\"><span style=\"color: black;\"><span style=\"font-family: Book Antiqua, serif;\">Ju\u017c<br \/>\nkilka razy wspomina\u0142em o tym przedziwnym zjawisku: oto zje\u017cd\u017ca si\u0119<br \/>\nrodzina bli\u017csza czy dalsza, jest niedziela. <span style=\"font-weight: normal;\">Ani<br \/>\ngospodarze, ani go\u015bcie nie byli w ko\u015bciele,<\/span><b> a wszyscy<br \/>\nboj\u0105 si\u0119 nawet o tym wspomnie\u0107.<\/b> Gospodarze nie zaproponuj\u0105,<br \/>\nbo mo\u017ce go\u015bcie zm\u0119czeni po podr\u00f3\u017cy. Go\u015bcie nie zaproponuj\u0105, bo<br \/>\nmo\u017ce nie b\u0119d\u0105 si\u0119 narzuca\u0107 gospodarzom. I tak <b>w wierz\u0105cej<br \/>\nrodzinie<\/b> temat Mszy \u015awi\u0119tej niedzielnej ca\u0142kowicie umyka. <\/span><\/span><br \/>\n<\/span><\/div>\n<div align=\"justify\" style=\"background: transparent; line-height: 150%; margin-bottom: 0cm; text-indent: 1.3cm;\">\n<span style=\"font-size: x-large;\"><span style=\"color: black;\"><span style=\"font-family: Book Antiqua, serif;\">A<br \/>\ntakie zagadnienie, jak prze\u017cywanie wiary, jak zwi\u0105zane z tym<br \/>\ntrudno\u015bci czy pozytywne strony tego faktu \u2013 nie s\u0105 w og\u00f3le<br \/>\nprzedmiotem rozmowy w wierz\u0105cej rodzinie. <span style=\"font-weight: normal;\">Tematem,<br \/>\nkt\u00f3ry si\u0119 \u2013 co najwy\u017cej \u2013 pojawia w zwi\u0105zku z Ko\u015bcio\u0142em,<\/span><b><br \/>\nto b\u0142\u0119dy ksi\u0119\u017cy.<\/b><b> Ich potkni\u0119cia.<\/b> <b>Albo zarobki.<br \/>\n<\/b>Natomiast spos\u00f3b rozumienia \u2013 na przyk\u0142ad \u2013 niedzielnej<br \/>\nEwangelii, czy jakiego\u015b zagadnienia moralnego z punktu widzenia<br \/>\nnauki Chrystusa, najcz\u0119\u015bciej nie s\u0105 przedmiotem \u017cadnej refleksji<br \/>\ni tematem do rozm\u00f3w. <\/span><\/span><br \/>\n<\/span><\/div>\n<div align=\"justify\" style=\"background: transparent; line-height: 150%; margin-bottom: 0cm; text-indent: 1.3cm;\">\n<span style=\"font-size: x-large;\"><span style=\"color: black;\"><span style=\"font-family: Book Antiqua, serif;\">I<br \/>\nw ten w\u0142a\u015bnie spos\u00f3b gdzie\u015b nam w praktyce codziennej <b>umyka<br \/>\nodniesienie do wiary, <\/b><span style=\"font-weight: normal;\">przybiera<br \/>\nono form\u0119 tylko porannego czy wieczornego \u201epaciorka\u201d,<\/span><br \/>\nszybko zm\u00f3wionego (\u017ceby nie powiedzie\u0107: \u201esklepanego\u201d) i Mszy<br \/>\n\u015awi\u0119tej niedzielnej, ale te\u017c \u2013 nie w ka\u017cd\u0105 niedziel\u0119. Nie<br \/>\nwspomn\u0119 ju\u017c o znaku Krzy\u017ca na pocz\u0105tku podr\u00f3\u017cy czy przed<br \/>\nposi\u0142kiem, a zw\u0142aszcza \u2013 w sto\u0142\u00f3wce szkolnej, czy w pracy. <b>Ale<\/b><b>\u017c<\/b><b><br \/>\nby si\u0119 pewnie dosta\u0142o od koleg\u00f3w temu,<\/b> kt\u00f3ry by si\u0119 odwa\u017cy\u0142<br \/>\nprze\u017cegna\u0107 przed jedzeniem, prawda?! <\/span><\/span><br \/>\n<\/span><\/div>\n<div align=\"justify\" style=\"background: transparent; line-height: 150%; margin-bottom: 0cm; text-indent: 1.3cm;\">\n<span style=\"font-size: x-large;\"><span style=\"color: black;\"><span style=\"font-family: Book Antiqua, serif;\">A<br \/>\nto jest w\u0142a\u015bnie najprostsze, a jednocze\u015bnie najbardziej widoczne<br \/>\nwyznanie wiary. Nic innego! <b>Wyznanie wiary w Tr\u00f3jc\u0119 \u015awi\u0119t\u0105!<\/b><br \/>\nNam si\u0119 mo\u017ce wydawa\u0107, \u017ce wyznanie to ma polega\u0107 na<br \/>\nnadzwyczajnych sprawach, nadzwyczajnych gestach. Nie! Tu chodzi \u2013<br \/>\njak wielokrotnie ju\u017c sobie o tym m\u00f3wili\u015bmy \u2013 <b>o drobiazgi, ale<br \/>\ntakie znacz\u0105ce drobiazgi<\/b>. W\u0142a\u015bnie poprzez takie drobiazgi<br \/>\npoznaje si\u0119 autentyczno\u015b\u0107 wiary. <span style=\"font-weight: normal;\">W\u0142a\u015bnie<br \/>\npoprzez takie drobiazgi <\/span><b>\u015bwiadczymy o naszej wierze w<br \/>\nTr\u00f3jc\u0119 \u015awi\u0119t\u0105.<\/b> <\/span><\/span><br \/>\n<\/span><\/div>\n<div align=\"justify\" style=\"background: transparent; line-height: 150%; margin-bottom: 0cm; text-indent: 1.3cm;\">\n<span style=\"font-size: x-large;\"><span style=\"color: black;\"><span style=\"font-family: Book Antiqua, serif;\">Nie<br \/>\ntylko poprzez wypowiedzenie formu\u0142y mszalnej, kt\u00f3r\u0105 wydeklamujemy<br \/>\npo kazaniu. <b>Tutaj, w ko\u015bciele, jest nam \u0142atwo powiedzie\u0107:<\/b><br \/>\n<b>Wierz\u0119\u2026<\/b> Tak, wierz\u0119 w Boga Ojca Wszechmog\u0105cego, wierz\u0119 w<br \/>\nJezusa Chrystusa, wierz\u0119 w Ducha \u015awi\u0119tego, kt\u00f3ry od Ojca i Syna<br \/>\npochodzi. <\/span><\/span><br \/>\n<\/span><\/div>\n<div align=\"justify\" style=\"background: transparent; line-height: 150%; margin-bottom: 0cm; text-indent: 1.3cm;\">\n<span style=\"font-size: x-large;\"><span style=\"color: black;\"><span style=\"font-family: Book Antiqua, serif;\">Tutaj,<br \/>\nw ko\u015bciele, wszyscy zasadniczo w imi\u0119 tej wiary si\u0119 zbieramy, wi\u0119c<br \/>\nkiedy b\u0119dziemy wypowiadali tre\u015b\u0107 tej\u017ce wiary, <b>to na pewno nikt<br \/>\nsi\u0119 <\/b><b>ze <\/b><b>zdziwi<\/b><b>eniem<\/b><b> nie obejrzy, nie<br \/>\nza\u015bmieje si\u0119 w oczy,<\/b> nie zrobi zdumionej miny. Ale ju\u017c w<br \/>\nautobusie lub w poci\u0105gu nie wiadomo, jak zareaguj\u0105 inni podr\u00f3\u017cni,<br \/>\na w sto\u0142\u00f3wce \u2013 jak zareaguj\u0105 koledzy czy kole\u017canki. <\/span><\/span><br \/>\n<\/span><\/div>\n<div align=\"justify\" style=\"background: transparent; line-height: 150%; margin-bottom: 0cm; text-indent: 1.3cm;\">\n<span style=\"font-size: x-large;\"><span style=\"color: black;\"><span style=\"font-family: Book Antiqua, serif;\"><b>Niewa\u017cne,<br \/>\njak zareaguje Chrystus! Niewa\u017cne, \u017ce w tym momencie<\/b> <b>wa\u017cy<br \/>\nsi\u0119 <\/b><b>nasza<\/b><b> wieczno\u015b\u0107,<\/b> bo koledzy i kole\u017canki<br \/>\nprzemin\u0105, tak jak przemin\u0105 takie czy inne uk\u0142ady, a zostanie<br \/>\nwieczno\u015b\u0107, a w wieczno\u015bci B\u00f3g. Niewa\u017cne! Wa\u017cne, co powiedz\u0105<br \/>\nludzie! <span style=\"font-weight: normal;\">Jak ma wygl\u0105da\u0107 ta nasza<br \/>\nwieczno\u015b\u0107, je\u017celi teraz <\/span><b>tak trwo\u017cliwie boimy si\u0119<br \/>\nprzyzna\u0107 do Boga?<\/b> <\/span><\/span><br \/>\n<\/span><\/div>\n<div align=\"justify\" style=\"background: transparent; line-height: 150%; margin-bottom: 0cm; text-indent: 1.3cm;\">\n<span style=\"font-size: x-large;\"><span style=\"color: black;\"><span style=\"font-family: Book Antiqua, serif;\">I<br \/>\ndlatego dochodzi do takich absurd\u00f3w, \u017ce w jakiej\u015b spo\u0142eczno\u015bci,<br \/>\nczy grupie, wi\u0119kszo\u015b\u0107 os\u00f3b jest wierz\u0105cych \u2013 albo przynajmniej<br \/>\nza takie si\u0119 podaje \u2013 ale jest problem z umieszczeniem krzy\u017ca w<br \/>\nwidocznym miejscu, albo nawet noszenie oznak religijnych na sobie,<br \/>\njak chocia\u017cby medalika, bo <b>co powie ta jedna osoba, kt\u00f3ra jest<br \/>\n<\/b><b>nie<\/b><b>wierz\u0105ca?<\/b> <span style=\"font-weight: normal;\">Niewa\u017cne,<br \/>\nco powie<\/span><b> <\/b><b>kilkadziesi\u0105t<\/b><b> os<\/b><b>\u00f3b<\/b><b>,<\/b><br \/>\n<b>kt\u00f3re s\u0105 wierz\u0105ce. <\/b><b>To si\u0119 nie liczy<\/b><b>!<\/b><span style=\"font-weight: normal;\"><br \/>\nBo w <\/span>imi\u0119 tak zwanej tolerancji \u2013 to teraz takie bardzo<br \/>\nmodne s\u0142owo, taki \u201ewytrych\u201d \u2013 nie mo\u017cna powiesi\u0107 krzy\u017ca w<br \/>\nprzestrzeni publicznej. Jawi si\u0119 bardzo konkretne pytanie: <b>dlaczego?<br \/>\n<\/b><\/span><\/span><br \/>\n<\/span><\/div>\n<div align=\"justify\" style=\"background: transparent; line-height: 150%; margin-bottom: 0cm; text-indent: 1.3cm;\">\n<span style=\"color: black;\"><span style=\"font-family: Book Antiqua, serif;\"><span style=\"font-size: x-large;\"><span style=\"font-weight: normal;\">Dlaczego<br \/>\nwiara ma sta\u0107 <\/span><b>zawsze na straconej pozycji, na tej pozycji<br \/>\ngorszej <\/b><span style=\"font-weight: normal;\">w naszym \u017cyciu?<\/span><br \/>\nW cywilizowanym \u015bwiecie pono\u0107 obowi\u0105zuje zasada wi\u0119kszo\u015bci<br \/>\ng\u0142os\u00f3w. Je\u017celi wi\u0119kszo\u015b\u0107 jest za czym\u015b, to mniejszo\u015b\u0107 ma si\u0119<br \/>\npodporz\u0105dkowa\u0107. Naturalnie, <b>tu jest niebezpiecze\u0144stwo, i\u017c mo\u017ce<br \/>\ndoj\u015b\u0107 do <\/b><b>r\u00f3\u017cnych<\/b><b> nadu\u017cy\u0107,<\/b><span style=\"font-weight: normal;\"><br \/>\n<\/span><span style=\"font-weight: normal;\">dlatego tej zasady nie mo\u017cna<br \/>\nstosowa\u0107 bezwarunkowo,<\/span><span style=\"font-weight: normal;\"> <\/span>ale<br \/>\nprzy roztropnym podej\u015bciu do niej mo\u017cna wypracowa\u0107 pewien<br \/>\nconsensus. I zasadniczo tak si\u0119 to dokonuje w wi\u0119kszo\u015bci<br \/>\nprzypadk\u00f3w.<\/span><\/span><\/span><\/div>\n<div align=\"justify\" style=\"background: transparent; line-height: 150%; margin-bottom: 0cm; text-indent: 1.3cm;\">\n<span style=\"font-size: x-large;\"><span style=\"color: black;\"><span style=\"font-family: Book Antiqua, serif;\">No,<br \/>\nw\u0142a\u015bnie \u2013 w wi\u0119kszo\u015bci. Ale nie we wszystkich. W wi\u0119kszo\u015bci<br \/>\nprzypadk\u00f3w \u2013 z wyj\u0105tkiem wiary. <span style=\"font-weight: normal;\">Tutaj<br \/>\nakurat <\/span><b>mniejszo\u015b\u0107 mo\u017ce agresywnie narzuca\u0107 wi\u0119kszo\u015bci<br \/>\nswoje spojrzenie,<\/b><span style=\"font-weight: normal;\"> swoje<br \/>\npogl\u0105dy, a ca\u0142a wi\u0119kszo\u015b\u0107 <\/span><span style=\"font-weight: normal;\">ma<\/span><b><br \/>\npokornie milcz<\/b><b>e\u0107!<\/b> Bo nam, moi Drodzy, przez kilkadziesi\u0105t<br \/>\nlat wmawiano, \u017ce wiara to sprawa prywatna, to sprawa do<br \/>\ndemonstrowania i praktykowania co najwy\u017cej w ko\u015bciele, ale \u017cycie<br \/>\nprzebiega innym torem, gdy\u017c jeste\u015bmy pa\u0144stwem \u015bwieckim. <\/span><\/span><br \/>\n<\/span><\/div>\n<div align=\"justify\" style=\"background: transparent; line-height: 150%; margin-bottom: 0cm; text-indent: 1.3cm;\">\n<span style=\"font-size: x-large;\"><span style=\"color: black;\"><span style=\"font-family: Book Antiqua, serif;\">Oczywi\u015bcie,<br \/>\nnikt temu nie przeczy i nie chodzi tu wcale o jakie\u015b agresywne<br \/>\nnarzucanie swoich przekona\u0144 komukolwiek. Tu chodzi <b>o zwyk\u0142e,<br \/>\nkonkretne \u015bwiadectwo.<\/b> O to, by\u015bmy si\u0119 wreszcie <b>wyzbyli tego<br \/>\nkompleksu ni\u017cszo\u015bci, <\/b><span style=\"font-weight: normal;\">kt\u00f3ry<br \/>\ndoprowadza do sytuacji absurdalnych,<\/span> wspomnianych ju\u017c<br \/>\nwcze\u015bniej, \u017ce wierz\u0105ca rodzina we w\u0142asnym domu, przed swoimi \u2013<br \/>\n<b>wstydzi si\u0119 przyzna\u0107 do swojej wiary. <\/b><b>Przed sam<\/b><b>\u0105<\/b><b><br \/>\nsob\u0105!<\/b> <\/span><\/span><br \/>\n<\/span><\/div>\n<div align=\"justify\" style=\"background: transparent; line-height: 150%; margin-bottom: 0cm; text-indent: 1.3cm;\">\n<span style=\"color: black;\"><span style=\"font-family: Book Antiqua, serif;\"><span style=\"font-size: x-large;\">Naturalnie,<br \/>\nzawsze i wsz\u0119dzie mamy szanowa\u0107 pogl\u0105dy inaczej wierz\u0105cych czy<br \/>\nniewierz\u0105cych, mamy si\u0119 z nimi liczy\u0107, <b>ale nie wolno nam na<br \/>\nka\u017cdym kroku tch\u00f3rzliwie milcze\u0107, <\/b>a szczeg\u00f3lnie wtedy, kiedy<br \/>\nkto\u015b wyra\u017anie o\u015bmiesza Boga czy Jego nauk\u0119. Nie wolno nam si\u0119<br \/>\nci\u0105gle wycofywa\u0107! Nie wolno nam przeprasza\u0107, \u017ce \u017cyjemy!<\/span><\/span><\/span><\/div>\n<div align=\"justify\" style=\"background: transparent; line-height: 150%; margin-bottom: 0cm; text-indent: 1.3cm;\">\n<span style=\"color: black;\"><span style=\"font-family: Book Antiqua, serif;\"><span style=\"font-size: x-large;\">Jak<br \/>\nto jest \u2013 tego nigdy nie mog\u0119 zrozumie\u0107 \u2013 \u017ce ta ma\u0142a garstka<br \/>\nzadeklarowanych przeciwnik\u00f3w Boga nigdy si\u0119 nie boi g\u0142o\u015bno<br \/>\nwypowiedzie\u0107, a wr\u0119cz nachalnie i arogancko wykrzykiwa\u0107 swoje<br \/>\nzdanie: w telewizji, w radiu, w internecie, w gazetach. <b>Propaguj\u0105<br \/>\nantywarto\u015bci, <\/b><span style=\"font-weight: normal;\">wzywaj\u0105 do<br \/>\nzarzucenia zasad moralnych. Oni si\u0119 nie boj\u0105, <\/span><span style=\"font-weight: normal;\">nie<br \/>\nmaj\u0105 \u017cadnych kompleks\u00f3w<\/span><b> \u2013 <\/b><b>a my si\u0119 boimy!<\/b><\/span><\/span><\/span><\/div>\n<div align=\"justify\" style=\"background: transparent; line-height: 150%; margin-bottom: 0cm; text-indent: 1.3cm;\">\n<span style=\"font-size: x-large;\"><span style=\"color: black;\"><span style=\"font-family: Book Antiqua, serif;\">Dlaczego<br \/>\nmy <b>nie m\u00f3wimy g\u0142o\u015bno o swojej wierze,<\/b> o swoim pogl\u0105dzie na<br \/>\n\u017cycie, na moralno\u015b\u0107, na przyk\u0142ad \u2013 w odniesieniu do \u017cycia<br \/>\nma\u0142\u017ce\u0144skiego czy rodzinnego? <span style=\"font-weight: normal;\">Dlaczego<\/span><b><br \/>\n<\/b><span style=\"font-weight: normal;\">nie zajmujemy <\/span><b>jasnego<br \/>\nstanowiska w sprawie zwyk\u0142ej uczciwo\u015bci,<\/b> w sprawie<br \/>\nprawdom\u00f3wno\u015bci, w sprawach takich zwyczajnych, w kt\u00f3rych mo\u017cemy<br \/>\nodwa\u017cn\u0105 postaw\u0105 lub zaj\u0119ciem jasnego stanowiska pokaza\u0107 swoj\u0105<br \/>\nwiar\u0119? Mo\u017ce w\u0142a\u015bnie dlatego ta nasza wiara jest taka, jaka jest<span style=\"font-weight: normal;\">,<\/span><b><br \/>\n<\/b><b>\u017ce<\/b><b> <\/b><b>ju\u017c<\/b><b> sami uwierzyli\u015bmy, <\/b><b>i<\/b><b>\u017c<br \/>\nmamy si\u0119 z ni\u0105 ukrywa\u0107 <\/b><span style=\"font-weight: normal;\">na<br \/>\nka\u017cdym kroku? <\/span><\/span><\/span><br \/>\n<\/span><\/div>\n<div align=\"justify\" style=\"background: transparent; line-height: 150%; margin-bottom: 0cm; text-indent: 1.3cm;\">\n<span style=\"color: black;\"><span style=\"font-family: Book Antiqua, serif;\"><span style=\"font-size: x-large;\"><span style=\"font-weight: normal;\">Nie!<br \/>\nTak dalej by\u0107 nie mo\u017ce! My nie mo\u017cemy si\u0119 ci\u0105gle Ko\u015bcio\u0142em w<br \/>\ndefensywie! Potrzeba ofensywy \u2013 <\/span><b>ewangelicznej ofensywy!<\/b><span style=\"font-weight: normal;\"><br \/>\nMusimy ca\u0142kowicie przestawi\u0107 akcenty, ca\u0142kowicie zmieni\u0107 styl: <\/span><b>z<br \/>\nci\u0105g\u0142ej obrony \u2013 na aktywne wyj\u015bcie do ludzi!<\/b><\/span><\/span><\/span><\/div>\n<div align=\"justify\" style=\"background: transparent; line-height: 150%; margin-bottom: 0cm; text-indent: 1.3cm;\">\n<span style=\"color: black;\"><span style=\"font-family: Book Antiqua, serif;\"><span style=\"font-size: x-large;\">I<br \/>\no to, moi Drodzy, trzeba nam si\u0119 dzisiaj modli\u0107 dla nas, aby\u015bmy<br \/>\ns\u0142ysz\u0105c w liturgii S\u0142owa pouczenie o jedno\u015bci Os\u00f3b Boskich,<br \/>\n<b>zapragn\u0119li takiej samej jedno\u015bci naszej z Bogiem. <\/b>Skoro B\u00f3g<br \/>\nw trzech Osobach tak bardzo anga\u017cuje si\u0119 w spraw\u0119 naszego<br \/>\nzbawienia, to my nie mo\u017cemy ci\u0105gle trwa\u0107 w zastraszeniu. I w<br \/>\nbiernej defensywie.<\/span><\/span><\/span><\/div>\n<div align=\"justify\" style=\"background: transparent; line-height: 150%; margin-bottom: 0cm; text-indent: 1.3cm;\">\n<span style=\"font-size: x-large;\"><span style=\"color: black;\"><span style=\"font-family: Book Antiqua, serif;\">Je\u017celi<br \/>\nnaszym<b> Obro\u0144c\u0105 i \u0179r\u00f3d\u0142em naszej si\u0142y<\/b> i wewn\u0119trznej mocy<br \/>\njest B\u00f3g Tr\u00f3jjedyny, to nam ju\u017c nie wolno si\u0119 wstydzi\u0107 wiary.<br \/>\nNawet tak po ludzku patrz\u0105c, \u0142atwo stwierdzimy, <b>kto jest wi\u0119kszy<br \/>\ni mocniejszy:<\/b> czy ci, kt\u00f3rzy z nas dzisiaj \u015bmiej\u0105 si\u0119 i<br \/>\nszydz\u0105, <b>czy B\u00f3g, kt\u00f3ry kiedy\u015b b\u0119dzie nas s\u0105dzi\u0142, <\/b>a<br \/>\nkt\u00f3ry ju\u017c teraz i dzisiaj przy nas stoi i nas wspiera?\u2026 <\/span><\/span><br \/>\n<\/span><\/div>\n<div align=\"justify\" style=\"background: transparent; line-height: 150%; margin-bottom: 0cm; text-indent: 1.3cm;\">\n<span style=\"color: black;\"><span style=\"font-family: Book Antiqua, serif;\"><span style=\"font-size: x-large;\">Niech<br \/>\nnas B\u00f3g obdarzy swoj\u0105 M\u0105dro\u015bci\u0105, o kt\u00f3rej tak pi\u0119knie m\u00f3wi<br \/>\npierwsze czytanie, <b>aby\u015bmy zawsze potrafili jasno i konkretnie t\u0105<br \/>\nm\u0105dro\u015bci\u0105 kierowa\u0107 si\u0119 w \u017cyciu.<\/b> M\u0105dro\u015b\u0107 ta jest<br \/>\nstworzona przed wiekami \u2013 bo sam B\u00f3g jest ta M\u0105dro\u015bci\u0105, a wiec<br \/>\ntrudno nawet m\u00f3wi\u0107 o jakimkolwiek pocz\u0105tku. <b>M\u0105dro\u015b\u0107 Bo\u017ca<br \/>\nnie ma pocz\u0105tku ani ko\u0144ca, <\/b><span style=\"font-weight: normal;\">jak<br \/>\nnie ma pocz\u0105tku ani ko\u0144ca B\u00f3g Tr\u00f3jjedyny. <\/span>Warto to sobie<br \/>\nprzypomina\u0107, zw\u0142aszcza w chwilach, kiedy <b>trudno nam b\u0119dzie<br \/>\nprzyzna\u0107 si\u0119 do wiary,<\/b> kiedy z jakiego\u015b powodu b\u0119dziemy si\u0119<br \/>\ntego obawiali\u2026<\/span><\/span><\/span><\/div>\n<div align=\"justify\" style=\"background: transparent; line-height: 150%; margin-bottom: 0cm; text-indent: 1.3cm;\">\n<span style=\"color: black;\"><span style=\"font-family: Book Antiqua, serif;\"><span style=\"font-size: x-large;\"><span style=\"font-variant: normal;\"><span style=\"letter-spacing: normal;\"><span style=\"font-style: normal;\"><span style=\"font-weight: normal;\">Warto<br \/>\nnam wtedy przypomnie\u0107 sobie o Bogu, kt\u00f3ry jest wszechpot\u0119\u017cny i<br \/>\nwieczny. Niech On sam <\/span><\/span><\/span><\/span><span style=\"font-variant: normal;\"><span style=\"letter-spacing: normal;\"><span style=\"font-style: normal;\"><b>\u2013<br \/>\nB\u00f3g Ojciec, Syn Bo\u017cy Jezus Chrystus i Duch \u015awi\u0119ty \u2013 <\/b><\/span><\/span><\/span><span style=\"font-variant: normal;\"><span style=\"letter-spacing: normal;\"><span style=\"font-style: normal;\"><span style=\"font-weight: normal;\">b\u0119dzie<br \/>\n\u017ar\u00f3d\u0142em naszej odwagi!<\/span><\/span><\/span><\/span><\/span><\/span><\/span><\/div>\n","protected":false},"excerpt":{"rendered":"<p>Niech b\u0119dzie pochwalony Jezus Chrystus! Moi Drodzy, w dniu dzisiejszym pi\u0119\u0107dziesi\u0105t\u0105 si\u00f3dm\u0105 rocznic\u0119 \u015awi\u0119ce\u0144 kap\u0142a\u0144skich prze\u017cywa Ksi\u0105dz Pra\u0142at Mieczys\u0142aw Lipniacki, pierwszy Proboszcz \u2013 Za\u0142o\u017cyciel mojej rodzinnej Parafii, m\u00f3j \u201erodzony\u201d Proboszcz, kt\u00f3ry by\u0142 moim Proboszczem od mojej Pierwszej Komunii \u015awi\u0119tej do Prymicji kap\u0142a\u0144skiej. Dzi\u0119kuj\u0105c Ksi\u0119dzu Pra\u0142atowi za bezmiar dobra, \u017cycz\u0119 wytrwa\u0142o\u015bci w pe\u0142nieniu kap\u0142a\u0144skiej pos\u0142ugi, nieustannego [&hellip;]<\/p>\n","protected":false},"author":1,"featured_media":0,"comment_status":"open","ping_status":"open","sticky":false,"template":"","format":"standard","meta":{"jetpack_post_was_ever_published":false,"_jetpack_newsletter_access":"","_jetpack_dont_email_post_to_subs":false,"_jetpack_newsletter_tier_id":0,"_jetpack_memberships_contains_paywalled_content":false,"_jetpack_memberships_contains_paid_content":false,"footnotes":""},"categories":[1],"tags":[],"class_list":["post-14569","post","type-post","status-publish","format-standard","hentry","category-bez-kategorii"],"yoast_head":"<!-- This site is optimized with the Yoast SEO plugin v25.1 - https:\/\/yoast.com\/wordpress\/plugins\/seo\/ -->\n<title>W imi\u0119 Ojca i Syna, i Ducha \u015awi\u0119tego! - Gaudium Et Spes<\/title>\n<meta name=\"robots\" content=\"index, follow, max-snippet:-1, max-image-preview:large, max-video-preview:-1\" \/>\n<link rel=\"canonical\" href=\"https:\/\/gaudiumetspes-blog.pl\/index.php\/2019\/06\/16\/w-imie-ojca-i-syna-i-ducha-swietego-3\/\" \/>\n<meta property=\"og:locale\" content=\"pl_PL\" \/>\n<meta property=\"og:type\" content=\"article\" \/>\n<meta property=\"og:title\" content=\"W imi\u0119 Ojca i Syna, i Ducha \u015awi\u0119tego! - Gaudium Et Spes\" \/>\n<meta property=\"og:description\" content=\"Niech b\u0119dzie pochwalony Jezus Chrystus! Moi Drodzy, w dniu dzisiejszym pi\u0119\u0107dziesi\u0105t\u0105 si\u00f3dm\u0105 rocznic\u0119 \u015awi\u0119ce\u0144 kap\u0142a\u0144skich prze\u017cywa Ksi\u0105dz Pra\u0142at Mieczys\u0142aw Lipniacki, pierwszy Proboszcz \u2013 Za\u0142o\u017cyciel mojej rodzinnej Parafii, m\u00f3j \u201erodzony\u201d Proboszcz, kt\u00f3ry by\u0142 moim Proboszczem od mojej Pierwszej Komunii \u015awi\u0119tej do Prymicji kap\u0142a\u0144skiej. Dzi\u0119kuj\u0105c Ksi\u0119dzu Pra\u0142atowi za bezmiar dobra, \u017cycz\u0119 wytrwa\u0142o\u015bci w pe\u0142nieniu kap\u0142a\u0144skiej pos\u0142ugi, nieustannego [&hellip;]\" \/>\n<meta property=\"og:url\" content=\"https:\/\/gaudiumetspes-blog.pl\/index.php\/2019\/06\/16\/w-imie-ojca-i-syna-i-ducha-swietego-3\/\" \/>\n<meta property=\"og:site_name\" content=\"Gaudium Et Spes\" \/>\n<meta property=\"article:published_time\" content=\"2019-06-16T01:52:00+00:00\" \/>\n<meta property=\"article:modified_time\" content=\"2019-07-31T11:04:09+00:00\" \/>\n<meta name=\"author\" content=\"Ks. Jacek\" \/>\n<meta name=\"twitter:card\" content=\"summary_large_image\" \/>\n<meta name=\"twitter:label1\" content=\"Napisane przez\" \/>\n\t<meta name=\"twitter:data1\" content=\"Ks. Jacek\" \/>\n\t<meta name=\"twitter:label2\" content=\"Szacowany czas czytania\" \/>\n\t<meta name=\"twitter:data2\" content=\"15 minut\" \/>\n<script type=\"application\/ld+json\" class=\"yoast-schema-graph\">{\"@context\":\"https:\/\/schema.org\",\"@graph\":[{\"@type\":\"WebPage\",\"@id\":\"https:\/\/gaudiumetspes-blog.pl\/index.php\/2019\/06\/16\/w-imie-ojca-i-syna-i-ducha-swietego-3\/\",\"url\":\"https:\/\/gaudiumetspes-blog.pl\/index.php\/2019\/06\/16\/w-imie-ojca-i-syna-i-ducha-swietego-3\/\",\"name\":\"W imi\u0119 Ojca i Syna, i Ducha \u015awi\u0119tego! - Gaudium Et Spes\",\"isPartOf\":{\"@id\":\"https:\/\/gaudiumetspes-blog.pl\/#website\"},\"datePublished\":\"2019-06-16T01:52:00+00:00\",\"dateModified\":\"2019-07-31T11:04:09+00:00\",\"author\":{\"@id\":\"https:\/\/gaudiumetspes-blog.pl\/#\/schema\/person\/1661982992b752dea8dff0d4ed845a65\"},\"breadcrumb\":{\"@id\":\"https:\/\/gaudiumetspes-blog.pl\/index.php\/2019\/06\/16\/w-imie-ojca-i-syna-i-ducha-swietego-3\/#breadcrumb\"},\"inLanguage\":\"pl-PL\",\"potentialAction\":[{\"@type\":\"ReadAction\",\"target\":[\"https:\/\/gaudiumetspes-blog.pl\/index.php\/2019\/06\/16\/w-imie-ojca-i-syna-i-ducha-swietego-3\/\"]}]},{\"@type\":\"BreadcrumbList\",\"@id\":\"https:\/\/gaudiumetspes-blog.pl\/index.php\/2019\/06\/16\/w-imie-ojca-i-syna-i-ducha-swietego-3\/#breadcrumb\",\"itemListElement\":[{\"@type\":\"ListItem\",\"position\":1,\"name\":\"Strona g\u0142\u00f3wna\",\"item\":\"https:\/\/gaudiumetspes-blog.pl\/\"},{\"@type\":\"ListItem\",\"position\":2,\"name\":\"W&nbsp;imi\u0119 Ojca i&nbsp;Syna, i&nbsp;Ducha \u015awi\u0119tego!\"}]},{\"@type\":\"WebSite\",\"@id\":\"https:\/\/gaudiumetspes-blog.pl\/#website\",\"url\":\"https:\/\/gaudiumetspes-blog.pl\/\",\"name\":\"Gaudium Et Spes\",\"description\":\"Blog Ks. Jacka Ja\u015bkowskiego\",\"potentialAction\":[{\"@type\":\"SearchAction\",\"target\":{\"@type\":\"EntryPoint\",\"urlTemplate\":\"https:\/\/gaudiumetspes-blog.pl\/?s={search_term_string}\"},\"query-input\":{\"@type\":\"PropertyValueSpecification\",\"valueRequired\":true,\"valueName\":\"search_term_string\"}}],\"inLanguage\":\"pl-PL\"},{\"@type\":\"Person\",\"@id\":\"https:\/\/gaudiumetspes-blog.pl\/#\/schema\/person\/1661982992b752dea8dff0d4ed845a65\",\"name\":\"Ks. Jacek\",\"image\":{\"@type\":\"ImageObject\",\"inLanguage\":\"pl-PL\",\"@id\":\"https:\/\/gaudiumetspes-blog.pl\/#\/schema\/person\/image\/\",\"url\":\"https:\/\/gaudiumetspes-blog.pl\/wp-content\/uploads\/2019\/07\/avatar-JJ-150x150.jpg\",\"contentUrl\":\"https:\/\/gaudiumetspes-blog.pl\/wp-content\/uploads\/2019\/07\/avatar-JJ-150x150.jpg\",\"caption\":\"Ks. Jacek\"},\"description\":\"Witam serdecznie! K\u0142ania si\u0119 Ks. Jacek Ja\u015bkowski. Nie jestem ani kim\u015b wa\u017cnym, ani kim\u015b znanym. Jestem ksi\u0119dzem, kt\u00f3ry po prostu chce rozmawia\u0107. Codzienna kap\u0142a\u0144ska pos\u0142uga pokazuje mi, \u017ce temat\u00f3w do rozm\u00f3w z ksi\u0119dzem jest coraz wi\u0119cej i dzisiaj \u017caden ksi\u0105dz nie mo\u017ce od nich ucieka\u0107, ale - wprost przeciwnie - podejmowa\u0107 nowe wyzwania. To przekonanie sk\u0142oni\u0142o mnie do pr\u00f3by otwarcia tego\u017c bloga, chocia\u017c okazji do rozm\u00f3w na co dzie\u0144 - w konfesjonale i poza nim - na szcz\u0119\u015bcie nie brakuje. My\u015bl\u0119 jednak, \u017ce ten blog b\u0119dzie jeszcze jednym sposobem i przestrzeni\u0105 nawi\u0105zania kontaktu z lud\u017ami dobrej woli, otwartymi na dialog.\",\"url\":\"https:\/\/gaudiumetspes-blog.pl\/index.php\/author\/ks-jacek\/\"}]}<\/script>\n<!-- \/ Yoast SEO plugin. -->","yoast_head_json":{"title":"W imi\u0119 Ojca i Syna, i Ducha \u015awi\u0119tego! - Gaudium Et Spes","robots":{"index":"index","follow":"follow","max-snippet":"max-snippet:-1","max-image-preview":"max-image-preview:large","max-video-preview":"max-video-preview:-1"},"canonical":"https:\/\/gaudiumetspes-blog.pl\/index.php\/2019\/06\/16\/w-imie-ojca-i-syna-i-ducha-swietego-3\/","og_locale":"pl_PL","og_type":"article","og_title":"W imi\u0119 Ojca i Syna, i Ducha \u015awi\u0119tego! - Gaudium Et Spes","og_description":"Niech b\u0119dzie pochwalony Jezus Chrystus! Moi Drodzy, w dniu dzisiejszym pi\u0119\u0107dziesi\u0105t\u0105 si\u00f3dm\u0105 rocznic\u0119 \u015awi\u0119ce\u0144 kap\u0142a\u0144skich prze\u017cywa Ksi\u0105dz Pra\u0142at Mieczys\u0142aw Lipniacki, pierwszy Proboszcz \u2013 Za\u0142o\u017cyciel mojej rodzinnej Parafii, m\u00f3j \u201erodzony\u201d Proboszcz, kt\u00f3ry by\u0142 moim Proboszczem od mojej Pierwszej Komunii \u015awi\u0119tej do Prymicji kap\u0142a\u0144skiej. Dzi\u0119kuj\u0105c Ksi\u0119dzu Pra\u0142atowi za bezmiar dobra, \u017cycz\u0119 wytrwa\u0142o\u015bci w pe\u0142nieniu kap\u0142a\u0144skiej pos\u0142ugi, nieustannego [&hellip;]","og_url":"https:\/\/gaudiumetspes-blog.pl\/index.php\/2019\/06\/16\/w-imie-ojca-i-syna-i-ducha-swietego-3\/","og_site_name":"Gaudium Et Spes","article_published_time":"2019-06-16T01:52:00+00:00","article_modified_time":"2019-07-31T11:04:09+00:00","author":"Ks. Jacek","twitter_card":"summary_large_image","twitter_misc":{"Napisane przez":"Ks. Jacek","Szacowany czas czytania":"15 minut"},"schema":{"@context":"https:\/\/schema.org","@graph":[{"@type":"WebPage","@id":"https:\/\/gaudiumetspes-blog.pl\/index.php\/2019\/06\/16\/w-imie-ojca-i-syna-i-ducha-swietego-3\/","url":"https:\/\/gaudiumetspes-blog.pl\/index.php\/2019\/06\/16\/w-imie-ojca-i-syna-i-ducha-swietego-3\/","name":"W imi\u0119 Ojca i Syna, i Ducha \u015awi\u0119tego! - Gaudium Et Spes","isPartOf":{"@id":"https:\/\/gaudiumetspes-blog.pl\/#website"},"datePublished":"2019-06-16T01:52:00+00:00","dateModified":"2019-07-31T11:04:09+00:00","author":{"@id":"https:\/\/gaudiumetspes-blog.pl\/#\/schema\/person\/1661982992b752dea8dff0d4ed845a65"},"breadcrumb":{"@id":"https:\/\/gaudiumetspes-blog.pl\/index.php\/2019\/06\/16\/w-imie-ojca-i-syna-i-ducha-swietego-3\/#breadcrumb"},"inLanguage":"pl-PL","potentialAction":[{"@type":"ReadAction","target":["https:\/\/gaudiumetspes-blog.pl\/index.php\/2019\/06\/16\/w-imie-ojca-i-syna-i-ducha-swietego-3\/"]}]},{"@type":"BreadcrumbList","@id":"https:\/\/gaudiumetspes-blog.pl\/index.php\/2019\/06\/16\/w-imie-ojca-i-syna-i-ducha-swietego-3\/#breadcrumb","itemListElement":[{"@type":"ListItem","position":1,"name":"Strona g\u0142\u00f3wna","item":"https:\/\/gaudiumetspes-blog.pl\/"},{"@type":"ListItem","position":2,"name":"W&nbsp;imi\u0119 Ojca i&nbsp;Syna, i&nbsp;Ducha \u015awi\u0119tego!"}]},{"@type":"WebSite","@id":"https:\/\/gaudiumetspes-blog.pl\/#website","url":"https:\/\/gaudiumetspes-blog.pl\/","name":"Gaudium Et Spes","description":"Blog Ks. Jacka Ja\u015bkowskiego","potentialAction":[{"@type":"SearchAction","target":{"@type":"EntryPoint","urlTemplate":"https:\/\/gaudiumetspes-blog.pl\/?s={search_term_string}"},"query-input":{"@type":"PropertyValueSpecification","valueRequired":true,"valueName":"search_term_string"}}],"inLanguage":"pl-PL"},{"@type":"Person","@id":"https:\/\/gaudiumetspes-blog.pl\/#\/schema\/person\/1661982992b752dea8dff0d4ed845a65","name":"Ks. Jacek","image":{"@type":"ImageObject","inLanguage":"pl-PL","@id":"https:\/\/gaudiumetspes-blog.pl\/#\/schema\/person\/image\/","url":"https:\/\/gaudiumetspes-blog.pl\/wp-content\/uploads\/2019\/07\/avatar-JJ-150x150.jpg","contentUrl":"https:\/\/gaudiumetspes-blog.pl\/wp-content\/uploads\/2019\/07\/avatar-JJ-150x150.jpg","caption":"Ks. Jacek"},"description":"Witam serdecznie! K\u0142ania si\u0119 Ks. Jacek Ja\u015bkowski. Nie jestem ani kim\u015b wa\u017cnym, ani kim\u015b znanym. Jestem ksi\u0119dzem, kt\u00f3ry po prostu chce rozmawia\u0107. Codzienna kap\u0142a\u0144ska pos\u0142uga pokazuje mi, \u017ce temat\u00f3w do rozm\u00f3w z ksi\u0119dzem jest coraz wi\u0119cej i dzisiaj \u017caden ksi\u0105dz nie mo\u017ce od nich ucieka\u0107, ale - wprost przeciwnie - podejmowa\u0107 nowe wyzwania. To przekonanie sk\u0142oni\u0142o mnie do pr\u00f3by otwarcia tego\u017c bloga, chocia\u017c okazji do rozm\u00f3w na co dzie\u0144 - w konfesjonale i poza nim - na szcz\u0119\u015bcie nie brakuje. My\u015bl\u0119 jednak, \u017ce ten blog b\u0119dzie jeszcze jednym sposobem i przestrzeni\u0105 nawi\u0105zania kontaktu z lud\u017ami dobrej woli, otwartymi na dialog.","url":"https:\/\/gaudiumetspes-blog.pl\/index.php\/author\/ks-jacek\/"}]}},"jetpack_featured_media_url":"","jetpack_sharing_enabled":true,"_links":{"self":[{"href":"https:\/\/gaudiumetspes-blog.pl\/index.php\/wp-json\/wp\/v2\/posts\/14569","targetHints":{"allow":["GET"]}}],"collection":[{"href":"https:\/\/gaudiumetspes-blog.pl\/index.php\/wp-json\/wp\/v2\/posts"}],"about":[{"href":"https:\/\/gaudiumetspes-blog.pl\/index.php\/wp-json\/wp\/v2\/types\/post"}],"author":[{"embeddable":true,"href":"https:\/\/gaudiumetspes-blog.pl\/index.php\/wp-json\/wp\/v2\/users\/1"}],"replies":[{"embeddable":true,"href":"https:\/\/gaudiumetspes-blog.pl\/index.php\/wp-json\/wp\/v2\/comments?post=14569"}],"version-history":[{"count":1,"href":"https:\/\/gaudiumetspes-blog.pl\/index.php\/wp-json\/wp\/v2\/posts\/14569\/revisions"}],"predecessor-version":[{"id":15345,"href":"https:\/\/gaudiumetspes-blog.pl\/index.php\/wp-json\/wp\/v2\/posts\/14569\/revisions\/15345"}],"wp:attachment":[{"href":"https:\/\/gaudiumetspes-blog.pl\/index.php\/wp-json\/wp\/v2\/media?parent=14569"}],"wp:term":[{"taxonomy":"category","embeddable":true,"href":"https:\/\/gaudiumetspes-blog.pl\/index.php\/wp-json\/wp\/v2\/categories?post=14569"},{"taxonomy":"post_tag","embeddable":true,"href":"https:\/\/gaudiumetspes-blog.pl\/index.php\/wp-json\/wp\/v2\/tags?post=14569"}],"curies":[{"name":"wp","href":"https:\/\/api.w.org\/{rel}","templated":true}]}}