{"id":14570,"date":"2019-06-15T06:37:00","date_gmt":"2019-06-15T04:37:00","guid":{"rendered":"https:\/\/gaudiumetspes-blog.pl\/index.php\/2019\/06\/15\/wiara-aktywna-swieza-i-konkretna\/"},"modified":"2019-07-31T13:04:08","modified_gmt":"2019-07-31T11:04:08","slug":"wiara-aktywna-swieza-i-konkretna","status":"publish","type":"post","link":"https:\/\/gaudiumetspes-blog.pl\/index.php\/2019\/06\/15\/wiara-aktywna-swieza-i-konkretna\/","title":{"rendered":"Wiara aktywna, \u015bwie\u017ca &#8211; i konkretna!"},"content":{"rendered":"<p><\/p>\n<div align=\"justify\" style=\"font-weight: normal; line-height: 150%; margin-bottom: 0cm;\">\n<span style=\"font-size: x-large;\"><span style=\"color: black;\"><span style=\"font-family: Book Antiqua, serif;\">Szcz\u0119\u015b\u0107<br \/>\nBo\u017ce! Moi Drodzy, <b>w dniu wczorajszym urodziny prze\u017cywa\u0142 Filip<br \/>\nG\u0119bala, nale\u017c\u0105cy w swoim czasie do Wsp\u00f3lnoty m\u0142odzie\u017cowej w<br \/>\nTr\u0105bkach. <\/b><b>Urodziny prze\u017cywa\u0142 wczoraj<\/b><b> tak\u017ce Kacper<br \/>\nMalarz, Lektor z Celestynowa i Prezes tamtejszej S\u0142u\u017cby<br \/>\nliturgicznej. <\/b><\/span><\/span><br \/>\n<\/span><\/div>\n<div align=\"justify\" style=\"background: transparent; line-height: 150%; margin-bottom: 0cm; page-break-before: auto; text-indent: 1.3cm;\">\n<span style=\"color: black;\"><span style=\"font-family: Book Antiqua, serif;\"><span style=\"font-size: x-large;\"><b>Rocznic\u0119<br \/>\n\u015awi\u0119ce\u0144 kap\u0142a\u0144skich natomiast prze\u017cywa\u0142 Ksi\u0105dz Adam<br \/>\nPotapczuk, m\u00f3j Poprzednik na urz\u0119dzie wikariusza Parafii w<br \/>\nMiastkowie.<\/b><\/span><\/span><\/span><\/div>\n<div align=\"justify\" style=\"background: transparent; line-height: 150%; margin-bottom: 0cm; text-indent: 1.3cm;\">\n<span style=\"color: black;\"><span style=\"font-family: Book Antiqua, serif;\"><span style=\"font-size: x-large;\"><b>Dzisiaj<br \/>\nnatomiast rocznic\u0119 \u015awi\u0119ce\u0144 kap\u0142a\u0144skich prze\u017cywa Ksi\u0105dz Rafa\u0142<br \/>\nJarosiewicz, pochodz\u0105cy z mojej rodzinnej Parafii i Kolega z jednej<br \/>\nWsp\u00f3lnoty lektorskiej, znany zapewne Wam wszystkim z<br \/>\nniestandardowych, ale bardzo dobrych i potrzebnych dzia\u0142a\u0144<br \/>\newangelizacyjnych.<\/b><\/span><\/span><\/span><\/div>\n<div align=\"justify\" style=\"background: transparent; font-weight: normal; line-height: 150%; margin-bottom: 0cm; text-indent: 1.3cm;\">\n<span style=\"color: black;\"><span style=\"font-family: Book Antiqua, serif;\"><span style=\"font-size: x-large;\">Wszystkim<br \/>\n\u015bwi\u0119tuj\u0105cym dzi\u015b \u017cycz\u0119, aby \u2013 jak dzisiaj zach\u0119ca \u015awi\u0119ty<br \/>\nPawe\u0142 \u2013 dali si\u0119 przynagli\u0107 i poprowadzi\u0107 mi\u0142o\u015bci Jezusa.<br \/>\nZapewniam o modlitwie w tej intencji.<\/span><\/span><\/span><\/div>\n<div align=\"justify\" style=\"background: transparent; font-weight: normal; line-height: 150%; margin-bottom: 0cm; text-indent: 1.3cm;\">\n<span style=\"color: black;\"><span style=\"font-family: Book Antiqua, serif;\"><span style=\"font-size: x-large;\">Moi<br \/>\nDrodzy, bardzo serdecznie dzi\u0119kujemy Ksi\u0119dzu Markowi za wczorajsze<br \/>\ns\u0142\u00f3wko z Syberii. Jak zawsze \u2013 konkretne, wr\u0119cz radykalne! Bo<br \/>\ntaka jest Ewangelia. Dzisiaj zreszt\u0105 w rozwa\u017caniu te\u017c o tym mowa.<br \/>\nDzi\u0119kujemy za flesz z \u017cycia na Syberii. I chyba oczywistym jest, \u017ce<br \/>\nnie zapominamy w modlitwie! Szczeg\u00f3lnie, \u017ce \u2013 jak zauwa\u017cyli\u015bmy<br \/>\n\u2013 Ksi\u0119dzu Markowi bardzo na niej zale\u017cy, skoro pro\u015bb\u0119 o ni\u0105<br \/>\npowt\u00f3rzy\u0142 na samym ko\u0144cu, w wyodr\u0119bnionym zdaniu. Poczujmy si\u0119<br \/>\nwszyscy bardzo zobowi\u0105zani, aby uczyni\u0107 zados\u0107 tej pro\u015bbie!<\/span><\/span><\/span><\/div>\n<div align=\"justify\" style=\"background: transparent; font-weight: normal; line-height: 150%; margin-bottom: 0cm; text-indent: 1.3cm;\">\n<span style=\"color: black;\"><span style=\"font-family: Book Antiqua, serif;\"><span style=\"font-size: x-large;\">A<br \/>\nco do \u017cycze\u0144 z okazji rocznicy \u015awi\u0119ce\u0144 Ksi\u0119dza Marka i tego<br \/>\ns\u0142owa na k\u2026, to\u2026 jakie s\u0142owo nasuwa si\u0119 od razu, je\u015bli nie<br \/>\nwiadomo, o jakie rzeczywi\u015bcie chodzi?\u2026 A\u017c strach pomy\u015ble\u0107! Ale<br \/>\nto tak \u2013 z u\u015bmiechem!<\/span><\/span><\/span><\/div>\n<div align=\"justify\" style=\"background: transparent; font-weight: normal; line-height: 150%; margin-bottom: 0cm; text-indent: 1.3cm;\">\n<span style=\"color: black;\"><span style=\"font-family: Book Antiqua, serif;\"><span style=\"font-size: x-large;\">\u017bycz\u0119<br \/>\nb\u0142ogos\u0142awionego dnia!<\/span><\/span><\/span><\/div>\n<div align=\"center\" style=\"background: transparent; font-weight: normal; line-height: 150%; margin-bottom: 0cm;\">\n<span style=\"color: black;\"><span style=\"font-family: Book Antiqua, serif;\"><span style=\"font-size: x-large;\">Gaudium<br \/>\net spes!  Ks. Jacek<\/span><\/span><\/span><\/div>\n<div align=\"justify\" style=\"line-height: 150%; margin-bottom: 0cm;\">\n<span style=\"font-size: x-large;\"><\/p>\n<p><\/span><\/div>\n<div align=\"justify\" style=\"line-height: 150%; margin-bottom: 0cm;\">\n<span style=\"color: black;\"><span style=\"font-family: Book Antiqua, serif;\"><span style=\"font-size: x-large;\"><b>Sobota<br \/>\n10 Tygodnia zwyk\u0142ego, rok I,<\/b><\/span><\/span><\/span><\/div>\n<div align=\"justify\" style=\"line-height: 150%; margin-bottom: 0cm;\">\n<span style=\"color: black;\"><span style=\"font-family: Book Antiqua, serif;\"><span style=\"font-size: x-large;\"><b>do<br \/>\nczyta\u0144:  2 Kor 5,14\u201321;  Mt 5,33\u201337<\/b><\/span><\/span><\/span><\/div>\n<div align=\"justify\" style=\"line-height: 150%; margin-bottom: 0cm;\">\n<span style=\"font-size: x-large;\"><\/p>\n<p><\/span><\/div>\n<div align=\"justify\" style=\"line-height: 150%; margin-bottom: 0cm;\">\n<span style=\"font-family: Book Antiqua, serif;\"><strong><span style=\"font-variant: normal;\"><span style=\"color: black;\"><span style=\"font-size: x-large;\"><span style=\"letter-spacing: normal;\"><span style=\"font-style: normal;\"><b>CZYTANIE<br \/>\nZ DRUGIEGO LISTU \u015aWI\u0118TEGO PAW\u0141A APOSTO\u0141A DO KORYNTIAN:<\/b><\/span><\/span><\/span><\/span><\/span><\/strong><\/span><\/div>\n<div align=\"justify\" style=\"background: transparent; font-style: normal; font-variant: normal; letter-spacing: normal; line-height: 150%; margin-bottom: 0cm; page-break-before: auto; text-indent: 1.3cm;\">\n<span style=\"color: black;\"><span style=\"font-family: Book Antiqua, serif;\"><span style=\"font-size: x-large;\"><b>Bracia:<br \/>\nMi\u0142o\u015b\u0107 Chrystusa przynagla nas, pomnych na to, \u017ce skoro jeden<br \/>\numar\u0142 za wszystkich, to wszyscy pomarli. A w\u0142a\u015bnie za wszystkich<br \/>\numar\u0142 Chrystus po to, aby ci, co \u017cyj\u0105, ju\u017c nie \u017cyli dla siebie,<br \/>\nlecz dla Tego, kt\u00f3ry za nich umar\u0142 i zmartwychwsta\u0142.<\/b><\/span><\/span><\/span><\/div>\n<div align=\"justify\" style=\"background: transparent; font-style: normal; font-variant: normal; letter-spacing: normal; line-height: 150%; margin-bottom: 0cm; text-indent: 1.3cm;\">\n<span style=\"color: black;\"><span style=\"font-family: Book Antiqua, serif;\"><span style=\"font-size: x-large;\"><b>Tak<br \/>\nwi\u0119c i my odt\u0105d ju\u017c nikogo nie znamy wed\u0142ug cia\u0142a; a je\u015bli<br \/>\nnawet wed\u0142ug cia\u0142a poznali\u015bmy Chrystusa, to ju\u017c wi\u0119cej nie znamy<br \/>\nGo w ten spos\u00f3b. Je\u017celi wi\u0119c kto\u015b pozostaje w Chrystusie, jest<br \/>\nnowym stworzeniem. To, co dawne, min\u0119\u0142o, a oto wszystko sta\u0142o si\u0119<br \/>\nnowe.<\/b><\/span><\/span><\/span><\/div>\n<div align=\"justify\" style=\"background: transparent; font-style: normal; font-variant: normal; letter-spacing: normal; line-height: 150%; margin-bottom: 0cm; text-indent: 1.3cm;\">\n<span style=\"color: black;\"><span style=\"font-family: Book Antiqua, serif;\"><span style=\"font-size: x-large;\"><b>Wszystko<br \/>\nza\u015b to pochodzi od Boga, kt\u00f3ry pojedna\u0142 nas z sob\u0105 przez<br \/>\nChrystusa i zleci\u0142 nam pos\u0142ug\u0119 jednania. Albowiem w Chrystusie B\u00f3g<br \/>\njedna\u0142 ze sob\u0105 \u015bwiat, nie poczytuj\u0105c ludziom ich grzech\u00f3w, nam<br \/>\nza\u015b przekazuj\u0105c s\u0142owo jednania. Tak wi\u0119c w imieniu Chrystusa<br \/>\nspe\u0142niamy pos\u0142annictwo jakby Boga samego, kt\u00f3ry przez nas udziela<br \/>\nnapomnie\u0144. W imi\u0119 Chrystusa prosimy: pojednajcie si\u0119 z Bogiem. On<br \/>\nto dla nas grzechem uczyni\u0142 Tego, kt\u00f3ry nie zna\u0142 grzechu, aby\u015bmy<br \/>\nsi\u0119 stali w Nim sprawiedliwo\u015bci\u0105 Bo\u017c\u0105.<\/b><\/span><\/span><\/span><\/div>\n<div align=\"justify\" style=\"line-height: 150%; margin-bottom: 0cm;\">\n<span style=\"font-size: x-large;\"><\/p>\n<p><\/span><\/div>\n<div align=\"justify\" style=\"line-height: 150%; margin-bottom: 0cm;\">\n<span style=\"font-family: Book Antiqua, serif;\"><strong><span style=\"font-variant: normal;\"><span style=\"color: black;\"><span style=\"font-size: x-large;\"><span style=\"letter-spacing: normal;\"><span style=\"font-style: normal;\"><b>S\u0141OWA<br \/>\nEWANGELII WED\u0141UG \u015aWI\u0118TEGO MATEUSZA:<\/b><\/span><\/span><\/span><\/span><\/span><\/strong><\/span><\/div>\n<div align=\"justify\" style=\"background: transparent; font-variant: normal; letter-spacing: normal; line-height: 150%; margin-bottom: 0cm; page-break-before: auto; text-indent: 1.3cm;\">\n<span style=\"color: black;\"><span style=\"font-family: Book Antiqua, serif;\"><span style=\"font-size: x-large;\"><b><span style=\"font-style: normal;\">Jezus<br \/>\npowiedzia\u0142 do swoich uczni\u00f3w: <\/span>\u201e<span style=\"font-style: normal;\">S\u0142yszeli\u015bcie,<br \/>\n\u017ce powiedziano przodkom: \u00abNie b\u0119dziesz fa\u0142szywie przysi\u0119ga\u0142\u00bb,<br \/>\n\u00ablecz dotrzymasz Panu swej przysi\u0119gi\u00bb. A Ja wam powiadam: Wcale<br \/>\nnie przysi\u0119gajcie, ani na niebo, bo jest tronem Bo\u017cym; ani na<br \/>\nziemi\u0119, bo jest podn\u00f3\u017ckiem st\u00f3p Jego; ani na Jerozolim\u0119, bo jest<br \/>\nmiastem wielkiego Kr\u00f3la. Ani na swoj\u0105 g\u0142ow\u0119 nie przysi\u0119gaj, bo<br \/>\nnie mo\u017cesz nawet jednego w\u0142osa uczyni\u0107 bia\u0142ym albo czarnym.<\/span><\/b><\/span><\/span><\/span><\/div>\n<div align=\"justify\" style=\"background: transparent; font-style: normal; font-variant: normal; letter-spacing: normal; line-height: 150%; margin-bottom: 0cm; text-indent: 1.3cm;\">\n<span style=\"color: black;\"><span style=\"font-family: Book Antiqua, serif;\"><span style=\"font-size: x-large;\"><b>Niech<br \/>\nwasza mowa b\u0119dzie: Tak, tak; nie, nie. A co nadto jest, od Z\u0142ego<br \/>\npochodzi\u201d.<\/b><\/span><\/span><\/span><\/div>\n<div align=\"justify\" style=\"line-height: 150%; margin-bottom: 0cm;\">\n<span style=\"font-size: x-large;\"><\/p>\n<p><\/span><\/div>\n<div align=\"justify\" style=\"background: transparent; font-variant: normal; font-weight: normal; letter-spacing: normal; line-height: 150%; margin-bottom: 0cm; page-break-before: auto; text-indent: 1.3cm;\">\n<span style=\"color: black;\"><span style=\"font-family: Book Antiqua, serif;\"><span style=\"font-size: x-large;\"><span style=\"font-style: normal;\">W\u015br\u00f3d<br \/>\nwielu wa\u017cnych, a do tego mocnych i wyrazistych stwierdze\u0144,<br \/>\nzawartych w dzisiejszym pierwszym czytaniu, na pewno warto zwr\u00f3ci\u0107<br \/>\nuwag\u0119 na to, wyra\u017caj\u0105ce pragnienie, <\/span><i><b>aby ci, co \u017cyj\u0105,<br \/>\nju\u017c nie \u017cyli dla siebie\u2026<\/b><\/i><span style=\"font-style: normal;\"><b><br \/>\n<\/b><\/span><span style=\"font-style: normal;\">Dalej mamy dopowiedziane,<br \/>\n\u017ce maj\u0105 \u017cy\u0107 <\/span><i><b>dla Tego, kt\u00f3ry za nich umar\u0142 i<br \/>\nzmartwychwsta\u0142,<\/b><\/i><span style=\"font-style: normal;\"><b> <\/b><\/span><span style=\"font-style: normal;\">jednak<br \/>\nju\u017c ta pierwsza cz\u0119\u015b\u0107 niesie w sobie mocne przes\u0142anie: <\/span><span style=\"font-style: normal;\"><b>nie<br \/>\n\u017cy\u0107 dla siebie,<\/b><\/span><span style=\"font-style: normal;\"> ale dla<br \/>\nChrystusa!<\/span><\/span><\/span><\/span><\/div>\n<div align=\"justify\" style=\"background: transparent; font-variant: normal; font-weight: normal; letter-spacing: normal; line-height: 150%; margin-bottom: 0cm; text-indent: 1.3cm;\">\n<span style=\"font-size: x-large;\"><span style=\"color: black;\"><span style=\"font-family: Book Antiqua, serif;\"><span style=\"font-style: normal;\">A<br \/>\nje\u017celi dla Chrystusa, to <\/span><span style=\"font-style: normal;\"><b>tak\u017ce<br \/>\ndla drugiego cz\u0142owieka,<\/b><\/span><span style=\"font-style: normal;\"><br \/>\nbo przecie\u017c Chrystus <\/span><span style=\"font-style: normal;\">tak<br \/>\nchcia\u0142, by mi\u0142o\u015b\u0107 do Niego <\/span><span style=\"font-style: normal;\">nie<br \/>\n<\/span><span style=\"font-style: normal;\">by\u0142a oderwana od mi\u0142o\u015bci<br \/>\ndo cz\u0142owieka. \u015awi\u0119ty Pawe\u0142 tak o tym po\u015brednio m\u00f3wi: <\/span><i><b>Tak<br \/>\nwi\u0119c i my odt\u0105d ju\u017c nikogo nie znamy wed\u0142ug cia\u0142a;<\/b><\/i><span style=\"font-style: normal;\"><b><br \/>\n<\/b><\/span><span style=\"font-style: normal;\">a tak\u017ce: <\/span><i><b>Je\u017celi<br \/>\nwi\u0119c kto\u015b pozostaje w Chrystusie, jest nowym stworzeniem. To, co<br \/>\ndawne, min\u0119\u0142o, a oto wszystko sta\u0142o si\u0119 nowe.<\/b> <\/i><\/span><\/span><br \/>\n<\/span><\/div>\n<div align=\"justify\" style=\"background: transparent; font-variant: normal; font-weight: normal; letter-spacing: normal; line-height: 150%; margin-bottom: 0cm; text-indent: 1.3cm;\">\n<span style=\"font-size: x-large;\"><span style=\"color: black;\"><span style=\"font-family: Book Antiqua, serif;\"><span style=\"font-style: normal;\">J<\/span><span style=\"font-style: normal;\">e\u017celi<br \/>\nju\u017c nikogo nie znamy <\/span><i><b>wed\u0142ug cia\u0142a,<\/b><\/i><span style=\"font-style: normal;\"><br \/>\n<\/span><span style=\"font-style: normal;\">a wi\u0119c jedynie na spos\u00f3b<br \/>\nludzki, zewn\u0119trzny, doczesny, <\/span><span style=\"font-style: normal;\">to<br \/>\nlogicznym jest, \u017ce mamy zna\u0107 go <\/span><span style=\"font-style: normal;\"><b>wed\u0142ug<br \/>\nducha,<\/b><\/span><span style=\"font-style: normal;\"> a to oznacza<br \/>\n<\/span><span style=\"font-style: normal;\"><b>wewn\u0119trzn\u0105 wi\u0119\u017a<\/b><\/span><span style=\"font-style: normal;\"><br \/>\nz Jezusem \u2013 i z innymi lud\u017ami. Wewn\u0119trzn\u0105 wi\u0119\u017a \u2013 czyli po<br \/>\nprostu <\/span><span style=\"font-style: normal;\"><b>mi\u0142o\u015b\u0107.<\/b><\/span><span style=\"font-style: normal;\"><br \/>\n<\/span><\/span><\/span><br \/>\n<\/span><\/div>\n<div align=\"justify\" style=\"background: transparent; font-variant: normal; font-weight: normal; letter-spacing: normal; line-height: 150%; margin-bottom: 0cm; text-indent: 1.3cm;\">\n<span style=\"color: black;\"><span style=\"font-family: Book Antiqua, serif;\"><span style=\"font-size: x-large;\"><span style=\"font-style: normal;\">A<br \/>\nto z kolei dlatego, \u017ce to Chrystus pierwszy nas umi\u0142owa\u0142, o czym<br \/>\n\u015awi\u0119ty Pawe\u0142 m\u00f3wi: <\/span><i><b>Mi\u0142o\u015b\u0107 Chrystusa przynagla<br \/>\nnas, pomnych na to, \u017ce skoro jeden umar\u0142 za wszystkich, to wszyscy<br \/>\npomarli.<\/b><\/i><span style=\"font-style: normal;\"> <\/span><i><b>A<br \/>\nw\u0142a\u015bnie za wszystkich umar\u0142 Chrystus po to, aby ci, co \u017cyj\u0105, ju\u017c<br \/>\nnie \u017cyli dla siebie, lecz dla Tego, kt\u00f3ry za nich umar\u0142 i<br \/>\nzmartwychwsta\u0142.<\/b><\/i><span style=\"font-style: normal;\"><b> <\/b><\/span><span style=\"font-style: normal;\">W<br \/>\nostatnim <\/span><span style=\"font-style: normal;\">za\u015b <\/span><span style=\"font-style: normal;\">zdaniu<br \/>\nomawianego fragmentu Aposto\u0142 u\u017cywa jeszcze mocniejszego<br \/>\nstwierdzenia, i\u017c B\u00f3g <\/span><i><b>dla nas grzechem uczyni\u0142 Tego,<br \/>\nkt\u00f3ry nie zna\u0142 grzechu, aby\u015bmy si\u0119 stali w Nim sprawiedliwo\u015bci\u0105<br \/>\nBo\u017c\u0105. <\/b><\/i><span style=\"font-style: normal;\">Us\u0142yszmy to<br \/>\nwyra\u017anie: <\/span><i><b>grzechem uczyni\u0142 Tego, kt\u00f3ry nie zna\u0142<br \/>\ngrzechu\u2026 <\/b><\/i><span style=\"font-style: normal;\">Niezwyk\u0142a<br \/>\ntajemnica Bo\u017cej mi\u0142o\u015bci do ka\u017cdej i ka\u017cdego z nas!<\/span><\/span><\/span><\/span><\/div>\n<div align=\"justify\" style=\"background: transparent; font-variant: normal; font-weight: normal; letter-spacing: normal; line-height: 150%; margin-bottom: 0cm; text-indent: 1.3cm;\">\n<span style=\"font-size: x-large;\"><span style=\"color: black;\"><span style=\"font-family: Book Antiqua, serif;\"><span style=\"font-style: normal;\">Mi\u0142o\u015bci,<br \/>\nkt\u00f3ra<\/span><span style=\"font-style: normal;\"> jest nie tylko darem,<br \/>\ndarmo nam danym, <\/span><span style=\"font-style: normal;\">kt\u00f3ry mo\u017cna<br \/>\nsobie \u2013 ot, tak \u2013 <\/span><span style=\"font-style: normal;\"><b>przyj\u0105\u0107<br \/>\ni schowa\u0107 do szuflady<\/b><\/span><span style=\"font-style: normal;\"> na<br \/>\njaki\u015b inny, mo\u017ce lepszy czas, <\/span><span style=\"font-style: normal;\">ale<br \/>\njest te\u017c <\/span><span style=\"font-style: normal;\"><b>zobowi\u0105zaniem,<br \/>\nzadaniem,<\/b><\/span><span style=\"font-style: normal;\"> dos\u0142ownie:<br \/>\n<\/span><span style=\"font-style: normal;\"><b>przynagleniem.<\/b><\/span><span style=\"font-style: normal;\"><br \/>\n<\/span><span style=\"font-style: normal;\">Skoro Jezus \u201eza nas umar\u0142<br \/>\ni zmartwychwsta\u0142\u201d, a w ten spos\u00f3b okaza\u0142 <\/span><span style=\"font-style: normal;\">nam<\/span><span style=\"font-style: normal;\"><br \/>\nmi\u0142o\u015b\u0107 w spos\u00f3b najwy\u017cszy z mo\u017cliwych, <\/span><span style=\"font-style: normal;\">to<br \/>\ni my <\/span><span style=\"font-style: normal;\"><b>tym samym<\/b><\/span><span style=\"font-style: normal;\"><br \/>\nwinni\u015bmy odpowiedzie\u0107 Jemu \u2013 i innym ludziom. <\/span><\/span><\/span><br \/>\n<\/span><\/div>\n<div align=\"justify\" style=\"background: transparent; font-variant: normal; font-weight: normal; letter-spacing: normal; line-height: 150%; margin-bottom: 0cm; text-indent: 1.3cm;\">\n<span style=\"font-size: x-large;\"><span style=\"color: black;\"><span style=\"font-family: Book Antiqua, serif;\"><span style=\"font-style: normal;\">I<br \/>\nto w\u0142a\u015bnie do tego mi\u0142o\u015b\u0107 Jezusa <\/span><span style=\"font-style: normal;\"><b>nas<\/b><\/span><span style=\"font-style: normal;\"><br \/>\n<\/span><span style=\"font-style: normal;\"><b>przynagla.<\/b><\/span><span style=\"font-style: normal;\"><br \/>\n<\/span><span style=\"font-style: normal;\">Aby\u015bmy <\/span><i><b>ju\u017c nie<br \/>\n\u017cyli dla siebie!<\/b><\/i><span style=\"font-style: normal;\"><b> <\/b><\/span><span style=\"font-style: normal;\">Aby\u015bmy<br \/>\nprzestali my\u015ble\u0107 wy\u0142\u0105cznie o sobie! I tylko swoim dobrem, swoj\u0105<br \/>\nkorzy\u015bci\u0105 \u2013 a mo\u017ce wr\u0119cz: swoimi zachciankami \u2013 wy\u0142\u0105cznie<br \/>\nsi\u0119 kierowa<\/span><span style=\"font-style: normal;\">li<\/span><span style=\"font-style: normal;\">.<br \/>\nBo <\/span><span style=\"font-style: normal;\"><b>Jezus nie \u017cy\u0142 dla<br \/>\nsiebie! <\/b><\/span><span style=\"font-style: normal;\">On po to<br \/>\nprzyszed\u0142 na \u015bwiat, aby \u017cy\u0107 <\/span><span style=\"font-style: normal;\"><b>wy\u0142\u0105cznie<br \/>\ndla nas! Wy\u0142\u0105cznie!<\/b><\/span><span style=\"font-style: normal;\"><br \/>\nDlatego \u201eza nas umar\u0142 i zmartwychwsta\u0142\u201d! <\/span><\/span><\/span><br \/>\n<\/span><\/div>\n<div align=\"justify\" style=\"background: transparent; font-variant: normal; font-weight: normal; letter-spacing: normal; line-height: 150%; margin-bottom: 0cm; text-indent: 1.3cm;\">\n<span style=\"font-size: x-large;\"><span style=\"color: black;\"><span style=\"font-family: Book Antiqua, serif;\"><span style=\"font-style: normal;\">Dlatego<br \/>\n<\/span><span style=\"font-style: normal;\">wi\u0119c <\/span><span style=\"font-style: normal;\">i<br \/>\nmy nie mo\u017cemy <\/span><span style=\"font-style: normal;\"><b>mie\u0107<br \/>\nswojego \u017cycia tylko dla siebie, <\/b><\/span><span style=\"font-style: normal;\">gdy\u017c<br \/>\nmi\u0142o\u015b\u0107 Jezusa, nam okazana, domaga si\u0119 z naszej strony<br \/>\nodpowiedzi. I w ten spos\u00f3b <\/span><span style=\"font-style: normal;\"><b>wszystko<br \/>\nb\u0119dzie si\u0119 stawa\u0142o nowe,<\/b><\/span><span style=\"font-style: normal;\"><br \/>\nodnowione. Cz\u0142owiek bowiem, je\u017celi uwa\u017ca si\u0119 za ucznia Chrystusa<br \/>\ni rzeczywi\u015bcie chce nim by\u0107 \u2013 nie mo\u017ce pozosta\u0107 w swoich<br \/>\nstarych schematach my\u015blenia, m\u00f3wienia i dzia\u0142ania. Aposto\u0142<br \/>\nstwierdza dobitnie: <\/span><i><b>Je\u017celi wi\u0119c kto\u015b pozostaje w<br \/>\nChrystusie, jest nowym stworzeniem. To, co dawne, min\u0119\u0142o, a oto<br \/>\nwszystko sta\u0142o si\u0119 nowe.<\/b><\/i><span style=\"font-style: normal;\"> <\/span><\/span><\/span><br \/>\n<\/span><\/div>\n<div align=\"justify\" style=\"background: transparent; font-variant: normal; font-weight: normal; letter-spacing: normal; line-height: 150%; margin-bottom: 0cm; text-indent: 1.3cm;\">\n<span style=\"color: black;\"><span style=\"font-family: Book Antiqua, serif;\"><span style=\"font-size: x-large;\"><span style=\"font-style: normal;\">Cz\u0142owiek<br \/>\nwierz\u0105cy w Jezusa ma si\u0119 stawa\u0107 <\/span><span style=\"font-style: normal;\"><b>wci\u0105\u017c<br \/>\nnowym, odnowionym wewn\u0119trznie. <\/b><\/span><span style=\"font-style: normal;\">I<br \/>\nma to czyni\u0107 <\/span><span style=\"font-style: normal;\"><b>aktywnie,<\/b><\/span><span style=\"font-style: normal;\"><br \/>\nbo do tego mi\u0142o\u015b\u0107 Jezusa go przynagla! Tak, jeszcze raz to<br \/>\nwyra\u017anie podkre\u015blmy: <\/span><span style=\"font-style: normal;\"><b>przynagla!<br \/>\n<\/b><\/span><span style=\"font-style: normal;\">Nie: zach\u0119ca, proponuje,<br \/>\npodpowiada, \u017ce tak trzeba \u2013 <\/span><span style=\"font-style: normal;\"><b>ale<br \/>\nprzynagla!<\/b><\/span><\/span><\/span><\/span><\/div>\n<div align=\"justify\" style=\"background: transparent; font-variant: normal; font-weight: normal; letter-spacing: normal; line-height: 150%; margin-bottom: 0cm; text-indent: 1.3cm;\">\n<span style=\"font-size: x-large;\"><span style=\"color: black;\"><span style=\"font-family: Book Antiqua, serif;\"><span style=\"font-style: normal;\">Nasze<br \/>\nchrze\u015bcija\u0144stwo zatem <\/span><span style=\"font-style: normal;\"><b>ma<br \/>\nby\u0107 aktywne!<\/b><\/span><span style=\"font-style: normal;\"> To nie mo\u017ce<br \/>\nby\u0107 <\/span><span style=\"font-style: normal;\">ow<\/span><span style=\"font-style: normal;\">o<br \/>\n\u2013 cz\u0119ste ostatnio niestety \u2013 chrze\u015bcija\u0144stwo <\/span><span style=\"font-style: normal;\"><b>ospa\u0142e,<br \/>\nznudzone, leniwe,<\/b><\/span><span style=\"font-style: normal;\"> a do<br \/>\ntego narzekaj\u0105ce, pretensjonalne, wiecznie z czego\u015b niezadowolone.<br \/>\nTo ma by\u0107 chrze\u015bcija\u0144stwo <\/span><span style=\"font-style: normal;\"><b>aktywne,<br \/>\ntw\u00f3rcze, wci\u0105\u017c nowe, \u015bwie\u017ce!<\/b><\/span><span style=\"font-style: normal;\"><br \/>\n<\/span><\/span><\/span><br \/>\n<\/span><\/div>\n<div align=\"justify\" style=\"background: transparent; font-variant: normal; font-weight: normal; letter-spacing: normal; line-height: 150%; margin-bottom: 0cm; text-indent: 1.3cm;\">\n<span style=\"font-size: x-large;\"><span style=\"color: black;\"><span style=\"font-family: Book Antiqua, serif;\"><span style=\"font-style: normal;\">I<br \/>\n\u2013 jak nam dopowie Jezus w Ewangelii \u2013 <\/span><span style=\"font-style: normal;\"><b>konkretne.<\/b><\/span><span style=\"font-style: normal;\"><br \/>\nS\u0142yszeli\u015bmy bowiem: <\/span><i><b>Niech wasza mowa b\u0119dzie: Tak,<br \/>\ntak; nie, nie. A co nadto jest, od Z\u0142ego pochodzi.<\/b><\/i><span style=\"font-style: normal;\"><b><br \/>\n<\/b><\/span><span style=\"font-style: normal;\">Ju\u017c samo to stwierdzenie<br \/>\njest niezwykle konkretne. I o konkrecie m\u00f3wi. Bo szczeg\u00f3lnie w<br \/>\nnaszych czasach jest to bardzo zauwa\u017calne, \u017ce wiele <\/span><span style=\"font-style: normal;\"><b>jasnych,<br \/>\nprostych i konkretnych<\/b><\/span><span style=\"font-style: normal;\"> \u2013<br \/>\na do tego oczywistych \u2013 wskaza\u0144 Jezusa jest <\/span><span style=\"font-style: normal;\"><b>rozmywanych,<br \/>\n\u201ewyg\u0142adzanych\u201d i dopasowywanych<\/b><\/span><span style=\"font-style: normal;\"><br \/>\ndo ludzkich zachcianek. O sprawach od zawsze jasnych i oczywistych<br \/>\nm\u00f3wi si\u0119 dzisiaj tak, \u017ce <\/span><span style=\"font-style: normal;\"><b>ju\u017c<br \/>\nnie wiadomo, co jest dobre, a co z\u0142e<\/b><\/span><span style=\"font-style: normal;\"><br \/>\n\u2013 i kto ma racj\u0119, a kto jej nie ma\u2026 <\/span><\/span><\/span><br \/>\n<\/span><\/div>\n<div align=\"justify\" style=\"background: transparent; font-variant: normal; font-weight: normal; letter-spacing: normal; line-height: 150%; margin-bottom: 0cm; text-indent: 1.3cm;\">\n<span style=\"font-size: x-large;\"><span style=\"color: black;\"><span style=\"font-family: Book Antiqua, serif;\"><span style=\"font-style: normal;\">A<br \/>\nprzecie\u017c to wszystko <\/span><span style=\"font-style: normal;\">tak<br \/>\n<\/span><span style=\"font-style: normal;\">naprawd\u0119 jest wiadome i nie<br \/>\nma si\u0119 nad czym waha\u0107. Niestety, w\u0142a\u015bnie owo \u201epochodzenie od<br \/>\nZ\u0142ego\u201d wyra\u017ca si\u0119 w <\/span><span style=\"font-style: normal;\">owym<\/span><span style=\"font-style: normal;\"><br \/>\n<\/span><span style=\"font-style: normal;\"><b>rozmi\u0119kczeniu,<br \/>\nrozmydleniu i zamgleniu<\/b><\/span><span style=\"font-style: normal;\"><br \/>\ntego, co od zawsze jest jasne, konkretne, jednoznaczne i oczywiste. <\/span><\/span><\/span><br \/>\n<\/span><\/div>\n<div align=\"justify\" style=\"background: transparent; font-variant: normal; font-weight: normal; letter-spacing: normal; line-height: 150%; margin-bottom: 0cm; text-indent: 1.3cm;\">\n<span style=\"color: black;\"><span style=\"font-family: Book Antiqua, serif;\"><span style=\"font-size: x-large;\"><span style=\"font-style: normal;\">Tymczasem<\/span><span style=\"font-style: normal;\"><br \/>\nnasza wiara <\/span><span style=\"font-style: normal;\">jest<\/span><span style=\"font-style: normal;\"><br \/>\n<\/span><span style=\"font-style: normal;\"><b>aktywna, \u015bwie\u017ca i<br \/>\nkonkretna.<\/b><\/span><span style=\"font-style: normal;\"> Taka jest<br \/>\nnasza wiara!<\/span><\/span><\/span><\/span><\/div>\n<div align=\"justify\" style=\"background: transparent; font-variant: normal; font-weight: normal; letter-spacing: normal; line-height: 150%; margin-bottom: 0cm; text-indent: 1.3cm;\">\n<span style=\"color: black;\"><span style=\"font-family: Book Antiqua, serif;\"><span style=\"font-size: x-large;\"><span style=\"font-style: normal;\">Moja<br \/>\nte\u017c?\u2026<\/span><\/span><\/span><\/span><\/div>\n","protected":false},"excerpt":{"rendered":"<p>Szcz\u0119\u015b\u0107 Bo\u017ce! Moi Drodzy, w dniu wczorajszym urodziny prze\u017cywa\u0142 Filip G\u0119bala, nale\u017c\u0105cy w swoim czasie do Wsp\u00f3lnoty m\u0142odzie\u017cowej w Tr\u0105bkach. Urodziny prze\u017cywa\u0142 wczoraj tak\u017ce Kacper Malarz, Lektor z Celestynowa i Prezes tamtejszej S\u0142u\u017cby liturgicznej. Rocznic\u0119 \u015awi\u0119ce\u0144 kap\u0142a\u0144skich natomiast prze\u017cywa\u0142 Ksi\u0105dz Adam Potapczuk, m\u00f3j Poprzednik na urz\u0119dzie wikariusza Parafii w Miastkowie. Dzisiaj natomiast rocznic\u0119 \u015awi\u0119ce\u0144 kap\u0142a\u0144skich [&hellip;]<\/p>\n","protected":false},"author":1,"featured_media":0,"comment_status":"open","ping_status":"open","sticky":false,"template":"","format":"standard","meta":{"jetpack_post_was_ever_published":false,"_jetpack_newsletter_access":"","_jetpack_dont_email_post_to_subs":false,"_jetpack_newsletter_tier_id":0,"_jetpack_memberships_contains_paywalled_content":false,"_jetpack_memberships_contains_paid_content":false,"footnotes":""},"categories":[1],"tags":[],"class_list":["post-14570","post","type-post","status-publish","format-standard","hentry","category-bez-kategorii"],"yoast_head":"<!-- This site is optimized with the Yoast SEO plugin v25.1 - https:\/\/yoast.com\/wordpress\/plugins\/seo\/ -->\n<title>Wiara aktywna, \u015bwie\u017ca - i konkretna! - Gaudium Et Spes<\/title>\n<meta name=\"robots\" content=\"index, follow, max-snippet:-1, max-image-preview:large, max-video-preview:-1\" \/>\n<link rel=\"canonical\" href=\"https:\/\/gaudiumetspes-blog.pl\/index.php\/2019\/06\/15\/wiara-aktywna-swieza-i-konkretna\/\" \/>\n<meta property=\"og:locale\" content=\"pl_PL\" \/>\n<meta property=\"og:type\" content=\"article\" \/>\n<meta property=\"og:title\" content=\"Wiara aktywna, \u015bwie\u017ca - i konkretna! - Gaudium Et Spes\" \/>\n<meta property=\"og:description\" content=\"Szcz\u0119\u015b\u0107 Bo\u017ce! Moi Drodzy, w dniu wczorajszym urodziny prze\u017cywa\u0142 Filip G\u0119bala, nale\u017c\u0105cy w swoim czasie do Wsp\u00f3lnoty m\u0142odzie\u017cowej w Tr\u0105bkach. Urodziny prze\u017cywa\u0142 wczoraj tak\u017ce Kacper Malarz, Lektor z Celestynowa i Prezes tamtejszej S\u0142u\u017cby liturgicznej. Rocznic\u0119 \u015awi\u0119ce\u0144 kap\u0142a\u0144skich natomiast prze\u017cywa\u0142 Ksi\u0105dz Adam Potapczuk, m\u00f3j Poprzednik na urz\u0119dzie wikariusza Parafii w Miastkowie. Dzisiaj natomiast rocznic\u0119 \u015awi\u0119ce\u0144 kap\u0142a\u0144skich [&hellip;]\" \/>\n<meta property=\"og:url\" content=\"https:\/\/gaudiumetspes-blog.pl\/index.php\/2019\/06\/15\/wiara-aktywna-swieza-i-konkretna\/\" \/>\n<meta property=\"og:site_name\" content=\"Gaudium Et Spes\" \/>\n<meta property=\"article:published_time\" content=\"2019-06-15T04:37:00+00:00\" \/>\n<meta property=\"article:modified_time\" content=\"2019-07-31T11:04:08+00:00\" \/>\n<meta name=\"author\" content=\"Ks. Jacek\" \/>\n<meta name=\"twitter:card\" content=\"summary_large_image\" \/>\n<meta name=\"twitter:label1\" content=\"Napisane przez\" \/>\n\t<meta name=\"twitter:data1\" content=\"Ks. Jacek\" \/>\n\t<meta name=\"twitter:label2\" content=\"Szacowany czas czytania\" \/>\n\t<meta name=\"twitter:data2\" content=\"7 minut\" \/>\n<script type=\"application\/ld+json\" class=\"yoast-schema-graph\">{\"@context\":\"https:\/\/schema.org\",\"@graph\":[{\"@type\":\"WebPage\",\"@id\":\"https:\/\/gaudiumetspes-blog.pl\/index.php\/2019\/06\/15\/wiara-aktywna-swieza-i-konkretna\/\",\"url\":\"https:\/\/gaudiumetspes-blog.pl\/index.php\/2019\/06\/15\/wiara-aktywna-swieza-i-konkretna\/\",\"name\":\"Wiara aktywna, \u015bwie\u017ca - i konkretna! - Gaudium Et Spes\",\"isPartOf\":{\"@id\":\"https:\/\/gaudiumetspes-blog.pl\/#website\"},\"datePublished\":\"2019-06-15T04:37:00+00:00\",\"dateModified\":\"2019-07-31T11:04:08+00:00\",\"author\":{\"@id\":\"https:\/\/gaudiumetspes-blog.pl\/#\/schema\/person\/1661982992b752dea8dff0d4ed845a65\"},\"breadcrumb\":{\"@id\":\"https:\/\/gaudiumetspes-blog.pl\/index.php\/2019\/06\/15\/wiara-aktywna-swieza-i-konkretna\/#breadcrumb\"},\"inLanguage\":\"pl-PL\",\"potentialAction\":[{\"@type\":\"ReadAction\",\"target\":[\"https:\/\/gaudiumetspes-blog.pl\/index.php\/2019\/06\/15\/wiara-aktywna-swieza-i-konkretna\/\"]}]},{\"@type\":\"BreadcrumbList\",\"@id\":\"https:\/\/gaudiumetspes-blog.pl\/index.php\/2019\/06\/15\/wiara-aktywna-swieza-i-konkretna\/#breadcrumb\",\"itemListElement\":[{\"@type\":\"ListItem\",\"position\":1,\"name\":\"Strona g\u0142\u00f3wna\",\"item\":\"https:\/\/gaudiumetspes-blog.pl\/\"},{\"@type\":\"ListItem\",\"position\":2,\"name\":\"Wiara aktywna, \u015bwie\u017ca &#8211; i&nbsp;konkretna!\"}]},{\"@type\":\"WebSite\",\"@id\":\"https:\/\/gaudiumetspes-blog.pl\/#website\",\"url\":\"https:\/\/gaudiumetspes-blog.pl\/\",\"name\":\"Gaudium Et Spes\",\"description\":\"Blog Ks. Jacka Ja\u015bkowskiego\",\"potentialAction\":[{\"@type\":\"SearchAction\",\"target\":{\"@type\":\"EntryPoint\",\"urlTemplate\":\"https:\/\/gaudiumetspes-blog.pl\/?s={search_term_string}\"},\"query-input\":{\"@type\":\"PropertyValueSpecification\",\"valueRequired\":true,\"valueName\":\"search_term_string\"}}],\"inLanguage\":\"pl-PL\"},{\"@type\":\"Person\",\"@id\":\"https:\/\/gaudiumetspes-blog.pl\/#\/schema\/person\/1661982992b752dea8dff0d4ed845a65\",\"name\":\"Ks. Jacek\",\"image\":{\"@type\":\"ImageObject\",\"inLanguage\":\"pl-PL\",\"@id\":\"https:\/\/gaudiumetspes-blog.pl\/#\/schema\/person\/image\/\",\"url\":\"https:\/\/gaudiumetspes-blog.pl\/wp-content\/uploads\/2019\/07\/avatar-JJ-150x150.jpg\",\"contentUrl\":\"https:\/\/gaudiumetspes-blog.pl\/wp-content\/uploads\/2019\/07\/avatar-JJ-150x150.jpg\",\"caption\":\"Ks. Jacek\"},\"description\":\"Witam serdecznie! K\u0142ania si\u0119 Ks. Jacek Ja\u015bkowski. Nie jestem ani kim\u015b wa\u017cnym, ani kim\u015b znanym. Jestem ksi\u0119dzem, kt\u00f3ry po prostu chce rozmawia\u0107. Codzienna kap\u0142a\u0144ska pos\u0142uga pokazuje mi, \u017ce temat\u00f3w do rozm\u00f3w z ksi\u0119dzem jest coraz wi\u0119cej i dzisiaj \u017caden ksi\u0105dz nie mo\u017ce od nich ucieka\u0107, ale - wprost przeciwnie - podejmowa\u0107 nowe wyzwania. To przekonanie sk\u0142oni\u0142o mnie do pr\u00f3by otwarcia tego\u017c bloga, chocia\u017c okazji do rozm\u00f3w na co dzie\u0144 - w konfesjonale i poza nim - na szcz\u0119\u015bcie nie brakuje. My\u015bl\u0119 jednak, \u017ce ten blog b\u0119dzie jeszcze jednym sposobem i przestrzeni\u0105 nawi\u0105zania kontaktu z lud\u017ami dobrej woli, otwartymi na dialog.\",\"url\":\"https:\/\/gaudiumetspes-blog.pl\/index.php\/author\/ks-jacek\/\"}]}<\/script>\n<!-- \/ Yoast SEO plugin. -->","yoast_head_json":{"title":"Wiara aktywna, \u015bwie\u017ca - i konkretna! - Gaudium Et Spes","robots":{"index":"index","follow":"follow","max-snippet":"max-snippet:-1","max-image-preview":"max-image-preview:large","max-video-preview":"max-video-preview:-1"},"canonical":"https:\/\/gaudiumetspes-blog.pl\/index.php\/2019\/06\/15\/wiara-aktywna-swieza-i-konkretna\/","og_locale":"pl_PL","og_type":"article","og_title":"Wiara aktywna, \u015bwie\u017ca - i konkretna! - Gaudium Et Spes","og_description":"Szcz\u0119\u015b\u0107 Bo\u017ce! Moi Drodzy, w dniu wczorajszym urodziny prze\u017cywa\u0142 Filip G\u0119bala, nale\u017c\u0105cy w swoim czasie do Wsp\u00f3lnoty m\u0142odzie\u017cowej w Tr\u0105bkach. Urodziny prze\u017cywa\u0142 wczoraj tak\u017ce Kacper Malarz, Lektor z Celestynowa i Prezes tamtejszej S\u0142u\u017cby liturgicznej. Rocznic\u0119 \u015awi\u0119ce\u0144 kap\u0142a\u0144skich natomiast prze\u017cywa\u0142 Ksi\u0105dz Adam Potapczuk, m\u00f3j Poprzednik na urz\u0119dzie wikariusza Parafii w Miastkowie. Dzisiaj natomiast rocznic\u0119 \u015awi\u0119ce\u0144 kap\u0142a\u0144skich [&hellip;]","og_url":"https:\/\/gaudiumetspes-blog.pl\/index.php\/2019\/06\/15\/wiara-aktywna-swieza-i-konkretna\/","og_site_name":"Gaudium Et Spes","article_published_time":"2019-06-15T04:37:00+00:00","article_modified_time":"2019-07-31T11:04:08+00:00","author":"Ks. Jacek","twitter_card":"summary_large_image","twitter_misc":{"Napisane przez":"Ks. Jacek","Szacowany czas czytania":"7 minut"},"schema":{"@context":"https:\/\/schema.org","@graph":[{"@type":"WebPage","@id":"https:\/\/gaudiumetspes-blog.pl\/index.php\/2019\/06\/15\/wiara-aktywna-swieza-i-konkretna\/","url":"https:\/\/gaudiumetspes-blog.pl\/index.php\/2019\/06\/15\/wiara-aktywna-swieza-i-konkretna\/","name":"Wiara aktywna, \u015bwie\u017ca - i konkretna! - Gaudium Et Spes","isPartOf":{"@id":"https:\/\/gaudiumetspes-blog.pl\/#website"},"datePublished":"2019-06-15T04:37:00+00:00","dateModified":"2019-07-31T11:04:08+00:00","author":{"@id":"https:\/\/gaudiumetspes-blog.pl\/#\/schema\/person\/1661982992b752dea8dff0d4ed845a65"},"breadcrumb":{"@id":"https:\/\/gaudiumetspes-blog.pl\/index.php\/2019\/06\/15\/wiara-aktywna-swieza-i-konkretna\/#breadcrumb"},"inLanguage":"pl-PL","potentialAction":[{"@type":"ReadAction","target":["https:\/\/gaudiumetspes-blog.pl\/index.php\/2019\/06\/15\/wiara-aktywna-swieza-i-konkretna\/"]}]},{"@type":"BreadcrumbList","@id":"https:\/\/gaudiumetspes-blog.pl\/index.php\/2019\/06\/15\/wiara-aktywna-swieza-i-konkretna\/#breadcrumb","itemListElement":[{"@type":"ListItem","position":1,"name":"Strona g\u0142\u00f3wna","item":"https:\/\/gaudiumetspes-blog.pl\/"},{"@type":"ListItem","position":2,"name":"Wiara aktywna, \u015bwie\u017ca &#8211; i&nbsp;konkretna!"}]},{"@type":"WebSite","@id":"https:\/\/gaudiumetspes-blog.pl\/#website","url":"https:\/\/gaudiumetspes-blog.pl\/","name":"Gaudium Et Spes","description":"Blog Ks. Jacka Ja\u015bkowskiego","potentialAction":[{"@type":"SearchAction","target":{"@type":"EntryPoint","urlTemplate":"https:\/\/gaudiumetspes-blog.pl\/?s={search_term_string}"},"query-input":{"@type":"PropertyValueSpecification","valueRequired":true,"valueName":"search_term_string"}}],"inLanguage":"pl-PL"},{"@type":"Person","@id":"https:\/\/gaudiumetspes-blog.pl\/#\/schema\/person\/1661982992b752dea8dff0d4ed845a65","name":"Ks. Jacek","image":{"@type":"ImageObject","inLanguage":"pl-PL","@id":"https:\/\/gaudiumetspes-blog.pl\/#\/schema\/person\/image\/","url":"https:\/\/gaudiumetspes-blog.pl\/wp-content\/uploads\/2019\/07\/avatar-JJ-150x150.jpg","contentUrl":"https:\/\/gaudiumetspes-blog.pl\/wp-content\/uploads\/2019\/07\/avatar-JJ-150x150.jpg","caption":"Ks. Jacek"},"description":"Witam serdecznie! K\u0142ania si\u0119 Ks. Jacek Ja\u015bkowski. Nie jestem ani kim\u015b wa\u017cnym, ani kim\u015b znanym. Jestem ksi\u0119dzem, kt\u00f3ry po prostu chce rozmawia\u0107. Codzienna kap\u0142a\u0144ska pos\u0142uga pokazuje mi, \u017ce temat\u00f3w do rozm\u00f3w z ksi\u0119dzem jest coraz wi\u0119cej i dzisiaj \u017caden ksi\u0105dz nie mo\u017ce od nich ucieka\u0107, ale - wprost przeciwnie - podejmowa\u0107 nowe wyzwania. To przekonanie sk\u0142oni\u0142o mnie do pr\u00f3by otwarcia tego\u017c bloga, chocia\u017c okazji do rozm\u00f3w na co dzie\u0144 - w konfesjonale i poza nim - na szcz\u0119\u015bcie nie brakuje. My\u015bl\u0119 jednak, \u017ce ten blog b\u0119dzie jeszcze jednym sposobem i przestrzeni\u0105 nawi\u0105zania kontaktu z lud\u017ami dobrej woli, otwartymi na dialog.","url":"https:\/\/gaudiumetspes-blog.pl\/index.php\/author\/ks-jacek\/"}]}},"jetpack_featured_media_url":"","jetpack_sharing_enabled":true,"_links":{"self":[{"href":"https:\/\/gaudiumetspes-blog.pl\/index.php\/wp-json\/wp\/v2\/posts\/14570","targetHints":{"allow":["GET"]}}],"collection":[{"href":"https:\/\/gaudiumetspes-blog.pl\/index.php\/wp-json\/wp\/v2\/posts"}],"about":[{"href":"https:\/\/gaudiumetspes-blog.pl\/index.php\/wp-json\/wp\/v2\/types\/post"}],"author":[{"embeddable":true,"href":"https:\/\/gaudiumetspes-blog.pl\/index.php\/wp-json\/wp\/v2\/users\/1"}],"replies":[{"embeddable":true,"href":"https:\/\/gaudiumetspes-blog.pl\/index.php\/wp-json\/wp\/v2\/comments?post=14570"}],"version-history":[{"count":1,"href":"https:\/\/gaudiumetspes-blog.pl\/index.php\/wp-json\/wp\/v2\/posts\/14570\/revisions"}],"predecessor-version":[{"id":15344,"href":"https:\/\/gaudiumetspes-blog.pl\/index.php\/wp-json\/wp\/v2\/posts\/14570\/revisions\/15344"}],"wp:attachment":[{"href":"https:\/\/gaudiumetspes-blog.pl\/index.php\/wp-json\/wp\/v2\/media?parent=14570"}],"wp:term":[{"taxonomy":"category","embeddable":true,"href":"https:\/\/gaudiumetspes-blog.pl\/index.php\/wp-json\/wp\/v2\/categories?post=14570"},{"taxonomy":"post_tag","embeddable":true,"href":"https:\/\/gaudiumetspes-blog.pl\/index.php\/wp-json\/wp\/v2\/tags?post=14570"}],"curies":[{"name":"wp","href":"https:\/\/api.w.org\/{rel}","templated":true}]}}