{"id":14576,"date":"2019-06-09T06:36:00","date_gmt":"2019-06-09T04:36:00","guid":{"rendered":"https:\/\/gaudiumetspes-blog.pl\/index.php\/2019\/06\/09\/duchu-swiety-dziaaj-z-caa-moca\/"},"modified":"2019-07-31T13:04:04","modified_gmt":"2019-07-31T11:04:04","slug":"duchu-swiety-dziaaj-z-caa-moca","status":"publish","type":"post","link":"https:\/\/gaudiumetspes-blog.pl\/index.php\/2019\/06\/09\/duchu-swiety-dziaaj-z-caa-moca\/","title":{"rendered":"Duchu \u015awi\u0119ty &#8211; dzia\u0142aj z ca\u0142\u0105 moc\u0105!"},"content":{"rendered":"<p><\/p>\n<div align=\"justify\" style=\"font-weight: normal; line-height: 150%; margin-bottom: 0cm;\">\n<span style=\"color: black;\"><span style=\"font-family: &quot;book antiqua&quot; , serif;\"><span style=\"font-size: x-large;\">Niech<br \/>\nb\u0119dzie pochwalony Jezus Chrystus! Moi Drodzy, w dniu dzisiejszym<br \/>\n<b>rocznic\u0119 \u015awi\u0119ce\u0144 kap\u0142a\u0144skich \u2013 i to w dodat<\/b><b>ku<br \/>\nosiemnast\u0105, a wi\u0119c pe\u0142n\u0105 pe\u0142noletno\u015b\u0107 \u2013 prze\u017cywa m\u00f3j Brat,<br \/>\nKsi\u0105dz Kanonik Marek Ja\u015bkowski, Misjonarz na Syberii. Dzi\u0119kuj\u0105c<br \/>\nBogu za pi\u0119kne \u015bwiadectwo kap\u0142a\u0144skiej gorliwo\u015bci Jubilata,<br \/>\nmodlimy si\u0119 wszyscy o to, aby nigdy nie zabrak\u0142o owej tw\u00f3rczej<br \/>\naktywno\u015bci, zapa\u0142u, rado\u015bci i nadziei; aby nasz Jubilat nigdy nie<br \/>\nczu\u0142 si\u0119 samotny i aby Pan zawsze dawa\u0142 Mu widzie\u0107 owoce Jego<br \/>\nkap\u0142a\u0144skiej ofiarnej pos\u0142ugi!<\/b><\/span><\/span><\/span><\/div>\n<div align=\"justify\" style=\"background: transparent; line-height: 150%; margin-bottom: 0cm; page-break-before: auto; text-indent: 1.3cm;\">\n<span style=\"color: black;\"><span style=\"font-family: &quot;book antiqua&quot; , serif;\"><span style=\"font-size: x-large;\"><b>Rocznic\u0119<br \/>\n\u015awi\u0119ce\u0144 prze\u017cywa dzi\u015b tak\u017ce Ksi\u0105dz Miko\u0142aj Czernecki, m\u00f3j<br \/>\nby\u0142y Ucze\u0144 w Technikum w Radory\u017cu Smolanym.<\/b><\/span><\/span><\/span><\/div>\n<div align=\"justify\" style=\"background: transparent; line-height: 150%; margin-bottom: 0cm; text-indent: 1.3cm;\">\n<span style=\"color: black;\"><span style=\"font-family: &quot;book antiqua&quot; , serif;\"><span style=\"font-size: x-large;\"><b>Urodziny<br \/>\nnatomiast prze\u017cywa Dawid B\u0142aszczak, \u017cyczliwy mi Cz\u0142owiek z Bia\u0142ej<br \/>\nPodlaskiej.<\/b><\/span><\/span><\/span><\/div>\n<div align=\"justify\" style=\"background: transparent; font-weight: normal; line-height: 150%; margin-bottom: 0cm; text-indent: 1.3cm;\">\n<span style=\"color: black;\"><span style=\"font-family: &quot;book antiqua&quot; , serif;\"><span style=\"font-size: x-large;\"><b>\u015awi\u0119tuj\u0105cym<br \/>\ndzi\u015b \u017cycz\u0119 Bo\u017cego<\/b> b\u0142ogos\u0142awie\u0144stwa \u2013 i o nie si\u0119 dla<br \/>\nNich modl\u0119!<\/span><\/span><\/span><\/div>\n<div align=\"justify\" style=\"background: transparent; font-weight: normal; line-height: 150%; margin-bottom: 0cm; text-indent: 1.3cm;\">\n<span style=\"color: black;\"><span style=\"font-family: &quot;book antiqua&quot; , serif;\"><span style=\"font-size: x-large;\">Na<br \/>\ng\u0142\u0119bokie i radosne prze\u017cywanie pi\u0119knej i wielkiej uroczysto\u015bci<br \/>\nZes\u0142ania Ducha \u015awi\u0119tego \u2013 <b>niech Was b\u0142ogos\u0142awi B\u00f3g<br \/>\nWszechmog\u0105cy: Ojciec + i Syn, i Duch \u015awi\u0119ty. Amen<\/b><\/span><\/span><\/span><\/div>\n<div align=\"center\" style=\"font-weight: normal; line-height: 150%; margin-bottom: 0cm;\">\n<span style=\"color: black;\"><span style=\"font-family: &quot;book antiqua&quot; , serif;\"><span style=\"font-size: x-large;\">Gaudium<br \/>\net spes!  Ks. Jacek<\/span><\/span><\/span><\/div>\n<div align=\"justify\" style=\"line-height: 150%; margin-bottom: 0cm;\">\n<span style=\"font-size: x-large;\"><\/p>\n<p><\/span><\/div>\n<div align=\"justify\" style=\"line-height: 150%; margin-bottom: 0cm;\">\n<span style=\"color: black;\"><span style=\"font-family: &quot;book antiqua&quot; , serif;\"><span style=\"font-size: x-large;\"><b>Uroczysto\u015b\u0107<br \/>\nZes\u0142ania Ducha \u015awi\u0119tego,<\/b><\/span><\/span><\/span><\/div>\n<div align=\"justify\" style=\"line-height: 150%; margin-bottom: 0cm;\">\n<span style=\"font-size: x-large;\"><span style=\"color: black;\"><span style=\"font-family: &quot;book antiqua&quot; , serif;\"><b>do<br \/>\nczyta\u0144:  <span style=\"font-variant: normal;\"><span style=\"letter-spacing: normal;\"><span style=\"font-style: normal;\">Dz<br \/>\n2,1\u201311;<\/span><\/span><\/span>  <span style=\"font-variant: normal;\"><span style=\"letter-spacing: normal;\"><span style=\"font-style: normal;\">1<br \/>\nKor 12,3b\u20137.12\u201313;<\/span><\/span><\/span>  <span style=\"font-variant: normal;\"><span style=\"letter-spacing: normal;\"><span style=\"font-style: normal;\">J<br \/>\n20,19\u201323<\/span><\/span><\/span> <\/b><\/span><\/span><br \/>\n<\/span><\/div>\n<div align=\"justify\" style=\"line-height: 150%; margin-bottom: 0cm;\">\n<span style=\"font-size: x-large;\"><\/p>\n<p><\/span><\/div>\n<div align=\"justify\" style=\"font-style: normal; font-variant: normal; letter-spacing: normal; line-height: 150%; margin-bottom: 0cm;\">\n<span style=\"font-size: x-large;\"><span style=\"color: black;\"><span style=\"font-family: &quot;book antiqua&quot; , serif;\"><b>CZYTANIE<br \/>\nZ DZIEJ\u00d3W APOSTOLSKICH: <\/b><\/span><\/span><br \/>\n<\/span><\/div>\n<div align=\"justify\" style=\"font-style: normal; font-variant: normal; letter-spacing: normal; line-height: 150%; margin-bottom: 0cm; page-break-before: auto; text-indent: 1.3cm;\">\n<span style=\"font-size: x-large;\"><span style=\"color: black;\"><span style=\"font-family: &quot;book antiqua&quot; , serif;\"><b>Kiedy<br \/>\nnadszed\u0142 dzie\u0144 Pi\u0119\u0107dziesi\u0105tnicy, znajdowali si\u0119 wszyscy razem<br \/>\nna tym samym miejscu. Nagle spad\u0142 z nieba szum, jakby uderzenie<br \/>\ngwa\u0142townego wiatru, i nape\u0142ni\u0142 ca\u0142y dom, w kt\u00f3rym przebywali.<br \/>\nUkaza\u0142y si\u0119 im te\u017c j\u0119zyki jakby z ognia, kt\u00f3re si\u0119 rozdzieli\u0142y,<br \/>\ni na ka\u017cdym z nich spocz\u0105\u0142 jeden. I wszyscy zostali nape\u0142nieni<br \/>\nDuchem \u015awi\u0119tym, i zacz\u0119li m\u00f3wi\u0107 obcymi j\u0119zykami, tak jak im<br \/>\nDuch pozwala\u0142 m\u00f3wi\u0107. <\/b><\/span><\/span><br \/>\n<\/span><\/div>\n<div align=\"justify\" style=\"font-style: normal; font-variant: normal; letter-spacing: normal; line-height: 150%; margin-bottom: 0cm; text-indent: 1.3cm;\">\n<span style=\"font-size: x-large;\"><span style=\"color: black;\"><span style=\"font-family: &quot;book antiqua&quot; , serif;\"><b>Przebywali<br \/>\nwtedy w Jerozolimie pobo\u017cni \u017bydzi ze wszystkich narod\u00f3w pod<br \/>\ns\u0142o\u0144cem. Kiedy wi\u0119c powsta\u0142 \u00f3w szum, zbiegli si\u0119 t\u0142umnie i<br \/>\nzdumieli, bo ka\u017cdy s\u0142ysza\u0142, jak przemawiali w jego w\u0142asnym<br \/>\nj\u0119zyku. <\/b><\/span><\/span><br \/>\n<\/span><\/div>\n<div align=\"justify\" style=\"font-style: normal; font-variant: normal; letter-spacing: normal; line-height: 150%; margin-bottom: 0cm; text-indent: 1.3cm;\">\n<span style=\"color: black;\"><span style=\"font-family: &quot;book antiqua&quot; , serif;\"><span style=\"font-size: x-large;\"><b>Pe\u0142ni<br \/>\nzdumienia i podziwu m\u00f3wili: \u201eCzy\u017c ci wszyscy, kt\u00f3rzy<br \/>\nprzemawiaj\u0105, nie s\u0105 Galilejczykami? Jak\u017ce\u017c wi\u0119c ka\u017cdy z nas<br \/>\ns\u0142yszy sw\u00f3j w\u0142asny j\u0119zyk ojczysty? \u2013 Partowie i Medowie, i<br \/>\nElamici, i mieszka\u0144cy Mezopotamii, Judei oraz Kapadocji, Pontu i<br \/>\nAzji, Frygii i Pamfilii, Egiptu i tych cz\u0119\u015bci Libii, kt\u00f3re le\u017c\u0105<br \/>\nblisko Cyreny, i przybysze z Rzymu, \u017bydzi oraz prozelici,<br \/>\nKrete\u0144czycy i Arabowie \u2013 s\u0142yszymy ich g\u0142osz\u0105cych w naszych<br \/>\nj\u0119zykach wielkie dzie\u0142a Bo\u017ce\u201d.<\/b><\/span><\/span><\/span><\/div>\n<div align=\"justify\" style=\"line-height: 150%; margin-bottom: 0cm;\">\n<span style=\"font-size: x-large;\"><\/p>\n<p><\/span><\/div>\n<div align=\"justify\" style=\"font-style: normal; font-variant: normal; letter-spacing: normal; line-height: 150%; margin-bottom: 0cm;\">\n<span style=\"font-size: x-large;\"><span style=\"color: black;\"><span style=\"font-family: &quot;book antiqua&quot; , serif;\"><b>CZYTANIE<br \/>\nZ PIERWSZEGO LISTU \u015aWI\u0118TEGO PAW\u0141A APOSTO\u0141A DO KORYNTIAN: <\/b><\/span><\/span><br \/>\n<\/span><\/div>\n<div align=\"justify\" style=\"background: transparent; font-style: normal; font-variant: normal; letter-spacing: normal; line-height: 150%; margin-bottom: 0cm; page-break-before: auto; text-indent: 1.3cm;\">\n<span style=\"font-size: x-large;\"><span style=\"color: black;\"><span style=\"font-family: &quot;book antiqua&quot; , serif;\"><b>Bracia:<br \/>\nNikt nie mo\u017ce powiedzie\u0107 bez pomocy Ducha \u015awi\u0119tego: \u201ePanem jest<br \/>\nJezus\u201d. <\/b><\/span><\/span><br \/>\n<\/span><\/div>\n<div align=\"justify\" style=\"background: transparent; font-style: normal; font-variant: normal; letter-spacing: normal; line-height: 150%; margin-bottom: 0cm; text-indent: 1.3cm;\">\n<span style=\"font-size: x-large;\"><span style=\"color: black;\"><span style=\"font-family: &quot;book antiqua&quot; , serif;\"><b>R\u00f3\u017cne<br \/>\ns\u0105 dary \u0142aski, lecz ten sam Duch; r\u00f3\u017cne te\u017c s\u0105 rodzaje<br \/>\npos\u0142ugiwania, ale jeden Pan; r\u00f3\u017cne s\u0105 wreszcie dzia\u0142ania, lecz<br \/>\nten sam B\u00f3g, sprawca wszystkiego we wszystkich. Wszystkim za\u015b<br \/>\nobjawia si\u0119 Duch dla wsp\u00f3lnego dobra. <\/b><\/span><\/span><br \/>\n<\/span><\/div>\n<div align=\"justify\" style=\"background: transparent; font-style: normal; font-variant: normal; letter-spacing: normal; line-height: 150%; margin-bottom: 0cm; text-indent: 1.3cm;\">\n<span style=\"font-size: x-large;\"><span style=\"color: black;\"><span style=\"font-family: &quot;book antiqua&quot; , serif;\"><b>Podobnie<br \/>\njak jedno jest cia\u0142o, cho\u0107 sk\u0142ada si\u0119 z wielu cz\u0142onk\u00f3w, a<br \/>\nwszystkie cz\u0142onki cia\u0142a, mimo i\u017c s\u0105 liczne, stanowi\u0105 jedno<br \/>\ncia\u0142o, tak te\u017c jest i z Chrystusem. Wszyscy\u015bmy bowiem w jednym<br \/>\nDuchu zostali ochrzczeni, aby stanowi\u0107 jedno cia\u0142o: czy to \u017bydzi,<br \/>\nczy Grecy, czy to niewolnicy, czy wolni. Wszyscy\u015bmy te\u017c zostali<br \/>\nnapojeni jednym Duchem. <\/b><\/span><\/span><br \/>\n<\/span><\/div>\n<div align=\"justify\" style=\"line-height: 150%; margin-bottom: 0cm;\">\n<span style=\"font-size: x-large;\"><\/p>\n<p><\/span><\/div>\n<div align=\"left\" style=\"line-height: 150%; margin-bottom: 0cm;\">\n<span style=\"font-size: x-large;\"><span style=\"color: black;\"><span style=\"font-family: &quot;book antiqua&quot; , serif;\"><b><span style=\"font-variant: normal;\"><span style=\"letter-spacing: normal;\"><span style=\"font-style: normal;\">Przyb\u0105d\u017a,<br \/>\nDuchu \u015awi\u0119ty,<\/span><\/span><\/span><br \/>\n<span style=\"font-variant: normal;\"><span style=\"letter-spacing: normal;\"><span style=\"font-style: normal;\">Ze\u015blij<br \/>\nz nieba wzi\u0119ty<\/span><\/span><\/span><br \/>\n<span style=\"font-variant: normal;\"><span style=\"letter-spacing: normal;\"><span style=\"font-style: normal;\">\u015awiat\u0142a<br \/>\nTwego strumie\u0144.<\/span><\/span><\/span><br \/>\n <span style=\"font-variant: normal;\"><span style=\"letter-spacing: normal;\"><span style=\"font-style: normal;\">Przyjd\u017a,<br \/>\nOjcze ubogich,<\/span><\/span><\/span><br \/>\n <span style=\"font-variant: normal;\"><span style=\"letter-spacing: normal;\"><span style=\"font-style: normal;\">Przyjd\u017a,<br \/>\nDawco \u0142ask drogich,<\/span><\/span><\/span><br \/>\n <span style=\"font-variant: normal;\"><span style=\"letter-spacing: normal;\"><span style=\"font-style: normal;\">Przyjd\u017a,<br \/>\n\u015awiat\u0142o\u015bci sumie\u0144.<\/span><\/span><\/span><br \/>\n<span style=\"font-variant: normal;\"><span style=\"letter-spacing: normal;\"><span style=\"font-style: normal;\">O,<br \/>\nnajmilszy z go\u015bci,<\/span><\/span><\/span><br \/>\n<span style=\"font-variant: normal;\"><span style=\"letter-spacing: normal;\"><span style=\"font-style: normal;\">S\u0142odka<br \/>\nserc rado\u015bci,<\/span><\/span><\/span><br \/>\n<span style=\"font-variant: normal;\"><span style=\"letter-spacing: normal;\"><span style=\"font-style: normal;\">S\u0142odkie<br \/>\norze\u017awienie.<\/span><\/span><\/span><br \/>\n <span style=\"font-variant: normal;\"><span style=\"letter-spacing: normal;\"><span style=\"font-style: normal;\">W<br \/>\npracy Ty\u015b och\u0142od\u0105,<\/span><\/span><\/span><br \/>\n <span style=\"font-variant: normal;\"><span style=\"letter-spacing: normal;\"><span style=\"font-style: normal;\">W<br \/>\nskwarze \u017cyw\u0105 wod\u0105,<\/span><\/span><\/span><br \/>\n <span style=\"font-variant: normal;\"><span style=\"letter-spacing: normal;\"><span style=\"font-style: normal;\">W<br \/>\np\u0142aczu utulenie.<\/span><\/span><\/span><br \/>\n<span style=\"font-variant: normal;\"><span style=\"letter-spacing: normal;\"><span style=\"font-style: normal;\">\u015awiat\u0142o\u015bci<br \/>\nnaj\u015bwi\u0119tsza,<\/span><\/span><\/span><br \/>\n<span style=\"font-variant: normal;\"><span style=\"letter-spacing: normal;\"><span style=\"font-style: normal;\">Serc<br \/>\nwierz\u0105cych wn\u0119trza<\/span><\/span><\/span><br \/>\n<span style=\"font-variant: normal;\"><span style=\"letter-spacing: normal;\"><span style=\"font-style: normal;\">Poddaj<br \/>\nTwej pot\u0119dze.<\/span><\/span><\/span><br \/>\n <span style=\"font-variant: normal;\"><span style=\"letter-spacing: normal;\"><span style=\"font-style: normal;\">Bez<br \/>\nTwojego tchnienia<\/span><\/span><\/span><br \/>\n <span style=\"font-variant: normal;\"><span style=\"letter-spacing: normal;\"><span style=\"font-style: normal;\">C\u00f3\u017c<br \/>\njest w\u015br\u00f3d stworzenia?<\/span><\/span><\/span><br \/>\n <span style=\"font-variant: normal;\"><span style=\"letter-spacing: normal;\"><span style=\"font-style: normal;\">Jeno<br \/>\ncier\u0144 i n\u0119dze.<\/span><\/span><\/span><br \/>\n<span style=\"font-variant: normal;\"><span style=\"letter-spacing: normal;\"><span style=\"font-style: normal;\">Obmyj,<br \/>\nco nie\u015bwi\u0119te,<\/span><\/span><\/span><br \/>\n<span style=\"font-variant: normal;\"><span style=\"letter-spacing: normal;\"><span style=\"font-style: normal;\">Osch\u0142ym<br \/>\nwlej zach\u0119t\u0119,<\/span><\/span><\/span><br \/>\n<span style=\"font-variant: normal;\"><span style=\"letter-spacing: normal;\"><span style=\"font-style: normal;\">Ulecz<br \/>\nserca ran\u0119.<\/span><\/span><\/span><br \/>\n <span style=\"font-variant: normal;\"><span style=\"letter-spacing: normal;\"><span style=\"font-style: normal;\">Nagnij,<br \/>\nco jest harde,<\/span><\/span><\/span><br \/>\n <span style=\"font-variant: normal;\"><span style=\"letter-spacing: normal;\"><span style=\"font-style: normal;\">Rozgrzej<br \/>\nserca twarde,<\/span><\/span><\/span><br \/>\n <span style=\"font-variant: normal;\"><span style=\"letter-spacing: normal;\"><span style=\"font-style: normal;\">Prowad\u017a<br \/>\nzab\u0142\u0105kane.<\/span><\/span><\/span><br \/>\n<span style=\"font-variant: normal;\"><span style=\"letter-spacing: normal;\"><span style=\"font-style: normal;\">Daj<br \/>\nTwoim wierz\u0105cym,<\/span><\/span><\/span><br \/>\n<span style=\"font-variant: normal;\"><span style=\"letter-spacing: normal;\"><span style=\"font-style: normal;\">W<br \/>\nTobie ufaj\u0105cym,<\/span><\/span><\/span><br \/>\n<span style=\"font-variant: normal;\"><span style=\"letter-spacing: normal;\"><span style=\"font-style: normal;\">Siedmiorakie<br \/>\ndary.<\/span><\/span><\/span><br \/>\n <span style=\"font-variant: normal;\"><span style=\"letter-spacing: normal;\"><span style=\"font-style: normal;\">Daj<br \/>\nzas\u0142ug\u0119 m\u0119stwa,<\/span><\/span><\/span><br \/>\n <span style=\"font-variant: normal;\"><span style=\"letter-spacing: normal;\"><span style=\"font-style: normal;\">Daj<br \/>\nwieniec zwyci\u0119stwa,<\/span><\/span><\/span><br \/>\n <span style=\"font-variant: normal;\"><span style=\"letter-spacing: normal;\"><span style=\"font-style: normal;\">Daj<br \/>\nszcz\u0119\u015bcie bez miary.<\/span><\/span><\/span> <\/b><\/span><\/span><br \/>\n<\/span><\/div>\n<div align=\"justify\" style=\"line-height: 150%; margin-bottom: 0cm;\">\n<span style=\"font-size: x-large;\"><\/p>\n<p><\/span><\/div>\n<div align=\"justify\" style=\"font-style: normal; font-variant: normal; letter-spacing: normal; line-height: 150%; margin-bottom: 0cm;\">\n<span style=\"color: black;\"><span style=\"font-family: &quot;book antiqua&quot; , serif;\"><span style=\"font-size: x-large;\"><b>S\u0141OWA<br \/>\nEWANGELII WED\u0141UG \u015aWI\u0118TEGO JANA:<\/b><\/span><\/span><\/span><\/div>\n<div align=\"justify\" style=\"font-style: normal; font-variant: normal; letter-spacing: normal; line-height: 150%; margin-bottom: 0cm; page-break-before: auto; text-indent: 1.3cm;\">\n<span style=\"font-size: x-large;\"><span style=\"color: black;\"><span style=\"font-family: &quot;book antiqua&quot; , serif;\"><b>Wieczorem<br \/>\nw dniu zmartwychwstania, tam gdzie przebywali uczniowie, drzwi by\u0142y<br \/>\nzamkni\u0119te z obawy przed \u017bydami. Przyszed\u0142 Jezus, stan\u0105\u0142 po\u015brodku<br \/>\ni rzek\u0142 do nich: \u201ePok\u00f3j wam!\u201d A to powiedziawszy, pokaza\u0142 im<br \/>\nr\u0119ce i bok. Uradowali si\u0119 zatem uczniowie ujrzawszy Pana. <\/b><\/span><\/span><br \/>\n<\/span><\/div>\n<div align=\"justify\" style=\"line-height: 150%; margin-bottom: 0cm; text-indent: 1.3cm;\">\n<span style=\"font-size: x-large;\"><span style=\"color: black;\"><span style=\"font-family: &quot;book antiqua&quot; , serif;\"><b><span style=\"font-variant: normal;\"><span style=\"letter-spacing: normal;\"><span style=\"font-style: normal;\">A<br \/>\nJezus znowu rzek\u0142 do nich: \u201ePok\u00f3j wam! Jak Ojciec Mnie pos\u0142a\u0142,<br \/>\ntak i Ja was posy\u0142am\u201d. Po tych s\u0142owach tchn\u0105\u0142 na nich i<br \/>\npowiedzia\u0142 im: \u201eWe\u017amijcie Ducha \u015awi\u0119tego. Kt\u00f3rym odpu\u015bcicie<br \/>\ngrzechy, s\u0105 im odpuszczone, a kt\u00f3rym zatrzymacie, s\u0105 im<br \/>\nzatrzymane\u201d.<\/span><\/span><\/span> <\/b><\/span><\/span><br \/>\n<\/span><\/div>\n<div align=\"justify\" style=\"line-height: 150%; margin-bottom: 0cm;\">\n<span style=\"font-size: x-large;\"><\/p>\n<p><\/span><\/div>\n<div align=\"justify\" style=\"background: transparent; line-height: 150%; margin-bottom: 0cm; page-break-before: auto; text-decoration: none; text-indent: 1.3cm;\">\n<span style=\"font-size: x-large;\"><span style=\"color: black;\">\u201e<span style=\"font-family: &quot;book antiqua&quot; , serif;\"><b>Przyb\u0105d\u017a<br \/>\n<\/b><b>D<\/b><b>uchu <\/b><b>\u015a<\/b><b>wi\u0119ty, ze\u015blij &#8211; z <\/b><b>N<\/b><b>ieba<br \/>\nwzi\u0119ty \u2013 \u015bwiat\u0142a <\/b><b>T<\/b><b>wego strumie\u0144<\/b>.<b>\u201d<\/b> <\/span><\/span><br \/>\n<\/span><\/div>\n<div align=\"justify\" style=\"background: transparent; line-height: 150%; margin-bottom: 0cm; text-decoration: none; text-indent: 1.3cm;\">\n<span style=\"font-size: x-large;\"><span style=\"color: black;\"><span style=\"font-family: &quot;book antiqua&quot; , serif;\">Ca\u0142y<br \/>\nKo\u015bci\u00f3\u0142 wy\u015bpiewuje t\u0119 pro\u015bb\u0119 o dar z Nieba, dar Ducha, kt\u00f3ry<br \/>\nporusza i o\u017cywia, kt\u00f3ry tchnie <b>nowym \u015bwiat\u0142em i now\u0105 moc\u0105.<\/b><br \/>\nJak\u017ce bardzo ten dar <b>by\u0142 potrzebny m\u0142odemu Ko\u015bcio\u0142owi,<\/b><br \/>\nprzestraszonemu jeszcze i zamkni\u0119temu w Wieczerniku! Szczelnie<br \/>\nzamkni\u0119te drzwi, obawa, czy aby nie przyjd\u0105 \u017bydzi, aby podda\u0107 t\u0119<br \/>\nnieliczn\u0105 garstk\u0119 uczni\u00f3w <b>nowym prze\u015bl<\/b><b>a<\/b><b>dowaniom;<\/b><br \/>\nczy nie przyjd\u0105, aby rozproszy\u0107\u2026 I wtedy do swoich dzieci<br \/>\nprzychodzi zwyci\u0119ski Jezus, z wielkim i pe\u0142nym nadziei przes\u0142aniem<i>:<br \/>\n<\/i><i><b>Pok\u00f3j wam!<\/b><\/i><b> <\/b><\/span><\/span><br \/>\n<\/span><\/div>\n<div align=\"justify\" style=\"background: transparent; line-height: 150%; margin-bottom: 0cm; text-decoration: none; text-indent: 1.3cm;\">\n<span style=\"font-size: x-large;\"><span style=\"color: black;\"><span style=\"font-family: &quot;book antiqua&quot; , serif;\">Jak\u017ce<br \/>\nwielka musia\u0142a by\u0107 rado\u015b\u0107 tych, kt\u00f3rzy ujrzeli blask chwa\u0142y<br \/>\nswego Mistrza, skoro jeszcze dwa dni wcze\u015bniej <b>widzieli Go w<br \/>\ntakim poni\u017ceniu<\/b> i \u2013 zdawa\u0107 by si\u0119 mog\u0142o \u2013 totalnie<br \/>\nprzegranego. A oto teraz On sam staje mi\u0119dzy nimi. <\/span><\/span><br \/>\n<\/span><\/div>\n<div align=\"justify\" style=\"background: transparent; line-height: 150%; margin-bottom: 0cm; text-decoration: none; text-indent: 1.3cm;\">\n<span style=\"font-size: x-large;\"><span style=\"color: black;\"><span style=\"font-family: &quot;book antiqua&quot; , serif;\">Wiadomym<br \/>\njest jednak, \u017ce ludzka rado\u015b\u0107 i uniesienie \u2013 jak ka\u017cdy inny<br \/>\nnastr\u00f3j \u2013 s\u0105 przej\u015bciowe. Przecie\u017c ci, kt\u00f3rzy krzyczeli w<br \/>\nNiedziel\u0119 Palmow\u0105: <i><b>Hosanna \u2013<\/b><\/i><i> <\/i>ci sami w<br \/>\nWielki Pi\u0105tek krzyczeli: <i><b>Ukrz<\/b><\/i><i><b>y<\/b><\/i><i><b>\u017cuj<br \/>\nGo!<\/b><\/i> Czy mo\u017cna zatem polega\u0107 na opinii ludzkiej, na ludzkiej<br \/>\ntylko ocenie sprawy? Jezus chcia\u0142by, aby <b>Jego Ko\u015bci\u00f3\u0142 by\u0142<br \/>\nrzeczywisto\u015bci\u0105 trwa\u0142\u0105,<\/b> kt\u00f3ra nie ulegnie pr\u0105dom historii,<br \/>\nmodom lub nastrojom. Ko\u015bci\u00f3\u0142 ma trwa\u0107 niewzruszenie, dlatego<br \/>\n<b>posy\u0142a mu swojego Ducha. <\/b><\/span><\/span><br \/>\n<\/span><\/div>\n<div align=\"justify\" style=\"background: transparent; line-height: 150%; margin-bottom: 0cm; text-decoration: none; text-indent: 1.3cm;\">\n<span style=\"font-size: x-large;\"><span style=\"color: black;\"><span style=\"font-family: &quot;book antiqua&quot; , serif;\">Najpierw<br \/>\nnast\u0119puje pierwsze zes\u0142anie, tak zwane <b>ma\u0142e <\/b><b>Z<\/b><b>es\u0142anie<br \/>\nDucha \u015awi\u0119tego,<\/b> o kt\u00f3rym m\u00f3wi dzisiejsza Ewangelia. Umocniony<br \/>\nnim Ko\u015bci\u00f3\u0142, coraz bardziej poznaje swoje miejsce w \u015bwiecie,<br \/>\nnabiera odwagi. Ale jeszcze <b>brakuje <\/b><b>m<\/b><b>u tego pe\u0142nego<br \/>\nzapa\u0142u,<\/b> kt\u00f3ry nast\u0105pi, kiedy Jezus, po swoim Wniebowst\u0105pieniu,<br \/>\nw spos\u00f3b <b>ca\u0142kowity wyleje na nich swego Ducha<\/b> \u2013 o czym<br \/>\nopowiedzia\u0142 nam Autor Ksi\u0119gi Dziej\u00f3w Apostolskich. Wtedy ju\u017c<br \/>\n<b>\u017ca<\/b><b>d<\/b><b>ne gro\u017aby, ani prze\u015bladowania<\/b> nie b\u0119d\u0105 w<br \/>\nstanie odstraszy\u0107 uczni\u00f3w i zniech\u0119ci\u0107 ich do drogi wiary. <\/span><\/span><br \/>\n<\/span><\/div>\n<div align=\"justify\" style=\"background: transparent; line-height: 150%; margin-bottom: 0cm; text-decoration: none; text-indent: 1.3cm;\">\n<span style=\"font-size: x-large;\"><span style=\"color: black;\"><span style=\"font-family: &quot;book antiqua&quot; , serif;\">Dar<br \/>\nDucha \u015awi\u0119tego to dar niezwyk\u0142y. I dlatego Ko\u015bci\u00f3\u0142 ju\u017c od<br \/>\nczas\u00f3w Apostolskich <b>prosi o ten dar, <\/b>a otrzymuj\u0105c go ci\u0105gle<br \/>\nw r\u00f3\u017cnych <b>S<\/b><b>akr<\/b><b>a<\/b><b>mentach, <\/b>a zw\u0142aszcza w<br \/>\nSakramencie Bierzmowania; ponadto: otrzymuj\u0105c Go <b>w Bo\u017cym <\/b><b>s<\/b><b>\u0142owie<\/b><br \/>\n\u2013 mo\u017ce dalej skutecznie pe\u0142ni\u0107 swoj\u0105 misj\u0119 w \u015bwiecie. <\/span><\/span><br \/>\n<\/span><\/div>\n<div align=\"justify\" style=\"background: transparent; line-height: 150%; margin-bottom: 0cm; text-decoration: none; text-indent: 1.3cm;\">\n<span style=\"font-size: x-large;\"><span style=\"color: black;\"><span style=\"font-family: &quot;book antiqua&quot; , serif;\">Dlatego<br \/>\ni my dzisiaj, zgromadzeni w Wieczerniku \u2013 tym naszym <b>parafialnym<\/b><b><br \/>\nWieczerniku <\/b>\u2013 prosimy o dar tego Ducha: o to, aby zst\u0105piwszy<br \/>\nna nas jeden raz przy okazji Bierzmowania, zst\u0105piwszy poprzez<br \/>\npozosta\u0142e Sakramenty, zechcia\u0142 ci\u0105gle zst\u0119powa\u0107 i nape\u0142nia\u0107<br \/>\nnas rado\u015bci\u0105. <\/span><\/span><br \/>\n<\/span><\/div>\n<div align=\"justify\" style=\"background: transparent; line-height: 150%; margin-bottom: 0cm; text-decoration: none; text-indent: 1.3cm;\">\n<span style=\"font-size: x-large;\"><span style=\"color: black;\">\u201e<span style=\"font-family: &quot;book antiqua&quot; , serif;\"><b>Przyb\u0105d\u017a<br \/>\nDuchu \u015awi\u0119ty, ze\u015blij <\/b><b>\u2013 z<\/b><b>&nbsp;Nieba wzi\u0119ty <\/b><b>\u2013<\/b><b><br \/>\n<\/b><b>\u015b<\/b><b>wiat\u0142a Twego strumie\u0144. Przyjd\u017a Ojcze ubogich,<br \/>\nprzyjd\u017a Dawco \u0142ask drogich, przyjd\u017a \u015bwiat\u0142o\u015bci sumie\u0144<\/b>.<b>\u201d<\/b><br \/>\n<\/span><\/span><br \/>\n<\/span><\/div>\n<div align=\"justify\" style=\"background: transparent; line-height: 150%; margin-bottom: 0cm; text-decoration: none; text-indent: 1.3cm;\">\n<span style=\"font-size: x-large;\"><span style=\"color: black;\"><span style=\"font-family: &quot;book antiqua&quot; , serif;\">Przyjd\u017a<br \/>\ni udziel nam \u0142ask potrzebnych <b>do godnego \u017c<\/b><b>y<\/b><b>cia.<\/b><br \/>\nDo \u017cycia godnego <b>miana<\/b> <b>chrze\u015bcijanina<\/b> i godnego <b>miana<\/b><br \/>\n<b>cz\u0142owieka.<\/b> Dlatego o\u015bwie\u0107 nasze sumienia i pom\u00f3\u017c nam<br \/>\n<b>wybiera\u0107 jedynie dobro<\/b> i za dobrem pod\u0105\u017ca\u0107. Pom\u00f3\u017c nam<br \/>\nrezygnowa\u0107 z naszych z\u0142ych i grzesznych przyzwyczaje\u0144, zw\u0142aszcza<br \/>\nz wady g\u0142\u00f3wnej. <\/span><\/span><br \/>\n<\/span><\/div>\n<div align=\"justify\" style=\"background: transparent; line-height: 150%; margin-bottom: 0cm; text-decoration: none; text-indent: 1.3cm;\">\n<span style=\"font-size: x-large;\"><span style=\"color: black;\">\u201e<span style=\"font-family: &quot;book antiqua&quot; , serif;\"><b>O<br \/>\nnajmilszy z go\u015bci, s\u0142odka serc rado\u015bci, s\u0142odkie orze\u017awienie. W<br \/>\npracy Ty\u015b och\u0142od\u0105, w skwarze \u017cyw\u0105 wod\u0105, w p\u0142aczu utulenie.\u201d<\/b><br \/>\n<\/span><\/span><br \/>\n<\/span><\/div>\n<div align=\"justify\" style=\"background: transparent; line-height: 150%; margin-bottom: 0cm; text-decoration: none; text-indent: 1.3cm;\">\n<span style=\"color: black;\"><span style=\"font-family: &quot;book antiqua&quot; , serif;\"><span style=\"font-size: x-large;\">W\u015br\u00f3d<br \/>\nnaszych codziennych spraw, kt\u00f3re podejmujemy, b\u0105d\u017a Duchu \u015awi\u0119ty<br \/>\n<b>p\u0142<\/b><b>o<\/b><b>m<\/b><b>ieniem<\/b><b> nadziei, <\/b>\u017ce mo\u017cna po<br \/>\nchrze\u015bcija\u0144sku rozwi\u0105zywa\u0107 wszystkie sprawy i problemy. B\u0105d\u017a<br \/>\nnasz\u0105 si\u0142\u0105 <b>w codziennym zmaganiu o chleb powszedni. <\/b>Ale<br \/>\nb\u0105d\u017a r\u00f3wnie\u017c nasz\u0105 si\u0142\u0105 w codziennym zmaganiu o zachowanie<br \/>\n<b>dobrej atmosfery w naszym domu,<\/b> o wzajemne dogadywanie si\u0119<br \/>\ntak\u017ce w trudnych sprawach. W szczeg\u00f3lno\u015bci \u2013 b\u0105d\u017a Duchu \u015awi\u0119ty<br \/>\n<b>pocieszeniem dla tych, kt\u00f3rzy p\u0142acz\u0105,<\/b> kt\u00f3rzy stracili<br \/>\nnadziej\u0119, dla kt\u00f3rych zgas\u0142y ju\u017c inne \u015bwiat\u0142a, dla tych, kt\u00f3rzy<br \/>\nnie potrafi\u0105 <b>poradzi\u0107 sobie z codzienno\u015bci\u0105,<\/b> kt\u00f3rzy nie<br \/>\npotrafi\u0105 zrozumie\u0107 swojego cierpienia\u2026<\/span><\/span><\/span><\/div>\n<div align=\"justify\" style=\"background: transparent; line-height: 150%; margin-bottom: 0cm; text-decoration: none; text-indent: 1.3cm;\">\n<span style=\"font-size: x-large;\"><span style=\"color: black;\">\u201e<span style=\"font-family: &quot;book antiqua&quot; , serif;\"><b>\u015awiat\u0142o\u015bci<br \/>\nnaj\u015bwi\u0119tsza, serc wierz\u0105cych wn\u0119trza \u2013 poddaj swej pot\u0119dze.<br \/>\nBez Twojego tchnienia c\u00f3\u017c jest w\u015br\u00f3d stworzenia? Jeno cier\u0144 i<br \/>\nn\u0119dze.\u201d<\/b> <\/span><\/span><br \/>\n<\/span><\/div>\n<div align=\"justify\" style=\"background: transparent; line-height: 150%; margin-bottom: 0cm; text-decoration: none; text-indent: 1.3cm;\">\n<span style=\"font-size: x-large;\"><span style=\"color: black;\"><span style=\"font-family: &quot;book antiqua&quot; , serif;\">Poddaj<br \/>\nswojej pot\u0119dze i swojemu tchnieniu <b>serca wszystkich wi<\/b><b>erz<\/b><b>\u0105cych.<\/b><br \/>\nRzeczywi\u015bcie, bez Twojego \u015bwiat\u0142a i Twojej mocy cz\u0142owiek,<br \/>\nchocia\u017cby najbardziej uwa\u017caj\u0105cy si\u0119 za wierz\u0105cego, <b>zaczyna<br \/>\nb\u0142\u0105dzi\u0107<\/b> i odchodzi\u0107 od Ciebie. Dlatego pragniemy Ci\u0119 prosi\u0107<br \/>\no natchnienie dla <b>R<\/b><b>odzic\u00f3w naszej Parafii, <\/b>aby w Twoim<br \/>\n\u015bwietle wychowywali swoje Dzieci. Prosimy zw\u0142aszcza za tych<br \/>\nRodzic\u00f3w, kt\u00f3rzy <b>nie potrafi\u0105 postawi\u0107 swoim dzieciom wym<\/b><b>a<\/b><b>ga\u0144,<\/b><br \/>\nkt\u00f3rzy ju\u017c teraz nie maj\u0105 wp\u0142ywu na swoje Dzieci, chocia\u017c te<br \/>\njeszcze chodz\u0105 do szko\u0142y podstawowej, albo do gimnazjum. A<br \/>\nchocia\u017cby ju\u017c by\u0142y w szkole \u015bredniej, czy j\u0105 sko\u0144czy\u0142y \u2013 to<br \/>\n<b>czy Rodzice ju\u017c maj\u0105 prawo si\u0119 podda\u0107<\/b> i zrezygnowa\u0107 z<br \/>\njakiegokolwiek oddzia\u0142ywania?\u2026 <\/span><\/span><br \/>\n<\/span><\/div>\n<div align=\"justify\" style=\"background: transparent; line-height: 150%; margin-bottom: 0cm; text-decoration: none; text-indent: 1.3cm;\">\n<span style=\"font-size: x-large;\"><span style=\"color: black;\"><span style=\"font-family: &quot;book antiqua&quot; , serif;\">Prosimy<br \/>\nza tych Rodzic\u00f3w, kt\u00f3rych nie interesuje, co ich dziecko robi poza<br \/>\ndomem, i nawet je\u015bli wraca <b>pod<\/b><b> wp\u0142ywem alkoholu,<\/b> albo<br \/>\nczu\u0107 od niego zapach palonych papieros\u00f3w, to nie stanowi to dla<br \/>\nnich problemu. Prosimy za tych Rodzic\u00f3w, kt\u00f3rzy <b>wr\u0119cz boj\u0105<\/b><b><br \/>\nsi\u0119 swoich <\/b><b>w\u0142asnych D<\/b><b>zieci,<\/b> dlatego pos\u0142usznie<br \/>\nspe\u0142niaj\u0105 wszystkie ich zachcianki i nie reaguj\u0105 na p\u0142yn\u0105ce ze<br \/>\nszko\u0142y <b>sygna\u0142y o ich skandalicznym zachowaniu.<\/b> Duchu \u015awi\u0119ty,<br \/>\nb\u0105d\u017a dla tych Rodzic\u00f3w \u017ar\u00f3d\u0142em szczeg\u00f3lnego \u015bwiat\u0142a i mocy,<br \/>\naby wreszcie podj\u0119li konkretne decyzje i m\u0105dre dzia\u0142ania, je\u015bli<br \/>\nnie jest na nie jeszcze za p\u00f3\u017ano. <\/span><\/span><br \/>\n<\/span><\/div>\n<div align=\"justify\" style=\"background: transparent; line-height: 150%; margin-bottom: 0cm; text-decoration: none; text-indent: 1.3cm;\">\n<span style=\"font-size: x-large;\"><span style=\"color: black;\">\u201e<span style=\"font-family: &quot;book antiqua&quot; , serif;\"><b>Bez<br \/>\nTwojego tchnienia c\u00f3\u017c jest w\u015br\u00f3d stworzenia, jeno cier\u0144 i<br \/>\nn\u0119dze.\u201d<\/b> Nie dopu\u015b\u0107, Duchu Jezusa, aby te ciernie pozostawa\u0142y<br \/>\nw ludzkich sercach. Ju\u017c ich jest i tak zbyt wiele. <\/span><\/span><br \/>\n<\/span><\/div>\n<div align=\"justify\" style=\"background: transparent; line-height: 150%; margin-bottom: 0cm; text-decoration: none; text-indent: 1.3cm;\">\n<span style=\"font-size: x-large;\"><span style=\"color: black;\"><span style=\"font-family: &quot;book antiqua&quot; , serif;\">Dlatego<br \/>\nprosimy dalej s\u0142owami Sekwencji<span style=\"font-weight: normal;\">:<\/span><b><br \/>\n\u201eObmyj co nie\u015bwi\u0119te, osch\u0142ym wlej zach\u0119t\u0119, ulecz serca ran\u0119.<br \/>\nNagnij co<\/b><b> jest harde, rozgrzej serca twar<\/b><b>de, prowad\u017a<br \/>\nzab\u0142\u0105kane.\u201d<\/b> <\/span><\/span><br \/>\n<\/span><\/div>\n<div align=\"justify\" style=\"background: transparent; line-height: 150%; margin-bottom: 0cm; text-decoration: none; text-indent: 1.3cm;\">\n<span style=\"font-size: x-large;\"><span style=\"color: black;\"><span style=\"font-family: &quot;book antiqua&quot; , serif;\">Szczeg\u00f3lnie<br \/>\nserdecznie zanosimy te w\u0142a\u015bnie pro\u015bby, bo widzimy jak wielu<br \/>\ndzisiaj jest <b>tych hardych, jak wiele jest twardych i zamkni\u0119tych<br \/>\nserc.<\/b> Prosimy, aby\u015b ich, Duchu \u015awi\u0119ty, rozgrza\u0142, poprowadzi\u0142,<br \/>\npom\u00f3g\u0142 powsta\u0107, ale je\u015bli trzeba \u2013 to \u017ceby\u015b <b>i nagi\u0105\u0142<\/b><b>,<\/b><b><br \/>\ni przem\u00f3g\u0142 <\/b>\u2013 dla ich w\u0142asnego dobra! <\/span><\/span><br \/>\n<\/span><\/div>\n<div align=\"justify\" style=\"background: transparent; line-height: 150%; margin-bottom: 0cm; text-decoration: none; text-indent: 1.3cm;\">\n<span style=\"color: black;\"><span style=\"font-family: &quot;book antiqua&quot; , serif;\"><span style=\"font-size: x-large;\">I<br \/>\nje\u017celi nie ma innego sposobu, aby powstrzyma\u0107 niejedno serce <b>przed<\/b><b><br \/>\nsk\u0142onno\u015bci<\/b><b>\u0105<\/b><b> do alkoholu;<\/b> je\u017celi nie ma innego<br \/>\nsposobu, aby powstrzyma\u0107 niejedno serce <b>przed k\u0142\u00f3tliwo\u015bci\u0105 i<br \/>\nawanturami, <\/b>wszczynanymi w rodzinie; je\u017celi nie ma innego<br \/>\nsposobu, aby powstrzyma\u0107 <b>przed niep<\/b><b>o<\/b><b>trzebn\u0105 prac\u0105<br \/>\n<\/b><b>i zakupami <\/b><b>w niedziel\u0119;<\/b> je\u017celi nie ma innego<br \/>\nsposobu, \u017ceby wyleczy\u0107 <b>z ob\u0142udy,<\/b> kt\u00f3ra pozwala<br \/>\njednocze\u015bnie wzdycha\u0107 i modli\u0107 si\u0119 w ko\u015bciele, a poza nim<br \/>\npope\u0142nia\u0107 najr\u00f3\u017cniejsze obrzydliwo\u015bci; je\u017celi nie ma innego<br \/>\nsposobu, <b>aby zamkn\u0105\u0107 lokale,<\/b> w kt\u00f3rych pod pozorem dobrej<br \/>\nrozrywki i zabawy sprowadza si\u0119 m\u0142odzie\u017c na samo dno moralnej<br \/>\nn\u0119dzy \u2013 je\u017celi naprawd\u0119 <b>ju\u017c nie ma innego sposobu,<\/b> to<br \/>\nb\u0105d\u017a Duchu \u015awi\u0119ty w\u00f3wczas <b>r\u0119ka tward\u0105, nawied\u017a<br \/>\ndo\u015bwiadczeniem, dotknij tak mocno,<\/b> aby wreszcie dotar\u0142o, aby<br \/>\np\u0119k\u0142a skorupa ob\u0142udy i fa\u0142szu, otaczaj\u0105ca serce!<\/span><\/span><\/span><\/div>\n<div align=\"justify\" style=\"background: transparent; line-height: 150%; margin-bottom: 0cm; text-decoration: none; text-indent: 1.3cm;\">\n<span style=\"font-size: x-large;\"><span style=\"color: black;\"><span style=\"font-family: &quot;book antiqua&quot; , serif;\">Je\u017celi<br \/>\nnie ma innego sposobu, to Ty sam, Duchu Prawdy, znajd\u017a t\u0119 prawdziw\u0105<br \/>\ndrog\u0119 i sprowad\u017a b\u0142\u0105dz\u0105cych. <b>Prowad\u017a zab\u0142\u0105kane, nie pozw\u00f3l<br \/>\nim ca\u0142kowicie si\u0119 pogubi\u0107!<\/b> Nagnij, co jest harde, rozgrzej<br \/>\nserca twarde \u2013 prosimy Duchu \u015awi\u0119ty \u2013 w taki spos\u00f3b, w jaki Ty<br \/>\nto najlepiej sam uczynisz. <\/span><\/span><br \/>\n<\/span><\/div>\n<div align=\"justify\" style=\"background: transparent; line-height: 150%; margin-bottom: 0cm; text-decoration: none; text-indent: 1.3cm;\">\n<span style=\"font-size: x-large;\"><span style=\"color: black;\">\u201e<span style=\"font-family: &quot;book antiqua&quot; , serif;\"><b>Daj<br \/>\nTwoim wierz\u0105cym, w Tobie ufaj\u0105cym, siedmiorakie dary<\/b>.<b>\u201d<\/b><br \/>\nDaj nam dar m\u0105dro\u015bci i rozumu, daj nam dar rady i m\u0119stwa, obdarzaj<br \/>\nnas umiej\u0119tno\u015bci\u0105, prawdziw\u0105 pobo\u017cno\u015bci\u0105 i szczer\u0105 boja\u017ani\u0105<br \/>\nBo\u017c\u0105. <b>Przyjd\u017a nam z pomoc\u0105<\/b><b>,<\/b><b> Duchu \u015awi\u0119ty \u2013<\/b><br \/>\nnam, kt\u00f3rzy tak bardzo Tobie chcemy ufa\u0107, kt\u00f3ry jeste\u015b jedyn\u0105<br \/>\nnasz\u0105 nadziej\u0105. Wierzymy, \u017ce jeste\u015b dla nas <b>N<\/b><b>auczyci<\/b><b>elem<br \/>\nmodlitwy,<\/b> bo tak, jak m\u00f3wi dzisiaj \u015awi\u0119ty Pawe\u0142 do Koryntian,<br \/>\nale i do nas, w drugim czytaniu \u2013 bez Twojej pomocy nikt nie powie<br \/>\nz g\u0142\u0119bi serca i szczerze: <i><b>Panem jest Jezus<\/b><\/i><b>. <\/b><\/span><\/span><br \/>\n<\/span><\/div>\n<div align=\"justify\" style=\"background: transparent; line-height: 150%; margin-bottom: 0cm; text-decoration: none; text-indent: 1.3cm;\">\n<span style=\"color: black;\"><span style=\"font-family: &quot;book antiqua&quot; , serif;\"><span style=\"font-size: x-large;\">Wierzymy,<br \/>\n\u017ce jeste\u015b dla nas <b>moc\u0105 jednocz\u0105c\u0105 nas, <\/b>\u017ce tworzysz z nas<br \/>\n<b>wsp\u00f3lnot\u0119 na podobie\u0144stwo organizmu,<\/b> w kt\u00f3rym liczne<br \/>\ncz\u0142onki, chocia\u017c spe\u0142niaj\u0105 r\u00f3\u017cne funkcje, stanowi\u0105 jeden<br \/>\nkompletny organizm, tak te\u017c i w naszej Wsp\u00f3lnocie, dzi\u0119ki mocy<br \/>\nTwojej, Duchu, jedno\u015bci \u2013 ka\u017cdy, pomimo, \u017ce jest inny, <b>wnosi<br \/>\ndobre warto\u015bci;<\/b> co\u015b, czego nie wniesie nikt inny.<\/span><\/span><\/span><\/div>\n<div align=\"justify\" style=\"background: transparent; line-height: 150%; margin-bottom: 0cm; text-decoration: none; text-indent: 1.3cm;\">\n<span style=\"font-size: x-large;\"><span style=\"color: black;\"><span style=\"font-family: &quot;book antiqua&quot; , serif;\">Dlatego<br \/>\nprosimy Ci\u0119, Duchu \u015awi\u0119ty, aby\u015b nie pozwoli\u0142 nam tej Wsp\u00f3lnoty<br \/>\nparafialnej, wsp\u00f3lnoty wioskowej, wsp\u00f3lnoty kole\u017ce\u0144skiej w pracy,<br \/>\nwsp\u00f3lnoty klasowej, wsp\u00f3lnoty rodzinnej \u2013 <b>burzy\u0107 ani rozbija\u0107<\/b><br \/>\nprzez jakiekolwiek nierozs\u0105dne dzia\u0142anie. O\u017cywiaj nasze serca<br \/>\n<b>g\u0142\u0119boka wiar\u0105, rzete<\/b><b>l<\/b><b>n\u0105 nadziej\u0105 i autentyczn\u0105<br \/>\nmi\u0142o\u015bci\u0105,<\/b> kt\u00f3ra opiera si\u0119 na szczero\u015bci i prawdzie. <\/span><\/span><br \/>\n<\/span><\/div>\n<div align=\"justify\" style=\"background: transparent; line-height: 150%; margin-bottom: 0cm; text-decoration: none; text-indent: 1.3cm;\">\n<span style=\"font-size: x-large;\"><span style=\"color: black;\"><span style=\"font-family: &quot;book antiqua&quot; , serif;\">I<br \/>\nna koniec prosimy Ci\u0119 o odwag\u0119 \u2013 <b>o<\/b><b> t\u0119 odwag\u0119 z<br \/>\nWieczernika,<\/b> kt\u00f3ra ogarn\u0119\u0142a serca wszystkich uczni\u00f3w,<br \/>\nzgromadzonym na modlitwie, razem z Maryj\u0105. Prosimy Ci\u0119 o odwag\u0119<br \/>\nzw\u0142aszcza dzisiaj, kiedy <b>wyznaw<\/b><b>anie wiary <\/b><b>st<\/b><b>a<\/b><b>je<br \/>\nsi\u0119 takie niemodne<\/b> i nie na czasie, kiedy wiele os\u00f3b pyta, po<br \/>\nco to wszystko, po co si\u0119 zbytnio przejmowa\u0107? Czy nie wystarczy<br \/>\n<b>tylko konieczne min<\/b><b>i<\/b><b>mum:<\/b> Spowied\u017a co p\u00f3\u0142<br \/>\nroku, Msza \u015awi\u0119ta raz na jaki\u015b czas, modlitwa jedynie przy jakiej\u015b<br \/>\nokazji \u2013 czy tyle nie wystarczy?\u2026 <\/span><\/span><br \/>\n<\/span><\/div>\n<div align=\"justify\" style=\"background: transparent; line-height: 150%; margin-bottom: 0cm; text-decoration: none; text-indent: 1.3cm;\">\n<span style=\"color: black;\"><span style=\"font-family: &quot;book antiqua&quot; , serif;\"><span style=\"font-size: x-large;\">W\u0142a\u015bnie<br \/>\ndzisiaj trzeba odwagi, aby pokaza\u0107, \u017ce nie \u2013 nie wystarczy!<br \/>\nPotrzeba odwagi, aby pokaza\u0107, \u017ce jest inna droga, \u017ce wiara<br \/>\nnaprawd\u0119 polega na czy\u015b g\u0142\u0119bszym <b>i tylko wtedy owocuje, kiedy<br \/>\nkosztuje!<\/b><\/span><\/span><\/span><\/div>\n<div align=\"justify\" style=\"background: transparent; line-height: 150%; margin-bottom: 0cm; text-decoration: none; text-indent: 1.3cm;\">\n<span style=\"color: black;\"><span style=\"font-family: &quot;book antiqua&quot; , serif;\"><span style=\"font-size: x-large;\">Dlatego<br \/>\nw\u0142a\u015bnie, prosimy Ci\u0119, Duchu \u015awi\u0119ty, Duchu Jezusa, Duchu Prawdy i<br \/>\nMi\u0142o\u015bci, Duchu Ogniu, Duchu Mocy \u2013 <b>\u201edaj zas\u0142ug\u0119 m\u0119stwa,<br \/>\ndaj wieniec zwyci\u0119stwa, daj szcz\u0119\u015bcie bez miary<\/b>.<b>\u201d<\/b><\/span><\/span><\/span><\/div>\n<div align=\"right\" style=\"background: transparent; line-height: 150%; margin-bottom: 0cm; text-decoration: none; text-indent: 1.3cm;\">\n<span style=\"font-size: x-large;\"><\/p>\n<p><\/span><\/div>\n<div align=\"right\" style=\"background: transparent; line-height: 150%; margin-bottom: 0cm; text-decoration: none; text-indent: 1.3cm;\">\n<span style=\"color: black;\"><span style=\"font-family: &quot;book antiqua&quot; , serif;\"><span style=\"font-size: x-large;\">Amen!<br \/>\nAlleluja!<\/span><\/span><\/span><\/div>\n","protected":false},"excerpt":{"rendered":"<p>Niech b\u0119dzie pochwalony Jezus Chrystus! Moi Drodzy, w dniu dzisiejszym rocznic\u0119 \u015awi\u0119ce\u0144 kap\u0142a\u0144skich \u2013 i to w dodatku osiemnast\u0105, a wi\u0119c pe\u0142n\u0105 pe\u0142noletno\u015b\u0107 \u2013 prze\u017cywa m\u00f3j Brat, Ksi\u0105dz Kanonik Marek Ja\u015bkowski, Misjonarz na Syberii. Dzi\u0119kuj\u0105c Bogu za pi\u0119kne \u015bwiadectwo kap\u0142a\u0144skiej gorliwo\u015bci Jubilata, modlimy si\u0119 wszyscy o to, aby nigdy nie zabrak\u0142o owej tw\u00f3rczej aktywno\u015bci, zapa\u0142u, [&hellip;]<\/p>\n","protected":false},"author":1,"featured_media":0,"comment_status":"open","ping_status":"open","sticky":false,"template":"","format":"standard","meta":{"jetpack_post_was_ever_published":false,"_jetpack_newsletter_access":"","_jetpack_dont_email_post_to_subs":false,"_jetpack_newsletter_tier_id":0,"_jetpack_memberships_contains_paywalled_content":false,"_jetpack_memberships_contains_paid_content":false,"footnotes":""},"categories":[1],"tags":[],"class_list":["post-14576","post","type-post","status-publish","format-standard","hentry","category-bez-kategorii"],"yoast_head":"<!-- This site is optimized with the Yoast SEO plugin v25.1 - https:\/\/yoast.com\/wordpress\/plugins\/seo\/ -->\n<title>Duchu \u015awi\u0119ty - dzia\u0142aj z ca\u0142\u0105 moc\u0105! - Gaudium Et Spes<\/title>\n<meta name=\"robots\" content=\"index, follow, max-snippet:-1, max-image-preview:large, max-video-preview:-1\" \/>\n<link rel=\"canonical\" href=\"https:\/\/gaudiumetspes-blog.pl\/index.php\/2019\/06\/09\/duchu-swiety-dziaaj-z-caa-moca\/\" \/>\n<meta property=\"og:locale\" content=\"pl_PL\" \/>\n<meta property=\"og:type\" content=\"article\" \/>\n<meta property=\"og:title\" content=\"Duchu \u015awi\u0119ty - dzia\u0142aj z ca\u0142\u0105 moc\u0105! - Gaudium Et Spes\" \/>\n<meta property=\"og:description\" content=\"Niech b\u0119dzie pochwalony Jezus Chrystus! Moi Drodzy, w dniu dzisiejszym rocznic\u0119 \u015awi\u0119ce\u0144 kap\u0142a\u0144skich \u2013 i to w dodatku osiemnast\u0105, a wi\u0119c pe\u0142n\u0105 pe\u0142noletno\u015b\u0107 \u2013 prze\u017cywa m\u00f3j Brat, Ksi\u0105dz Kanonik Marek Ja\u015bkowski, Misjonarz na Syberii. Dzi\u0119kuj\u0105c Bogu za pi\u0119kne \u015bwiadectwo kap\u0142a\u0144skiej gorliwo\u015bci Jubilata, modlimy si\u0119 wszyscy o to, aby nigdy nie zabrak\u0142o owej tw\u00f3rczej aktywno\u015bci, zapa\u0142u, [&hellip;]\" \/>\n<meta property=\"og:url\" content=\"https:\/\/gaudiumetspes-blog.pl\/index.php\/2019\/06\/09\/duchu-swiety-dziaaj-z-caa-moca\/\" \/>\n<meta property=\"og:site_name\" content=\"Gaudium Et Spes\" \/>\n<meta property=\"article:published_time\" content=\"2019-06-09T04:36:00+00:00\" \/>\n<meta property=\"article:modified_time\" content=\"2019-07-31T11:04:04+00:00\" \/>\n<meta name=\"author\" content=\"Ks. Jacek\" \/>\n<meta name=\"twitter:card\" content=\"summary_large_image\" \/>\n<meta name=\"twitter:label1\" content=\"Napisane przez\" \/>\n\t<meta name=\"twitter:data1\" content=\"Ks. Jacek\" \/>\n\t<meta name=\"twitter:label2\" content=\"Szacowany czas czytania\" \/>\n\t<meta name=\"twitter:data2\" content=\"12 minut\" \/>\n<script type=\"application\/ld+json\" class=\"yoast-schema-graph\">{\"@context\":\"https:\/\/schema.org\",\"@graph\":[{\"@type\":\"WebPage\",\"@id\":\"https:\/\/gaudiumetspes-blog.pl\/index.php\/2019\/06\/09\/duchu-swiety-dziaaj-z-caa-moca\/\",\"url\":\"https:\/\/gaudiumetspes-blog.pl\/index.php\/2019\/06\/09\/duchu-swiety-dziaaj-z-caa-moca\/\",\"name\":\"Duchu \u015awi\u0119ty - dzia\u0142aj z ca\u0142\u0105 moc\u0105! - Gaudium Et Spes\",\"isPartOf\":{\"@id\":\"https:\/\/gaudiumetspes-blog.pl\/#website\"},\"datePublished\":\"2019-06-09T04:36:00+00:00\",\"dateModified\":\"2019-07-31T11:04:04+00:00\",\"author\":{\"@id\":\"https:\/\/gaudiumetspes-blog.pl\/#\/schema\/person\/1661982992b752dea8dff0d4ed845a65\"},\"breadcrumb\":{\"@id\":\"https:\/\/gaudiumetspes-blog.pl\/index.php\/2019\/06\/09\/duchu-swiety-dziaaj-z-caa-moca\/#breadcrumb\"},\"inLanguage\":\"pl-PL\",\"potentialAction\":[{\"@type\":\"ReadAction\",\"target\":[\"https:\/\/gaudiumetspes-blog.pl\/index.php\/2019\/06\/09\/duchu-swiety-dziaaj-z-caa-moca\/\"]}]},{\"@type\":\"BreadcrumbList\",\"@id\":\"https:\/\/gaudiumetspes-blog.pl\/index.php\/2019\/06\/09\/duchu-swiety-dziaaj-z-caa-moca\/#breadcrumb\",\"itemListElement\":[{\"@type\":\"ListItem\",\"position\":1,\"name\":\"Strona g\u0142\u00f3wna\",\"item\":\"https:\/\/gaudiumetspes-blog.pl\/\"},{\"@type\":\"ListItem\",\"position\":2,\"name\":\"Duchu \u015awi\u0119ty &#8211; dzia\u0142aj z&nbsp;ca\u0142\u0105 moc\u0105!\"}]},{\"@type\":\"WebSite\",\"@id\":\"https:\/\/gaudiumetspes-blog.pl\/#website\",\"url\":\"https:\/\/gaudiumetspes-blog.pl\/\",\"name\":\"Gaudium Et Spes\",\"description\":\"Blog Ks. Jacka Ja\u015bkowskiego\",\"potentialAction\":[{\"@type\":\"SearchAction\",\"target\":{\"@type\":\"EntryPoint\",\"urlTemplate\":\"https:\/\/gaudiumetspes-blog.pl\/?s={search_term_string}\"},\"query-input\":{\"@type\":\"PropertyValueSpecification\",\"valueRequired\":true,\"valueName\":\"search_term_string\"}}],\"inLanguage\":\"pl-PL\"},{\"@type\":\"Person\",\"@id\":\"https:\/\/gaudiumetspes-blog.pl\/#\/schema\/person\/1661982992b752dea8dff0d4ed845a65\",\"name\":\"Ks. Jacek\",\"image\":{\"@type\":\"ImageObject\",\"inLanguage\":\"pl-PL\",\"@id\":\"https:\/\/gaudiumetspes-blog.pl\/#\/schema\/person\/image\/\",\"url\":\"https:\/\/gaudiumetspes-blog.pl\/wp-content\/uploads\/2019\/07\/avatar-JJ-150x150.jpg\",\"contentUrl\":\"https:\/\/gaudiumetspes-blog.pl\/wp-content\/uploads\/2019\/07\/avatar-JJ-150x150.jpg\",\"caption\":\"Ks. Jacek\"},\"description\":\"Witam serdecznie! K\u0142ania si\u0119 Ks. Jacek Ja\u015bkowski. Nie jestem ani kim\u015b wa\u017cnym, ani kim\u015b znanym. Jestem ksi\u0119dzem, kt\u00f3ry po prostu chce rozmawia\u0107. Codzienna kap\u0142a\u0144ska pos\u0142uga pokazuje mi, \u017ce temat\u00f3w do rozm\u00f3w z ksi\u0119dzem jest coraz wi\u0119cej i dzisiaj \u017caden ksi\u0105dz nie mo\u017ce od nich ucieka\u0107, ale - wprost przeciwnie - podejmowa\u0107 nowe wyzwania. To przekonanie sk\u0142oni\u0142o mnie do pr\u00f3by otwarcia tego\u017c bloga, chocia\u017c okazji do rozm\u00f3w na co dzie\u0144 - w konfesjonale i poza nim - na szcz\u0119\u015bcie nie brakuje. My\u015bl\u0119 jednak, \u017ce ten blog b\u0119dzie jeszcze jednym sposobem i przestrzeni\u0105 nawi\u0105zania kontaktu z lud\u017ami dobrej woli, otwartymi na dialog.\",\"url\":\"https:\/\/gaudiumetspes-blog.pl\/index.php\/author\/ks-jacek\/\"}]}<\/script>\n<!-- \/ Yoast SEO plugin. -->","yoast_head_json":{"title":"Duchu \u015awi\u0119ty - dzia\u0142aj z ca\u0142\u0105 moc\u0105! - Gaudium Et Spes","robots":{"index":"index","follow":"follow","max-snippet":"max-snippet:-1","max-image-preview":"max-image-preview:large","max-video-preview":"max-video-preview:-1"},"canonical":"https:\/\/gaudiumetspes-blog.pl\/index.php\/2019\/06\/09\/duchu-swiety-dziaaj-z-caa-moca\/","og_locale":"pl_PL","og_type":"article","og_title":"Duchu \u015awi\u0119ty - dzia\u0142aj z ca\u0142\u0105 moc\u0105! - Gaudium Et Spes","og_description":"Niech b\u0119dzie pochwalony Jezus Chrystus! Moi Drodzy, w dniu dzisiejszym rocznic\u0119 \u015awi\u0119ce\u0144 kap\u0142a\u0144skich \u2013 i to w dodatku osiemnast\u0105, a wi\u0119c pe\u0142n\u0105 pe\u0142noletno\u015b\u0107 \u2013 prze\u017cywa m\u00f3j Brat, Ksi\u0105dz Kanonik Marek Ja\u015bkowski, Misjonarz na Syberii. Dzi\u0119kuj\u0105c Bogu za pi\u0119kne \u015bwiadectwo kap\u0142a\u0144skiej gorliwo\u015bci Jubilata, modlimy si\u0119 wszyscy o to, aby nigdy nie zabrak\u0142o owej tw\u00f3rczej aktywno\u015bci, zapa\u0142u, [&hellip;]","og_url":"https:\/\/gaudiumetspes-blog.pl\/index.php\/2019\/06\/09\/duchu-swiety-dziaaj-z-caa-moca\/","og_site_name":"Gaudium Et Spes","article_published_time":"2019-06-09T04:36:00+00:00","article_modified_time":"2019-07-31T11:04:04+00:00","author":"Ks. Jacek","twitter_card":"summary_large_image","twitter_misc":{"Napisane przez":"Ks. Jacek","Szacowany czas czytania":"12 minut"},"schema":{"@context":"https:\/\/schema.org","@graph":[{"@type":"WebPage","@id":"https:\/\/gaudiumetspes-blog.pl\/index.php\/2019\/06\/09\/duchu-swiety-dziaaj-z-caa-moca\/","url":"https:\/\/gaudiumetspes-blog.pl\/index.php\/2019\/06\/09\/duchu-swiety-dziaaj-z-caa-moca\/","name":"Duchu \u015awi\u0119ty - dzia\u0142aj z ca\u0142\u0105 moc\u0105! - Gaudium Et Spes","isPartOf":{"@id":"https:\/\/gaudiumetspes-blog.pl\/#website"},"datePublished":"2019-06-09T04:36:00+00:00","dateModified":"2019-07-31T11:04:04+00:00","author":{"@id":"https:\/\/gaudiumetspes-blog.pl\/#\/schema\/person\/1661982992b752dea8dff0d4ed845a65"},"breadcrumb":{"@id":"https:\/\/gaudiumetspes-blog.pl\/index.php\/2019\/06\/09\/duchu-swiety-dziaaj-z-caa-moca\/#breadcrumb"},"inLanguage":"pl-PL","potentialAction":[{"@type":"ReadAction","target":["https:\/\/gaudiumetspes-blog.pl\/index.php\/2019\/06\/09\/duchu-swiety-dziaaj-z-caa-moca\/"]}]},{"@type":"BreadcrumbList","@id":"https:\/\/gaudiumetspes-blog.pl\/index.php\/2019\/06\/09\/duchu-swiety-dziaaj-z-caa-moca\/#breadcrumb","itemListElement":[{"@type":"ListItem","position":1,"name":"Strona g\u0142\u00f3wna","item":"https:\/\/gaudiumetspes-blog.pl\/"},{"@type":"ListItem","position":2,"name":"Duchu \u015awi\u0119ty &#8211; dzia\u0142aj z&nbsp;ca\u0142\u0105 moc\u0105!"}]},{"@type":"WebSite","@id":"https:\/\/gaudiumetspes-blog.pl\/#website","url":"https:\/\/gaudiumetspes-blog.pl\/","name":"Gaudium Et Spes","description":"Blog Ks. Jacka Ja\u015bkowskiego","potentialAction":[{"@type":"SearchAction","target":{"@type":"EntryPoint","urlTemplate":"https:\/\/gaudiumetspes-blog.pl\/?s={search_term_string}"},"query-input":{"@type":"PropertyValueSpecification","valueRequired":true,"valueName":"search_term_string"}}],"inLanguage":"pl-PL"},{"@type":"Person","@id":"https:\/\/gaudiumetspes-blog.pl\/#\/schema\/person\/1661982992b752dea8dff0d4ed845a65","name":"Ks. Jacek","image":{"@type":"ImageObject","inLanguage":"pl-PL","@id":"https:\/\/gaudiumetspes-blog.pl\/#\/schema\/person\/image\/","url":"https:\/\/gaudiumetspes-blog.pl\/wp-content\/uploads\/2019\/07\/avatar-JJ-150x150.jpg","contentUrl":"https:\/\/gaudiumetspes-blog.pl\/wp-content\/uploads\/2019\/07\/avatar-JJ-150x150.jpg","caption":"Ks. Jacek"},"description":"Witam serdecznie! K\u0142ania si\u0119 Ks. Jacek Ja\u015bkowski. Nie jestem ani kim\u015b wa\u017cnym, ani kim\u015b znanym. Jestem ksi\u0119dzem, kt\u00f3ry po prostu chce rozmawia\u0107. Codzienna kap\u0142a\u0144ska pos\u0142uga pokazuje mi, \u017ce temat\u00f3w do rozm\u00f3w z ksi\u0119dzem jest coraz wi\u0119cej i dzisiaj \u017caden ksi\u0105dz nie mo\u017ce od nich ucieka\u0107, ale - wprost przeciwnie - podejmowa\u0107 nowe wyzwania. To przekonanie sk\u0142oni\u0142o mnie do pr\u00f3by otwarcia tego\u017c bloga, chocia\u017c okazji do rozm\u00f3w na co dzie\u0144 - w konfesjonale i poza nim - na szcz\u0119\u015bcie nie brakuje. My\u015bl\u0119 jednak, \u017ce ten blog b\u0119dzie jeszcze jednym sposobem i przestrzeni\u0105 nawi\u0105zania kontaktu z lud\u017ami dobrej woli, otwartymi na dialog.","url":"https:\/\/gaudiumetspes-blog.pl\/index.php\/author\/ks-jacek\/"}]}},"jetpack_featured_media_url":"","jetpack_sharing_enabled":true,"_links":{"self":[{"href":"https:\/\/gaudiumetspes-blog.pl\/index.php\/wp-json\/wp\/v2\/posts\/14576","targetHints":{"allow":["GET"]}}],"collection":[{"href":"https:\/\/gaudiumetspes-blog.pl\/index.php\/wp-json\/wp\/v2\/posts"}],"about":[{"href":"https:\/\/gaudiumetspes-blog.pl\/index.php\/wp-json\/wp\/v2\/types\/post"}],"author":[{"embeddable":true,"href":"https:\/\/gaudiumetspes-blog.pl\/index.php\/wp-json\/wp\/v2\/users\/1"}],"replies":[{"embeddable":true,"href":"https:\/\/gaudiumetspes-blog.pl\/index.php\/wp-json\/wp\/v2\/comments?post=14576"}],"version-history":[{"count":1,"href":"https:\/\/gaudiumetspes-blog.pl\/index.php\/wp-json\/wp\/v2\/posts\/14576\/revisions"}],"predecessor-version":[{"id":15333,"href":"https:\/\/gaudiumetspes-blog.pl\/index.php\/wp-json\/wp\/v2\/posts\/14576\/revisions\/15333"}],"wp:attachment":[{"href":"https:\/\/gaudiumetspes-blog.pl\/index.php\/wp-json\/wp\/v2\/media?parent=14576"}],"wp:term":[{"taxonomy":"category","embeddable":true,"href":"https:\/\/gaudiumetspes-blog.pl\/index.php\/wp-json\/wp\/v2\/categories?post=14576"},{"taxonomy":"post_tag","embeddable":true,"href":"https:\/\/gaudiumetspes-blog.pl\/index.php\/wp-json\/wp\/v2\/tags?post=14576"}],"curies":[{"name":"wp","href":"https:\/\/api.w.org\/{rel}","templated":true}]}}