{"id":14580,"date":"2019-06-05T05:21:00","date_gmt":"2019-06-05T03:21:00","guid":{"rendered":"https:\/\/gaudiumetspes-blog.pl\/index.php\/2019\/06\/05\/sens-trudnych-chwi\/"},"modified":"2019-07-31T13:03:37","modified_gmt":"2019-07-31T11:03:37","slug":"sens-trudnych-chwi","status":"publish","type":"post","link":"https:\/\/gaudiumetspes-blog.pl\/index.php\/2019\/06\/05\/sens-trudnych-chwi\/","title":{"rendered":"Sens trudnych chwil&#8230;"},"content":{"rendered":"<p><\/p>\n<div align=\"justify\" style=\"font-weight: normal; line-height: 150%; margin-bottom: 0cm;\">\n<span style=\"color: black;\"><span style=\"font-family: Book Antiqua, serif;\"><span style=\"font-size: x-large;\">Szcz\u0119\u015b\u0107<br \/>\nBo\u017ce! Moi Drodzy, w dniu dzisiejszym <b>urodziny prze\u017cywa Katarzyna<br \/>\nCentkowska, nale\u017c\u0105ca w swoim czasie do Wsp\u00f3lnoty m\u0142odzie\u017cowej w<br \/>\nBia\u0142ej Podlaskiej. Urodziny prze\u017cywa tak\u017ce Jakub Jakubik, by\u0142y<br \/>\nLektor i Grupowy w Miastkowie.<\/b><\/span><\/span><\/span><\/div>\n<div align=\"justify\" style=\"background: transparent; line-height: 150%; margin-bottom: 0cm; page-break-before: auto; text-indent: 1.3cm;\">\n<span style=\"color: black;\"><span style=\"font-family: Book Antiqua, serif;\"><span style=\"font-size: x-large;\"><b>Obojgu<br \/>\n\u015bwi\u0119tuj\u0105cym \u017cycz\u0119 nieustaj\u0105cej blisko\u015bci Pana i odwagi w<br \/>\noddawaniu si\u0119 Mu do pe\u0142nej dyspozycji. Obiecuj\u0119 te\u017c modlitw\u0119 w<br \/>\ntej intencji.<\/b><\/span><\/span><\/span><\/div>\n<div align=\"justify\" style=\"background: transparent; font-weight: normal; line-height: 150%; margin-bottom: 0cm; text-indent: 1.3cm;\">\n<span style=\"color: black;\"><span style=\"font-family: Book Antiqua, serif;\"><span style=\"font-size: x-large;\">A<br \/>\nWszystkim \u017cycz\u0119 b\u0142ogos\u0142awionego dnia!<\/span><\/span><\/span><\/div>\n<div align=\"center\" style=\"font-weight: normal; line-height: 150%; margin-bottom: 0cm;\">\n<span style=\"color: black;\"><span style=\"font-family: Book Antiqua, serif;\"><span style=\"font-size: x-large;\">Gaudium<br \/>\net spes!  Ks. Jacek<\/span><\/span><\/span><\/div>\n<div align=\"justify\" style=\"line-height: 150%; margin-bottom: 0cm;\">\n<span style=\"font-size: x-large;\"><\/p>\n<p><\/span><\/div>\n<div align=\"justify\" style=\"line-height: 150%; margin-bottom: 0cm;\">\n<span style=\"color: black;\"><span style=\"font-family: Book Antiqua, serif;\"><span style=\"font-size: x-large;\"><b>\u015aroda<br \/>\n7 Tygodnia Wielkanocy,<\/b><\/span><\/span><\/span><\/div>\n<div align=\"justify\" style=\"line-height: 150%; margin-bottom: 0cm;\">\n<span style=\"color: black;\"><span style=\"font-family: Book Antiqua, serif;\"><span style=\"font-size: x-large;\"><b>Wspomnienie<br \/>\n\u015aw. Bonifacego, Biskupa i M\u0119czennika,<\/b><\/span><\/span><\/span><\/div>\n<div align=\"justify\" style=\"line-height: 150%; margin-bottom: 0cm;\">\n<span style=\"color: black;\"><span style=\"font-family: Book Antiqua, serif;\"><span style=\"font-size: x-large;\"><b>do<br \/>\nczyta\u0144:  Dz 20,28\u201338;  J 17,11b\u201319<\/b><\/span><\/span><\/span><\/div>\n<div align=\"justify\" style=\"line-height: 150%; margin-bottom: 0cm;\">\n<span style=\"font-size: x-large;\"><\/p>\n<p><\/span><\/div>\n<div align=\"justify\" style=\"font-style: normal; font-variant: normal; letter-spacing: normal; line-height: 150%; margin-bottom: 0cm; page-break-before: auto;\">\n<span style=\"color: black;\"><span style=\"font-family: Book Antiqua, serif;\"><span style=\"font-size: x-large;\"><b>CZYTANIE<br \/>\nZ DZIEJ\u00d3W APOSTOLSKICH:<\/b><\/span><\/span><\/span><\/div>\n<div align=\"justify\" style=\"font-style: normal; font-variant: normal; letter-spacing: normal; line-height: 150%; margin-bottom: 0cm; page-break-before: auto; text-indent: 1.3cm;\">\n<span style=\"font-size: x-large;\"><span style=\"color: black;\"><span style=\"font-family: Book Antiqua, serif;\"><b>Pawe\u0142<br \/>\npowiedzia\u0142 do starszych Ko\u015bcio\u0142a efeskiego: \u201eUwa\u017cajcie na<br \/>\nsamych siebie i na ca\u0142\u0105 trzod\u0119, nad kt\u00f3r\u0105 Duch \u015awi\u0119ty<br \/>\nustanowi\u0142 was biskupami, aby\u015bcie kierowali Ko\u015bcio\u0142em Boga, kt\u00f3ry<br \/>\nOn naby\u0142 w\u0142asn\u0105 krwi\u0105. Wiem, \u017ce po moim odej\u015bciu wejd\u0105 mi\u0119dzy<br \/>\nwas wilki drapie\u017cne, nie oszcz\u0119dzaj\u0105c trzody. Tak\u017ce spo\u015br\u00f3d was<br \/>\nsamych powstan\u0105 ludzie, kt\u00f3rzy g\u0142osi\u0107 b\u0119d\u0105 przewrotne nauki,<br \/>\naby poci\u0105gn\u0105\u0107 za sob\u0105 uczni\u00f3w. <\/b><\/span><\/span><br \/>\n<\/span><\/div>\n<div align=\"justify\" style=\"font-style: normal; font-variant: normal; letter-spacing: normal; line-height: 150%; margin-bottom: 0cm; text-indent: 1.3cm;\">\n<span style=\"font-size: x-large;\"><span style=\"color: black;\"><span style=\"font-family: Book Antiqua, serif;\"><b>Dlatego<br \/>\nczuwajcie, pami\u0119taj\u0105c, \u017ce przez trzy lata we dnie i w nocy nie<br \/>\nprzestawa\u0142em ze \u0142zami upomina\u0107 ka\u017cdego z was. A teraz polecam was<br \/>\nBogu i s\u0142owu Jego \u0142aski w\u0142adnemu zbudowa\u0107 i da\u0107 dziedzictwo z<br \/>\nwszystkimi \u015bwi\u0119tymi. <\/b><\/span><\/span><br \/>\n<\/span><\/div>\n<div align=\"justify\" style=\"font-style: normal; font-variant: normal; letter-spacing: normal; line-height: 150%; margin-bottom: 0cm; text-indent: 1.3cm;\">\n<span style=\"font-size: x-large;\"><span style=\"color: black;\"><span style=\"font-family: Book Antiqua, serif;\"><b>Nie<br \/>\npo\u017c\u0105da\u0142em srebra ani z\u0142ota, ani szaty niczyjej. Sami wiecie, \u017ce<br \/>\nte r\u0119ce zarabia\u0142y na potrzeby moje i moich towarzyszy. We wszystkim<br \/>\npokaza\u0142em wam, \u017ce tak pracuj\u0105c trzeba wspiera\u0107 s\u0142abych i<br \/>\npami\u0119ta\u0107 o s\u0142owach Pana Jezusa, kt\u00f3ry powiedzia\u0142: \u00abWi\u0119cej<br \/>\nszcz\u0119\u015bcia jest w dawaniu ani\u017celi w braniu\u00bb\u201d. <\/b><\/span><\/span><br \/>\n<\/span><\/div>\n<div align=\"justify\" style=\"font-style: normal; font-variant: normal; letter-spacing: normal; line-height: 150%; margin-bottom: 0cm; text-indent: 1.3cm;\">\n<span style=\"color: black;\"><span style=\"font-family: Book Antiqua, serif;\"><span style=\"font-size: x-large;\"><b>Po<br \/>\ntych s\u0142owach upad\u0142 na kolana i modli\u0142 si\u0119 razem ze wszystkimi.<br \/>\nWtedy wszyscy wybuchn\u0119li wielkim p\u0142aczem. Rzucali si\u0119 Paw\u0142owi na<br \/>\nszyj\u0119 i ca\u0142owali go, smuc\u0105c si\u0119 najbardziej z tego, co<br \/>\npowiedzia\u0142: \u017ce ju\u017c nigdy go nie zobacz\u0105. Potem odprowadzili go na<br \/>\nstatek.<\/b><\/span><\/span><\/span><\/div>\n<div align=\"justify\" style=\"line-height: 150%; margin-bottom: 0cm;\">\n<span style=\"font-size: x-large;\"><\/p>\n<p><\/span><\/div>\n<div align=\"justify\" style=\"font-style: normal; font-variant: normal; letter-spacing: normal; line-height: 150%; margin-bottom: 0cm;\">\n<span style=\"font-size: x-large;\"><span style=\"color: black;\"><span style=\"font-family: Book Antiqua, serif;\"><b>S\u0141OWA<br \/>\nEWANGELII WED\u0141UG \u015aWI\u0118TEGO JANA: <\/b><\/span><\/span><br \/>\n<\/span><\/div>\n<div align=\"justify\" style=\"font-style: normal; font-variant: normal; letter-spacing: normal; line-height: 150%; margin-bottom: 0cm; page-break-before: auto; text-indent: 1.3cm;\">\n<span style=\"font-size: x-large;\"><span style=\"color: black;\"><span style=\"font-family: Book Antiqua, serif;\"><b>W<br \/>\nczasie ostatniej wieczerzy Jezus podni\u00f3s\u0142szy oczy ku niebu, modli\u0142<br \/>\nsi\u0119 tymi s\u0142owami: <\/b><\/span><\/span><br \/>\n<\/span><\/div>\n<div align=\"justify\" style=\"font-style: normal; font-variant: normal; letter-spacing: normal; line-height: 150%; margin-bottom: 0cm; text-indent: 1.3cm;\">\n<span style=\"font-size: x-large;\"><span style=\"color: black;\">\u201e<span style=\"font-family: Book Antiqua, serif;\"><b>Ojcze<br \/>\n\u015awi\u0119ty, zachowaj ich w Twoim imieniu, kt\u00f3re Mi da\u0142e\u015b, aby tak<br \/>\njak My stanowili jedno. Dop\u00f3ki z nimi by\u0142em, zachowywa\u0142em ich w<br \/>\nTwoim imieniu, kt\u00f3re Mi da\u0142e\u015b, i ustrzeg\u0142em ich, a nikt z nich<br \/>\nnie zgin\u0105\u0142 z wyj\u0105tkiem syna zatracenia, aby si\u0119 spe\u0142ni\u0142o Pismo.<br \/>\n<\/b><\/span><\/span><br \/>\n<\/span><\/div>\n<div align=\"justify\" style=\"line-height: 150%; margin-bottom: 0cm; text-indent: 1.3cm;\">\n<span style=\"font-size: x-large;\"><span style=\"color: black;\"><span style=\"font-family: Book Antiqua, serif;\"><b><span style=\"font-variant: normal;\"><span style=\"letter-spacing: normal;\"><span style=\"font-style: normal;\">Ale<br \/>\nteraz id\u0119 do Ciebie i tak m\u00f3wi\u0119, b\u0119d\u0105c jeszcze na \u015bwiecie, aby<br \/>\nmoj\u0105 rado\u015b\u0107 mieli w sobie w ca\u0142ej pe\u0142ni. Ja im przekaza\u0142em<br \/>\nTwoje s\u0142owo, a \u015bwiat ich znienawidzi\u0142 za to, \u017ce nie s\u0105 ze<br \/>\n\u015bwiata, jak i Ja nie jestem ze \u015bwiata. Nie pragn\u0119, aby\u015b ich<br \/>\nzabra\u0142 ze \u015bwiata, ale by\u015b ich ustrzeg\u0142 od z\u0142ego. Oni nie s\u0105 ze<br \/>\n\u015bwiata, jak i Ja nie jestem ze \u015bwiata. <\/span><\/span><\/span><\/b><\/span><\/span><br \/>\n<\/span><\/div>\n<div align=\"justify\" style=\"font-style: normal; font-variant: normal; letter-spacing: normal; line-height: 150%; margin-bottom: 0cm; text-indent: 1.3cm;\">\n<span style=\"color: black;\"><span style=\"font-family: Book Antiqua, serif;\"><span style=\"font-size: x-large;\"><b>U\u015bwi\u0119\u0107<br \/>\nich w prawdzie. S\u0142owo Twoje jest prawd\u0105. Jak Ty Mnie pos\u0142a\u0142e\u015b na<br \/>\n\u015bwiat, tak i Ja ich na \u015bwiat pos\u0142a\u0142em. A za nich Ja po\u015bwi\u0119cam w<br \/>\nofierze samego siebie, aby i oni byli u\u015bwi\u0119ceni w prawdzie\u201d.<\/b><\/span><\/span><\/span><\/div>\n<div align=\"justify\" style=\"line-height: 150%; margin-bottom: 0cm;\">\n<span style=\"font-size: x-large;\"><\/p>\n<p><\/span><\/div>\n<div align=\"justify\" style=\"background: transparent; line-height: 150%; margin-bottom: 0cm; page-break-before: auto; text-indent: 1.3cm;\">\n<span style=\"font-size: x-large;\"><span style=\"color: black;\"><span style=\"font-family: Book Antiqua, serif;\">Co<br \/>\nczuje cz\u0142owiek w takim momencie, w kt\u00f3rym <b>\u017cegna si\u0119 z lud\u017ami<br \/>\nbliskimi sobie<\/b> i ukochanymi, stanowi\u0105cymi du\u017c\u0105 cz\u0119\u015b\u0107 jego<br \/>\n\u017cycia, du\u017c\u0105 cz\u0119\u015b\u0107 jego serca \u2013 lud\u017ami, z kt\u00f3rymi tak wiele<br \/>\nrazem prze\u017cy\u0142, a teraz ma si\u0119 z nimi rozsta\u0107 i ju\u017c wi\u0119cej nigdy<br \/>\nsi\u0119 nie spotka\u0107. <\/span><\/span><br \/>\n<\/span><\/div>\n<div align=\"justify\" style=\"background: transparent; line-height: 150%; margin-bottom: 0cm; text-indent: 1.3cm;\">\n<span style=\"font-size: x-large;\"><span style=\"color: black;\"><span style=\"font-family: Book Antiqua, serif;\">Owszem,<br \/>\nmy ju\u017c dzisiaj wiemy, \u017ce przewidywania Paw\u0142a, jakoby mia\u0142 ju\u017c<br \/>\nnie zobaczy\u0107 nigdy Efezjan, <b>ostatecznie si\u0119 nie sprawdzi\u0142y<\/b><br \/>\ni Pawe\u0142 dotar\u0142 jeszcze do nich, ale w tym momencie by\u0142 on<br \/>\n<b>najg\u0142\u0119biej przekonany,<\/b> \u017ce jest to ostatnie jego spotkanie z<br \/>\nnimi \u2013 i oni byli o tym przekonani, skoro bowiem Pawe\u0142 im tak<br \/>\npowiedzia\u0142, to znaczy, \u017ce tak ma by\u0107. <b>Co zatem czuje cz\u0142owiek<br \/>\nw takim momencie?<\/b> <\/span><\/span><br \/>\n<\/span><\/div>\n<div align=\"justify\" style=\"background: transparent; line-height: 150%; margin-bottom: 0cm; text-indent: 1.3cm;\">\n<span style=\"font-size: x-large;\"><span style=\"color: black;\"><span style=\"font-family: Book Antiqua, serif;\">Czy<br \/>\ntaki <b>rozdzieraj\u0105cy b\u00f3l serca,<\/b> czy taki wielki smutek, jak<br \/>\nten, kt\u00f3ry kaza\u0142 Efezjanom rzuca\u0107 si\u0119 Paw\u0142owi na szyj\u0119 i z<br \/>\np\u0142aczem \u017cegna\u0107 go po raz ostatni? Zapewne, wielu z nas takie<br \/>\nprze\u017cycia pami\u0119ta \u2013 szczeg\u00f3lnie zwi\u0105zane z <b>po\u017cegnaniem<br \/>\nbliskiej osoby, odchodz\u0105cej do wieczno\u015bci.<\/b> Wtedy ju\u017c nie ma<br \/>\n\u017cadnej w\u0105tpliwo\u015bci, \u017ce na tym \u015bwiecie nie nast\u0105pi nigdy \u017cadne<br \/>\nspotkanie \u2013 a\u017c dopiero w wieczno\u015bci. Co w takiej sytuacji czuje<br \/>\ncz\u0142owiek, kt\u00f3ry \u017cegna blisk\u0105 sobie osob\u0119? Pewnie nawet <b>nie<br \/>\nchce si\u0119 wspomina\u0107\u2026 <\/b><\/span><\/span><br \/>\n<\/span><\/div>\n<div align=\"justify\" style=\"background: transparent; line-height: 150%; margin-bottom: 0cm; text-indent: 1.3cm;\">\n<span style=\"font-size: x-large;\"><span style=\"color: black;\"><span style=\"font-family: Book Antiqua, serif;\">Paw\u0142owi<br \/>\ntak\u017ce na pewno by\u0142o bardzo ci\u0119\u017cko \u2013 tak po ludzku. I chyba<br \/>\nJezusowi te\u017c, kiedy \u2013 jak s\u0142yszymy w Ewangelii \u2013 modli si\u0119 za<br \/>\nswoich uczni\u00f3w w czasie Ostatniej Wieczerzy, a wi\u0119c w chwili<br \/>\npo\u017cegnania: <i><b>T<\/b><\/i><span style=\"font-variant: normal;\"><span style=\"letter-spacing: normal;\"><i><b>eraz<br \/>\nid\u0119 do Ciebie i tak m\u00f3wi\u0119, b\u0119d\u0105c jeszcze na \u015bwiecie, aby moj\u0105<br \/>\nrado\u015b\u0107 mieli w sobie w ca\u0142ej pe\u0142ni. Ja im przekaza\u0142em Twoje<br \/>\ns\u0142owo, a \u015bwiat ich znienawidzi\u0142 za to, \u017ce nie s\u0105 ze \u015bwiata, jak<br \/>\ni Ja nie jestem ze \u015bwiata. Nie pragn\u0119, aby\u015b ich zabra\u0142 ze \u015bwiata,<br \/>\nale by\u015b ich ustrzeg\u0142 od z\u0142ego. Oni nie s\u0105 ze \u015bwiata, jak i Ja<br \/>\nnie jestem<\/b><\/i><\/span><\/span><span style=\"font-variant: normal;\"><span style=\"letter-spacing: normal;\"><span style=\"font-style: normal;\"><b><br \/>\n<\/b><\/span><\/span><\/span><span style=\"font-variant: normal;\"><span style=\"letter-spacing: normal;\"><i><b>ze<br \/>\n\u015bwiata. <\/b><\/i><\/span><\/span><\/span><\/span><br \/>\n<\/span><\/div>\n<div align=\"justify\" style=\"background: transparent; font-weight: normal; line-height: 150%; margin-bottom: 0cm; text-indent: 1.3cm;\">\n<span style=\"font-size: x-large;\"><span style=\"color: black;\"><span style=\"font-family: Book Antiqua, serif;\"><span style=\"font-variant: normal;\"><span style=\"letter-spacing: normal;\"><span style=\"font-style: normal;\">Pawe\u0142<br \/>\n<\/span><\/span><\/span><span style=\"font-variant: normal;\"><span style=\"letter-spacing: normal;\"><span style=\"font-style: normal;\">za\u015b<\/span><\/span><\/span><span style=\"font-variant: normal;\"><span style=\"letter-spacing: normal;\"><span style=\"font-style: normal;\">,<br \/>\n\u017cegnaj\u0105c si\u0119 z Efezjanami, najpierw przestrzega: <\/span><\/span><\/span><span style=\"font-variant: normal;\"><span style=\"letter-spacing: normal;\"><i><b>Uwa\u017cajcie<br \/>\nna samych siebie i na ca\u0142\u0105 trzod\u0119, nad kt\u00f3r\u0105 Duch \u015awi\u0119ty<br \/>\nustanowi\u0142 was biskupami, aby\u015bcie kierowali Ko\u015bcio\u0142em Boga, kt\u00f3ry<br \/>\nOn naby\u0142 w\u0142asn\u0105 krwi\u0105. Wiem, \u017ce po moim odej\u015bciu wejd\u0105 mi\u0119dzy<br \/>\nwas wilki drapie\u017cne, nie oszcz\u0119dzaj\u0105c trzody. Tak\u017ce spo\u015br\u00f3d was<br \/>\nsamych powstan\u0105 ludzie, kt\u00f3rzy g\u0142osi\u0107 b\u0119d\u0105 przewrotne nauki,<br \/>\naby poci\u0105gn\u0105\u0107 za sob\u0105 uczni\u00f3w.<\/b><\/i><\/span><\/span><span style=\"font-variant: normal;\"><span style=\"letter-spacing: normal;\"><span style=\"font-style: normal;\"><b><br \/>\n<\/b><\/span><\/span><\/span><span style=\"font-variant: normal;\"><span style=\"letter-spacing: normal;\"><span style=\"font-style: normal;\">Po<br \/>\nczym m\u00f3wi: <\/span><\/span><\/span><span style=\"font-variant: normal;\"><span style=\"letter-spacing: normal;\"><i><b>Dlatego<br \/>\nczuwajcie, pami\u0119taj\u0105c, \u017ce przez trzy lata we dnie i w nocy nie<br \/>\nprzestawa\u0142em ze \u0142zami upomina\u0107 ka\u017cdego z was. A teraz polecam was<br \/>\nBogu i s\u0142owu Jego \u0142aski w\u0142adnemu zbudowa\u0107 i da\u0107 dziedzictwo z<br \/>\nwszystkimi \u015bwi\u0119tymi.<\/b><\/i><\/span><\/span><span style=\"font-variant: normal;\"><span style=\"letter-spacing: normal;\"><span style=\"font-style: normal;\"><br \/>\n<\/span><\/span><\/span><\/span><\/span><br \/>\n<\/span><\/div>\n<div align=\"justify\" style=\"background: transparent; font-weight: normal; line-height: 150%; margin-bottom: 0cm; text-indent: 1.3cm;\">\n<span style=\"font-size: x-large;\"><span style=\"color: black;\"><span style=\"font-family: Book Antiqua, serif;\"><span style=\"font-variant: normal;\"><span style=\"letter-spacing: normal;\"><span style=\"font-style: normal;\">Mo\u017cna<br \/>\nzatem powiedzie\u0107, \u017ce tak w przypadku Jezusa, jak i Paw\u0142a \u2013 ponad<br \/>\ntym ludzkim b\u00f3lem rozstania <\/span><\/span><\/span><span style=\"font-variant: normal;\"><span style=\"letter-spacing: normal;\"><span style=\"font-style: normal;\"><b>stan\u0119\u0142a<br \/>\n\u015bwiadomo\u015b\u0107 wielkiej misji, <\/b><\/span><\/span><\/span><span style=\"font-variant: normal;\"><span style=\"letter-spacing: normal;\"><span style=\"font-style: normal;\">wielkiego<br \/>\nzadania, jakie mieli do spe\u0142nienia. I jak<\/span><\/span><\/span><span style=\"font-variant: normal;\"><span style=\"letter-spacing: normal;\"><span style=\"font-style: normal;\">ie<\/span><\/span><\/span><span style=\"font-variant: normal;\"><span style=\"letter-spacing: normal;\"><span style=\"font-style: normal;\"><br \/>\nspe\u0142nili. Ich prze\u017cycia \u2013 niew\u0105tpliwie bardzo trudne \u2013 <\/span><\/span><\/span><span style=\"font-variant: normal;\"><span style=\"letter-spacing: normal;\"><span style=\"font-style: normal;\"><b>wpisane<br \/>\nzosta\u0142y w t\u0119 misj\u0119,<\/b><\/span><\/span><\/span><span style=\"font-variant: normal;\"><span style=\"letter-spacing: normal;\"><span style=\"font-style: normal;\"><br \/>\nsta\u0142y si\u0119 jej cz\u0119\u015bci\u0105. A w ten spos\u00f3b zyska\u0142y naprawd\u0119 wielki<br \/>\nsens. <\/span><\/span><\/span><\/span><\/span><br \/>\n<\/span><\/div>\n<div align=\"justify\" style=\"background: transparent; font-weight: normal; line-height: 150%; margin-bottom: 0cm; text-indent: 1.3cm;\">\n<span style=\"font-size: x-large;\"><span style=\"color: black;\"><span style=\"font-family: Book Antiqua, serif;\"><span style=\"font-variant: normal;\"><span style=\"letter-spacing: normal;\"><span style=\"font-style: normal;\">I<br \/>\nchyba mo\u017cna te\u017c m\u00f3wi\u0107 <\/span><\/span><\/span><span style=\"font-variant: normal;\"><span style=\"letter-spacing: normal;\"><span style=\"font-style: normal;\"><b>o<br \/>\njakim\u015b pocieszeniu, podtrzymaniu na duchu,<\/b><\/span><\/span><\/span><span style=\"font-variant: normal;\"><span style=\"letter-spacing: normal;\"><span style=\"font-style: normal;\"><br \/>\nskoro bowiem ma <\/span><\/span><\/span><span style=\"font-variant: normal;\"><span style=\"letter-spacing: normal;\"><span style=\"font-style: normal;\">si\u0119<\/span><\/span><\/span><span style=\"font-variant: normal;\"><span style=\"letter-spacing: normal;\"><span style=\"font-style: normal;\"><br \/>\n\u015bwiadomo\u015b\u0107, \u017ce moje odej\u015bcie, czy moje rozstanie z kim\u015b, moja<br \/>\nrezygnacja z czego\u015b <\/span><\/span><\/span><span style=\"font-variant: normal;\"><span style=\"letter-spacing: normal;\"><span style=\"font-style: normal;\"><b>ma<br \/>\npos\u0142u\u017cy\u0107 wi\u0119kszemu dobru,<\/b><\/span><\/span><\/span><span style=\"font-variant: normal;\"><span style=\"letter-spacing: normal;\"><span style=\"font-style: normal;\"><br \/>\nto w\u00f3wczas zupe\u0142nie inaczej b\u0119d\u0119 to prze\u017cywa\u0142: nie jako<br \/>\ntragedi\u0119, rozpacz, pow\u00f3d do za\u0142amania, ale jako <\/span><\/span><\/span><span style=\"font-variant: normal;\"><span style=\"letter-spacing: normal;\"><span style=\"font-style: normal;\"><b>element<br \/>\npewnego wi\u0119kszego dobra.<\/b><\/span><\/span><\/span><span style=\"font-variant: normal;\"><span style=\"letter-spacing: normal;\"><span style=\"font-style: normal;\"><br \/>\nTak, dobra, kt\u00f3re B\u00f3g z pewno\u015bci\u0105 z ca\u0142ej sytuacji wyprowadzi. <\/span><\/span><\/span><\/span><\/span><br \/>\n<\/span><\/div>\n<div align=\"justify\" style=\"background: transparent; font-weight: normal; line-height: 150%; margin-bottom: 0cm; text-indent: 1.3cm;\">\n<span style=\"color: black;\"><span style=\"font-family: Book Antiqua, serif;\"><span style=\"font-size: x-large;\"><span style=\"font-variant: normal;\"><span style=\"letter-spacing: normal;\"><span style=\"font-style: normal;\">Wa\u017cne<br \/>\njest natomiast, by m\u00f3c \u2013 tak, jak Jezus, czy Pawe\u0142 \u2013 mie\u0107<br \/>\n\u015bwiadomo\u015b\u0107, \u017ce <\/span><\/span><\/span><span style=\"font-variant: normal;\"><span style=\"letter-spacing: normal;\"><span style=\"font-style: normal;\"><b>dobrze<br \/>\nsi\u0119 wype\u0142ni\u0142o swoje dzie\u0142o<\/b><\/span><\/span><\/span><span style=\"font-variant: normal;\"><span style=\"letter-spacing: normal;\"><span style=\"font-style: normal;\"><br \/>\ni mo\u017cna ka\u017cdemu z ludzi <\/span><\/span><\/span><span style=\"font-variant: normal;\"><span style=\"letter-spacing: normal;\"><span style=\"font-style: normal;\"><b>spojrze\u0107<br \/>\nprosto w oczy,<\/b><\/span><\/span><\/span><span style=\"font-variant: normal;\"><span style=\"letter-spacing: normal;\"><span style=\"font-style: normal;\"><br \/>\nwskazuj\u0105c na konkretne dobro, jakie si\u0119 po sobie pozostawia.<\/span><\/span><\/span><\/span><\/span><\/span><\/div>\n<div align=\"justify\" style=\"background: transparent; font-weight: normal; line-height: 150%; margin-bottom: 0cm; text-indent: 1.3cm;\">\n<span style=\"color: black;\"><span style=\"font-family: Book Antiqua, serif;\"><span style=\"font-size: x-large;\"><span style=\"font-variant: normal;\"><span style=\"letter-spacing: normal;\"><span style=\"font-style: normal;\">Czy<br \/>\npotrafi\u0119 w\u0142a\u015bnie w taki spos\u00f3b patrze\u0107 na trudne momenty w moim<br \/>\n\u017cyciu, kt\u00f3re mnie spotykaj\u0105? Czy staram si\u0119 je <\/span><\/span><\/span><span style=\"font-variant: normal;\"><span style=\"letter-spacing: normal;\"><span style=\"font-style: normal;\"><b>zobaczy\u0107<br \/>\nw jakim\u015b szerszym kontek\u015bcie,<\/b><\/span><\/span><\/span><span style=\"font-variant: normal;\"><span style=\"letter-spacing: normal;\"><span style=\"font-style: normal;\"><br \/>\ntak\u017ce \u2013 a mo\u017ce: przede wszystkim \u2013 jako <\/span><\/span><\/span><span style=\"font-variant: normal;\"><span style=\"letter-spacing: normal;\"><span style=\"font-style: normal;\"><b>element<br \/>\nmojej wsp\u00f3\u0142pracy z Jezusem,<\/b><\/span><\/span><\/span><span style=\"font-variant: normal;\"><span style=\"letter-spacing: normal;\"><span style=\"font-style: normal;\"><br \/>\nkt\u00f3ry mo\u017ce w\u0142a\u015bnie w taki spos\u00f3b chce uczyni\u0107 konkretne dobro w<br \/>\n\u017cyciu moim i moich bliskich? I czy w ka\u017cdej takiej sytuacji mog\u0119<br \/>\n\u015bmia\u0142o stwierdzi\u0107, \u017ce ze swej strony <\/span><\/span><\/span><span style=\"font-variant: normal;\"><span style=\"letter-spacing: normal;\"><span style=\"font-style: normal;\"><b>zrobi\u0142em<br \/>\nwszystko, co do mnie nale\u017ca\u0142o?<\/b><\/span><\/span><\/span><\/span><\/span><\/span><\/div>\n<div align=\"justify\" style=\"background: transparent; font-weight: normal; line-height: 150%; margin-bottom: 0cm; text-indent: 1.3cm;\">\n<span style=\"color: black;\"><span style=\"font-family: Book Antiqua, serif;\"><span style=\"font-size: x-large;\"><span style=\"font-variant: normal;\"><span style=\"letter-spacing: normal;\"><span style=\"font-style: normal;\">Z<br \/>\npewno\u015bci\u0105, w spos\u00f3b w pe\u0142ni twierdz\u0105cy m\u00f3g\u0142 na te pytania<br \/>\nodpowiedzie\u0107 Patron dnia dzisiejszego,<\/span><\/span><\/span><span style=\"font-variant: normal;\"><span style=\"letter-spacing: normal;\"><span style=\"font-style: normal;\"><b><br \/>\n\u015awi\u0119ty Bonifacy, Biskup i M\u0119czennik.<\/b><\/span><\/span><\/span><\/span><\/span><\/span><\/div>\n<div align=\"justify\" style=\"background: transparent; line-height: 150%; margin-bottom: 0cm; text-indent: 1.3cm;\">\n<span style=\"font-size: x-large;\"><span style=\"color: black;\"><span style=\"font-family: Book Antiqua, serif;\"><span style=\"font-weight: normal;\">Urodzi\u0142<br \/>\nsi\u0119 oko\u0142o<\/span><\/span><span style=\"font-family: Book Antiqua, serif;\"><b> 673<br \/>\nroku w Anglii. <\/b><\/span><span style=\"font-family: Book Antiqua, serif;\">Na Chrzcie<br \/>\notrzyma\u0142 imi\u0119 Winfryd. Czuj\u0105c ju\u017c od m\u0142odo\u015bci pragnienie<br \/>\npo\u015bwi\u0119cenia si\u0119 s\u0142u\u017cbie Bo\u017cej, zosta\u0142 benedyktynem w opactwie<br \/>\nExeter, nast\u0119pnie w opactwie w Nursling. <\/span><span style=\"font-family: Book Antiqua, serif;\"><b>\u015awi\u0119cenia<br \/>\nkap\u0142a\u0144skie otrzyma\u0142 oko\u0142o trzydziestego roku \u017cycia.<\/b><\/span><span style=\"font-family: Book Antiqua, serif;\"><br \/>\nZaraz po \u015bwi\u0119ceniach opat wyznaczy\u0142 mu funkcj\u0119 kierownika szko\u0142y<br \/>\nw Nursling. Jako benedyktyn przyj\u0105\u0142 imi\u0119: <\/span><span style=\"font-family: Book Antiqua, serif;\"><b>Bonifacy.<br \/>\n<\/b><\/span><\/span><br \/>\n<\/span><\/div>\n<div align=\"justify\" style=\"background: transparent; line-height: 150%; margin-bottom: 0cm; text-indent: 1.3cm;\">\n<span style=\"font-size: x-large;\"><span style=\"color: black;\"><span style=\"font-family: Book Antiqua, serif;\">Po<br \/>\npewnym czasie uda\u0142 si\u0119 <\/span><span style=\"font-family: Book Antiqua, serif;\"><b>na<br \/>\nmisje, na teren dzisiejszych p\u00f3\u0142nocnych Niemiec i Holandii.<\/b><\/span><span style=\"font-family: Book Antiqua, serif;\"><br \/>\nSzybko musia\u0142 jednak powr\u00f3ci\u0107 do swojego klasztoru, bo w miejscu<br \/>\njego misyjnej pracy wybuch\u0142a wojna. W\u0142a\u015bnie wtedy, w swoim<br \/>\nklasztorze <\/span><span style=\"font-family: Book Antiqua, serif;\"><b>wybrany zosta\u0142<br \/>\nopatem.<\/b><\/span><span style=\"font-family: Book Antiqua, serif;\"> Nie pozosta\u0142<br \/>\njednak d\u0142ugo na tym zaszczytnym stanowisku, gdy\u017c <\/span><span style=\"font-family: Book Antiqua, serif;\"><b>w<br \/>\nroku 718 wybra\u0142 si\u0119 ponownie do Niemiec,<\/b><\/span><span style=\"font-family: Book Antiqua, serif;\"><br \/>\ngdzie pracowa\u0142 oko\u0142o trzech lat. Trud misyjny Bonifacego wydawa\u0142<br \/>\nniezwyk\u0142e owoce. W tym kr\u00f3tkim czasie mia\u0142 ochrzci\u0107 <\/span><span style=\"font-family: Book Antiqua, serif;\"><b>oko\u0142o<br \/>\nkilka tysi\u0119cy germa\u0144skich pogan.<\/b><\/span><span style=\"font-family: Book Antiqua, serif;\"><br \/>\n<\/span><\/span><br \/>\n<\/span><\/div>\n<div align=\"justify\" style=\"background: transparent; line-height: 150%; margin-bottom: 0cm; text-indent: 1.3cm;\">\n<span style=\"font-size: x-large;\"><span style=\"color: black;\"><span style=\"font-family: Book Antiqua, serif;\">W<br \/>\ncelu om\u00f3wienia z Papie\u017cem zorganizowania sta\u0142ej administracji<br \/>\nko\u015bcielnej na terenie Niemiec, Bonifacy uda\u0142 si\u0119 ponownie do<br \/>\nRzymu. Wyja\u015bni\u0142 Papie\u017cowi stan misji i jej potrzeby. Wtedy<br \/>\n<\/span><span style=\"font-family: Book Antiqua, serif;\"><b>Grzegorz II udzieli\u0142 mu<br \/>\n\u015bwi\u0119ce\u0144 biskupich <\/b><\/span><span style=\"font-family: Book Antiqua, serif;\"><span style=\"font-weight: normal;\">i<br \/>\nda\u0142 mu pe\u0142nomocnictwa, jakie tylko by\u0142y konieczne dla<br \/>\nsprawniejszej akcji misyjnej.<\/span><\/span><span style=\"font-family: Book Antiqua, serif;\"><br \/>\nPoniewa\u017c coraz bardziej potrzeba by\u0142o nowych misjonarzy, \u015awi\u0119ty<br \/>\nBonifacy zwr\u00f3ci\u0142 si\u0119 z apelem do klasztor\u00f3w w Anglii o pomoc.<br \/>\nBenedyktyni przys\u0142ali <\/span><span style=\"font-family: Book Antiqua, serif;\"><b>mu<br \/>\nlicznych i gorliwych pomocnik\u00f3w.<\/b><\/span><span style=\"font-family: Book Antiqua, serif;\"><br \/>\n<\/span><\/span><br \/>\n<\/span><\/div>\n<div align=\"justify\" style=\"background: transparent; line-height: 150%; margin-bottom: 0cm; text-indent: 1.3cm;\">\n<span style=\"font-size: x-large;\"><span style=\"color: black;\"><span style=\"font-family: Book Antiqua, serif;\">Korzystaj\u0105c<br \/>\nz <\/span><span style=\"font-family: Book Antiqua, serif;\"><b>uprawnie\u0144 metropolity<br \/>\nmisyjnego, <\/b><\/span><span style=\"font-family: Book Antiqua, serif;\">mianowa\u0142 nasz<br \/>\n\u015awi\u0119ty dw\u00f3ch biskup\u00f3w i za\u0142o\u017cy\u0142 wiele plac\u00f3wek sta\u0142ych, od<br \/>\ntych\u017ce biskup\u00f3w zale\u017cnych. Nadto za\u0142o\u017cy\u0142 szereg klasztor\u00f3w:<br \/>\nbenedyktyn\u00f3w i benedyktynek. Uradowany tak pomy\u015blnymi wynikami jego<br \/>\npracy, <\/span><span style=\"font-family: Book Antiqua, serif;\"><span style=\"font-weight: normal;\">\u015awi\u0119ty<br \/>\nPapie\u017c Grzegorz III wezwa\u0142 go do Rzymu<\/span><\/span><span style=\"font-family: Book Antiqua, serif;\"><b><br \/>\ni na\u0142o\u017cy\u0142 mu uroczy\u015bcie paliusz metropolity \u2013 arcybiskupa,<\/b><\/span><span style=\"font-family: Book Antiqua, serif;\"><br \/>\nz w\u0142adz\u0105 mianowania i konsekrowania biskup\u00f3w na terytorium<br \/>\nNiemiec, na wsch\u00f3d od Renu. Ponadto, Papie\u017c mianowa\u0142 Bonifacego<br \/>\nswoim legatem na Frankoni\u0119 i Niemcy. <\/span><\/span><br \/>\n<\/span><\/div>\n<div align=\"justify\" style=\"background: transparent; line-height: 150%; margin-bottom: 0cm; text-indent: 1.3cm;\">\n<span style=\"font-size: x-large;\"><span style=\"color: black;\"><span style=\"font-family: Book Antiqua, serif;\">Na<br \/>\nmocy tak rozleg\u0142ej w\u0142adzy, nasz dzisiejszy Patron <\/span><span style=\"font-family: Book Antiqua, serif;\"><b>zwo\u0142a\u0142<br \/>\ndo Bawarii synod, aby do administracji ko\u015bcielnej wprowadzi\u0107 \u0142ad,<\/b><\/span><span style=\"font-family: Book Antiqua, serif;\"><br \/>\ngdy\u017c dotychczasowa akcja mia\u0142a zbyt wyra\u017any charakter okazjonalny<br \/>\ni chaotyczny. Dzi\u0119ki poparciu ksi\u0119cia Odilona, zdo\u0142a\u0142 nadto<br \/>\nprzywr\u00f3ci\u0107 karno\u015b\u0107 ko\u015bcieln\u0105 i ustanowi\u0107 kilka biskupstw. <\/span><\/span><br \/>\n<\/span><\/div>\n<div align=\"justify\" style=\"background: transparent; line-height: 150%; margin-bottom: 0cm; text-indent: 1.3cm;\">\n<span style=\"font-size: x-large;\"><span style=\"color: black;\"><span style=\"font-family: Book Antiqua, serif;\">Z<br \/>\nkolei, <\/span><span style=\"font-family: Book Antiqua, serif;\"><b>we Francji w owym<br \/>\nczasie nie zwo\u0142ywano \u017cadnych synod\u00f3w.<\/b><\/span><span style=\"font-family: Book Antiqua, serif;\"><br \/>\nWiele stolic biskupich by\u0142o nie obsadzonych. W\u015br\u00f3d duchowie\u0144stwa<br \/>\ni wiernych upadek karno\u015bci ko\u015bcielnej by\u0142 jaskrawo widoczny.<br \/>\nRaport o tej sytuacji Bonifacy przes\u0142a\u0142 do Rzymu, do nowego<br \/>\nPapie\u017ca, \u015awi\u0119tego Zachariasza. Otrzyma\u0142 wtedy od niego <\/span><span style=\"font-family: Book Antiqua, serif;\"><span style=\"font-weight: normal;\">polecenie,<br \/>\nby<\/span><\/span><span style=\"font-family: Book Antiqua, serif;\"><b> jako legat<br \/>\npapieski zabra\u0142 si\u0119 do koniecznej reformy. <\/b><\/span><span style=\"font-family: Book Antiqua, serif;\"><span style=\"font-weight: normal;\">Przeprowadzi\u0142<br \/>\nj\u0105 <\/span><\/span><span style=\"font-family: Book Antiqua, serif;\"><b>na synodzie<br \/>\ngeneralnym, w roku 743.<\/b><\/span><span style=\"font-family: Book Antiqua, serif;\"><br \/>\nUchwa\u0142y tam podj\u0119te potwierdzi\u0142y synody miejscowe. Ciesz\u0105c si\u0119 z<br \/>\ntak obiecuj\u0105cej reformy w Galii, <\/span><span style=\"font-family: Book Antiqua, serif;\"><b>Bonifacy<br \/>\nzaproponowa\u0142 podobn\u0105 reform\u0119 Prymasowi Anglii, Kutbertowi,<\/b><\/span><span style=\"font-family: Book Antiqua, serif;\"><br \/>\nkt\u00f3ry j\u0105 faktycznie owocnie przeprowadzi\u0142. <\/span><\/span><br \/>\n<\/span><\/div>\n<div align=\"justify\" style=\"background: transparent; line-height: 150%; margin-bottom: 0cm; text-indent: 1.3cm;\">\n<span style=\"font-size: x-large;\"><span style=\"color: black;\"><span style=\"font-family: Book Antiqua, serif;\">Maj\u0105c<br \/>\nosiemdziesi\u0105t lat, <\/span><span style=\"font-family: Book Antiqua, serif;\"><b>po raz<br \/>\ntrzeci uda\u0142 si\u0119 Bonifacy na misje do Niemiec.<\/b><\/span><span style=\"font-family: Book Antiqua, serif;\"><br \/>\nKiedy jednak zapu\u015bci\u0142 si\u0119 w g\u0142\u0105b kraju, zosta\u0142 napadni\u0119ty<br \/>\nprzez pogan i wraz z pi\u0119\u0107dziesi\u0119cioma dwoma Towarzyszami<\/span><span style=\"font-family: Book Antiqua, serif;\"><b><br \/>\nzamordowany, w dniu 5 czerwca 754 roku.<\/b><\/span><span style=\"font-family: Book Antiqua, serif;\"><br \/>\nJego cia\u0142o spoczywa w Fuldzie, gdzie przy jego grobie co roku zbiera<br \/>\nsi\u0119 <\/span><span style=\"font-family: Book Antiqua, serif;\">E<\/span><span style=\"font-family: Book Antiqua, serif;\">piskopat<br \/>\nniemiecki na swoje narady. <\/span><\/span><br \/>\n<\/span><\/div>\n<div align=\"justify\" style=\"background: transparent; line-height: 150%; margin-bottom: 0cm; text-indent: 1.3cm;\">\n<span style=\"font-size: x-large;\"><span style=\"color: black;\"><span style=\"font-family: Book Antiqua, serif;\">A<br \/>\noto co w jednym z list\u00f3w nasz dzisiejszy Patron napisa\u0142 na temat<br \/>\nswojej duszpasterskiej pos\u0142ugi: <\/span><\/span><span style=\"color: black;\"><span style=\"font-family: Book Antiqua, serif;\"><b>\u201eKo\u015bci\u00f3\u0142<br \/>\njest jakby wielk\u0105 \u0142odzi\u0105, p\u0142yn\u0105c\u0105 po morzu tego \u015bwiata.<\/b><\/span><\/span><span style=\"color: black;\"><span style=\"font-family: Book Antiqua, serif;\"><br \/>\nGdy uderzaj\u0105 we\u0144 liczne fale do\u015bwiadcze\u0144, nie wolno jej porzuca\u0107<br \/>\n\u2013 trzeba natomiast kierowa\u0107.<\/span><\/span><span style=\"color: black;\"><span style=\"font-family: Book Antiqua, serif;\"><br \/>\n<\/span><\/span><span style=\"color: black;\"><span style=\"font-family: Book Antiqua, serif;\">Przyk\u0142ady<br \/>\ntego znajdujemy u pierwszych Ojc\u00f3w [\u2026]. Za czas\u00f3w poga\u0144skich<br \/>\ncesarzy <\/span><\/span><span style=\"color: black;\"><span style=\"font-family: Book Antiqua, serif;\"><b>kierowali<br \/>\noni \u0142odzi\u0105 Chrystusa, Jego umi\u0142owan\u0105 Oblubienic\u0105, to jest<br \/>\nKo\u015bcio\u0142em,<\/b><\/span><\/span><span style=\"color: black;\"><span style=\"font-family: Book Antiqua, serif;\"><br \/>\nnauczaj\u0105c, broni\u0105c, pracuj\u0105c i cierpi\u0105c <\/span><\/span><span style=\"color: black;\"><span style=\"font-family: Book Antiqua, serif;\"><b>a\u017c<br \/>\ndo przelania krwi.<\/b><\/span><\/span><\/span><\/div>\n<div align=\"justify\" style=\"background: transparent; line-height: 150%; margin-bottom: 0cm; text-indent: 1.3cm;\">\n<span style=\"font-size: x-large;\"><span style=\"color: black;\"><span style=\"font-family: Book Antiqua, serif;\">Kiedy<br \/>\no nich my\u015bl\u0119 oraz im podobnych, ogarnia mnie przera\u017cenie, l\u0119k i<br \/>\nobawa z powodu moich grzech\u00f3w. <\/span><\/span><span style=\"color: black;\"><span style=\"font-family: Book Antiqua, serif;\"><b>I<br \/>\nbardzo chcia\u0142bym opu\u015bci\u0107 ster Ko\u015bcio\u0142a, kt\u00f3ry mi powierzono,<br \/>\ngdybym tylko znalaz\u0142 na to usprawiedliwienie w przyk\u0142adzie Ojc\u00f3w<br \/>\nlub w s\u0142owach Pisma \u015awi\u0119tego.<\/b><\/span><\/span><span style=\"color: black;\"><span style=\"font-family: Book Antiqua, serif;\"><b><br \/>\n<\/b><\/span><\/span><span style=\"color: black;\"><span style=\"font-family: Book Antiqua, serif;\">A<br \/>\nzatem, skoro tak si\u0119 rzeczy maj\u0105 i prawda mo\u017ce si\u0119 utrudzi\u0107, ale<br \/>\nnigdy ulec ani ok\u0142ama\u0107, strudzony m\u00f3j duch ucieka si\u0119 do Boga.<br \/>\n[\u2026] <\/span><\/span><br \/>\n<\/span><\/div>\n<div align=\"justify\" style=\"background: transparent; line-height: 150%; margin-bottom: 0cm; text-indent: 1.3cm;\">\n<span style=\"font-size: x-large;\"><span style=\"color: black;\"><span style=\"font-family: Book Antiqua, serif;\">St\u00f3jmy<br \/>\nzatem mocno przy sprawiedliwo\u015bci, przygotujmy siebie na<br \/>\ndo\u015bwiadczenia, aby\u015bmy otrzymali pomoc od Boga, [\u2026].  Z\u0142\u00f3\u017cmy<br \/>\nnasz\u0105 ufno\u015b\u0107 w Tym, kt\u00f3ry nam zwierzy\u0142 ca\u0142y ten ci\u0119\u017car. <\/span><\/span><span style=\"color: black;\"><span style=\"font-family: Book Antiqua, serif;\"><b>To,<br \/>\nczego sami unie\u015b\u0107 nie mo\u017cemy, nie\u015bmy wsp\u00f3lnie z Tym, kt\u00f3ry jest<br \/>\nWszechmocny.<\/b><\/span><\/span><span style=\"color: black;\"><span style=\"font-family: Book Antiqua, serif;\"><br \/>\n[\u2026]<\/span><\/span><span style=\"color: black;\"><span style=\"font-family: Book Antiqua, serif;\"><br \/>\n<\/span><\/span><span style=\"color: black;\"><span style=\"font-family: Book Antiqua, serif;\">Je\u015bli<br \/>\ntak si\u0119 Bogu spodoba, oddajmy \u017cycie za \u015bwi\u0119te prawa naszych<br \/>\nojc\u00f3w, aby\u015bmy zas\u0142u\u017cyli na wieczne z nimi dziedzictwo.<\/span><\/span><\/span><\/div>\n<div align=\"justify\" style=\"background: transparent; line-height: 150%; margin-bottom: 0cm; text-indent: 1.3cm;\">\n<span style=\"color: black;\"><span style=\"font-size: x-large;\"><span style=\"font-family: Book Antiqua, serif;\">Nie<br \/>\nb\u0105d\u017amy jako nieme psy, nie b\u0105d\u017amy milcz\u0105cymi gapiami,<br \/>\nnajemnikami uciekaj\u0105cymi przed wilkiem, ale pasterzami troskliwymi,<br \/>\nczuwaj\u0105cymi nad owczarni\u0105 Chrystusa. <\/span><span style=\"font-family: Book Antiqua, serif;\"><b>Dop\u00f3ki<br \/>\nB\u00f3g udziela nam si\u0142y, g\u0142o\u015bmy ca\u0142\u0105 prawd\u0119 Bo\u017c\u0105 wielkim i<br \/>\nma\u0142ym, bogatym i ubogim, ludziom wszelkiego stanu i wieku, w por\u0119 i<br \/>\nnie w por\u0119.\u201d<\/b><\/span><\/span><\/span><\/div>\n<div align=\"justify\" style=\"background: transparent; font-weight: normal; line-height: 150%; margin-bottom: 0cm; text-indent: 1.3cm;\">\n<span style=\"color: black;\"><span style=\"font-family: Book Antiqua, serif;\"><span style=\"font-size: x-large;\"><span style=\"font-variant: normal;\"><span style=\"letter-spacing: normal;\"><span style=\"font-style: normal;\">Tyle<br \/>\nz listu \u015awi\u0119tego Bonifacego. <\/span><\/span><\/span><span style=\"font-variant: normal;\"><span style=\"letter-spacing: normal;\"><span style=\"font-style: normal;\">A<br \/>\nmy, wpatruj\u0105c si\u0119 w \u015bwietlany przyk\u0142ad jego postawy, oraz<br \/>\nzas\u0142uchani w Bo\u017ce s\u0142owo dzisiejszej liturgii, <\/span><\/span><\/span><span style=\"font-variant: normal;\"><span style=\"letter-spacing: normal;\"><span style=\"font-style: normal;\">raz<br \/>\njeszcze zapytajmy &#8211; <\/span><\/span><\/span><span style=\"font-variant: normal;\"><span style=\"letter-spacing: normal;\"><span style=\"font-style: normal;\">ka\u017cdy<\/span><\/span><\/span><span style=\"font-variant: normal;\"><span style=\"letter-spacing: normal;\"><span style=\"font-style: normal;\"><br \/>\nsam<\/span><\/span><\/span><span style=\"font-variant: normal;\"><span style=\"letter-spacing: normal;\"><span style=\"font-style: normal;\">ego<\/span><\/span><\/span><span style=\"font-variant: normal;\"><span style=\"letter-spacing: normal;\"><span style=\"font-style: normal;\"><br \/>\nsiebie: <\/span><\/span><\/span><span style=\"font-variant: normal;\"><span style=\"letter-spacing: normal;\"><span style=\"font-style: normal;\">C<\/span><\/span><\/span><span style=\"font-variant: normal;\"><span style=\"letter-spacing: normal;\"><span style=\"font-style: normal;\">zy<br \/>\nwszystkie trudne momenty, jakie mnie spotykaj\u0105, <\/span><\/span><\/span><span style=\"font-variant: normal;\"><span style=\"letter-spacing: normal;\"><span style=\"font-style: normal;\"><b>staram<br \/>\nsi\u0119 widzie\u0107 w szerszym, wr\u0119cz zbawczym kontek\u015bcie<\/b><\/span><\/span><\/span><span style=\"font-variant: normal;\"><span style=\"letter-spacing: normal;\"><span style=\"font-style: normal;\"><br \/>\n\u2013 i tak je prze\u017cywa\u0107? A jednocze\u015bnie: czy mog\u0119 <\/span><\/span><\/span><span style=\"font-variant: normal;\"><span style=\"letter-spacing: normal;\"><span style=\"font-style: normal;\"><b>zawsze<br \/>\ni ka\u017cdemu spojrze\u0107 prosto w oczy,<\/b><\/span><\/span><\/span><span style=\"font-variant: normal;\"><span style=\"letter-spacing: normal;\"><span style=\"font-style: normal;\"><br \/>\nze \u015bwiadomo\u015bci\u0105, \u017ce nie zrobi\u0142em mu niczego z\u0142ego, natomiast<br \/>\nstara\u0142em si\u0119 by\u0107 wobec niego zawsze w porz\u0105dku?\u2026<\/span><\/span><\/span><\/span><\/span><\/span><\/div>\n","protected":false},"excerpt":{"rendered":"<p>Szcz\u0119\u015b\u0107 Bo\u017ce! Moi Drodzy, w dniu dzisiejszym urodziny prze\u017cywa Katarzyna Centkowska, nale\u017c\u0105ca w swoim czasie do Wsp\u00f3lnoty m\u0142odzie\u017cowej w Bia\u0142ej Podlaskiej. Urodziny prze\u017cywa tak\u017ce Jakub Jakubik, by\u0142y Lektor i Grupowy w Miastkowie. Obojgu \u015bwi\u0119tuj\u0105cym \u017cycz\u0119 nieustaj\u0105cej blisko\u015bci Pana i odwagi w oddawaniu si\u0119 Mu do pe\u0142nej dyspozycji. Obiecuj\u0119 te\u017c modlitw\u0119 w tej intencji. A Wszystkim [&hellip;]<\/p>\n","protected":false},"author":1,"featured_media":0,"comment_status":"open","ping_status":"open","sticky":false,"template":"","format":"standard","meta":{"jetpack_post_was_ever_published":false,"_jetpack_newsletter_access":"","_jetpack_dont_email_post_to_subs":false,"_jetpack_newsletter_tier_id":0,"_jetpack_memberships_contains_paywalled_content":false,"_jetpack_memberships_contains_paid_content":false,"footnotes":""},"categories":[1],"tags":[],"class_list":["post-14580","post","type-post","status-publish","format-standard","hentry","category-bez-kategorii"],"yoast_head":"<!-- This site is optimized with the Yoast SEO plugin v25.1 - https:\/\/yoast.com\/wordpress\/plugins\/seo\/ -->\n<title>Sens trudnych chwil... - Gaudium Et Spes<\/title>\n<meta name=\"robots\" content=\"index, follow, max-snippet:-1, max-image-preview:large, max-video-preview:-1\" \/>\n<link rel=\"canonical\" href=\"https:\/\/gaudiumetspes-blog.pl\/index.php\/2019\/06\/05\/sens-trudnych-chwi\/\" \/>\n<meta property=\"og:locale\" content=\"pl_PL\" \/>\n<meta property=\"og:type\" content=\"article\" \/>\n<meta property=\"og:title\" content=\"Sens trudnych chwil... - Gaudium Et Spes\" \/>\n<meta property=\"og:description\" content=\"Szcz\u0119\u015b\u0107 Bo\u017ce! Moi Drodzy, w dniu dzisiejszym urodziny prze\u017cywa Katarzyna Centkowska, nale\u017c\u0105ca w swoim czasie do Wsp\u00f3lnoty m\u0142odzie\u017cowej w Bia\u0142ej Podlaskiej. Urodziny prze\u017cywa tak\u017ce Jakub Jakubik, by\u0142y Lektor i Grupowy w Miastkowie. Obojgu \u015bwi\u0119tuj\u0105cym \u017cycz\u0119 nieustaj\u0105cej blisko\u015bci Pana i odwagi w oddawaniu si\u0119 Mu do pe\u0142nej dyspozycji. Obiecuj\u0119 te\u017c modlitw\u0119 w tej intencji. A Wszystkim [&hellip;]\" \/>\n<meta property=\"og:url\" content=\"https:\/\/gaudiumetspes-blog.pl\/index.php\/2019\/06\/05\/sens-trudnych-chwi\/\" \/>\n<meta property=\"og:site_name\" content=\"Gaudium Et Spes\" \/>\n<meta property=\"article:published_time\" content=\"2019-06-05T03:21:00+00:00\" \/>\n<meta property=\"article:modified_time\" content=\"2019-07-31T11:03:37+00:00\" \/>\n<meta name=\"author\" content=\"Ks. Jacek\" \/>\n<meta name=\"twitter:card\" content=\"summary_large_image\" \/>\n<meta name=\"twitter:label1\" content=\"Napisane przez\" \/>\n\t<meta name=\"twitter:data1\" content=\"Ks. Jacek\" \/>\n\t<meta name=\"twitter:label2\" content=\"Szacowany czas czytania\" \/>\n\t<meta name=\"twitter:data2\" content=\"11 minut\" \/>\n<script type=\"application\/ld+json\" class=\"yoast-schema-graph\">{\"@context\":\"https:\/\/schema.org\",\"@graph\":[{\"@type\":\"WebPage\",\"@id\":\"https:\/\/gaudiumetspes-blog.pl\/index.php\/2019\/06\/05\/sens-trudnych-chwi\/\",\"url\":\"https:\/\/gaudiumetspes-blog.pl\/index.php\/2019\/06\/05\/sens-trudnych-chwi\/\",\"name\":\"Sens trudnych chwil... - Gaudium Et Spes\",\"isPartOf\":{\"@id\":\"https:\/\/gaudiumetspes-blog.pl\/#website\"},\"datePublished\":\"2019-06-05T03:21:00+00:00\",\"dateModified\":\"2019-07-31T11:03:37+00:00\",\"author\":{\"@id\":\"https:\/\/gaudiumetspes-blog.pl\/#\/schema\/person\/1661982992b752dea8dff0d4ed845a65\"},\"breadcrumb\":{\"@id\":\"https:\/\/gaudiumetspes-blog.pl\/index.php\/2019\/06\/05\/sens-trudnych-chwi\/#breadcrumb\"},\"inLanguage\":\"pl-PL\",\"potentialAction\":[{\"@type\":\"ReadAction\",\"target\":[\"https:\/\/gaudiumetspes-blog.pl\/index.php\/2019\/06\/05\/sens-trudnych-chwi\/\"]}]},{\"@type\":\"BreadcrumbList\",\"@id\":\"https:\/\/gaudiumetspes-blog.pl\/index.php\/2019\/06\/05\/sens-trudnych-chwi\/#breadcrumb\",\"itemListElement\":[{\"@type\":\"ListItem\",\"position\":1,\"name\":\"Strona g\u0142\u00f3wna\",\"item\":\"https:\/\/gaudiumetspes-blog.pl\/\"},{\"@type\":\"ListItem\",\"position\":2,\"name\":\"Sens trudnych chwil&#8230;\"}]},{\"@type\":\"WebSite\",\"@id\":\"https:\/\/gaudiumetspes-blog.pl\/#website\",\"url\":\"https:\/\/gaudiumetspes-blog.pl\/\",\"name\":\"Gaudium Et Spes\",\"description\":\"Blog Ks. Jacka Ja\u015bkowskiego\",\"potentialAction\":[{\"@type\":\"SearchAction\",\"target\":{\"@type\":\"EntryPoint\",\"urlTemplate\":\"https:\/\/gaudiumetspes-blog.pl\/?s={search_term_string}\"},\"query-input\":{\"@type\":\"PropertyValueSpecification\",\"valueRequired\":true,\"valueName\":\"search_term_string\"}}],\"inLanguage\":\"pl-PL\"},{\"@type\":\"Person\",\"@id\":\"https:\/\/gaudiumetspes-blog.pl\/#\/schema\/person\/1661982992b752dea8dff0d4ed845a65\",\"name\":\"Ks. Jacek\",\"image\":{\"@type\":\"ImageObject\",\"inLanguage\":\"pl-PL\",\"@id\":\"https:\/\/gaudiumetspes-blog.pl\/#\/schema\/person\/image\/\",\"url\":\"https:\/\/gaudiumetspes-blog.pl\/wp-content\/uploads\/2019\/07\/avatar-JJ-150x150.jpg\",\"contentUrl\":\"https:\/\/gaudiumetspes-blog.pl\/wp-content\/uploads\/2019\/07\/avatar-JJ-150x150.jpg\",\"caption\":\"Ks. Jacek\"},\"description\":\"Witam serdecznie! K\u0142ania si\u0119 Ks. Jacek Ja\u015bkowski. Nie jestem ani kim\u015b wa\u017cnym, ani kim\u015b znanym. Jestem ksi\u0119dzem, kt\u00f3ry po prostu chce rozmawia\u0107. Codzienna kap\u0142a\u0144ska pos\u0142uga pokazuje mi, \u017ce temat\u00f3w do rozm\u00f3w z ksi\u0119dzem jest coraz wi\u0119cej i dzisiaj \u017caden ksi\u0105dz nie mo\u017ce od nich ucieka\u0107, ale - wprost przeciwnie - podejmowa\u0107 nowe wyzwania. To przekonanie sk\u0142oni\u0142o mnie do pr\u00f3by otwarcia tego\u017c bloga, chocia\u017c okazji do rozm\u00f3w na co dzie\u0144 - w konfesjonale i poza nim - na szcz\u0119\u015bcie nie brakuje. My\u015bl\u0119 jednak, \u017ce ten blog b\u0119dzie jeszcze jednym sposobem i przestrzeni\u0105 nawi\u0105zania kontaktu z lud\u017ami dobrej woli, otwartymi na dialog.\",\"url\":\"https:\/\/gaudiumetspes-blog.pl\/index.php\/author\/ks-jacek\/\"}]}<\/script>\n<!-- \/ Yoast SEO plugin. -->","yoast_head_json":{"title":"Sens trudnych chwil... - Gaudium Et Spes","robots":{"index":"index","follow":"follow","max-snippet":"max-snippet:-1","max-image-preview":"max-image-preview:large","max-video-preview":"max-video-preview:-1"},"canonical":"https:\/\/gaudiumetspes-blog.pl\/index.php\/2019\/06\/05\/sens-trudnych-chwi\/","og_locale":"pl_PL","og_type":"article","og_title":"Sens trudnych chwil... - Gaudium Et Spes","og_description":"Szcz\u0119\u015b\u0107 Bo\u017ce! Moi Drodzy, w dniu dzisiejszym urodziny prze\u017cywa Katarzyna Centkowska, nale\u017c\u0105ca w swoim czasie do Wsp\u00f3lnoty m\u0142odzie\u017cowej w Bia\u0142ej Podlaskiej. Urodziny prze\u017cywa tak\u017ce Jakub Jakubik, by\u0142y Lektor i Grupowy w Miastkowie. Obojgu \u015bwi\u0119tuj\u0105cym \u017cycz\u0119 nieustaj\u0105cej blisko\u015bci Pana i odwagi w oddawaniu si\u0119 Mu do pe\u0142nej dyspozycji. Obiecuj\u0119 te\u017c modlitw\u0119 w tej intencji. A Wszystkim [&hellip;]","og_url":"https:\/\/gaudiumetspes-blog.pl\/index.php\/2019\/06\/05\/sens-trudnych-chwi\/","og_site_name":"Gaudium Et Spes","article_published_time":"2019-06-05T03:21:00+00:00","article_modified_time":"2019-07-31T11:03:37+00:00","author":"Ks. Jacek","twitter_card":"summary_large_image","twitter_misc":{"Napisane przez":"Ks. Jacek","Szacowany czas czytania":"11 minut"},"schema":{"@context":"https:\/\/schema.org","@graph":[{"@type":"WebPage","@id":"https:\/\/gaudiumetspes-blog.pl\/index.php\/2019\/06\/05\/sens-trudnych-chwi\/","url":"https:\/\/gaudiumetspes-blog.pl\/index.php\/2019\/06\/05\/sens-trudnych-chwi\/","name":"Sens trudnych chwil... - Gaudium Et Spes","isPartOf":{"@id":"https:\/\/gaudiumetspes-blog.pl\/#website"},"datePublished":"2019-06-05T03:21:00+00:00","dateModified":"2019-07-31T11:03:37+00:00","author":{"@id":"https:\/\/gaudiumetspes-blog.pl\/#\/schema\/person\/1661982992b752dea8dff0d4ed845a65"},"breadcrumb":{"@id":"https:\/\/gaudiumetspes-blog.pl\/index.php\/2019\/06\/05\/sens-trudnych-chwi\/#breadcrumb"},"inLanguage":"pl-PL","potentialAction":[{"@type":"ReadAction","target":["https:\/\/gaudiumetspes-blog.pl\/index.php\/2019\/06\/05\/sens-trudnych-chwi\/"]}]},{"@type":"BreadcrumbList","@id":"https:\/\/gaudiumetspes-blog.pl\/index.php\/2019\/06\/05\/sens-trudnych-chwi\/#breadcrumb","itemListElement":[{"@type":"ListItem","position":1,"name":"Strona g\u0142\u00f3wna","item":"https:\/\/gaudiumetspes-blog.pl\/"},{"@type":"ListItem","position":2,"name":"Sens trudnych chwil&#8230;"}]},{"@type":"WebSite","@id":"https:\/\/gaudiumetspes-blog.pl\/#website","url":"https:\/\/gaudiumetspes-blog.pl\/","name":"Gaudium Et Spes","description":"Blog Ks. Jacka Ja\u015bkowskiego","potentialAction":[{"@type":"SearchAction","target":{"@type":"EntryPoint","urlTemplate":"https:\/\/gaudiumetspes-blog.pl\/?s={search_term_string}"},"query-input":{"@type":"PropertyValueSpecification","valueRequired":true,"valueName":"search_term_string"}}],"inLanguage":"pl-PL"},{"@type":"Person","@id":"https:\/\/gaudiumetspes-blog.pl\/#\/schema\/person\/1661982992b752dea8dff0d4ed845a65","name":"Ks. Jacek","image":{"@type":"ImageObject","inLanguage":"pl-PL","@id":"https:\/\/gaudiumetspes-blog.pl\/#\/schema\/person\/image\/","url":"https:\/\/gaudiumetspes-blog.pl\/wp-content\/uploads\/2019\/07\/avatar-JJ-150x150.jpg","contentUrl":"https:\/\/gaudiumetspes-blog.pl\/wp-content\/uploads\/2019\/07\/avatar-JJ-150x150.jpg","caption":"Ks. Jacek"},"description":"Witam serdecznie! K\u0142ania si\u0119 Ks. Jacek Ja\u015bkowski. Nie jestem ani kim\u015b wa\u017cnym, ani kim\u015b znanym. Jestem ksi\u0119dzem, kt\u00f3ry po prostu chce rozmawia\u0107. Codzienna kap\u0142a\u0144ska pos\u0142uga pokazuje mi, \u017ce temat\u00f3w do rozm\u00f3w z ksi\u0119dzem jest coraz wi\u0119cej i dzisiaj \u017caden ksi\u0105dz nie mo\u017ce od nich ucieka\u0107, ale - wprost przeciwnie - podejmowa\u0107 nowe wyzwania. To przekonanie sk\u0142oni\u0142o mnie do pr\u00f3by otwarcia tego\u017c bloga, chocia\u017c okazji do rozm\u00f3w na co dzie\u0144 - w konfesjonale i poza nim - na szcz\u0119\u015bcie nie brakuje. My\u015bl\u0119 jednak, \u017ce ten blog b\u0119dzie jeszcze jednym sposobem i przestrzeni\u0105 nawi\u0105zania kontaktu z lud\u017ami dobrej woli, otwartymi na dialog.","url":"https:\/\/gaudiumetspes-blog.pl\/index.php\/author\/ks-jacek\/"}]}},"jetpack_featured_media_url":"","jetpack_sharing_enabled":true,"_links":{"self":[{"href":"https:\/\/gaudiumetspes-blog.pl\/index.php\/wp-json\/wp\/v2\/posts\/14580","targetHints":{"allow":["GET"]}}],"collection":[{"href":"https:\/\/gaudiumetspes-blog.pl\/index.php\/wp-json\/wp\/v2\/posts"}],"about":[{"href":"https:\/\/gaudiumetspes-blog.pl\/index.php\/wp-json\/wp\/v2\/types\/post"}],"author":[{"embeddable":true,"href":"https:\/\/gaudiumetspes-blog.pl\/index.php\/wp-json\/wp\/v2\/users\/1"}],"replies":[{"embeddable":true,"href":"https:\/\/gaudiumetspes-blog.pl\/index.php\/wp-json\/wp\/v2\/comments?post=14580"}],"version-history":[{"count":1,"href":"https:\/\/gaudiumetspes-blog.pl\/index.php\/wp-json\/wp\/v2\/posts\/14580\/revisions"}],"predecessor-version":[{"id":15297,"href":"https:\/\/gaudiumetspes-blog.pl\/index.php\/wp-json\/wp\/v2\/posts\/14580\/revisions\/15297"}],"wp:attachment":[{"href":"https:\/\/gaudiumetspes-blog.pl\/index.php\/wp-json\/wp\/v2\/media?parent=14580"}],"wp:term":[{"taxonomy":"category","embeddable":true,"href":"https:\/\/gaudiumetspes-blog.pl\/index.php\/wp-json\/wp\/v2\/categories?post=14580"},{"taxonomy":"post_tag","embeddable":true,"href":"https:\/\/gaudiumetspes-blog.pl\/index.php\/wp-json\/wp\/v2\/tags?post=14580"}],"curies":[{"name":"wp","href":"https:\/\/api.w.org\/{rel}","templated":true}]}}