{"id":14582,"date":"2019-06-03T06:48:00","date_gmt":"2019-06-03T04:48:00","guid":{"rendered":"https:\/\/gaudiumetspes-blog.pl\/index.php\/2019\/06\/03\/bog-lubi-porzadek-2\/"},"modified":"2019-07-31T13:03:37","modified_gmt":"2019-07-31T11:03:37","slug":"bog-lubi-porzadek-2","status":"publish","type":"post","link":"https:\/\/gaudiumetspes-blog.pl\/index.php\/2019\/06\/03\/bog-lubi-porzadek-2\/","title":{"rendered":"B\u00f3g lubi porz\u0105dek!"},"content":{"rendered":"<p><\/p>\n<div align=\"justify\" style=\"font-weight: normal; line-height: 150%; margin-bottom: 0cm;\">\n<span style=\"color: black;\"><span style=\"font-family: Book Antiqua, serif;\"><span style=\"font-size: x-large;\">Szcz\u0119\u015b\u0107<br \/>\nBo\u017ce! Moi Drodzy, w dniu dzisiejszym <b>imieniny prze\u017cywa Ksi\u0105dz<br \/>\nLeszek Mu\u0107ka, m\u00f3j oddany Przyjaciel i Cz\u0142owiek bardzo mi bliski,<br \/>\nju\u017c od tak wielu lat. \u017bycz\u0119 Drogiemu Solenizantowi, aby by\u0142 mocny<br \/>\ni dzielny w podejmowaniu i rozwi\u0105zywaniu tych trudno\u015bci, kt\u00f3re Go<br \/>\naktualnie spotka\u0142y, ale te\u017c \u2013 aby by\u0142 tak dobrym i oddanym<br \/>\nKsi\u0119dzem, jakim jest obecnie. Aby nigdy nie straci\u0142 zapa\u0142u,<br \/>\noptymizmu, rado\u015bci i nadziei, z kt\u00f3rych jest tak dobrze znany. Ja<br \/>\nze swej strony zapewniam o codziennym modlitewnym wsparciu!<\/b><\/span><\/span><\/span><\/div>\n<div align=\"justify\" style=\"background: transparent; line-height: 150%; margin-bottom: 0cm; page-break-before: auto; text-indent: 1.3cm;\">\n<span style=\"color: black;\"><span style=\"font-family: Book Antiqua, serif;\"><span style=\"font-size: x-large;\"><b>Imieniny<br \/>\nponadto obchodz\u0105 dzisiaj:<\/b><\/span><\/span><\/span><\/div>\n<div align=\"justify\" style=\"font-variant: normal; font-weight: normal; letter-spacing: normal; line-height: 150%; margin-bottom: 0cm;\">\n<span style=\"color: black; font-size: x-large;\">\u2013 <span style=\"font-family: Book Antiqua, serif;\"><span style=\"font-style: normal;\"><b>Ojciec<br \/>\nLeszek Walendzik, oblat, by\u0142y Superior Klasztoru w Kodniu, kt\u00f3remu<br \/>\njestem wdzi\u0119czny za przyk\u0142ad kap\u0142a\u0144skiej postawy i szczerej<br \/>\ngo\u015bcinno\u015bci;<\/b><\/span><\/span><\/span><\/div>\n<div align=\"justify\" style=\"font-variant: normal; letter-spacing: normal; line-height: 150%; margin-bottom: 0cm; orphans: 2; widows: 2;\">\n<span style=\"color: black; font-size: x-large;\">\u2013 <span style=\"font-family: Book Antiqua, serif;\"><span style=\"font-style: normal;\"><b>Ksi\u0105dz<br \/>\nProfesor Leszek Adamowicz z KUL, Recenzent mojego doktoratu;<\/b><\/span><\/span><\/span><\/div>\n<div align=\"justify\" style=\"font-variant: normal; letter-spacing: normal; line-height: 150%; margin-bottom: 0cm; orphans: 2; widows: 2;\">\n<span style=\"color: black; font-size: x-large;\">\u2013 <span style=\"font-family: Book Antiqua, serif;\"><span style=\"font-style: normal;\"><b>Ksi\u0105dz<br \/>\nLeszek Borysiuk, Ksi\u0105dz Leszek D\u0105browski, Ksi\u0105dz Leszek Gwardecki<br \/>\n\u2013 <\/b><\/span><span style=\"font-style: normal;\"><b>Kap\u0142ani z naszej<br \/>\nDiecezji.<\/b><\/span><\/span><\/span><\/div>\n<div align=\"justify\" style=\"background: transparent; font-style: normal; font-variant: normal; letter-spacing: normal; line-height: 150%; margin-bottom: 0cm; orphans: 2; page-break-before: auto; text-indent: 1.3cm; widows: 2;\">\n<span style=\"color: black;\"><span style=\"font-family: Book Antiqua, serif;\"><span style=\"font-size: x-large;\"><b>Urodziny<br \/>\nnatomiast obchodz\u0105:<\/b><\/span><\/span><\/span><\/div>\n<div align=\"justify\" style=\"font-variant: normal; letter-spacing: normal; line-height: 150%; margin-bottom: 0cm; orphans: 2; widows: 2;\">\n<span style=\"color: black; font-size: x-large;\">\u2013 <span style=\"font-family: Book Antiqua, serif;\"><span style=\"font-style: normal;\"><b>Ksi\u0105dz<br \/>\nRafa\u0142 Jarosiewicz, pochodz\u0105cy z mojej rodzinnej Parafii, Przyjaciel<br \/>\nz jednego Grona lektorskiego, a obecnie \u2013 Kap\u0142an znany chyba<br \/>\nca\u0142emu \u015bwiatu, chocia\u017cby z organizacji spotka\u0144 charyzmatycznych<br \/>\nna Stadionie Narodowym;<\/b><\/span><\/span><\/span><\/div>\n<div align=\"justify\" style=\"font-variant: normal; letter-spacing: normal; line-height: 150%; margin-bottom: 0cm; orphans: 2; widows: 2;\">\n<span style=\"color: black; font-size: x-large;\">\u2013 <span style=\"font-family: Book Antiqua, serif;\"><span style=\"font-style: normal;\"><b>Zbigniew<br \/>\nChmiel \u2013 za moich czas\u00f3w: Lektor w Radory\u017cu Ko\u015bcielnym.<\/b><\/span><\/span><\/span><\/div>\n<div align=\"justify\" style=\"background: transparent; font-style: normal; font-variant: normal; letter-spacing: normal; line-height: 150%; margin-bottom: 0cm; orphans: 2; page-break-before: auto; text-indent: 1.3cm; widows: 2;\">\n<span style=\"color: black;\"><span style=\"font-family: Book Antiqua, serif;\"><span style=\"font-size: x-large;\"><b>Z<br \/>\nkolei rocznic\u0119 \u015bwi\u0119ce\u0144 kap\u0142a\u0144skich prze\u017cywaj\u0105 dzisiaj:<\/b><\/span><\/span><\/span><\/div>\n<div align=\"justify\" style=\"font-variant: normal; letter-spacing: normal; line-height: 150%; margin-bottom: 0cm; orphans: 2; widows: 2;\">\n<span style=\"color: black; font-size: x-large;\">\u2013 <span style=\"font-family: Book Antiqua, serif;\"><span style=\"font-style: normal;\"><b>Ksi\u0105dz<br \/>\nPawe\u0142 Cie\u015blik, pochodz\u0105cy z mojej rodzinnej Parafii;<\/b><\/span><\/span><\/span><\/div>\n<div align=\"justify\" style=\"font-variant: normal; letter-spacing: normal; line-height: 150%; margin-bottom: 0cm; orphans: 2; widows: 2;\">\n<span style=\"color: black; font-size: x-large;\">\u2013 <span style=\"font-family: Book Antiqua, serif;\"><span style=\"font-style: normal;\"><b>Ksi\u0105dz<br \/>\nAndrzej Wnuk, w swoim czasie: Rezydent w Celestynowie.<\/b><\/span><\/span><\/span><\/div>\n<div align=\"justify\" style=\"background: transparent; font-style: normal; font-variant: normal; letter-spacing: normal; line-height: 150%; margin-bottom: 0cm; orphans: 2; page-break-before: auto; text-indent: 1.3cm; widows: 2;\">\n<span style=\"color: black;\"><span style=\"font-family: Book Antiqua, serif;\"><span style=\"font-size: x-large;\"><b>Wszystkim<br \/>\n\u015bwi\u0119tuj\u0105cym \u017cycz\u0119, aby ka\u017cdego dnia do\u015bwiadczali Bo\u017cej pomocy<br \/>\nw swoim dzia\u0142aniu, a ich dobre i szlachetne zamierzenia stawa\u0142y si\u0119<br \/>\ncz\u0119\u015bci\u0105 Bo\u017cego planu wobec nich samych \u2013 i wobec tych, w\u015br\u00f3d<br \/>\nkt\u00f3rych na co dzie\u0144 \u017cyj\u0105 i pracuj\u0105. O to b\u0119d\u0119 si\u0119 dla Nich<br \/>\nmodli\u0142.<\/b><\/span><\/span><\/span><\/div>\n<div align=\"justify\" style=\"background: transparent; font-style: normal; font-variant: normal; font-weight: normal; letter-spacing: normal; line-height: 150%; margin-bottom: 0cm; orphans: 2; text-indent: 1.3cm; widows: 2;\">\n<span style=\"color: black;\"><span style=\"font-family: Book Antiqua, serif;\"><span style=\"font-size: x-large;\">Wszystkim<br \/>\n\u017cycz\u0119 b\u0142ogos\u0142awionego dnia!<\/span><\/span><\/span><\/div>\n<div align=\"center\" style=\"background: transparent; font-style: normal; font-variant: normal; font-weight: normal; letter-spacing: normal; line-height: 150%; margin-bottom: 0cm; orphans: 2; widows: 2;\">\n<span style=\"color: black;\"><span style=\"font-family: Book Antiqua, serif;\"><span style=\"font-size: x-large;\">Gaudium<br \/>\net spes!  Ks. Jacek<\/span><\/span><\/span><\/div>\n<div align=\"justify\" style=\"line-height: 150%; margin-bottom: 0cm;\">\n<span style=\"font-size: x-large;\"><\/p>\n<p><\/span><\/div>\n<div align=\"justify\" style=\"line-height: 150%; margin-bottom: 0cm;\">\n<span style=\"color: black;\"><span style=\"font-family: Book Antiqua, serif;\"><span style=\"font-size: x-large;\"><b>Poniedzia\u0142ek<br \/>\n7 Tygodnia Wielkanocy,<\/b><\/span><\/span><\/span><\/div>\n<div align=\"justify\" style=\"line-height: 150%; margin-bottom: 0cm;\">\n<span style=\"color: black;\"><span style=\"font-family: Book Antiqua, serif;\"><span style=\"font-size: x-large;\"><b>Wspomnienie<br \/>\n\u015aw. Karola Lwangi i Towarzyszy, M\u0119czennik\u00f3w,<\/b><\/span><\/span><\/span><\/div>\n<div align=\"justify\" style=\"line-height: 150%; margin-bottom: 0cm;\">\n<span style=\"color: black;\"><span style=\"font-family: Book Antiqua, serif;\"><span style=\"font-size: x-large;\"><b>do<br \/>\nczyta\u0144:  Dz 19,1\u20138;  J 16,29\u201333<\/b><\/span><\/span><\/span><\/div>\n<div align=\"justify\" style=\"line-height: 150%; margin-bottom: 0cm;\">\n<span style=\"font-size: x-large;\"><\/p>\n<p><\/span><\/div>\n<div align=\"justify\" style=\"font-style: normal; font-variant: normal; letter-spacing: normal; line-height: 150%; margin-bottom: 0cm; page-break-before: auto;\">\n<span style=\"font-size: x-large;\"><span style=\"color: black;\"><span style=\"font-family: Book Antiqua, serif;\"><b>CZYTANIE<br \/>\nZ DZIEJ\u00d3W APOSTOLSKICH: <\/b><\/span><\/span><br \/>\n<\/span><\/div>\n<div align=\"justify\" style=\"font-style: normal; font-variant: normal; letter-spacing: normal; line-height: 150%; margin-bottom: 0cm; page-break-before: auto; text-indent: 1.3cm;\">\n<span style=\"font-size: x-large;\"><span style=\"color: black;\"><span style=\"font-family: Book Antiqua, serif;\"><b>Kiedy<br \/>\nApollos znajdowa\u0142 si\u0119 w Koryncie, Pawe\u0142 przeszed\u0142 okolice wy\u017cej<br \/>\npo\u0142o\u017cone, przyby\u0142 do Efezu i znalaz\u0142 jakich\u015b uczni\u00f3w. Zapyta\u0142<br \/>\nich: \u201eCzy otrzymali\u015bcie Ducha \u015awi\u0119tego, gdy przyj\u0119li\u015bcie<br \/>\nwiar\u0119?\u201d A oni do niego: \u201eNawet nie s\u0142yszeli\u015bmy, \u017ce istnieje<br \/>\nDuch \u015awi\u0119ty\u201d. Zapyta\u0142: \u201eJaki wi\u0119c chrzest przyj\u0119li\u015bcie?\u201d<br \/>\nA oni odpowiedzieli: \u201eChrzest Janowy\u201d. Powiedzia\u0142 Pawe\u0142: \u201eJan<br \/>\nudziela\u0142 chrztu nawr\u00f3cenia, przemawiaj\u0105c do ludu, aby uwierzyli w<br \/>\nTego, kt\u00f3ry za nim idzie, to jest w Jezusa\u201d. <\/b><\/span><\/span><br \/>\n<\/span><\/div>\n<div align=\"justify\" style=\"font-style: normal; font-variant: normal; letter-spacing: normal; line-height: 150%; margin-bottom: 0cm; text-indent: 1.3cm;\">\n<span style=\"font-size: x-large;\"><span style=\"color: black;\"><span style=\"font-family: Book Antiqua, serif;\"><b>Gdy<br \/>\nto us\u0142yszeli, przyj\u0119li chrzest w imi\u0119 Pana Jezusa. A kiedy Pawe\u0142<br \/>\nw\u0142o\u017cy\u0142 na nich r\u0119ce, Duch \u015awi\u0119ty zst\u0105pi\u0142 na nich. M\u00f3wili te\u017c<br \/>\nj\u0119zykami i prorokowali. Wszystkich ich by\u0142o oko\u0142o dwunastu<br \/>\nm\u0119\u017cczyzn. <\/b><\/span><\/span><br \/>\n<\/span><\/div>\n<div align=\"justify\" style=\"font-style: normal; font-variant: normal; letter-spacing: normal; line-height: 150%; margin-bottom: 0cm; text-indent: 1.3cm;\">\n<span style=\"color: black;\"><span style=\"font-family: Book Antiqua, serif;\"><span style=\"font-size: x-large;\"><b>Nast\u0119pnie<br \/>\nwszed\u0142 do synagogi i odwa\u017cnie przemawia\u0142 przez trzy miesi\u0105ce<br \/>\nrozprawiaj\u0105c i przekonuj\u0105c o kr\u00f3lestwie Bo\u017cym.<\/b><\/span><\/span><\/span><\/div>\n<div align=\"justify\" style=\"line-height: 150%; margin-bottom: 0cm;\">\n<span style=\"font-size: x-large;\"><\/p>\n<p><\/span><\/div>\n<div align=\"justify\" style=\"font-style: normal; font-variant: normal; letter-spacing: normal; line-height: 150%; margin-bottom: 0cm;\">\n<span style=\"font-size: x-large;\"><span style=\"color: black;\"><span style=\"font-family: Book Antiqua, serif;\"><b>S\u0141OWA<br \/>\nEWANGELII WED\u0141UG \u015aWI\u0118TEGO JANA: <\/b><\/span><\/span><br \/>\n<\/span><\/div>\n<div align=\"justify\" style=\"font-style: normal; font-variant: normal; letter-spacing: normal; line-height: 150%; margin-bottom: 0cm; page-break-before: auto; text-indent: 1.3cm;\">\n<span style=\"font-size: x-large;\"><span style=\"color: black;\"><span style=\"font-family: Book Antiqua, serif;\"><b>Uczniowie<br \/>\nrzekli do Jezusa: \u201eOto teraz m\u00f3wisz otwarcie i nie opowiadasz<br \/>\n\u017cadnej przypowie\u015bci. Teraz wiemy, \u017ce wszystko wiesz i nie trzeba,<br \/>\naby Ci\u0119 kto pyta\u0142. Dlatego wierzymy, \u017ce od Boga wyszed\u0142e\u015b\u201d. <\/b><\/span><\/span><br \/>\n<\/span><\/div>\n<div align=\"justify\" style=\"font-style: normal; font-variant: normal; letter-spacing: normal; line-height: 150%; margin-bottom: 0cm; text-indent: 1.3cm;\">\n<span style=\"font-size: x-large;\"><span style=\"color: black;\"><span style=\"font-family: Book Antiqua, serif;\"><b>Odpowiedzia\u0142<br \/>\nim Jezus: \u201eTeraz wierzycie? Oto nadchodzi godzina, a nawet ju\u017c<br \/>\nnadesz\u0142a, \u017ce si\u0119 rozproszycie ka\u017cdy w swoj\u0105 stron\u0119, a Mnie<br \/>\nzostawicie samego. Ale Ja nie jestem sam, bo Ojciec jest ze Mn\u0105. <\/b><\/span><\/span><br \/>\n<\/span><\/div>\n<div align=\"justify\" style=\"font-style: normal; font-variant: normal; letter-spacing: normal; line-height: 150%; margin-bottom: 0cm; text-indent: 1.3cm;\">\n<span style=\"color: black;\"><span style=\"font-family: Book Antiqua, serif;\"><span style=\"font-size: x-large;\"><b>To<br \/>\nwam powiedzia\u0142em, aby\u015bcie pok\u00f3j we Mnie mieli. Na \u015bwiecie<br \/>\ndoznacie ucisku, ale miejcie odwag\u0119: Jam zwyci\u0119\u017cy\u0142 \u015bwiat\u201d.<\/b><\/span><\/span><\/span><\/div>\n<div align=\"justify\" style=\"line-height: 150%; margin-bottom: 0cm;\">\n<span style=\"font-size: x-large;\"><\/p>\n<p><\/span><\/div>\n<div align=\"justify\" style=\"background: transparent; line-height: 150%; margin-bottom: 0cm; page-break-before: auto; text-indent: 1.3cm;\">\n<span style=\"color: black;\"><span style=\"font-family: Book Antiqua, serif;\"><span style=\"font-size: x-large;\">I<br \/>\nznowu, s\u0142uchaj\u0105c pierwszego czytania, podziwiamy <b>ekspresowe<\/b><br \/>\n<b>tempo,<\/b> w jakim w m\u0142odym Ko\u015bciele dokonuj\u0105 si\u0119 wielkie<br \/>\nsprawy Bo\u017ce, a Dobra Nowina rozprzestrzenia si\u0119 i obejmuje swoim<br \/>\nzasi\u0119giem <b>kolejne nowe obszary, <\/b>ale przede wszystkim \u2013<br \/>\n<b>kolejne<\/b> <b>ludzkie serca. <\/b>Duchowi \u015awi\u0119temu nie<br \/>\nprzeszkadza nawet to, \u017ce uczniowie w Efezie nie s\u0142yszeli o Nim \u2013<br \/>\nnie przeszkadza w tym, by ich serca ogarn\u0105\u0107 i nape\u0142ni\u0107 takim<br \/>\nentuzjazmem, \u017ce <i><b>m<\/b><\/i><span style=\"font-variant: normal;\"><span style=\"letter-spacing: normal;\"><i><b>\u00f3wili<\/b><\/i><\/span><\/span><span style=\"font-variant: normal;\"><span style=\"letter-spacing: normal;\"><span style=\"font-style: normal;\"><b><br \/>\n[\u2026] <\/b><\/span><\/span><\/span><span style=\"font-variant: normal;\"><span style=\"letter-spacing: normal;\"><i><b>j\u0119zykami<br \/>\ni prorokowali.<\/b><\/i><\/span><\/span><span style=\"font-variant: normal;\"><span style=\"letter-spacing: normal;\"><i><span style=\"font-weight: normal;\"><br \/>\n<\/span><\/i><\/span><\/span><span style=\"font-variant: normal;\"><span style=\"letter-spacing: normal;\"><span style=\"font-style: normal;\"><span style=\"font-weight: normal;\">Jakby<br \/>\nod wielu lat to robili. Dopiero co przyj\u0119li chrzest w imi\u0119 Jezusa,<br \/>\nzaraz te\u017c Pawe\u0142 \u2013 przez w\u0142o\u017cenie r\u0105k \u2013 przekaza\u0142 im dar<br \/>\nDucha \u015awi\u0119tego, a ci <\/span><\/span><\/span><\/span><span style=\"font-variant: normal;\"><span style=\"letter-spacing: normal;\"><span style=\"font-style: normal;\"><b>od<br \/>\nrazu wzi\u0119li si\u0119 do pracy.<\/b><\/span><\/span><\/span><span style=\"font-variant: normal;\"><span style=\"letter-spacing: normal;\"><span style=\"font-style: normal;\"><span style=\"font-weight: normal;\"><br \/>\nTempo i rozmach \u2013 wr\u0119cz zadziwiaj\u0105ce!<\/span><\/span><\/span><\/span><\/span><\/span><\/span><\/div>\n<div align=\"justify\" style=\"background: transparent; line-height: 150%; margin-bottom: 0cm; text-indent: 1.3cm;\">\n<span style=\"font-size: x-large;\"><span style=\"color: black;\"><span style=\"font-family: Book Antiqua, serif;\"><span style=\"font-variant: normal;\"><span style=\"letter-spacing: normal;\"><span style=\"font-style: normal;\"><span style=\"font-weight: normal;\">\u017beby<br \/>\nnas jednak one nie zmyli\u0142y na tyle, by\u015bmy mieli uwa\u017ca\u0107, \u017ce<br \/>\ndzia\u0142ania w m\u0142odym Ko\u015bciele by\u0142y <\/span><\/span><\/span><\/span><span style=\"font-variant: normal;\"><span style=\"letter-spacing: normal;\"><span style=\"font-style: normal;\"><span style=\"font-weight: normal;\">tak<\/span><\/span><\/span><\/span><span style=\"font-variant: normal;\"><span style=\"letter-spacing: normal;\"><span style=\"font-style: normal;\"><span style=\"font-weight: normal;\"><br \/>\nspontaniczne, \u017ce <\/span><\/span><\/span><\/span><span style=\"font-variant: normal;\"><span style=\"letter-spacing: normal;\"><span style=\"font-style: normal;\"><b>mo\u017ce<br \/>\na\u017c chaotyczne<\/b><\/span><\/span><\/span><span style=\"font-variant: normal;\"><span style=\"letter-spacing: normal;\"><span style=\"font-style: normal;\"><span style=\"font-weight: normal;\"><br \/>\ni do pewnego stopnia przypadkowe\u2026 Nic z tych rzeczy! Zauwa\u017cmy, \u017ce<br \/>\nPawe\u0142 dzisiaj realizuje <\/span><\/span><\/span><\/span><span style=\"font-variant: normal;\"><span style=\"letter-spacing: normal;\"><span style=\"font-style: normal;\"><span style=\"font-weight: normal;\">sw\u0105<br \/>\nmisj\u0119<\/span><\/span><\/span><\/span><span style=\"font-variant: normal;\"><span style=\"letter-spacing: normal;\"><span style=\"font-style: normal;\"><span style=\"font-weight: normal;\"><br \/>\nw spos\u00f3b bardzo <\/span><\/span><\/span><\/span><span style=\"font-variant: normal;\"><span style=\"letter-spacing: normal;\"><span style=\"font-style: normal;\"><b>zaplanowany<br \/>\ni przemy\u015blany.<\/b><\/span><\/span><\/span><span style=\"font-variant: normal;\"><span style=\"letter-spacing: normal;\"><span style=\"font-style: normal;\"><span style=\"font-weight: normal;\"><br \/>\nJu\u017c pierwsze zdanie pierwszego czytania informuje nas, \u017ce <\/span><\/span><\/span><\/span><span style=\"font-variant: normal;\"><span style=\"letter-spacing: normal;\"><i><b>k<\/b><\/i><\/span><\/span><span style=\"font-variant: normal;\"><span style=\"letter-spacing: normal;\"><i><b>iedy<br \/>\nApollos znajdowa\u0142 si\u0119 w Koryncie, Pawe\u0142 przeszed\u0142 okolice wy\u017cej<br \/>\npo\u0142o\u017cone, przyby\u0142 do Efezu i znalaz\u0142 jakich\u015b uczni\u00f3w.<\/b><\/i><\/span><\/span><span style=\"font-variant: normal;\"><span style=\"letter-spacing: normal;\"><span style=\"font-style: normal;\"><span style=\"font-weight: normal;\"><br \/>\n<\/span><\/span><\/span><\/span><\/span><\/span><br \/>\n<\/span><\/div>\n<div align=\"justify\" style=\"background: transparent; line-height: 150%; margin-bottom: 0cm; text-indent: 1.3cm;\">\n<span style=\"font-size: x-large;\"><span style=\"color: black;\"><span style=\"font-family: Book Antiqua, serif;\"><span style=\"font-variant: normal;\"><span style=\"letter-spacing: normal;\"><span style=\"font-style: normal;\"><span style=\"font-weight: normal;\">Oznacza<br \/>\nto, \u017ce obaj, z Apollosem, mieli t\u0119 swoj\u0105 dzia\u0142alno\u015b\u0107 <\/span><\/span><\/span><\/span><span style=\"font-variant: normal;\"><span style=\"letter-spacing: normal;\"><span style=\"font-style: normal;\"><b>jako\u015b<br \/>\nzaplanowan\u0105,<\/b><\/span><\/span><\/span><span style=\"font-variant: normal;\"><span style=\"letter-spacing: normal;\"><span style=\"font-style: normal;\"><span style=\"font-weight: normal;\"><br \/>\nrealizowali <\/span><\/span><\/span><\/span><span style=\"font-variant: normal;\"><span style=\"letter-spacing: normal;\"><span style=\"font-style: normal;\"><b>przemy\u015blan\u0105<br \/>\nstrategi\u0119,<\/b><\/span><\/span><\/span><span style=\"font-variant: normal;\"><span style=\"letter-spacing: normal;\"><span style=\"font-style: normal;\"><span style=\"font-weight: normal;\"><br \/>\nkoordynowali <\/span><\/span><\/span><\/span><span style=\"font-variant: normal;\"><span style=\"letter-spacing: normal;\"><span style=\"font-style: normal;\"><span style=\"font-weight: normal;\">wzajemnie<br \/>\n<\/span><\/span><\/span><\/span><span style=\"font-variant: normal;\"><span style=\"letter-spacing: normal;\"><span style=\"font-style: normal;\"><span style=\"font-weight: normal;\">swoje<br \/>\ndzia\u0142ania. <\/span><\/span><\/span><\/span><span style=\"font-variant: normal;\"><span style=\"letter-spacing: normal;\"><span style=\"font-style: normal;\"><span style=\"font-weight: normal;\">A<br \/>\nDuch \u015awi\u0119ty prowadzi\u0142 ich \u2013 i dawa\u0142 od siebie r\u00f3\u017cne \u201ebonusy\u201d,<br \/>\njak chocia\u017cby te, opisane dzisiaj. <\/span><\/span><\/span><\/span><\/span><\/span><br \/>\n<\/span><\/div>\n<div align=\"justify\" style=\"background: transparent; line-height: 150%; margin-bottom: 0cm; text-indent: 1.3cm;\">\n<span style=\"font-size: x-large;\"><span style=\"color: black;\"><span style=\"font-family: Book Antiqua, serif;\"><span style=\"font-variant: normal;\"><span style=\"letter-spacing: normal;\"><span style=\"font-style: normal;\"><span style=\"font-weight: normal;\">Bo<br \/>\nB\u00f3g w swoim dzia\u0142aniu jest <\/span><\/span><\/span><\/span><span style=\"font-variant: normal;\"><span style=\"letter-spacing: normal;\"><span style=\"font-style: normal;\"><b>niezmierzony<br \/>\ni nieogarniony,<\/b><\/span><\/span><\/span><span style=\"font-variant: normal;\"><span style=\"letter-spacing: normal;\"><span style=\"font-style: normal;\"><span style=\"font-weight: normal;\"><br \/>\nB\u00f3g lubi zaskakiwa\u0107, czy \u2013 jak m\u00f3wi Papie\u017c Franciszek \u2013<\/span><\/span><\/span><\/span><span style=\"font-variant: normal;\"><span style=\"letter-spacing: normal;\"><span style=\"font-style: normal;\"><b><br \/>\nlubi robi\u0107 niespodzianki.<\/b><\/span><\/span><\/span><span style=\"font-variant: normal;\"><span style=\"letter-spacing: normal;\"><span style=\"font-style: normal;\"><span style=\"font-weight: normal;\"><br \/>\nAle to nie oznacza bynajmniej, \u017ce dzia\u0142a chaotycznie, albo popiera<br \/>\nchaos, lub ba\u0142agan. Wprost przeciwnie! <\/span><\/span><\/span><\/span><span style=\"font-variant: normal;\"><span style=\"letter-spacing: normal;\"><span style=\"font-style: normal;\"><b>B\u00f3g<br \/>\nlubi porz\u0105dek<\/b><\/span><\/span><\/span><span style=\"font-variant: normal;\"><span style=\"letter-spacing: normal;\"><span style=\"font-style: normal;\"><span style=\"font-weight: normal;\"><br \/>\ni Jego dzia\u0142anie jest bardzo logiczne i uporz\u0105dkowane. B\u00f3g<br \/>\nrealizuje <\/span><\/span><\/span><\/span><span style=\"font-variant: normal;\"><span style=\"letter-spacing: normal;\"><span style=\"font-style: normal;\"><b>swoje<br \/>\nodwieczne plany,<\/b><\/span><\/span><\/span><span style=\"font-variant: normal;\"><span style=\"letter-spacing: normal;\"><span style=\"font-style: normal;\"><span style=\"font-weight: normal;\"><br \/>\na w\u015br\u00f3d nich ten jeden, zasadniczy: <\/span><\/span><\/span><\/span><span style=\"font-variant: normal;\"><span style=\"letter-spacing: normal;\"><span style=\"font-style: normal;\"><b>plan<br \/>\nzbawienia cz\u0142owieka.<\/b><\/span><\/span><\/span><span style=\"font-variant: normal;\"><span style=\"letter-spacing: normal;\"><span style=\"font-style: normal;\"><span style=\"font-weight: normal;\"><br \/>\n<\/span><\/span><\/span><\/span><\/span><\/span><br \/>\n<\/span><\/div>\n<div align=\"justify\" style=\"background: transparent; line-height: 150%; margin-bottom: 0cm; text-indent: 1.3cm;\">\n<span style=\"font-size: x-large;\"><span style=\"color: black;\"><span style=\"font-family: Book Antiqua, serif;\"><span style=\"font-variant: normal;\"><span style=\"letter-spacing: normal;\"><span style=\"font-style: normal;\"><span style=\"font-weight: normal;\">I<br \/>\nw ramach realizacji tego\u017c planu sprawia nam r\u00f3\u017cne niespodzianki,<br \/>\n<\/span><\/span><\/span><\/span><span style=\"font-variant: normal;\"><span style=\"letter-spacing: normal;\"><span style=\"font-style: normal;\"><span style=\"font-weight: normal;\">zaskakuje<br \/>\nnas swoj\u0105 oryginalno\u015bci\u0105, swoj\u0105 pomys\u0142owo\u015bci\u0105. Ale to nie<br \/>\n<\/span><\/span><\/span><\/span><span style=\"font-variant: normal;\"><span style=\"letter-spacing: normal;\"><span style=\"font-style: normal;\"><span style=\"font-weight: normal;\">o<\/span><\/span><\/span><\/span><span style=\"font-variant: normal;\"><span style=\"letter-spacing: normal;\"><span style=\"font-style: normal;\"><span style=\"font-weight: normal;\">znacz<\/span><\/span><\/span><\/span><span style=\"font-variant: normal;\"><span style=\"letter-spacing: normal;\"><span style=\"font-style: normal;\"><span style=\"font-weight: normal;\">a<br \/>\n\u2013 jeszcze raz to wyra\u017anie podkre\u015blmy \u2013<\/span><\/span><\/span><\/span><span style=\"font-variant: normal;\"><span style=\"letter-spacing: normal;\"><span style=\"font-style: normal;\"><span style=\"font-weight: normal;\"><br \/>\n\u017ce <\/span><\/span><\/span><\/span><span style=\"font-variant: normal;\"><span style=\"letter-spacing: normal;\"><span style=\"font-style: normal;\"><b>dzia\u0142a<\/b><\/span><\/span><\/span><span style=\"font-variant: normal;\"><span style=\"letter-spacing: normal;\"><span style=\"font-style: normal;\"><span style=\"font-weight: normal;\"><br \/>\n<\/span><\/span><\/span><\/span><span style=\"font-variant: normal;\"><span style=\"letter-spacing: normal;\"><span style=\"font-style: normal;\"><b>chaotycznie,<br \/>\nod przypadku do przypadku,<\/b><\/span><\/span><\/span><span style=\"font-variant: normal;\"><span style=\"letter-spacing: normal;\"><span style=\"font-style: normal;\"><span style=\"font-weight: normal;\"><br \/>\nna zasadzie pierwszego skojarzenia, czy chwilowego pomys\u0142u. Nie! B\u00f3g<br \/>\njest w swym dzia\u0142aniu <\/span><\/span><\/span><\/span><span style=\"font-variant: normal;\"><span style=\"letter-spacing: normal;\"><span style=\"font-style: normal;\"><b>bardzo<br \/>\nlogiczny, B\u00f3g <\/b><\/span><\/span><\/span><span style=\"font-variant: normal;\"><span style=\"letter-spacing: normal;\"><span style=\"font-style: normal;\"><b>zachowuje<br \/>\nokre\u015blony<\/b><\/span><\/span><\/span><span style=\"font-variant: normal;\"><span style=\"letter-spacing: normal;\"><span style=\"font-style: normal;\"><b><br \/>\nporz\u0105dek<\/b><\/span><\/span><\/span><span style=\"font-variant: normal;\"><span style=\"letter-spacing: normal;\"><span style=\"font-style: normal;\"><span style=\"font-weight: normal;\"><br \/>\n\u2013 dlatego te\u017c od nas go oczekuje. <\/span><\/span><\/span><\/span><\/span><\/span><br \/>\n<\/span><\/div>\n<div align=\"justify\" style=\"background: transparent; line-height: 150%; margin-bottom: 0cm; text-indent: 1.3cm;\">\n<span style=\"color: black;\"><span style=\"font-family: Book Antiqua, serif;\"><span style=\"font-size: x-large;\"><span style=\"font-variant: normal;\"><span style=\"letter-spacing: normal;\"><span style=\"font-style: normal;\"><span style=\"font-weight: normal;\">Oczekuje,<br \/>\n\u017ce w codzienn\u0105 realizacj\u0119 naszego \u017cyciowego powo\u0142ania w\u0142\u0105czymy<br \/>\n<\/span><\/span><\/span><\/span><span style=\"font-variant: normal;\"><span style=\"letter-spacing: normal;\"><span style=\"font-style: normal;\"><b>trze\u017awe<br \/>\nmy\u015blenie<\/b><\/span><\/span><\/span><span style=\"font-variant: normal;\"><span style=\"letter-spacing: normal;\"><span style=\"font-style: normal;\"><span style=\"font-weight: normal;\"><br \/>\ni \u017ce w naszej codziennej pracy nigdy nie zabraknie \u2013 <\/span><\/span><\/span><\/span><span style=\"font-variant: normal;\"><span style=\"letter-spacing: normal;\"><span style=\"font-style: normal;\"><span style=\"font-weight: normal;\">wspartego<br \/>\noczywi\u015bcie modlitw\u0105 \u2013<\/span><\/span><\/span><\/span><span style=\"font-variant: normal;\"><span style=\"letter-spacing: normal;\"><span style=\"font-style: normal;\"><span style=\"font-weight: normal;\"><br \/>\n<\/span><\/span><\/span><\/span><span style=\"font-variant: normal;\"><span style=\"letter-spacing: normal;\"><span style=\"font-style: normal;\"><b>spokojnego,<br \/>\nlogicznego namys\u0142u,<\/b><\/span><\/span><\/span><span style=\"font-variant: normal;\"><span style=\"letter-spacing: normal;\"><span style=\"font-style: normal;\"><span style=\"font-weight: normal;\"><br \/>\nrefleksji, jakiego\u015b planu, jakie\u015b strategii dzia\u0142ania. I \u2013 co<br \/>\nte\u017c bardzo wa\u017cne \u2013 wsp\u00f3\u0142pracy z innymi.<\/span><\/span><\/span><\/span><\/span><\/span><\/span><\/div>\n<div align=\"justify\" style=\"background: transparent; line-height: 150%; margin-bottom: 0cm; text-indent: 1.3cm;\">\n<span style=\"font-size: x-large;\"><span style=\"color: black;\"><span style=\"font-family: Book Antiqua, serif;\"><span style=\"font-variant: normal;\"><span style=\"letter-spacing: normal;\"><span style=\"font-style: normal;\"><span style=\"font-weight: normal;\">Mniej<br \/>\nwi\u0119cej, o tych sprawach Jezus dzisiaj w Ewangelii rozmawia\u0142 z<br \/>\nuczniami. Kiedy oni stwierdzili, \u017ce<\/span><\/span><\/span><\/span><span style=\"font-variant: normal;\"><span style=\"letter-spacing: normal;\"><span style=\"font-style: normal;\"><b><br \/>\n\u201eteraz ju\u017c wierz\u0105\u201d<\/b><\/span><\/span><\/span><span style=\"font-variant: normal;\"><span style=\"letter-spacing: normal;\"><span style=\"font-style: normal;\"><span style=\"font-weight: normal;\"><br \/>\nw Niego i <\/span><\/span><\/span><\/span><span style=\"font-variant: normal;\"><span style=\"letter-spacing: normal;\"><span style=\"font-style: normal;\"><b>\u201eju\u017c<br \/>\nwiedz\u0105\u201d,<\/b><\/span><\/span><\/span><span style=\"font-variant: normal;\"><span style=\"letter-spacing: normal;\"><span style=\"font-style: normal;\"><span style=\"font-weight: normal;\"><br \/>\nco chce im powiedzie\u0107, Jezus chyba ich jednak zaskoczy\u0142 swo<\/span><\/span><\/span><\/span><span style=\"font-variant: normal;\"><span style=\"letter-spacing: normal;\"><span style=\"font-style: normal;\"><span style=\"font-weight: normal;\">im<br \/>\nstwierdzeniem<\/span><\/span><\/span><\/span><span style=\"font-variant: normal;\"><span style=\"letter-spacing: normal;\"><span style=\"font-style: normal;\"><span style=\"font-weight: normal;\">,<br \/>\n\u017ce <\/span><\/span><\/span><\/span><span style=\"font-variant: normal;\"><span style=\"letter-spacing: normal;\"><span style=\"font-style: normal;\"><b>jednak<br \/>\nOn wie wi\u0119cej,<\/b><\/span><\/span><\/span><span style=\"font-variant: normal;\"><span style=\"letter-spacing: normal;\"><span style=\"font-style: normal;\"><span style=\"font-weight: normal;\"><br \/>\nbo dobrze wie, \u017ce <\/span><\/span><\/span><\/span><span style=\"font-variant: normal;\"><span style=\"letter-spacing: normal;\"><span style=\"font-style: normal;\"><span style=\"font-weight: normal;\">w<br \/>\nobliczu zagro\u017cenia <\/span><\/span><\/span><\/span><span style=\"font-variant: normal;\"><span style=\"letter-spacing: normal;\"><span style=\"font-style: normal;\"><span style=\"font-weight: normal;\">wszyscy<br \/>\nrozprosz\u0105 si\u0119, <\/span><\/span><\/span><\/span><span style=\"font-variant: normal;\"><span style=\"letter-spacing: normal;\"><i><b>ka\u017cdy<br \/>\nw swoj\u0105 stron\u0119, <\/b><\/i><\/span><\/span><span style=\"font-variant: normal;\"><span style=\"letter-spacing: normal;\"><span style=\"font-style: normal;\"><span style=\"font-weight: normal;\">a<br \/>\nJego zostawi\u0105 samego. A zatem, tak\u017ce ta sytuacja by\u0142a wpisana w<br \/>\nBo\u017ce plany. <\/span><\/span><\/span><\/span><\/span><\/span><br \/>\n<\/span><\/div>\n<div align=\"justify\" style=\"background: transparent; line-height: 150%; margin-bottom: 0cm; text-indent: 1.3cm;\">\n<span style=\"font-size: x-large;\"><span style=\"color: black;\"><span style=\"font-family: Book Antiqua, serif;\"><span style=\"font-variant: normal;\"><span style=\"letter-spacing: normal;\"><span style=\"font-style: normal;\"><span style=\"font-weight: normal;\">Ale<br \/>\nponad tymi planami, ponad ludzk\u0105 s\u0142abo\u015bci\u0105, a nawet zdrad\u0105 \u2013<br \/>\n<\/span><\/span><\/span><\/span><span style=\"font-variant: normal;\"><span style=\"letter-spacing: normal;\"><span style=\"font-style: normal;\"><b>jest<br \/>\nB\u00f3g i Jego moc!<\/b><\/span><\/span><\/span><span style=\"font-variant: normal;\"><span style=\"letter-spacing: normal;\"><span style=\"font-style: normal;\"><span style=\"font-weight: normal;\"><br \/>\nDlatego Jezus m\u00f3g\u0142 swoich uczni\u00f3w pocieszy\u0107 s\u0142owami: <\/span><\/span><\/span><\/span><span style=\"font-variant: normal;\"><span style=\"letter-spacing: normal;\"><i><b>To<br \/>\nwam powiedzia\u0142em, aby\u015bcie pok\u00f3j we Mnie mieli. Na \u015bwiecie<br \/>\ndoznacie ucisku, ale miejcie odwag\u0119: Jam zwyci\u0119\u017cy\u0142 \u015bwiat.<\/b><\/i><\/span><\/span><span style=\"font-variant: normal;\"><span style=\"letter-spacing: normal;\"><span style=\"font-style: normal;\"><span style=\"font-weight: normal;\"><br \/>\n<\/span><\/span><\/span><\/span><\/span><\/span><br \/>\n<\/span><\/div>\n<div align=\"justify\" style=\"background: transparent; line-height: 150%; margin-bottom: 0cm; text-indent: 1.3cm;\">\n<span style=\"font-size: x-large;\"><span style=\"color: black;\"><span style=\"font-family: Book Antiqua, serif;\"><span style=\"font-variant: normal;\"><span style=\"letter-spacing: normal;\"><span style=\"font-style: normal;\"><span style=\"font-weight: normal;\">I<br \/>\nto jest w\u0142a\u015bnie, moi Drodzy, ten najwi\u0119kszy plan, jaki B\u00f3g ma<br \/>\nwobec cz\u0142owieka: <\/span><\/span><\/span><\/span><span style=\"font-variant: normal;\"><span style=\"letter-spacing: normal;\"><span style=\"font-style: normal;\"><b>jego<br \/>\nzbawienie! <\/b><\/span><\/span><\/span><span style=\"font-variant: normal;\"><span style=\"letter-spacing: normal;\"><span style=\"font-style: normal;\"><span style=\"font-weight: normal;\">B\u00f3g<br \/>\nchce szcz\u0119\u015bcia swoich dzieci. Dlatego \u015bwiat zosta\u0142 <\/span><\/span><\/span><\/span><span style=\"font-variant: normal;\"><span style=\"letter-spacing: normal;\"><span style=\"font-style: normal;\"><b>zwyci\u0119\u017cony<br \/>\nmoc\u0105 Bo\u017cej mi\u0142o\u015bci. <\/b><\/span><\/span><\/span><span style=\"font-variant: normal;\"><span style=\"letter-spacing: normal;\"><span style=\"font-style: normal;\"><span style=\"font-weight: normal;\">I<br \/>\nzawsze jest ni\u0105 zwyci\u0119\u017cany, kiedy tylko cz\u0142owiek podejmie<br \/>\nwsp\u00f3\u0142prac\u0119 z Bogiem, kiedy podejmie si\u0119 realizacji Bo\u017cych<br \/>\nplan\u00f3w, a <\/span><\/span><\/span><\/span><span style=\"font-variant: normal;\"><span style=\"letter-spacing: normal;\"><span style=\"font-style: normal;\"><b>nie<br \/>\npozwoli na ba\u0142agan w swoim \u017cyciu,<\/b><\/span><\/span><\/span><span style=\"font-variant: normal;\"><span style=\"letter-spacing: normal;\"><span style=\"font-style: normal;\"><span style=\"font-weight: normal;\"><br \/>\nna ba\u0142agan w swoim sercu, na chaos i przypadkowo\u015b\u0107 w swoim<br \/>\ndzia\u0142aniu. <\/span><\/span><\/span><\/span><\/span><\/span><br \/>\n<\/span><\/div>\n<div align=\"justify\" style=\"background: transparent; line-height: 150%; margin-bottom: 0cm; text-indent: 1.3cm;\">\n<span style=\"color: black;\"><span style=\"font-family: Book Antiqua, serif;\"><span style=\"font-size: x-large;\"><span style=\"font-variant: normal;\"><span style=\"letter-spacing: normal;\"><span style=\"font-style: normal;\"><span style=\"font-weight: normal;\">Potrzeba<br \/>\n<\/span><\/span><\/span><\/span><span style=\"font-variant: normal;\"><span style=\"letter-spacing: normal;\"><span style=\"font-style: normal;\"><b>trze\u017awego<\/b><\/span><\/span><\/span><span style=\"font-variant: normal;\"><span style=\"letter-spacing: normal;\"><span style=\"font-style: normal;\"><span style=\"font-weight: normal;\"><br \/>\nmy\u015blenia, potrzeba <\/span><\/span><\/span><\/span><span style=\"font-variant: normal;\"><span style=\"letter-spacing: normal;\"><span style=\"font-style: normal;\"><b>logicznego<\/b><\/span><\/span><\/span><span style=\"font-variant: normal;\"><span style=\"letter-spacing: normal;\"><span style=\"font-style: normal;\"><span style=\"font-weight: normal;\"><br \/>\ndzia\u0142ania, opartego na Bo\u017cych zasadach, <\/span><\/span><\/span><\/span><span style=\"font-variant: normal;\"><span style=\"letter-spacing: normal;\"><span style=\"font-style: normal;\"><b>wspartego<br \/>\nBo\u017c\u0105 pomoc\u0105.<\/b><\/span><\/span><\/span><span style=\"font-variant: normal;\"><span style=\"letter-spacing: normal;\"><span style=\"font-style: normal;\"><span style=\"font-weight: normal;\"><br \/>\nA wtedy owoce b\u0119d\u0105 naprawd\u0119 wielkie.<\/span><\/span><\/span><\/span><\/span><\/span><\/span><\/div>\n<div align=\"justify\" style=\"background: transparent; line-height: 150%; margin-bottom: 0cm; text-indent: 1.3cm;\">\n<span style=\"color: black;\"><span style=\"font-family: Book Antiqua, serif;\"><span style=\"font-size: x-large;\"><span style=\"font-variant: normal;\"><span style=\"letter-spacing: normal;\"><span style=\"font-style: normal;\"><span style=\"font-weight: normal;\">Takie,<br \/>\njak te, kt\u00f3re zrodzi\u0142y si\u0119 z dzia\u0142alno\u015bci i m\u0119cze\u0144skiej<br \/>\n\u015bmierci Patron\u00f3w dnia dzisiejszego, <\/span><\/span><\/span><\/span><span style=\"font-variant: normal;\"><span style=\"letter-spacing: normal;\"><span style=\"font-style: normal;\"><b>Karola<br \/>\nLwangi i Towarzyszy, M\u0119czennik\u00f3w z Ugandy. <\/b><\/span><\/span><\/span><span style=\"font-variant: normal;\"><span style=\"letter-spacing: normal;\"><span style=\"font-style: normal;\"><span style=\"font-weight: normal;\">Co<br \/>\no nich wiemy? <\/span><\/span><\/span><\/span><span style=\"font-variant: normal;\"><span style=\"letter-spacing: normal;\"><span style=\"font-style: normal;\"><span style=\"font-weight: normal;\">Co<br \/>\nmo\u017cemy powiedzie\u0107 o ich historii?<\/span><\/span><\/span><\/span><\/span><\/span><\/span><\/div>\n<div align=\"justify\" style=\"line-height: 150%; margin-bottom: 0cm; page-break-before: auto; text-indent: 1.3cm;\">\n<span style=\"font-size: x-large;\"><span style=\"color: black;\"><span style=\"font-family: Book Antiqua, serif;\"><span style=\"font-variant: normal;\"><span style=\"letter-spacing: normal;\"><span style=\"font-style: normal;\"><span style=\"font-weight: normal;\">Ot\u00f3\u017c,<br \/>\np<\/span><\/span><\/span><\/span>\u00f3\u0142nocna cz\u0119\u015b\u0107 kontynentu<br \/>\nafryka\u0144skiego wydawa\u0142a wielu \u015awi\u0119tych do VIII wieku. Afryka<br \/>\nCzarna, a wi\u0119c \u015arodkowa i Po\u0142udniowa, <b>zetkn\u0119\u0142a si\u0119 z<br \/>\nKo\u015bcio\u0142em dopiero w po\u0142owie XIX wieku.<\/b> Do Ugandy<br \/>\nchrze\u015bcija\u0144stwo dotar\u0142o w latach siedemdziesi\u0105tych. W 1879 roku<br \/>\nprzybyli tam \u2013 jak ich nazwano \u2013 \u201ebiali ojcowie\u201d, a wi\u0119c<br \/>\n<b>misjonarze z Europy, <\/b><span style=\"font-weight: normal;\">kt\u00f3rzy<br \/>\nspotkali si\u0119 z przychylno\u015bci\u0105 mieszka\u0144c\u00f3w.<\/span> Jednak w kilka<br \/>\nlat p\u00f3\u017aniej, razem z anglika\u0144skimi misjonarzami, byli zmuszeni<br \/>\nprzez kr\u00f3la Mtera do opuszczenia kraju. Kiedy po jego \u015bmierci<br \/>\nwst\u0105pi\u0142 na tron Mwanga, <b>rozpocz\u0119\u0142o si\u0119 krwawe prze\u015bladowanie<br \/>\nchrze\u015bcijan. <\/b><\/span><\/span><br \/>\n<\/span><\/div>\n<div align=\"justify\" style=\"line-height: 150%; margin-bottom: 0cm; text-indent: 1.3cm;\">\n<span style=\"color: black;\"><span style=\"font-family: Book Antiqua, serif;\"><span style=\"font-size: x-large;\">Pierwsze<br \/>\nprze\u015bladowanie dotkn\u0119\u0142o <b>misj\u0119 anglika\u0144sk\u0105.<\/b> W<br \/>\nmiejscowo\u015bci Natebe wbito na pale i \u017cywcem spalono trzech uczni\u00f3w<br \/>\nszkockiego misjonarza, kt\u00f3ry uczy\u0142 Murzyn\u00f3w czyta\u0107, pisa\u0107 i<br \/>\nwierzy\u0107. Z rozkazu kr\u00f3la zgin\u0105\u0142 nast\u0119pnie pierwszy anglika\u0144ski<br \/>\nbiskup. Wkr\u00f3tce ofiar\u0105 nienawi\u015bci padli tak\u017ce <b>neofici<br \/>\nkatoliccy \u2013 <\/b><span style=\"font-weight: normal;\">w\u015br\u00f3d nich<br \/>\ndworzanie kr\u00f3la.<\/span><\/span><\/span><\/span><\/div>\n<div align=\"justify\" style=\"line-height: 150%; margin-bottom: 0cm; text-indent: 1.3cm;\">\n<span style=\"font-size: x-large;\"><span style=\"color: black;\"><span style=\"font-family: Book Antiqua, serif;\">Przez<br \/>\nwiele dni na uwi\u0119zionych wywierano wszelkiego rodzaju presje i<br \/>\nnaciski. W\u015br\u00f3d M\u0119czennik\u00f3w by\u0142o dw\u00f3ch ch\u0142opc\u00f3w, licz\u0105cych<br \/>\nzaledwie dwana\u015bcie lat. <b>Dnia 3 czerwca 1886 roku zap\u0142on\u0105\u0142<br \/>\nstos.<\/b> Zawini\u0119tych w trzcinowe maty wyznawc\u00f3w Chrystusa kolejno<br \/>\nwrzucano w p\u0142omienie. By\u0142o to w uroczysto\u015b\u0107 Wniebowst\u0105pienia<br \/>\nPa\u0144skiego. <\/span><\/span><br \/>\n<\/span><\/div>\n<div align=\"justify\" style=\"line-height: 150%; margin-bottom: 0cm; text-indent: 1.3cm;\">\n<span style=\"font-size: x-large;\"><span style=\"color: black;\"><span style=\"font-family: Book Antiqua, serif;\">W\u015br\u00f3d<br \/>\nM\u0119czennik\u00f3w spalono mi\u0119dzy innymi <b>Karola Lwanga \u2013 wodza<br \/>\njednego z plemion, prze\u0142o\u017conego kr\u00f3lewskich pazi\u00f3w.<\/b> Mia\u0142<br \/>\ndwadzie\u015bcia pi\u0119\u0107 lat. Cia\u0142o jego palono wolno na ogniu,<br \/>\nzaczynaj\u0105c od st\u00f3p. <\/span><\/span><br \/>\n<\/span><\/div>\n<div align=\"justify\" style=\"line-height: 150%; margin-bottom: 0cm; text-indent: 1.3cm;\">\n<span style=\"font-size: x-large;\"><span style=\"color: black;\"><span style=\"font-family: Book Antiqua, serif;\">Zgodnie<br \/>\nz decyzj\u0105 Papie\u017ca Piusa XI z 1934 roku, \u015awi\u0119ty Karol Lwanga<br \/>\nog\u0142oszony zosta\u0142 Patronem m\u0142odzie\u017cy i Akcji Katolickiej w Afryce.<br \/>\nZosta\u0142 wyr\u00f3\u017cniony spo\u015br\u00f3d innych dlatego, \u017ce <span style=\"font-weight: normal;\">nie<br \/>\ntylko<\/span><b> z u\u015bmiechem poni\u00f3s\u0142 \u015bmier\u0107, ale zach\u0119ca\u0142<br \/>\ninnych do wytrwania.<\/b> <\/span><\/span><br \/>\n<\/span><\/div>\n<div align=\"justify\" style=\"line-height: 150%; margin-bottom: 0cm; text-indent: 1.3cm;\">\n<span style=\"color: black;\"><span style=\"font-family: Book Antiqua, serif;\"><span style=\"font-size: x-large;\">Wraz<br \/>\nz nim zgin\u0119\u0142o <b>w ci\u0105gu tego jednego dnia, na tym samym miejscu,<br \/>\ndwudziestu M\u0119czennik\u00f3w.<\/b> Dlatego dzie\u0144 3 czerwca Papie\u017c<br \/>\nwyznaczy\u0142 na ich doroczne wspomnienie. W tym gronie bohaterskich<br \/>\nobro\u0144c\u00f3w wiary znale\u017ali si\u0119 \u2013 mi\u0119dzy innymi \u2013 pierwszy<br \/>\nminister kr\u00f3la, naczelnik kilku wiosek murzy\u0144skich, kapelmistrz<br \/>\nkr\u00f3lewski\u2026 Szczeg\u00f3lne m\u0119ki zastosowano <b>wobec Macieja Kalemby,<br \/>\nkt\u00f3ry by\u0142 s\u0119dzi\u0105 i namiestnikiem okr\u0119gu.<\/b> Mia\u0142 pi\u0119\u0107dziesi\u0105t<br \/>\nlat. Doprawdy, a\u017c trudno tu opisywa\u0107, w jak okrutny i brutalny<br \/>\nspos\u00f3b pastwiono si\u0119 nad nim, licz\u0105c, \u017ce wyrzeknie si\u0119<br \/>\nChrystusa. <b>Ale \u2013 wszystko na pr\u00f3\u017cno!<\/b><\/span><\/span><\/span><\/div>\n<div align=\"justify\" style=\"line-height: 150%; margin-bottom: 0cm; text-indent: 1.3cm;\">\n<span style=\"color: black;\"><span style=\"font-family: Book Antiqua, serif;\"><span style=\"font-size: x-large;\">Krew<br \/>\nm\u0119cze\u0144ska wylana w Ugandzie nie posz\u0142a na marne, ale <span style=\"font-weight: normal;\">u\u017cy\u017ani\u0142a<br \/>\nczarn\u0105 gleb\u0119 afryka\u0144sk\u0105,<\/span><b> pomna\u017caj\u0105c zast\u0119py<br \/>\nchrze\u015bcijan.<\/b> Karola Lwang\u0119 i jego Towarzyszy w roku 1920<br \/>\nbeatyfikowa\u0142 Papie\u017c Benedykt XV, za\u015b <b>18 pa\u017adziernika 1964<br \/>\nroku, <\/b><span style=\"font-weight: normal;\">w niedziel\u0119 misyjn\u0105,<\/span><b><br \/>\nPapie\u017c Pawe\u0142 VI <\/b><span style=\"font-weight: normal;\">wyni\u00f3s\u0142 <\/span><span style=\"font-weight: normal;\">ich<\/span><span style=\"font-weight: normal;\"><br \/>\ndo chwa\u0142y <\/span><span style=\"font-weight: normal;\">\u015a<\/span><span style=\"font-weight: normal;\">wi\u0119tych.<\/span><\/span><\/span><\/span><\/div>\n<div align=\"justify\" style=\"line-height: 150%; margin-bottom: 0cm; text-indent: 1.3cm;\">\n<span style=\"color: black;\"><span style=\"font-family: Book Antiqua, serif;\"><span style=\"font-size: x-large;\">A<br \/>\nw trakcie Mszy \u015awi\u0119tej kanonizacyjnej, Ojciec \u015awi\u0119ty tak m\u00f3wi\u0142<br \/>\nw homilii: \u201eCi M\u0119czennicy z Afryki <b>dodaj\u0105 do ksi\u0119gi<br \/>\nzwyci\u0119zc\u00f3w, to jest Martyrologium, <\/b><span style=\"font-weight: normal;\">kart\u0119<br \/>\nopowiadaj\u0105c\u0105 o bolesnych i chwalebnych zarazem wydarzeniach.<\/span><br \/>\nZas\u0142uguje ona w pe\u0142ni, aby do\u0142\u0105czy\u0107 j\u0105 do owych wspania\u0142ych<br \/>\nopowiada\u0144 staro\u017cytnej Afryki, o kt\u00f3rych my, ludzie nowo\u017cytni, z<br \/>\nnasz\u0105 ma\u0142\u0105 wiar\u0105 s\u0105dzili\u015bmy, \u017ce ju\u017c nigdy nie znajd\u0105 one<br \/>\nsobie podobnych. [\u2026]<\/span><\/span><\/span><\/div>\n<div align=\"justify\" style=\"line-height: 150%; margin-bottom: 0cm; text-indent: 1.3cm;\">\n<span style=\"font-size: x-large;\"><span style=\"color: black;\"><span style=\"font-family: Book Antiqua, serif;\">Kt\u00f3\u017c<br \/>\nm\u00f3g\u0142by przewidzie\u0107, i\u017c do wielkich M\u0119czennik\u00f3w i Wyznawc\u00f3w<br \/>\nAfryki [\u2026] <span style=\"font-weight: normal;\">dodamy pewnego dnia<br \/>\ntak bardzo nam drogich:<\/span><b> Karola Lwang\u0119, Macieja Mulumb\u0119<br \/>\nKalemb\u0119 oraz ich Towarzyszy.<\/b> Pami\u0119ci godni s\u0105 te\u017c inni,<br \/>\nnale\u017c\u0105cy do wyznania anglika\u0144skiego, kt\u00f3rzy ponie\u015bli \u015bmier\u0107<br \/>\ndla imienia Chrystusa. Ci M\u0119czennicy afryka\u0144scy <b>stanowi\u0105<br \/>\npocz\u0105tek nowej epoki.<\/b> Oby si\u0119 nie zwr\u00f3ci\u0142a ku prze\u015bladowaniu<br \/>\ni konfliktom religijnym, ale ku chrze\u015bcija\u0144skiej i spo\u0142ecznej<br \/>\nodnowie. <\/span><\/span><br \/>\n<\/span><\/div>\n<div align=\"justify\" style=\"line-height: 150%; margin-bottom: 0cm; text-indent: 1.3cm;\">\n<span style=\"color: black;\"><span style=\"font-family: Book Antiqua, serif;\"><span style=\"font-size: x-large;\"><span style=\"font-variant: normal;\"><span style=\"letter-spacing: normal;\"><span style=\"font-style: normal;\"><span style=\"font-weight: normal;\">Oto<br \/>\nbowiem Afryka, zroszona krwi\u0105 tych M\u0119czennik\u00f3w, pierwszych w<br \/>\nnowo\u017cytnej epoce \u2013 oby B\u00f3g sprawi\u0142, by byli ostatnimi, skoro tak<br \/>\nwspania\u0142a jest i cenna ich ofiara \u2013 <\/span><\/span><\/span><\/span><span style=\"font-variant: normal;\"><span style=\"letter-spacing: normal;\"><span style=\"font-style: normal;\"><b>odradza<br \/>\nsi\u0119 jako wolna i niepodleg\u0142a.<\/b><\/span><\/span><\/span><span style=\"font-variant: normal;\"><span style=\"letter-spacing: normal;\"><span style=\"font-style: normal;\"><span style=\"font-weight: normal;\"><br \/>\nZbrodnia, jakiej dopuszczono si\u0119 na osobach \u015bwi\u0119tych, jest tak<br \/>\nhaniebna, a zarazem znamienna, i\u017c daje jasne i pewne podstawy dla<br \/>\nmoralnego <\/span><\/span><\/span><\/span><span style=\"font-variant: normal;\"><span style=\"letter-spacing: normal;\"><span style=\"font-style: normal;\"><b>kszta\u0142towania<br \/>\nsi\u0119 nowego ludu, <\/b><\/span><\/span><\/span><span style=\"font-variant: normal;\"><span style=\"letter-spacing: normal;\"><span style=\"font-style: normal;\"><span style=\"font-weight: normal;\">dla<br \/>\nbudowania jego duchowej tradycji, dla symbolicznego jakby ukazania i<br \/>\nprzyspieszenia <\/span><\/span><\/span><\/span><span style=\"font-variant: normal;\"><span style=\"letter-spacing: normal;\"><span style=\"font-style: normal;\"><b>przej\u015bcia<br \/>\nz okresu kultury dawnej,<\/b><\/span><\/span><\/span><span style=\"font-variant: normal;\"><span style=\"letter-spacing: normal;\"><span style=\"font-style: normal;\"><span style=\"font-weight: normal;\"><br \/>\nnie pozbawionej wprawdzie najlepszych walor\u00f3w ludzkich, ale s\u0142abej,<br \/>\nska\u017conej i jakby zniewolonej przez sam\u0105 siebie \u2013 do takiej<br \/>\nkultury spo\u0142ecznej, kt\u00f3ra zmierza do <\/span><\/span><\/span><\/span><span style=\"font-variant: normal;\"><span style=\"letter-spacing: normal;\"><span style=\"font-style: normal;\"><b>coraz<br \/>\nbogatszych osi\u0105gni\u0119\u0107 ducha<\/b><\/span><\/span><\/span><span style=\"font-variant: normal;\"><span style=\"letter-spacing: normal;\"><span style=\"font-style: normal;\"><span style=\"font-weight: normal;\"><br \/>\ni wy\u017cszych form \u017cycia spo\u0142ecznego.\u201d Tyle Papie\u017c Pawe\u0142 VI.<\/span><\/span><\/span><\/span><\/span><\/span><\/span><\/div>\n<div align=\"justify\" style=\"background: transparent; font-weight: normal; line-height: 150%; margin-bottom: 0cm; text-indent: 1.3cm;\">\n<span style=\"color: black;\"><span style=\"font-family: Book Antiqua, serif;\"><span style=\"font-size: x-large;\"><span style=\"font-variant: normal;\"><span style=\"letter-spacing: normal;\"><span style=\"font-style: normal;\">A<br \/>\n<\/span><\/span><\/span><span style=\"font-variant: normal;\"><span style=\"letter-spacing: normal;\"><span style=\"font-style: normal;\">my,<br \/>\nwpatrzeni w \u015bwietlany przyk\u0142ad \u015bwi\u0119to\u015bci <\/span><\/span><\/span><span style=\"font-variant: normal;\"><span style=\"letter-spacing: normal;\"><span style=\"font-style: normal;\">M\u0119czennik\u00f3w<br \/>\nz Ugandy<\/span><\/span><\/span><span style=\"font-variant: normal;\"><span style=\"letter-spacing: normal;\"><span style=\"font-style: normal;\">,<br \/>\nale te\u017c zas\u0142uchani w Bo\u017ce s\u0142owo dzisiejszej liturgii, zastan\u00f3wmy<br \/>\nsi\u0119, <\/span><\/span><\/span><span style=\"font-variant: normal;\"><span style=\"letter-spacing: normal;\"><span style=\"font-style: normal;\">na<br \/>\nile nasze codzienne dzia\u0142anie, a wi\u0119c nasze modlitwy, prace i<br \/>\nodpoczynek \u2013 zdane oczywi\u015bcie na \u0142ask\u0119 i pomoc Bo\u017c\u0105 \u2013 s\u0105<br \/>\njednak przez nas <\/span><\/span><\/span><span style=\"font-variant: normal;\"><span style=\"letter-spacing: normal;\"><span style=\"font-style: normal;\"><b>przemy\u015blane,<br \/>\nzaplanowane, skoordynowane z innymi<\/b><\/span><\/span><\/span><span style=\"font-variant: normal;\"><span style=\"letter-spacing: normal;\"><span style=\"font-style: normal;\"><br \/>\ni nastawione na ten najwa\u017cniejszy cel, jakim jest zbawienie nasze i<br \/>\ninnych?\u2026<\/span><\/span><\/span><\/span><\/span><\/span><\/div>\n","protected":false},"excerpt":{"rendered":"<p>Szcz\u0119\u015b\u0107 Bo\u017ce! Moi Drodzy, w dniu dzisiejszym imieniny prze\u017cywa Ksi\u0105dz Leszek Mu\u0107ka, m\u00f3j oddany Przyjaciel i Cz\u0142owiek bardzo mi bliski, ju\u017c od tak wielu lat. \u017bycz\u0119 Drogiemu Solenizantowi, aby by\u0142 mocny i dzielny w podejmowaniu i rozwi\u0105zywaniu tych trudno\u015bci, kt\u00f3re Go aktualnie spotka\u0142y, ale te\u017c \u2013 aby by\u0142 tak dobrym i oddanym Ksi\u0119dzem, jakim jest [&hellip;]<\/p>\n","protected":false},"author":1,"featured_media":0,"comment_status":"open","ping_status":"open","sticky":false,"template":"","format":"standard","meta":{"jetpack_post_was_ever_published":false,"_jetpack_newsletter_access":"","_jetpack_dont_email_post_to_subs":false,"_jetpack_newsletter_tier_id":0,"_jetpack_memberships_contains_paywalled_content":false,"_jetpack_memberships_contains_paid_content":false,"footnotes":""},"categories":[1],"tags":[],"class_list":["post-14582","post","type-post","status-publish","format-standard","hentry","category-bez-kategorii"],"yoast_head":"<!-- This site is optimized with the Yoast SEO plugin v25.1 - https:\/\/yoast.com\/wordpress\/plugins\/seo\/ -->\n<title>B\u00f3g lubi porz\u0105dek! - Gaudium Et Spes<\/title>\n<meta name=\"robots\" content=\"index, follow, max-snippet:-1, max-image-preview:large, max-video-preview:-1\" \/>\n<link rel=\"canonical\" href=\"https:\/\/gaudiumetspes-blog.pl\/index.php\/2019\/06\/03\/bog-lubi-porzadek-2\/\" \/>\n<meta property=\"og:locale\" content=\"pl_PL\" \/>\n<meta property=\"og:type\" content=\"article\" \/>\n<meta property=\"og:title\" content=\"B\u00f3g lubi porz\u0105dek! - Gaudium Et Spes\" \/>\n<meta property=\"og:description\" content=\"Szcz\u0119\u015b\u0107 Bo\u017ce! Moi Drodzy, w dniu dzisiejszym imieniny prze\u017cywa Ksi\u0105dz Leszek Mu\u0107ka, m\u00f3j oddany Przyjaciel i Cz\u0142owiek bardzo mi bliski, ju\u017c od tak wielu lat. \u017bycz\u0119 Drogiemu Solenizantowi, aby by\u0142 mocny i dzielny w podejmowaniu i rozwi\u0105zywaniu tych trudno\u015bci, kt\u00f3re Go aktualnie spotka\u0142y, ale te\u017c \u2013 aby by\u0142 tak dobrym i oddanym Ksi\u0119dzem, jakim jest [&hellip;]\" \/>\n<meta property=\"og:url\" content=\"https:\/\/gaudiumetspes-blog.pl\/index.php\/2019\/06\/03\/bog-lubi-porzadek-2\/\" \/>\n<meta property=\"og:site_name\" content=\"Gaudium Et Spes\" \/>\n<meta property=\"article:published_time\" content=\"2019-06-03T04:48:00+00:00\" \/>\n<meta property=\"article:modified_time\" content=\"2019-07-31T11:03:37+00:00\" \/>\n<meta name=\"author\" content=\"Ks. Jacek\" \/>\n<meta name=\"twitter:card\" content=\"summary_large_image\" \/>\n<meta name=\"twitter:label1\" content=\"Napisane przez\" \/>\n\t<meta name=\"twitter:data1\" content=\"Ks. Jacek\" \/>\n\t<meta name=\"twitter:label2\" content=\"Szacowany czas czytania\" \/>\n\t<meta name=\"twitter:data2\" content=\"11 minut\" \/>\n<script type=\"application\/ld+json\" class=\"yoast-schema-graph\">{\"@context\":\"https:\/\/schema.org\",\"@graph\":[{\"@type\":\"WebPage\",\"@id\":\"https:\/\/gaudiumetspes-blog.pl\/index.php\/2019\/06\/03\/bog-lubi-porzadek-2\/\",\"url\":\"https:\/\/gaudiumetspes-blog.pl\/index.php\/2019\/06\/03\/bog-lubi-porzadek-2\/\",\"name\":\"B\u00f3g lubi porz\u0105dek! - Gaudium Et Spes\",\"isPartOf\":{\"@id\":\"https:\/\/gaudiumetspes-blog.pl\/#website\"},\"datePublished\":\"2019-06-03T04:48:00+00:00\",\"dateModified\":\"2019-07-31T11:03:37+00:00\",\"author\":{\"@id\":\"https:\/\/gaudiumetspes-blog.pl\/#\/schema\/person\/1661982992b752dea8dff0d4ed845a65\"},\"breadcrumb\":{\"@id\":\"https:\/\/gaudiumetspes-blog.pl\/index.php\/2019\/06\/03\/bog-lubi-porzadek-2\/#breadcrumb\"},\"inLanguage\":\"pl-PL\",\"potentialAction\":[{\"@type\":\"ReadAction\",\"target\":[\"https:\/\/gaudiumetspes-blog.pl\/index.php\/2019\/06\/03\/bog-lubi-porzadek-2\/\"]}]},{\"@type\":\"BreadcrumbList\",\"@id\":\"https:\/\/gaudiumetspes-blog.pl\/index.php\/2019\/06\/03\/bog-lubi-porzadek-2\/#breadcrumb\",\"itemListElement\":[{\"@type\":\"ListItem\",\"position\":1,\"name\":\"Strona g\u0142\u00f3wna\",\"item\":\"https:\/\/gaudiumetspes-blog.pl\/\"},{\"@type\":\"ListItem\",\"position\":2,\"name\":\"B\u00f3g lubi porz\u0105dek!\"}]},{\"@type\":\"WebSite\",\"@id\":\"https:\/\/gaudiumetspes-blog.pl\/#website\",\"url\":\"https:\/\/gaudiumetspes-blog.pl\/\",\"name\":\"Gaudium Et Spes\",\"description\":\"Blog Ks. Jacka Ja\u015bkowskiego\",\"potentialAction\":[{\"@type\":\"SearchAction\",\"target\":{\"@type\":\"EntryPoint\",\"urlTemplate\":\"https:\/\/gaudiumetspes-blog.pl\/?s={search_term_string}\"},\"query-input\":{\"@type\":\"PropertyValueSpecification\",\"valueRequired\":true,\"valueName\":\"search_term_string\"}}],\"inLanguage\":\"pl-PL\"},{\"@type\":\"Person\",\"@id\":\"https:\/\/gaudiumetspes-blog.pl\/#\/schema\/person\/1661982992b752dea8dff0d4ed845a65\",\"name\":\"Ks. Jacek\",\"image\":{\"@type\":\"ImageObject\",\"inLanguage\":\"pl-PL\",\"@id\":\"https:\/\/gaudiumetspes-blog.pl\/#\/schema\/person\/image\/\",\"url\":\"https:\/\/gaudiumetspes-blog.pl\/wp-content\/uploads\/2019\/07\/avatar-JJ-150x150.jpg\",\"contentUrl\":\"https:\/\/gaudiumetspes-blog.pl\/wp-content\/uploads\/2019\/07\/avatar-JJ-150x150.jpg\",\"caption\":\"Ks. Jacek\"},\"description\":\"Witam serdecznie! K\u0142ania si\u0119 Ks. Jacek Ja\u015bkowski. Nie jestem ani kim\u015b wa\u017cnym, ani kim\u015b znanym. Jestem ksi\u0119dzem, kt\u00f3ry po prostu chce rozmawia\u0107. Codzienna kap\u0142a\u0144ska pos\u0142uga pokazuje mi, \u017ce temat\u00f3w do rozm\u00f3w z ksi\u0119dzem jest coraz wi\u0119cej i dzisiaj \u017caden ksi\u0105dz nie mo\u017ce od nich ucieka\u0107, ale - wprost przeciwnie - podejmowa\u0107 nowe wyzwania. To przekonanie sk\u0142oni\u0142o mnie do pr\u00f3by otwarcia tego\u017c bloga, chocia\u017c okazji do rozm\u00f3w na co dzie\u0144 - w konfesjonale i poza nim - na szcz\u0119\u015bcie nie brakuje. My\u015bl\u0119 jednak, \u017ce ten blog b\u0119dzie jeszcze jednym sposobem i przestrzeni\u0105 nawi\u0105zania kontaktu z lud\u017ami dobrej woli, otwartymi na dialog.\",\"url\":\"https:\/\/gaudiumetspes-blog.pl\/index.php\/author\/ks-jacek\/\"}]}<\/script>\n<!-- \/ Yoast SEO plugin. -->","yoast_head_json":{"title":"B\u00f3g lubi porz\u0105dek! - Gaudium Et Spes","robots":{"index":"index","follow":"follow","max-snippet":"max-snippet:-1","max-image-preview":"max-image-preview:large","max-video-preview":"max-video-preview:-1"},"canonical":"https:\/\/gaudiumetspes-blog.pl\/index.php\/2019\/06\/03\/bog-lubi-porzadek-2\/","og_locale":"pl_PL","og_type":"article","og_title":"B\u00f3g lubi porz\u0105dek! - Gaudium Et Spes","og_description":"Szcz\u0119\u015b\u0107 Bo\u017ce! Moi Drodzy, w dniu dzisiejszym imieniny prze\u017cywa Ksi\u0105dz Leszek Mu\u0107ka, m\u00f3j oddany Przyjaciel i Cz\u0142owiek bardzo mi bliski, ju\u017c od tak wielu lat. \u017bycz\u0119 Drogiemu Solenizantowi, aby by\u0142 mocny i dzielny w podejmowaniu i rozwi\u0105zywaniu tych trudno\u015bci, kt\u00f3re Go aktualnie spotka\u0142y, ale te\u017c \u2013 aby by\u0142 tak dobrym i oddanym Ksi\u0119dzem, jakim jest [&hellip;]","og_url":"https:\/\/gaudiumetspes-blog.pl\/index.php\/2019\/06\/03\/bog-lubi-porzadek-2\/","og_site_name":"Gaudium Et Spes","article_published_time":"2019-06-03T04:48:00+00:00","article_modified_time":"2019-07-31T11:03:37+00:00","author":"Ks. Jacek","twitter_card":"summary_large_image","twitter_misc":{"Napisane przez":"Ks. Jacek","Szacowany czas czytania":"11 minut"},"schema":{"@context":"https:\/\/schema.org","@graph":[{"@type":"WebPage","@id":"https:\/\/gaudiumetspes-blog.pl\/index.php\/2019\/06\/03\/bog-lubi-porzadek-2\/","url":"https:\/\/gaudiumetspes-blog.pl\/index.php\/2019\/06\/03\/bog-lubi-porzadek-2\/","name":"B\u00f3g lubi porz\u0105dek! - Gaudium Et Spes","isPartOf":{"@id":"https:\/\/gaudiumetspes-blog.pl\/#website"},"datePublished":"2019-06-03T04:48:00+00:00","dateModified":"2019-07-31T11:03:37+00:00","author":{"@id":"https:\/\/gaudiumetspes-blog.pl\/#\/schema\/person\/1661982992b752dea8dff0d4ed845a65"},"breadcrumb":{"@id":"https:\/\/gaudiumetspes-blog.pl\/index.php\/2019\/06\/03\/bog-lubi-porzadek-2\/#breadcrumb"},"inLanguage":"pl-PL","potentialAction":[{"@type":"ReadAction","target":["https:\/\/gaudiumetspes-blog.pl\/index.php\/2019\/06\/03\/bog-lubi-porzadek-2\/"]}]},{"@type":"BreadcrumbList","@id":"https:\/\/gaudiumetspes-blog.pl\/index.php\/2019\/06\/03\/bog-lubi-porzadek-2\/#breadcrumb","itemListElement":[{"@type":"ListItem","position":1,"name":"Strona g\u0142\u00f3wna","item":"https:\/\/gaudiumetspes-blog.pl\/"},{"@type":"ListItem","position":2,"name":"B\u00f3g lubi porz\u0105dek!"}]},{"@type":"WebSite","@id":"https:\/\/gaudiumetspes-blog.pl\/#website","url":"https:\/\/gaudiumetspes-blog.pl\/","name":"Gaudium Et Spes","description":"Blog Ks. Jacka Ja\u015bkowskiego","potentialAction":[{"@type":"SearchAction","target":{"@type":"EntryPoint","urlTemplate":"https:\/\/gaudiumetspes-blog.pl\/?s={search_term_string}"},"query-input":{"@type":"PropertyValueSpecification","valueRequired":true,"valueName":"search_term_string"}}],"inLanguage":"pl-PL"},{"@type":"Person","@id":"https:\/\/gaudiumetspes-blog.pl\/#\/schema\/person\/1661982992b752dea8dff0d4ed845a65","name":"Ks. Jacek","image":{"@type":"ImageObject","inLanguage":"pl-PL","@id":"https:\/\/gaudiumetspes-blog.pl\/#\/schema\/person\/image\/","url":"https:\/\/gaudiumetspes-blog.pl\/wp-content\/uploads\/2019\/07\/avatar-JJ-150x150.jpg","contentUrl":"https:\/\/gaudiumetspes-blog.pl\/wp-content\/uploads\/2019\/07\/avatar-JJ-150x150.jpg","caption":"Ks. Jacek"},"description":"Witam serdecznie! K\u0142ania si\u0119 Ks. Jacek Ja\u015bkowski. Nie jestem ani kim\u015b wa\u017cnym, ani kim\u015b znanym. Jestem ksi\u0119dzem, kt\u00f3ry po prostu chce rozmawia\u0107. Codzienna kap\u0142a\u0144ska pos\u0142uga pokazuje mi, \u017ce temat\u00f3w do rozm\u00f3w z ksi\u0119dzem jest coraz wi\u0119cej i dzisiaj \u017caden ksi\u0105dz nie mo\u017ce od nich ucieka\u0107, ale - wprost przeciwnie - podejmowa\u0107 nowe wyzwania. To przekonanie sk\u0142oni\u0142o mnie do pr\u00f3by otwarcia tego\u017c bloga, chocia\u017c okazji do rozm\u00f3w na co dzie\u0144 - w konfesjonale i poza nim - na szcz\u0119\u015bcie nie brakuje. My\u015bl\u0119 jednak, \u017ce ten blog b\u0119dzie jeszcze jednym sposobem i przestrzeni\u0105 nawi\u0105zania kontaktu z lud\u017ami dobrej woli, otwartymi na dialog.","url":"https:\/\/gaudiumetspes-blog.pl\/index.php\/author\/ks-jacek\/"}]}},"jetpack_featured_media_url":"","jetpack_sharing_enabled":true,"_links":{"self":[{"href":"https:\/\/gaudiumetspes-blog.pl\/index.php\/wp-json\/wp\/v2\/posts\/14582","targetHints":{"allow":["GET"]}}],"collection":[{"href":"https:\/\/gaudiumetspes-blog.pl\/index.php\/wp-json\/wp\/v2\/posts"}],"about":[{"href":"https:\/\/gaudiumetspes-blog.pl\/index.php\/wp-json\/wp\/v2\/types\/post"}],"author":[{"embeddable":true,"href":"https:\/\/gaudiumetspes-blog.pl\/index.php\/wp-json\/wp\/v2\/users\/1"}],"replies":[{"embeddable":true,"href":"https:\/\/gaudiumetspes-blog.pl\/index.php\/wp-json\/wp\/v2\/comments?post=14582"}],"version-history":[{"count":1,"href":"https:\/\/gaudiumetspes-blog.pl\/index.php\/wp-json\/wp\/v2\/posts\/14582\/revisions"}],"predecessor-version":[{"id":15295,"href":"https:\/\/gaudiumetspes-blog.pl\/index.php\/wp-json\/wp\/v2\/posts\/14582\/revisions\/15295"}],"wp:attachment":[{"href":"https:\/\/gaudiumetspes-blog.pl\/index.php\/wp-json\/wp\/v2\/media?parent=14582"}],"wp:term":[{"taxonomy":"category","embeddable":true,"href":"https:\/\/gaudiumetspes-blog.pl\/index.php\/wp-json\/wp\/v2\/categories?post=14582"},{"taxonomy":"post_tag","embeddable":true,"href":"https:\/\/gaudiumetspes-blog.pl\/index.php\/wp-json\/wp\/v2\/tags?post=14582"}],"curies":[{"name":"wp","href":"https:\/\/api.w.org\/{rel}","templated":true}]}}