{"id":14586,"date":"2019-05-30T05:44:00","date_gmt":"2019-05-30T03:44:00","guid":{"rendered":"https:\/\/gaudiumetspes-blog.pl\/index.php\/2019\/05\/30\/o-pawowej-dynamice\/"},"modified":"2019-07-31T13:03:19","modified_gmt":"2019-07-31T11:03:19","slug":"o-pawowej-dynamice","status":"publish","type":"post","link":"https:\/\/gaudiumetspes-blog.pl\/index.php\/2019\/05\/30\/o-pawowej-dynamice\/","title":{"rendered":"O Paw\u0142owej dynamice&#8230;"},"content":{"rendered":"<p><\/p>\n<div align=\"justify\" style=\"font-weight: normal; line-height: 150%; margin-bottom: 0cm;\">\n<span style=\"font-size: x-large;\"><span style=\"color: black;\"><span style=\"font-family: Book Antiqua, serif;\">Szcz\u0119\u015b\u0107<br \/>\nBo\u017ce! Moi Drodzy, w dniu dzisiejszym <b>rocznic\u0119 \u015awi\u0119ce\u0144<br \/>\nkap\u0142a\u0144skich prze\u017cywa Ojciec Mateusz Fleiszerowicz, franciszkanin,<br \/>\nm\u00f3j Kolega ze studi\u00f3w prawa kanonicznego na KUL, a obecnie<br \/>\nProboszcz Parafii pw. \u015aw. El\u017cbiety W\u0119gierskiej w Nysie. <\/b><\/span><\/span><br \/>\n<\/span><\/div>\n<div align=\"justify\" style=\"background: transparent; line-height: 150%; margin-bottom: 0cm; page-break-before: auto; text-indent: 1.3cm;\">\n<span style=\"color: black;\"><span style=\"font-family: Book Antiqua, serif;\"><span style=\"font-size: x-large;\"><b>Rocznic\u0119<br \/>\n\u015awi\u0119ce\u0144 prze\u017cywa tak\u017ce Ks. \u0141ukasz Tarasiuk, pochodz\u0105cy z mojej<br \/>\nrodzinnej Parafii, a pos\u0142uguj\u0105cy w Diecezji warszawsko \u2013<br \/>\npraskiej.<\/b><\/span><\/span><\/span><\/div>\n<div align=\"justify\" style=\"background: transparent; line-height: 150%; margin-bottom: 0cm; text-indent: 1.3cm;\">\n<span style=\"color: black;\"><span style=\"font-family: Book Antiqua, serif;\"><span style=\"font-size: x-large;\"><b>Imieniny<br \/>\nnatomiast prze\u017cywa Siostra Joanna Andruszczyszyna, pos\u0142uguj\u0105ca \u2013<br \/>\nwraz z Ksi\u0119dzem Markiem \u2013 w Parafii w Surgucie.<\/b><\/span><\/span><\/span><\/div>\n<div align=\"justify\" style=\"background: transparent; line-height: 150%; margin-bottom: 0cm; text-indent: 1.3cm;\">\n<span style=\"color: black;\"><span style=\"font-family: Book Antiqua, serif;\"><span style=\"font-size: x-large;\"><b>Wszystkim<br \/>\n\u015bwi\u0119tuj\u0105cym \u017cycz\u0119 nieustannego zapa\u0142u apostolskiego i<br \/>\nniezwyk\u0142ej dynamiki w dzia\u0142aniu \u2013 jak to widzimy dzisiaj u<br \/>\n\u015awi\u0119tego Paw\u0142a. Ze swej strony zapewniam o modlitwie!<\/b><\/span><\/span><\/span><\/div>\n<div align=\"justify\" style=\"background: transparent; font-weight: normal; line-height: 150%; margin-bottom: 0cm; text-indent: 1.3cm;\">\n<span style=\"color: black;\"><span style=\"font-family: Book Antiqua, serif;\"><span style=\"font-size: x-large;\">I<br \/>\nzapowiadam na jutro \u2013 s\u0142\u00f3wko z Syberii!<\/span><\/span><\/span><\/div>\n<div align=\"center\" style=\"font-weight: normal; line-height: 150%; margin-bottom: 0cm;\">\n<span style=\"color: black;\"><span style=\"font-family: Book Antiqua, serif;\"><span style=\"font-size: x-large;\">Gaudium<br \/>\net spes!  Ks. Jacek<\/span><\/span><\/span><\/div>\n<div align=\"justify\" style=\"line-height: 150%; margin-bottom: 0cm;\">\n<span style=\"font-size: x-large;\"><\/p>\n<p><\/span><\/div>\n<div align=\"justify\" style=\"line-height: 150%; margin-bottom: 0cm;\">\n<span style=\"color: black;\"><span style=\"font-family: Book Antiqua, serif;\"><span style=\"font-size: x-large;\"><b>Czwartek<br \/>\n6 Tygodnia Wielkanocy,<\/b><\/span><\/span><\/span><\/div>\n<div align=\"justify\" style=\"line-height: 150%; margin-bottom: 0cm;\">\n<span style=\"color: black;\"><span style=\"font-family: Book Antiqua, serif;\"><span style=\"font-size: x-large;\"><b>do<br \/>\nczyta\u0144:  Dz 18,1\u20138;  J 16,16\u201320<\/b><\/span><\/span><\/span><\/div>\n<div align=\"justify\" style=\"line-height: 150%; margin-bottom: 0cm;\">\n<span style=\"font-size: x-large;\"><\/p>\n<p><\/span><\/div>\n<div align=\"justify\" style=\"font-style: normal; font-variant: normal; letter-spacing: normal; line-height: 150%; margin-bottom: 0cm; page-break-before: auto;\">\n<span style=\"font-size: x-large;\"><span style=\"color: black;\"><span style=\"font-family: Book Antiqua, serif;\"><b>CZYTANIE<br \/>\nZ DZIEJ\u00d3W APOSTOLSKICH: <\/b><\/span><\/span><br \/>\n<\/span><\/div>\n<div align=\"justify\" style=\"font-style: normal; font-variant: normal; letter-spacing: normal; line-height: 150%; margin-bottom: 0cm; page-break-before: auto; text-indent: 1.3cm;\">\n<span style=\"font-size: x-large;\"><span style=\"color: black;\"><span style=\"font-family: Book Antiqua, serif;\"><b>Pawe\u0142<br \/>\nopu\u015bci\u0142 Ateny i przyby\u0142 do Koryntu. Znalaz\u0142 tam pewnego \u017byda,<br \/>\nimieniem Akwila, rodem z Pontu, kt\u00f3ry z \u017con\u0105 Pryscyll\u0105 przyby\u0142<br \/>\nniedawno z Italii, poniewa\u017c Klaudiusz wysiedli\u0142 z Rzymu wszystkich<br \/>\n\u017byd\u00f3w. Przyszed\u0142 do nich, a poniewa\u017c zna\u0142 to samo rzemios\u0142o,<br \/>\nzamieszka\u0142 u nich i pracowa\u0142; zajmowali si\u0119 wyrobem namiot\u00f3w. A<br \/>\nco szabat rozprawia\u0142 w synagodze i przekonywa\u0142 tak \u017byd\u00f3w, jak i<br \/>\nGrek\u00f3w. <\/b><\/span><\/span><br \/>\n<\/span><\/div>\n<div align=\"justify\" style=\"font-style: normal; font-variant: normal; letter-spacing: normal; line-height: 150%; margin-bottom: 0cm; text-indent: 1.3cm;\">\n<span style=\"font-size: x-large;\"><span style=\"color: black;\"><span style=\"font-family: Book Antiqua, serif;\"><b>Kiedy<br \/>\nSylas i Tymoteusz przyszli z Macedonii, Pawe\u0142 odda\u0142 si\u0119 wy\u0142\u0105cznie<br \/>\nnauczaniu i udowadnia\u0142 \u017bydom, \u017ce Jezus jest Mesjaszem. A kiedy si\u0119<br \/>\nsprzeciwiali i blu\u017anili, otrz\u0105sn\u0105\u0142 swe szaty i powiedzia\u0142 do<br \/>\nnich: \u201eKrew wasza na wasz\u0105 g\u0142ow\u0119, jam nie winien. Od tej chwili<br \/>\np\u00f3jd\u0119 do pogan\u201d. <\/b><\/span><\/span><br \/>\n<\/span><\/div>\n<div align=\"justify\" style=\"line-height: 150%; margin-bottom: 0cm; text-indent: 1.3cm;\">\n<span style=\"font-size: x-large;\"><span style=\"color: black;\"><span style=\"font-family: Book Antiqua, serif;\"><b><span style=\"font-variant: normal;\"><span style=\"letter-spacing: normal;\"><span style=\"font-style: normal;\">Odszed\u0142<br \/>\nstamt\u0105d i poszed\u0142 do domu pewnego \u201eczciciela Boga\u201d, imieniem<br \/>\nTycjusz Justus. Dom ten przylega\u0142 do synagogi. Prze\u0142o\u017cony<br \/>\nsynagogi, Kryspus, uwierzy\u0142 w Pana z ca\u0142ym swym domem, wielu te\u017c<br \/>\ns\u0142uchaczy korynckich uwierzy\u0142o i przyjmowa\u0142o wiar\u0119 i chrzest.<\/span><\/span><\/span><br \/>\n<\/b><\/span><\/span><br \/>\n<\/span><\/div>\n<div align=\"justify\" style=\"line-height: 150%; margin-bottom: 0cm;\">\n<span style=\"font-size: x-large;\"><\/p>\n<p><\/span><\/div>\n<div align=\"justify\" style=\"font-style: normal; font-variant: normal; letter-spacing: normal; line-height: 150%; margin-bottom: 0cm;\">\n<span style=\"font-size: x-large;\"><span style=\"color: black;\"><span style=\"font-family: Book Antiqua, serif;\"><b>S\u0141OWA<br \/>\nEWANGELII WED\u0141UG \u015aWI\u0118TEGO JANA: <\/b><\/span><\/span><br \/>\n<\/span><\/div>\n<div align=\"justify\" style=\"font-style: normal; font-variant: normal; letter-spacing: normal; line-height: 150%; margin-bottom: 0cm; page-break-before: auto; text-indent: 1.3cm;\">\n<span style=\"font-size: x-large;\"><span style=\"color: black;\"><span style=\"font-family: Book Antiqua, serif;\"><b>Jezus<br \/>\npowiedzia\u0142 do swoich uczni\u00f3w: \u201eJeszcze chwila, a nie b\u0119dziecie<br \/>\nMnie ogl\u0105da\u0107, i znowu chwila, a ujrzycie Mnie\u201d. <\/b><\/span><\/span><br \/>\n<\/span><\/div>\n<div align=\"justify\" style=\"font-style: normal; font-variant: normal; letter-spacing: normal; line-height: 150%; margin-bottom: 0cm; text-indent: 1.3cm;\">\n<span style=\"font-size: x-large;\"><span style=\"color: black;\"><span style=\"font-family: Book Antiqua, serif;\"><b>W\u00f3wczas<br \/>\nniekt\u00f3rzy z Jego uczni\u00f3w m\u00f3wili miedzy sob\u0105: \u201eCo to znaczy, co<br \/>\nnam m\u00f3wi: \u00abChwila, a nie b\u0119dziecie Mnie ogl\u0105da\u0107, i znowu chwila,<br \/>\na ujrzycie Mnie\u00bb; oraz: \u00abId\u0119 do Ojca\u00bb?\u201d Powiedzieli wi\u0119c: \u201eCo<br \/>\nznaczy ta chwila, o kt\u00f3rej m\u00f3wi? Nie rozumiemy tego, co m\u00f3wi\u201d. <\/b><\/span><\/span><br \/>\n<\/span><\/div>\n<div align=\"justify\" style=\"font-style: normal; font-variant: normal; letter-spacing: normal; line-height: 150%; margin-bottom: 0cm; text-indent: 1.3cm;\">\n<span style=\"color: black;\"><span style=\"font-family: Book Antiqua, serif;\"><span style=\"font-size: x-large;\"><b>Jezus<br \/>\npozna\u0142, \u017ce chcieli Go pyta\u0107, i rzek\u0142 do nich: \u201ePytacie si\u0119<br \/>\njeden drugiego o to, \u017ce powiedzia\u0142em: \u00abChwila, a nie b\u0119dziecie<br \/>\nMnie ogl\u0105da\u0107, i znowu chwila, a ujrzycie Mnie\u00bb? Zaprawd\u0119,<br \/>\nzaprawd\u0119, powiadam wam: Wy b\u0119dziecie p\u0142aka\u0107 i zawodzi\u0107, a \u015bwiat<br \/>\nsi\u0119 b\u0119dzie weseli\u0142. Wy b\u0119dziecie si\u0119 smuci\u0107, ale smutek wasz<br \/>\nzamieni si\u0119 w rado\u015b\u0107\u201d.<\/b><\/span><\/span><\/span><\/div>\n<div align=\"justify\" style=\"line-height: 150%; margin-bottom: 0cm;\">\n<span style=\"font-size: x-large;\"><\/p>\n<p><\/span><\/div>\n<div align=\"justify\" style=\"font-style: normal; font-variant: normal; font-weight: normal; letter-spacing: normal; line-height: 150%; margin-bottom: 0cm; page-break-before: auto; text-indent: 1.3cm;\">\n<span style=\"font-size: x-large;\"><span style=\"color: black;\"><span style=\"font-family: Book Antiqua, serif;\">O<br \/>\n<b>du\u017cej<\/b> <b>dynamice<\/b> mo\u017cemy r\u00f3\u017cnych dzia\u0142a\u0144 mo\u017cemy<br \/>\nm\u00f3wi\u0107, po wys\u0142uchaniu pierwszego czytania. Najpierw Pawe\u0142, po<br \/>\nopuszczeniu Aten i przybyciu do Koryntu, wraz z Akwil\u0105 i Pryscyll\u0105,<br \/>\n<b>bierze si\u0119 za wyr\u00f3b namiot\u00f3w.<\/b> Bo to w ko\u0144cu rzemios\u0142o, na<br \/>\nkt\u00f3rym si\u0119 zna\u0142. Ale to tylko \u2013 je\u015bli tak mo\u017cna powiedzie\u0107 \u2013<br \/>\nw dni powszednie, bo <i><b>co szabat rozprawia\u0142 w synagodze i<br \/>\nprzekonywa\u0142 tak \u017byd\u00f3w, jak i Grek\u00f3w.<\/b><\/i><b> <\/b>Do czego<br \/>\nprzekonywa\u0142? Wiemy \u2013 do Jezusa i do Dobrej Nowiny. <\/span><\/span><br \/>\n<\/span><\/div>\n<div align=\"justify\" style=\"font-style: normal; font-variant: normal; font-weight: normal; letter-spacing: normal; line-height: 150%; margin-bottom: 0cm; text-indent: 1.3cm;\">\n<span style=\"font-size: x-large;\"><span style=\"color: black;\"><span style=\"font-family: Book Antiqua, serif;\">Ale<br \/>\nchyba nie za d\u0142ugo wytrzyma\u0142 przy tych namiotach, bo <i><b>k<\/b><\/i><i><b>iedy<br \/>\nSylas i Tymoteusz przyszli z Macedonii,<\/b><\/i><b> <\/b><b>[\u2026]<\/b><b><br \/>\n<\/b><i><b>odda\u0142 si\u0119 wy\u0142\u0105cznie nauczaniu i udowadnia\u0142 \u017bydom, \u017ce<br \/>\nJezus jest Mesjaszem.<\/b><\/i> Ale i to nie potrwa\u0142o zbyt d\u0142ugo,<br \/>\ngdy\u017c stwierdziwszy, \u017ce \u017bydzi si\u0119 <i><b>sprzeciwiali i blu\u017anili,<br \/>\notrz\u0105sn\u0105\u0142 swe szaty i powiedzia\u0142 do nich: \u201eKrew wasza na wasz\u0105<br \/>\ng\u0142ow\u0119, jam nie winien. Od tej chwili p\u00f3jd\u0119 do pogan\u201d. <\/b><\/i><\/span><\/span><br \/>\n<\/span><\/div>\n<div align=\"justify\" style=\"font-style: normal; font-variant: normal; font-weight: normal; letter-spacing: normal; line-height: 150%; margin-bottom: 0cm; text-indent: 1.3cm;\">\n<span style=\"font-size: x-large;\"><span style=\"color: black;\"><span style=\"font-family: Book Antiqua, serif;\">A<br \/>\nw\u00f3wczas <i><b>o<\/b><\/i><i><b>dszed\u0142 stamt\u0105d i poszed\u0142 do domu<br \/>\npewnego \u201eczciciela Boga\u201d, imieniem Tycjusz Justus. Dom ten<br \/>\nprzylega\u0142 do synagogi. Prze\u0142o\u017cony synagogi, Kryspus, uwierzy\u0142 w<br \/>\nPana z ca\u0142ym swym domem, wielu te\u017c s\u0142uchaczy korynckich uwierzy\u0142o<br \/>\ni przyjmowa\u0142o wiar\u0119 i chrzest.<\/b><\/i><b> <\/b><\/span><\/span><br \/>\n<\/span><\/div>\n<div align=\"justify\" style=\"font-style: normal; font-variant: normal; font-weight: normal; letter-spacing: normal; line-height: 150%; margin-bottom: 0cm; text-indent: 1.3cm;\">\n<span style=\"font-size: x-large;\"><span style=\"color: black;\"><span style=\"font-family: Book Antiqua, serif;\">Zobaczmy,<br \/>\nw tak kr\u00f3tkim stosunkowo opisie \u2013 tyle zmian, <b>tyle zwrot\u00f3w<br \/>\nakcji!<\/b> I \u2013 bynajmniej \u2013 nie tym spowodowanych, \u017ce Pawe\u0142 by\u0142<br \/>\ncz\u0142owiekiem kapry\u015bnym, o zmiennych nastrojach, ale tym, \u017ce <b>szuka\u0142<br \/>\nnaprawd\u0119 dobrego rozwi\u0105zania <\/b>poszczeg\u00f3lnych spraw i problem\u00f3w<br \/>\napostolskich. Kiedy m\u00f3g\u0142 \u2013 pracowa\u0142 przy namiotach. By\u0107 mo\u017ce,<br \/>\n<b>mia\u0142 troch\u0119 wi\u0119cej czasu,<\/b> a by\u0107 mo\u017ce chcia\u0142 by\u0107 wiernym<br \/>\ntemu, co napisa\u0142 w jednym ze swych List\u00f3w, \u017ce <b>dla nikogo nie<br \/>\nchce by\u0107 ci\u0119\u017carem,<\/b> dlatego chocia\u017c nale\u017cy si\u0119 mu utrzymanie<br \/>\nze strony uczni\u00f3w, to on jednak sam sobie zarobi na swoje potrzeby. <\/span><\/span><br \/>\n<\/span><\/div>\n<div align=\"justify\" style=\"font-style: normal; font-variant: normal; font-weight: normal; letter-spacing: normal; line-height: 150%; margin-bottom: 0cm; text-indent: 1.3cm;\">\n<span style=\"font-size: x-large;\"><span style=\"color: black;\"><span style=\"font-family: Book Antiqua, serif;\">Tak<br \/>\nte\u017c przez pewien czas czyni\u0142. Kiedy jednak stwierdzi\u0142, \u017ce<br \/>\n<b>potrzeby apostolskie s\u0105 inne,<\/b> odda\u0142 si\u0119 wy\u0142\u0105cznie tej\u017ce<br \/>\npos\u0142udze. <\/span><\/span><br \/>\n<\/span><\/div>\n<div align=\"justify\" style=\"font-style: normal; font-variant: normal; font-weight: normal; letter-spacing: normal; line-height: 150%; margin-bottom: 0cm; text-indent: 1.3cm;\">\n<span style=\"font-size: x-large;\"><span style=\"color: black;\"><span style=\"font-family: Book Antiqua, serif;\">Natomiast<br \/>\nto wszystko, co sta\u0142o si\u0119 potem, by\u0142o uzale\u017cnione ju\u017c <b>od<br \/>\nreakcji s\u0142uchaczy.<\/b> Skoro \u017bydzi tak \u017ale si\u0119 z nim obeszli, po<br \/>\nprostu ich zostawi\u0142, jasno podkre\u015blaj\u0105c, \u017ce to <b>oni sami<br \/>\n<\/b><b>ponosz\u0105<\/b><b> odpowiedzialno\u015b\u0107 <\/b>za ca\u0142\u0105 sytuacj\u0119. I<br \/>\nposzed\u0142 do tych, kt\u00f3rzy z rado\u015bci\u0105 i wdzi\u0119czno\u015bci\u0105 przyj\u0119li<br \/>\nto, co g\u0142osi\u0142. <\/span><\/span><br \/>\n<\/span><\/div>\n<div align=\"justify\" style=\"font-style: normal; font-variant: normal; font-weight: normal; letter-spacing: normal; line-height: 150%; margin-bottom: 0cm; text-indent: 1.3cm;\">\n<span style=\"font-size: x-large;\"><span style=\"color: black;\"><span style=\"font-family: Book Antiqua, serif;\">Du\u017co<br \/>\nsi\u0119 zatem dzia\u0142o w ca\u0142ej tej historii, kt\u00f3ra dzisiaj zosta\u0142a nam<br \/>\nopowiedziana. Ale to tylko pokazuje, \u017ce <b>Pawe\u0142 ca\u0142y czas szuka\u0142<br \/>\nsposob\u00f3w<\/b> jak najlepszego wype\u0142nienia swojej misji. Nie trwa\u0142 w<br \/>\nstagnacji, nie upiera\u0142 si\u0119 przy jednym i niezmiennym sposobie<br \/>\ndzia\u0142ania, ale <b>pr\u00f3bowa\u0142 r\u00f3\u017cnych dzia\u0142a\u0144.<\/b> Mo\u017cna nawet<br \/>\npowiedzie\u0107, \u017ce w jaki\u015b sensie spe\u0142ni\u0142o si\u0119 w jego dzia\u0142aniu<br \/>\nto, co Jezus powiedzia\u0142 w dzisiejszej Ewangelii o swoim dzia\u0142aniu:<br \/>\n<i><b>Jeszcze chwila, a nie b\u0119dziecie Mnie ogl\u0105da\u0107, i znowu<br \/>\nchwila, a ujrzycie Mnie.<\/b><\/i><b> <\/b><\/span><\/span><br \/>\n<\/span><\/div>\n<div align=\"justify\" style=\"font-style: normal; font-variant: normal; font-weight: normal; letter-spacing: normal; line-height: 150%; margin-bottom: 0cm; text-indent: 1.3cm;\">\n<span style=\"font-size: x-large;\"><span style=\"color: black;\"><span style=\"font-family: Book Antiqua, serif;\">Oczywi\u015bcie,<br \/>\nmy wiemy, \u017ce akurat w przypadku Jezusa chodzi o generaln\u0105 r\u00f3\u017cnic\u0119<br \/>\nw rozumieniu ziemskiego bytowania, okre\u015blonego up\u0142ywaj\u0105cym czasem.<br \/>\ni tej formy bytowania Boga, kt\u00f3ra w Niebie <b>nie kieruje si\u0119<br \/>\n\u017cadnym czasem.<\/b> Dlatego \u201echwila\u201d \u2013 w Bo\u017cym rozumieniu \u2013<br \/>\nto mo\u017ce by\u0107 <b>nawet wiele lat<\/b> i mo\u017ce oznacza\u0107 chocia\u017cby ten<br \/>\nczas, kt\u00f3ry dzieli nas od powt\u00f3rnego przyj\u015bcia Pana na \u015bwiat, na<br \/>\nS\u0105d Ostateczny. <\/span><\/span><br \/>\n<\/span><\/div>\n<div align=\"justify\" style=\"font-style: normal; font-variant: normal; font-weight: normal; letter-spacing: normal; line-height: 150%; margin-bottom: 0cm; text-indent: 1.3cm;\">\n<span style=\"color: black;\"><span style=\"font-family: Book Antiqua, serif;\"><span style=\"font-size: x-large;\">Dlatego<br \/>\nte\u017c Jezus zapowiada: <i><b>Zaprawd\u0119, zaprawd\u0119, powiadam wam: Wy<br \/>\nb\u0119dziecie p\u0142aka\u0107 i zawodzi\u0107, a \u015bwiat si\u0119 b\u0119dzie weseli\u0142. Wy<br \/>\nb\u0119dziecie si\u0119 smuci\u0107, ale smutek wasz zamieni si\u0119 w rado\u015b\u0107.<\/b><\/i><br \/>\nTak, bo z ludzkiej perspektywy wszystko inaczej wygl\u0105da, ani\u017celi z<br \/>\ntej Boskiej. I Pawe\u0142 w\u0142a\u015bnie t\u0119 <b>ziemsk\u0105 chcia\u0142 owej Boskiej<br \/>\npodporz\u0105dkowa\u0107, <\/b>dlatego dokonywa\u0142 tyle dynamicznych zmian w<br \/>\nsposobie swego dzia\u0142ania, aby wszystko, co robi\u0142, <b>s\u0142u\u017cy\u0142o<br \/>\nowej najwa\u017cniejszej sprawie <\/b>\u2013 sprawie Bo\u017cego kr\u00f3lestwa i<br \/>\nrozszerzaniu si\u0119 Dobrej Nowiny.<\/span><\/span><\/span><\/div>\n<div align=\"justify\" style=\"font-style: normal; font-variant: normal; font-weight: normal; letter-spacing: normal; line-height: 150%; margin-bottom: 0cm; text-indent: 1.3cm;\">\n<span style=\"color: black;\"><span style=\"font-family: Book Antiqua, serif;\"><span style=\"font-size: x-large;\">Czy<br \/>\nmog\u0119 powiedzie\u0107, \u017ce w moim my\u015bleniu, m\u00f3wieniu i dzia\u0142aniu<br \/>\n<b>wszystko podporz\u0105dkowane jest wierze w Jezusa,<\/b> z niej wynika<br \/>\ni do niej prowadzi? Czy nie ma przypadkiem takiego rozd\u017awi\u0119ku, \u017ce<br \/>\nsprawy Bo\u017ce sobie \u2013 a sprawy ludzkie sobie?\u2026 Czy <b>mam odwag\u0119<br \/>\ndokonywa\u0107 dynamicznym i odwa\u017cnych zmian,<\/b> je\u015bli jest taka<br \/>\nwy\u017csza potrzeba?\u2026 Jak broni\u0119 si\u0119 przed stagnacj\u0105 i schematyzmem<br \/>\nw swoim my\u015bleniu?\u2026<\/span><\/span><\/span><\/div>\n","protected":false},"excerpt":{"rendered":"<p>Szcz\u0119\u015b\u0107 Bo\u017ce! Moi Drodzy, w dniu dzisiejszym rocznic\u0119 \u015awi\u0119ce\u0144 kap\u0142a\u0144skich prze\u017cywa Ojciec Mateusz Fleiszerowicz, franciszkanin, m\u00f3j Kolega ze studi\u00f3w prawa kanonicznego na KUL, a obecnie Proboszcz Parafii pw. \u015aw. El\u017cbiety W\u0119gierskiej w Nysie. Rocznic\u0119 \u015awi\u0119ce\u0144 prze\u017cywa tak\u017ce Ks. \u0141ukasz Tarasiuk, pochodz\u0105cy z mojej rodzinnej Parafii, a pos\u0142uguj\u0105cy w Diecezji warszawsko \u2013 praskiej. Imieniny natomiast prze\u017cywa [&hellip;]<\/p>\n","protected":false},"author":1,"featured_media":0,"comment_status":"open","ping_status":"open","sticky":false,"template":"","format":"standard","meta":{"jetpack_post_was_ever_published":false,"_jetpack_newsletter_access":"","_jetpack_dont_email_post_to_subs":false,"_jetpack_newsletter_tier_id":0,"_jetpack_memberships_contains_paywalled_content":false,"_jetpack_memberships_contains_paid_content":false,"footnotes":""},"categories":[1],"tags":[],"class_list":["post-14586","post","type-post","status-publish","format-standard","hentry","category-bez-kategorii"],"yoast_head":"<!-- This site is optimized with the Yoast SEO plugin v25.1 - https:\/\/yoast.com\/wordpress\/plugins\/seo\/ -->\n<title>O Paw\u0142owej dynamice... - Gaudium Et Spes<\/title>\n<meta name=\"robots\" content=\"index, follow, max-snippet:-1, max-image-preview:large, max-video-preview:-1\" \/>\n<link rel=\"canonical\" href=\"https:\/\/gaudiumetspes-blog.pl\/index.php\/2019\/05\/30\/o-pawowej-dynamice\/\" \/>\n<meta property=\"og:locale\" content=\"pl_PL\" \/>\n<meta property=\"og:type\" content=\"article\" \/>\n<meta property=\"og:title\" content=\"O Paw\u0142owej dynamice... - Gaudium Et Spes\" \/>\n<meta property=\"og:description\" content=\"Szcz\u0119\u015b\u0107 Bo\u017ce! Moi Drodzy, w dniu dzisiejszym rocznic\u0119 \u015awi\u0119ce\u0144 kap\u0142a\u0144skich prze\u017cywa Ojciec Mateusz Fleiszerowicz, franciszkanin, m\u00f3j Kolega ze studi\u00f3w prawa kanonicznego na KUL, a obecnie Proboszcz Parafii pw. \u015aw. El\u017cbiety W\u0119gierskiej w Nysie. Rocznic\u0119 \u015awi\u0119ce\u0144 prze\u017cywa tak\u017ce Ks. \u0141ukasz Tarasiuk, pochodz\u0105cy z mojej rodzinnej Parafii, a pos\u0142uguj\u0105cy w Diecezji warszawsko \u2013 praskiej. Imieniny natomiast prze\u017cywa [&hellip;]\" \/>\n<meta property=\"og:url\" content=\"https:\/\/gaudiumetspes-blog.pl\/index.php\/2019\/05\/30\/o-pawowej-dynamice\/\" \/>\n<meta property=\"og:site_name\" content=\"Gaudium Et Spes\" \/>\n<meta property=\"article:published_time\" content=\"2019-05-30T03:44:00+00:00\" \/>\n<meta property=\"article:modified_time\" content=\"2019-07-31T11:03:19+00:00\" \/>\n<meta name=\"author\" content=\"Ks. Jacek\" \/>\n<meta name=\"twitter:card\" content=\"summary_large_image\" \/>\n<meta name=\"twitter:label1\" content=\"Napisane przez\" \/>\n\t<meta name=\"twitter:data1\" content=\"Ks. Jacek\" \/>\n\t<meta name=\"twitter:label2\" content=\"Szacowany czas czytania\" \/>\n\t<meta name=\"twitter:data2\" content=\"6 minut\" \/>\n<script type=\"application\/ld+json\" class=\"yoast-schema-graph\">{\"@context\":\"https:\/\/schema.org\",\"@graph\":[{\"@type\":\"WebPage\",\"@id\":\"https:\/\/gaudiumetspes-blog.pl\/index.php\/2019\/05\/30\/o-pawowej-dynamice\/\",\"url\":\"https:\/\/gaudiumetspes-blog.pl\/index.php\/2019\/05\/30\/o-pawowej-dynamice\/\",\"name\":\"O Paw\u0142owej dynamice... - Gaudium Et Spes\",\"isPartOf\":{\"@id\":\"https:\/\/gaudiumetspes-blog.pl\/#website\"},\"datePublished\":\"2019-05-30T03:44:00+00:00\",\"dateModified\":\"2019-07-31T11:03:19+00:00\",\"author\":{\"@id\":\"https:\/\/gaudiumetspes-blog.pl\/#\/schema\/person\/1661982992b752dea8dff0d4ed845a65\"},\"breadcrumb\":{\"@id\":\"https:\/\/gaudiumetspes-blog.pl\/index.php\/2019\/05\/30\/o-pawowej-dynamice\/#breadcrumb\"},\"inLanguage\":\"pl-PL\",\"potentialAction\":[{\"@type\":\"ReadAction\",\"target\":[\"https:\/\/gaudiumetspes-blog.pl\/index.php\/2019\/05\/30\/o-pawowej-dynamice\/\"]}]},{\"@type\":\"BreadcrumbList\",\"@id\":\"https:\/\/gaudiumetspes-blog.pl\/index.php\/2019\/05\/30\/o-pawowej-dynamice\/#breadcrumb\",\"itemListElement\":[{\"@type\":\"ListItem\",\"position\":1,\"name\":\"Strona g\u0142\u00f3wna\",\"item\":\"https:\/\/gaudiumetspes-blog.pl\/\"},{\"@type\":\"ListItem\",\"position\":2,\"name\":\"O&nbsp;Paw\u0142owej dynamice&#8230;\"}]},{\"@type\":\"WebSite\",\"@id\":\"https:\/\/gaudiumetspes-blog.pl\/#website\",\"url\":\"https:\/\/gaudiumetspes-blog.pl\/\",\"name\":\"Gaudium Et Spes\",\"description\":\"Blog Ks. Jacka Ja\u015bkowskiego\",\"potentialAction\":[{\"@type\":\"SearchAction\",\"target\":{\"@type\":\"EntryPoint\",\"urlTemplate\":\"https:\/\/gaudiumetspes-blog.pl\/?s={search_term_string}\"},\"query-input\":{\"@type\":\"PropertyValueSpecification\",\"valueRequired\":true,\"valueName\":\"search_term_string\"}}],\"inLanguage\":\"pl-PL\"},{\"@type\":\"Person\",\"@id\":\"https:\/\/gaudiumetspes-blog.pl\/#\/schema\/person\/1661982992b752dea8dff0d4ed845a65\",\"name\":\"Ks. Jacek\",\"image\":{\"@type\":\"ImageObject\",\"inLanguage\":\"pl-PL\",\"@id\":\"https:\/\/gaudiumetspes-blog.pl\/#\/schema\/person\/image\/\",\"url\":\"https:\/\/gaudiumetspes-blog.pl\/wp-content\/uploads\/2019\/07\/avatar-JJ-150x150.jpg\",\"contentUrl\":\"https:\/\/gaudiumetspes-blog.pl\/wp-content\/uploads\/2019\/07\/avatar-JJ-150x150.jpg\",\"caption\":\"Ks. Jacek\"},\"description\":\"Witam serdecznie! K\u0142ania si\u0119 Ks. Jacek Ja\u015bkowski. Nie jestem ani kim\u015b wa\u017cnym, ani kim\u015b znanym. Jestem ksi\u0119dzem, kt\u00f3ry po prostu chce rozmawia\u0107. Codzienna kap\u0142a\u0144ska pos\u0142uga pokazuje mi, \u017ce temat\u00f3w do rozm\u00f3w z ksi\u0119dzem jest coraz wi\u0119cej i dzisiaj \u017caden ksi\u0105dz nie mo\u017ce od nich ucieka\u0107, ale - wprost przeciwnie - podejmowa\u0107 nowe wyzwania. To przekonanie sk\u0142oni\u0142o mnie do pr\u00f3by otwarcia tego\u017c bloga, chocia\u017c okazji do rozm\u00f3w na co dzie\u0144 - w konfesjonale i poza nim - na szcz\u0119\u015bcie nie brakuje. My\u015bl\u0119 jednak, \u017ce ten blog b\u0119dzie jeszcze jednym sposobem i przestrzeni\u0105 nawi\u0105zania kontaktu z lud\u017ami dobrej woli, otwartymi na dialog.\",\"url\":\"https:\/\/gaudiumetspes-blog.pl\/index.php\/author\/ks-jacek\/\"}]}<\/script>\n<!-- \/ Yoast SEO plugin. -->","yoast_head_json":{"title":"O Paw\u0142owej dynamice... - Gaudium Et Spes","robots":{"index":"index","follow":"follow","max-snippet":"max-snippet:-1","max-image-preview":"max-image-preview:large","max-video-preview":"max-video-preview:-1"},"canonical":"https:\/\/gaudiumetspes-blog.pl\/index.php\/2019\/05\/30\/o-pawowej-dynamice\/","og_locale":"pl_PL","og_type":"article","og_title":"O Paw\u0142owej dynamice... - Gaudium Et Spes","og_description":"Szcz\u0119\u015b\u0107 Bo\u017ce! Moi Drodzy, w dniu dzisiejszym rocznic\u0119 \u015awi\u0119ce\u0144 kap\u0142a\u0144skich prze\u017cywa Ojciec Mateusz Fleiszerowicz, franciszkanin, m\u00f3j Kolega ze studi\u00f3w prawa kanonicznego na KUL, a obecnie Proboszcz Parafii pw. \u015aw. El\u017cbiety W\u0119gierskiej w Nysie. Rocznic\u0119 \u015awi\u0119ce\u0144 prze\u017cywa tak\u017ce Ks. \u0141ukasz Tarasiuk, pochodz\u0105cy z mojej rodzinnej Parafii, a pos\u0142uguj\u0105cy w Diecezji warszawsko \u2013 praskiej. Imieniny natomiast prze\u017cywa [&hellip;]","og_url":"https:\/\/gaudiumetspes-blog.pl\/index.php\/2019\/05\/30\/o-pawowej-dynamice\/","og_site_name":"Gaudium Et Spes","article_published_time":"2019-05-30T03:44:00+00:00","article_modified_time":"2019-07-31T11:03:19+00:00","author":"Ks. Jacek","twitter_card":"summary_large_image","twitter_misc":{"Napisane przez":"Ks. Jacek","Szacowany czas czytania":"6 minut"},"schema":{"@context":"https:\/\/schema.org","@graph":[{"@type":"WebPage","@id":"https:\/\/gaudiumetspes-blog.pl\/index.php\/2019\/05\/30\/o-pawowej-dynamice\/","url":"https:\/\/gaudiumetspes-blog.pl\/index.php\/2019\/05\/30\/o-pawowej-dynamice\/","name":"O Paw\u0142owej dynamice... - Gaudium Et Spes","isPartOf":{"@id":"https:\/\/gaudiumetspes-blog.pl\/#website"},"datePublished":"2019-05-30T03:44:00+00:00","dateModified":"2019-07-31T11:03:19+00:00","author":{"@id":"https:\/\/gaudiumetspes-blog.pl\/#\/schema\/person\/1661982992b752dea8dff0d4ed845a65"},"breadcrumb":{"@id":"https:\/\/gaudiumetspes-blog.pl\/index.php\/2019\/05\/30\/o-pawowej-dynamice\/#breadcrumb"},"inLanguage":"pl-PL","potentialAction":[{"@type":"ReadAction","target":["https:\/\/gaudiumetspes-blog.pl\/index.php\/2019\/05\/30\/o-pawowej-dynamice\/"]}]},{"@type":"BreadcrumbList","@id":"https:\/\/gaudiumetspes-blog.pl\/index.php\/2019\/05\/30\/o-pawowej-dynamice\/#breadcrumb","itemListElement":[{"@type":"ListItem","position":1,"name":"Strona g\u0142\u00f3wna","item":"https:\/\/gaudiumetspes-blog.pl\/"},{"@type":"ListItem","position":2,"name":"O&nbsp;Paw\u0142owej dynamice&#8230;"}]},{"@type":"WebSite","@id":"https:\/\/gaudiumetspes-blog.pl\/#website","url":"https:\/\/gaudiumetspes-blog.pl\/","name":"Gaudium Et Spes","description":"Blog Ks. Jacka Ja\u015bkowskiego","potentialAction":[{"@type":"SearchAction","target":{"@type":"EntryPoint","urlTemplate":"https:\/\/gaudiumetspes-blog.pl\/?s={search_term_string}"},"query-input":{"@type":"PropertyValueSpecification","valueRequired":true,"valueName":"search_term_string"}}],"inLanguage":"pl-PL"},{"@type":"Person","@id":"https:\/\/gaudiumetspes-blog.pl\/#\/schema\/person\/1661982992b752dea8dff0d4ed845a65","name":"Ks. Jacek","image":{"@type":"ImageObject","inLanguage":"pl-PL","@id":"https:\/\/gaudiumetspes-blog.pl\/#\/schema\/person\/image\/","url":"https:\/\/gaudiumetspes-blog.pl\/wp-content\/uploads\/2019\/07\/avatar-JJ-150x150.jpg","contentUrl":"https:\/\/gaudiumetspes-blog.pl\/wp-content\/uploads\/2019\/07\/avatar-JJ-150x150.jpg","caption":"Ks. Jacek"},"description":"Witam serdecznie! K\u0142ania si\u0119 Ks. Jacek Ja\u015bkowski. Nie jestem ani kim\u015b wa\u017cnym, ani kim\u015b znanym. Jestem ksi\u0119dzem, kt\u00f3ry po prostu chce rozmawia\u0107. Codzienna kap\u0142a\u0144ska pos\u0142uga pokazuje mi, \u017ce temat\u00f3w do rozm\u00f3w z ksi\u0119dzem jest coraz wi\u0119cej i dzisiaj \u017caden ksi\u0105dz nie mo\u017ce od nich ucieka\u0107, ale - wprost przeciwnie - podejmowa\u0107 nowe wyzwania. To przekonanie sk\u0142oni\u0142o mnie do pr\u00f3by otwarcia tego\u017c bloga, chocia\u017c okazji do rozm\u00f3w na co dzie\u0144 - w konfesjonale i poza nim - na szcz\u0119\u015bcie nie brakuje. My\u015bl\u0119 jednak, \u017ce ten blog b\u0119dzie jeszcze jednym sposobem i przestrzeni\u0105 nawi\u0105zania kontaktu z lud\u017ami dobrej woli, otwartymi na dialog.","url":"https:\/\/gaudiumetspes-blog.pl\/index.php\/author\/ks-jacek\/"}]}},"jetpack_featured_media_url":"","jetpack_sharing_enabled":true,"_links":{"self":[{"href":"https:\/\/gaudiumetspes-blog.pl\/index.php\/wp-json\/wp\/v2\/posts\/14586","targetHints":{"allow":["GET"]}}],"collection":[{"href":"https:\/\/gaudiumetspes-blog.pl\/index.php\/wp-json\/wp\/v2\/posts"}],"about":[{"href":"https:\/\/gaudiumetspes-blog.pl\/index.php\/wp-json\/wp\/v2\/types\/post"}],"author":[{"embeddable":true,"href":"https:\/\/gaudiumetspes-blog.pl\/index.php\/wp-json\/wp\/v2\/users\/1"}],"replies":[{"embeddable":true,"href":"https:\/\/gaudiumetspes-blog.pl\/index.php\/wp-json\/wp\/v2\/comments?post=14586"}],"version-history":[{"count":1,"href":"https:\/\/gaudiumetspes-blog.pl\/index.php\/wp-json\/wp\/v2\/posts\/14586\/revisions"}],"predecessor-version":[{"id":15268,"href":"https:\/\/gaudiumetspes-blog.pl\/index.php\/wp-json\/wp\/v2\/posts\/14586\/revisions\/15268"}],"wp:attachment":[{"href":"https:\/\/gaudiumetspes-blog.pl\/index.php\/wp-json\/wp\/v2\/media?parent=14586"}],"wp:term":[{"taxonomy":"category","embeddable":true,"href":"https:\/\/gaudiumetspes-blog.pl\/index.php\/wp-json\/wp\/v2\/categories?post=14586"},{"taxonomy":"post_tag","embeddable":true,"href":"https:\/\/gaudiumetspes-blog.pl\/index.php\/wp-json\/wp\/v2\/tags?post=14586"}],"curies":[{"name":"wp","href":"https:\/\/api.w.org\/{rel}","templated":true}]}}