{"id":14587,"date":"2019-05-29T06:21:00","date_gmt":"2019-05-29T04:21:00","guid":{"rendered":"https:\/\/gaudiumetspes-blog.pl\/index.php\/2019\/05\/29\/bog-znany-czy-nieznany\/"},"modified":"2019-07-31T13:03:18","modified_gmt":"2019-07-31T11:03:18","slug":"bog-znany-czy-nieznany","status":"publish","type":"post","link":"https:\/\/gaudiumetspes-blog.pl\/index.php\/2019\/05\/29\/bog-znany-czy-nieznany\/","title":{"rendered":"B\u00f3g znany &#8211; czy nieznany?&#8230;"},"content":{"rendered":"<p><\/p>\n<div align=\"justify\" style=\"font-weight: normal; line-height: 150%; margin-bottom: 0cm;\">\n<span style=\"color: black;\"><span style=\"font-family: Book Antiqua, serif;\"><span style=\"font-size: x-large;\">Szcz\u0119\u015b\u0107<br \/>\nBo\u017ce! Moi Drodzy, w dniu dzisiejszym <b>urodziny prze\u017cywa \u0141ukasz<br \/>\nSulowski, bardzo mi \u017cyczliwy i bliski Cz\u0142owiek z Lublina, M\u0105\u017c<br \/>\n\u017bani, a Ojciec Cypriana.<\/b><\/span><\/span><\/span><\/div>\n<div align=\"justify\" style=\"background: transparent; line-height: 150%; margin-bottom: 0cm; page-break-before: auto; text-indent: 1.3cm;\">\n<span style=\"font-size: x-large;\"><span style=\"color: black;\"><span style=\"font-family: Book Antiqua, serif;\"><b>Imieniny<br \/>\nnatomiast prze\u017cywaj\u0105: Magda Malinowska, nale\u017c\u0105ca w swoim czasie<br \/>\ndo jednej z m\u0142odzie\u017cowych Wsp\u00f3lnot, oraz Magdalena Fabisiak, tak\u017ce<br \/>\nmieszkaj\u0105ca w Lublinie, \u017bona Krzysztofa, Moderatora naszego bloga. <\/b><\/span><\/span><br \/>\n<\/span><\/div>\n<div align=\"justify\" style=\"background: transparent; line-height: 150%; margin-bottom: 0cm; text-indent: 1.3cm;\">\n<span style=\"color: black;\"><span style=\"font-family: Book Antiqua, serif;\"><span style=\"font-size: x-large;\"><b>Wszystkim<br \/>\n\u015bwi\u0119tuj\u0105cym \u017cycz\u0119, aby B\u00f3g, w kt\u00f3rego wierz\u0105 i kt\u00f3rego<br \/>\nkochaj\u0105, stawa\u0142 si\u0119 dla Nich z ka\u017cdym dniem coraz bardziej<br \/>\nznanym. Wi\u0119cej o tym w rozwa\u017caniu. A ja zapewniam o modlitwie!<\/b><\/span><\/span><\/span><\/div>\n<div align=\"justify\" style=\"background: transparent; font-weight: normal; line-height: 150%; margin-bottom: 0cm; text-indent: 1.3cm;\">\n<span style=\"color: black;\"><span style=\"font-family: Book Antiqua, serif;\"><span style=\"font-size: x-large;\">I<br \/>\n\u017cycz\u0119 Wszystkim b\u0142ogos\u0142awionego dnia!<\/span><\/span><\/span><\/div>\n<div align=\"center\" style=\"font-weight: normal; line-height: 150%; margin-bottom: 0cm;\">\n<span style=\"color: black;\"><span style=\"font-family: Book Antiqua, serif;\"><span style=\"font-size: x-large;\">Gaudium<br \/>\net spes!  Ks. Jacek<\/span><\/span><\/span><\/div>\n<div align=\"justify\" style=\"line-height: 150%; margin-bottom: 0cm;\">\n<span style=\"font-size: x-large;\"><\/p>\n<p><\/span><\/div>\n<div align=\"justify\" style=\"line-height: 150%; margin-bottom: 0cm;\">\n<span style=\"color: black;\"><span style=\"font-family: Book Antiqua, serif;\"><span style=\"font-size: x-large;\"><b>\u015aroda<br \/>\n6 Tygodnia Wielkanocy,<\/b><\/span><\/span><\/span><\/div>\n<div align=\"justify\" style=\"line-height: 150%; margin-bottom: 0cm;\">\n<span style=\"color: black;\"><span style=\"font-family: Book Antiqua, serif;\"><span style=\"font-size: x-large;\"><b>Wspomnienie<br \/>\n\u015aw. Urszuli Led\u00f3chowskiej, Dziewicy,<\/b><\/span><\/span><\/span><\/div>\n<div align=\"justify\" style=\"line-height: 150%; margin-bottom: 0cm;\">\n<span style=\"color: black;\"><span style=\"font-family: Book Antiqua, serif;\"><span style=\"font-size: x-large;\"><b>do<br \/>\nczyta\u0144:  Dz 17,15.22\u201318,1;  J 16,12\u201315<\/b><\/span><\/span><\/span><\/div>\n<div align=\"justify\" style=\"line-height: 150%; margin-bottom: 0cm;\">\n<span style=\"font-size: x-large;\"><\/p>\n<p><\/span><\/div>\n<div align=\"justify\" style=\"font-style: normal; font-variant: normal; letter-spacing: normal; line-height: 150%; margin-bottom: 0cm; page-break-before: auto;\">\n<span style=\"font-size: x-large;\"><span style=\"color: black;\"><span style=\"font-family: Book Antiqua, serif;\"><b>CZYTANIE<br \/>\nZ DZIEJ\u00d3W APOSTOLSKICH: <\/b><\/span><\/span><br \/>\n<\/span><\/div>\n<div align=\"justify\" style=\"font-style: normal; font-variant: normal; letter-spacing: normal; line-height: 150%; margin-bottom: 0cm; page-break-before: auto; text-indent: 1.3cm;\">\n<span style=\"font-size: x-large;\"><span style=\"color: black;\"><span style=\"font-family: Book Antiqua, serif;\"><b>W<br \/>\nowych dniach ci, kt\u00f3rzy towarzyszyli Paw\u0142owi, zaprowadzili go a\u017c<br \/>\ndo Aten i powr\u00f3cili, otrzymawszy polecenie dla Sylasa i Tymoteusza,<br \/>\naby czym pr\u0119dzej przyszli do niego. <\/b><\/span><\/span><br \/>\n<\/span><\/div>\n<div align=\"justify\" style=\"line-height: 150%; margin-bottom: 0cm; text-indent: 1.3cm;\">\n<span style=\"font-size: x-large;\"><span style=\"color: black;\"><span style=\"font-family: Book Antiqua, serif;\"><b><span style=\"font-variant: normal;\"><span style=\"letter-spacing: normal;\"><span style=\"font-style: normal;\">Stan\u0105wszy<br \/>\nw \u015brodku Areopagu Pawe\u0142 przem\u00f3wi\u0142: \u201eM\u0119\u017cowie ate\u0144scy, widz\u0119,<br \/>\n\u017ce jeste\u015bcie pod ka\u017cdym wzgl\u0119dem bardzo religijni. Przechodz\u0105c<br \/>\nbowiem i ogl\u0105daj\u0105c wasze \u015bwi\u0119to\u015bci jedn\u0105 po drugiej, znalaz\u0142em<br \/>\nte\u017c o\u0142tarz z napisem: \u00abNieznanemu Bogu\u00bb. Ja wam g\u0142osz\u0119 to, co<br \/>\nczcicie, nie znaj\u0105c. <\/span><\/span><\/span><span style=\"font-variant: normal;\"><span style=\"letter-spacing: normal;\"><span style=\"font-style: normal;\">B\u00f3g,<br \/>\nkt\u00f3ry stworzy\u0142 \u015bwiat i wszystko na nim, On, kt\u00f3ry jest Panem<br \/>\nnieba i ziemi, nie mieszka w \u015bwi\u0105tyniach zbudowanych r\u0119k\u0105 ludzk\u0105<br \/>\ni nie odbiera pos\u0142ugi z r\u0105k ludzkich, jak gdyby czego\u015b<br \/>\npotrzebowa\u0142, bo sam daje wszystkim \u017cycie i oddech, i wszystko. On z<br \/>\njednego cz\u0142owieka wyprowadzi\u0142 ca\u0142y rodzaj ludzki, aby zamieszkiwa\u0142<br \/>\nca\u0142\u0105 powierzchni\u0119 ziemi. Okre\u015bli\u0142 w\u0142a\u015bciwe czasy i granice ich<br \/>\nzamieszkania, aby szukali Boga, czy nie znajd\u0105 Go niejako po omacku.<br \/>\nBo w rzeczywisto\u015bci jest On niedaleko od ka\u017cdego z nas. Bo w Nim<br \/>\n\u017cyjemy, poruszamy si\u0119 i jeste\u015bmy, jak te\u017c powiedzieli niekt\u00f3rzy<br \/>\nz waszych poet\u00f3w: \u00abJeste\u015bmy bowiem z Jego rodu\u00bb. B\u0119d\u0105c wi\u0119c z<br \/>\nrodu Bo\u017cego, nie powinni\u015bmy s\u0105dzi\u0107, \u017ce b\u00f3stwo jest podobne do<br \/>\nz\u0142ota albo do srebra, albo do kamienia, wytworu r\u0105k i my\u015bli<br \/>\ncz\u0142owieka. Nie zwa\u017caj\u0105c na czasy nie\u015bwiadomo\u015bci, wzywa B\u00f3g<br \/>\nteraz wsz\u0119dzie i wszystkich ludzi do nawr\u00f3cenia, dlatego \u017ce<br \/>\nwyznaczy\u0142 dzie\u0144, w kt\u00f3rym sprawiedliwie b\u0119dzie s\u0105dzi\u0107 \u015bwiat<br \/>\nprzez Cz\u0142owieka, kt\u00f3rego na to przeznaczy\u0142, po uwierzytelnieniu Go<br \/>\nwobec wszystkich przez wskrzeszenie Go z martwych\u201d. <\/span><\/span><\/span><\/b><\/span><\/span><br \/>\n<\/span><\/div>\n<div align=\"justify\" style=\"font-style: normal; font-variant: normal; letter-spacing: normal; line-height: 150%; margin-bottom: 0cm; text-indent: 1.3cm;\">\n<span style=\"font-size: x-large;\"><span style=\"color: black;\"><span style=\"font-family: Book Antiqua, serif;\"><b>Gdy<br \/>\nus\u0142yszeli o zmartwychwstaniu, jedni si\u0119 wy\u015bmiewali, a inni<br \/>\npowiedzieli: \u201ePos\u0142uchamy ci\u0119 o tym innym razem\u201d. Tak Pawe\u0142 ich<br \/>\nopu\u015bci\u0142. Niekt\u00f3rzy jednak przy\u0142\u0105czyli si\u0119 do niego i uwierzyli.<br \/>\nW\u015br\u00f3d nich Dionizy Areopagita i kobieta imieniem Damaris, a z nimi<br \/>\ninni. <\/b><\/span><\/span><br \/>\n<\/span><\/div>\n<div align=\"justify\" style=\"font-style: normal; font-variant: normal; letter-spacing: normal; line-height: 150%; margin-bottom: 0cm; text-indent: 1.3cm;\">\n<span style=\"color: black;\"><span style=\"font-family: Book Antiqua, serif;\"><span style=\"font-size: x-large;\"><b>Potem<br \/>\nopu\u015bci\u0142 Ateny i przyby\u0142 do Koryntu.<\/b><\/span><\/span><\/span><\/div>\n<div align=\"justify\" style=\"line-height: 150%; margin-bottom: 0cm;\">\n<span style=\"font-size: x-large;\"><\/p>\n<p><\/span><\/div>\n<div align=\"justify\" style=\"font-style: normal; font-variant: normal; letter-spacing: normal; line-height: 150%; margin-bottom: 0cm;\">\n<span style=\"font-size: x-large;\"><span style=\"color: black;\"><span style=\"font-family: Book Antiqua, serif;\"><b>S\u0141OWA<br \/>\nEWANGELII WED\u0141UG \u015aWI\u0118TEGO JANA: <\/b><\/span><\/span><br \/>\n<\/span><\/div>\n<div align=\"justify\" style=\"font-style: normal; font-variant: normal; letter-spacing: normal; line-height: 150%; margin-bottom: 0cm; page-break-before: auto; text-indent: 1.3cm;\">\n<span style=\"font-size: x-large;\"><span style=\"color: black;\"><span style=\"font-family: Book Antiqua, serif;\"><b>Jezus<br \/>\npowiedzia\u0142 do swoich uczni\u00f3w: \u201eJeszcze wiele mam wam do<br \/>\npowiedzenia, ale teraz jeszcze znie\u015b\u0107 nie mo\u017cecie. Gdy za\u015b<br \/>\nprzyjdzie On, Duch Prawdy, doprowadzi was do ca\u0142ej prawdy. Bo nie<br \/>\nb\u0119dzie m\u00f3wi\u0142 od siebie, ale powie wszystko, cokolwiek s\u0142yszy, i<br \/>\noznajmi wam rzeczy przysz\u0142e. On Mnie otoczy chwa\u0142\u0105, poniewa\u017c z<br \/>\nmojego we\u017amie i wam objawi. <\/b><\/span><\/span><br \/>\n<\/span><\/div>\n<div align=\"justify\" style=\"font-style: normal; font-variant: normal; letter-spacing: normal; line-height: 150%; margin-bottom: 0cm; text-indent: 1.3cm;\">\n<span style=\"color: black;\"><span style=\"font-family: Book Antiqua, serif;\"><span style=\"font-size: x-large;\"><b>Wszystko,<br \/>\nco ma Ojciec, jest moje. Dlatego powiedzia\u0142em, \u017ce z mojego bierze i<br \/>\nwam objawi\u201d.<\/b><\/span><\/span><\/span><\/div>\n<div align=\"justify\" style=\"line-height: 150%; margin-bottom: 0cm;\">\n<span style=\"font-size: x-large;\"><\/p>\n<p><\/span><\/div>\n<div align=\"justify\" style=\"background: transparent; font-variant: normal; letter-spacing: normal; line-height: 150%; margin-bottom: 0cm; page-break-before: auto; text-indent: 1.3cm;\">\n<span style=\"font-size: x-large;\"><span style=\"color: black;\"><span style=\"font-family: Book Antiqua, serif;\"><span style=\"font-style: normal;\"><span style=\"font-weight: normal;\">C<\/span><\/span><span style=\"font-style: normal;\"><span style=\"font-weight: normal;\">hyba<br \/>\nPawe\u0142 zaskoczy\u0142 nieco Ate\u0144czyk\u00f3w tym swoim st<\/span><\/span><span style=\"font-style: normal;\"><span style=\"font-weight: normal;\">anowiskiem<\/span><\/span><span style=\"font-style: normal;\"><span style=\"font-weight: normal;\">,<br \/>\n<\/span><\/span><span style=\"font-style: normal;\"><span style=\"font-weight: normal;\">i<\/span><\/span><span style=\"font-style: normal;\"><span style=\"font-weight: normal;\">\u017c<br \/>\nprzypis<\/span><\/span><span style=\"font-style: normal;\"><span style=\"font-weight: normal;\">a\u0142<\/span><\/span><span style=\"font-style: normal;\"><span style=\"font-weight: normal;\"><br \/>\n<\/span><\/span><b><span style=\"font-style: normal;\">bardzo konkretn\u0105<br \/>\ntre\u015b\u0107<\/span><\/b><span style=\"font-style: normal;\"><span style=\"font-weight: normal;\"><br \/>\ni tak du\u017ce znaczenie do o\u0142tarza z napisem: <\/span><\/span><i><b>Nieznanemu<br \/>\nBogu. <\/b><\/i><span style=\"font-style: normal;\"><span style=\"font-weight: normal;\">Oni<br \/>\nbowiem postawili ten o\u0142tarz niejako \u201ena wszelki wypadek\u201d, <\/span><\/span><span style=\"font-style: normal;\"><span style=\"font-weight: normal;\">gdyby<br \/>\nzdarzy\u0142o si\u0119 im \u201eniechc\u0105cy\u201d <\/span><\/span><b><span style=\"font-style: normal;\">pomin\u0105\u0107<br \/>\njakie\u015b b\u00f3stwo<\/span><\/b><span style=\"font-style: normal;\"><span style=\"font-weight: normal;\"><br \/>\nw ca\u0142ym tym swoim trudnym do ogarni\u0119cia, <\/span><\/span><span style=\"font-style: normal;\"><span style=\"font-weight: normal;\">zat\u0142oczonym<\/span><\/span><span style=\"font-style: normal;\"><span style=\"font-weight: normal;\"><br \/>\npanteonie. <\/span><\/span><span style=\"font-style: normal;\"><span style=\"font-weight: normal;\">W\u0142a\u015bnie<br \/>\nw takiej sytuacji, \u00f3w<\/span><\/span><span style=\"font-style: normal;\"><span style=\"font-weight: normal;\"><br \/>\n<\/span><\/span><b><span style=\"font-style: normal;\">\u201edy\u017curny\u201d<br \/>\no\u0142tarzyk<\/span><\/b><span style=\"font-style: normal;\"><span style=\"font-weight: normal;\"><br \/>\nrozwi\u0105zywa\u0142<\/span><\/span><span style=\"font-style: normal;\"><span style=\"font-weight: normal;\">by<\/span><\/span><span style=\"font-style: normal;\"><span style=\"font-weight: normal;\"><br \/>\nproblem. <\/span><\/span><\/span><\/span><br \/>\n<\/span><\/div>\n<div align=\"justify\" style=\"background: transparent; font-variant: normal; letter-spacing: normal; line-height: 150%; margin-bottom: 0cm; text-indent: 1.3cm;\">\n<span style=\"font-size: x-large;\"><span style=\"color: black;\"><span style=\"font-family: Book Antiqua, serif;\"><span style=\"font-style: normal;\"><span style=\"font-weight: normal;\">Tymczasem,<br \/>\nPawe\u0142 w\u0142a\u015bnie przy tym o\u0142tarzyku rozwin\u0105\u0142 <\/span><\/span><b><span style=\"font-style: normal;\">nauk\u0119<\/span><\/b><span style=\"font-style: normal;\"><span style=\"font-weight: normal;\"><br \/>\n<\/span><\/span><b><span style=\"font-style: normal;\">o \u201enieznanym<br \/>\nBogu\u201d<\/span><\/b><span style=\"font-style: normal;\"><span style=\"font-weight: normal;\"><br \/>\n\u2013 tak skrajnie r\u00f3\u017cn\u0105 od tej, kt\u00f3r\u0105 oni uznawali i g\u0142osili. O<br \/>\nile w og\u00f3le jak\u0105kolwiek g\u0142osili, bo ich wiedza o ich b\u00f3stwach to<br \/>\nraczej <\/span><\/span><b><span style=\"font-style: normal;\">jakie\u015b<br \/>\nmgliste mity i ba\u015bnie, <\/span><\/b><span style=\"font-style: normal;\"><span style=\"font-weight: normal;\">nie<br \/>\nmaj\u0105ce realnego wp\u0142ywu na \u017cycie. Pawe\u0142 za\u015b g\u0142osi\u0142 nauk\u0119<br \/>\njedn\u0105, prawdziw\u0105 i pewn\u0105, maj\u0105c\u0105 mocny i znacz\u0105cy <\/span><\/span><b><span style=\"font-style: normal;\">wp\u0142yw<br \/>\nna <\/span><span style=\"font-style: normal;\">codzienne realia<\/span><\/b><span style=\"font-style: normal;\"><span style=\"font-weight: normal;\"><br \/>\ntych, kt\u00f3rzy j\u0105 wyznaj\u0105. M\u00f3wi\u0142 mi\u0119dzy innymi, i\u017c B\u00f3g <\/span><\/span><i><b>okre\u015bli\u0142<br \/>\nw\u0142a\u015bciwe czasy i granice ich zamieszkania, aby szukali Boga, czy<br \/>\nnie znajd\u0105 Go niejako po omacku. Bo w rzeczywisto\u015bci jest On<br \/>\nniedaleko od ka\u017cdego z nas. Bo w Nim \u017cyjemy, poruszamy si\u0119 i<br \/>\njeste\u015bmy.<\/b><\/i><span style=\"font-style: normal;\"><b> <\/b><\/span><\/span><\/span><br \/>\n<\/span><\/div>\n<div align=\"justify\" style=\"background: transparent; font-variant: normal; letter-spacing: normal; line-height: 150%; margin-bottom: 0cm; text-indent: 1.3cm;\">\n<span style=\"font-size: x-large;\"><span style=\"color: black;\"><span style=\"font-family: Book Antiqua, serif;\"><span style=\"font-style: normal;\"><span style=\"font-weight: normal;\">Niestety,<br \/>\nokaza\u0142o si\u0119, \u017ce ca\u0142y <\/span><\/span><span style=\"font-style: normal;\"><span style=\"font-weight: normal;\">jego<br \/>\n<\/span><\/span><span style=\"font-style: normal;\"><span style=\"font-weight: normal;\">wyw\u00f3d<br \/>\nokaza\u0142 si\u0119 <\/span><\/span><b><span style=\"font-style: normal;\">zbyt<br \/>\ntrudny do przyj\u0119cia<\/span><\/b><span style=\"font-style: normal;\"><span style=\"font-weight: normal;\"><br \/>\n<\/span><\/span><span style=\"font-style: normal;\"><span style=\"font-weight: normal;\">przez<\/span><\/span><span style=\"font-style: normal;\"><span style=\"font-weight: normal;\"><br \/>\ntych, kt\u00f3rzy woleli raczej mgliste ba\u015bnie o jakich\u015b tam<br \/>\nnieokre\u015blonych b\u00f3stwach, nie maj\u0105cych \u017cadnego realnego wp\u0142ywu na<br \/>\nich \u017cycie, <\/span><\/span><b><span style=\"font-style: normal;\">ani\u017celi<\/span><span style=\"font-style: normal;\"><br \/>\npe\u0142n<\/span><span style=\"font-style: normal;\">\u0105<\/span><span style=\"font-style: normal;\"><br \/>\nprawd<\/span><span style=\"font-style: normal;\">\u0119<\/span><span style=\"font-style: normal;\">,<\/span><\/b><span style=\"font-style: normal;\"><span style=\"font-weight: normal;\"><br \/>\nwobec kt\u00f3rej nale\u017ca\u0142o si\u0119 <\/span><\/span><b><span style=\"font-style: normal;\">jako\u015b<br \/>\nokre\u015bli\u0107.<\/span><\/b><span style=\"font-style: normal;\"><span style=\"font-weight: normal;\"><br \/>\nI dlatego, <\/span><\/span><i><b>gdy us\u0142yszeli o zmartwychwstaniu,<br \/>\njedni si\u0119 wy\u015bmiewali, a inni powiedzieli: \u201ePos\u0142uchamy ci\u0119 o tym<br \/>\ninnym razem\u201d.<\/b><\/i><span style=\"font-style: normal;\"><span style=\"font-weight: normal;\"><br \/>\n<\/span><\/span><\/span><\/span><br \/>\n<\/span><\/div>\n<div align=\"justify\" style=\"background: transparent; font-variant: normal; letter-spacing: normal; line-height: 150%; margin-bottom: 0cm; text-indent: 1.3cm;\">\n<span style=\"font-size: x-large;\"><span style=\"color: black;\"><span style=\"font-family: Book Antiqua, serif;\"><span style=\"font-style: normal;\"><span style=\"font-weight: normal;\">Mo\u017cna<br \/>\nm\u00f3wi\u0107 o pora\u017cce apostolskich zabieg\u00f3w Paw\u0142a. Jest to<br \/>\nniew\u0105tpliwie jeden z istotnych element\u00f3w misji g\u0142osiciela Dobrej<br \/>\nNowiny, <\/span><\/span><span style=\"font-style: normal;\"><span style=\"font-weight: normal;\">kt\u00f3ry<br \/>\ntrzeba niejako \u201ewliczy\u0107 w koszta\u201d<\/span><\/span><span style=\"font-style: normal;\"><span style=\"font-weight: normal;\"><br \/>\n\u2013 <\/span><\/span><b><span style=\"font-style: normal;\">niepowodzenie.<\/span><\/b><span style=\"font-style: normal;\"><span style=\"font-weight: normal;\"><br \/>\nZwykle wtedy \u0142atwo ule<\/span><\/span><span style=\"font-style: normal;\"><span style=\"font-weight: normal;\">ga<br \/>\nsi\u0119<\/span><\/span><span style=\"font-style: normal;\"><span style=\"font-weight: normal;\"><br \/>\nzniech\u0119ceniu, os\u0142abieniu gorliwo\u015bci, a <\/span><\/span><b><span style=\"font-style: normal;\">nawet<br \/>\nrezygnacji z misji. <\/span><\/b><span style=\"font-style: normal;\"><span style=\"font-weight: normal;\">Tymczasem<br \/>\n\u2013 jak nawet pokazuje dzisiejsze wydarzenie \u2013 to <\/span><\/span><b><span style=\"font-style: normal;\">nie<br \/>\nz winy <\/span><span style=\"font-style: normal;\">Aposto\u0142a<\/span><\/b><span style=\"font-style: normal;\"><span style=\"font-weight: normal;\"><br \/>\nsta\u0142o si\u0119 tak, jak si\u0119 sta\u0142o. <\/span><\/span><\/span><\/span><br \/>\n<\/span><\/div>\n<div align=\"justify\" style=\"background: transparent; font-variant: normal; letter-spacing: normal; line-height: 150%; margin-bottom: 0cm; text-indent: 1.3cm;\">\n<span style=\"font-size: x-large;\"><span style=\"color: black;\"><span style=\"font-family: Book Antiqua, serif;\"><span style=\"font-style: normal;\"><span style=\"font-weight: normal;\">On<br \/>\nwyg\u0142osi\u0142 im prawdziw\u0105 i pe\u0142n\u0105 nauk\u0119, nawet staraj\u0105c si\u0119<br \/>\numie\u015bci\u0107 j\u0105 w ich \u2013 nazwijmy to tak g\u00f3rnolotnie \u2013 <\/span><\/span><b><span style=\"font-style: normal;\">kodzie<br \/>\nkulturowym,<\/span><\/b><span style=\"font-style: normal;\"><span style=\"font-weight: normal;\"><br \/>\nwszak powo\u0142a\u0142 si\u0119 na ich poet\u00f3w, z szacunkiem odni\u00f3s\u0142 si\u0119 do<br \/>\nich sposob\u00f3w wierzenia\u2026 Niestety, to nic nie da\u0142o, bo oni woleli<br \/>\n<\/span><\/span><b><span style=\"font-style: normal;\">pozosta\u0107 w swoim<br \/>\nmglistym pojmowaniu<\/span><\/b><span style=\"font-style: normal;\"><span style=\"font-weight: normal;\"><br \/>\nczczonych przez siebie b\u00f3stw, dlatego \u201ebezpieczniej\u201d czuli si\u0119<br \/>\nprzy o\u0142tarzu z napisem: <\/span><\/span><i><b>nieznanemu Bogu,<\/b><\/i><span style=\"font-style: normal;\"><span style=\"font-weight: normal;\"><br \/>\nni\u017c w\u00f3wczas, kiedy na tym\u017ce o\u0142tarzu pojawi\u0142oby si\u0119 imi\u0119<br \/>\nkonkretnego Boga. W dodatku \u2013 <\/span><\/span><b><span style=\"font-style: normal;\">jedynego,<br \/>\na nie jednego z wielu. <\/span><\/b><\/span><\/span><br \/>\n<\/span><\/div>\n<div align=\"justify\" style=\"background: transparent; font-variant: normal; letter-spacing: normal; line-height: 150%; margin-bottom: 0cm; text-indent: 1.3cm;\">\n<span style=\"font-size: x-large;\"><span style=\"color: black;\"><span style=\"font-family: Book Antiqua, serif;\"><span style=\"font-style: normal;\"><span style=\"font-weight: normal;\">Zatem,<br \/>\nto nie wina, ani zaniedbanie Paw\u0142a spowodowa\u0142o to swoiste<br \/>\nniepowodzenie misji, ale <\/span><\/span><b><span style=\"font-style: normal;\">nastawienie<br \/>\nsamych s\u0142uchaj\u0105cych.<\/span><\/b><span style=\"font-style: normal;\"><span style=\"font-weight: normal;\"><br \/>\nDobrze mie\u0107 to stale w \u015bwiadomo\u015bci, moi Drodzy, aby <\/span><\/span><b><span style=\"font-style: normal;\">nie<br \/>\nzniech\u0119ca\u0107 si\u0119 <\/span><\/b><span style=\"font-style: normal;\"><span style=\"font-weight: normal;\">w<br \/>\nsytuacji, gdy nasze chrze\u015bcija\u0144skie \u015bwiadectwo nie b\u0119dzie<br \/>\nprzynosi\u0142o owoc\u00f3w. Wzgl\u0119dnie: nie od razu b\u0119dzie przynosi\u0142o. <\/span><\/span><\/span><\/span><br \/>\n<\/span><\/div>\n<div align=\"justify\" style=\"background: transparent; font-variant: normal; letter-spacing: normal; line-height: 150%; margin-bottom: 0cm; text-indent: 1.3cm;\">\n<span style=\"font-size: x-large;\"><span style=\"color: black;\"><span style=\"font-family: Book Antiqua, serif;\"><span style=\"font-style: normal;\"><span style=\"font-weight: normal;\">Zreszt\u0105,<br \/>\nzauwa\u017cmy, \u017ce Pawe\u0142 te\u017c tak ca\u0142kowicie tej sytuacji nie przegra\u0142.<br \/>\nWszak s\u0142yszymy, \u017ce <\/span><\/span><i><b>niekt\u00f3rzy jednak<br \/>\nprzy\u0142\u0105czyli si\u0119 do niego i uwierzyli. W\u015br\u00f3d nich Dionizy<br \/>\nAreopagita i kobieta imieniem Damaris, a z nimi inni.<\/b><\/i><span style=\"font-style: normal;\"><b><br \/>\n<\/b><\/span><span style=\"font-style: normal;\"><span style=\"font-weight: normal;\">Zatem,<br \/>\nwarto by\u0142o! Nawet dla tych kilkorga os\u00f3b \u2013 <\/span><\/span><b><span style=\"font-style: normal;\">warto<br \/>\nby\u0142o!<\/span><\/b><span style=\"font-style: normal;\"><span style=\"font-weight: normal;\"><br \/>\n<\/span><\/span><span style=\"font-style: normal;\"><span style=\"font-weight: normal;\">Zw\u0142aszcza,<br \/>\n\u017ce<\/span><\/span><span style=\"font-style: normal;\"><span style=\"font-weight: normal;\"><br \/>\nprzecie\u017c <\/span><\/span><span style=\"font-style: normal;\"><span style=\"font-weight: normal;\">to<br \/>\n<\/span><\/span><b><span style=\"font-style: normal;\">B\u00f3g najlepiej wie,<br \/>\n<\/span><\/b><span style=\"font-style: normal;\"><span style=\"font-weight: normal;\">jakie<br \/>\ntak naprawd\u0119 owoce przynios\u0142o dzia\u0142anie Paw\u0142a i jakie przynosz\u0105<br \/>\nnasze apostolskie dzia\u0142ania. <\/span><\/span><\/span><\/span><br \/>\n<\/span><\/div>\n<div align=\"justify\" style=\"background: transparent; font-variant: normal; letter-spacing: normal; line-height: 150%; margin-bottom: 0cm; text-indent: 1.3cm;\">\n<span style=\"font-size: x-large;\"><span style=\"color: black;\"><span style=\"font-family: Book Antiqua, serif;\"><span style=\"font-style: normal;\"><span style=\"font-weight: normal;\">Dlatego<br \/>\n<\/span><\/span><b><span style=\"font-style: normal;\">w<\/span><span style=\"font-style: normal;\">arto<br \/>\nzawsze zda\u0107 si\u0119 na Boga<\/span><\/b><span style=\"font-style: normal;\"><span style=\"font-weight: normal;\"><br \/>\nw tych sprawach i nigdy nie w\u0105tpi\u0107, \u017ce dzia\u0142anie, <\/span><\/span><span style=\"font-style: normal;\"><span style=\"font-weight: normal;\">podejmowane<\/span><\/span><span style=\"font-style: normal;\"><span style=\"font-weight: normal;\"><br \/>\nw <\/span><\/span><span style=\"font-style: normal;\"><span style=\"font-weight: normal;\">Jego<br \/>\n<\/span><\/span><span style=\"font-style: normal;\"><span style=\"font-weight: normal;\">imi\u0119,<br \/>\nma sens! Nawet, je\u017celi dora\u017anie <\/span><\/span><b><span style=\"font-style: normal;\">wydaje<br \/>\nsi\u0119, \u017ce nie przynosi owoc\u00f3w<\/span><\/b><span style=\"font-style: normal;\"><span style=\"font-weight: normal;\"><br \/>\n<\/span><\/span><span style=\"font-style: normal;\"><span style=\"font-weight: normal;\">i<br \/>\nko\u0144czy si\u0119 niepowodzeniem. Z perspektywy Bo\u017cej wszystko inaczej<br \/>\nwygl\u0105da. <\/span><\/span><\/span><\/span><br \/>\n<\/span><\/div>\n<div align=\"justify\" style=\"background: transparent; font-variant: normal; letter-spacing: normal; line-height: 150%; margin-bottom: 0cm; text-indent: 1.3cm;\">\n<span style=\"color: black;\"><span style=\"font-family: Book Antiqua, serif;\"><span style=\"font-size: x-large;\"><span style=\"font-style: normal;\"><span style=\"font-weight: normal;\">A<br \/>\npoza tym, trzeba mie\u0107 \u015bwiadomo\u015b\u0107, \u017ce ludziom \u0142atwiej i<br \/>\n<\/span><\/span><b><span style=\"font-style: normal;\">\u201ebezpieczniej\u201d<br \/>\n\u017cyje si\u0119 w takiej swoistej mgle, <\/span><\/b><span style=\"font-style: normal;\"><span style=\"font-weight: normal;\">kiedy<br \/>\nnie maj\u0105 \u2013 to znaczy: tak my\u015bl\u0105, \u017ce nie maj\u0105 \u2013 <\/span><\/span><span style=\"font-style: normal;\"><span style=\"font-weight: normal;\">nad<br \/>\nsob\u0105 <\/span><\/span><span style=\"font-style: normal;\"><span style=\"font-weight: normal;\">Boga,<br \/>\nkt\u00f3ry <\/span><\/span><b><span style=\"font-style: normal;\">dok\u0142adnie<br \/>\nwidzi <\/span><\/b><span style=\"font-style: normal;\"><span style=\"font-weight: normal;\">wszystkie<br \/>\nich dzia\u0142ania, <\/span><\/span><b><span style=\"font-style: normal;\">wyra\u017anie<br \/>\n<\/span><span style=\"font-style: normal;\">s\u0142yszy<\/span><\/b><span style=\"font-style: normal;\"><span style=\"font-weight: normal;\"><br \/>\nich s\u0142owa i my\u015bli, a poza tym stawia bardzo konkretne wymagania.<br \/>\nTak jest <\/span><\/span><span style=\"font-style: normal;\"><span style=\"font-weight: normal;\">chwilowo<\/span><\/span><span style=\"font-style: normal;\"><span style=\"font-weight: normal;\"><br \/>\n\u0142atwiej. <\/span><\/span><b><span style=\"font-style: normal;\">Ale czy o<br \/>\nto chodzi? <\/span><\/b><span style=\"font-style: normal;\"><span style=\"font-weight: normal;\">Czy<br \/>\no to chodzi, aby\u015bmy ca\u0142y czas oddawali cze\u015b\u0107 <\/span><\/span><i><b>nieznanemu<br \/>\nBogu<\/b><\/i><span style=\"font-style: normal;\"><span style=\"font-weight: normal;\"><br \/>\n\u2013 nieznanemu z naszej w\u0142asnej winy, z naszego wyboru?\u2026<\/span><\/span><\/span><\/span><\/span><\/div>\n<div align=\"justify\" style=\"background: transparent; font-variant: normal; letter-spacing: normal; line-height: 150%; margin-bottom: 0cm; text-indent: 1.3cm;\">\n<span style=\"font-size: x-large;\"><span style=\"color: black;\"><span style=\"font-family: Book Antiqua, serif;\"><span style=\"font-style: normal;\"><span style=\"font-weight: normal;\">Jezus<br \/>\ndzisiaj w Ewangelii zapowiada: <\/span><\/span><i><b>Jeszcze wiele mam<br \/>\nwam do powiedzenia, ale teraz jeszcze znie\u015b\u0107 nie mo\u017cecie. Gdy za\u015b<br \/>\nprzyjdzie On, Duch Prawdy, doprowadzi was do ca\u0142ej prawdy.<\/b><\/i><span style=\"font-style: normal;\"><span style=\"font-weight: normal;\"><br \/>\n<\/span><\/span><span style=\"font-style: normal;\"><span style=\"font-weight: normal;\">Ot\u00f3\u017c,<br \/>\nw\u0142a\u015bnie! Jezus, w czasie swojej publicznej dzia\u0142alno\u015bci, <\/span><\/span><b><span style=\"font-style: normal;\">bardzo<br \/>\ndu\u017co i konkretnie<\/span><\/b><span style=\"font-style: normal;\"><span style=\"font-weight: normal;\"><br \/>\npowiedzia\u0142, wskaza\u0142, uczyni\u0142. Ale kontynuacj\u0119 swego dzie\u0142a i<br \/>\npomoc ludziom w jego zrozumieniu i przyj\u0119ciu \u2013 <\/span><\/span><b><span style=\"font-style: normal;\">pozostawi\u0142<br \/>\nDuchowi \u015awi\u0119temu,<\/span><\/b><span style=\"font-style: normal;\"><span style=\"font-weight: normal;\"><br \/>\nkt\u00f3ry z pewno\u015bci\u0105 pomo\u017ce prze\u0142o\u017cy\u0107 konkretn\u0105 nauk\u0119<br \/>\newangeliczn\u0105 na \u017cyciowe konkrety ludzi. Pod warunkiem, \u017ce z <\/span><\/span><span style=\"font-style: normal;\"><span style=\"font-weight: normal;\">ich<\/span><\/span><span style=\"font-style: normal;\"><span style=\"font-weight: normal;\"><br \/>\nstrony nie us\u0142yszy: <\/span><\/span><i><b>Pos\u0142uchamy Ci\u0119 o tym innym<br \/>\nrazem\u2026 <\/b><\/i><\/span><\/span><br \/>\n<\/span><\/div>\n<div align=\"justify\" style=\"background: transparent; font-variant: normal; letter-spacing: normal; line-height: 150%; margin-bottom: 0cm; text-indent: 1.3cm;\">\n<span style=\"color: black;\"><span style=\"font-family: Book Antiqua, serif;\"><span style=\"font-size: x-large;\"><span style=\"font-style: normal;\"><span style=\"font-weight: normal;\">Co<br \/>\nja osobi\u015bcie zamierzam robi\u0107, jak kszta\u0142towa\u0107 moje relacje z<br \/>\nJezusem: pos\u0142ucham Go <\/span><\/span><i><b>innym razem<\/b><\/i><span style=\"font-style: normal;\"><span style=\"font-weight: normal;\"><br \/>\n\u2013 czy jednak ju\u017c dzisiaj, ju\u017c teraz?\u2026<\/span><\/span><\/span><\/span><\/span><\/div>\n<div align=\"justify\" style=\"background: transparent; font-variant: normal; letter-spacing: normal; line-height: 150%; margin-bottom: 0cm; text-indent: 1.3cm;\">\n<span style=\"color: black;\"><span style=\"font-family: Book Antiqua, serif;\"><span style=\"font-size: x-large;\"><span style=\"font-style: normal;\"><span style=\"font-weight: normal;\">Konkretny<br \/>\nprzyk\u0142ad <\/span><\/span><span style=\"font-style: normal;\"><span style=\"font-weight: normal;\">s\u0142uchania<br \/>\nBoga i \u017cycia wed\u0142ug us\u0142yszanego S\u0142owa daje nam <\/span><\/span><span style=\"font-style: normal;\"><span style=\"font-weight: normal;\">Patronka<br \/>\ndnia dzisiejszego, <\/span><\/span><b><span style=\"font-style: normal;\">\u015awi\u0119ta<br \/>\nUrszula Led\u00f3chowska.<\/span><\/b><\/span><\/span><\/span><\/div>\n<div align=\"justify\" style=\"line-height: 150%; margin-bottom: 0cm; text-indent: 1.3cm;\">\n<span style=\"font-size: x-large;\"><span style=\"color: black;\"><span style=\"font-family: Book Antiqua, serif;\"><span style=\"font-variant: normal;\"><span style=\"letter-spacing: normal;\"><span style=\"font-style: normal;\"><span style=\"font-weight: normal;\">Jako<\/span><\/span><\/span><\/span><span style=\"font-variant: normal;\"><span style=\"letter-spacing: normal;\"><span style=\"font-style: normal;\"><b><br \/>\n<\/b><\/span><\/span><\/span><span style=\"font-variant: normal;\"><span style=\"letter-spacing: normal;\"><span style=\"font-style: normal;\"><b>Julia<br \/>\nMaria Led\u00f3chowska<\/b><\/span><\/span><\/span><span style=\"font-variant: normal;\"><span style=\"letter-spacing: normal;\"><span style=\"font-style: normal;\"><span style=\"font-weight: normal;\"><br \/>\n<\/span><\/span><\/span><\/span><span style=\"font-variant: normal;\"><span style=\"letter-spacing: normal;\"><span style=\"font-style: normal;\"><span style=\"font-weight: normal;\">u<\/span><\/span><\/span><\/span><span style=\"font-variant: normal;\"><span style=\"letter-spacing: normal;\"><span style=\"font-style: normal;\"><span style=\"font-weight: normal;\">rodzi\u0142a<br \/>\nsi\u0119<\/span><\/span><\/span><\/span><span style=\"font-variant: normal;\"><span style=\"letter-spacing: normal;\"><span style=\"font-style: normal;\"><span style=\"font-weight: normal;\"><br \/>\n<\/span><\/span><\/span><\/span><span style=\"font-variant: normal;\"><span style=\"letter-spacing: normal;\"><span style=\"font-style: normal;\"><b>17<br \/>\nkwietnia 1865 roku,<\/b><\/span><\/span><\/span><span style=\"font-variant: normal;\"><span style=\"letter-spacing: normal;\"><span style=\"font-style: normal;\"><span style=\"font-weight: normal;\"><br \/>\nw Loosdorf ko\u0142o Wiednia,<\/span><\/span><\/span><\/span><span style=\"font-variant: normal;\"><span style=\"letter-spacing: normal;\"><span style=\"font-style: normal;\"><span style=\"font-weight: normal;\"><br \/>\nw gorliwej katolickiej rodzinie. <\/span><\/span><\/span><\/span>Maj\u0105c<br \/>\nlat dwadzie\u015bcia jeden, wst\u0105pi\u0142a <b>do klasztoru urszulanek w<br \/>\nKrakowie.<\/b> Wyr\u00f3\u017cnia\u0142a si\u0119 gorliwo\u015bci\u0105 w modlitwie i<br \/>\numartwieniach. Najpierw pracowa\u0142a w krakowskim internacie si\u00f3str. W<br \/>\n1904 roku, jako prze\u0142o\u017cona domu, kierowa\u0142a internatem. Dwa lata<br \/>\np\u00f3\u017aniej za\u0142o\u017cy\u0142a <b>pierwszy na ziemiach polskich internat dla<br \/>\nstudentek szk\u00f3\u0142 wy\u017cszych.<\/b> <\/span><\/span><br \/>\n<\/span><\/div>\n<div align=\"justify\" style=\"line-height: 150%; margin-bottom: 0cm; text-indent: 1.3cm;\">\n<span style=\"font-size: x-large;\"><span style=\"color: black;\"><span style=\"font-family: Book Antiqua, serif;\">Swoje<br \/>\npowo\u0142anie do wychowania m\u0142odzie\u017cy i opieki nad ni\u0105 odkry\u0142a<br \/>\njeszcze w nowicjacie. <b>W 1907 roku, w \u015bwieckim stroju, wyjecha\u0142a<br \/>\ndo pracy dydaktycznej w Petersburgu.<\/b> Obj\u0119\u0142a tam kierownictwo<br \/>\nzaniedbanego internatu i liceum \u015awi\u0119tej Katarzyny. Owocem jej<br \/>\nofiarnej pracy by\u0142o powstanie \u2013 zaledwie po roku \u2013 <b>samodzielnego<br \/>\nklasztoru urszulanek w tym mie\u015bcie.<\/b> <\/span><\/span><br \/>\n<\/span><\/div>\n<div align=\"justify\" style=\"line-height: 150%; margin-bottom: 0cm; text-indent: 1.3cm;\">\n<span style=\"font-size: x-large;\"><span style=\"color: black;\"><span style=\"font-family: Book Antiqua, serif;\">Wtedy<br \/>\nUrszula przenios\u0142a si\u0119 do Finlandii, gdzie otworzy\u0142a gimnazjum dla<br \/>\ndziewcz\u0105t. Podczas pierwszej wojny \u015bwiatowej aposto\u0142owa\u0142a <b>w<br \/>\nkrajach skandynawskich,<\/b> wyg\u0142aszaj\u0105c odczyty o Polsce i<br \/>\norganizuj\u0105c pomoc dla osieroconych polskich dzieci. <\/span><\/span><br \/>\n<\/span><\/div>\n<div align=\"justify\" style=\"line-height: 150%; margin-bottom: 0cm; text-indent: 1.3cm;\">\n<span style=\"font-size: x-large;\"><span style=\"color: black;\"><span style=\"font-family: Book Antiqua, serif;\">Jednocze\u015bnie<br \/>\nnie zaniedbywa\u0142a swego Zgromadzenia, dzi\u0119ki czemu rozrasta\u0142 si\u0119<br \/>\n<b>nowicjat i dom zakonny w Szwecji.<\/b> Pod koniec wojny Urszula<br \/>\nLed\u00f3chowska przenios\u0142a go do Danii, gdzie za\u0142o\u017cy\u0142a r\u00f3wnie\u017c<br \/>\nszko\u0142\u0119 i dom opieki dla dzieci polskich. <\/span><\/span><br \/>\n<\/span><\/div>\n<div align=\"justify\" style=\"line-height: 150%; margin-bottom: 0cm; text-indent: 1.3cm;\">\n<span style=\"font-size: x-large;\"><span style=\"color: black;\"><span style=\"font-family: Book Antiqua, serif;\"><span style=\"font-variant: normal;\"><span style=\"letter-spacing: normal;\"><span style=\"font-style: normal;\"><b>W<br \/>\nroku 1920 wr\u00f3ci\u0142a do Polski.<\/b><\/span><\/span><\/span><span style=\"font-variant: normal;\"><span style=\"letter-spacing: normal;\"><span style=\"font-style: normal;\"><span style=\"font-weight: normal;\"><br \/>\nOsiedli\u0142a si\u0119 w Pniewach ko\u0142o Poznania, gdzie \u2013 z my\u015bl\u0105 o<br \/>\npracy apostolskiej w nowych warunkach \u2013 za\u0142o\u017cy\u0142a zgromadzenie<br \/>\n<\/span><\/span><\/span><\/span><span style=\"font-variant: normal;\"><span style=\"letter-spacing: normal;\"><span style=\"font-style: normal;\"><b>Si\u00f3str<br \/>\nUrszulanek Serca Jezusa Konaj\u0105cego,<\/b><\/span><\/span><\/span><span style=\"font-variant: normal;\"><span style=\"letter-spacing: normal;\"><span style=\"font-style: normal;\"><span style=\"font-weight: normal;\"><br \/>\nzwane <\/span><\/span><\/span><\/span><span style=\"font-variant: normal;\"><span style=\"letter-spacing: normal;\"><span style=\"font-style: normal;\"><b>urszulankami<br \/>\nszarymi.<\/b><\/span><\/span><\/span><span style=\"font-variant: normal;\"><span style=\"letter-spacing: normal;\"><span style=\"font-style: normal;\"><span style=\"font-weight: normal;\"><br \/>\n<\/span><\/span><\/span><\/span><span style=\"font-variant: normal;\"><span style=\"letter-spacing: normal;\"><span style=\"font-style: normal;\"><span style=\"font-weight: normal;\">Zgromadzenie<br \/>\nto<\/span><\/span><\/span><\/span><span style=\"font-variant: normal;\"><span style=\"letter-spacing: normal;\"><span style=\"font-style: normal;\"><span style=\"font-weight: normal;\"><br \/>\noddaje si\u0119 g\u0142\u00f3wnie pracy wychowawczej. <\/span><\/span><\/span><\/span><\/span><\/span><br \/>\n<\/span><\/div>\n<div align=\"justify\" style=\"line-height: 150%; margin-bottom: 0cm; text-indent: 1.3cm;\">\n<span style=\"color: black;\"><span style=\"font-family: Book Antiqua, serif;\"><span style=\"font-size: x-large;\"><span style=\"font-variant: normal;\"><span style=\"letter-spacing: normal;\"><span style=\"font-style: normal;\"><span style=\"font-weight: normal;\">W<br \/>\nca\u0142ym \u017cyciu <\/span><\/span><\/span><\/span><span style=\"font-variant: normal;\"><span style=\"letter-spacing: normal;\"><span style=\"font-style: normal;\"><span style=\"font-weight: normal;\">Urszula<br \/>\nLed\u00f3chowska<\/span><\/span><\/span><\/span><span style=\"font-variant: normal;\"><span style=\"letter-spacing: normal;\"><span style=\"font-style: normal;\"><span style=\"font-weight: normal;\"><br \/>\nodznacza\u0142a si\u0119 apostolsk\u0105 gorliwo\u015bci\u0105 i pogod\u0105 ducha. <\/span><\/span><\/span><\/span><span style=\"font-variant: normal;\"><span style=\"letter-spacing: normal;\"><span style=\"font-style: normal;\"><b>Zmar\u0142a<br \/>\nw Rzymie 29 maja 1939 roku. <\/b><\/span><\/span><\/span><span style=\"font-variant: normal;\"><span style=\"letter-spacing: normal;\"><span style=\"font-style: normal;\"><span style=\"font-weight: normal;\">Dnia<\/span><\/span><\/span><\/span><span style=\"font-variant: normal;\"><span style=\"letter-spacing: normal;\"><span style=\"font-style: normal;\"><span style=\"font-weight: normal;\"><br \/>\n<\/span><\/span><\/span><\/span><span style=\"font-variant: normal;\"><span style=\"letter-spacing: normal;\"><span style=\"font-style: normal;\"><b>20<br \/>\nczerwca <\/b><\/span><\/span><\/span><span style=\"font-variant: normal;\"><span style=\"letter-spacing: normal;\"><span style=\"font-style: normal;\"><b>1983<br \/>\n<\/b><\/span><\/span><\/span><span style=\"font-variant: normal;\"><span style=\"letter-spacing: normal;\"><span style=\"font-style: normal;\"><b>\u015awi\u0119ty<br \/>\nP<\/b><\/span><\/span><\/span><span style=\"font-variant: normal;\"><span style=\"letter-spacing: normal;\"><span style=\"font-style: normal;\"><b>apie\u017c<br \/>\nJan Pawe\u0142 II <\/b><\/span><\/span><\/span><span style=\"font-variant: normal;\"><span style=\"letter-spacing: normal;\"><span style=\"font-style: normal;\"><span style=\"font-weight: normal;\">zaliczy\u0142<br \/>\nj\u0105 w poczet<\/span><\/span><\/span><\/span><span style=\"font-variant: normal;\"><span style=\"letter-spacing: normal;\"><span style=\"font-style: normal;\"><b><br \/>\n<\/b><\/span><\/span><\/span><span style=\"font-variant: normal;\"><span style=\"letter-spacing: normal;\"><span style=\"font-style: normal;\"><b>B<\/b><\/span><\/span><\/span><span style=\"font-variant: normal;\"><span style=\"letter-spacing: normal;\"><span style=\"font-style: normal;\"><b>\u0142ogos\u0142awionych,<br \/>\na <\/b><\/span><\/span><\/span><span style=\"font-variant: normal;\"><span style=\"letter-spacing: normal;\"><span style=\"font-style: normal;\"><b>18<br \/>\nmaja<\/b><\/span><\/span><\/span><span style=\"font-variant: normal;\"><span style=\"letter-spacing: normal;\"><span style=\"font-style: normal;\"><b><br \/>\n2003,<\/b><\/span><\/span><\/span><span style=\"font-variant: normal;\"><span style=\"letter-spacing: normal;\"><span style=\"font-style: normal;\"><span style=\"font-weight: normal;\"><br \/>\n<\/span><\/span><\/span><\/span><span style=\"font-variant: normal;\"><span style=\"letter-spacing: normal;\"><span style=\"font-style: normal;\"><span style=\"font-weight: normal;\">w<br \/>\ndniu swoich osiemdziesi\u0105tych trzecich urodzi<\/span><\/span><\/span><\/span><span style=\"font-variant: normal;\"><span style=\"letter-spacing: normal;\"><span style=\"font-style: normal;\"><span style=\"font-weight: normal;\"><br \/>\n\u2013 <\/span><\/span><\/span><\/span><span style=\"font-variant: normal;\"><span style=\"letter-spacing: normal;\"><span style=\"font-style: normal;\"><span style=\"font-weight: normal;\">zaliczy\u0142<br \/>\nj\u0105 <\/span><\/span><\/span><\/span><span style=\"font-variant: normal;\"><span style=\"letter-spacing: normal;\"><span style=\"font-style: normal;\"><span style=\"font-weight: normal;\">w<br \/>\n<\/span><\/span><\/span><\/span><span style=\"font-variant: normal;\"><span style=\"letter-spacing: normal;\"><span style=\"font-style: normal;\"><b>poczet<br \/>\n<\/b><\/span><\/span><\/span><span style=\"font-variant: normal;\"><span style=\"letter-spacing: normal;\"><span style=\"font-style: normal;\"><b>\u015a<\/b><\/span><\/span><\/span><span style=\"font-variant: normal;\"><span style=\"letter-spacing: normal;\"><span style=\"font-style: normal;\"><b>wi\u0119tych.<\/b><\/span><\/span><\/span><\/span><\/span><\/span><\/div>\n<div align=\"justify\" style=\"line-height: 150%; margin-bottom: 0cm; text-indent: 1.3cm;\">\n<span style=\"color: black;\"><span style=\"font-family: Book Antiqua, serif;\"><span style=\"font-size: x-large;\"><span style=\"font-variant: normal;\"><span style=\"letter-spacing: normal;\"><span style=\"font-style: normal;\"><span style=\"font-weight: normal;\">I<br \/>\n<\/span><\/span><\/span><\/span><span style=\"font-variant: normal;\"><span style=\"letter-spacing: normal;\"><span style=\"font-style: normal;\"><span style=\"font-weight: normal;\">to<br \/>\nw\u0142a\u015bnie \u015awi\u0119ta Urszula Led\u00f3chowska uczy nas dzisiaj \u2013 w jednym<br \/>\nze swoich pism \u2013 jak ma wygl\u0105da\u0107 postawa cz\u0142owieka,<br \/>\n<\/span><\/span><\/span><\/span><span style=\"font-variant: normal;\"><span style=\"letter-spacing: normal;\"><span style=\"font-style: normal;\"><b>bezgranicznie<br \/>\nufaj\u0105cego Bogu. <\/b><\/span><\/span><\/span><span style=\"font-variant: normal;\"><span style=\"letter-spacing: normal;\"><span style=\"font-style: normal;\"><span style=\"font-weight: normal;\">Ten<br \/>\ntekst przywo\u0142ujemy tu sobie co roku, ale jest on na tyle wa\u017cny, tak<br \/>\n<\/span><\/span><\/span><\/span><span style=\"font-variant: normal;\"><span style=\"letter-spacing: normal;\"><span style=\"font-style: normal;\"><b>bardzo<br \/>\npi\u0119kny<\/b><\/span><\/span><\/span><span style=\"font-variant: normal;\"><span style=\"letter-spacing: normal;\"><span style=\"font-style: normal;\"><span style=\"font-weight: normal;\"><br \/>\ni tak <\/span><\/span><\/span><\/span><span style=\"font-variant: normal;\"><span style=\"letter-spacing: normal;\"><span style=\"font-style: normal;\"><b>bardzo<br \/>\npotrzebny<\/b><\/span><\/span><\/span><span style=\"font-variant: normal;\"><span style=\"letter-spacing: normal;\"><span style=\"font-style: normal;\"><span style=\"font-weight: normal;\"><br \/>\nnam, smutnym i zgaszonym chrze\u015bcijanom obecnego czasu, \u017ce<br \/>\nkoniecznie musimy go sobie jeszcze raz przypomnie\u0107. To naprawd\u0119<br \/>\nskuteczny <\/span><\/span><\/span><\/span><span style=\"font-variant: normal;\"><span style=\"letter-spacing: normal;\"><span style=\"font-style: normal;\"><b>spos\u00f3b<br \/>\nna duchowe owocowanie. <\/b><\/span><\/span><\/span><span style=\"font-variant: normal;\"><span style=\"letter-spacing: normal;\"><span style=\"font-style: normal;\"><span style=\"font-weight: normal;\">Dzisiejsza<br \/>\nnasza Patronka proponuje nam tak\u0105<\/span><\/span><\/span><\/span><span style=\"font-variant: normal;\"><span style=\"letter-spacing: normal;\"><span style=\"font-style: normal;\"><span style=\"font-weight: normal;\"><br \/>\nrecept<\/span><\/span><\/span><\/span><span style=\"font-variant: normal;\"><span style=\"letter-spacing: normal;\"><span style=\"font-style: normal;\"><span style=\"font-weight: normal;\">\u0119<\/span><\/span><\/span><\/span><span style=\"font-variant: normal;\"><span style=\"letter-spacing: normal;\"><span style=\"font-style: normal;\"><span style=\"font-weight: normal;\">:<\/span><\/span><\/span><\/span><\/span><\/span><\/span><\/div>\n<div align=\"justify\" style=\"line-height: 150%; margin-bottom: 0cm; text-indent: 1.3cm;\">\n<span style=\"color: black; font-size: x-large;\"><span style=\"font-variant: normal;\"><span style=\"letter-spacing: normal;\">\u201e<\/span><\/span><span style=\"font-family: Book Antiqua, serif;\"><span style=\"font-variant: normal;\"><span style=\"letter-spacing: normal;\"><span style=\"font-style: normal;\"><b>Podaj\u0119<br \/>\nwam tu rodzaj apostolstwa,<\/b><\/span><\/span><\/span><span style=\"font-variant: normal;\"><span style=\"letter-spacing: normal;\"><span style=\"font-style: normal;\"><span style=\"font-weight: normal;\"><br \/>\nkt\u00f3re nie domaga si\u0119 od was ci\u0119\u017ckiej pracy, wielkich umartwie\u0144 i<br \/>\ntrud\u00f3w, ale kt\u00f3re szczeg\u00f3lnie dzi\u015b, w naszych czasach, bardzo<br \/>\njest po\u017c\u0105dane, potrzebne i skuteczne, mianowicie <\/span><\/span><\/span><\/span><span style=\"font-variant: normal;\"><span style=\"letter-spacing: normal;\"><span style=\"font-style: normal;\"><b>apostolstwo<br \/>\nu\u015bmiechu.<\/b><\/span><\/span><\/span><\/span><\/span><\/div>\n<div align=\"justify\" style=\"line-height: 150%; margin-bottom: 0cm; text-indent: 1.3cm;\">\n<span style=\"color: black;\"><span style=\"font-family: Book Antiqua, serif;\"><span style=\"font-size: x-large;\"><span style=\"font-variant: normal;\"><span style=\"letter-spacing: normal;\"><span style=\"font-style: normal;\"><span style=\"font-weight: normal;\">U\u015bmiech<br \/>\nrozprasza chmury nagromadzone w duszy. <\/span><\/span><\/span><\/span><span style=\"font-variant: normal;\"><span style=\"letter-spacing: normal;\"><span style=\"font-style: normal;\"><b>U\u015bmiech<br \/>\nna twarzy pogodnej m\u00f3wi o szcz\u0119\u015bciu wewn\u0119trznym duszy z\u0142\u0105czonej<br \/>\nz Bogiem,<\/b><\/span><\/span><\/span><span style=\"font-variant: normal;\"><span style=\"letter-spacing: normal;\"><span style=\"font-style: normal;\"><span style=\"font-weight: normal;\"><br \/>\nm\u00f3wi o pokoju czystego sumienia, o beztroskim oddaniu si\u0119 w r\u0119ce<br \/>\nOjca niebieskiego, kt\u00f3ry karmi ptaki niebieskie, przyodziewa lilie<br \/>\npolne i nigdy nie zapomina o tych, co Jemu bez granic ufaj\u0105. <\/span><\/span><\/span><\/span><span style=\"font-variant: normal;\"><span style=\"letter-spacing: normal;\"><span style=\"font-style: normal;\"><b>U\u015bmiech<br \/>\nna twej twarzy pozwala zbli\u017cy\u0107 si\u0119 bez obawy do ciebie,<\/b><\/span><\/span><\/span><span style=\"font-variant: normal;\"><span style=\"letter-spacing: normal;\"><span style=\"font-style: normal;\"><span style=\"font-weight: normal;\"><br \/>\nby ci\u0119 o co\u015b poprosi\u0107, o co\u015b zapyta\u0107 \u2013 <\/span><\/span><\/span><\/span><span style=\"font-variant: normal;\"><span style=\"letter-spacing: normal;\"><span style=\"font-style: normal;\"><b>bo<br \/>\ntw\u00f3j u\u015bmiech ju\u017c z g\u00f3ry obiecuje ch\u0119tne spe\u0142nienie pro\u015bby.<\/b><\/span><\/span><\/span><span style=\"font-variant: normal;\"><span style=\"letter-spacing: normal;\"><span style=\"font-style: normal;\"><span style=\"font-weight: normal;\"><br \/>\nNieraz u\u015bmiech tw\u00f3j wla\u0107 mo\u017ce do duszy zniech\u0119conej <\/span><\/span><\/span><\/span><span style=\"font-variant: normal;\"><span style=\"letter-spacing: normal;\"><span style=\"font-style: normal;\"><b>jakby<br \/>\nnowe \u017cycie, nadziej\u0119, <\/b><\/span><\/span><\/span><span style=\"font-variant: normal;\"><span style=\"letter-spacing: normal;\"><span style=\"font-style: normal;\"><span style=\"font-weight: normal;\">\u017ce<br \/>\nnastan\u0105 lepsze czasy, \u017ce nie wszystko stracone, <\/span><\/span><\/span><\/span><span style=\"font-variant: normal;\"><span style=\"letter-spacing: normal;\"><span style=\"font-style: normal;\"><b>\u017ce<br \/>\nB\u00f3g czuwa.<\/b><\/span><\/span><\/span><span style=\"font-variant: normal;\"><span style=\"letter-spacing: normal;\"><span style=\"font-style: normal;\"><span style=\"font-weight: normal;\"><br \/>\nU\u015bmiech jest nieraz t\u0105 gwiazd\u0105, co b\u0142yszczy wysoko i wskazuje, \u017ce<br \/>\n<\/span><\/span><\/span><\/span><span style=\"font-variant: normal;\"><span style=\"letter-spacing: normal;\"><span style=\"font-style: normal;\"><b>tam<br \/>\nna g\u00f3rze bije serce Ojcowskie, <\/b><\/span><\/span><\/span><span style=\"font-variant: normal;\"><span style=\"letter-spacing: normal;\"><span style=\"font-style: normal;\"><span style=\"font-weight: normal;\">kt\u00f3re<br \/>\nzawsze gotowe jest zlitowa\u0107 si\u0119 nad n\u0119dz\u0105 ludzk\u0105.<\/span><\/span><\/span><\/span><\/span><\/span><\/span><\/div>\n<div align=\"justify\" style=\"line-height: 150%; margin-bottom: 0cm; text-indent: 1.3cm;\">\n<span style=\"color: black;\"><span style=\"font-family: Book Antiqua, serif;\"><span style=\"font-size: x-large;\"><span style=\"font-variant: normal;\"><span style=\"letter-spacing: normal;\"><span style=\"font-style: normal;\"><span style=\"font-weight: normal;\">Ci\u0119\u017ckie<br \/>\ndzi\u015b \u017cycie, pe\u0142ne goryczy, i B\u00f3g sam zarezerwowa\u0142 sobie prawo<br \/>\nu\u015bwi\u0119cania ludzi przez krzy\u017c. Nam zostawi\u0142 zadanie <\/span><\/span><\/span><\/span><span style=\"font-variant: normal;\"><span style=\"letter-spacing: normal;\"><span style=\"font-style: normal;\"><b>pomaga\u0107<br \/>\ninnym<\/b><\/span><\/span><\/span><span style=\"font-variant: normal;\"><span style=\"letter-spacing: normal;\"><span style=\"font-style: normal;\"><span style=\"font-weight: normal;\"><br \/>\nw bolesnej w\u0119dr\u00f3wce po drodze krzy\u017cowej przez <\/span><\/span><\/span><\/span><span style=\"font-variant: normal;\"><span style=\"letter-spacing: normal;\"><span style=\"font-style: normal;\"><b>rozsiewanie<br \/>\nwoko\u0142o ma\u0142ych promyk\u00f3w szcz\u0119\u015bcia i rado\u015bci. <\/b><\/span><\/span><\/span><span style=\"font-variant: normal;\"><span style=\"letter-spacing: normal;\"><span style=\"font-style: normal;\"><span style=\"font-weight: normal;\">Mo\u017cemy<br \/>\nto czyni\u0107 cz\u0119sto, bardzo cz\u0119sto, darz\u0105c ludzi u\u015bmiechem mi\u0142o\u015bci<br \/>\ni dobroci, tym u\u015bmiechem, kt\u00f3ry m\u00f3wi o mi\u0142o\u015bci i dobroci Bo\u017cej.<\/span><\/span><\/span><\/span><\/span><\/span><\/span><\/div>\n<div align=\"justify\" style=\"background: transparent; font-variant: normal; letter-spacing: normal; line-height: 150%; margin-bottom: 0cm; text-indent: 1.3cm;\">\n<span style=\"color: black;\"><span style=\"font-family: Book Antiqua, serif;\"><span style=\"font-size: x-large;\"><b><span style=\"font-style: normal;\">Mie\u0107<br \/>\nsta\u0142y u\u015bmiech na twarzy, zawsze<\/span><\/b><span style=\"font-style: normal;\"><span style=\"font-weight: normal;\"><br \/>\n\u2013 gdy s\u0142o\u0144ce \u015bwieci albo deszcz pada, w zdrowiu lub w chorobie,<br \/>\nw powodzeniu albo gdy wszystko idzie na opak \u2013 <\/span><\/span><b><span style=\"font-style: normal;\">o<br \/>\nto nie\u0142atwo! <\/span><\/b><span style=\"font-style: normal;\"><span style=\"font-weight: normal;\">U\u015bmiech<br \/>\nten \u015bwiadczy, \u017ce dusza twa czerpie w Sercu Bo\u017cym t\u0119 ci\u0105g\u0142\u0105<br \/>\npogod\u0119 duszy, \u017ce <\/span><\/span><b><span style=\"font-style: normal;\">umiesz<br \/>\nzapomnie\u0107 o sobie,<\/span><\/b><span style=\"font-style: normal;\"><span style=\"font-weight: normal;\"><br \/>\npragn\u0105c by\u0107 dla innych promykiem szcz\u0119\u015bcia.\u201d Tyle \u015awi\u0119ta<br \/>\nUrszula.<\/span><\/span><\/span><\/span><\/span><\/div>\n<div align=\"justify\" style=\"background: transparent; font-variant: normal; letter-spacing: normal; line-height: 150%; margin-bottom: 0cm; text-indent: 1.3cm;\">\n<span style=\"color: black;\"><span style=\"font-family: Book Antiqua, serif;\"><span style=\"font-size: x-large;\"><span style=\"font-style: normal;\"><span style=\"font-weight: normal;\">A<br \/>\n<\/span><\/span><span style=\"font-style: normal;\"><span style=\"font-weight: normal;\">my,<br \/>\nwpatrzeni w przyk\u0142ad jej <\/span><\/span><b><span style=\"font-style: normal;\">sumiennej,<br \/>\nkonkretnej s\u0142u\u017cby,<\/span><\/b><span style=\"font-style: normal;\"><span style=\"font-weight: normal;\"><br \/>\nb\u0119d\u0105cej odpowiedzi\u0105 na <\/span><\/span><b><span style=\"font-style: normal;\">konkretne<br \/>\nwezwania<\/span><\/b><span style=\"font-style: normal;\"><span style=\"font-weight: normal;\"><br \/>\nbardzo <\/span><\/span><b><span style=\"font-style: normal;\">konkretnego<\/span><\/b><span style=\"font-style: normal;\"><span style=\"font-weight: normal;\"><br \/>\nw swych dzia\u0142aniach Jezusa, zastan\u00f3wmy si\u0119 raz jeszcze:<\/span><\/span><span style=\"font-style: normal;\"><span style=\"font-weight: normal;\"><br \/>\n<\/span><\/span><span style=\"font-style: normal;\"><span style=\"font-weight: normal;\">J<\/span><\/span><span style=\"font-style: normal;\"><span style=\"font-weight: normal;\">ak<br \/>\n<\/span><\/span><span style=\"font-style: normal;\"><span style=\"font-weight: normal;\">zamierzam<br \/>\n<\/span><\/span><span style=\"font-style: normal;\"><span style=\"font-weight: normal;\">kszta\u0142towa\u0107<br \/>\nmoje relacje z Jezusem: pos\u0142ucha<\/span><\/span><span style=\"font-style: normal;\"><span style=\"font-weight: normal;\">\u0107<\/span><\/span><span style=\"font-style: normal;\"><span style=\"font-weight: normal;\"><br \/>\nGo <\/span><\/span><i><b>innym razem<\/b><\/i><span style=\"font-style: normal;\"><span style=\"font-weight: normal;\"><br \/>\n\u2013 czy jednak ju\u017c dzisiaj, ju\u017c teraz?\u2026 <\/span><\/span><span style=\"font-style: normal;\"><span style=\"font-weight: normal;\">I<br \/>\nw czym si\u0119 to konkretnie wyrazi?\u2026<\/span><\/span><\/span><\/span><\/span><\/div>\n","protected":false},"excerpt":{"rendered":"<p>Szcz\u0119\u015b\u0107 Bo\u017ce! Moi Drodzy, w dniu dzisiejszym urodziny prze\u017cywa \u0141ukasz Sulowski, bardzo mi \u017cyczliwy i bliski Cz\u0142owiek z Lublina, M\u0105\u017c \u017bani, a Ojciec Cypriana. Imieniny natomiast prze\u017cywaj\u0105: Magda Malinowska, nale\u017c\u0105ca w swoim czasie do jednej z m\u0142odzie\u017cowych Wsp\u00f3lnot, oraz Magdalena Fabisiak, tak\u017ce mieszkaj\u0105ca w Lublinie, \u017bona Krzysztofa, Moderatora naszego bloga. Wszystkim \u015bwi\u0119tuj\u0105cym \u017cycz\u0119, aby B\u00f3g, [&hellip;]<\/p>\n","protected":false},"author":1,"featured_media":0,"comment_status":"open","ping_status":"open","sticky":false,"template":"","format":"standard","meta":{"jetpack_post_was_ever_published":false,"_jetpack_newsletter_access":"","_jetpack_dont_email_post_to_subs":false,"_jetpack_newsletter_tier_id":0,"_jetpack_memberships_contains_paywalled_content":false,"_jetpack_memberships_contains_paid_content":false,"footnotes":""},"categories":[1],"tags":[],"class_list":["post-14587","post","type-post","status-publish","format-standard","hentry","category-bez-kategorii"],"yoast_head":"<!-- This site is optimized with the Yoast SEO plugin v25.1 - https:\/\/yoast.com\/wordpress\/plugins\/seo\/ -->\n<title>B\u00f3g znany - czy nieznany?... - Gaudium Et Spes<\/title>\n<meta name=\"robots\" content=\"index, follow, max-snippet:-1, max-image-preview:large, max-video-preview:-1\" \/>\n<link rel=\"canonical\" href=\"https:\/\/gaudiumetspes-blog.pl\/index.php\/2019\/05\/29\/bog-znany-czy-nieznany\/\" \/>\n<meta property=\"og:locale\" content=\"pl_PL\" \/>\n<meta property=\"og:type\" content=\"article\" \/>\n<meta property=\"og:title\" content=\"B\u00f3g znany - czy nieznany?... - Gaudium Et Spes\" \/>\n<meta property=\"og:description\" content=\"Szcz\u0119\u015b\u0107 Bo\u017ce! Moi Drodzy, w dniu dzisiejszym urodziny prze\u017cywa \u0141ukasz Sulowski, bardzo mi \u017cyczliwy i bliski Cz\u0142owiek z Lublina, M\u0105\u017c \u017bani, a Ojciec Cypriana. Imieniny natomiast prze\u017cywaj\u0105: Magda Malinowska, nale\u017c\u0105ca w swoim czasie do jednej z m\u0142odzie\u017cowych Wsp\u00f3lnot, oraz Magdalena Fabisiak, tak\u017ce mieszkaj\u0105ca w Lublinie, \u017bona Krzysztofa, Moderatora naszego bloga. Wszystkim \u015bwi\u0119tuj\u0105cym \u017cycz\u0119, aby B\u00f3g, [&hellip;]\" \/>\n<meta property=\"og:url\" content=\"https:\/\/gaudiumetspes-blog.pl\/index.php\/2019\/05\/29\/bog-znany-czy-nieznany\/\" \/>\n<meta property=\"og:site_name\" content=\"Gaudium Et Spes\" \/>\n<meta property=\"article:published_time\" content=\"2019-05-29T04:21:00+00:00\" \/>\n<meta property=\"article:modified_time\" content=\"2019-07-31T11:03:18+00:00\" \/>\n<meta name=\"author\" content=\"Ks. Jacek\" \/>\n<meta name=\"twitter:card\" content=\"summary_large_image\" \/>\n<meta name=\"twitter:label1\" content=\"Napisane przez\" \/>\n\t<meta name=\"twitter:data1\" content=\"Ks. Jacek\" \/>\n\t<meta name=\"twitter:label2\" content=\"Szacowany czas czytania\" \/>\n\t<meta name=\"twitter:data2\" content=\"11 minut\" \/>\n<script type=\"application\/ld+json\" class=\"yoast-schema-graph\">{\"@context\":\"https:\/\/schema.org\",\"@graph\":[{\"@type\":\"WebPage\",\"@id\":\"https:\/\/gaudiumetspes-blog.pl\/index.php\/2019\/05\/29\/bog-znany-czy-nieznany\/\",\"url\":\"https:\/\/gaudiumetspes-blog.pl\/index.php\/2019\/05\/29\/bog-znany-czy-nieznany\/\",\"name\":\"B\u00f3g znany - czy nieznany?... - Gaudium Et Spes\",\"isPartOf\":{\"@id\":\"https:\/\/gaudiumetspes-blog.pl\/#website\"},\"datePublished\":\"2019-05-29T04:21:00+00:00\",\"dateModified\":\"2019-07-31T11:03:18+00:00\",\"author\":{\"@id\":\"https:\/\/gaudiumetspes-blog.pl\/#\/schema\/person\/1661982992b752dea8dff0d4ed845a65\"},\"breadcrumb\":{\"@id\":\"https:\/\/gaudiumetspes-blog.pl\/index.php\/2019\/05\/29\/bog-znany-czy-nieznany\/#breadcrumb\"},\"inLanguage\":\"pl-PL\",\"potentialAction\":[{\"@type\":\"ReadAction\",\"target\":[\"https:\/\/gaudiumetspes-blog.pl\/index.php\/2019\/05\/29\/bog-znany-czy-nieznany\/\"]}]},{\"@type\":\"BreadcrumbList\",\"@id\":\"https:\/\/gaudiumetspes-blog.pl\/index.php\/2019\/05\/29\/bog-znany-czy-nieznany\/#breadcrumb\",\"itemListElement\":[{\"@type\":\"ListItem\",\"position\":1,\"name\":\"Strona g\u0142\u00f3wna\",\"item\":\"https:\/\/gaudiumetspes-blog.pl\/\"},{\"@type\":\"ListItem\",\"position\":2,\"name\":\"B\u00f3g znany &#8211; czy&nbsp;nieznany?&#8230;\"}]},{\"@type\":\"WebSite\",\"@id\":\"https:\/\/gaudiumetspes-blog.pl\/#website\",\"url\":\"https:\/\/gaudiumetspes-blog.pl\/\",\"name\":\"Gaudium Et Spes\",\"description\":\"Blog Ks. Jacka Ja\u015bkowskiego\",\"potentialAction\":[{\"@type\":\"SearchAction\",\"target\":{\"@type\":\"EntryPoint\",\"urlTemplate\":\"https:\/\/gaudiumetspes-blog.pl\/?s={search_term_string}\"},\"query-input\":{\"@type\":\"PropertyValueSpecification\",\"valueRequired\":true,\"valueName\":\"search_term_string\"}}],\"inLanguage\":\"pl-PL\"},{\"@type\":\"Person\",\"@id\":\"https:\/\/gaudiumetspes-blog.pl\/#\/schema\/person\/1661982992b752dea8dff0d4ed845a65\",\"name\":\"Ks. Jacek\",\"image\":{\"@type\":\"ImageObject\",\"inLanguage\":\"pl-PL\",\"@id\":\"https:\/\/gaudiumetspes-blog.pl\/#\/schema\/person\/image\/\",\"url\":\"https:\/\/gaudiumetspes-blog.pl\/wp-content\/uploads\/2019\/07\/avatar-JJ-150x150.jpg\",\"contentUrl\":\"https:\/\/gaudiumetspes-blog.pl\/wp-content\/uploads\/2019\/07\/avatar-JJ-150x150.jpg\",\"caption\":\"Ks. Jacek\"},\"description\":\"Witam serdecznie! K\u0142ania si\u0119 Ks. Jacek Ja\u015bkowski. Nie jestem ani kim\u015b wa\u017cnym, ani kim\u015b znanym. Jestem ksi\u0119dzem, kt\u00f3ry po prostu chce rozmawia\u0107. Codzienna kap\u0142a\u0144ska pos\u0142uga pokazuje mi, \u017ce temat\u00f3w do rozm\u00f3w z ksi\u0119dzem jest coraz wi\u0119cej i dzisiaj \u017caden ksi\u0105dz nie mo\u017ce od nich ucieka\u0107, ale - wprost przeciwnie - podejmowa\u0107 nowe wyzwania. To przekonanie sk\u0142oni\u0142o mnie do pr\u00f3by otwarcia tego\u017c bloga, chocia\u017c okazji do rozm\u00f3w na co dzie\u0144 - w konfesjonale i poza nim - na szcz\u0119\u015bcie nie brakuje. My\u015bl\u0119 jednak, \u017ce ten blog b\u0119dzie jeszcze jednym sposobem i przestrzeni\u0105 nawi\u0105zania kontaktu z lud\u017ami dobrej woli, otwartymi na dialog.\",\"url\":\"https:\/\/gaudiumetspes-blog.pl\/index.php\/author\/ks-jacek\/\"}]}<\/script>\n<!-- \/ Yoast SEO plugin. -->","yoast_head_json":{"title":"B\u00f3g znany - czy nieznany?... - Gaudium Et Spes","robots":{"index":"index","follow":"follow","max-snippet":"max-snippet:-1","max-image-preview":"max-image-preview:large","max-video-preview":"max-video-preview:-1"},"canonical":"https:\/\/gaudiumetspes-blog.pl\/index.php\/2019\/05\/29\/bog-znany-czy-nieznany\/","og_locale":"pl_PL","og_type":"article","og_title":"B\u00f3g znany - czy nieznany?... - Gaudium Et Spes","og_description":"Szcz\u0119\u015b\u0107 Bo\u017ce! Moi Drodzy, w dniu dzisiejszym urodziny prze\u017cywa \u0141ukasz Sulowski, bardzo mi \u017cyczliwy i bliski Cz\u0142owiek z Lublina, M\u0105\u017c \u017bani, a Ojciec Cypriana. Imieniny natomiast prze\u017cywaj\u0105: Magda Malinowska, nale\u017c\u0105ca w swoim czasie do jednej z m\u0142odzie\u017cowych Wsp\u00f3lnot, oraz Magdalena Fabisiak, tak\u017ce mieszkaj\u0105ca w Lublinie, \u017bona Krzysztofa, Moderatora naszego bloga. Wszystkim \u015bwi\u0119tuj\u0105cym \u017cycz\u0119, aby B\u00f3g, [&hellip;]","og_url":"https:\/\/gaudiumetspes-blog.pl\/index.php\/2019\/05\/29\/bog-znany-czy-nieznany\/","og_site_name":"Gaudium Et Spes","article_published_time":"2019-05-29T04:21:00+00:00","article_modified_time":"2019-07-31T11:03:18+00:00","author":"Ks. Jacek","twitter_card":"summary_large_image","twitter_misc":{"Napisane przez":"Ks. Jacek","Szacowany czas czytania":"11 minut"},"schema":{"@context":"https:\/\/schema.org","@graph":[{"@type":"WebPage","@id":"https:\/\/gaudiumetspes-blog.pl\/index.php\/2019\/05\/29\/bog-znany-czy-nieznany\/","url":"https:\/\/gaudiumetspes-blog.pl\/index.php\/2019\/05\/29\/bog-znany-czy-nieznany\/","name":"B\u00f3g znany - czy nieznany?... - Gaudium Et Spes","isPartOf":{"@id":"https:\/\/gaudiumetspes-blog.pl\/#website"},"datePublished":"2019-05-29T04:21:00+00:00","dateModified":"2019-07-31T11:03:18+00:00","author":{"@id":"https:\/\/gaudiumetspes-blog.pl\/#\/schema\/person\/1661982992b752dea8dff0d4ed845a65"},"breadcrumb":{"@id":"https:\/\/gaudiumetspes-blog.pl\/index.php\/2019\/05\/29\/bog-znany-czy-nieznany\/#breadcrumb"},"inLanguage":"pl-PL","potentialAction":[{"@type":"ReadAction","target":["https:\/\/gaudiumetspes-blog.pl\/index.php\/2019\/05\/29\/bog-znany-czy-nieznany\/"]}]},{"@type":"BreadcrumbList","@id":"https:\/\/gaudiumetspes-blog.pl\/index.php\/2019\/05\/29\/bog-znany-czy-nieznany\/#breadcrumb","itemListElement":[{"@type":"ListItem","position":1,"name":"Strona g\u0142\u00f3wna","item":"https:\/\/gaudiumetspes-blog.pl\/"},{"@type":"ListItem","position":2,"name":"B\u00f3g znany &#8211; czy&nbsp;nieznany?&#8230;"}]},{"@type":"WebSite","@id":"https:\/\/gaudiumetspes-blog.pl\/#website","url":"https:\/\/gaudiumetspes-blog.pl\/","name":"Gaudium Et Spes","description":"Blog Ks. Jacka Ja\u015bkowskiego","potentialAction":[{"@type":"SearchAction","target":{"@type":"EntryPoint","urlTemplate":"https:\/\/gaudiumetspes-blog.pl\/?s={search_term_string}"},"query-input":{"@type":"PropertyValueSpecification","valueRequired":true,"valueName":"search_term_string"}}],"inLanguage":"pl-PL"},{"@type":"Person","@id":"https:\/\/gaudiumetspes-blog.pl\/#\/schema\/person\/1661982992b752dea8dff0d4ed845a65","name":"Ks. Jacek","image":{"@type":"ImageObject","inLanguage":"pl-PL","@id":"https:\/\/gaudiumetspes-blog.pl\/#\/schema\/person\/image\/","url":"https:\/\/gaudiumetspes-blog.pl\/wp-content\/uploads\/2019\/07\/avatar-JJ-150x150.jpg","contentUrl":"https:\/\/gaudiumetspes-blog.pl\/wp-content\/uploads\/2019\/07\/avatar-JJ-150x150.jpg","caption":"Ks. Jacek"},"description":"Witam serdecznie! K\u0142ania si\u0119 Ks. Jacek Ja\u015bkowski. Nie jestem ani kim\u015b wa\u017cnym, ani kim\u015b znanym. Jestem ksi\u0119dzem, kt\u00f3ry po prostu chce rozmawia\u0107. Codzienna kap\u0142a\u0144ska pos\u0142uga pokazuje mi, \u017ce temat\u00f3w do rozm\u00f3w z ksi\u0119dzem jest coraz wi\u0119cej i dzisiaj \u017caden ksi\u0105dz nie mo\u017ce od nich ucieka\u0107, ale - wprost przeciwnie - podejmowa\u0107 nowe wyzwania. To przekonanie sk\u0142oni\u0142o mnie do pr\u00f3by otwarcia tego\u017c bloga, chocia\u017c okazji do rozm\u00f3w na co dzie\u0144 - w konfesjonale i poza nim - na szcz\u0119\u015bcie nie brakuje. My\u015bl\u0119 jednak, \u017ce ten blog b\u0119dzie jeszcze jednym sposobem i przestrzeni\u0105 nawi\u0105zania kontaktu z lud\u017ami dobrej woli, otwartymi na dialog.","url":"https:\/\/gaudiumetspes-blog.pl\/index.php\/author\/ks-jacek\/"}]}},"jetpack_featured_media_url":"","jetpack_sharing_enabled":true,"_links":{"self":[{"href":"https:\/\/gaudiumetspes-blog.pl\/index.php\/wp-json\/wp\/v2\/posts\/14587","targetHints":{"allow":["GET"]}}],"collection":[{"href":"https:\/\/gaudiumetspes-blog.pl\/index.php\/wp-json\/wp\/v2\/posts"}],"about":[{"href":"https:\/\/gaudiumetspes-blog.pl\/index.php\/wp-json\/wp\/v2\/types\/post"}],"author":[{"embeddable":true,"href":"https:\/\/gaudiumetspes-blog.pl\/index.php\/wp-json\/wp\/v2\/users\/1"}],"replies":[{"embeddable":true,"href":"https:\/\/gaudiumetspes-blog.pl\/index.php\/wp-json\/wp\/v2\/comments?post=14587"}],"version-history":[{"count":1,"href":"https:\/\/gaudiumetspes-blog.pl\/index.php\/wp-json\/wp\/v2\/posts\/14587\/revisions"}],"predecessor-version":[{"id":15267,"href":"https:\/\/gaudiumetspes-blog.pl\/index.php\/wp-json\/wp\/v2\/posts\/14587\/revisions\/15267"}],"wp:attachment":[{"href":"https:\/\/gaudiumetspes-blog.pl\/index.php\/wp-json\/wp\/v2\/media?parent=14587"}],"wp:term":[{"taxonomy":"category","embeddable":true,"href":"https:\/\/gaudiumetspes-blog.pl\/index.php\/wp-json\/wp\/v2\/categories?post=14587"},{"taxonomy":"post_tag","embeddable":true,"href":"https:\/\/gaudiumetspes-blog.pl\/index.php\/wp-json\/wp\/v2\/tags?post=14587"}],"curies":[{"name":"wp","href":"https:\/\/api.w.org\/{rel}","templated":true}]}}