{"id":14588,"date":"2019-05-28T04:53:00","date_gmt":"2019-05-28T02:53:00","guid":{"rendered":"https:\/\/gaudiumetspes-blog.pl\/index.php\/2019\/05\/28\/kajdany-z-hukiem-opadajace\/"},"modified":"2019-07-31T13:03:18","modified_gmt":"2019-07-31T11:03:18","slug":"kajdany-z-hukiem-opadajace","status":"publish","type":"post","link":"https:\/\/gaudiumetspes-blog.pl\/index.php\/2019\/05\/28\/kajdany-z-hukiem-opadajace\/","title":{"rendered":"Kajdany z hukiem opadaj\u0105ce!"},"content":{"rendered":"<p><\/p>\n<div align=\"justify\" style=\"font-weight: normal; line-height: 150%; margin-bottom: 0cm;\">\n<span style=\"font-size: x-large;\"><span style=\"color: black;\"><span style=\"font-family: Book Antiqua, serif;\">Szcz\u0119\u015b\u0107<br \/>\nBo\u017ce! Moi Drodzy, dzisiaj 38. rocznica \u015bmierci Stefana Kardyna\u0142a<br \/>\nWyszy\u0144skiego, wielkiego Prymasa Tysi\u0105clecia, Ojca Ojczyzny,<br \/>\nniekoronowanego Kr\u00f3la Polski, wielkiego duchowego Przewodnika<br \/>\nKo\u015bcio\u0142a w Polsce, a jednocze\u015bnie \u2013 niekwestionowanego<br \/>\nAutorytetu, kt\u00f3rego dzisiaj tak bardzo nam brakuje i tak bardzo<br \/>\npotrzeba. M\u00f3dlmy si\u0119 o Jego rych\u0142\u0105 Beatyfikacj\u0119! Ale te\u017c \u2013<br \/>\nprzez Jego wstawiennictwo \u2013 m\u00f3dlmy si\u0119 za nasz\u0105 Ojczyzn\u0119\u2026 <\/span><\/span><br \/>\n<\/span><\/div>\n<div align=\"center\" style=\"font-weight: normal; line-height: 150%; margin-bottom: 0cm;\">\n<span style=\"color: black;\"><span style=\"font-family: Book Antiqua, serif;\"><span style=\"font-size: x-large;\">Gaudium<br \/>\net spes!  Ks. Jacek<\/span><\/span><\/span><\/div>\n<div align=\"justify\" style=\"line-height: 150%; margin-bottom: 0cm;\">\n<span style=\"font-size: x-large;\"><\/p>\n<p><\/span><\/div>\n<div align=\"justify\" style=\"line-height: 150%; margin-bottom: 0cm;\">\n<span style=\"color: black;\"><span style=\"font-family: Book Antiqua, serif;\"><span style=\"font-size: x-large;\"><b>Wtorek<br \/>\n6 Tygodnia Wielkanocy,<\/b><\/span><\/span><\/span><\/div>\n<div align=\"justify\" style=\"line-height: 150%; margin-bottom: 0cm;\">\n<span style=\"color: black;\"><span style=\"font-family: Book Antiqua, serif;\"><span style=\"font-size: x-large;\"><b>do<br \/>\nczyta\u0144:  Dz 16,22\u201334;  J 16,5\u201311<\/b><\/span><\/span><\/span><\/div>\n<div align=\"justify\" style=\"line-height: 150%; margin-bottom: 0cm;\">\n<span style=\"font-size: x-large;\"><\/p>\n<p><\/span><\/div>\n<div align=\"justify\" style=\"font-style: normal; font-variant: normal; letter-spacing: normal; line-height: 150%; margin-bottom: 0cm; page-break-before: auto;\">\n<span style=\"font-size: x-large;\"><span style=\"color: black;\"><span style=\"font-family: Book Antiqua, serif;\"><b>CZYTANIE<br \/>\nZ DZIEJ\u00d3W APOSTOLSKICH: <\/b><\/span><\/span><br \/>\n<\/span><\/div>\n<div align=\"justify\" style=\"font-style: normal; font-variant: normal; letter-spacing: normal; line-height: 150%; margin-bottom: 0cm; page-break-before: auto; text-indent: 1.3cm;\">\n<span style=\"font-size: x-large;\"><span style=\"color: black;\"><span style=\"font-family: Book Antiqua, serif;\"><b>T\u0142um<br \/>\nFilipian zwr\u00f3ci\u0142 si\u0119 przeciwko Paw\u0142owi i Sylasowi, a pretorzy<br \/>\nkazali zedrze\u0107 z nich szaty i siec ich r\u00f3zgami. Po wymierzeniu<br \/>\nwielu raz\u00f3w wtr\u0105cili ich do wi\u0119zienia, przykazuj\u0105c stra\u017cnikowi,<br \/>\naby ich dobrze pilnowa\u0142. Otrzymawszy taki rozkaz, wtr\u0105ci\u0142 ich do<br \/>\nwewn\u0119trznego lochu i dla bezpiecze\u0144stwa zaku\u0142 im nogi w dyby. <\/b><\/span><\/span><br \/>\n<\/span><\/div>\n<div align=\"justify\" style=\"font-style: normal; font-variant: normal; letter-spacing: normal; line-height: 150%; margin-bottom: 0cm; text-indent: 1.3cm;\">\n<span style=\"font-size: x-large;\"><span style=\"color: black;\"><span style=\"font-family: Book Antiqua, serif;\"><b>O<br \/>\np\u00f3\u0142nocy Pawe\u0142 i Sylas modlili si\u0119 \u015bpiewaj\u0105c hymny Bogu. A<br \/>\nwi\u0119\u017aniowie im si\u0119 przys\u0142uchiwali. Nagle powsta\u0142o silne<br \/>\ntrz\u0119sienie ziemi, tak \u017ce zachwia\u0142y si\u0119 fundamenty wi\u0119zienia.<br \/>\nNatychmiast otwar\u0142y si\u0119 wszystkie drzwi i ze wszystkich opad\u0142y<br \/>\nkajdany. Gdy stra\u017cnik zerwa\u0142 si\u0119 ze snu i zobaczy\u0142 drzwi<br \/>\nwi\u0119zienia otwarte, doby\u0142 miecza i chcia\u0142 si\u0119 zabi\u0107, s\u0105dz\u0105c, \u017ce<br \/>\nwi\u0119\u017aniowie uciekli. \u201eNie czy\u0144 sobie nic z\u0142ego, bo jeste\u015bmy tu<br \/>\nwszyscy!\u201d \u2013 krzykn\u0105\u0142 Pawe\u0142 na ca\u0142y g\u0142os. <\/b><\/span><\/span><br \/>\n<\/span><\/div>\n<div align=\"justify\" style=\"font-style: normal; font-variant: normal; letter-spacing: normal; line-height: 150%; margin-bottom: 0cm; text-indent: 1.3cm;\">\n<span style=\"font-size: x-large;\"><span style=\"color: black;\"><span style=\"font-family: Book Antiqua, serif;\"><b>Wtedy<br \/>\ntamten za\u017c\u0105da\u0142 \u015bwiat\u0142a, wskoczy\u0142 do lochu i przypad\u0142 dr\u017c\u0105cy<br \/>\ndo st\u00f3p Paw\u0142a i Sylasa. A wyprowadziwszy ich na zewn\u0105trz rzek\u0142:<br \/>\n\u201ePanowie, co mam czyni\u0107, aby si\u0119 zbawi\u0107?\u201d Odpowiedzieli mu:<br \/>\n\u201eUwierz w Pana Jezusa, a zbawisz siebie i dom sw\u00f3j\u201d. <\/b><\/span><\/span><br \/>\n<\/span><\/div>\n<div align=\"justify\" style=\"font-style: normal; font-variant: normal; letter-spacing: normal; line-height: 150%; margin-bottom: 0cm; text-indent: 1.3cm;\">\n<span style=\"color: black;\"><span style=\"font-family: Book Antiqua, serif;\"><span style=\"font-size: x-large;\"><b>Opowiedzieli<br \/>\nwi\u0119c nauk\u0119 Pana jemu i wszystkim jego domownikom. Tej samej godziny<br \/>\nw nocy wzi\u0105\u0142 ich z sob\u0105, obmy\u0142 rany i natychmiast przyj\u0105\u0142<br \/>\nchrzest wraz z ca\u0142ym swym domem. Wprowadzi\u0142 ich te\u017c do swego<br \/>\nmieszkania, zastawi\u0142 st\u00f3\u0142 i razem z ca\u0142ym domem cieszy\u0142 si\u0119<br \/>\nbardzo, \u017ce uwierzy\u0142 Bogu.<\/b><\/span><\/span><\/span><\/div>\n<div align=\"justify\" style=\"line-height: 150%; margin-bottom: 0cm;\">\n<span style=\"font-size: x-large;\"><\/p>\n<p><\/span><\/div>\n<div align=\"justify\" style=\"font-style: normal; font-variant: normal; letter-spacing: normal; line-height: 150%; margin-bottom: 0cm;\">\n<span style=\"font-size: x-large;\"><span style=\"color: black;\"><span style=\"font-family: Book Antiqua, serif;\"><b>S\u0141OWA<br \/>\nEWANGELII WED\u0141UG \u015aWI\u0118TEGO JANA: <\/b><\/span><\/span><br \/>\n<\/span><\/div>\n<div align=\"justify\" style=\"font-style: normal; font-variant: normal; letter-spacing: normal; line-height: 150%; margin-bottom: 0cm; page-break-before: auto; text-indent: 1.3cm;\">\n<span style=\"font-size: x-large;\"><span style=\"color: black;\"><span style=\"font-family: Book Antiqua, serif;\"><b>Jezus<br \/>\npowiedzia\u0142 do swoich uczni\u00f3w: \u201eTeraz id\u0119 do Tego, kt\u00f3ry Mnie<br \/>\npos\u0142a\u0142, a nikt z was nie pyta Mnie: \u00abDok\u0105d idziesz?\u00bb Ale<br \/>\nponiewa\u017c to wam powiedzia\u0142em, smutek nape\u0142ni\u0142 wam serce. Jednak\u017ce<br \/>\nm\u00f3wi\u0119 wam prawd\u0119: Po\u017cyteczne jest dla was moje odej\u015bcie. Bo<br \/>\nje\u017celi nie odejd\u0119, Pocieszyciel nie przyjdzie do was. A je\u017celi<br \/>\nodejd\u0119, po\u015bl\u0119 Go do was. <\/b><\/span><\/span><br \/>\n<\/span><\/div>\n<div align=\"justify\" style=\"line-height: 150%; margin-bottom: 0cm; text-indent: 1.3cm;\">\n<span style=\"font-size: x-large;\"><span style=\"color: black;\"><span style=\"font-family: Book Antiqua, serif;\"><b><span style=\"font-variant: normal;\"><span style=\"letter-spacing: normal;\"><span style=\"font-style: normal;\">On<br \/>\nza\u015b gdy przyjdzie, przekona \u015bwiat o grzechu, o sprawiedliwo\u015bci i o<br \/>\ns\u0105dzie. O grzechu, bo nie wierz\u0105 we Mnie; o sprawiedliwo\u015bci za\u015b,<br \/>\nbo id\u0119 do Ojca i ju\u017c Mnie nie ujrzycie; wreszcie o s\u0105dzie, bo<br \/>\nw\u0142adca tego \u015bwiata zosta\u0142 os\u0105dzony\u201d.<\/span><\/span><\/span> <\/b><\/span><\/span><br \/>\n<\/span><\/div>\n<div align=\"justify\" style=\"line-height: 150%; margin-bottom: 0cm;\">\n<span style=\"font-size: x-large;\"><\/p>\n<p><\/span><\/div>\n<div align=\"justify\" style=\"font-style: normal; font-variant: normal; font-weight: normal; letter-spacing: normal; line-height: 150%; margin-bottom: 0cm; page-break-before: auto; text-indent: 1.3cm;\">\n<span style=\"font-size: x-large;\"><span style=\"color: black;\"><span style=\"font-family: Book Antiqua, serif;\">Mo\u017ce<br \/>\npo to Aposto\u0142owie zostali najpierw tak <b>bezlito\u015bnie ubiczowani,<\/b><br \/>\na potem wtr\u0105ceni <b>do wewn\u0119trznego lochu<\/b> i jeszcze dodatkowo \u2013<br \/>\nrzekomo dla bezpiecze\u0144stwa (co by to nie mia\u0142o znaczy\u0107) \u2013 zakuci<br \/>\nw tym\u017ce lochu <b>w kajdany,<\/b> aby tym wi\u0119ksz\u0105 mog\u0142a okaza\u0107 si\u0119<br \/>\n<b>moc Jezusa, kt\u00f3ry w cudowny spos\u00f3b<\/b> ich z tego wi\u0119zienia<br \/>\nuwolni\u0142. Im bardziej bowiem prze\u015bladowcy chcieli wywrze\u0107 na nich<br \/>\npresj\u0119 i ich pogn\u0119bi\u0107, <b>tym wi\u0119ksze okaza\u0142o si\u0119 zwyci\u0119stwo<\/b><br \/>\nich Pana i Mocodawcy, Jezusa Chrystusa, dla kt\u00f3rego te wszystkie,<br \/>\nnawet zwielokrotnione, zewn\u0119trzne zabezpieczenia, okaza\u0142y si\u0119 po<br \/>\nprostu niczym. <\/span><\/span><br \/>\n<\/span><\/div>\n<div align=\"justify\" style=\"font-style: normal; font-variant: normal; font-weight: normal; letter-spacing: normal; line-height: 150%; margin-bottom: 0cm; text-indent: 1.3cm;\">\n<span style=\"font-size: x-large;\"><span style=\"color: black;\"><span style=\"font-family: Book Antiqua, serif;\">Wszak<br \/>\nus\u0142yszeli\u015bmy dzisiaj, \u017ce <i><b>o p\u00f3\u0142nocy Pawe\u0142 i Sylas modlili<br \/>\nsi\u0119 \u015bpiewaj\u0105c hymny Bogu. A wi\u0119\u017aniowie im si\u0119 przys\u0142uchiwali.<br \/>\nNagle powsta\u0142o silne trz\u0119sienie ziemi, tak \u017ce zachwia\u0142y si\u0119<br \/>\nfundamenty wi\u0119zienia. Natychmiast otwar\u0142y si\u0119 wszystkie drzwi i ze<br \/>\nwszystkich opad\u0142y kajdany.<\/b><\/i> I na c\u00f3\u017c te wszystkie<br \/>\nzabezpieczenia? Na c\u00f3\u017c te wszystkie \u015brodki przesadnej ostro\u017cno\u015bci?<br \/>\nAposto\u0142owie zostali uwolnieni, wi\u0119zienie zosta\u0142o otwarte. <\/span><\/span><br \/>\n<\/span><\/div>\n<div align=\"justify\" style=\"font-style: normal; font-variant: normal; font-weight: normal; letter-spacing: normal; line-height: 150%; margin-bottom: 0cm; text-indent: 1.3cm;\">\n<span style=\"font-size: x-large;\"><span style=\"color: black;\"><span style=\"font-family: Book Antiqua, serif;\">Jednak<br \/>\no wiele mocniejszym znakiem by\u0142o <b>otwarcie innego wi\u0119zienia,<\/b><br \/>\nkt\u00f3re tak\u017ce w tym momencie si\u0119 dokona\u0142o. O jakim wi\u0119zieniu<br \/>\nm\u00f3wimy? O jakich kajdanach? Oczywi\u015bcie, <b>o tych duchowych,<\/b><br \/>\nkt\u00f3re zniewala\u0142y stra\u017cnika wi\u0119zienia. Zobaczmy, one wszystkie \u2013<b><br \/>\nw tym jednym momencie! <\/b>\u2013 tak samo z niego opad\u0142y, jak z n\u00f3g i<br \/>\nr\u0105k Aposto\u0142\u00f3w opad\u0142y kajdany widzialne. Us\u0142yszeli\u015bmy przed<br \/>\nchwil\u0105, \u017ce stra\u017cnik wi\u0119zienia, widz\u0105c, co si\u0119 sta\u0142o \u2013<br \/>\n<i><b>przypad\u0142 dr\u017c\u0105cy do st\u00f3p Paw\u0142a i Sylasa. A wyprowadziwszy<br \/>\nich na zewn\u0105trz rzek\u0142: \u201ePanowie, co mam czyni\u0107, aby si\u0119<br \/>\nzbawi\u0107?\u201d Odpowiedzieli mu: \u201eUwierz w Pana Jezusa, a zbawisz<br \/>\nsiebie i dom sw\u00f3j\u201d.<\/b><\/i><b> <\/b> <\/span><\/span><br \/>\n<\/span><\/div>\n<div align=\"justify\" style=\"font-style: normal; font-variant: normal; font-weight: normal; letter-spacing: normal; line-height: 150%; margin-bottom: 0cm; text-indent: 1.3cm;\">\n<span style=\"font-size: x-large;\"><span style=\"color: black;\"><span style=\"font-family: Book Antiqua, serif;\">A<br \/>\npotem by\u0142o jeszcze pi\u0119kniej i rado\u015bniej, bo natychmiast przyj\u0105\u0142<br \/>\nChrzest \u2013 co koniecznie trzeba tu podkre\u015bli\u0107: <b>wraz z ca\u0142\u0105<br \/>\nswoj\u0105 rodzin\u0105! <\/b>\u2013 a nast\u0119pnie, by dope\u0142ni\u0107 rado\u015bci i<br \/>\nszcz\u0119\u015bcia, jakie go spotka\u0142o, <i><b>wprowadzi\u0142<\/b><\/i><b><br \/>\n<\/b><b>[Aposto\u0142\u00f3w]<\/b><b> <\/b><i><b>do swego mieszkania, zastawi\u0142<br \/>\nst\u00f3\u0142 i razem z ca\u0142ym domem cieszy\u0142 si\u0119 bardzo, \u017ce uwierzy\u0142<br \/>\nBogu.<\/b><\/i> Oto dopiero prawdziwe uwolnienie! <\/span><\/span><br \/>\n<\/span><\/div>\n<div align=\"justify\" style=\"font-style: normal; font-variant: normal; font-weight: normal; letter-spacing: normal; line-height: 150%; margin-bottom: 0cm; text-indent: 1.3cm;\">\n<span style=\"font-size: x-large;\"><span style=\"color: black;\"><span style=\"font-family: Book Antiqua, serif;\">I<br \/>\ntylko mo\u017cemy zastanawia\u0107 si\u0119, <b>kt\u00f3re by\u0142o wi\u0119kszym cudem:<\/b><br \/>\nczy tamto pierwsze \u2013 owszem: spektakularne, mocne i grzmi\u0105ce, bo<br \/>\nprzecie\u017c <i><b>powsta\u0142o silne trz\u0119sienie ziemi, tak \u017ce zachwia\u0142y<br \/>\nsi\u0119 fundamenty wi\u0119zienia<\/b><\/i><b> \u2013 <\/b>czy te\u017c to wewn\u0119trzne,<br \/>\nw g\u0142\u0119bi serca tego cz\u0142owieka, kt\u00f3ry do tej pory nie wierzy\u0142 w<br \/>\nJezusa, a teraz w Niego <b>w jednej chwili uwierzy\u0142<\/b> i ca\u0142kowicie<br \/>\nzmieni\u0142 kierunek swego \u017cycia. To dopiero by\u0142o trz\u0119sienie ziemi,<br \/>\nczyli serca tego cz\u0142owieka; to dopiero by\u0142o zachwianie si\u0119<br \/>\nfundament\u00f3w ca\u0142ego jego \u017cycia. I to by\u0142 w\u0142a\u015bnie <b>niesamowicie<br \/>\nwielki cud! <\/b>Kt\u00f3ry by\u0142 wi\u0119kszy? <\/span><\/span><br \/>\n<\/span><\/div>\n<div align=\"justify\" style=\"font-style: normal; font-variant: normal; font-weight: normal; letter-spacing: normal; line-height: 150%; margin-bottom: 0cm; text-indent: 1.3cm;\">\n<span style=\"font-size: x-large;\"><span style=\"color: black;\"><span style=\"font-family: Book Antiqua, serif;\">Trudno<br \/>\nocenia\u0107, chocia\u017c oczywi\u015bcie <b>bardziej \u201epotrzebny\u201d by\u0142 ten<br \/>\ndrugi,<\/b> bo zaowocowa\u0142 przemian\u0105 wewn\u0119trzn\u0105 cz\u0142owieka, a<br \/>\nostatecznie \u2013 w co ufamy \u2013 przyczyni\u0142 si\u0119 do jego zbawienia. A<br \/>\ntemu celowi s\u0142u\u017cy\u0142 tak\u017ce pierwszy cud, bo przecie\u017c <b>wszystkie<br \/>\ncuda,<\/b> jakie Jezus i Jego uczniowie uczynili, po to w\u0142a\u015bnie si\u0119<br \/>\ndokona\u0142y, by <b>pom\u00f3c wierz\u0105cym w osi\u0105gni\u0119ciu zbawienia. <\/b><\/span><\/span><br \/>\n<\/span><\/div>\n<div align=\"justify\" style=\"font-style: normal; font-variant: normal; font-weight: normal; letter-spacing: normal; line-height: 150%; margin-bottom: 0cm; text-indent: 1.3cm;\">\n<span style=\"font-size: x-large;\"><span style=\"color: black;\"><span style=\"font-family: Book Antiqua, serif;\">A<br \/>\nwiemy, \u017ce ca\u0142e dobro, jakie od samego pocz\u0105tku, a\u017c do dzi\u015b,<br \/>\ndokonuje si\u0119 w Ko\u015bciele, dokonuje si\u0119 <b>w mocy Ducha \u015awi\u0119tego,<br \/>\n<\/b>kt\u00f3rego Jezus w Ewangelii dzisiaj zapowiedzia\u0142. Odchodz\u0105c w<br \/>\nwidzialnej postaci do Nieba, chcia\u0142 zostawi\u0107 <b>Ko\u015bci\u00f3\u0142 \u201ew<br \/>\ndobrych r\u0119kach\u201d.<\/b> I tak si\u0119 sta\u0142o: Duch \u015awi\u0119ty wci\u0105\u017c go<br \/>\nprowadzi i przekonuje \u015bwiat <i><b>o grzechu, o sprawiedliwo\u015bci i o<br \/>\ns\u0105dzie. <\/b><\/i>O tym, \u017ce <i><b>w\u0142adca tego \u015bwiata zosta\u0142<br \/>\nos\u0105dzony.<\/b><\/i><i> \u201e<\/i>W\u0142adca tego \u015bwiata\u201d \u2013 to w tym<br \/>\nznaczeniu: <b>szatan. <\/b><\/span><\/span><br \/>\n<\/span><\/div>\n<div align=\"justify\" style=\"font-style: normal; font-variant: normal; font-weight: normal; letter-spacing: normal; line-height: 150%; margin-bottom: 0cm; text-indent: 1.3cm;\">\n<span style=\"font-size: x-large;\"><span style=\"color: black;\"><span style=\"font-family: Book Antiqua, serif;\">Mo\u017cna<br \/>\nby rzec, \u017ce to <b>uzurpator, nie w\u0142adca,<\/b> bo on sobie przypisuje<br \/>\nw\u0142adz\u0119 nad \u015bwiatem, a nie j\u0105 faktycznie posiada. Niemniej jednak,<br \/>\ni tak <b>zosta\u0142 pokonany moc\u0105 Zmartwychwstania Pa\u0144skiego.<\/b><br \/>\nTylko \u017ceby ludzie w to uwierzyli \u2013 i ju\u017c wi\u0119cej nie widzieli w<br \/>\nnim rzeczywi\u015bcie \u201ew\u0142adcy tego \u015bwiata\u201d, a <b>uznali nad sob\u0105 w<br \/>\nca\u0142ej pe\u0142ni panowanie Jezusa.<\/b> <\/span><\/span><br \/>\n<\/span><\/div>\n<div align=\"justify\" style=\"font-style: normal; font-variant: normal; font-weight: normal; letter-spacing: normal; line-height: 150%; margin-bottom: 0cm; text-indent: 1.3cm;\">\n<span style=\"font-size: x-large;\"><span style=\"color: black;\"><span style=\"font-family: Book Antiqua, serif;\">By<br \/>\nJezus \u2013 w mocy swego Ducha \u2013 m\u00f3g\u0142 dokonywa\u0107 w ich \u017cyciu<br \/>\n<b>rzeczy wielkich, prawdziwych cud\u00f3w, <\/b>prawdziwego trz\u0119sienia<br \/>\nziemi, by z ka\u017cdego serca jak najszybciej opad\u0142y wszelkie kajdany!<br \/>\nZ wielkim hukiem! <b>Radykalnie i ostatecznie <\/b>\u2013 tak, jak to si\u0119<br \/>\nsta\u0142o w przypadku stra\u017cnika wi\u0119zienia. <\/span><\/span><br \/>\n<\/span><\/div>\n<div align=\"justify\" style=\"font-style: normal; font-variant: normal; font-weight: normal; letter-spacing: normal; line-height: 150%; margin-bottom: 0cm; text-indent: 1.3cm;\">\n<span style=\"color: black;\"><span style=\"font-family: Book Antiqua, serif;\"><span style=\"font-size: x-large;\">Co<br \/>\nosobi\u015bcie robi\u0119 w tym celu, \u017ceby tak si\u0119 sta\u0142o? \u017beby tak si\u0119<br \/>\n<b>ci\u0105gle stawa\u0142o?\u2026<\/b> Czy prosz\u0105c Jezusa o jakie\u015b konkretne,<br \/>\nradykalne, nawet cudowne dzia\u0142anie \u2013 mam na uwadze <b>osi\u0105gni\u0119cie<\/b><br \/>\n<b>zbawienia,<\/b> czy tylko jakiej\u015b dora\u017anej korzy\u015bci, czy<br \/>\nchwilowego zadowolenia? Czy wszystko, co si\u0119 w moim \u017cyciu dzieje,<br \/>\nstaram si\u0119 widzie\u0107 przez pryzmat <b>w\u0142a\u015bnie zbawienia wiecznego?\u2026<\/b><\/span><\/span><\/span><\/div>\n","protected":false},"excerpt":{"rendered":"<p>Szcz\u0119\u015b\u0107 Bo\u017ce! Moi Drodzy, dzisiaj 38. rocznica \u015bmierci Stefana Kardyna\u0142a Wyszy\u0144skiego, wielkiego Prymasa Tysi\u0105clecia, Ojca Ojczyzny, niekoronowanego Kr\u00f3la Polski, wielkiego duchowego Przewodnika Ko\u015bcio\u0142a w Polsce, a jednocze\u015bnie \u2013 niekwestionowanego Autorytetu, kt\u00f3rego dzisiaj tak bardzo nam brakuje i tak bardzo potrzeba. M\u00f3dlmy si\u0119 o Jego rych\u0142\u0105 Beatyfikacj\u0119! Ale te\u017c \u2013 przez Jego wstawiennictwo \u2013 m\u00f3dlmy si\u0119 [&hellip;]<\/p>\n","protected":false},"author":1,"featured_media":0,"comment_status":"open","ping_status":"open","sticky":false,"template":"","format":"standard","meta":{"jetpack_post_was_ever_published":false,"_jetpack_newsletter_access":"","_jetpack_dont_email_post_to_subs":false,"_jetpack_newsletter_tier_id":0,"_jetpack_memberships_contains_paywalled_content":false,"_jetpack_memberships_contains_paid_content":false,"footnotes":""},"categories":[1],"tags":[],"class_list":["post-14588","post","type-post","status-publish","format-standard","hentry","category-bez-kategorii"],"yoast_head":"<!-- This site is optimized with the Yoast SEO plugin v25.1 - https:\/\/yoast.com\/wordpress\/plugins\/seo\/ -->\n<title>Kajdany z hukiem opadaj\u0105ce! - Gaudium Et Spes<\/title>\n<meta name=\"robots\" content=\"index, follow, max-snippet:-1, max-image-preview:large, max-video-preview:-1\" \/>\n<link rel=\"canonical\" href=\"https:\/\/gaudiumetspes-blog.pl\/index.php\/2019\/05\/28\/kajdany-z-hukiem-opadajace\/\" \/>\n<meta property=\"og:locale\" content=\"pl_PL\" \/>\n<meta property=\"og:type\" content=\"article\" \/>\n<meta property=\"og:title\" content=\"Kajdany z hukiem opadaj\u0105ce! - Gaudium Et Spes\" \/>\n<meta property=\"og:description\" content=\"Szcz\u0119\u015b\u0107 Bo\u017ce! Moi Drodzy, dzisiaj 38. rocznica \u015bmierci Stefana Kardyna\u0142a Wyszy\u0144skiego, wielkiego Prymasa Tysi\u0105clecia, Ojca Ojczyzny, niekoronowanego Kr\u00f3la Polski, wielkiego duchowego Przewodnika Ko\u015bcio\u0142a w Polsce, a jednocze\u015bnie \u2013 niekwestionowanego Autorytetu, kt\u00f3rego dzisiaj tak bardzo nam brakuje i tak bardzo potrzeba. M\u00f3dlmy si\u0119 o Jego rych\u0142\u0105 Beatyfikacj\u0119! Ale te\u017c \u2013 przez Jego wstawiennictwo \u2013 m\u00f3dlmy si\u0119 [&hellip;]\" \/>\n<meta property=\"og:url\" content=\"https:\/\/gaudiumetspes-blog.pl\/index.php\/2019\/05\/28\/kajdany-z-hukiem-opadajace\/\" \/>\n<meta property=\"og:site_name\" content=\"Gaudium Et Spes\" \/>\n<meta property=\"article:published_time\" content=\"2019-05-28T02:53:00+00:00\" \/>\n<meta property=\"article:modified_time\" content=\"2019-07-31T11:03:18+00:00\" \/>\n<meta name=\"author\" content=\"Ks. Jacek\" \/>\n<meta name=\"twitter:card\" content=\"summary_large_image\" \/>\n<meta name=\"twitter:label1\" content=\"Napisane przez\" \/>\n\t<meta name=\"twitter:data1\" content=\"Ks. Jacek\" \/>\n\t<meta name=\"twitter:label2\" content=\"Szacowany czas czytania\" \/>\n\t<meta name=\"twitter:data2\" content=\"6 minut\" \/>\n<script type=\"application\/ld+json\" class=\"yoast-schema-graph\">{\"@context\":\"https:\/\/schema.org\",\"@graph\":[{\"@type\":\"WebPage\",\"@id\":\"https:\/\/gaudiumetspes-blog.pl\/index.php\/2019\/05\/28\/kajdany-z-hukiem-opadajace\/\",\"url\":\"https:\/\/gaudiumetspes-blog.pl\/index.php\/2019\/05\/28\/kajdany-z-hukiem-opadajace\/\",\"name\":\"Kajdany z hukiem opadaj\u0105ce! - Gaudium Et Spes\",\"isPartOf\":{\"@id\":\"https:\/\/gaudiumetspes-blog.pl\/#website\"},\"datePublished\":\"2019-05-28T02:53:00+00:00\",\"dateModified\":\"2019-07-31T11:03:18+00:00\",\"author\":{\"@id\":\"https:\/\/gaudiumetspes-blog.pl\/#\/schema\/person\/1661982992b752dea8dff0d4ed845a65\"},\"breadcrumb\":{\"@id\":\"https:\/\/gaudiumetspes-blog.pl\/index.php\/2019\/05\/28\/kajdany-z-hukiem-opadajace\/#breadcrumb\"},\"inLanguage\":\"pl-PL\",\"potentialAction\":[{\"@type\":\"ReadAction\",\"target\":[\"https:\/\/gaudiumetspes-blog.pl\/index.php\/2019\/05\/28\/kajdany-z-hukiem-opadajace\/\"]}]},{\"@type\":\"BreadcrumbList\",\"@id\":\"https:\/\/gaudiumetspes-blog.pl\/index.php\/2019\/05\/28\/kajdany-z-hukiem-opadajace\/#breadcrumb\",\"itemListElement\":[{\"@type\":\"ListItem\",\"position\":1,\"name\":\"Strona g\u0142\u00f3wna\",\"item\":\"https:\/\/gaudiumetspes-blog.pl\/\"},{\"@type\":\"ListItem\",\"position\":2,\"name\":\"Kajdany z&nbsp;hukiem opadaj\u0105ce!\"}]},{\"@type\":\"WebSite\",\"@id\":\"https:\/\/gaudiumetspes-blog.pl\/#website\",\"url\":\"https:\/\/gaudiumetspes-blog.pl\/\",\"name\":\"Gaudium Et Spes\",\"description\":\"Blog Ks. Jacka Ja\u015bkowskiego\",\"potentialAction\":[{\"@type\":\"SearchAction\",\"target\":{\"@type\":\"EntryPoint\",\"urlTemplate\":\"https:\/\/gaudiumetspes-blog.pl\/?s={search_term_string}\"},\"query-input\":{\"@type\":\"PropertyValueSpecification\",\"valueRequired\":true,\"valueName\":\"search_term_string\"}}],\"inLanguage\":\"pl-PL\"},{\"@type\":\"Person\",\"@id\":\"https:\/\/gaudiumetspes-blog.pl\/#\/schema\/person\/1661982992b752dea8dff0d4ed845a65\",\"name\":\"Ks. Jacek\",\"image\":{\"@type\":\"ImageObject\",\"inLanguage\":\"pl-PL\",\"@id\":\"https:\/\/gaudiumetspes-blog.pl\/#\/schema\/person\/image\/\",\"url\":\"https:\/\/gaudiumetspes-blog.pl\/wp-content\/uploads\/2019\/07\/avatar-JJ-150x150.jpg\",\"contentUrl\":\"https:\/\/gaudiumetspes-blog.pl\/wp-content\/uploads\/2019\/07\/avatar-JJ-150x150.jpg\",\"caption\":\"Ks. Jacek\"},\"description\":\"Witam serdecznie! K\u0142ania si\u0119 Ks. Jacek Ja\u015bkowski. Nie jestem ani kim\u015b wa\u017cnym, ani kim\u015b znanym. Jestem ksi\u0119dzem, kt\u00f3ry po prostu chce rozmawia\u0107. Codzienna kap\u0142a\u0144ska pos\u0142uga pokazuje mi, \u017ce temat\u00f3w do rozm\u00f3w z ksi\u0119dzem jest coraz wi\u0119cej i dzisiaj \u017caden ksi\u0105dz nie mo\u017ce od nich ucieka\u0107, ale - wprost przeciwnie - podejmowa\u0107 nowe wyzwania. To przekonanie sk\u0142oni\u0142o mnie do pr\u00f3by otwarcia tego\u017c bloga, chocia\u017c okazji do rozm\u00f3w na co dzie\u0144 - w konfesjonale i poza nim - na szcz\u0119\u015bcie nie brakuje. My\u015bl\u0119 jednak, \u017ce ten blog b\u0119dzie jeszcze jednym sposobem i przestrzeni\u0105 nawi\u0105zania kontaktu z lud\u017ami dobrej woli, otwartymi na dialog.\",\"url\":\"https:\/\/gaudiumetspes-blog.pl\/index.php\/author\/ks-jacek\/\"}]}<\/script>\n<!-- \/ Yoast SEO plugin. -->","yoast_head_json":{"title":"Kajdany z hukiem opadaj\u0105ce! - Gaudium Et Spes","robots":{"index":"index","follow":"follow","max-snippet":"max-snippet:-1","max-image-preview":"max-image-preview:large","max-video-preview":"max-video-preview:-1"},"canonical":"https:\/\/gaudiumetspes-blog.pl\/index.php\/2019\/05\/28\/kajdany-z-hukiem-opadajace\/","og_locale":"pl_PL","og_type":"article","og_title":"Kajdany z hukiem opadaj\u0105ce! - Gaudium Et Spes","og_description":"Szcz\u0119\u015b\u0107 Bo\u017ce! Moi Drodzy, dzisiaj 38. rocznica \u015bmierci Stefana Kardyna\u0142a Wyszy\u0144skiego, wielkiego Prymasa Tysi\u0105clecia, Ojca Ojczyzny, niekoronowanego Kr\u00f3la Polski, wielkiego duchowego Przewodnika Ko\u015bcio\u0142a w Polsce, a jednocze\u015bnie \u2013 niekwestionowanego Autorytetu, kt\u00f3rego dzisiaj tak bardzo nam brakuje i tak bardzo potrzeba. M\u00f3dlmy si\u0119 o Jego rych\u0142\u0105 Beatyfikacj\u0119! Ale te\u017c \u2013 przez Jego wstawiennictwo \u2013 m\u00f3dlmy si\u0119 [&hellip;]","og_url":"https:\/\/gaudiumetspes-blog.pl\/index.php\/2019\/05\/28\/kajdany-z-hukiem-opadajace\/","og_site_name":"Gaudium Et Spes","article_published_time":"2019-05-28T02:53:00+00:00","article_modified_time":"2019-07-31T11:03:18+00:00","author":"Ks. Jacek","twitter_card":"summary_large_image","twitter_misc":{"Napisane przez":"Ks. Jacek","Szacowany czas czytania":"6 minut"},"schema":{"@context":"https:\/\/schema.org","@graph":[{"@type":"WebPage","@id":"https:\/\/gaudiumetspes-blog.pl\/index.php\/2019\/05\/28\/kajdany-z-hukiem-opadajace\/","url":"https:\/\/gaudiumetspes-blog.pl\/index.php\/2019\/05\/28\/kajdany-z-hukiem-opadajace\/","name":"Kajdany z hukiem opadaj\u0105ce! - Gaudium Et Spes","isPartOf":{"@id":"https:\/\/gaudiumetspes-blog.pl\/#website"},"datePublished":"2019-05-28T02:53:00+00:00","dateModified":"2019-07-31T11:03:18+00:00","author":{"@id":"https:\/\/gaudiumetspes-blog.pl\/#\/schema\/person\/1661982992b752dea8dff0d4ed845a65"},"breadcrumb":{"@id":"https:\/\/gaudiumetspes-blog.pl\/index.php\/2019\/05\/28\/kajdany-z-hukiem-opadajace\/#breadcrumb"},"inLanguage":"pl-PL","potentialAction":[{"@type":"ReadAction","target":["https:\/\/gaudiumetspes-blog.pl\/index.php\/2019\/05\/28\/kajdany-z-hukiem-opadajace\/"]}]},{"@type":"BreadcrumbList","@id":"https:\/\/gaudiumetspes-blog.pl\/index.php\/2019\/05\/28\/kajdany-z-hukiem-opadajace\/#breadcrumb","itemListElement":[{"@type":"ListItem","position":1,"name":"Strona g\u0142\u00f3wna","item":"https:\/\/gaudiumetspes-blog.pl\/"},{"@type":"ListItem","position":2,"name":"Kajdany z&nbsp;hukiem opadaj\u0105ce!"}]},{"@type":"WebSite","@id":"https:\/\/gaudiumetspes-blog.pl\/#website","url":"https:\/\/gaudiumetspes-blog.pl\/","name":"Gaudium Et Spes","description":"Blog Ks. Jacka Ja\u015bkowskiego","potentialAction":[{"@type":"SearchAction","target":{"@type":"EntryPoint","urlTemplate":"https:\/\/gaudiumetspes-blog.pl\/?s={search_term_string}"},"query-input":{"@type":"PropertyValueSpecification","valueRequired":true,"valueName":"search_term_string"}}],"inLanguage":"pl-PL"},{"@type":"Person","@id":"https:\/\/gaudiumetspes-blog.pl\/#\/schema\/person\/1661982992b752dea8dff0d4ed845a65","name":"Ks. Jacek","image":{"@type":"ImageObject","inLanguage":"pl-PL","@id":"https:\/\/gaudiumetspes-blog.pl\/#\/schema\/person\/image\/","url":"https:\/\/gaudiumetspes-blog.pl\/wp-content\/uploads\/2019\/07\/avatar-JJ-150x150.jpg","contentUrl":"https:\/\/gaudiumetspes-blog.pl\/wp-content\/uploads\/2019\/07\/avatar-JJ-150x150.jpg","caption":"Ks. Jacek"},"description":"Witam serdecznie! K\u0142ania si\u0119 Ks. Jacek Ja\u015bkowski. Nie jestem ani kim\u015b wa\u017cnym, ani kim\u015b znanym. Jestem ksi\u0119dzem, kt\u00f3ry po prostu chce rozmawia\u0107. Codzienna kap\u0142a\u0144ska pos\u0142uga pokazuje mi, \u017ce temat\u00f3w do rozm\u00f3w z ksi\u0119dzem jest coraz wi\u0119cej i dzisiaj \u017caden ksi\u0105dz nie mo\u017ce od nich ucieka\u0107, ale - wprost przeciwnie - podejmowa\u0107 nowe wyzwania. To przekonanie sk\u0142oni\u0142o mnie do pr\u00f3by otwarcia tego\u017c bloga, chocia\u017c okazji do rozm\u00f3w na co dzie\u0144 - w konfesjonale i poza nim - na szcz\u0119\u015bcie nie brakuje. My\u015bl\u0119 jednak, \u017ce ten blog b\u0119dzie jeszcze jednym sposobem i przestrzeni\u0105 nawi\u0105zania kontaktu z lud\u017ami dobrej woli, otwartymi na dialog.","url":"https:\/\/gaudiumetspes-blog.pl\/index.php\/author\/ks-jacek\/"}]}},"jetpack_featured_media_url":"","jetpack_sharing_enabled":true,"_links":{"self":[{"href":"https:\/\/gaudiumetspes-blog.pl\/index.php\/wp-json\/wp\/v2\/posts\/14588","targetHints":{"allow":["GET"]}}],"collection":[{"href":"https:\/\/gaudiumetspes-blog.pl\/index.php\/wp-json\/wp\/v2\/posts"}],"about":[{"href":"https:\/\/gaudiumetspes-blog.pl\/index.php\/wp-json\/wp\/v2\/types\/post"}],"author":[{"embeddable":true,"href":"https:\/\/gaudiumetspes-blog.pl\/index.php\/wp-json\/wp\/v2\/users\/1"}],"replies":[{"embeddable":true,"href":"https:\/\/gaudiumetspes-blog.pl\/index.php\/wp-json\/wp\/v2\/comments?post=14588"}],"version-history":[{"count":1,"href":"https:\/\/gaudiumetspes-blog.pl\/index.php\/wp-json\/wp\/v2\/posts\/14588\/revisions"}],"predecessor-version":[{"id":15266,"href":"https:\/\/gaudiumetspes-blog.pl\/index.php\/wp-json\/wp\/v2\/posts\/14588\/revisions\/15266"}],"wp:attachment":[{"href":"https:\/\/gaudiumetspes-blog.pl\/index.php\/wp-json\/wp\/v2\/media?parent=14588"}],"wp:term":[{"taxonomy":"category","embeddable":true,"href":"https:\/\/gaudiumetspes-blog.pl\/index.php\/wp-json\/wp\/v2\/categories?post=14588"},{"taxonomy":"post_tag","embeddable":true,"href":"https:\/\/gaudiumetspes-blog.pl\/index.php\/wp-json\/wp\/v2\/tags?post=14588"}],"curies":[{"name":"wp","href":"https:\/\/api.w.org\/{rel}","templated":true}]}}