{"id":14607,"date":"2019-05-09T05:02:00","date_gmt":"2019-05-09T03:02:00","guid":{"rendered":"https:\/\/gaudiumetspes-blog.pl\/index.php\/2019\/05\/09\/gdy-niebo-wtapia-sie-w-ziemie\/"},"modified":"2019-07-31T13:02:36","modified_gmt":"2019-07-31T11:02:36","slug":"gdy-niebo-wtapia-sie-w-ziemie","status":"publish","type":"post","link":"https:\/\/gaudiumetspes-blog.pl\/index.php\/2019\/05\/09\/gdy-niebo-wtapia-sie-w-ziemie\/","title":{"rendered":"Gdy Niebo &#8222;wtapia si\u0119&#8221; w ziemi\u0119&#8230;"},"content":{"rendered":"<p><\/p>\n<div align=\"justify\" style=\"font-weight: normal; line-height: 150%; margin-bottom: 0cm;\">\n<span style=\"color: black;\"><span style=\"font-family: Book Antiqua, serif;\"><span style=\"font-size: x-large;\">Szcz\u0119\u015b\u0107<br \/>\nBo\u017ce! Moi Drodzy, w dniu dzisiejszym <b>urodziny prze\u017cywa Piotr<br \/>\nDeres, \u017cyczliwy mi Cz\u0142owiek w Parafii w Tr\u0105bkach.<\/b><\/span><\/span><\/span><\/div>\n<div align=\"justify\" style=\"background: transparent; line-height: 150%; margin-bottom: 0cm; page-break-before: auto; text-indent: 1.3cm;\">\n<span style=\"font-size: x-large;\"><span style=\"color: black;\"><span style=\"font-family: Book Antiqua, serif;\"><b>A<br \/>\nwczoraj, b\u0119d\u0105c w Kodniu, dowiedzia\u0142em si\u0119, \u017ce urodziny prze\u017cywa\u0142<br \/>\nProboszcz tamtejszej Parafii, Ojciec Damian Dyba\u0142a, oblat. <\/b><\/span><\/span><br \/>\n<\/span><\/div>\n<div align=\"justify\" style=\"background: transparent; font-weight: normal; line-height: 150%; margin-bottom: 0cm; text-indent: 1.3cm;\">\n<span style=\"font-size: x-large;\"><span style=\"color: black;\"><span style=\"font-family: Book Antiqua, serif;\">B\u0119d\u0105c<br \/>\nprzez chwil\u0119 w Bazylice i widz\u0105c ludzi, id\u0105cych na Msz\u0119 \u015awi\u0119t\u0105<br \/>\nz kwiatami i prezentami, zainteresowa\u0142em si\u0119 tym i wtedy w\u0142a\u015bnie<br \/>\ndowiedzia\u0142em si\u0119, \u017ce to z ich inicjatywy Ojciec Proboszcz niejako<br \/>\n\u201emusi\u201d obchodzi\u0107 i imieniny, i urodziny, bo Parafianie chc\u0105 Mu<br \/>\nokazywa\u0107 swoj\u0105 wdzi\u0119czno\u015b\u0107 i \u017cyczliwo\u015b\u0107. Jak\u017ce to pi\u0119kna<br \/>\npostawa wiernych wobec Duszpasterza! Wcale nie b\u0119d\u0105ca codzienno\u015bci\u0105<br \/>\nw naszych Parafiach\u2026 <\/span><\/span><br \/>\n<\/span><\/div>\n<div align=\"justify\" style=\"background: transparent; line-height: 150%; margin-bottom: 0cm; text-indent: 1.3cm;\">\n<span style=\"color: black;\"><span style=\"font-family: Book Antiqua, serif;\"><span style=\"font-size: x-large;\"><b>\u017bycz\u0119<br \/>\nprzeto Ojcu Damianowi i Panu Piotrowi mocy Bo\u017cej i wszelkich dobrych<br \/>\nnatchnie\u0144 od Ducha \u015awi\u0119tego \u2013 na ka\u017cdy dzie\u0144! Zapewniam o<br \/>\nmodlitwie!<\/b><\/span><\/span><\/span><\/div>\n<div align=\"justify\" style=\"background: transparent; font-weight: normal; line-height: 150%; margin-bottom: 0cm; text-indent: 1.3cm;\">\n<span style=\"color: black;\"><span style=\"font-family: Book Antiqua, serif;\"><span style=\"font-size: x-large;\">Niech<br \/>\ni nas wszystkich B\u00f3g ma w swojej opiece! I Matka Bo\u017ca Kode\u0144ska!<\/span><\/span><\/span><\/div>\n<div align=\"center\" style=\"font-weight: normal; line-height: 150%; margin-bottom: 0cm;\">\n<span style=\"color: black;\"><span style=\"font-family: Book Antiqua, serif;\"><span style=\"font-size: x-large;\">Gaudium<br \/>\net spes!  Ks. Jacek<\/span><\/span><\/span><\/div>\n<div align=\"justify\" style=\"line-height: 150%; margin-bottom: 0cm;\">\n<span style=\"font-size: x-large;\"><\/p>\n<p><\/span><\/div>\n<div align=\"justify\" style=\"line-height: 150%; margin-bottom: 0cm;\">\n<span style=\"color: black;\"><span style=\"font-family: Book Antiqua, serif;\"><span style=\"font-size: x-large;\"><b>Czwartek<br \/>\n3 Tygodnia Wielkanocy,<\/b><\/span><\/span><\/span><\/div>\n<div align=\"justify\" style=\"line-height: 150%; margin-bottom: 0cm;\">\n<span style=\"color: black;\"><span style=\"font-family: Book Antiqua, serif;\"><span style=\"font-size: x-large;\"><b>do<br \/>\nczyta\u0144:  Dz 8,26\u201340;  J 6,44\u201351<\/b><\/span><\/span><\/span><\/div>\n<div align=\"justify\" style=\"line-height: 150%; margin-bottom: 0cm;\">\n<span style=\"font-size: x-large;\"><\/p>\n<p><\/span><\/div>\n<div align=\"justify\" style=\"font-style: normal; font-variant: normal; letter-spacing: normal; line-height: 150%; margin-bottom: 0cm;\">\n<span style=\"color: black;\"><span style=\"font-family: Book Antiqua, serif;\"><span style=\"font-size: x-large;\"><b>CZYTANIE<br \/>\nZ DZIEJ\u00d3W APOSTOLSKICH:<\/b><\/span><\/span><\/span><\/div>\n<div align=\"justify\" style=\"font-style: normal; font-variant: normal; letter-spacing: normal; line-height: 150%; margin-bottom: 0cm; page-break-before: auto; text-indent: 1.3cm; widows: 1;\">\n<span style=\"color: black;\"><span style=\"font-family: Book Antiqua, serif;\"><span style=\"font-size: x-large;\"><b>Anio\u0142<br \/>\nPa\u0144ski powiedzia\u0142 do Filipa: \u201eWsta\u0144 i id\u017a oko\u0142o po\u0142udnia na<br \/>\ndrog\u0119, kt\u00f3ra prowadzi z Jerozolimy do Gazy: jest ona pusta\u201d. A on<br \/>\nposzed\u0142. W\u0142a\u015bnie wtedy przyby\u0142 do Jerozolimy odda\u0107 pok\u0142on Bogu<br \/>\nEtiop, dworzanin i urz\u0119dnik kr\u00f3lowej etiopskiej, Kandaki,<br \/>\nzarz\u0105dzaj\u0105cy ca\u0142ym jej skarbcem, i wraca\u0142, czytaj\u0105c w swoim<br \/>\nwozie proroka Izajasza.<\/b><\/span><\/span><\/span><\/div>\n<div align=\"justify\" style=\"font-style: normal; font-variant: normal; letter-spacing: normal; line-height: 150%; margin-bottom: 0cm; text-indent: 1.3cm; widows: 1;\">\n<span style=\"color: black;\"><span style=\"font-family: Book Antiqua, serif;\"><span style=\"font-size: x-large;\"><b>Duch<br \/>\npowiedzia\u0142 do Filipa: \u201ePodejd\u017a i przy\u0142\u0105cz si\u0119 do tego wozu\u201d.<br \/>\nGdy Filip podbieg\u0142, us\u0142ysza\u0142, \u017ce tamten czyta proroka Izajasza, i<br \/>\nzapyta\u0142: \u201eCzy rozumiesz, co czytasz?\u201d<\/b><\/span><\/span><\/span><\/div>\n<div align=\"justify\" style=\"font-style: normal; font-variant: normal; letter-spacing: normal; line-height: 150%; margin-bottom: 0cm; text-indent: 1.3cm; widows: 1;\">\n<span style=\"color: black;\"><span style=\"font-family: Book Antiqua, serif;\"><span style=\"font-size: x-large;\"><b>A<br \/>\ntamten odpowiedzia\u0142: \u201eJak\u017ce\u017c mog\u0119 rozumie\u0107, je\u015bli mi nikt nie<br \/>\nwyja\u015bni?\u201d I zaprosi\u0142 Filipa, aby wsiad\u0142 i spocz\u0105\u0142 przy nim.<\/b><\/span><\/span><\/span><\/div>\n<div align=\"justify\" style=\"font-style: normal; font-variant: normal; letter-spacing: normal; line-height: 150%; margin-bottom: 0cm; text-indent: 1.3cm; widows: 1;\">\n<span style=\"color: black;\"><span style=\"font-family: Book Antiqua, serif;\"><span style=\"font-size: x-large;\"><b>A<br \/>\nczyta\u0142 ten urywek Pisma: \u00abProwadz\u0105 Go jak owc\u0119 na rze\u017a, i jak<br \/>\nbaranek, kt\u00f3ry milczy, gdy go strzyg\u0105, tak On nie otwiera ust<br \/>\nswoich. W Jego uni\u017ceniu odm\u00f3wiono Mu s\u0142uszno\u015bci. Kt\u00f3\u017c zdo\u0142a<br \/>\nopisa\u0107 r\u00f3d Jego? Bo Jego \u017cycie zabior\u0105 z ziemi\u00bb.<\/b><\/span><\/span><\/span><\/div>\n<div align=\"justify\" style=\"font-style: normal; font-variant: normal; letter-spacing: normal; line-height: 150%; margin-bottom: 0cm; text-indent: 1.3cm; widows: 1;\">\n<span style=\"color: black;\"><span style=\"font-family: Book Antiqua, serif;\"><span style=\"font-size: x-large;\"><b>Dworzanin<br \/>\nzapyta\u0142 Filipa: \u201eProsz\u0119 ci\u0119, o kim to prorok m\u00f3wi, o sobie czy<br \/>\no kim\u015b innym?\u201d A Filip wychodz\u0105c z tego tekstu Pisma opowiedzia\u0142<br \/>\nmu Dobr\u0105 Nowin\u0119 o Jezusie.<\/b><\/span><\/span><\/span><\/div>\n<div align=\"justify\" style=\"font-style: normal; font-variant: normal; letter-spacing: normal; line-height: 150%; margin-bottom: 0cm; text-indent: 1.3cm; widows: 1;\">\n<span style=\"color: black;\"><span style=\"font-family: Book Antiqua, serif;\"><span style=\"font-size: x-large;\"><b>W<br \/>\nczasie podr\u00f3\u017cy przybyli nad jak\u0105\u015b wod\u0119. Dworzanin powiedzia\u0142:<br \/>\n\u201eOto woda; c\u00f3\u017c przeszkadza, abym zosta\u0142 ochrzczony?\u201d<\/b><\/span><\/span><\/span><\/div>\n<div align=\"justify\" style=\"font-style: normal; font-variant: normal; letter-spacing: normal; line-height: 150%; margin-bottom: 0cm; text-indent: 1.3cm; widows: 1;\">\n<span style=\"color: black;\"><span style=\"font-family: Book Antiqua, serif;\"><span style=\"font-size: x-large;\"><b>Odpowiedzia\u0142<br \/>\nFilip: \u201eMo\u017cna, je\u015bli wierzysz z ca\u0142ego serca\u201d.<\/b><\/span><\/span><\/span><\/div>\n<div align=\"justify\" style=\"font-style: normal; font-variant: normal; letter-spacing: normal; line-height: 150%; margin-bottom: 0cm; text-indent: 1.3cm; widows: 1;\">\n<span style=\"color: black;\"><span style=\"font-family: Book Antiqua, serif;\"><span style=\"font-size: x-large;\"><b>Odpar\u0142<br \/>\nmu: \u201eWierz\u0119, \u017ce Jezus Chrystus jest Synem Bo\u017cym\u201d.  I kaza\u0142<br \/>\nzatrzyma\u0107 w\u00f3z, i obaj, Filip i dworzanin, zeszli do wody. I<br \/>\nochrzci\u0142 go.<\/b><\/span><\/span><\/span><\/div>\n<div align=\"justify\" style=\"font-style: normal; font-variant: normal; letter-spacing: normal; line-height: 150%; margin-bottom: 0cm; text-indent: 1.3cm; widows: 1;\">\n<span style=\"color: black;\"><span style=\"font-family: Book Antiqua, serif;\"><span style=\"font-size: x-large;\"><b>A<br \/>\nkiedy wyszli z wody, Duch Pa\u0144ski porwa\u0142 Filipa i dworzanin ju\u017c<br \/>\nnigdy go nie widzia\u0142. Jecha\u0142 za\u015b z rado\u015bci\u0105 swoj\u0105 drog\u0105. A<br \/>\nFilip znalaz\u0142 si\u0119 w Azocie i g\u0142osi\u0142 Ewangeli\u0119 od miasta do<br \/>\nmiasta,  a\u017c dotar\u0142 do Cezarei.<\/b><\/span><\/span><\/span><\/div>\n<div align=\"justify\" style=\"line-height: 150%; margin-bottom: 0cm;\">\n<span style=\"font-size: x-large;\"><\/p>\n<p><\/span><\/div>\n<div align=\"justify\" style=\"font-style: normal; font-variant: normal; letter-spacing: normal; line-height: 150%; margin-bottom: 0cm;\">\n<span style=\"color: black;\"><span style=\"font-family: Book Antiqua, serif;\"><span style=\"font-size: x-large;\"><b>S\u0141OWA<br \/>\nEWANGELII WED\u0141UG \u015aWI\u0118TEGO JANA:<\/b><\/span><\/span><\/span><\/div>\n<div align=\"justify\" style=\"line-height: 150%; margin-bottom: 0cm; page-break-before: auto; text-indent: 1.3cm;\">\n<span style=\"font-size: x-large;\"><span style=\"color: black;\"><span style=\"font-family: Book Antiqua, serif;\"><b><span style=\"font-variant: normal;\"><span style=\"letter-spacing: normal;\"><span style=\"font-style: normal;\">Jezus<br \/>\npowiedzia\u0142 do ludu: <\/span><\/span><\/span><span style=\"font-variant: normal;\"><span style=\"letter-spacing: normal;\"><span style=\"font-style: normal;\">\u201eNikt<br \/>\nnie mo\u017ce przyj\u015b\u0107 do Mnie, je\u017celi go nie poci\u0105gnie Ojciec, kt\u00f3ry<br \/>\nMnie pos\u0142a\u0142; Ja za\u015b wskrzesz\u0119 go w dniu ostatecznym. Napisane<br \/>\njest u Prorok\u00f3w: \u00abOni wszyscy b\u0119d\u0105 uczniami Boga\u00bb. <\/span><\/span><\/span><\/b><\/span><\/span><br \/>\n<\/span><\/div>\n<div align=\"justify\" style=\"line-height: 150%; margin-bottom: 0cm; text-indent: 1.3cm;\">\n<span style=\"color: black;\"><span style=\"font-family: Book Antiqua, serif;\"><span style=\"font-size: x-large;\"><b><span style=\"font-variant: normal;\"><span style=\"letter-spacing: normal;\"><span style=\"font-style: normal;\">Ka\u017cdy,<br \/>\nkto od Ojca us\u0142ysza\u0142 i nau<\/span><\/span><\/span><span style=\"font-variant: normal;\"><span style=\"letter-spacing: normal;\"><span style=\"font-style: normal;\">czy\u0142<br \/>\nsi\u0119<\/span><\/span><\/span><span style=\"font-variant: normal;\"><span style=\"letter-spacing: normal;\"><span style=\"font-style: normal;\">,<br \/>\nprzyjdzie do Mnie. Nie znaczy to, aby ktokolwiek widzia\u0142 Ojca;<br \/>\njedynie Ten, kt\u00f3ry jest od Boga, widzia\u0142 Ojca. Zaprawd\u0119, zaprawd\u0119<br \/>\npowiadam wam: Kto we Mnie wierzy, ma \u017cycie wieczne.<\/span><\/span><\/span><\/b><\/span><\/span><\/span><\/div>\n<div align=\"justify\" style=\"line-height: 150%; margin-bottom: 0cm; text-indent: 1.3cm;\">\n<span style=\"color: black;\"><span style=\"font-family: Book Antiqua, serif;\"><span style=\"font-size: x-large;\"><b><span style=\"font-variant: normal;\"><span style=\"letter-spacing: normal;\"><span style=\"font-style: normal;\">Ja<\/span><\/span><\/span><span style=\"font-variant: normal;\"><span style=\"letter-spacing: normal;\"><span style=\"font-style: normal;\">m<\/span><\/span><\/span><span style=\"font-variant: normal;\"><span style=\"letter-spacing: normal;\"><span style=\"font-style: normal;\"><br \/>\njest chleb \u017cycia. Ojcowie wasi <\/span><\/span><\/span><span style=\"font-variant: normal;\"><span style=\"letter-spacing: normal;\"><span style=\"font-style: normal;\">spo\u017cywali<\/span><\/span><\/span><span style=\"font-variant: normal;\"><span style=\"letter-spacing: normal;\"><span style=\"font-style: normal;\"><br \/>\nmann\u0119 na pustyni i pomarli. To jest chleb, kt\u00f3ry z nieba zst\u0119puje:<br \/>\n<\/span><\/span><\/span><span style=\"font-variant: normal;\"><span style=\"letter-spacing: normal;\"><span style=\"font-style: normal;\">k<\/span><\/span><\/span><span style=\"font-variant: normal;\"><span style=\"letter-spacing: normal;\"><span style=\"font-style: normal;\">to<br \/>\ngo <\/span><\/span><\/span><span style=\"font-variant: normal;\"><span style=\"letter-spacing: normal;\"><span style=\"font-style: normal;\">spo\u017cywa<\/span><\/span><\/span><span style=\"font-variant: normal;\"><span style=\"letter-spacing: normal;\"><span style=\"font-style: normal;\">,<br \/>\nnie umrze. Ja jestem chlebem \u017cywym, kt\u00f3ry zst\u0105pi\u0142 z nieba. Je\u015bli<br \/>\nkto\u015b spo\u017cywa ten chleb, b\u0119dzie \u017cy\u0142 na wieki. Chlebem, kt\u00f3ry Ja<br \/>\ndam, jest moje <\/span><\/span><\/span><span style=\"font-variant: normal;\"><span style=\"letter-spacing: normal;\"><span style=\"font-style: normal;\">c<\/span><\/span><\/span><span style=\"font-variant: normal;\"><span style=\"letter-spacing: normal;\"><span style=\"font-style: normal;\">ia\u0142o<br \/>\nza \u017cycie \u015bwiata\u201d.<\/span><\/span><\/span><\/b><\/span><\/span><\/span><\/div>\n<div align=\"justify\" style=\"line-height: 150%; margin-bottom: 0cm;\">\n<span style=\"font-size: x-large;\"><\/p>\n<p><\/span><\/div>\n<div align=\"justify\" style=\"font-style: normal; font-variant: normal; font-weight: normal; letter-spacing: normal; line-height: 150%; margin-bottom: 0cm; page-break-before: auto; text-indent: 1.3cm;\">\n<span style=\"font-size: x-large;\"><span style=\"color: black;\"><span style=\"font-family: Book Antiqua, serif;\">Mo\u017ce<br \/>\nto uwaga jedynie poboczna, ale po przeczytaniu obu dzisiejszych<br \/>\ntekst\u00f3w biblijnych, da si\u0119 zauwa\u017cy\u0107 <b>motyw, stanowi\u0105cy \u0142\u0105cznik<\/b><br \/>\npomi\u0119dzy nimi. <\/span><\/span><br \/>\n<\/span><\/div>\n<div align=\"justify\" style=\"font-style: normal; font-variant: normal; font-weight: normal; letter-spacing: normal; line-height: 150%; margin-bottom: 0cm; text-indent: 1.3cm;\">\n<span style=\"font-size: x-large;\"><span style=\"color: black;\"><span style=\"font-family: Book Antiqua, serif;\">Oto<br \/>\nw ko\u0144c\u00f3wce pierwszego czytania s\u0142yszymy: <i><b>A kiedy wyszli z<br \/>\nwody, Duch Pa\u0144ski porwa\u0142 Filipa\u2026<\/b><\/i><b> <\/b>Natomiast<br \/>\nEwangelia rozpoczyna si\u0119 od s\u0142\u00f3w: <i><b>Jezus powiedzia\u0142 do ludu:<br \/>\n<\/b><\/i><i><b>\u201eNikt nie mo\u017ce przyj\u015b\u0107 do Mnie, je\u017celi go nie<br \/>\npoci\u0105gnie Ojciec\u201d\u2026<\/b><\/i><b> <\/b>Mo\u017cna wi\u0119c m\u00f3wi\u0107 o jakim\u015b<br \/>\npoci\u0105ganiu ze strony Boga, a wr\u0119cz <b>o <\/b><b>porywani<\/b><b>u<\/b><b><br \/>\ncz\u0142owieka!<\/b> Przecie\u017c Filip zosta\u0142 \u2013 tak us\u0142yszeli\u015bmy \u2013<br \/>\n<b>porwany przez Ducha Pa\u0144skiego! <\/b>Z kolei Jezus m\u00f3wi o<br \/>\n<b>poci\u0105ganiu przez Ojca\u2026<\/b> <\/span><\/span><br \/>\n<\/span><\/div>\n<div align=\"justify\" style=\"font-style: normal; font-variant: normal; font-weight: normal; letter-spacing: normal; line-height: 150%; margin-bottom: 0cm; text-indent: 1.3cm;\">\n<span style=\"font-size: x-large;\"><span style=\"color: black;\"><span style=\"font-family: Book Antiqua, serif;\">Tak,<br \/>\nczy owak, mamy do czynienia z okre\u015blon\u0105, wyra\u017an\u0105, a do tego \u2013<br \/>\ndo\u015b\u0107 mocn\u0105 interwencj\u0105 Boga. A tak prawd\u0119 powiedziawszy \u2013 nie<br \/>\njest to tylko pojedyncza interwencja, a <b>sta\u0142a wsp\u00f3\u0142praca.<\/b><br \/>\nZwr\u00f3\u0107my uwag\u0119, w jaki spos\u00f3b dzisiaj Duch Pa\u0144ski rozmawia z<br \/>\nFilipem \u2013 tak,<b> jakby to nie by\u0142 \u017caden duch! <\/b>Jakby<br \/>\nrozmawia\u0142y ze sob\u0105 dwie osoby, fizycznie istniej\u0105ce, widz\u0105ce si\u0119<br \/>\nnawzajem, b\u0119d\u0105ce obok siebie. <\/span><\/span><br \/>\n<\/span><\/div>\n<div align=\"justify\" style=\"font-style: normal; font-variant: normal; font-weight: normal; letter-spacing: normal; line-height: 150%; margin-bottom: 0cm; text-indent: 1.3cm;\">\n<span style=\"font-size: x-large;\"><span style=\"color: black;\"><span style=\"font-family: Book Antiqua, serif;\">Poza<br \/>\ntym, Duch Pa\u0144ski nie tylko przecie\u017c rozmawia\u0142, ale krok po kroku<br \/>\n<b>kierowa\u0142 dzia\u0142aniami Ucznia Chrystusa.<\/b> M\u00f3wi\u0142 mu, co ma<br \/>\nzrobi\u0107, dok\u0105d podej\u015b\u0107, co powiedzie\u0107 \u2013 bardzo szczeg\u00f3\u0142owo.<br \/>\nMo\u017cna chyba zaryzykowa\u0107 stwierdzenie, i\u017c \u015bwiat niewidzialny w<br \/>\njaki\u015b spos\u00f3b <b>\u201ewtopi\u0142 si\u0119\u201d w ten widzialny.<\/b> I \u017ce wr\u0119cz<br \/>\n<b>zatar\u0142y si\u0119 r\u00f3\u017cnice<\/b> mi\u0119dzy Niebem, a ziemi\u0105: sfera<br \/>\nniebieska tak wkroczy\u0142a w sfer\u0119 ziemsk\u0105, \u017ce trudno by\u0142o odr\u00f3\u017cni\u0107<br \/>\njedn\u0105 od drugiej! <b>Niebo tak intensywnie wsp\u00f3\u0142dzia\u0142a\u0142o z<br \/>\nziemi\u0105, <\/b>\u017ce wr\u0119cz stanowi\u0142o jedn\u0105, nierozdzieln\u0105 ca\u0142o\u015b\u0107! <\/span><\/span><br \/>\n<\/span><\/div>\n<div align=\"justify\" style=\"font-style: normal; font-variant: normal; font-weight: normal; letter-spacing: normal; line-height: 150%; margin-bottom: 0cm; text-indent: 1.3cm;\">\n<span style=\"font-size: x-large;\"><span style=\"color: black;\"><span style=\"font-family: Book Antiqua, serif;\">A<br \/>\nwidzimy to nie tylko na podstawie dzisiejszego wydarzenia, ale tak\u017ce<br \/>\nwielu innych, kiedy to <b>Aposto\u0142owie uzdrawiali moc\u0105 Jezusa,<\/b><br \/>\nczy te\u017c z tak\u0105 moc\u0105 g\u0142osili s\u0142owo Bo\u017ce, \u017ce po jednym<br \/>\nprzem\u00f3wieniu Piotra nawraca\u0142y si\u0119 tysi\u0105ce ludzi! A przypomnijmy<br \/>\nsobie <b>histori\u0119 Ananiasza i Safiry, <\/b>kt\u00f3rzy na s\u0142owo Piotra,<br \/>\ndemaskuj\u0105cego ich kr\u0119tactwa, padli martwi\u2026 <\/span><\/span><br \/>\n<\/span><\/div>\n<div align=\"justify\" style=\"font-style: normal; font-variant: normal; font-weight: normal; letter-spacing: normal; line-height: 150%; margin-bottom: 0cm; text-indent: 1.3cm;\">\n<span style=\"font-size: x-large;\"><span style=\"color: black;\"><span style=\"font-family: Book Antiqua, serif;\">Moi<br \/>\nDrodzy, kiedy czytamy Ksi\u0119g\u0119 Dziej\u00f3w Apostolskich, widzimy, \u017ce<br \/>\nopisywany tam czas \u2013 <b>pierwsze lata <\/b>istnienia i dzia\u0142alno\u015bci<br \/>\nm\u0142odego Ko\u015bcio\u0142a \u2013 by\u0142 to naprawd\u0119 czas wyj\u0105tkowy!<b><br \/>\nEntuzjazm m\u0142odej Wsp\u00f3lnoty,<\/b> a jednocze\u015bnie \u015bwiadomo\u015b\u0107<br \/>\nblisko\u015bci, a wr\u0119cz obecno\u015bci w\u015br\u00f3d nich zmartwychwsta\u0142ego Pana,<br \/>\nby\u0142y tak wielkie, \u017ce B\u00f3g <b>m\u00f3g\u0142 bez ogranicze\u0144 dokonywa\u0107<br \/>\nswoich cud\u00f3w!<\/b> I m\u00f3g\u0142 tak wej\u015b\u0107 pomi\u0119dzy ludzi, w ich<br \/>\nziemskie sprawy, \u017ce \u2013 jak m\u00f3wimy \u2013 <b>granice mi\u0119dzy jedn\u0105 a<br \/>\ndrug\u0105 sfer\u0105 si\u0119 zaciera\u0142y.<\/b> <\/span><\/span><br \/>\n<\/span><\/div>\n<div align=\"justify\" style=\"font-style: normal; font-variant: normal; font-weight: normal; letter-spacing: normal; line-height: 150%; margin-bottom: 0cm; text-indent: 1.3cm;\">\n<span style=\"color: black;\"><span style=\"font-family: Book Antiqua, serif;\"><span style=\"font-size: x-large;\">Je\u017celi<br \/>\ndzisiaj takie cuda nie dziej\u0105 si\u0119 w\u015br\u00f3d nas \u2013 albo niezbyt<br \/>\ncz\u0119sto si\u0119 dziej\u0105 \u2013 to mo\u017ce trzeba, aby\u015bmy zapytali <b>o nasz<br \/>\nchrze\u015bcija\u0144ski entuzjazm,<\/b> o nasz\u0105 blisko\u015b\u0107 z Jezusem, o<br \/>\nnasz\u0105 rado\u015b\u0107 i zapa\u0142, p\u0142yn\u0105ce z wiary\u2026 Czy nie jeste\u015bmy \u2013<br \/>\njak ostrzega\u0142 Benedykt XVI \u2013 chrze\u015bcijanami znudzonymi wiar\u0105?\u2026<br \/>\nCzy sta\u0107 nas na <b>prawdziwy i szczery entuzjazm i rado\u015b\u0107,<\/b><br \/>\np\u0142yn\u0105ce z tego, \u017ce naszym Panem jest Jezus zmartwychwsta\u0142y?<\/span><\/span><\/span><\/div>\n<div align=\"justify\" style=\"font-style: normal; font-variant: normal; font-weight: normal; letter-spacing: normal; line-height: 150%; margin-bottom: 0cm; text-indent: 1.3cm;\">\n<span style=\"color: black;\"><span style=\"font-family: Book Antiqua, serif;\"><span style=\"font-size: x-large;\">On<br \/>\nsam, Jezus, m\u00f3wi dzi\u015b w Ewangelii: <i><b>Nikt nie mo\u017ce przyj\u015b\u0107<br \/>\ndo Mnie, je\u017celi go nie poci\u0105gnie Ojciec, kt\u00f3ry Mnie pos\u0142a\u0142; Ja<br \/>\nza\u015b wskrzesz\u0119 go w dniu ostatecznym. Napisane jest u Prorok\u00f3w:<br \/>\n\u00abOni wszyscy b\u0119d\u0105 uczniami Boga\u00bb. Ka\u017cdy, kto od Ojca us\u0142ysza\u0142<br \/>\ni nau<\/b><\/i><i><b>czy\u0142 si\u0119<\/b><\/i><i><b>, przyjdzie do Mnie.<\/b><\/i><\/span><\/span><\/span><\/div>\n<div align=\"justify\" style=\"font-style: normal; font-variant: normal; font-weight: normal; letter-spacing: normal; line-height: 150%; margin-bottom: 0cm; text-indent: 1.3cm;\">\n<span style=\"font-size: x-large;\"><span style=\"color: black;\"><span style=\"font-family: Book Antiqua, serif;\">A<br \/>\npotem dodaje jeszcze bardziej konkretnie: <i><b>Ja<\/b><\/i><i><b>m<\/b><\/i><i><b><br \/>\njest chleb \u017cycia. Ojcowie wasi <\/b><\/i><i><b>spo\u017cywali<\/b><\/i><i><b><br \/>\nmann\u0119 na pustyni i pomarli. To jest chleb, kt\u00f3ry z nieba zst\u0119puje:<br \/>\n<\/b><\/i><i><b>k<\/b><\/i><i><b>to go <\/b><\/i><i><b>spo\u017cywa<\/b><\/i><i><b>,<br \/>\nnie umrze. Ja jestem chlebem \u017cywym, kt\u00f3ry zst\u0105pi\u0142 z nieba. Je\u015bli<br \/>\nkto\u015b spo\u017cywa ten chleb, b\u0119dzie \u017cy\u0142 na wieki. Chlebem, kt\u00f3ry Ja<br \/>\ndam, jest moje <\/b><\/i><i><b>c<\/b><\/i><i><b>ia\u0142o za \u017cycie \u015bwiata.<\/b><\/i><b><br \/>\n<\/b><\/span><\/span><br \/>\n<\/span><\/div>\n<div align=\"justify\" style=\"font-style: normal; font-variant: normal; font-weight: normal; letter-spacing: normal; line-height: 150%; margin-bottom: 0cm; text-indent: 1.3cm;\">\n<span style=\"color: black;\"><span style=\"font-family: Book Antiqua, serif;\"><span style=\"font-size: x-large;\">Oto<br \/>\npierwszy i podstawowy krok, jaki nale\u017cy uczyni\u0107, aby zawi\u0105za\u0107<br \/>\n<b>pe\u0142n\u0105 wsp\u00f3lnot\u0119 z Bogiem.<\/b> I aby B\u00f3g w moim \u017cyciu m\u00f3g\u0142<br \/>\ndokonywa\u0107 cud\u00f3w. Aby w mojej codzienno\u015bci sprawy Bo\u017ce od spraw<br \/>\nziemskich <b>nie by\u0142y oddzielone grubym murem<\/b> \u2013 granic\u0105 nie<br \/>\ndo przekroczenia.<\/span><\/span><\/span><\/div>\n<div align=\"justify\" style=\"font-style: normal; font-variant: normal; font-weight: normal; letter-spacing: normal; line-height: 150%; margin-bottom: 0cm; text-indent: 1.3cm;\">\n<span style=\"color: black;\"><span style=\"font-family: Book Antiqua, serif;\"><span style=\"font-size: x-large;\">Jak<br \/>\nto w tej chwili tak naprawd\u0119 wygl\u0105da? Czy <b>pozwalam Jezusowi<br \/>\ndzia\u0142a\u0107 \u2013 bez ogranicze\u0144?<\/b> Czy daj\u0119 zielone \u015bwiat\u0142o dla<br \/>\nJego woli i Jego pomys\u0142\u00f3w?\u2026<\/span><\/span><\/span><\/div>\n","protected":false},"excerpt":{"rendered":"<p>Szcz\u0119\u015b\u0107 Bo\u017ce! Moi Drodzy, w dniu dzisiejszym urodziny prze\u017cywa Piotr Deres, \u017cyczliwy mi Cz\u0142owiek w Parafii w Tr\u0105bkach. A wczoraj, b\u0119d\u0105c w Kodniu, dowiedzia\u0142em si\u0119, \u017ce urodziny prze\u017cywa\u0142 Proboszcz tamtejszej Parafii, Ojciec Damian Dyba\u0142a, oblat. B\u0119d\u0105c przez chwil\u0119 w Bazylice i widz\u0105c ludzi, id\u0105cych na Msz\u0119 \u015awi\u0119t\u0105 z kwiatami i prezentami, zainteresowa\u0142em si\u0119 tym i [&hellip;]<\/p>\n","protected":false},"author":1,"featured_media":0,"comment_status":"open","ping_status":"open","sticky":false,"template":"","format":"standard","meta":{"jetpack_post_was_ever_published":false,"_jetpack_newsletter_access":"","_jetpack_dont_email_post_to_subs":false,"_jetpack_newsletter_tier_id":0,"_jetpack_memberships_contains_paywalled_content":false,"_jetpack_memberships_contains_paid_content":false,"footnotes":""},"categories":[1],"tags":[],"class_list":["post-14607","post","type-post","status-publish","format-standard","hentry","category-bez-kategorii"],"yoast_head":"<!-- This site is optimized with the Yoast SEO plugin v25.1 - https:\/\/yoast.com\/wordpress\/plugins\/seo\/ -->\n<title>Gdy Niebo &quot;wtapia si\u0119&quot; w ziemi\u0119... - Gaudium Et Spes<\/title>\n<meta name=\"robots\" content=\"index, follow, max-snippet:-1, max-image-preview:large, max-video-preview:-1\" \/>\n<link rel=\"canonical\" href=\"https:\/\/gaudiumetspes-blog.pl\/index.php\/2019\/05\/09\/gdy-niebo-wtapia-sie-w-ziemie\/\" \/>\n<meta property=\"og:locale\" content=\"pl_PL\" \/>\n<meta property=\"og:type\" content=\"article\" \/>\n<meta property=\"og:title\" content=\"Gdy Niebo &quot;wtapia si\u0119&quot; w ziemi\u0119... - Gaudium Et Spes\" \/>\n<meta property=\"og:description\" content=\"Szcz\u0119\u015b\u0107 Bo\u017ce! Moi Drodzy, w dniu dzisiejszym urodziny prze\u017cywa Piotr Deres, \u017cyczliwy mi Cz\u0142owiek w Parafii w Tr\u0105bkach. A wczoraj, b\u0119d\u0105c w Kodniu, dowiedzia\u0142em si\u0119, \u017ce urodziny prze\u017cywa\u0142 Proboszcz tamtejszej Parafii, Ojciec Damian Dyba\u0142a, oblat. B\u0119d\u0105c przez chwil\u0119 w Bazylice i widz\u0105c ludzi, id\u0105cych na Msz\u0119 \u015awi\u0119t\u0105 z kwiatami i prezentami, zainteresowa\u0142em si\u0119 tym i [&hellip;]\" \/>\n<meta property=\"og:url\" content=\"https:\/\/gaudiumetspes-blog.pl\/index.php\/2019\/05\/09\/gdy-niebo-wtapia-sie-w-ziemie\/\" \/>\n<meta property=\"og:site_name\" content=\"Gaudium Et Spes\" \/>\n<meta property=\"article:published_time\" content=\"2019-05-09T03:02:00+00:00\" \/>\n<meta property=\"article:modified_time\" content=\"2019-07-31T11:02:36+00:00\" \/>\n<meta name=\"author\" content=\"Ks. Jacek\" \/>\n<meta name=\"twitter:card\" content=\"summary_large_image\" \/>\n<meta name=\"twitter:label1\" content=\"Napisane przez\" \/>\n\t<meta name=\"twitter:data1\" content=\"Ks. Jacek\" \/>\n\t<meta name=\"twitter:label2\" content=\"Szacowany czas czytania\" \/>\n\t<meta name=\"twitter:data2\" content=\"7 minut\" \/>\n<script type=\"application\/ld+json\" class=\"yoast-schema-graph\">{\"@context\":\"https:\/\/schema.org\",\"@graph\":[{\"@type\":\"WebPage\",\"@id\":\"https:\/\/gaudiumetspes-blog.pl\/index.php\/2019\/05\/09\/gdy-niebo-wtapia-sie-w-ziemie\/\",\"url\":\"https:\/\/gaudiumetspes-blog.pl\/index.php\/2019\/05\/09\/gdy-niebo-wtapia-sie-w-ziemie\/\",\"name\":\"Gdy Niebo \\\"wtapia si\u0119\\\" w ziemi\u0119... - Gaudium Et Spes\",\"isPartOf\":{\"@id\":\"https:\/\/gaudiumetspes-blog.pl\/#website\"},\"datePublished\":\"2019-05-09T03:02:00+00:00\",\"dateModified\":\"2019-07-31T11:02:36+00:00\",\"author\":{\"@id\":\"https:\/\/gaudiumetspes-blog.pl\/#\/schema\/person\/1661982992b752dea8dff0d4ed845a65\"},\"breadcrumb\":{\"@id\":\"https:\/\/gaudiumetspes-blog.pl\/index.php\/2019\/05\/09\/gdy-niebo-wtapia-sie-w-ziemie\/#breadcrumb\"},\"inLanguage\":\"pl-PL\",\"potentialAction\":[{\"@type\":\"ReadAction\",\"target\":[\"https:\/\/gaudiumetspes-blog.pl\/index.php\/2019\/05\/09\/gdy-niebo-wtapia-sie-w-ziemie\/\"]}]},{\"@type\":\"BreadcrumbList\",\"@id\":\"https:\/\/gaudiumetspes-blog.pl\/index.php\/2019\/05\/09\/gdy-niebo-wtapia-sie-w-ziemie\/#breadcrumb\",\"itemListElement\":[{\"@type\":\"ListItem\",\"position\":1,\"name\":\"Strona g\u0142\u00f3wna\",\"item\":\"https:\/\/gaudiumetspes-blog.pl\/\"},{\"@type\":\"ListItem\",\"position\":2,\"name\":\"Gdy&nbsp;Niebo &#8222;wtapia si\u0119&#8221; w&nbsp;ziemi\u0119&#8230;\"}]},{\"@type\":\"WebSite\",\"@id\":\"https:\/\/gaudiumetspes-blog.pl\/#website\",\"url\":\"https:\/\/gaudiumetspes-blog.pl\/\",\"name\":\"Gaudium Et Spes\",\"description\":\"Blog Ks. Jacka Ja\u015bkowskiego\",\"potentialAction\":[{\"@type\":\"SearchAction\",\"target\":{\"@type\":\"EntryPoint\",\"urlTemplate\":\"https:\/\/gaudiumetspes-blog.pl\/?s={search_term_string}\"},\"query-input\":{\"@type\":\"PropertyValueSpecification\",\"valueRequired\":true,\"valueName\":\"search_term_string\"}}],\"inLanguage\":\"pl-PL\"},{\"@type\":\"Person\",\"@id\":\"https:\/\/gaudiumetspes-blog.pl\/#\/schema\/person\/1661982992b752dea8dff0d4ed845a65\",\"name\":\"Ks. Jacek\",\"image\":{\"@type\":\"ImageObject\",\"inLanguage\":\"pl-PL\",\"@id\":\"https:\/\/gaudiumetspes-blog.pl\/#\/schema\/person\/image\/\",\"url\":\"https:\/\/gaudiumetspes-blog.pl\/wp-content\/uploads\/2019\/07\/avatar-JJ-150x150.jpg\",\"contentUrl\":\"https:\/\/gaudiumetspes-blog.pl\/wp-content\/uploads\/2019\/07\/avatar-JJ-150x150.jpg\",\"caption\":\"Ks. Jacek\"},\"description\":\"Witam serdecznie! K\u0142ania si\u0119 Ks. Jacek Ja\u015bkowski. Nie jestem ani kim\u015b wa\u017cnym, ani kim\u015b znanym. Jestem ksi\u0119dzem, kt\u00f3ry po prostu chce rozmawia\u0107. Codzienna kap\u0142a\u0144ska pos\u0142uga pokazuje mi, \u017ce temat\u00f3w do rozm\u00f3w z ksi\u0119dzem jest coraz wi\u0119cej i dzisiaj \u017caden ksi\u0105dz nie mo\u017ce od nich ucieka\u0107, ale - wprost przeciwnie - podejmowa\u0107 nowe wyzwania. To przekonanie sk\u0142oni\u0142o mnie do pr\u00f3by otwarcia tego\u017c bloga, chocia\u017c okazji do rozm\u00f3w na co dzie\u0144 - w konfesjonale i poza nim - na szcz\u0119\u015bcie nie brakuje. My\u015bl\u0119 jednak, \u017ce ten blog b\u0119dzie jeszcze jednym sposobem i przestrzeni\u0105 nawi\u0105zania kontaktu z lud\u017ami dobrej woli, otwartymi na dialog.\",\"url\":\"https:\/\/gaudiumetspes-blog.pl\/index.php\/author\/ks-jacek\/\"}]}<\/script>\n<!-- \/ Yoast SEO plugin. -->","yoast_head_json":{"title":"Gdy Niebo \"wtapia si\u0119\" w ziemi\u0119... - Gaudium Et Spes","robots":{"index":"index","follow":"follow","max-snippet":"max-snippet:-1","max-image-preview":"max-image-preview:large","max-video-preview":"max-video-preview:-1"},"canonical":"https:\/\/gaudiumetspes-blog.pl\/index.php\/2019\/05\/09\/gdy-niebo-wtapia-sie-w-ziemie\/","og_locale":"pl_PL","og_type":"article","og_title":"Gdy Niebo \"wtapia si\u0119\" w ziemi\u0119... - Gaudium Et Spes","og_description":"Szcz\u0119\u015b\u0107 Bo\u017ce! Moi Drodzy, w dniu dzisiejszym urodziny prze\u017cywa Piotr Deres, \u017cyczliwy mi Cz\u0142owiek w Parafii w Tr\u0105bkach. A wczoraj, b\u0119d\u0105c w Kodniu, dowiedzia\u0142em si\u0119, \u017ce urodziny prze\u017cywa\u0142 Proboszcz tamtejszej Parafii, Ojciec Damian Dyba\u0142a, oblat. B\u0119d\u0105c przez chwil\u0119 w Bazylice i widz\u0105c ludzi, id\u0105cych na Msz\u0119 \u015awi\u0119t\u0105 z kwiatami i prezentami, zainteresowa\u0142em si\u0119 tym i [&hellip;]","og_url":"https:\/\/gaudiumetspes-blog.pl\/index.php\/2019\/05\/09\/gdy-niebo-wtapia-sie-w-ziemie\/","og_site_name":"Gaudium Et Spes","article_published_time":"2019-05-09T03:02:00+00:00","article_modified_time":"2019-07-31T11:02:36+00:00","author":"Ks. Jacek","twitter_card":"summary_large_image","twitter_misc":{"Napisane przez":"Ks. Jacek","Szacowany czas czytania":"7 minut"},"schema":{"@context":"https:\/\/schema.org","@graph":[{"@type":"WebPage","@id":"https:\/\/gaudiumetspes-blog.pl\/index.php\/2019\/05\/09\/gdy-niebo-wtapia-sie-w-ziemie\/","url":"https:\/\/gaudiumetspes-blog.pl\/index.php\/2019\/05\/09\/gdy-niebo-wtapia-sie-w-ziemie\/","name":"Gdy Niebo \"wtapia si\u0119\" w ziemi\u0119... - Gaudium Et Spes","isPartOf":{"@id":"https:\/\/gaudiumetspes-blog.pl\/#website"},"datePublished":"2019-05-09T03:02:00+00:00","dateModified":"2019-07-31T11:02:36+00:00","author":{"@id":"https:\/\/gaudiumetspes-blog.pl\/#\/schema\/person\/1661982992b752dea8dff0d4ed845a65"},"breadcrumb":{"@id":"https:\/\/gaudiumetspes-blog.pl\/index.php\/2019\/05\/09\/gdy-niebo-wtapia-sie-w-ziemie\/#breadcrumb"},"inLanguage":"pl-PL","potentialAction":[{"@type":"ReadAction","target":["https:\/\/gaudiumetspes-blog.pl\/index.php\/2019\/05\/09\/gdy-niebo-wtapia-sie-w-ziemie\/"]}]},{"@type":"BreadcrumbList","@id":"https:\/\/gaudiumetspes-blog.pl\/index.php\/2019\/05\/09\/gdy-niebo-wtapia-sie-w-ziemie\/#breadcrumb","itemListElement":[{"@type":"ListItem","position":1,"name":"Strona g\u0142\u00f3wna","item":"https:\/\/gaudiumetspes-blog.pl\/"},{"@type":"ListItem","position":2,"name":"Gdy&nbsp;Niebo &#8222;wtapia si\u0119&#8221; w&nbsp;ziemi\u0119&#8230;"}]},{"@type":"WebSite","@id":"https:\/\/gaudiumetspes-blog.pl\/#website","url":"https:\/\/gaudiumetspes-blog.pl\/","name":"Gaudium Et Spes","description":"Blog Ks. Jacka Ja\u015bkowskiego","potentialAction":[{"@type":"SearchAction","target":{"@type":"EntryPoint","urlTemplate":"https:\/\/gaudiumetspes-blog.pl\/?s={search_term_string}"},"query-input":{"@type":"PropertyValueSpecification","valueRequired":true,"valueName":"search_term_string"}}],"inLanguage":"pl-PL"},{"@type":"Person","@id":"https:\/\/gaudiumetspes-blog.pl\/#\/schema\/person\/1661982992b752dea8dff0d4ed845a65","name":"Ks. Jacek","image":{"@type":"ImageObject","inLanguage":"pl-PL","@id":"https:\/\/gaudiumetspes-blog.pl\/#\/schema\/person\/image\/","url":"https:\/\/gaudiumetspes-blog.pl\/wp-content\/uploads\/2019\/07\/avatar-JJ-150x150.jpg","contentUrl":"https:\/\/gaudiumetspes-blog.pl\/wp-content\/uploads\/2019\/07\/avatar-JJ-150x150.jpg","caption":"Ks. Jacek"},"description":"Witam serdecznie! K\u0142ania si\u0119 Ks. Jacek Ja\u015bkowski. Nie jestem ani kim\u015b wa\u017cnym, ani kim\u015b znanym. Jestem ksi\u0119dzem, kt\u00f3ry po prostu chce rozmawia\u0107. Codzienna kap\u0142a\u0144ska pos\u0142uga pokazuje mi, \u017ce temat\u00f3w do rozm\u00f3w z ksi\u0119dzem jest coraz wi\u0119cej i dzisiaj \u017caden ksi\u0105dz nie mo\u017ce od nich ucieka\u0107, ale - wprost przeciwnie - podejmowa\u0107 nowe wyzwania. To przekonanie sk\u0142oni\u0142o mnie do pr\u00f3by otwarcia tego\u017c bloga, chocia\u017c okazji do rozm\u00f3w na co dzie\u0144 - w konfesjonale i poza nim - na szcz\u0119\u015bcie nie brakuje. My\u015bl\u0119 jednak, \u017ce ten blog b\u0119dzie jeszcze jednym sposobem i przestrzeni\u0105 nawi\u0105zania kontaktu z lud\u017ami dobrej woli, otwartymi na dialog.","url":"https:\/\/gaudiumetspes-blog.pl\/index.php\/author\/ks-jacek\/"}]}},"jetpack_featured_media_url":"","jetpack_sharing_enabled":true,"_links":{"self":[{"href":"https:\/\/gaudiumetspes-blog.pl\/index.php\/wp-json\/wp\/v2\/posts\/14607","targetHints":{"allow":["GET"]}}],"collection":[{"href":"https:\/\/gaudiumetspes-blog.pl\/index.php\/wp-json\/wp\/v2\/posts"}],"about":[{"href":"https:\/\/gaudiumetspes-blog.pl\/index.php\/wp-json\/wp\/v2\/types\/post"}],"author":[{"embeddable":true,"href":"https:\/\/gaudiumetspes-blog.pl\/index.php\/wp-json\/wp\/v2\/users\/1"}],"replies":[{"embeddable":true,"href":"https:\/\/gaudiumetspes-blog.pl\/index.php\/wp-json\/wp\/v2\/comments?post=14607"}],"version-history":[{"count":1,"href":"https:\/\/gaudiumetspes-blog.pl\/index.php\/wp-json\/wp\/v2\/posts\/14607\/revisions"}],"predecessor-version":[{"id":15201,"href":"https:\/\/gaudiumetspes-blog.pl\/index.php\/wp-json\/wp\/v2\/posts\/14607\/revisions\/15201"}],"wp:attachment":[{"href":"https:\/\/gaudiumetspes-blog.pl\/index.php\/wp-json\/wp\/v2\/media?parent=14607"}],"wp:term":[{"taxonomy":"category","embeddable":true,"href":"https:\/\/gaudiumetspes-blog.pl\/index.php\/wp-json\/wp\/v2\/categories?post=14607"},{"taxonomy":"post_tag","embeddable":true,"href":"https:\/\/gaudiumetspes-blog.pl\/index.php\/wp-json\/wp\/v2\/tags?post=14607"}],"curies":[{"name":"wp","href":"https:\/\/api.w.org\/{rel}","templated":true}]}}