{"id":14610,"date":"2019-05-06T05:23:00","date_gmt":"2019-05-06T03:23:00","guid":{"rendered":"https:\/\/gaudiumetspes-blog.pl\/index.php\/2019\/05\/06\/jedni-dla-drugich-apostoami\/"},"modified":"2019-07-31T13:02:36","modified_gmt":"2019-07-31T11:02:36","slug":"jedni-dla-drugich-apostoami","status":"publish","type":"post","link":"https:\/\/gaudiumetspes-blog.pl\/index.php\/2019\/05\/06\/jedni-dla-drugich-apostoami\/","title":{"rendered":"Jedni dla drugich &#8211; aposto\u0142ami!"},"content":{"rendered":"<p><\/p>\n<div align=\"justify\" style=\"font-weight: normal; line-height: 150%; margin-bottom: 0cm;\">\n<span style=\"font-size: x-large;\"><span style=\"color: black;\"><span style=\"font-family: Book Antiqua, serif;\">Szcz\u0119\u015b\u0107<br \/>\nBo\u017ce! Moi Drodzy, w dniu dzisiejszym <b>imieniny prze\u017cywa Filip<br \/>\nG\u0119bala, nale\u017c\u0105cy w swoim czasie do Wsp\u00f3lnoty m\u0142odzie\u017cowej w<br \/>\nTr\u0105bkach. <\/b><\/span><\/span><br \/>\n<\/span><\/div>\n<div align=\"justify\" style=\"background: transparent; line-height: 150%; margin-bottom: 0cm; page-break-before: auto; text-indent: 1.3cm;\">\n<span style=\"color: black;\"><span style=\"font-family: Book Antiqua, serif;\"><span style=\"font-size: x-large;\"><b>Imieniny<br \/>\nprze\u017cywa tak\u017ce Filip Odziemczyk, Lektor w Miastkowie Ko\u015bcielnym i<br \/>\nWiceprezes S\u0142u\u017cby liturgicznej.<\/b><\/span><\/span><\/span><\/div>\n<div align=\"justify\" style=\"background: transparent; line-height: 150%; margin-bottom: 0cm; text-indent: 1.3cm;\">\n<span style=\"font-size: x-large;\"><span style=\"color: black;\"><span style=\"font-family: Book Antiqua, serif;\"><b>Urodziny<br \/>\nnatomiast prze\u017cywa Pani Doktor Marzena Pazik \u2013 Wolska, moja Pani<br \/>\nDentystka. <\/b><\/span><\/span><br \/>\n<\/span><\/div>\n<div align=\"justify\" style=\"background: transparent; line-height: 150%; margin-bottom: 0cm; text-indent: 1.3cm;\">\n<span style=\"font-size: x-large;\"><span style=\"color: black;\"><span style=\"font-family: Book Antiqua, serif;\"><b>Dzi\u0119kuj\u0105c<br \/>\nWszystkim dzi\u015b \u015bwi\u0119tuj\u0105cym za \u017cyczliwo\u015b\u0107, modl\u0119 si\u0119 dla Nich<br \/>\no odwag\u0119 i \u015bwiat\u0142o do bycia aposto\u0142ami Jezusa wobec wszystkich,<br \/>\nkt\u00f3rych Pan postawi na Ich drodze. <\/b><\/span><\/span><br \/>\n<\/span><\/div>\n<div align=\"justify\" style=\"background: transparent; font-weight: normal; line-height: 150%; margin-bottom: 0cm; text-indent: 1.3cm;\">\n<span style=\"color: black;\"><span style=\"font-family: Book Antiqua, serif;\"><span style=\"font-size: x-large;\">\u017bycz\u0119<br \/>\nb\u0142ogos\u0142awionego dnia!<\/span><\/span><\/span><\/div>\n<div align=\"center\" style=\"background: transparent; font-weight: normal; line-height: 150%; margin-bottom: 0cm;\">\n<span style=\"color: black;\"><span style=\"font-family: Book Antiqua, serif;\"><span style=\"font-size: x-large;\">Gaudium<br \/>\net spes!  Ks. Jacek<\/span><\/span><\/span><\/div>\n<div align=\"justify\" style=\"line-height: 150%; margin-bottom: 0cm;\">\n<span style=\"font-size: x-large;\"><\/p>\n<p><\/span><\/div>\n<div align=\"justify\" style=\"line-height: 150%; margin-bottom: 0cm;\">\n<span style=\"color: black;\"><span style=\"font-family: Book Antiqua, serif;\"><span style=\"font-size: x-large;\"><b>\u015awi\u0119to<br \/>\n\u015aw. Aposto\u0142\u00f3w Filipa i Jakuba,<\/b><\/span><\/span><\/span><\/div>\n<div align=\"justify\" style=\"line-height: 150%; margin-bottom: 0cm;\">\n<span style=\"color: black;\"><span style=\"font-family: Book Antiqua, serif;\"><span style=\"font-size: x-large;\"><b>do<br \/>\nczyta\u0144 z t. VI Lekcjonarza:  1 Kor 15,1\u20138;  J 14,6\u201314<\/b><\/span><\/span><\/span><\/div>\n<div align=\"justify\" style=\"line-height: 150%; margin-bottom: 0cm;\">\n<span style=\"font-size: x-large;\"><\/p>\n<p><\/span><\/div>\n<div align=\"justify\" style=\"font-style: normal; font-variant: normal; letter-spacing: normal; line-height: 150%; margin-bottom: 0cm; page-break-before: auto;\">\n<span style=\"color: black;\"><span style=\"font-family: Book Antiqua, serif;\"><span style=\"font-size: x-large;\"><b>CZYTANIE<br \/>\nZ PIERWSZEGO LISTU \u015aWI\u0118TEGO PAW\u0141A APOSTO\u0141A DO KORYNTIAN:<\/b><\/span><\/span><\/span><\/div>\n<div align=\"justify\" style=\"font-style: normal; font-variant: normal; letter-spacing: normal; line-height: 150%; margin-bottom: 0cm; page-break-before: auto; text-indent: 1.3cm;\">\n<span style=\"font-size: x-large;\"><span style=\"color: black;\"><span style=\"font-family: Book Antiqua, serif;\"><b>Przypominam,<br \/>\nbracia, Ewangeli\u0119, kt\u00f3r\u0105 wam g\u0142osi\u0142em, kt\u00f3r\u0105\u015bcie przyj\u0119li i<br \/>\nw kt\u00f3rej te\u017c trwacie. Przez ni\u0105 r\u00f3wnie\u017c b\u0119dziecie zbawieni,<br \/>\nje\u017celi j\u0105 zachowacie tak, jak wam rozkaza\u0142em. Chyba \u017ceby\u015bcie<br \/>\nuwierzyli na pr\u00f3\u017cno. <\/b><\/span><\/span><br \/>\n<\/span><\/div>\n<div align=\"justify\" style=\"font-style: normal; font-variant: normal; letter-spacing: normal; line-height: 150%; margin-bottom: 0cm; text-indent: 1.3cm;\">\n<span style=\"color: black;\"><span style=\"font-family: Book Antiqua, serif;\"><span style=\"font-size: x-large;\"><b>Przekaza\u0142em<br \/>\nwam na pocz\u0105tku to, co przej\u0105\u0142em: \u017ce Chrystus umar\u0142 za nasze<br \/>\ngrzechy, zgodnie z Pismem, \u017ce zosta\u0142 pogrzebany, \u017ce zmartwychwsta\u0142<br \/>\ntrzeciego dnia, zgodnie z Pismem; i \u017ce ukaza\u0142 si\u0119 Kefasowi, a<br \/>\npotem Dwunastu, p\u00f3\u017aniej zjawi\u0142 si\u0119 wi\u0119cej ni\u017c pi\u0119ciuset<br \/>\nbraciom r\u00f3wnocze\u015bnie; wi\u0119kszo\u015b\u0107 z nich \u017cyje dot\u0105d, niekt\u00f3rzy<br \/>\nza\u015b pomarli. Potem ukaza\u0142 si\u0119 Jakubowi, p\u00f3\u017aniej wszystkim<br \/>\nAposto\u0142om. W ko\u0144cu, ju\u017c po wszystkich, ukaza\u0142 si\u0119 tak\u017ce i mnie<br \/>\njako poronionemu p\u0142odowi.<\/b><\/span><\/span><\/span><\/div>\n<div align=\"justify\" style=\"line-height: 150%; margin-bottom: 0cm;\">\n<span style=\"font-size: x-large;\"><\/p>\n<p><\/span><\/div>\n<div align=\"justify\" style=\"font-style: normal; font-variant: normal; letter-spacing: normal; line-height: 150%; margin-bottom: 0cm;\">\n<span style=\"font-size: x-large;\"><span style=\"color: black;\"><span style=\"font-family: Book Antiqua, serif;\"><b>S\u0141OWA<br \/>\nEWANGELII WED\u0141UG \u015aWI\u0118TEGO JANA: <\/b><\/span><\/span><br \/>\n<\/span><\/div>\n<div align=\"justify\" style=\"font-style: normal; font-variant: normal; letter-spacing: normal; line-height: 150%; margin-bottom: 0cm; page-break-before: auto; text-indent: 1.3cm;\">\n<span style=\"font-size: x-large;\"><span style=\"color: black;\"><span style=\"font-family: Book Antiqua, serif;\"><b>Jezus<br \/>\npowiedzia\u0142 do Tomasza: \u201eJa jestem drog\u0105 i prawd\u0105, i \u017cyciem.<br \/>\nNikt nie przychodzi do Ojca inaczej, jak tylko przeze Mnie. Gdyby\u015bcie<br \/>\nMnie poznali, znaliby\u015bcie i mojego Ojca. Ale teraz ju\u017c Go znacie i<br \/>\nzobaczyli\u015bcie\u201d. <\/b><\/span><\/span><br \/>\n<\/span><\/div>\n<div align=\"justify\" style=\"font-style: normal; font-variant: normal; letter-spacing: normal; line-height: 150%; margin-bottom: 0cm; text-indent: 1.3cm;\">\n<span style=\"font-size: x-large;\"><span style=\"color: black;\"><span style=\"font-family: Book Antiqua, serif;\"><b>Rzek\u0142<br \/>\ndo Niego Filip: \u201ePanie, poka\u017c nam Ojca, a to nam wystarczy\u201d. <\/b><\/span><\/span><br \/>\n<\/span><\/div>\n<div align=\"justify\" style=\"font-style: normal; font-variant: normal; letter-spacing: normal; line-height: 150%; margin-bottom: 0cm; text-indent: 1.3cm;\">\n<span style=\"font-size: x-large;\"><span style=\"color: black;\"><span style=\"font-family: Book Antiqua, serif;\"><b>Odpowiedzia\u0142<br \/>\nmu Jezus: \u201eFilipie, tak d\u0142ugo jestem z wami, a jeszcze Mnie nie<br \/>\npozna\u0142e\u015b? Kto Mnie zobaczy\u0142, zobaczy\u0142 tak\u017ce i Ojca. Dlaczego<br \/>\nwi\u0119c m\u00f3wisz: Poka\u017c nam Ojca? Czy nie wierzysz, \u017ce Ja jestem w<br \/>\nOjcu, a Ojciec we Mnie? S\u0142\u00f3w tych, kt\u00f3re wam m\u00f3wi\u0119, nie<br \/>\nwypowiadam od siebie. Ojciec, kt\u00f3ry trwa we Mnie, On sam dokonuje<br \/>\ntych dzie\u0142. Wierzcie Mi, \u017ce Ja jestem w Ojcu, a Ojciec we Mnie.<br \/>\nJe\u017celi za\u015b nie, wierzcie przynajmniej ze wzgl\u0119du na same dzie\u0142a. <\/b><\/span><\/span><br \/>\n<\/span><\/div>\n<div align=\"justify\" style=\"line-height: 150%; margin-bottom: 0cm; text-indent: 1.3cm;\">\n<span style=\"color: black;\"><span style=\"font-family: Book Antiqua, serif;\"><span style=\"font-size: x-large;\"><b><span style=\"font-variant: normal;\"><span style=\"letter-spacing: normal;\"><span style=\"font-style: normal;\">Zaprawd\u0119,<br \/>\nzaprawd\u0119 powiadam wam: Kto we Mnie wierzy, b\u0119dzie tak\u017ce dokonywa\u0142<br \/>\ntych dzie\u0142, kt\u00f3rych Ja dokonuj\u0119, owszem i wi\u0119ksze od tych uczyni,<br \/>\nbo Ja id\u0119 do Ojca. A o cokolwiek prosi\u0107 b\u0119dziecie w imi\u0119 moje, to<br \/>\nuczyni\u0119, aby Ojciec by\u0142 otoczony chwa\u0142\u0105 w Synu. O cokolwiek<br \/>\nprosi\u0107 Mnie b\u0119dziecie w imi\u0119 moje, Ja to spe\u0142ni\u0119\u201d.<\/span><\/span><\/span><\/b><\/span><\/span><\/span><\/div>\n<div align=\"justify\" style=\"line-height: 150%; margin-bottom: 0cm;\">\n<span style=\"font-size: x-large;\"><\/p>\n<p><\/span><\/div>\n<div align=\"justify\" style=\"background: transparent; line-height: 150%; margin-bottom: 0cm; page-break-before: auto; text-indent: 1.3cm;\">\n<span style=\"font-size: x-large;\"><span style=\"color: black;\"><span style=\"font-family: Book Antiqua, serif;\"><span style=\"font-weight: normal;\">Pierwszy<br \/>\nz dzisiejszych Patron\u00f3w,<\/span><b> \u015awi\u0119ty Filip,<\/b> pochodzi\u0142 z<br \/>\nBetsaidy nad Jeziorem Galilejskim. By\u0142 uczniem Jana Chrzciciela.<br \/>\nPowo\u0142any przez Jezusa, <b>zosta\u0142 jednym z dwunastu Jego Uczni\u00f3w.<\/b><br \/>\nA fakt pochodzenia Filipa z miasta Andrzeja i Piotra, wskazuje, \u017ce<br \/>\n<b>wszyscy trzej Aposto\u0142owie musieli si\u0119 zna\u0107 poprzednio,<\/b> \u017ce<br \/>\nzna\u0142 ich dobrze tak\u017ce \u015awi\u0119ty Jan Aposto\u0142, gdy\u017c wspomina o nich<br \/>\nw swojej Ewangelii. <\/span><\/span><br \/>\n<\/span><\/div>\n<div align=\"justify\" style=\"background: transparent; line-height: 150%; margin-bottom: 0cm; text-indent: 1.3cm;\">\n<span style=\"font-size: x-large;\"><span style=\"color: black;\"><span style=\"font-family: Book Antiqua, serif;\">O<br \/>\npowo\u0142aniu Filipa na Aposto\u0142a upewniaj\u0105 nas tak\u017ce katalogi, czyli<br \/>\n<b>trzy wykazy Aposto\u0142\u00f3w, <\/b><span style=\"font-weight: normal;\">jakie<br \/>\nnam pozostawi\u0142y Ewangelie Mateusza, Marka i \u0141ukasza,<\/span> gdzie<br \/>\nFilip jest zawsze wymieniany na pi\u0105tym miejscu. Filip jest <b>czynnym<br \/>\n\u015bwiadkiem cudownego nakarmienia rzeszy przez Pana Jezusa.<\/b> A<br \/>\nmusia\u0142 si\u0119 cieszy\u0107 specjalnym zaufaniem swego Mistrza, skoro<br \/>\npoganie prosz\u0105 go, aby im dopom\u00f3g\u0142 w skontaktowaniu si\u0119 z<br \/>\nChrystusem. <\/span><\/span><br \/>\n<\/span><\/div>\n<div align=\"justify\" style=\"background: transparent; line-height: 150%; margin-bottom: 0cm; text-indent: 1.3cm;\">\n<span style=\"font-size: x-large;\"><span style=\"color: black;\"><span style=\"font-family: Book Antiqua, serif;\"><span style=\"font-weight: normal;\">W<br \/>\nczasie Ostatniej <\/span><span style=\"font-weight: normal;\">W<\/span><span style=\"font-weight: normal;\">ieczerzy<br \/>\n\u2013<\/span><span style=\"font-weight: normal;\"> jak to s\u0142yszymy nawet w<br \/>\ndzisiejszej Ewangelii <\/span><b>\u2013 <\/b><span style=\"font-weight: normal;\">Filip<br \/>\nprosi Pana Jezusa, aby pokaza\u0142 Aposto\u0142om swojego niebieskiego Ojca:<br \/>\n<\/span><i><b>Panie, poka\u017c nam Ojca, a to nam wystarczy<\/b><\/i><b>.<\/b><br \/>\nPostawione przez Filipa pytanie da\u0142o Jezusowi okazj\u0119 wyt\u0142umaczenia<br \/>\nAposto\u0142om <b>najintymniejszego zwi\u0105zku,<\/b> jaki w tajemnicy Tr\u00f3jcy<br \/>\nPrzenaj\u015bwi\u0119tszej istnieje <b>pomi\u0119dzy Ojcem i Synem.<\/b> Tyle<br \/>\ninformacji o Filipie podaje Pismo \u015awi\u0119te. <\/span><\/span><br \/>\n<\/span><\/div>\n<div align=\"justify\" style=\"background: transparent; line-height: 150%; margin-bottom: 0cm; text-indent: 1.3cm;\">\n<span style=\"font-size: x-large;\"><span style=\"color: black;\"><span style=\"font-family: Book Antiqua, serif;\">Ojcowie<br \/>\nKo\u015bcio\u0142a w swoich pismach zamieszczaj\u0105 jeszcze inne wiadomo\u015bci o<br \/>\nApostole, jednak przekazy te nie s\u0105 sp\u00f3jne, ani do ko\u0144ca pewne.<br \/>\nWed\u0142ug nich, <span style=\"font-weight: normal;\">Filip mia\u0142<br \/>\naposto\u0142owa\u0107 r\u00f3wnie\u017c w Scytii \u2013<\/span><b> a wi\u0119c w okoli<\/b><b>ca<\/b><b>ch<br \/>\nDonu i Dniepru.<\/b> By\u0142by to wi\u0119c pierwszy Aposto\u0142 S\u0142owian. Potem<br \/>\nmia\u0142 przenie\u015b\u0107 si\u0119 do Frygii, w Ma\u0142ej Azji i w jej stolicy,<br \/>\nHierapolis, <b>mia\u0142 ponie\u015b\u0107 m\u0119cze\u0144sk\u0105 \u015bmier\u0107 za panowania<br \/>\nDomicjana<\/b> \u2013 przez ukrzy\u017cowanie, a potem ukamienowanie. <\/span><\/span><br \/>\n<\/span><\/div>\n<div align=\"justify\" style=\"background: transparent; line-height: 150%; margin-bottom: 0cm; text-indent: 1.3cm;\">\n<span style=\"font-size: x-large;\"><span style=\"color: black;\"><span style=\"font-family: Book Antiqua, serif;\">Z<br \/>\nkolei drugi dzisiejszy Patron, <b>\u015awi\u0119ty<\/b> <b>Jakub,<\/b> <b>zwany<br \/>\nM\u0142odszym lub Mniejszym,<\/b> by\u0142 synem Kleofasa i Marii, rodzonym<br \/>\nbratem \u015awi\u0119tego Judy Tadeusza, krewnym Jezusa. <span style=\"font-weight: normal;\">W<br \/>\nkatalogach<\/span><b> <\/b><span style=\"font-weight: normal;\">Aposto\u0142\u00f3w<\/span><b><br \/>\n<\/b><span style=\"font-weight: normal;\">jest wymieniany<\/span><b> na<br \/>\njednym z ostatnich miejsc,<\/b> co oznacza, \u017ce przy\u0142\u0105czy\u0142 si\u0119 do<br \/>\ngrona Aposto\u0142\u00f3w najp\u00f3\u017aniej. Pochodzi\u0142 z Nazaretu. Jego matka<br \/>\nmia\u0142a na imi\u0119 Maria, jego ojcem by\u0142 Alfeusz, zwany r\u00f3wnie\u017c<br \/>\nKleofasem. Po Zmartwychwstaniu Jezusa Jakub <b>wyr\u00f3\u017cnia\u0142 si\u0119<br \/>\nw\u015br\u00f3d Aposto\u0142\u00f3w jako przewodnicz\u0105cy gminy chrze\u015bcija\u0144skiej w<br \/>\nJerozolimie.<\/b> Kiedy \u015awi\u0119ty Piotr zosta\u0142 cudownie uwolniony<br \/>\nprzez Anio\u0142a z wi\u0119zienia, ka\u017ce o tym oznajmi\u0107 Jakubowi. <\/span><\/span><br \/>\n<\/span><\/div>\n<div align=\"justify\" style=\"background: transparent; line-height: 150%; margin-bottom: 0cm; text-indent: 1.3cm;\">\n<span style=\"color: black;\"><span style=\"font-family: Book Antiqua, serif;\"><span style=\"font-size: x-large;\">Na<br \/>\npierwszym w dziejach Ko\u015bcio\u0142a Soborze, zwanym <b>Soborem<br \/>\nJerozolimskim, Jakub zaraz po Piotrze za<\/b><b>bra\u0142<\/b><b> g\u0142os<\/b><br \/>\ni wp\u0142yn\u0105\u0142 na to, \u017ce \u015awi\u0119ty Pawe\u0142 m\u00f3g\u0142 spokojnie pe\u0142ni\u0107<br \/>\nswoj\u0105 misj\u0119 w\u015br\u00f3d pogan, nie narzucaj\u0105c im przepis\u00f3w Prawa<br \/>\nMoj\u017ceszowego. I chocia\u017c p\u00f3\u017aniej <b>pomi\u0119dzy Jakubem a Paw\u0142em<br \/>\nzaistnia\u0142y pewne r\u00f3\u017cnice<\/b> co do zasad przestrzegania Prawa<br \/>\nMoj\u017ceszowego przez nawracaj\u0105cych si\u0119 \u017byd\u00f3w, to jednak<br \/>\n<b>Aposto\u0142owie zachowali dla siebie ogromny szacunek,<\/b> w imi\u0119<br \/>\nkt\u00f3rego Pawe\u0142 nie waha\u0142 si\u0119 nazwa\u0107 Jakuba filarem Ko\u015bcio\u0142a.<\/span><\/span><\/span><\/div>\n<div align=\"justify\" style=\"background: transparent; line-height: 150%; margin-bottom: 0cm; text-indent: 1.3cm;\">\n<span style=\"color: black;\"><span style=\"font-family: Book Antiqua, serif;\"><span style=\"font-size: x-large;\"><span style=\"font-variant: normal;\"><span style=\"letter-spacing: normal;\"><span style=\"font-style: normal;\"><span style=\"font-weight: normal;\">Jakub<br \/>\nzostawi\u0142 list do wiernych Ko\u015bcio\u0142a narodowo\u015bci \u017cydowskiej.<br \/>\nNapisa\u0142 go w latach 45\u201349. <\/span><\/span><\/span><\/span><span style=\"font-variant: normal;\"><span style=\"letter-spacing: normal;\"><span style=\"font-style: normal;\"><b>\u015amier\u0107<br \/>\nm\u0119cze\u0144sk\u0105 za\u015b \u2013 przez ukamienowanie \u2013 poni\u00f3s\u0142 w roku 62, <\/b><\/span><\/span><\/span><span style=\"font-variant: normal;\"><span style=\"letter-spacing: normal;\"><span style=\"font-style: normal;\"><span style=\"font-weight: normal;\">za<br \/>\npanowania cesarza Nerona. W\u015br\u00f3d pism przypisywanych \u015awi\u0119temu<br \/>\nJakubowi, chocia\u017c autorem ich faktycznie nie by\u0142, istnieje tak<br \/>\nzwana <\/span><\/span><\/span><\/span><span style=\"font-variant: normal;\"><span style=\"letter-spacing: normal;\"><span style=\"font-style: normal;\"><b>\u201e<\/b><\/span><\/span><\/span><span style=\"font-variant: normal;\"><span style=\"letter-spacing: normal;\"><span style=\"font-style: normal;\"><b>Ewangelia<br \/>\nJakuba\u201d,<\/b><\/span><\/span><\/span><span style=\"font-variant: normal;\"><span style=\"letter-spacing: normal;\"><span style=\"font-style: normal;\"><b><br \/>\nzwana tak\u017ce \u201e<\/b><\/span><\/span><\/span><span style=\"font-variant: normal;\"><span style=\"letter-spacing: normal;\"><span style=\"font-style: normal;\"><b>Protoewangeli\u0105<br \/>\nJakuba\u201d.<\/b><\/span><\/span><\/span><span style=\"font-variant: normal;\"><span style=\"letter-spacing: normal;\"><span style=\"font-style: normal;\"><span style=\"font-weight: normal;\"><br \/>\nApokryf pochodzi z wieku II. Zawiera wiele ciekawych szczeg\u00f3\u0142\u00f3w z<br \/>\n\u017cycia Naj\u015bwi\u0119tszej Maryi Panny, kt\u00f3re zapewne przekaza\u0142a<br \/>\npierwotna tradycja chrze\u015bcija\u0144ska.<\/span><\/span><\/span><\/span><\/span><\/span><\/span><\/div>\n<div align=\"justify\" style=\"background: transparent; font-style: normal; font-variant: normal; font-weight: normal; letter-spacing: normal; line-height: 150%; margin-bottom: 0cm; text-indent: 1.3cm;\">\n<span style=\"font-size: x-large;\"><span style=\"color: black;\"><span style=\"font-family: Book Antiqua, serif;\">Czytania<br \/>\nmszalne, kt\u00f3rych przed chwil\u0105 wys\u0142uchali\u015bmy, a kt\u00f3re s\u0105<br \/>\nprzeznaczone specjalnie na dzisiejsze \u015awi\u0119to, szczeg\u00f3lnie w<br \/>\nzdaniu: <i><b>Panie, poka\u017c nam Ojca, a to nam wystarczy, <\/b><\/i>wyra\u017caj\u0105<br \/>\npragnienie ludzi wszystkich czas\u00f3w, jakim jest <b>ujrzenie Tego, <\/b>w<br \/>\nkogo wierz\u0105, Komu oddaj\u0105 cze\u015b\u0107, do Kogo si\u0119 modl\u0105\u2026 Zw\u0142aszcza,<br \/>\nje\u017celi Jego istnienie osnute jest tak wielk\u0105 tajemnic\u0105 \u2013 je\u015bli<br \/>\nOn sam w sobie jest <b>jedn\u0105 wielk\u0105 Tajemnic\u0105\u2026<\/b> <\/span><\/span><br \/>\n<\/span><\/div>\n<div align=\"justify\" style=\"background: transparent; font-style: normal; font-variant: normal; font-weight: normal; letter-spacing: normal; line-height: 150%; margin-bottom: 0cm; text-indent: 1.3cm;\">\n<span style=\"font-size: x-large;\"><span style=\"color: black;\"><span style=\"font-family: Book Antiqua, serif;\">Jednak\u017ce<br \/>\nodpowied\u017a, jak\u0105 na t\u0119 pro\u015bb\u0119 da\u0142 Jezus, jest te\u017c bardzo<br \/>\ntajemnicza. S\u0142yszymy bowiem: <i><b>Kto Mnie zobaczy\u0142, zobaczy\u0142<br \/>\ntak\u017ce i Ojca. Dlaczego wi\u0119c m\u00f3wisz: Poka\u017c nam Ojca? Czy nie<br \/>\nwierzysz, \u017ce Ja jestem w Ojcu, a Ojciec we Mnie?<\/b><\/i><br \/>\nStwierdzenie samo w sobie wydaje si\u0119 jasne: Syn nosi w sobie <b>pe\u0142ne<br \/>\npodobie\u0144stwo<\/b> do Ojca. Je\u017celi jednak pr\u00f3bowaliby\u015bmy zg\u0142\u0119bi\u0107,<br \/>\nna czym owo podobie\u0144stwo \u2013 a tak w\u0142a\u015bciwie: ta intymna i<br \/>\nnajg\u0142\u0119bsza wi\u0119\u017a \u2013 polega, z pewno\u015bci\u0105 <b>naszymi tylko<br \/>\nludzkimi si\u0142ami<\/b> nie b\u0119dziemy w stanie tego ogarn\u0105\u0107. To<br \/>\nkolejny obszar Tajemnicy. Tajemnicy samego Boga. <\/span><\/span><br \/>\n<\/span><\/div>\n<div align=\"justify\" style=\"background: transparent; font-style: normal; font-variant: normal; font-weight: normal; letter-spacing: normal; line-height: 150%; margin-bottom: 0cm; text-indent: 1.3cm;\">\n<span style=\"font-size: x-large;\"><span style=\"color: black;\"><span style=\"font-family: Book Antiqua, serif;\">I<br \/>\nchocia\u017c Filip z ca\u0142\u0105 pewno\u015bci\u0105 tak\u017ce s\u0142\u00f3w tych <b>nie<br \/>\nzrozumia\u0142 do ko\u0144ca<\/b> \u2013 a mo\u017ce nawet tylko w niewielkim stopniu<br \/>\nzrozumia\u0142 \u2013 to jednak za <b>apostolsk\u0105 powinno\u015b\u0107<\/b> poczyta\u0142<br \/>\nsobie <b>przybli\u017canie ludzi do tej wielkiej Tajemnicy<\/b> \u2013<br \/>\nprowadzenie ludzi do Boga. <\/span><\/span><br \/>\n<\/span><\/div>\n<div align=\"justify\" style=\"background: transparent; font-style: normal; font-variant: normal; font-weight: normal; letter-spacing: normal; line-height: 150%; margin-bottom: 0cm; text-indent: 1.3cm;\">\n<span style=\"font-size: x-large;\"><span style=\"color: black;\"><span style=\"font-family: Book Antiqua, serif;\">Zreszt\u0105,<br \/>\nt\u0119 sam\u0105 misj\u0119 realizowa\u0142 \u015awi\u0119ty Jakub, kt\u00f3ry \u2013 je\u015bli tak<br \/>\nmo\u017cna powiedzie\u0107 \u2013 <b>zbli\u017cy\u0142 Jezusa<\/b> do cz\u0142onk\u00f3w m\u0142odego<br \/>\nKo\u015bcio\u0142a pochodzenia \u017cydowskiego, rozstrzygaj\u0105c na Soborze<br \/>\nJerozolimskim, \u017ce chc\u0105c sta\u0107 si\u0119 cz\u0142onkami Ko\u015bcio\u0142a, <b>nie<br \/>\nmusz\u0105 przechodzi\u0107 przez praktyki judaizmu. <\/b><\/span><\/span><br \/>\n<\/span><\/div>\n<div align=\"justify\" style=\"background: transparent; font-style: normal; font-variant: normal; font-weight: normal; letter-spacing: normal; line-height: 150%; margin-bottom: 0cm; text-indent: 1.3cm;\">\n<span style=\"font-size: x-large;\"><span style=\"color: black;\"><span style=\"font-family: Book Antiqua, serif;\">I<br \/>\ntak to ju\u017c jest, moi Drodzy, \u017ce <b>jedni pomagaj\u0105 drugim<\/b> w<br \/>\nzbli\u017caniu si\u0119 do Boga, do Jego niezmierzonej tajemnicy, a<br \/>\njednocze\u015bnie \u2013 <b>do wsp\u00f3lnoty Ko\u015bcio\u0142a.<\/b> Przecie\u017c w taki<br \/>\nw\u0142a\u015bnie spos\u00f3b do tej Tajemnicy zbli\u017cy\u0142 si\u0119 tak\u017ce \u015awi\u0119ty<br \/>\nPawe\u0142, o czym wyra\u017anie m\u00f3wi dzi\u015b do Koryntian, ale i do nas<br \/>\nwszystkich, w pierwszym czytaniu, w s\u0142owach: <i><b>Przekaza\u0142em wam<br \/>\nna pocz\u0105tku to, co przej\u0105\u0142em\u2026<\/b><\/i><b> <\/b>Od kogo przej\u0105\u0142?<br \/>\nPrzecie\u017c od wsp\u00f3lnoty Ko\u015bcio\u0142a. <\/span><\/span><br \/>\n<\/span><\/div>\n<div align=\"justify\" style=\"background: transparent; font-style: normal; font-variant: normal; font-weight: normal; letter-spacing: normal; line-height: 150%; margin-bottom: 0cm; text-indent: 1.3cm;\">\n<span style=\"font-size: x-large;\"><span style=\"color: black;\"><span style=\"font-family: Book Antiqua, serif;\">Owszem,<br \/>\nPan jemu samemu tak\u017ce si\u0119 ukaza\u0142, o czym Pawe\u0142 niezwykle pokornie<br \/>\nprzypomina w s\u0142owach: <i><b>W ko\u0144cu, ju\u017c po wszystkich, ukaza\u0142<br \/>\nsi\u0119 tak\u017ce i mnie jako poronionemu p\u0142odowi,<\/b><\/i> a my dobrze<br \/>\nwiemy, jak wygl\u0105da\u0142o to ukazanie si\u0119 i w jakiej atmosferze si\u0119<br \/>\nodby\u0142o\u2026 Ale, w takim razie, na pewno tak\u017ce pami\u0119tamy, \u017ce Jezus,<br \/>\nrozmawiaj\u0105c z Szaw\u0142em pod Damaszkiem, od razu <b>skierowa\u0142 go do<br \/>\ncz\u0142onk\u00f3w swego Ko\u015bcio\u0142a!<\/b> I to oni stopniowo przekazywali mu<br \/>\nto, <b>co <\/b><b>on od nich <\/b><b>\u201eprzej\u0105\u0142\u201d,<\/b> by nast\u0119pnie<br \/>\nto on innym przekaza\u0142, aby i oni mogli <b>\u201eprzej\u0105\u0107\u201d.<\/b><br \/>\nS\u0142yszymy o tym ju\u017c w pierwszych zdaniach dzisiejszego fragmentu<br \/>\nListu do Koryntian: <i><b>Przypominam, bracia, Ewangeli\u0119, kt\u00f3r\u0105<br \/>\nwam g\u0142osi\u0142em, kt\u00f3r\u0105\u015bcie przyj\u0119li i w kt\u00f3rej te\u017c trwacie.<br \/>\nPrzez ni\u0105 r\u00f3wnie\u017c b\u0119dziecie zbawieni, je\u017celi j\u0105 zachowacie tak,<br \/>\njak wam rozkaza\u0142em.<\/b><\/i><i> <\/i><\/span><\/span><br \/>\n<\/span><\/div>\n<div align=\"justify\" style=\"background: transparent; font-style: normal; font-variant: normal; font-weight: normal; letter-spacing: normal; line-height: 150%; margin-bottom: 0cm; text-indent: 1.3cm;\">\n<span style=\"color: black;\"><span style=\"font-family: Book Antiqua, serif;\"><span style=\"font-size: x-large;\">I<br \/>\ntak\u0105 to drog\u0105, moi Drodzy, Dobra Nowina dociera do serc ludzkich \u2013<br \/>\nna drodze <b>wzajemnego przekazywania i przejmowania.<\/b> Jedni dla<br \/>\ndrugich \u2013 <b>jeste\u015bmy dla siebie nawzajem aposto\u0142ami!<\/b> I jest<br \/>\nto naszym wielkim przywilejem, zaszczytem i rado\u015bci\u0105. Ale te\u017c \u2013<br \/>\nbardzo konkretnym obowi\u0105zkiem!<\/span><\/span><\/span><\/div>\n<div align=\"justify\" style=\"background: transparent; font-style: normal; font-variant: normal; font-weight: normal; letter-spacing: normal; line-height: 150%; margin-bottom: 0cm; text-indent: 1.3cm;\">\n<span style=\"color: black;\"><span style=\"font-family: Book Antiqua, serif;\"><span style=\"font-size: x-large;\">Jak<br \/>\nsi\u0119 z niego na co dzie\u0144 wywi\u0105zujemy?\u2026<\/span><\/span><\/span><\/div>\n","protected":false},"excerpt":{"rendered":"<p>Szcz\u0119\u015b\u0107 Bo\u017ce! Moi Drodzy, w dniu dzisiejszym imieniny prze\u017cywa Filip G\u0119bala, nale\u017c\u0105cy w swoim czasie do Wsp\u00f3lnoty m\u0142odzie\u017cowej w Tr\u0105bkach. Imieniny prze\u017cywa tak\u017ce Filip Odziemczyk, Lektor w Miastkowie Ko\u015bcielnym i Wiceprezes S\u0142u\u017cby liturgicznej. Urodziny natomiast prze\u017cywa Pani Doktor Marzena Pazik \u2013 Wolska, moja Pani Dentystka. Dzi\u0119kuj\u0105c Wszystkim dzi\u015b \u015bwi\u0119tuj\u0105cym za \u017cyczliwo\u015b\u0107, modl\u0119 si\u0119 dla Nich [&hellip;]<\/p>\n","protected":false},"author":1,"featured_media":0,"comment_status":"open","ping_status":"open","sticky":false,"template":"","format":"standard","meta":{"jetpack_post_was_ever_published":false,"_jetpack_newsletter_access":"","_jetpack_dont_email_post_to_subs":false,"_jetpack_newsletter_tier_id":0,"_jetpack_memberships_contains_paywalled_content":false,"_jetpack_memberships_contains_paid_content":false,"footnotes":""},"categories":[1],"tags":[],"class_list":["post-14610","post","type-post","status-publish","format-standard","hentry","category-bez-kategorii"],"yoast_head":"<!-- This site is optimized with the Yoast SEO plugin v25.1 - https:\/\/yoast.com\/wordpress\/plugins\/seo\/ -->\n<title>Jedni dla drugich - aposto\u0142ami! - Gaudium Et Spes<\/title>\n<meta name=\"robots\" content=\"index, follow, max-snippet:-1, max-image-preview:large, max-video-preview:-1\" \/>\n<link rel=\"canonical\" href=\"https:\/\/gaudiumetspes-blog.pl\/index.php\/2019\/05\/06\/jedni-dla-drugich-apostoami\/\" \/>\n<meta property=\"og:locale\" content=\"pl_PL\" \/>\n<meta property=\"og:type\" content=\"article\" \/>\n<meta property=\"og:title\" content=\"Jedni dla drugich - aposto\u0142ami! - Gaudium Et Spes\" \/>\n<meta property=\"og:description\" content=\"Szcz\u0119\u015b\u0107 Bo\u017ce! Moi Drodzy, w dniu dzisiejszym imieniny prze\u017cywa Filip G\u0119bala, nale\u017c\u0105cy w swoim czasie do Wsp\u00f3lnoty m\u0142odzie\u017cowej w Tr\u0105bkach. Imieniny prze\u017cywa tak\u017ce Filip Odziemczyk, Lektor w Miastkowie Ko\u015bcielnym i Wiceprezes S\u0142u\u017cby liturgicznej. Urodziny natomiast prze\u017cywa Pani Doktor Marzena Pazik \u2013 Wolska, moja Pani Dentystka. Dzi\u0119kuj\u0105c Wszystkim dzi\u015b \u015bwi\u0119tuj\u0105cym za \u017cyczliwo\u015b\u0107, modl\u0119 si\u0119 dla Nich [&hellip;]\" \/>\n<meta property=\"og:url\" content=\"https:\/\/gaudiumetspes-blog.pl\/index.php\/2019\/05\/06\/jedni-dla-drugich-apostoami\/\" \/>\n<meta property=\"og:site_name\" content=\"Gaudium Et Spes\" \/>\n<meta property=\"article:published_time\" content=\"2019-05-06T03:23:00+00:00\" \/>\n<meta property=\"article:modified_time\" content=\"2019-07-31T11:02:36+00:00\" \/>\n<meta name=\"author\" content=\"Ks. Jacek\" \/>\n<meta name=\"twitter:card\" content=\"summary_large_image\" \/>\n<meta name=\"twitter:label1\" content=\"Napisane przez\" \/>\n\t<meta name=\"twitter:data1\" content=\"Ks. Jacek\" \/>\n\t<meta name=\"twitter:label2\" content=\"Szacowany czas czytania\" \/>\n\t<meta name=\"twitter:data2\" content=\"8 minut\" \/>\n<script type=\"application\/ld+json\" class=\"yoast-schema-graph\">{\"@context\":\"https:\/\/schema.org\",\"@graph\":[{\"@type\":\"WebPage\",\"@id\":\"https:\/\/gaudiumetspes-blog.pl\/index.php\/2019\/05\/06\/jedni-dla-drugich-apostoami\/\",\"url\":\"https:\/\/gaudiumetspes-blog.pl\/index.php\/2019\/05\/06\/jedni-dla-drugich-apostoami\/\",\"name\":\"Jedni dla drugich - aposto\u0142ami! - Gaudium Et Spes\",\"isPartOf\":{\"@id\":\"https:\/\/gaudiumetspes-blog.pl\/#website\"},\"datePublished\":\"2019-05-06T03:23:00+00:00\",\"dateModified\":\"2019-07-31T11:02:36+00:00\",\"author\":{\"@id\":\"https:\/\/gaudiumetspes-blog.pl\/#\/schema\/person\/1661982992b752dea8dff0d4ed845a65\"},\"breadcrumb\":{\"@id\":\"https:\/\/gaudiumetspes-blog.pl\/index.php\/2019\/05\/06\/jedni-dla-drugich-apostoami\/#breadcrumb\"},\"inLanguage\":\"pl-PL\",\"potentialAction\":[{\"@type\":\"ReadAction\",\"target\":[\"https:\/\/gaudiumetspes-blog.pl\/index.php\/2019\/05\/06\/jedni-dla-drugich-apostoami\/\"]}]},{\"@type\":\"BreadcrumbList\",\"@id\":\"https:\/\/gaudiumetspes-blog.pl\/index.php\/2019\/05\/06\/jedni-dla-drugich-apostoami\/#breadcrumb\",\"itemListElement\":[{\"@type\":\"ListItem\",\"position\":1,\"name\":\"Strona g\u0142\u00f3wna\",\"item\":\"https:\/\/gaudiumetspes-blog.pl\/\"},{\"@type\":\"ListItem\",\"position\":2,\"name\":\"Jedni dla drugich &#8211; aposto\u0142ami!\"}]},{\"@type\":\"WebSite\",\"@id\":\"https:\/\/gaudiumetspes-blog.pl\/#website\",\"url\":\"https:\/\/gaudiumetspes-blog.pl\/\",\"name\":\"Gaudium Et Spes\",\"description\":\"Blog Ks. Jacka Ja\u015bkowskiego\",\"potentialAction\":[{\"@type\":\"SearchAction\",\"target\":{\"@type\":\"EntryPoint\",\"urlTemplate\":\"https:\/\/gaudiumetspes-blog.pl\/?s={search_term_string}\"},\"query-input\":{\"@type\":\"PropertyValueSpecification\",\"valueRequired\":true,\"valueName\":\"search_term_string\"}}],\"inLanguage\":\"pl-PL\"},{\"@type\":\"Person\",\"@id\":\"https:\/\/gaudiumetspes-blog.pl\/#\/schema\/person\/1661982992b752dea8dff0d4ed845a65\",\"name\":\"Ks. Jacek\",\"image\":{\"@type\":\"ImageObject\",\"inLanguage\":\"pl-PL\",\"@id\":\"https:\/\/gaudiumetspes-blog.pl\/#\/schema\/person\/image\/\",\"url\":\"https:\/\/gaudiumetspes-blog.pl\/wp-content\/uploads\/2019\/07\/avatar-JJ-150x150.jpg\",\"contentUrl\":\"https:\/\/gaudiumetspes-blog.pl\/wp-content\/uploads\/2019\/07\/avatar-JJ-150x150.jpg\",\"caption\":\"Ks. Jacek\"},\"description\":\"Witam serdecznie! K\u0142ania si\u0119 Ks. Jacek Ja\u015bkowski. Nie jestem ani kim\u015b wa\u017cnym, ani kim\u015b znanym. Jestem ksi\u0119dzem, kt\u00f3ry po prostu chce rozmawia\u0107. Codzienna kap\u0142a\u0144ska pos\u0142uga pokazuje mi, \u017ce temat\u00f3w do rozm\u00f3w z ksi\u0119dzem jest coraz wi\u0119cej i dzisiaj \u017caden ksi\u0105dz nie mo\u017ce od nich ucieka\u0107, ale - wprost przeciwnie - podejmowa\u0107 nowe wyzwania. To przekonanie sk\u0142oni\u0142o mnie do pr\u00f3by otwarcia tego\u017c bloga, chocia\u017c okazji do rozm\u00f3w na co dzie\u0144 - w konfesjonale i poza nim - na szcz\u0119\u015bcie nie brakuje. My\u015bl\u0119 jednak, \u017ce ten blog b\u0119dzie jeszcze jednym sposobem i przestrzeni\u0105 nawi\u0105zania kontaktu z lud\u017ami dobrej woli, otwartymi na dialog.\",\"url\":\"https:\/\/gaudiumetspes-blog.pl\/index.php\/author\/ks-jacek\/\"}]}<\/script>\n<!-- \/ Yoast SEO plugin. -->","yoast_head_json":{"title":"Jedni dla drugich - aposto\u0142ami! - Gaudium Et Spes","robots":{"index":"index","follow":"follow","max-snippet":"max-snippet:-1","max-image-preview":"max-image-preview:large","max-video-preview":"max-video-preview:-1"},"canonical":"https:\/\/gaudiumetspes-blog.pl\/index.php\/2019\/05\/06\/jedni-dla-drugich-apostoami\/","og_locale":"pl_PL","og_type":"article","og_title":"Jedni dla drugich - aposto\u0142ami! - Gaudium Et Spes","og_description":"Szcz\u0119\u015b\u0107 Bo\u017ce! Moi Drodzy, w dniu dzisiejszym imieniny prze\u017cywa Filip G\u0119bala, nale\u017c\u0105cy w swoim czasie do Wsp\u00f3lnoty m\u0142odzie\u017cowej w Tr\u0105bkach. Imieniny prze\u017cywa tak\u017ce Filip Odziemczyk, Lektor w Miastkowie Ko\u015bcielnym i Wiceprezes S\u0142u\u017cby liturgicznej. Urodziny natomiast prze\u017cywa Pani Doktor Marzena Pazik \u2013 Wolska, moja Pani Dentystka. Dzi\u0119kuj\u0105c Wszystkim dzi\u015b \u015bwi\u0119tuj\u0105cym za \u017cyczliwo\u015b\u0107, modl\u0119 si\u0119 dla Nich [&hellip;]","og_url":"https:\/\/gaudiumetspes-blog.pl\/index.php\/2019\/05\/06\/jedni-dla-drugich-apostoami\/","og_site_name":"Gaudium Et Spes","article_published_time":"2019-05-06T03:23:00+00:00","article_modified_time":"2019-07-31T11:02:36+00:00","author":"Ks. Jacek","twitter_card":"summary_large_image","twitter_misc":{"Napisane przez":"Ks. Jacek","Szacowany czas czytania":"8 minut"},"schema":{"@context":"https:\/\/schema.org","@graph":[{"@type":"WebPage","@id":"https:\/\/gaudiumetspes-blog.pl\/index.php\/2019\/05\/06\/jedni-dla-drugich-apostoami\/","url":"https:\/\/gaudiumetspes-blog.pl\/index.php\/2019\/05\/06\/jedni-dla-drugich-apostoami\/","name":"Jedni dla drugich - aposto\u0142ami! - Gaudium Et Spes","isPartOf":{"@id":"https:\/\/gaudiumetspes-blog.pl\/#website"},"datePublished":"2019-05-06T03:23:00+00:00","dateModified":"2019-07-31T11:02:36+00:00","author":{"@id":"https:\/\/gaudiumetspes-blog.pl\/#\/schema\/person\/1661982992b752dea8dff0d4ed845a65"},"breadcrumb":{"@id":"https:\/\/gaudiumetspes-blog.pl\/index.php\/2019\/05\/06\/jedni-dla-drugich-apostoami\/#breadcrumb"},"inLanguage":"pl-PL","potentialAction":[{"@type":"ReadAction","target":["https:\/\/gaudiumetspes-blog.pl\/index.php\/2019\/05\/06\/jedni-dla-drugich-apostoami\/"]}]},{"@type":"BreadcrumbList","@id":"https:\/\/gaudiumetspes-blog.pl\/index.php\/2019\/05\/06\/jedni-dla-drugich-apostoami\/#breadcrumb","itemListElement":[{"@type":"ListItem","position":1,"name":"Strona g\u0142\u00f3wna","item":"https:\/\/gaudiumetspes-blog.pl\/"},{"@type":"ListItem","position":2,"name":"Jedni dla drugich &#8211; aposto\u0142ami!"}]},{"@type":"WebSite","@id":"https:\/\/gaudiumetspes-blog.pl\/#website","url":"https:\/\/gaudiumetspes-blog.pl\/","name":"Gaudium Et Spes","description":"Blog Ks. Jacka Ja\u015bkowskiego","potentialAction":[{"@type":"SearchAction","target":{"@type":"EntryPoint","urlTemplate":"https:\/\/gaudiumetspes-blog.pl\/?s={search_term_string}"},"query-input":{"@type":"PropertyValueSpecification","valueRequired":true,"valueName":"search_term_string"}}],"inLanguage":"pl-PL"},{"@type":"Person","@id":"https:\/\/gaudiumetspes-blog.pl\/#\/schema\/person\/1661982992b752dea8dff0d4ed845a65","name":"Ks. Jacek","image":{"@type":"ImageObject","inLanguage":"pl-PL","@id":"https:\/\/gaudiumetspes-blog.pl\/#\/schema\/person\/image\/","url":"https:\/\/gaudiumetspes-blog.pl\/wp-content\/uploads\/2019\/07\/avatar-JJ-150x150.jpg","contentUrl":"https:\/\/gaudiumetspes-blog.pl\/wp-content\/uploads\/2019\/07\/avatar-JJ-150x150.jpg","caption":"Ks. Jacek"},"description":"Witam serdecznie! K\u0142ania si\u0119 Ks. Jacek Ja\u015bkowski. Nie jestem ani kim\u015b wa\u017cnym, ani kim\u015b znanym. Jestem ksi\u0119dzem, kt\u00f3ry po prostu chce rozmawia\u0107. Codzienna kap\u0142a\u0144ska pos\u0142uga pokazuje mi, \u017ce temat\u00f3w do rozm\u00f3w z ksi\u0119dzem jest coraz wi\u0119cej i dzisiaj \u017caden ksi\u0105dz nie mo\u017ce od nich ucieka\u0107, ale - wprost przeciwnie - podejmowa\u0107 nowe wyzwania. To przekonanie sk\u0142oni\u0142o mnie do pr\u00f3by otwarcia tego\u017c bloga, chocia\u017c okazji do rozm\u00f3w na co dzie\u0144 - w konfesjonale i poza nim - na szcz\u0119\u015bcie nie brakuje. My\u015bl\u0119 jednak, \u017ce ten blog b\u0119dzie jeszcze jednym sposobem i przestrzeni\u0105 nawi\u0105zania kontaktu z lud\u017ami dobrej woli, otwartymi na dialog.","url":"https:\/\/gaudiumetspes-blog.pl\/index.php\/author\/ks-jacek\/"}]}},"jetpack_featured_media_url":"","jetpack_sharing_enabled":true,"_links":{"self":[{"href":"https:\/\/gaudiumetspes-blog.pl\/index.php\/wp-json\/wp\/v2\/posts\/14610","targetHints":{"allow":["GET"]}}],"collection":[{"href":"https:\/\/gaudiumetspes-blog.pl\/index.php\/wp-json\/wp\/v2\/posts"}],"about":[{"href":"https:\/\/gaudiumetspes-blog.pl\/index.php\/wp-json\/wp\/v2\/types\/post"}],"author":[{"embeddable":true,"href":"https:\/\/gaudiumetspes-blog.pl\/index.php\/wp-json\/wp\/v2\/users\/1"}],"replies":[{"embeddable":true,"href":"https:\/\/gaudiumetspes-blog.pl\/index.php\/wp-json\/wp\/v2\/comments?post=14610"}],"version-history":[{"count":1,"href":"https:\/\/gaudiumetspes-blog.pl\/index.php\/wp-json\/wp\/v2\/posts\/14610\/revisions"}],"predecessor-version":[{"id":15198,"href":"https:\/\/gaudiumetspes-blog.pl\/index.php\/wp-json\/wp\/v2\/posts\/14610\/revisions\/15198"}],"wp:attachment":[{"href":"https:\/\/gaudiumetspes-blog.pl\/index.php\/wp-json\/wp\/v2\/media?parent=14610"}],"wp:term":[{"taxonomy":"category","embeddable":true,"href":"https:\/\/gaudiumetspes-blog.pl\/index.php\/wp-json\/wp\/v2\/categories?post=14610"},{"taxonomy":"post_tag","embeddable":true,"href":"https:\/\/gaudiumetspes-blog.pl\/index.php\/wp-json\/wp\/v2\/tags?post=14610"}],"curies":[{"name":"wp","href":"https:\/\/api.w.org\/{rel}","templated":true}]}}