{"id":14612,"date":"2019-05-04T05:28:00","date_gmt":"2019-05-04T03:28:00","guid":{"rendered":"https:\/\/gaudiumetspes-blog.pl\/index.php\/2019\/05\/04\/co-wazne-co-najwazniejsze\/"},"modified":"2019-07-31T13:02:36","modified_gmt":"2019-07-31T11:02:36","slug":"co-wazne-co-najwazniejsze","status":"publish","type":"post","link":"https:\/\/gaudiumetspes-blog.pl\/index.php\/2019\/05\/04\/co-wazne-co-najwazniejsze\/","title":{"rendered":"Co wa\u017cne &#8211; a co najwa\u017cniejsze?&#8230;"},"content":{"rendered":"<p><\/p>\n<div align=\"justify\" style=\"font-weight: normal; line-height: 150%; margin-bottom: 0cm;\">\n<span style=\"font-size: x-large;\"><span style=\"color: black;\"><span style=\"font-family: Book Antiqua, serif;\">Szcz\u0119\u015b\u0107<br \/>\nBo\u017ce! Moi Drodzy, w dniu dzisiejszym <b>imieniny prze\u017cywa Monika<br \/>\nOchnik, Osoba bardzo mi bliska i \u017cyczliwa, za moich czas\u00f3w \u2013<br \/>\nnale\u017c\u0105ca do KSM w Parafii pierwszego mojego wikariatu, a obecnie<br \/>\nuznana i znakomita piel\u0119gniarka w jednym z warszawskich szpitali. <\/b><\/span><\/span><br \/>\n<\/span><\/div>\n<div align=\"justify\" style=\"background: transparent; font-weight: normal; line-height: 150%; margin-bottom: 0cm; page-break-before: auto; text-indent: 1.3cm;\">\n<span style=\"color: black;\"><span style=\"font-family: Book Antiqua, serif;\"><span style=\"font-size: x-large;\"><b>Dzi\u0119kuj\u0105c<br \/>\nSolenizantce na sta\u0142y nasz kontakt, za ka\u017cde dobre i m\u0105dre s\u0142owo<br \/>\nz Jej strony, a nade wszystko: \u015bwiadectwo wielkiej duchowej<br \/>\ndojrza\u0142o\u015bci, kt\u00f3r\u0105 pokaza\u0142a w obliczu niezmiernie trudnych<br \/>\ndo\u015bwiadcze\u0144 \u017cyciowych, jakie J\u0105 spotka\u0142y \u2013 \u017cycz\u0119 <\/b><b>tego,<br \/>\nby w Jezusie widzia\u0142a sens tego wszystkiego, co si\u0119 w Jej \u017cyciu<br \/>\ndokona\u0142o i ci\u0105gle dokonuje. \u017bycz\u0119 tego, by w\u0142a\u015bnie Jego \u2013<br \/>\nJezusa \u2013 zawsze stawia\u0142a w swoim \u017cyciu na pierwszym miejscu i do<br \/>\nniego odnosi\u0142a ka\u017cdego dnia ca\u0142e swoje \u017cycie!<\/b><\/span><\/span><\/span><\/div>\n<div align=\"justify\" style=\"background: transparent; line-height: 150%; margin-bottom: 0cm; page-break-before: auto; text-indent: 1.3cm;\">\n<span style=\"color: black;\"><span style=\"font-family: Book Antiqua, serif;\"><span style=\"font-size: x-large;\"><b>Imieniny<br \/>\nprze\u017cywaj\u0105 tak\u017ce: Monika Osial \u2013 tak\u017ce nale\u017c\u0105ca niegdy\u015b do<br \/>\ntego samego KSM, oraz Monika Konarzewska i Monika Mazur \u2013 nale\u017c\u0105ce<br \/>\ndo innych m\u0142odzie\u017cowych Wsp\u00f3lnot.<\/b><\/span><\/span><\/span><\/div>\n<div align=\"justify\" style=\"background: transparent; line-height: 150%; margin-bottom: 0cm; text-indent: 1.3cm;\">\n<span style=\"color: black;\"><span style=\"font-family: Book Antiqua, serif;\"><span style=\"font-size: x-large;\"><b>Urodziny<br \/>\nza\u015b prze\u017cywaj\u0105 Agnieszka Chmielewska i Marcel Kryczka \u2013 z<br \/>\nkt\u00f3rymi mia\u0142em przyjemno\u015b\u0107 pozna\u0107 si\u0119 i wsp\u00f3\u0142pracowa\u0107 tak\u017ce<br \/>\nw pierwszej Parafii.<\/b><\/span><\/span><\/span><\/div>\n<div align=\"justify\" style=\"background: transparent; line-height: 150%; margin-bottom: 0cm; text-indent: 1.3cm;\">\n<span style=\"color: black;\"><span style=\"font-family: Book Antiqua, serif;\"><span style=\"font-size: x-large;\"><b>Wszystkim<br \/>\n\u015bwi\u0119tuj\u0105cym \u017cycz\u0119 Bo\u017cego b\u0142ogos\u0142awie\u0144stwa i ci\u0105g\u0142ego<br \/>\nustawiania w \u017cyciu w\u0142a\u015bciwej hierarchii warto\u015bci i wa\u017cno\u015bci, o<br \/>\nkt\u00f3rej mowa jest w dzisiejszym rozwa\u017caniu. Wszystkich zapewniam o<br \/>\nmodlitwie!<\/b><\/span><\/span><\/span><\/div>\n<div align=\"justify\" style=\"background: transparent; font-weight: normal; line-height: 150%; margin-bottom: 0cm; text-indent: 1.3cm;\">\n<span style=\"color: black;\"><span style=\"font-family: Book Antiqua, serif;\"><span style=\"font-size: x-large;\">Oczywi\u015bcie,<br \/>\nserdeczn\u0105 modlitw\u0105 otaczamy dzisiaj Stra\u017cak\u00f3w, w dniu wspomnienia<br \/>\nIch Patrona. I je\u015bli mia\u0142bym Im czego\u015b z serca \u017cyczy\u0107, to \u2013<br \/>\nopr\u00f3cz opieki Bo\u017cej w akcjach i bezpiecznego powrotu z ka\u017cdej z<br \/>\nnich \u2013 tak\u017ce g\u0142\u0119bokiej wiary w Boga, aby kiedy w pe\u0142nej gali<br \/>\nuczestnicz\u0105 w uroczysto\u015bciach ko\u015bcielnych, wi\u0119cej ich<br \/>\nprzyst\u0119powa\u0142o do Komunii \u015awi\u0119tej, ni\u017c tylko jedna trzecia. To<br \/>\ntaka obserwacja z miastkowskiego podw\u00f3rka. Ale nie tylko z tego.<br \/>\nNiech zatem \u2013 na wz\u00f3r swego Patrona \u2013 ustawi\u0105 w swoim \u017cyciu t\u0119<br \/>\nwspomnian\u0105 dzi\u015b w rozwa\u017caniu w\u0142a\u015bciw\u0105 hierarchi\u0119 spraw!<\/span><\/span><\/span><\/div>\n<div align=\"justify\" style=\"background: transparent; font-weight: normal; line-height: 150%; margin-bottom: 0cm; text-indent: 1.3cm;\">\n<span style=\"font-size: x-large;\"><span style=\"color: black;\"><span style=\"font-family: Book Antiqua, serif;\">Moi<br \/>\nDrodzy, wspomina\u0142em przed kilkoma dniami, \u017ce w mojej rodzinnej<br \/>\nParafii odbywaj\u0105 si\u0119 Misje Ewangelizacyjne, kt\u00f3re prowadz\u0105: m\u00f3j<br \/>\nKolega kursowy i Dziekan mojego roku, Ksi\u0105dz Doktor Jacek Sereda,<br \/>\nDuszpasterz Rodzin w Diecezji siedleckiej, oraz Ksi\u0105dz Marek<br \/>\nMatusik. I oto dzisiaj, w ramach tych\u017ce Misji, Msz\u0119 \u015awi\u0119t\u0105 o<br \/>\ngodzinie 19:00 sprawowa\u0107 b\u0119d\u0105 Ksi\u0119\u017ca, pochodz\u0105cy z Parafii. <\/span><\/span><br \/>\n<\/span><\/div>\n<div align=\"justify\" style=\"background: transparent; font-weight: normal; line-height: 150%; margin-bottom: 0cm; text-indent: 1.3cm;\">\n<span style=\"color: black;\"><span style=\"font-family: Book Antiqua, serif;\"><span style=\"font-size: x-large;\">Nie<br \/>\nwiem, ilu nas dojedzie, ale wiem, \u017ce sporo nas z tej Parafii wysz\u0142o.<br \/>\nWybieram si\u0119 tam dzisiaj, aby pomodli\u0107 si\u0119 za swoj\u0105 Parafi\u0119, bo<br \/>\nniezbyt cz\u0119sto mam ku temu okazj\u0119. Was t\u0119 prosz\u0119, aby\u015bcie<br \/>\nzechcieli pomodli\u0107 si\u0119 o b\u0142ogos\u0142awione owoce tego czasu w \u017cyciu<br \/>\nmoich Rodzic\u00f3w, moich Znajomych i ca\u0142ej Parafii.<\/span><\/span><\/span><\/div>\n<div align=\"justify\" style=\"background: transparent; font-weight: normal; line-height: 150%; margin-bottom: 0cm; text-indent: 1.3cm;\">\n<span style=\"color: black;\"><span style=\"font-family: Book Antiqua, serif;\"><span style=\"font-size: x-large;\">I<br \/>\njeszcze jedno przypomnienie: dzi\u015b pierwsza sobota miesi\u0105ca.<\/span><\/span><\/span><\/div>\n<div align=\"center\" style=\"background: transparent; font-weight: normal; line-height: 150%; margin-bottom: 0cm;\">\n<span style=\"color: black;\"><span style=\"font-family: Book Antiqua, serif;\"><span style=\"font-size: x-large;\">Gaudium<br \/>\net spes!  Ks. Jacek<\/span><\/span><\/span><\/div>\n<div align=\"justify\" style=\"line-height: 150%; margin-bottom: 0cm;\">\n<span style=\"font-size: x-large;\"><\/p>\n<p><\/span><\/div>\n<div align=\"justify\" style=\"line-height: 150%; margin-bottom: 0cm;\">\n<span style=\"color: black;\"><span style=\"font-family: Book Antiqua, serif;\"><span style=\"font-size: x-large;\"><b>Sobota<br \/>\n2 Tygodnia Wielkanocy,<\/b><\/span><\/span><\/span><\/div>\n<div align=\"justify\" style=\"line-height: 150%; margin-bottom: 0cm;\">\n<span style=\"color: black;\"><span style=\"font-family: Book Antiqua, serif;\"><span style=\"font-size: x-large;\"><b>Wspomnienie<br \/>\n\u015aw. Floriana, M\u0119czennika,<\/b><\/span><\/span><\/span><\/div>\n<div align=\"justify\" style=\"line-height: 150%; margin-bottom: 0cm;\">\n<span style=\"color: black;\"><span style=\"font-family: Book Antiqua, serif;\"><span style=\"font-size: x-large;\"><b>do<br \/>\nczyta\u0144:  Dz 6,1\u20137;  J 6,16\u201321<\/b><\/span><\/span><\/span><\/div>\n<div align=\"justify\" style=\"line-height: 150%; margin-bottom: 0cm;\">\n<span style=\"font-size: x-large;\"><\/p>\n<p><\/span><\/div>\n<div align=\"justify\" style=\"font-style: normal; font-variant: normal; letter-spacing: normal; line-height: 150%; margin-bottom: 0cm; page-break-before: auto;\">\n<span style=\"font-size: x-large;\"><span style=\"color: black;\"><span style=\"font-family: Book Antiqua, serif;\"><b>CZYTANIE<br \/>\nZ DZIEJ\u00d3W APOSTOLSKICH: <\/b><\/span><\/span><br \/>\n<\/span><\/div>\n<div align=\"justify\" style=\"background: transparent; font-style: normal; font-variant: normal; letter-spacing: normal; line-height: 150%; margin-bottom: 0cm; page-break-before: auto; text-indent: 1.3cm;\">\n<span style=\"font-size: x-large;\"><span style=\"color: black;\"><span style=\"font-family: Book Antiqua, serif;\"><b>Gdy<br \/>\nliczba uczni\u00f3w wzrasta\u0142a, zacz\u0119li helleni\u015bci szemra\u0107 przeciwko<br \/>\nHebrajczykom, \u017ce przy codziennym rozdawaniu ja\u0142mu\u017cny zaniedbywano<br \/>\nich wdowy. <\/b><\/span><\/span><br \/>\n<\/span><\/div>\n<div align=\"justify\" style=\"background: transparent; font-style: normal; font-variant: normal; letter-spacing: normal; line-height: 150%; margin-bottom: 0cm; text-indent: 1.3cm;\">\n<span style=\"font-size: x-large;\"><span style=\"color: black;\"><span style=\"font-family: Book Antiqua, serif;\"><b>Dwunastu,<br \/>\nzwo\u0142awszy wszystkich uczni\u00f3w, powiedzia\u0142o: \u201eNie jest rzecz\u0105<br \/>\ns\u0142uszn\u0105, aby\u015bmy zaniedbali s\u0142owo Bo\u017ce, a obs\u0142ugiwali sto\u0142y.<br \/>\nUpatrzcie\u017c zatem, bracia, siedmiu m\u0119\u017c\u00f3w spo\u015br\u00f3d siebie,<br \/>\nciesz\u0105cych si\u0119 dobr\u0105 s\u0142aw\u0105, pe\u0142nych Ducha i m\u0105dro\u015bci. Im<br \/>\nzlecimy to zadanie. My za\u015b oddamy si\u0119 wy\u0142\u0105cznie modlitwie i<br \/>\npos\u0142udze s\u0142owa\u201d. <\/b><\/span><\/span><br \/>\n<\/span><\/div>\n<div align=\"justify\" style=\"background: transparent; font-style: normal; font-variant: normal; letter-spacing: normal; line-height: 150%; margin-bottom: 0cm; text-indent: 1.3cm;\">\n<span style=\"font-size: x-large;\"><span style=\"color: black;\"><span style=\"font-family: Book Antiqua, serif;\"><b>Spodoba\u0142y<br \/>\nsi\u0119 te s\u0142owa wszystkim zebranym i wybrali Szczepana, m\u0119\u017ca pe\u0142nego<br \/>\nwiary i Ducha \u015awi\u0119tego, Filipa, Prochora, Nikanora, Tymona,<br \/>\nParmenasa i Miko\u0142aja, prozelit\u0119 z Antiochii. Przedstawili ich<br \/>\naposto\u0142om, kt\u00f3rzy modl\u0105c si\u0119 w\u0142o\u017cyli na nich r\u0119ce. <\/b><\/span><\/span><br \/>\n<\/span><\/div>\n<div align=\"justify\" style=\"background: transparent; font-style: normal; font-variant: normal; letter-spacing: normal; line-height: 150%; margin-bottom: 0cm; text-indent: 1.3cm;\">\n<span style=\"color: black;\"><span style=\"font-family: Book Antiqua, serif;\"><span style=\"font-size: x-large;\"><b>A<br \/>\ns\u0142owo Bo\u017ce rozszerza\u0142o si\u0119, wzrasta\u0142a te\u017c bardzo liczba uczni\u00f3w<br \/>\nw Jerozolimie, a nawet bardzo wielu kap\u0142an\u00f3w przyjmowa\u0142o wiar\u0119.<\/b><\/span><\/span><\/span><\/div>\n<div align=\"justify\" style=\"line-height: 150%; margin-bottom: 0cm;\">\n<span style=\"font-size: x-large;\"><\/p>\n<p><\/span><\/div>\n<div align=\"justify\" style=\"font-style: normal; font-variant: normal; letter-spacing: normal; line-height: 150%; margin-bottom: 0cm;\">\n<span style=\"font-size: x-large;\"><span style=\"color: black;\"><span style=\"font-family: Book Antiqua, serif;\"><b>S\u0141OWA<br \/>\nEWANGELII WED\u0141UG \u015aWI\u0118TEGO JANA: <\/b><\/span><\/span><br \/>\n<\/span><\/div>\n<div align=\"justify\" style=\"background: transparent; font-style: normal; font-variant: normal; letter-spacing: normal; line-height: 150%; margin-bottom: 0cm; page-break-before: auto; text-indent: 1.3cm;\">\n<span style=\"font-size: x-large;\"><span style=\"color: black;\"><span style=\"font-family: Book Antiqua, serif;\"><b>Po<br \/>\nrozmno\u017ceniu chleb\u00f3w, o zmierzchu uczniowie Jezusa zeszli nad<br \/>\njezioro i wsiad\u0142szy do \u0142odzi przeprawili si\u0119 przez nie do<br \/>\nKafarnaum. Nasta\u0142y ju\u017c ciemno\u015bci, a Jezus jeszcze do nich nie<br \/>\nprzyszed\u0142; jezioro burzy\u0142o si\u0119 od silnego wiatru. <\/b><\/span><\/span><br \/>\n<\/span><\/div>\n<div align=\"justify\" style=\"background: transparent; font-style: normal; font-variant: normal; letter-spacing: normal; line-height: 150%; margin-bottom: 0cm; text-indent: 1.3cm;\">\n<span style=\"color: black;\"><span style=\"font-family: Book Antiqua, serif;\"><span style=\"font-size: x-large;\"><b>Gdy<br \/>\nup\u0142yn\u0119li oko\u0142o dwudziestu pi\u0119ciu lub trzydziestu stadi\u00f3w,<br \/>\nujrzeli Jezusa krocz\u0105cego po jeziorze i zbli\u017caj\u0105cego si\u0119 do<br \/>\n\u0142odzi. I przestraszyli si\u0119. On za\u015b rzek\u0142 do nich: \u201eTo Ja<br \/>\njestem, nie b\u00f3jcie si\u0119\u201d. Chcieli Go zabra\u0107 do \u0142odzi, ale \u0142\u00f3d\u017a<br \/>\nznalaz\u0142a si\u0119 natychmiast przy brzegu, do kt\u00f3rego zd\u0105\u017cali.<\/b><\/span><\/span><\/span><\/div>\n<div align=\"justify\" style=\"line-height: 150%; margin-bottom: 0cm;\">\n<span style=\"font-size: x-large;\"><\/p>\n<p><\/span><\/div>\n<div align=\"justify\" style=\"background: transparent; font-style: normal; font-variant: normal; font-weight: normal; letter-spacing: normal; line-height: 150%; margin-bottom: 0cm; page-break-before: auto; text-indent: 1.3cm;\">\n<span style=\"font-size: x-large;\"><span style=\"color: black;\"><span style=\"font-family: Book Antiqua, serif;\">Mo\u017ce<br \/>\nnawet dziwi nas pewna szorstko\u015b\u0107, z jak\u0105 Aposto\u0142owie<br \/>\nwypowiedzieli to zdanie: <i><b>Nie jest rzecz\u0105 s\u0142uszn\u0105, aby\u015bmy<br \/>\nzaniedbali s\u0142owo Bo\u017ce, a obs\u0142ugiwali sto\u0142y.<\/b><\/i> To tak, jakby<br \/>\npomoc potrzebuj\u0105cym by\u0142a czym\u015b <b>nieistotnym,<\/b> a wr\u0119cz w<br \/>\njaki\u015b spos\u00f3b <b>pogardzanym<\/b> przez Aposto\u0142\u00f3w. Zw\u0142aszcza<br \/>\nokre\u015blenie: <b>\u201eobs\u0142ugiwa\u0107 sto\u0142y\u201d<\/b> nasuwa skojarzenie <b>z<br \/>\n<\/b><b>przydro\u017cn\u0105<\/b><b> karczm\u0105,<\/b> w kt\u00f3rej obs\u0142uga musi<br \/>\nuwija\u0107 si\u0119 wok\u00f3\u0142 go\u015bci i ci\u0105gle im dogadza\u0107, potem odnosi\u0107<br \/>\nnaczynia, wyciera\u0107 sto\u0142y i uprzejmie zaprasza\u0107 nast\u0119pnych.<br \/>\nRzeczywi\u015bcie, takie zaj\u0119cie <b>nijak si\u0119 ma do pos\u0142ugi g\u0142oszenia<br \/>\ns\u0142owa Bo\u017cego. <\/b><\/span><\/span><br \/>\n<\/span><\/div>\n<div align=\"justify\" style=\"background: transparent; font-style: normal; font-variant: normal; font-weight: normal; letter-spacing: normal; line-height: 150%; margin-bottom: 0cm; text-indent: 1.3cm;\">\n<span style=\"color: black;\"><span style=\"font-family: Book Antiqua, serif;\"><span style=\"font-size: x-large;\">Chocia\u017c<br \/>\ntej pracy \u2013 jak \u017cadnej innej \u2013 nie nale\u017cy traktowa\u0107<br \/>\npogardliwie; zw\u0142aszcza, \u017ce jest to<b> praca naprawd\u0119 nie\u0142atwa,<br \/>\n<\/b>zwa\u017cywszy na obserwowany dzisiaj wzrost pretensjonalno\u015bci i<br \/>\npostaw roszczeniowych u wielu ludzi. Dlatego nie chcemy o tej<br \/>\nci\u0119\u017ckiej pracy <b>wypowiada\u0107 si\u0119 z jakimkolwiek lekcewa\u017ceniem,<\/b><br \/>\nnatomiast by\u0107 mo\u017ce odnosimy takie pierwsze wra\u017cenie, \u017ce troch\u0119<br \/>\ntego lekcewa\u017cenia pobrzmiewa\u0142o w wypowiedzi Aposto\u0142\u00f3w. Czy jednak<br \/>\nfaktycznie?<\/span><\/span><\/span><\/div>\n<div align=\"justify\" style=\"background: transparent; font-style: normal; font-variant: normal; font-weight: normal; letter-spacing: normal; line-height: 150%; margin-bottom: 0cm; text-indent: 1.3cm;\">\n<span style=\"font-size: x-large;\"><span style=\"color: black;\"><span style=\"font-family: Book Antiqua, serif;\">Je\u017celi<br \/>\ntak mia\u0142oby by\u0107, to czy w zast\u0119pstwie za siebie, do pe\u0142nienia<br \/>\ntego zadania, powo\u0142ywaliby <i><b>m\u0119\u017c\u00f3w<\/b><\/i><b> <\/b><b>[\u2026]<\/b><b><br \/>\n<\/b><i><b>ciesz\u0105cych si\u0119 dobr\u0105 s\u0142aw\u0105, pe\u0142nych Ducha i m\u0105dro\u015bci?<\/b><\/i><b><br \/>\n<\/b>Czy nie powo\u0142aliby kogokolwiek? <\/span><\/span><br \/>\n<\/span><\/div>\n<div align=\"justify\" style=\"background: transparent; font-style: normal; font-variant: normal; font-weight: normal; letter-spacing: normal; line-height: 150%; margin-bottom: 0cm; text-indent: 1.3cm;\">\n<span style=\"color: black;\"><span style=\"font-family: Book Antiqua, serif;\"><span style=\"font-size: x-large;\">Tymczasem<br \/>\nuczestnicy opisanego dzi\u015b spotkania, kiedy wybrali ju\u017c siedmiu<br \/>\nm\u0119\u017c\u00f3w, spe\u0142niaj\u0105cych \u2013 wed\u0142ug ich przekonania \u2013 te warunki,<br \/>\njakie postawili Aposto\u0142owie, <i><b>przedstawili ich aposto\u0142om,<br \/>\nkt\u00f3rzy modl\u0105c si\u0119 w\u0142o\u017cyli na nich r\u0119ce. <\/b><\/i>A\u017c w taki<br \/>\nuroczysty spos\u00f3b zostali powo\u0142ani do wspomnianego zadania! Dzisiaj<br \/>\nupatruje si\u0119 w tym ge\u015bcie nawet<b> pierwszych \u015awi\u0119ce\u0144 diakonatu.<\/b><br \/>\nCzy\u017cby zatem naprawd\u0119 chodzi\u0142o o zadanie nieistotne, poboczne, nie<br \/>\nzas\u0142uguj\u0105ce na wi\u0119ksz\u0105 uwag\u0119?<\/span><\/span><\/span><\/div>\n<div align=\"justify\" style=\"background: transparent; font-style: normal; font-variant: normal; font-weight: normal; letter-spacing: normal; line-height: 150%; margin-bottom: 0cm; text-indent: 1.3cm;\">\n<span style=\"font-size: x-large;\"><span style=\"color: black;\"><span style=\"font-family: Book Antiqua, serif;\">Zapewne,<br \/>\npomoc\u0105 w zrozumieniu ca\u0142ej sytuacji b\u0119dzie dla nas dzisiejsza<br \/>\nEwangelia, w kt\u00f3rej <b>s\u0142yszymy o dw\u00f3ch znakach,<\/b> dokonanych<br \/>\nprzez Jezusa. Najpierw <b>o rozmno\u017ceniu chleb\u00f3w<\/b> i nakarmieniu<br \/>\nwielkiej rzeszy ludzi, przy czym to ju\u017c sta\u0142o si\u0119 wcze\u015bniej.<br \/>\nDzisiaj dowiadujemy si\u0119, \u017ce ten fakt ju\u017c mia\u0142 miejsce, ale<br \/>\nstanowi <b>t\u0142o i kontekst dla kolejnego znaku, <\/b>jaki dokona\u0142 si\u0119<br \/>\nna oczach przestraszonych i zdumionych Aposto\u0142\u00f3w, a mianowicie:<br \/>\n<b>przej\u015bcia Jezusa po wzburzonych wodach jeziora.<\/b> <\/span><\/span><br \/>\n<\/span><\/div>\n<div align=\"justify\" style=\"background: transparent; font-style: normal; font-variant: normal; font-weight: normal; letter-spacing: normal; line-height: 150%; margin-bottom: 0cm; text-indent: 1.3cm;\">\n<span style=\"font-size: x-large;\"><span style=\"color: black;\"><span style=\"font-family: Book Antiqua, serif;\">I<br \/>\nmo\u017cemy zapyta\u0107: Po co Jezus dokonywa\u0142 tych znak\u00f3w? Po co <b>w<br \/>\nog\u00f3le czyni\u0142 cuda<\/b> na oczach tylu ludzi? Czy dla zdobycia<br \/>\npoklasku? Czy dla ludzkiego rozg\u0142osu? Dobrze wiemy, \u017ce nie. Po co<br \/>\nzatem? <\/span><\/span><br \/>\n<\/span><\/div>\n<div align=\"justify\" style=\"background: transparent; font-style: normal; font-variant: normal; font-weight: normal; letter-spacing: normal; line-height: 150%; margin-bottom: 0cm; text-indent: 1.3cm;\">\n<span style=\"font-size: x-large;\"><span style=\"color: black;\"><span style=\"font-family: Book Antiqua, serif;\">Dla<br \/>\n<b>wzmocnienia wiary u ludzi!<\/b> Dla <b>potwierdzenia swego Boskiego<br \/>\npos\u0142annictwa <\/b>\u2013 co ostatecznie sprowadza\u0142o si\u0119 do tego<br \/>\nsamego: wzmocnienie wiary. Temu <b>podporz\u0105dkowane by\u0142o wszystko,<\/b><br \/>\nco czyni\u0142 Jezus: wzmocnienie wiary u ludzi, a ostatecznie \u2013 <b>ich<br \/>\nwieczne zbawienie.<\/b> I temu tak\u017ce wszelk\u0105 swoj\u0105 dzia\u0142alno\u015b\u0107<br \/>\npodporz\u0105dkowali Aposto\u0142owie. I temu te\u017c wszelk\u0105 swoj\u0105<br \/>\ndzia\u0142alno\u015b\u0107 winien podporz\u0105dkowa\u0107 <b>Ko\u015bci\u00f3\u0142 w naszych<br \/>\nczasach.<\/b> <\/span><\/span><br \/>\n<\/span><\/div>\n<div align=\"justify\" style=\"background: transparent; font-style: normal; font-variant: normal; font-weight: normal; letter-spacing: normal; line-height: 150%; margin-bottom: 0cm; text-indent: 1.3cm;\">\n<span style=\"font-size: x-large;\"><span style=\"color: black;\"><span style=\"font-family: Book Antiqua, serif;\">Dlatego<br \/>\nwszelka dzia\u0142alno\u015b\u0107 charytatywna, pomocowa, wszelkie inicjatywy<br \/>\nprospo\u0142eczne, podejmowane w ramach dzia\u0142alno\u015bci Ko\u015bcio\u0142a, winny<br \/>\n<b>wynika\u0107 z jego najwa\u017cniejszej misji, <\/b>jak\u0105 jest <b>g\u0142oszenie<br \/>\nkr\u00f3lestwa Bo\u017cego i wzywanie do nawr\u00f3cenia.<\/b> Z tej<br \/>\nnajwa\u017cniejszej misji wszystko winno wynika\u0107 \u2013 <b>i do niej<br \/>\nprowadzi\u0107. <\/b>A ta dzia\u0142alno\u015b\u0107 \u2013 jak szeroko nie by\u0142aby<br \/>\nprowadzona \u2013 ma by\u0107 <b>potwierdzeniem<\/b> najwa\u017cniejszego<br \/>\npos\u0142annictwa Ko\u015bcio\u0142a. Nie mo\u017ce go w \u017caden spos\u00f3b zast\u0119powa\u0107.<br \/>\n<\/span><\/span><br \/>\n<\/span><\/div>\n<div align=\"justify\" style=\"background: transparent; font-style: normal; font-variant: normal; font-weight: normal; letter-spacing: normal; line-height: 150%; margin-bottom: 0cm; text-indent: 1.3cm;\">\n<span style=\"color: black;\"><span style=\"font-family: Book Antiqua, serif;\"><span style=\"font-size: x-large;\">Przeto<br \/>\nKo\u015bci\u00f3\u0142 \u2013 co ci\u0105gle tu sobie podkre\u015blamy \u2013 nie mo\u017ce by\u0107<br \/>\nnigdy sprowadzony <b>do rangi o\u015brodka pomocy spo\u0142ecznej <\/b>czy<br \/>\ndarmowej jad\u0142odajni. I nie chodzi tu \u2013 jeszcze raz podkre\u015blmy \u2013<br \/>\no jak\u0105kolwiek pogard\u0119 dla tego typu dzia\u0142alno\u015bci, nie! Tu chodzi<br \/>\no <b>w\u0142a\u015bciwy porz\u0105dek rzeczy,<\/b> o <b>w\u0142a\u015bciw\u0105 hierarchi\u0119<br \/>\nspraw:<\/b> najwa\u017cniejsze jest prowadzenie ludzi do zbawienia,<br \/>\nnauczanie, a w razie potrzeby tak\u017ce napominanie w imi\u0119 Bo\u017ce,<br \/>\nsprawowanie Sakrament\u00f3w \u015awi\u0119tych, <b>a w to ma by\u0107 wpisana<\/b><br \/>\nwszelka dzia\u0142alno\u015b\u0107 prospo\u0142eczna \u2013 i z tego powinna wynika\u0107.<br \/>\nJednocze\u015bnie tak\u017ce \u2013 <b>winna potwierdza\u0107<\/b> prawdziwo\u015b\u0107<br \/>\ng\u0142oszonej w Ko\u015bciele nauki i wyznawanej wiary. Wszystko ma si\u0119<br \/>\nodbywa\u0107 <b>w nale\u017cytym porz\u0105dku!<\/b><\/span><\/span><\/span><\/div>\n<div align=\"justify\" style=\"background: transparent; line-height: 150%; margin-bottom: 0cm; text-indent: 1.3cm;\">\n<span style=\"font-size: x-large;\"><span style=\"color: black;\"><span style=\"font-variant: normal;\"><span style=\"font-family: Book Antiqua, serif;\"><span style=\"letter-spacing: normal;\"><span style=\"font-style: normal;\"><span style=\"font-weight: normal;\">Dobrze<br \/>\nto rozumia\u0142 i dlatego w\u0142a\u015bciwie ustawi\u0142 w swoim \u017cyciu hierarchi\u0119<br \/>\nspraw i warto\u015bci Patron dnia dzisiejszego, <\/span><\/span><\/span><\/span><\/span><span style=\"font-variant: normal;\"><span style=\"font-family: Book Antiqua, serif;\"><span style=\"letter-spacing: normal;\"><span style=\"font-style: normal;\"><b>\u015awi\u0119t<\/b><\/span><\/span><\/span><\/span><span style=\"font-variant: normal;\"><span style=\"font-family: Book Antiqua, serif;\"><span style=\"letter-spacing: normal;\"><span style=\"font-style: normal;\"><b>y<\/b><\/span><\/span><\/span><\/span><span style=\"font-variant: normal;\"><span style=\"font-family: Book Antiqua, serif;\"><span style=\"letter-spacing: normal;\"><span style=\"font-style: normal;\"><b><br \/>\nFlorian, M\u0119czennik. <\/b><\/span><\/span><\/span><\/span><span style=\"font-variant: normal;\"><span style=\"font-family: Book Antiqua, serif;\"><span style=\"letter-spacing: normal;\"><span style=\"font-style: normal;\"><span style=\"font-weight: normal;\">W<br \/>\nko\u0144cu \u2013 co by nie m\u00f3wi\u0107 \u2013 \u017co\u0142nierz! <\/span><\/span><\/span><\/span><\/span><\/span><br \/>\n<\/span><\/div>\n<div align=\"justify\" style=\"background: transparent; line-height: 150%; margin-bottom: 0cm; text-indent: 1.3cm;\">\n<span style=\"font-size: x-large;\"><span style=\"color: black;\"><span style=\"font-family: Book Antiqua, serif;\">By\u0142<br \/>\n<\/span><span style=\"font-family: Book Antiqua, serif;\">on <\/span><span style=\"font-family: Book Antiqua, serif;\">bowiem<br \/>\n<\/span><span style=\"font-family: Book Antiqua, serif;\">\u2013 wed\u0142ug zapis\u00f3w z VIII<br \/>\nwieku \u2013 <\/span><span style=\"font-family: Book Antiqua, serif;\"><b>dow\u00f3dc\u0105 wojsk<br \/>\nrzymskich.<\/b><\/span><span style=\"font-family: Book Antiqua, serif;\"> Podczas<br \/>\nprze\u015bladowania chrze\u015bcijan przez Dioklecjana zosta\u0142 aresztowany<br \/>\nwraz z czterdziestoma \u017co\u0142nierzami i <\/span><span style=\"font-family: Book Antiqua, serif;\"><b>przymuszony<br \/>\ndo z\u0142o\u017cenia ofiary bogom.<\/b><\/span><span style=\"font-family: Book Antiqua, serif;\"><br \/>\nWobec stanowczej odmowy, <\/span><span style=\"font-family: Book Antiqua, serif;\"><b>wych\u0142ostano<br \/>\ngo i poddano torturom.<\/b><\/span><span style=\"font-family: Book Antiqua, serif;\"><br \/>\nPrzywiedziono go nast\u0119pnie do obozu rzymskiego w Lorch ko\u0142o<br \/>\nWiednia. <\/span><\/span><br \/>\n<\/span><\/div>\n<div align=\"justify\" style=\"background: transparent; line-height: 150%; margin-bottom: 0cm; text-indent: 1.3cm;\">\n<span style=\"font-size: x-large;\"><span style=\"color: black;\"><span style=\"font-family: Book Antiqua, serif;\">Namiestnik<br \/>\nprowincji, Akwilin, stara\u0142 si\u0119 oficera rzymskiego wszelkimi<br \/>\n\u015brodkami <\/span><span style=\"font-family: Book Antiqua, serif;\"><b>zmusi\u0107 do<br \/>\nodst\u0119pstwa od wiary:<\/b><\/span><span style=\"font-family: Book Antiqua, serif;\"><br \/>\ngro\u017abami i obietnicami. Kiedy jednak te zawiod\u0142y, kaza\u0142 go<br \/>\nbiczowa\u0107, potem szarpa\u0107 jego cia\u0142o \u017celaznymi hakami, a kiedy i to<br \/>\nnic nie da\u0142o \u2013 z  kamieniem uwi\u0105zanym u szyi <\/span><span style=\"font-family: Book Antiqua, serif;\"><b>zatopiono<br \/>\ngo w rzece Enns. <\/b><\/span><span style=\"font-family: Book Antiqua, serif;\"><span style=\"font-weight: normal;\">Mia\u0142o<br \/>\nsi\u0119 to sta\u0107<\/span><\/span><span style=\"font-family: Book Antiqua, serif;\"><b> 4<br \/>\nmaja 304 roku.<\/b><\/span><span style=\"font-family: Book Antiqua, serif;\"> <\/span><\/span><br \/>\n<\/span><\/div>\n<div align=\"justify\" style=\"background: transparent; line-height: 150%; margin-bottom: 0cm; text-indent: 1.3cm;\">\n<span style=\"font-size: x-large;\"><span style=\"color: black;\"><span style=\"font-family: Book Antiqua, serif;\">Cia\u0142o<br \/>\n\u017co\u0142nierza z czasem odnaleziono i ze czci\u0105 pochowano. Nad jego<br \/>\ngrobem wystawiono klasztor i ko\u015bci\u00f3\u0142 benedyktyn\u00f3w, a potem<br \/>\nkanonik\u00f3w latera\u0144skich. Do dnia dzisiejszego <\/span><span style=\"font-family: Book Antiqua, serif;\"><b>ko\u015bci\u00f3\u0142<br \/>\nten jest o\u015brodkiem \u017cycia religijnego w G\u00f3rnej Austrii.<\/b><\/span><span style=\"font-family: Book Antiqua, serif;\"><br \/>\n\u015awi\u0119ty Florian jest patronem <\/span><span style=\"font-family: Book Antiqua, serif;\">A<\/span><span style=\"font-family: Book Antiqua, serif;\">rchidiecezji<br \/>\nwiede\u0144skiej. <\/span><\/span><br \/>\n<\/span><\/div>\n<div align=\"justify\" style=\"background: transparent; line-height: 150%; margin-bottom: 0cm; text-indent: 1.3cm;\">\n<span style=\"font-size: x-large;\"><span style=\"color: black;\"><span style=\"font-family: Book Antiqua, serif;\"><b>W<br \/>\nroku 1184<\/b><\/span><span style=\"font-family: Book Antiqua, serif;\">, na pro\u015bb\u0119<br \/>\nksi\u0119cia Kazimierza Sprawiedliwego, syna Boles\u0142awa Krzywoustego,<br \/>\nKrak\u00f3w otrzyma\u0142 <\/span><span style=\"font-family: Book Antiqua, serif;\"><b>znaczn\u0105<br \/>\ncz\u0119\u015b\u0107 relikwii \u015awi\u0119tego.<\/b><\/span><span style=\"font-family: Book Antiqua, serif;\"><br \/>\nKu ich czci wystawiono w dzielnicy miasta, zwanej Kleparz, okaza\u0142\u0105<br \/>\n\u015bwi\u0105tyni\u0119. Kiedy w 1528 roku po\u017car strawi\u0142 t\u0119 cz\u0119\u015b\u0107 Krakowa,<br \/>\n<\/span><span style=\"font-family: Book Antiqua, serif;\"><b>ocala\u0142a jedynie<br \/>\nwspomniana \u015bwi\u0105tynia.<\/b><\/span><span style=\"font-family: Book Antiqua, serif;\"><br \/>\nOdt\u0105d zacz\u0119to \u015awi\u0119tego Floriana czci\u0107 w ca\u0142ej Polsce jako<br \/>\npatrona podczas kl\u0119sk po\u017caru, powodzi i sztorm\u00f3w. <\/span><\/span><br \/>\n<\/span><\/div>\n<div align=\"justify\" style=\"background: transparent; line-height: 150%; margin-bottom: 0cm; text-indent: 1.3cm;\">\n<span style=\"font-size: x-large;\"><span style=\"color: black;\"><span style=\"font-family: Book Antiqua, serif;\">A<br \/>\noto jak wed\u0142ug Jana D\u0142ugosza wygl\u0105da\u0142o przekazanie relikwii<br \/>\nFloriana do Krakowa. W \u201e<\/span><span style=\"font-family: Book Antiqua, serif;\"><span style=\"font-style: normal;\">Rocznikach<br \/>\nKr\u00f3lestwa Polskiego\u201d<\/span><\/span><span style=\"font-family: Book Antiqua, serif;\"><i><br \/>\n<\/i><\/span><span style=\"font-family: Book Antiqua, serif;\">nasz narodowy<br \/>\nDziejopisarz relacjonuje: <\/span><\/span><br \/>\n<\/span><\/div>\n<div align=\"justify\" style=\"background: transparent; line-height: 150%; margin-bottom: 0cm; text-indent: 1.3cm;\">\n<span style=\"font-size: x-large;\"><span style=\"color: black;\">\u201e<span style=\"font-family: Book Antiqua, serif;\">Papie\u017c<br \/>\nLucjusz III, chc\u0105c si\u0119 przychyli\u0107 do ci\u0105g\u0142ych pr\u00f3\u015bb ksi\u0119cia i<br \/>\nmonarchy polskiego, Kazimierza, kt\u00f3rych ju\u017c \u0142askawie wys\u0142ucha\u0142<br \/>\njego poprzednik, Aleksander III, <\/span><span style=\"font-family: Book Antiqua, serif;\"><b>postanawia<br \/>\nda\u0107 wymienionemu ksi\u0119ciu i katedrze krakowskiej cia\u0142o niezwyk\u0142ego<br \/>\nm\u0119czennika, \u015awi\u0119tego Floriana.<\/b><\/span><span style=\"font-family: Book Antiqua, serif;\"><br \/>\nNa wi\u0119ksz\u0105 cze\u015b\u0107 zar\u00f3wno \u015awi\u0119tego, jak Polak\u00f3w, pos\u0142a\u0142<br \/>\nko\u015bci \u015bwi\u0119tego cia\u0142a ksi\u0119ciu polskiemu Kazimierzowi i katedrze<br \/>\nkrakowskiej <\/span><span style=\"font-family: Book Antiqua, serif;\"><b>przez biskupa<br \/>\nModeny, Idziego.<\/b><\/span><span style=\"font-family: Book Antiqua, serif;\"> Ten<br \/>\nprzybywszy ze \u015bwi\u0119tymi szcz\u0105tkami do Krakowa dwudziestego si\u00f3dmego<br \/>\npa\u017adziernika, <\/span><span style=\"font-family: Book Antiqua, serif;\"><b>zosta\u0142<br \/>\nprzyj\u0119ty z wielkimi honorami, w\u015br\u00f3d oznak powszechnej rado\u015bci i<br \/>\nwesela<\/b><\/span><span style=\"font-family: Book Antiqua, serif;\"> przez ksi\u0119cia<br \/>\nKazimierza, biskupa krakowskiego Gedeona, wszystkie bez wyj\u0105tku<br \/>\nstany i klasztory, kt\u00f3re wysz\u0142y naprzeciw niego siedem mil. <\/span><\/span><br \/>\n<\/span><\/div>\n<div align=\"justify\" style=\"background: transparent; line-height: 150%; margin-bottom: 0cm; text-indent: 1.3cm;\">\n<span style=\"font-size: x-large;\"><span style=\"color: black;\"><span style=\"font-family: Book Antiqua, serif;\">Wszyscy<br \/>\ncieszyli si\u0119, \u017ce <\/span><span style=\"font-family: Book Antiqua, serif;\"><b>Polakom<br \/>\nza zmi\u0142owaniem Bo\u017cym przyby\u0142 nowy or\u0119downik i opiekun<\/b><\/span><span style=\"font-family: Book Antiqua, serif;\"><br \/>\ni \u017ce katedra krakowska nabra\u0142a nowego blasku przez z\u0142o\u017cenie w<br \/>\nniej cia\u0142a s\u0142awnego m\u0119czennika. Do niej bowiem wniesiono w t\u0142umnej<br \/>\nprocesji ludu wymienione cia\u0142o i tam je z\u0142o\u017cono, a przez ten<br \/>\nzaszczytny depozyt rozesz\u0142a si\u0119 daleko i szeroko jej chwa\u0142a. <\/span><\/span><br \/>\n<\/span><\/div>\n<div align=\"justify\" style=\"background: transparent; line-height: 150%; margin-bottom: 0cm; text-indent: 1.3cm;\">\n<span style=\"color: black;\"><span style=\"font-size: x-large;\"><span style=\"font-variant: normal;\"><span style=\"font-family: Book Antiqua, serif;\"><span style=\"letter-spacing: normal;\"><span style=\"font-style: normal;\"><span style=\"font-weight: normal;\">Na<br \/>\ncze\u015b\u0107 za\u015b \u015bwi\u0119tego M\u0119czennika, biskup krakowski Gedeon zbudowa\u0142<br \/>\ndla niego poza murami Krakowa z wielkim nak\u0142adem koszt\u00f3w<\/span><\/span><\/span><\/span><\/span><span style=\"font-variant: normal;\"><span style=\"font-family: Book Antiqua, serif;\"><span style=\"letter-spacing: normal;\"><span style=\"font-style: normal;\"><b><br \/>\nko\u015bci\u00f3\u0142 kunsztownej roboty, kt\u00f3ry dzi\u0119ki \u0142askawo\u015bci Bo\u017cej<br \/>\nprzetrwa\u0142 dot\u0105d.<\/b><\/span><\/span><\/span><\/span><span style=\"font-variant: normal;\"><span style=\"font-family: Book Antiqua, serif;\"><span style=\"letter-spacing: normal;\"><span style=\"font-style: normal;\"><span style=\"font-weight: normal;\"><br \/>\nBiskupa za\u015b Modeny, Idziego, obdarowanego hojnie przez ksi\u0119cia<br \/>\nKazimierza i biskupa krakowskiego Gedeona, odprawiono do Rzymu. Od<br \/>\ntego czasu zacz\u0119li Polacy, zar\u00f3wno rycerze, jak mieszczanie i<br \/>\nwie\u015bniacy, <\/span><\/span><\/span><\/span><\/span><span style=\"font-variant: normal;\"><span style=\"font-family: Book Antiqua, serif;\"><span style=\"letter-spacing: normal;\"><span style=\"font-style: normal;\"><b>na<br \/>\ncze\u015b\u0107 i pami\u0105tk\u0119 \u015awi\u0119tego Floriana, nadawa\u0107 na chrzcie to imi\u0119<br \/>\nswoim synom.\u201d<\/b><\/span><\/span><\/span><\/span><span style=\"font-variant: normal;\"><span style=\"font-family: Book Antiqua, serif;\"><span style=\"letter-spacing: normal;\"><span style=\"font-style: normal;\"><span style=\"font-weight: normal;\"><br \/>\nTyle Jan D\u0142ugosz.<\/span><\/span><\/span><\/span><\/span><\/span><\/span><\/div>\n<div align=\"justify\" style=\"background: transparent; font-style: normal; font-variant: normal; font-weight: normal; letter-spacing: normal; line-height: 150%; margin-bottom: 0cm; text-indent: 1.3cm;\">\n<span style=\"color: black;\"><span style=\"font-family: Book Antiqua, serif;\"><span style=\"font-size: x-large;\">A<br \/>\nmy, wpatruj\u0105c si\u0119 w \u015bwietlany przyk\u0142ad postawy \u015awi\u0119tego<br \/>\nFloriana i ws\u0142uchuj\u0105c si\u0119 w Bo\u017ce s\u0142owo dzisiejszej liturgii,<br \/>\nzastan\u00f3wmy si\u0119, czy nasze codzienne wybory i decyzje, nasze my\u015bli,<br \/>\ns\u0142owa i czyny \u2013 potwierdzaj\u0105 istnienie w naszym sercu <b>w\u0142a\u015bciwej<br \/>\nhierarchii spraw i warto\u015bci?<\/b> Czy wiara w Jezusa jest <b>na<br \/>\npierwszym miejscu<\/b> \u2013 i z niej wszystko wynika, i do niej<br \/>\nprowadzi? Naprawd\u0119?\u2026<\/span><\/span><\/span><\/div>\n","protected":false},"excerpt":{"rendered":"<p>Szcz\u0119\u015b\u0107 Bo\u017ce! Moi Drodzy, w dniu dzisiejszym imieniny prze\u017cywa Monika Ochnik, Osoba bardzo mi bliska i \u017cyczliwa, za moich czas\u00f3w \u2013 nale\u017c\u0105ca do KSM w Parafii pierwszego mojego wikariatu, a obecnie uznana i znakomita piel\u0119gniarka w jednym z warszawskich szpitali. Dzi\u0119kuj\u0105c Solenizantce na sta\u0142y nasz kontakt, za ka\u017cde dobre i m\u0105dre s\u0142owo z Jej strony, [&hellip;]<\/p>\n","protected":false},"author":1,"featured_media":0,"comment_status":"open","ping_status":"open","sticky":false,"template":"","format":"standard","meta":{"jetpack_post_was_ever_published":false,"_jetpack_newsletter_access":"","_jetpack_dont_email_post_to_subs":false,"_jetpack_newsletter_tier_id":0,"_jetpack_memberships_contains_paywalled_content":false,"_jetpack_memberships_contains_paid_content":false,"footnotes":""},"categories":[1],"tags":[],"class_list":["post-14612","post","type-post","status-publish","format-standard","hentry","category-bez-kategorii"],"yoast_head":"<!-- This site is optimized with the Yoast SEO plugin v25.1 - https:\/\/yoast.com\/wordpress\/plugins\/seo\/ -->\n<title>Co wa\u017cne - a co najwa\u017cniejsze?... - Gaudium Et Spes<\/title>\n<meta name=\"robots\" content=\"index, follow, max-snippet:-1, max-image-preview:large, max-video-preview:-1\" \/>\n<link rel=\"canonical\" href=\"https:\/\/gaudiumetspes-blog.pl\/index.php\/2019\/05\/04\/co-wazne-co-najwazniejsze\/\" \/>\n<meta property=\"og:locale\" content=\"pl_PL\" \/>\n<meta property=\"og:type\" content=\"article\" \/>\n<meta property=\"og:title\" content=\"Co wa\u017cne - a co najwa\u017cniejsze?... - Gaudium Et Spes\" \/>\n<meta property=\"og:description\" content=\"Szcz\u0119\u015b\u0107 Bo\u017ce! Moi Drodzy, w dniu dzisiejszym imieniny prze\u017cywa Monika Ochnik, Osoba bardzo mi bliska i \u017cyczliwa, za moich czas\u00f3w \u2013 nale\u017c\u0105ca do KSM w Parafii pierwszego mojego wikariatu, a obecnie uznana i znakomita piel\u0119gniarka w jednym z warszawskich szpitali. Dzi\u0119kuj\u0105c Solenizantce na sta\u0142y nasz kontakt, za ka\u017cde dobre i m\u0105dre s\u0142owo z Jej strony, [&hellip;]\" \/>\n<meta property=\"og:url\" content=\"https:\/\/gaudiumetspes-blog.pl\/index.php\/2019\/05\/04\/co-wazne-co-najwazniejsze\/\" \/>\n<meta property=\"og:site_name\" content=\"Gaudium Et Spes\" \/>\n<meta property=\"article:published_time\" content=\"2019-05-04T03:28:00+00:00\" \/>\n<meta property=\"article:modified_time\" content=\"2019-07-31T11:02:36+00:00\" \/>\n<meta name=\"author\" content=\"Ks. Jacek\" \/>\n<meta name=\"twitter:card\" content=\"summary_large_image\" \/>\n<meta name=\"twitter:label1\" content=\"Napisane przez\" \/>\n\t<meta name=\"twitter:data1\" content=\"Ks. Jacek\" \/>\n\t<meta name=\"twitter:label2\" content=\"Szacowany czas czytania\" \/>\n\t<meta name=\"twitter:data2\" content=\"11 minut\" \/>\n<script type=\"application\/ld+json\" class=\"yoast-schema-graph\">{\"@context\":\"https:\/\/schema.org\",\"@graph\":[{\"@type\":\"WebPage\",\"@id\":\"https:\/\/gaudiumetspes-blog.pl\/index.php\/2019\/05\/04\/co-wazne-co-najwazniejsze\/\",\"url\":\"https:\/\/gaudiumetspes-blog.pl\/index.php\/2019\/05\/04\/co-wazne-co-najwazniejsze\/\",\"name\":\"Co wa\u017cne - a co najwa\u017cniejsze?... - Gaudium Et Spes\",\"isPartOf\":{\"@id\":\"https:\/\/gaudiumetspes-blog.pl\/#website\"},\"datePublished\":\"2019-05-04T03:28:00+00:00\",\"dateModified\":\"2019-07-31T11:02:36+00:00\",\"author\":{\"@id\":\"https:\/\/gaudiumetspes-blog.pl\/#\/schema\/person\/1661982992b752dea8dff0d4ed845a65\"},\"breadcrumb\":{\"@id\":\"https:\/\/gaudiumetspes-blog.pl\/index.php\/2019\/05\/04\/co-wazne-co-najwazniejsze\/#breadcrumb\"},\"inLanguage\":\"pl-PL\",\"potentialAction\":[{\"@type\":\"ReadAction\",\"target\":[\"https:\/\/gaudiumetspes-blog.pl\/index.php\/2019\/05\/04\/co-wazne-co-najwazniejsze\/\"]}]},{\"@type\":\"BreadcrumbList\",\"@id\":\"https:\/\/gaudiumetspes-blog.pl\/index.php\/2019\/05\/04\/co-wazne-co-najwazniejsze\/#breadcrumb\",\"itemListElement\":[{\"@type\":\"ListItem\",\"position\":1,\"name\":\"Strona g\u0142\u00f3wna\",\"item\":\"https:\/\/gaudiumetspes-blog.pl\/\"},{\"@type\":\"ListItem\",\"position\":2,\"name\":\"Co wa\u017cne &#8211; a&nbsp;co najwa\u017cniejsze?&#8230;\"}]},{\"@type\":\"WebSite\",\"@id\":\"https:\/\/gaudiumetspes-blog.pl\/#website\",\"url\":\"https:\/\/gaudiumetspes-blog.pl\/\",\"name\":\"Gaudium Et Spes\",\"description\":\"Blog Ks. Jacka Ja\u015bkowskiego\",\"potentialAction\":[{\"@type\":\"SearchAction\",\"target\":{\"@type\":\"EntryPoint\",\"urlTemplate\":\"https:\/\/gaudiumetspes-blog.pl\/?s={search_term_string}\"},\"query-input\":{\"@type\":\"PropertyValueSpecification\",\"valueRequired\":true,\"valueName\":\"search_term_string\"}}],\"inLanguage\":\"pl-PL\"},{\"@type\":\"Person\",\"@id\":\"https:\/\/gaudiumetspes-blog.pl\/#\/schema\/person\/1661982992b752dea8dff0d4ed845a65\",\"name\":\"Ks. Jacek\",\"image\":{\"@type\":\"ImageObject\",\"inLanguage\":\"pl-PL\",\"@id\":\"https:\/\/gaudiumetspes-blog.pl\/#\/schema\/person\/image\/\",\"url\":\"https:\/\/gaudiumetspes-blog.pl\/wp-content\/uploads\/2019\/07\/avatar-JJ-150x150.jpg\",\"contentUrl\":\"https:\/\/gaudiumetspes-blog.pl\/wp-content\/uploads\/2019\/07\/avatar-JJ-150x150.jpg\",\"caption\":\"Ks. Jacek\"},\"description\":\"Witam serdecznie! K\u0142ania si\u0119 Ks. Jacek Ja\u015bkowski. Nie jestem ani kim\u015b wa\u017cnym, ani kim\u015b znanym. Jestem ksi\u0119dzem, kt\u00f3ry po prostu chce rozmawia\u0107. Codzienna kap\u0142a\u0144ska pos\u0142uga pokazuje mi, \u017ce temat\u00f3w do rozm\u00f3w z ksi\u0119dzem jest coraz wi\u0119cej i dzisiaj \u017caden ksi\u0105dz nie mo\u017ce od nich ucieka\u0107, ale - wprost przeciwnie - podejmowa\u0107 nowe wyzwania. To przekonanie sk\u0142oni\u0142o mnie do pr\u00f3by otwarcia tego\u017c bloga, chocia\u017c okazji do rozm\u00f3w na co dzie\u0144 - w konfesjonale i poza nim - na szcz\u0119\u015bcie nie brakuje. My\u015bl\u0119 jednak, \u017ce ten blog b\u0119dzie jeszcze jednym sposobem i przestrzeni\u0105 nawi\u0105zania kontaktu z lud\u017ami dobrej woli, otwartymi na dialog.\",\"url\":\"https:\/\/gaudiumetspes-blog.pl\/index.php\/author\/ks-jacek\/\"}]}<\/script>\n<!-- \/ Yoast SEO plugin. -->","yoast_head_json":{"title":"Co wa\u017cne - a co najwa\u017cniejsze?... - Gaudium Et Spes","robots":{"index":"index","follow":"follow","max-snippet":"max-snippet:-1","max-image-preview":"max-image-preview:large","max-video-preview":"max-video-preview:-1"},"canonical":"https:\/\/gaudiumetspes-blog.pl\/index.php\/2019\/05\/04\/co-wazne-co-najwazniejsze\/","og_locale":"pl_PL","og_type":"article","og_title":"Co wa\u017cne - a co najwa\u017cniejsze?... - Gaudium Et Spes","og_description":"Szcz\u0119\u015b\u0107 Bo\u017ce! Moi Drodzy, w dniu dzisiejszym imieniny prze\u017cywa Monika Ochnik, Osoba bardzo mi bliska i \u017cyczliwa, za moich czas\u00f3w \u2013 nale\u017c\u0105ca do KSM w Parafii pierwszego mojego wikariatu, a obecnie uznana i znakomita piel\u0119gniarka w jednym z warszawskich szpitali. Dzi\u0119kuj\u0105c Solenizantce na sta\u0142y nasz kontakt, za ka\u017cde dobre i m\u0105dre s\u0142owo z Jej strony, [&hellip;]","og_url":"https:\/\/gaudiumetspes-blog.pl\/index.php\/2019\/05\/04\/co-wazne-co-najwazniejsze\/","og_site_name":"Gaudium Et Spes","article_published_time":"2019-05-04T03:28:00+00:00","article_modified_time":"2019-07-31T11:02:36+00:00","author":"Ks. Jacek","twitter_card":"summary_large_image","twitter_misc":{"Napisane przez":"Ks. Jacek","Szacowany czas czytania":"11 minut"},"schema":{"@context":"https:\/\/schema.org","@graph":[{"@type":"WebPage","@id":"https:\/\/gaudiumetspes-blog.pl\/index.php\/2019\/05\/04\/co-wazne-co-najwazniejsze\/","url":"https:\/\/gaudiumetspes-blog.pl\/index.php\/2019\/05\/04\/co-wazne-co-najwazniejsze\/","name":"Co wa\u017cne - a co najwa\u017cniejsze?... - Gaudium Et Spes","isPartOf":{"@id":"https:\/\/gaudiumetspes-blog.pl\/#website"},"datePublished":"2019-05-04T03:28:00+00:00","dateModified":"2019-07-31T11:02:36+00:00","author":{"@id":"https:\/\/gaudiumetspes-blog.pl\/#\/schema\/person\/1661982992b752dea8dff0d4ed845a65"},"breadcrumb":{"@id":"https:\/\/gaudiumetspes-blog.pl\/index.php\/2019\/05\/04\/co-wazne-co-najwazniejsze\/#breadcrumb"},"inLanguage":"pl-PL","potentialAction":[{"@type":"ReadAction","target":["https:\/\/gaudiumetspes-blog.pl\/index.php\/2019\/05\/04\/co-wazne-co-najwazniejsze\/"]}]},{"@type":"BreadcrumbList","@id":"https:\/\/gaudiumetspes-blog.pl\/index.php\/2019\/05\/04\/co-wazne-co-najwazniejsze\/#breadcrumb","itemListElement":[{"@type":"ListItem","position":1,"name":"Strona g\u0142\u00f3wna","item":"https:\/\/gaudiumetspes-blog.pl\/"},{"@type":"ListItem","position":2,"name":"Co wa\u017cne &#8211; a&nbsp;co najwa\u017cniejsze?&#8230;"}]},{"@type":"WebSite","@id":"https:\/\/gaudiumetspes-blog.pl\/#website","url":"https:\/\/gaudiumetspes-blog.pl\/","name":"Gaudium Et Spes","description":"Blog Ks. Jacka Ja\u015bkowskiego","potentialAction":[{"@type":"SearchAction","target":{"@type":"EntryPoint","urlTemplate":"https:\/\/gaudiumetspes-blog.pl\/?s={search_term_string}"},"query-input":{"@type":"PropertyValueSpecification","valueRequired":true,"valueName":"search_term_string"}}],"inLanguage":"pl-PL"},{"@type":"Person","@id":"https:\/\/gaudiumetspes-blog.pl\/#\/schema\/person\/1661982992b752dea8dff0d4ed845a65","name":"Ks. Jacek","image":{"@type":"ImageObject","inLanguage":"pl-PL","@id":"https:\/\/gaudiumetspes-blog.pl\/#\/schema\/person\/image\/","url":"https:\/\/gaudiumetspes-blog.pl\/wp-content\/uploads\/2019\/07\/avatar-JJ-150x150.jpg","contentUrl":"https:\/\/gaudiumetspes-blog.pl\/wp-content\/uploads\/2019\/07\/avatar-JJ-150x150.jpg","caption":"Ks. Jacek"},"description":"Witam serdecznie! K\u0142ania si\u0119 Ks. Jacek Ja\u015bkowski. Nie jestem ani kim\u015b wa\u017cnym, ani kim\u015b znanym. Jestem ksi\u0119dzem, kt\u00f3ry po prostu chce rozmawia\u0107. Codzienna kap\u0142a\u0144ska pos\u0142uga pokazuje mi, \u017ce temat\u00f3w do rozm\u00f3w z ksi\u0119dzem jest coraz wi\u0119cej i dzisiaj \u017caden ksi\u0105dz nie mo\u017ce od nich ucieka\u0107, ale - wprost przeciwnie - podejmowa\u0107 nowe wyzwania. To przekonanie sk\u0142oni\u0142o mnie do pr\u00f3by otwarcia tego\u017c bloga, chocia\u017c okazji do rozm\u00f3w na co dzie\u0144 - w konfesjonale i poza nim - na szcz\u0119\u015bcie nie brakuje. My\u015bl\u0119 jednak, \u017ce ten blog b\u0119dzie jeszcze jednym sposobem i przestrzeni\u0105 nawi\u0105zania kontaktu z lud\u017ami dobrej woli, otwartymi na dialog.","url":"https:\/\/gaudiumetspes-blog.pl\/index.php\/author\/ks-jacek\/"}]}},"jetpack_featured_media_url":"","jetpack_sharing_enabled":true,"_links":{"self":[{"href":"https:\/\/gaudiumetspes-blog.pl\/index.php\/wp-json\/wp\/v2\/posts\/14612","targetHints":{"allow":["GET"]}}],"collection":[{"href":"https:\/\/gaudiumetspes-blog.pl\/index.php\/wp-json\/wp\/v2\/posts"}],"about":[{"href":"https:\/\/gaudiumetspes-blog.pl\/index.php\/wp-json\/wp\/v2\/types\/post"}],"author":[{"embeddable":true,"href":"https:\/\/gaudiumetspes-blog.pl\/index.php\/wp-json\/wp\/v2\/users\/1"}],"replies":[{"embeddable":true,"href":"https:\/\/gaudiumetspes-blog.pl\/index.php\/wp-json\/wp\/v2\/comments?post=14612"}],"version-history":[{"count":1,"href":"https:\/\/gaudiumetspes-blog.pl\/index.php\/wp-json\/wp\/v2\/posts\/14612\/revisions"}],"predecessor-version":[{"id":15196,"href":"https:\/\/gaudiumetspes-blog.pl\/index.php\/wp-json\/wp\/v2\/posts\/14612\/revisions\/15196"}],"wp:attachment":[{"href":"https:\/\/gaudiumetspes-blog.pl\/index.php\/wp-json\/wp\/v2\/media?parent=14612"}],"wp:term":[{"taxonomy":"category","embeddable":true,"href":"https:\/\/gaudiumetspes-blog.pl\/index.php\/wp-json\/wp\/v2\/categories?post=14612"},{"taxonomy":"post_tag","embeddable":true,"href":"https:\/\/gaudiumetspes-blog.pl\/index.php\/wp-json\/wp\/v2\/tags?post=14612"}],"curies":[{"name":"wp","href":"https:\/\/api.w.org\/{rel}","templated":true}]}}