{"id":14617,"date":"2019-04-29T04:46:00","date_gmt":"2019-04-29T02:46:00","guid":{"rendered":"https:\/\/gaudiumetspes-blog.pl\/index.php\/2019\/04\/29\/tylko-z-jezuse\/"},"modified":"2019-07-31T13:02:34","modified_gmt":"2019-07-31T11:02:34","slug":"tylko-z-jezuse","status":"publish","type":"post","link":"https:\/\/gaudiumetspes-blog.pl\/index.php\/2019\/04\/29\/tylko-z-jezuse\/","title":{"rendered":"Tylko z Jezusem!"},"content":{"rendered":"<p><\/p>\n<div align=\"justify\" style=\"font-weight: normal; line-height: 150%; margin-bottom: 0cm;\">\n<span style=\"color: black;\"><span style=\"font-family: Book Antiqua, serif;\"><span style=\"font-size: x-large;\">Szcz\u0119\u015b\u0107<br \/>\nBo\u017ce! Moi Drodzy, w dniu dzisiejszym <b>imieniny prze\u017cywa Katarzyna<br \/>\nSzewczak, moja dobra Znajoma z Warszawy.<\/b><\/span><\/span><\/span><\/div>\n<div align=\"justify\" style=\"background: transparent; line-height: 150%; margin-bottom: 0cm; page-break-before: auto; text-indent: 1.3cm;\">\n<span style=\"color: black;\"><span style=\"font-family: Book Antiqua, serif;\"><span style=\"font-size: x-large;\"><b>Urodziny<br \/>\nnatomiast prze\u017cywa Siostra Paula Bronisz, pochodz\u0105ca z mojej<br \/>\npierwszej Parafii, gdzie zna\u0142em J\u0105 jako Agnieszk\u0119, gdy anga\u017cowa\u0142a<br \/>\nsi\u0119 w dzia\u0142alno\u015b\u0107 Wsp\u00f3lnoty m\u0142odzie\u017cowej.<\/b><\/span><\/span><\/span><\/div>\n<div align=\"justify\" style=\"background: transparent; line-height: 150%; margin-bottom: 0cm; text-indent: 1.3cm;\">\n<span style=\"color: black;\"><span style=\"font-family: Book Antiqua, serif;\"><span style=\"font-size: x-large;\"><b>Urodziny<br \/>\nprze\u017cywa dzi\u015b tak\u017ce Kamil Krupa, za moich czas\u00f3w \u2013 Lektor w<br \/>\nCelestynowie.<\/b><\/span><\/span><\/span><\/div>\n<div align=\"justify\" style=\"background: transparent; line-height: 150%; margin-bottom: 0cm; text-indent: 1.3cm;\">\n<span style=\"color: black;\"><span style=\"font-family: Book Antiqua, serif;\"><span style=\"font-size: x-large;\"><b>\u017bycz\u0119<br \/>\nWszystkim dzisiaj \u015bwi\u0119tuj\u0105cym, by na\u015bladowali dzisiejsz\u0105<br \/>\nPatronk\u0119 w Jej totalnym zawierzeniu Jezusowi i w konkrecie<br \/>\ncodziennej chrze\u015bcija\u0144skiej postawy. Zapewniam o modlitwie!<\/b><\/span><\/span><\/span><\/div>\n<div align=\"justify\" style=\"background: transparent; font-weight: normal; line-height: 150%; margin-bottom: 0cm; text-indent: 1.3cm;\">\n<span style=\"color: black;\"><span style=\"font-family: Book Antiqua, serif;\"><span style=\"font-size: x-large;\">Dobrego<br \/>\ndnia!<\/span><\/span><\/span><\/div>\n<div align=\"center\" style=\"font-weight: normal; line-height: 150%; margin-bottom: 0cm;\">\n<span style=\"color: black;\"><span style=\"font-family: Book Antiqua, serif;\"><span style=\"font-size: x-large;\">Gaudium<br \/>\net spes!  Ks. Jacek<\/span><\/span><\/span><\/div>\n<div align=\"justify\" style=\"line-height: 150%; margin-bottom: 0cm;\">\n<span style=\"font-size: x-large;\"><\/p>\n<p><\/span><\/div>\n<div align=\"justify\" style=\"line-height: 150%; margin-bottom: 0cm;\">\n<span style=\"color: black;\"><span style=\"font-family: Book Antiqua, serif;\"><span style=\"font-size: x-large;\"><b>\u015awi\u0119to<br \/>\n\u015awi\u0119tej Katarzyny Siene\u0144skiej, Patronki Europy,<\/b><\/span><\/span><\/span><\/div>\n<div align=\"justify\" style=\"line-height: 150%; margin-bottom: 0cm;\">\n<span style=\"color: black;\"><span style=\"font-family: Book Antiqua, serif;\"><span style=\"font-size: x-large;\"><b>do<br \/>\nczyta\u0144 z t. VI Lekcjonarza: 1 J 1,5\u20132,2;  Mt 11,25\u201330<\/b><\/span><\/span><\/span><\/div>\n<div align=\"justify\" style=\"line-height: 150%; margin-bottom: 0cm;\">\n<span style=\"font-size: x-large;\"><\/p>\n<p><\/span><\/div>\n<div align=\"justify\" style=\"font-style: normal; font-variant: normal; letter-spacing: normal; line-height: 150%; margin-bottom: 0cm; page-break-before: auto;\">\n<span style=\"font-size: x-large;\"><span style=\"color: black;\"><span style=\"font-family: Book Antiqua, serif;\"><b>CZYTANIE<br \/>\nZ PIERWSZEGO LISTU \u015aWI\u0118TEGO JANA APOSTO\u0141A: <\/b><\/span><\/span><br \/>\n<\/span><\/div>\n<div align=\"justify\" style=\"font-style: normal; font-variant: normal; letter-spacing: normal; line-height: 150%; margin-bottom: 0cm; page-break-before: auto; text-indent: 1.3cm;\">\n<span style=\"font-size: x-large;\"><span style=\"color: black;\"><span style=\"font-family: Book Antiqua, serif;\"><b>Najmilsi:<br \/>\nNowina, kt\u00f3r\u0105 us\u0142yszeli\u015bmy od Jezusa Chrystusa i kt\u00f3r\u0105 wam<br \/>\ng\u0142osimy, jest taka: B\u00f3g jest \u015bwiat\u0142o\u015bci\u0105, a nie ma w Nim \u017cadnej<br \/>\nciemno\u015bci. Je\u017celi m\u00f3wimy, \u017ce mamy z Nim wsp\u00f3\u0142uczestnictwo, a<br \/>\nchodzimy w ciemno\u015bci, k\u0142amiemy i nie post\u0119pujemy zgodnie z prawd\u0105.<br \/>\nJe\u017celi za\u015b chodzimy w \u015bwiat\u0142o\u015bci, tak jak On sam trwa w<br \/>\n\u015bwiat\u0142o\u015bci, wtedy mamy jedni z drugimi wsp\u00f3\u0142uczestnictwo, a krew<br \/>\nJezusa, Syna Jego, oczyszcza nas z wszelkiego grzechu. <\/b><\/span><\/span><br \/>\n<\/span><\/div>\n<div align=\"justify\" style=\"font-style: normal; font-variant: normal; letter-spacing: normal; line-height: 150%; margin-bottom: 0cm; text-indent: 1.3cm;\">\n<span style=\"font-size: x-large;\"><span style=\"color: black;\"><span style=\"font-family: Book Antiqua, serif;\"><b>Je\u015bli<br \/>\nm\u00f3wimy, \u017ce nie mamy grzechu, to samych siebie oszukujemy i nie ma w<br \/>\nnas prawdy. Je\u017celi wyznajemy nasze grzechy, B\u00f3g b\u0119d\u0105c wiernym i<br \/>\nsprawiedliwym odpu\u015bci je nam i oczy\u015bci nas z wszelkiej nieprawo\u015bci.<br \/>\nJe\u015bli powiemy, \u017ce nie zgrzeszyli\u015bmy, czynimy Go k\u0142amc\u0105 i nie ma<br \/>\nw nas Jego nauki. <\/b><\/span><\/span><br \/>\n<\/span><\/div>\n<div align=\"justify\" style=\"font-style: normal; font-variant: normal; letter-spacing: normal; line-height: 150%; margin-bottom: 0cm; text-indent: 1.3cm;\">\n<span style=\"color: black;\"><span style=\"font-family: Book Antiqua, serif;\"><span style=\"font-size: x-large;\"><b>Dzieci<br \/>\nmoje, pisz\u0119 wam to dlatego, \u017ceby\u015bcie nie grzeszyli. Je\u015bliby nawet<br \/>\nkto\u015b zgrzeszy\u0142, mamy Rzecznika wobec Ojca, Jezusa Chrystusa<br \/>\nsprawiedliwego. On bowiem jest ofiar\u0105 przeb\u0142agaln\u0105 za nasze<br \/>\ngrzechy, i nie tylko za nasze, lecz r\u00f3wnie\u017c za grzechy ca\u0142ego<br \/>\n\u015bwiata.<\/b><\/span><\/span><\/span><\/div>\n<div align=\"justify\" style=\"line-height: 150%; margin-bottom: 0cm;\">\n<span style=\"font-size: x-large;\"><\/p>\n<p><\/span><\/div>\n<div align=\"justify\" style=\"font-style: normal; font-variant: normal; letter-spacing: normal; line-height: 150%; margin-bottom: 0cm;\">\n<span style=\"font-size: x-large;\"><span style=\"color: black;\"><span style=\"font-family: Book Antiqua, serif;\"><b>S\u0141OWA<br \/>\nEWANGELII WED\u0141UG \u015aWI\u0118TEGO MATEUSZA: <\/b><\/span><\/span><br \/>\n<\/span><\/div>\n<div align=\"justify\" style=\"font-style: normal; font-variant: normal; letter-spacing: normal; line-height: 150%; margin-bottom: 0cm; page-break-before: auto; text-indent: 1.3cm;\">\n<span style=\"font-size: x-large;\"><span style=\"color: black;\"><span style=\"font-family: Book Antiqua, serif;\"><b>W<br \/>\nowym czasie Jezus przem\u00f3wi\u0142 tymi s\u0142owami: \u201eWys\u0142awiam Ci\u0119,<br \/>\nOjcze, Panie nieba i ziemi, \u017ce zakry\u0142e\u015b te rzeczy przed m\u0105drymi i<br \/>\nroztropnymi, a objawi\u0142e\u015b je prostaczkom. Tak, Ojcze, gdy\u017c takie<br \/>\nby\u0142o Twoje upodobanie. <\/b><\/span><\/span><br \/>\n<\/span><\/div>\n<div align=\"justify\" style=\"font-style: normal; font-variant: normal; letter-spacing: normal; line-height: 150%; margin-bottom: 0cm; text-indent: 1.3cm;\">\n<span style=\"font-size: x-large;\"><span style=\"color: black;\"><span style=\"font-family: Book Antiqua, serif;\"><b>Wszystko<br \/>\nprzekaza\u0142 Mi Ojciec m\u00f3j. Nikt te\u017c nie zna Syna, tylko Ojciec, ani<br \/>\nOjca nikt nie zna, tylko Syn, i ten, komu Syn zechce objawi\u0107. <\/b><\/span><\/span><br \/>\n<\/span><\/div>\n<div align=\"justify\" style=\"font-style: normal; font-variant: normal; letter-spacing: normal; line-height: 150%; margin-bottom: 0cm; text-indent: 1.3cm;\">\n<span style=\"font-size: x-large;\"><span style=\"color: black;\"><span style=\"font-family: Book Antiqua, serif;\"><b>Przyjd\u017acie<br \/>\ndo Mnie wszyscy, kt\u00f3rzy utrudzeni i obci\u0105\u017ceni jeste\u015bcie, a Ja was<br \/>\npokrzepi\u0119. <\/b><\/span><\/span><br \/>\n<\/span><\/div>\n<div align=\"justify\" style=\"font-style: normal; font-variant: normal; letter-spacing: normal; line-height: 150%; margin-bottom: 0cm; text-indent: 1.3cm;\">\n<span style=\"color: black;\"><span style=\"font-family: Book Antiqua, serif;\"><span style=\"font-size: x-large;\"><b>We\u017acie<br \/>\nmoje jarzmo na siebie i uczcie si\u0119 ode Mnie, bo jestem cichy i<br \/>\npokorny sercem, a znajdziecie ukojenie dla dusz waszych. Albowiem<br \/>\njarzmo moje jest s\u0142odkie, a moje brzemi\u0119 lekkie\u201d.<\/b><\/span><\/span><\/span><\/div>\n<div align=\"justify\" style=\"line-height: 150%; margin-bottom: 0cm;\">\n<span style=\"font-size: x-large;\"><\/p>\n<p><\/span><\/div>\n<div align=\"justify\" style=\"background: transparent; line-height: 150%; margin-bottom: 0cm; page-break-before: auto; text-indent: 1.3cm;\">\n<span style=\"font-size: x-large;\"><span style=\"color: black;\"><span style=\"font-family: Book Antiqua, serif;\"><span style=\"font-variant: normal;\"><span style=\"letter-spacing: normal;\"><span style=\"font-style: normal;\"><span style=\"font-weight: normal;\">Patronka<br \/>\ndnia dzisiejszego, <\/span><\/span><\/span><\/span><span style=\"font-variant: normal;\"><span style=\"letter-spacing: normal;\"><span style=\"font-style: normal;\"><b>Katarzyna<br \/>\nBenincasa, urodzi\u0142a si\u0119 w Sienie, w roku 1347.<\/b><\/span><\/span><\/span><span style=\"font-variant: normal;\"><span style=\"letter-spacing: normal;\"><span style=\"font-style: normal;\"><span style=\"font-weight: normal;\"><br \/>\nJu\u017c od najm\u0142odszych lat pragn\u0119\u0142a doskona\u0142o\u015bci: jako kilkuletnia<br \/>\ndziewczynka by\u0142a przenikni\u0119ta duchem pobo\u017cno\u015bci. Wspierana Bo\u017c\u0105<br \/>\n\u0142ask\u0105, <\/span><\/span><\/span><\/span><span style=\"font-variant: normal;\"><span style=\"letter-spacing: normal;\"><span style=\"font-style: normal;\"><b>w<br \/>\nwieku <\/b><\/span><\/span><\/span><span style=\"font-variant: normal;\"><span style=\"letter-spacing: normal;\"><span style=\"font-style: normal;\"><b>lat<br \/>\n<\/b><\/span><\/span><\/span><span style=\"font-variant: normal;\"><span style=\"letter-spacing: normal;\"><span style=\"font-style: normal;\"><b>siedmiu<\/b><\/span><\/span><\/span><span style=\"font-variant: normal;\"><span style=\"letter-spacing: normal;\"><span style=\"font-style: normal;\"><b><br \/>\nz\u0142o\u017cy\u0142a Bogu w ofierze swoje dziewictwo.<\/b><\/span><\/span><\/span><span style=\"font-variant: normal;\"><span style=\"letter-spacing: normal;\"><span style=\"font-style: normal;\"><span style=\"font-weight: normal;\"><br \/>\nKiedy <\/span><\/span><\/span><\/span><span style=\"font-variant: normal;\"><span style=\"letter-spacing: normal;\"><span style=\"font-style: normal;\"><span style=\"font-weight: normal;\">za\u015b<br \/>\n<\/span><\/span><\/span><\/span><span style=\"font-variant: normal;\"><span style=\"letter-spacing: normal;\"><span style=\"font-style: normal;\"><span style=\"font-weight: normal;\">mia\u0142a<br \/>\nlat <\/span><\/span><\/span><\/span><span style=\"font-variant: normal;\"><span style=\"letter-spacing: normal;\"><span style=\"font-style: normal;\"><span style=\"font-weight: normal;\">dwana\u015bcie<\/span><\/span><\/span><\/span><span style=\"font-variant: normal;\"><span style=\"letter-spacing: normal;\"><span style=\"font-style: normal;\"><span style=\"font-weight: normal;\">,<br \/>\ndosz\u0142o po raz pierwszy do konfrontacji z matk\u0105, kt\u00f3ra chcia\u0142a, by<br \/>\nKatarzyna wiod\u0142a \u017cycie <\/span><\/span><\/span><\/span><span style=\"font-variant: normal;\"><span style=\"letter-spacing: normal;\"><span style=\"font-style: normal;\"><span style=\"font-weight: normal;\">takie,<br \/>\n<\/span><\/span><\/span><\/span><span style=\"font-variant: normal;\"><span style=\"letter-spacing: normal;\"><span style=\"font-style: normal;\"><span style=\"font-weight: normal;\">jak<\/span><\/span><\/span><\/span><span style=\"font-variant: normal;\"><span style=\"letter-spacing: normal;\"><span style=\"font-style: normal;\"><span style=\"font-weight: normal;\">ie<br \/>\nwiod\u0142y<\/span><\/span><\/span><\/span><span style=\"font-variant: normal;\"><span style=\"letter-spacing: normal;\"><span style=\"font-style: normal;\"><span style=\"font-weight: normal;\"><br \/>\nwszystkie jej kole\u017canki, <\/span><\/span><\/span><\/span><span style=\"font-variant: normal;\"><span style=\"letter-spacing: normal;\"><span style=\"font-style: normal;\"><b>a<br \/>\nwi\u0119c <\/b><\/span><\/span><\/span><span style=\"font-variant: normal;\"><span style=\"letter-spacing: normal;\"><span style=\"font-style: normal;\"><b>korzysta\u0142a<br \/>\nz przyjemno\u015bci,<\/b><\/span><\/span><\/span><span style=\"font-variant: normal;\"><span style=\"letter-spacing: normal;\"><span style=\"font-style: normal;\"><span style=\"font-weight: normal;\"><br \/>\njakich dostarcza m\u0142odo\u015b\u0107. Katarzyna jednak <\/span><\/span><\/span><\/span><span style=\"font-variant: normal;\"><span style=\"letter-spacing: normal;\"><span style=\"font-style: normal;\"><b>marzy\u0142a<br \/>\no ca\u0142kowitym oddaniu si\u0119 Panu Bogu. <\/b><\/span><\/span><\/span><\/span><\/span><br \/>\n<\/span><\/div>\n<div align=\"justify\" style=\"background: transparent; line-height: 150%; margin-bottom: 0cm; text-indent: 1.3cm;\">\n<span style=\"font-size: x-large;\"><span style=\"color: black;\"><span style=\"font-family: Book Antiqua, serif;\"><span style=\"font-variant: normal;\"><span style=\"letter-spacing: normal;\"><span style=\"font-style: normal;\"><span style=\"font-weight: normal;\">I<br \/>\nd<\/span><\/span><\/span><\/span><span style=\"font-variant: normal;\"><span style=\"letter-spacing: normal;\"><span style=\"font-style: normal;\"><span style=\"font-weight: normal;\">latego<br \/>\n<\/span><\/span><\/span><\/span><span style=\"font-variant: normal;\"><span style=\"letter-spacing: normal;\"><span style=\"font-style: normal;\"><span style=\"font-weight: normal;\">to<br \/>\nw\u0142a\u015bnie <\/span><\/span><\/span><\/span><span style=\"font-variant: normal;\"><span style=\"letter-spacing: normal;\"><span style=\"font-style: normal;\"><span style=\"font-weight: normal;\">wbrew<br \/>\nwoli rodzic\u00f3w obci\u0119\u0142a sobie w\u0142osy i zacz\u0119\u0142a prowadzi\u0107 \u017cycie<br \/>\npokutne. Zamierza\u0142a najpierw we w\u0142asnym domu uczyni\u0107 sobie<br \/>\npustelni\u0119. Kiedy jednak to okaza\u0142o si\u0119 niemo\u017cliwe, <\/span><\/span><\/span><\/span><span style=\"font-variant: normal;\"><span style=\"letter-spacing: normal;\"><span style=\"font-style: normal;\"><b>swoje<\/b><\/span><\/span><\/span><span style=\"font-variant: normal;\"><span style=\"letter-spacing: normal;\"><span style=\"font-style: normal;\"><b><br \/>\nserce zamieni\u0142a na zakonn\u0105 cel\u0119.<\/b><\/span><\/span><\/span><span style=\"font-variant: normal;\"><span style=\"letter-spacing: normal;\"><span style=\"font-style: normal;\"><span style=\"font-weight: normal;\"><br \/>\nTu by\u0142a jej Betania, w kt\u00f3rej spotyka\u0142a si\u0119 na s\u0142odkiej rozmowie<br \/>\nz Boskim Oblubie\u0144cem. Z mi\u0142o\u015bci dla Chrystusa pracowa\u0142a nad swoim<br \/>\ncharakterem, <\/span><\/span><\/span><\/span><span style=\"font-variant: normal;\"><span style=\"letter-spacing: normal;\"><span style=\"font-style: normal;\"><span style=\"font-weight: normal;\">okazuj\u0105c<br \/>\nsi\u0119 dla wszystkich \u017cyczliw\u0105 i \u0142agodn\u0105, sk\u0142onn\u0105 do us\u0142ug. <\/span><\/span><\/span><\/span><span style=\"font-variant: normal;\"><span style=\"letter-spacing: normal;\"><span style=\"font-style: normal;\"><b>W<br \/>\nwoli rodzic\u00f3w zacz\u0119\u0142a upatrywa\u0107 wol\u0119 ukochanego Zbawcy. <\/b><\/span><\/span><\/span><\/span><\/span><br \/>\n<\/span><\/div>\n<div align=\"justify\" style=\"background: transparent; line-height: 150%; margin-bottom: 0cm; text-indent: 1.3cm;\">\n<span style=\"font-size: x-large;\"><span style=\"color: black;\"><span style=\"font-family: Book Antiqua, serif;\"><span style=\"font-variant: normal;\"><span style=\"letter-spacing: normal;\"><span style=\"font-style: normal;\"><span style=\"font-weight: normal;\">Pomimo<br \/>\nwielu trudno\u015bci ze strony rodziny, w 1363 roku wst\u0105pi\u0142a <\/span><\/span><\/span><\/span><span style=\"font-variant: normal;\"><span style=\"letter-spacing: normal;\"><span style=\"font-style: normal;\"><b>do<br \/>\n<\/b><\/span><\/span><\/span><span style=\"font-variant: normal;\"><span style=\"letter-spacing: normal;\"><span style=\"font-style: normal;\"><b>grona<\/b><\/span><\/span><\/span><span style=\"font-variant: normal;\"><span style=\"letter-spacing: normal;\"><span style=\"font-style: normal;\"><b><br \/>\ntercjarek dominika\u0144skich w Sienie <\/b><\/span><\/span><\/span><span style=\"font-variant: normal;\"><span style=\"letter-spacing: normal;\"><span style=\"font-style: normal;\"><span style=\"font-weight: normal;\">i<br \/>\nprowadzi\u0142a tam surowe \u017cycie.<\/span><\/span><\/span><\/span><span style=\"font-variant: normal;\"><span style=\"letter-spacing: normal;\"><span style=\"font-style: normal;\"><span style=\"font-weight: normal;\"><br \/>\nModlitwa, pokuta i pos\u0142ugiwanie tr\u0119dowatym wype\u0142nia\u0142y jej dni.<br \/>\nJad\u0142a sk\u0105po, spa\u0142a bardzo ma\u0142o, gdy\u017c <\/span><\/span><\/span><\/span><span style=\"font-variant: normal;\"><span style=\"letter-spacing: normal;\"><span style=\"font-style: normal;\"><b>\u017cal<br \/>\njej by\u0142o godzin nie sp\u0119dzonych na modlitwie.<\/b><\/span><\/span><\/span><span style=\"font-variant: normal;\"><span style=\"letter-spacing: normal;\"><span style=\"font-style: normal;\"><span style=\"font-weight: normal;\"><br \/>\nCz\u0119sto biczowa\u0142a si\u0119 do krwi. W wieku lat <\/span><\/span><\/span><\/span><span style=\"font-variant: normal;\"><span style=\"letter-spacing: normal;\"><span style=\"font-style: normal;\"><span style=\"font-weight: normal;\">dwudziestu<\/span><\/span><\/span><\/span><span style=\"font-variant: normal;\"><span style=\"letter-spacing: normal;\"><span style=\"font-style: normal;\"><span style=\"font-weight: normal;\"><br \/>\nby\u0142a ju\u017c osob\u0105 w pe\u0142ni ukszta\u0142towan\u0105, wielk\u0105 mistyczk\u0105. <\/span><\/span><\/span><\/span><span style=\"font-variant: normal;\"><span style=\"letter-spacing: normal;\"><span style=\"font-style: normal;\"><b>Pan<br \/>\nJezus cz\u0119sto j\u0105 nawiedza\u0142 \u2013<\/b><\/span><\/span><\/span><span style=\"font-variant: normal;\"><span style=\"letter-spacing: normal;\"><span style=\"font-style: normal;\"><b><br \/>\n<\/b><\/span><\/span><\/span><span style=\"font-variant: normal;\"><span style=\"letter-spacing: normal;\"><span style=\"font-style: normal;\"><b>sam<br \/>\nlub ze swoj\u0105 Matk\u0105.<\/b><\/span><\/span><\/span><span style=\"font-variant: normal;\"><span style=\"letter-spacing: normal;\"><span style=\"font-style: normal;\"><span style=\"font-weight: normal;\"><br \/>\n Katarzyna sta\u0142a si\u0119 <\/span><\/span><\/span><\/span><span style=\"font-variant: normal;\"><span style=\"letter-spacing: normal;\"><span style=\"font-style: normal;\"><span style=\"font-weight: normal;\">Jego<br \/>\n<\/span><\/span><\/span><\/span><span style=\"font-variant: normal;\"><span style=\"letter-spacing: normal;\"><span style=\"font-style: normal;\"><span style=\"font-weight: normal;\">pos\u0142ank\u0105.<br \/>\n<\/span><\/span><\/span><\/span><\/span><\/span><br \/>\n<\/span><\/div>\n<div align=\"justify\" style=\"background: transparent; line-height: 150%; margin-bottom: 0cm; text-indent: 1.3cm;\">\n<span style=\"font-size: x-large;\"><span style=\"color: black;\"><span style=\"font-family: Book Antiqua, serif;\"><span style=\"font-variant: normal;\"><span style=\"letter-spacing: normal;\"><span style=\"font-style: normal;\"><span style=\"font-weight: normal;\">Zacz\u0119\u0142a<\/span><\/span><\/span><\/span><span style=\"font-variant: normal;\"><span style=\"letter-spacing: normal;\"><span style=\"font-style: normal;\"><span style=\"font-weight: normal;\"><br \/>\nprzemawia\u0107 i pisa\u0107 listy w imieniu Chrystusa do najznakomitszych<br \/>\nos\u00f3b \u00f3wczesnej Europy, tak duchownych, jak i \u015bwieckich. Skupi\u0142a<br \/>\nponadto przy sobie <\/span><\/span><\/span><\/span><span style=\"font-variant: normal;\"><span style=\"letter-spacing: normal;\"><span style=\"font-style: normal;\"><b>spore<br \/>\ngrono uczni\u00f3w \u2013 <\/b><\/span><\/span><\/span><span style=\"font-variant: normal;\"><span style=\"letter-spacing: normal;\"><span style=\"font-style: normal;\"><span style=\"font-weight: normal;\">elit\u0119<br \/>\nSieny \u2013 dla kt\u00f3rych by\u0142a <\/span><\/span><\/span><\/span><span style=\"font-variant: normal;\"><span style=\"letter-spacing: normal;\"><span style=\"font-style: normal;\"><b>duchow\u0105<br \/>\nmistrzyni\u0105 i przewodniczk\u0105.<\/b><\/span><\/span><\/span><span style=\"font-variant: normal;\"><span style=\"letter-spacing: normal;\"><span style=\"font-style: normal;\"><span style=\"font-weight: normal;\"><br \/>\nWspierana nadzwyczajnymi darami Ducha \u015awi\u0119tego i pos\u0142uszna Jego<br \/>\nnatchnieniom, \u0142\u0105czy\u0142a w swoim \u017cyciu <\/span><\/span><\/span><\/span><span style=\"font-variant: normal;\"><span style=\"letter-spacing: normal;\"><span style=\"font-style: normal;\"><b>g\u0142\u0119bok\u0105<br \/>\nkontemplacj\u0119 tajemnic Bo\u017cych w \u201e<\/b><\/span><\/span><\/span><span style=\"font-variant: normal;\"><span style=\"letter-spacing: normal;\"><span style=\"font-style: normal;\"><b>pustelni<\/b><\/span><\/span><\/span><span style=\"font-variant: normal;\"><span style=\"letter-spacing: normal;\"><span style=\"font-style: normal;\"><b><br \/>\nswojego serca\u201d &#8211; z r\u00f3\u017cnorodn\u0105 dzia\u0142alno\u015bci\u0105 apostolsk\u0105.<\/b><\/span><\/span><\/span><span style=\"font-variant: normal;\"><span style=\"letter-spacing: normal;\"><span style=\"font-style: normal;\"><span style=\"font-weight: normal;\"><br \/>\nZ przemy\u015ble\u0144 i duchowych prze\u017cy\u0107 zrodzi\u0142o si\u0119 <\/span><\/span><\/span><\/span><span style=\"font-variant: normal;\"><span style=\"letter-spacing: normal;\"><span style=\"font-style: normal;\"><span style=\"font-weight: normal;\">jej<br \/>\n<\/span><\/span><\/span><\/span><span style=\"font-variant: normal;\"><span style=\"letter-spacing: normal;\"><span style=\"font-style: normal;\"><span style=\"font-weight: normal;\">zaanga\u017cowanie<br \/>\nw sprawy Ko\u015bcio\u0142a i \u015bwiata. <\/span><\/span><\/span><\/span><\/span><\/span><br \/>\n<\/span><\/div>\n<div align=\"justify\" style=\"background: transparent; line-height: 150%; margin-bottom: 0cm; text-indent: 1.3cm;\">\n<span style=\"color: black;\"><span style=\"font-family: Book Antiqua, serif;\"><span style=\"font-size: x-large;\"><span style=\"font-variant: normal;\"><span style=\"letter-spacing: normal;\"><span style=\"font-style: normal;\"><span style=\"font-weight: normal;\">Pe\u0142na<br \/>\ngor\u0105cej mi\u0142o\u015bci <\/span><\/span><\/span><\/span><span style=\"font-variant: normal;\"><span style=\"letter-spacing: normal;\"><span style=\"font-style: normal;\"><span style=\"font-weight: normal;\">do<br \/>\n<\/span><\/span><\/span><\/span><span style=\"font-variant: normal;\"><span style=\"letter-spacing: normal;\"><span style=\"font-style: normal;\"><span style=\"font-weight: normal;\">Boga<br \/>\ni bli\u017aniego, przyczyni\u0142a si\u0119 do utrwalenia pokoju pomi\u0119dzy<br \/>\nmiastami, stawa\u0142a mocno <\/span><\/span><\/span><\/span><span style=\"font-variant: normal;\"><span style=\"letter-spacing: normal;\"><span style=\"font-style: normal;\"><b>w<br \/>\nobronie praw i wolno\u015bci <\/b><\/span><\/span><\/span><span style=\"font-variant: normal;\"><span style=\"letter-spacing: normal;\"><span style=\"font-style: normal;\"><b>P<\/b><\/span><\/span><\/span><span style=\"font-variant: normal;\"><span style=\"letter-spacing: normal;\"><span style=\"font-style: normal;\"><b>apie\u017ca<br \/>\n<\/b><\/span><\/span><\/span><span style=\"font-variant: normal;\"><span style=\"letter-spacing: normal;\"><span style=\"font-style: normal;\"><b>Grzegorza<br \/>\nXI<\/b><\/span><\/span><\/span><span style=\"font-variant: normal;\"><span style=\"letter-spacing: normal;\"><span style=\"font-style: normal;\"><b>,<br \/>\n<\/b><\/span><\/span><\/span><span style=\"font-variant: normal;\"><span style=\"letter-spacing: normal;\"><span style=\"font-style: normal;\"><b>kt\u00f3rego<br \/>\nprzekona\u0142a do powrotu do Rzymu z niewoli avinio\u0144skiej.<\/b><\/span><\/span><\/span><span style=\"font-variant: normal;\"><span style=\"letter-spacing: normal;\"><span style=\"font-style: normal;\"><span style=\"font-weight: normal;\"><br \/>\nP<\/span><\/span><\/span><\/span><span style=\"font-variant: normal;\"><span style=\"letter-spacing: normal;\"><span style=\"font-style: normal;\"><span style=\"font-weight: normal;\">opiera\u0142a<br \/>\n<\/span><\/span><\/span><\/span><span style=\"font-variant: normal;\"><span style=\"letter-spacing: normal;\"><span style=\"font-style: normal;\"><span style=\"font-weight: normal;\">ponadto<br \/>\n<\/span><\/span><\/span><\/span><span style=\"font-variant: normal;\"><span style=\"letter-spacing: normal;\"><span style=\"font-style: normal;\"><span style=\"font-weight: normal;\">odnow\u0119<br \/>\n\u017cycia chrze\u015bcija\u0144skiego. Jej dzie\u0142a zawieraj\u0105 g\u0142\u0119bok\u0105<br \/>\ndoktryn\u0119 i s\u0105 pe\u0142ne ducha Bo\u017cego. <\/span><\/span><\/span><\/span><span style=\"font-variant: normal;\"><span style=\"letter-spacing: normal;\"><span style=\"font-style: normal;\"><b>Zmar\u0142a<br \/>\n<\/b><\/span><\/span><\/span><span style=\"font-variant: normal;\"><span style=\"letter-spacing: normal;\"><span style=\"font-style: normal;\"><b>z<br \/>\nwyczerpania <\/b><\/span><\/span><\/span><span style=\"font-variant: normal;\"><span style=\"letter-spacing: normal;\"><span style=\"font-style: normal;\"><b>w<br \/>\nroku 1380. <\/b><\/span><\/span><\/span><span style=\"font-variant: normal;\"><span style=\"letter-spacing: normal;\"><span style=\"font-style: normal;\"><span style=\"font-weight: normal;\">Papie\u017c<br \/>\nPawe\u0142 VI og\u0142osi\u0142 j\u0105 <\/span><\/span><\/span><\/span><span style=\"font-variant: normal;\"><span style=\"letter-spacing: normal;\"><span style=\"font-style: normal;\"><span style=\"font-weight: normal;\">D<\/span><\/span><\/span><\/span><span style=\"font-variant: normal;\"><span style=\"letter-spacing: normal;\"><span style=\"font-style: normal;\"><span style=\"font-weight: normal;\">oktorem<br \/>\nKo\u015bcio\u0142a, <\/span><\/span><\/span><\/span><span style=\"font-variant: normal;\"><span style=\"letter-spacing: normal;\"><span style=\"font-style: normal;\"><span style=\"font-weight: normal;\">a<br \/>\nJan Pawe\u0142 II \u2013 w roku 1999 \u2013 <\/span><\/span><\/span><\/span><span style=\"font-variant: normal;\"><span style=\"letter-spacing: normal;\"><span style=\"font-style: normal;\"><b>W<\/b><\/span><\/span><\/span><span style=\"font-variant: normal;\"><span style=\"letter-spacing: normal;\"><span style=\"font-style: normal;\"><b>sp\u00f3\u0142patronk\u0105<br \/>\nEuropy.<\/b><\/span><\/span><\/span><\/span><\/span><\/span><\/div>\n<div align=\"justify\" style=\"background: transparent; font-style: normal; font-variant: normal; font-weight: normal; letter-spacing: normal; line-height: 150%; margin-bottom: 0cm; page-break-before: auto; text-indent: 1.3cm;\">\n<span style=\"color: black;\"><span style=\"font-family: Book Antiqua, serif;\"><span style=\"font-size: x-large;\">A<br \/>\noto ma\u0142y fragment jej bogatych przemy\u015ble\u0144, dotycz\u0105cych w tym<br \/>\nprzypadku Opatrzno\u015bci Bo\u017cej, a zapisanych w \u201eDialogu\u201d,<br \/>\nzamieszczonych za\u015b w dzisiejszej brewiarzowej Godzinie czyta\u0144:<\/span><\/span><\/span><\/div>\n<div align=\"justify\" style=\"background: transparent; font-style: normal; font-variant: normal; font-weight: normal; letter-spacing: normal; line-height: 150%; margin-bottom: 0cm; text-indent: 1.3cm;\">\n<span style=\"color: black; font-size: x-large;\">\u201e<span style=\"font-family: Book Antiqua, serif;\"><b>O<br \/>\nwieczne B\u00f3stwo, wiekuista Tr\u00f3jco!<\/b> Ty sprawi\u0142a\u015b, \u017ce przez<br \/>\nzjednoczenie z Bo\u017c\u0105 natur\u0105 Krew Twojego Jednorodzonego Syna<br \/>\nnabra\u0142a takiej ceny. Ty, Tr\u00f3jco wieczna, jeste\u015b morzem g\u0142\u0119bokim,<br \/>\nw kt\u00f3rym im wi\u0119cej szukam, wi\u0119cej znajduj\u0119, <b>a im wi\u0119cej<br \/>\nznajduj\u0119, tym wi\u0119cej Ci\u0119 szukam. <\/b>Ty w nienasycony spos\u00f3b<br \/>\nnasycasz dusz\u0119; w Twojej g\u0142\u0119boko\u015bci tak nasycasz dusz\u0119, \u017ce<br \/>\nzawsze pozostaje ona z\u0142akniona Ciebie, Tr\u00f3jco wieczna, i pragnie<br \/>\nujrze\u0107 Ciebie, \u015awiat\u0142o\u015bci, w Twoim \u015bwietle.<\/span><\/span><\/div>\n<div align=\"justify\" style=\"background: transparent; font-style: normal; font-variant: normal; font-weight: normal; letter-spacing: normal; line-height: 150%; margin-bottom: 0cm; text-indent: 1.3cm;\">\n<span style=\"color: black;\"><span style=\"font-family: Book Antiqua, serif;\"><span style=\"font-size: x-large;\">Zakosztowa\u0142am<br \/>\ni \u015bwiat\u0142em mojego umys\u0142u w \u015bwietle Twoim <b>ujrza\u0142am Twoje<br \/>\nprzepastne g\u0142\u0119biny, <\/b>Tr\u00f3jco wieczna, i pi\u0119kno Twojego<br \/>\nstworzenia. A ogl\u0105daj\u0105c siebie w Tobie, ujrza\u0142am, \u017ce jestem Twoim<br \/>\nobrazem. Bo ze swej mocy, wiekuisty Ojcze, i m\u0105dro\u015bci, kt\u00f3r\u0105 jest<br \/>\nSyn Tw\u00f3j Jednorodzony, udzieli\u0142e\u015b mi; a Duch \u015awi\u0119ty, kt\u00f3ry od<br \/>\nCiebie i od Syna pochodzi, da\u0142 mej woli zdolno\u015b\u0107 kochania Ciebie.<\/span><\/span><\/span><\/div>\n<div align=\"justify\" style=\"background: transparent; font-style: normal; font-variant: normal; font-weight: normal; letter-spacing: normal; line-height: 150%; margin-bottom: 0cm; text-indent: 1.3cm;\">\n<span style=\"color: black;\"><span style=\"font-family: Book Antiqua, serif;\"><span style=\"font-size: x-large;\"><b>Ty,<br \/>\nwiekuista Tr\u00f3jco, jeste\u015b Stw\u00f3rc\u0105, a ja stworzeniem.<\/b> W<br \/>\nodrodzeniu, kt\u00f3rego dokona\u0142e\u015b we mnie przez Krew Syna Twego<br \/>\nJedynego, ujrza\u0142am, \u017ce rozmi\u0142owa\u0142e\u015b si\u0119 w pi\u0119kno\u015bci swojego<br \/>\nstworzenia.<\/span><\/span><\/span><\/div>\n<div align=\"justify\" style=\"background: transparent; font-style: normal; font-variant: normal; font-weight: normal; letter-spacing: normal; line-height: 150%; margin-bottom: 0cm; text-indent: 1.3cm;\">\n<span style=\"color: black;\"><span style=\"font-family: Book Antiqua, serif;\"><span style=\"font-size: x-large;\"><b>O<br \/>\nprzepa\u015bci, o Tr\u00f3jco Boska i wieczna, o morze g\u0142\u0119bokie! <\/b>C\u00f3\u017c<br \/>\nmog\u0142e\u015b mi da\u0107 wi\u0119cej nad siebie samego? Jeste\u015b ogniem, kt\u00f3ry<br \/>\nzawsze p\u0142onie i nie ga\u015bnie nigdy. Jeste\u015b ogniem, kt\u00f3ry swoim<br \/>\n\u017carem <b>spala wszelk\u0105 mi\u0142o\u015b\u0107 w\u0142asn\u0105 duszy. <\/b>Jeste\u015b<br \/>\nogniem, kt\u00f3ry usuwa wszelk\u0105 ozi\u0119b\u0142o\u015b\u0107 i kt\u00f3ry o\u015bwieca wszelki<br \/>\numys\u0142 swoim \u015bwiat\u0142em. W tym \u015bwietle da\u0142e\u015b mi pozna\u0107 Twoj\u0105<br \/>\nprawd\u0119.<\/span><\/span><\/span><\/div>\n<div align=\"justify\" style=\"background: transparent; font-style: normal; font-variant: normal; font-weight: normal; letter-spacing: normal; line-height: 150%; margin-bottom: 0cm; text-indent: 1.3cm;\">\n<span style=\"color: black;\"><span style=\"font-family: Book Antiqua, serif;\"><span style=\"font-size: x-large;\">W<br \/>\nodblasku tego \u015bwiat\u0142a poznaj\u0119 Ciebie, <b>Dobro Najwy\u017csze, Dobro<br \/>\nponad dobrami, <\/b>Dobro b\u0142ogos\u0142awione i niepoj\u0119te, Dobro<br \/>\nbezcenne, Pi\u0119kno\u015bci nad pi\u0119kno\u015bciami, M\u0105dro\u015bci nad m\u0105dro\u015bciami,<br \/>\nM\u0105dro\u015bci sama! Ty, Chlebie anio\u0142\u00f3w, z \u017carem mi\u0142o\u015bci odda\u0142e\u015b<br \/>\nsi\u0119 ludziom.<\/span><\/span><\/span><\/div>\n<div align=\"justify\" style=\"background: transparent; font-style: normal; font-variant: normal; font-weight: normal; letter-spacing: normal; line-height: 150%; margin-bottom: 0cm; text-indent: 1.3cm;\">\n<span style=\"color: black;\"><span style=\"font-family: Book Antiqua, serif;\"><span style=\"font-size: x-large;\">Jeste\u015b<br \/>\nszat\u0105, kt\u00f3ra okrywa moj\u0105 nago\u015b\u0107, jeste\u015b pokarmem, kt\u00f3ry swoj\u0105<br \/>\ns\u0142odycz\u0105 \u017cywi zg\u0142odnia\u0142ych. Jeste\u015b s\u0142odycz\u0105 bez \u015bladu<br \/>\ngoryczy. <b>O Tr\u00f3jco wieczna!\u201d<\/b> Tyle z g\u0142\u0119bokich rozwa\u017ca\u0144<br \/>\nnaszej dzisiejszej Patronki.<\/span><\/span><\/span><\/div>\n<div align=\"justify\" style=\"background: transparent; font-weight: normal; line-height: 150%; margin-bottom: 0cm; text-indent: 1.3cm;\">\n<span style=\"font-size: x-large;\"><span style=\"color: black;\"><span style=\"font-family: Book Antiqua, serif;\"><span style=\"font-variant: normal;\"><span style=\"letter-spacing: normal;\"><span style=\"font-style: normal;\">My<br \/>\nza\u015b, s\u0142uchaj\u0105c Bo\u017cego s\u0142owa, przeznaczonego w liturgii Ko\u015bcio\u0142a<br \/>\ndok\u0142adnie na dzisiejsze \u015bwi\u0105teczne wspomnienie, <\/span><\/span><\/span><span style=\"font-variant: normal;\"><span style=\"letter-spacing: normal;\"><span style=\"font-style: normal;\">a<br \/>\ndok\u0142adnie tych s\u0142\u00f3w Jezusa: <\/span><\/span><\/span><span style=\"font-variant: normal;\"><span style=\"letter-spacing: normal;\"><i><b>Wys\u0142awiam<br \/>\nCi\u0119, Ojcze, Panie nieba i ziemi, \u017ce zakry\u0142e\u015b te rzeczy przed<br \/>\nm\u0105drymi i roztropnymi, a objawi\u0142e\u015b je prostaczkom. Tak, Ojcze,<br \/>\ngdy\u017c takie by\u0142o Twoje upodobanie <\/b><\/i><\/span><\/span><span style=\"font-variant: normal;\"><span style=\"letter-spacing: normal;\"><span style=\"font-style: normal;\"><b>\u2013<\/b><\/span><\/span><\/span><span style=\"font-variant: normal;\"><span style=\"letter-spacing: normal;\"><span style=\"font-style: normal;\"><b><br \/>\n<\/b><\/span><\/span><\/span><span style=\"font-variant: normal;\"><span style=\"letter-spacing: normal;\"><span style=\"font-style: normal;\">odnajdujemy<br \/>\nw \u017cyciu i postawie \u015awi\u0119tej Katarzyny ich wype\u0142nienie. Bo to<br \/>\nw\u0142a\u015bnie ona \u2013 od pocz\u0105tku swego \u017cycia, od najm\u0142odszych lat \u2013<br \/>\nbardzo chcia\u0142a sta\u0107 si\u0119 <\/span><\/span><\/span><span style=\"font-variant: normal;\"><span style=\"letter-spacing: normal;\"><span style=\"font-style: normal;\"><b>takim<br \/>\nBo\u017cym prostaczkiem. <\/b><\/span><\/span><\/span><\/span><\/span><br \/>\n<\/span><\/div>\n<div align=\"justify\" style=\"background: transparent; font-weight: normal; line-height: 150%; margin-bottom: 0cm; text-indent: 1.3cm;\">\n<span style=\"font-size: x-large;\"><span style=\"color: black;\"><span style=\"font-family: Book Antiqua, serif;\"><span style=\"font-variant: normal;\"><span style=\"letter-spacing: normal;\"><span style=\"font-style: normal;\">Przy<br \/>\nczym zawsze, kiedy przywo\u0142ujemy okre\u015blenie <\/span><\/span><\/span><span style=\"font-variant: normal;\"><span style=\"letter-spacing: normal;\"><span style=\"font-style: normal;\"><b>\u201eprostaczek\u201d,<\/b><\/span><\/span><\/span><span style=\"font-variant: normal;\"><span style=\"letter-spacing: normal;\"><span style=\"font-style: normal;\"><br \/>\nu\u015bwiadamiamy sobie i przypominamy, \u017ce nie chodzi nam o <\/span><\/span><\/span><span style=\"font-variant: normal;\"><span style=\"letter-spacing: normal;\"><span style=\"font-style: normal;\"><b>\u201eprostaka\u201d,<\/b><\/span><\/span><\/span><span style=\"font-variant: normal;\"><span style=\"letter-spacing: normal;\"><span style=\"font-style: normal;\"><br \/>\nczyli kogo\u015b prymitywnego, nieokrzesanego i grubia\u0144skiego, ale o<br \/>\n<\/span><\/span><\/span><span style=\"font-variant: normal;\"><span style=\"letter-spacing: normal;\"><span style=\"font-style: normal;\">kogo\u015b<\/span><\/span><\/span><span style=\"font-variant: normal;\"><span style=\"letter-spacing: normal;\"><span style=\"font-style: normal;\"><br \/>\n<\/span><\/span><\/span><span style=\"font-variant: normal;\"><span style=\"letter-spacing: normal;\"><span style=\"font-style: normal;\"><b>prostego,<br \/>\nprostolinijnego, szczerego i totalnie otwartego na Boga.<\/b><\/span><\/span><\/span><span style=\"font-variant: normal;\"><span style=\"letter-spacing: normal;\"><span style=\"font-style: normal;\"><br \/>\nA takim w\u0142a\u015bnie cz\u0142owiekiem by\u0142a nasza dzisiejsza Patronka. Takim<br \/>\ncz\u0142owiekiem bardzo chcia\u0142a by\u0107 od samego pocz\u0105tku i takim sta\u0142a<br \/>\nsi\u0119 <\/span><\/span><\/span><span style=\"font-variant: normal;\"><span style=\"letter-spacing: normal;\"><span style=\"font-style: normal;\"><b>ju\u017c<br \/>\nw m\u0142odym wieku.<\/b><\/span><\/span><\/span><span style=\"font-variant: normal;\"><span style=\"letter-spacing: normal;\"><span style=\"font-style: normal;\"><br \/>\n<\/span><\/span><\/span><\/span><\/span><br \/>\n<\/span><\/div>\n<div align=\"justify\" style=\"background: transparent; font-weight: normal; line-height: 150%; margin-bottom: 0cm; text-indent: 1.3cm;\">\n<span style=\"font-size: x-large;\"><span style=\"color: black;\"><span style=\"font-family: Book Antiqua, serif;\"><span style=\"font-variant: normal;\"><span style=\"letter-spacing: normal;\"><span style=\"font-style: normal;\">Dlatego<br \/>\njej mowa i jej pisma zadziwiaj\u0105 z jednej strony \u2013 pi\u0119knem mistyki<br \/>\ni g\u0142\u0119bi\u0105 przemy\u015ble\u0144, z drugiej za\u015b: buduj\u0105 nas swoim <\/span><\/span><\/span><span style=\"font-variant: normal;\"><span style=\"letter-spacing: normal;\"><span style=\"font-style: normal;\"><b>konkretem<br \/>\ni jednoznaczno\u015bci\u0105. <\/b><\/span><\/span><\/span><span style=\"font-variant: normal;\"><span style=\"letter-spacing: normal;\"><span style=\"font-style: normal;\">Ze<br \/>\nstylu jej \u017cycia i nauczania wyra\u017anie wida\u0107, \u017ce \u2013 u\u017cywaj\u0105c<br \/>\nstwierdze\u0144 Jezusa z dzisiejszej Ewangelii \u2013 <\/span><\/span><\/span><span style=\"font-variant: normal;\"><span style=\"letter-spacing: normal;\"><span style=\"font-style: normal;\"><b>B\u00f3g<br \/>\nobjawi\u0142 jej wielkie rzeczy,<\/b><\/span><\/span><\/span><span style=\"font-variant: normal;\"><span style=\"letter-spacing: normal;\"><span style=\"font-style: normal;\"><br \/>\na ona wzi\u0119\u0142a swoje jarzmo i posz\u0142a za Jezusem. Tym jarzmem \u2013 jak<br \/>\nsi\u0119 dowiadujemy z jej \u017cyciorysu \u2013 by\u0142y, <\/span><\/span><\/span><span style=\"font-variant: normal;\"><span style=\"letter-spacing: normal;\"><span style=\"font-style: normal;\">mi\u0119dzy<br \/>\ninnymi,<\/span><\/span><\/span><span style=\"font-variant: normal;\"><span style=\"letter-spacing: normal;\"><span style=\"font-style: normal;\"><br \/>\n<\/span><\/span><\/span><span style=\"font-variant: normal;\"><span style=\"letter-spacing: normal;\"><span style=\"font-style: normal;\"><b>sprawy<br \/>\nca\u0142ego Ko\u015bcio\u0142a.<\/b><\/span><\/span><\/span><span style=\"font-variant: normal;\"><span style=\"letter-spacing: normal;\"><span style=\"font-style: normal;\"><br \/>\nI ona, prosta niewiasta, by\u0142a w stanie je ud\u017awign\u0105\u0107! <\/span><\/span><\/span><\/span><\/span><br \/>\n<\/span><\/div>\n<div align=\"justify\" style=\"background: transparent; font-weight: normal; line-height: 150%; margin-bottom: 0cm; text-indent: 1.3cm;\">\n<span style=\"font-size: x-large;\"><span style=\"color: black;\"><span style=\"font-family: Book Antiqua, serif;\"><span style=\"font-variant: normal;\"><span style=\"letter-spacing: normal;\"><span style=\"font-style: normal;\">Je\u017celi<br \/>\nmia\u0142a odwag\u0119 upomina\u0107 nawet Papie\u017cy i wypowiada\u0107 si\u0119 w sprawach<br \/>\nnajwy\u017cszej wagi dla \u017cycia Ko\u015bcio\u0142a, to musia\u0142a by\u0107 <\/span><\/span><\/span><span style=\"font-variant: normal;\"><span style=\"letter-spacing: normal;\"><span style=\"font-style: normal;\"><b>przenikni\u0119ta<br \/>\nwyj\u0105tkowym duchem!<\/b><\/span><\/span><\/span><span style=\"font-variant: normal;\"><span style=\"letter-spacing: normal;\"><span style=\"font-style: normal;\"><br \/>\nTak w\u0142a\u015bnie by\u0142o! Jej \u017cycie, <\/span><\/span><\/span><span style=\"font-variant: normal;\"><span style=\"letter-spacing: normal;\"><span style=\"font-style: normal;\">jej<\/span><\/span><\/span><span style=\"font-variant: normal;\"><span style=\"letter-spacing: normal;\"><span style=\"font-style: normal;\"><br \/>\nspos\u00f3b post\u0119powania i wypowiadania si\u0119 by\u0142 \u015bwiadectwem, jak<br \/>\nprze\u0142o\u017cy\u0107 na swoj\u0105 codzienn\u0105 postaw\u0119 te oto s\u0142owa Aposto\u0142a z<br \/>\ndzisiejszego pierwszego czytania: <\/span><\/span><\/span><span style=\"font-variant: normal;\"><span style=\"letter-spacing: normal;\"><i><b>Nowina,<br \/>\nkt\u00f3r\u0105 us\u0142yszeli\u015bmy od Jezusa Chrystusa i kt\u00f3r\u0105 wam g\u0142osimy,<br \/>\njest taka: B\u00f3g jest \u015bwiat\u0142o\u015bci\u0105, a nie ma w Nim \u017cadnej<br \/>\nciemno\u015bci. Je\u017celi m\u00f3wimy, \u017ce mamy z Nim<\/b><\/i><\/span><\/span><span style=\"font-variant: normal;\"><span style=\"letter-spacing: normal;\"><span style=\"font-style: normal;\"><b><br \/>\n<\/b><\/span><\/span><\/span><span style=\"font-variant: normal;\"><span style=\"letter-spacing: normal;\"><i><b>wsp\u00f3\u0142uczestnictwo,<br \/>\na chodzimy w ciemno\u015bci, k\u0142amiemy i nie post\u0119pujemy zgodnie z<br \/>\nprawd\u0105. Je\u017celi za\u015b chodzimy w \u015bwiat\u0142o\u015bci, tak jak On sam trwa w<br \/>\n\u015bwiat\u0142o\u015bci, wtedy mamy jedni z drugimi wsp\u00f3\u0142uczestnictwo, a krew<br \/>\nJezusa, Syna Jego, oczyszcza nas z wszelkiego grzechu.<\/b><\/i><\/span><\/span><span style=\"font-variant: normal;\"><span style=\"letter-spacing: normal;\"><span style=\"font-style: normal;\"><b><br \/>\n<\/b><\/span><\/span><\/span><\/span><\/span><br \/>\n<\/span><\/div>\n<div align=\"justify\" style=\"background: transparent; font-weight: normal; line-height: 150%; margin-bottom: 0cm; text-indent: 1.3cm;\">\n<span style=\"font-size: x-large;\"><span style=\"color: black;\"><span style=\"font-family: Book Antiqua, serif;\"><span style=\"font-variant: normal;\"><span style=\"letter-spacing: normal;\"><span style=\"font-style: normal;\">Katarzyna<br \/>\nprzez ca\u0142e \u017cycie \u201epost\u0119powa\u0142a w \u015bwiat\u0142o\u015bci\u201d, dlatego mia\u0142a<br \/>\nprawo \u2013 a wr\u0119cz obowi\u0105zek \u2013 przestrzega\u0107 ludzi, \u201eaby nie<br \/>\ngrzeszyli\u201d. A je\u017celi grzeszyli, to przypomina\u0142a ona \u2013 za<br \/>\n\u015awi\u0119tym Janem \u2013 \u017ce przecie\u017c<\/span><\/span><\/span><span style=\"font-variant: normal;\"><span style=\"letter-spacing: normal;\"><span style=\"font-style: normal;\"><b><br \/>\n<\/b><\/span><\/span><\/span><span style=\"font-variant: normal;\"><span style=\"letter-spacing: normal;\"><i><b>mamy<br \/>\nRzecznika wobec Ojca, Jezusa Chrystusa sprawiedliwego. On bowiem jest<br \/>\nofiar\u0105 przeb\u0142agaln\u0105 za nasze grzechy, i nie tylko za nasze, lecz<br \/>\nr\u00f3wnie\u017c za grzechy ca\u0142ego \u015bwiata.<\/b><\/i><\/span><\/span><span style=\"font-variant: normal;\"><span style=\"letter-spacing: normal;\"><span style=\"font-style: normal;\"><br \/>\n<\/span><\/span><\/span><\/span><\/span><br \/>\n<\/span><\/div>\n<div align=\"justify\" style=\"background: transparent; font-weight: normal; line-height: 150%; margin-bottom: 0cm; text-indent: 1.3cm;\">\n<span style=\"font-size: x-large;\"><span style=\"color: black;\"><span style=\"font-family: Book Antiqua, serif;\"><span style=\"font-variant: normal;\"><span style=\"letter-spacing: normal;\"><span style=\"font-style: normal;\">Mo\u017cna<br \/>\nwi\u0119c powiedzie\u0107, \u017ce jej postawa przyczyni\u0142a si\u0119 do przemiany na<br \/>\nlepsze oblicza wsp\u00f3\u0142czesnego jej \u015bwiata! Tak, <\/span><\/span><\/span><span style=\"font-variant: normal;\"><span style=\"letter-spacing: normal;\"><span style=\"font-style: normal;\"><b>ca\u0142ego<br \/>\n\u015bwiata \u2013 ca\u0142ego Ko\u015bcio\u0142a! <\/b><\/span><\/span><\/span><span style=\"font-variant: normal;\"><span style=\"letter-spacing: normal;\"><span style=\"font-style: normal;\">Bez<br \/>\ncienia przesady! Jedna, prosta niewiasta, by\u0142a w stanie tak wiele<br \/>\nosi\u0105gn\u0105\u0107. A dlaczego? <\/span><\/span><\/span><\/span><\/span><br \/>\n<\/span><\/div>\n<div align=\"justify\" style=\"background: transparent; font-weight: normal; line-height: 150%; margin-bottom: 0cm; text-indent: 1.3cm;\">\n<span style=\"font-size: x-large;\"><span style=\"color: black;\"><span style=\"font-family: Book Antiqua, serif;\"><span style=\"font-variant: normal;\"><span style=\"letter-spacing: normal;\"><span style=\"font-style: normal;\">A<br \/>\ndlatego, \u017ce w tak wielkim stopniu <\/span><\/span><\/span><span style=\"font-variant: normal;\"><span style=\"letter-spacing: normal;\"><span style=\"font-style: normal;\"><b>pozwoli\u0142a<br \/>\ndzia\u0142a\u0107 w sobie samemu Jezusowi! <\/b><\/span><\/span><\/span><span style=\"font-variant: normal;\"><span style=\"letter-spacing: normal;\"><span style=\"font-style: normal;\">To<br \/>\nOn przez ni\u0105 dzia\u0142a\u0142. Ona za\u015b zdoby\u0142a si\u0119 na odwag\u0119, aby<\/span><\/span><\/span><span style=\"font-variant: normal;\"><span style=\"letter-spacing: normal;\"><span style=\"font-style: normal;\"><b><br \/>\njasn\u0105 i wyrazist\u0105<\/b><\/span><\/span><\/span><span style=\"font-variant: normal;\"><span style=\"letter-spacing: normal;\"><span style=\"font-style: normal;\"><br \/>\nnauk\u0119 Ewangelii w spos\u00f3b <\/span><\/span><\/span><span style=\"font-variant: normal;\"><span style=\"letter-spacing: normal;\"><span style=\"font-style: normal;\"><b>jasny<br \/>\ni wyrazisty<\/b><\/span><\/span><\/span><span style=\"font-variant: normal;\"><span style=\"letter-spacing: normal;\"><span style=\"font-style: normal;\"><br \/>\nprzekazywa\u0107 \u015bwiatu. Bez wzgl\u0119du na to, do kogo si\u0119 z ni\u0105<br \/>\nzwraca\u0142a. <\/span><\/span><\/span><\/span><\/span><br \/>\n<\/span><\/div>\n<div align=\"justify\" style=\"background: transparent; font-weight: normal; line-height: 150%; margin-bottom: 0cm; text-indent: 1.3cm;\">\n<span style=\"font-size: x-large;\"><span style=\"color: black;\"><span style=\"font-family: Book Antiqua, serif;\"><span style=\"font-variant: normal;\"><span style=\"letter-spacing: normal;\"><span style=\"font-style: normal;\">To<br \/>\nnam pokazuje, moi Drodzy, jak wiele ka\u017cda i ka\u017cdy z nas mo\u017ce na<br \/>\ntym odcinku zdzia\u0142a\u0107. I nie m\u00f3wmy, \u017ce jeste\u015bmy prostymi lud\u017ami,<br \/>\n\u017cyjemy w swoim codziennym zaciszu, <\/span><\/span><\/span><span style=\"font-variant: normal;\"><span style=\"letter-spacing: normal;\"><span style=\"font-style: normal;\"><b>wi\u0119c<br \/>\nc\u00f3\u017c my tak naprawd\u0119 mo\u017cemy zdzia\u0142a\u0107?\u2026<\/b><\/span><\/span><\/span><span style=\"font-variant: normal;\"><span style=\"letter-spacing: normal;\"><span style=\"font-style: normal;\"><br \/>\nW\u0142a\u015bnie dzisiejsza Patronka przekonuje nas, \u017ce mo\u017cemy. Naprawd\u0119<br \/>\n\u2013 <\/span><\/span><\/span><span style=\"font-variant: normal;\"><span style=\"letter-spacing: normal;\"><span style=\"font-style: normal;\"><b>bardzo<br \/>\ndu\u017co mo\u017cemy.<\/b><\/span><\/span><\/span><span style=\"font-variant: normal;\"><span style=\"letter-spacing: normal;\"><span style=\"font-style: normal;\"><br \/>\nJe\u017celi to Jezus b\u0119dzie przez nas dzia\u0142a\u0142, a nie my \u2013 zamiast<br \/>\nNiego. <\/span><\/span><\/span><\/span><\/span><br \/>\n<\/span><\/div>\n<div align=\"justify\" style=\"background: transparent; font-weight: normal; line-height: 150%; margin-bottom: 0cm; text-indent: 1.3cm;\">\n<span style=\"color: black;\"><span style=\"font-family: Book Antiqua, serif;\"><span style=\"font-size: x-large;\"><span style=\"font-variant: normal;\"><span style=\"letter-spacing: normal;\"><span style=\"font-style: normal;\">My<br \/>\nnaprawd\u0119 \u2013 bardzo du\u017co mo\u017cemy zdzia\u0142a\u0107 na swojej przestrzeni,<br \/>\nkt\u00f3ra szybko stanie si\u0119\u2026 <\/span><\/span><\/span><span style=\"font-variant: normal;\"><span style=\"letter-spacing: normal;\"><span style=\"font-style: normal;\"><b>przestrzeni\u0105<br \/>\nca\u0142ego \u015bwiata!<\/b><\/span><\/span><\/span><span style=\"font-variant: normal;\"><span style=\"letter-spacing: normal;\"><span style=\"font-style: normal;\"><br \/>\n<\/span><\/span><\/span><span style=\"font-variant: normal;\"><span style=\"letter-spacing: normal;\"><span style=\"font-style: normal;\"><b>Tylko<br \/>\n\u2013 z Jezusem!<\/b><\/span><\/span><\/span><span style=\"font-variant: normal;\"><span style=\"letter-spacing: normal;\"><span style=\"font-style: normal;\"><br \/>\nNigdy \u2013 bez Niego lub wbrew Niemu. <\/span><\/span><\/span><span style=\"font-variant: normal;\"><span style=\"letter-spacing: normal;\"><span style=\"font-style: normal;\"><b>Tylko<br \/>\nz Jezusem!<\/b><\/span><\/span><\/span><\/span><\/span><\/span><\/div>\n","protected":false},"excerpt":{"rendered":"<p>Szcz\u0119\u015b\u0107 Bo\u017ce! Moi Drodzy, w dniu dzisiejszym imieniny prze\u017cywa Katarzyna Szewczak, moja dobra Znajoma z Warszawy. Urodziny natomiast prze\u017cywa Siostra Paula Bronisz, pochodz\u0105ca z mojej pierwszej Parafii, gdzie zna\u0142em J\u0105 jako Agnieszk\u0119, gdy anga\u017cowa\u0142a si\u0119 w dzia\u0142alno\u015b\u0107 Wsp\u00f3lnoty m\u0142odzie\u017cowej. Urodziny prze\u017cywa dzi\u015b tak\u017ce Kamil Krupa, za moich czas\u00f3w \u2013 Lektor w Celestynowie. \u017bycz\u0119 Wszystkim dzisiaj [&hellip;]<\/p>\n","protected":false},"author":1,"featured_media":0,"comment_status":"open","ping_status":"open","sticky":false,"template":"","format":"standard","meta":{"jetpack_post_was_ever_published":false,"_jetpack_newsletter_access":"","_jetpack_dont_email_post_to_subs":false,"_jetpack_newsletter_tier_id":0,"_jetpack_memberships_contains_paywalled_content":false,"_jetpack_memberships_contains_paid_content":false,"footnotes":""},"categories":[1],"tags":[],"class_list":["post-14617","post","type-post","status-publish","format-standard","hentry","category-bez-kategorii"],"yoast_head":"<!-- This site is optimized with the Yoast SEO plugin v25.1 - https:\/\/yoast.com\/wordpress\/plugins\/seo\/ -->\n<title>Tylko z Jezusem! - Gaudium Et Spes<\/title>\n<meta name=\"robots\" content=\"index, follow, max-snippet:-1, max-image-preview:large, max-video-preview:-1\" \/>\n<link rel=\"canonical\" href=\"https:\/\/gaudiumetspes-blog.pl\/index.php\/2019\/04\/29\/tylko-z-jezuse\/\" \/>\n<meta property=\"og:locale\" content=\"pl_PL\" \/>\n<meta property=\"og:type\" content=\"article\" \/>\n<meta property=\"og:title\" content=\"Tylko z Jezusem! - Gaudium Et Spes\" \/>\n<meta property=\"og:description\" content=\"Szcz\u0119\u015b\u0107 Bo\u017ce! Moi Drodzy, w dniu dzisiejszym imieniny prze\u017cywa Katarzyna Szewczak, moja dobra Znajoma z Warszawy. Urodziny natomiast prze\u017cywa Siostra Paula Bronisz, pochodz\u0105ca z mojej pierwszej Parafii, gdzie zna\u0142em J\u0105 jako Agnieszk\u0119, gdy anga\u017cowa\u0142a si\u0119 w dzia\u0142alno\u015b\u0107 Wsp\u00f3lnoty m\u0142odzie\u017cowej. Urodziny prze\u017cywa dzi\u015b tak\u017ce Kamil Krupa, za moich czas\u00f3w \u2013 Lektor w Celestynowie. \u017bycz\u0119 Wszystkim dzisiaj [&hellip;]\" \/>\n<meta property=\"og:url\" content=\"https:\/\/gaudiumetspes-blog.pl\/index.php\/2019\/04\/29\/tylko-z-jezuse\/\" \/>\n<meta property=\"og:site_name\" content=\"Gaudium Et Spes\" \/>\n<meta property=\"article:published_time\" content=\"2019-04-29T02:46:00+00:00\" \/>\n<meta property=\"article:modified_time\" content=\"2019-07-31T11:02:34+00:00\" \/>\n<meta name=\"author\" content=\"Ks. Jacek\" \/>\n<meta name=\"twitter:card\" content=\"summary_large_image\" \/>\n<meta name=\"twitter:label1\" content=\"Napisane przez\" \/>\n\t<meta name=\"twitter:data1\" content=\"Ks. Jacek\" \/>\n\t<meta name=\"twitter:label2\" content=\"Szacowany czas czytania\" \/>\n\t<meta name=\"twitter:data2\" content=\"10 minut\" \/>\n<script type=\"application\/ld+json\" class=\"yoast-schema-graph\">{\"@context\":\"https:\/\/schema.org\",\"@graph\":[{\"@type\":\"WebPage\",\"@id\":\"https:\/\/gaudiumetspes-blog.pl\/index.php\/2019\/04\/29\/tylko-z-jezuse\/\",\"url\":\"https:\/\/gaudiumetspes-blog.pl\/index.php\/2019\/04\/29\/tylko-z-jezuse\/\",\"name\":\"Tylko z Jezusem! - Gaudium Et Spes\",\"isPartOf\":{\"@id\":\"https:\/\/gaudiumetspes-blog.pl\/#website\"},\"datePublished\":\"2019-04-29T02:46:00+00:00\",\"dateModified\":\"2019-07-31T11:02:34+00:00\",\"author\":{\"@id\":\"https:\/\/gaudiumetspes-blog.pl\/#\/schema\/person\/1661982992b752dea8dff0d4ed845a65\"},\"breadcrumb\":{\"@id\":\"https:\/\/gaudiumetspes-blog.pl\/index.php\/2019\/04\/29\/tylko-z-jezuse\/#breadcrumb\"},\"inLanguage\":\"pl-PL\",\"potentialAction\":[{\"@type\":\"ReadAction\",\"target\":[\"https:\/\/gaudiumetspes-blog.pl\/index.php\/2019\/04\/29\/tylko-z-jezuse\/\"]}]},{\"@type\":\"BreadcrumbList\",\"@id\":\"https:\/\/gaudiumetspes-blog.pl\/index.php\/2019\/04\/29\/tylko-z-jezuse\/#breadcrumb\",\"itemListElement\":[{\"@type\":\"ListItem\",\"position\":1,\"name\":\"Strona g\u0142\u00f3wna\",\"item\":\"https:\/\/gaudiumetspes-blog.pl\/\"},{\"@type\":\"ListItem\",\"position\":2,\"name\":\"Tylko&nbsp;z&nbsp;Jezusem!\"}]},{\"@type\":\"WebSite\",\"@id\":\"https:\/\/gaudiumetspes-blog.pl\/#website\",\"url\":\"https:\/\/gaudiumetspes-blog.pl\/\",\"name\":\"Gaudium Et Spes\",\"description\":\"Blog Ks. Jacka Ja\u015bkowskiego\",\"potentialAction\":[{\"@type\":\"SearchAction\",\"target\":{\"@type\":\"EntryPoint\",\"urlTemplate\":\"https:\/\/gaudiumetspes-blog.pl\/?s={search_term_string}\"},\"query-input\":{\"@type\":\"PropertyValueSpecification\",\"valueRequired\":true,\"valueName\":\"search_term_string\"}}],\"inLanguage\":\"pl-PL\"},{\"@type\":\"Person\",\"@id\":\"https:\/\/gaudiumetspes-blog.pl\/#\/schema\/person\/1661982992b752dea8dff0d4ed845a65\",\"name\":\"Ks. Jacek\",\"image\":{\"@type\":\"ImageObject\",\"inLanguage\":\"pl-PL\",\"@id\":\"https:\/\/gaudiumetspes-blog.pl\/#\/schema\/person\/image\/\",\"url\":\"https:\/\/gaudiumetspes-blog.pl\/wp-content\/uploads\/2019\/07\/avatar-JJ-150x150.jpg\",\"contentUrl\":\"https:\/\/gaudiumetspes-blog.pl\/wp-content\/uploads\/2019\/07\/avatar-JJ-150x150.jpg\",\"caption\":\"Ks. Jacek\"},\"description\":\"Witam serdecznie! K\u0142ania si\u0119 Ks. Jacek Ja\u015bkowski. Nie jestem ani kim\u015b wa\u017cnym, ani kim\u015b znanym. Jestem ksi\u0119dzem, kt\u00f3ry po prostu chce rozmawia\u0107. Codzienna kap\u0142a\u0144ska pos\u0142uga pokazuje mi, \u017ce temat\u00f3w do rozm\u00f3w z ksi\u0119dzem jest coraz wi\u0119cej i dzisiaj \u017caden ksi\u0105dz nie mo\u017ce od nich ucieka\u0107, ale - wprost przeciwnie - podejmowa\u0107 nowe wyzwania. To przekonanie sk\u0142oni\u0142o mnie do pr\u00f3by otwarcia tego\u017c bloga, chocia\u017c okazji do rozm\u00f3w na co dzie\u0144 - w konfesjonale i poza nim - na szcz\u0119\u015bcie nie brakuje. My\u015bl\u0119 jednak, \u017ce ten blog b\u0119dzie jeszcze jednym sposobem i przestrzeni\u0105 nawi\u0105zania kontaktu z lud\u017ami dobrej woli, otwartymi na dialog.\",\"url\":\"https:\/\/gaudiumetspes-blog.pl\/index.php\/author\/ks-jacek\/\"}]}<\/script>\n<!-- \/ Yoast SEO plugin. -->","yoast_head_json":{"title":"Tylko z Jezusem! - Gaudium Et Spes","robots":{"index":"index","follow":"follow","max-snippet":"max-snippet:-1","max-image-preview":"max-image-preview:large","max-video-preview":"max-video-preview:-1"},"canonical":"https:\/\/gaudiumetspes-blog.pl\/index.php\/2019\/04\/29\/tylko-z-jezuse\/","og_locale":"pl_PL","og_type":"article","og_title":"Tylko z Jezusem! - Gaudium Et Spes","og_description":"Szcz\u0119\u015b\u0107 Bo\u017ce! Moi Drodzy, w dniu dzisiejszym imieniny prze\u017cywa Katarzyna Szewczak, moja dobra Znajoma z Warszawy. Urodziny natomiast prze\u017cywa Siostra Paula Bronisz, pochodz\u0105ca z mojej pierwszej Parafii, gdzie zna\u0142em J\u0105 jako Agnieszk\u0119, gdy anga\u017cowa\u0142a si\u0119 w dzia\u0142alno\u015b\u0107 Wsp\u00f3lnoty m\u0142odzie\u017cowej. Urodziny prze\u017cywa dzi\u015b tak\u017ce Kamil Krupa, za moich czas\u00f3w \u2013 Lektor w Celestynowie. \u017bycz\u0119 Wszystkim dzisiaj [&hellip;]","og_url":"https:\/\/gaudiumetspes-blog.pl\/index.php\/2019\/04\/29\/tylko-z-jezuse\/","og_site_name":"Gaudium Et Spes","article_published_time":"2019-04-29T02:46:00+00:00","article_modified_time":"2019-07-31T11:02:34+00:00","author":"Ks. Jacek","twitter_card":"summary_large_image","twitter_misc":{"Napisane przez":"Ks. Jacek","Szacowany czas czytania":"10 minut"},"schema":{"@context":"https:\/\/schema.org","@graph":[{"@type":"WebPage","@id":"https:\/\/gaudiumetspes-blog.pl\/index.php\/2019\/04\/29\/tylko-z-jezuse\/","url":"https:\/\/gaudiumetspes-blog.pl\/index.php\/2019\/04\/29\/tylko-z-jezuse\/","name":"Tylko z Jezusem! - Gaudium Et Spes","isPartOf":{"@id":"https:\/\/gaudiumetspes-blog.pl\/#website"},"datePublished":"2019-04-29T02:46:00+00:00","dateModified":"2019-07-31T11:02:34+00:00","author":{"@id":"https:\/\/gaudiumetspes-blog.pl\/#\/schema\/person\/1661982992b752dea8dff0d4ed845a65"},"breadcrumb":{"@id":"https:\/\/gaudiumetspes-blog.pl\/index.php\/2019\/04\/29\/tylko-z-jezuse\/#breadcrumb"},"inLanguage":"pl-PL","potentialAction":[{"@type":"ReadAction","target":["https:\/\/gaudiumetspes-blog.pl\/index.php\/2019\/04\/29\/tylko-z-jezuse\/"]}]},{"@type":"BreadcrumbList","@id":"https:\/\/gaudiumetspes-blog.pl\/index.php\/2019\/04\/29\/tylko-z-jezuse\/#breadcrumb","itemListElement":[{"@type":"ListItem","position":1,"name":"Strona g\u0142\u00f3wna","item":"https:\/\/gaudiumetspes-blog.pl\/"},{"@type":"ListItem","position":2,"name":"Tylko&nbsp;z&nbsp;Jezusem!"}]},{"@type":"WebSite","@id":"https:\/\/gaudiumetspes-blog.pl\/#website","url":"https:\/\/gaudiumetspes-blog.pl\/","name":"Gaudium Et Spes","description":"Blog Ks. Jacka Ja\u015bkowskiego","potentialAction":[{"@type":"SearchAction","target":{"@type":"EntryPoint","urlTemplate":"https:\/\/gaudiumetspes-blog.pl\/?s={search_term_string}"},"query-input":{"@type":"PropertyValueSpecification","valueRequired":true,"valueName":"search_term_string"}}],"inLanguage":"pl-PL"},{"@type":"Person","@id":"https:\/\/gaudiumetspes-blog.pl\/#\/schema\/person\/1661982992b752dea8dff0d4ed845a65","name":"Ks. Jacek","image":{"@type":"ImageObject","inLanguage":"pl-PL","@id":"https:\/\/gaudiumetspes-blog.pl\/#\/schema\/person\/image\/","url":"https:\/\/gaudiumetspes-blog.pl\/wp-content\/uploads\/2019\/07\/avatar-JJ-150x150.jpg","contentUrl":"https:\/\/gaudiumetspes-blog.pl\/wp-content\/uploads\/2019\/07\/avatar-JJ-150x150.jpg","caption":"Ks. Jacek"},"description":"Witam serdecznie! K\u0142ania si\u0119 Ks. Jacek Ja\u015bkowski. Nie jestem ani kim\u015b wa\u017cnym, ani kim\u015b znanym. Jestem ksi\u0119dzem, kt\u00f3ry po prostu chce rozmawia\u0107. Codzienna kap\u0142a\u0144ska pos\u0142uga pokazuje mi, \u017ce temat\u00f3w do rozm\u00f3w z ksi\u0119dzem jest coraz wi\u0119cej i dzisiaj \u017caden ksi\u0105dz nie mo\u017ce od nich ucieka\u0107, ale - wprost przeciwnie - podejmowa\u0107 nowe wyzwania. To przekonanie sk\u0142oni\u0142o mnie do pr\u00f3by otwarcia tego\u017c bloga, chocia\u017c okazji do rozm\u00f3w na co dzie\u0144 - w konfesjonale i poza nim - na szcz\u0119\u015bcie nie brakuje. My\u015bl\u0119 jednak, \u017ce ten blog b\u0119dzie jeszcze jednym sposobem i przestrzeni\u0105 nawi\u0105zania kontaktu z lud\u017ami dobrej woli, otwartymi na dialog.","url":"https:\/\/gaudiumetspes-blog.pl\/index.php\/author\/ks-jacek\/"}]}},"jetpack_featured_media_url":"","jetpack_sharing_enabled":true,"_links":{"self":[{"href":"https:\/\/gaudiumetspes-blog.pl\/index.php\/wp-json\/wp\/v2\/posts\/14617","targetHints":{"allow":["GET"]}}],"collection":[{"href":"https:\/\/gaudiumetspes-blog.pl\/index.php\/wp-json\/wp\/v2\/posts"}],"about":[{"href":"https:\/\/gaudiumetspes-blog.pl\/index.php\/wp-json\/wp\/v2\/types\/post"}],"author":[{"embeddable":true,"href":"https:\/\/gaudiumetspes-blog.pl\/index.php\/wp-json\/wp\/v2\/users\/1"}],"replies":[{"embeddable":true,"href":"https:\/\/gaudiumetspes-blog.pl\/index.php\/wp-json\/wp\/v2\/comments?post=14617"}],"version-history":[{"count":1,"href":"https:\/\/gaudiumetspes-blog.pl\/index.php\/wp-json\/wp\/v2\/posts\/14617\/revisions"}],"predecessor-version":[{"id":15191,"href":"https:\/\/gaudiumetspes-blog.pl\/index.php\/wp-json\/wp\/v2\/posts\/14617\/revisions\/15191"}],"wp:attachment":[{"href":"https:\/\/gaudiumetspes-blog.pl\/index.php\/wp-json\/wp\/v2\/media?parent=14617"}],"wp:term":[{"taxonomy":"category","embeddable":true,"href":"https:\/\/gaudiumetspes-blog.pl\/index.php\/wp-json\/wp\/v2\/categories?post=14617"},{"taxonomy":"post_tag","embeddable":true,"href":"https:\/\/gaudiumetspes-blog.pl\/index.php\/wp-json\/wp\/v2\/tags?post=14617"}],"curies":[{"name":"wp","href":"https:\/\/api.w.org\/{rel}","templated":true}]}}