{"id":14623,"date":"2019-04-23T03:52:00","date_gmt":"2019-04-23T01:52:00","guid":{"rendered":"https:\/\/gaudiumetspes-blog.pl\/index.php\/2019\/04\/23\/imie-jezusa-imie-chrzescijanina-i-moje\/"},"modified":"2019-07-31T13:02:34","modified_gmt":"2019-07-31T11:02:34","slug":"imie-jezusa-imie-chrzescijanina-i-moje","status":"publish","type":"post","link":"https:\/\/gaudiumetspes-blog.pl\/index.php\/2019\/04\/23\/imie-jezusa-imie-chrzescijanina-i-moje\/","title":{"rendered":"Imi\u0119 Jezusa &#8211; imi\u0119 chrze\u015bcijanina &#8211; i moje imi\u0119&#8230;"},"content":{"rendered":"<p><\/p>\n<div align=\"justify\" style=\"font-weight: normal; line-height: 150%; margin-bottom: 0cm;\">\n<span style=\"color: black;\"><span style=\"font-family: Book Antiqua, serif;\"><span style=\"font-size: x-large;\">Szcz\u0119\u015b\u0107<br \/>\nBo\u017ce! Moi Drodzy, <b>w Wielk\u0105 Sobot\u0119 imieniny prze\u017cywa\u0142a<br \/>\nAgnieszka Chmielewska, kt\u00f3r\u0105 \u2013 jako Agnieszk\u0119 Piszcz \u2013<br \/>\npozna\u0142em w pierwszej swojej Parafii, w Radory\u017cu Ko\u015bcielnym, gdzie<br \/>\nby\u0142a czynnie zaanga\u017cowana w dzia\u0142alno\u015b\u0107 KSM i w og\u00f3le: w \u017cycie<br \/>\nparafialne. Dzisiaj jest \u017bon\u0105 i Matk\u0105. Ciesz\u0119 si\u0119, \u017ce dane nam<br \/>\njest utrzymywa\u0107 kontakt.<\/b><\/span><\/span><\/span><\/div>\n<div align=\"justify\" style=\"background: transparent; line-height: 150%; margin-bottom: 0cm; page-break-before: auto; text-indent: 1.3cm;\">\n<span style=\"color: black;\"><span style=\"font-family: Book Antiqua, serif;\"><span style=\"font-size: x-large;\"><b>Imieniny<br \/>\nprze\u017cywa\u0142a tego dnia tak\u017ce Agnieszka Szel\u0105g z Celestynowa, tak\u017ce:<br \/>\n\u017bona i Matka, i tak\u017ce Osoba zaanga\u017cowana w \u017cycie Parafii.<\/b><\/span><\/span><\/span><\/div>\n<div align=\"justify\" style=\"background: transparent; font-weight: normal; line-height: 150%; margin-bottom: 0cm; text-indent: 1.3cm;\">\n<span style=\"color: black;\"><span style=\"font-family: Book Antiqua, serif;\"><span style=\"font-size: x-large;\"><b>Dzisiaj<br \/>\nnatomiast<\/b> <b>imieniny obchodz\u0105:<\/b><\/span><\/span><\/span><\/div>\n<div align=\"justify\" style=\"line-height: 150%; margin-bottom: 0cm;\">\n<span style=\"color: black; font-size: x-large;\">\u2013<br \/>\n<span style=\"font-family: Book Antiqua, serif;\"><b>Ksi\u0105dz<br \/>\nWojciech Cholewa \u2013 m\u00f3j Kolega kursowy;<\/b><\/span><\/span><\/div>\n<div align=\"justify\" style=\"line-height: 150%; margin-bottom: 0cm;\">\n<span style=\"color: black; font-size: x-large;\">\u2013<br \/>\n<span style=\"font-family: Book Antiqua, serif;\"><b>Ksi\u0105dz<br \/>\nWojciech Bazan, Ksi\u0105dz Wojciech Lipka, Ksi\u0105dz Jerzy Duda, Ksi\u0105dz<br \/>\nJerzy Banak, Ksi\u0105dz Jerzy Przychodze\u0144 \u2013 Kap\u0142ani z r\u00f3\u017cnych<br \/>\nwzgl\u0119d\u00f3w mi bliscy i \u017cyczliwi;<\/b><\/span><\/span><\/div>\n<div align=\"justify\" style=\"line-height: 150%; margin-bottom: 0cm;\">\n<span style=\"color: black; font-size: x-large;\">\u2013<br \/>\n<span style=\"font-family: Book Antiqua, serif;\"><b>Wojciech<br \/>\nWa\u0142achowski, Wojciech Bronisz, Wojciech Kubiak, Wojciech S\u0119k,<br \/>\nWojciech G\u0142owienka \u2013 kt\u00f3rych spotka\u0142em na przestrzeni kolejnych<br \/>\nlat mojej pracy kap\u0142a\u0144skiej jako zaanga\u017cowanych w \u017cycie Ko\u015bcio\u0142a<br \/>\nw r\u00f3\u017cnych Wsp\u00f3lnotach m\u0142odzie\u017cowych;<\/b><\/span><\/span><\/div>\n<div align=\"justify\" style=\"line-height: 150%; margin-bottom: 0cm;\">\n<span style=\"color: black; font-size: x-large;\">\u2013<br \/>\n<span style=\"font-family: Book Antiqua, serif;\"><b>Wojciech<br \/>\nWysocki \u2013 z kt\u00f3rym zapozna\u0142em si\u0119 poprzez osobist\u0105<br \/>\nkorespondencj\u0119 na blogu;<\/b><\/span><\/span><\/div>\n<div align=\"justify\" style=\"line-height: 150%; margin-bottom: 0cm;\">\n<span style=\"color: black; font-size: x-large;\">\u2013<br \/>\n<span style=\"font-family: Book Antiqua, serif;\"><b>Jerzy<br \/>\nKarlewski \u2013 z kt\u00f3rym mia\u0142em przyjemno\u015b\u0107 przez lata<br \/>\nwsp\u00f3\u0142pracowa\u0107 w ramach Pieszej Pielgrzymki Podlaskiej na Jasn\u0105<br \/>\nG\u00f3r\u0119;<\/b><\/span><\/span><\/div>\n<div align=\"justify\" style=\"line-height: 150%; margin-bottom: 0cm;\">\n<span style=\"color: black; font-size: x-large;\">\u2013<br \/>\n<span style=\"font-family: Book Antiqua, serif;\"><b>Jerzy<br \/>\nJaro\u0144 \u2013 W\u00f3jt Gminy Miastk\u00f3w Ko\u015bcielny, Cz\u0142owiek bardzo<br \/>\n\u017cyczliwy, otwarty na wsp\u00f3\u0142prac\u0119 na wielu frontach, a nade<br \/>\nwszystko \u2013 Cz\u0142owiek g\u0142\u0119bokiej wiary!<\/b><\/span><\/span><\/div>\n<div align=\"justify\" style=\"line-height: 150%; margin-bottom: 0cm; page-break-before: auto; text-indent: 1.3cm;\">\n<span style=\"color: black;\"><span style=\"font-family: Book Antiqua, serif;\"><span style=\"font-size: x-large;\"><b>Urodziny<br \/>\nza\u015b obchodz\u0105:<\/b><\/span><\/span><\/span><\/div>\n<div align=\"justify\" style=\"line-height: 150%; margin-bottom: 0cm;\">\n<span style=\"color: black; font-size: x-large;\">\u2013<br \/>\n<span style=\"font-family: Book Antiqua, serif;\"><b>Ojciec<br \/>\nMariusz Rudzki, Salezjanin, pochodz\u0105cy z naszej rodzinnej Parafii \u2013<br \/>\nz kt\u00f3rym przyja\u017animy si\u0119 ju\u017c od czasu wsp\u00f3lnej s\u0142u\u017cby<br \/>\nlektorskiej;<\/b><\/span><\/span><\/div>\n<div align=\"justify\" style=\"line-height: 150%; margin-bottom: 0cm;\">\n<span style=\"color: black; font-size: x-large;\">\u2013<br \/>\n<span style=\"font-family: Book Antiqua, serif;\"><b>Piotr<br \/>\nPaziewski \u2013 nale\u017c\u0105cy w swoim czasie do jednej z moich Wsp\u00f3lnot<br \/>\nm\u0142odzie\u017cowych.<\/b><\/span><\/span><\/div>\n<div align=\"justify\" style=\"background: transparent; line-height: 150%; margin-bottom: 0cm; page-break-before: auto; text-indent: 1.3cm;\">\n<span style=\"color: black;\"><span style=\"font-family: Book Antiqua, serif;\"><span style=\"font-size: x-large;\"><b>Wszystkim<br \/>\nSolenizantom i Jubilatom \u017cycz\u0119 nieustaj\u0105cej \u015bwiadomo\u015bci, jak<br \/>\nwielk\u0105 godno\u015b\u0107 nosz\u0105 w sobie od chwili Chrztu \u015awi\u0119tego \u2013 i<br \/>\njak bardzo s\u0105 ukochani przez Jezusa! Zapewniam o modlitwie.<\/b><\/span><\/span><\/span><\/div>\n<div align=\"justify\" style=\"background: transparent; font-weight: normal; line-height: 150%; margin-bottom: 0cm; text-indent: 1.3cm;\">\n<span style=\"font-size: x-large;\"><span style=\"color: black;\"><span style=\"font-family: Book Antiqua, serif;\">Moi<br \/>\nDrodzy, bardzo dzi\u0119kuj\u0119 za wszystkie \u017cyczenia, jakie z okazji<br \/>\nWielkiego Czwartku, jak i \u015awi\u0105t Zmartwychwstania Pa\u0144skiego, do<br \/>\nmnie dotar\u0142y wszystkimi mo\u017cliwymi drogami: osobi\u015bcie, przez<br \/>\ntelefon, smem, mailem i tu, na blogu. Wielkie dzi\u0119ki! Mi\u0142o mi, \u017ce<br \/>\nwci\u0105\u017c o swojej pami\u0119ci zapewnia tyle Os\u00f3b z moich poprzednich<br \/>\nParafii! <\/span><\/span><br \/>\n<\/span><\/div>\n<div align=\"justify\" style=\"background: transparent; font-weight: normal; line-height: 150%; margin-bottom: 0cm; text-indent: 1.3cm;\">\n<span style=\"font-size: x-large;\"><span style=\"color: black;\"><span style=\"font-family: Book Antiqua, serif;\">Oczywistym<br \/>\njest, \u017ce nie dla podzi\u0119kowa\u0144 i dla ludzkiego uznania pe\u0142ni si\u0119<br \/>\nkap\u0142a\u0144sk\u0105 pos\u0142ug\u0119, ale dobre s\u0142owo zawsze podnosi na duchu.<br \/>\nDlatego za ka\u017cde z nich, skierowane do mnie ze szczerego serca \u2013<br \/>\ntak\u017ce bardzo szczerze dzi\u0119kuj\u0119! <\/span><\/span><br \/>\n<\/span><\/div>\n<div align=\"justify\" style=\"background: transparent; font-weight: normal; line-height: 150%; margin-bottom: 0cm; text-indent: 1.3cm;\">\n<span style=\"font-size: x-large;\"><span style=\"color: black;\"><span style=\"font-family: Book Antiqua, serif;\">I<br \/>\nzapewniam, \u017ce w najbli\u017cszych dniach ofiarowa\u0107 b\u0119d\u0119 Msz\u0119 \u015awi\u0119t\u0105<br \/>\nw intencji Wszystkich \u017cyczliwych. Pewnie \u2013 jak zwykle \u2013 w<br \/>\nKodniu. Ale to si\u0119 jeszcze zobaczy. <\/span><\/span><br \/>\n<\/span><\/div>\n<div align=\"justify\" style=\"background: transparent; font-weight: normal; line-height: 150%; margin-bottom: 0cm; text-indent: 1.3cm;\">\n<span style=\"color: black;\"><span style=\"font-family: Book Antiqua, serif;\"><span style=\"font-size: x-large;\">Tymczasem,<br \/>\n\u017cycz\u0119 Wszystkim b\u0142ogos\u0142awionego dnia i \u017cycia rado\u015bci\u0105 ze<br \/>\nZmartwychwstania Pana!<\/span><\/span><\/span><\/div>\n<div align=\"center\" style=\"background: transparent; font-weight: normal; line-height: 150%; margin-bottom: 0cm;\">\n<span style=\"color: black;\"><span style=\"font-family: Book Antiqua, serif;\"><span style=\"font-size: x-large;\">Gaudium<br \/>\net spes!  Ks. Jacek<\/span><\/span><\/span><\/div>\n<div align=\"justify\" style=\"line-height: 150%; margin-bottom: 0cm;\">\n<span style=\"font-size: x-large;\"><\/p>\n<p><\/span><\/div>\n<div align=\"justify\" style=\"line-height: 150%; margin-bottom: 0cm;\">\n<span style=\"color: black;\"><span style=\"font-family: Book Antiqua, serif;\"><span style=\"font-size: x-large;\"><b>Wtorek<br \/>\nOktawy Wielkanocy,<\/b><\/span><\/span><\/span><\/div>\n<div align=\"justify\" style=\"line-height: 150%; margin-bottom: 0cm;\">\n<span style=\"color: black;\"><span style=\"font-family: Book Antiqua, serif;\"><span style=\"font-size: x-large;\"><b>do<br \/>\nczyta\u0144:  Dz 2,36\u201341;  J 20,11\u201318<\/b><\/span><\/span><\/span><\/div>\n<div align=\"justify\" style=\"line-height: 150%; margin-bottom: 0cm;\">\n<span style=\"font-size: x-large;\"><\/p>\n<p><\/span><\/div>\n<div align=\"justify\" style=\"font-style: normal; font-variant: normal; letter-spacing: normal; line-height: 150%; margin-bottom: 0cm; page-break-before: auto;\">\n<span style=\"color: black;\"><span style=\"font-family: Book Antiqua, serif;\"><span style=\"font-size: x-large;\"><b>CZYTANIE<br \/>\nZ DZIEJ\u00d3W APOSTOLSKICH:<\/b><\/span><\/span><\/span><\/div>\n<div align=\"justify\" style=\"background: transparent; font-style: normal; font-variant: normal; letter-spacing: normal; line-height: 150%; margin-bottom: 0cm; page-break-before: auto; text-indent: 1.3cm;\">\n<span style=\"font-size: x-large;\"><span style=\"color: black;\"><span style=\"font-family: Book Antiqua, serif;\"><b>W<br \/>\ndniu Pi\u0119\u0107dziesi\u0105tnicy Piotr m\u00f3wi\u0142 do \u017byd\u00f3w: <\/b><\/span><\/span><br \/>\n<\/span><\/div>\n<div align=\"justify\" style=\"background: transparent; font-style: normal; font-variant: normal; letter-spacing: normal; line-height: 150%; margin-bottom: 0cm; text-indent: 1.3cm;\">\n<span style=\"font-size: x-large;\"><span style=\"color: black;\">\u201e<span style=\"font-family: Book Antiqua, serif;\"><b>Niech<br \/>\nca\u0142y dom Izraela wie z niewzruszon\u0105 pewno\u015bci\u0105, \u017ce tego Jezusa,<br \/>\nkt\u00f3rego wy\u015bcie ukrzy\u017cowali, uczyni\u0142 B\u00f3g i Panem, i Mesjaszem\u201d.<br \/>\n<\/b><\/span><\/span><br \/>\n<\/span><\/div>\n<div align=\"justify\" style=\"background: transparent; font-style: normal; font-variant: normal; letter-spacing: normal; line-height: 150%; margin-bottom: 0cm; text-indent: 1.3cm;\">\n<span style=\"font-size: x-large;\"><span style=\"color: black;\"><span style=\"font-family: Book Antiqua, serif;\"><b>Gdy<br \/>\nto us\u0142yszeli, przej\u0119li si\u0119 do g\u0142\u0119bi serca i zapytali Piotra i<br \/>\npozosta\u0142ych Aposto\u0142\u00f3w: \u201eC\u00f3\u017c mamy czyni\u0107, bracia?\u201d<br \/>\nPowiedzia\u0142 do nich Piotr: \u201eNawr\u00f3\u0107cie si\u0119 i niech ka\u017cdy z was<br \/>\nochrzci si\u0119 w imi\u0119 Jezusa Chrystusa na odpuszczenie grzech\u00f3w<br \/>\nwaszych, a we\u017amiecie w darze Ducha \u015awi\u0119tego. Bo dla was jest<br \/>\nobietnica i dla dzieci waszych, i dla wszystkich, kt\u00f3rzy s\u0105 daleko,<br \/>\na kt\u00f3rych powo\u0142a Pan B\u00f3g nasz\u201d. <\/b><\/span><\/span><br \/>\n<\/span><\/div>\n<div align=\"justify\" style=\"background: transparent; font-style: normal; font-variant: normal; letter-spacing: normal; line-height: 150%; margin-bottom: 0cm; text-indent: 1.3cm;\">\n<span style=\"font-size: x-large;\"><span style=\"color: black;\"><span style=\"font-family: Book Antiqua, serif;\"><b>W<br \/>\nwielu te\u017c innych s\u0142owach dawa\u0142 \u015bwiadectwo i napomina\u0142: \u201eRatujcie<br \/>\nsi\u0119 spo\u015br\u00f3d tego przewrotnego pokolenia\u201d. <\/b><\/span><\/span><br \/>\n<\/span><\/div>\n<div align=\"justify\" style=\"background: transparent; font-style: normal; font-variant: normal; letter-spacing: normal; line-height: 150%; margin-bottom: 0cm; text-indent: 1.3cm;\">\n<span style=\"color: black;\"><span style=\"font-family: Book Antiqua, serif;\"><span style=\"font-size: x-large;\"><b>Ci<br \/>\nwi\u0119c, kt\u00f3rzy przyj\u0119li jego nauk\u0119, zostali ochrzczeni. I<br \/>\nprzy\u0142\u0105czy\u0142o si\u0119 owego dnia oko\u0142o trzech tysi\u0119cy dusz.<\/b><\/span><\/span><\/span><\/div>\n<div align=\"justify\" style=\"line-height: 150%; margin-bottom: 0cm;\">\n<span style=\"font-size: x-large;\"><\/p>\n<p><\/span><\/div>\n<div align=\"justify\" style=\"font-style: normal; font-variant: normal; letter-spacing: normal; line-height: 150%; margin-bottom: 0cm;\">\n<span style=\"font-size: x-large;\"><span style=\"color: black;\"><span style=\"font-family: Book Antiqua, serif;\"><b>S\u0141OWA<br \/>\nEWANGELII WED\u0141UG \u015aWI\u0118TEGO JANA: <\/b><\/span><\/span><br \/>\n<\/span><\/div>\n<div align=\"justify\" style=\"background: transparent; font-style: normal; font-variant: normal; letter-spacing: normal; line-height: 150%; margin-bottom: 0cm; page-break-before: auto; text-indent: 1.3cm;\">\n<span style=\"font-size: x-large;\"><span style=\"color: black;\"><span style=\"font-family: Book Antiqua, serif;\"><b>Maria<br \/>\nMagdalena sta\u0142a przed grobem p\u0142acz\u0105c. A kiedy tak p\u0142aka\u0142a,<br \/>\nnachyli\u0142a si\u0119 do grobu i ujrza\u0142a dw\u00f3ch anio\u0142\u00f3w w bieli<br \/>\nsiedz\u0105cych, jednego przy g\u0142owie, a drugiego przy nogach, w miejscu,<br \/>\ngdzie le\u017ca\u0142o cia\u0142o Jezusa. <\/b><\/span><\/span><br \/>\n<\/span><\/div>\n<div align=\"justify\" style=\"background: transparent; font-style: normal; font-variant: normal; letter-spacing: normal; line-height: 150%; margin-bottom: 0cm; text-indent: 1.3cm;\">\n<span style=\"font-size: x-large;\"><span style=\"color: black;\"><span style=\"font-family: Book Antiqua, serif;\"><b>I<br \/>\nrzekli do niej: \u201eNiewiasto, czemu p\u0142aczesz?\u201d <\/b><\/span><\/span><br \/>\n<\/span><\/div>\n<div align=\"justify\" style=\"background: transparent; font-style: normal; font-variant: normal; letter-spacing: normal; line-height: 150%; margin-bottom: 0cm; text-indent: 1.3cm;\">\n<span style=\"font-size: x-large;\"><span style=\"color: black;\"><span style=\"font-family: Book Antiqua, serif;\"><b>Odpowiedzia\u0142a<br \/>\nim: \u201eZabrano Pana mego i nie wiem, gdzie Go po\u0142o\u017cono\u201d. <\/b><\/span><\/span><br \/>\n<\/span><\/div>\n<div align=\"justify\" style=\"background: transparent; font-style: normal; font-variant: normal; letter-spacing: normal; line-height: 150%; margin-bottom: 0cm; text-indent: 1.3cm;\">\n<span style=\"font-size: x-large;\"><span style=\"color: black;\"><span style=\"font-family: Book Antiqua, serif;\"><b>Gdy<br \/>\nto powiedzia\u0142a, odwr\u00f3ci\u0142a si\u0119 i ujrza\u0142a stoj\u0105cego Jezusa, ale<br \/>\nnie wiedzia\u0142a, \u017ce to Jezus. <\/b><\/span><\/span><br \/>\n<\/span><\/div>\n<div align=\"justify\" style=\"background: transparent; font-style: normal; font-variant: normal; letter-spacing: normal; line-height: 150%; margin-bottom: 0cm; text-indent: 1.3cm;\">\n<span style=\"font-size: x-large;\"><span style=\"color: black;\"><span style=\"font-family: Book Antiqua, serif;\"><b>Rzek\u0142<br \/>\ndo niej Jezus: \u201eNiewiasto, czemu p\u0142aczesz? Kogo szukasz?\u201d <\/b><\/span><\/span><br \/>\n<\/span><\/div>\n<div align=\"justify\" style=\"background: transparent; font-style: normal; font-variant: normal; letter-spacing: normal; line-height: 150%; margin-bottom: 0cm; text-indent: 1.3cm;\">\n<span style=\"font-size: x-large;\"><span style=\"color: black;\"><span style=\"font-family: Book Antiqua, serif;\"><b>Ona<br \/>\nza\u015b s\u0105dz\u0105c, \u017ce to jest ogrodnik, powiedzia\u0142a do Niego: \u201ePanie,<br \/>\nje\u015bli ty Go przenios\u0142e\u015b, powiedz mi, gdzie Go po\u0142o\u017cy\u0142e\u015b, a ja<br \/>\nGo wezm\u0119\u201d. <\/b><\/span><\/span><br \/>\n<\/span><\/div>\n<div align=\"justify\" style=\"background: transparent; font-style: normal; font-variant: normal; letter-spacing: normal; line-height: 150%; margin-bottom: 0cm; text-indent: 1.3cm;\">\n<span style=\"font-size: x-large;\"><span style=\"color: black;\"><span style=\"font-family: Book Antiqua, serif;\"><b>Jezus<br \/>\nrzek\u0142 do niej: \u201eMario!\u201d A ona obr\u00f3ciwszy si\u0119 powiedzia\u0142a do<br \/>\nNiego po hebrajsku: \u201eRabbuni\u201d, to znaczy: Nauczycielu. <\/b><\/span><\/span><br \/>\n<\/span><\/div>\n<div align=\"justify\" style=\"background: transparent; font-style: normal; font-variant: normal; letter-spacing: normal; line-height: 150%; margin-bottom: 0cm; text-indent: 1.3cm;\">\n<span style=\"font-size: x-large;\"><span style=\"color: black;\"><span style=\"font-family: Book Antiqua, serif;\"><b>Rzek\u0142<br \/>\ndo niej Jezus: \u201eNie zatrzymuj Mnie, jeszcze bowiem nie wst\u0105pi\u0142em<br \/>\ndo Ojca. Natomiast udaj si\u0119 do moich braci i powiedz im: \u00abWst\u0119puj\u0119<br \/>\ndo Ojca mego i Ojca waszego oraz do Boga mego i Boga waszego\u00bb\u201d. <\/b><\/span><\/span><br \/>\n<\/span><\/div>\n<div align=\"justify\" style=\"background: transparent; font-style: normal; font-variant: normal; letter-spacing: normal; line-height: 150%; margin-bottom: 0cm; text-indent: 1.3cm;\">\n<span style=\"color: black;\"><span style=\"font-family: Book Antiqua, serif;\"><span style=\"font-size: x-large;\"><b>Posz\u0142a<br \/>\nMaria Magdalena oznajmiaj\u0105c uczniom: \u201eWidzia\u0142am Pana i to mi<br \/>\npowiedzia\u0142\u201d.<\/b><\/span><\/span><\/span><\/div>\n<div align=\"justify\" style=\"font-style: normal; font-variant: normal; font-weight: normal; letter-spacing: normal; line-height: 150%; margin-bottom: 0cm; text-indent: 1.24cm;\">\n<span style=\"font-size: x-large;\"><\/p>\n<p><\/span><\/div>\n<div align=\"justify\" style=\"background: transparent; font-style: normal; font-variant: normal; font-weight: normal; letter-spacing: normal; line-height: 150%; margin-bottom: 0cm; page-break-before: auto; text-indent: 1.3cm;\">\n<span style=\"font-size: x-large;\"><span style=\"color: black;\"><span style=\"font-family: Book Antiqua, serif;\">Piotr<br \/>\nzach\u0119ca dzi\u015b swoich s\u0142uchaczy: <i><b>Nawr\u00f3\u0107cie si\u0119 i niech<br \/>\nka\u017cdy z was ochrzci si\u0119 w imi\u0119 Jezusa Chrystusa na odpuszczenie<br \/>\ngrzech\u00f3w waszych, a we\u017amiecie w darze Ducha \u015awi\u0119tego.<\/b><\/i><i><br \/>\n<\/i>A czyni to w trakcie przemowy, b\u0119d\u0105cej jednocze\u015bnie <b>katechez\u0105<\/b><br \/>\nna temat Zmartwychwstania Jezusa. W\u0142a\u015bnie wtedy zach\u0119ca, by <i><b>w<br \/>\nimi\u0119 Jezusa Chrystusa<\/b><\/i> ci, do kt\u00f3rych si\u0119 zwraca, przyj\u0119li<br \/>\nChrzest. A w\u00f3wczas \u0142aski, p\u0142yn\u0105ce ze Zmartwychwstania Pa\u0144skiego,<br \/>\n<b>stan<\/b><b>\u0105<\/b><b> si\u0119 ich udzia\u0142em. <\/b><\/span><\/span><br \/>\n<\/span><\/div>\n<div align=\"justify\" style=\"background: transparent; font-style: normal; font-variant: normal; font-weight: normal; letter-spacing: normal; line-height: 150%; margin-bottom: 0cm; text-indent: 1.3cm;\">\n<span style=\"font-size: x-large;\"><span style=\"color: black;\"><span style=\"font-family: Book Antiqua, serif;\">Tak<br \/>\njest zreszt\u0105 do dzisiaj: Chrzest, kt\u00f3ry jest owocem<br \/>\nZmartwychwstania, jest udzielany tym, kt\u00f3rzy <b>wierz\u0105 lub chc\u0105<br \/>\nuwierzy\u0107<\/b> w Jezusa, a dzi\u0119ki temu Sakramentowi otwieraj\u0105 si\u0119<br \/>\nprzed nimi \u2013 bez cienia przesady mo\u017cemy to powiedzie\u0107 \u2013<br \/>\n<b>wszystkie Bramy Nieba! <\/b>Bo Chrzest otwiera przed cz\u0142owiekiem<br \/>\ndrog\u0119 do pozosta\u0142ych Sakrament\u00f3w i do wszystkich duchowych d\u00f3br<br \/>\nKo\u015bcio\u0142a, a wi\u0119c \u2013 tym samym \u2013 otwiera przed nim <b>drog\u0119 do<br \/>\nzbawienia.<\/b> Chrzest, kt\u00f3ry ka\u017cda i ka\u017cdy z nas przyjmuje w imi\u0119<br \/>\nJezusa. <\/span><\/span><br \/>\n<\/span><\/div>\n<div align=\"justify\" style=\"background: transparent; font-style: normal; font-variant: normal; font-weight: normal; letter-spacing: normal; line-height: 150%; margin-bottom: 0cm; text-indent: 1.3cm;\">\n<span style=\"font-size: x-large;\"><span style=\"color: black;\"><span style=\"font-family: Book Antiqua, serif;\">W\u00f3wczas<br \/>\nto naj\u015bwi\u0119tsze Imi\u0119 staje si\u0119 <b>tak\u017ce naszym imieniem.<\/b><br \/>\nOtrzymujemy bowiem imi\u0119: \u201echrze\u015bcijanin\u201d, a przecie\u017c dobrze<br \/>\nwiemy, \u017ce okre\u015blenie to \u2013 po \u0142acinie: \u201echristianus\u201d \u2013 to<br \/>\ntyle, co: <b>\u201ecz\u0142owiek Chrystusowy\u201d; <\/b>kto\u015b, kto do Chrystusa<br \/>\nnale\u017cy. <\/span><\/span><br \/>\n<\/span><\/div>\n<div align=\"justify\" style=\"background: transparent; font-style: normal; font-variant: normal; font-weight: normal; letter-spacing: normal; line-height: 150%; margin-bottom: 0cm; text-indent: 1.3cm;\">\n<span style=\"font-size: x-large;\"><span style=\"color: black;\"><span style=\"font-family: Book Antiqua, serif;\">Zatem,<br \/>\nw momencie Chrztu zyskujemy nowe imi\u0119, dzi\u0119ki czemu mamy podw\u00f3jne<br \/>\nimi\u0119: <b>to imi\u0119, kt\u00f3re nadaj\u0105 nam rodzice,<\/b> oraz imi\u0119:<br \/>\n<b>\u201echrze\u015bcijanin\u201d.<\/b> A mo\u017cna nawet powiedzie\u0107, \u017ce <b>te<br \/>\nimiona \u201ewsp\u00f3\u0142graj\u0105\u201d<\/b> ze sob\u0105, s\u0105 wobec siebie<br \/>\nkomplementarne. Bo przecie\u017c zwracaj\u0105c si\u0119 do kogo\u015b tym imieniem,<br \/>\nkt\u00f3re otrzyma\u0142 on w czasie Chrztu \u015awi\u0119tego, w jaki\u015b spos\u00f3b <b>do<br \/>\ntego Sakramentu si\u0119 odnosimy.<\/b> A wi\u0119c \u2013 tym samym \u2013 odnosimy<br \/>\nsi\u0119 <b>do imienia chrze\u015bcijanina,<\/b> jakie ka\u017cdy w\u00f3wczas tak\u017ce<br \/>\notrzyma\u0142. <\/span><\/span><br \/>\n<\/span><\/div>\n<div align=\"justify\" style=\"background: transparent; font-style: normal; font-variant: normal; font-weight: normal; letter-spacing: normal; line-height: 150%; margin-bottom: 0cm; text-indent: 1.3cm;\">\n<span style=\"font-size: x-large;\"><span style=\"color: black;\"><span style=\"font-family: Book Antiqua, serif;\">Oto<br \/>\nbowiem imi\u0119 cz\u0142owieka, nadane mu w czasie Chrztu, jest znakiem <b>jego<br \/>\ngodno\u015bci i indywidualno\u015bci,<\/b> ono w jaki\u015b spos\u00f3b tego cz\u0142owieka<br \/>\n<b>wyra\u017ca, okre\u015bla go i identyfikuje.<\/b> Jest znakiem jego<br \/>\nwn\u0119trza, jego g\u0142\u0119bi, jego ludzkiej wyj\u0105tkowo\u015bci i<br \/>\nniepowtarzalno\u015bci. I \u2013 o czym nie mo\u017cna zapomnie\u0107 \u2013 znakiem<br \/>\njego <b>nierozerwalnej wi\u0119zi z Jezusem.<\/b> <\/span><\/span><br \/>\n<\/span><\/div>\n<div align=\"justify\" style=\"background: transparent; font-style: normal; font-variant: normal; font-weight: normal; letter-spacing: normal; line-height: 150%; margin-bottom: 0cm; text-indent: 1.3cm;\">\n<span style=\"color: black;\"><span style=\"font-family: Book Antiqua, serif;\"><span style=\"font-size: x-large;\">Mocno<br \/>\nte wszystkie aspekty zaistnia\u0142y i potwierdzi\u0142y si\u0119 w momencie<br \/>\nspotkania zmartwychwsta\u0142ego Jezusa z Mari\u0105 Magdalen\u0105 \u2013 o czym<br \/>\ns\u0142yszymy w dzisiejszej Ewangelii. Zauwa\u017cmy, \u017ce pomimo tego, i\u017c<br \/>\nJezus stan\u0105\u0142 tu\u017c przy niej i m\u00f3wi\u0142 do niej, <b>ona Go nie<br \/>\n<\/b><b>roz<\/b><b>pozna\u0142a! <\/b>Przyjmuje si\u0119, \u017ce cia\u0142o Jezusa po<br \/>\nZmartwychwstaniu by\u0142o w jaki\u015b spos\u00f3b <b>odmienione<\/b> \u2013 w<br \/>\nstosunku do tego, w jakim Jezus funkcjonowa\u0142 przed swoj\u0105 M\u0119k\u0105 i<br \/>\n\u015amierci\u0105.<\/span><\/span><\/span><\/div>\n<div align=\"justify\" style=\"background: transparent; font-style: normal; font-variant: normal; font-weight: normal; letter-spacing: normal; line-height: 150%; margin-bottom: 0cm; text-indent: 1.3cm;\">\n<span style=\"font-size: x-large;\"><span style=\"color: black;\"><span style=\"font-family: Book Antiqua, serif;\">To<br \/>\nznaczy, by\u0142o ono <b>tym samym cia\u0142em,<\/b> ale \u2013 jak to dzi\u015b<br \/>\nokre\u015blamy \u2013 przeb\u00f3stwionym, uwielbionym. Z jednej strony \u2013<br \/>\nca\u0142kowicie <b>realnym i dotykalnym,<\/b> o czym m\u00f3g\u0142by nam tu<br \/>\nza\u015bwiadczy\u0107 <b>dociekliwy Tomasz,<\/b> dotykaj\u0105cy go i a\u017c nadto<br \/>\ndobrze widocznych na nim ran. Z drugiej jednak strony, by\u0142o ono na<br \/>\ntyle odmienione \u2013 w jaki\u015b spos\u00f3b <b>inne, ni\u017c dotychczas<\/b> \u2013<br \/>\n\u017ce swego Mistrza nie rozpoznali <b>uczniowie, id\u0105cy do Emaus,<\/b> a<br \/>\ntak\u017ce <b>Maria Magdalena. <\/b>Ci pierwsi poznali Go wreszcie po<br \/>\n\u0142amaniu chleba. A Maria? <\/span><\/span><br \/>\n<\/span><\/div>\n<div align=\"justify\" style=\"background: transparent; font-style: normal; font-variant: normal; font-weight: normal; letter-spacing: normal; line-height: 150%; margin-bottom: 0cm; text-indent: 1.3cm;\">\n<span style=\"font-size: x-large;\"><span style=\"color: black;\"><span style=\"font-family: Book Antiqua, serif;\">A<br \/>\nona pozna\u0142a Go w\u00f3wczas, gdy zwr\u00f3ci\u0142 si\u0119 do niej<b> jej imieniem:<br \/>\n<\/b><i><b>Mario!<\/b><\/i> Wtedy co\u015b jakby si\u0119 w niej odblokowa\u0142o,<br \/>\nco\u015b si\u0119 rozja\u015bni\u0142o \u2013 i Go rozpozna\u0142a. Kiedy <b>dotkn\u0105\u0142<br \/>\ng\u0142\u0119bin jej serca,<\/b> poruszy\u0142 \u2013 nie wiem, czy tak to mo\u017cna<br \/>\nokre\u015bli\u0107 \u2013 <b>jej wewn\u0119trzn\u0105 istot\u0119,<\/b> poprzez wypowiedzenia<br \/>\nw\u0142a\u015bnie jej imienia, w\u00f3wczas nawi\u0105za\u0142a si\u0119 jaka\u015b <b>szczeg\u00f3lna,<br \/>\nduchowa wi\u0119\u017a<\/b> i Maria pozna\u0142a swego Nauczyciela. <\/span><\/span><br \/>\n<\/span><\/div>\n<div align=\"justify\" style=\"background: transparent; font-style: normal; font-variant: normal; font-weight: normal; letter-spacing: normal; line-height: 150%; margin-bottom: 0cm; text-indent: 1.3cm;\">\n<span style=\"font-size: x-large;\"><span style=\"color: black;\"><span style=\"font-family: Book Antiqua, serif;\">I<br \/>\nw\u0142a\u015bnie tak\u0105 rol\u0119 spe\u0142nia imi\u0119 ka\u017cdej i ka\u017cdego z nas: ono<br \/>\njest <b>znakiem naszej ludzkiej godno\u015bci,<\/b> ale tak\u017ce \u2013<br \/>\n<b>godno\u015bci chrze\u015bcija\u0144skiej. <\/b>Jezus i do nas zwraca si\u0119 po<br \/>\nimieniu, dostrzegaj\u0105c wyj\u0105tkowo\u015b\u0107 i indywidualno\u015b\u0107 ka\u017cdej i<br \/>\nka\u017cdego z nas. On nas dostrzega w\u0142a\u015bnie w tej naszej<br \/>\n<b>indywidualno\u015bci i niepowtarzalno\u015bci.<\/b> Je\u015bli tak mo\u017cna to<br \/>\nuj\u0105\u0107: <b>dostrzega nas po imieniu. Kocha nas po imieniu!<\/b> <\/span><\/span><br \/>\n<\/span><\/div>\n<div align=\"justify\" style=\"background: transparent; font-style: normal; font-variant: normal; font-weight: normal; letter-spacing: normal; line-height: 150%; margin-bottom: 0cm; text-indent: 1.3cm;\">\n<span style=\"font-size: x-large;\"><span style=\"color: black;\"><span style=\"font-family: Book Antiqua, serif;\">Jak<br \/>\nwi\u0119c wielkie znaczenie ma to nasze imi\u0119! I jak wa\u017cnym jest, aby\u015bmy<br \/>\nzwracaj\u0105c si\u0119 do innych ich imieniem \u2013 zawsze <b>mieli w<br \/>\n\u015bwiadomo\u015bci ich wielk\u0105 godno\u015b\u0107.<\/b> I z tego tak\u017ce powodu \u2013<br \/>\nby\u015bmy <b>nikogo nigdy nie przeklinali,<\/b> bo przekle\u0144stwo \u2013 to<br \/>\njakby modlitwa do z\u0142ego ducha. I jakby <b>wzywanie imienia z\u0142ego<br \/>\nducha<\/b> nad drugim cz\u0142owiekiem. Tymczasem, my mamy b\u0142ogos\u0142awi\u0107,<br \/>\na nie z\u0142orzeczy\u0107. Zwracaj\u0105c si\u0119 do innych ich imieniem, mamy im<br \/>\n<b>\u017cyczy\u0107 zawsze dobrze \u2013 w imi\u0119 Jezusa!<\/b> <\/span><\/span><br \/>\n<\/span><\/div>\n<div align=\"justify\" style=\"background: transparent; font-style: normal; font-variant: normal; font-weight: normal; letter-spacing: normal; line-height: 150%; margin-bottom: 0cm; text-indent: 1.3cm;\">\n<span style=\"font-size: x-large;\"><span style=\"color: black;\"><span style=\"font-family: Book Antiqua, serif;\">Pami\u0119tajmy<br \/>\nwi\u0119c zawsze <b>o ich i swojej wielkiej godno\u015bci!<\/b> Bo nad nami<br \/>\nwszystkimi kiedy\u015b wezwano imienia Jezusa. I to imi\u0119 brzmi w naszych<br \/>\nsercach. Jeste\u015bmy naprawd\u0119 kochani przez Jezusa indywidualnie \u2013<br \/>\npo imieniu. <\/span><\/span><br \/>\n<\/span><\/div>\n<div align=\"justify\" style=\"background: transparent; font-style: normal; font-variant: normal; font-weight: normal; letter-spacing: normal; line-height: 150%; margin-bottom: 0cm; text-indent: 1.3cm;\">\n<span style=\"color: black;\"><span style=\"font-family: Book Antiqua, serif;\"><span style=\"font-size: x-large;\">Czy<br \/>\nstaramy si\u0119 o tym zawsze pami\u0119ta\u0107?\u2026 Ile znaczy dla nas <b>nasze<br \/>\nw\u0142asne imi\u0119?\u2026<\/b> Ile znaczy dla nas imi\u0119 drugiego cz\u0142owieka?\u2026<br \/>\nIle znaczy dla nas imi\u0119 chrze\u015bcijanina?\u2026 A tak w og\u00f3le: <b>ile<br \/>\nznaczy dla nas imi\u0119 Jezusa?\u2026<\/b><\/span><\/span><\/span><\/div>\n","protected":false},"excerpt":{"rendered":"<p>Szcz\u0119\u015b\u0107 Bo\u017ce! Moi Drodzy, w Wielk\u0105 Sobot\u0119 imieniny prze\u017cywa\u0142a Agnieszka Chmielewska, kt\u00f3r\u0105 \u2013 jako Agnieszk\u0119 Piszcz \u2013 pozna\u0142em w pierwszej swojej Parafii, w Radory\u017cu Ko\u015bcielnym, gdzie by\u0142a czynnie zaanga\u017cowana w dzia\u0142alno\u015b\u0107 KSM i w og\u00f3le: w \u017cycie parafialne. Dzisiaj jest \u017bon\u0105 i Matk\u0105. Ciesz\u0119 si\u0119, \u017ce dane nam jest utrzymywa\u0107 kontakt. Imieniny prze\u017cywa\u0142a tego dnia [&hellip;]<\/p>\n","protected":false},"author":1,"featured_media":0,"comment_status":"open","ping_status":"open","sticky":false,"template":"","format":"standard","meta":{"jetpack_post_was_ever_published":false,"_jetpack_newsletter_access":"","_jetpack_dont_email_post_to_subs":false,"_jetpack_newsletter_tier_id":0,"_jetpack_memberships_contains_paywalled_content":false,"_jetpack_memberships_contains_paid_content":false,"footnotes":""},"categories":[1],"tags":[],"class_list":["post-14623","post","type-post","status-publish","format-standard","hentry","category-bez-kategorii"],"yoast_head":"<!-- This site is optimized with the Yoast SEO plugin v25.1 - https:\/\/yoast.com\/wordpress\/plugins\/seo\/ -->\n<title>Imi\u0119 Jezusa - imi\u0119 chrze\u015bcijanina - i moje imi\u0119... - Gaudium Et Spes<\/title>\n<meta name=\"robots\" content=\"index, follow, max-snippet:-1, max-image-preview:large, max-video-preview:-1\" \/>\n<link rel=\"canonical\" href=\"https:\/\/gaudiumetspes-blog.pl\/index.php\/2019\/04\/23\/imie-jezusa-imie-chrzescijanina-i-moje\/\" \/>\n<meta property=\"og:locale\" content=\"pl_PL\" \/>\n<meta property=\"og:type\" content=\"article\" \/>\n<meta property=\"og:title\" content=\"Imi\u0119 Jezusa - imi\u0119 chrze\u015bcijanina - i moje imi\u0119... - Gaudium Et Spes\" \/>\n<meta property=\"og:description\" content=\"Szcz\u0119\u015b\u0107 Bo\u017ce! Moi Drodzy, w Wielk\u0105 Sobot\u0119 imieniny prze\u017cywa\u0142a Agnieszka Chmielewska, kt\u00f3r\u0105 \u2013 jako Agnieszk\u0119 Piszcz \u2013 pozna\u0142em w pierwszej swojej Parafii, w Radory\u017cu Ko\u015bcielnym, gdzie by\u0142a czynnie zaanga\u017cowana w dzia\u0142alno\u015b\u0107 KSM i w og\u00f3le: w \u017cycie parafialne. Dzisiaj jest \u017bon\u0105 i Matk\u0105. Ciesz\u0119 si\u0119, \u017ce dane nam jest utrzymywa\u0107 kontakt. Imieniny prze\u017cywa\u0142a tego dnia [&hellip;]\" \/>\n<meta property=\"og:url\" content=\"https:\/\/gaudiumetspes-blog.pl\/index.php\/2019\/04\/23\/imie-jezusa-imie-chrzescijanina-i-moje\/\" \/>\n<meta property=\"og:site_name\" content=\"Gaudium Et Spes\" \/>\n<meta property=\"article:published_time\" content=\"2019-04-23T01:52:00+00:00\" \/>\n<meta property=\"article:modified_time\" content=\"2019-07-31T11:02:34+00:00\" \/>\n<meta name=\"author\" content=\"Ks. Jacek\" \/>\n<meta name=\"twitter:card\" content=\"summary_large_image\" \/>\n<meta name=\"twitter:label1\" content=\"Napisane przez\" \/>\n\t<meta name=\"twitter:data1\" content=\"Ks. Jacek\" \/>\n\t<meta name=\"twitter:label2\" content=\"Szacowany czas czytania\" \/>\n\t<meta name=\"twitter:data2\" content=\"8 minut\" \/>\n<script type=\"application\/ld+json\" class=\"yoast-schema-graph\">{\"@context\":\"https:\/\/schema.org\",\"@graph\":[{\"@type\":\"WebPage\",\"@id\":\"https:\/\/gaudiumetspes-blog.pl\/index.php\/2019\/04\/23\/imie-jezusa-imie-chrzescijanina-i-moje\/\",\"url\":\"https:\/\/gaudiumetspes-blog.pl\/index.php\/2019\/04\/23\/imie-jezusa-imie-chrzescijanina-i-moje\/\",\"name\":\"Imi\u0119 Jezusa - imi\u0119 chrze\u015bcijanina - i moje imi\u0119... - Gaudium Et Spes\",\"isPartOf\":{\"@id\":\"https:\/\/gaudiumetspes-blog.pl\/#website\"},\"datePublished\":\"2019-04-23T01:52:00+00:00\",\"dateModified\":\"2019-07-31T11:02:34+00:00\",\"author\":{\"@id\":\"https:\/\/gaudiumetspes-blog.pl\/#\/schema\/person\/1661982992b752dea8dff0d4ed845a65\"},\"breadcrumb\":{\"@id\":\"https:\/\/gaudiumetspes-blog.pl\/index.php\/2019\/04\/23\/imie-jezusa-imie-chrzescijanina-i-moje\/#breadcrumb\"},\"inLanguage\":\"pl-PL\",\"potentialAction\":[{\"@type\":\"ReadAction\",\"target\":[\"https:\/\/gaudiumetspes-blog.pl\/index.php\/2019\/04\/23\/imie-jezusa-imie-chrzescijanina-i-moje\/\"]}]},{\"@type\":\"BreadcrumbList\",\"@id\":\"https:\/\/gaudiumetspes-blog.pl\/index.php\/2019\/04\/23\/imie-jezusa-imie-chrzescijanina-i-moje\/#breadcrumb\",\"itemListElement\":[{\"@type\":\"ListItem\",\"position\":1,\"name\":\"Strona g\u0142\u00f3wna\",\"item\":\"https:\/\/gaudiumetspes-blog.pl\/\"},{\"@type\":\"ListItem\",\"position\":2,\"name\":\"Imi\u0119 Jezusa &#8211; imi\u0119 chrze\u015bcijanina &#8211; i&nbsp;moje&nbsp;imi\u0119&#8230;\"}]},{\"@type\":\"WebSite\",\"@id\":\"https:\/\/gaudiumetspes-blog.pl\/#website\",\"url\":\"https:\/\/gaudiumetspes-blog.pl\/\",\"name\":\"Gaudium Et Spes\",\"description\":\"Blog Ks. Jacka Ja\u015bkowskiego\",\"potentialAction\":[{\"@type\":\"SearchAction\",\"target\":{\"@type\":\"EntryPoint\",\"urlTemplate\":\"https:\/\/gaudiumetspes-blog.pl\/?s={search_term_string}\"},\"query-input\":{\"@type\":\"PropertyValueSpecification\",\"valueRequired\":true,\"valueName\":\"search_term_string\"}}],\"inLanguage\":\"pl-PL\"},{\"@type\":\"Person\",\"@id\":\"https:\/\/gaudiumetspes-blog.pl\/#\/schema\/person\/1661982992b752dea8dff0d4ed845a65\",\"name\":\"Ks. Jacek\",\"image\":{\"@type\":\"ImageObject\",\"inLanguage\":\"pl-PL\",\"@id\":\"https:\/\/gaudiumetspes-blog.pl\/#\/schema\/person\/image\/\",\"url\":\"https:\/\/gaudiumetspes-blog.pl\/wp-content\/uploads\/2019\/07\/avatar-JJ-150x150.jpg\",\"contentUrl\":\"https:\/\/gaudiumetspes-blog.pl\/wp-content\/uploads\/2019\/07\/avatar-JJ-150x150.jpg\",\"caption\":\"Ks. Jacek\"},\"description\":\"Witam serdecznie! K\u0142ania si\u0119 Ks. Jacek Ja\u015bkowski. Nie jestem ani kim\u015b wa\u017cnym, ani kim\u015b znanym. Jestem ksi\u0119dzem, kt\u00f3ry po prostu chce rozmawia\u0107. Codzienna kap\u0142a\u0144ska pos\u0142uga pokazuje mi, \u017ce temat\u00f3w do rozm\u00f3w z ksi\u0119dzem jest coraz wi\u0119cej i dzisiaj \u017caden ksi\u0105dz nie mo\u017ce od nich ucieka\u0107, ale - wprost przeciwnie - podejmowa\u0107 nowe wyzwania. To przekonanie sk\u0142oni\u0142o mnie do pr\u00f3by otwarcia tego\u017c bloga, chocia\u017c okazji do rozm\u00f3w na co dzie\u0144 - w konfesjonale i poza nim - na szcz\u0119\u015bcie nie brakuje. My\u015bl\u0119 jednak, \u017ce ten blog b\u0119dzie jeszcze jednym sposobem i przestrzeni\u0105 nawi\u0105zania kontaktu z lud\u017ami dobrej woli, otwartymi na dialog.\",\"url\":\"https:\/\/gaudiumetspes-blog.pl\/index.php\/author\/ks-jacek\/\"}]}<\/script>\n<!-- \/ Yoast SEO plugin. -->","yoast_head_json":{"title":"Imi\u0119 Jezusa - imi\u0119 chrze\u015bcijanina - i moje imi\u0119... - Gaudium Et Spes","robots":{"index":"index","follow":"follow","max-snippet":"max-snippet:-1","max-image-preview":"max-image-preview:large","max-video-preview":"max-video-preview:-1"},"canonical":"https:\/\/gaudiumetspes-blog.pl\/index.php\/2019\/04\/23\/imie-jezusa-imie-chrzescijanina-i-moje\/","og_locale":"pl_PL","og_type":"article","og_title":"Imi\u0119 Jezusa - imi\u0119 chrze\u015bcijanina - i moje imi\u0119... - Gaudium Et Spes","og_description":"Szcz\u0119\u015b\u0107 Bo\u017ce! Moi Drodzy, w Wielk\u0105 Sobot\u0119 imieniny prze\u017cywa\u0142a Agnieszka Chmielewska, kt\u00f3r\u0105 \u2013 jako Agnieszk\u0119 Piszcz \u2013 pozna\u0142em w pierwszej swojej Parafii, w Radory\u017cu Ko\u015bcielnym, gdzie by\u0142a czynnie zaanga\u017cowana w dzia\u0142alno\u015b\u0107 KSM i w og\u00f3le: w \u017cycie parafialne. Dzisiaj jest \u017bon\u0105 i Matk\u0105. Ciesz\u0119 si\u0119, \u017ce dane nam jest utrzymywa\u0107 kontakt. Imieniny prze\u017cywa\u0142a tego dnia [&hellip;]","og_url":"https:\/\/gaudiumetspes-blog.pl\/index.php\/2019\/04\/23\/imie-jezusa-imie-chrzescijanina-i-moje\/","og_site_name":"Gaudium Et Spes","article_published_time":"2019-04-23T01:52:00+00:00","article_modified_time":"2019-07-31T11:02:34+00:00","author":"Ks. Jacek","twitter_card":"summary_large_image","twitter_misc":{"Napisane przez":"Ks. Jacek","Szacowany czas czytania":"8 minut"},"schema":{"@context":"https:\/\/schema.org","@graph":[{"@type":"WebPage","@id":"https:\/\/gaudiumetspes-blog.pl\/index.php\/2019\/04\/23\/imie-jezusa-imie-chrzescijanina-i-moje\/","url":"https:\/\/gaudiumetspes-blog.pl\/index.php\/2019\/04\/23\/imie-jezusa-imie-chrzescijanina-i-moje\/","name":"Imi\u0119 Jezusa - imi\u0119 chrze\u015bcijanina - i moje imi\u0119... - Gaudium Et Spes","isPartOf":{"@id":"https:\/\/gaudiumetspes-blog.pl\/#website"},"datePublished":"2019-04-23T01:52:00+00:00","dateModified":"2019-07-31T11:02:34+00:00","author":{"@id":"https:\/\/gaudiumetspes-blog.pl\/#\/schema\/person\/1661982992b752dea8dff0d4ed845a65"},"breadcrumb":{"@id":"https:\/\/gaudiumetspes-blog.pl\/index.php\/2019\/04\/23\/imie-jezusa-imie-chrzescijanina-i-moje\/#breadcrumb"},"inLanguage":"pl-PL","potentialAction":[{"@type":"ReadAction","target":["https:\/\/gaudiumetspes-blog.pl\/index.php\/2019\/04\/23\/imie-jezusa-imie-chrzescijanina-i-moje\/"]}]},{"@type":"BreadcrumbList","@id":"https:\/\/gaudiumetspes-blog.pl\/index.php\/2019\/04\/23\/imie-jezusa-imie-chrzescijanina-i-moje\/#breadcrumb","itemListElement":[{"@type":"ListItem","position":1,"name":"Strona g\u0142\u00f3wna","item":"https:\/\/gaudiumetspes-blog.pl\/"},{"@type":"ListItem","position":2,"name":"Imi\u0119 Jezusa &#8211; imi\u0119 chrze\u015bcijanina &#8211; i&nbsp;moje&nbsp;imi\u0119&#8230;"}]},{"@type":"WebSite","@id":"https:\/\/gaudiumetspes-blog.pl\/#website","url":"https:\/\/gaudiumetspes-blog.pl\/","name":"Gaudium Et Spes","description":"Blog Ks. Jacka Ja\u015bkowskiego","potentialAction":[{"@type":"SearchAction","target":{"@type":"EntryPoint","urlTemplate":"https:\/\/gaudiumetspes-blog.pl\/?s={search_term_string}"},"query-input":{"@type":"PropertyValueSpecification","valueRequired":true,"valueName":"search_term_string"}}],"inLanguage":"pl-PL"},{"@type":"Person","@id":"https:\/\/gaudiumetspes-blog.pl\/#\/schema\/person\/1661982992b752dea8dff0d4ed845a65","name":"Ks. Jacek","image":{"@type":"ImageObject","inLanguage":"pl-PL","@id":"https:\/\/gaudiumetspes-blog.pl\/#\/schema\/person\/image\/","url":"https:\/\/gaudiumetspes-blog.pl\/wp-content\/uploads\/2019\/07\/avatar-JJ-150x150.jpg","contentUrl":"https:\/\/gaudiumetspes-blog.pl\/wp-content\/uploads\/2019\/07\/avatar-JJ-150x150.jpg","caption":"Ks. Jacek"},"description":"Witam serdecznie! K\u0142ania si\u0119 Ks. Jacek Ja\u015bkowski. Nie jestem ani kim\u015b wa\u017cnym, ani kim\u015b znanym. Jestem ksi\u0119dzem, kt\u00f3ry po prostu chce rozmawia\u0107. Codzienna kap\u0142a\u0144ska pos\u0142uga pokazuje mi, \u017ce temat\u00f3w do rozm\u00f3w z ksi\u0119dzem jest coraz wi\u0119cej i dzisiaj \u017caden ksi\u0105dz nie mo\u017ce od nich ucieka\u0107, ale - wprost przeciwnie - podejmowa\u0107 nowe wyzwania. To przekonanie sk\u0142oni\u0142o mnie do pr\u00f3by otwarcia tego\u017c bloga, chocia\u017c okazji do rozm\u00f3w na co dzie\u0144 - w konfesjonale i poza nim - na szcz\u0119\u015bcie nie brakuje. My\u015bl\u0119 jednak, \u017ce ten blog b\u0119dzie jeszcze jednym sposobem i przestrzeni\u0105 nawi\u0105zania kontaktu z lud\u017ami dobrej woli, otwartymi na dialog.","url":"https:\/\/gaudiumetspes-blog.pl\/index.php\/author\/ks-jacek\/"}]}},"jetpack_featured_media_url":"","jetpack_sharing_enabled":true,"_links":{"self":[{"href":"https:\/\/gaudiumetspes-blog.pl\/index.php\/wp-json\/wp\/v2\/posts\/14623","targetHints":{"allow":["GET"]}}],"collection":[{"href":"https:\/\/gaudiumetspes-blog.pl\/index.php\/wp-json\/wp\/v2\/posts"}],"about":[{"href":"https:\/\/gaudiumetspes-blog.pl\/index.php\/wp-json\/wp\/v2\/types\/post"}],"author":[{"embeddable":true,"href":"https:\/\/gaudiumetspes-blog.pl\/index.php\/wp-json\/wp\/v2\/users\/1"}],"replies":[{"embeddable":true,"href":"https:\/\/gaudiumetspes-blog.pl\/index.php\/wp-json\/wp\/v2\/comments?post=14623"}],"version-history":[{"count":1,"href":"https:\/\/gaudiumetspes-blog.pl\/index.php\/wp-json\/wp\/v2\/posts\/14623\/revisions"}],"predecessor-version":[{"id":15185,"href":"https:\/\/gaudiumetspes-blog.pl\/index.php\/wp-json\/wp\/v2\/posts\/14623\/revisions\/15185"}],"wp:attachment":[{"href":"https:\/\/gaudiumetspes-blog.pl\/index.php\/wp-json\/wp\/v2\/media?parent=14623"}],"wp:term":[{"taxonomy":"category","embeddable":true,"href":"https:\/\/gaudiumetspes-blog.pl\/index.php\/wp-json\/wp\/v2\/categories?post=14623"},{"taxonomy":"post_tag","embeddable":true,"href":"https:\/\/gaudiumetspes-blog.pl\/index.php\/wp-json\/wp\/v2\/tags?post=14623"}],"curies":[{"name":"wp","href":"https:\/\/api.w.org\/{rel}","templated":true}]}}