{"id":14640,"date":"2019-04-07T03:57:00","date_gmt":"2019-04-07T01:57:00","guid":{"rendered":"https:\/\/gaudiumetspes-blog.pl\/index.php\/2019\/04\/07\/bylebym-pozyska-chrystusa\/"},"modified":"2019-07-31T13:01:41","modified_gmt":"2019-07-31T11:01:41","slug":"bylebym-pozyska-chrystusa","status":"publish","type":"post","link":"https:\/\/gaudiumetspes-blog.pl\/index.php\/2019\/04\/07\/bylebym-pozyska-chrystusa\/","title":{"rendered":"Bylebym pozyska\u0142 Chrystusa!"},"content":{"rendered":"<p><\/p>\n<div align=\"justify\" style=\"font-weight: normal; line-height: 150%; margin-bottom: 0cm;\">\n<span style=\"font-size: x-large;\"><span style=\"color: black;\"><span style=\"font-family: Book Antiqua, serif;\">Niech<br \/>\nb\u0119dzie pochwalony Jezus Chrystus! Moi Drodzy, wspomina\u0142em Wam<br \/>\nkiedy\u015b, \u017ce w ramach Jubileuszu 200 lecia naszej siedleckiej<br \/>\nDiecezji b\u0119d\u0105 odbywa\u0142y si\u0119 w niej Jubileuszowe Misje<br \/>\nEwangelizacyjne, i \u017ce zosta\u0142em przez Ksi\u0119dza Biskupa w\u0142\u0105czony do<br \/>\ngrona Misjonarzy, spo\u015br\u00f3d kt\u00f3rych Ksi\u0119\u017ca Proboszczowie mog\u0105<br \/>\nzaprasza\u0107 kogo\u015b do poprowadzenia Misji w swojej Parafii. <\/span><\/span><br \/>\n<\/span><\/div>\n<div align=\"justify\" style=\"background: transparent; font-weight: normal; line-height: 150%; margin-bottom: 0cm; page-break-before: auto; text-indent: 1.3cm;\">\n<span style=\"font-size: x-large;\"><span style=\"color: black;\"><span style=\"font-family: Book Antiqua, serif;\">I<br \/>\ndzisiaj w\u0142a\u015bnie rozpoczynam takie Misje, w Parafii Ko\u015bcieniewicze,<br \/>\nniedaleko mojej rodzinnej Miejscowo\u015bci. W\u0142a\u015bnie tam ruszam.<br \/>\nWcze\u015bniej jednak zajad\u0119 do Kodnia, gdzie odbior\u0119 krzy\u017c misyjny,<br \/>\nkt\u00f3ry po\u015bwi\u0119ci mi Prze\u0142o\u017cony kode\u0144skiej Wsp\u00f3lnoty zakonne,<br \/>\nOjciec Sebastian Wi\u015bniewski, wieloletni Misjonarz. <\/span><\/span><br \/>\n<\/span><\/div>\n<div align=\"justify\" style=\"background: transparent; font-weight: normal; line-height: 150%; margin-bottom: 0cm; text-indent: 1.3cm;\">\n<span style=\"color: black;\"><span style=\"font-family: Book Antiqua, serif;\"><span style=\"font-size: x-large;\">Misje<br \/>\nte b\u0119d\u0119 prowadzi\u0142 przez osiem dni, do nast\u0119pnej niedzieli, \u0142\u0105cz\u0105c<br \/>\nje \u2013 w pewnym zakresie \u2013 z obowi\u0105zkami parafialnymi, a<br \/>\nszczeg\u00f3lnie szkolnymi, bo obieca\u0142em Dyrektorowi pomoc w<br \/>\nprzeprowadzeniu egzamin\u00f3w gimnazjalnych, w obliczu zapowiadanego<br \/>\nstrajku, i zamierzam si\u0119 z tego wywi\u0105za\u0107. Dlatego ten czas b\u0119dzie<br \/>\nzapewne do\u015b\u0107 intensywny i wiele godzin b\u0119dzie za kierownic\u0105\u2026 Od<br \/>\nMiastkowa do Ko\u015bcieniewicz jest oko\u0142o stu trzydziestu kilometr\u00f3w\u2026<br \/>\nAle, c\u00f3\u017c\u2026 B\u0119dzie czas na modlitw\u0119.<\/span><\/span><\/span><\/div>\n<div align=\"justify\" style=\"background: transparent; font-weight: normal; line-height: 150%; margin-bottom: 0cm; text-indent: 1.3cm;\">\n<span style=\"color: black;\"><span style=\"font-family: Book Antiqua, serif;\"><span style=\"font-size: x-large;\">I<br \/>\nWas o t\u0119 modlitw\u0119 prosz\u0119. A na dzisiejszy dzie\u0144 \u2013 <b>niech Was<br \/>\nb\u0142ogos\u0142awi B\u00f3g Wszechmog\u0105cy: Ojciec + i Syn, i Duch \u015awi\u0119ty.<br \/>\nAmen<\/b><\/span><\/span><\/span><\/div>\n<div align=\"center\" style=\"font-weight: normal; line-height: 150%; margin-bottom: 0cm;\">\n<span style=\"color: black;\"><span style=\"font-family: Book Antiqua, serif;\"><span style=\"font-size: x-large;\">Gaudium<br \/>\net spes!  Ks. Jacek<\/span><\/span><\/span><\/div>\n<div align=\"justify\" style=\"line-height: 150%; margin-bottom: 0cm;\">\n<span style=\"font-size: x-large;\"><\/p>\n<p><\/span><\/div>\n<div align=\"justify\" style=\"line-height: 150%; margin-bottom: 0cm;\">\n<span style=\"color: black;\"><span style=\"font-family: Book Antiqua, serif;\"><span style=\"font-size: x-large;\"><b>Niedziela<br \/>\nWielkiego Postu, C,<\/b><\/span><\/span><\/span><\/div>\n<div align=\"justify\" style=\"line-height: 150%; margin-bottom: 0cm;\">\n<span style=\"color: black;\"><span style=\"font-family: Book Antiqua, serif;\"><span style=\"font-size: x-large;\"><b>do<br \/>\nczyta\u0144:  Iz 43,16\u201321;  Flp 3,8\u201314;  J 8,1\u201311<\/b><\/span><\/span><\/span><\/div>\n<div align=\"justify\" style=\"line-height: 150%; margin-bottom: 0cm;\">\n<span style=\"font-size: x-large;\"><\/p>\n<p><\/span><\/div>\n<div align=\"justify\" style=\"font-style: normal; font-variant: normal; letter-spacing: normal; line-height: 150%; margin-bottom: 0cm; page-break-before: auto;\">\n<span style=\"font-size: x-large;\"><span style=\"color: black;\"><span style=\"font-family: Book Antiqua, serif;\"><b>CZYTANIE<br \/>\nZ KSI\u0118GI PROROKA IZAJASZA: <\/b><\/span><\/span><br \/>\n<\/span><\/div>\n<div align=\"justify\" style=\"font-style: normal; font-variant: normal; letter-spacing: normal; line-height: 150%; margin-bottom: 0cm; page-break-before: auto; text-indent: 1.3cm;\">\n<span style=\"font-size: x-large;\"><span style=\"color: black;\"><span style=\"font-family: Book Antiqua, serif;\"><b>Tak<br \/>\nm\u00f3wi Pan, kt\u00f3ry otworzy\u0142 drog\u0119 przez morze i \u015bcie\u017ck\u0119 przez<br \/>\npot\u0119\u017cne wody; kt\u00f3ry wi\u00f3d\u0142 na wypraw\u0119 wozy i konie, tak\u017ce i<br \/>\npot\u0119\u017cne wojsko; upadli, ju\u017c nie powstan\u0105, zga\u015bli, jak knotek<br \/>\nzostali zdmuchni\u0119ci. <\/b><\/span><\/span><br \/>\n<\/span><\/div>\n<div align=\"justify\" style=\"line-height: 150%; margin-bottom: 0cm; text-indent: 1.3cm;\">\n<span style=\"font-size: x-large;\"><span style=\"color: black;\"><span style=\"font-variant: normal;\"><span style=\"letter-spacing: normal;\">\u201e<span style=\"font-family: Book Antiqua, serif;\"><b><span style=\"font-style: normal;\">Nie<br \/>\nwspominajcie wydarze\u0144 minionych, nie roztrz\u0105sajcie w my\u015bli dawnych<br \/>\nrzeczy. Oto Ja dokonuj\u0119 rzeczy nowej: pojawia si\u0119 w\u0142a\u015bnie. Czy\u017c<br \/>\njej nie poznajecie? Otworz\u0119 te\u017c drog\u0119 na pustyni, \u015bcie\u017cyny na<br \/>\npustkowiu. S\u0142awi\u0107 Mnie b\u0119d\u0105 zwierz\u0119ta polne, szakale i strusie,<br \/>\ngdy\u017c na pustyni dostarcz\u0119 wody i rzek na pustkowiu, aby napoi\u0107 m\u00f3j<br \/>\nlud wybrany. Lud ten, kt\u00f3ry sobie utworzy\u0142em, opowiada\u0107 b\u0119dzie<br \/>\nmoj\u0105 chwa\u0142\u0119\u201d.<\/span><\/b><\/span><\/span><\/span><span style=\"font-family: Book Antiqua, serif;\"><b> <\/b><\/span><\/span><br \/>\n<\/span><\/div>\n<div align=\"justify\" style=\"line-height: 150%; margin-bottom: 0cm;\">\n<span style=\"font-size: x-large;\"><\/p>\n<p><\/span><\/div>\n<div align=\"justify\" style=\"font-style: normal; font-variant: normal; letter-spacing: normal; line-height: 150%; margin-bottom: 0cm;\">\n<span style=\"font-size: x-large;\"><span style=\"color: black;\"><span style=\"font-family: Book Antiqua, serif;\"><b>CZYTANIE<br \/>\nZ LISTU \u015aWI\u0118TEGO PAW\u0141A APOSTO\u0141A DO FILIPIAN: <\/b><\/span><\/span><br \/>\n<\/span><\/div>\n<div align=\"justify\" style=\"font-style: normal; font-variant: normal; letter-spacing: normal; line-height: 150%; margin-bottom: 0cm; page-break-before: auto; text-indent: 1.3cm;\">\n<span style=\"font-size: x-large;\"><span style=\"color: black;\"><span style=\"font-family: Book Antiqua, serif;\"><b>Bracia:<br \/>\nWszystko uznaj\u0119 za strat\u0119 ze wzgl\u0119du na najwy\u017csz\u0105 warto\u015b\u0107<br \/>\npoznania Chrystusa Jezusa, Pana mojego. <\/b><\/span><\/span><br \/>\n<\/span><\/div>\n<div align=\"justify\" style=\"font-style: normal; font-variant: normal; letter-spacing: normal; line-height: 150%; margin-bottom: 0cm; text-indent: 1.3cm;\">\n<span style=\"font-size: x-large;\"><span style=\"color: black;\"><span style=\"font-family: Book Antiqua, serif;\"><b>Dla<br \/>\nNiego wyzu\u0142em si\u0119 ze wszystkiego i uznaj\u0119 to za \u015bmieci, bylebym<br \/>\npozyska\u0142 Chrystusa i znalaz\u0142 si\u0119 w Nim, nie maj\u0105c mojej<br \/>\nsprawiedliwo\u015bci, pochodz\u0105cej z Prawa, lecz Bo\u017c\u0105 sprawiedliwo\u015b\u0107,<br \/>\notrzyman\u0105 przez wiar\u0119 w Chrystusa, sprawiedliwo\u015b\u0107 pochodz\u0105c\u0105 od<br \/>\nBoga, opart\u0105 na wierze \u2013 przez poznanie Chrystusa: zar\u00f3wno mocy<br \/>\nJego zmartwychwstania, jak i udzia\u0142u w Jego cierpieniach, w nadziei,<br \/>\n\u017ce upodabniaj\u0105c si\u0119 do Jego \u015bmierci, dojd\u0119 jako\u015b do pe\u0142nego<br \/>\npowstania z martwych. <\/b><\/span><\/span><br \/>\n<\/span><\/div>\n<div align=\"justify\" style=\"font-style: normal; font-variant: normal; letter-spacing: normal; line-height: 150%; margin-bottom: 0cm; text-indent: 1.3cm;\">\n<span style=\"font-size: x-large;\"><span style=\"color: black;\"><span style=\"font-family: Book Antiqua, serif;\"><b>Nie<br \/>\nm\u00f3wi\u0119, \u017ce ju\u017c to osi\u0105gn\u0105\u0142em i ju\u017c si\u0119 sta\u0142em doskona\u0142ym,<br \/>\nlecz p\u0119dz\u0119, abym te\u017c pochwyci\u0142, bo i sam zosta\u0142em pochwycony<br \/>\nprzez Chrystusa Jezusa. <\/b><\/span><\/span><br \/>\n<\/span><\/div>\n<div align=\"justify\" style=\"font-style: normal; font-variant: normal; letter-spacing: normal; line-height: 150%; margin-bottom: 0cm; text-indent: 1.3cm;\">\n<span style=\"color: black;\"><span style=\"font-family: Book Antiqua, serif;\"><span style=\"font-size: x-large;\"><b>Bracia,<br \/>\nja nie s\u0105dz\u0119 o sobie samym, \u017ce ju\u017c pochwyci\u0142em, ale to jedno<br \/>\nczyni\u0119: zapominaj\u0105c o tym, co za mn\u0105, a wyt\u0119\u017caj\u0105c si\u0142y ku<br \/>\ntemu, co przede mn\u0105, p\u0119dz\u0119 ku wyznaczonej mecie, ku nagrodzie, do<br \/>\njakiej B\u00f3g wzywa w g\u00f3r\u0119 w Chrystusie Jezusie.<\/b><\/span><\/span><\/span><\/div>\n<div align=\"justify\" style=\"line-height: 150%; margin-bottom: 0cm;\">\n<span style=\"font-size: x-large;\"><\/p>\n<p><\/span><\/div>\n<div align=\"justify\" style=\"font-style: normal; font-variant: normal; letter-spacing: normal; line-height: 150%; margin-bottom: 0cm;\">\n<span style=\"font-size: x-large;\"><span style=\"color: black;\"><span style=\"font-family: Book Antiqua, serif;\"><b>S\u0141OWA<br \/>\nEWANGELII WED\u0141UG \u015aWI\u0118TEGO JANA: <\/b><\/span><\/span><br \/>\n<\/span><\/div>\n<div align=\"justify\" style=\"font-style: normal; font-variant: normal; letter-spacing: normal; line-height: 150%; margin-bottom: 0cm; page-break-before: auto; text-indent: 1.3cm;\">\n<span style=\"font-size: x-large;\"><span style=\"color: black;\"><span style=\"font-family: Book Antiqua, serif;\"><b>Jezus<br \/>\nuda\u0142 si\u0119 na G\u00f3r\u0119 Oliwn\u0105, ale o brzasku zjawi\u0142 si\u0119 zn\u00f3w w<br \/>\n\u015bwi\u0105tyni. Wszystek lud schodzi\u0142 si\u0119 do Niego, a On usiad\u0142szy<br \/>\nnaucza\u0142. <\/b><\/span><\/span><br \/>\n<\/span><\/div>\n<div align=\"justify\" style=\"font-style: normal; font-variant: normal; letter-spacing: normal; line-height: 150%; margin-bottom: 0cm; text-indent: 1.3cm;\">\n<span style=\"color: black;\"><span style=\"font-family: Book Antiqua, serif;\"><span style=\"font-size: x-large;\"><b>W\u00f3wczas<br \/>\nuczeni w Pi\u015bmie i faryzeusze przyprowadzili do Niego kobiet\u0119, kt\u00f3r\u0105<br \/>\npochwycono na cudzo\u0142\u00f3stwie, a postawiwszy j\u0105 na \u015brodku,<br \/>\npowiedzieli do Niego: \u201eNauczycielu, kobiet\u0119 t\u0119 dopiero pochwycono<br \/>\nna cudzo\u0142\u00f3stwie. W Prawie Moj\u017cesz nakaza\u0142 nam takie kamienowa\u0107.<br \/>\nA Ty co m\u00f3wisz?\u201d M\u00f3wili to wystawiaj\u0105c Go na pr\u00f3b\u0119, aby mieli<br \/>\no co Go oskar\u017cy\u0107.<\/b><\/span><\/span><\/span><\/div>\n<div align=\"justify\" style=\"font-style: normal; font-variant: normal; letter-spacing: normal; line-height: 150%; margin-bottom: 0cm; text-indent: 1.3cm;\">\n<span style=\"font-size: x-large;\"><span style=\"color: black;\"><span style=\"font-family: Book Antiqua, serif;\"><b>Lecz<br \/>\nJezus nachyliwszy si\u0119 pisa\u0142 palcem po ziemi. A kiedy w dalszym<br \/>\nci\u0105gu Go pytali, podni\u00f3s\u0142 si\u0119 i rzek\u0142 do nich: \u201eKto z was jest<br \/>\nbez grzechu, niech pierwszy rzuci na ni\u0105 kamie\u0144\u201d. I powt\u00f3rnie<br \/>\nnachyliwszy si\u0119, pisa\u0142 na ziemi. <\/b><\/span><\/span><br \/>\n<\/span><\/div>\n<div align=\"justify\" style=\"font-style: normal; font-variant: normal; letter-spacing: normal; line-height: 150%; margin-bottom: 0cm; text-indent: 1.3cm;\">\n<span style=\"font-size: x-large;\"><span style=\"color: black;\"><span style=\"font-family: Book Antiqua, serif;\"><b>Kiedy<br \/>\nto us\u0142yszeli, wszyscy jeden po drugim zacz\u0119li odchodzi\u0107,<br \/>\npoczynaj\u0105c od starszych. Pozosta\u0142 tylko Jezus i kobieta, stoj\u0105ca<br \/>\nna \u015brodku. <\/b><\/span><\/span><br \/>\n<\/span><\/div>\n<div align=\"justify\" style=\"font-style: normal; font-variant: normal; letter-spacing: normal; line-height: 150%; margin-bottom: 0cm; text-indent: 1.3cm;\">\n<span style=\"color: black;\"><span style=\"font-family: Book Antiqua, serif;\"><span style=\"font-size: x-large;\"><b>W\u00f3wczas<br \/>\nJezus podni\u00f3s\u0142szy si\u0119 rzek\u0142 do niej: \u201eNiewiasto, gdzie\u017c oni<br \/>\ns\u0105? Nikt ci\u0119 nie pot\u0119pi\u0142?\u201d A ona odrzek\u0142a: \u201eNikt, Panie!\u201d<br \/>\nRzek\u0142 do niej Jezus: \u201eI Ja ciebie nie pot\u0119piam. Id\u017a, a od tej<br \/>\nchwili ju\u017c nie grzesz\u201d.<\/b><\/span><\/span><\/span><\/div>\n<div align=\"justify\" style=\"line-height: 150%; margin-bottom: 0cm;\">\n<span style=\"font-size: x-large;\"><\/p>\n<p><\/span><\/div>\n<div align=\"justify\" style=\"line-height: 150%; margin-bottom: 0cm; page-break-before: auto; text-indent: 1.3cm;\">\n<span style=\"color: black;\"><span style=\"font-family: Book Antiqua, serif;\"><span style=\"font-size: x-large;\">Dzisiejsze<br \/>\nczytania \u2013 je\u015bli si\u0119 dobrze w nie ws\u0142ucha\u0107 \u2013 nios\u0105 ze sob\u0105<br \/>\njakie\u015b <b>mocne przes\u0142anie o nowo\u015bci.<\/b> Zwr\u00f3\u0107my na to uwag\u0119.<br \/>\nW ka\u017cdym z nich jest mowa <b>o czym\u015b nowym,<\/b> o odnowieniu \u017cycia<br \/>\ncz\u0142owieka i tego wszystkiego, co jest wok\u00f3\u0142 niego, a \u017ar\u00f3d\u0142em<br \/>\ntej nowo\u015bci jest B\u00f3g.<\/span><\/span><\/span><\/div>\n<div align=\"justify\" style=\"line-height: 150%; margin-bottom: 0cm; text-indent: 1.3cm;\">\n<span style=\"font-size: x-large;\"><span style=\"color: black;\"><span style=\"font-family: Book Antiqua, serif;\">I<br \/>\ntak oto, w pierwszym czytaniu, z Proroctwa Izajasza, s\u0142yszymy: <span style=\"font-variant: normal;\"><span style=\"letter-spacing: normal;\"><i><b>Tak<br \/>\nm\u00f3wi Pan, kt\u00f3ry otworzy\u0142 drog\u0119 przez morze i \u015bcie\u017ck\u0119 przez<br \/>\npot\u0119\u017cne wody,<\/b><\/i><\/span><\/span><span style=\"font-variant: normal;\"><span style=\"letter-spacing: normal;\"><span style=\"font-style: normal;\"><b><br \/>\n<\/b><\/span><\/span><\/span><span style=\"font-variant: normal;\"><span style=\"letter-spacing: normal;\"><span style=\"font-style: normal;\"><b>[\u2026]:<br \/>\n<\/b><\/span><\/span><\/span><span style=\"font-variant: normal;\"><span style=\"letter-spacing: normal;\"><i><b>\u201eNie<br \/>\nwspominajcie wydarze\u0144 minionych, nie roztrz\u0105sajcie w my\u015bli dawnych<br \/>\nrzeczy. Oto Ja dokonuj\u0119 rzeczy nowej: pojawia si\u0119 w\u0142a\u015bnie. Czy\u017c<br \/>\njej nie poznajecie? Otworz\u0119 te\u017c drog\u0119 na pustyni, \u015bcie\u017cyny na<br \/>\npustkowiu\u2026\u201d.<\/b><\/i><\/span><\/span><span style=\"font-variant: normal;\"><span style=\"letter-spacing: normal;\"><span style=\"font-style: normal;\"><b><br \/>\n<\/b><\/span><\/span><\/span><\/span><\/span><br \/>\n<\/span><\/div>\n<div align=\"justify\" style=\"line-height: 150%; margin-bottom: 0cm; text-indent: 1.3cm;\">\n<span style=\"font-size: x-large;\"><span style=\"color: black;\"><span style=\"font-family: Book Antiqua, serif;\"><span style=\"font-variant: normal;\"><span style=\"letter-spacing: normal;\"><span style=\"font-style: normal;\"><span style=\"font-weight: normal;\">Widzimy<br \/>\ntu wyra\u017an\u0105 aluzj\u0119 do <\/span><\/span><\/span><\/span><span style=\"font-variant: normal;\"><span style=\"letter-spacing: normal;\"><span style=\"font-style: normal;\"><b>wyj\u015bcia<br \/>\nIzraelit\u00f3w z niewoli egipskiej <\/b><\/span><\/span><\/span><span style=\"font-variant: normal;\"><span style=\"letter-spacing: normal;\"><span style=\"font-style: normal;\"><span style=\"font-weight: normal;\">i<br \/>\nprzej\u015bcia przez wody Morza Czerwonego \u2013 a dok\u0142adniej: przez suche<br \/>\ndno Morza Czerwonego \u2013 do ziemi obiecanej, chocia\u017c to jeszcze<br \/>\nwymaga\u0142o przej\u015bcia przez pustyni\u0119. Ca\u0142e to wydarzenie w<br \/>\nniew\u0105tpliwy spos\u00f3b oznacza\u0142o dla narodu wybranego <\/span><\/span><\/span><\/span><span style=\"font-variant: normal;\"><span style=\"letter-spacing: normal;\"><span style=\"font-style: normal;\"><b>co\u015b<br \/>\nabsolutnie nowego. <\/b><\/span><\/span><\/span><span style=\"font-variant: normal;\"><span style=\"letter-spacing: normal;\"><span style=\"font-style: normal;\"><span style=\"font-weight: normal;\">Zreszt\u0105,<br \/>\nProrok m\u00f3wi wprost \u2013 jeszcze raz przywo\u0142ajmy te s\u0142owa: <\/span><\/span><\/span><\/span><span style=\"font-variant: normal;\"><span style=\"letter-spacing: normal;\"><i><b>Oto<br \/>\nJa dokonuj\u0119 rzeczy nowej: pojawia si\u0119 w\u0142a\u015bnie.<\/b><\/i><\/span><\/span><span style=\"font-variant: normal;\"><span style=\"letter-spacing: normal;\"><i><span style=\"font-weight: normal;\"><br \/>\n<\/span><\/i><\/span><\/span><\/span><\/span><br \/>\n<\/span><\/div>\n<div align=\"justify\" style=\"line-height: 150%; margin-bottom: 0cm; text-indent: 1.3cm;\">\n<span style=\"font-size: x-large;\"><span style=\"color: black;\"><span style=\"font-family: Book Antiqua, serif;\"><span style=\"font-variant: normal;\"><span style=\"letter-spacing: normal;\"><span style=\"font-style: normal;\"><span style=\"font-weight: normal;\">To<br \/>\nprawda, \u017ce Izraelici chyba nie do ko\u0144ca byli przygotowani na t\u0119<br \/>\nnowo\u015b\u0107, bo co i raz <\/span><\/span><\/span><\/span><span style=\"font-variant: normal;\"><span style=\"letter-spacing: normal;\"><span style=\"font-style: normal;\"><b>wzdychali<br \/>\nza niewol\u0105 egipsk\u0105<\/b><\/span><\/span><\/span><span style=\"font-variant: normal;\"><span style=\"letter-spacing: normal;\"><span style=\"font-style: normal;\"><span style=\"font-weight: normal;\"><br \/>\n\u2013 w ka\u017cdym momencie, kiedy tylko do\u015bwiadczyli nieco trudno\u015bci na<br \/>\npustyni, zaraz si\u0119 buntowali i wygadywali jakie\u015b dziwne rzeczy, <\/span><\/span><\/span><\/span><span style=\"font-variant: normal;\"><span style=\"letter-spacing: normal;\"><span style=\"font-style: normal;\"><b>\u017ce<\/b><\/span><\/span><\/span><span style=\"font-variant: normal;\"><span style=\"letter-spacing: normal;\"><span style=\"font-style: normal;\"><b><br \/>\ntak dobrze by\u0142o <\/b><\/span><\/span><\/span><span style=\"font-variant: normal;\"><span style=\"letter-spacing: normal;\"><span style=\"font-style: normal;\"><b>im<br \/>\n<\/b><\/span><\/span><\/span><span style=\"font-variant: normal;\"><span style=\"letter-spacing: normal;\"><span style=\"font-style: normal;\"><b>w<br \/>\nEgipcie,<\/b><\/span><\/span><\/span><span style=\"font-variant: normal;\"><span style=\"letter-spacing: normal;\"><span style=\"font-style: normal;\"><span style=\"font-weight: normal;\"><br \/>\ngdzie i jedzenia mieli <\/span><\/span><\/span><\/span><span style=\"font-variant: normal;\"><span style=\"letter-spacing: normal;\"><span style=\"font-style: normal;\"><span style=\"font-weight: normal;\">podobno<br \/>\n<\/span><\/span><\/span><\/span><span style=\"font-variant: normal;\"><span style=\"letter-spacing: normal;\"><span style=\"font-style: normal;\"><span style=\"font-weight: normal;\">pod<br \/>\ndostatkiem, i wody do picia, i dach nad g\u0142ow\u0105 <\/span><\/span><\/span><\/span><span style=\"font-variant: normal;\"><span style=\"letter-spacing: normal;\"><span style=\"font-style: normal;\"><span style=\"font-weight: normal;\">mieli<\/span><\/span><\/span><\/span><span style=\"font-variant: normal;\"><span style=\"letter-spacing: normal;\"><span style=\"font-style: normal;\"><span style=\"font-weight: normal;\">\u2026<br \/>\nJakby zupe\u0142nie zapomnieli tych czterystu trzydziestu lat <\/span><\/span><\/span><\/span><span style=\"font-variant: normal;\"><span style=\"letter-spacing: normal;\"><span style=\"font-style: normal;\"><span style=\"font-weight: normal;\">niewoli<\/span><\/span><\/span><\/span><span style=\"font-variant: normal;\"><span style=\"letter-spacing: normal;\"><span style=\"font-style: normal;\"><span style=\"font-weight: normal;\">,<br \/>\nw czasie kt\u00f3rych byli <\/span><\/span><\/span><\/span><span style=\"font-variant: normal;\"><span style=\"letter-spacing: normal;\"><span style=\"font-style: normal;\"><b>poni\u017cani,<br \/>\ntraktowani gorzej, ni\u017c zwierz\u0119ta,<\/b><\/span><\/span><\/span><span style=\"font-variant: normal;\"><span style=\"letter-spacing: normal;\"><span style=\"font-style: normal;\"><span style=\"font-weight: normal;\"><br \/>\na do tego g\u0142odzeni, bici i zmuszani do nadludzkiej pracy, przy<br \/>\nkt\u00f3rej wielu ich zmar\u0142o\u2026 <\/span><\/span><\/span><\/span><\/span><\/span><br \/>\n<\/span><\/div>\n<div align=\"justify\" style=\"line-height: 150%; margin-bottom: 0cm; text-indent: 1.3cm;\">\n<span style=\"font-size: x-large;\"><span style=\"color: black;\"><span style=\"font-family: Book Antiqua, serif;\"><span style=\"font-variant: normal;\"><span style=\"letter-spacing: normal;\"><span style=\"font-style: normal;\"><b>Szybko<br \/>\no tym wszystkim zapominali,<\/b><\/span><\/span><\/span><span style=\"font-variant: normal;\"><span style=\"letter-spacing: normal;\"><span style=\"font-style: normal;\"><span style=\"font-weight: normal;\"><br \/>\nkiedy tylko pojawi\u0142a si\u0119 jakakolwiek trudno\u015b\u0107 na pustyni \u2013<br \/>\ntrudno\u015b\u0107, kt\u00f3r\u0105 B\u00f3g i tak rozwi\u0105za\u0142, bo wcze\u015bniej rozwi\u0105za\u0142<br \/>\n<\/span><\/span><\/span><\/span><span style=\"font-variant: normal;\"><span style=\"letter-spacing: normal;\"><span style=\"font-style: normal;\"><span style=\"font-weight: normal;\">ich<br \/>\n<\/span><\/span><\/span><\/span><span style=\"font-variant: normal;\"><span style=\"letter-spacing: normal;\"><span style=\"font-style: normal;\"><span style=\"font-weight: normal;\">wiele<br \/>\n<\/span><\/span><\/span><\/span><span style=\"font-variant: normal;\"><span style=\"letter-spacing: normal;\"><span style=\"font-style: normal;\"><span style=\"font-weight: normal;\">wi\u0119cej<\/span><\/span><\/span><\/span><span style=\"font-variant: normal;\"><span style=\"letter-spacing: normal;\"><span style=\"font-style: normal;\"><span style=\"font-weight: normal;\">,<br \/>\nwi\u0119c by\u0142o si\u0119 do czego odwo\u0142a\u0107. Nie, <\/span><\/span><\/span><\/span><span style=\"font-variant: normal;\"><span style=\"letter-spacing: normal;\"><span style=\"font-style: normal;\"><b>to<br \/>\nwszystko sz\u0142o jakby w niepami\u0119\u0107,<\/b><\/span><\/span><\/span><span style=\"font-variant: normal;\"><span style=\"letter-spacing: normal;\"><span style=\"font-style: normal;\"><span style=\"font-weight: normal;\"><br \/>\na zaczyna\u0142o si\u0119 biadolenie i wzdychanie za domem niewoli. <\/span><\/span><\/span><\/span><\/span><\/span><br \/>\n<\/span><\/div>\n<div align=\"justify\" style=\"line-height: 150%; margin-bottom: 0cm; text-indent: 1.3cm;\">\n<span style=\"font-size: x-large;\"><span style=\"color: black;\"><span style=\"font-family: Book Antiqua, serif;\"><span style=\"font-variant: normal;\"><span style=\"letter-spacing: normal;\"><span style=\"font-style: normal;\"><span style=\"font-weight: normal;\">Moi<br \/>\nDrodzy, to tylko pokazuje nam, \u017ce wolno\u015b\u0107 jest <\/span><\/span><\/span><\/span><span style=\"font-variant: normal;\"><span style=\"letter-spacing: normal;\"><span style=\"font-style: normal;\"><b>darem<br \/>\nnaprawd\u0119 wielkim i pi\u0119knym,<\/b><\/span><\/span><\/span><span style=\"font-variant: normal;\"><span style=\"letter-spacing: normal;\"><span style=\"font-style: normal;\"><span style=\"font-weight: normal;\"><br \/>\nale te\u017c \u2013 i to musimy sobie jasno powiedzie\u0107 \u2013 <\/span><\/span><\/span><\/span><span style=\"font-variant: normal;\"><span style=\"letter-spacing: normal;\"><span style=\"font-style: normal;\"><b>darem<br \/>\ntrudnym.<\/b><\/span><\/span><\/span><span style=\"font-variant: normal;\"><span style=\"letter-spacing: normal;\"><span style=\"font-style: normal;\"><span style=\"font-weight: normal;\"><br \/>\nJest ona znakiem <\/span><\/span><\/span><\/span><span style=\"font-variant: normal;\"><span style=\"letter-spacing: normal;\"><span style=\"font-style: normal;\"><b>totalnej<br \/>\nnowo\u015bci,<\/b><\/span><\/span><\/span><span style=\"font-variant: normal;\"><span style=\"letter-spacing: normal;\"><span style=\"font-style: normal;\"><span style=\"font-weight: normal;\"><br \/>\nto prawda, ale wi\u0105\u017ce si\u0119 z pewnymi wyrzeczeniami, a nade wszystko<br \/>\n\u2013 <\/span><\/span><\/span><\/span><span style=\"font-variant: normal;\"><span style=\"letter-spacing: normal;\"><span style=\"font-style: normal;\"><b>z<br \/>\nodpowiedzialno\u015bci\u0105<\/b><\/span><\/span><\/span><span style=\"font-variant: normal;\"><span style=\"letter-spacing: normal;\"><span style=\"font-style: normal;\"><span style=\"font-weight: normal;\"><br \/>\nza ka\u017cde swoje s\u0142owo i ka\u017cdy sw\u00f3j czyn. Niewolnik nie ponosi by\u0107<br \/>\nmo\u017ce takiej odpowiedzialno\u015bci, skoro o ka\u017cdej chwili <\/span><\/span><\/span><\/span><span style=\"font-variant: normal;\"><span style=\"letter-spacing: normal;\"><span style=\"font-style: normal;\"><span style=\"font-weight: normal;\">swego<\/span><\/span><\/span><\/span><span style=\"font-variant: normal;\"><span style=\"letter-spacing: normal;\"><span style=\"font-style: normal;\"><span style=\"font-weight: normal;\"><br \/>\n\u017cycia <\/span><\/span><\/span><\/span><span style=\"font-variant: normal;\"><span style=\"letter-spacing: normal;\"><span style=\"font-style: normal;\"><b>decyduje<br \/>\n<\/b><\/span><\/span><\/span><span style=\"font-variant: normal;\"><span style=\"letter-spacing: normal;\"><span style=\"font-style: normal;\"><b>jego<br \/>\n<\/b><\/span><\/span><\/span><span style=\"font-variant: normal;\"><span style=\"letter-spacing: normal;\"><span style=\"font-style: normal;\"><b>pan<\/b><\/span><\/span><\/span><span style=\"font-variant: normal;\"><span style=\"letter-spacing: normal;\"><span style=\"font-style: normal;\"><span style=\"font-weight: normal;\"><br \/>\n\u2013 \u017ceby nie powiedzie\u0107: w\u0142a\u015bciciel. <\/span><\/span><\/span><\/span><span style=\"font-variant: normal;\"><span style=\"letter-spacing: normal;\"><span style=\"font-style: normal;\"><b>Cz\u0142owiek<br \/>\nwolny decyduje o sobie sam,<\/b><\/span><\/span><\/span><span style=\"font-variant: normal;\"><span style=\"letter-spacing: normal;\"><span style=\"font-style: normal;\"><span style=\"font-weight: normal;\"><br \/>\nale te\u017c sam ponosi odpowiedzialno\u015b\u0107 za swoje s\u0142owa i czyny, za<br \/>\nswoje postanowienia <\/span><\/span><\/span><\/span><span style=\"font-variant: normal;\"><span style=\"letter-spacing: normal;\"><span style=\"font-style: normal;\"><span style=\"font-weight: normal;\">i<\/span><\/span><\/span><\/span><span style=\"font-variant: normal;\"><span style=\"letter-spacing: normal;\"><span style=\"font-style: normal;\"><span style=\"font-weight: normal;\"><br \/>\nwybory. <\/span><\/span><\/span><\/span><span style=\"font-variant: normal;\"><span style=\"letter-spacing: normal;\"><span style=\"font-style: normal;\"><span style=\"font-weight: normal;\">A<br \/>\nto jest trudne. <\/span><\/span><\/span><\/span><\/span><\/span><br \/>\n<\/span><\/div>\n<div align=\"justify\" style=\"line-height: 150%; margin-bottom: 0cm; text-indent: 1.3cm;\">\n<span style=\"font-size: x-large;\"><span style=\"color: black;\"><span style=\"font-family: Book Antiqua, serif;\"><span style=\"font-variant: normal;\"><span style=\"letter-spacing: normal;\"><span style=\"font-style: normal;\"><span style=\"font-weight: normal;\">Przekona\u0142<br \/>\nsi\u0119 o tym nar\u00f3d wybrany wielokrotnie\u2026 <\/span><\/span><\/span><\/span><span style=\"font-variant: normal;\"><span style=\"letter-spacing: normal;\"><span style=\"font-style: normal;\"><span style=\"font-weight: normal;\">Przekona\u0142<br \/>\nsi\u0119, \u017ce<\/span><\/span><\/span><\/span><span style=\"font-variant: normal;\"><span style=\"letter-spacing: normal;\"><span style=\"font-style: normal;\"><span style=\"font-weight: normal;\"><br \/>\n<\/span><\/span><\/span><\/span><span style=\"font-variant: normal;\"><span style=\"letter-spacing: normal;\"><span style=\"font-style: normal;\"><b>w<\/b><\/span><\/span><\/span><span style=\"font-variant: normal;\"><span style=\"letter-spacing: normal;\"><span style=\"font-style: normal;\"><b>olno\u015b\u0107<br \/>\njest trudna. <\/b><\/span><\/span><\/span><span style=\"font-variant: normal;\"><span style=\"letter-spacing: normal;\"><span style=\"font-style: normal;\"><b>I<br \/>\nn<\/b><\/span><\/span><\/span><span style=\"font-variant: normal;\"><span style=\"letter-spacing: normal;\"><span style=\"font-style: normal;\"><b>owo\u015b\u0107<br \/>\njest trudna.<\/b><\/span><\/span><\/span><span style=\"font-variant: normal;\"><span style=\"letter-spacing: normal;\"><span style=\"font-style: normal;\"><span style=\"font-weight: normal;\"><br \/>\n\u0141atwiej \u017cy\u0107 w tym, co stare, oklepane, tapla\u0107 si\u0119 w takim swoim<br \/>\n<\/span><\/span><\/span><\/span><span style=\"font-variant: normal;\"><span style=\"letter-spacing: normal;\"><span style=\"font-style: normal;\"><b>w\u0142asnym<br \/>\nb\u0142otku,<\/b><\/span><\/span><\/span><span style=\"font-variant: normal;\"><span style=\"letter-spacing: normal;\"><span style=\"font-style: normal;\"><span style=\"font-weight: normal;\"><br \/>\ndo kt\u00f3rego si\u0119 jest przyzwyczajonym\u2026 A tu tymczasem \u2013 <\/span><\/span><\/span><\/span><span style=\"font-variant: normal;\"><span style=\"letter-spacing: normal;\"><span style=\"font-style: normal;\"><b>powiew<br \/>\n\u015bwie\u017co\u015bci, nowo\u015bci, jakie\u015b nowe tchnienie! <\/b><\/span><\/span><\/span><span style=\"font-variant: normal;\"><span style=\"letter-spacing: normal;\"><span style=\"font-style: normal;\"><span style=\"font-weight: normal;\">Trzeba<br \/>\notworzy\u0107 okna i przewietrzy\u0107 ca\u0142\u0105 t\u0119 st\u0119chlizn\u0119 starych<br \/>\nprzyzwyczaje\u0144, starych sposob\u00f3w my\u015blenia, m\u00f3wienia i dzia\u0142ania.<br \/>\n<\/span><\/span><\/span><\/span><span style=\"font-variant: normal;\"><span style=\"letter-spacing: normal;\"><span style=\"font-style: normal;\"><span style=\"font-weight: normal;\">To<br \/>\n<\/span><\/span><\/span><\/span><span style=\"font-variant: normal;\"><span style=\"letter-spacing: normal;\"><span style=\"font-style: normal;\"><span style=\"font-weight: normal;\">jednak<br \/>\n<\/span><\/span><\/span><\/span><span style=\"font-variant: normal;\"><span style=\"letter-spacing: normal;\"><span style=\"font-style: normal;\"><span style=\"font-weight: normal;\">wymaga<br \/>\ntroch\u0119 wysi\u0142ku. Mo\u017ce nawet nie troch\u0119\u2026 <\/span><\/span><\/span><\/span><\/span><\/span><br \/>\n<\/span><\/div>\n<div align=\"justify\" style=\"line-height: 150%; margin-bottom: 0cm; text-indent: 1.3cm;\">\n<span style=\"font-size: x-large;\"><span style=\"color: black;\"><span style=\"font-family: Book Antiqua, serif;\"><span style=\"font-variant: normal;\"><span style=\"letter-spacing: normal;\"><span style=\"font-style: normal;\"><span style=\"font-weight: normal;\">Przekona\u0142<br \/>\nsi\u0119 o tym \u2013 <\/span><\/span><\/span><\/span><span style=\"font-variant: normal;\"><span style=\"letter-spacing: normal;\"><span style=\"font-style: normal;\"><span style=\"font-weight: normal;\">jako<br \/>\nrzekli\u015bmy \u2013 <\/span><\/span><\/span><\/span><span style=\"font-variant: normal;\"><span style=\"letter-spacing: normal;\"><span style=\"font-style: normal;\"><span style=\"font-weight: normal;\">nar\u00f3d<br \/>\nwybrany, nar\u00f3d izraelski. I przekona\u0142 si\u0119 o tym \u2013 dodajmy tak na<br \/>\nmarginesie \u2013 <\/span><\/span><\/span><\/span><span style=\"font-variant: normal;\"><span style=\"letter-spacing: normal;\"><span style=\"font-style: normal;\"><b>tak\u017ce<br \/>\nnar\u00f3d polski.<\/b><\/span><\/span><\/span><span style=\"font-variant: normal;\"><span style=\"letter-spacing: normal;\"><span style=\"font-style: normal;\"><span style=\"font-weight: normal;\"><br \/>\nZobaczmy, jak\u0105 jedno\u015bci\u0105 byli\u015bmy pod zaborami, czy pod panowaniem<br \/>\nsystemu komunistycznego, a jak bardzo <\/span><\/span><\/span><\/span><span style=\"font-variant: normal;\"><span style=\"letter-spacing: normal;\"><span style=\"font-style: normal;\"><b>nie<br \/>\npotrafimy by\u0107 wolnymi <\/b><\/span><\/span><\/span><span style=\"font-variant: normal;\"><span style=\"letter-spacing: normal;\"><span style=\"font-style: normal;\"><span style=\"font-weight: normal;\">\u2013<br \/>\njak si\u0119 ci\u0105gle k\u0142\u00f3cimy, jak jeste\u015bmy podzieleni, jak ju\u017c i <\/span><\/span><\/span><\/span><span style=\"font-variant: normal;\"><span style=\"letter-spacing: normal;\"><span style=\"font-style: normal;\"><b>B\u00f3g<br \/>\njest nam mniej potrzebny,<\/b><\/span><\/span><\/span><span style=\"font-variant: normal;\"><span style=\"letter-spacing: normal;\"><span style=\"font-style: normal;\"><span style=\"font-weight: normal;\"><br \/>\ni Ko\u015bci\u00f3\u0142 jakby mniej potrzebny, ni\u017c wtedy, gdy w\u0142a\u015bnie w<br \/>\n\u015bwi\u0105tyniach gromadzili\u015bmy si\u0119, by modli\u0107 si\u0119 o wyzwolenie ze<br \/>\nzniewolenia komunistycznego. <\/span><\/span><\/span><\/span><\/span><\/span><br \/>\n<\/span><\/div>\n<div align=\"justify\" style=\"line-height: 150%; margin-bottom: 0cm; text-indent: 1.3cm;\">\n<span style=\"font-size: x-large;\"><span style=\"color: black;\"><span style=\"font-family: Book Antiqua, serif;\"><span style=\"font-variant: normal;\"><span style=\"letter-spacing: normal;\"><span style=\"font-style: normal;\"><span style=\"font-weight: normal;\">Nagle<br \/>\nsi\u0119 okaza\u0142o, \u017ce i <\/span><\/span><\/span><\/span><span style=\"font-variant: normal;\"><span style=\"letter-spacing: normal;\"><span style=\"font-style: normal;\"><b>Papie\u017c<br \/>\nJan Pawe\u0142 II nie jest nam potrzebny, <\/b><\/span><\/span><\/span><span style=\"font-variant: normal;\"><span style=\"letter-spacing: normal;\"><span style=\"font-style: normal;\"><span style=\"font-weight: normal;\">a<br \/>\ndzisiaj to nawet wielu krytykuje go i domaga si\u0119 odwo\u0142ania<br \/>\nkanonizacji, bo przecie\u017c rzekomo os\u0142ania\u0142 z\u0142e zachowania<br \/>\nduchowie\u0144stwa. Kto by jeszcze kilka lat temu pomy\u015bla\u0142, moi Drodzy,<br \/>\n<\/span><\/span><\/span><\/span><span style=\"font-variant: normal;\"><span style=\"letter-spacing: normal;\"><span style=\"font-style: normal;\"><b>\u017ce<br \/>\nmo\u017cna krytykowa\u0107 Jana Paw\u0142a II!<\/b><\/span><\/span><\/span><span style=\"font-variant: normal;\"><span style=\"letter-spacing: normal;\"><span style=\"font-style: normal;\"><span style=\"font-weight: normal;\"><br \/>\nTo by\u0142 niekwestionowany autorytet! I dla wielu na szcz\u0119\u015bcie nadal<br \/>\njest. Ale \u2013 niestety \u2013 nagle pojawili si\u0119 ci, kt\u00f3rzy o\u015bmielaj\u0105<br \/>\nsi\u0119 wprost go <\/span><\/span><\/span><\/span><span style=\"font-variant: normal;\"><span style=\"letter-spacing: normal;\"><span style=\"font-style: normal;\"><b>bezpodstawnie<br \/>\n<\/b><\/span><\/span><\/span><span style=\"font-variant: normal;\"><span style=\"letter-spacing: normal;\"><span style=\"font-style: normal;\"><b>krytykowa\u0107,<br \/>\n<\/b><\/span><\/span><\/span><span style=\"font-variant: normal;\"><span style=\"letter-spacing: normal;\"><span style=\"font-style: normal;\"><b>fa\u0142szywie<br \/>\noskar\u017ca\u0107,<\/b><\/span><\/span><\/span><span style=\"font-variant: normal;\"><span style=\"letter-spacing: normal;\"><span style=\"font-style: normal;\"><span style=\"font-weight: normal;\"><br \/>\na nawet domaga\u0107 si\u0119 odwo\u0142ania jego kanonizacji! I w og\u00f3le \u2013<br \/>\ntyle nierozs\u0105dnych s\u0142\u00f3w na jego temat wypowiada\u0107\u2026 <\/span><\/span><\/span><\/span><\/span><\/span><br \/>\n<\/span><\/div>\n<div align=\"justify\" style=\"line-height: 150%; margin-bottom: 0cm; text-indent: 1.3cm;\">\n<span style=\"font-size: x-large;\"><span style=\"color: black;\"><span style=\"font-family: Book Antiqua, serif;\"><span style=\"font-variant: normal;\"><span style=\"letter-spacing: normal;\"><span style=\"font-style: normal;\"><span style=\"font-weight: normal;\">Ale<br \/>\ni na temat Pana Boga, Ko\u015bcio\u0142a, zasad naszej wiary\u2026 Mo\u017cna<br \/>\nodnie\u015b\u0107 wra\u017cenie, \u017ce dla niekt\u00f3rych ludzi, naszych rodak\u00f3w \u2013<br \/>\na czasami nawet naszych bliskich \u2013 <\/span><\/span><\/span><\/span><span style=\"font-variant: normal;\"><span style=\"letter-spacing: normal;\"><span style=\"font-style: normal;\"><b>nie<br \/>\nma <\/b><\/span><\/span><\/span><span style=\"font-variant: normal;\"><span style=\"letter-spacing: normal;\"><span style=\"font-style: normal;\"><b>ju\u017c<br \/>\n<\/b><\/span><\/span><\/span><span style=\"font-variant: normal;\"><span style=\"letter-spacing: normal;\"><span style=\"font-style: normal;\"><b>\u017cadnej<br \/>\n\u015bwi\u0119to\u015bci!<\/b><\/span><\/span><\/span><span style=\"font-variant: normal;\"><span style=\"letter-spacing: normal;\"><span style=\"font-style: normal;\"><span style=\"font-weight: normal;\"><br \/>\nCzy\u017cby zatem ta wolno\u015b\u0107, ta nowo\u015b\u0107, tak du\u017co kosztowa\u0142a, \u017ce<br \/>\nnie jeste\u015bmy w stanie <\/span><\/span><\/span><\/span><span style=\"font-variant: normal;\"><span style=\"letter-spacing: normal;\"><span style=\"font-style: normal;\"><b>ud\u017awign\u0105\u0107<br \/>\njej warto\u015bci i wielko\u015bci, jej ci\u0119\u017caru?\u2026 <\/b><\/span><\/span><\/span><span style=\"font-variant: normal;\"><span style=\"letter-spacing: normal;\"><span style=\"font-style: normal;\"><span style=\"font-weight: normal;\"><br \/>\nCzy <\/span><\/span><\/span><\/span><span style=\"font-variant: normal;\"><span style=\"letter-spacing: normal;\"><span style=\"font-style: normal;\"><span style=\"font-weight: normal;\">wi\u0119c,<br \/>\nby\u0107 mo\u017ce<\/span><\/span><\/span><\/span><span style=\"font-variant: normal;\"><span style=\"letter-spacing: normal;\"><span style=\"font-style: normal;\"><span style=\"font-weight: normal;\"><br \/>\n\u2013 a\u017c boj\u0119 si\u0119 to powiedzie\u0107 \u2013 potrzeba nam znowu <\/span><\/span><\/span><\/span><span style=\"font-variant: normal;\"><span style=\"letter-spacing: normal;\"><span style=\"font-style: normal;\"><b>jakiego\u015b<br \/>\nprze\u015bladowania i zniewolenia,<\/b><\/span><\/span><\/span><span style=\"font-variant: normal;\"><span style=\"letter-spacing: normal;\"><span style=\"font-style: normal;\"><span style=\"font-weight: normal;\"><br \/>\n\u017ceby\u015bmy si\u0119 <\/span><\/span><\/span><\/span><span style=\"font-variant: normal;\"><span style=\"letter-spacing: normal;\"><span style=\"font-style: normal;\"><span style=\"font-weight: normal;\">wreszcie<br \/>\n<\/span><\/span><\/span><\/span><span style=\"font-variant: normal;\"><span style=\"letter-spacing: normal;\"><span style=\"font-style: normal;\"><b>ponownie<\/b><\/span><\/span><\/span><span style=\"font-variant: normal;\"><span style=\"letter-spacing: normal;\"><span style=\"font-style: normal;\"><b><br \/>\nzjednoczyli<\/b><\/span><\/span><\/span><span style=\"font-variant: normal;\"><span style=\"letter-spacing: normal;\"><span style=\"font-style: normal;\"><span style=\"font-weight: normal;\"><br \/>\n\u2013 <\/span><\/span><\/span><\/span><span style=\"font-variant: normal;\"><span style=\"letter-spacing: normal;\"><span style=\"font-style: normal;\"><span style=\"font-weight: normal;\">zjednoczyli<br \/>\n<\/span><\/span><\/span><\/span><span style=\"font-variant: normal;\"><span style=\"letter-spacing: normal;\"><span style=\"font-style: normal;\"><span style=\"font-weight: normal;\">pomi\u0119dzy<br \/>\nsob\u0105, a nade wszystko z Bogiem? <\/span><\/span><\/span><\/span><\/span><\/span><br \/>\n<\/span><\/div>\n<div align=\"justify\" style=\"line-height: 150%; margin-bottom: 0cm; text-indent: 1.3cm;\">\n<span style=\"font-size: x-large;\"><span style=\"color: black;\"><span style=\"font-family: Book Antiqua, serif;\"><span style=\"font-variant: normal;\"><span style=\"letter-spacing: normal;\"><span style=\"font-style: normal;\"><b>Niech<br \/>\nB\u00f3g broni,<\/b><\/span><\/span><\/span><span style=\"font-variant: normal;\"><span style=\"letter-spacing: normal;\"><span style=\"font-style: normal;\"><span style=\"font-weight: normal;\"><br \/>\nby tak si\u0119 mia\u0142o sta\u0107! Ale jest jaki\u015b problem z naszym<br \/>\nprze\u017cywaniem wolno\u015bci. <\/span><\/span><\/span><\/span><span style=\"font-variant: normal;\"><span style=\"letter-spacing: normal;\"><span style=\"font-style: normal;\"><b>I<br \/>\nJan Pawe\u0142 II przed tym przestrzega\u0142 \u2013 jakby to przeczuwa\u0142.<\/b><\/span><\/span><\/span><span style=\"font-variant: normal;\"><span style=\"letter-spacing: normal;\"><span style=\"font-style: normal;\"><span style=\"font-weight: normal;\"><br \/>\nMo\u017ce dlatego dzisiaj tak wielu na niego nastaje? M\u00f3wi\u0142 nam \u2013 ju\u017c<br \/>\nw czasie pierwszej pielgrzymki do Ojczyzny, a potem tak\u017ce w trakcie<br \/>\nnast\u0119pnych \u2013 \u017ce <\/span><\/span><\/span><\/span><span style=\"font-variant: normal;\"><span style=\"letter-spacing: normal;\"><span style=\"font-style: normal;\"><b>nie<br \/>\nwystarczy odzyska\u0107 wolno\u015b<\/b><\/span><\/span><\/span><span style=\"font-variant: normal;\"><span style=\"letter-spacing: normal;\"><span style=\"font-style: normal;\"><b>\u0107<\/b><\/span><\/span><\/span><span style=\"font-variant: normal;\"><span style=\"letter-spacing: normal;\"><span style=\"font-style: normal;\"><span style=\"font-weight: normal;\"><br \/>\nTo niew\u0105tpliwie wielki dar i wielkie osi\u0105gni\u0119cie, ale to nie<br \/>\nwystarczy. <\/span><\/span><\/span><\/span><span style=\"font-variant: normal;\"><span style=\"letter-spacing: normal;\"><span style=\"font-style: normal;\"><b>Nie<br \/>\nwystarczy wolno\u015b\u0107 mie\u0107<\/b><\/span><\/span><\/span><span style=\"font-variant: normal;\"><span style=\"letter-spacing: normal;\"><span style=\"font-style: normal;\"><span style=\"font-weight: normal;\"><br \/>\ni tylko si\u0119 ni\u0105 cieszy\u0107. Wolno\u015b\u0107 trzeba jeszcze <\/span><\/span><\/span><\/span><span style=\"font-variant: normal;\"><span style=\"letter-spacing: normal;\"><span style=\"font-style: normal;\"><b>m\u0105drze<br \/>\nzagospodarowa\u0107,<\/b><\/span><\/span><\/span><span style=\"font-variant: normal;\"><span style=\"letter-spacing: normal;\"><span style=\"font-style: normal;\"><span style=\"font-weight: normal;\"><br \/>\nm\u0105drze j\u0105 wykorzysta\u0107! <\/span><\/span><\/span><\/span><span style=\"font-variant: normal;\"><span style=\"letter-spacing: normal;\"><span style=\"font-style: normal;\"><span style=\"font-weight: normal;\">I<br \/>\ndzisiaj widzimy, <\/span><\/span><\/span><\/span><span style=\"font-variant: normal;\"><span style=\"letter-spacing: normal;\"><span style=\"font-style: normal;\"><b>jak<br \/>\nprorocze by\u0142y jego s\u0142owa<\/b><\/span><\/span><\/span><span style=\"font-variant: normal;\"><span style=\"letter-spacing: normal;\"><span style=\"font-style: normal;\"><span style=\"font-weight: normal;\"><br \/>\n\u2013 jakie mamy z tym problemy. <\/span><\/span><\/span><\/span><\/span><\/span><br \/>\n<\/span><\/div>\n<div align=\"justify\" style=\"line-height: 150%; margin-bottom: 0cm; text-indent: 1.3cm;\">\n<span style=\"color: black;\"><span style=\"font-family: Book Antiqua, serif;\"><span style=\"font-size: x-large;\"><span style=\"font-variant: normal;\"><span style=\"letter-spacing: normal;\"><span style=\"font-style: normal;\"><span style=\"font-weight: normal;\">I<br \/>\nto <\/span><\/span><\/span><\/span><span style=\"font-variant: normal;\"><span style=\"letter-spacing: normal;\"><span style=\"font-style: normal;\"><span style=\"font-weight: normal;\">nie<br \/>\ntylko w sferze spo\u0142ecznej, politycznej czy \u2013 powiedzieliby\u015bmy \u2013<br \/>\nhistorycznej wolno\u015b\u0107 jest du\u017cym wyzwaniem i <\/span><\/span><\/span><\/span><span style=\"font-variant: normal;\"><span style=\"letter-spacing: normal;\"><span style=\"font-style: normal;\"><span style=\"font-weight: normal;\">wszystko<\/span><\/span><\/span><\/span><span style=\"font-variant: normal;\"><span style=\"letter-spacing: normal;\"><span style=\"font-style: normal;\"><span style=\"font-weight: normal;\"><br \/>\nco, nowe, <\/span><\/span><\/span><\/span><span style=\"font-variant: normal;\"><span style=\"letter-spacing: normal;\"><span style=\"font-style: normal;\"><span style=\"font-weight: normal;\">tak<br \/>\ndu\u017co <\/span><\/span><\/span><\/span><span style=\"font-variant: normal;\"><span style=\"letter-spacing: normal;\"><span style=\"font-style: normal;\"><span style=\"font-weight: normal;\">kosztuje.<br \/>\n<\/span><\/span><\/span><\/span><span style=\"font-variant: normal;\"><span style=\"letter-spacing: normal;\"><span style=\"font-style: normal;\"><b>Tak\u017ce<br \/>\nw naszej chrze\u015bcija\u0144skiej codzienno\u015bci, <\/b><\/span><\/span><\/span><span style=\"font-variant: normal;\"><span style=\"letter-spacing: normal;\"><span style=\"font-style: normal;\"><span style=\"font-weight: normal;\">w<br \/>\ntych najbardziej zwyczajnych okoliczno\u015bciach naszego \u017cycia widzimy,<br \/>\njak trudno nam si\u0119 pozby\u0107 tego, co mo\u017ce i stare, <\/span><\/span><\/span><\/span><span style=\"font-variant: normal;\"><span style=\"letter-spacing: normal;\"><span style=\"font-style: normal;\"><span style=\"font-weight: normal;\">st\u0119ch\u0142e<br \/>\ni byle jakie,<\/span><\/span><\/span><\/span><span style=\"font-variant: normal;\"><span style=\"letter-spacing: normal;\"><span style=\"font-style: normal;\"><span style=\"font-weight: normal;\"><br \/>\nale do czego przyzwyczaili\u015bmy si\u0119 \u2013 <\/span><\/span><\/span><\/span><span style=\"font-variant: normal;\"><span style=\"letter-spacing: normal;\"><span style=\"font-style: normal;\"><span style=\"font-weight: normal;\">jak<br \/>\ntrudno nam si\u0119 tego pozby\u0107 <\/span><\/span><\/span><\/span><span style=\"font-variant: normal;\"><span style=\"letter-spacing: normal;\"><span style=\"font-style: normal;\"><b>i<br \/>\nwyb<\/b><\/span><\/span><\/span><span style=\"font-variant: normal;\"><span style=\"letter-spacing: normal;\"><span style=\"font-style: normal;\"><b>ra\u0107<br \/>\nto<\/b><\/span><\/span><\/span><span style=\"font-variant: normal;\"><span style=\"letter-spacing: normal;\"><span style=\"font-style: normal;\"><b>,<br \/>\nco nowe.<\/b><\/span><\/span><\/span><\/span><\/span><\/span><\/div>\n<div align=\"justify\" style=\"line-height: 150%; margin-bottom: 0cm; text-indent: 1.3cm;\">\n<span style=\"font-size: x-large;\"><span style=\"color: black;\"><span style=\"font-family: Book Antiqua, serif;\"><span style=\"font-variant: normal;\"><span style=\"letter-spacing: normal;\"><span style=\"font-style: normal;\"><span style=\"font-weight: normal;\">Dlatego<br \/>\nwarto pos\u0142ucha\u0107 odwa\u017cnych s\u0142\u00f3w \u015awi\u0119tego Paw\u0142a Aposto\u0142a,<br \/>\nkt\u00f3ry do swoich uczni\u00f3w Filipian, ale i do nas m\u00f3wi w drugim<br \/>\nczytaniu: <\/span><\/span><\/span><\/span><span style=\"font-variant: normal;\"><span style=\"letter-spacing: normal;\"><i><b>Wszystko<br \/>\nuznaj\u0119 za strat\u0119 ze wzgl\u0119du na najwy\u017csz\u0105 warto\u015b\u0107 poznania<br \/>\nChrystusa Jezusa, Pana mojego. Dla Niego wyzu\u0142em si\u0119 ze wszystkiego<br \/>\ni uznaj\u0119 to za \u015bmieci, bylebym pozyska\u0142 Chrystusa i znalaz\u0142 si\u0119<br \/>\nw Nim\u2026<\/b><\/i><\/span><\/span><span style=\"font-variant: normal;\"><span style=\"letter-spacing: normal;\"><span style=\"font-style: normal;\"><b><br \/>\n<\/b><\/span><\/span><\/span><span style=\"font-variant: normal;\"><span style=\"letter-spacing: normal;\"><span style=\"font-style: normal;\"><span style=\"font-weight: normal;\">A<br \/>\nw ostatnich zdaniach tego<\/span><\/span><\/span><\/span><span style=\"font-variant: normal;\"><span style=\"letter-spacing: normal;\"><span style=\"font-style: normal;\"><span style=\"font-weight: normal;\">\u017c<\/span><\/span><\/span><\/span><span style=\"font-variant: normal;\"><span style=\"letter-spacing: normal;\"><span style=\"font-style: normal;\"><span style=\"font-weight: normal;\"><br \/>\nczytania stwierdza: <\/span><\/span><\/span><\/span><span style=\"font-variant: normal;\"><span style=\"letter-spacing: normal;\"><i><b>Bracia,<br \/>\nja nie s\u0105dz\u0119 o sobie samym, \u017ce ju\u017c pochwyci\u0142em, ale to jedno<br \/>\nczyni\u0119: zapominaj\u0105c o tym, co za mn\u0105, a wyt\u0119\u017caj\u0105c si\u0142y ku<br \/>\ntemu, co przede mn\u0105, p\u0119dz\u0119 ku wyznaczonej mecie, ku nagrodzie, do<br \/>\njakiej B\u00f3g wzywa w g\u00f3r\u0119 w Chrystusie Jezusie.<\/b><\/i><\/span><\/span><span style=\"font-variant: normal;\"><span style=\"letter-spacing: normal;\"><span style=\"font-style: normal;\"><span style=\"font-weight: normal;\"><br \/>\n<\/span><\/span><\/span><\/span><\/span><\/span><br \/>\n<\/span><\/div>\n<div align=\"justify\" style=\"line-height: 150%; margin-bottom: 0cm; text-indent: 1.3cm;\">\n<span style=\"font-size: x-large;\"><span style=\"color: black;\"><span style=\"font-family: Book Antiqua, serif;\"><span style=\"font-variant: normal;\"><span style=\"letter-spacing: normal;\"><span style=\"font-style: normal;\"><span style=\"font-weight: normal;\">W\u0142a\u015bnie,<br \/>\nzapominaj\u0105c o tym, co ju\u017c by\u0142o, co pozostawi\u0142 za sob\u0105, a wr\u0119cz<br \/>\nuznaj\u0105c to <\/span><\/span><\/span><\/span><span style=\"font-variant: normal;\"><span style=\"letter-spacing: normal;\"><span style=\"font-style: normal;\"><b>za<br \/>\nstrat\u0119, za \u015bmieci, za niepotrzebny balast<\/b><\/span><\/span><\/span><span style=\"font-variant: normal;\"><span style=\"letter-spacing: normal;\"><span style=\"font-style: normal;\"><span style=\"font-weight: normal;\"><br \/>\n\u2013 zwraca swoje serce ku Jezusowi, od kt\u00f3rego spodziewa si\u0119<br \/>\nwiecznej nagrody. <\/span><\/span><\/span><\/span><\/span><\/span><br \/>\n<\/span><\/div>\n<div align=\"justify\" style=\"line-height: 150%; margin-bottom: 0cm; text-indent: 1.3cm;\">\n<span style=\"font-size: x-large;\"><span style=\"color: black;\"><span style=\"font-family: Book Antiqua, serif;\"><span style=\"font-variant: normal;\"><span style=\"letter-spacing: normal;\"><span style=\"font-style: normal;\"><span style=\"font-weight: normal;\">Skoro<br \/>\nzatem to wszystko, co by\u0142o przedtem, ale nie by\u0142o zwi\u0105zane z<br \/>\nJezusem, uznaje za sprawy tak przestarza\u0142e, \u017ce wr\u0119cz warte<br \/>\nwyrzeczenia, przeto daje nam jasno do zrozumienia, \u017ce <\/span><\/span><\/span><\/span><span style=\"font-variant: normal;\"><span style=\"letter-spacing: normal;\"><span style=\"font-style: normal;\"><b>Chrystus<br \/>\nprzynosi ze sob\u0105 nowo\u015b\u0107.<\/b><\/span><\/span><\/span><span style=\"font-variant: normal;\"><span style=\"letter-spacing: normal;\"><span style=\"font-style: normal;\"><span style=\"font-weight: normal;\"><br \/>\n<\/span><\/span><\/span><\/span><span style=\"font-variant: normal;\"><span style=\"letter-spacing: normal;\"><span style=\"font-style: normal;\"><b>On<br \/>\nsam jest to absolutn\u0105 Nowo\u015bci\u0105.<\/b><\/span><\/span><\/span><span style=\"font-variant: normal;\"><span style=\"letter-spacing: normal;\"><span style=\"font-style: normal;\"><span style=\"font-weight: normal;\"><br \/>\nDlatego Ewangeli\u0119, kt\u00f3r\u0105 On sam, <\/span><\/span><\/span><\/span><span style=\"font-variant: normal;\"><span style=\"letter-spacing: normal;\"><span style=\"font-style: normal;\"><span style=\"font-weight: normal;\">Jezus<br \/>\nChrystus,<\/span><\/span><\/span><\/span><span style=\"font-variant: normal;\"><span style=\"letter-spacing: normal;\"><span style=\"font-style: normal;\"><span style=\"font-weight: normal;\"><br \/>\ng\u0142osi\u0142, a kt\u00f3r\u0105 dzisiaj g\u0142osi <\/span><\/span><\/span><\/span><span style=\"font-variant: normal;\"><span style=\"letter-spacing: normal;\"><span style=\"font-style: normal;\"><span style=\"font-weight: normal;\">Jego<br \/>\n<\/span><\/span><\/span><\/span><span style=\"font-variant: normal;\"><span style=\"letter-spacing: normal;\"><span style=\"font-style: normal;\"><span style=\"font-weight: normal;\">Ko\u015bci\u00f3\u0142,<br \/>\nzwykli\u015bmy nazywa\u0107 \u2013 no, w\u0142a\u015bnie \u2013 <\/span><\/span><\/span><\/span><span style=\"font-variant: normal;\"><span style=\"letter-spacing: normal;\"><span style=\"font-style: normal;\"><b>Dobr\u0105<br \/>\nNowin\u0105! <\/b><\/span><\/span><\/span><span style=\"font-variant: normal;\"><span style=\"letter-spacing: normal;\"><span style=\"font-style: normal;\"><span style=\"font-weight: normal;\">To<br \/>\njest wie\u015b\u0107 <\/span><\/span><\/span><\/span><span style=\"font-variant: normal;\"><span style=\"letter-spacing: normal;\"><span style=\"font-style: normal;\"><b>absolutnie<br \/>\nnowa<\/b><\/span><\/span><\/span><span style=\"font-variant: normal;\"><span style=\"letter-spacing: normal;\"><span style=\"font-style: normal;\"><span style=\"font-weight: normal;\"><br \/>\n<\/span><\/span><\/span><\/span><span style=\"font-variant: normal;\"><span style=\"letter-spacing: normal;\"><span style=\"font-style: normal;\"><span style=\"font-weight: normal;\">i<br \/>\nmocno poruszaj\u0105ca serca,<\/span><\/span><\/span><\/span><span style=\"font-variant: normal;\"><span style=\"letter-spacing: normal;\"><span style=\"font-style: normal;\"><span style=\"font-weight: normal;\"><br \/>\n\u017ce Chrystus <\/span><\/span><\/span><\/span><span style=\"font-variant: normal;\"><span style=\"letter-spacing: normal;\"><span style=\"font-style: normal;\"><span style=\"font-weight: normal;\">jest<br \/>\nnaszym Panem, Bratem i Zbawicielem, \u017ce <\/span><\/span><\/span><\/span><span style=\"font-variant: normal;\"><span style=\"letter-spacing: normal;\"><span style=\"font-style: normal;\"><b>przyszed\u0142<br \/>\nnas zbawi\u0107, da\u0107 nam wszystkim szcz\u0119\u015bcie wieczne!<\/b><\/span><\/span><\/span><span style=\"font-variant: normal;\"><span style=\"letter-spacing: normal;\"><span style=\"font-style: normal;\"><span style=\"font-weight: normal;\"><br \/>\nWszystkim \u2013 <\/span><\/span><\/span><\/span><span style=\"font-variant: normal;\"><span style=\"letter-spacing: normal;\"><span style=\"font-style: normal;\"><b>bez<br \/>\nwyj\u0105tku!<\/b><\/span><\/span><\/span><span style=\"font-variant: normal;\"><span style=\"letter-spacing: normal;\"><span style=\"font-style: normal;\"><span style=\"font-weight: normal;\"><br \/>\n<\/span><\/span><\/span><\/span><\/span><\/span><br \/>\n<\/span><\/div>\n<div align=\"justify\" style=\"line-height: 150%; margin-bottom: 0cm; text-indent: 1.3cm;\">\n<span style=\"color: black;\"><span style=\"font-family: Book Antiqua, serif;\"><span style=\"font-size: x-large;\"><span style=\"font-variant: normal;\"><span style=\"letter-spacing: normal;\"><span style=\"font-style: normal;\"><span style=\"font-weight: normal;\">Bez<br \/>\nwzgl\u0119du na to, kto z jakiej rodziny pochodzi, czy jakie ma<br \/>\nwykszta\u0142cenie i ile tytu\u0142\u00f3w stoi przed jego nazwiskiem, i jakie<br \/>\nwysokie stanowisko zajmuje. <\/span><\/span><\/span><\/span><span style=\"font-variant: normal;\"><span style=\"letter-spacing: normal;\"><span style=\"font-style: normal;\"><b>Wszystkim<br \/>\nJezus Chrystus, Bo\u017cy Syn, B\u00f3g Cz\u0142owiek<\/b><\/span><\/span><\/span><span style=\"font-variant: normal;\"><span style=\"letter-spacing: normal;\"><span style=\"font-style: normal;\"><span style=\"font-weight: normal;\"><br \/>\n\u2013 <\/span><\/span><\/span><\/span><span style=\"font-variant: normal;\"><span style=\"letter-spacing: normal;\"><span style=\"font-style: normal;\"><b>otworzy\u0142<br \/>\nbramy Nieba!<\/b><\/span><\/span><\/span><span style=\"font-variant: normal;\"><span style=\"letter-spacing: normal;\"><span style=\"font-style: normal;\"><span style=\"font-weight: normal;\"><br \/>\nTak\u017ce bez wzgl\u0119du na to, jak\u0105 kto drog\u0119 przeszed\u0142 przez \u017cycie,<br \/>\na konkretnie: <\/span><\/span><\/span><\/span><span style=\"font-variant: normal;\"><span style=\"letter-spacing: normal;\"><span style=\"font-style: normal;\"><b>ile<br \/>\nw \u017cyciu grzeszy\u0142. <\/b><\/span><\/span><\/span><span style=\"font-variant: normal;\"><span style=\"letter-spacing: normal;\"><span style=\"font-style: normal;\"><span style=\"font-weight: normal;\">Je\u017celi<br \/>\ntylko chce si\u0119 tego grzesznego balastu pozby\u0107 \u2013 ma tak\u0105 szans\u0119.<br \/>\nPodkre\u015blmy jeszcze raz: <\/span><\/span><\/span><\/span><span style=\"font-variant: normal;\"><span style=\"letter-spacing: normal;\"><span style=\"font-style: normal;\"><b>ka\u017cdy<br \/>\nbez wyj\u0105tku!<\/b><\/span><\/span><\/span><\/span><\/span><\/span><\/div>\n<div align=\"justify\" style=\"line-height: 150%; margin-bottom: 0cm; text-indent: 1.3cm;\">\n<span style=\"color: black;\"><span style=\"font-family: Book Antiqua, serif;\"><span style=\"font-size: x-large;\"><span style=\"font-variant: normal;\"><span style=\"letter-spacing: normal;\"><span style=\"font-style: normal;\"><span style=\"font-weight: normal;\">Nawet,<br \/>\nje\u017celi jest takim wielkim grzesznikiem, jak niewiasta z dzisiejszej<br \/>\nEwangelii. Zobaczmy, <\/span><\/span><\/span><\/span><span style=\"font-variant: normal;\"><span style=\"letter-spacing: normal;\"><span style=\"font-style: normal;\"><b>ona<br \/>\nnaprawd\u0119 wiele nagrzeszy\u0142a.<\/b><\/span><\/span><\/span><span style=\"font-variant: normal;\"><span style=\"letter-spacing: normal;\"><span style=\"font-style: normal;\"><span style=\"font-weight: normal;\"><br \/>\nI co do tego nikt nie m<\/span><\/span><\/span><\/span><span style=\"font-variant: normal;\"><span style=\"letter-spacing: normal;\"><span style=\"font-style: normal;\"><span style=\"font-weight: normal;\">ia\u0142<\/span><\/span><\/span><\/span><span style=\"font-variant: normal;\"><span style=\"letter-spacing: normal;\"><span style=\"font-style: normal;\"><span style=\"font-weight: normal;\"><br \/>\nw\u0105tpliwo\u015bci. Nikt. Dlatego Ewangelista Jan, opisuj\u0105c ca\u0142e<br \/>\nwydarzenie, nie pr\u00f3buje nas przekonywa\u0107, <\/span><\/span><\/span><\/span><span style=\"font-variant: normal;\"><span style=\"letter-spacing: normal;\"><span style=\"font-style: normal;\"><b>\u017ce<br \/>\nto w sumie nic takiego,<\/b><\/span><\/span><\/span><span style=\"font-variant: normal;\"><span style=\"letter-spacing: normal;\"><span style=\"font-style: normal;\"><span style=\"font-weight: normal;\"><br \/>\n\u017ce tak si\u0119 jej niechc\u0105cy przydarzy\u0142o \u2013 nic z tych rzeczy! Jasno<br \/>\ni konkretnie stwierdza: <\/span><\/span><\/span><\/span><span style=\"font-variant: normal;\"><span style=\"letter-spacing: normal;\"><i><b>W\u00f3wczas<br \/>\nuczeni w Pi\u015bmie i faryzeusze przyprowadzili do Niego kobiet\u0119, kt\u00f3r\u0105<br \/>\npochwycono na cudzo\u0142\u00f3stwie.<\/b><\/i><\/span><\/span><span style=\"font-variant: normal;\"><span style=\"letter-spacing: normal;\"><span style=\"font-style: normal;\"><b><br \/>\n<\/b><\/span><\/span><\/span><span style=\"font-variant: normal;\"><span style=\"letter-spacing: normal;\"><span style=\"font-style: normal;\"><span style=\"font-weight: normal;\">Ten<br \/>\nfakt by\u0142 bezsporny i Ewangelista mu nie zaprzecza.<\/span><\/span><\/span><\/span><\/span><\/span><\/span><\/div>\n<div align=\"justify\" style=\"line-height: 150%; margin-bottom: 0cm; text-indent: 1.3cm;\">\n<span style=\"font-size: x-large;\"><span style=\"color: black;\"><span style=\"font-family: Book Antiqua, serif;\"><span style=\"font-variant: normal;\"><span style=\"letter-spacing: normal;\"><span style=\"font-style: normal;\"><span style=\"font-weight: normal;\">I<br \/>\nJezus tak\u017ce <\/span><\/span><\/span><\/span><span style=\"font-variant: normal;\"><span style=\"letter-spacing: normal;\"><span style=\"font-style: normal;\"><b>nie<br \/>\nudawa\u0142, \u017ce nic si\u0119 nie sta\u0142o.<\/b><\/span><\/span><\/span><span style=\"font-variant: normal;\"><span style=\"letter-spacing: normal;\"><span style=\"font-style: normal;\"><span style=\"font-weight: normal;\"><br \/>\nKiedy ju\u017c przeciwnicy si\u0119 rozeszli i odsy\u0142a\u0142 ow\u0105 kobiet\u0119, nie<br \/>\npowiedzia\u0142: \u201eDobrze, nie martw si\u0119, to nic takiego, nie ma o czym<br \/>\nm\u00f3wi\u0107\u201d \u2013 nie! Powiedzia\u0142 wyra\u017anie: <\/span><\/span><\/span><\/span><span style=\"font-variant: normal;\"><span style=\"letter-spacing: normal;\"><i><b>I<br \/>\nJa ciebie nie pot\u0119piam. Id\u017a, a od tej chwili ju\u017c nie grzesz.<\/b><\/i><\/span><\/span><span style=\"font-variant: normal;\"><span style=\"letter-spacing: normal;\"><span style=\"font-style: normal;\"><span style=\"font-weight: normal;\"><br \/>\n<\/span><\/span><\/span><\/span><span style=\"font-variant: normal;\"><span style=\"letter-spacing: normal;\"><span style=\"font-style: normal;\"><span style=\"font-weight: normal;\">Ja<br \/>\nciebie nie pot\u0119piam. <\/span><\/span><\/span><\/span><span style=\"font-variant: normal;\"><span style=\"letter-spacing: normal;\"><span style=\"font-style: normal;\"><b>Ale<br \/>\nnie grzesz. <\/b><\/span><\/span><\/span><\/span><\/span><br \/>\n<\/span><\/div>\n<div align=\"justify\" style=\"line-height: 150%; margin-bottom: 0cm; text-indent: 1.3cm;\">\n<span style=\"color: black;\"><span style=\"font-family: Book Antiqua, serif;\"><span style=\"font-size: x-large;\"><span style=\"font-variant: normal;\"><span style=\"letter-spacing: normal;\"><span style=\"font-style: normal;\"><span style=\"font-weight: normal;\">Tak<br \/>\nna marginesie, moi Drodzy, zwr\u00f3\u0107my uwag\u0119 na ten epizod. Z jednej<br \/>\nstrony bowiem przypomina nam on, \u017ce zawsze mamy pot\u0119pi\u0107 z\u0142o, ale<br \/>\n<\/span><\/span><\/span><\/span><span style=\"font-variant: normal;\"><span style=\"letter-spacing: normal;\"><span style=\"font-style: normal;\"><b>nigdy<br \/>\nnie wolno nam pot\u0119pi\u0107 cz\u0142owieka,<\/b><\/span><\/span><\/span><span style=\"font-variant: normal;\"><span style=\"letter-spacing: normal;\"><span style=\"font-style: normal;\"><span style=\"font-weight: normal;\"><br \/>\nbo cz\u0142owiek zawsze mo\u017ce si\u0119 nawr\u00f3ci\u0107, dlatego trzeba da\u0107 mu<br \/>\ndrug\u0105, trzeci\u0105, dziesi\u0105t\u0105, czy setn\u0105 sza<\/span><\/span><\/span><\/span><span style=\"font-variant: normal;\"><span style=\"letter-spacing: normal;\"><span style=\"font-style: normal;\"><span style=\"font-weight: normal;\">n<\/span><\/span><\/span><\/span><span style=\"font-variant: normal;\"><span style=\"letter-spacing: normal;\"><span style=\"font-style: normal;\"><span style=\"font-weight: normal;\">s\u0119<br \/>\n\u2013 <\/span><\/span><\/span><\/span><span style=\"font-variant: normal;\"><span style=\"letter-spacing: normal;\"><span style=\"font-style: normal;\"><b>tak,<br \/>\njak B\u00f3g daje nam je bez ko\u0144ca\u2026<\/b><\/span><\/span><\/span><span style=\"font-variant: normal;\"><span style=\"letter-spacing: normal;\"><span style=\"font-style: normal;\"><span style=\"font-weight: normal;\"><br \/>\nTo po pierwsze.<\/span><\/span><\/span><\/span><\/span><\/span><\/span><\/div>\n<div align=\"justify\" style=\"line-height: 150%; margin-bottom: 0cm; text-indent: 1.3cm;\">\n<span style=\"color: black;\"><span style=\"font-family: Book Antiqua, serif;\"><span style=\"font-size: x-large;\"><span style=\"font-variant: normal;\"><span style=\"letter-spacing: normal;\"><span style=\"font-style: normal;\"><span style=\"font-weight: normal;\">A<br \/>\npo drugie: kiedy b\u0119dziemy si\u0119 nawzajem za co\u015b przeprasza\u0107, albo<br \/>\nkto\u015b b\u0119dzie nas za co\u015b przeprasza\u0142 \u2013 szczeg\u00f3lnie kto\u015b<br \/>\nm\u0142odszy; <\/span><\/span><\/span><\/span><span style=\"font-variant: normal;\"><span style=\"letter-spacing: normal;\"><span style=\"font-style: normal;\"><b>kto\u015b,<br \/>\n<\/b><\/span><\/span><\/span><span style=\"font-variant: normal;\"><span style=\"letter-spacing: normal;\"><span style=\"font-style: normal;\"><b>kogo<br \/>\nwychowujemy lub kszta\u0142tujemy, <\/b><\/span><\/span><\/span><span style=\"font-variant: normal;\"><span style=\"letter-spacing: normal;\"><span style=\"font-style: normal;\"><span style=\"font-weight: normal;\">a<br \/>\nwi\u0119c nasze dziecko, wnuk lub ucze\u0144 \u2013 to nie m\u00f3wmy mu, \u017ce nic<br \/>\nsi\u0119 nie sta\u0142o i \u017ceby si\u0119 nie przejmowa\u0142. <\/span><\/span><\/span><\/span><span style=\"font-variant: normal;\"><span style=\"letter-spacing: normal;\"><span style=\"font-style: normal;\"><b>Owszem,<br \/>\nsta\u0142o si\u0119. Zrobi\u0142 \u017ale. <\/b><\/span><\/span><\/span><span style=\"font-variant: normal;\"><span style=\"letter-spacing: normal;\"><span style=\"font-style: normal;\"><span style=\"font-weight: normal;\">Ale<br \/>\nniech wyci\u0105gnie z tego wnioski <\/span><\/span><\/span><\/span><span style=\"font-variant: normal;\"><span style=\"letter-spacing: normal;\"><span style=\"font-style: normal;\"><b>i<br \/>\nju\u017c na przysz\u0142o\u015b\u0107 tak nie robi!<\/b><\/span><\/span><\/span><span style=\"font-variant: normal;\"><span style=\"letter-spacing: normal;\"><span style=\"font-style: normal;\"><span style=\"font-weight: normal;\"><br \/>\nTo jest w\u0142a\u015bciwa postawa chrze\u015bcija\u0144ska w takim momencie. Taki<br \/>\nprzyk\u0142ad zreszt\u0105 daje nam Jezus! Ale to taka uwaga dodatkowa.<\/span><\/span><\/span><\/span><\/span><\/span><\/span><\/div>\n<div align=\"justify\" style=\"line-height: 150%; margin-bottom: 0cm; text-indent: 1.3cm;\">\n<span style=\"color: black;\"><span style=\"font-family: Book Antiqua, serif;\"><span style=\"font-size: x-large;\"><span style=\"font-variant: normal;\"><span style=\"letter-spacing: normal;\"><span style=\"font-style: normal;\"><span style=\"font-weight: normal;\">Natomiast<br \/>\ntym, co musimy koniecznie i szczeg\u00f3lnie podkre\u015bli\u0107 po us\u0142yszeniu<br \/>\ndzisiejszej Ewangelii, to fakt, \u017ce kobieta grzeszna \u2013 pod wp\u0142ywem<br \/>\ntego wielkiego mi\u0142osierdzia, kt\u00f3re okaza\u0142 jej Jezus \u2013 <\/span><\/span><\/span><\/span><span style=\"font-variant: normal;\"><span style=\"letter-spacing: normal;\"><span style=\"font-style: normal;\"><b>porzuci\u0142a<br \/>\n\u201eto, co za ni\u0105\u201d. <\/b><\/span><\/span><\/span><span style=\"font-variant: normal;\"><span style=\"letter-spacing: normal;\"><span style=\"font-style: normal;\"><span style=\"font-weight: normal;\">Tak,<br \/>\njak dzi\u015b okre\u015bli\u0142 to \u015awi\u0119ty Pawe\u0142. Porzuci\u0142a ca\u0142e swoje<br \/>\ndotychczasowe \u017cycie. Ona, wielka grzesznica, <\/span><\/span><\/span><\/span><span style=\"font-variant: normal;\"><span style=\"letter-spacing: normal;\"><span style=\"font-style: normal;\"><b>odrzuci\u0142a<br \/>\nca\u0142y sw\u00f3j grzech <\/b><\/span><\/span><\/span><span style=\"font-variant: normal;\"><span style=\"letter-spacing: normal;\"><span style=\"font-style: normal;\"><span style=\"font-weight: normal;\">\u2013<br \/>\njak zb\u0119dny balast!<\/span><\/span><\/span><\/span><\/span><\/span><\/span><\/div>\n<div align=\"justify\" style=\"line-height: 150%; margin-bottom: 0cm; text-indent: 1.3cm;\">\n<span style=\"font-size: x-large;\"><span style=\"color: black;\"><span style=\"font-family: Book Antiqua, serif;\"><span style=\"font-variant: normal;\"><span style=\"letter-spacing: normal;\"><span style=\"font-style: normal;\"><span style=\"font-weight: normal;\">Natomiast<br \/>\njej oskar\u017cyciele, kt\u00f3rzy przynajmniej w swoich w\u0142asnych oczach<br \/>\nwygl\u0105dali na \u015bwi\u0119tych i pobo\u017cnych, na gorliwie przestrzegaj\u0105cych<br \/>\nPrawa starotestamentalnego \u2013 <\/span><\/span><\/span><\/span><span style=\"font-variant: normal;\"><span style=\"letter-spacing: normal;\"><span style=\"font-style: normal;\"><b>oni<br \/>\nswoich grzech\u00f3w nie porzucili\u2026<\/b><\/span><\/span><\/span><span style=\"font-variant: normal;\"><span style=\"letter-spacing: normal;\"><span style=\"font-style: normal;\"><span style=\"font-weight: normal;\"><br \/>\nDlatego ze spuszczonymi g\u0142owami odeszli, kiedy Jezus, przerywaj\u0105c<br \/>\npisanie na piasku, powiedzia\u0142: <\/span><\/span><\/span><\/span><span style=\"font-variant: normal;\"><span style=\"letter-spacing: normal;\"><i><b>Kto<br \/>\nz was jest bez grzechu, niech pierwszy rzuci na ni\u0105 kamie\u0144\u2026<\/b><\/i><\/span><\/span><span style=\"font-variant: normal;\"><span style=\"letter-spacing: normal;\"><span style=\"font-style: normal;\"><b><br \/>\n<\/b><\/span><\/span><\/span><\/span><\/span><br \/>\n<\/span><\/div>\n<div align=\"justify\" style=\"line-height: 150%; margin-bottom: 0cm; text-indent: 1.3cm;\">\n<span style=\"color: black;\"><span style=\"font-family: Book Antiqua, serif;\"><span style=\"font-size: x-large;\"><span style=\"font-variant: normal;\"><span style=\"letter-spacing: normal;\"><span style=\"font-style: normal;\"><span style=\"font-weight: normal;\">Co<br \/>\nw\u00f3wczas pisa\u0142? Dok\u0142adnie nie wiemy, ale powszechnie przypuszcza<br \/>\nsi\u0119, \u017ce <\/span><\/span><\/span><\/span><span style=\"font-variant: normal;\"><span style=\"letter-spacing: normal;\"><span style=\"font-style: normal;\"><b>w\u0142a\u015bnie<br \/>\nich grzechy.<\/b><\/span><\/span><\/span><span style=\"font-variant: normal;\"><span style=\"letter-spacing: normal;\"><span style=\"font-style: normal;\"><span style=\"font-weight: normal;\"><br \/>\nI oni to zobaczyli\u2026 I odeszli. Odeszli fizycznie, z tego miejsca.<br \/>\nCzy jednak <\/span><\/span><\/span><\/span><span style=\"font-variant: normal;\"><span style=\"letter-spacing: normal;\"><span style=\"font-style: normal;\"><b>odeszli<br \/>\nod swoich grzech\u00f3w?<\/b><\/span><\/span><\/span><span style=\"font-variant: normal;\"><span style=\"letter-spacing: normal;\"><span style=\"font-style: normal;\"><span style=\"font-weight: normal;\"><br \/>\nMo\u017cemy w\u0105tpi\u0107. Mo\u017ce przynajmniej niekt\u00f3rzy z nich\u2026 Nie wiemy\u2026<br \/>\n<\/span><\/span><\/span><\/span><span style=\"font-variant: normal;\"><span style=\"letter-spacing: normal;\"><span style=\"font-style: normal;\"><span style=\"font-weight: normal;\">Dobrze,<br \/>\ngdyby tak by\u0142o\u2026<\/span><\/span><\/span><\/span><\/span><\/span><\/span><\/div>\n<div align=\"justify\" style=\"line-height: 150%; margin-bottom: 0cm; text-indent: 1.3cm;\">\n<span style=\"color: black;\"><span style=\"font-family: Book Antiqua, serif;\"><span style=\"font-size: x-large;\"><span style=\"font-variant: normal;\"><span style=\"letter-spacing: normal;\"><span style=\"font-style: normal;\"><span style=\"font-weight: normal;\">Natomiast<br \/>\ndla nas, moi Drodzy, to jest bardzo czytelna nauka, \u017ce Jezus<br \/>\nChrystus, og\u0142aszaj\u0105c nam Dobr\u0105 Nowin\u0119, chce i <\/span><\/span><\/span><\/span><span style=\"font-variant: normal;\"><span style=\"letter-spacing: normal;\"><span style=\"font-style: normal;\"><b>nasze<br \/>\n\u017cycie uczyni\u0107 zupe\u0142nie nowym!<\/b><\/span><\/span><\/span><span style=\"font-variant: normal;\"><span style=\"letter-spacing: normal;\"><span style=\"font-style: normal;\"><span style=\"font-weight: normal;\"><br \/>\nDlatego domaga si\u0119 od nas porzucenia \u2013 jak zb\u0119dnego balastu, jak<br \/>\n\u015bmieci \u2013 tego wszystkiego, co stare, st\u0119ch\u0142e, ciasne,<br \/>\nzaskorupia\u0142e, schematyczne, <\/span><\/span><\/span><\/span><span style=\"font-variant: normal;\"><span style=\"letter-spacing: normal;\"><span style=\"font-style: normal;\"><b>a<br \/>\nnade wszystko: grzeszne! <\/b><\/span><\/span><\/span><span style=\"font-variant: normal;\"><span style=\"letter-spacing: normal;\"><span style=\"font-style: normal;\"><span style=\"font-weight: normal;\">Lub<br \/>\nprowadz\u0105ce do grzechu.<\/span><\/span><\/span><\/span><\/span><\/span><\/span><\/div>\n<div align=\"justify\" style=\"line-height: 150%; margin-bottom: 0cm; text-indent: 1.3cm;\">\n<span style=\"font-size: x-large;\"><span style=\"color: black;\"><span style=\"font-family: Book Antiqua, serif;\"><span style=\"font-variant: normal;\"><span style=\"letter-spacing: normal;\"><span style=\"font-style: normal;\"><span style=\"font-weight: normal;\">Jutro,<br \/>\nw ramach naszych misji, b\u0119dziemy mieli okazj\u0119 wyrzuci\u0107 do<br \/>\nprzygotowanego kosza na \u015bmieci \u2013 w\u0142a\u015bnie <\/span><\/span><\/span><\/span><span style=\"font-variant: normal;\"><span style=\"letter-spacing: normal;\"><span style=\"font-style: normal;\"><b>te<br \/>\nwszystkie \u015bmieci, kt\u00f3re utrudniaj\u0105 nam drog\u0119 do Boga,<\/b><\/span><\/span><\/span><span style=\"font-variant: normal;\"><span style=\"letter-spacing: normal;\"><span style=\"font-style: normal;\"><span style=\"font-weight: normal;\"><br \/>\na wi\u0119c amulety, talizmany, horoskopy, i inne tego typu akcesoria.<br \/>\nZa\u0142o\u017cymy natomiast uroczy\u015bcie <\/span><\/span><\/span><\/span><span style=\"font-variant: normal;\"><span style=\"letter-spacing: normal;\"><span style=\"font-style: normal;\"><b>po\u015bwi\u0119cone<br \/>\nmedaliki.<\/b><\/span><\/span><\/span><span style=\"font-variant: normal;\"><span style=\"letter-spacing: normal;\"><span style=\"font-style: normal;\"><span style=\"font-weight: normal;\"><br \/>\nTo b\u0119dzie znak zewn\u0119trzny. <\/span><\/span><\/span><\/span><\/span><\/span><br \/>\n<\/span><\/div>\n<div align=\"justify\" style=\"line-height: 150%; margin-bottom: 0cm; text-indent: 1.3cm;\">\n<span style=\"font-size: x-large;\"><span style=\"color: black;\"><span style=\"font-family: Book Antiqua, serif;\"><span style=\"font-variant: normal;\"><span style=\"letter-spacing: normal;\"><span style=\"font-style: normal;\"><span style=\"font-weight: normal;\">Trzeba<br \/>\nnatomiast, aby\u015bmy codziennie \u2013 a szczeg\u00f3lnie wtedy, kiedy<br \/>\nprzyst\u0119pujemy do Sakramentu Pokuty \u2013 wyrzucali ze swego serca i ze<br \/>\nswego \u017cycia, ze swego post\u0119powania, to wszystko, co jest naszych<br \/>\n<\/span><\/span><\/span><\/span><span style=\"font-variant: normal;\"><span style=\"letter-spacing: normal;\"><span style=\"font-style: normal;\"><b>duchowym<br \/>\nbalastem, naszym z\u0142ym przyzwyczajeniem:<\/b><\/span><\/span><\/span><span style=\"font-variant: normal;\"><span style=\"letter-spacing: normal;\"><span style=\"font-style: normal;\"><span style=\"font-weight: normal;\"><br \/>\ntakim przyzwyczajeniem, kt\u00f3re i nam samym tak naprawd\u0119 utrudnia<br \/>\n\u017cycie, i innym z nami. A przede wszystkim \u2013 aby\u015bmy <\/span><\/span><\/span><\/span><span style=\"font-variant: normal;\"><span style=\"letter-spacing: normal;\"><span style=\"font-style: normal;\"><b>wyrzucili<br \/>\ngrzech.<\/b><\/span><\/span><\/span><span style=\"font-variant: normal;\"><span style=\"letter-spacing: normal;\"><span style=\"font-style: normal;\"><span style=\"font-weight: normal;\"><br \/>\nTak ostatecznie i definitywnie. <\/span><\/span><\/span><\/span><\/span><\/span><br \/>\n<\/span><\/div>\n<div align=\"justify\" style=\"line-height: 150%; margin-bottom: 0cm; text-indent: 1.3cm;\">\n<span style=\"color: black;\"><span style=\"font-family: Book Antiqua, serif;\"><span style=\"font-size: x-large;\"><span style=\"font-variant: normal;\"><span style=\"letter-spacing: normal;\"><span style=\"font-style: normal;\"><span style=\"font-weight: normal;\">Pomy\u015blmy<br \/>\ndzisiaj, co jest <\/span><\/span><\/span><\/span><span style=\"font-variant: normal;\"><span style=\"letter-spacing: normal;\"><span style=\"font-style: normal;\"><span style=\"font-weight: normal;\">tym<\/span><\/span><\/span><\/span><span style=\"font-variant: normal;\"><span style=\"letter-spacing: normal;\"><span style=\"font-style: normal;\"><span style=\"font-weight: normal;\"><br \/>\nnaszym najwi\u0119kszym <\/span><\/span><\/span><\/span><span style=\"font-variant: normal;\"><span style=\"letter-spacing: normal;\"><span style=\"font-style: normal;\"><span style=\"font-weight: normal;\">duchowym<br \/>\n<\/span><\/span><\/span><\/span><span style=\"font-variant: normal;\"><span style=\"letter-spacing: normal;\"><span style=\"font-style: normal;\"><span style=\"font-weight: normal;\">balastem,<br \/>\nci\u0119\u017carem;<\/span><\/span><\/span><\/span><span style=\"font-variant: normal;\"><span style=\"letter-spacing: normal;\"><span style=\"font-style: normal;\"><b><br \/>\nco jest takim \u015bmieciem,<\/b><\/span><\/span><\/span><span style=\"font-variant: normal;\"><span style=\"letter-spacing: normal;\"><span style=\"font-style: normal;\"><span style=\"font-weight: normal;\"><br \/>\nkt\u00f3rego powinni\u015bmy si\u0119 jak najszybciej pozby\u0107 ze swego \u017cycia?<br \/>\nJak najszybciej, chocia\u017c mo\u017ce ci\u0105gle jeszcze brakuje odwagi\u2026<\/span><\/span><\/span><\/span><\/span><\/span><\/span><\/div>\n<div align=\"justify\" style=\"line-height: 150%; margin-bottom: 0cm; text-indent: 1.3cm;\">\n<span style=\"color: black;\"><span style=\"font-family: Book Antiqua, serif;\"><span style=\"font-size: x-large;\"><span style=\"font-variant: normal;\"><span style=\"letter-spacing: normal;\"><span style=\"font-style: normal;\"><span style=\"font-weight: normal;\">I<br \/>\nprzejrzyjmy dzi\u015b nasze rzeczy <\/span><\/span><\/span><\/span><span style=\"font-variant: normal;\"><span style=\"letter-spacing: normal;\"><span style=\"font-style: normal;\"><span style=\"font-weight: normal;\">osobiste<\/span><\/span><\/span><\/span><span style=\"font-variant: normal;\"><span style=\"letter-spacing: normal;\"><span style=\"font-style: normal;\"><span style=\"font-weight: normal;\">,<br \/>\nale i wyposa\u017cenie naszego domu, aby przygotowa\u0107 do wyrzucenia w<br \/>\ndniu jutrzejszym to wszystko, co ma <\/span><\/span><\/span><\/span><span style=\"font-variant: normal;\"><span style=\"letter-spacing: normal;\"><span style=\"font-style: normal;\"><b>jakikolwiek<br \/>\nzwi\u0105zek z zabobonem,<\/b><\/span><\/span><\/span><span style=\"font-variant: normal;\"><span style=\"letter-spacing: normal;\"><span style=\"font-style: normal;\"><span style=\"font-weight: normal;\"><br \/>\nmagi\u0105, wr\u00f3\u017cbiarstwem, <\/span><\/span><\/span><\/span><span style=\"font-variant: normal;\"><span style=\"letter-spacing: normal;\"><span style=\"font-style: normal;\"><b>albo<br \/>\ninnymi grzechami.<\/b><\/span><\/span><\/span><\/span><\/span><\/span><\/div>\n<div align=\"justify\" style=\"line-height: 150%; margin-bottom: 0cm; text-indent: 1.3cm;\">\n<span style=\"color: black;\"><span style=\"font-family: Book Antiqua, serif;\"><span style=\"font-size: x-large;\"><span style=\"font-variant: normal;\"><span style=\"letter-spacing: normal;\"><span style=\"font-style: normal;\"><span style=\"font-weight: normal;\">Pomy\u015blmy<br \/>\nteraz przez chwil\u0119 \u2013 <\/span><\/span><\/span><\/span><span style=\"font-variant: normal;\"><span style=\"letter-spacing: normal;\"><span style=\"font-style: normal;\"><b>czego<br \/>\npowinni\u015bmy si\u0119 jak najszybciej pozby\u0107?\u2026<\/b><\/span><\/span><\/span><\/span><\/span><\/span><\/div>\n","protected":false},"excerpt":{"rendered":"<p>Niech b\u0119dzie pochwalony Jezus Chrystus! Moi Drodzy, wspomina\u0142em Wam kiedy\u015b, \u017ce w ramach Jubileuszu 200 lecia naszej siedleckiej Diecezji b\u0119d\u0105 odbywa\u0142y si\u0119 w niej Jubileuszowe Misje Ewangelizacyjne, i \u017ce zosta\u0142em przez Ksi\u0119dza Biskupa w\u0142\u0105czony do grona Misjonarzy, spo\u015br\u00f3d kt\u00f3rych Ksi\u0119\u017ca Proboszczowie mog\u0105 zaprasza\u0107 kogo\u015b do poprowadzenia Misji w swojej Parafii. I dzisiaj w\u0142a\u015bnie rozpoczynam takie [&hellip;]<\/p>\n","protected":false},"author":1,"featured_media":0,"comment_status":"open","ping_status":"open","sticky":false,"template":"","format":"standard","meta":{"jetpack_post_was_ever_published":false,"_jetpack_newsletter_access":"","_jetpack_dont_email_post_to_subs":false,"_jetpack_newsletter_tier_id":0,"_jetpack_memberships_contains_paywalled_content":false,"_jetpack_memberships_contains_paid_content":false,"footnotes":""},"categories":[1],"tags":[],"class_list":["post-14640","post","type-post","status-publish","format-standard","hentry","category-bez-kategorii"],"yoast_head":"<!-- This site is optimized with the Yoast SEO plugin v25.1 - https:\/\/yoast.com\/wordpress\/plugins\/seo\/ -->\n<title>Bylebym pozyska\u0142 Chrystusa! - Gaudium Et Spes<\/title>\n<meta name=\"robots\" content=\"index, follow, max-snippet:-1, max-image-preview:large, max-video-preview:-1\" \/>\n<link rel=\"canonical\" href=\"https:\/\/gaudiumetspes-blog.pl\/index.php\/2019\/04\/07\/bylebym-pozyska-chrystusa\/\" \/>\n<meta property=\"og:locale\" content=\"pl_PL\" \/>\n<meta property=\"og:type\" content=\"article\" \/>\n<meta property=\"og:title\" content=\"Bylebym pozyska\u0142 Chrystusa! - Gaudium Et Spes\" \/>\n<meta property=\"og:description\" content=\"Niech b\u0119dzie pochwalony Jezus Chrystus! Moi Drodzy, wspomina\u0142em Wam kiedy\u015b, \u017ce w ramach Jubileuszu 200 lecia naszej siedleckiej Diecezji b\u0119d\u0105 odbywa\u0142y si\u0119 w niej Jubileuszowe Misje Ewangelizacyjne, i \u017ce zosta\u0142em przez Ksi\u0119dza Biskupa w\u0142\u0105czony do grona Misjonarzy, spo\u015br\u00f3d kt\u00f3rych Ksi\u0119\u017ca Proboszczowie mog\u0105 zaprasza\u0107 kogo\u015b do poprowadzenia Misji w swojej Parafii. I dzisiaj w\u0142a\u015bnie rozpoczynam takie [&hellip;]\" \/>\n<meta property=\"og:url\" content=\"https:\/\/gaudiumetspes-blog.pl\/index.php\/2019\/04\/07\/bylebym-pozyska-chrystusa\/\" \/>\n<meta property=\"og:site_name\" content=\"Gaudium Et Spes\" \/>\n<meta property=\"article:published_time\" content=\"2019-04-07T01:57:00+00:00\" \/>\n<meta property=\"article:modified_time\" content=\"2019-07-31T11:01:41+00:00\" \/>\n<meta name=\"author\" content=\"Ks. Jacek\" \/>\n<meta name=\"twitter:card\" content=\"summary_large_image\" \/>\n<meta name=\"twitter:label1\" content=\"Napisane przez\" \/>\n\t<meta name=\"twitter:data1\" content=\"Ks. Jacek\" \/>\n\t<meta name=\"twitter:label2\" content=\"Szacowany czas czytania\" \/>\n\t<meta name=\"twitter:data2\" content=\"15 minut\" \/>\n<script type=\"application\/ld+json\" class=\"yoast-schema-graph\">{\"@context\":\"https:\/\/schema.org\",\"@graph\":[{\"@type\":\"WebPage\",\"@id\":\"https:\/\/gaudiumetspes-blog.pl\/index.php\/2019\/04\/07\/bylebym-pozyska-chrystusa\/\",\"url\":\"https:\/\/gaudiumetspes-blog.pl\/index.php\/2019\/04\/07\/bylebym-pozyska-chrystusa\/\",\"name\":\"Bylebym pozyska\u0142 Chrystusa! - Gaudium Et Spes\",\"isPartOf\":{\"@id\":\"https:\/\/gaudiumetspes-blog.pl\/#website\"},\"datePublished\":\"2019-04-07T01:57:00+00:00\",\"dateModified\":\"2019-07-31T11:01:41+00:00\",\"author\":{\"@id\":\"https:\/\/gaudiumetspes-blog.pl\/#\/schema\/person\/1661982992b752dea8dff0d4ed845a65\"},\"breadcrumb\":{\"@id\":\"https:\/\/gaudiumetspes-blog.pl\/index.php\/2019\/04\/07\/bylebym-pozyska-chrystusa\/#breadcrumb\"},\"inLanguage\":\"pl-PL\",\"potentialAction\":[{\"@type\":\"ReadAction\",\"target\":[\"https:\/\/gaudiumetspes-blog.pl\/index.php\/2019\/04\/07\/bylebym-pozyska-chrystusa\/\"]}]},{\"@type\":\"BreadcrumbList\",\"@id\":\"https:\/\/gaudiumetspes-blog.pl\/index.php\/2019\/04\/07\/bylebym-pozyska-chrystusa\/#breadcrumb\",\"itemListElement\":[{\"@type\":\"ListItem\",\"position\":1,\"name\":\"Strona g\u0142\u00f3wna\",\"item\":\"https:\/\/gaudiumetspes-blog.pl\/\"},{\"@type\":\"ListItem\",\"position\":2,\"name\":\"Bylebym pozyska\u0142 Chrystusa!\"}]},{\"@type\":\"WebSite\",\"@id\":\"https:\/\/gaudiumetspes-blog.pl\/#website\",\"url\":\"https:\/\/gaudiumetspes-blog.pl\/\",\"name\":\"Gaudium Et Spes\",\"description\":\"Blog Ks. Jacka Ja\u015bkowskiego\",\"potentialAction\":[{\"@type\":\"SearchAction\",\"target\":{\"@type\":\"EntryPoint\",\"urlTemplate\":\"https:\/\/gaudiumetspes-blog.pl\/?s={search_term_string}\"},\"query-input\":{\"@type\":\"PropertyValueSpecification\",\"valueRequired\":true,\"valueName\":\"search_term_string\"}}],\"inLanguage\":\"pl-PL\"},{\"@type\":\"Person\",\"@id\":\"https:\/\/gaudiumetspes-blog.pl\/#\/schema\/person\/1661982992b752dea8dff0d4ed845a65\",\"name\":\"Ks. Jacek\",\"image\":{\"@type\":\"ImageObject\",\"inLanguage\":\"pl-PL\",\"@id\":\"https:\/\/gaudiumetspes-blog.pl\/#\/schema\/person\/image\/\",\"url\":\"https:\/\/gaudiumetspes-blog.pl\/wp-content\/uploads\/2019\/07\/avatar-JJ-150x150.jpg\",\"contentUrl\":\"https:\/\/gaudiumetspes-blog.pl\/wp-content\/uploads\/2019\/07\/avatar-JJ-150x150.jpg\",\"caption\":\"Ks. Jacek\"},\"description\":\"Witam serdecznie! K\u0142ania si\u0119 Ks. Jacek Ja\u015bkowski. Nie jestem ani kim\u015b wa\u017cnym, ani kim\u015b znanym. Jestem ksi\u0119dzem, kt\u00f3ry po prostu chce rozmawia\u0107. Codzienna kap\u0142a\u0144ska pos\u0142uga pokazuje mi, \u017ce temat\u00f3w do rozm\u00f3w z ksi\u0119dzem jest coraz wi\u0119cej i dzisiaj \u017caden ksi\u0105dz nie mo\u017ce od nich ucieka\u0107, ale - wprost przeciwnie - podejmowa\u0107 nowe wyzwania. To przekonanie sk\u0142oni\u0142o mnie do pr\u00f3by otwarcia tego\u017c bloga, chocia\u017c okazji do rozm\u00f3w na co dzie\u0144 - w konfesjonale i poza nim - na szcz\u0119\u015bcie nie brakuje. My\u015bl\u0119 jednak, \u017ce ten blog b\u0119dzie jeszcze jednym sposobem i przestrzeni\u0105 nawi\u0105zania kontaktu z lud\u017ami dobrej woli, otwartymi na dialog.\",\"url\":\"https:\/\/gaudiumetspes-blog.pl\/index.php\/author\/ks-jacek\/\"}]}<\/script>\n<!-- \/ Yoast SEO plugin. -->","yoast_head_json":{"title":"Bylebym pozyska\u0142 Chrystusa! - Gaudium Et Spes","robots":{"index":"index","follow":"follow","max-snippet":"max-snippet:-1","max-image-preview":"max-image-preview:large","max-video-preview":"max-video-preview:-1"},"canonical":"https:\/\/gaudiumetspes-blog.pl\/index.php\/2019\/04\/07\/bylebym-pozyska-chrystusa\/","og_locale":"pl_PL","og_type":"article","og_title":"Bylebym pozyska\u0142 Chrystusa! - Gaudium Et Spes","og_description":"Niech b\u0119dzie pochwalony Jezus Chrystus! Moi Drodzy, wspomina\u0142em Wam kiedy\u015b, \u017ce w ramach Jubileuszu 200 lecia naszej siedleckiej Diecezji b\u0119d\u0105 odbywa\u0142y si\u0119 w niej Jubileuszowe Misje Ewangelizacyjne, i \u017ce zosta\u0142em przez Ksi\u0119dza Biskupa w\u0142\u0105czony do grona Misjonarzy, spo\u015br\u00f3d kt\u00f3rych Ksi\u0119\u017ca Proboszczowie mog\u0105 zaprasza\u0107 kogo\u015b do poprowadzenia Misji w swojej Parafii. I dzisiaj w\u0142a\u015bnie rozpoczynam takie [&hellip;]","og_url":"https:\/\/gaudiumetspes-blog.pl\/index.php\/2019\/04\/07\/bylebym-pozyska-chrystusa\/","og_site_name":"Gaudium Et Spes","article_published_time":"2019-04-07T01:57:00+00:00","article_modified_time":"2019-07-31T11:01:41+00:00","author":"Ks. Jacek","twitter_card":"summary_large_image","twitter_misc":{"Napisane przez":"Ks. Jacek","Szacowany czas czytania":"15 minut"},"schema":{"@context":"https:\/\/schema.org","@graph":[{"@type":"WebPage","@id":"https:\/\/gaudiumetspes-blog.pl\/index.php\/2019\/04\/07\/bylebym-pozyska-chrystusa\/","url":"https:\/\/gaudiumetspes-blog.pl\/index.php\/2019\/04\/07\/bylebym-pozyska-chrystusa\/","name":"Bylebym pozyska\u0142 Chrystusa! - Gaudium Et Spes","isPartOf":{"@id":"https:\/\/gaudiumetspes-blog.pl\/#website"},"datePublished":"2019-04-07T01:57:00+00:00","dateModified":"2019-07-31T11:01:41+00:00","author":{"@id":"https:\/\/gaudiumetspes-blog.pl\/#\/schema\/person\/1661982992b752dea8dff0d4ed845a65"},"breadcrumb":{"@id":"https:\/\/gaudiumetspes-blog.pl\/index.php\/2019\/04\/07\/bylebym-pozyska-chrystusa\/#breadcrumb"},"inLanguage":"pl-PL","potentialAction":[{"@type":"ReadAction","target":["https:\/\/gaudiumetspes-blog.pl\/index.php\/2019\/04\/07\/bylebym-pozyska-chrystusa\/"]}]},{"@type":"BreadcrumbList","@id":"https:\/\/gaudiumetspes-blog.pl\/index.php\/2019\/04\/07\/bylebym-pozyska-chrystusa\/#breadcrumb","itemListElement":[{"@type":"ListItem","position":1,"name":"Strona g\u0142\u00f3wna","item":"https:\/\/gaudiumetspes-blog.pl\/"},{"@type":"ListItem","position":2,"name":"Bylebym pozyska\u0142 Chrystusa!"}]},{"@type":"WebSite","@id":"https:\/\/gaudiumetspes-blog.pl\/#website","url":"https:\/\/gaudiumetspes-blog.pl\/","name":"Gaudium Et Spes","description":"Blog Ks. Jacka Ja\u015bkowskiego","potentialAction":[{"@type":"SearchAction","target":{"@type":"EntryPoint","urlTemplate":"https:\/\/gaudiumetspes-blog.pl\/?s={search_term_string}"},"query-input":{"@type":"PropertyValueSpecification","valueRequired":true,"valueName":"search_term_string"}}],"inLanguage":"pl-PL"},{"@type":"Person","@id":"https:\/\/gaudiumetspes-blog.pl\/#\/schema\/person\/1661982992b752dea8dff0d4ed845a65","name":"Ks. Jacek","image":{"@type":"ImageObject","inLanguage":"pl-PL","@id":"https:\/\/gaudiumetspes-blog.pl\/#\/schema\/person\/image\/","url":"https:\/\/gaudiumetspes-blog.pl\/wp-content\/uploads\/2019\/07\/avatar-JJ-150x150.jpg","contentUrl":"https:\/\/gaudiumetspes-blog.pl\/wp-content\/uploads\/2019\/07\/avatar-JJ-150x150.jpg","caption":"Ks. Jacek"},"description":"Witam serdecznie! K\u0142ania si\u0119 Ks. Jacek Ja\u015bkowski. Nie jestem ani kim\u015b wa\u017cnym, ani kim\u015b znanym. Jestem ksi\u0119dzem, kt\u00f3ry po prostu chce rozmawia\u0107. Codzienna kap\u0142a\u0144ska pos\u0142uga pokazuje mi, \u017ce temat\u00f3w do rozm\u00f3w z ksi\u0119dzem jest coraz wi\u0119cej i dzisiaj \u017caden ksi\u0105dz nie mo\u017ce od nich ucieka\u0107, ale - wprost przeciwnie - podejmowa\u0107 nowe wyzwania. To przekonanie sk\u0142oni\u0142o mnie do pr\u00f3by otwarcia tego\u017c bloga, chocia\u017c okazji do rozm\u00f3w na co dzie\u0144 - w konfesjonale i poza nim - na szcz\u0119\u015bcie nie brakuje. My\u015bl\u0119 jednak, \u017ce ten blog b\u0119dzie jeszcze jednym sposobem i przestrzeni\u0105 nawi\u0105zania kontaktu z lud\u017ami dobrej woli, otwartymi na dialog.","url":"https:\/\/gaudiumetspes-blog.pl\/index.php\/author\/ks-jacek\/"}]}},"jetpack_featured_media_url":"","jetpack_sharing_enabled":true,"_links":{"self":[{"href":"https:\/\/gaudiumetspes-blog.pl\/index.php\/wp-json\/wp\/v2\/posts\/14640","targetHints":{"allow":["GET"]}}],"collection":[{"href":"https:\/\/gaudiumetspes-blog.pl\/index.php\/wp-json\/wp\/v2\/posts"}],"about":[{"href":"https:\/\/gaudiumetspes-blog.pl\/index.php\/wp-json\/wp\/v2\/types\/post"}],"author":[{"embeddable":true,"href":"https:\/\/gaudiumetspes-blog.pl\/index.php\/wp-json\/wp\/v2\/users\/1"}],"replies":[{"embeddable":true,"href":"https:\/\/gaudiumetspes-blog.pl\/index.php\/wp-json\/wp\/v2\/comments?post=14640"}],"version-history":[{"count":1,"href":"https:\/\/gaudiumetspes-blog.pl\/index.php\/wp-json\/wp\/v2\/posts\/14640\/revisions"}],"predecessor-version":[{"id":15108,"href":"https:\/\/gaudiumetspes-blog.pl\/index.php\/wp-json\/wp\/v2\/posts\/14640\/revisions\/15108"}],"wp:attachment":[{"href":"https:\/\/gaudiumetspes-blog.pl\/index.php\/wp-json\/wp\/v2\/media?parent=14640"}],"wp:term":[{"taxonomy":"category","embeddable":true,"href":"https:\/\/gaudiumetspes-blog.pl\/index.php\/wp-json\/wp\/v2\/categories?post=14640"},{"taxonomy":"post_tag","embeddable":true,"href":"https:\/\/gaudiumetspes-blog.pl\/index.php\/wp-json\/wp\/v2\/tags?post=14640"}],"curies":[{"name":"wp","href":"https:\/\/api.w.org\/{rel}","templated":true}]}}