{"id":14641,"date":"2019-04-06T06:36:00","date_gmt":"2019-04-06T04:36:00","guid":{"rendered":"https:\/\/gaudiumetspes-blog.pl\/index.php\/2019\/04\/06\/albowiem-tobie-powierzam-swoja-sprawe\/"},"modified":"2019-07-31T13:01:41","modified_gmt":"2019-07-31T11:01:41","slug":"albowiem-tobie-powierzam-swoja-sprawe","status":"publish","type":"post","link":"https:\/\/gaudiumetspes-blog.pl\/index.php\/2019\/04\/06\/albowiem-tobie-powierzam-swoja-sprawe\/","title":{"rendered":"Albowiem Tobie powierzam swoj\u0105 spraw\u0119!"},"content":{"rendered":"<p><\/p>\n<div align=\"justify\" style=\"font-weight: normal; line-height: 150%; margin-bottom: 0cm;\">\n<span style=\"color: black;\"><span style=\"font-family: Book Antiqua, serif;\"><span style=\"font-size: x-large;\">Szcz\u0119\u015b\u0107<br \/>\nBo\u017ce! Moi Drodzy, w dniu dzisiejszym <b>urodziny prze\u017cywa Kamil<br \/>\nLewczuk, nale\u017c\u0105cy w swoim czasie do jednej z m\u0142odzie\u017cowych<br \/>\nWsp\u00f3lnot. <\/b><b>\u017bycz\u0119 Mu, aby zawsze odkrywa\u0142 w swoim sercu<br \/>\nodpowied\u017a na pytanie, kim dla Niego jest Jezus Chrystus? Wi\u0119cej o<br \/>\ntym \u2013 w rozwa\u017caniu. Ze swej strony, zapewniam o modlitwie!<\/b><\/span><\/span><\/span><\/div>\n<div align=\"justify\" style=\"background: transparent; font-weight: normal; line-height: 150%; margin-bottom: 0cm; page-break-before: auto; text-indent: 1.3cm;\">\n<span style=\"color: black;\"><span style=\"font-family: Book Antiqua, serif;\"><span style=\"font-size: x-large;\">I<br \/>\n\u017cycz\u0119 Wszystkim b\u0142ogos\u0142awionego dnia! Zaraz wyruszam na Spowied\u017a<br \/>\ndo s\u0105siedniej Parafii, do Wilczysk.<\/span><\/span><\/span><\/div>\n<div align=\"justify\" style=\"background: transparent; font-weight: normal; line-height: 150%; margin-bottom: 0cm; text-indent: 1.3cm;\">\n<span style=\"color: black;\"><span style=\"font-family: Book Antiqua, serif;\"><span style=\"font-size: x-large;\">A<br \/>\nprzy okazji \u2013 przypominam, \u017ce dzisiaj pierwsza sobota miesi\u0105ca!<\/span><\/span><\/span><\/div>\n<div align=\"center\" style=\"font-weight: normal; line-height: 150%; margin-bottom: 0cm;\">\n<span style=\"color: black;\"><span style=\"font-family: Book Antiqua, serif;\"><span style=\"font-size: x-large;\">Gaudium<br \/>\net spes!  Ks. Jacek<\/span><\/span><\/span><\/div>\n<div align=\"justify\" style=\"line-height: 150%; margin-bottom: 0cm;\">\n<span style=\"font-size: x-large;\"><\/p>\n<p><\/span><\/div>\n<div align=\"justify\" style=\"line-height: 150%; margin-bottom: 0cm;\">\n<span style=\"color: black;\"><span style=\"font-family: Book Antiqua, serif;\"><span style=\"font-size: x-large;\"><b>Sobota<br \/>\n4 Tygodnia Wielkiego Postu,<\/b><\/span><\/span><\/span><\/div>\n<div align=\"justify\" style=\"line-height: 150%; margin-bottom: 0cm;\">\n<span style=\"color: black;\"><span style=\"font-family: Book Antiqua, serif;\"><span style=\"font-size: x-large;\"><b>do<br \/>\nczyta\u0144:  Jr 11,18\u201320;  J 7,40\u201353<\/b><\/span><\/span><\/span><\/div>\n<div align=\"justify\" style=\"line-height: 150%; margin-bottom: 0cm;\">\n<span style=\"font-size: x-large;\"><\/p>\n<p><\/span><\/div>\n<div align=\"justify\" style=\"font-style: normal; font-variant: normal; letter-spacing: normal; line-height: 150%; margin-bottom: 0cm; page-break-before: auto;\">\n<span style=\"font-size: x-large;\"><span style=\"color: black;\"><span style=\"font-family: Book Antiqua, serif;\"><b>CZYTANIE<br \/>\nZ KSI\u0118GI PROROKA JEREMIASZA: <\/b><\/span><\/span><br \/>\n<\/span><\/div>\n<div align=\"justify\" style=\"font-style: normal; font-variant: normal; letter-spacing: normal; line-height: 150%; margin-bottom: 0cm; page-break-before: auto; text-indent: 1.3cm;\">\n<span style=\"font-size: x-large;\"><span style=\"color: black;\"><span style=\"font-family: Book Antiqua, serif;\"><b>Pan<br \/>\nmnie pouczy\u0142 i dowiedzia\u0142em si\u0119; wtedy przejrza\u0142em ich post\u0119pki.<br \/>\n<\/b><\/span><\/span><br \/>\n<\/span><\/div>\n<div align=\"justify\" style=\"font-style: normal; font-variant: normal; letter-spacing: normal; line-height: 150%; margin-bottom: 0cm; text-indent: 1.3cm;\">\n<span style=\"font-size: x-large;\"><span style=\"color: black;\"><span style=\"font-family: Book Antiqua, serif;\"><b>Ja<br \/>\nza\u015b jak baranek oswojony, kt\u00f3rego prowadz\u0105 na rze\u017a, nie<br \/>\nwiedzia\u0142em, \u017ce powzi\u0119li przeciw mnie zgubne plany: \u201eZniszczmy<br \/>\ndrzewo wraz z jego moc\u0105, zg\u0142ad\u017amy go z ziemi \u017cyj\u0105cych, a jego<br \/>\nimienia niech ju\u017c nikt nie wspomina!\u201d <\/b><\/span><\/span><br \/>\n<\/span><\/div>\n<div align=\"justify\" style=\"font-style: normal; font-variant: normal; letter-spacing: normal; line-height: 150%; margin-bottom: 0cm; text-indent: 1.3cm;\">\n<span style=\"color: black;\"><span style=\"font-family: Book Antiqua, serif;\"><span style=\"font-size: x-large;\"><b>Lecz<br \/>\nPan Zast\u0119p\u00f3w jest sprawiedliwym s\u0119dzi\u0105, bada sumienie i serce.<br \/>\nChcia\u0142bym zobaczy\u0107 Twoj\u0105 zemst\u0119 nad nimi, albowiem Tobie<br \/>\npowierzam swoj\u0105 spraw\u0119.<\/b><\/span><\/span><\/span><\/div>\n<div align=\"justify\" style=\"line-height: 150%; margin-bottom: 0cm;\">\n<span style=\"font-size: x-large;\"><\/p>\n<p><\/span><\/div>\n<div align=\"justify\" style=\"font-style: normal; font-variant: normal; letter-spacing: normal; line-height: 150%; margin-bottom: 0cm;\">\n<span style=\"font-size: x-large;\"><span style=\"color: black;\"><span style=\"font-family: Book Antiqua, serif;\"><b>S\u0141OWA<br \/>\nEWANGELII WED\u0141UG \u015aWI\u0118TEGO JANA: <\/b><\/span><\/span><br \/>\n<\/span><\/div>\n<div align=\"justify\" style=\"font-style: normal; font-variant: normal; letter-spacing: normal; line-height: 150%; margin-bottom: 0cm; page-break-before: auto; text-indent: 1.3cm;\">\n<span style=\"font-size: x-large;\"><span style=\"color: black;\"><span style=\"font-family: Book Antiqua, serif;\"><b>W\u015br\u00f3d<br \/>\nt\u0142um\u00f3w s\u0142uchaj\u0105cych Jezusa odezwa\u0142y si\u0119 g\u0142osy: \u201eTen<br \/>\nprawdziwie jest prorokiem\u201d. Inni m\u00f3wili: \u201eTo jest Mesjasz\u201d.<br \/>\nJeszcze inni m\u00f3wili: \u201eCzy\u017c Mesjasz przyjdzie z Galilei? Czy\u017c<br \/>\nPismo nie m\u00f3wi, \u017ce Mesjasz b\u0119dzie pochodzi\u0142 z potomstwa<br \/>\nDawidowego i z miasteczka Betlejem?\u201d I powsta\u0142o w t\u0142umie<br \/>\nrozdwojenie z Jego powodu. Niekt\u00f3rzy chcieli Go nawet pojma\u0107, lecz<br \/>\nnikt nie odwa\u017cy\u0142 si\u0119 podnie\u015b\u0107 na Niego r\u0119ki. <\/b><\/span><\/span><br \/>\n<\/span><\/div>\n<div align=\"justify\" style=\"font-style: normal; font-variant: normal; letter-spacing: normal; line-height: 150%; margin-bottom: 0cm; text-indent: 1.3cm;\">\n<span style=\"font-size: x-large;\"><span style=\"color: black;\"><span style=\"font-family: Book Antiqua, serif;\"><b>Wr\u00f3cili<br \/>\nwi\u0119c stra\u017cnicy do kap\u0142an\u00f3w i faryzeusz\u00f3w, a ci rzekli do nich:<br \/>\n\u201eCzemu\u015bcie Go nie pojmali?\u201d <\/b><\/span><\/span><br \/>\n<\/span><\/div>\n<div align=\"justify\" style=\"font-style: normal; font-variant: normal; letter-spacing: normal; line-height: 150%; margin-bottom: 0cm; text-indent: 1.3cm;\">\n<span style=\"font-size: x-large;\"><span style=\"color: black;\"><span style=\"font-family: Book Antiqua, serif;\"><b>Stra\u017cnicy<br \/>\nodpowiedzieli: \u201eNigdy jeszcze nikt nie przemawia\u0142 tak, jak Ten<br \/>\ncz\u0142owiek przemawia\u201d. <\/b><\/span><\/span><br \/>\n<\/span><\/div>\n<div align=\"justify\" style=\"font-style: normal; font-variant: normal; letter-spacing: normal; line-height: 150%; margin-bottom: 0cm; text-indent: 1.3cm;\">\n<span style=\"font-size: x-large;\"><span style=\"color: black;\"><span style=\"font-family: Book Antiqua, serif;\"><b>Odpowiedzieli<br \/>\nim faryzeusze: \u201eCzy\u017c i wy dali\u015bcie si\u0119 zwie\u015b\u0107? Czy kto\u015b ze<br \/>\nzwierzchnik\u00f3w lub faryzeusz\u00f3w uwierzy\u0142 w Niego? A ten t\u0142um, kt\u00f3ry<br \/>\nnie zna Prawa, jest przekl\u0119ty\u201d. <\/b><\/span><\/span><br \/>\n<\/span><\/div>\n<div align=\"justify\" style=\"font-style: normal; font-variant: normal; letter-spacing: normal; line-height: 150%; margin-bottom: 0cm; text-indent: 1.3cm;\">\n<span style=\"font-size: x-large;\"><span style=\"color: black;\"><span style=\"font-family: Book Antiqua, serif;\"><b>Odezwa\u0142<br \/>\nsi\u0119 do nich jeden spo\u015br\u00f3d nich, Nikodem, ten, kt\u00f3ry przedtem<br \/>\nprzyszed\u0142 do Niego: \u201eCzy Prawo nasze pot\u0119pia cz\u0142owieka, zanim go<br \/>\nwpierw przes\u0142ucha i zbada, co czyni?\u201d <\/b><\/span><\/span><br \/>\n<\/span><\/div>\n<div align=\"justify\" style=\"font-style: normal; font-variant: normal; letter-spacing: normal; line-height: 150%; margin-bottom: 0cm; text-indent: 1.3cm;\">\n<span style=\"font-size: x-large;\"><span style=\"color: black;\"><span style=\"font-family: Book Antiqua, serif;\"><b>Odpowiedzieli<br \/>\nmu: \u201eCzy i ty jeste\u015b z Galilei? Zbadaj, zobacz, \u017ce \u017caden prorok<br \/>\nnie powstaje z Galilei\u201d. <\/b><\/span><\/span><br \/>\n<\/span><\/div>\n<div align=\"justify\" style=\"font-style: normal; font-variant: normal; letter-spacing: normal; line-height: 150%; margin-bottom: 0cm; text-indent: 1.3cm;\">\n<span style=\"color: black;\"><span style=\"font-family: Book Antiqua, serif;\"><span style=\"font-size: x-large;\"><b>I<br \/>\nrozeszli si\u0119 ka\u017cdy do swego domu.<\/b><\/span><\/span><\/span><\/div>\n<div align=\"justify\" style=\"line-height: 150%; margin-bottom: 0cm;\">\n<span style=\"font-size: x-large;\"><\/p>\n<p><\/span><\/div>\n<div align=\"justify\" style=\"font-style: normal; font-variant: normal; font-weight: normal; letter-spacing: normal; line-height: 150%; margin-bottom: 0cm; page-break-before: auto; text-indent: 1.3cm;\">\n<span style=\"font-size: x-large;\"><span style=\"color: black;\"><span style=\"font-family: Book Antiqua, serif;\">Odk\u0105d<br \/>\ntylko Bo\u017cy Syn pojawi\u0142 si\u0119 na \u015bwiecie, staj\u0105c si\u0119 cz\u0142owiekiem<br \/>\ni podejmuj\u0105c swoj\u0105 zbawcz\u0105 misj\u0119, sta\u0142 si\u0119 \u2013 i do dzi\u015b jest<br \/>\n\u2013 <b>znakiem sprzeciwu.<\/b> I tak, jak bohaterowie dzisiejszej<br \/>\nEwangelii, tak ludzie wszystkich czas\u00f3w <b>spieraj\u0105 si\u0119, kim On<br \/>\njest i czy warto Mu wierzy\u0107<\/b> i i\u015b\u0107 za Nim, czy te\u017c zupe\u0142nie<br \/>\nnie warto\u2026 C\u00f3\u017c si\u0119 jednak okazuje? <\/span><\/span><br \/>\n<\/span><\/div>\n<div align=\"justify\" style=\"font-style: normal; font-variant: normal; font-weight: normal; letter-spacing: normal; line-height: 150%; margin-bottom: 0cm; text-indent: 1.3cm;\">\n<span style=\"font-size: x-large;\"><span style=\"color: black;\"><span style=\"font-family: Book Antiqua, serif;\">Wynika<br \/>\nto po cz\u0119\u015bci z przes\u0142ania dzisiejszej Ewangelii: Mesjasza<br \/>\nrozpoznawali w Nim <b>przede wszystkim<\/b><b> ludzie pro\u015bci.<\/b> To<br \/>\nw\u0142a\u015bnie owe \u201et\u0142umy\u201d \u2013 jak zosta\u0142o przet\u0142umaczone, by\u0107<br \/>\nmo\u017ce niezbyt szcz\u0119\u015bliwie, to s\u0142owo \u2013 <b>sz\u0142y za Jezusem,<br \/>\n<\/b>zachwycone Jego s\u0142owami i czynami. I to spo\u015br\u00f3d tych \u201et\u0142um\u00f3w\u201d<br \/>\npad\u0142o dzi\u015b stwierdzenie: <i><b>Ten prawdziwie jest prorokiem,<\/b><\/i><b><br \/>\n<\/b>a nast\u0119pnie: <i><b>To jest Mesjasz.<\/b><\/i> <\/span><\/span><br \/>\n<\/span><\/div>\n<div align=\"justify\" style=\"font-style: normal; font-variant: normal; font-weight: normal; letter-spacing: normal; line-height: 150%; margin-bottom: 0cm; text-indent: 1.3cm;\">\n<span style=\"font-size: x-large;\"><span style=\"color: black;\"><span style=\"font-family: Book Antiqua, serif;\">Chocia\u017c<br \/>\nnie brak\u0142o i tych, kt\u00f3rzy pow\u0105tpiewali, m\u00f3wi\u0105c: <i><b>Czy\u017c<br \/>\nMesjasz przyjdzie z Galilei? Czy\u017c Pismo nie m\u00f3wi, \u017ce Mesjasz<br \/>\nb\u0119dzie pochodzi\u0142 z potomstwa Dawidowego i z miasteczka Betlejem?<\/b><\/i><b><br \/>\n<\/b><\/span><\/span><br \/>\n<\/span><\/div>\n<div align=\"justify\" style=\"font-style: normal; font-variant: normal; font-weight: normal; letter-spacing: normal; line-height: 150%; margin-bottom: 0cm; text-indent: 1.3cm;\">\n<span style=\"font-size: x-large;\"><span style=\"color: black;\"><span style=\"font-family: Book Antiqua, serif;\">Natomiast<br \/>\nelita intelektualna i duchowa narodu wybranego, czyli faryzeusze,<br \/>\ntwierdzili z ca\u0142ym przekonaniem, <b>\u017ce to oszust, \u017ce wichrzyciel,<br \/>\na wr\u0119cz blu\u017anierca,<\/b> skoro nazywa siebie Synem Bo\u017cym. Jednak i<br \/>\nw\u015br\u00f3d nich pojawi\u0142 si\u0119 kto\u015b, kto zburzy\u0142 ich pewno\u015b\u0107 siebie i<br \/>\nprzekonanie o w\u0142asnej racji, stawiaj\u0105c im bardzo proste, a poniek\u0105d<br \/>\nzupe\u0142nie oczywiste pytanie: <i><b>Czy Prawo nasze pot\u0119pia<br \/>\ncz\u0142owieka, zanim go wpierw przes\u0142ucha i zbada, co czyni?<\/b><\/i><br \/>\nW\u0142a\u015bnie\u2026 <\/span><\/span><br \/>\n<\/span><\/div>\n<div align=\"justify\" style=\"font-style: normal; font-variant: normal; font-weight: normal; letter-spacing: normal; line-height: 150%; margin-bottom: 0cm; text-indent: 1.3cm;\">\n<span style=\"font-size: x-large;\"><span style=\"color: black;\"><span style=\"font-family: Book Antiqua, serif;\">To<br \/>\nzdecydowane i odwa\u017cne stanowisko Nikodema \u2013 bo o nim mowa \u2013<br \/>\nsprawi\u0142o, \u017ce ostatecznie wszyscy <i><b>rozeszli si\u0119 ka\u017cdy do<br \/>\nswego domu.<\/b><\/i><i> <\/i>Ale na pewno nie zrezygnowali ze swego<br \/>\nz\u0142ego nastawienia, bo przecie\u017c wiemy, \u017ce w ko\u0144cu doprowadzili do<br \/>\nniesprawiedliwego procesu<b> i skazania Jezusa. <\/b>A spory wok\u00f3\u0142<br \/>\nJego osoby i dzie\u0142a nadal by\u0142y i s\u0105 prowadzone. <\/span><\/span><br \/>\n<\/span><\/div>\n<div align=\"justify\" style=\"font-style: normal; font-variant: normal; font-weight: normal; letter-spacing: normal; line-height: 150%; margin-bottom: 0cm; text-indent: 1.3cm;\">\n<span style=\"font-size: x-large;\"><span style=\"color: black;\"><span style=\"font-family: Book Antiqua, serif;\">I<br \/>\nwci\u0105\u017c dokonuje si\u0119 to, o czym pisze dzi\u015b Jeremiasz, wyra\u017caj\u0105c<br \/>\n<b>b\u00f3l i rozterki ka\u017cdego Proroka,<\/b> pos\u0142anego przez Boga, a<br \/>\nodrzuconego przez ludzi. W spos\u00f3b szczeg\u00f3lny dzisiaj s\u0142owa te<br \/>\nodnosimy do Jezusa, bo na Nim sprawdzi\u0142y si\u0119 one w ca\u0142ej pe\u0142ni. I<br \/>\ntak, jak ka\u017cdy z Prorok\u00f3w, tak w\u0142a\u015bnie szczeg\u00f3lnie Bo\u017cy Syn<br \/>\nm\u00f3g\u0142 powiedzie\u0107: <i><b>Lecz Pan Zast\u0119p\u00f3w jest sprawiedliwym<br \/>\ns\u0119dzi\u0105, bada sumienie i serce. Chcia\u0142bym zobaczy\u0107 Twoj\u0105 zemst\u0119<br \/>\nnad nimi, albowiem Tobie powierzam swoj\u0105 spraw\u0119.<\/b><\/i><b> <\/b><\/span><\/span><br \/>\n<\/span><\/div>\n<div align=\"justify\" style=\"font-style: normal; font-variant: normal; font-weight: normal; letter-spacing: normal; line-height: 150%; margin-bottom: 0cm; text-indent: 1.3cm;\">\n<span style=\"font-size: x-large;\"><span style=\"color: black;\"><span style=\"font-family: Book Antiqua, serif;\">Tak,<br \/>\nbo przecie\u017c misja, jak\u0105 wype\u0142nia\u0142 Jezus, zosta\u0142a Mu <b>zlecona<br \/>\nprzez Ojca,<\/b> dlatego to z Jego strony m\u00f3g\u0142 si\u0119 spodziewa\u0107<br \/>\nwsparcia i os\u0142ony. I si\u0119 nie zawi\u00f3d\u0142! Bo przecie\u017c ostateczne<br \/>\nzwyci\u0119stwo <b>nale\u017ca\u0142o i nale\u017cy do Jezusa!<\/b> Jego misja zosta\u0142a<br \/>\nwype\u0142niona i przynosi do dzi\u015b b\u0142ogos\u0142awione owoce. A przeciwnicy?<br \/>\n<\/span><\/span><br \/>\n<\/span><\/div>\n<div align=\"justify\" style=\"font-style: normal; font-variant: normal; font-weight: normal; letter-spacing: normal; line-height: 150%; margin-bottom: 0cm; text-indent: 1.3cm;\">\n<span style=\"color: black;\"><span style=\"font-family: Book Antiqua, serif;\"><span style=\"font-size: x-large;\">C\u00f3\u017c,<br \/>\nB\u00f3g ich os\u0105dzi\u0142. My natomiast dzisiaj wskazujemy na nich jako na<br \/>\nludzi <b>pogubionych, zbuntowanych, ostatecznie przegranych\u2026<\/b><br \/>\nChocia\u017c w tym momencie, w kt\u00f3rym okazywali swoj\u0105 si\u0142\u0119, wydawa\u0142o<br \/>\nsi\u0119 im i wszystkim wok\u00f3\u0142, \u017ce s\u0105 zwyci\u0119zcami, to jednak<br \/>\n<b>ostateczne zwyci\u0119stwo nale\u017cy do Boga<\/b> i do tych, kt\u00f3rzy<br \/>\npozostaj\u0105 Mu do ko\u0144ca wierni. I jakkolwiek to ostateczne zwyci\u0119stwo<br \/>\n<b>nie od razu przychodzi <\/b>i wystawia na pr\u00f3b\u0119 wytrwa\u0142o\u015b\u0107 i<br \/>\ncierpliwo\u015b\u0107 Bo\u017cych s\u0142ug, to jednak warto pozosta\u0107 wiernym \u2013 do<br \/>\nko\u0144ca! A\u017c do zwyci\u0119stwa!<\/span><\/span><\/span><\/div>\n<div align=\"justify\" style=\"font-style: normal; font-variant: normal; font-weight: normal; letter-spacing: normal; line-height: 150%; margin-bottom: 0cm; text-indent: 1.3cm;\">\n<span style=\"font-size: x-large;\"><span style=\"color: black;\"><span style=\"font-family: Book Antiqua, serif;\">Moi<br \/>\nDrodzy, w naszych czasach w szczeg\u00f3lny spos\u00f3b <b>potrzeba tej<br \/>\nwierno\u015bci i tego\u017c \u015bwiadectwa. <\/b>Bo \u2013 jako rzekli\u015bmy \u2013 spory<br \/>\nwok\u00f3\u0142 osoby i dzie\u0142a Jezusa nadal s\u0105 prowadzone. Tak wielu si\u0119<br \/>\nsprzeciwia Jego Prawu i zasadom, kt\u00f3re g\u0142osi\u0142 i g\u0142osi przez sw\u00f3j<br \/>\nKo\u015bci\u00f3\u0142. <\/span><\/span><br \/>\n<\/span><\/div>\n<div align=\"justify\" style=\"font-style: normal; font-variant: normal; font-weight: normal; letter-spacing: normal; line-height: 150%; margin-bottom: 0cm; text-indent: 1.3cm;\">\n<span style=\"font-size: x-large;\"><span style=\"color: black;\"><span style=\"font-family: Book Antiqua, serif;\"><b>Po<br \/>\nkt\u00f3rej stronie tego sporu my si\u0119 opowiadamy?\u2026<\/b> Wielki Post<br \/>\njest dobr\u0105 okazj\u0105 do tego, by na to pytanie odpowiedzie\u0107, a<br \/>\nnast\u0119pnie \u2013 aby si\u0119 <b>po w\u0142a\u015bciwej stronie znale\u017a\u0107. <\/b>A<br \/>\nprzynajmniej \u2013 aby coraz bardziej si\u0119 do niej przybli\u017ca\u0107. <\/span><\/span><br \/>\n<\/span><\/div>\n<div align=\"justify\" style=\"font-style: normal; font-variant: normal; font-weight: normal; letter-spacing: normal; line-height: 150%; margin-bottom: 0cm; text-indent: 1.3cm;\">\n<span style=\"color: black;\"><span style=\"font-family: Book Antiqua, serif;\"><span style=\"font-size: x-large;\">Po<br \/>\nkt\u00f3rej stronie tego sporu ja dzisiaj widz\u0119 siebie?\u2026 Kim jest dla<br \/>\nmnie Jezus Chrystus \u2013<b> ale tak naprawd\u0119?<\/b> I czy przez ten<br \/>\nWielki Post staje si\u0119 cho\u0107 troch\u0119 bli\u017cszy?\u2026<\/span><\/span><\/span><\/div>\n","protected":false},"excerpt":{"rendered":"<p>Szcz\u0119\u015b\u0107 Bo\u017ce! Moi Drodzy, w dniu dzisiejszym urodziny prze\u017cywa Kamil Lewczuk, nale\u017c\u0105cy w swoim czasie do jednej z m\u0142odzie\u017cowych Wsp\u00f3lnot. \u017bycz\u0119 Mu, aby zawsze odkrywa\u0142 w swoim sercu odpowied\u017a na pytanie, kim dla Niego jest Jezus Chrystus? Wi\u0119cej o tym \u2013 w rozwa\u017caniu. Ze swej strony, zapewniam o modlitwie! I \u017cycz\u0119 Wszystkim b\u0142ogos\u0142awionego dnia! Zaraz [&hellip;]<\/p>\n","protected":false},"author":1,"featured_media":0,"comment_status":"open","ping_status":"open","sticky":false,"template":"","format":"standard","meta":{"jetpack_post_was_ever_published":false,"_jetpack_newsletter_access":"","_jetpack_dont_email_post_to_subs":false,"_jetpack_newsletter_tier_id":0,"_jetpack_memberships_contains_paywalled_content":false,"_jetpack_memberships_contains_paid_content":false,"footnotes":""},"categories":[1],"tags":[],"class_list":["post-14641","post","type-post","status-publish","format-standard","hentry","category-bez-kategorii"],"yoast_head":"<!-- This site is optimized with the Yoast SEO plugin v25.1 - https:\/\/yoast.com\/wordpress\/plugins\/seo\/ -->\n<title>Albowiem Tobie powierzam swoj\u0105 spraw\u0119! - Gaudium Et Spes<\/title>\n<meta name=\"robots\" content=\"index, follow, max-snippet:-1, max-image-preview:large, max-video-preview:-1\" \/>\n<link rel=\"canonical\" href=\"https:\/\/gaudiumetspes-blog.pl\/index.php\/2019\/04\/06\/albowiem-tobie-powierzam-swoja-sprawe\/\" \/>\n<meta property=\"og:locale\" content=\"pl_PL\" \/>\n<meta property=\"og:type\" content=\"article\" \/>\n<meta property=\"og:title\" content=\"Albowiem Tobie powierzam swoj\u0105 spraw\u0119! - Gaudium Et Spes\" \/>\n<meta property=\"og:description\" content=\"Szcz\u0119\u015b\u0107 Bo\u017ce! Moi Drodzy, w dniu dzisiejszym urodziny prze\u017cywa Kamil Lewczuk, nale\u017c\u0105cy w swoim czasie do jednej z m\u0142odzie\u017cowych Wsp\u00f3lnot. \u017bycz\u0119 Mu, aby zawsze odkrywa\u0142 w swoim sercu odpowied\u017a na pytanie, kim dla Niego jest Jezus Chrystus? Wi\u0119cej o tym \u2013 w rozwa\u017caniu. Ze swej strony, zapewniam o modlitwie! I \u017cycz\u0119 Wszystkim b\u0142ogos\u0142awionego dnia! Zaraz [&hellip;]\" \/>\n<meta property=\"og:url\" content=\"https:\/\/gaudiumetspes-blog.pl\/index.php\/2019\/04\/06\/albowiem-tobie-powierzam-swoja-sprawe\/\" \/>\n<meta property=\"og:site_name\" content=\"Gaudium Et Spes\" \/>\n<meta property=\"article:published_time\" content=\"2019-04-06T04:36:00+00:00\" \/>\n<meta property=\"article:modified_time\" content=\"2019-07-31T11:01:41+00:00\" \/>\n<meta name=\"author\" content=\"Ks. Jacek\" \/>\n<meta name=\"twitter:card\" content=\"summary_large_image\" \/>\n<meta name=\"twitter:label1\" content=\"Napisane przez\" \/>\n\t<meta name=\"twitter:data1\" content=\"Ks. Jacek\" \/>\n\t<meta name=\"twitter:label2\" content=\"Szacowany czas czytania\" \/>\n\t<meta name=\"twitter:data2\" content=\"5 minut\" \/>\n<script type=\"application\/ld+json\" class=\"yoast-schema-graph\">{\"@context\":\"https:\/\/schema.org\",\"@graph\":[{\"@type\":\"WebPage\",\"@id\":\"https:\/\/gaudiumetspes-blog.pl\/index.php\/2019\/04\/06\/albowiem-tobie-powierzam-swoja-sprawe\/\",\"url\":\"https:\/\/gaudiumetspes-blog.pl\/index.php\/2019\/04\/06\/albowiem-tobie-powierzam-swoja-sprawe\/\",\"name\":\"Albowiem Tobie powierzam swoj\u0105 spraw\u0119! - Gaudium Et Spes\",\"isPartOf\":{\"@id\":\"https:\/\/gaudiumetspes-blog.pl\/#website\"},\"datePublished\":\"2019-04-06T04:36:00+00:00\",\"dateModified\":\"2019-07-31T11:01:41+00:00\",\"author\":{\"@id\":\"https:\/\/gaudiumetspes-blog.pl\/#\/schema\/person\/1661982992b752dea8dff0d4ed845a65\"},\"breadcrumb\":{\"@id\":\"https:\/\/gaudiumetspes-blog.pl\/index.php\/2019\/04\/06\/albowiem-tobie-powierzam-swoja-sprawe\/#breadcrumb\"},\"inLanguage\":\"pl-PL\",\"potentialAction\":[{\"@type\":\"ReadAction\",\"target\":[\"https:\/\/gaudiumetspes-blog.pl\/index.php\/2019\/04\/06\/albowiem-tobie-powierzam-swoja-sprawe\/\"]}]},{\"@type\":\"BreadcrumbList\",\"@id\":\"https:\/\/gaudiumetspes-blog.pl\/index.php\/2019\/04\/06\/albowiem-tobie-powierzam-swoja-sprawe\/#breadcrumb\",\"itemListElement\":[{\"@type\":\"ListItem\",\"position\":1,\"name\":\"Strona g\u0142\u00f3wna\",\"item\":\"https:\/\/gaudiumetspes-blog.pl\/\"},{\"@type\":\"ListItem\",\"position\":2,\"name\":\"Albowiem Tobie powierzam swoj\u0105 spraw\u0119!\"}]},{\"@type\":\"WebSite\",\"@id\":\"https:\/\/gaudiumetspes-blog.pl\/#website\",\"url\":\"https:\/\/gaudiumetspes-blog.pl\/\",\"name\":\"Gaudium Et Spes\",\"description\":\"Blog Ks. Jacka Ja\u015bkowskiego\",\"potentialAction\":[{\"@type\":\"SearchAction\",\"target\":{\"@type\":\"EntryPoint\",\"urlTemplate\":\"https:\/\/gaudiumetspes-blog.pl\/?s={search_term_string}\"},\"query-input\":{\"@type\":\"PropertyValueSpecification\",\"valueRequired\":true,\"valueName\":\"search_term_string\"}}],\"inLanguage\":\"pl-PL\"},{\"@type\":\"Person\",\"@id\":\"https:\/\/gaudiumetspes-blog.pl\/#\/schema\/person\/1661982992b752dea8dff0d4ed845a65\",\"name\":\"Ks. Jacek\",\"image\":{\"@type\":\"ImageObject\",\"inLanguage\":\"pl-PL\",\"@id\":\"https:\/\/gaudiumetspes-blog.pl\/#\/schema\/person\/image\/\",\"url\":\"https:\/\/gaudiumetspes-blog.pl\/wp-content\/uploads\/2019\/07\/avatar-JJ-150x150.jpg\",\"contentUrl\":\"https:\/\/gaudiumetspes-blog.pl\/wp-content\/uploads\/2019\/07\/avatar-JJ-150x150.jpg\",\"caption\":\"Ks. Jacek\"},\"description\":\"Witam serdecznie! K\u0142ania si\u0119 Ks. Jacek Ja\u015bkowski. Nie jestem ani kim\u015b wa\u017cnym, ani kim\u015b znanym. Jestem ksi\u0119dzem, kt\u00f3ry po prostu chce rozmawia\u0107. Codzienna kap\u0142a\u0144ska pos\u0142uga pokazuje mi, \u017ce temat\u00f3w do rozm\u00f3w z ksi\u0119dzem jest coraz wi\u0119cej i dzisiaj \u017caden ksi\u0105dz nie mo\u017ce od nich ucieka\u0107, ale - wprost przeciwnie - podejmowa\u0107 nowe wyzwania. To przekonanie sk\u0142oni\u0142o mnie do pr\u00f3by otwarcia tego\u017c bloga, chocia\u017c okazji do rozm\u00f3w na co dzie\u0144 - w konfesjonale i poza nim - na szcz\u0119\u015bcie nie brakuje. My\u015bl\u0119 jednak, \u017ce ten blog b\u0119dzie jeszcze jednym sposobem i przestrzeni\u0105 nawi\u0105zania kontaktu z lud\u017ami dobrej woli, otwartymi na dialog.\",\"url\":\"https:\/\/gaudiumetspes-blog.pl\/index.php\/author\/ks-jacek\/\"}]}<\/script>\n<!-- \/ Yoast SEO plugin. -->","yoast_head_json":{"title":"Albowiem Tobie powierzam swoj\u0105 spraw\u0119! - Gaudium Et Spes","robots":{"index":"index","follow":"follow","max-snippet":"max-snippet:-1","max-image-preview":"max-image-preview:large","max-video-preview":"max-video-preview:-1"},"canonical":"https:\/\/gaudiumetspes-blog.pl\/index.php\/2019\/04\/06\/albowiem-tobie-powierzam-swoja-sprawe\/","og_locale":"pl_PL","og_type":"article","og_title":"Albowiem Tobie powierzam swoj\u0105 spraw\u0119! - Gaudium Et Spes","og_description":"Szcz\u0119\u015b\u0107 Bo\u017ce! Moi Drodzy, w dniu dzisiejszym urodziny prze\u017cywa Kamil Lewczuk, nale\u017c\u0105cy w swoim czasie do jednej z m\u0142odzie\u017cowych Wsp\u00f3lnot. \u017bycz\u0119 Mu, aby zawsze odkrywa\u0142 w swoim sercu odpowied\u017a na pytanie, kim dla Niego jest Jezus Chrystus? Wi\u0119cej o tym \u2013 w rozwa\u017caniu. Ze swej strony, zapewniam o modlitwie! I \u017cycz\u0119 Wszystkim b\u0142ogos\u0142awionego dnia! Zaraz [&hellip;]","og_url":"https:\/\/gaudiumetspes-blog.pl\/index.php\/2019\/04\/06\/albowiem-tobie-powierzam-swoja-sprawe\/","og_site_name":"Gaudium Et Spes","article_published_time":"2019-04-06T04:36:00+00:00","article_modified_time":"2019-07-31T11:01:41+00:00","author":"Ks. Jacek","twitter_card":"summary_large_image","twitter_misc":{"Napisane przez":"Ks. Jacek","Szacowany czas czytania":"5 minut"},"schema":{"@context":"https:\/\/schema.org","@graph":[{"@type":"WebPage","@id":"https:\/\/gaudiumetspes-blog.pl\/index.php\/2019\/04\/06\/albowiem-tobie-powierzam-swoja-sprawe\/","url":"https:\/\/gaudiumetspes-blog.pl\/index.php\/2019\/04\/06\/albowiem-tobie-powierzam-swoja-sprawe\/","name":"Albowiem Tobie powierzam swoj\u0105 spraw\u0119! - Gaudium Et Spes","isPartOf":{"@id":"https:\/\/gaudiumetspes-blog.pl\/#website"},"datePublished":"2019-04-06T04:36:00+00:00","dateModified":"2019-07-31T11:01:41+00:00","author":{"@id":"https:\/\/gaudiumetspes-blog.pl\/#\/schema\/person\/1661982992b752dea8dff0d4ed845a65"},"breadcrumb":{"@id":"https:\/\/gaudiumetspes-blog.pl\/index.php\/2019\/04\/06\/albowiem-tobie-powierzam-swoja-sprawe\/#breadcrumb"},"inLanguage":"pl-PL","potentialAction":[{"@type":"ReadAction","target":["https:\/\/gaudiumetspes-blog.pl\/index.php\/2019\/04\/06\/albowiem-tobie-powierzam-swoja-sprawe\/"]}]},{"@type":"BreadcrumbList","@id":"https:\/\/gaudiumetspes-blog.pl\/index.php\/2019\/04\/06\/albowiem-tobie-powierzam-swoja-sprawe\/#breadcrumb","itemListElement":[{"@type":"ListItem","position":1,"name":"Strona g\u0142\u00f3wna","item":"https:\/\/gaudiumetspes-blog.pl\/"},{"@type":"ListItem","position":2,"name":"Albowiem Tobie powierzam swoj\u0105 spraw\u0119!"}]},{"@type":"WebSite","@id":"https:\/\/gaudiumetspes-blog.pl\/#website","url":"https:\/\/gaudiumetspes-blog.pl\/","name":"Gaudium Et Spes","description":"Blog Ks. Jacka Ja\u015bkowskiego","potentialAction":[{"@type":"SearchAction","target":{"@type":"EntryPoint","urlTemplate":"https:\/\/gaudiumetspes-blog.pl\/?s={search_term_string}"},"query-input":{"@type":"PropertyValueSpecification","valueRequired":true,"valueName":"search_term_string"}}],"inLanguage":"pl-PL"},{"@type":"Person","@id":"https:\/\/gaudiumetspes-blog.pl\/#\/schema\/person\/1661982992b752dea8dff0d4ed845a65","name":"Ks. Jacek","image":{"@type":"ImageObject","inLanguage":"pl-PL","@id":"https:\/\/gaudiumetspes-blog.pl\/#\/schema\/person\/image\/","url":"https:\/\/gaudiumetspes-blog.pl\/wp-content\/uploads\/2019\/07\/avatar-JJ-150x150.jpg","contentUrl":"https:\/\/gaudiumetspes-blog.pl\/wp-content\/uploads\/2019\/07\/avatar-JJ-150x150.jpg","caption":"Ks. Jacek"},"description":"Witam serdecznie! K\u0142ania si\u0119 Ks. Jacek Ja\u015bkowski. Nie jestem ani kim\u015b wa\u017cnym, ani kim\u015b znanym. Jestem ksi\u0119dzem, kt\u00f3ry po prostu chce rozmawia\u0107. Codzienna kap\u0142a\u0144ska pos\u0142uga pokazuje mi, \u017ce temat\u00f3w do rozm\u00f3w z ksi\u0119dzem jest coraz wi\u0119cej i dzisiaj \u017caden ksi\u0105dz nie mo\u017ce od nich ucieka\u0107, ale - wprost przeciwnie - podejmowa\u0107 nowe wyzwania. To przekonanie sk\u0142oni\u0142o mnie do pr\u00f3by otwarcia tego\u017c bloga, chocia\u017c okazji do rozm\u00f3w na co dzie\u0144 - w konfesjonale i poza nim - na szcz\u0119\u015bcie nie brakuje. My\u015bl\u0119 jednak, \u017ce ten blog b\u0119dzie jeszcze jednym sposobem i przestrzeni\u0105 nawi\u0105zania kontaktu z lud\u017ami dobrej woli, otwartymi na dialog.","url":"https:\/\/gaudiumetspes-blog.pl\/index.php\/author\/ks-jacek\/"}]}},"jetpack_featured_media_url":"","jetpack_sharing_enabled":true,"_links":{"self":[{"href":"https:\/\/gaudiumetspes-blog.pl\/index.php\/wp-json\/wp\/v2\/posts\/14641","targetHints":{"allow":["GET"]}}],"collection":[{"href":"https:\/\/gaudiumetspes-blog.pl\/index.php\/wp-json\/wp\/v2\/posts"}],"about":[{"href":"https:\/\/gaudiumetspes-blog.pl\/index.php\/wp-json\/wp\/v2\/types\/post"}],"author":[{"embeddable":true,"href":"https:\/\/gaudiumetspes-blog.pl\/index.php\/wp-json\/wp\/v2\/users\/1"}],"replies":[{"embeddable":true,"href":"https:\/\/gaudiumetspes-blog.pl\/index.php\/wp-json\/wp\/v2\/comments?post=14641"}],"version-history":[{"count":1,"href":"https:\/\/gaudiumetspes-blog.pl\/index.php\/wp-json\/wp\/v2\/posts\/14641\/revisions"}],"predecessor-version":[{"id":15107,"href":"https:\/\/gaudiumetspes-blog.pl\/index.php\/wp-json\/wp\/v2\/posts\/14641\/revisions\/15107"}],"wp:attachment":[{"href":"https:\/\/gaudiumetspes-blog.pl\/index.php\/wp-json\/wp\/v2\/media?parent=14641"}],"wp:term":[{"taxonomy":"category","embeddable":true,"href":"https:\/\/gaudiumetspes-blog.pl\/index.php\/wp-json\/wp\/v2\/categories?post=14641"},{"taxonomy":"post_tag","embeddable":true,"href":"https:\/\/gaudiumetspes-blog.pl\/index.php\/wp-json\/wp\/v2\/tags?post=14641"}],"curies":[{"name":"wp","href":"https:\/\/api.w.org\/{rel}","templated":true}]}}