{"id":14647,"date":"2019-03-31T03:53:00","date_gmt":"2019-03-31T01:53:00","guid":{"rendered":"https:\/\/gaudiumetspes-blog.pl\/index.php\/2019\/03\/31\/odwaga-i-radosc-nowosci\/"},"modified":"2019-07-31T13:01:11","modified_gmt":"2019-07-31T11:01:11","slug":"odwaga-i-radosc-nowosci","status":"publish","type":"post","link":"https:\/\/gaudiumetspes-blog.pl\/index.php\/2019\/03\/31\/odwaga-i-radosc-nowosci\/","title":{"rendered":"Odwaga i rado\u015b\u0107 nowo\u015bci!"},"content":{"rendered":"<p><\/p>\n<div align=\"justify\" style=\"font-weight: normal; line-height: 150%; margin-bottom: 0cm;\">\n<\/div>\n<div align=\"justify\" style=\"font-weight: normal; line-height: 150%; margin-bottom: 0cm;\">\n<span style=\"color: black;\"><span style=\"font-family: Book Antiqua, serif;\"><span style=\"font-size: x-large;\">Niech<br \/>\nb\u0119dzie pochwalony Jezus Chrystus! Moi Drodzy, w dniu dzisiejszym<br \/>\n<b>urodziny prze\u017cywa Kamila Malinowska, nale\u017c\u0105ca w swoim czasie do<br \/>\njednej z m\u0142odzie\u017cowych Wsp\u00f3lnot. Niech Jej Pan b\u0142ogos\u0142awi i<br \/>\nci\u0105gle duchowo odnawia \u2013 jak o tym mowa w rozwa\u017caniu. Zapewniam o<br \/>\nmodlitwie!<\/b><\/span><\/span><\/span><\/div>\n<div align=\"justify\" style=\"background: transparent; font-weight: normal; line-height: 150%; margin-bottom: 0cm; page-break-before: auto; text-indent: 1.3cm;\">\n<span style=\"color: black;\"><span style=\"font-family: Book Antiqua, serif;\"><span style=\"font-size: x-large;\">Dzisiejsz\u0105<br \/>\nniedziel\u0119 \u2013 czwart\u0105 Wielkiego Postu \u2013 nazywamy w liturgii<br \/>\nNiedziel\u0105 \u201eLaetare\u201d, czyli niedziel\u0105 radosn\u0105. Oto Wielki Post<br \/>\nzosta\u0142 przepo\u0142owiony, coraz bardziej zbli\u017ca si\u0119 jego dope\u0142nienie.<br \/>\nPrzeto wyra\u017camy rado\u015b\u0107 z tego, \u017ce Pan tak intensywnie dzia\u0142a w<br \/>\nnaszym \u017cyciu. A owo \u0142aci\u0144skie s\u0142owo, oznaczaj\u0105ce wezwanie do<br \/>\nrado\u015bci, to jedno z pierwszych s\u0142\u00f3w antyfony na wej\u015bcie z<br \/>\ndzisiejszej liturgii Mszy \u015awi\u0119tej.<\/span><\/span><\/span><\/div>\n<div align=\"justify\" style=\"background: transparent; font-weight: normal; line-height: 150%; margin-bottom: 0cm; text-indent: 1.3cm;\">\n<span style=\"font-size: x-large;\"><span style=\"color: black;\"><span style=\"font-family: Book Antiqua, serif;\">W<br \/>\nMiastkowie dzisiaj ko\u0144cz\u0105 si\u0119 Rekolekcje wielkopostne. Bogu niech<br \/>\nb\u0119d\u0105 dzi\u0119ki za tak wiele Os\u00f3b, kt\u00f3re przyst\u0105pi\u0142y do Spowiedzi<br \/>\n\u015awi\u0119tej i w\u0142\u0105czy\u0142o si\u0119 w to dzie\u0142o. Niestety, wielu si\u0119 nie<br \/>\nw\u0142\u0105czy\u0142o\u2026 Na co czekaj\u0105?\u2026 <\/span><\/span><br \/>\n<\/span><\/div>\n<div align=\"justify\" style=\"background: transparent; font-weight: normal; line-height: 150%; margin-bottom: 0cm; text-indent: 1.3cm;\">\n<span style=\"color: black;\"><span style=\"font-family: Book Antiqua, serif;\"><span style=\"font-size: x-large;\">Moi<br \/>\nDrodzy, trwa Pielgrzymka Ojca \u015awi\u0119tego do Maroka. Telewizja TRWAM<br \/>\nprowadzi transmisj\u0119 z kolejnych jej etap\u00f3w. Zach\u0119cam do<br \/>\nzainteresowania si\u0119 tym dzie\u0142em i do wspierania go modlitw\u0105.<\/span><\/span><\/span><\/div>\n<div align=\"justify\" style=\"background: transparent; font-weight: normal; line-height: 150%; margin-bottom: 0cm; text-indent: 1.3cm;\">\n<span style=\"color: black;\"><span style=\"font-family: Book Antiqua, serif;\"><span style=\"font-size: x-large;\">A<br \/>\nmy \u2013 c\u00f3\u017c? Mamy za sob\u0105 kr\u00f3tsz\u0105 noc\u2026 Na szcz\u0119\u015bcie, ju\u017c<br \/>\nnied\u0142ugo zmiana czasu przejdzie do historii. Ju\u017c dawno powinna!<\/span><\/span><\/span><\/div>\n<div align=\"justify\" style=\"background: transparent; font-weight: normal; line-height: 150%; margin-bottom: 0cm; text-indent: 1.3cm;\">\n<span style=\"color: black;\"><span style=\"font-family: Book Antiqua, serif;\"><span style=\"font-size: x-large;\">Na<br \/>\ng\u0142\u0119bokie i radosne prze\u017cywanie Dnia Pa\u0144skiego \u2013 <b>niech Was<br \/>\nb\u0142ogos\u0142awi B\u00f3g Wszechmog\u0105cy: Ojciec + i Syn, i Duch \u015awi\u0119ty.<br \/>\nAmen<\/b><\/span><\/span><\/span><\/div>\n<div align=\"center\" style=\"background: transparent; font-weight: normal; line-height: 150%; margin-bottom: 0cm;\">\n<span style=\"color: black;\"><span style=\"font-family: Book Antiqua, serif;\"><span style=\"font-size: x-large;\">Gaudium<br \/>\net spes!  Ks. Jacek<\/span><\/span><\/span><\/div>\n<div align=\"justify\" style=\"line-height: 150%; margin-bottom: 0cm;\">\n<span style=\"font-size: x-large;\"><\/p>\n<p><\/span><\/div>\n<div align=\"justify\" style=\"line-height: 150%; margin-bottom: 0cm;\">\n<span style=\"color: black;\"><span style=\"font-family: Book Antiqua, serif;\"><span style=\"font-size: x-large;\"><b>4<br \/>\nNiedziela Wielkiego Postu, C,<\/b><\/span><\/span><\/span><\/div>\n<div align=\"justify\" style=\"line-height: 150%; margin-bottom: 0cm;\">\n<span style=\"color: black;\"><span style=\"font-family: Book Antiqua, serif;\"><span style=\"font-size: x-large;\"><b>do<br \/>\nczyta\u0144:  Joz 5.9a.10\u201312;  2 Kor 5,17\u201321;  \u0141k 15,1\u20133.11\u201332<\/b><\/span><\/span><\/span><\/div>\n<div align=\"justify\" style=\"line-height: 150%; margin-bottom: 0cm;\">\n<span style=\"font-size: x-large;\"><\/p>\n<p><\/span><\/div>\n<div align=\"justify\" style=\"font-style: normal; font-variant: normal; letter-spacing: normal; line-height: 150%; margin-bottom: 0cm;\">\n<span style=\"color: black;\"><span style=\"font-family: Book Antiqua, serif;\"><span style=\"font-size: x-large;\"><b>CZYTANIE<br \/>\nZ KSI\u0118GI JOZUEGO:<\/b><\/span><\/span><\/span><\/div>\n<div align=\"justify\" style=\"border: none; font-style: normal; font-variant: normal; letter-spacing: normal; line-height: 150%; margin-bottom: 0cm; padding: 0cm; page-break-before: auto; text-indent: 1.3cm; widows: 1;\">\n<span style=\"color: black;\"><span style=\"font-family: Book Antiqua, serif;\"><span style=\"font-size: x-large;\"><b>Pan<br \/>\nrzek\u0142 do Jozuego: \u201eDzi\u015b zrzuci\u0142em z was ha\u0144b\u0119 egipsk\u0105\u201d.<\/b><\/span><\/span><\/span><\/div>\n<div align=\"justify\" style=\"border: none; font-style: normal; font-variant: normal; letter-spacing: normal; line-height: 150%; margin-bottom: 0cm; padding: 0cm; text-indent: 1.3cm; widows: 1;\">\n<span style=\"color: black;\"><span style=\"font-family: Book Antiqua, serif;\"><span style=\"font-size: x-large;\"><b>Roz\u0142o\u017cyli<br \/>\nsi\u0119 obozem synowie Izraela w Gilgal i tam obchodzili Pasch\u0119<br \/>\nczternastego dnia miesi\u0105ca wieczorem, na r\u00f3wninie Jerycha.<br \/>\nNast\u0119pnego dnia Paschy jedli z plonu tej krainy, chleby prza\u015bne i<br \/>\nk\u0142osy pra\u017cone tego samego dnia.<\/b><\/span><\/span><\/span><\/div>\n<div align=\"justify\" style=\"border: none; font-style: normal; font-variant: normal; letter-spacing: normal; line-height: 150%; margin-bottom: 0cm; padding: 0cm; text-indent: 1.3cm; widows: 1;\">\n<span style=\"color: black;\"><span style=\"font-family: Book Antiqua, serif;\"><span style=\"font-size: x-large;\"><b>Manna<br \/>\nusta\u0142a nast\u0119pnego dnia, gdy zacz\u0119li je\u015b\u0107 plon tej ziemi. Nie<br \/>\nmieli ju\u017c wi\u0119cej synowie Izraela manny, lecz \u017cywili si\u0119 tego roku<br \/>\nz plon\u00f3w ziemi Kanaan.<\/b><\/span><\/span><\/span><\/div>\n<div align=\"justify\" style=\"font-style: normal; font-variant: normal; letter-spacing: normal; line-height: 150%; margin-bottom: 0cm;\">\n<span style=\"font-size: x-large;\"><\/p>\n<p><\/span><\/div>\n<div align=\"justify\" style=\"font-style: normal; font-variant: normal; letter-spacing: normal; line-height: 150%; margin-bottom: 0cm;\">\n<span style=\"color: black;\"><span style=\"font-family: Book Antiqua, serif;\"><span style=\"font-size: x-large;\"><b>CZYTANIE<br \/>\nZ DRUGIEGO LISTU \u015aWI\u0118TEGO PAW\u0141A APOSTO\u0141A DO KORYNTIAN:<\/b><\/span><\/span><\/span><\/div>\n<div align=\"justify\" style=\"border: none; font-style: normal; font-variant: normal; letter-spacing: normal; line-height: 150%; margin-bottom: 0cm; padding: 0cm; page-break-before: auto; text-indent: 1.3cm; widows: 1;\">\n<span style=\"color: black;\"><span style=\"font-family: Book Antiqua, serif;\"><span style=\"font-size: x-large;\"><b>Bracia:<br \/>\nJe\u017celi kto\u015b pozostaje w Chrystusie, jest nowym stworzeniem. To, co<br \/>\ndawne, min\u0119\u0142o, a oto wszystko sta\u0142o si\u0119 nowe. Wszystko za\u015b to<br \/>\npochodzi od Boga, kt\u00f3ry pojedna\u0142 nas z sob\u0105 przez Chrystusa i<br \/>\nzleci\u0142 nam pos\u0142ug\u0119 jednania. Albowiem w Chrystusie B\u00f3g pojedna\u0142<br \/>\nze sob\u0105 \u015bwiat, nie poczytuj\u0105c ludziom ich grzech\u00f3w, nam za\u015b<br \/>\nprzekazuj\u0105c s\u0142owo pojednania. Tak wi\u0119c w imieniu Chrystusa<br \/>\nspe\u0142niamy pos\u0142annictwo jakby Boga samego, kt\u00f3ry przez nas udziela<br \/>\nnapomnie\u0144.<\/b><\/span><\/span><\/span><\/div>\n<div align=\"justify\" style=\"border: none; font-style: normal; font-variant: normal; letter-spacing: normal; line-height: 150%; margin-bottom: 0cm; padding: 0cm; text-indent: 1.3cm; widows: 1;\">\n<span style=\"color: black;\"><span style=\"font-family: Book Antiqua, serif;\"><span style=\"font-size: x-large;\"><b>W<br \/>\nimi\u0119 Chrystusa prosimy: pojednajcie si\u0119 z Bogiem. On to dla nas<br \/>\ngrzechem uczyni\u0142 Tego, kt\u00f3ry nie zna\u0142 grzechu, aby\u015bmy si\u0119 stali<br \/>\nw Nim sprawiedliwo\u015bci\u0105 Bo\u017c\u0105.<\/b><\/span><\/span><\/span><\/div>\n<div align=\"justify\" style=\"font-style: normal; font-variant: normal; letter-spacing: normal; line-height: 150%; margin-bottom: 0cm;\">\n<span style=\"font-size: x-large;\"><\/p>\n<p><\/span><\/div>\n<div align=\"justify\" style=\"font-style: normal; font-variant: normal; letter-spacing: normal; line-height: 150%; margin-bottom: 0cm;\">\n<span style=\"color: black;\"><span style=\"font-family: Book Antiqua, serif;\"><span style=\"font-size: x-large;\"><b>S\u0141OWA<br \/>\nEWANGELII WED\u0141UG \u015aWI\u0118TEGO \u0141UKASZA:<\/b><\/span><\/span><\/span><\/div>\n<div align=\"justify\" style=\"border: none; font-style: normal; font-variant: normal; letter-spacing: normal; line-height: 150%; margin-bottom: 0cm; padding: 0cm; page-break-before: auto; text-indent: 1.3cm; widows: 1;\">\n<span style=\"color: black;\"><span style=\"font-family: Book Antiqua, serif;\"><span style=\"font-size: x-large;\"><b>W<br \/>\nowym czasie zbli\u017cali si\u0119 do Jezusa wszyscy celnicy i grzesznicy,<br \/>\naby Go s\u0142ucha\u0107. Na to szemrali faryzeusze i uczeni w Pi\u015bmie: \u201eTen<br \/>\nprzyjmuje grzesznik\u00f3w i jada z nimi\u201d.<\/b><\/span><\/span><\/span><\/div>\n<div align=\"justify\" style=\"border: none; font-style: normal; font-variant: normal; letter-spacing: normal; line-height: 150%; margin-bottom: 0cm; padding: 0cm; text-indent: 1.3cm; widows: 1;\">\n<span style=\"color: black;\"><span style=\"font-family: Book Antiqua, serif;\"><span style=\"font-size: x-large;\"><b>Opowiedzia\u0142<br \/>\nim wtedy nast\u0119puj\u0105c\u0105 przypowie\u015b\u0107:<\/b><\/span><\/span><\/span><\/div>\n<div align=\"justify\" style=\"border: none; font-style: normal; font-variant: normal; letter-spacing: normal; line-height: 150%; margin-bottom: 0cm; padding: 0cm; text-indent: 1.3cm; widows: 1;\">\n<span style=\"color: black; font-size: x-large;\">\u201e<span style=\"font-family: Book Antiqua, serif;\"><b>Pewien<br \/>\ncz\u0142owiek mia\u0142 dw\u00f3ch syn\u00f3w. M\u0142odszy z nich rzek\u0142 do ojca:<br \/>\n\u00abOjcze, daj mi cz\u0119\u015b\u0107 maj\u0105tku, kt\u00f3ra na mnie przypada\u00bb.<br \/>\nPodzieli\u0142 wi\u0119c maj\u0105tek mi\u0119dzy nich. Nied\u0142ugo potem m\u0142odszy syn,<br \/>\nzabrawszy wszystko, odjecha\u0142 w dalekie strony i tam roztrwoni\u0142 sw\u00f3j<br \/>\nmaj\u0105tek, \u017cyj\u0105c rozrzutnie.<\/b><\/span><\/span><\/div>\n<div align=\"justify\" style=\"border: none; font-style: normal; font-variant: normal; letter-spacing: normal; line-height: 150%; margin-bottom: 0cm; padding: 0cm; text-indent: 1.3cm; widows: 1;\">\n<span style=\"color: black;\"><span style=\"font-family: Book Antiqua, serif;\"><span style=\"font-size: x-large;\"><b>A<br \/>\ngdy wszystko wyda\u0142, nasta\u0142 ci\u0119\u017cki g\u0142\u00f3d w owej krainie i on sam<br \/>\nzacz\u0105\u0142 cierpie\u0107 niedostatek. Poszed\u0142 i przysta\u0142 do jednego z<br \/>\nobywateli owej krainy, a ten pos\u0142a\u0142 go na swoje pola, \u017ceby pas\u0142<br \/>\n\u015bwinie. Pragn\u0105\u0142 on nape\u0142ni\u0107 sw\u00f3j \u017co\u0142\u0105dek str\u0105kami, kt\u00f3re<br \/>\njada\u0142y \u015bwinie, lecz nikt mu ich nie dawa\u0142.<\/b><\/span><\/span><\/span><\/div>\n<div align=\"justify\" style=\"border: none; font-style: normal; font-variant: normal; letter-spacing: normal; line-height: 150%; margin-bottom: 0cm; padding: 0cm; text-indent: 1.3cm; widows: 1;\">\n<span style=\"color: black;\"><span style=\"font-family: Book Antiqua, serif;\"><span style=\"font-size: x-large;\"><b>Wtedy<br \/>\nzastanowi\u0142 si\u0119 i rzek\u0142: \u00abIlu\u017c to najemnik\u00f3w mojego ojca ma pod<br \/>\ndostatkiem chleba, a ja tu z g\u0142odu gin\u0119. Zabior\u0119 si\u0119 i p\u00f3jd\u0119 do<br \/>\nmego ojca, i powiem mu: Ojcze, zgrzeszy\u0142em przeciw Bogu i wzgl\u0119dem<br \/>\nciebie; ju\u017c nie jestem godzien nazywa\u0107 si\u0119 twoim synem: uczy\u0144 mi\u0119<br \/>\ncho\u0107by jednym z najemnik\u00f3w\u00bb. Wybra\u0142 si\u0119 wi\u0119c i poszed\u0142 do<br \/>\nswojego ojca.<\/b><\/span><\/span><\/span><\/div>\n<div align=\"justify\" style=\"border: none; font-style: normal; font-variant: normal; letter-spacing: normal; line-height: 150%; margin-bottom: 0cm; padding: 0cm; text-indent: 1.3cm; widows: 1;\">\n<span style=\"color: black;\"><span style=\"font-family: Book Antiqua, serif;\"><span style=\"font-size: x-large;\"><b>A<br \/>\ngdy by\u0142 jeszcze daleko, ujrza\u0142 go jego ojciec i wzruszy\u0142 si\u0119<br \/>\ng\u0142\u0119boko; wybieg\u0142 naprzeciw niego, rzuci\u0142 mu si\u0119 na szyj\u0119 i<br \/>\nuca\u0142owa\u0142 go. A syn rzek\u0142 do niego: \u00abOjcze, zgrzeszy\u0142em przeciw<br \/>\nBogu i wzgl\u0119dem ciebie, ju\u017c nie jestem godzien nazywa\u0107 si\u0119 twoim<br \/>\nsynem\u00bb.<\/b><\/span><\/span><\/span><\/div>\n<div align=\"justify\" style=\"border: none; font-style: normal; font-variant: normal; letter-spacing: normal; line-height: 150%; margin-bottom: 0cm; padding: 0cm; text-indent: 1.3cm; widows: 1;\">\n<span style=\"color: black;\"><span style=\"font-family: Book Antiqua, serif;\"><span style=\"font-size: x-large;\"><b>Lecz<br \/>\nojciec rzek\u0142 do swoich s\u0142ug: \u00abPrzynie\u015bcie szybko najlepsz\u0105<br \/>\nsukni\u0119 i ubierzcie go; dajcie mu te\u017c pier\u015bcie\u0144 na r\u0119k\u0119 i<br \/>\nsanda\u0142y na nogi. Przyprowad\u017acie utuczone ciel\u0119 i zabijcie:<br \/>\nb\u0119dziemy ucztowa\u0107 i bawi\u0107 si\u0119, poniewa\u017c ten m\u00f3j syn by\u0142<br \/>\numar\u0142y, a zn\u00f3w o\u017cy\u0142; zagin\u0105\u0142, a odnalaz\u0142 si\u0119\u00bb. I zacz\u0119li<br \/>\nsi\u0119 bawi\u0107.<\/b><\/span><\/span><\/span><\/div>\n<div align=\"justify\" style=\"border: none; font-style: normal; font-variant: normal; letter-spacing: normal; line-height: 150%; margin-bottom: 0cm; padding: 0cm; text-indent: 1.3cm; widows: 1;\">\n<span style=\"color: black;\"><span style=\"font-family: Book Antiqua, serif;\"><span style=\"font-size: x-large;\"><b>Tymczasem<br \/>\nstarszy jego syn przebywa\u0142 na polu. Gdy wraca\u0142 i by\u0142 blisko domu,<br \/>\nus\u0142ysza\u0142 muzyk\u0119 i ta\u0144ce. Przywo\u0142a\u0142 jednego ze s\u0142ug i pyta\u0142<br \/>\ngo, co to znaczy. Ten mu rzek\u0142: \u00abTw\u00f3j brat powr\u00f3ci\u0142, a ojciec<br \/>\ntw\u00f3j kaza\u0142 zabi\u0107 utuczone ciel\u0119, poniewa\u017c odzyska\u0142 go<br \/>\nzdrowego\u00bb.<\/b><\/span><\/span><\/span><\/div>\n<div align=\"justify\" style=\"border: none; font-style: normal; font-variant: normal; letter-spacing: normal; line-height: 150%; margin-bottom: 0cm; padding: 0cm; text-indent: 1.3cm; widows: 1;\">\n<span style=\"color: black;\"><span style=\"font-family: Book Antiqua, serif;\"><span style=\"font-size: x-large;\"><b>Na<br \/>\nto rozgniewa\u0142 si\u0119 i nie chcia\u0142 wej\u015b\u0107; wtedy ojciec jego wyszed\u0142<br \/>\ni t\u0142umaczy\u0142 mu. Lecz on odpowiedzia\u0142 ojcu: \u00abOto tyle lat ci s\u0142u\u017c\u0119<br \/>\ni nigdy nie przekroczy\u0142em twojego rozkazu; ale mnie nie da\u0142e\u015b<br \/>\nnigdy ko\u017al\u0119cia, \u017cebym si\u0119 zabawi\u0142 z przyjaci\u00f3\u0142mi. Skoro jednak<br \/>\nwr\u00f3ci\u0142 ten syn tw\u00f3j, kt\u00f3ry roztrwoni\u0142 tw\u00f3j maj\u0105tek z<br \/>\nnierz\u0105dnicami, kaza\u0142e\u015b zabi\u0107 dla niego utuczone ciel\u0119\u00bb.<\/b><\/span><\/span><\/span><\/div>\n<div align=\"justify\" style=\"border: none; font-style: normal; font-variant: normal; letter-spacing: normal; line-height: 150%; margin-bottom: 0cm; padding: 0cm; text-indent: 1.3cm; widows: 1;\">\n<span style=\"color: black;\"><span style=\"font-family: Book Antiqua, serif;\"><span style=\"font-size: x-large;\"><b>Lecz<br \/>\non mu odpowiedzia\u0142: \u00abMoje dziecko, ty zawsze jeste\u015b przy mnie i<br \/>\nwszystko moje do ciebie nale\u017cy. A trzeba si\u0119 weseli\u0107 i cieszy\u0107 z<br \/>\ntego, \u017ce ten brat tw\u00f3j by\u0142 umar\u0142y, a zn\u00f3w o\u017cy\u0142; zagin\u0105\u0142, a<br \/>\nodnalaz\u0142 si\u0119\u00bb\u201d.<\/b><\/span><\/span><\/span><\/div>\n<div align=\"justify\" style=\"line-height: 150%; margin-bottom: 0cm; page-break-before: auto;\">\n<span style=\"font-size: x-large;\"><\/p>\n<p><\/span><\/div>\n<div align=\"justify\" style=\"font-style: normal; font-weight: normal; line-height: 150%; margin-bottom: 0cm; text-indent: 1.27cm;\">\n<span style=\"font-size: x-large;\"><span style=\"color: black;\"><span style=\"font-family: Book Antiqua, serif;\">Wielk\u0105<br \/>\n<b>nowo\u015bci\u0105 tchnie<\/b> z dzisiejszych czyta\u0144! To pierwsza my\u015bl,<br \/>\njaka si\u0119 nasuwa po ich przeczytaniu. Oto nar\u00f3d wybrany <b>wchodzi<br \/>\ndo ziemi obiecanej <\/b>\u2013 do Kanaanu. Jak to dok\u0142adnie wygl\u0105da\u0142o?<br \/>\n<\/span><\/span><br \/>\n<\/span><\/div>\n<div align=\"justify\" style=\"font-style: normal; font-weight: normal; line-height: 150%; margin-bottom: 0cm; text-indent: 1.27cm;\">\n<span style=\"font-size: x-large;\"><span style=\"color: black;\"><span style=\"font-family: Book Antiqua, serif;\">Autor<br \/>\nbiblijny relacjonuje: <span style=\"font-variant: normal;\"><span style=\"letter-spacing: normal;\"><i><b>Roz\u0142o\u017cyli<br \/>\nsi\u0119 obozem synowie Izraela w Gilgal i tam obchodzili Pasch\u0119<br \/>\nczternastego dnia miesi\u0105ca wieczorem, na r\u00f3wninie Jerycha.<br \/>\nNast\u0119pnego dnia Paschy jedli z plonu tej krainy, chleby prza\u015bne i<br \/>\nk\u0142osy pra\u017cone tego samego dnia.<\/b><\/i><\/span><\/span><span style=\"font-variant: normal;\"><span style=\"letter-spacing: normal;\"><br \/>\nA skoro mogli ju\u017c je\u015b\u0107 z plonu tej krainy, przeto <\/span><\/span><span style=\"font-variant: normal;\"><span style=\"letter-spacing: normal;\"><i><b>manna<br \/>\nusta\u0142a nast\u0119pnego dnia, gdy zacz\u0119li je\u015b\u0107 plon tej ziemi. Nie<br \/>\nmieli ju\u017c wi\u0119cej synowie Izraela manny, lecz \u017cywili si\u0119 tego roku<br \/>\nz plon\u00f3w ziemi Kanaan.<\/b><\/i><\/span><\/span><span style=\"font-variant: normal;\"><span style=\"letter-spacing: normal;\"><br \/>\nNajlepszym <\/span><\/span><span style=\"font-variant: normal;\"><span style=\"letter-spacing: normal;\">za\u015b<br \/>\n<\/span><\/span><span style=\"font-variant: normal;\"><span style=\"letter-spacing: normal;\">komentarzem<br \/>\ndo ca\u0142ej tej sytuacji by\u0142o stwierdzenie samego Boga, skierowane do<br \/>\nJozuego: <\/span><\/span><span style=\"font-variant: normal;\"><span style=\"letter-spacing: normal;\"><i><b>Dzi\u015b<br \/>\nzrzuci\u0142em z was ha\u0144b\u0119 egipsk\u0105.<\/b><\/i><\/span><\/span><span style=\"font-variant: normal;\"><span style=\"letter-spacing: normal;\"><br \/>\n<\/span><\/span><\/span><\/span><br \/>\n<\/span><\/div>\n<div align=\"justify\" style=\"font-style: normal; font-weight: normal; line-height: 150%; margin-bottom: 0cm; text-indent: 1.27cm;\">\n<span style=\"font-size: x-large;\"><span style=\"color: black;\"><span style=\"font-family: Book Antiqua, serif;\"><span style=\"font-variant: normal;\"><span style=\"letter-spacing: normal;\">Tak,<br \/>\nw\u0142a\u015bciwie dopiero w tym momencie mo\u017cna by\u0142o <\/span><\/span><span style=\"font-variant: normal;\"><span style=\"letter-spacing: normal;\">powiedzie\u0107<br \/>\no <\/span><\/span><span style=\"font-variant: normal;\"><span style=\"letter-spacing: normal;\"><b>ca\u0142kowitym<br \/>\nuwolnieniu <\/b><\/span><\/span><span style=\"font-variant: normal;\"><span style=\"letter-spacing: normal;\">Izraelit\u00f3w<br \/>\nz niewoli egipskiej, bo \u2013 jak si\u0119 okaza\u0142o \u2013 samo wyj\u015bcie z<br \/>\nEgiptu i nawet cudowne przej\u015bcie przez Morze Czerwone, to <\/span><\/span><span style=\"font-variant: normal;\"><span style=\"letter-spacing: normal;\"><b>jeszcze<br \/>\nnie by\u0142 ten moment.<\/b><\/span><\/span><span style=\"font-variant: normal;\"><span style=\"letter-spacing: normal;\"><br \/>\nLudzie bowiem fizycznie opu\u015bcili miejsce niewoli, <\/span><\/span><span style=\"font-variant: normal;\"><span style=\"letter-spacing: normal;\">to<br \/>\nprawda \u2013 <\/span><\/span><span style=\"font-variant: normal;\"><span style=\"letter-spacing: normal;\">ale<br \/>\n<\/span><\/span><span style=\"font-variant: normal;\"><span style=\"letter-spacing: normal;\"><b>mentalnie<br \/>\ntam <\/b><\/span><\/span><span style=\"font-variant: normal;\"><span style=\"letter-spacing: normal;\"><b>po<\/b><\/span><\/span><span style=\"font-variant: normal;\"><span style=\"letter-spacing: normal;\"><b>zostali.<\/b><\/span><\/span><span style=\"font-variant: normal;\"><span style=\"letter-spacing: normal;\"><br \/>\n<\/span><\/span><\/span><\/span><br \/>\n<\/span><\/div>\n<div align=\"justify\" style=\"font-style: normal; font-weight: normal; line-height: 150%; margin-bottom: 0cm; text-indent: 1.27cm;\">\n<span style=\"color: black;\"><span style=\"font-family: Book Antiqua, serif;\"><span style=\"font-size: x-large;\"><span style=\"font-variant: normal;\"><span style=\"letter-spacing: normal;\">I<br \/>\ntrzeba by\u0142o <\/span><\/span><span style=\"font-variant: normal;\"><span style=\"letter-spacing: normal;\"><b>czterdziestoletniej<br \/>\ntu\u0142aczki<\/b><\/span><\/span><span style=\"font-variant: normal;\"><span style=\"letter-spacing: normal;\"><br \/>\nprzez pustyni\u0119, aby po ponad <\/span><\/span><span style=\"font-variant: normal;\"><span style=\"letter-spacing: normal;\"><b>czterystu<br \/>\nlatach<\/b><\/span><\/span><span style=\"font-variant: normal;\"><span style=\"letter-spacing: normal;\"><br \/>\nniewoli zmieni\u0142o si\u0119 ich my\u015blenie, ich spojrzenie \u2013 na Boga, na<br \/>\n\u015bwiat, na samych siebie, na swoj\u0105 sytuacj\u0119\u2026 <\/span><\/span><span style=\"font-variant: normal;\"><span style=\"letter-spacing: normal;\">Aby<br \/>\nni<\/span><\/span><span style=\"font-variant: normal;\"><span style=\"letter-spacing: normal;\">e<\/span><\/span><span style=\"font-variant: normal;\"><span style=\"letter-spacing: normal;\"><br \/>\nby\u0142o to ju\u017c <\/span><\/span><span style=\"font-variant: normal;\"><span style=\"letter-spacing: normal;\"><b>my\u015blenie<br \/>\ni spojrzenie niewolnik\u00f3w.<\/b><\/span><\/span><\/span><\/span><\/span><\/div>\n<div align=\"justify\" style=\"font-style: normal; font-weight: normal; line-height: 150%; margin-bottom: 0cm; text-indent: 1.27cm;\">\n<span style=\"color: black;\"><span style=\"font-family: Book Antiqua, serif;\"><span style=\"font-size: x-large;\"><span style=\"font-variant: normal;\"><span style=\"letter-spacing: normal;\">Dlatego<br \/>\nto w\u0142a\u015bnie dopiero po wej\u015bciu do nowej ziemi, kiedy ju\u017c z\u0142o\u017cyli<br \/>\nBogu ofiar\u0119 z jej plon\u00f3w; kiedy usta\u0142a manna, b\u0119d\u0105ca pokarmem na<br \/>\npustyni, pokarmem na drog\u0119 \u2013 dopiero w\u00f3wczas B\u00f3g m\u00f3g\u0142 og\u0142osi\u0107:<br \/>\n<\/span><\/span><span style=\"font-variant: normal;\"><span style=\"letter-spacing: normal;\"><i><b>Dzi\u015b<br \/>\nzrzuci\u0142em z was ha\u0144b\u0119 egipsk\u0105.<\/b><\/i><\/span><\/span><span style=\"font-variant: normal;\"><span style=\"letter-spacing: normal;\"><b><br \/>\n<\/b><\/span><\/span><span style=\"font-variant: normal;\"><span style=\"letter-spacing: normal;\">Gdy\u017c<\/span><\/span><span style=\"font-variant: normal;\"><span style=\"letter-spacing: normal;\"><br \/>\nod tego dnia wszystko ju\u017c by\u0142o nowe!<\/span><\/span><\/span><\/span><\/span><\/div>\n<div align=\"justify\" style=\"font-style: normal; font-weight: normal; line-height: 150%; margin-bottom: 0cm; text-indent: 1.27cm;\">\n<span style=\"font-size: x-large;\"><span style=\"color: black;\"><span style=\"font-family: Book Antiqua, serif;\"><span style=\"font-variant: normal;\"><span style=\"letter-spacing: normal;\">A<br \/>\n\u015awi\u0119ty Pawe\u0142 t\u0119 nowo\u015b\u0107 postrzega w wymiarze jeszcze g\u0142\u0119bszym,<br \/>\ngdy pisze do Koryntian: <\/span><\/span><span style=\"font-variant: normal;\"><span style=\"letter-spacing: normal;\"><i><b>Je\u017celi<br \/>\nkto\u015b pozostaje w Chrystusie, jest nowym stworzeniem. To, co dawne,<br \/>\nmin\u0119\u0142o, a oto wszystko sta\u0142o si\u0119 nowe.<\/b><\/i><\/span><\/span><span style=\"font-variant: normal;\"><span style=\"letter-spacing: normal;\"><br \/>\nTak, to Chrystus przyni\u00f3s\u0142 ow\u0105 nowo\u015b\u0107. Znakiem tego, co<br \/>\nprzesz\u0142e, co stare, co <\/span><\/span><span style=\"font-variant: normal;\"><span style=\"letter-spacing: normal;\">przegrane<br \/>\n\u2013 jest grzech. I w\u0142a\u015bnie <\/span><\/span><span style=\"font-variant: normal;\"><span style=\"letter-spacing: normal;\"><i><b>w<br \/>\nChrystusie B\u00f3g pojedna\u0142 ze sob\u0105 \u015bwiat, nie poczytuj\u0105c ludziom<br \/>\nich grzech\u00f3w, nam za\u015b przekazuj\u0105c s\u0142owo pojednania.<\/b><\/i><\/span><\/span><span style=\"font-variant: normal;\"><span style=\"letter-spacing: normal;\"><br \/>\nA to sk\u0142ania Aposto\u0142a do serdecznego i mocnego wezwania,<br \/>\nskierowanego do swoich uczni\u00f3w: <\/span><\/span><span style=\"font-variant: normal;\"><span style=\"letter-spacing: normal;\"><i><b>W<br \/>\nimi\u0119 Chrystusa prosimy: pojednajcie si\u0119 z Bogiem.<\/b><\/i><\/span><\/span><span style=\"font-variant: normal;\"><span style=\"letter-spacing: normal;\"><br \/>\n<\/span><\/span><\/span><\/span><br \/>\n<\/span><\/div>\n<div align=\"justify\" style=\"font-style: normal; font-weight: normal; line-height: 150%; margin-bottom: 0cm; text-indent: 1.27cm;\">\n<span style=\"color: black;\"><span style=\"font-family: Book Antiqua, serif;\"><span style=\"font-size: x-large;\"><span style=\"font-variant: normal;\"><span style=\"letter-spacing: normal;\">Je\u017celi<br \/>\nchc\u0105 oni zasmakowa\u0107 owej nowo\u015bci, je\u017celi sami chc\u0105 si\u0119 poczu\u0107<br \/>\n<\/span><\/span><span style=\"font-variant: normal;\"><span style=\"letter-spacing: normal;\"><b>lud\u017ami<br \/>\nnowymi, odnowionymi, a przez to wolnymi,<\/b><\/span><\/span><span style=\"font-variant: normal;\"><span style=\"letter-spacing: normal;\"><br \/>\nto jedyn\u0105 drog\u0105 do tego jest po prostu zrzucenie z siebie tego, co<br \/>\nstare, co wr\u0119cz st\u0119ch\u0142e \u2013 czyli grzechu! Dlatego <\/span><\/span><span style=\"font-variant: normal;\"><span style=\"letter-spacing: normal;\">w<br \/>\ntym momencie <\/span><\/span><span style=\"font-variant: normal;\"><span style=\"letter-spacing: normal;\">trzeba<br \/>\n<\/span><\/span><span style=\"font-variant: normal;\"><span style=\"letter-spacing: normal;\">jasno<br \/>\ni wyra\u017anie stwierdzi\u0107, \u017ce <\/span><\/span><span style=\"font-variant: normal;\"><span style=\"letter-spacing: normal;\"><b>nowo\u015b\u0107<br \/>\nkosztuje.<\/b><\/span><\/span><span style=\"font-variant: normal;\"><span style=\"letter-spacing: normal;\"><br \/>\nBo i <\/span><\/span><span style=\"font-variant: normal;\"><span style=\"letter-spacing: normal;\"><b>wolno\u015b\u0107<br \/>\nkosztuje.<\/b><\/span><\/span><span style=\"font-variant: normal;\"><span style=\"letter-spacing: normal;\"><br \/>\nTo s\u0105 dwie nierozerwalne warto\u015bci: wolno\u015b\u0107 i nowo\u015b\u0107. Nie mo\u017cna<br \/>\nby\u0107 wolnym, <\/span><\/span><span style=\"font-variant: normal;\"><span style=\"letter-spacing: normal;\"><b>tkwi\u0105c<br \/>\npo uszy<\/b><\/span><\/span><span style=\"font-variant: normal;\"><span style=\"letter-spacing: normal;\"><br \/>\nw tym, co stare, co przesz\u0142e\u2026<\/span><\/span><\/span><\/span><\/span><\/div>\n<div align=\"justify\" style=\"font-style: normal; font-weight: normal; line-height: 150%; margin-bottom: 0cm; text-indent: 1.27cm;\">\n<span style=\"font-size: x-large;\"><span style=\"color: black;\"><span style=\"font-family: Book Antiqua, serif;\"><span style=\"font-variant: normal;\"><span style=\"letter-spacing: normal;\">Nar\u00f3d<br \/>\nwybrany nie za bardzo zdawa\u0142 sobie z tego spraw\u0119, dlatego<br \/>\npotrzebowa\u0142 wielu lat, \u017ceby <\/span><\/span><span style=\"font-variant: normal;\"><span style=\"letter-spacing: normal;\"><b>przestawi\u0107<br \/>\nswoje my\u015blenie. <\/b><\/span><\/span><span style=\"font-variant: normal;\"><span style=\"letter-spacing: normal;\">A<br \/>\nile potrzebuje na to chrze\u015bcijanin \u2013 ucze\u0144 Jezusa? Dobre pytanie\u2026<br \/>\nPewnie odpowiemy, \u017ce <\/span><\/span><span style=\"font-variant: normal;\"><span style=\"letter-spacing: normal;\"><b>ca\u0142ego<br \/>\n\u017cycia!<\/b><\/span><\/span><span style=\"font-variant: normal;\"><span style=\"letter-spacing: normal;\"><br \/>\nBo nigdy tu, na ziemi, nie uwolnimy si\u0119 tak do ko\u0144ca z niewoli<br \/>\ngrzechu \u2013 niestety\u2026 On zawsze \u2013 jak ten cie\u0144 \u2013 b\u0119dzie si\u0119<br \/>\nsnu\u0142 za nami. Ale mo\u017cemy poczyni\u0107 znacz\u0105ce kroki i podj\u0105\u0107<br \/>\nskuteczne dzia\u0142ania, by <\/span><\/span><span style=\"font-variant: normal;\"><span style=\"letter-spacing: normal;\"><b>jednak<br \/>\ndo\u015bwiadczy\u0107 owej nowo\u015bci <\/b><\/span><\/span><span style=\"font-variant: normal;\"><span style=\"letter-spacing: normal;\">\u2013<br \/>\nw mo\u017cliwie najwi\u0119kszym stopniu. <\/span><\/span><\/span><\/span><br \/>\n<\/span><\/div>\n<div align=\"justify\" style=\"font-style: normal; font-weight: normal; line-height: 150%; margin-bottom: 0cm; text-indent: 1.27cm;\">\n<span style=\"font-size: x-large;\"><span style=\"color: black;\"><span style=\"font-family: Book Antiqua, serif;\"><span style=\"font-variant: normal;\"><span style=\"letter-spacing: normal;\">Wydaje<br \/>\nsi\u0119, \u017ce w\u0142a\u015bnie taki proces dokona\u0142 si\u0119 w \u017cyciu tego syna z<br \/>\ndzisiejszej ewangelicznej przypowie\u015bci, kt\u00f3rego zwykli\u015bmy okre\u015bla\u0107<br \/>\nmianem <\/span><\/span><span style=\"font-variant: normal;\"><span style=\"letter-spacing: normal;\"><b>syna<br \/>\nmarnotrawnego. <\/b><\/span><\/span><span style=\"font-variant: normal;\"><span style=\"letter-spacing: normal;\">Bo<br \/>\nrzeczywi\u015bcie \u2013 by\u0142 <\/span><\/span><span style=\"font-variant: normal;\"><span style=\"letter-spacing: normal;\">to<br \/>\nzupe\u0142ny utracjusz!<\/span><\/span><span style=\"font-variant: normal;\"><span style=\"letter-spacing: normal;\"><br \/>\n<\/span><\/span><span style=\"font-variant: normal;\"><span style=\"letter-spacing: normal;\">Zapatrzony<br \/>\nw siebie, zakochany \u2013 jak niekiedy mawiamy \u2013 <\/span><\/span><span style=\"font-variant: normal;\"><span style=\"letter-spacing: normal;\"><b>w<br \/>\nsamym sobie, i to ze wzajemno\u015bci\u0105;<\/b><\/span><\/span><span style=\"font-variant: normal;\"><span style=\"letter-spacing: normal;\"><br \/>\nlekcewa\u017c\u0105cy ludzi wok\u00f3\u0142 siebie, pocz\u0105wszy od w\u0142asnego ojca;<br \/>\nskoncentrowany jedynie na w\u0142asnej przyjemno\u015bci i swojej <\/span><\/span><span style=\"font-variant: normal;\"><span style=\"letter-spacing: normal;\">dora\u017anie<\/span><\/span><span style=\"font-variant: normal;\"><span style=\"letter-spacing: normal;\"><br \/>\npojmowanej przysz\u0142o\u015bci\u2026 Widzimy, <\/span><\/span><span style=\"font-variant: normal;\"><span style=\"letter-spacing: normal;\">jak<\/span><\/span><span style=\"font-variant: normal;\"><span style=\"letter-spacing: normal;\"><br \/>\n<\/span><\/span><span style=\"font-variant: normal;\"><span style=\"letter-spacing: normal;\"><b>po<br \/>\nuszy tkwi\u0142 w tym, co stare<\/b><\/span><\/span><span style=\"font-variant: normal;\"><span style=\"letter-spacing: normal;\"><br \/>\n\u2013 w <\/span><\/span><span style=\"font-variant: normal;\"><span style=\"letter-spacing: normal;\">st\u0119ch\u0142ym<br \/>\ni<\/span><\/span><span style=\"font-variant: normal;\"><span style=\"letter-spacing: normal;\"><br \/>\nciasnym sposobie my\u015blenia. <\/span><\/span><\/span><\/span><br \/>\n<\/span><\/div>\n<div align=\"justify\" style=\"font-style: normal; font-weight: normal; line-height: 150%; margin-bottom: 0cm; text-indent: 1.27cm;\">\n<span style=\"font-size: x-large;\"><span style=\"color: black;\"><span style=\"font-family: Book Antiqua, serif;\"><span style=\"font-variant: normal;\"><span style=\"letter-spacing: normal;\">Oto<br \/>\nbowiem<\/span><\/span><span style=\"font-variant: normal;\"><span style=\"letter-spacing: normal;\"><br \/>\ncz\u0142owiek od pocz\u0105tku swego istnienia wykazuje sk\u0142onno\u015bci do<br \/>\negoizmu i skoncentrowany jest na sobie. Nawet zwyk\u0142o si\u0119 m\u00f3wi\u0107,<br \/>\n\u017ce pycha i w\u0142asne \u201eja\u201d umiera <\/span><\/span><span style=\"font-variant: normal;\"><span style=\"letter-spacing: normal;\"><b>pi\u0119tna\u015bcie<br \/>\nminut po \u015bmierci samego cz\u0142owieka!<\/b><\/span><\/span><span style=\"font-variant: normal;\"><span style=\"letter-spacing: normal;\"><br \/>\nI w\u0142a\u015bnie m\u0142odszy syn by\u0142 takim cz\u0142owiekiem \u2013 po uszy tkwi\u0105cym<br \/>\nw swoich ciasnym \u201eego\u201d. Czego musia\u0142 do\u015bwiadczy\u0107 i przez co<br \/>\nmusia\u0142 przej\u015b\u0107, \u017ceby si\u0119 to jego my\u015blenie poprzestawia\u0142o i by<br \/>\n<\/span><\/span><span style=\"font-variant: normal;\"><span style=\"letter-spacing: normal;\"><b>zacz\u0105\u0142<br \/>\nsi\u0119 proces odnawiania,<\/b><\/span><\/span><span style=\"font-variant: normal;\"><span style=\"letter-spacing: normal;\"><br \/>\nto my dobrze wiemy. S\u0142yszymy to z opowie\u015bci Jezusa. <\/span><\/span><\/span><\/span><br \/>\n<\/span><\/div>\n<div align=\"justify\" style=\"font-style: normal; font-weight: normal; line-height: 150%; margin-bottom: 0cm; text-indent: 1.27cm;\">\n<span style=\"font-size: x-large;\"><span style=\"color: black;\"><span style=\"font-family: Book Antiqua, serif;\"><span style=\"font-variant: normal;\"><span style=\"letter-spacing: normal;\">Ten<br \/>\nm\u0142ody cz\u0142owiek musia\u0142 naprawd\u0119 dotkn\u0105\u0107 dna, on musia\u0142 zej\u015b\u0107<br \/>\nnawet <\/span><\/span><span style=\"font-variant: normal;\"><span style=\"letter-spacing: normal;\"><b>nie<br \/>\ndo parteru, ale jeszcze ni\u017cej,<\/b><\/span><\/span><span style=\"font-variant: normal;\"><span style=\"letter-spacing: normal;\"><br \/>\n<\/span><\/span><span style=\"font-variant: normal;\"><span style=\"letter-spacing: normal;\">bo<br \/>\nskoro \u015bwinia by\u0142a w starotestamentalnym Prawie traktowana jako<br \/>\nzwierz\u0119 nieczyste, a on, syn bogatego cz\u0142owieka i dziedzic wielkiej<br \/>\nfortuny, <\/span><\/span><span style=\"font-variant: normal;\"><span style=\"letter-spacing: normal;\"><b>musia\u0142<br \/>\nsi\u0119 zni\u017cy\u0107 <\/b><\/span><\/span><span style=\"font-variant: normal;\"><span style=\"letter-spacing: normal;\">nie<br \/>\ntylko do tego poziomu, \u017ce pas\u0142 \u015bwinie, ale nawet chcia\u0142 si\u0119<br \/>\n<\/span><\/span><span style=\"font-variant: normal;\"><span style=\"letter-spacing: normal;\"><b>\u017cywi\u0107<br \/>\nich pokarmem, a i tego mu odmawiano<\/b><\/span><\/span><span style=\"font-variant: normal;\"><span style=\"letter-spacing: normal;\"><br \/>\n\u2013 to jakie jeszcze wi\u0119ksze poni\u017cenie mo\u017cna sobie wyobrazi\u0107? Ten<br \/>\ncz\u0142owiek <\/span><\/span><span style=\"font-variant: normal;\"><span style=\"letter-spacing: normal;\"><b>dotkn\u0105\u0142<br \/>\ndna! Absolutnego dna! <\/b><\/span><\/span><span style=\"font-variant: normal;\"><span style=\"letter-spacing: normal;\">Ni\u017cej<br \/>\nju\u017c upa\u015b\u0107 naprawd\u0119 nie m\u00f3g\u0142. <\/span><\/span><\/span><\/span><br \/>\n<\/span><\/div>\n<div align=\"justify\" style=\"font-style: normal; font-weight: normal; line-height: 150%; margin-bottom: 0cm; text-indent: 1.27cm;\">\n<span style=\"font-size: x-large;\"><span style=\"color: black;\"><span style=\"font-family: Book Antiqua, serif;\"><span style=\"font-variant: normal;\"><span style=\"letter-spacing: normal;\">I<br \/>\nzobaczmy \u2013 po raz kolejny \u2013 \u017ce B\u00f3g nie ukara\u0142 go jako\u015b<br \/>\nspecjalnie, nie zes\u0142a\u0142 na niego szczeg\u00f3lnej kl\u0105twy czy<br \/>\ndodatkowego nieszcz\u0119\u015bcia. Wystarczy\u0142o, \u017ce pozwoli\u0142 mu<br \/>\n<\/span><\/span><span style=\"font-variant: normal;\"><span style=\"letter-spacing: normal;\"><b>do\u015bwiadczy\u0107<br \/>\nna <\/b><\/span><\/span><span style=\"font-variant: normal;\"><span style=\"letter-spacing: normal;\"><b>sobie<\/b><\/span><\/span><span style=\"font-variant: normal;\"><span style=\"letter-spacing: normal;\"><b><br \/>\nsamym skutk\u00f3w jego w\u0142asnych decyzji i wybor\u00f3w.<\/b><\/span><\/span><span style=\"font-variant: normal;\"><span style=\"letter-spacing: normal;\"><br \/>\nPowiedzmy wprost: skutk\u00f3w jego w\u0142asnej g\u0142upoty. To wystarczy\u0142o.<br \/>\nO, a\u017c nadto wystarczy\u0142o! Niczego wi\u0119cej nie trzeba by\u0142o, by<br \/>\nzapatrzony w siebie pysza\u0142ek zacz\u0105\u0142 wreszcie <\/span><\/span><span style=\"font-variant: normal;\"><span style=\"letter-spacing: normal;\"><b>trze\u017awo<br \/>\nmy\u015ble\u0107,<\/b><\/span><\/span><span style=\"font-variant: normal;\"><span style=\"letter-spacing: normal;\"><br \/>\nby zacz\u0105\u0142 si\u0119 wewn\u0119trznie odnawia\u0107. <\/span><\/span><\/span><\/span><br \/>\n<\/span><\/div>\n<div align=\"justify\" style=\"font-style: normal; font-weight: normal; line-height: 150%; margin-bottom: 0cm; text-indent: 1.27cm;\">\n<span style=\"font-size: x-large;\"><span style=\"color: black;\"><span style=\"font-family: Book Antiqua, serif;\"><span style=\"font-variant: normal;\"><span style=\"letter-spacing: normal;\">Ale<br \/>\n\u2013 zauwa\u017cmy \u2013 to te\u017c nie dokona\u0142o si\u0119 od razu. On przez jaki\u015b<br \/>\nczas tkwi\u0142 w tym <\/span><\/span><span style=\"font-variant: normal;\"><span style=\"letter-spacing: normal;\"><b>bagnie<br \/>\nmoralnym i materialnym,<\/b><\/span><\/span><span style=\"font-variant: normal;\"><span style=\"letter-spacing: normal;\"><br \/>\ndo jakiego si\u0119 sam doprowadzi\u0142 i dopiero g\u0142\u00f3d zmusi\u0142 go, by<br \/>\nnagi\u0105\u0142 swego hardego karku i pomy\u015bla\u0142, jak wybrn\u0105\u0107 z ca\u0142ej<br \/>\nsytuacji. Zatem, mo\u017cemy powiedzie\u0107, \u017ce to nie jakie\u015b <\/span><\/span><span style=\"font-variant: normal;\"><span style=\"letter-spacing: normal;\"><b>wznios\u0142e<br \/>\nmy\u015bli i g\u0142\u0119bokie duchowe refleksje<\/b><\/span><\/span><span style=\"font-variant: normal;\"><span style=\"letter-spacing: normal;\"><br \/>\nprzywiod\u0142y go do zmiany my\u015blenia, <\/span><\/span><span style=\"font-variant: normal;\"><span style=\"letter-spacing: normal;\"><b>a<br \/>\npo prostu g\u0142\u00f3d.<\/b><\/span><\/span><span style=\"font-variant: normal;\"><span style=\"letter-spacing: normal;\"><br \/>\nJednak to, co dokona\u0142o si\u0119 potem, pokazuje, \u017ce nast\u0105pi\u0142a<br \/>\nprawdziwa i skuteczna zmiana my\u015blenia. <\/span><\/span><\/span><\/span><br \/>\n<\/span><\/div>\n<div align=\"justify\" style=\"font-style: normal; font-weight: normal; line-height: 150%; margin-bottom: 0cm; text-indent: 1.27cm;\">\n<span style=\"color: black;\"><span style=\"font-family: Book Antiqua, serif;\"><span style=\"font-size: x-large;\"><span style=\"font-variant: normal;\"><span style=\"letter-spacing: normal;\">On<br \/>\nsi\u0119 naprawd\u0119 <\/span><\/span><span style=\"font-variant: normal;\"><span style=\"letter-spacing: normal;\"><b>totalnie<br \/>\nodnowi\u0142.<\/b><\/span><\/span><span style=\"font-variant: normal;\"><span style=\"letter-spacing: normal;\"><br \/>\nJak m\u00f3wi\u0142 B\u00f3g w pierwszym czytaniu, cz\u0142owiek ten \u201ezrzuci\u0142 z<br \/>\nsiebie jarzmo niewoli\u201d. Nie egipskiej, ale <\/span><\/span><span style=\"font-variant: normal;\"><span style=\"letter-spacing: normal;\"><b>swojej<br \/>\nw\u0142asnej!<\/b><\/span><\/span><span style=\"font-variant: normal;\"><span style=\"letter-spacing: normal;\"><br \/>\nTak, bo on tkwi\u0142 <\/span><\/span><span style=\"font-variant: normal;\"><span style=\"letter-spacing: normal;\"><b>w<br \/>\nniewoli samego siebie <\/b><\/span><\/span><span style=\"font-variant: normal;\"><span style=\"letter-spacing: normal;\">\u2013<br \/>\nswojej duchowej ciasnoty, swego egoizmu, swojej pychy, swego grzechu\u2026<br \/>\nA<\/span><\/span><span style=\"font-variant: normal;\"><span style=\"letter-spacing: normal;\">\u017c<br \/>\ndo tego momentu, kiedy<\/span><\/span><span style=\"font-variant: normal;\"><span style=\"letter-spacing: normal;\"><br \/>\n\u2013 jak stwierdza dzi\u015b Pawe\u0142 w drugim czytaniu \u2013 <\/span><\/span><span style=\"font-variant: normal;\"><span style=\"letter-spacing: normal;\"><i><b>t<\/b><\/i><\/span><\/span><span style=\"font-variant: normal;\"><span style=\"letter-spacing: normal;\"><i><b>o,<br \/>\nco dawne, min\u0119\u0142o, a oto wszystko sta\u0142o si\u0119 nowe.<\/b><\/i><\/span><\/span><span style=\"font-variant: normal;\"><span style=\"letter-spacing: normal;\"><br \/>\n<\/span><\/span><span style=\"font-variant: normal;\"><span style=\"letter-spacing: normal;\">To<br \/>\nsi\u0119 dok\u0142adnie dokona\u0142o: w tym cz\u0142owieku <\/span><\/span><span style=\"font-variant: normal;\"><span style=\"letter-spacing: normal;\"><i><b>wszystko<br \/>\nsta\u0142o si\u0119 nowe.<\/b><\/i><\/span><\/span><span style=\"font-variant: normal;\"><span style=\"letter-spacing: normal;\"><br \/>\n<\/span><\/span><span style=\"font-variant: normal;\"><span style=\"letter-spacing: normal;\">D\u0142ugo<br \/>\ndo tego dochodzi\u0142, owszem, i do\u015b\u0107 bole\u015bnie, ale jednak \u2013<br \/>\n<\/span><\/span><span style=\"font-variant: normal;\"><span style=\"letter-spacing: normal;\">skutecznie.<br \/>\nSta\u0142 si\u0119 zupe\u0142nie nowym cz\u0142owiekiem.<\/span><\/span><\/span><\/span><\/span><\/div>\n<div align=\"justify\" style=\"font-style: normal; font-weight: normal; line-height: 150%; margin-bottom: 0cm; text-indent: 1.27cm;\">\n<span style=\"font-size: x-large;\"><span style=\"color: black;\"><span style=\"font-family: Book Antiqua, serif;\"><span style=\"font-variant: normal;\"><span style=\"letter-spacing: normal;\">W<br \/>\ntym kontek\u015bcie starszy syn, kt\u00f3rego osobi\u015bcie zawsze <\/span><\/span><span style=\"font-variant: normal;\"><span style=\"letter-spacing: normal;\"><b>staram<\/b><\/span><\/span><span style=\"font-variant: normal;\"><span style=\"letter-spacing: normal;\"><br \/>\n<\/span><\/span><span style=\"font-variant: normal;\"><span style=\"letter-spacing: normal;\"><b>si\u0119<br \/>\nbroni\u0107<\/b><\/span><\/span><span style=\"font-variant: normal;\"><span style=\"letter-spacing: normal;\"><br \/>\nprzed oskar\u017caniem o bezduszno\u015b\u0107 i <\/span><\/span><span style=\"font-variant: normal;\"><span style=\"letter-spacing: normal;\">niech\u0119\u0107<br \/>\ndo przebaczenia<\/span><\/span><span style=\"font-variant: normal;\"><span style=\"letter-spacing: normal;\">,<br \/>\nbo w ko\u0144cu solidnie, dzie\u0144 po dniu, wype\u0142nia\u0142 swoje obowi\u0105zki, a<br \/>\nw\u0142a\u015bnie taka codzienna wierno\u015b\u0107 jest <\/span><\/span><span style=\"font-variant: normal;\"><span style=\"letter-spacing: normal;\"><b>naj<\/b><\/span><\/span><span style=\"font-variant: normal;\"><span style=\"letter-spacing: normal;\"><b>dok\u0142ad<\/b><\/span><\/span><span style=\"font-variant: normal;\"><span style=\"letter-spacing: normal;\"><b>niejszym<\/b><\/span><\/span><span style=\"font-variant: normal;\"><span style=\"letter-spacing: normal;\"><br \/>\n<\/span><\/span><span style=\"font-variant: normal;\"><span style=\"letter-spacing: normal;\"><b>sprawdzianem<\/b><\/span><\/span><span style=\"font-variant: normal;\"><span style=\"letter-spacing: normal;\"><br \/>\npostawy cz\u0142owieka \u2013 <\/span><\/span><span style=\"font-variant: normal;\"><span style=\"letter-spacing: normal;\">ot\u00f3\u017c,<br \/>\nten\u017ce starszy <\/span><\/span><span style=\"font-variant: normal;\"><span style=\"letter-spacing: normal;\">syn<\/span><\/span><span style=\"font-variant: normal;\"><span style=\"letter-spacing: normal;\"><br \/>\njednak w jakim\u015b sensie <\/span><\/span><span style=\"font-variant: normal;\"><span style=\"letter-spacing: normal;\"><b>da\u0142<br \/>\nsi\u0119 zamkn\u0105\u0107 <\/b><\/span><\/span><span style=\"font-variant: normal;\"><span style=\"letter-spacing: normal;\">w<br \/>\nswoim <\/span><\/span><span style=\"font-variant: normal;\"><span style=\"letter-spacing: normal;\">mentalnym<br \/>\n<\/span><\/span><span style=\"font-variant: normal;\"><span style=\"letter-spacing: normal;\">schemacie.<br \/>\n<\/span><\/span><\/span><\/span><br \/>\n<\/span><\/div>\n<div align=\"justify\" style=\"font-style: normal; font-weight: normal; line-height: 150%; margin-bottom: 0cm; text-indent: 1.27cm;\">\n<span style=\"color: black;\"><span style=\"font-family: Book Antiqua, serif;\"><span style=\"font-size: x-large;\"><span style=\"font-variant: normal;\"><span style=\"letter-spacing: normal;\">Owszem,<br \/>\nbardzo solidnie wype\u0142nia\u0142 swoje zadanie, co zreszt\u0105 sam wyrazi\u0142 w<br \/>\ns\u0142owach, skierowanych do ojca: <\/span><\/span><span style=\"font-variant: normal;\"><span style=\"letter-spacing: normal;\"><i><b>Oto<br \/>\ntyle lat ci s\u0142u\u017c\u0119 i nigdy nie przekroczy\u0142em twojego rozkazu\u2026<\/b><\/i><\/span><\/span><span style=\"font-variant: normal;\"><span style=\"letter-spacing: normal;\"><b><br \/>\n<\/b><\/span><\/span><span style=\"font-variant: normal;\"><span style=\"letter-spacing: normal;\">A<\/span><\/span><span style=\"font-variant: normal;\"><span style=\"letter-spacing: normal;\">le<\/span><\/span><span style=\"font-variant: normal;\"><span style=\"letter-spacing: normal;\"><br \/>\njego \u017cal i pretensja do ojca przybra\u0142y na tyle d<\/span><\/span><span style=\"font-variant: normal;\"><span style=\"letter-spacing: normal;\">u\u017ce<br \/>\nrozmiary<\/span><\/span><span style=\"font-variant: normal;\"><span style=\"letter-spacing: normal;\">,<br \/>\n\u017ce powracaj\u0105cego swego brata nie nazwa\u0142 <\/span><\/span><span style=\"font-variant: normal;\"><span style=\"letter-spacing: normal;\">nawet<br \/>\n<\/span><\/span><span style=\"font-variant: normal;\"><span style=\"letter-spacing: normal;\">swoim<br \/>\nbratem, <\/span><\/span><span style=\"font-variant: normal;\"><span style=\"letter-spacing: normal;\">tylko<\/span><\/span><span style=\"font-variant: normal;\"><span style=\"letter-spacing: normal;\"><br \/>\npowiedzia\u0142 do ojca: <\/span><\/span><span style=\"font-variant: normal;\"><span style=\"letter-spacing: normal;\"><i><b>Skoro<br \/>\njednak wr\u00f3ci\u0142 ten syn tw\u00f3j, kt\u00f3ry roztrwoni\u0142 tw\u00f3j maj\u0105tek z<br \/>\nnierz\u0105dnicami\u2026<\/b><\/i><\/span><\/span><span style=\"font-variant: normal;\"><span style=\"letter-spacing: normal;\"><b><br \/>\n <\/b><\/span><\/span><span style=\"font-variant: normal;\"><span style=\"letter-spacing: normal;\">Ten<br \/>\nsyn tw\u00f3j\u2026<\/span><\/span><\/span><\/span><\/span><\/div>\n<div align=\"justify\" style=\"font-style: normal; font-weight: normal; line-height: 150%; margin-bottom: 0cm; text-indent: 1.27cm;\">\n<span style=\"font-size: x-large;\"><span style=\"color: black;\"><span style=\"font-family: Book Antiqua, serif;\"><span style=\"font-variant: normal;\"><span style=\"letter-spacing: normal;\">W<br \/>\nsumie, to nic nieprawdziwego nie powiedzia\u0142, bo jego brat by\u0142<br \/>\n<\/span><\/span><span style=\"font-variant: normal;\"><span style=\"letter-spacing: normal;\"><b>rzeczywi\u015bcie<br \/>\nsynem jego ojca<\/b><\/span><\/span><span style=\"font-variant: normal;\"><span style=\"letter-spacing: normal;\"><br \/>\ni rzeczywi\u015bcie roztrwoni\u0142 maj\u0105tek z nierz\u0105dnicami, ale ca\u0142a<br \/>\nsytuacja pokaza\u0142a, \u017ce on, <\/span><\/span><span style=\"font-variant: normal;\"><span style=\"letter-spacing: normal;\">tak<br \/>\nzawsze bliski ojcu, solidny i porz\u0105dny, by\u0142 jednak<\/span><\/span><span style=\"font-variant: normal;\"><span style=\"letter-spacing: normal;\"><br \/>\ntotalnie <\/span><\/span><span style=\"font-variant: normal;\"><span style=\"letter-spacing: normal;\"><b>zablokowany<br \/>\nna jak\u0105kolwiek odmian\u0119,<\/b><\/span><\/span><span style=\"font-variant: normal;\"><span style=\"letter-spacing: normal;\"><br \/>\na wi\u0119c \u2013 na jak\u0105kolwiek nowo\u015b\u0107. <\/span><\/span><\/span><\/span><br \/>\n<\/span><\/div>\n<div align=\"justify\" style=\"font-style: normal; font-weight: normal; line-height: 150%; margin-bottom: 0cm; text-indent: 1.27cm;\">\n<span style=\"color: black;\"><span style=\"font-family: Book Antiqua, serif;\"><span style=\"font-size: x-large;\"><span style=\"font-variant: normal;\"><span style=\"letter-spacing: normal;\">On<br \/>\ndobrze, a nawet bardzo dobrze wype\u0142nia\u0142 swoje obowi\u0105zki i mia\u0142<br \/>\nbardzo szczeg\u00f3\u0142owo \u2013 do ostatniego przecinka \u2013 <\/span><\/span><span style=\"font-variant: normal;\"><span style=\"letter-spacing: normal;\"><b>doprecyzowany<\/b><\/span><\/span><span style=\"font-variant: normal;\"><span style=\"letter-spacing: normal;\"><br \/>\n<\/span><\/span><span style=\"font-variant: normal;\"><span style=\"letter-spacing: normal;\"><b>pogl\u0105d<\/b><\/span><\/span><span style=\"font-variant: normal;\"><span style=\"letter-spacing: normal;\"><br \/>\nna postaw\u0119 swoj\u0105 i na postaw\u0119 swego brata, <\/span><\/span><span style=\"font-variant: normal;\"><span style=\"letter-spacing: normal;\">przez<br \/>\nco<\/span><\/span><span style=\"font-variant: normal;\"><span style=\"letter-spacing: normal;\"><br \/>\n<\/span><\/span><span style=\"font-variant: normal;\"><span style=\"letter-spacing: normal;\"><b>nie<br \/>\ndopuszcza\u0142 \u017cadnego innego wariantu.<\/b><\/span><\/span><span style=\"font-variant: normal;\"><span style=\"letter-spacing: normal;\"><br \/>\nNie dopuszcza\u0142 \u017cadnej innej mo\u017cliwo\u015bci rozwi\u0105zan<\/span><\/span><span style=\"font-variant: normal;\"><span style=\"letter-spacing: normal;\">ia<\/span><\/span><span style=\"font-variant: normal;\"><span style=\"letter-spacing: normal;\"><br \/>\nsprawy, jak tylko t<\/span><\/span><span style=\"font-variant: normal;\"><span style=\"letter-spacing: normal;\">\u0119<\/span><\/span><span style=\"font-variant: normal;\"><span style=\"letter-spacing: normal;\">,<br \/>\nkt\u00f3r\u0105 sam sobie <\/span><\/span><span style=\"font-variant: normal;\"><span style=\"letter-spacing: normal;\">obmy\u015bli\u0142<\/span><\/span><span style=\"font-variant: normal;\"><span style=\"letter-spacing: normal;\">.<br \/>\nA ona nie <\/span><\/span><span style=\"font-variant: normal;\"><span style=\"letter-spacing: normal;\">przewidywa\u0142a<\/span><\/span><span style=\"font-variant: normal;\"><span style=\"letter-spacing: normal;\"><br \/>\n<\/span><\/span><span style=\"font-variant: normal;\"><span style=\"letter-spacing: normal;\"><b>ani<br \/>\nkrzty mi\u0142osierdzia<\/b><\/span><\/span><span style=\"font-variant: normal;\"><span style=\"letter-spacing: normal;\"><br \/>\nwobec brata. W tym sensie, mo\u017cemy powiedzie\u0107, \u017ce starszy brat \u2013<br \/>\nprzy naprawd\u0119 du\u017cej sympatii dla jego solidno\u015bci i wierno\u015bci \u2013<br \/>\njednak nie by\u0142 <\/span><\/span><span style=\"font-variant: normal;\"><span style=\"letter-spacing: normal;\">tak<br \/>\ndo ko\u0144ca porz\u0105dnym cz\u0142owiekiem.<\/span><\/span><\/span><\/span><\/span><\/div>\n<div align=\"justify\" style=\"font-style: normal; font-weight: normal; line-height: 150%; margin-bottom: 0cm; text-indent: 1.27cm;\">\n<span style=\"font-size: x-large;\"><span style=\"color: black;\"><span style=\"font-family: Book Antiqua, serif;\"><span style=\"font-variant: normal;\"><span style=\"letter-spacing: normal;\">Ojciec<br \/>\nnatomiast by\u0142. Tak, to by\u0142 <\/span><\/span><span style=\"font-variant: normal;\"><span style=\"letter-spacing: normal;\">nie<br \/>\ntylko porz\u0105dny, ale <\/span><\/span><span style=\"font-variant: normal;\"><span style=\"letter-spacing: normal;\">naprawd\u0119<br \/>\n<\/span><\/span><span style=\"font-variant: normal;\"><span style=\"letter-spacing: normal;\"><b>niezwyk\u0142y<br \/>\ncz\u0142owiek.<\/b><\/span><\/span><span style=\"font-variant: normal;\"><span style=\"letter-spacing: normal;\"><br \/>\nOn mia\u0142 najwi\u0119cej powod\u00f3w, by krn\u0105brnego syna odrzuci\u0107, skoro<br \/>\nten za\u017c\u0105da\u0142 cz\u0119\u015bci maj\u0105tku, kt\u00f3ra na niego <\/span><\/span><span style=\"font-variant: normal;\"><span style=\"letter-spacing: normal;\">rzekomo<br \/>\n<\/span><\/span><span style=\"font-variant: normal;\"><span style=\"letter-spacing: normal;\">przypada<\/span><\/span><span style=\"font-variant: normal;\"><span style=\"letter-spacing: normal;\">\u0142a<\/span><\/span><span style=\"font-variant: normal;\"><span style=\"letter-spacing: normal;\">,<br \/>\nkiedy <\/span><\/span><span style=\"font-variant: normal;\"><span style=\"letter-spacing: normal;\">w<br \/>\nrzeczywisto\u015bci<\/span><\/span><span style=\"font-variant: normal;\"><span style=\"letter-spacing: normal;\"><br \/>\n<\/span><\/span><span style=\"font-variant: normal;\"><span style=\"letter-spacing: normal;\"><b>na<br \/>\nniego nic nie przypada\u0142o,<\/b><\/span><\/span><span style=\"font-variant: normal;\"><span style=\"letter-spacing: normal;\"><br \/>\nbo maj\u0105tek nale\u017ca\u0142 do ojca, a ojciec jeszcze \u017cy\u0142 i nic nie<br \/>\nwskazywa\u0142o na to, \u017ce umiera. Mo\u017cna zatem powiedzie\u0107, \u017ce <\/span><\/span><span style=\"font-variant: normal;\"><span style=\"letter-spacing: normal;\"><b>syn<br \/>\nuzna\u0142 ojca za <\/b><\/span><\/span><span style=\"font-variant: normal;\"><span style=\"letter-spacing: normal;\"><b>umar\u0142ego<\/b><\/span><\/span><span style=\"font-variant: normal;\"><span style=\"letter-spacing: normal;\"><b>.<br \/>\n<\/b><\/span><\/span><span style=\"font-variant: normal;\"><span style=\"letter-spacing: normal;\">I<br \/>\nojciec \u2013 z pewno\u015bci\u0105, z wielkim b\u00f3lem serca \u2013 <\/span><\/span><span style=\"font-variant: normal;\"><span style=\"letter-spacing: normal;\">przyj\u0105\u0142<br \/>\nto do wiadomo\u015bci. Pozwoli\u0142 synowi odej\u015b\u0107. <\/span><\/span><\/span><\/span><br \/>\n<\/span><\/div>\n<div align=\"justify\" style=\"font-style: normal; font-weight: normal; line-height: 150%; margin-bottom: 0cm; text-indent: 1.27cm;\">\n<span style=\"font-size: x-large;\"><span style=\"color: black;\"><span style=\"font-family: Book Antiqua, serif;\"><span style=\"font-variant: normal;\"><span style=\"letter-spacing: normal;\">Ale<br \/>\n\u2013 i tu jest ta niezwyk\u0142a otwarto\u015b\u0107 tego cz\u0142owieka i wielko\u015b\u0107<br \/>\njego serca \u2013 <\/span><\/span><span style=\"font-variant: normal;\"><span style=\"letter-spacing: normal;\"><b>nie<br \/>\nzatrzasn\u0105\u0142 za nim drzwi.<\/b><\/span><\/span><span style=\"font-variant: normal;\"><span style=\"letter-spacing: normal;\"><br \/>\nWprost przeciwnie, on w tych drzwiach sta\u0142 i swego syna wygl\u0105da\u0142.<br \/>\nIle\u017c w ten spos\u00f3b <\/span><\/span><span style=\"font-variant: normal;\"><span style=\"letter-spacing: normal;\"><b>prze\u0142ama\u0142<br \/>\n<\/b><\/span><\/span><span style=\"font-variant: normal;\"><span style=\"letter-spacing: normal;\"><b>u\u015bwi\u0119conych<br \/>\n<\/b><\/span><\/span><span style=\"font-variant: normal;\"><span style=\"letter-spacing: normal;\"><b>tradycj<\/b><\/span><\/span><span style=\"font-variant: normal;\"><span style=\"letter-spacing: normal;\"><b>\u0105<br \/>\nobyczaj\u00f3w<\/b><\/span><\/span><span style=\"font-variant: normal;\"><span style=\"letter-spacing: normal;\"><br \/>\nswego narodu, <\/span><\/span><span style=\"font-variant: normal;\"><span style=\"letter-spacing: normal;\">a<br \/>\nnawet przepis\u00f3w starotestamentalnego Prawa! <\/span><\/span><span style=\"font-variant: normal;\"><span style=\"letter-spacing: normal;\">Bo<br \/>\nm\u00f3g\u0142by \u2013 a niekt\u00f3rzy powiedzieliby, \u017ce wr\u0119cz powinien \u2013<br \/>\n<\/span><\/span><span style=\"font-variant: normal;\"><span style=\"letter-spacing: normal;\"><b>przep\u0119dzi\u0107<br \/>\n\u201esynalka\u201d na cztery wiatry<\/b><\/span><\/span><span style=\"font-variant: normal;\"><span style=\"letter-spacing: normal;\"><br \/>\ni da\u0107 mu ewentualnie szans\u0119 dopiero po d\u0142u\u017cszym czasie, kiedy ten<br \/>\nci\u0119\u017cko odpokutuje za swoje grzechy i wyp\u0142aci si\u0119 ojcowskiej<br \/>\nsprawiedliwo\u015bci. <\/span><\/span><span style=\"font-variant: normal;\"><span style=\"letter-spacing: normal;\">Mia\u0142<br \/>\ndo tego absolutne prawo! <\/span><\/span><\/span><\/span><br \/>\n<\/span><\/div>\n<div align=\"justify\" style=\"font-style: normal; font-weight: normal; line-height: 150%; margin-bottom: 0cm; text-indent: 1.27cm;\">\n<span style=\"font-size: x-large;\"><span style=\"color: black;\"><span style=\"font-family: Book Antiqua, serif;\"><span style=\"font-variant: normal;\"><span style=\"letter-spacing: normal;\">Zreszt\u0105,<br \/>\n<\/span><\/span><span style=\"font-variant: normal;\"><span style=\"letter-spacing: normal;\">to<br \/>\nsam winowajca chcia\u0142 zaproponowa\u0142 ojcu takie rozwi\u0105zanie, kiedy<br \/>\n<\/span><\/span><span style=\"font-variant: normal;\"><span style=\"letter-spacing: normal;\">wybieraj\u0105c<br \/>\nsi\u0119 do niego, <\/span><\/span><span style=\"font-variant: normal;\"><span style=\"letter-spacing: normal;\">zamierza\u0142<br \/>\npowiedzie\u0107: <\/span><\/span><span style=\"font-variant: normal;\"><span style=\"letter-spacing: normal;\"><i><b>Ojcze,<br \/>\nzgrzeszy\u0142em przeciw Bogu i wzgl\u0119dem ciebie; ju\u017c nie jestem godzien<br \/>\nnazywa\u0107 si\u0119 twoim synem: uczy\u0144 mi\u0119 cho\u0107by jednym z najemnik\u00f3w.<\/b><\/i><\/span><\/span><span style=\"font-variant: normal;\"><span style=\"letter-spacing: normal;\"><b><br \/>\n<\/b><\/span><\/span><span style=\"font-variant: normal;\"><span style=\"letter-spacing: normal;\">Z<br \/>\n<\/span><\/span><span style=\"font-variant: normal;\"><span style=\"letter-spacing: normal;\">pewno\u015bci\u0105,<br \/>\nby\u0142oby to ca\u0142kiem rozs\u0105dne <\/span><\/span><span style=\"font-variant: normal;\"><span style=\"letter-spacing: normal;\">rozstrzygni\u0119cie<\/span><\/span><span style=\"font-variant: normal;\"><span style=\"letter-spacing: normal;\">.<br \/>\n<\/span><\/span><\/span><\/span><br \/>\n<\/span><\/div>\n<div align=\"justify\" style=\"font-style: normal; font-weight: normal; line-height: 150%; margin-bottom: 0cm; text-indent: 1.27cm;\">\n<span style=\"font-size: x-large;\"><span style=\"color: black;\"><span style=\"font-family: Book Antiqua, serif;\"><span style=\"font-variant: normal;\"><span style=\"letter-spacing: normal;\">Jednak<br \/>\nz <\/span><\/span><span style=\"font-variant: normal;\"><span style=\"letter-spacing: normal;\">tre\u015bci<br \/>\nEwangelii dowiadujemy si\u0119, \u017ce kiedy stan\u0105\u0142 przed ojcem,<br \/>\n<\/span><\/span><span style=\"font-variant: normal;\"><span style=\"letter-spacing: normal;\"><b>wypowiedzia\u0142<br \/>\ntylko pierwsz\u0105 cze\u015b\u0107<\/b><\/span><\/span><span style=\"font-variant: normal;\"><span style=\"letter-spacing: normal;\"><br \/>\nprzygotowanego zdania. O najemniku nie by\u0142o wzmianki. Domy\u015blamy<br \/>\nsi\u0119, \u017ce chcia\u0142 to powiedzie\u0107, <\/span><\/span><span style=\"font-variant: normal;\"><span style=\"letter-spacing: normal;\"><b>ale<br \/>\npewnie nie zd\u0105\u017cy\u0142,<\/b><\/span><\/span><span style=\"font-variant: normal;\"><span style=\"letter-spacing: normal;\"><br \/>\nbo rozradowany ojciec przytuli\u0142 go po pierwszych s\u0142owach do serca i<br \/>\nnie pozwoli\u0142 mu ju\u017c powiedzie\u0107 nic wi\u0119cej\u2026 <\/span><\/span><\/span><\/span><br \/>\n<\/span><\/div>\n<div align=\"justify\" style=\"font-style: normal; font-weight: normal; line-height: 150%; margin-bottom: 0cm; text-indent: 1.27cm;\">\n<span style=\"font-size: x-large;\"><span style=\"color: black;\"><span style=\"font-family: Book Antiqua, serif;\"><span style=\"font-variant: normal;\"><span style=\"letter-spacing: normal;\">Widzimy<br \/>\nzatem, \u017ce ojciec by\u0142 w swoim my\u015bleniu cz\u0142owiekiem <\/span><\/span><span style=\"font-variant: normal;\"><span style=\"letter-spacing: normal;\"><b>niezwykle<br \/>\nwolnym i odnowionym<\/b><\/span><\/span><span style=\"font-variant: normal;\"><span style=\"letter-spacing: normal;\"><br \/>\n\u2013 w tym sensie, \u017ce by\u0142 otwarty na nowe mo\u017cliwo\u015bci, dopuszcza\u0142<br \/>\ninne rozwi\u0105zanie problemu, ani\u017celi to, kt\u00f3re nakazywa\u0142a surowa<br \/>\ntradycja. Przede wszystkim, by\u0142 gotowy <\/span><\/span><span style=\"font-variant: normal;\"><span style=\"letter-spacing: normal;\"><b>odda\u0107<br \/>\nspraw\u0119 Bogu \u2013 do Jego rozstrzygni\u0119cia.<\/b><\/span><\/span><span style=\"font-variant: normal;\"><span style=\"letter-spacing: normal;\"><br \/>\n<\/span><\/span><span style=\"font-variant: normal;\"><span style=\"letter-spacing: normal;\">A<br \/>\nt<\/span><\/span><span style=\"font-variant: normal;\"><span style=\"letter-spacing: normal;\">o<br \/>\nz pewno\u015bci\u0105 <\/span><\/span><span style=\"font-variant: normal;\"><span style=\"letter-spacing: normal;\">by\u0142o<\/span><\/span><span style=\"font-variant: normal;\"><span style=\"letter-spacing: normal;\"><br \/>\naktem wielkiej odwagi, ale i otwarciem si\u0119 na nowo\u015b\u0107, bo B\u00f3g<br \/>\nzawsze ma w zanadrzu<\/span><\/span><span style=\"font-variant: normal;\"><span style=\"letter-spacing: normal;\"><b><br \/>\njakie\u015b dobre rozwi\u0105zanie, <\/b><\/span><\/span><span style=\"font-variant: normal;\"><span style=\"letter-spacing: normal;\">cz\u0119sto<br \/>\nb\u0119d\u0105ce <\/span><\/span><span style=\"font-variant: normal;\"><span style=\"letter-spacing: normal;\">w<br \/>\ndodatku <\/span><\/span><span style=\"font-variant: normal;\"><span style=\"letter-spacing: normal;\"><b>niespodziank\u0105.<br \/>\n<\/b><\/span><\/span><\/span><\/span><br \/>\n<\/span><\/div>\n<div align=\"justify\" style=\"font-style: normal; font-weight: normal; line-height: 150%; margin-bottom: 0cm; text-indent: 1.27cm;\">\n<span style=\"font-size: x-large;\"><span style=\"color: black;\"><span style=\"font-family: Book Antiqua, serif;\"><span style=\"font-variant: normal;\"><span style=\"letter-spacing: normal;\">D<\/span><\/span><span style=\"font-variant: normal;\"><span style=\"letter-spacing: normal;\">latego<br \/>\ns\u0142uchaj\u0105c dzisiejszego s\u0142owa Bo\u017cego, bierzemy sobie do serca t\u0119<br \/>\nnauk\u0119, \u017ce <\/span><\/span><span style=\"font-variant: normal;\"><span style=\"letter-spacing: normal;\"><b>ka\u017cdy<br \/>\n<\/b><\/span><\/span><span style=\"font-variant: normal;\"><span style=\"letter-spacing: normal;\"><b>z<br \/>\n<\/b><\/span><\/span><span style=\"font-variant: normal;\"><span style=\"letter-spacing: normal;\"><b>nas<br \/>\n\u2013 ka\u017cdy, bez wyj\u0105tku!<\/b><\/span><\/span><span style=\"font-variant: normal;\"><span style=\"letter-spacing: normal;\"><br \/>\n\u2013 winien stara\u0107 si\u0119 o odnawianie swego my\u015blenia i swego<br \/>\nspojrzenia na wszystko i wszystkich wok\u00f3\u0142. Nie tylko ci, kt\u00f3rzy<br \/>\n<\/span><\/span><span style=\"font-variant: normal;\"><span style=\"letter-spacing: normal;\"><b>zabrn\u0119li<br \/>\nbardzo daleko w na\u0142ogi i grzechy<\/b><\/span><\/span><span style=\"font-variant: normal;\"><span style=\"letter-spacing: normal;\"><br \/>\n\u2013 w ich przypadku to jest oczywiste. Ale i ci, kt\u00f3rzy \u017cyj\u0105<br \/>\nblisko Boga, s\u0105 solidni w wype\u0142nianiu swoich obowi\u0105zk\u00f3w wzgl\u0119dem<br \/>\nBoga i wzgl\u0119dem ludzi \u2013 ci tak\u017ce musz\u0105 czuwa\u0107, aby si\u0119 <\/span><\/span><span style=\"font-variant: normal;\"><span style=\"letter-spacing: normal;\"><b>w<br \/>\ntej swojej poprawno\u015bci nie da\u0107 zamkn\u0105\u0107,<\/b><\/span><\/span><span style=\"font-variant: normal;\"><span style=\"letter-spacing: normal;\"><br \/>\njak w ciasnej klatce. W\u0142a\u015bnie taka sytuacja mia\u0142a miejsce w<br \/>\nprzypadku starszego brata. <\/span><\/span><\/span><\/span><br \/>\n<\/span><\/div>\n<div align=\"justify\" style=\"font-style: normal; font-weight: normal; line-height: 150%; margin-bottom: 0cm; text-indent: 1.27cm;\">\n<span style=\"color: black;\"><span style=\"font-family: Book Antiqua, serif;\"><span style=\"font-size: x-large;\"><span style=\"font-variant: normal;\"><span style=\"letter-spacing: normal;\">Ka\u017cdy<br \/>\nwinien stara\u0107 si\u0119 o to i czuwa\u0107 nad tym, \u017ceby <\/span><\/span><span style=\"font-variant: normal;\"><span style=\"letter-spacing: normal;\"><b>nie<br \/>\nzamkn\u0105\u0107 swego umys\u0142u i serca na nowe rozwi\u0105zania<\/b><\/span><\/span><span style=\"font-variant: normal;\"><span style=\"letter-spacing: normal;\"><br \/>\n\u2013 inne od tych, kt\u00f3re by \u201enale\u017ca\u0142o\u201d  czy \u201ewypada\u0142o\u201d<br \/>\npodj\u0105\u0107. <\/span><\/span><span style=\"font-variant: normal;\"><span style=\"letter-spacing: normal;\">Nikomu<br \/>\nz nas nie wolno doj\u015b\u0107 do przekonania, \u017ce jest ju\u017c na tyle<br \/>\ndoskona\u0142y, \u017ce nie mo\u017ce \u2013 nie musi \u2013 by\u0107 lepszy. <\/span><\/span><span style=\"font-variant: normal;\"><span style=\"letter-spacing: normal;\"><b>Zawsze<br \/>\nmo\u017cna by\u0107 lepszym, <\/b><\/span><\/span><span style=\"font-variant: normal;\"><span style=\"letter-spacing: normal;\">bardziej<br \/>\ni bardziej \u015bwi\u0119tym. Zawsze mo\u017cna stawa\u0107 si\u0119 <\/span><\/span><span style=\"font-variant: normal;\"><span style=\"letter-spacing: normal;\"><b>coraz<br \/>\nbardziej nowym<\/b><\/span><\/span><span style=\"font-variant: normal;\"><span style=\"letter-spacing: normal;\"><br \/>\n\u2013 w swoim my\u015bleniu, m\u00f3wieniu, dzia\u0142aniu\u2026 Zawsze mo\u017cna wi\u0119cej\u2026<br \/>\nbardziej\u2026 pi\u0119kniej\u2026 Oby tylko <\/span><\/span><span style=\"font-variant: normal;\"><span style=\"letter-spacing: normal;\">chcie\u0107!<\/span><\/span><span style=\"font-variant: normal;\"><span style=\"letter-spacing: normal;\"><b><br \/>\nI si\u0119 nie ba\u0107! <\/b><\/span><\/span><span style=\"font-variant: normal;\"><span style=\"letter-spacing: normal;\">Nie<br \/>\nba\u0107 si\u0119 tego, co nowe \u2013 stawania si\u0119 coraz bardziej cz\u0142owiekiem<br \/>\nnowym.<\/span><\/span><\/span><\/span><\/span><\/div>\n<div align=\"justify\" style=\"font-style: normal; font-weight: normal; line-height: 150%; margin-bottom: 0cm; text-indent: 1.27cm;\">\n<span style=\"color: black;\"><span style=\"font-family: Book Antiqua, serif;\"><span style=\"font-size: x-large;\"><span style=\"font-variant: normal;\"><span style=\"letter-spacing: normal;\">D<\/span><\/span><span style=\"font-variant: normal;\"><span style=\"letter-spacing: normal;\">aj<br \/>\nnam, Panie,<\/span><\/span><span style=\"font-variant: normal;\"><span style=\"letter-spacing: normal;\"><b><br \/>\nodwag\u0119 i rado\u015b\u0107 <\/b><\/span><\/span><span style=\"font-variant: normal;\"><span style=\"letter-spacing: normal;\"><b>nowo\u015bci!<\/b><\/span><\/span><\/span><\/span><\/span><\/div>\n<p><\/p>\n","protected":false},"excerpt":{"rendered":"<p>Niech b\u0119dzie pochwalony Jezus Chrystus! Moi Drodzy, w dniu dzisiejszym urodziny prze\u017cywa Kamila Malinowska, nale\u017c\u0105ca w swoim czasie do jednej z m\u0142odzie\u017cowych Wsp\u00f3lnot. Niech Jej Pan b\u0142ogos\u0142awi i ci\u0105gle duchowo odnawia \u2013 jak o tym mowa w rozwa\u017caniu. Zapewniam o modlitwie! Dzisiejsz\u0105 niedziel\u0119 \u2013 czwart\u0105 Wielkiego Postu \u2013 nazywamy w liturgii Niedziel\u0105 \u201eLaetare\u201d, czyli niedziel\u0105 [&hellip;]<\/p>\n","protected":false},"author":1,"featured_media":0,"comment_status":"open","ping_status":"open","sticky":false,"template":"","format":"standard","meta":{"jetpack_post_was_ever_published":false,"_jetpack_newsletter_access":"","_jetpack_dont_email_post_to_subs":false,"_jetpack_newsletter_tier_id":0,"_jetpack_memberships_contains_paywalled_content":false,"_jetpack_memberships_contains_paid_content":false,"footnotes":""},"categories":[1],"tags":[],"class_list":["post-14647","post","type-post","status-publish","format-standard","hentry","category-bez-kategorii"],"yoast_head":"<!-- This site is optimized with the Yoast SEO plugin v25.1 - https:\/\/yoast.com\/wordpress\/plugins\/seo\/ -->\n<title>Odwaga i rado\u015b\u0107 nowo\u015bci! - Gaudium Et Spes<\/title>\n<meta name=\"robots\" content=\"index, follow, max-snippet:-1, max-image-preview:large, max-video-preview:-1\" \/>\n<link rel=\"canonical\" href=\"https:\/\/gaudiumetspes-blog.pl\/index.php\/2019\/03\/31\/odwaga-i-radosc-nowosci\/\" \/>\n<meta property=\"og:locale\" content=\"pl_PL\" \/>\n<meta property=\"og:type\" content=\"article\" \/>\n<meta property=\"og:title\" content=\"Odwaga i rado\u015b\u0107 nowo\u015bci! - Gaudium Et Spes\" \/>\n<meta property=\"og:description\" content=\"Niech b\u0119dzie pochwalony Jezus Chrystus! Moi Drodzy, w dniu dzisiejszym urodziny prze\u017cywa Kamila Malinowska, nale\u017c\u0105ca w swoim czasie do jednej z m\u0142odzie\u017cowych Wsp\u00f3lnot. Niech Jej Pan b\u0142ogos\u0142awi i ci\u0105gle duchowo odnawia \u2013 jak o tym mowa w rozwa\u017caniu. Zapewniam o modlitwie! Dzisiejsz\u0105 niedziel\u0119 \u2013 czwart\u0105 Wielkiego Postu \u2013 nazywamy w liturgii Niedziel\u0105 \u201eLaetare\u201d, czyli niedziel\u0105 [&hellip;]\" \/>\n<meta property=\"og:url\" content=\"https:\/\/gaudiumetspes-blog.pl\/index.php\/2019\/03\/31\/odwaga-i-radosc-nowosci\/\" \/>\n<meta property=\"og:site_name\" content=\"Gaudium Et Spes\" \/>\n<meta property=\"article:published_time\" content=\"2019-03-31T01:53:00+00:00\" \/>\n<meta property=\"article:modified_time\" content=\"2019-07-31T11:01:11+00:00\" \/>\n<meta name=\"author\" content=\"Ks. Jacek\" \/>\n<meta name=\"twitter:card\" content=\"summary_large_image\" \/>\n<meta name=\"twitter:label1\" content=\"Napisane przez\" \/>\n\t<meta name=\"twitter:data1\" content=\"Ks. Jacek\" \/>\n\t<meta name=\"twitter:label2\" content=\"Szacowany czas czytania\" \/>\n\t<meta name=\"twitter:data2\" content=\"15 minut\" \/>\n<script type=\"application\/ld+json\" class=\"yoast-schema-graph\">{\"@context\":\"https:\/\/schema.org\",\"@graph\":[{\"@type\":\"WebPage\",\"@id\":\"https:\/\/gaudiumetspes-blog.pl\/index.php\/2019\/03\/31\/odwaga-i-radosc-nowosci\/\",\"url\":\"https:\/\/gaudiumetspes-blog.pl\/index.php\/2019\/03\/31\/odwaga-i-radosc-nowosci\/\",\"name\":\"Odwaga i rado\u015b\u0107 nowo\u015bci! - Gaudium Et Spes\",\"isPartOf\":{\"@id\":\"https:\/\/gaudiumetspes-blog.pl\/#website\"},\"datePublished\":\"2019-03-31T01:53:00+00:00\",\"dateModified\":\"2019-07-31T11:01:11+00:00\",\"author\":{\"@id\":\"https:\/\/gaudiumetspes-blog.pl\/#\/schema\/person\/1661982992b752dea8dff0d4ed845a65\"},\"breadcrumb\":{\"@id\":\"https:\/\/gaudiumetspes-blog.pl\/index.php\/2019\/03\/31\/odwaga-i-radosc-nowosci\/#breadcrumb\"},\"inLanguage\":\"pl-PL\",\"potentialAction\":[{\"@type\":\"ReadAction\",\"target\":[\"https:\/\/gaudiumetspes-blog.pl\/index.php\/2019\/03\/31\/odwaga-i-radosc-nowosci\/\"]}]},{\"@type\":\"BreadcrumbList\",\"@id\":\"https:\/\/gaudiumetspes-blog.pl\/index.php\/2019\/03\/31\/odwaga-i-radosc-nowosci\/#breadcrumb\",\"itemListElement\":[{\"@type\":\"ListItem\",\"position\":1,\"name\":\"Strona g\u0142\u00f3wna\",\"item\":\"https:\/\/gaudiumetspes-blog.pl\/\"},{\"@type\":\"ListItem\",\"position\":2,\"name\":\"Odwaga i&nbsp;rado\u015b\u0107 nowo\u015bci!\"}]},{\"@type\":\"WebSite\",\"@id\":\"https:\/\/gaudiumetspes-blog.pl\/#website\",\"url\":\"https:\/\/gaudiumetspes-blog.pl\/\",\"name\":\"Gaudium Et Spes\",\"description\":\"Blog Ks. Jacka Ja\u015bkowskiego\",\"potentialAction\":[{\"@type\":\"SearchAction\",\"target\":{\"@type\":\"EntryPoint\",\"urlTemplate\":\"https:\/\/gaudiumetspes-blog.pl\/?s={search_term_string}\"},\"query-input\":{\"@type\":\"PropertyValueSpecification\",\"valueRequired\":true,\"valueName\":\"search_term_string\"}}],\"inLanguage\":\"pl-PL\"},{\"@type\":\"Person\",\"@id\":\"https:\/\/gaudiumetspes-blog.pl\/#\/schema\/person\/1661982992b752dea8dff0d4ed845a65\",\"name\":\"Ks. Jacek\",\"image\":{\"@type\":\"ImageObject\",\"inLanguage\":\"pl-PL\",\"@id\":\"https:\/\/gaudiumetspes-blog.pl\/#\/schema\/person\/image\/\",\"url\":\"https:\/\/gaudiumetspes-blog.pl\/wp-content\/uploads\/2019\/07\/avatar-JJ-150x150.jpg\",\"contentUrl\":\"https:\/\/gaudiumetspes-blog.pl\/wp-content\/uploads\/2019\/07\/avatar-JJ-150x150.jpg\",\"caption\":\"Ks. Jacek\"},\"description\":\"Witam serdecznie! K\u0142ania si\u0119 Ks. Jacek Ja\u015bkowski. Nie jestem ani kim\u015b wa\u017cnym, ani kim\u015b znanym. Jestem ksi\u0119dzem, kt\u00f3ry po prostu chce rozmawia\u0107. Codzienna kap\u0142a\u0144ska pos\u0142uga pokazuje mi, \u017ce temat\u00f3w do rozm\u00f3w z ksi\u0119dzem jest coraz wi\u0119cej i dzisiaj \u017caden ksi\u0105dz nie mo\u017ce od nich ucieka\u0107, ale - wprost przeciwnie - podejmowa\u0107 nowe wyzwania. To przekonanie sk\u0142oni\u0142o mnie do pr\u00f3by otwarcia tego\u017c bloga, chocia\u017c okazji do rozm\u00f3w na co dzie\u0144 - w konfesjonale i poza nim - na szcz\u0119\u015bcie nie brakuje. My\u015bl\u0119 jednak, \u017ce ten blog b\u0119dzie jeszcze jednym sposobem i przestrzeni\u0105 nawi\u0105zania kontaktu z lud\u017ami dobrej woli, otwartymi na dialog.\",\"url\":\"https:\/\/gaudiumetspes-blog.pl\/index.php\/author\/ks-jacek\/\"}]}<\/script>\n<!-- \/ Yoast SEO plugin. -->","yoast_head_json":{"title":"Odwaga i rado\u015b\u0107 nowo\u015bci! - Gaudium Et Spes","robots":{"index":"index","follow":"follow","max-snippet":"max-snippet:-1","max-image-preview":"max-image-preview:large","max-video-preview":"max-video-preview:-1"},"canonical":"https:\/\/gaudiumetspes-blog.pl\/index.php\/2019\/03\/31\/odwaga-i-radosc-nowosci\/","og_locale":"pl_PL","og_type":"article","og_title":"Odwaga i rado\u015b\u0107 nowo\u015bci! - Gaudium Et Spes","og_description":"Niech b\u0119dzie pochwalony Jezus Chrystus! Moi Drodzy, w dniu dzisiejszym urodziny prze\u017cywa Kamila Malinowska, nale\u017c\u0105ca w swoim czasie do jednej z m\u0142odzie\u017cowych Wsp\u00f3lnot. Niech Jej Pan b\u0142ogos\u0142awi i ci\u0105gle duchowo odnawia \u2013 jak o tym mowa w rozwa\u017caniu. Zapewniam o modlitwie! Dzisiejsz\u0105 niedziel\u0119 \u2013 czwart\u0105 Wielkiego Postu \u2013 nazywamy w liturgii Niedziel\u0105 \u201eLaetare\u201d, czyli niedziel\u0105 [&hellip;]","og_url":"https:\/\/gaudiumetspes-blog.pl\/index.php\/2019\/03\/31\/odwaga-i-radosc-nowosci\/","og_site_name":"Gaudium Et Spes","article_published_time":"2019-03-31T01:53:00+00:00","article_modified_time":"2019-07-31T11:01:11+00:00","author":"Ks. Jacek","twitter_card":"summary_large_image","twitter_misc":{"Napisane przez":"Ks. Jacek","Szacowany czas czytania":"15 minut"},"schema":{"@context":"https:\/\/schema.org","@graph":[{"@type":"WebPage","@id":"https:\/\/gaudiumetspes-blog.pl\/index.php\/2019\/03\/31\/odwaga-i-radosc-nowosci\/","url":"https:\/\/gaudiumetspes-blog.pl\/index.php\/2019\/03\/31\/odwaga-i-radosc-nowosci\/","name":"Odwaga i rado\u015b\u0107 nowo\u015bci! - Gaudium Et Spes","isPartOf":{"@id":"https:\/\/gaudiumetspes-blog.pl\/#website"},"datePublished":"2019-03-31T01:53:00+00:00","dateModified":"2019-07-31T11:01:11+00:00","author":{"@id":"https:\/\/gaudiumetspes-blog.pl\/#\/schema\/person\/1661982992b752dea8dff0d4ed845a65"},"breadcrumb":{"@id":"https:\/\/gaudiumetspes-blog.pl\/index.php\/2019\/03\/31\/odwaga-i-radosc-nowosci\/#breadcrumb"},"inLanguage":"pl-PL","potentialAction":[{"@type":"ReadAction","target":["https:\/\/gaudiumetspes-blog.pl\/index.php\/2019\/03\/31\/odwaga-i-radosc-nowosci\/"]}]},{"@type":"BreadcrumbList","@id":"https:\/\/gaudiumetspes-blog.pl\/index.php\/2019\/03\/31\/odwaga-i-radosc-nowosci\/#breadcrumb","itemListElement":[{"@type":"ListItem","position":1,"name":"Strona g\u0142\u00f3wna","item":"https:\/\/gaudiumetspes-blog.pl\/"},{"@type":"ListItem","position":2,"name":"Odwaga i&nbsp;rado\u015b\u0107 nowo\u015bci!"}]},{"@type":"WebSite","@id":"https:\/\/gaudiumetspes-blog.pl\/#website","url":"https:\/\/gaudiumetspes-blog.pl\/","name":"Gaudium Et Spes","description":"Blog Ks. Jacka Ja\u015bkowskiego","potentialAction":[{"@type":"SearchAction","target":{"@type":"EntryPoint","urlTemplate":"https:\/\/gaudiumetspes-blog.pl\/?s={search_term_string}"},"query-input":{"@type":"PropertyValueSpecification","valueRequired":true,"valueName":"search_term_string"}}],"inLanguage":"pl-PL"},{"@type":"Person","@id":"https:\/\/gaudiumetspes-blog.pl\/#\/schema\/person\/1661982992b752dea8dff0d4ed845a65","name":"Ks. Jacek","image":{"@type":"ImageObject","inLanguage":"pl-PL","@id":"https:\/\/gaudiumetspes-blog.pl\/#\/schema\/person\/image\/","url":"https:\/\/gaudiumetspes-blog.pl\/wp-content\/uploads\/2019\/07\/avatar-JJ-150x150.jpg","contentUrl":"https:\/\/gaudiumetspes-blog.pl\/wp-content\/uploads\/2019\/07\/avatar-JJ-150x150.jpg","caption":"Ks. Jacek"},"description":"Witam serdecznie! K\u0142ania si\u0119 Ks. Jacek Ja\u015bkowski. Nie jestem ani kim\u015b wa\u017cnym, ani kim\u015b znanym. Jestem ksi\u0119dzem, kt\u00f3ry po prostu chce rozmawia\u0107. Codzienna kap\u0142a\u0144ska pos\u0142uga pokazuje mi, \u017ce temat\u00f3w do rozm\u00f3w z ksi\u0119dzem jest coraz wi\u0119cej i dzisiaj \u017caden ksi\u0105dz nie mo\u017ce od nich ucieka\u0107, ale - wprost przeciwnie - podejmowa\u0107 nowe wyzwania. To przekonanie sk\u0142oni\u0142o mnie do pr\u00f3by otwarcia tego\u017c bloga, chocia\u017c okazji do rozm\u00f3w na co dzie\u0144 - w konfesjonale i poza nim - na szcz\u0119\u015bcie nie brakuje. My\u015bl\u0119 jednak, \u017ce ten blog b\u0119dzie jeszcze jednym sposobem i przestrzeni\u0105 nawi\u0105zania kontaktu z lud\u017ami dobrej woli, otwartymi na dialog.","url":"https:\/\/gaudiumetspes-blog.pl\/index.php\/author\/ks-jacek\/"}]}},"jetpack_featured_media_url":"","jetpack_sharing_enabled":true,"_links":{"self":[{"href":"https:\/\/gaudiumetspes-blog.pl\/index.php\/wp-json\/wp\/v2\/posts\/14647","targetHints":{"allow":["GET"]}}],"collection":[{"href":"https:\/\/gaudiumetspes-blog.pl\/index.php\/wp-json\/wp\/v2\/posts"}],"about":[{"href":"https:\/\/gaudiumetspes-blog.pl\/index.php\/wp-json\/wp\/v2\/types\/post"}],"author":[{"embeddable":true,"href":"https:\/\/gaudiumetspes-blog.pl\/index.php\/wp-json\/wp\/v2\/users\/1"}],"replies":[{"embeddable":true,"href":"https:\/\/gaudiumetspes-blog.pl\/index.php\/wp-json\/wp\/v2\/comments?post=14647"}],"version-history":[{"count":1,"href":"https:\/\/gaudiumetspes-blog.pl\/index.php\/wp-json\/wp\/v2\/posts\/14647\/revisions"}],"predecessor-version":[{"id":15073,"href":"https:\/\/gaudiumetspes-blog.pl\/index.php\/wp-json\/wp\/v2\/posts\/14647\/revisions\/15073"}],"wp:attachment":[{"href":"https:\/\/gaudiumetspes-blog.pl\/index.php\/wp-json\/wp\/v2\/media?parent=14647"}],"wp:term":[{"taxonomy":"category","embeddable":true,"href":"https:\/\/gaudiumetspes-blog.pl\/index.php\/wp-json\/wp\/v2\/categories?post=14647"},{"taxonomy":"post_tag","embeddable":true,"href":"https:\/\/gaudiumetspes-blog.pl\/index.php\/wp-json\/wp\/v2\/tags?post=14647"}],"curies":[{"name":"wp","href":"https:\/\/api.w.org\/{rel}","templated":true}]}}