{"id":14649,"date":"2019-03-29T06:08:00","date_gmt":"2019-03-29T05:08:00","guid":{"rendered":"https:\/\/gaudiumetspes-blog.pl\/index.php\/2019\/03\/29\/powroty-powroty-powroty\/"},"modified":"2019-07-31T13:01:11","modified_gmt":"2019-07-31T11:01:11","slug":"powroty-powroty-powroty","status":"publish","type":"post","link":"https:\/\/gaudiumetspes-blog.pl\/index.php\/2019\/03\/29\/powroty-powroty-powroty\/","title":{"rendered":"Powroty&#8230; powroty&#8230; powroty&#8230;"},"content":{"rendered":"<p><\/p>\n<div align=\"justify\" style=\"font-weight: normal; line-height: 150%; margin-bottom: 0cm;\">\n<span style=\"font-size: x-large;\"><span style=\"color: black;\"><span style=\"font-family: Book Antiqua, serif;\">Szcz\u0119\u015b\u0107<br \/>\nBo\u017ce! Moi Drodzy, w dniu dzisiejszym, w Parafii Miastk\u00f3w Ko\u015bcielny,<br \/>\nrozpoczynaj\u0105 si\u0119 Rekolekcje wielkopostne. B\u0119dzie je prowadzi\u0142<br \/>\nKsi\u0105dz Andrzej Karwowski, Pracownik Kurii siedleckiej. Prosz\u0119 o<br \/>\nmodlitw\u0119 w intencji tego jak\u017ce wa\u017cnego wydarzenia w \u017cyciu ka\u017cdej<br \/>\nparafii. <\/span><\/span><br \/>\n<\/span><\/div>\n<div align=\"justify\" style=\"background: transparent; font-weight: normal; line-height: 150%; margin-bottom: 0cm; page-break-before: auto; text-indent: 1.3cm;\">\n<span style=\"font-size: x-large;\"><span style=\"color: black;\"><span style=\"font-family: Book Antiqua, serif;\">I<br \/>\njeszcze jedna sprawa, moi Drodzy. Jak wiecie, obecnie wa\u017c\u0105 si\u0119<br \/>\nlosy planowanego strajku nauczycieli. Sprawa ta bezpo\u015brednio dotyczy<br \/>\ntak\u017ce mnie, bowiem w szkole, w kt\u00f3rej pracuj\u0119, tak\u017ce maj\u0105 si\u0119<br \/>\nodby\u0107 egzaminy gimnazjalne i egzaminy \u00f3smoklasisty. I nie wiadomo,<br \/>\njak to b\u0119dzie. <\/span><\/span><br \/>\n<\/span><\/div>\n<div align=\"justify\" style=\"background: transparent; font-weight: normal; line-height: 150%; margin-bottom: 0cm; text-indent: 1.3cm;\">\n<span style=\"color: black;\"><span style=\"font-family: Book Antiqua, serif;\"><span style=\"font-size: x-large;\">Wiadomo,<br \/>\n\u017ce w referendum, kt\u00f3re odby\u0142o si\u0119 w naszej Szkole, spo\u015br\u00f3d<br \/>\nwszystkich, kt\u00f3rzy wzi\u0119li w nim udzia\u0142 (niekt\u00f3rzy tego dnia byli<br \/>\nnieobecni, a referendum odby\u0142o si\u0119 tylko w tym jednym dniu),<br \/>\njedynie ja by\u0142em wprost przeciwny strajkowi. I dlatego zapewni\u0142em<br \/>\nDyrektora Szko\u0142y, \u017ce cho\u0107bym mia\u0142 by\u0107 we wszystkich mo\u017cliwych<br \/>\nkomisjach, to pomog\u0119 w przeprowadzeniu egzamin\u00f3w.<\/span><\/span><\/span><\/div>\n<div align=\"justify\" style=\"background: transparent; font-weight: normal; line-height: 150%; margin-bottom: 0cm; text-indent: 1.3cm;\">\n<span style=\"font-size: x-large;\"><span style=\"color: black;\"><span style=\"font-family: Book Antiqua, serif;\">Swoje<br \/>\nza\u015b stanowisko w ca\u0142ej sprawie wyrazi\u0142em w pi\u015bmie, kt\u00f3re wczoraj<br \/>\nwr\u0119czy\u0142em Dyrektorowi, Pani koordynuj\u0105cej w naszej Szkole<br \/>\ndzia\u0142ania ZNP, oraz \u2013 do wiadomo\u015bci \u2013 Ksi\u0119dzu Proboszczowi. W<br \/>\nnajbli\u017cszych dniach b\u0119d\u0119 to swoje stanowisko upublicznia\u0142 w<br \/>\nSzkole, do wiadomo\u015bci wszystkich moich Wsp\u00f3\u0142pracownik\u00f3w. <\/span><\/span><br \/>\n<\/span><\/div>\n<div align=\"justify\" style=\"background: transparent; font-weight: normal; line-height: 150%; margin-bottom: 0cm; text-indent: 1.3cm;\">\n<span style=\"color: black;\"><span style=\"font-family: Book Antiqua, serif;\"><span style=\"font-size: x-large;\">A<br \/>\nponiewa\u017c ma ono charakter listu otwartego, przeto zamieszczam je<br \/>\ntak\u017ce tutaj, pod rozwa\u017caniem.<\/span><\/span><\/span><\/div>\n<div align=\"center\" style=\"font-weight: normal; line-height: 150%; margin-bottom: 0cm;\">\n<span style=\"color: black;\"><span style=\"font-family: Book Antiqua, serif;\"><span style=\"font-size: x-large;\">Gaudium<br \/>\net spes!  Ks. Jacek<\/span><\/span><\/span><\/div>\n<div align=\"justify\" style=\"line-height: 150%; margin-bottom: 0cm;\">\n<span style=\"font-size: x-large;\"><\/p>\n<p><\/span><\/div>\n<div align=\"justify\" style=\"line-height: 150%; margin-bottom: 0cm;\">\n<span style=\"color: black;\"><span style=\"font-family: Book Antiqua, serif;\"><span style=\"font-size: x-large;\"><b>Pi\u0105tek<br \/>\n3 Tygodnia Wielkiego Postu,<\/b><\/span><\/span><\/span><\/div>\n<div align=\"justify\" style=\"line-height: 150%; margin-bottom: 0cm;\">\n<span style=\"font-size: x-large;\"><span style=\"color: black;\"><span style=\"font-family: Book Antiqua, serif;\"><b>do<br \/>\nczyta\u0144:  <span style=\"font-variant: normal;\"><span style=\"letter-spacing: normal;\"><span style=\"font-style: normal;\">Oz<br \/>\n14,2\u201310;<\/span><\/span><\/span>  <span style=\"font-variant: normal;\"><span style=\"letter-spacing: normal;\"><span style=\"font-style: normal;\">Mk<br \/>\n12,28b\u201334<\/span><\/span><\/span> <\/b><\/span><\/span><br \/>\n<\/span><\/div>\n<div align=\"justify\" style=\"line-height: 150%; margin-bottom: 0cm;\">\n<span style=\"font-size: x-large;\"><\/p>\n<p><\/span><\/div>\n<div align=\"justify\" style=\"font-style: normal; font-variant: normal; letter-spacing: normal; line-height: 150%; margin-bottom: 0cm; page-break-before: auto;\">\n<span style=\"font-size: x-large;\"><span style=\"color: black;\"><span style=\"font-family: Book Antiqua, serif;\"><b>CZYTANIE<br \/>\nZ KSI\u0118GI PROROKA OZEASZA: <\/b><\/span><\/span><br \/>\n<\/span><\/div>\n<div align=\"justify\" style=\"font-style: normal; font-variant: normal; letter-spacing: normal; line-height: 150%; margin-bottom: 0cm; page-break-before: auto; text-indent: 1.3cm;\">\n<span style=\"font-size: x-large;\"><span style=\"color: black;\"><span style=\"font-family: Book Antiqua, serif;\"><b>To<br \/>\nm\u00f3wi Pan: \u201eWr\u00f3\u0107, Izraelu, do Pana Boga twojego, upad\u0142e\u015b bowiem<br \/>\nprzez w\u0142asn\u0105 tw\u0105 win\u0119! Zabierzcie ze sob\u0105 s\u0142owa i nawr\u00f3\u0107cie<br \/>\nsi\u0119 do Pana. M\u00f3wcie do Niego: \u00abPrzebacz nam ca\u0142\u0105 nasz\u0105 win\u0119, w<br \/>\nten spos\u00f3b otrzymamy dobro za owoc naszych warg. Asyria nie mo\u017ce<br \/>\nnas zbawi\u0107, nie chcemy ju\u017c wsiada\u0107 na konie ani te\u017c m\u00f3wi\u0107 \u201enasz<br \/>\nBo\u017ce\u201d do dzie\u0142a r\u0105k naszych. U Ciebie bowiem znajdzie lito\u015b\u0107<br \/>\nsierota\u00bb. <\/b><\/span><\/span><br \/>\n<\/span><\/div>\n<div align=\"justify\" style=\"font-style: normal; font-variant: normal; letter-spacing: normal; line-height: 150%; margin-bottom: 0cm; text-indent: 1.3cm;\">\n<span style=\"font-size: x-large;\"><span style=\"color: black;\"><span style=\"font-family: Book Antiqua, serif;\"><b>Ulecz\u0119<br \/>\nich niewierno\u015b\u0107 i umi\u0142uj\u0119 z serca, bo gniew m\u00f3j odwr\u00f3ci\u0142 si\u0119<br \/>\nod nich. Stan\u0119 si\u0119 jakby ros\u0105 dla Izraela, tak \u017ce rozkwitnie jak<br \/>\nlilia i jak topola rozpu\u015bci korzenie. Rozwin\u0105 si\u0119 jego latoro\u015ble,<br \/>\nb\u0119dzie wspania\u0142y jak drzewo oliwne, wo\u0144 jego b\u0119dzie jak wo\u0144<br \/>\nLibanu. <\/b><\/span><\/span><br \/>\n<\/span><\/div>\n<div align=\"justify\" style=\"font-style: normal; font-variant: normal; letter-spacing: normal; line-height: 150%; margin-bottom: 0cm; text-indent: 1.3cm;\">\n<span style=\"color: black;\"><span style=\"font-family: Book Antiqua, serif;\"><span style=\"font-size: x-large;\"><b>I<br \/>\nwr\u00f3c\u0105 znowu, by usi\u0105\u015b\u0107 w mym cieniu, a zbo\u017ca uprawia\u0107 b\u0119d\u0105,<br \/>\nwinnice sadzi\u0107, kt\u00f3rych s\u0142awa b\u0119dzie tak wielka jak wina<br \/>\nliba\u0144skiego. Co ma jeszcze Efraim wsp\u00f3lnego z bo\u017ckami? Ja go<br \/>\nwys\u0142uchuj\u0119 i Ja na\u0144 spogl\u0105dam. Ja jestem jak cyprys zielony i<br \/>\nMnie zawdzi\u0119cza sw\u00f3j owoc. Kt\u00f3\u017c jest tak m\u0105dry, aby to poj\u0105\u0142,<br \/>\ni tak rozumny, aby to rozwa\u017cy\u0142? Bo drogi Pana s\u0105 proste: krocz\u0105<br \/>\nnimi sprawiedliwi, lecz potykaj\u0105 si\u0119 na nich grzesznicy\u201d.<\/b><\/span><\/span><\/span><\/div>\n<div align=\"justify\" style=\"line-height: 150%; margin-bottom: 0cm;\">\n<span style=\"font-size: x-large;\"><\/p>\n<p><\/span><\/div>\n<div align=\"justify\" style=\"font-style: normal; font-variant: normal; letter-spacing: normal; line-height: 150%; margin-bottom: 0cm;\">\n<span style=\"color: black;\"><span style=\"font-family: Book Antiqua, serif;\"><span style=\"font-size: x-large;\"><b>S\u0141OWA<br \/>\nEWANGELII WED\u0141UG \u015aWI\u0118TEGO MARKA:<\/b><\/span><\/span><\/span><\/div>\n<div align=\"justify\" style=\"font-style: normal; font-variant: normal; letter-spacing: normal; line-height: 150%; margin-bottom: 0cm; page-break-before: auto; text-indent: 1.3cm;\">\n<span style=\"font-size: x-large;\"><span style=\"color: black;\"><span style=\"font-family: Book Antiqua, serif;\"><b>Jeden<br \/>\nz uczonych w Pi\u015bmie zbli\u017cy\u0142 si\u0119 do Jezusa i zapyta\u0142 Go: \u201eKt\u00f3re<br \/>\njest pierwsze ze wszystkich przykaza\u0144?\u201d <\/b><\/span><\/span><br \/>\n<\/span><\/div>\n<div align=\"justify\" style=\"font-style: normal; font-variant: normal; letter-spacing: normal; line-height: 150%; margin-bottom: 0cm; text-indent: 1.3cm;\">\n<span style=\"font-size: x-large;\"><span style=\"color: black;\"><span style=\"font-family: Book Antiqua, serif;\"><b>Jezus<br \/>\nodpowiedzia\u0142: \u201ePierwsze jest: \u00abS\u0142uchaj, Izraelu, Pan, B\u00f3g nasz,<br \/>\nPan jest jedyny. B\u0119dziesz mi\u0142owa\u0142 Pana, Boga swego, ca\u0142ym swoim<br \/>\nsercem, ca\u0142\u0105 swoj\u0105 dusz\u0105, ca\u0142ym swoim umys\u0142em i ca\u0142\u0105 swoj\u0105<br \/>\nmoc\u0105\u00bb. Drugie jest to: \u00abB\u0119dziesz mi\u0142owa\u0142 bli\u017aniego swego jak<br \/>\nsiebie samego\u00bb. Nie ma innego przykazania wi\u0119kszego od tych\u201d. <\/b><\/span><\/span><br \/>\n<\/span><\/div>\n<div align=\"justify\" style=\"line-height: 150%; margin-bottom: 0cm; text-indent: 1.3cm;\">\n<span style=\"font-size: x-large;\"><span style=\"color: black;\"><span style=\"font-family: Book Antiqua, serif;\"><b><span style=\"font-variant: normal;\"><span style=\"letter-spacing: normal;\"><span style=\"font-style: normal;\">Rzek\u0142<br \/>\nMu uczony w Pi\u015bmie: \u201eBardzo dobrze, Nauczycielu, s\u0142usznie\u015b<br \/>\npowiedzia\u0142, bo Jeden jest i nie ma innego pr\u00f3cz Niego. Mi\u0142owa\u0107 Go<br \/>\nca\u0142ym sercem, ca\u0142ym umys\u0142em i ca\u0142\u0105 moc\u0105 i mi\u0142owa\u0107 bli\u017aniego<br \/>\njak siebie samego daleko wi\u0119cej znaczy ni\u017c wszystkie ca\u0142opalenia i<br \/>\nofiary\u201d. <\/span><\/span><\/span><\/b><\/span><\/span><br \/>\n<\/span><\/div>\n<div align=\"justify\" style=\"font-style: normal; font-variant: normal; letter-spacing: normal; line-height: 150%; margin-bottom: 0cm; text-indent: 1.3cm;\">\n<span style=\"color: black;\"><span style=\"font-family: Book Antiqua, serif;\"><span style=\"font-size: x-large;\"><b>Jezus<br \/>\nwidz\u0105c, \u017ce rozumnie odpowiedzia\u0142, rzek\u0142 do niego: \u201eNiedaleko<br \/>\njeste\u015b od kr\u00f3lestwa Bo\u017cego\u201d. I nikt ju\u017c nie odwa\u017cy\u0142 si\u0119<br \/>\nwi\u0119cej Go pyta\u0107.<\/b><\/span><\/span><\/span><\/div>\n<div align=\"justify\" style=\"line-height: 150%; margin-bottom: 0cm;\">\n<span style=\"font-size: x-large;\"><\/p>\n<p><\/span><\/div>\n<div align=\"justify\" style=\"background: transparent; font-style: normal; font-variant: normal; font-weight: normal; letter-spacing: normal; line-height: 150%; margin-bottom: 0cm; page-break-before: auto; text-indent: 1.3cm;\">\n<span style=\"font-size: x-large;\"><span style=\"color: black;\"><span style=\"font-family: Book Antiqua, serif;\">Propozycja,<br \/>\nz jak\u0105 B\u00f3g zwraca si\u0119 dzi\u015b do swego ludu \u2013 za po\u015brednictwem<br \/>\nProroka Ozeasza \u2013 jest wyrazem Jego wielkiej mi\u0142o\u015bci i troski o<br \/>\nzbawienie narodu wybranego. M\u00f3wi bowiem B\u00f3g: <i><b>Wr\u00f3\u0107, Izraelu,<br \/>\ndo Pana Boga twojego, upad\u0142e\u015b bowiem przez w\u0142asn\u0105 tw\u0105 win\u0119!<\/b><\/i><br \/>\n<\/span><\/span><br \/>\n<\/span><\/div>\n<div align=\"justify\" style=\"background: transparent; font-style: normal; font-variant: normal; font-weight: normal; letter-spacing: normal; line-height: 150%; margin-bottom: 0cm; text-indent: 1.3cm;\">\n<span style=\"font-size: x-large;\"><span style=\"color: black;\"><span style=\"font-family: Book Antiqua, serif;\">My<br \/>\ndzisiaj dobrze wiemy, \u017ce to <b>nie jedyne takie wezwanie,<\/b><br \/>\nskierowane przez Boga do cz\u0142owieka. Mo\u017cna by nawet zaryzykowa\u0107<br \/>\nstwierdzenie, \u017ce ca\u0142a historia relacji Boga ze swoim narodem i<br \/>\nnarodu wybranego z Bogiem \u2013 to <b>ci\u0105g\u0142e <\/b><b>jego <\/b><b>odchodzenie<\/b><br \/>\nod Boga, ci\u0105g\u0142e wzywanie do nawr\u00f3cenia, kierowane przez Boga,<br \/>\nnieustannie daj\u0105cego szans\u0119 swemu ludowi \u2013 i te ci\u0105g\u0142e <b>powroty\u2026<br \/>\npowroty\u2026 powroty\u2026 <\/b><\/span><\/span><br \/>\n<\/span><\/div>\n<div align=\"justify\" style=\"background: transparent; font-style: normal; font-variant: normal; font-weight: normal; letter-spacing: normal; line-height: 150%; margin-bottom: 0cm; text-indent: 1.3cm;\">\n<span style=\"font-size: x-large;\"><span style=\"color: black;\"><span style=\"font-family: Book Antiqua, serif;\">Tak,<br \/>\nmoi Drodzy, historia zbawienia \u2013 to <b>historia ci\u0105g\u0142ych powrot\u00f3w<\/b><br \/>\ncz\u0142owieka do swego Boga. Dzisiaj s\u0142yszymy, co B\u00f3g proponuje<br \/>\ncz\u0142owiekowi w momencie, kiedy ten do Niego powr\u00f3ci. I nie mo\u017cna tu<br \/>\nm\u00f3wi\u0107 o jakim\u015b mamieniu cz\u0142owieka. Nie, to s\u0105 <b>bardzo realne i<br \/>\nwiarygodne obietnice,<\/b> potwierdzone tyloma dzia\u0142aniami Boga,<br \/>\npodejmowanymi na przestrzeni wiek\u00f3w, kiedy to udowadnia\u0142 On i <b>swoj\u0105<br \/>\nwszechmoc, i swoj\u0105 trosk\u0119<\/b> o cz\u0142owieka. <\/span><\/span><br \/>\n<\/span><\/div>\n<div align=\"justify\" style=\"background: transparent; font-style: normal; font-variant: normal; font-weight: normal; letter-spacing: normal; line-height: 150%; margin-bottom: 0cm; text-indent: 1.3cm;\">\n<span style=\"font-size: x-large;\"><span style=\"color: black;\"><span style=\"font-family: Book Antiqua, serif;\">I<br \/>\ndzisiaj takiej w\u0142a\u015bnie konkretnej postawy \u2013 nie s\u0142\u00f3w \u2013 B\u00f3g<br \/>\noczekuje od cz\u0142owieka. Wszak s\u0142yszymy: <i><b>Zabierzcie ze sob\u0105<br \/>\ns\u0142owa i nawr\u00f3\u0107cie si\u0119 do Pana.<\/b><\/i><b> <\/b>A kiedy cz\u0142owiek<br \/>\ntak post\u0105pi \u2013 co si\u0119 w\u00f3wczas stanie? B\u00f3g zapewnia: <i><b>Ulecz\u0119<br \/>\nich niewierno\u015b\u0107 i umi\u0142uj\u0119 z serca, bo gniew m\u00f3j odwr\u00f3ci\u0142 si\u0119<br \/>\nod nich. Stan\u0119 si\u0119 jakby ros\u0105 dla Izraela, tak \u017ce rozkwitnie jak<br \/>\nlilia i jak topola rozpu\u015bci korzenie. Rozwin\u0105 si\u0119 jego latoro\u015ble,<br \/>\nb\u0119dzie wspania\u0142y jak drzewo oliwne, wo\u0144 jego b\u0119dzie jak wo\u0144<br \/>\nLibanu.<\/b><\/i><b> <\/b><\/span><\/span><br \/>\n<\/span><\/div>\n<div align=\"justify\" style=\"background: transparent; font-style: normal; font-variant: normal; font-weight: normal; letter-spacing: normal; line-height: 150%; margin-bottom: 0cm; text-indent: 1.3cm;\">\n<span style=\"font-size: x-large;\"><span style=\"color: black;\"><span style=\"font-family: Book Antiqua, serif;\">Wcze\u015bniej<br \/>\nza\u015b Prorok wk\u0142ada niejako w usta ludu, b\u0142agaj\u0105cego swego Boga o<br \/>\nprzebaczenie, takie oto s\u0142owa: <i><b>Asyria nie mo\u017ce nas zbawi\u0107,<br \/>\nnie chcemy ju\u017c wsiada\u0107 na konie ani te\u017c m\u00f3wi\u0107 \u201enasz Bo\u017ce\u201d<br \/>\ndo dzie\u0142a r\u0105k naszych. U Ciebie bowiem znajdzie lito\u015b\u0107 sierota.<\/b><\/i><br \/>\nTak, bardzo zale\u017ca\u0142o Bogu, aby tym s\u0142owom towarzyszy\u0142o mocne<br \/>\nprzekonanie ludu, \u017ce \u017cadna Asyria, \u017cadne ziemskie mocarstwo, \u017cadna<br \/>\nludzka w\u0142adza, \u017cadne ludzkie koterie i uk\u0142ady \u2013 <b>nie zdo\u0142aj\u0105<br \/>\n<\/b><b>go <\/b><b>zbawi\u0107. <\/b>Dlatego zamiast poszukiwa\u0107 takich<br \/>\ndora\u017anych szans, kt\u00f3re na dalsz\u0105 met\u0119 nic dobrego nie przynios\u0105,<br \/>\nnajlepiej od razu <b>powr\u00f3ci\u0107 do Boga. Wej\u015b\u0107 na Jego drogi.<\/b> A<br \/>\nOn dzisiaj zapewnia:  <i><b>Drogi Pana s\u0105 proste: krocz\u0105 nimi<br \/>\nsprawiedliwi, lecz potykaj\u0105 si\u0119 na nich grzesznicy.<\/b><\/i><i><b> <\/b><\/i><\/span><\/span><br \/>\n<\/span><\/div>\n<div align=\"justify\" style=\"background: transparent; font-style: normal; font-variant: normal; font-weight: normal; letter-spacing: normal; line-height: 150%; margin-bottom: 0cm; text-indent: 1.3cm;\">\n<span style=\"font-size: x-large;\"><span style=\"color: black;\"><span style=\"font-family: Book Antiqua, serif;\">Gdyby\u015bmy<br \/>\nsi\u0119 natomiast zastanawiali, kt\u00f3r\u0119dy to przebiega droga Bo\u017ca i jak<br \/>\nna ni\u0105 wej\u015b\u0107, to z pomoc\u0105 przychodzi sam Jezus, kt\u00f3ry dzisiaj w<br \/>\nEwangelii wskazuj\u0119 t\u0119 chyba <b>najwa\u017cniejsz\u0105 ze swoich dr\u00f3g<\/b><br \/>\n\u2013 a tak naprawd\u0119 jedyn\u0105, w kt\u00f3rej niejako schodz\u0105 si\u0119<br \/>\nwszystkie inne: <b>drog\u0119 mi\u0142o\u015bci Boga i bli\u017aniego. <\/b>By to<br \/>\nwyrazi\u0107 i objawi\u0107 swemu ludowi \u2013 czyli tak\u017ce nam \u2013 Jezus<br \/>\n<b>po\u0142\u0105czy\u0142 w jedno dwa przykazania,<\/b> istniej\u0105ce ju\u017c w Starym<br \/>\nTestamencie, ale zawsze oddzielnie. <\/span><\/span><br \/>\n<\/span><\/div>\n<div align=\"justify\" style=\"background: transparent; font-style: normal; font-variant: normal; font-weight: normal; letter-spacing: normal; line-height: 150%; margin-bottom: 0cm; text-indent: 1.3cm;\">\n<span style=\"font-size: x-large;\"><span style=\"color: black;\"><span style=\"font-family: Book Antiqua, serif;\">Dzisiaj<br \/>\nJezus uczyni\u0142 z nich niejako jedno, nieroz\u0142\u0105czne przykazanie.<br \/>\nPowiedzia\u0142: <i><b>Pierwsze jest: \u00abS\u0142uchaj, Izraelu, Pan, B\u00f3g<br \/>\nnasz, Pan jest jedyny. B\u0119dziesz mi\u0142owa\u0142 Pana, Boga swego, ca\u0142ym<br \/>\nswoim sercem, ca\u0142\u0105 swoj\u0105 dusz\u0105, ca\u0142ym swoim umys\u0142em i ca\u0142\u0105<br \/>\nswoj\u0105 moc\u0105\u00bb. Drugie jest to: \u00abB\u0119dziesz mi\u0142owa\u0142 bli\u017aniego<br \/>\nswego jak siebie samego\u00bb. Nie ma innego przykazania wi\u0119kszego od<br \/>\ntych.<\/b><\/i><b> <\/b>Zwr\u00f3\u0107my uwag\u0119 na ostatnie zdanie z tej<br \/>\nwypowiedzi: <i><b>Nie ma innego przykazania wi\u0119kszego od tych.<\/b><\/i><b><br \/>\n<\/b>Zatem, te dwa \u2013 to<b> jedno przykazanie.<\/b> I to jeszcze w<br \/>\ndodatku najwi\u0119ksze. <\/span><\/span><br \/>\n<\/span><\/div>\n<div align=\"justify\" style=\"background: transparent; font-style: normal; font-variant: normal; font-weight: normal; letter-spacing: normal; line-height: 150%; margin-bottom: 0cm; text-indent: 1.3cm;\">\n<span style=\"font-size: x-large;\"><span style=\"color: black;\"><span style=\"font-family: Book Antiqua, serif;\">I<br \/>\nto jest ta jedyna droga, moi Drodzy, kt\u00f3r\u0105 powinni\u015bmy <b>wytrwale<br \/>\ni cierpliwie kroczy\u0107<\/b><b>,<\/b> by osi\u0105gn\u0105\u0107 zbawienie. A je\u015bli<br \/>\nzdarzy\u0142oby si\u0119 z niej zej\u015b\u0107 i pob\u0142\u0105dzi\u0107 na jakich\u015b bezdro\u017cach<br \/>\n\u2013 to w\u0142a\u015bnie na t\u0119 drog\u0119 trzeba nam ci\u0105gle powraca\u0107\u2026 <b>Ci\u0105gle<br \/>\npowraca\u0107\u2026<\/b> <\/span><\/span><br \/>\n<\/span><\/div>\n<div align=\"justify\" style=\"background: transparent; font-style: normal; font-variant: normal; font-weight: normal; letter-spacing: normal; line-height: 150%; margin-bottom: 0cm; text-indent: 1.3cm;\">\n<span style=\"color: black;\"><span style=\"font-family: Book Antiqua, serif;\"><span style=\"font-size: x-large;\">Bo<br \/>\nchyba mo\u017cemy szczerze powiedzie\u0107, \u017ce tak\u017ce nasz\u0105 relacj\u0119 z<br \/>\nBogiem kszta\u0142tuj\u0105<b> ci\u0105g\u0142e powroty\u2026 powroty\u2026 powroty\u2026<\/b><br \/>\nOby nam si\u0119 one nigdy nie znudzi\u0142y! Oby\u015bmy nigdy nie przestali<br \/>\npowraca\u0107! Bo B\u00f3g \u2013 na pewno! \u2013 zawsze b\u0119dzie czeka\u0142. I ci\u0105gle<br \/>\nb\u0119dzie powtarza\u0142: <i><b>Wr\u00f3\u0107<\/b><\/i><b> \u2013 <\/b>tutaj wstawmy<br \/>\nswoje imi\u0119 \u2013<b> <\/b><i><b>do Pana Boga twojego, upad\u0142e\u015b bowiem<br \/>\nprzez w\u0142asn\u0105 tw\u0105 win\u0119! Zabierzcie ze sob\u0105 s\u0142owa i nawr\u00f3\u0107cie<br \/>\nsi\u0119 do Pana.<\/b><\/i><\/span><\/span><\/span><\/div>\n<div align=\"justify\" style=\"background: transparent; font-style: normal; font-variant: normal; font-weight: normal; letter-spacing: normal; line-height: 150%; margin-bottom: 0cm; text-indent: 1.3cm;\">\n<span style=\"color: black;\"><span style=\"font-family: Book Antiqua, serif;\"><span style=\"font-size: x-large;\">Jak<br \/>\n<b>konkretnie<\/b> <b>realizuj\u0119<\/b> to wezwanie szczeg\u00f3lnie teraz, w<br \/>\nWielkim Po\u015bcie?\u2026<\/span><\/span><\/span><\/div>\n<div align=\"justify\" style=\"background: transparent; font-style: normal; font-variant: normal; font-weight: normal; letter-spacing: normal; line-height: 150%; margin-bottom: 0cm; text-indent: 1.3cm;\">\n<span style=\"font-size: x-large;\"><\/p>\n<p><\/span><\/div>\n<div align=\"justify\" style=\"background: transparent; font-style: normal; font-variant: normal; font-weight: normal; letter-spacing: normal; line-height: 150%; margin-bottom: 0cm; text-indent: 1.3cm;\">\n<span style=\"font-size: x-large;\"><\/p>\n<p><\/span><\/div>\n<div align=\"center\" style=\"line-height: 150%; margin-bottom: 0cm;\">\n<span style=\"font-size: x-large;\"><span style=\"color: black;\"><span style=\"font-family: Book Antiqua, serif;\"><b>STANOWISKO<br \/>\nW SPRAWIE PLANOWANEGO STRAJKU <\/b><\/span><\/span><br \/>\n<\/span><\/div>\n<div align=\"center\" style=\"line-height: 150%; margin-bottom: 0cm;\">\n<span style=\"color: black;\"><span style=\"font-family: Book Antiqua, serif;\"><span style=\"font-size: x-large;\"><b>PRACOWNIK\u00d3W<br \/>\nO\u015aWIATY<\/b><\/span><\/span><\/span><\/div>\n<div align=\"justify\" style=\"line-height: 150%; margin-bottom: 0cm;\">\n<span style=\"font-size: x-large;\"><\/p>\n<p><\/span><\/div>\n<div align=\"justify\" style=\"line-height: 150%; margin-bottom: 0cm;\">\n<span style=\"color: black;\"><span style=\"font-family: Book Antiqua, serif;\"><span style=\"font-size: x-large;\">Szanowni<br \/>\nPa\u0144stwo,<\/span><\/span><\/span><\/div>\n<div align=\"justify\" style=\"background: transparent; line-height: 150%; margin-bottom: 0cm; page-break-before: auto; text-indent: 1.3cm;\">\n<span style=\"font-size: x-large;\"><span style=\"color: black;\"><span style=\"font-family: Book Antiqua, serif;\">zabieraj\u0105c<br \/>\ng\u0142os w sprawie strajku Nauczycieli, mam \u015bwiadomo\u015b\u0107, \u017ce moja<br \/>\nsytuacja i pozycja zasadniczo r\u00f3\u017cni si\u0119 od sytuacji Pracownik\u00f3w<br \/>\nSzko\u0142y. Dlatego moje stanowisko jest wyrazem spojrzenia na ca\u0142y<br \/>\nproblem z pozycji kap\u0142ana i duszpasterza, a w dalszej perspektywie \u2013<br \/>\ntak\u017ce nauczyciela. I w\u0142a\u015bnie z tej pozycji patrz\u0105c, w ca\u0142o\u015bci<br \/>\nzgadzam si\u0119 ze stwierdzeniem, \u017ce Nauczyciele i Pracownicy o\u015bwiaty<br \/>\npowinni lepiej zarabia\u0107. Powiedzmy jeszcze wi\u0119cej: powinni jak<br \/>\nnajlepiej zarabia\u0107. <\/span><\/span><br \/>\n<\/span><\/div>\n<div align=\"justify\" style=\"background: transparent; line-height: 150%; margin-bottom: 0cm; text-indent: 1.3cm;\">\n<span style=\"font-size: x-large;\"><span style=\"color: black;\"><span style=\"font-family: Book Antiqua, serif;\">S\u0105<br \/>\nbowiem rzeczywi\u015bcie najbardziej wykszta\u0142con\u0105 grup\u0105 spo\u0142eczn\u0105, a<br \/>\nponadto ich praca niesie ze sob\u0105 wiele trudno\u015bci i wyrzecze\u0144,<br \/>\nzwi\u0105zanych chocia\u017cby ze zmian\u0105 podej\u015bcia du\u017cej cz\u0119\u015bci rodzic\u00f3w<br \/>\ndo procesu wychowania swoich dzieci: rodzice coraz mniej wymagaj\u0105 od<br \/>\nswoich dzieci, coraz mniej wymagaj\u0105 od siebie, a coraz wi\u0119cej<br \/>\nw\u0142a\u015bnie od nauczyciela, zg\u0142aszaj\u0105c przy tym coraz wi\u0119ksze<br \/>\n\u017c\u0105dania i pretensje \u2013 tak, jakby to w\u0142a\u015bnie nauczyciel mia\u0142<br \/>\ndope\u0142ni\u0107 brak\u00f3w wychowawczych, kt\u00f3re dziecko wynios\u0142o ze swego<br \/>\nrodzinnego domu. <\/span><\/span><br \/>\n<\/span><\/div>\n<div align=\"justify\" style=\"background: transparent; line-height: 150%; margin-bottom: 0cm; text-indent: 1.3cm;\">\n<span style=\"font-size: x-large;\"><span style=\"color: black;\"><span style=\"font-family: Book Antiqua, serif;\">Tak\u017ce<br \/>\nzachowanie samych uczni\u00f3w stanowi coraz wi\u0119ksze wyzwanie dla<br \/>\nnauczyciela, mo\u017cna bowiem odnie\u015b\u0107 wra\u017cenie, \u017ce ucze\u0144 dzisiaj ma<br \/>\ncoraz wi\u0119cej praw, podczas kiedy nauczyciel \u2013 odwrotnie<br \/>\nproporcjonalnie \u2013 ma coraz wi\u0119cej obowi\u0105zk\u00f3w. I coraz wi\u0119cej<br \/>\nodpowiedzialno\u015bci. <\/span><\/span><br \/>\n<\/span><\/div>\n<div align=\"justify\" style=\"background: transparent; line-height: 150%; margin-bottom: 0cm; text-indent: 1.3cm;\">\n<span style=\"font-size: x-large;\"><span style=\"color: black;\"><span style=\"font-family: Book Antiqua, serif;\">Prawd\u0105<br \/>\njest r\u00f3wnie\u017c, \u017ce czas pracy nauczyciela jest \u2013 w rzeczy samej \u2013<br \/>\ntrudny do oszacowania, bo poza godzinami, przepracowanymi w szkole,<br \/>\nwiele godzin po\u015bwi\u0119ca na prac\u0119 poza jej murami \u2013 czy to<br \/>\nprzygotowuj\u0105c si\u0119 do zaj\u0119\u0107, czy to sprawdzaj\u0105c zeszyty i prace<br \/>\nuczni\u00f3w, czy te\u017c wreszcie organizuj\u0105c dla nich r\u00f3\u017cne zaj\u0119cia<br \/>\npozalekcyjne, spotkania i wyjazdy. <\/span><\/span><br \/>\n<\/span><\/div>\n<div align=\"justify\" style=\"background: transparent; line-height: 150%; margin-bottom: 0cm; text-indent: 1.3cm;\">\n<span style=\"color: black;\"><span style=\"font-family: Book Antiqua, serif;\"><span style=\"font-size: x-large;\">Wszystkie<br \/>\nte aspekty nale\u017cy zauwa\u017cy\u0107, podkre\u015bli\u0107 i doceni\u0107.<\/span><\/span><\/span><\/div>\n<div align=\"justify\" style=\"background: transparent; line-height: 150%; margin-bottom: 0cm; text-indent: 1.3cm;\">\n<span style=\"color: black;\"><span style=\"font-family: Book Antiqua, serif;\"><span style=\"font-size: x-large;\">Trzeba<br \/>\njednak zauwa\u017cy\u0107 i rozwa\u017cy\u0107 drugi aspekt problemu. A podejmuj\u0105c<br \/>\nsi\u0119 tego, chc\u0119 wspomnie\u0107, jak na pocz\u0105tku lat dziewi\u0119\u0107dziesi\u0105tych<br \/>\nubieg\u0142ego wieku \u2013 kiedy sam jeszcze by\u0142em uczniem I Liceum<br \/>\nOg\u00f3lnokszta\u0142c\u0105cego im. J\u00f3zefa Ignacego Kraszewskiego w Bia\u0142ej<br \/>\nPodlaskiej \u2013 \u015brodowisko nauczycielskie r\u00f3wnie\u017c podejmowa\u0142o<br \/>\ninicjatywy strajkowe. Zapytali\u015bmy w\u00f3wczas \u2013 jako Klasa \u2013 nasz\u0105<br \/>\nNauczycielk\u0119 j\u0119zyka francuskiego, czy nasi Nauczyciele b\u0119d\u0105<br \/>\nstrajkowa\u0107. Pani Ewa Machaj \u2013 kt\u00f3ra cho\u0107 nie by\u0142a naszym<br \/>\nWychowawc\u0105, by\u0142a dla nas du\u017cym Autorytetem \u2013 odpowiedzia\u0142a<br \/>\nw\u00f3wczas, \u017ce chocia\u017c wiele argument\u00f3w przemawia za strajkiem, to<br \/>\njednak nasi Nauczyciele, w prowadzonych w swoim gronie rozmowach,<br \/>\nzgodnie uznali, \u017ce cho\u0107 ze zg\u0142aszanymi przez \u015brodowisko<br \/>\npostulatami nale\u017cy si\u0119 zgodzi\u0107, popiera\u0107 je i d\u0105\u017cy\u0107 do ich<br \/>\nrealizacji, to jednak szko\u0142a nie jest odpowiednim miejsce na strajk.<br \/>\nBo \u2013 i tu cytat z wypowiedzi Pani Profesor \u2013 \u201ejakich postaw<br \/>\nuczyliby\u015bmy Was w ten spos\u00f3b?\u201d<\/span><\/span><\/span><\/div>\n<div align=\"justify\" style=\"background: transparent; line-height: 150%; margin-bottom: 0cm; text-indent: 1.3cm;\">\n<span style=\"color: black;\"><span style=\"font-family: Book Antiqua, serif;\"><span style=\"font-size: x-large;\">Przyznaj\u0119,<br \/>\n\u017ce zachowa\u0142em g\u0142\u0119boko w sercu to zdanie, przy r\u00f3\u017cnych okazjach<br \/>\ni dyskusjach powraca ono do mnie i wci\u0105\u017c daje do my\u015blenia,<br \/>\nstanowi\u0105c tak\u017ce inspiracj\u0119 do wyra\u017cenia tego dzisiejszego<br \/>\nstanowiska.<\/span><\/span><\/span><\/div>\n<div align=\"justify\" style=\"background: transparent; line-height: 150%; margin-bottom: 0cm; text-indent: 1.3cm;\">\n<span style=\"font-size: x-large;\"><span style=\"color: black;\"><span style=\"font-family: Book Antiqua, serif;\">Opieram<br \/>\nje w du\u017cej mierze na stanowisku Episkopatu Polski, kt\u00f3ry w obliczu<br \/>\nnarastaj\u0105cych w naszej Ojczy\u017anie konflikt\u00f3w i napi\u0119\u0107,<br \/>\nopublikowa\u0142 \u2013 w dniu 14 marca 2019. \u2013 List spo\u0142eczny, w kt\u00f3rym<br \/>\nstwierdza mi\u0119dzy innymi: <\/span><\/span><br \/>\n<\/span><\/div>\n<div align=\"justify\" style=\"background: transparent; font-style: normal; font-variant: normal; font-weight: normal; letter-spacing: normal; line-height: 150%; margin-bottom: 0cm; text-indent: 1.3cm;\">\n<span style=\"color: black; font-size: x-large;\">\u201e<span style=\"font-family: Book Antiqua, serif;\">\u017byjemy<br \/>\nw zr\u00f3\u017cnicowanym spo\u0142ecze\u0144stwie. Spory czy rywalizacje s\u0105 w nim<br \/>\nczym\u015b naturalnym. \u201eKo\u015bci\u00f3\u0142 dobrze wie, \u017ce w historii<br \/>\nnieuchronnie powstaj\u0105 konflikty interes\u00f3w pomi\u0119dzy r\u00f3\u017cnymi<br \/>\ngrupami spo\u0142ecznymi i \u017ce wobec nich chrze\u015bcijanin musi cz\u0119sto<br \/>\nzaj\u0105\u0107 stanowisko zdecydowane i konsekwentne\u201d (CA, nr 14). Godziwe<br \/>\nzaanga\u017cowanie w konflikt polityczny czy spo\u0142eczny mo\u017ce by\u0107 form\u0105<br \/>\nwalki o wolno\u015b\u0107, sprawiedliwo\u015b\u0107, s\u0142uszne prawa s\u0142abszych czy<br \/>\nwyzyskiwanych.<\/span><\/span><\/div>\n<div align=\"justify\" style=\"background: transparent; font-style: normal; font-variant: normal; font-weight: normal; letter-spacing: normal; line-height: 150%; margin-bottom: 0cm; text-indent: 1.3cm;\">\n<span style=\"color: black;\"><span style=\"font-family: Book Antiqua, serif;\"><span style=\"font-size: x-large;\">Sp\u00f3r<br \/>\npolityczny powinien by\u0107 \u201ezmaganiem si\u0119 o co\u015b\u201d. W kontek\u015bcie<br \/>\nwalki zwi\u0105zk\u00f3w zawodowych o sprawiedliwo\u015b\u0107 spo\u0142eczn\u0105 i o<br \/>\nuprawnienia ludzi pracy, \u015bw. Jan Pawe\u0142 II pisa\u0142: \u201ewalka ta<br \/>\npowinna by\u0107 traktowana jako normalne staranie o w\u0142a\u015bciwe dobro,<br \/>\n[\u2026] nie jest to natomiast walka przeciwko innym. Je\u015bli w sprawach<br \/>\nspornych przybiera r\u00f3wnie\u017c i taki charakter, to dzieje si\u0119 to z<br \/>\nuwagi na dobro spo\u0142ecznej sprawiedliwo\u015bci, a nie \u00abdla walki\u00bb albo<br \/>\nte\u017c dla wyeliminowania przeciwnika\u201d (LE, nr 20). Jest to \u201ewalka<br \/>\nszlachetna\u201d, kt\u00f3ra nie ma nic wsp\u00f3lnego z walk\u0105 klas spo\u0142ecznych<br \/>\nczy stronnictw politycznych. Gorzej, je\u015bli \u201ezmaganie si\u0119 o co\u015b\u201d<br \/>\nzostaje zdominowane przez \u201ezmaganie si\u0119 z kim\u015b\u201d. W\u00f3wczas<br \/>\npolityka przestaje by\u0107 roztropn\u0105 trosk\u0105 o dobro wsp\u00f3lne. Staje<br \/>\nsi\u0119 wy\u0142\u0105cznie walk\u0105 o w\u0142adz\u0119 \u2013 mniej lub bardziej<br \/>\nwyrafinowan\u0105 gr\u0105.\u201d Tyle ze stanowiska Episkopatu.<\/span><\/span><\/span><\/div>\n<div align=\"justify\" style=\"background: transparent; font-style: normal; font-variant: normal; font-weight: normal; letter-spacing: normal; line-height: 150%; margin-bottom: 0cm; text-indent: 1.3cm;\">\n<span style=\"color: black;\"><span style=\"font-family: Book Antiqua, serif;\"><span style=\"font-size: x-large;\">I<br \/>\nw tym chocia\u017cby kontek\u015bcie nale\u017cy zauwa\u017cy\u0107, \u017ce strajk \u2013 w<br \/>\nformie, w jakiej jest planowany \u2013 ma si\u0119 odby\u0107 pod sztandarami<br \/>\ncz\u0142owieka, kt\u00f3ry zdaje si\u0119 rozgrywa\u0107 kosztem \u015brodowiska<br \/>\nnauczycielskiego, ale i kosztem uczni\u00f3w, swoje polityczne ambicje.<br \/>\nJego has\u0142a trafi\u0142y na podatny grunt \u2013 niezadowolenia wielu<br \/>\nPracownik\u00f3w o\u015bwiaty z obecnej sytuacji \u2013 ale trudno nie zauwa\u017cy\u0107,<br \/>\n\u017ce ca\u0142\u0105 inicjatyw\u0105 kieruje cz\u0142owiek, kt\u00f3ry ostatni raz stan\u0105\u0142<br \/>\nprzy tablicy jako nauczyciel w roku 1995, kt\u00f3rego pensja<br \/>\nczterokrotnie przewy\u017csza \u015bredni\u0105 pensj\u0119 nauczyciela i kt\u00f3ry<br \/>\npodejmuje dzia\u0142ania wtedy, kiedy w\u0142adz\u0119 sprawuje nieprzychylna mu<br \/>\nopcja polityczna. Tak\u017ce od tego, kt\u00f3ra opcja polityczna aktualnie<br \/>\nrz\u0105dzi, uzale\u017cnia on swoje, cz\u0119sto sprzeczne ze sob\u0105, pogl\u0105dy na<br \/>\no\u015bwiat\u0119. A wypowiedziana ostatnio przez niego gro\u017aba zablokowania<br \/>\npromocji uczni\u00f3w do nast\u0119pnych klas dope\u0142nia ca\u0142ego obrazu.<\/span><\/span><\/span><\/div>\n<div align=\"justify\" style=\"background: transparent; font-style: normal; font-variant: normal; font-weight: normal; letter-spacing: normal; line-height: 150%; margin-bottom: 0cm; text-indent: 1.3cm;\">\n<span style=\"font-size: x-large;\"><span style=\"color: black;\"><span style=\"font-family: Book Antiqua, serif;\">Te<br \/>\nokoliczno\u015bci, znajduj\u0105ce szeroki odd\u017awi\u0119k w opinii publicznej,<br \/>\nodbieraj\u0105 ca\u0142ej inicjatywie znaczn\u0105 cz\u0119\u015b\u0107 wiarygodno\u015bci.<br \/>\nPonadto, w wypowiedziach internaut\u00f3w, zamieszczanych na r\u00f3\u017cnych<br \/>\nforach internetowych, oraz w rozmowach z tak zwanymi \u201ezwyk\u0142ymi<br \/>\nlud\u017ami\u201d, jakie w ostatnich dniach intensywnie prowadz\u0119, staraj\u0105c<br \/>\nsi\u0119 wyrobi\u0107 sobie w miar\u0119 obiektywne spojrzenie na problem, s\u0142ysz\u0119<br \/>\nstwierdzenia, \u017ce ludzie ci \u2013 moi rozm\u00f3wcy, nierzadko tak\u017ce<br \/>\nmaj\u0105cy wy\u017csze wykszta\u0142cenie \u2013 pracuj\u0105 po wiele godzin na dob\u0119,<br \/>\ncz\u0119sto wcze\u015bnie wyje\u017cd\u017caj\u0105c z domu i p\u00f3\u017ano do niego wracaj\u0105c,<br \/>\n\u017ceby zarobi\u0107 podobn\u0105 kwot\u0119, albo i mniejsz\u0105. <\/span><\/span><br \/>\n<\/span><\/div>\n<div align=\"justify\" style=\"background: transparent; font-style: normal; font-variant: normal; font-weight: normal; letter-spacing: normal; line-height: 150%; margin-bottom: 0cm; text-indent: 1.3cm;\">\n<span style=\"font-size: x-large;\"><span style=\"color: black;\"><span style=\"font-family: Book Antiqua, serif;\">Na<br \/>\nfali ca\u0142ego napi\u0119cia, jakie wywo\u0142a\u0142a omawiana sytuacja, ludzie ci<br \/>\nwypominaj\u0105 \u015brodowisku nauczycielskiemu elastyczny czas pracy,<br \/>\nniemal trzymiesi\u0119czny czas wolny od zaj\u0119\u0107; ponadto wymieniane s\u0105<br \/>\ni inne kwestie, jak chocia\u017cby ta, dlaczego nie r\u00f3\u017cnicowa\u0107<br \/>\npodwy\u017cki, w zale\u017cno\u015bci od osi\u0105ganych wynik\u00f3w pracy: dlaczego<br \/>\ntyle samo ma otrzyma\u0107 nauczyciel, kt\u00f3ry ca\u0142e serce wk\u0142ada w<br \/>\nwykonywanie swojej pracy, jak i ten, kt\u00f3ry \u2013 jak si\u0119 kto\u015b<br \/>\nwyrazi\u0142 \u2013 \u201eodk\u0142ada torb\u0119 z materia\u0142ami do szko\u0142y po powrocie<br \/>\nz pracy i bierze j\u0105 do r\u0119ki nast\u0119pnego dnia rano\u201d, a jego<br \/>\nuczniowie w wi\u0119kszo\u015bci musz\u0105 bra\u0107 korepetycje. <\/span><\/span><br \/>\n<\/span><\/div>\n<div align=\"justify\" style=\"background: transparent; font-style: normal; font-variant: normal; font-weight: normal; letter-spacing: normal; line-height: 150%; margin-bottom: 0cm; text-indent: 1.3cm;\">\n<span style=\"font-size: x-large;\"><span style=\"color: black;\"><span style=\"font-family: Book Antiqua, serif;\">Podkre\u015blam:<br \/>\nabstrahuj\u0105c od oceny powy\u017cszych pogl\u0105d\u00f3w, stwierdzam ich<br \/>\nnasilenie si\u0119 w ostatnich dniach. Wiele os\u00f3b por\u00f3wnuje po prostu<br \/>\nsytuacj\u0119 nauczycieli do swojej sytuacji i stwierdza, \u017ce w wielu<br \/>\naspektach jest to sytuacja gorsza. <\/span><\/span><br \/>\n<\/span><\/div>\n<div align=\"justify\" style=\"background: transparent; font-style: normal; font-variant: normal; font-weight: normal; letter-spacing: normal; line-height: 150%; margin-bottom: 0cm; text-indent: 1.3cm;\">\n<span style=\"font-size: x-large;\"><span style=\"color: black;\"><span style=\"font-family: Book Antiqua, serif;\">Ale<br \/>\ng\u0142\u00f3wnym i najmocniejszym argumentem, stawianym w kontek\u015bcie<br \/>\nomawianego problemu, jest zarzut organizowania ca\u0142ego protestu w<br \/>\nczasie tak wa\u017cnym dla ucznia, jak zako\u0144czenie pewnego etapu nauki i<br \/>\nzwi\u0105zanych z tym egzamin\u00f3w. Dlatego do prze\u017cy\u0107, zwi\u0105zanych z<br \/>\nprzygotowaniem si\u0119 do egzamin\u00f3w, dochodz\u0105 i te, zwi\u0105zane z<br \/>\nniepewno\u015bci\u0105, czy w og\u00f3le si\u0119 one odb\u0119d\u0105. W tym kontek\u015bcie,<br \/>\nopuszczenie uczni\u00f3w przez nauczycieli w tak wa\u017cnym momencie jest<br \/>\npor\u00f3wnywane do odej\u015bcia lekarza od \u0142\u00f3\u017cka pacjenta. Oczywi\u015bcie,<br \/>\nka\u017cde por\u00f3wnanie jest w jakim\u015b stopniu wadliwe, ale zaw\u00f3d<br \/>\nnauczyciela ci\u0105gle jeszcze postrzegany jest jako misja \u2013 podobnie,<br \/>\njak wspomniany zaw\u00f3d lekarza, piel\u0119gniarki, stra\u017caka, policjanta i<br \/>\nwreszcie tak\u017ce ksi\u0119dza. A je\u015bli tak, to nale\u017cy postawi\u0107 pytanie,<br \/>\nczy tak pojmowan\u0105 misj\u0119 mo\u017cna postrzega\u0107 tylko i wy\u0142\u0105cznie<br \/>\nprzez pryzmat zarobk\u00f3w? <\/span><\/span><br \/>\n<\/span><\/div>\n<div align=\"justify\" style=\"background: transparent; font-style: normal; font-variant: normal; font-weight: normal; letter-spacing: normal; line-height: 150%; margin-bottom: 0cm; text-indent: 1.3cm;\">\n<span style=\"color: black;\"><span style=\"font-family: Book Antiqua, serif;\"><span style=\"font-size: x-large;\">Mam<br \/>\n\u015bwiadomo\u015b\u0107, jak trudne pytanie stawiam i jakie opory mo\u017ce ono<br \/>\nwywo\u0142a\u0107. Dlatego zastrzegam jeszcze raz, \u017ce jestem za jak<br \/>\nnajlepszym wynagradzaniem Nauczycieli i Pracownik\u00f3w o\u015bwiaty.<br \/>\nProblem natomiast, o rozwa\u017cenie kt\u00f3rego o\u015bmielam si\u0119 Pa\u0144stwa<br \/>\nprosi\u0107, brzmi: czy stawianie nawet bardzo s\u0142usznych postulat\u00f3w \u2013<br \/>\nwinno si\u0119 odbywa\u0107 za wszelk\u0105 cen\u0119? Czy strajk w tej formie, w<br \/>\njakiej jest planowany, nie stanie si\u0119 jednak \u2013 jak ostrzega\u0142 Jan<br \/>\nPawe\u0142 II w cytowanej powy\u017cej wypowiedzi \u2013 inicjatyw\u0105 \u201eprzeciwko<br \/>\nkomu\u015b\u201d? I to akurat nie przeciwko rz\u0105dowi \u2013 jak jest to<br \/>\nzamierzone \u2013 ale przeciwko uczniom?<\/span><\/span><\/span><\/div>\n<div align=\"justify\" style=\"background: transparent; font-style: normal; font-variant: normal; font-weight: normal; letter-spacing: normal; line-height: 150%; margin-bottom: 0cm; text-indent: 1.3cm;\">\n<span style=\"font-size: x-large;\"><span style=\"color: black;\"><span style=\"font-family: Book Antiqua, serif;\">A<br \/>\nje\u015bli tak, to czy nie zachodzi obawa, \u017ce rodzice, kt\u00f3rzy \u2013 jak<br \/>\nto wcze\u015bniej by\u0142o wspomniane \u2013 s\u0105 dzi\u015b w du\u017cej cz\u0119\u015bci wr\u0119cz<br \/>\nprzewra\u017cliwieni na punkcie swoich dzieci, nie wykorzystaj\u0105 tego<br \/>\nfaktu w jaki\u015b spos\u00f3b przeciwko \u015brodowisku nauczycielskiemu? Czy w<br \/>\ntakiej ma\u0142ej spo\u0142eczno\u015bci, jak nasza, gdzie niemal\u017ce wszyscy<br \/>\nwszystkich znaj\u0105, nie spowoduje to pot\u0119\u017cnych konflikt\u00f3w i<br \/>\nwzajemnej wrogo\u015bci, kt\u00f3rej potem by\u0107 mo\u017ce przez lata nie da si\u0119<br \/>\ndo ko\u0144ca wyciszy\u0107? Czy tego typu dzia\u0142anie nie spowoduje jeszcze<br \/>\nbardziej odczuwalnego spadku presti\u017cu nauczyciela, kt\u00f3ry to spadek<br \/>\nju\u017c teraz Pa\u0144stwo sami dostrzegaj\u0105? <\/span><\/span><br \/>\n<\/span><\/div>\n<div align=\"justify\" style=\"background: transparent; font-style: normal; font-variant: normal; font-weight: normal; letter-spacing: normal; line-height: 150%; margin-bottom: 0cm; text-indent: 1.3cm;\">\n<span style=\"color: black;\"><span style=\"font-family: Book Antiqua, serif;\"><span style=\"font-size: x-large;\">Stawiam<br \/>\nte pytania, maj\u0105c na uwadze katolick\u0105 nauk\u0119 spo\u0142eczn\u0105 Ko\u015bcio\u0142a,<br \/>\nkt\u00f3ra stwierdza, \u017ce strajk jest dzia\u0142aniem jak najbardziej<br \/>\nuprawnionym, a niekiedy wr\u0119cz koniecznym, jednak po spe\u0142nieniu<br \/>\ndw\u00f3ch warunk\u00f3w: w sytuacji, kiedy wszystkie inne sposoby zaradzenia<br \/>\nproblemowi zosta\u0142y wykorzystane i nie przynios\u0142y efektu, oraz w<br \/>\nsytuacji, gdy warunki bytowe pracownika s\u0105 naprawd\u0119 bardzo z\u0142e. Co<br \/>\ndo pierwszego warunku, to trzeba stwierdzi\u0107, \u017ce pewne dzia\u0142ania<br \/>\nzosta\u0142y przez rz\u0105dz\u0105cych podj\u0119te. Oczywi\u015bcie, powinny by\u0107 one<br \/>\nbardziej intensywne i przynie\u015b\u0107 bardziej wyra\u017ane, wymierne efekty,<br \/>\nale przypomnijmy, \u017ce w poprzednich latach i takich nie by\u0142o. To<br \/>\nodno\u015bnie do pierwszego warunku. Odno\u015bnie do drugiego \u2013 nie jestem<br \/>\nuprawniony do wypowiadania jakichkolwiek opinii lub przypuszcze\u0144,<br \/>\nka\u017cdy sam to w sumieniu oceni.<\/span><\/span><\/span><\/div>\n<div align=\"justify\" style=\"background: transparent; font-style: normal; font-variant: normal; font-weight: normal; letter-spacing: normal; line-height: 150%; margin-bottom: 0cm; text-indent: 1.3cm;\">\n<span style=\"color: black;\"><span style=\"font-family: Book Antiqua, serif;\"><span style=\"font-size: x-large;\">Drodzy<br \/>\nPa\u0144stwo,<\/span><\/span><\/span><\/div>\n<div align=\"justify\" style=\"background: transparent; font-style: normal; font-variant: normal; font-weight: normal; letter-spacing: normal; line-height: 150%; margin-bottom: 0cm; text-indent: 1.3cm;\">\n<span style=\"font-size: x-large;\"><span style=\"color: black;\"><span style=\"font-family: Book Antiqua, serif;\">przedstawiam<br \/>\nto swoje stanowisko jako kap\u0142an i duszpasterz, kt\u00f3remu le\u017cy na<br \/>\nsercu dobro ca\u0142ej naszej spo\u0142eczno\u015bci, nie tylko szkolnej. A jako<br \/>\njedyna osoba, kt\u00f3ra w\u015br\u00f3d wszystkich Pracownik\u00f3w naszej Szko\u0142y,<br \/>\nbior\u0105cych udzia\u0142 w referendum, zag\u0142osowa\u0142a wprost przeciw<br \/>\nstrajkowi \u2013 stwierdzam, \u017ce bior\u0105c pod uwag\u0119 wszystkie wymienione<br \/>\nokoliczno\u015bci, w ca\u0142o\u015bci podtrzymuj\u0119 swoje stanowisko. Zaznaczam,<br \/>\n\u017ce czyni\u0119 to w pe\u0142nej wolno\u015bci, nie ulegaj\u0105c \u017cadnych naciskom<br \/>\nczy sugestiom zewn\u0119trznym, nie mam te\u017c w tej sprawie \u017cadnych<br \/>\nwskaza\u0144 ze strony swoich ko\u015bcielnych prze\u0142o\u017conych. Kieruj\u0119 si\u0119<br \/>\nwy\u0142\u0105cznie imperatywem serca, kt\u00f3ry w tym tak wa\u017cnym momencie nie<br \/>\npozwala mi milcze\u0107. <\/span><\/span><br \/>\n<\/span><\/div>\n<div align=\"justify\" style=\"background: transparent; font-style: normal; font-variant: normal; font-weight: normal; letter-spacing: normal; line-height: 150%; margin-bottom: 0cm; text-indent: 1.3cm;\">\n<span style=\"color: black;\"><span style=\"font-family: Book Antiqua, serif;\"><span style=\"font-size: x-large;\">Prosz\u0119,<br \/>\naby przyj\u0119li Pa\u0144stwo to moje stanowisko jako g\u0142os w dyskusji. A<br \/>\njako duszpasterz, prosz\u0119 o spokojne rozwa\u017cenie raz jeszcze, g\u0142\u0119boko<br \/>\nw sercu i w sumieniu, wszystkich racji \u201eza\u201d i \u201eprzeciw\u201d.<br \/>\nCzyni\u0119 to tak\u017ce dlatego, \u017ce w\u0142a\u015bnie jako duszpasterz nieraz<br \/>\nprzyjmuj\u0119 wyznania m\u0142odzie\u017cy, kt\u00f3ra przyznaje si\u0119 do<br \/>\nniew\u0142a\u015bciwego odnoszenia si\u0119 do swoich nauczycieli. Szczerze<br \/>\nobawiam si\u0119, \u017ce b\u0119dzie mi trudno teraz korygowa\u0107 te postawy i<br \/>\ndomaga\u0107 si\u0119 od uczni\u00f3w szacunku wobec nauczycieli, je\u017celi ci w<br \/>\njakim\u015b sensie opuszcz\u0105 swoich uczni\u00f3w w tak wa\u017cnym momencie ich<br \/>\n\u017cycia.<\/span><\/span><\/span><\/div>\n<div align=\"justify\" style=\"background: transparent; font-style: normal; font-variant: normal; font-weight: normal; letter-spacing: normal; line-height: 150%; margin-bottom: 0cm; text-indent: 1.3cm;\">\n<span style=\"font-size: x-large;\"><span style=\"color: black;\"><span style=\"font-family: Book Antiqua, serif;\">Drodzy<br \/>\nPa\u0144stwo, sk\u0105din\u0105d wiem, \u017ce wielu z Pa\u0144stwa naprawd\u0119 g\u0142\u0119boko<br \/>\nprze\u017cywa ca\u0142\u0105 sytuacj\u0119 i jest ona dla niejednego prawdziwym<br \/>\ndylematem, co nale\u017cy zrobi\u0107, jak post\u0105pi\u0107. Szczeg\u00f3lnie \u2013 o<br \/>\nczym te\u017c wiem \u2013 prze\u017cywaj\u0105 to ci z Pa\u0144stwa, kt\u00f3rzy s\u0105 tak\u017ce<br \/>\nRodzicami Dzieci, maj\u0105cych zdawa\u0107 egzaminy. <\/span><\/span><br \/>\n<\/span><\/div>\n<div align=\"justify\" style=\"background: transparent; font-style: normal; font-variant: normal; font-weight: normal; letter-spacing: normal; line-height: 150%; margin-bottom: 0cm; text-indent: 1.3cm;\">\n<span style=\"font-size: x-large;\"><span style=\"color: black;\"><span style=\"font-family: Book Antiqua, serif;\">Dlatego<br \/>\nzapewniaj\u0105c o mojej wielkiej \u017cyczliwo\u015bci dla wszystkich Pa\u0144stwa i<br \/>\nwdzi\u0119czno\u015bci za nasz\u0105 dotychczasow\u0105 wsp\u00f3\u0142prac\u0119, oraz za<br \/>\n\u017cyczliwo\u015b\u0107, jakiej ze strony Pa\u0144stwa codziennie do\u015bwiadczam,<br \/>\nbardzo prosz\u0119, by t\u0119 jak\u017ce trudn\u0105, ale jak\u017ce bardzo wa\u017cn\u0105<br \/>\nkwesti\u0119 raz jeszcze szczerze i na spokojnie zechcieli Pa\u0144stwo<br \/>\nprzemy\u015ble\u0107, bior\u0105c pod uwag\u0119 mo\u017cliwie wszystkie okoliczno\u015bci<br \/>\noraz mo\u017cliwe do przewidzenia skutki. <\/span><\/span><br \/>\n<\/span><\/div>\n<div align=\"justify\" style=\"background: transparent; font-style: normal; font-variant: normal; font-weight: normal; letter-spacing: normal; line-height: 150%; margin-bottom: 0cm; text-indent: 1.3cm;\">\n<span style=\"color: black;\"><span style=\"font-family: Book Antiqua, serif;\"><span style=\"font-size: x-large;\">My\u015bl\u0119,<br \/>\n\u017ce refleksj\u0119 t\u0119 warto wesprze\u0107 modlitw\u0105 do Ducha \u015awi\u0119tego \u2013<br \/>\no potrzebne \u015bwiat\u0142o i dobr\u0105 my\u015bl, do podj\u0119cia jak najw\u0142a\u015bciwszej<br \/>\ndecyzji w tym jak\u017ce wa\u017cnym i decyduj\u0105cym momencie.<\/span><\/span><\/span><\/div>\n<div align=\"justify\" style=\"background: transparent; font-style: normal; font-variant: normal; font-weight: normal; letter-spacing: normal; line-height: 150%; margin-bottom: 0cm;\">\n<span style=\"font-size: x-large;\"><\/p>\n<p><\/span><\/div>\n<div align=\"center\" style=\"background: transparent; font-style: normal; font-variant: normal; font-weight: normal; letter-spacing: normal; line-height: 150%; margin-bottom: 0cm;\">\n<span style=\"color: black;\"><span style=\"font-family: Book Antiqua, serif;\"><span style=\"font-size: x-large;\">Ks.<br \/>\ndr Jacek Ja\u015bkowski<\/span><\/span><\/span><\/div>\n<div align=\"center\" style=\"background: transparent; font-style: normal; font-variant: normal; font-weight: normal; letter-spacing: normal; line-height: 150%; margin-bottom: 0cm;\">\n<span style=\"font-size: x-large;\"><span style=\"color: black;\"><span style=\"font-family: Book Antiqua, serif;\">Katecheta<br \/>\nw Szkole Podstawowej z Oddzia\u0142ami Gimnazjalnymi <\/span><\/span><br \/>\n<\/span><\/div>\n<div align=\"center\" style=\"background: transparent; font-style: normal; font-variant: normal; font-weight: normal; letter-spacing: normal; line-height: 150%; margin-bottom: 0cm;\">\n<span style=\"color: black;\"><span style=\"font-family: Book Antiqua, serif;\"><span style=\"font-size: x-large;\">w<br \/>\nMiastkowie Ko\u015bcielnym<\/span><\/span><\/span><\/div>\n<div align=\"center\" style=\"background: transparent; font-style: normal; font-variant: normal; font-weight: normal; letter-spacing: normal; line-height: 150%; margin-bottom: 0cm;\">\n<span style=\"font-size: x-large;\"><span style=\"color: black;\"><span style=\"font-family: Book Antiqua, serif;\">Duszpasterz<br \/>\nParafii Nawiedzenia N.M.P. <\/span><\/span><br \/>\n<\/span><\/div>\n<div align=\"center\" style=\"background: transparent; font-style: normal; font-variant: normal; font-weight: normal; letter-spacing: normal; line-height: 150%; margin-bottom: 0cm;\">\n<span style=\"color: black;\"><span style=\"font-family: Book Antiqua, serif;\"><span style=\"font-size: x-large;\">w<br \/>\nMiastkowie Ko\u015bcielnym<\/span><\/span><\/span><\/div>\n","protected":false},"excerpt":{"rendered":"<p>Szcz\u0119\u015b\u0107 Bo\u017ce! Moi Drodzy, w dniu dzisiejszym, w Parafii Miastk\u00f3w Ko\u015bcielny, rozpoczynaj\u0105 si\u0119 Rekolekcje wielkopostne. B\u0119dzie je prowadzi\u0142 Ksi\u0105dz Andrzej Karwowski, Pracownik Kurii siedleckiej. Prosz\u0119 o modlitw\u0119 w intencji tego jak\u017ce wa\u017cnego wydarzenia w \u017cyciu ka\u017cdej parafii. I jeszcze jedna sprawa, moi Drodzy. Jak wiecie, obecnie wa\u017c\u0105 si\u0119 losy planowanego strajku nauczycieli. Sprawa ta bezpo\u015brednio [&hellip;]<\/p>\n","protected":false},"author":1,"featured_media":0,"comment_status":"open","ping_status":"open","sticky":false,"template":"","format":"standard","meta":{"jetpack_post_was_ever_published":false,"_jetpack_newsletter_access":"","_jetpack_dont_email_post_to_subs":false,"_jetpack_newsletter_tier_id":0,"_jetpack_memberships_contains_paywalled_content":false,"_jetpack_memberships_contains_paid_content":false,"footnotes":""},"categories":[1],"tags":[],"class_list":["post-14649","post","type-post","status-publish","format-standard","hentry","category-bez-kategorii"],"yoast_head":"<!-- This site is optimized with the Yoast SEO plugin v25.1 - https:\/\/yoast.com\/wordpress\/plugins\/seo\/ -->\n<title>Powroty... powroty... powroty... - Gaudium Et Spes<\/title>\n<meta name=\"robots\" content=\"index, follow, max-snippet:-1, max-image-preview:large, max-video-preview:-1\" \/>\n<link rel=\"canonical\" href=\"https:\/\/gaudiumetspes-blog.pl\/index.php\/2019\/03\/29\/powroty-powroty-powroty\/\" \/>\n<meta property=\"og:locale\" content=\"pl_PL\" \/>\n<meta property=\"og:type\" content=\"article\" \/>\n<meta property=\"og:title\" content=\"Powroty... powroty... powroty... - Gaudium Et Spes\" \/>\n<meta property=\"og:description\" content=\"Szcz\u0119\u015b\u0107 Bo\u017ce! Moi Drodzy, w dniu dzisiejszym, w Parafii Miastk\u00f3w Ko\u015bcielny, rozpoczynaj\u0105 si\u0119 Rekolekcje wielkopostne. B\u0119dzie je prowadzi\u0142 Ksi\u0105dz Andrzej Karwowski, Pracownik Kurii siedleckiej. Prosz\u0119 o modlitw\u0119 w intencji tego jak\u017ce wa\u017cnego wydarzenia w \u017cyciu ka\u017cdej parafii. I jeszcze jedna sprawa, moi Drodzy. Jak wiecie, obecnie wa\u017c\u0105 si\u0119 losy planowanego strajku nauczycieli. Sprawa ta bezpo\u015brednio [&hellip;]\" \/>\n<meta property=\"og:url\" content=\"https:\/\/gaudiumetspes-blog.pl\/index.php\/2019\/03\/29\/powroty-powroty-powroty\/\" \/>\n<meta property=\"og:site_name\" content=\"Gaudium Et Spes\" \/>\n<meta property=\"article:published_time\" content=\"2019-03-29T05:08:00+00:00\" \/>\n<meta property=\"article:modified_time\" content=\"2019-07-31T11:01:11+00:00\" \/>\n<meta name=\"author\" content=\"Ks. Jacek\" \/>\n<meta name=\"twitter:card\" content=\"summary_large_image\" \/>\n<meta name=\"twitter:label1\" content=\"Napisane przez\" \/>\n\t<meta name=\"twitter:data1\" content=\"Ks. Jacek\" \/>\n\t<meta name=\"twitter:label2\" content=\"Szacowany czas czytania\" \/>\n\t<meta name=\"twitter:data2\" content=\"17 minut\" \/>\n<script type=\"application\/ld+json\" class=\"yoast-schema-graph\">{\"@context\":\"https:\/\/schema.org\",\"@graph\":[{\"@type\":\"WebPage\",\"@id\":\"https:\/\/gaudiumetspes-blog.pl\/index.php\/2019\/03\/29\/powroty-powroty-powroty\/\",\"url\":\"https:\/\/gaudiumetspes-blog.pl\/index.php\/2019\/03\/29\/powroty-powroty-powroty\/\",\"name\":\"Powroty... powroty... powroty... - Gaudium Et Spes\",\"isPartOf\":{\"@id\":\"https:\/\/gaudiumetspes-blog.pl\/#website\"},\"datePublished\":\"2019-03-29T05:08:00+00:00\",\"dateModified\":\"2019-07-31T11:01:11+00:00\",\"author\":{\"@id\":\"https:\/\/gaudiumetspes-blog.pl\/#\/schema\/person\/1661982992b752dea8dff0d4ed845a65\"},\"breadcrumb\":{\"@id\":\"https:\/\/gaudiumetspes-blog.pl\/index.php\/2019\/03\/29\/powroty-powroty-powroty\/#breadcrumb\"},\"inLanguage\":\"pl-PL\",\"potentialAction\":[{\"@type\":\"ReadAction\",\"target\":[\"https:\/\/gaudiumetspes-blog.pl\/index.php\/2019\/03\/29\/powroty-powroty-powroty\/\"]}]},{\"@type\":\"BreadcrumbList\",\"@id\":\"https:\/\/gaudiumetspes-blog.pl\/index.php\/2019\/03\/29\/powroty-powroty-powroty\/#breadcrumb\",\"itemListElement\":[{\"@type\":\"ListItem\",\"position\":1,\"name\":\"Strona g\u0142\u00f3wna\",\"item\":\"https:\/\/gaudiumetspes-blog.pl\/\"},{\"@type\":\"ListItem\",\"position\":2,\"name\":\"Powroty&#8230; powroty&#8230; powroty&#8230;\"}]},{\"@type\":\"WebSite\",\"@id\":\"https:\/\/gaudiumetspes-blog.pl\/#website\",\"url\":\"https:\/\/gaudiumetspes-blog.pl\/\",\"name\":\"Gaudium Et Spes\",\"description\":\"Blog Ks. Jacka Ja\u015bkowskiego\",\"potentialAction\":[{\"@type\":\"SearchAction\",\"target\":{\"@type\":\"EntryPoint\",\"urlTemplate\":\"https:\/\/gaudiumetspes-blog.pl\/?s={search_term_string}\"},\"query-input\":{\"@type\":\"PropertyValueSpecification\",\"valueRequired\":true,\"valueName\":\"search_term_string\"}}],\"inLanguage\":\"pl-PL\"},{\"@type\":\"Person\",\"@id\":\"https:\/\/gaudiumetspes-blog.pl\/#\/schema\/person\/1661982992b752dea8dff0d4ed845a65\",\"name\":\"Ks. Jacek\",\"image\":{\"@type\":\"ImageObject\",\"inLanguage\":\"pl-PL\",\"@id\":\"https:\/\/gaudiumetspes-blog.pl\/#\/schema\/person\/image\/\",\"url\":\"https:\/\/gaudiumetspes-blog.pl\/wp-content\/uploads\/2019\/07\/avatar-JJ-150x150.jpg\",\"contentUrl\":\"https:\/\/gaudiumetspes-blog.pl\/wp-content\/uploads\/2019\/07\/avatar-JJ-150x150.jpg\",\"caption\":\"Ks. Jacek\"},\"description\":\"Witam serdecznie! K\u0142ania si\u0119 Ks. Jacek Ja\u015bkowski. Nie jestem ani kim\u015b wa\u017cnym, ani kim\u015b znanym. Jestem ksi\u0119dzem, kt\u00f3ry po prostu chce rozmawia\u0107. Codzienna kap\u0142a\u0144ska pos\u0142uga pokazuje mi, \u017ce temat\u00f3w do rozm\u00f3w z ksi\u0119dzem jest coraz wi\u0119cej i dzisiaj \u017caden ksi\u0105dz nie mo\u017ce od nich ucieka\u0107, ale - wprost przeciwnie - podejmowa\u0107 nowe wyzwania. To przekonanie sk\u0142oni\u0142o mnie do pr\u00f3by otwarcia tego\u017c bloga, chocia\u017c okazji do rozm\u00f3w na co dzie\u0144 - w konfesjonale i poza nim - na szcz\u0119\u015bcie nie brakuje. My\u015bl\u0119 jednak, \u017ce ten blog b\u0119dzie jeszcze jednym sposobem i przestrzeni\u0105 nawi\u0105zania kontaktu z lud\u017ami dobrej woli, otwartymi na dialog.\",\"url\":\"https:\/\/gaudiumetspes-blog.pl\/index.php\/author\/ks-jacek\/\"}]}<\/script>\n<!-- \/ Yoast SEO plugin. -->","yoast_head_json":{"title":"Powroty... powroty... powroty... - Gaudium Et Spes","robots":{"index":"index","follow":"follow","max-snippet":"max-snippet:-1","max-image-preview":"max-image-preview:large","max-video-preview":"max-video-preview:-1"},"canonical":"https:\/\/gaudiumetspes-blog.pl\/index.php\/2019\/03\/29\/powroty-powroty-powroty\/","og_locale":"pl_PL","og_type":"article","og_title":"Powroty... powroty... powroty... - Gaudium Et Spes","og_description":"Szcz\u0119\u015b\u0107 Bo\u017ce! Moi Drodzy, w dniu dzisiejszym, w Parafii Miastk\u00f3w Ko\u015bcielny, rozpoczynaj\u0105 si\u0119 Rekolekcje wielkopostne. B\u0119dzie je prowadzi\u0142 Ksi\u0105dz Andrzej Karwowski, Pracownik Kurii siedleckiej. Prosz\u0119 o modlitw\u0119 w intencji tego jak\u017ce wa\u017cnego wydarzenia w \u017cyciu ka\u017cdej parafii. I jeszcze jedna sprawa, moi Drodzy. Jak wiecie, obecnie wa\u017c\u0105 si\u0119 losy planowanego strajku nauczycieli. Sprawa ta bezpo\u015brednio [&hellip;]","og_url":"https:\/\/gaudiumetspes-blog.pl\/index.php\/2019\/03\/29\/powroty-powroty-powroty\/","og_site_name":"Gaudium Et Spes","article_published_time":"2019-03-29T05:08:00+00:00","article_modified_time":"2019-07-31T11:01:11+00:00","author":"Ks. Jacek","twitter_card":"summary_large_image","twitter_misc":{"Napisane przez":"Ks. Jacek","Szacowany czas czytania":"17 minut"},"schema":{"@context":"https:\/\/schema.org","@graph":[{"@type":"WebPage","@id":"https:\/\/gaudiumetspes-blog.pl\/index.php\/2019\/03\/29\/powroty-powroty-powroty\/","url":"https:\/\/gaudiumetspes-blog.pl\/index.php\/2019\/03\/29\/powroty-powroty-powroty\/","name":"Powroty... powroty... powroty... - Gaudium Et Spes","isPartOf":{"@id":"https:\/\/gaudiumetspes-blog.pl\/#website"},"datePublished":"2019-03-29T05:08:00+00:00","dateModified":"2019-07-31T11:01:11+00:00","author":{"@id":"https:\/\/gaudiumetspes-blog.pl\/#\/schema\/person\/1661982992b752dea8dff0d4ed845a65"},"breadcrumb":{"@id":"https:\/\/gaudiumetspes-blog.pl\/index.php\/2019\/03\/29\/powroty-powroty-powroty\/#breadcrumb"},"inLanguage":"pl-PL","potentialAction":[{"@type":"ReadAction","target":["https:\/\/gaudiumetspes-blog.pl\/index.php\/2019\/03\/29\/powroty-powroty-powroty\/"]}]},{"@type":"BreadcrumbList","@id":"https:\/\/gaudiumetspes-blog.pl\/index.php\/2019\/03\/29\/powroty-powroty-powroty\/#breadcrumb","itemListElement":[{"@type":"ListItem","position":1,"name":"Strona g\u0142\u00f3wna","item":"https:\/\/gaudiumetspes-blog.pl\/"},{"@type":"ListItem","position":2,"name":"Powroty&#8230; powroty&#8230; powroty&#8230;"}]},{"@type":"WebSite","@id":"https:\/\/gaudiumetspes-blog.pl\/#website","url":"https:\/\/gaudiumetspes-blog.pl\/","name":"Gaudium Et Spes","description":"Blog Ks. Jacka Ja\u015bkowskiego","potentialAction":[{"@type":"SearchAction","target":{"@type":"EntryPoint","urlTemplate":"https:\/\/gaudiumetspes-blog.pl\/?s={search_term_string}"},"query-input":{"@type":"PropertyValueSpecification","valueRequired":true,"valueName":"search_term_string"}}],"inLanguage":"pl-PL"},{"@type":"Person","@id":"https:\/\/gaudiumetspes-blog.pl\/#\/schema\/person\/1661982992b752dea8dff0d4ed845a65","name":"Ks. Jacek","image":{"@type":"ImageObject","inLanguage":"pl-PL","@id":"https:\/\/gaudiumetspes-blog.pl\/#\/schema\/person\/image\/","url":"https:\/\/gaudiumetspes-blog.pl\/wp-content\/uploads\/2019\/07\/avatar-JJ-150x150.jpg","contentUrl":"https:\/\/gaudiumetspes-blog.pl\/wp-content\/uploads\/2019\/07\/avatar-JJ-150x150.jpg","caption":"Ks. Jacek"},"description":"Witam serdecznie! K\u0142ania si\u0119 Ks. Jacek Ja\u015bkowski. Nie jestem ani kim\u015b wa\u017cnym, ani kim\u015b znanym. Jestem ksi\u0119dzem, kt\u00f3ry po prostu chce rozmawia\u0107. Codzienna kap\u0142a\u0144ska pos\u0142uga pokazuje mi, \u017ce temat\u00f3w do rozm\u00f3w z ksi\u0119dzem jest coraz wi\u0119cej i dzisiaj \u017caden ksi\u0105dz nie mo\u017ce od nich ucieka\u0107, ale - wprost przeciwnie - podejmowa\u0107 nowe wyzwania. To przekonanie sk\u0142oni\u0142o mnie do pr\u00f3by otwarcia tego\u017c bloga, chocia\u017c okazji do rozm\u00f3w na co dzie\u0144 - w konfesjonale i poza nim - na szcz\u0119\u015bcie nie brakuje. My\u015bl\u0119 jednak, \u017ce ten blog b\u0119dzie jeszcze jednym sposobem i przestrzeni\u0105 nawi\u0105zania kontaktu z lud\u017ami dobrej woli, otwartymi na dialog.","url":"https:\/\/gaudiumetspes-blog.pl\/index.php\/author\/ks-jacek\/"}]}},"jetpack_featured_media_url":"","jetpack_sharing_enabled":true,"_links":{"self":[{"href":"https:\/\/gaudiumetspes-blog.pl\/index.php\/wp-json\/wp\/v2\/posts\/14649","targetHints":{"allow":["GET"]}}],"collection":[{"href":"https:\/\/gaudiumetspes-blog.pl\/index.php\/wp-json\/wp\/v2\/posts"}],"about":[{"href":"https:\/\/gaudiumetspes-blog.pl\/index.php\/wp-json\/wp\/v2\/types\/post"}],"author":[{"embeddable":true,"href":"https:\/\/gaudiumetspes-blog.pl\/index.php\/wp-json\/wp\/v2\/users\/1"}],"replies":[{"embeddable":true,"href":"https:\/\/gaudiumetspes-blog.pl\/index.php\/wp-json\/wp\/v2\/comments?post=14649"}],"version-history":[{"count":1,"href":"https:\/\/gaudiumetspes-blog.pl\/index.php\/wp-json\/wp\/v2\/posts\/14649\/revisions"}],"predecessor-version":[{"id":15071,"href":"https:\/\/gaudiumetspes-blog.pl\/index.php\/wp-json\/wp\/v2\/posts\/14649\/revisions\/15071"}],"wp:attachment":[{"href":"https:\/\/gaudiumetspes-blog.pl\/index.php\/wp-json\/wp\/v2\/media?parent=14649"}],"wp:term":[{"taxonomy":"category","embeddable":true,"href":"https:\/\/gaudiumetspes-blog.pl\/index.php\/wp-json\/wp\/v2\/categories?post=14649"},{"taxonomy":"post_tag","embeddable":true,"href":"https:\/\/gaudiumetspes-blog.pl\/index.php\/wp-json\/wp\/v2\/tags?post=14649"}],"curies":[{"name":"wp","href":"https:\/\/api.w.org\/{rel}","templated":true}]}}