{"id":14650,"date":"2019-03-28T05:29:00","date_gmt":"2019-03-28T04:29:00","guid":{"rendered":"https:\/\/gaudiumetspes-blog.pl\/index.php\/2019\/03\/28\/o-biednym-i-bezradnym-jezusie\/"},"modified":"2019-07-31T13:01:11","modified_gmt":"2019-07-31T11:01:11","slug":"o-biednym-i-bezradnym-jezusie","status":"publish","type":"post","link":"https:\/\/gaudiumetspes-blog.pl\/index.php\/2019\/03\/28\/o-biednym-i-bezradnym-jezusie\/","title":{"rendered":"O biednym i bezradnym&#8230; Jezusie!"},"content":{"rendered":"<p><\/p>\n<div align=\"justify\" style=\"font-weight: normal; line-height: 150%; margin-bottom: 0cm;\">\n<span style=\"color: black;\"><span style=\"font-family: Book Antiqua, serif;\"><span style=\"font-size: x-large;\">Szcz\u0119\u015b\u0107<br \/>\nBo\u017ce! Pozdrawiam serdecznie! Moi Drodzy, b\u0119dzie problem w tym<br \/>\ntygodniu ze s\u0142\u00f3wkiem z Syberii. To znaczy \u2013 raczej go nie b\u0119dzie,<br \/>\nbo Ksi\u0105dz Marek w drodze\u2026 Na Syberii po prostu te\u017c jest Wielki<br \/>\nPost \u2013 jak dowiadywali\u015bmy si\u0119 z ostatnich s\u0142\u00f3wek. Dlatego<br \/>\nwspierajmy modlitw\u0105 wszelkie dzia\u0142ania, jakie tam s\u0105 podejmowane,<br \/>\nby ten \u015bwi\u0119ty czas tam w\u0142a\u015bnie przyni\u00f3s\u0142 jak najobfitsze owoce!<\/span><\/span><\/span><\/div>\n<div align=\"center\" style=\"font-weight: normal; line-height: 150%; margin-bottom: 0cm;\">\n<span style=\"color: black;\"><span style=\"font-family: Book Antiqua, serif;\"><span style=\"font-size: x-large;\">Gaudium<br \/>\net spes!  Ks. Jacek<\/span><\/span><\/span><\/div>\n<div align=\"justify\" style=\"line-height: 150%; margin-bottom: 0cm;\">\n<span style=\"font-size: x-large;\"><\/p>\n<p><\/span><\/div>\n<div align=\"justify\" style=\"line-height: 150%; margin-bottom: 0cm;\">\n<span style=\"color: black;\"><span style=\"font-family: Book Antiqua, serif;\"><span style=\"font-size: x-large;\"><b>Czwartek<br \/>\n3 Tygodnia Wielkiego Postu,<\/b><\/span><\/span><\/span><\/div>\n<div align=\"justify\" style=\"line-height: 150%; margin-bottom: 0cm;\">\n<span style=\"color: black;\"><span style=\"font-family: Book Antiqua, serif;\"><span style=\"font-size: x-large;\"><b>do<br \/>\nczyta\u0144:  Jr 7,23\u201328;  \u0141k 11,14\u201323<\/b><\/span><\/span><\/span><\/div>\n<div align=\"justify\" style=\"line-height: 150%; margin-bottom: 0cm;\">\n<span style=\"font-size: x-large;\"><\/p>\n<p><\/span><\/div>\n<div align=\"justify\" style=\"font-style: normal; font-variant: normal; letter-spacing: normal; line-height: 150%; margin-bottom: 0cm; page-break-before: auto;\">\n<span style=\"color: black;\"><span style=\"font-family: Book Antiqua, serif;\"><span style=\"font-size: x-large;\"><b>CZYTANIE<br \/>\nZ KSI\u0118GI PROROKA JEREMIASZA:<\/b><\/span><\/span><\/span><\/div>\n<div align=\"justify\" style=\"font-style: normal; font-variant: normal; letter-spacing: normal; line-height: 150%; margin-bottom: 0cm; page-break-before: auto; text-indent: 1.3cm;\">\n<span style=\"color: black;\"><span style=\"font-family: Book Antiqua, serif;\"><span style=\"font-size: x-large;\"><b>To<br \/>\nm\u00f3wi Pan: \u201eDa\u0142em im przykazanie: \u00abS\u0142uchajcie g\u0142osu mojego, a<br \/>\nb\u0119d\u0119 wam Bogiem, wy za\u015b b\u0119dziecie Mi narodem. Chod\u017acie ka\u017cd\u0105<br \/>\ndrog\u0105, kt\u00f3r\u0105 wam rozka\u017c\u0119, aby si\u0119 wam dobrze powodzi\u0142o\u00bb.<\/b><\/span><\/span><\/span><\/div>\n<div align=\"justify\" style=\"font-style: normal; font-variant: normal; letter-spacing: normal; line-height: 150%; margin-bottom: 0cm; text-indent: 1.3cm;\">\n<span style=\"color: black;\"><span style=\"font-family: Book Antiqua, serif;\"><span style=\"font-size: x-large;\"><b>Ale<br \/>\nnie us\u0142uchali ani nie chcieli s\u0142ucha\u0107 i poszli wed\u0142ug<br \/>\nzatwardzia\u0142o\u015bci swego przewrotnego serca; odwr\u00f3cili si\u0119 plecami,<br \/>\na nie twarz\u0105.<\/b><\/span><\/span><\/span><\/div>\n<div align=\"justify\" style=\"font-style: normal; font-variant: normal; letter-spacing: normal; line-height: 150%; margin-bottom: 0cm; text-indent: 1.3cm;\">\n<span style=\"color: black;\"><span style=\"font-family: Book Antiqua, serif;\"><span style=\"font-size: x-large;\"><b>Od<br \/>\ndnia, kiedy przodkowie wasi wyszli z ziemi egipskiej, do dnia<br \/>\ndzisiejszego posy\u0142a\u0142em wam wszystkie moje s\u0142ugi, prorok\u00f3w,<br \/>\nbezustannie, lecz nie us\u0142uchali Mnie ani nie nadstawiali swych uszu.<\/b><\/span><\/span><\/span><\/div>\n<div align=\"justify\" style=\"font-style: normal; font-variant: normal; letter-spacing: normal; line-height: 150%; margin-bottom: 0cm; text-indent: 1.3cm;\">\n<span style=\"color: black;\"><span style=\"font-family: Book Antiqua, serif;\"><span style=\"font-size: x-large;\"><b>Uczynili<br \/>\ntwardym sw\u00f3j kark, stali si\u0119 gorszymi ni\u017c ich przodkowie. Powiesz<br \/>\nim wszystkie te s\u0142owa, ale ci\u0119 nie us\u0142uchaj\u0105; b\u0119dziesz wo\u0142a\u0142<br \/>\ndo nich, lecz nie dadz\u0105 ci odpowiedzi.<\/b><\/span><\/span><\/span><\/div>\n<div align=\"justify\" style=\"font-style: normal; font-variant: normal; letter-spacing: normal; line-height: 150%; margin-bottom: 0cm; text-indent: 1.3cm;\">\n<span style=\"color: black;\"><span style=\"font-family: Book Antiqua, serif;\"><span style=\"font-size: x-large;\"><b>I<br \/>\nodezwiesz si\u0119 do nich: \u00abTo jest nar\u00f3d, kt\u00f3ry nie us\u0142ucha\u0142 g\u0142osu<br \/>\nPana, swego Boga, i nie przyj\u0105\u0142 pouczenia. Przepad\u0142a wierno\u015b\u0107,<br \/>\nznik\u0142a z ich ust\u00bb\u201d.<\/b><\/span><\/span><\/span><\/div>\n<div align=\"justify\" style=\"line-height: 150%; margin-bottom: 0cm;\">\n<span style=\"font-size: x-large;\"><\/p>\n<p><\/span><\/div>\n<div align=\"justify\" style=\"font-style: normal; font-variant: normal; letter-spacing: normal; line-height: 150%; margin-bottom: 0cm;\">\n<span style=\"color: black;\"><span style=\"font-family: Book Antiqua, serif;\"><span style=\"font-size: x-large;\"><b>S\u0141OWA<br \/>\nEWANGELII WED\u0141UG \u015aWI\u0118TEGO \u0141UKASZA:<\/b><\/span><\/span><\/span><\/div>\n<div align=\"justify\" style=\"font-style: normal; font-variant: normal; letter-spacing: normal; line-height: 150%; margin-bottom: 0cm; page-break-before: auto; text-indent: 1.3cm;\">\n<span style=\"color: black;\"><span style=\"font-family: Book Antiqua, serif;\"><span style=\"font-size: x-large;\"><b>Jezus<br \/>\nwyrzuca\u0142 z\u0142ego ducha, kt\u00f3ry by\u0142 niemy. A gdy z\u0142y duch wyszed\u0142,<br \/>\nniemy zacz\u0105\u0142 m\u00f3wi\u0107 i t\u0142umy by\u0142y zdumione. Lecz niekt\u00f3rzy z<br \/>\nnich rzekli: \u201ePrzez Belzebuba, w\u0142adc\u0119 z\u0142ych duch\u00f3w, wyrzuca z\u0142e<br \/>\nduchy\u201d. Inni za\u015b, chc\u0105c Go wystawi\u0107 na pr\u00f3b\u0119, domagali si\u0119 od<br \/>\nNiego znaku z nieba.<\/b><\/span><\/span><\/span><\/div>\n<div align=\"justify\" style=\"font-style: normal; font-variant: normal; letter-spacing: normal; line-height: 150%; margin-bottom: 0cm; text-indent: 1.3cm;\">\n<span style=\"color: black;\"><span style=\"font-family: Book Antiqua, serif;\"><span style=\"font-size: x-large;\"><b>On<br \/>\njednak, znaj\u0105c ich my\u015bli, rzek\u0142 do nich: \u201eKa\u017cde kr\u00f3lestwo<br \/>\nwewn\u0119trznie rozdarte pustoszeje i dom na dom si\u0119 wali. Je\u015bli wi\u0119c<br \/>\ni szatan sam przeciw sobie wewn\u0119trznie jest rozdwojony, jak\u017ce si\u0119<br \/>\nostoi jego kr\u00f3lestwo? M\u00f3wicie bowiem, \u017ce Ja przez Belzebuba<br \/>\nwyrzucam z\u0142e duchy. Lecz je\u015bli Ja przez Belzebuba wyrzucam z\u0142e<br \/>\nduchy, to przez kogo je wyrzucaj\u0105 wasi synowie? Dlatego oni b\u0119d\u0105<br \/>\nwaszymi s\u0119dziami. A je\u015bli Ja palcem Bo\u017cym wyrzucam z\u0142e duchy, to<br \/>\nistotnie przysz\u0142o ju\u017c do was kr\u00f3lestwo Bo\u017ce.<\/b><\/span><\/span><\/span><\/div>\n<div align=\"justify\" style=\"font-style: normal; font-variant: normal; letter-spacing: normal; line-height: 150%; margin-bottom: 0cm; text-indent: 1.3cm;\">\n<span style=\"color: black;\"><span style=\"font-family: Book Antiqua, serif;\"><span style=\"font-size: x-large;\"><b>Gdy<br \/>\nmocarz uzbrojony strze\u017ce swego dworu, bezpieczne jest jego mienie.<br \/>\nLecz gdy mocniejszy od niego nadejdzie i pokona go, zabierze wszystk\u0105<br \/>\nbro\u0144 jego, na kt\u00f3rej polega\u0142, i \u0142upy jego rozda.<\/b><\/span><\/span><\/span><\/div>\n<div align=\"justify\" style=\"font-style: normal; font-variant: normal; letter-spacing: normal; line-height: 150%; margin-bottom: 0cm; text-indent: 1.3cm;\">\n<span style=\"color: black;\"><span style=\"font-family: Book Antiqua, serif;\"><span style=\"font-size: x-large;\"><b>Kto<br \/>\nnie jest ze Mn\u0105, jest przeciwko Mnie; a kto nie zbiera ze Mn\u0105,<br \/>\nrozprasza\u201d.<\/b><\/span><\/span><\/span><\/div>\n<div align=\"justify\" style=\"line-height: 150%; margin-bottom: 0cm;\">\n<span style=\"font-size: x-large;\"><\/p>\n<p><\/span><\/div>\n<div align=\"justify\" style=\"font-style: normal; font-variant: normal; font-weight: normal; letter-spacing: normal; line-height: 150%; margin-bottom: 0cm; page-break-before: auto; text-indent: 1.3cm;\">\n<span style=\"font-size: x-large;\"><span style=\"color: black;\"><span style=\"font-family: Book Antiqua, serif;\">Zauwa\u017camy<br \/>\nzapewne, \u017ce dzisiejsze Bo\u017ce s\u0142owo zwraca nasz\u0105 uwag\u0119 na problem<br \/>\n<b>zamkni\u0119tego serca cz\u0142owieka<\/b> \u2013 zamkni\u0119tego na Bo\u017ce<br \/>\ninicjatywy, na Bo\u017ce dary, na Bo\u017c\u0105 mi\u0142o\u015b\u0107 i trosk\u0119. Oto w<br \/>\npierwszym czytaniu B\u00f3g uskar\u017ca si\u0119: <i><b>Da\u0142em im przykazanie:<br \/>\n\u00abS\u0142uchajcie g\u0142osu mojego, a b\u0119d\u0119 wam Bogiem, wy za\u015b b\u0119dziecie<br \/>\nMi narodem. Chod\u017acie ka\u017cd\u0105 drog\u0105, kt\u00f3r\u0105 wam rozka\u017c\u0119, aby si\u0119<br \/>\nwam dobrze powodzi\u0142o\u00bb. <\/b><\/i><i><b>Ale nie us\u0142uchali ani nie<br \/>\nchcieli s\u0142ucha\u0107 i poszli wed\u0142ug zatwardzia\u0142o\u015bci swego<br \/>\nprzewrotnego serca; odwr\u00f3cili si\u0119 plecami, a nie twarz\u0105.<\/b><\/i> <\/span><\/span><br \/>\n<\/span><\/div>\n<div align=\"justify\" style=\"font-style: normal; font-variant: normal; font-weight: normal; letter-spacing: normal; line-height: 150%; margin-bottom: 0cm; text-indent: 1.3cm;\">\n<span style=\"font-size: x-large;\"><span style=\"color: black;\"><span style=\"font-family: Book Antiqua, serif;\">I<br \/>\nnawet pomimo tego, \u017ce od czas\u00f3w wyj\u015bcia z niewoli egipskiej \u2013<br \/>\npodkre\u015blmy: <b>cudownego wyj\u015bcia!<\/b> \u2013 posy\u0142a\u0142 do cz\u0142onk\u00f3w<br \/>\nswego narodu Prorok\u00f3w, kt\u00f3rzy wzywali ich do nawr\u00f3cenia, to jednak<br \/>\n <i><b>uczynili twardym sw\u00f3j kark, stali si\u0119 gorszymi ni\u017c ich<br \/>\nprzodkowie.<\/b><\/i> I st\u0105d gorzkie s\u0142owa bolesnego przewidywania,<br \/>\nskierowane do Jeremiasza \u2013 jednego z tych\u017ce w\u0142a\u015bnie posy\u0142anych<br \/>\nProrok\u00f3w: <i><b>Powiesz im wszystkie te s\u0142owa, ale ci\u0119 nie<br \/>\nus\u0142uchaj\u0105; b\u0119dziesz wo\u0142a\u0142 do nich, lecz nie dadz\u0105 ci<br \/>\nodpowiedzi.<\/b><\/i> Widzimy zatem jakie\u015b wielkie <b>roz\u017calenie Boga<\/b><br \/>\n\u2013 a mo\u017ce i swoist\u0105 bezradno\u015b\u0107 wobec tak wielkiego oporu ze<br \/>\nstrony ludzi. <\/span><\/span><br \/>\n<\/span><\/div>\n<div align=\"justify\" style=\"font-style: normal; font-variant: normal; font-weight: normal; letter-spacing: normal; line-height: 150%; margin-bottom: 0cm; text-indent: 1.3cm;\">\n<span style=\"font-size: x-large;\"><span style=\"color: black;\"><span style=\"font-family: Book Antiqua, serif;\">W<br \/>\nEwangelii dzisiejszej tak\u017ce jest o tym mowa. Oto <i><b>Jezus<br \/>\nwyrzuca\u0142 z\u0142ego ducha, kt\u00f3ry by\u0142 niemy. A gdy z\u0142y duch wyszed\u0142,<br \/>\nniemy zacz\u0105\u0142 m\u00f3wi\u0107 i t\u0142umy by\u0142y zdumione.<\/b><\/i> Jednak<br \/>\nznale\u017ali si\u0119 tacy, kt\u00f3rzy nie do\u015b\u0107, \u017ce si\u0119 nie zachwycili \u2013<br \/>\nco ju\u017c samo w sobie by\u0142o <b>wprost <\/b><b>niewiarygodne,<\/b> bo jak<br \/>\nmo\u017cna si\u0119 nie zachwyci\u0107 tak niezwyk\u0142ym znakiem cudownego Bo\u017cego<br \/>\ndzia\u0142ania \u2013 to jeszcze mieli czelno\u015b\u0107 m\u00f3wi\u0107: <i><b>Przez<br \/>\nBelzebuba, w\u0142adc\u0119 z\u0142ych duch\u00f3w, wyrzuca z\u0142e duchy\u201d. Inni za\u015b,<br \/>\nchc\u0105c Go wystawi\u0107 na pr\u00f3b\u0119, domagali si\u0119 od Niego znaku z nieba.<\/b><\/i><br \/>\n<\/span><\/span><br \/>\n<\/span><\/div>\n<div align=\"justify\" style=\"font-style: normal; font-variant: normal; font-weight: normal; letter-spacing: normal; line-height: 150%; margin-bottom: 0cm; text-indent: 1.3cm;\">\n<span style=\"font-size: x-large;\"><span style=\"color: black;\"><span style=\"font-family: Book Antiqua, serif;\">W<br \/>\ntej sytuacji, samo wr\u0119cz rodzi si\u0119 pytanie, <b>j<\/b><b>ak wi\u0119c<br \/>\nmo\u017cna dotrze\u0107 do serc takich ludzi?<\/b> Co jeszcze ma si\u0119<br \/>\nwydarzy\u0107, by cz\u0142owiek doceni\u0142 i przyj\u0105\u0142 znaki Bo\u017cej dobroci,<br \/>\nkt\u00f3rymi jest tak hojnie obdarowywany?\u2026 Zapewne, znalezienie<br \/>\n<b>odpowiedzi na to pytanie<\/b> jest pragnieniem Boga. A mo\u017ce nawet<br \/>\nnie tyle znalezienie odpowiedzi, bo B\u00f3g wie, co powinno si\u0119 sta\u0107,<br \/>\naby cz\u0142owiek przyj\u0105\u0142 Jego dary. B\u00f3g po prostu <b>chce, by<br \/>\ncz\u0142owiek je przyj\u0105\u0142 <\/b>\u2013 w spos\u00f3b wolny i wdzi\u0119czny. <\/span><\/span><br \/>\n<\/span><\/div>\n<div align=\"justify\" style=\"font-style: normal; font-variant: normal; font-weight: normal; letter-spacing: normal; line-height: 150%; margin-bottom: 0cm; text-indent: 1.3cm;\">\n<span style=\"color: black;\"><span style=\"font-family: Book Antiqua, serif;\"><span style=\"font-size: x-large;\">Tymczasem,<br \/>\nkiedy serce ludzkie <b>zatnie si\u0119 w uporze,<\/b> w\u00f3wczas pycha i<br \/>\nprzekora s\u0105 w nim na tyle silne, \u017ce naprawd\u0119 jest <b>du\u017cy problem<br \/>\nz jego odblokowaniem.<\/b> Zapewne, ka\u017cdy z nas do\u015bwiadczy\u0142 \u2013<br \/>\nalbo stale do\u015bwiadcza \u2013 takiego nastawienia ze strony niekt\u00f3rych<br \/>\nos\u00f3b ze swego otoczenia. A mo\u017ce i sami niekiedy tak\u0105 postaw\u0119<br \/>\nprzyjmowali\u015bmy?\u2026<\/span><\/span><\/span><\/div>\n<div align=\"justify\" style=\"font-style: normal; font-variant: normal; font-weight: normal; letter-spacing: normal; line-height: 150%; margin-bottom: 0cm; text-indent: 1.3cm;\">\n<span style=\"font-size: x-large;\"><span style=\"color: black;\"><span style=\"font-family: Book Antiqua, serif;\">Co<br \/>\nwtedy my\u015bleli\u015bmy? <b>Jak argumentowali\u015bmy tak\u0105, a nie inn\u0105 swoj\u0105<br \/>\npostaw\u0119:<\/b> \u017ce nie p\u00f3jd\u0119 na Msz\u0119 \u015awi\u0119t\u0105, \u017ce nie p\u00f3jd\u0119 do<br \/>\nSpowiedzi, \u017ce nie b\u0119d\u0119 ci\u0105gle \u201eklepa\u0142\u201d paciork\u00f3w i<br \/>\nr\u00f3\u017ca\u0144c\u00f3w, \u017ce nie odezw\u0119 si\u0119 do tego, czy tamtego cz\u0142owieka,<br \/>\n\u017ce nie podam mu r\u0119ki, \u017ce mu nie pomog\u0119?\u2026 Czym to w\u00f3wczas<br \/>\nargumentowali\u015bmy?\u2026 <\/span><\/span><br \/>\n<\/span><\/div>\n<div align=\"justify\" style=\"font-style: normal; font-variant: normal; font-weight: normal; letter-spacing: normal; line-height: 150%; margin-bottom: 0cm; text-indent: 1.3cm;\">\n<span style=\"font-size: x-large;\"><span style=\"color: black;\"><span style=\"font-family: Book Antiqua, serif;\">Przecie\u017c,<br \/>\nw g\u0142\u0119bi serca, dobrze wiedzieli\u015bmy, \u017ce ten up\u00f3r nie tylko jest<br \/>\nniezgodny z wyznawan\u0105 przez nas wiar\u0105, ale jest <b>wr\u0119cz zupe\u0142nie<br \/>\nnieracjonalny.<\/b> Po prostu \u2013 nie ma sensu! A jednak \u2013 jak<br \/>\nzwykli\u015bmy nieraz m\u00f3wi\u0107 \u2013 <b>\u201eodmra\u017cali\u015bmy sobie uszy na<br \/>\nz\u0142o\u015b\u0107 mamusi\u201d. <\/b>Dlaczego? Czy poza uporem, pych\u0105 i przekor\u0105<br \/>\njeszcze co\u015b sk\u0142ania\u0142o nas do takiej postawy? A co sk\u0142ania innych<br \/>\ndo takiej postawy? Zapewne \u2013 to samo\u2026  <\/span><\/span><br \/>\n<\/span><\/div>\n<div align=\"justify\" style=\"font-style: normal; font-variant: normal; font-weight: normal; letter-spacing: normal; line-height: 150%; margin-bottom: 0cm; text-indent: 1.3cm;\">\n<span style=\"font-size: x-large;\"><span style=\"color: black;\"><span style=\"font-family: Book Antiqua, serif;\">Tylko<br \/>\n\u2013 co w takiej sytuacji <b>ma zrobi\u0107 biedny <\/b><b>i bezradny<br \/>\n<\/b><b>Jezus?\u2026 <\/b><\/span><\/span><br \/>\n<\/span><\/div>\n<div align=\"justify\" style=\"font-style: normal; font-variant: normal; font-weight: normal; letter-spacing: normal; line-height: 150%; margin-bottom: 0cm; text-indent: 1.3cm;\">\n<span style=\"font-size: x-large;\"><span style=\"color: black;\"><span style=\"font-family: Book Antiqua, serif;\">Mo\u017ce<br \/>\nwi\u0119c chocia\u017c z naszej strony spotka si\u0119 z <b>pr\u00f3b\u0105 prze\u0142amania<\/b><br \/>\njakiego\u015b naszego z\u0142ego przyzwyczajenia, kt\u00f3rego bronimy jak<br \/>\nniepodleg\u0142o\u015bci \u2013 z uporem, godnym lepszej sprawy \u2013 zamiast<br \/>\n<b>pos\u0142ucha\u0107 Jezusa i da\u0107 si\u0119 Mu poprowadzi\u0107 Jego drog\u0105?<\/b> <\/span><\/span><br \/>\n<\/span><\/div>\n<div align=\"justify\" style=\"font-style: normal; font-variant: normal; font-weight: normal; letter-spacing: normal; line-height: 150%; margin-bottom: 0cm; text-indent: 1.3cm;\">\n<span style=\"color: black;\"><span style=\"font-family: Book Antiqua, serif;\"><span style=\"font-size: x-large;\">Co<br \/>\njest takim moim przyzwyczajeniem, takim przycz\u00f3\u0142kiem mojego \u2013<br \/>\nmo\u017ce wr\u0119cz nieraz bezmy\u015blnego i t\u0119pego \u2013 uporu? I co odwa\u017cy\u0142em<br \/>\nsi\u0119 \u2013 lub odwa\u017c\u0119 \u2013 <b>zrobi\u0107, \u017ceby ten up\u00f3r pokona\u0107?\u2026<\/b><\/span><\/span><\/span><\/div>\n","protected":false},"excerpt":{"rendered":"<p>Szcz\u0119\u015b\u0107 Bo\u017ce! Pozdrawiam serdecznie! Moi Drodzy, b\u0119dzie problem w tym tygodniu ze s\u0142\u00f3wkiem z Syberii. To znaczy \u2013 raczej go nie b\u0119dzie, bo Ksi\u0105dz Marek w drodze\u2026 Na Syberii po prostu te\u017c jest Wielki Post \u2013 jak dowiadywali\u015bmy si\u0119 z ostatnich s\u0142\u00f3wek. Dlatego wspierajmy modlitw\u0105 wszelkie dzia\u0142ania, jakie tam s\u0105 podejmowane, by ten \u015bwi\u0119ty czas [&hellip;]<\/p>\n","protected":false},"author":1,"featured_media":0,"comment_status":"open","ping_status":"open","sticky":false,"template":"","format":"standard","meta":{"jetpack_post_was_ever_published":false,"_jetpack_newsletter_access":"","_jetpack_dont_email_post_to_subs":false,"_jetpack_newsletter_tier_id":0,"_jetpack_memberships_contains_paywalled_content":false,"_jetpack_memberships_contains_paid_content":false,"footnotes":""},"categories":[1],"tags":[],"class_list":["post-14650","post","type-post","status-publish","format-standard","hentry","category-bez-kategorii"],"yoast_head":"<!-- This site is optimized with the Yoast SEO plugin v25.1 - https:\/\/yoast.com\/wordpress\/plugins\/seo\/ -->\n<title>O biednym i bezradnym... Jezusie! - Gaudium Et Spes<\/title>\n<meta name=\"robots\" content=\"index, follow, max-snippet:-1, max-image-preview:large, max-video-preview:-1\" \/>\n<link rel=\"canonical\" href=\"https:\/\/gaudiumetspes-blog.pl\/index.php\/2019\/03\/28\/o-biednym-i-bezradnym-jezusie\/\" \/>\n<meta property=\"og:locale\" content=\"pl_PL\" \/>\n<meta property=\"og:type\" content=\"article\" \/>\n<meta property=\"og:title\" content=\"O biednym i bezradnym... Jezusie! - Gaudium Et Spes\" \/>\n<meta property=\"og:description\" content=\"Szcz\u0119\u015b\u0107 Bo\u017ce! Pozdrawiam serdecznie! Moi Drodzy, b\u0119dzie problem w tym tygodniu ze s\u0142\u00f3wkiem z Syberii. To znaczy \u2013 raczej go nie b\u0119dzie, bo Ksi\u0105dz Marek w drodze\u2026 Na Syberii po prostu te\u017c jest Wielki Post \u2013 jak dowiadywali\u015bmy si\u0119 z ostatnich s\u0142\u00f3wek. Dlatego wspierajmy modlitw\u0105 wszelkie dzia\u0142ania, jakie tam s\u0105 podejmowane, by ten \u015bwi\u0119ty czas [&hellip;]\" \/>\n<meta property=\"og:url\" content=\"https:\/\/gaudiumetspes-blog.pl\/index.php\/2019\/03\/28\/o-biednym-i-bezradnym-jezusie\/\" \/>\n<meta property=\"og:site_name\" content=\"Gaudium Et Spes\" \/>\n<meta property=\"article:published_time\" content=\"2019-03-28T04:29:00+00:00\" \/>\n<meta property=\"article:modified_time\" content=\"2019-07-31T11:01:11+00:00\" \/>\n<meta name=\"author\" content=\"Ks. Jacek\" \/>\n<meta name=\"twitter:card\" content=\"summary_large_image\" \/>\n<meta name=\"twitter:label1\" content=\"Napisane przez\" \/>\n\t<meta name=\"twitter:data1\" content=\"Ks. Jacek\" \/>\n\t<meta name=\"twitter:label2\" content=\"Szacowany czas czytania\" \/>\n\t<meta name=\"twitter:data2\" content=\"6 minut\" \/>\n<script type=\"application\/ld+json\" class=\"yoast-schema-graph\">{\"@context\":\"https:\/\/schema.org\",\"@graph\":[{\"@type\":\"WebPage\",\"@id\":\"https:\/\/gaudiumetspes-blog.pl\/index.php\/2019\/03\/28\/o-biednym-i-bezradnym-jezusie\/\",\"url\":\"https:\/\/gaudiumetspes-blog.pl\/index.php\/2019\/03\/28\/o-biednym-i-bezradnym-jezusie\/\",\"name\":\"O biednym i bezradnym... Jezusie! - Gaudium Et Spes\",\"isPartOf\":{\"@id\":\"https:\/\/gaudiumetspes-blog.pl\/#website\"},\"datePublished\":\"2019-03-28T04:29:00+00:00\",\"dateModified\":\"2019-07-31T11:01:11+00:00\",\"author\":{\"@id\":\"https:\/\/gaudiumetspes-blog.pl\/#\/schema\/person\/1661982992b752dea8dff0d4ed845a65\"},\"breadcrumb\":{\"@id\":\"https:\/\/gaudiumetspes-blog.pl\/index.php\/2019\/03\/28\/o-biednym-i-bezradnym-jezusie\/#breadcrumb\"},\"inLanguage\":\"pl-PL\",\"potentialAction\":[{\"@type\":\"ReadAction\",\"target\":[\"https:\/\/gaudiumetspes-blog.pl\/index.php\/2019\/03\/28\/o-biednym-i-bezradnym-jezusie\/\"]}]},{\"@type\":\"BreadcrumbList\",\"@id\":\"https:\/\/gaudiumetspes-blog.pl\/index.php\/2019\/03\/28\/o-biednym-i-bezradnym-jezusie\/#breadcrumb\",\"itemListElement\":[{\"@type\":\"ListItem\",\"position\":1,\"name\":\"Strona g\u0142\u00f3wna\",\"item\":\"https:\/\/gaudiumetspes-blog.pl\/\"},{\"@type\":\"ListItem\",\"position\":2,\"name\":\"O&nbsp;biednym i&nbsp;bezradnym&#8230; Jezusie!\"}]},{\"@type\":\"WebSite\",\"@id\":\"https:\/\/gaudiumetspes-blog.pl\/#website\",\"url\":\"https:\/\/gaudiumetspes-blog.pl\/\",\"name\":\"Gaudium Et Spes\",\"description\":\"Blog Ks. Jacka Ja\u015bkowskiego\",\"potentialAction\":[{\"@type\":\"SearchAction\",\"target\":{\"@type\":\"EntryPoint\",\"urlTemplate\":\"https:\/\/gaudiumetspes-blog.pl\/?s={search_term_string}\"},\"query-input\":{\"@type\":\"PropertyValueSpecification\",\"valueRequired\":true,\"valueName\":\"search_term_string\"}}],\"inLanguage\":\"pl-PL\"},{\"@type\":\"Person\",\"@id\":\"https:\/\/gaudiumetspes-blog.pl\/#\/schema\/person\/1661982992b752dea8dff0d4ed845a65\",\"name\":\"Ks. Jacek\",\"image\":{\"@type\":\"ImageObject\",\"inLanguage\":\"pl-PL\",\"@id\":\"https:\/\/gaudiumetspes-blog.pl\/#\/schema\/person\/image\/\",\"url\":\"https:\/\/gaudiumetspes-blog.pl\/wp-content\/uploads\/2019\/07\/avatar-JJ-150x150.jpg\",\"contentUrl\":\"https:\/\/gaudiumetspes-blog.pl\/wp-content\/uploads\/2019\/07\/avatar-JJ-150x150.jpg\",\"caption\":\"Ks. Jacek\"},\"description\":\"Witam serdecznie! K\u0142ania si\u0119 Ks. Jacek Ja\u015bkowski. Nie jestem ani kim\u015b wa\u017cnym, ani kim\u015b znanym. Jestem ksi\u0119dzem, kt\u00f3ry po prostu chce rozmawia\u0107. Codzienna kap\u0142a\u0144ska pos\u0142uga pokazuje mi, \u017ce temat\u00f3w do rozm\u00f3w z ksi\u0119dzem jest coraz wi\u0119cej i dzisiaj \u017caden ksi\u0105dz nie mo\u017ce od nich ucieka\u0107, ale - wprost przeciwnie - podejmowa\u0107 nowe wyzwania. To przekonanie sk\u0142oni\u0142o mnie do pr\u00f3by otwarcia tego\u017c bloga, chocia\u017c okazji do rozm\u00f3w na co dzie\u0144 - w konfesjonale i poza nim - na szcz\u0119\u015bcie nie brakuje. My\u015bl\u0119 jednak, \u017ce ten blog b\u0119dzie jeszcze jednym sposobem i przestrzeni\u0105 nawi\u0105zania kontaktu z lud\u017ami dobrej woli, otwartymi na dialog.\",\"url\":\"https:\/\/gaudiumetspes-blog.pl\/index.php\/author\/ks-jacek\/\"}]}<\/script>\n<!-- \/ Yoast SEO plugin. -->","yoast_head_json":{"title":"O biednym i bezradnym... Jezusie! - Gaudium Et Spes","robots":{"index":"index","follow":"follow","max-snippet":"max-snippet:-1","max-image-preview":"max-image-preview:large","max-video-preview":"max-video-preview:-1"},"canonical":"https:\/\/gaudiumetspes-blog.pl\/index.php\/2019\/03\/28\/o-biednym-i-bezradnym-jezusie\/","og_locale":"pl_PL","og_type":"article","og_title":"O biednym i bezradnym... Jezusie! - Gaudium Et Spes","og_description":"Szcz\u0119\u015b\u0107 Bo\u017ce! Pozdrawiam serdecznie! Moi Drodzy, b\u0119dzie problem w tym tygodniu ze s\u0142\u00f3wkiem z Syberii. To znaczy \u2013 raczej go nie b\u0119dzie, bo Ksi\u0105dz Marek w drodze\u2026 Na Syberii po prostu te\u017c jest Wielki Post \u2013 jak dowiadywali\u015bmy si\u0119 z ostatnich s\u0142\u00f3wek. Dlatego wspierajmy modlitw\u0105 wszelkie dzia\u0142ania, jakie tam s\u0105 podejmowane, by ten \u015bwi\u0119ty czas [&hellip;]","og_url":"https:\/\/gaudiumetspes-blog.pl\/index.php\/2019\/03\/28\/o-biednym-i-bezradnym-jezusie\/","og_site_name":"Gaudium Et Spes","article_published_time":"2019-03-28T04:29:00+00:00","article_modified_time":"2019-07-31T11:01:11+00:00","author":"Ks. Jacek","twitter_card":"summary_large_image","twitter_misc":{"Napisane przez":"Ks. Jacek","Szacowany czas czytania":"6 minut"},"schema":{"@context":"https:\/\/schema.org","@graph":[{"@type":"WebPage","@id":"https:\/\/gaudiumetspes-blog.pl\/index.php\/2019\/03\/28\/o-biednym-i-bezradnym-jezusie\/","url":"https:\/\/gaudiumetspes-blog.pl\/index.php\/2019\/03\/28\/o-biednym-i-bezradnym-jezusie\/","name":"O biednym i bezradnym... Jezusie! - Gaudium Et Spes","isPartOf":{"@id":"https:\/\/gaudiumetspes-blog.pl\/#website"},"datePublished":"2019-03-28T04:29:00+00:00","dateModified":"2019-07-31T11:01:11+00:00","author":{"@id":"https:\/\/gaudiumetspes-blog.pl\/#\/schema\/person\/1661982992b752dea8dff0d4ed845a65"},"breadcrumb":{"@id":"https:\/\/gaudiumetspes-blog.pl\/index.php\/2019\/03\/28\/o-biednym-i-bezradnym-jezusie\/#breadcrumb"},"inLanguage":"pl-PL","potentialAction":[{"@type":"ReadAction","target":["https:\/\/gaudiumetspes-blog.pl\/index.php\/2019\/03\/28\/o-biednym-i-bezradnym-jezusie\/"]}]},{"@type":"BreadcrumbList","@id":"https:\/\/gaudiumetspes-blog.pl\/index.php\/2019\/03\/28\/o-biednym-i-bezradnym-jezusie\/#breadcrumb","itemListElement":[{"@type":"ListItem","position":1,"name":"Strona g\u0142\u00f3wna","item":"https:\/\/gaudiumetspes-blog.pl\/"},{"@type":"ListItem","position":2,"name":"O&nbsp;biednym i&nbsp;bezradnym&#8230; Jezusie!"}]},{"@type":"WebSite","@id":"https:\/\/gaudiumetspes-blog.pl\/#website","url":"https:\/\/gaudiumetspes-blog.pl\/","name":"Gaudium Et Spes","description":"Blog Ks. Jacka Ja\u015bkowskiego","potentialAction":[{"@type":"SearchAction","target":{"@type":"EntryPoint","urlTemplate":"https:\/\/gaudiumetspes-blog.pl\/?s={search_term_string}"},"query-input":{"@type":"PropertyValueSpecification","valueRequired":true,"valueName":"search_term_string"}}],"inLanguage":"pl-PL"},{"@type":"Person","@id":"https:\/\/gaudiumetspes-blog.pl\/#\/schema\/person\/1661982992b752dea8dff0d4ed845a65","name":"Ks. Jacek","image":{"@type":"ImageObject","inLanguage":"pl-PL","@id":"https:\/\/gaudiumetspes-blog.pl\/#\/schema\/person\/image\/","url":"https:\/\/gaudiumetspes-blog.pl\/wp-content\/uploads\/2019\/07\/avatar-JJ-150x150.jpg","contentUrl":"https:\/\/gaudiumetspes-blog.pl\/wp-content\/uploads\/2019\/07\/avatar-JJ-150x150.jpg","caption":"Ks. Jacek"},"description":"Witam serdecznie! K\u0142ania si\u0119 Ks. Jacek Ja\u015bkowski. Nie jestem ani kim\u015b wa\u017cnym, ani kim\u015b znanym. Jestem ksi\u0119dzem, kt\u00f3ry po prostu chce rozmawia\u0107. Codzienna kap\u0142a\u0144ska pos\u0142uga pokazuje mi, \u017ce temat\u00f3w do rozm\u00f3w z ksi\u0119dzem jest coraz wi\u0119cej i dzisiaj \u017caden ksi\u0105dz nie mo\u017ce od nich ucieka\u0107, ale - wprost przeciwnie - podejmowa\u0107 nowe wyzwania. To przekonanie sk\u0142oni\u0142o mnie do pr\u00f3by otwarcia tego\u017c bloga, chocia\u017c okazji do rozm\u00f3w na co dzie\u0144 - w konfesjonale i poza nim - na szcz\u0119\u015bcie nie brakuje. My\u015bl\u0119 jednak, \u017ce ten blog b\u0119dzie jeszcze jednym sposobem i przestrzeni\u0105 nawi\u0105zania kontaktu z lud\u017ami dobrej woli, otwartymi na dialog.","url":"https:\/\/gaudiumetspes-blog.pl\/index.php\/author\/ks-jacek\/"}]}},"jetpack_featured_media_url":"","jetpack_sharing_enabled":true,"_links":{"self":[{"href":"https:\/\/gaudiumetspes-blog.pl\/index.php\/wp-json\/wp\/v2\/posts\/14650","targetHints":{"allow":["GET"]}}],"collection":[{"href":"https:\/\/gaudiumetspes-blog.pl\/index.php\/wp-json\/wp\/v2\/posts"}],"about":[{"href":"https:\/\/gaudiumetspes-blog.pl\/index.php\/wp-json\/wp\/v2\/types\/post"}],"author":[{"embeddable":true,"href":"https:\/\/gaudiumetspes-blog.pl\/index.php\/wp-json\/wp\/v2\/users\/1"}],"replies":[{"embeddable":true,"href":"https:\/\/gaudiumetspes-blog.pl\/index.php\/wp-json\/wp\/v2\/comments?post=14650"}],"version-history":[{"count":1,"href":"https:\/\/gaudiumetspes-blog.pl\/index.php\/wp-json\/wp\/v2\/posts\/14650\/revisions"}],"predecessor-version":[{"id":15070,"href":"https:\/\/gaudiumetspes-blog.pl\/index.php\/wp-json\/wp\/v2\/posts\/14650\/revisions\/15070"}],"wp:attachment":[{"href":"https:\/\/gaudiumetspes-blog.pl\/index.php\/wp-json\/wp\/v2\/media?parent=14650"}],"wp:term":[{"taxonomy":"category","embeddable":true,"href":"https:\/\/gaudiumetspes-blog.pl\/index.php\/wp-json\/wp\/v2\/categories?post=14650"},{"taxonomy":"post_tag","embeddable":true,"href":"https:\/\/gaudiumetspes-blog.pl\/index.php\/wp-json\/wp\/v2\/tags?post=14650"}],"curies":[{"name":"wp","href":"https:\/\/api.w.org\/{rel}","templated":true}]}}