{"id":14651,"date":"2019-03-27T04:52:00","date_gmt":"2019-03-27T03:52:00","guid":{"rendered":"https:\/\/gaudiumetspes-blog.pl\/index.php\/2019\/03\/27\/madre-i-swiete-przykazania-boze\/"},"modified":"2019-07-31T13:01:11","modified_gmt":"2019-07-31T11:01:11","slug":"madre-i-swiete-przykazania-boze","status":"publish","type":"post","link":"https:\/\/gaudiumetspes-blog.pl\/index.php\/2019\/03\/27\/madre-i-swiete-przykazania-boze\/","title":{"rendered":"M\u0105dre i \u015bwi\u0119te &#8211; przykazania Bo\u017ce!"},"content":{"rendered":"<p><\/p>\n<div align=\"justify\" style=\"font-weight: normal; line-height: 150%; margin-bottom: 0cm;\">\n<span style=\"color: black;\"><span style=\"font-family: Book Antiqua, serif;\"><span style=\"font-size: x-large;\">Szcz\u0119\u015b\u0107<br \/>\nBo\u017ce! Moi Drodzy, w dniu dzisiejszym <b>urodziny prze\u017cywa<br \/>\nAleksandra Szel\u0105g, zaanga\u017cowana \u2013 za moich czas\u00f3w \u2013 w<br \/>\ndzia\u0142alno\u015b\u0107 m\u0142odzie\u017cow\u0105 w Parafii w Celestynowie. \u017bycz\u0119<br \/>\nJubilatce, aby z atmosfery swojej w\u0142asnej <\/b><b>Rodziny zaczerpn\u0119\u0142a<br \/>\njak najwi\u0119cej dobrego ducha i odwa\u017cnie \u015bwiadczy\u0142a o Jezusie ca\u0142ym<br \/>\nswoim \u017cyciem! Zapewniam o modlitwie.<\/b><\/span><\/span><\/span><\/div>\n<div align=\"justify\" style=\"background: transparent; font-weight: normal; line-height: 150%; margin-bottom: 0cm; page-break-before: auto; text-indent: 1.3cm;\">\n<span style=\"color: black;\"><span style=\"font-family: Book Antiqua, serif;\"><span style=\"font-size: x-large;\">\u017bycz\u0119<br \/>\nWszystkim b\u0142ogos\u0142awionego i intensywnego Wielkiego Postu. A<br \/>\ndzisiejsze Bo\u017ce s\u0142owo rzuca nam \u015bwiat\u0142o na kolejny aspekt naszych<br \/>\nrefleksji w tym \u015bwi\u0119tym czasie. Zach\u0119cam do tej refleksji!<\/span><\/span><\/span><\/div>\n<div align=\"center\" style=\"background: transparent; font-weight: normal; line-height: 150%; margin-bottom: 0cm;\">\n<span style=\"color: black;\"><span style=\"font-family: Book Antiqua, serif;\"><span style=\"font-size: x-large;\">Gaudium<br \/>\net spes!  Ks. Jacek<\/span><\/span><\/span><\/div>\n<div align=\"justify\" style=\"line-height: 150%; margin-bottom: 0cm;\">\n<span style=\"font-size: x-large;\"><\/p>\n<p><\/span><\/div>\n<div align=\"justify\" style=\"line-height: 150%; margin-bottom: 0cm;\">\n<span style=\"color: black;\"><span style=\"font-family: Book Antiqua, serif;\"><span style=\"font-size: x-large;\"><b>\u015aroda<br \/>\n3 Tygodnia Wielkiego Postu,<\/b><\/span><\/span><\/span><\/div>\n<div align=\"justify\" style=\"line-height: 150%; margin-bottom: 0cm;\">\n<span style=\"color: black;\"><span style=\"font-family: Book Antiqua, serif;\"><span style=\"font-size: x-large;\"><b>do<br \/>\nczyta\u0144:  Pwt 4,1.5\u20139;  Mt 5,17\u201319<\/b><\/span><\/span><\/span><\/div>\n<div align=\"justify\" style=\"line-height: 150%; margin-bottom: 0cm;\">\n<span style=\"font-size: x-large;\"><\/p>\n<p><\/span><\/div>\n<div align=\"justify\" style=\"font-style: normal; font-variant: normal; letter-spacing: normal; line-height: 150%; margin-bottom: 0cm; page-break-before: auto;\">\n<span style=\"font-size: x-large;\"><span style=\"color: black;\"><span style=\"font-family: Book Antiqua, serif;\"><b>CZYTANIE<br \/>\nZ KSI\u0118GI POWT\u00d3RZONEGO PRAWA: <\/b><\/span><\/span><br \/>\n<\/span><\/div>\n<div align=\"justify\" style=\"font-style: normal; font-variant: normal; letter-spacing: normal; line-height: 150%; margin-bottom: 0cm; page-break-before: auto; text-indent: 1.3cm;\">\n<span style=\"color: black;\"><span style=\"font-family: Book Antiqua, serif;\"><span style=\"font-size: x-large;\"><b>Moj\u017cesz<br \/>\nprzem\u00f3wi\u0142 do ludu, m\u00f3wi\u0105c: \u201eA teraz, Izraelu, s\u0142uchaj praw i<br \/>\nnakaz\u00f3w, kt\u00f3re ucz\u0119 was wype\u0142nia\u0107, aby\u015bcie \u017cyli i doszli do<br \/>\nposiadania ziemi, kt\u00f3r\u0105 wam daje Pan, B\u00f3g waszych ojc\u00f3w.<\/b><\/span><\/span><\/span><\/div>\n<div align=\"justify\" style=\"font-style: normal; font-variant: normal; letter-spacing: normal; line-height: 150%; margin-bottom: 0cm; text-indent: 1.3cm;\">\n<span style=\"color: black;\"><span style=\"font-family: Book Antiqua, serif;\"><span style=\"font-size: x-large;\"><b>Patrzcie,<br \/>\nnaucza\u0142em was praw i nakaz\u00f3w, jak mi rozkaza\u0142 czyni\u0107 B\u00f3g m\u00f3j,<br \/>\nPan, aby\u015bcie je wype\u0142niali w ziemi, do kt\u00f3rej idziecie, by obj\u0105\u0107<br \/>\nj\u0105 w posiadanie. Strze\u017ccie ich i wype\u0142niajcie je, bo one s\u0105 wasz\u0105<br \/>\nm\u0105dro\u015bci\u0105 i umiej\u0119tno\u015bci\u0105 w oczach narod\u00f3w, kt\u00f3re,<br \/>\nus\u0142yszawszy o tych prawach, powiedz\u0105: \u00abZ pewno\u015bci\u0105 ten wielki<br \/>\nnar\u00f3d to lud m\u0105dry i rozumny\u00bb.<\/b><\/span><\/span><\/span><\/div>\n<div align=\"justify\" style=\"font-style: normal; font-variant: normal; letter-spacing: normal; line-height: 150%; margin-bottom: 0cm; text-indent: 1.3cm;\">\n<span style=\"color: black;\"><span style=\"font-family: Book Antiqua, serif;\"><span style=\"font-size: x-large;\"><b>Bo<br \/>\nkt\u00f3ry\u017c nar\u00f3d wielki ma bog\u00f3w tak bliskich, jak B\u00f3g nasz, Pan,<br \/>\nilekro\u0107 Go prosimy? Kt\u00f3ry\u017c nar\u00f3d wielki ma prawa i nakazy tak<br \/>\nsprawiedliwe, jak ca\u0142e to Prawo, kt\u00f3re ja wam dzi\u015b nadaj\u0119?<\/b><\/span><\/span><\/span><\/div>\n<div align=\"justify\" style=\"font-style: normal; font-variant: normal; letter-spacing: normal; line-height: 150%; margin-bottom: 0cm; text-indent: 1.3cm;\">\n<span style=\"color: black;\"><span style=\"font-family: Book Antiqua, serif;\"><span style=\"font-size: x-large;\"><b>Tylko<br \/>\nsi\u0119 strze\u017c bardzo i pilnuj swej duszy, by\u015b nie zapomnia\u0142 o tych<br \/>\nrzeczach, kt\u00f3re widzia\u0142y twe oczy: by z twego serca nie usz\u0142y po<br \/>\nwszystkie dni twego \u017cycia, ale ucz ich swych syn\u00f3w i wnuk\u00f3w\u201d.<\/b><\/span><\/span><\/span><\/div>\n<div align=\"justify\" style=\"line-height: 150%; margin-bottom: 0cm;\">\n<span style=\"font-size: x-large;\"><\/p>\n<p><\/span><\/div>\n<div align=\"justify\" style=\"font-style: normal; font-variant: normal; letter-spacing: normal; line-height: 150%; margin-bottom: 0cm;\">\n<span style=\"font-size: x-large;\"><span style=\"color: black;\"><span style=\"font-family: Book Antiqua, serif;\"><b>S\u0141OWA<br \/>\nEWANGELII WED\u0141UG \u015aWI\u0118TEGO MATEUSZA: <\/b><\/span><\/span><br \/>\n<\/span><\/div>\n<div align=\"justify\" style=\"font-style: normal; font-variant: normal; letter-spacing: normal; line-height: 150%; margin-bottom: 0cm; page-break-before: auto; text-indent: 1.3cm;\">\n<span style=\"font-size: x-large;\"><span style=\"color: black;\"><span style=\"font-family: Book Antiqua, serif;\"><b>Jezus<br \/>\npowiedzia\u0142 do swoich uczni\u00f3w: \u201eNie s\u0105d\u017acie, \u017ce przyszed\u0142em<br \/>\nznie\u015b\u0107 Prawo albo Prorok\u00f3w. Nie przyszed\u0142em znie\u015b\u0107, ale<br \/>\nwype\u0142ni\u0107. Zaprawd\u0119 bowiem powiadam wam: Dop\u00f3ki niebo i ziemia nie<br \/>\nprzemin\u0105, ani jedna jota, ani jedna kreska nie zmieni si\u0119 w Prawie,<br \/>\na\u017c si\u0119 wszystko spe\u0142ni. <\/b><\/span><\/span><br \/>\n<\/span><\/div>\n<div align=\"justify\" style=\"font-style: normal; font-variant: normal; letter-spacing: normal; line-height: 150%; margin-bottom: 0cm; text-indent: 1.3cm;\">\n<span style=\"color: black;\"><span style=\"font-family: Book Antiqua, serif;\"><span style=\"font-size: x-large;\"><b>Ktokolwiek<br \/>\nwi\u0119c zni\u00f3s\u0142by jedno z tych przykaza\u0144, cho\u0107by najmniejsze, i<br \/>\nuczy\u0142by tak ludzi, ten b\u0119dzie najmniejszy w kr\u00f3lestwie niebieskim.<br \/>\nA kto je wype\u0142nia i uczy wype\u0142nia\u0107, ten b\u0119dzie wielki w<br \/>\nkr\u00f3lestwie niebieskim\u201d.<\/b><\/span><\/span><\/span><\/div>\n<div align=\"justify\" style=\"font-style: normal; font-variant: normal; letter-spacing: normal; line-height: 150%; margin-bottom: 0cm; text-indent: 0.87cm;\">\n<span style=\"font-size: x-large;\"><\/p>\n<p><\/span><\/div>\n<div align=\"justify\" style=\"line-height: 150%; margin-bottom: 0cm; page-break-before: auto; text-indent: 1.3cm;\">\n<span style=\"font-size: x-large;\"><span style=\"color: black;\"><span style=\"font-variant: normal;\"><span style=\"font-family: Book Antiqua, serif;\"><span style=\"letter-spacing: normal;\"><span style=\"font-style: normal;\"><span style=\"font-weight: normal;\">W<br \/>\n<\/span><\/span><\/span><\/span><\/span><span style=\"font-variant: normal;\"><span style=\"font-family: Book Antiqua, serif;\"><span style=\"letter-spacing: normal;\"><span style=\"font-style: normal;\"><span style=\"font-weight: normal;\">rozumieniu<br \/>\nMoj\u017cesza, przestrzeganie Bo\u017cych przykaza\u0144 jest <\/span><\/span><\/span><\/span><\/span><span style=\"font-variant: normal;\"><span style=\"font-family: Book Antiqua, serif;\"><span style=\"letter-spacing: normal;\"><span style=\"font-style: normal;\"><b>warunkiem<br \/>\nwej\u015bcia<\/b><\/span><\/span><\/span><\/span><span style=\"font-variant: normal;\"><span style=\"font-family: Book Antiqua, serif;\"><span style=\"letter-spacing: normal;\"><span style=\"font-style: normal;\"><span style=\"font-weight: normal;\"><br \/>\ndo ziemi obiecanej. Mi\u0119dzy jedn\u0105 a drug\u0105 rzeczywisto\u015bci\u0105 mo\u017cna<br \/>\nw\u0142a\u015bciwie postawi\u0107 znak r\u00f3wno\u015bci. Wida\u0107 to chocia\u017cby ju\u017c w<br \/>\ntym <\/span><\/span><\/span><\/span><\/span><span style=\"font-variant: normal;\"><span style=\"font-family: Book Antiqua, serif;\"><span style=\"letter-spacing: normal;\"><span style=\"font-style: normal;\"><span style=\"font-weight: normal;\">jego<br \/>\n<\/span><\/span><\/span><\/span><\/span><span style=\"font-variant: normal;\"><span style=\"font-family: Book Antiqua, serif;\"><span style=\"letter-spacing: normal;\"><span style=\"font-style: normal;\"><span style=\"font-weight: normal;\">stwierdzeniu:<br \/>\n<\/span><\/span><\/span><\/span><\/span><span style=\"font-variant: normal;\"><span style=\"font-family: Book Antiqua, serif;\"><span style=\"letter-spacing: normal;\"><i><b>A<br \/>\nteraz, Izraelu, s\u0142uchaj praw i<\/b><\/i><\/span><\/span><\/span><span style=\"font-variant: normal;\"><span style=\"font-family: Book Antiqua, serif;\"><span style=\"letter-spacing: normal;\"><span style=\"font-style: normal;\"><b><br \/>\n<\/b><\/span><\/span><\/span><\/span><span style=\"font-variant: normal;\"><span style=\"font-family: Book Antiqua, serif;\"><span style=\"letter-spacing: normal;\"><i><b>nakaz\u00f3w,<br \/>\nkt\u00f3re ucz\u0119 was wype\u0142nia\u0107, aby\u015bcie \u017cyli i doszli do posiadania<br \/>\nziemi, kt\u00f3r\u0105 wam daje Pan, B\u00f3g waszych ojc\u00f3w.<\/b><\/i><\/span><\/span><\/span><span style=\"font-variant: normal;\"><span style=\"font-family: Book Antiqua, serif;\"><span style=\"letter-spacing: normal;\"><span style=\"font-style: normal;\"><b><br \/>\n<\/b><\/span><\/span><\/span><\/span><span style=\"font-variant: normal;\"><span style=\"font-family: Book Antiqua, serif;\"><span style=\"letter-spacing: normal;\"><span style=\"font-style: normal;\"><span style=\"font-weight: normal;\">A<br \/>\nprzestrzeganie ich tam, na miejscu, w tej\u017ce \u015bwi\u0119tej ziemi, b\u0119dzie<br \/>\nznakiem m\u0105dro\u015bci <\/span><\/span><\/span><\/span><\/span><span style=\"font-variant: normal;\"><span style=\"font-family: Book Antiqua, serif;\"><span style=\"letter-spacing: normal;\"><i><b>w<br \/>\noczach narod\u00f3w, kt\u00f3re, us\u0142yszawszy o tych prawach, powiedz\u0105: \u201eZ<br \/>\npewno\u015bci\u0105 ten wielki nar\u00f3d to lud m\u0105dry i rozumny\u201d<\/b><\/i><\/span><\/span><\/span><span style=\"font-variant: normal;\"><span style=\"font-family: Book Antiqua, serif;\"><span style=\"letter-spacing: normal;\"><span style=\"font-style: normal;\"><b>.<br \/>\n<\/b><\/span><\/span><\/span><\/span><\/span><br \/>\n<\/span><\/div>\n<div align=\"justify\" style=\"line-height: 150%; margin-bottom: 0cm; text-indent: 1.3cm;\">\n<span style=\"font-size: x-large;\"><span style=\"color: black;\"><span style=\"font-variant: normal;\"><span style=\"font-family: Book Antiqua, serif;\"><span style=\"letter-spacing: normal;\"><span style=\"font-style: normal;\"><span style=\"font-weight: normal;\">I<br \/>\nw tym momencie Moj\u017cesz retorycznie pyta: <\/span><\/span><\/span><\/span><\/span><span style=\"font-variant: normal;\"><span style=\"font-family: Book Antiqua, serif;\"><span style=\"letter-spacing: normal;\"><i><b>Kt\u00f3ry\u017c<br \/>\nnar\u00f3d wielki ma bog\u00f3w tak bliskich, jak B\u00f3g nasz, Pan, ilekro\u0107 Go<br \/>\nprosimy? Kt\u00f3ry\u017c nar\u00f3d wielki ma prawa i nakazy tak sprawiedliwe,<br \/>\njak ca\u0142e to Prawo, kt\u00f3re ja wam dzi\u015b nadaj\u0119?<\/b><\/i><\/span><\/span><\/span><span style=\"font-variant: normal;\"><span style=\"font-family: Book Antiqua, serif;\"><span style=\"letter-spacing: normal;\"><span style=\"font-style: normal;\"><span style=\"font-weight: normal;\"><br \/>\n<\/span><\/span><\/span><\/span><\/span><\/span><br \/>\n<\/span><\/div>\n<div align=\"justify\" style=\"line-height: 150%; margin-bottom: 0cm; text-indent: 1.3cm;\">\n<span style=\"font-size: x-large;\"><span style=\"color: black;\"><span style=\"font-variant: normal;\"><span style=\"font-family: Book Antiqua, serif;\"><span style=\"letter-spacing: normal;\"><span style=\"font-style: normal;\"><span style=\"font-weight: normal;\">Zatem,<br \/>\nprzykazania Boga to nie znak uciemi\u0119\u017cenia i ograniczania wolno\u015bci,<br \/>\nalbo podporz\u0105dkowania sobie ludzi za wszelk\u0105 cen\u0119. Przykazania<br \/>\nBoga \u2013 to znak Jego <\/span><\/span><\/span><\/span><\/span><span style=\"font-variant: normal;\"><span style=\"font-family: Book Antiqua, serif;\"><span style=\"letter-spacing: normal;\"><span style=\"font-style: normal;\"><b>bezgranicznej<br \/>\nmi\u0142o\u015bci i troski o sw\u00f3j lud.<\/b><\/span><\/span><\/span><\/span><span style=\"font-variant: normal;\"><span style=\"font-family: Book Antiqua, serif;\"><span style=\"letter-spacing: normal;\"><span style=\"font-style: normal;\"><span style=\"font-weight: normal;\"><br \/>\nDaj\u0105c swoje przykazania, B\u00f3g chce pom\u00f3c w osi\u0105gni\u0119ciu ziemi<br \/>\nobiecanej \u2013 tej, do kt\u00f3rej nar\u00f3d wybrany t\u0119skni\u0142 <\/span><\/span><\/span><\/span><\/span><span style=\"font-variant: normal;\"><span style=\"font-family: Book Antiqua, serif;\"><span style=\"letter-spacing: normal;\"><span style=\"font-style: normal;\"><b>przez<br \/>\nczterysta lat<\/b><\/span><\/span><\/span><\/span><span style=\"font-variant: normal;\"><span style=\"font-family: Book Antiqua, serif;\"><span style=\"letter-spacing: normal;\"><span style=\"font-style: normal;\"><span style=\"font-weight: normal;\"><br \/>\nw niewoli egipskiej i do kt\u00f3rej w\u0119drowa\u0142 <\/span><\/span><\/span><\/span><\/span><span style=\"font-variant: normal;\"><span style=\"font-family: Book Antiqua, serif;\"><span style=\"letter-spacing: normal;\"><span style=\"font-style: normal;\"><b>przez<br \/>\nczterdzie\u015bci lat<\/b><\/span><\/span><\/span><\/span><span style=\"font-variant: normal;\"><span style=\"font-family: Book Antiqua, serif;\"><span style=\"letter-spacing: normal;\"><span style=\"font-style: normal;\"><span style=\"font-weight: normal;\"><br \/>\nprzez pustyni\u0119; ale przede wszystkim tej, do kt\u00f3rej my wszyscy<br \/>\nd\u0105\u017cymy, <\/span><\/span><\/span><\/span><\/span><span style=\"font-variant: normal;\"><span style=\"font-family: Book Antiqua, serif;\"><span style=\"letter-spacing: normal;\"><span style=\"font-style: normal;\"><b>czyli<br \/>\ndo Nieba.<\/b><\/span><\/span><\/span><\/span><span style=\"font-variant: normal;\"><span style=\"font-family: Book Antiqua, serif;\"><span style=\"letter-spacing: normal;\"><span style=\"font-style: normal;\"><span style=\"font-weight: normal;\"><br \/>\nPrzestrzeganie Bo\u017cych przykaza\u0144 jest warunkiem niezb\u0119dnym do jej<br \/>\nosi\u0105gni\u0119cia! Po prostu \u2013 nie ma innej drogi. <\/span><\/span><\/span><\/span><\/span><\/span><br \/>\n<\/span><\/div>\n<div align=\"justify\" style=\"line-height: 150%; margin-bottom: 0cm; text-indent: 1.3cm;\">\n<span style=\"font-size: x-large;\"><span style=\"color: black;\"><span style=\"font-variant: normal;\"><span style=\"font-family: Book Antiqua, serif;\"><span style=\"letter-spacing: normal;\"><span style=\"font-style: normal;\"><span style=\"font-weight: normal;\">Jeszcze<br \/>\nraz to jasno podkre\u015blmy: pomi\u0119dzy przestrzeganiem Bo\u017cych przykaza\u0144<br \/>\na wej\u015bciem do ziemi obiecanej i Ziemi Obiecanej \u2013 <\/span><\/span><\/span><\/span><\/span><span style=\"font-variant: normal;\"><span style=\"font-family: Book Antiqua, serif;\"><span style=\"letter-spacing: normal;\"><span style=\"font-style: normal;\"><span style=\"font-weight: normal;\">czyli<\/span><\/span><\/span><\/span><\/span><span style=\"font-variant: normal;\"><span style=\"font-family: Book Antiqua, serif;\"><span style=\"letter-spacing: normal;\"><span style=\"font-style: normal;\"><span style=\"font-weight: normal;\"><br \/>\ntej <\/span><\/span><\/span><\/span><\/span><span style=\"font-variant: normal;\"><span style=\"font-family: Book Antiqua, serif;\"><span style=\"letter-spacing: normal;\"><span style=\"font-style: normal;\"><b>pisanej<br \/>\nma\u0142\u0105, i tej pisanej wielk\u0105 liter\u0105,<\/b><\/span><\/span><\/span><\/span><span style=\"font-variant: normal;\"><span style=\"font-family: Book Antiqua, serif;\"><span style=\"letter-spacing: normal;\"><span style=\"font-style: normal;\"><span style=\"font-weight: normal;\"><br \/>\n<\/span><\/span><\/span><\/span><\/span><span style=\"font-variant: normal;\"><span style=\"font-family: Book Antiqua, serif;\"><span style=\"letter-spacing: normal;\"><span style=\"font-style: normal;\"><span style=\"font-weight: normal;\">a<br \/>\nwi\u0119c Kanaanu i Nieba<\/span><\/span><\/span><\/span><\/span><span style=\"font-variant: normal;\"><span style=\"font-family: Book Antiqua, serif;\"><span style=\"letter-spacing: normal;\"><span style=\"font-style: normal;\"><span style=\"font-weight: normal;\"><br \/>\n\u2013 nale\u017cy postawi\u0107 znak r\u00f3wno\u015bci. Jedno jest nierozerwalnie<br \/>\nzwi\u0105zane z drugim, jedno z drugiego wynika. <\/span><\/span><\/span><\/span><\/span><span style=\"font-variant: normal;\"><span style=\"font-family: Book Antiqua, serif;\"><span style=\"letter-spacing: normal;\"><span style=\"font-style: normal;\"><span style=\"font-weight: normal;\">I<br \/>\ndlatego Jezus m\u00f3wi: <\/span><\/span><\/span><\/span><\/span><span style=\"font-variant: normal;\"><span style=\"font-family: Book Antiqua, serif;\"><span style=\"letter-spacing: normal;\"><i><b>Nie<br \/>\ns\u0105d\u017acie, \u017ce przyszed\u0142em znie\u015b\u0107 Prawo albo Prorok\u00f3w. Nie<br \/>\nprzyszed\u0142em znie\u015b\u0107, ale wype\u0142ni\u0107. Zaprawd\u0119 bowiem powiadam wam:<br \/>\nDop\u00f3ki niebo i ziemia nie przemin\u0105, ani jedna jota, ani jedna<br \/>\nkreska nie zmieni si\u0119 w Prawie, a\u017c si\u0119 wszystko spe\u0142ni<\/b><\/i><\/span><\/span><\/span><span style=\"font-variant: normal;\"><span style=\"font-family: Book Antiqua, serif;\"><span style=\"letter-spacing: normal;\"><span style=\"font-style: normal;\"><b>.<\/b><\/span><\/span><\/span><\/span><span style=\"font-variant: normal;\"><span style=\"font-family: Book Antiqua, serif;\"><span style=\"letter-spacing: normal;\"><span style=\"font-style: normal;\"><span style=\"font-weight: normal;\"><br \/>\n<\/span><\/span><\/span><\/span><\/span><\/span><br \/>\n<\/span><\/div>\n<div align=\"justify\" style=\"line-height: 150%; margin-bottom: 0cm; text-indent: 1.3cm;\">\n<span style=\"font-size: x-large;\"><span style=\"color: black;\"><span style=\"font-variant: normal;\"><span style=\"font-family: Book Antiqua, serif;\"><span style=\"letter-spacing: normal;\"><span style=\"font-style: normal;\"><span style=\"font-weight: normal;\">Jezus<br \/>\nprzyszed\u0142, <\/span><\/span><\/span><\/span><\/span><span style=\"font-variant: normal;\"><span style=\"font-family: Book Antiqua, serif;\"><span style=\"letter-spacing: normal;\"><span style=\"font-style: normal;\"><span style=\"font-weight: normal;\">by<\/span><\/span><\/span><\/span><\/span><span style=\"font-variant: normal;\"><span style=\"font-family: Book Antiqua, serif;\"><span style=\"letter-spacing: normal;\"><span style=\"font-style: normal;\"><span style=\"font-weight: normal;\"><br \/>\nwype\u0142ni<\/span><\/span><\/span><\/span><\/span><span style=\"font-variant: normal;\"><span style=\"font-family: Book Antiqua, serif;\"><span style=\"letter-spacing: normal;\"><span style=\"font-style: normal;\"><span style=\"font-weight: normal;\">\u0107<\/span><\/span><\/span><\/span><\/span><span style=\"font-variant: normal;\"><span style=\"font-family: Book Antiqua, serif;\"><span style=\"letter-spacing: normal;\"><span style=\"font-style: normal;\"><span style=\"font-weight: normal;\"><br \/>\nodwieczne Prawo Bo\u017ce. Przyszed\u0142 je wype\u0142ni\u0107 nie w sensie<br \/>\n<\/span><\/span><\/span><\/span><\/span><span style=\"font-variant: normal;\"><span style=\"font-family: Book Antiqua, serif;\"><span style=\"letter-spacing: normal;\"><span style=\"font-style: normal;\"><b>literalnego<br \/>\nwykonania suchego przepisu,<\/b><\/span><\/span><\/span><\/span><span style=\"font-variant: normal;\"><span style=\"font-family: Book Antiqua, serif;\"><span style=\"letter-spacing: normal;\"><span style=\"font-style: normal;\"><span style=\"font-weight: normal;\"><br \/>\n<\/span><\/span><\/span><\/span><\/span><span style=\"font-variant: normal;\"><span style=\"font-family: Book Antiqua, serif;\"><span style=\"letter-spacing: normal;\"><span style=\"font-style: normal;\"><span style=\"font-weight: normal;\">lecz<\/span><\/span><\/span><\/span><\/span><span style=\"font-variant: normal;\"><span style=\"font-family: Book Antiqua, serif;\"><span style=\"letter-spacing: normal;\"><span style=\"font-style: normal;\"><span style=\"font-weight: normal;\"><br \/>\nw sensie wype\u0142nienia go <\/span><\/span><\/span><\/span><\/span><span style=\"font-variant: normal;\"><span style=\"font-family: Book Antiqua, serif;\"><span style=\"letter-spacing: normal;\"><span style=\"font-style: normal;\"><b>z<br \/>\nmi\u0142o\u015bci\u0105.<\/b><\/span><\/span><\/span><\/span><span style=\"font-variant: normal;\"><span style=\"font-family: Book Antiqua, serif;\"><span style=\"letter-spacing: normal;\"><span style=\"font-style: normal;\"><span style=\"font-weight: normal;\"><br \/>\nI wype\u0142nienia go <\/span><\/span><\/span><\/span><\/span><span style=\"font-variant: normal;\"><span style=\"font-family: Book Antiqua, serif;\"><span style=\"letter-spacing: normal;\"><span style=\"font-style: normal;\"><b>mi\u0142o\u015bci\u0105.<\/b><\/span><\/span><\/span><\/span><span style=\"font-variant: normal;\"><span style=\"font-family: Book Antiqua, serif;\"><span style=\"letter-spacing: normal;\"><span style=\"font-style: normal;\"><span style=\"font-weight: normal;\"><br \/>\nNadania mu innej, nowej, g\u0142\u0119bszej tre\u015bci. I o to tak\u017ce chodzi,<br \/>\nmoi Drodzy, w naszym podej\u015bciu do Bo\u017cych przykaza\u0144. O co<br \/>\ndok\u0142adnie? <\/span><\/span><\/span><\/span><\/span><\/span><br \/>\n<\/span><\/div>\n<div align=\"justify\" style=\"line-height: 150%; margin-bottom: 0cm; text-indent: 1.3cm;\">\n<span style=\"font-size: x-large;\"><span style=\"color: black;\"><span style=\"font-variant: normal;\"><span style=\"font-family: Book Antiqua, serif;\"><span style=\"letter-spacing: normal;\"><span style=\"font-style: normal;\"><span style=\"font-weight: normal;\">A<br \/>\nw\u0142a\u015bnie o to, aby\u015bmy wreszcie spojrzeli na ich tre\u015b\u0107 i na ich<br \/>\nobowi\u0105zywanie nie w taki spos\u00f3b, jak niewolnik patrzy na bat,<br \/>\nkt\u00f3rym zostanie wysmagany, ale jak <\/span><\/span><\/span><\/span><\/span><span style=\"font-variant: normal;\"><span style=\"font-family: Book Antiqua, serif;\"><span style=\"letter-spacing: normal;\"><span style=\"font-style: normal;\"><b>dziecko<br \/>\npatrzy na zatroskane oblicze ojca,<\/b><\/span><\/span><\/span><\/span><span style=\"font-variant: normal;\"><span style=\"font-family: Book Antiqua, serif;\"><span style=\"letter-spacing: normal;\"><span style=\"font-style: normal;\"><span style=\"font-weight: normal;\"><br \/>\nkt\u00f3remu bezgranicznie zale\u017cy na jego dobru i kt\u00f3ry dlatego w\u0142a\u015bnie<br \/>\nz <\/span><\/span><\/span><\/span><\/span><span style=\"font-variant: normal;\"><span style=\"font-family: Book Antiqua, serif;\"><span style=\"letter-spacing: normal;\"><span style=\"font-style: normal;\"><b>mi\u0142o\u015bci\u0105<br \/>\ni m\u0105dro\u015bci\u0105<\/b><\/span><\/span><\/span><\/span><span style=\"font-variant: normal;\"><span style=\"font-family: Book Antiqua, serif;\"><span style=\"letter-spacing: normal;\"><span style=\"font-style: normal;\"><span style=\"font-weight: normal;\"><br \/>\npoucza go i upomina, aby wskaza\u0107 mu drogi proste i w\u0142a\u015bciwe, a<br \/>\n<\/span><\/span><\/span><\/span><\/span><span style=\"font-variant: normal;\"><span style=\"font-family: Book Antiqua, serif;\"><span style=\"letter-spacing: normal;\"><span style=\"font-style: normal;\"><b>przestrzec<br \/>\nprzed z\u0142ymi. <\/b><\/span><\/span><\/span><\/span><span style=\"font-variant: normal;\"><span style=\"font-family: Book Antiqua, serif;\"><span style=\"letter-spacing: normal;\"><span style=\"font-style: normal;\"><span style=\"font-weight: normal;\">Przykazania<br \/>\nBo\u017ce s\u0105 w\u0142a\u015bnie takimi znakami wielkiej Bo\u017cej m\u0105dro\u015bci. <\/span><\/span><\/span><\/span><\/span><\/span><br \/>\n<\/span><\/div>\n<div align=\"justify\" style=\"line-height: 150%; margin-bottom: 0cm; text-indent: 1.3cm;\">\n<span style=\"font-size: x-large;\"><span style=\"color: black;\"><span style=\"font-variant: normal;\"><span style=\"font-family: Book Antiqua, serif;\"><span style=\"letter-spacing: normal;\"><span style=\"font-style: normal;\"><span style=\"font-weight: normal;\">Same<br \/>\nw sobie, s<\/span><\/span><\/span><\/span><\/span><span style=\"font-variant: normal;\"><span style=\"font-family: Book Antiqua, serif;\"><span style=\"letter-spacing: normal;\"><span style=\"font-style: normal;\"><span style=\"font-weight: normal;\">\u0105<br \/>\nniezwykle <\/span><\/span><\/span><\/span><\/span><span style=\"font-variant: normal;\"><span style=\"font-family: Book Antiqua, serif;\"><span style=\"letter-spacing: normal;\"><span style=\"font-style: normal;\"><b>logiczne,<br \/>\nsp\u00f3jne i <\/b><\/span><\/span><\/span><\/span><span style=\"font-variant: normal;\"><span style=\"font-family: Book Antiqua, serif;\"><span style=\"letter-spacing: normal;\"><span style=\"font-style: normal;\"><b>dalekowzroczne.<\/b><\/span><\/span><\/span><\/span><span style=\"font-variant: normal;\"><span style=\"font-family: Book Antiqua, serif;\"><span style=\"letter-spacing: normal;\"><span style=\"font-style: normal;\"><span style=\"font-weight: normal;\"><br \/>\n<\/span><\/span><\/span><\/span><\/span><span style=\"font-variant: normal;\"><span style=\"font-family: Book Antiqua, serif;\"><span style=\"letter-spacing: normal;\"><span style=\"font-style: normal;\"><span style=\"font-weight: normal;\">Stanowi\u0105<br \/>\nbardzo zwarty i integralny system norm moralnych. <\/span><\/span><\/span><\/span><\/span><span style=\"font-variant: normal;\"><span style=\"font-family: Book Antiqua, serif;\"><span style=\"letter-spacing: normal;\"><span style=\"font-style: normal;\"><span style=\"font-weight: normal;\">Nie<br \/>\ns\u0105 wyrazem chwilowego nastroju \u2013 \u017ceby nie powiedzie\u0107 kaprysu \u2013<br \/>\n<\/span><\/span><\/span><\/span><\/span><span style=\"font-variant: normal;\"><span style=\"font-family: Book Antiqua, serif;\"><span style=\"letter-spacing: normal;\"><span style=\"font-style: normal;\"><span style=\"font-weight: normal;\">dlatego<\/span><\/span><\/span><\/span><\/span><span style=\"font-variant: normal;\"><span style=\"font-family: Book Antiqua, serif;\"><span style=\"letter-spacing: normal;\"><span style=\"font-style: normal;\"><span style=\"font-weight: normal;\"><br \/>\n<\/span><\/span><\/span><\/span><\/span><span style=\"font-variant: normal;\"><span style=\"font-family: Book Antiqua, serif;\"><span style=\"letter-spacing: normal;\"><span style=\"font-style: normal;\"><b>nie<br \/>\npodlegaj\u0105 zmianom<\/b><\/span><\/span><\/span><\/span><span style=\"font-variant: normal;\"><span style=\"font-family: Book Antiqua, serif;\"><span style=\"letter-spacing: normal;\"><span style=\"font-style: normal;\"><b>.<\/b><\/span><\/span><\/span><\/span><span style=\"font-variant: normal;\"><span style=\"font-family: Book Antiqua, serif;\"><span style=\"letter-spacing: normal;\"><span style=\"font-style: normal;\"><span style=\"font-weight: normal;\"><br \/>\nPrzypomnijmy raz jeszcze s\u0142owa Jezusa: <\/span><\/span><\/span><\/span><\/span><span style=\"font-variant: normal;\"><span style=\"font-family: Book Antiqua, serif;\"><span style=\"letter-spacing: normal;\"><i><b>Dop\u00f3ki<br \/>\nniebo i ziemia nie przemin\u0105, ani jedna jota, ani jedna kreska nie<br \/>\nzmieni si\u0119 w Prawie, a\u017c si\u0119 wszystko spe\u0142ni.<\/b><\/i><\/span><\/span><\/span><span style=\"font-variant: normal;\"><span style=\"font-family: Book Antiqua, serif;\"><span style=\"letter-spacing: normal;\"><span style=\"font-style: normal;\"><span style=\"font-weight: normal;\"><br \/>\n<\/span><\/span><\/span><\/span><\/span><\/span><br \/>\n<\/span><\/div>\n<div align=\"justify\" style=\"line-height: 150%; margin-bottom: 0cm; text-indent: 1.3cm;\">\n<span style=\"font-size: x-large;\"><span style=\"color: black;\"><span style=\"font-variant: normal;\"><span style=\"font-family: Book Antiqua, serif;\"><span style=\"letter-spacing: normal;\"><span style=\"font-style: normal;\"><span style=\"font-weight: normal;\">A<\/span><\/span><\/span><\/span><\/span><span style=\"font-variant: normal;\"><span style=\"font-family: Book Antiqua, serif;\"><span style=\"letter-spacing: normal;\"><span style=\"font-style: normal;\"><span style=\"font-weight: normal;\"><br \/>\nchocia\u017c widzimy, \u017ce zmieni\u0142y si\u0119 \u2013 na pr<\/span><\/span><\/span><\/span><\/span><span style=\"font-variant: normal;\"><span style=\"font-family: Book Antiqua, serif;\"><span style=\"letter-spacing: normal;\"><span style=\"font-style: normal;\"><span style=\"font-weight: normal;\">zestrzeni<br \/>\nobu Testament\u00f3w, Starego i Nowego \u2013 zewn\u0119trzne formy <\/span><\/span><\/span><\/span><\/span><span style=\"font-variant: normal;\"><span style=\"font-family: Book Antiqua, serif;\"><span style=\"letter-spacing: normal;\"><span style=\"font-style: normal;\"><span style=\"font-weight: normal;\">i<br \/>\nsposoby przestrzegania Bo\u017cego Prawa, to jednak w niczym <\/span><\/span><\/span><\/span><\/span><span style=\"font-variant: normal;\"><span style=\"font-family: Book Antiqua, serif;\"><span style=\"letter-spacing: normal;\"><span style=\"font-style: normal;\"><b>nie<br \/>\nzmieni\u0142a si\u0119 jego istota i cel,<\/b><\/span><\/span><\/span><\/span><span style=\"font-variant: normal;\"><span style=\"font-family: Book Antiqua, serif;\"><span style=\"letter-spacing: normal;\"><span style=\"font-style: normal;\"><span style=\"font-weight: normal;\"><br \/>\nkt\u00f3rym jest <\/span><\/span><\/span><\/span><\/span><span style=\"font-variant: normal;\"><span style=\"font-family: Book Antiqua, serif;\"><span style=\"letter-spacing: normal;\"><span style=\"font-style: normal;\"><b>zbawienie<br \/>\ncz\u0142owieka.<\/b><\/span><\/span><\/span><\/span><span style=\"font-variant: normal;\"><span style=\"font-family: Book Antiqua, serif;\"><span style=\"letter-spacing: normal;\"><span style=\"font-style: normal;\"><span style=\"font-weight: normal;\"><br \/>\n<\/span><\/span><\/span><\/span><\/span><\/span><br \/>\n<\/span><\/div>\n<div align=\"justify\" style=\"line-height: 150%; margin-bottom: 0cm; text-indent: 1.3cm;\">\n<span style=\"font-size: x-large;\"><span style=\"color: black;\"><span style=\"font-variant: normal;\"><span style=\"font-family: Book Antiqua, serif;\"><span style=\"letter-spacing: normal;\"><span style=\"font-style: normal;\"><span style=\"font-weight: normal;\">Mo\u017ce<br \/>\nwi\u0119c podejmowana w Wielkim Po\u015bcie g\u0142\u0119boka refleksja pomo\u017ce nam<br \/>\nspojrze\u0107 \u2013 by\u0107 mo\u017ce, po raz pierwszy w \u017cyciu \u2013 na Bo\u017ce<br \/>\nprzykazania jako na <\/span><\/span><\/span><\/span><\/span><span style=\"font-variant: normal;\"><span style=\"font-family: Book Antiqua, serif;\"><span style=\"letter-spacing: normal;\"><span style=\"font-style: normal;\"><b>wielkie<br \/>\nBo\u017ce dobrodziejstwo,<\/b><\/span><\/span><\/span><\/span><span style=\"font-variant: normal;\"><span style=\"font-family: Book Antiqua, serif;\"><span style=\"letter-spacing: normal;\"><span style=\"font-style: normal;\"><span style=\"font-weight: normal;\"><br \/>\njako na niezwyk\u0142y i wspania\u0142y dar <\/span><\/span><\/span><\/span><\/span><span style=\"font-variant: normal;\"><span style=\"font-family: Book Antiqua, serif;\"><span style=\"letter-spacing: normal;\"><span style=\"font-style: normal;\"><b>Jego<br \/>\nmi\u0142o\u015bci i m\u0105dro\u015bci?<\/b><\/span><\/span><\/span><\/span><span style=\"font-variant: normal;\"><span style=\"font-family: Book Antiqua, serif;\"><span style=\"letter-spacing: normal;\"><span style=\"font-style: normal;\"><span style=\"font-weight: normal;\"><br \/>\nI konieczny warunek na drodze do zbawienia? <\/span><\/span><\/span><\/span><\/span><\/span><br \/>\n<\/span><\/div>\n<div align=\"justify\" style=\"line-height: 150%; margin-bottom: 0cm; text-indent: 1.3cm;\">\n<span style=\"color: black;\"><span style=\"font-size: x-large;\"><span style=\"font-variant: normal;\"><span style=\"font-family: Book Antiqua, serif;\"><span style=\"letter-spacing: normal;\"><span style=\"font-style: normal;\"><span style=\"font-weight: normal;\">I<br \/>\nmo\u017ce dzisiaj \u2013 <\/span><\/span><\/span><\/span><\/span><span style=\"font-variant: normal;\"><span style=\"font-family: Book Antiqua, serif;\"><span style=\"letter-spacing: normal;\"><span style=\"font-style: normal;\"><span style=\"font-weight: normal;\">by\u0107<br \/>\nmo\u017ce, po raz pierwszy w \u017cyciu \u2013 podzi\u0119kujemy Bogu za to, \u017ce nie<br \/>\nzostawi\u0142 nas samymi i bezradnymi na drogach \u017cycia, ale da\u0142 nam<br \/>\n<\/span><\/span><\/span><\/span><\/span><span style=\"font-variant: normal;\"><span style=\"font-family: Book Antiqua, serif;\"><span style=\"letter-spacing: normal;\"><span style=\"font-style: normal;\"><b>swoje<br \/>\nm\u0105dre <\/b><\/span><\/span><\/span><\/span><span style=\"font-variant: normal;\"><span style=\"font-family: Book Antiqua, serif;\"><span style=\"letter-spacing: normal;\"><span style=\"font-style: normal;\"><b>przykazania?\u2026<\/b><\/span><\/span><\/span><\/span><\/span><\/span><\/div>\n","protected":false},"excerpt":{"rendered":"<p>Szcz\u0119\u015b\u0107 Bo\u017ce! Moi Drodzy, w dniu dzisiejszym urodziny prze\u017cywa Aleksandra Szel\u0105g, zaanga\u017cowana \u2013 za moich czas\u00f3w \u2013 w dzia\u0142alno\u015b\u0107 m\u0142odzie\u017cow\u0105 w Parafii w Celestynowie. \u017bycz\u0119 Jubilatce, aby z atmosfery swojej w\u0142asnej Rodziny zaczerpn\u0119\u0142a jak najwi\u0119cej dobrego ducha i odwa\u017cnie \u015bwiadczy\u0142a o Jezusie ca\u0142ym swoim \u017cyciem! Zapewniam o modlitwie. \u017bycz\u0119 Wszystkim b\u0142ogos\u0142awionego i intensywnego Wielkiego Postu. [&hellip;]<\/p>\n","protected":false},"author":1,"featured_media":0,"comment_status":"open","ping_status":"open","sticky":false,"template":"","format":"standard","meta":{"jetpack_post_was_ever_published":false,"_jetpack_newsletter_access":"","_jetpack_dont_email_post_to_subs":false,"_jetpack_newsletter_tier_id":0,"_jetpack_memberships_contains_paywalled_content":false,"_jetpack_memberships_contains_paid_content":false,"footnotes":""},"categories":[1],"tags":[],"class_list":["post-14651","post","type-post","status-publish","format-standard","hentry","category-bez-kategorii"],"yoast_head":"<!-- This site is optimized with the Yoast SEO plugin v25.1 - https:\/\/yoast.com\/wordpress\/plugins\/seo\/ -->\n<title>M\u0105dre i \u015bwi\u0119te - przykazania Bo\u017ce! - Gaudium Et Spes<\/title>\n<meta name=\"robots\" content=\"index, follow, max-snippet:-1, max-image-preview:large, max-video-preview:-1\" \/>\n<link rel=\"canonical\" href=\"https:\/\/gaudiumetspes-blog.pl\/index.php\/2019\/03\/27\/madre-i-swiete-przykazania-boze\/\" \/>\n<meta property=\"og:locale\" content=\"pl_PL\" \/>\n<meta property=\"og:type\" content=\"article\" \/>\n<meta property=\"og:title\" content=\"M\u0105dre i \u015bwi\u0119te - przykazania Bo\u017ce! - Gaudium Et Spes\" \/>\n<meta property=\"og:description\" content=\"Szcz\u0119\u015b\u0107 Bo\u017ce! Moi Drodzy, w dniu dzisiejszym urodziny prze\u017cywa Aleksandra Szel\u0105g, zaanga\u017cowana \u2013 za moich czas\u00f3w \u2013 w dzia\u0142alno\u015b\u0107 m\u0142odzie\u017cow\u0105 w Parafii w Celestynowie. \u017bycz\u0119 Jubilatce, aby z atmosfery swojej w\u0142asnej Rodziny zaczerpn\u0119\u0142a jak najwi\u0119cej dobrego ducha i odwa\u017cnie \u015bwiadczy\u0142a o Jezusie ca\u0142ym swoim \u017cyciem! Zapewniam o modlitwie. \u017bycz\u0119 Wszystkim b\u0142ogos\u0142awionego i intensywnego Wielkiego Postu. [&hellip;]\" \/>\n<meta property=\"og:url\" content=\"https:\/\/gaudiumetspes-blog.pl\/index.php\/2019\/03\/27\/madre-i-swiete-przykazania-boze\/\" \/>\n<meta property=\"og:site_name\" content=\"Gaudium Et Spes\" \/>\n<meta property=\"article:published_time\" content=\"2019-03-27T03:52:00+00:00\" \/>\n<meta property=\"article:modified_time\" content=\"2019-07-31T11:01:11+00:00\" \/>\n<meta name=\"author\" content=\"Ks. Jacek\" \/>\n<meta name=\"twitter:card\" content=\"summary_large_image\" \/>\n<meta name=\"twitter:label1\" content=\"Napisane przez\" \/>\n\t<meta name=\"twitter:data1\" content=\"Ks. Jacek\" \/>\n\t<meta name=\"twitter:label2\" content=\"Szacowany czas czytania\" \/>\n\t<meta name=\"twitter:data2\" content=\"6 minut\" \/>\n<script type=\"application\/ld+json\" class=\"yoast-schema-graph\">{\"@context\":\"https:\/\/schema.org\",\"@graph\":[{\"@type\":\"WebPage\",\"@id\":\"https:\/\/gaudiumetspes-blog.pl\/index.php\/2019\/03\/27\/madre-i-swiete-przykazania-boze\/\",\"url\":\"https:\/\/gaudiumetspes-blog.pl\/index.php\/2019\/03\/27\/madre-i-swiete-przykazania-boze\/\",\"name\":\"M\u0105dre i \u015bwi\u0119te - przykazania Bo\u017ce! - Gaudium Et Spes\",\"isPartOf\":{\"@id\":\"https:\/\/gaudiumetspes-blog.pl\/#website\"},\"datePublished\":\"2019-03-27T03:52:00+00:00\",\"dateModified\":\"2019-07-31T11:01:11+00:00\",\"author\":{\"@id\":\"https:\/\/gaudiumetspes-blog.pl\/#\/schema\/person\/1661982992b752dea8dff0d4ed845a65\"},\"breadcrumb\":{\"@id\":\"https:\/\/gaudiumetspes-blog.pl\/index.php\/2019\/03\/27\/madre-i-swiete-przykazania-boze\/#breadcrumb\"},\"inLanguage\":\"pl-PL\",\"potentialAction\":[{\"@type\":\"ReadAction\",\"target\":[\"https:\/\/gaudiumetspes-blog.pl\/index.php\/2019\/03\/27\/madre-i-swiete-przykazania-boze\/\"]}]},{\"@type\":\"BreadcrumbList\",\"@id\":\"https:\/\/gaudiumetspes-blog.pl\/index.php\/2019\/03\/27\/madre-i-swiete-przykazania-boze\/#breadcrumb\",\"itemListElement\":[{\"@type\":\"ListItem\",\"position\":1,\"name\":\"Strona g\u0142\u00f3wna\",\"item\":\"https:\/\/gaudiumetspes-blog.pl\/\"},{\"@type\":\"ListItem\",\"position\":2,\"name\":\"M\u0105dre i&nbsp;\u015bwi\u0119te &#8211; przykazania Bo\u017ce!\"}]},{\"@type\":\"WebSite\",\"@id\":\"https:\/\/gaudiumetspes-blog.pl\/#website\",\"url\":\"https:\/\/gaudiumetspes-blog.pl\/\",\"name\":\"Gaudium Et Spes\",\"description\":\"Blog Ks. Jacka Ja\u015bkowskiego\",\"potentialAction\":[{\"@type\":\"SearchAction\",\"target\":{\"@type\":\"EntryPoint\",\"urlTemplate\":\"https:\/\/gaudiumetspes-blog.pl\/?s={search_term_string}\"},\"query-input\":{\"@type\":\"PropertyValueSpecification\",\"valueRequired\":true,\"valueName\":\"search_term_string\"}}],\"inLanguage\":\"pl-PL\"},{\"@type\":\"Person\",\"@id\":\"https:\/\/gaudiumetspes-blog.pl\/#\/schema\/person\/1661982992b752dea8dff0d4ed845a65\",\"name\":\"Ks. Jacek\",\"image\":{\"@type\":\"ImageObject\",\"inLanguage\":\"pl-PL\",\"@id\":\"https:\/\/gaudiumetspes-blog.pl\/#\/schema\/person\/image\/\",\"url\":\"https:\/\/gaudiumetspes-blog.pl\/wp-content\/uploads\/2019\/07\/avatar-JJ-150x150.jpg\",\"contentUrl\":\"https:\/\/gaudiumetspes-blog.pl\/wp-content\/uploads\/2019\/07\/avatar-JJ-150x150.jpg\",\"caption\":\"Ks. Jacek\"},\"description\":\"Witam serdecznie! K\u0142ania si\u0119 Ks. Jacek Ja\u015bkowski. Nie jestem ani kim\u015b wa\u017cnym, ani kim\u015b znanym. Jestem ksi\u0119dzem, kt\u00f3ry po prostu chce rozmawia\u0107. Codzienna kap\u0142a\u0144ska pos\u0142uga pokazuje mi, \u017ce temat\u00f3w do rozm\u00f3w z ksi\u0119dzem jest coraz wi\u0119cej i dzisiaj \u017caden ksi\u0105dz nie mo\u017ce od nich ucieka\u0107, ale - wprost przeciwnie - podejmowa\u0107 nowe wyzwania. To przekonanie sk\u0142oni\u0142o mnie do pr\u00f3by otwarcia tego\u017c bloga, chocia\u017c okazji do rozm\u00f3w na co dzie\u0144 - w konfesjonale i poza nim - na szcz\u0119\u015bcie nie brakuje. My\u015bl\u0119 jednak, \u017ce ten blog b\u0119dzie jeszcze jednym sposobem i przestrzeni\u0105 nawi\u0105zania kontaktu z lud\u017ami dobrej woli, otwartymi na dialog.\",\"url\":\"https:\/\/gaudiumetspes-blog.pl\/index.php\/author\/ks-jacek\/\"}]}<\/script>\n<!-- \/ Yoast SEO plugin. -->","yoast_head_json":{"title":"M\u0105dre i \u015bwi\u0119te - przykazania Bo\u017ce! - Gaudium Et Spes","robots":{"index":"index","follow":"follow","max-snippet":"max-snippet:-1","max-image-preview":"max-image-preview:large","max-video-preview":"max-video-preview:-1"},"canonical":"https:\/\/gaudiumetspes-blog.pl\/index.php\/2019\/03\/27\/madre-i-swiete-przykazania-boze\/","og_locale":"pl_PL","og_type":"article","og_title":"M\u0105dre i \u015bwi\u0119te - przykazania Bo\u017ce! - Gaudium Et Spes","og_description":"Szcz\u0119\u015b\u0107 Bo\u017ce! Moi Drodzy, w dniu dzisiejszym urodziny prze\u017cywa Aleksandra Szel\u0105g, zaanga\u017cowana \u2013 za moich czas\u00f3w \u2013 w dzia\u0142alno\u015b\u0107 m\u0142odzie\u017cow\u0105 w Parafii w Celestynowie. \u017bycz\u0119 Jubilatce, aby z atmosfery swojej w\u0142asnej Rodziny zaczerpn\u0119\u0142a jak najwi\u0119cej dobrego ducha i odwa\u017cnie \u015bwiadczy\u0142a o Jezusie ca\u0142ym swoim \u017cyciem! Zapewniam o modlitwie. \u017bycz\u0119 Wszystkim b\u0142ogos\u0142awionego i intensywnego Wielkiego Postu. [&hellip;]","og_url":"https:\/\/gaudiumetspes-blog.pl\/index.php\/2019\/03\/27\/madre-i-swiete-przykazania-boze\/","og_site_name":"Gaudium Et Spes","article_published_time":"2019-03-27T03:52:00+00:00","article_modified_time":"2019-07-31T11:01:11+00:00","author":"Ks. Jacek","twitter_card":"summary_large_image","twitter_misc":{"Napisane przez":"Ks. Jacek","Szacowany czas czytania":"6 minut"},"schema":{"@context":"https:\/\/schema.org","@graph":[{"@type":"WebPage","@id":"https:\/\/gaudiumetspes-blog.pl\/index.php\/2019\/03\/27\/madre-i-swiete-przykazania-boze\/","url":"https:\/\/gaudiumetspes-blog.pl\/index.php\/2019\/03\/27\/madre-i-swiete-przykazania-boze\/","name":"M\u0105dre i \u015bwi\u0119te - przykazania Bo\u017ce! - Gaudium Et Spes","isPartOf":{"@id":"https:\/\/gaudiumetspes-blog.pl\/#website"},"datePublished":"2019-03-27T03:52:00+00:00","dateModified":"2019-07-31T11:01:11+00:00","author":{"@id":"https:\/\/gaudiumetspes-blog.pl\/#\/schema\/person\/1661982992b752dea8dff0d4ed845a65"},"breadcrumb":{"@id":"https:\/\/gaudiumetspes-blog.pl\/index.php\/2019\/03\/27\/madre-i-swiete-przykazania-boze\/#breadcrumb"},"inLanguage":"pl-PL","potentialAction":[{"@type":"ReadAction","target":["https:\/\/gaudiumetspes-blog.pl\/index.php\/2019\/03\/27\/madre-i-swiete-przykazania-boze\/"]}]},{"@type":"BreadcrumbList","@id":"https:\/\/gaudiumetspes-blog.pl\/index.php\/2019\/03\/27\/madre-i-swiete-przykazania-boze\/#breadcrumb","itemListElement":[{"@type":"ListItem","position":1,"name":"Strona g\u0142\u00f3wna","item":"https:\/\/gaudiumetspes-blog.pl\/"},{"@type":"ListItem","position":2,"name":"M\u0105dre i&nbsp;\u015bwi\u0119te &#8211; przykazania Bo\u017ce!"}]},{"@type":"WebSite","@id":"https:\/\/gaudiumetspes-blog.pl\/#website","url":"https:\/\/gaudiumetspes-blog.pl\/","name":"Gaudium Et Spes","description":"Blog Ks. Jacka Ja\u015bkowskiego","potentialAction":[{"@type":"SearchAction","target":{"@type":"EntryPoint","urlTemplate":"https:\/\/gaudiumetspes-blog.pl\/?s={search_term_string}"},"query-input":{"@type":"PropertyValueSpecification","valueRequired":true,"valueName":"search_term_string"}}],"inLanguage":"pl-PL"},{"@type":"Person","@id":"https:\/\/gaudiumetspes-blog.pl\/#\/schema\/person\/1661982992b752dea8dff0d4ed845a65","name":"Ks. Jacek","image":{"@type":"ImageObject","inLanguage":"pl-PL","@id":"https:\/\/gaudiumetspes-blog.pl\/#\/schema\/person\/image\/","url":"https:\/\/gaudiumetspes-blog.pl\/wp-content\/uploads\/2019\/07\/avatar-JJ-150x150.jpg","contentUrl":"https:\/\/gaudiumetspes-blog.pl\/wp-content\/uploads\/2019\/07\/avatar-JJ-150x150.jpg","caption":"Ks. Jacek"},"description":"Witam serdecznie! K\u0142ania si\u0119 Ks. Jacek Ja\u015bkowski. Nie jestem ani kim\u015b wa\u017cnym, ani kim\u015b znanym. Jestem ksi\u0119dzem, kt\u00f3ry po prostu chce rozmawia\u0107. Codzienna kap\u0142a\u0144ska pos\u0142uga pokazuje mi, \u017ce temat\u00f3w do rozm\u00f3w z ksi\u0119dzem jest coraz wi\u0119cej i dzisiaj \u017caden ksi\u0105dz nie mo\u017ce od nich ucieka\u0107, ale - wprost przeciwnie - podejmowa\u0107 nowe wyzwania. To przekonanie sk\u0142oni\u0142o mnie do pr\u00f3by otwarcia tego\u017c bloga, chocia\u017c okazji do rozm\u00f3w na co dzie\u0144 - w konfesjonale i poza nim - na szcz\u0119\u015bcie nie brakuje. My\u015bl\u0119 jednak, \u017ce ten blog b\u0119dzie jeszcze jednym sposobem i przestrzeni\u0105 nawi\u0105zania kontaktu z lud\u017ami dobrej woli, otwartymi na dialog.","url":"https:\/\/gaudiumetspes-blog.pl\/index.php\/author\/ks-jacek\/"}]}},"jetpack_featured_media_url":"","jetpack_sharing_enabled":true,"_links":{"self":[{"href":"https:\/\/gaudiumetspes-blog.pl\/index.php\/wp-json\/wp\/v2\/posts\/14651","targetHints":{"allow":["GET"]}}],"collection":[{"href":"https:\/\/gaudiumetspes-blog.pl\/index.php\/wp-json\/wp\/v2\/posts"}],"about":[{"href":"https:\/\/gaudiumetspes-blog.pl\/index.php\/wp-json\/wp\/v2\/types\/post"}],"author":[{"embeddable":true,"href":"https:\/\/gaudiumetspes-blog.pl\/index.php\/wp-json\/wp\/v2\/users\/1"}],"replies":[{"embeddable":true,"href":"https:\/\/gaudiumetspes-blog.pl\/index.php\/wp-json\/wp\/v2\/comments?post=14651"}],"version-history":[{"count":1,"href":"https:\/\/gaudiumetspes-blog.pl\/index.php\/wp-json\/wp\/v2\/posts\/14651\/revisions"}],"predecessor-version":[{"id":15069,"href":"https:\/\/gaudiumetspes-blog.pl\/index.php\/wp-json\/wp\/v2\/posts\/14651\/revisions\/15069"}],"wp:attachment":[{"href":"https:\/\/gaudiumetspes-blog.pl\/index.php\/wp-json\/wp\/v2\/media?parent=14651"}],"wp:term":[{"taxonomy":"category","embeddable":true,"href":"https:\/\/gaudiumetspes-blog.pl\/index.php\/wp-json\/wp\/v2\/categories?post=14651"},{"taxonomy":"post_tag","embeddable":true,"href":"https:\/\/gaudiumetspes-blog.pl\/index.php\/wp-json\/wp\/v2\/tags?post=14651"}],"curies":[{"name":"wp","href":"https:\/\/api.w.org\/{rel}","templated":true}]}}