{"id":14653,"date":"2019-03-25T06:05:00","date_gmt":"2019-03-25T05:05:00","guid":{"rendered":"https:\/\/gaudiumetspes-blog.pl\/index.php\/2019\/03\/25\/wszyscy-czekamy-na-twoje-tak-maryjo\/"},"modified":"2019-07-31T13:01:11","modified_gmt":"2019-07-31T11:01:11","slug":"wszyscy-czekamy-na-twoje-tak-maryjo","status":"publish","type":"post","link":"https:\/\/gaudiumetspes-blog.pl\/index.php\/2019\/03\/25\/wszyscy-czekamy-na-twoje-tak-maryjo\/","title":{"rendered":"Wszyscy czekamy na Twoje &#8222;tak&#8221;, Maryjo&#8230;"},"content":{"rendered":"<p><\/p>\n<div align=\"justify\" style=\"font-weight: normal; line-height: 150%; margin-bottom: 0cm;\">\n<span style=\"font-size: x-large;\"><span style=\"color: black;\"><span style=\"font-family: Book Antiqua, serif;\">Niech<br \/>\nb\u0119dzie pochwalony Jezus Chrystus! Moi Drodzy, o istocie i g\u0142\u00f3wnym<br \/>\nprzes\u0142aniu dzisiejszej Uroczysto\u015bci wi\u0119cej napisa\u0142em w<br \/>\nrozwa\u017caniu. Natomiast tutaj dodam tylko, \u017ce dzisiejszy dzie\u0144<br \/>\nsk\u0142ania nas do modlitwy i wszelkich stara\u0107, podj\u0119tych w celu<br \/>\nobrony \u017cycia. Ka\u017cdego \u017cycia \u2013 od pocz\u0119cia do naturalnej<br \/>\n\u015bmierci. <\/span><\/span><br \/>\n<\/span><\/div>\n<div align=\"justify\" style=\"background: transparent; font-weight: normal; line-height: 150%; margin-bottom: 0cm; page-break-before: auto; text-indent: 1.3cm;\">\n<span style=\"font-size: x-large;\"><span style=\"color: black;\"><span style=\"font-family: Book Antiqua, serif;\">Niestety,<br \/>\nwidzimy, \u017ce obecnie rz\u0105dz\u0105cy \u2013 pomimo sukces\u00f3w w tak wielu<br \/>\ndziedzinach \u2013 akurat t\u0119 spraw\u0119 sobie \u201eodpu\u015bcili\u201d. I wszystko<br \/>\nwskazuje na to, \u017ce do ko\u0144ca kadencji kwestia ustawowej ochrony<br \/>\nka\u017cdego pocz\u0119tego \u017cycia nie zostanie uregulowana. A to wielki<br \/>\nb\u0142\u0105d! Oznaka ma\u0142o\u015bci i strachu. I niedobry znak na przysz\u0142o\u015b\u0107.<br \/>\n<\/span><\/span><br \/>\n<\/span><\/div>\n<div align=\"justify\" style=\"background: transparent; font-weight: normal; line-height: 150%; margin-bottom: 0cm; text-indent: 1.3cm;\">\n<span style=\"color: black;\"><span style=\"font-family: Book Antiqua, serif;\"><span style=\"font-size: x-large;\">M\u00f3dlmy<br \/>\nsi\u0119, moi Drodzy, o t\u0119 spraw\u0119. I rozmawiajmy o tym, tworz\u0105c w<br \/>\nswoim otoczeniu w\u0142a\u015bciw\u0105 \u015bwiadomo\u015b\u0107 tego problemu.<\/span><\/span><\/span><\/div>\n<div align=\"justify\" style=\"background: transparent; font-weight: normal; line-height: 150%; margin-bottom: 0cm; text-indent: 1.3cm;\">\n<span style=\"color: black;\"><span style=\"font-family: Book Antiqua, serif;\"><span style=\"font-size: x-large;\">Na<br \/>\npobo\u017cne i radosne prze\u017cywanie dzisiejszej pi\u0119knej Uroczysto\u015bci \u2013<br \/>\n<b>niech Was b\u0142ogos\u0142awi B\u00f3g Wszechmog\u0105cy: Ojciec + i Syn, i Duch<br \/>\n\u015awi\u0119ty. Amen<\/b><\/span><\/span><\/span><\/div>\n<div align=\"center\" style=\"font-weight: normal; line-height: 150%; margin-bottom: 0cm;\">\n<span style=\"color: black;\"><span style=\"font-family: Book Antiqua, serif;\"><span style=\"font-size: x-large;\">Gaudium<br \/>\net spes!  Ks. Jacek<\/span><\/span><\/span><\/div>\n<div align=\"justify\" style=\"line-height: 150%; margin-bottom: 0cm;\">\n<span style=\"font-size: x-large;\"><\/p>\n<p><\/span><\/div>\n<div align=\"justify\" style=\"line-height: 150%; margin-bottom: 0cm;\">\n<span style=\"color: black;\"><span style=\"font-family: Book Antiqua, serif;\"><span style=\"font-size: x-large;\"><b>Uroczysto\u015b\u0107<br \/>\nZwiastowania Pa\u0144skiego,<\/b><\/span><\/span><\/span><\/div>\n<div align=\"justify\" style=\"line-height: 150%; margin-bottom: 0cm;\">\n<span style=\"color: black;\"><span style=\"font-family: Book Antiqua, serif;\"><span style=\"font-size: x-large;\"><b>do<br \/>\nczyta\u0144 z t. VI Lekcjonarza:  Iz 7,10\u201314;  Hbr 10,4\u201310;  \u0141k<br \/>\n1,26\u201338<\/b><\/span><\/span><\/span><\/div>\n<div align=\"justify\" style=\"line-height: 150%; margin-bottom: 0cm;\">\n<span style=\"font-size: x-large;\"><\/p>\n<p><\/span><\/div>\n<div align=\"justify\" style=\"font-style: normal; font-variant: normal; letter-spacing: normal; line-height: 150%; margin-bottom: 0cm; page-break-before: auto;\">\n<span style=\"font-size: x-large;\"><span style=\"color: black;\"><span style=\"font-family: Book Antiqua, serif;\"><b>CZYTANIE<br \/>\nZ KSI\u0118GI PROROKA IZAJASZA: <\/b><\/span><\/span><br \/>\n<\/span><\/div>\n<div align=\"justify\" style=\"background: transparent; font-style: normal; font-variant: normal; letter-spacing: normal; line-height: 150%; margin-bottom: 0cm; page-break-before: auto; text-indent: 1.3cm;\">\n<span style=\"font-size: x-large;\"><span style=\"color: black;\"><span style=\"font-family: Book Antiqua, serif;\"><b>Pan<br \/>\nprzem\u00f3wi\u0142 do Achaza tymi s\u0142owami: \u201ePro\u015b dla siebie o znak od<br \/>\nPana, Boga twego, czy to g\u0142\u0119boko w Otch\u0142ani, czy to wysoko w<br \/>\ng\u00f3rze\u201d. <\/b><\/span><\/span><br \/>\n<\/span><\/div>\n<div align=\"justify\" style=\"background: transparent; font-style: normal; font-variant: normal; letter-spacing: normal; line-height: 150%; margin-bottom: 0cm; text-indent: 1.3cm;\">\n<span style=\"font-size: x-large;\"><span style=\"color: black;\"><span style=\"font-family: Book Antiqua, serif;\"><b>Lecz<br \/>\nAchaz odpowiedzia\u0142: \u201eNie b\u0119d\u0119 prosi\u0142 i nie b\u0119d\u0119 wystawia\u0142<br \/>\nPana na pr\u00f3b\u0119\u201d. <\/b><\/span><\/span><br \/>\n<\/span><\/div>\n<div align=\"justify\" style=\"background: transparent; font-style: normal; font-variant: normal; letter-spacing: normal; line-height: 150%; margin-bottom: 0cm; text-indent: 1.3cm;\">\n<span style=\"color: black;\"><span style=\"font-family: Book Antiqua, serif;\"><span style=\"font-size: x-large;\"><b>Wtedy<br \/>\nrzek\u0142 Izajasz: \u201eS\u0142uchajcie wi\u0119c, domu Dawidowy: Czy\u017c ma\u0142o wam<br \/>\nnaprzykrza\u0107 si\u0119 ludziom, i\u017c naprzykrzacie si\u0119 tak\u017ce mojemu Bogu?<br \/>\nDlatego Pan sam da wam znak: Oto Panna pocznie i porodzi syna, i<br \/>\nnazwie go imieniem Emmanuel, albowiem B\u00f3g z nami\u201d.<\/b><\/span><\/span><\/span><\/div>\n<div align=\"justify\" style=\"line-height: 150%; margin-bottom: 0cm;\">\n<span style=\"font-size: x-large;\"><\/p>\n<p><\/span><\/div>\n<div align=\"justify\" style=\"font-style: normal; font-variant: normal; letter-spacing: normal; line-height: 150%; margin-bottom: 0cm;\">\n<span style=\"font-size: x-large;\"><span style=\"color: black;\"><span style=\"font-family: Book Antiqua, serif;\"><b>CZYTANIE<br \/>\nZ LISTU DO HEBRAJCZYK\u00d3W: <\/b><\/span><\/span><br \/>\n<\/span><\/div>\n<div align=\"justify\" style=\"background: transparent; font-style: normal; font-variant: normal; letter-spacing: normal; line-height: 150%; margin-bottom: 0cm; page-break-before: auto; text-indent: 1.3cm;\">\n<span style=\"font-size: x-large;\"><span style=\"color: black;\"><span style=\"font-family: Book Antiqua, serif;\"><b>Bracia:<br \/>\nNiemo\u017cliwe jest to, aby krew cielc\u00f3w i koz\u0142\u00f3w usuwa\u0142a grzechy.<br \/>\nPrzeto Chrystus przychodz\u0105c na \u015bwiat, m\u00f3wi: &#8222;Ofiary ani daru<br \/>\nnie chcia\u0142e\u015b, ale\u015b Mi utworzy\u0142 cia\u0142o; ca\u0142opalenia i ofiary za<br \/>\ngrzech nie podoba\u0142y si\u0119 Tobie. Wtedy rzek\u0142em: \u00abOto id\u0119, w zwoju<br \/>\nksi\u0119gi napisano o Mnie, abym spe\u0142nia\u0142 wol\u0119 Twoj\u0105, Bo\u017ce\u00bb&#8221;.<br \/>\n<\/b><\/span><\/span><br \/>\n<\/span><\/div>\n<div align=\"justify\" style=\"background: transparent; font-style: normal; font-variant: normal; letter-spacing: normal; line-height: 150%; margin-bottom: 0cm; text-indent: 1.3cm;\">\n<span style=\"color: black;\"><span style=\"font-family: Book Antiqua, serif;\"><span style=\"font-size: x-large;\"><b>Wy\u017cej<br \/>\npowiedzia\u0142: \u201eOfiar, dar\u00f3w, ca\u0142opale\u0144 i ofiar za grzechy nie<br \/>\nchcia\u0142e\u015b, i nie podoba\u0142y si\u0119 Tobie\u201d, cho\u0107 sk\u0142ada si\u0119 je na<br \/>\npodstawie Prawa. Nast\u0119pnie powiedzia\u0142: \u201eOto id\u0119, abym spe\u0142nia\u0142<br \/>\nwol\u0119 Twoj\u0105\u201d. Usuwa jedn\u0105 ofiar\u0119, aby ustanowi\u0107 inn\u0105. Na mocy<br \/>\ntej woli u\u015bwi\u0119ceni jeste\u015bmy przez ofiar\u0119 cia\u0142a Jezusa Chrystusa<br \/>\nraz na zawsze.<\/b><\/span><\/span><\/span><\/div>\n<div align=\"justify\" style=\"line-height: 150%; margin-bottom: 0cm;\">\n<span style=\"font-size: x-large;\"><\/p>\n<p><\/span><\/div>\n<div align=\"justify\" style=\"line-height: 150%; margin-bottom: 0cm;\">\n<span style=\"font-size: x-large;\"><span style=\"color: black;\"><span style=\"font-family: Book Antiqua, serif;\"><b><span style=\"font-variant: normal;\"><span style=\"letter-spacing: normal;\"><span style=\"font-style: normal;\">S\u0141OWA<br \/>\nEWANGELII WED\u0141UG \u015aW<\/span><\/span><\/span><span style=\"font-variant: normal;\"><span style=\"letter-spacing: normal;\"><span style=\"font-style: normal;\">I\u0118TEGO<\/span><\/span><\/span><span style=\"font-variant: normal;\"><span style=\"letter-spacing: normal;\"><span style=\"font-style: normal;\"><br \/>\n\u0141UKASZA: <\/span><\/span><\/span><\/b><\/span><\/span><br \/>\n<\/span><\/div>\n<div align=\"justify\" style=\"background: transparent; font-style: normal; font-variant: normal; letter-spacing: normal; line-height: 150%; margin-bottom: 0cm; page-break-before: auto; text-indent: 1.3cm;\">\n<span style=\"font-size: x-large;\"><span style=\"color: black;\"><span style=\"font-family: Book Antiqua, serif;\"><b>B\u00f3g<br \/>\npos\u0142a\u0142 anio\u0142a Gabriela do miasta w Galilei, zwanego Nazaret, do<br \/>\nDziewicy po\u015blubionej m\u0119\u017cowi, imieniem J\u00f3zef, z rodu Dawida; a<br \/>\nDziewicy by\u0142o na imi\u0119 Maryja. <\/b><\/span><\/span><br \/>\n<\/span><\/div>\n<div align=\"justify\" style=\"background: transparent; font-style: normal; font-variant: normal; letter-spacing: normal; line-height: 150%; margin-bottom: 0cm; text-indent: 1.3cm;\">\n<span style=\"font-size: x-large;\"><span style=\"color: black;\"><span style=\"font-family: Book Antiqua, serif;\"><b>Anio\u0142<br \/>\nwszed\u0142 do Niej i rzek\u0142: \u201eB\u0105d\u017a pozdrowiona, pe\u0142na \u0142aski, Pan z<br \/>\nTob\u0105, b\u0142ogos\u0142awiona jeste\u015b mi\u0119dzy niewiastami\u201d. <\/b><\/span><\/span><br \/>\n<\/span><\/div>\n<div align=\"justify\" style=\"background: transparent; font-style: normal; font-variant: normal; letter-spacing: normal; line-height: 150%; margin-bottom: 0cm; text-indent: 1.3cm;\">\n<span style=\"font-size: x-large;\"><span style=\"color: black;\"><span style=\"font-family: Book Antiqua, serif;\"><b>Ona<br \/>\nzmiesza\u0142a si\u0119 na te s\u0142owa i rozwa\u017ca\u0142a, co mia\u0142oby znaczy\u0107 to<br \/>\npozdrowienie. <\/b><\/span><\/span><br \/>\n<\/span><\/div>\n<div align=\"justify\" style=\"background: transparent; line-height: 150%; margin-bottom: 0cm; text-indent: 1.3cm;\">\n<span style=\"font-size: x-large;\"><span style=\"color: black;\"><span style=\"font-family: Book Antiqua, serif;\"><b><span style=\"font-variant: normal;\"><span style=\"letter-spacing: normal;\"><span style=\"font-style: normal;\">Lecz<br \/>\n<\/span><\/span><\/span><span style=\"font-variant: normal;\"><span style=\"letter-spacing: normal;\"><span style=\"font-style: normal;\">A<\/span><\/span><\/span><span style=\"font-variant: normal;\"><span style=\"letter-spacing: normal;\"><span style=\"font-style: normal;\">nio\u0142<br \/>\nrzek\u0142 do Niej: \u201eNie b\u00f3j si\u0119, Maryjo, znalaz\u0142a\u015b bowiem \u0142ask\u0119<br \/>\nu Boga. Oto poczniesz i porodzisz Syna, kt\u00f3remu nadasz imi\u0119 Jezus.<br \/>\nB\u0119dzie On wielki i b\u0119dzie nazwany Synem Najwy\u017cszego, a Pan B\u00f3g da<br \/>\nMu tron Jego praojca, Dawida. B\u0119dzie panowa\u0142 nad domem Jakuba na<br \/>\nwieki, a Jego panowaniu nie b\u0119dzie ko\u0144ca\u201d. <\/span><\/span><\/span><\/b><\/span><\/span><br \/>\n<\/span><\/div>\n<div align=\"justify\" style=\"background: transparent; line-height: 150%; margin-bottom: 0cm; text-indent: 1.3cm;\">\n<span style=\"font-size: x-large;\"><span style=\"color: black;\"><span style=\"font-family: Book Antiqua, serif;\"><b><span style=\"font-variant: normal;\"><span style=\"letter-spacing: normal;\"><span style=\"font-style: normal;\">Na<br \/>\nto Maryja rzek\u0142a do <\/span><\/span><\/span><span style=\"font-variant: normal;\"><span style=\"letter-spacing: normal;\"><span style=\"font-style: normal;\">A<\/span><\/span><\/span><span style=\"font-variant: normal;\"><span style=\"letter-spacing: normal;\"><span style=\"font-style: normal;\">nio\u0142a:<br \/>\n\u201eJak\u017ce si\u0119 to stanie, skoro nie znam m\u0119\u017ca?\u201d <\/span><\/span><\/span><\/b><\/span><\/span><br \/>\n<\/span><\/div>\n<div align=\"justify\" style=\"background: transparent; font-style: normal; font-variant: normal; letter-spacing: normal; line-height: 150%; margin-bottom: 0cm; text-indent: 1.3cm;\">\n<span style=\"font-size: x-large;\"><span style=\"color: black;\"><span style=\"font-family: Book Antiqua, serif;\"><b>Anio\u0142<br \/>\nJej odpowiedzia\u0142: \u201eDuch \u015awi\u0119ty zst\u0105pi na Ciebie i moc<br \/>\nNajwy\u017cszego os\u0142oni Ci\u0119. Dlatego te\u017c \u015awi\u0119te, kt\u00f3re si\u0119<br \/>\nnarodzi, b\u0119dzie nazwane Synem Bo\u017cym. A oto r\u00f3wnie\u017c krewna Twoja,<br \/>\nEl\u017cbieta, pocz\u0119\u0142a w swej staro\u015bci syna, i jest ju\u017c w sz\u00f3stym<br \/>\nmiesi\u0105cu ta, kt\u00f3ra uchodzi za niep\u0142odn\u0105. Dla Boga bowiem nie ma<br \/>\nnic niemo\u017cliwego\u201d. <\/b><\/span><\/span><br \/>\n<\/span><\/div>\n<div align=\"justify\" style=\"background: transparent; line-height: 150%; margin-bottom: 0cm; text-indent: 1.3cm;\">\n<span style=\"color: black;\"><span style=\"font-family: Book Antiqua, serif;\"><span style=\"font-size: x-large;\"><b><span style=\"font-variant: normal;\"><span style=\"letter-spacing: normal;\"><span style=\"font-style: normal;\">Na<br \/>\nto rzek\u0142a Maryja: \u201eOto ja s\u0142u\u017cebnica Pa\u0144ska, niech mi si\u0119<br \/>\nstanie wed\u0142ug twego s\u0142owa\u201d. Wtedy odszed\u0142 od Niej <\/span><\/span><\/span><span style=\"font-variant: normal;\"><span style=\"letter-spacing: normal;\"><span style=\"font-style: normal;\">A<\/span><\/span><\/span><span style=\"font-variant: normal;\"><span style=\"letter-spacing: normal;\"><span style=\"font-style: normal;\">nio\u0142.<\/span><\/span><\/span><\/b><\/span><\/span><\/span><\/div>\n<div align=\"justify\" style=\"font-style: normal; font-variant: normal; font-weight: normal; letter-spacing: normal; line-height: 150%; margin-bottom: 0cm;\">\n<span style=\"font-size: x-large;\"><\/p>\n<p><\/span><\/div>\n<div align=\"justify\" style=\"background: transparent; font-style: normal; font-variant: normal; font-weight: normal; letter-spacing: normal; line-height: 150%; margin-bottom: 0cm; text-indent: 1.3cm;\">\n<span style=\"font-size: x-large;\"><span style=\"color: black;\"><span style=\"font-family: Book Antiqua, serif;\">I<br \/>\nw\u0142a\u015bnie dlatego, \u017ce \u2013 jak pisze Autor Listu do Hebrajczyk\u00f3w \u2013<br \/>\n<i><b>n<\/b><\/i><i><b>iemo\u017cliwe jest to, aby krew cielc\u00f3w i koz\u0142\u00f3w<br \/>\nusuwa\u0142a grzechy,<\/b><\/i><b> <\/b>Jezus Chrystus ofiarowa\u0142 swoj\u0105<br \/>\n<b>naj\u015bwi\u0119tsz\u0105 Krew.<\/b> A je\u017celi tak, to musia\u0142 przyj\u0105\u0107<br \/>\nludzkie cia\u0142o. I tak si\u0119 te\u017c sta\u0142o \u2013 w trakcie tego wydarzenia,<br \/>\nkt\u00f3re opisuje dzisiejsza Ewangelia. <\/span><\/span><br \/>\n<\/span><\/div>\n<div align=\"justify\" style=\"background: transparent; font-style: normal; font-variant: normal; font-weight: normal; letter-spacing: normal; line-height: 150%; margin-bottom: 0cm; text-indent: 1.3cm;\">\n<span style=\"font-size: x-large;\"><span style=\"color: black;\"><span style=\"font-family: Book Antiqua, serif;\">Wtedy<br \/>\nto <i><b>B\u00f3g pos\u0142a\u0142 anio\u0142a Gabriela do miasta w Galilei, zwanego<br \/>\nNazaret, do Dziewicy po\u015blubionej m\u0119\u017cowi, imieniem J\u00f3zef, z rodu<br \/>\nDawida; a Dziewicy by\u0142o na imi\u0119 Maryja.<\/b><\/i><b> <\/b>Przybywszy<br \/>\ndo Niej, rzek\u0142: <i><b>B\u0105d\u017a pozdrowiona, pe\u0142na \u0142aski, Pan z Tob\u0105,<br \/>\nb\u0142ogos\u0142awiona jeste\u015b mi\u0119dzy niewiastami.<\/b><\/i><b> <\/b>Po czym<br \/>\nwyja\u015bni\u0142 cel swojej wizyty, wyg\u0142aszaj\u0105c t\u0119 oto zapowied\u017a: <i><b>Oto<br \/>\npoczniesz i porodzisz Syna, kt\u00f3remu nadasz imi\u0119 Jezus. B\u0119dzie On<br \/>\nwielki i b\u0119dzie nazwany Synem Najwy\u017cszego, a Pan B\u00f3g da Mu tron<br \/>\nJego praojca, Dawida. B\u0119dzie panowa\u0142 nad domem Jakuba na wieki, a<br \/>\nJego panowaniu nie b\u0119dzie ko\u0144ca.<\/b><\/i> <\/span><\/span><br \/>\n<\/span><\/div>\n<div align=\"justify\" style=\"background: transparent; font-style: normal; font-variant: normal; font-weight: normal; letter-spacing: normal; line-height: 150%; margin-bottom: 0cm; text-indent: 1.3cm;\">\n<span style=\"color: black;\"><span style=\"font-family: Book Antiqua, serif;\"><span style=\"font-size: x-large;\">I<br \/>\nkiedy Maryja, po otrzymaniu kilku wyja\u015bnie\u0144, odpowiedzia\u0142a: <i><b>Oto<br \/>\nja s\u0142u\u017cebnica Pa\u0144ska, niech mi si\u0119 stanie wed\u0142ug twego s\u0142owa,<\/b><\/i><b><br \/>\n<\/b>wtedy w\u0142a\u015bnie Bo\u017cy Syn sta\u0142 si\u0119 cz\u0142owiekiem. Bo to w\u0142a\u015bnie<br \/>\nwtedy pocz\u0105\u0142 si\u0119 pod Jej sercem \u2013 za spraw\u0105 Ducha \u015awi\u0119tego.<br \/>\nMy dzisiaj, w liturgii, zauwa\u017cymy ten moment poprzez to, \u017ce kiedy w<br \/>\n Wyznaniu wiary wypowiada\u0107 b\u0119dziemy s\u0142owa: <b>\u201eI za spraw\u0105<br \/>\nDucha \u015awi\u0119tego przyj\u0105\u0142 cia\u0142o z Maryi Dziewicy, i sta\u0142 si\u0119<br \/>\ncz\u0142owiekiem\u201d<\/b> \u2013 na chwil\u0119 przykl\u0119kniemy. W ten spos\u00f3b<br \/>\nuwielbimy Boga, kt\u00f3ry w tak niezwyk\u0142y spos\u00f3b pos\u0142a\u0142 na \u015bwiat<br \/>\nswego Syna.<\/span><\/span><\/span><\/div>\n<div align=\"justify\" style=\"background: transparent; font-style: normal; font-variant: normal; font-weight: normal; letter-spacing: normal; line-height: 150%; margin-bottom: 0cm; text-indent: 1.3cm;\">\n<span style=\"font-size: x-large;\"><span style=\"color: black;\"><span style=\"font-family: Book Antiqua, serif;\">Sta\u0142o<br \/>\nsi\u0119 to zgodnie z t\u0105 oto zapowiedzi\u0105 Archanio\u0142a: <i><b>Duch \u015awi\u0119ty<br \/>\nzst\u0105pi na Ciebie i moc Najwy\u017cszego os\u0142oni Ci\u0119. Dlatego te\u017c<br \/>\n\u015awi\u0119te, kt\u00f3re si\u0119 narodzi, b\u0119dzie nazwane Synem Bo\u017cym.<\/b><\/i><br \/>\nNiezwyk\u0142\u0105, doprawdy, drog\u0119 wybra\u0142 Bo\u017cy Syn, by sta\u0107 si\u0119 jednym<br \/>\nz nas. I niezwyk\u0142ego Wsp\u00f3\u0142pracownika zyska\u0142 w tym dziele:<br \/>\n<b>m\u0142odziutk\u0105 Niewiast\u0119 z Nazaretu,<\/b> kt\u00f3ra zgodzi\u0142a si\u0119<br \/>\npodj\u0105\u0107 dzie\u0142a, przerastaj\u0105cego j\u0105 \u2013 od ludzkiej strony patrz\u0105c<br \/>\n\u2013 w spos\u00f3b wr\u0119cz niewyobra\u017calny! Oczywi\u015bcie, nie sama, o<br \/>\nw\u0142asnych si\u0142ach, mia\u0142a je wype\u0142ni\u0107. <\/span><\/span><br \/>\n<\/span><\/div>\n<div align=\"justify\" style=\"background: transparent; font-style: normal; font-variant: normal; font-weight: normal; letter-spacing: normal; line-height: 150%; margin-bottom: 0cm; text-indent: 1.3cm;\">\n<span style=\"font-size: x-large;\"><span style=\"color: black;\"><span style=\"font-family: Book Antiqua, serif;\">Wszak<br \/>\ns\u0142yszymy Anio\u0142a Gabriela, zapowiadaj\u0105cego zaanga\u017cowanie si\u0119 mocy<br \/>\nDucha \u015awi\u0119tego w ca\u0142e dzie\u0142o. To prawda. Ale prawd\u0105 te\u017c jest,<br \/>\n\u017ce niezwykle wa\u017cne by\u0142o tak\u017ce s\u0142owo Maryi, Jej: <i><b>niech mi<br \/>\nsi\u0119 stanie\u2026<\/b><\/i> Gdyby bowiem tego zabrak\u0142o, gdyby Maryja<br \/>\npowiedzia\u0142a, \u017ce nie da rady, \u017ce to nie dla Niej, \u017ce jest jeszcze<br \/>\nna to za m\u0142oda, albo za ma\u0142o wykszta\u0142cona, <b>niech wi\u0119c Anio\u0142<br \/>\nposzuka innej niewiasty<\/b> i do niej skieruje swoj\u0105 propozycj\u0119 \u2013<br \/>\not\u00f3\u017c, gdyby tak powiedzia\u0142a, to ca\u0142y pomys\u0142 Boga na zbawienie<br \/>\ncz\u0142owieka zosta\u0142by zablokowany. <\/span><\/span><br \/>\n<\/span><\/div>\n<div align=\"justify\" style=\"background: transparent; font-style: normal; font-variant: normal; font-weight: normal; letter-spacing: normal; line-height: 150%; margin-bottom: 0cm; text-indent: 1.3cm;\">\n<span style=\"font-size: x-large;\"><span style=\"color: black;\"><span style=\"font-family: Book Antiqua, serif;\">Domy\u015blamy<br \/>\nsi\u0119, \u017ce nie ostatecznie, bo <b>B\u00f3g znalaz\u0142by <\/b><b>jakie\u015b inne<br \/>\n<\/b><b>wyj\u015bcie<\/b> z tej patowej sytuacji, ale na pewno by\u0142oby to<br \/>\nznacz\u0105ce utrudnienie realizacji wielkiego dzie\u0142a. I chocia\u017c trudno<br \/>\ntutaj wchodzi\u0107 w tego typu rozwa\u017cania, <b>\u201eco by by\u0142o, gdyby\u2026\u201d,<\/b><br \/>\nto jednak <b>\u015awi\u0119ty Bernard, <\/b>wielki czciciel i piewca chwa\u0142y<br \/>\nMaryi, chyba poszed\u0142 po tej w\u0142a\u015bnie linii rozumowania, gdy w<br \/>\njednym ze swoich rozwa\u017ca\u0144 zwr\u00f3ci\u0142 si\u0119 do Maryi w do\u015b\u0107<br \/>\noryginalny spos\u00f3b. Pisa\u0142 tak: <\/span><\/span><br \/>\n<\/span><\/div>\n<div align=\"justify\" style=\"background: transparent; font-style: normal; font-variant: normal; font-weight: normal; letter-spacing: normal; line-height: 150%; margin-bottom: 0cm; text-indent: 1.3cm;\">\n<span style=\"font-size: x-large;\"><span style=\"color: black;\">\u201e<span style=\"font-family: Book Antiqua, serif;\">S\u0142ysza\u0142a\u015b,<br \/>\nDziewico, \u017ce poczniesz i porodzisz Syna. S\u0142ysza\u0142a\u015b, \u017ce dokona<br \/>\nsi\u0119 to nie przez cz\u0142owieka, lecz za spraw\u0105 Ducha \u015awi\u0119tego. <b>Anio\u0142<br \/>\nwyczekuje odpowiedzi. <\/b>Jest ju\u017c bowiem czas, aby powr\u00f3ci\u0142 do<br \/>\nBoga, kt\u00f3ry go pos\u0142a\u0142. <b>I my, o Pani, oczekujemy na s\u0142owo<br \/>\nzmi\u0142owania \u2013<\/b> my, kt\u00f3rych przygniata nieszcz\u0119sny wyrok<br \/>\npot\u0119pienia. Bo oto zaofiarowano Ci cen\u0119 naszego zbawienia. Je\u015bli<br \/>\nsi\u0119 zgodzisz, <b>zaraz zostaniemy uwolnieni!<\/b> <\/span><\/span><br \/>\n<\/span><\/div>\n<div align=\"justify\" style=\"background: transparent; font-style: normal; font-variant: normal; font-weight: normal; letter-spacing: normal; line-height: 150%; margin-bottom: 0cm; text-indent: 1.3cm;\">\n<span style=\"font-size: x-large;\"><span style=\"color: black;\"><span style=\"font-family: Book Antiqua, serif;\">Wszyscy<br \/>\nzostali\u015bmy stworzeni w odwiecznym S\u0142owie Bo\u017cym, a oto umieramy. Od<br \/>\nTwojej kr\u00f3tkiej odpowiedzi zale\u017cy, czy zostaniemy o\u017cywieni i na<br \/>\nnowo przywr\u00f3ceni do \u017cycia. <b>O t\u0119 odpowied\u017a b\u0142aga Ci\u0119,<br \/>\nDziewico \u0142askawa,<\/b> lito\u015bci godny Abraham i Dawid, i inni \u015bwi\u0119ci<br \/>\nojcowie, to znaczy Twoi ojcowie, bo i oni r\u00f3wnie\u017c mieszkaj\u0105 w<br \/>\nkrainie zacienionej \u015bmierci\u0105. <b>Ca\u0142y \u015bwiat<\/b> rzucony do Twoich<br \/>\nkolan wyczekuje Twojej odpowiedzi. <\/span><\/span><br \/>\n<\/span><\/div>\n<div align=\"justify\" style=\"background: transparent; font-style: normal; font-variant: normal; font-weight: normal; letter-spacing: normal; line-height: 150%; margin-bottom: 0cm; text-indent: 1.3cm;\">\n<span style=\"color: black;\"><span style=\"font-family: Book Antiqua, serif;\"><span style=\"font-size: x-large;\">I<br \/>\nnie bez s\u0142uszno\u015bci; skoro <b>na Twoich ustach zawis\u0142o<\/b><br \/>\npocieszenie nieszcz\u0119\u015bliwych, wybawienie je\u0144c\u00f3w, uwolnienie<br \/>\nskazanych i wreszcie zbawienie wszystkich syn\u00f3w Adama i ca\u0142ego<br \/>\nTwojego rodzaju. <b>Daj, o Dziewico, szybko sw\u0105 odpowied\u017a! <\/b>Jak<br \/>\nnajpr\u0119dzej odpowiedz Anio\u0142owi, a przez niego samemu Panu. Odpowiedz<br \/>\ns\u0142owem i przyjmij S\u0142owo. <b>Wyrzeknij swoje, a pocznij Bo\u017ce.<\/b><br \/>\nWypowiedz przemijaj\u0105ce, a przyjmij trwaj\u0105ce na wieki.\u201d Tyle ze<br \/>\nwspomnianego tekstu rozwa\u017cania \u2013 modlitwy \u2013 \u015awi\u0119tego Bernarda.<\/span><\/span><\/span><\/div>\n<div align=\"justify\" style=\"background: transparent; font-style: normal; font-variant: normal; font-weight: normal; letter-spacing: normal; line-height: 150%; margin-bottom: 0cm; text-indent: 1.3cm;\">\n<span style=\"font-size: x-large;\"><span style=\"color: black;\"> <span style=\"font-family: Book Antiqua, serif;\">Przyznaj\u0119,<br \/>\n\u017ce lubi\u0119 wraca\u0107 do tego tekstu, bo urzeka mnie to, jak ciekawie<br \/>\noddaje i wyra\u017ca on <b>atmosfer\u0119 swoistego napi\u0119cia,<\/b> z jakim<br \/>\n\u015bwiat i wszech\u015bwiat wstrzyma\u0142 niejako oddech, <b>oczekuj\u0105c<br \/>\nodpowiedzi Maryi<\/b> na niezwyk\u0142\u0105 propozycj\u0119 z Nieba. Mamy<br \/>\nnaturalnie \u015bwiadomo\u015b\u0107, \u017ce jest to takie ludzkie wyobra\u017cenie, ale<br \/>\njak\u017ce dobrze i trafnie oddaje <b>wag\u0119 tego niezwyk\u0142ego momentu,<\/b><br \/>\nw kt\u00f3rym rozstrzygn\u0119\u0142y si\u0119 w jaki\u015b spos\u00f3b losy \u015bwiata;<br \/>\nmomentu, w kt\u00f3rym <b>zmieni\u0142 si\u0119 bieg historii \u015bwiata. <\/b><\/span><\/span><br \/>\n<\/span><\/div>\n<div align=\"justify\" style=\"background: transparent; font-style: normal; font-variant: normal; font-weight: normal; letter-spacing: normal; line-height: 150%; margin-bottom: 0cm; text-indent: 1.3cm;\">\n<span style=\"font-size: x-large;\"><span style=\"color: black;\"><span style=\"font-family: Book Antiqua, serif;\">Spe\u0142ni\u0142a<br \/>\nsi\u0119 zapowied\u017a Proroka z pierwszego czytania: <b>Panna pocz\u0119\u0142a<br \/>\nSyna,<\/b> kt\u00f3ry swoim pojawieniem si\u0119, swoim \u017cyciem, a nade<br \/>\nwszystko \u2013 \u015amierci\u0105 i Zmartwychwstaniem mia\u0142 udowodni\u0107, jak<br \/>\nbardzo mocno i prawdziwie <b>B\u00f3g jest z nami! Emmanuel!<\/b> Jak<br \/>\nbardzo mocno Bo\u017cy Syn zidentyfikowa\u0142 si\u0119 z losem konkretnego<br \/>\ncz\u0142owieka \u2013 <b>staj\u0105c si\u0119 takim samym cz\u0142owiekiem,<\/b> jak<br \/>\nka\u017cdy z tych, do kt\u00f3rych przyszed\u0142. A uczyni\u0142 to po to, aby <b>w<br \/>\nswoim ciele<\/b> przyj\u0105\u0107 na siebie cierpienie i \u015bmier\u0107, a swoj\u0105<br \/>\n<b>Naj\u015bwi\u0119tsz\u0105 Krwi\u0105<\/b> obmy\u0107 nas z grzech\u00f3w. <\/span><\/span><br \/>\n<\/span><\/div>\n<div align=\"justify\" style=\"background: transparent; font-style: normal; font-variant: normal; font-weight: normal; letter-spacing: normal; line-height: 150%; margin-bottom: 0cm; text-indent: 1.3cm;\">\n<span style=\"font-size: x-large;\"><span style=\"color: black;\"><span style=\"font-family: Book Antiqua, serif;\">Moi<br \/>\nDrodzy, wpatrzeni w Maryj\u0119, kt\u00f3ra zechcia\u0142a sta\u0107 si\u0119<br \/>\nWsp\u00f3\u0142pracownic\u0105 Boga w dziele zbawienia \u015bwiata, pomy\u015blmy o tym,<br \/>\n\u017ce i my mo\u017cemy \u2013 je\u015bli tylko zechcemy \u2013 <b>by\u0107 takimi<br \/>\nwsp\u00f3\u0142pracownikami.<\/b> I tu nie musi chodzi\u0107 o jakie\u015b wielkie<br \/>\nsprawy, o decyzje, dotycz\u0105ce historii <b>ca\u0142ego \u015bwiata. <\/b>Nasze<br \/>\ndecyzje zawsze dotycz\u0105 biegu historii <b>naszego \u015bwiata<\/b> \u2013<br \/>\ntego, w kt\u00f3rym na co dzie\u0144 \u017cyjemy. B\u00f3g jeden tak naprawd\u0119 wie,<br \/>\nco jest wa\u017cniejsze: <b>czy ten wielki \u015bwiat, czy ten nasz \u015bwiat?\u2026<\/b><br \/>\n<\/span><\/span><br \/>\n<\/span><\/div>\n<div align=\"justify\" style=\"background: transparent; font-style: normal; font-variant: normal; font-weight: normal; letter-spacing: normal; line-height: 150%; margin-bottom: 0cm; text-indent: 1.3cm;\">\n<span style=\"font-size: x-large;\"><span style=\"color: black;\"><span style=\"font-family: Book Antiqua, serif;\">Bo<br \/>\nprzecie\u017c znamy tak wielu \u015awi\u0119tych, kt\u00f3rzy tym w\u0142a\u015bnie<br \/>\nzawojowali ca\u0142y \u015bwiat, \u017ce <b>promieniowali \u015bwi\u0119to\u015bci\u0105 w swoim<br \/>\nma\u0142ym \u015bwiecie:<\/b> w swojej rodzinie, w swoim s\u0105siedztwie, w<br \/>\nswojej wiosce, na swoim osiedlu, w swoim miejscu pracy lub nauki, w<br \/>\nswoim najbli\u017cszym \u015brodowisku\u2026 Nie w tym bowiem chyba tkwi ca\u0142a<br \/>\nistota sprawy, <b>jak wielki obszar<\/b> obejmuje misja, kt\u00f3r\u0105 zleca<br \/>\nmi B\u00f3g \u2013 ale <b>nastawienie mojego serca.<\/b> To, z jak\u0105<br \/>\n<b>intensywno\u015bci\u0105 i szczero\u015bci\u0105<\/b> odpowiadam Bogu \u2013 tak, jak<br \/>\nMaryja \u2013 <i><b>niech mi si\u0119 stanie wed\u0142ug s\u0142owa Twego.<\/b><\/i><br \/>\nNa ka\u017cde Bo\u017ce wezwanie! <\/span><\/span><br \/>\n<\/span><\/div>\n<div align=\"justify\" style=\"background: transparent; font-style: normal; font-variant: normal; font-weight: normal; letter-spacing: normal; line-height: 150%; margin-bottom: 0cm; text-indent: 1.3cm;\">\n<span style=\"font-size: x-large;\"><span style=\"color: black;\"><span style=\"font-family: Book Antiqua, serif;\">Tak,<br \/>\nmoi Drodzy, na ka\u017cde! Je\u017celi b\u0119dzie mnie sta\u0107 na to, \u017ceby <b>na<br \/>\nka\u017cd<\/b><b>e<\/b><b> zwiasto<\/b><b>wanie mi woli Bo\u017cej<\/b><br \/>\nodpowiedzie\u0107 tak, jak odpowiedzia\u0142a Maryja, to mog\u0119 si\u0119 uwa\u017ca\u0107<br \/>\nza wsp\u00f3\u0142pracownika Boga w dziele zbawiania \u015bwiata. <b>Ca\u0142ego<br \/>\n\u015bwiata! <\/b><b>Naprawd\u0119, t<\/b><b>o nie przesada!<\/b> U Boga bowiem<br \/>\ninn\u0105 miar\u0105 wszystko si\u0119 mierzy, ni\u017c na \u015bwiecie. U Boga wszystko<br \/>\n<b>mierzy si\u0119 miar\u0105 serca! <\/b><\/span><\/span><br \/>\n<\/span><\/div>\n<div align=\"justify\" style=\"background: transparent; font-style: normal; font-variant: normal; font-weight: normal; letter-spacing: normal; line-height: 150%; margin-bottom: 0cm; text-indent: 1.3cm;\">\n<span style=\"color: black;\"><span style=\"font-family: Book Antiqua, serif;\"><span style=\"font-size: x-large;\">Czy<br \/>\nzatem moje serce jest otwarte na Bo\u017ce zaproszenia? Czy jest gotowe<br \/>\nwype\u0142ni\u0107 wol\u0119 Bo\u017c\u0105 \u2013 <b>ka\u017cd\u0105 wol\u0119 Bo\u017c\u0105:<\/b> i t\u0119 \u0142atw\u0105<br \/>\ndo spe\u0142nienia i radosn\u0105; jak i t\u0119 trudn\u0105, by\u0107 mo\u017ce wyciskaj\u0105c\u0105<br \/>\n\u0142zy?\u2026 Czy jestem got\u00f3w \u2013 <b>zawsze i w ka\u017cdej okoliczno\u015bci <\/b>\u2013<br \/>\nodpowiedzie\u0107 na Bo\u017ce wezwanie s\u0142owami Maryi: <i><b>niech mi si\u0119<br \/>\nstanie wed\u0142ug s\u0142owa Twego?<\/b><\/i><\/span><\/span><\/span><\/div>\n<div align=\"justify\" style=\"background: transparent; font-style: normal; font-variant: normal; font-weight: normal; letter-spacing: normal; line-height: 150%; margin-bottom: 0cm; text-indent: 1.3cm;\">\n<span style=\"color: black;\"><span style=\"font-family: Book Antiqua, serif;\"><span style=\"font-size: x-large;\">Je\u017celi<br \/>\njeszcze nie, to znaczy, \u017ce mam nad czym pracowa\u0107 w tym Wielkim<br \/>\nPo\u015bcie\u2026<\/span><\/span><\/span><\/div>\n","protected":false},"excerpt":{"rendered":"<p>Niech b\u0119dzie pochwalony Jezus Chrystus! Moi Drodzy, o istocie i g\u0142\u00f3wnym przes\u0142aniu dzisiejszej Uroczysto\u015bci wi\u0119cej napisa\u0142em w rozwa\u017caniu. Natomiast tutaj dodam tylko, \u017ce dzisiejszy dzie\u0144 sk\u0142ania nas do modlitwy i wszelkich stara\u0107, podj\u0119tych w celu obrony \u017cycia. Ka\u017cdego \u017cycia \u2013 od pocz\u0119cia do naturalnej \u015bmierci. Niestety, widzimy, \u017ce obecnie rz\u0105dz\u0105cy \u2013 pomimo sukces\u00f3w w tak [&hellip;]<\/p>\n","protected":false},"author":1,"featured_media":0,"comment_status":"open","ping_status":"open","sticky":false,"template":"","format":"standard","meta":{"jetpack_post_was_ever_published":false,"_jetpack_newsletter_access":"","_jetpack_dont_email_post_to_subs":false,"_jetpack_newsletter_tier_id":0,"_jetpack_memberships_contains_paywalled_content":false,"_jetpack_memberships_contains_paid_content":false,"footnotes":""},"categories":[1],"tags":[],"class_list":["post-14653","post","type-post","status-publish","format-standard","hentry","category-bez-kategorii"],"yoast_head":"<!-- This site is optimized with the Yoast SEO plugin v25.1 - https:\/\/yoast.com\/wordpress\/plugins\/seo\/ -->\n<title>Wszyscy czekamy na Twoje &quot;tak&quot;, Maryjo... - Gaudium Et Spes<\/title>\n<meta name=\"robots\" content=\"index, follow, max-snippet:-1, max-image-preview:large, max-video-preview:-1\" \/>\n<link rel=\"canonical\" href=\"https:\/\/gaudiumetspes-blog.pl\/index.php\/2019\/03\/25\/wszyscy-czekamy-na-twoje-tak-maryjo\/\" \/>\n<meta property=\"og:locale\" content=\"pl_PL\" \/>\n<meta property=\"og:type\" content=\"article\" \/>\n<meta property=\"og:title\" content=\"Wszyscy czekamy na Twoje &quot;tak&quot;, Maryjo... - Gaudium Et Spes\" \/>\n<meta property=\"og:description\" content=\"Niech b\u0119dzie pochwalony Jezus Chrystus! Moi Drodzy, o istocie i g\u0142\u00f3wnym przes\u0142aniu dzisiejszej Uroczysto\u015bci wi\u0119cej napisa\u0142em w rozwa\u017caniu. Natomiast tutaj dodam tylko, \u017ce dzisiejszy dzie\u0144 sk\u0142ania nas do modlitwy i wszelkich stara\u0107, podj\u0119tych w celu obrony \u017cycia. Ka\u017cdego \u017cycia \u2013 od pocz\u0119cia do naturalnej \u015bmierci. Niestety, widzimy, \u017ce obecnie rz\u0105dz\u0105cy \u2013 pomimo sukces\u00f3w w tak [&hellip;]\" \/>\n<meta property=\"og:url\" content=\"https:\/\/gaudiumetspes-blog.pl\/index.php\/2019\/03\/25\/wszyscy-czekamy-na-twoje-tak-maryjo\/\" \/>\n<meta property=\"og:site_name\" content=\"Gaudium Et Spes\" \/>\n<meta property=\"article:published_time\" content=\"2019-03-25T05:05:00+00:00\" \/>\n<meta property=\"article:modified_time\" content=\"2019-07-31T11:01:11+00:00\" \/>\n<meta name=\"author\" content=\"Ks. Jacek\" \/>\n<meta name=\"twitter:card\" content=\"summary_large_image\" \/>\n<meta name=\"twitter:label1\" content=\"Napisane przez\" \/>\n\t<meta name=\"twitter:data1\" content=\"Ks. Jacek\" \/>\n\t<meta name=\"twitter:label2\" content=\"Szacowany czas czytania\" \/>\n\t<meta name=\"twitter:data2\" content=\"10 minut\" \/>\n<script type=\"application\/ld+json\" class=\"yoast-schema-graph\">{\"@context\":\"https:\/\/schema.org\",\"@graph\":[{\"@type\":\"WebPage\",\"@id\":\"https:\/\/gaudiumetspes-blog.pl\/index.php\/2019\/03\/25\/wszyscy-czekamy-na-twoje-tak-maryjo\/\",\"url\":\"https:\/\/gaudiumetspes-blog.pl\/index.php\/2019\/03\/25\/wszyscy-czekamy-na-twoje-tak-maryjo\/\",\"name\":\"Wszyscy czekamy na Twoje \\\"tak\\\", Maryjo... - Gaudium Et Spes\",\"isPartOf\":{\"@id\":\"https:\/\/gaudiumetspes-blog.pl\/#website\"},\"datePublished\":\"2019-03-25T05:05:00+00:00\",\"dateModified\":\"2019-07-31T11:01:11+00:00\",\"author\":{\"@id\":\"https:\/\/gaudiumetspes-blog.pl\/#\/schema\/person\/1661982992b752dea8dff0d4ed845a65\"},\"breadcrumb\":{\"@id\":\"https:\/\/gaudiumetspes-blog.pl\/index.php\/2019\/03\/25\/wszyscy-czekamy-na-twoje-tak-maryjo\/#breadcrumb\"},\"inLanguage\":\"pl-PL\",\"potentialAction\":[{\"@type\":\"ReadAction\",\"target\":[\"https:\/\/gaudiumetspes-blog.pl\/index.php\/2019\/03\/25\/wszyscy-czekamy-na-twoje-tak-maryjo\/\"]}]},{\"@type\":\"BreadcrumbList\",\"@id\":\"https:\/\/gaudiumetspes-blog.pl\/index.php\/2019\/03\/25\/wszyscy-czekamy-na-twoje-tak-maryjo\/#breadcrumb\",\"itemListElement\":[{\"@type\":\"ListItem\",\"position\":1,\"name\":\"Strona g\u0142\u00f3wna\",\"item\":\"https:\/\/gaudiumetspes-blog.pl\/\"},{\"@type\":\"ListItem\",\"position\":2,\"name\":\"Wszyscy czekamy na&nbsp;Twoje&nbsp;&#8222;tak&#8221;, Maryjo&#8230;\"}]},{\"@type\":\"WebSite\",\"@id\":\"https:\/\/gaudiumetspes-blog.pl\/#website\",\"url\":\"https:\/\/gaudiumetspes-blog.pl\/\",\"name\":\"Gaudium Et Spes\",\"description\":\"Blog Ks. Jacka Ja\u015bkowskiego\",\"potentialAction\":[{\"@type\":\"SearchAction\",\"target\":{\"@type\":\"EntryPoint\",\"urlTemplate\":\"https:\/\/gaudiumetspes-blog.pl\/?s={search_term_string}\"},\"query-input\":{\"@type\":\"PropertyValueSpecification\",\"valueRequired\":true,\"valueName\":\"search_term_string\"}}],\"inLanguage\":\"pl-PL\"},{\"@type\":\"Person\",\"@id\":\"https:\/\/gaudiumetspes-blog.pl\/#\/schema\/person\/1661982992b752dea8dff0d4ed845a65\",\"name\":\"Ks. Jacek\",\"image\":{\"@type\":\"ImageObject\",\"inLanguage\":\"pl-PL\",\"@id\":\"https:\/\/gaudiumetspes-blog.pl\/#\/schema\/person\/image\/\",\"url\":\"https:\/\/gaudiumetspes-blog.pl\/wp-content\/uploads\/2019\/07\/avatar-JJ-150x150.jpg\",\"contentUrl\":\"https:\/\/gaudiumetspes-blog.pl\/wp-content\/uploads\/2019\/07\/avatar-JJ-150x150.jpg\",\"caption\":\"Ks. Jacek\"},\"description\":\"Witam serdecznie! K\u0142ania si\u0119 Ks. Jacek Ja\u015bkowski. Nie jestem ani kim\u015b wa\u017cnym, ani kim\u015b znanym. Jestem ksi\u0119dzem, kt\u00f3ry po prostu chce rozmawia\u0107. Codzienna kap\u0142a\u0144ska pos\u0142uga pokazuje mi, \u017ce temat\u00f3w do rozm\u00f3w z ksi\u0119dzem jest coraz wi\u0119cej i dzisiaj \u017caden ksi\u0105dz nie mo\u017ce od nich ucieka\u0107, ale - wprost przeciwnie - podejmowa\u0107 nowe wyzwania. To przekonanie sk\u0142oni\u0142o mnie do pr\u00f3by otwarcia tego\u017c bloga, chocia\u017c okazji do rozm\u00f3w na co dzie\u0144 - w konfesjonale i poza nim - na szcz\u0119\u015bcie nie brakuje. My\u015bl\u0119 jednak, \u017ce ten blog b\u0119dzie jeszcze jednym sposobem i przestrzeni\u0105 nawi\u0105zania kontaktu z lud\u017ami dobrej woli, otwartymi na dialog.\",\"url\":\"https:\/\/gaudiumetspes-blog.pl\/index.php\/author\/ks-jacek\/\"}]}<\/script>\n<!-- \/ Yoast SEO plugin. -->","yoast_head_json":{"title":"Wszyscy czekamy na Twoje \"tak\", Maryjo... - Gaudium Et Spes","robots":{"index":"index","follow":"follow","max-snippet":"max-snippet:-1","max-image-preview":"max-image-preview:large","max-video-preview":"max-video-preview:-1"},"canonical":"https:\/\/gaudiumetspes-blog.pl\/index.php\/2019\/03\/25\/wszyscy-czekamy-na-twoje-tak-maryjo\/","og_locale":"pl_PL","og_type":"article","og_title":"Wszyscy czekamy na Twoje \"tak\", Maryjo... - Gaudium Et Spes","og_description":"Niech b\u0119dzie pochwalony Jezus Chrystus! Moi Drodzy, o istocie i g\u0142\u00f3wnym przes\u0142aniu dzisiejszej Uroczysto\u015bci wi\u0119cej napisa\u0142em w rozwa\u017caniu. Natomiast tutaj dodam tylko, \u017ce dzisiejszy dzie\u0144 sk\u0142ania nas do modlitwy i wszelkich stara\u0107, podj\u0119tych w celu obrony \u017cycia. Ka\u017cdego \u017cycia \u2013 od pocz\u0119cia do naturalnej \u015bmierci. Niestety, widzimy, \u017ce obecnie rz\u0105dz\u0105cy \u2013 pomimo sukces\u00f3w w tak [&hellip;]","og_url":"https:\/\/gaudiumetspes-blog.pl\/index.php\/2019\/03\/25\/wszyscy-czekamy-na-twoje-tak-maryjo\/","og_site_name":"Gaudium Et Spes","article_published_time":"2019-03-25T05:05:00+00:00","article_modified_time":"2019-07-31T11:01:11+00:00","author":"Ks. Jacek","twitter_card":"summary_large_image","twitter_misc":{"Napisane przez":"Ks. Jacek","Szacowany czas czytania":"10 minut"},"schema":{"@context":"https:\/\/schema.org","@graph":[{"@type":"WebPage","@id":"https:\/\/gaudiumetspes-blog.pl\/index.php\/2019\/03\/25\/wszyscy-czekamy-na-twoje-tak-maryjo\/","url":"https:\/\/gaudiumetspes-blog.pl\/index.php\/2019\/03\/25\/wszyscy-czekamy-na-twoje-tak-maryjo\/","name":"Wszyscy czekamy na Twoje \"tak\", Maryjo... - Gaudium Et Spes","isPartOf":{"@id":"https:\/\/gaudiumetspes-blog.pl\/#website"},"datePublished":"2019-03-25T05:05:00+00:00","dateModified":"2019-07-31T11:01:11+00:00","author":{"@id":"https:\/\/gaudiumetspes-blog.pl\/#\/schema\/person\/1661982992b752dea8dff0d4ed845a65"},"breadcrumb":{"@id":"https:\/\/gaudiumetspes-blog.pl\/index.php\/2019\/03\/25\/wszyscy-czekamy-na-twoje-tak-maryjo\/#breadcrumb"},"inLanguage":"pl-PL","potentialAction":[{"@type":"ReadAction","target":["https:\/\/gaudiumetspes-blog.pl\/index.php\/2019\/03\/25\/wszyscy-czekamy-na-twoje-tak-maryjo\/"]}]},{"@type":"BreadcrumbList","@id":"https:\/\/gaudiumetspes-blog.pl\/index.php\/2019\/03\/25\/wszyscy-czekamy-na-twoje-tak-maryjo\/#breadcrumb","itemListElement":[{"@type":"ListItem","position":1,"name":"Strona g\u0142\u00f3wna","item":"https:\/\/gaudiumetspes-blog.pl\/"},{"@type":"ListItem","position":2,"name":"Wszyscy czekamy na&nbsp;Twoje&nbsp;&#8222;tak&#8221;, Maryjo&#8230;"}]},{"@type":"WebSite","@id":"https:\/\/gaudiumetspes-blog.pl\/#website","url":"https:\/\/gaudiumetspes-blog.pl\/","name":"Gaudium Et Spes","description":"Blog Ks. Jacka Ja\u015bkowskiego","potentialAction":[{"@type":"SearchAction","target":{"@type":"EntryPoint","urlTemplate":"https:\/\/gaudiumetspes-blog.pl\/?s={search_term_string}"},"query-input":{"@type":"PropertyValueSpecification","valueRequired":true,"valueName":"search_term_string"}}],"inLanguage":"pl-PL"},{"@type":"Person","@id":"https:\/\/gaudiumetspes-blog.pl\/#\/schema\/person\/1661982992b752dea8dff0d4ed845a65","name":"Ks. Jacek","image":{"@type":"ImageObject","inLanguage":"pl-PL","@id":"https:\/\/gaudiumetspes-blog.pl\/#\/schema\/person\/image\/","url":"https:\/\/gaudiumetspes-blog.pl\/wp-content\/uploads\/2019\/07\/avatar-JJ-150x150.jpg","contentUrl":"https:\/\/gaudiumetspes-blog.pl\/wp-content\/uploads\/2019\/07\/avatar-JJ-150x150.jpg","caption":"Ks. Jacek"},"description":"Witam serdecznie! K\u0142ania si\u0119 Ks. Jacek Ja\u015bkowski. Nie jestem ani kim\u015b wa\u017cnym, ani kim\u015b znanym. Jestem ksi\u0119dzem, kt\u00f3ry po prostu chce rozmawia\u0107. Codzienna kap\u0142a\u0144ska pos\u0142uga pokazuje mi, \u017ce temat\u00f3w do rozm\u00f3w z ksi\u0119dzem jest coraz wi\u0119cej i dzisiaj \u017caden ksi\u0105dz nie mo\u017ce od nich ucieka\u0107, ale - wprost przeciwnie - podejmowa\u0107 nowe wyzwania. To przekonanie sk\u0142oni\u0142o mnie do pr\u00f3by otwarcia tego\u017c bloga, chocia\u017c okazji do rozm\u00f3w na co dzie\u0144 - w konfesjonale i poza nim - na szcz\u0119\u015bcie nie brakuje. My\u015bl\u0119 jednak, \u017ce ten blog b\u0119dzie jeszcze jednym sposobem i przestrzeni\u0105 nawi\u0105zania kontaktu z lud\u017ami dobrej woli, otwartymi na dialog.","url":"https:\/\/gaudiumetspes-blog.pl\/index.php\/author\/ks-jacek\/"}]}},"jetpack_featured_media_url":"","jetpack_sharing_enabled":true,"_links":{"self":[{"href":"https:\/\/gaudiumetspes-blog.pl\/index.php\/wp-json\/wp\/v2\/posts\/14653","targetHints":{"allow":["GET"]}}],"collection":[{"href":"https:\/\/gaudiumetspes-blog.pl\/index.php\/wp-json\/wp\/v2\/posts"}],"about":[{"href":"https:\/\/gaudiumetspes-blog.pl\/index.php\/wp-json\/wp\/v2\/types\/post"}],"author":[{"embeddable":true,"href":"https:\/\/gaudiumetspes-blog.pl\/index.php\/wp-json\/wp\/v2\/users\/1"}],"replies":[{"embeddable":true,"href":"https:\/\/gaudiumetspes-blog.pl\/index.php\/wp-json\/wp\/v2\/comments?post=14653"}],"version-history":[{"count":1,"href":"https:\/\/gaudiumetspes-blog.pl\/index.php\/wp-json\/wp\/v2\/posts\/14653\/revisions"}],"predecessor-version":[{"id":15067,"href":"https:\/\/gaudiumetspes-blog.pl\/index.php\/wp-json\/wp\/v2\/posts\/14653\/revisions\/15067"}],"wp:attachment":[{"href":"https:\/\/gaudiumetspes-blog.pl\/index.php\/wp-json\/wp\/v2\/media?parent=14653"}],"wp:term":[{"taxonomy":"category","embeddable":true,"href":"https:\/\/gaudiumetspes-blog.pl\/index.php\/wp-json\/wp\/v2\/categories?post=14653"},{"taxonomy":"post_tag","embeddable":true,"href":"https:\/\/gaudiumetspes-blog.pl\/index.php\/wp-json\/wp\/v2\/tags?post=14653"}],"curies":[{"name":"wp","href":"https:\/\/api.w.org\/{rel}","templated":true}]}}