{"id":14654,"date":"2019-03-24T05:31:00","date_gmt":"2019-03-24T04:31:00","guid":{"rendered":"https:\/\/gaudiumetspes-blog.pl\/index.php\/2019\/03\/24\/o-trudnych-drogach-bozyc\/"},"modified":"2019-07-31T13:01:11","modified_gmt":"2019-07-31T11:01:11","slug":"o-trudnych-drogach-bozyc","status":"publish","type":"post","link":"https:\/\/gaudiumetspes-blog.pl\/index.php\/2019\/03\/24\/o-trudnych-drogach-bozyc\/","title":{"rendered":"O trudnych drogach Bo\u017cych&#8230;"},"content":{"rendered":"<p><\/p>\n<div align=\"justify\" style=\"font-weight: normal; line-height: 150%; margin-bottom: 0cm;\">\n<span style=\"color: black;\"><span style=\"font-family: Book Antiqua, serif;\"><span style=\"font-size: x-large;\">Niech<br \/>\nb\u0119dzie pochwalony Jezus Chrystus! Moi Drodzy, dzisiaj w Miastkowie,<br \/>\nna Mszy \u015awi\u0119tej o godz. 12:00, dwie nowe R\u00f3\u017ce R\u00f3\u017ca\u0144ca Rodzic\u00f3w<br \/>\nza Dzieci z\u0142o\u017c\u0105 akt swego zawierzenia i tym samym oficjalnie<br \/>\nrozpoczn\u0105 dzia\u0142alno\u015b\u0107. Razem \u2013 to ju\u017c sze\u015b\u0107 R\u00f3\u017c! A<br \/>\nnast\u0119pna si\u0119 kompletuje \u2013 tym razem, jak ju\u017c wspomnia\u0142em,<br \/>\ntworz\u0105 j\u0105 Rodzice Dzieci przygotowuj\u0105cych si\u0119 do Pierwszej<br \/>\nKomunii \u015awi\u0119tej. Niech B\u00f3g b\u0119dzie uwielbiony w tym pi\u0119knym<br \/>\ndziele!<\/span><\/span><\/span><\/div>\n<div align=\"justify\" style=\"background: transparent; font-weight: normal; line-height: 150%; margin-bottom: 0cm; page-break-before: auto; text-indent: 1.3cm;\">\n<span style=\"color: black;\"><span style=\"font-family: Book Antiqua, serif;\"><span style=\"font-size: x-large;\">Tymczasem,<br \/>\n\u017cycz\u0119 Wszystkim pi\u0119knej Niedzieli! <b>Niech Was b\u0142ogos\u0142awi B\u00f3g<br \/>\nWszechmog\u0105cy: Ojciec + i Syn, i Duch \u015awi\u0119ty. Amen<\/b><\/span><\/span><\/span><\/div>\n<div align=\"center\" style=\"font-weight: normal; line-height: 150%; margin-bottom: 0cm;\">\n<span style=\"color: black;\"><span style=\"font-family: Book Antiqua, serif;\"><span style=\"font-size: x-large;\">Gaudium<br \/>\net spes!  Ks. Jacek<\/span><\/span><\/span><\/div>\n<div align=\"justify\" style=\"line-height: 150%; margin-bottom: 0cm;\">\n<span style=\"font-size: x-large;\"><\/p>\n<p><\/span><\/div>\n<div align=\"justify\" style=\"line-height: 150%; margin-bottom: 0cm;\">\n<span style=\"color: black;\"><span style=\"font-family: Book Antiqua, serif;\"><span style=\"font-size: x-large;\"><b>3<br \/>\nNiedziela Wielkiego Postu, C,<\/b><\/span><\/span><\/span><\/div>\n<div align=\"justify\" style=\"line-height: 150%; margin-bottom: 0cm;\">\n<span style=\"color: black;\"><span style=\"font-family: Book Antiqua, serif;\"><span style=\"font-size: x-large;\"><b>do<br \/>\nczyta\u0144:   Wj 3,1\u20138a.13\u201315;  1 Kor 10,1\u20136.10\u201312;  \u0141k 13,1\u20139<\/b><\/span><\/span><\/span><\/div>\n<div align=\"justify\" style=\"line-height: 150%; margin-bottom: 0cm;\">\n<span style=\"font-size: x-large;\"><\/p>\n<p><\/span><\/div>\n<div align=\"justify\" style=\"font-style: normal; font-variant: normal; letter-spacing: normal; line-height: 150%; margin-bottom: 0cm; page-break-before: auto;\">\n<span style=\"font-size: x-large;\"><span style=\"color: black;\"><span style=\"font-family: Book Antiqua, serif;\"><b>CZYTANIE<br \/>\nZ KSI\u0118GI WYJ\u015aCIA: <\/b><\/span><\/span><br \/>\n<\/span><\/div>\n<div align=\"justify\" style=\"font-style: normal; font-variant: normal; letter-spacing: normal; line-height: 150%; margin-bottom: 0cm; page-break-before: auto; text-indent: 1.3cm;\">\n<span style=\"font-size: x-large;\"><span style=\"color: black;\"><span style=\"font-family: Book Antiqua, serif;\"><b>Moj\u017cesz<br \/>\npas\u0142 owce te\u015bcia swego Jetry, kap\u0142ana Madianit\u00f3w; zawi\u00f3d\u0142<br \/>\npewnego razu owce w g\u0142\u0105b pustyni i przyszed\u0142 do g\u00f3ry Bo\u017cej<br \/>\nHoreb. Wtedy ukaza\u0142 mu si\u0119 anio\u0142 Pana w p\u0142omieniu ognia w \u015brodku<br \/>\nkrzewu. Moj\u017cesz widzia\u0142, jak krzew p\u0142on\u0105\u0142 ogniem, a nie sp\u0142on\u0105\u0142<br \/>\nod niego. <\/b><\/span><\/span><br \/>\n<\/span><\/div>\n<div align=\"justify\" style=\"font-style: normal; font-variant: normal; letter-spacing: normal; line-height: 150%; margin-bottom: 0cm; text-indent: 1.3cm;\">\n<span style=\"font-size: x-large;\"><span style=\"color: black;\"><span style=\"font-family: Book Antiqua, serif;\"><b>Rzek\u0142<br \/>\nwtedy Moj\u017cesz: \u201eZbli\u017c\u0119 si\u0119, aby ujrze\u0107 lepiej to niezwyk\u0142e<br \/>\nzjawisko, dlaczego krzew si\u0119 nie spala\u201d. Gdy za\u015b Pan ujrza\u0142, \u017ce<br \/>\nMoj\u017cesz si\u0119 zbli\u017ca\u0142, aby lepiej m\u00f3g\u0142 ujrze\u0107, zawo\u0142a\u0142 do\u0144<br \/>\nB\u00f3g: \u201eMoj\u017ceszu, Moj\u017ceszu!\u201d <\/b><\/span><\/span><br \/>\n<\/span><\/div>\n<div align=\"justify\" style=\"font-style: normal; font-variant: normal; letter-spacing: normal; line-height: 150%; margin-bottom: 0cm; text-indent: 1.3cm;\">\n<span style=\"font-size: x-large;\"><span style=\"color: black;\"><span style=\"font-family: Book Antiqua, serif;\"><b>On<br \/>\nza\u015b odpowiedzia\u0142: \u201eOto jestem\u201d. <\/b><\/span><\/span><br \/>\n<\/span><\/div>\n<div align=\"justify\" style=\"font-style: normal; font-variant: normal; letter-spacing: normal; line-height: 150%; margin-bottom: 0cm; text-indent: 1.3cm;\">\n<span style=\"color: black;\"><span style=\"font-family: Book Antiqua, serif;\"><span style=\"font-size: x-large;\"><b>Rzek\u0142<br \/>\nmu: \u201eNie zbli\u017caj si\u0119 tu. Zdejm sanda\u0142y z n\u00f3g, gdy\u017c miejsce, na<br \/>\nkt\u00f3rym stoisz, jest ziemi\u0105 \u015bwi\u0119t\u0105\u201d. Powiedzia\u0142 jeszcze Pan:<br \/>\n\u201eJestem Bogiem ojca twego, Bogiem Abrahama, Bogiem Izaaka i Bogiem<br \/>\nJakuba\u201d.<\/b><\/span><\/span><\/span><\/div>\n<div align=\"justify\" style=\"font-style: normal; font-variant: normal; letter-spacing: normal; line-height: 150%; margin-bottom: 0cm; text-indent: 1.3cm;\">\n<span style=\"font-size: x-large;\"><span style=\"color: black;\"><span style=\"font-family: Book Antiqua, serif;\"><b>Moj\u017cesz<br \/>\nzas\u0142oni\u0142 twarz, ba\u0142 si\u0119 bowiem ujrze\u0107 Boga. <\/b><\/span><\/span><br \/>\n<\/span><\/div>\n<div align=\"justify\" style=\"font-style: normal; font-variant: normal; letter-spacing: normal; line-height: 150%; margin-bottom: 0cm; text-indent: 1.3cm;\">\n<span style=\"color: black;\"><span style=\"font-family: Book Antiqua, serif;\"><span style=\"font-size: x-large;\"><b>Pan<br \/>\nm\u00f3wi\u0142: \u201eDosy\u0107 napatrzy\u0142em si\u0119 na udr\u0119k\u0119 ludu mego w Egipcie<br \/>\ni nas\u0142ucha\u0142em si\u0119 narzeka\u0144 jego na ciemi\u0119zc\u00f3w, znam tedy dobrze<br \/>\njego uciemi\u0119\u017cenie. Zst\u0105pi\u0142em, aby go wyrwa\u0107 z jarzma egipskiego<br \/>\ni wyprowadzi\u0107 z tej ziemi do ziemi \u017cyznej i przestronnej, do ziemi,<br \/>\nkt\u00f3ra op\u0142ywa w mleko i mi\u00f3d\u201d.<\/b><\/span><\/span><\/span><\/div>\n<div align=\"justify\" style=\"font-style: normal; font-variant: normal; letter-spacing: normal; line-height: 150%; margin-bottom: 0cm; text-indent: 1.3cm;\">\n<span style=\"font-size: x-large;\"><span style=\"color: black;\"><span style=\"font-family: Book Antiqua, serif;\"><b>Moj\u017cesz<br \/>\nza\u015b rzek\u0142 Bogu: \u201eOto p\u00f3jd\u0119 do syn\u00f3w Izraela i powiem im: B\u00f3g<br \/>\nojc\u00f3w naszych pos\u0142a\u0142 mnie do was. Lecz gdy oni mnie zapytaj\u0105,<br \/>\njakie jest Jego imi\u0119, to c\u00f3\u017c im mam powiedzie\u0107?\u201d Odpowiedzia\u0142<br \/>\nB\u00f3g Moj\u017ceszowi: \u201eJa jestem, kt\u00f3ry jestem\u201d. I doda\u0142: \u201eTak<br \/>\npowiesz synom Izraela: Ja jestem pos\u0142a\u0142 mnie do was\u201d. <\/b><\/span><\/span><br \/>\n<\/span><\/div>\n<div align=\"justify\" style=\"font-style: normal; font-variant: normal; letter-spacing: normal; line-height: 150%; margin-bottom: 0cm; text-indent: 1.3cm;\">\n<span style=\"color: black;\"><span style=\"font-family: Book Antiqua, serif;\"><span style=\"font-size: x-large;\"><b>M\u00f3wi\u0142<br \/>\ndalej B\u00f3g do Moj\u017cesza: \u201eTak powiesz synom Izraela: Pan, B\u00f3g<br \/>\nojc\u00f3w waszych, B\u00f3g Abrahama, B\u00f3g Izaaka i B\u00f3g Jakuba przys\u0142a\u0142<br \/>\nmnie do was. To jest imi\u0119 moje na wieki i to jest moje zawo\u0142anie na<br \/>\nnajdalsze pokolenia\u201d.<\/b><\/span><\/span><\/span><\/div>\n<div align=\"justify\" style=\"line-height: 150%; margin-bottom: 0cm;\">\n<span style=\"font-size: x-large;\"><\/p>\n<p><\/span><\/div>\n<div align=\"justify\" style=\"line-height: 150%; margin-bottom: 0cm;\">\n<span style=\"font-size: x-large;\"><span style=\"color: black;\"><span style=\"font-family: Book Antiqua, serif;\"><b><span style=\"font-variant: normal;\"><span style=\"letter-spacing: normal;\"><span style=\"font-style: normal;\">CZYTANIE<br \/>\nZ PIERWSZEGO LISTU \u015aW<\/span><\/span><\/span><span style=\"font-variant: normal;\"><span style=\"letter-spacing: normal;\"><span style=\"font-style: normal;\">I\u0118TEGO<\/span><\/span><\/span><span style=\"font-variant: normal;\"><span style=\"letter-spacing: normal;\"><span style=\"font-style: normal;\"><br \/>\nPAW\u0141A APOSTO\u0141A DO KORYNTIAN: <\/span><\/span><\/span><\/b><\/span><\/span><br \/>\n<\/span><\/div>\n<div align=\"justify\" style=\"font-style: normal; font-variant: normal; letter-spacing: normal; line-height: 150%; margin-bottom: 0cm; page-break-before: auto; text-indent: 1.3cm;\">\n<span style=\"font-size: x-large;\"><span style=\"color: black;\"><span style=\"font-family: Book Antiqua, serif;\"><b>Nie<br \/>\nchcia\u0142bym, bracia, \u017ceby\u015bcie nie wiedzieli, \u017ce nasi ojcowie<br \/>\nwszyscy co prawda zostawali pod ob\u0142okiem, wszyscy przeszli przez<br \/>\nmorze i wszyscy byli ochrzczeni w imi\u0119 Moj\u017cesza, w ob\u0142oku i w<br \/>\nmorzu; wszyscy te\u017c spo\u017cywali ten sam pokarm duchowy i pili ten sam<br \/>\nduchowy nap\u00f3j. Pili za\u015b z towarzysz\u0105cej im duchowej ska\u0142y, a<br \/>\nska\u0142\u0105 by\u0142 Chrystus. Lecz w wi\u0119kszo\u015bci z nich nie upodoba\u0142 sobie<br \/>\nB\u00f3g; polegli bowiem na pustyni. <\/b><\/span><\/span><br \/>\n<\/span><\/div>\n<div align=\"justify\" style=\"font-style: normal; font-variant: normal; letter-spacing: normal; line-height: 150%; margin-bottom: 0cm; text-indent: 1.3cm;\">\n<span style=\"font-size: x-large;\"><span style=\"color: black;\"><span style=\"font-family: Book Antiqua, serif;\"><b>Sta\u0142o<br \/>\nsi\u0119 za\u015b to wszystko, by mog\u0142o pos\u0142u\u017cy\u0107 za przyk\u0142ad dla nas,<br \/>\ni\u017cby\u015bmy nie byli sk\u0142onni do z\u0142ego, jak oni z\u0142a pragn\u0119li. Nie<br \/>\nszemrajcie, jak niekt\u00f3rzy z nich szemrali i zostali wytraceni przez<br \/>\ndokonuj\u0105cego zag\u0142ady. <\/b><\/span><\/span><br \/>\n<\/span><\/div>\n<div align=\"justify\" style=\"line-height: 150%; margin-bottom: 0cm; text-indent: 1.3cm;\">\n<span style=\"font-size: x-large;\"><span style=\"color: black;\"><span style=\"font-family: Book Antiqua, serif;\"><b><span style=\"font-variant: normal;\"><span style=\"letter-spacing: normal;\"><span style=\"font-style: normal;\">A<br \/>\nwszystko to przydarzy\u0142o si\u0119 im jako zapowied\u017a rzeczy przysz\u0142ych,<br \/>\nspisane za\u015b zosta\u0142o ku pouczeniu nas, kt\u00f3rych dosi\u0119ga kres<br \/>\nczas\u00f3w. Niech przeto ten, komu si\u0119 zdaje, \u017ce stoi, baczy, aby nie<br \/>\nupad\u0142.<\/span><\/span><\/span> <\/b><\/span><\/span><br \/>\n<\/span><\/div>\n<div align=\"justify\" style=\"line-height: 150%; margin-bottom: 0cm;\">\n<span style=\"font-size: x-large;\"><\/p>\n<p><\/span><\/div>\n<div align=\"justify\" style=\"line-height: 150%; margin-bottom: 0cm;\">\n<span style=\"font-size: x-large;\"><span style=\"color: black;\"><span style=\"font-family: Book Antiqua, serif;\"><b><span style=\"font-variant: normal;\"><span style=\"letter-spacing: normal;\"><span style=\"font-style: normal;\">S\u0141OWA<br \/>\nEWANGELII WED\u0141UG \u015aW<\/span><\/span><\/span><span style=\"font-variant: normal;\"><span style=\"letter-spacing: normal;\"><span style=\"font-style: normal;\">I\u0118TEGO<\/span><\/span><\/span><span style=\"font-variant: normal;\"><span style=\"letter-spacing: normal;\"><span style=\"font-style: normal;\"><br \/>\n\u0141UKASZA: <\/span><\/span><\/span><\/b><\/span><\/span><br \/>\n<\/span><\/div>\n<div align=\"justify\" style=\"font-style: normal; font-variant: normal; letter-spacing: normal; line-height: 150%; margin-bottom: 0cm; page-break-before: auto; text-indent: 1.3cm;\">\n<span style=\"font-size: x-large;\"><span style=\"color: black;\"><span style=\"font-family: Book Antiqua, serif;\"><b>W<br \/>\ntym czasie przyszli niekt\u00f3rzy i donie\u015bli Jezusowi o Galilejczykach,<br \/>\nkt\u00f3rych krew Pi\u0142at zmiesza\u0142 z krwi\u0105 ich ofiar. <\/b><\/span><\/span><br \/>\n<\/span><\/div>\n<div align=\"justify\" style=\"font-style: normal; font-variant: normal; letter-spacing: normal; line-height: 150%; margin-bottom: 0cm; text-indent: 1.3cm;\">\n<span style=\"color: black;\"><span style=\"font-family: Book Antiqua, serif;\"><span style=\"font-size: x-large;\"><b>Jezus<br \/>\nim odpowiedzia\u0142: \u201eCzy\u017c my\u015blicie, \u017ce ci Galilejczycy byli<br \/>\nwi\u0119kszymi grzesznikami ni\u017c inni mieszka\u0144cy Galilei, \u017ce to<br \/>\nucierpieli? Bynajmniej, powiadam wam; lecz je\u015bli si\u0119 nie<br \/>\nnawr\u00f3cicie, wszyscy podobnie zginiecie. Albo my\u015blicie, \u017ce owych<br \/>\nosiemnastu, na kt\u00f3rych zwali\u0142a si\u0119 wie\u017ca w Siloe i zabi\u0142a ich,<br \/>\nby\u0142o wi\u0119kszymi grzesznikami ni\u017c inni mieszka\u0144cy Jerozolimy?<br \/>\nBynajmniej, powiadam wam; lecz je\u015bli si\u0119 nie nawr\u00f3cicie, wszyscy<br \/>\ntak samo zginiecie\u201d.<\/b><\/span><\/span><\/span><\/div>\n<div align=\"justify\" style=\"font-style: normal; font-variant: normal; letter-spacing: normal; line-height: 150%; margin-bottom: 0cm; text-indent: 1.3cm;\">\n<span style=\"color: black;\"><span style=\"font-family: Book Antiqua, serif;\"><span style=\"font-size: x-large;\"><b>I<br \/>\nopowiedzia\u0142 im nast\u0119puj\u0105c\u0105 przypowie\u015b\u0107: \u201ePewien cz\u0142owiek<br \/>\nmia\u0142 drzewo figowe zasadzone w swojej winnicy; przyszed\u0142 i szuka\u0142<br \/>\nna nim owoc\u00f3w, ale nie znalaz\u0142. Rzek\u0142 wi\u0119c do ogrodnika: \u00abOto<br \/>\nju\u017c trzy lata, odk\u0105d przychodz\u0119 i szukam owocu na tym drzewie<br \/>\nfigowym, a nie znajduj\u0119. Wytnij je: po co jeszcze ziemi\u0119<br \/>\nwyja\u0142awia?\u00bb Lecz on mu odpowiedzia\u0142: \u00abPanie, jeszcze na ten rok<br \/>\nje pozostaw; ja okopi\u0119 je i ob\u0142o\u017c\u0119 nawozem; mo\u017ce wyda owoc. A<br \/>\nje\u015bli nie, w przysz\u0142o\u015bci mo\u017cesz je wyci\u0105\u0107\u00bb\u201d.<\/b><\/span><\/span><\/span><\/div>\n<div align=\"justify\" style=\"font-style: normal; font-variant: normal; font-weight: normal; letter-spacing: normal; line-height: 150%; margin-bottom: 0cm;\">\n<span style=\"font-size: x-large;\"><\/p>\n<p><\/span><\/div>\n<div align=\"justify\" style=\"background: transparent; font-style: normal; font-variant: normal; font-weight: normal; letter-spacing: normal; line-height: 150%; margin-bottom: 0cm; page-break-before: auto; text-indent: 1.3cm;\">\n<span style=\"font-size: x-large;\"><span style=\"color: black;\"><span style=\"font-family: Book Antiqua, serif;\">D\u0142ugo<br \/>\nnar\u00f3d wybrany <b>\u201ezabawi\u0142\u201d w Egipcie \u2013 <\/b><b>oj,<\/b><b><br \/>\n<\/b><b>d<\/b><b>\u0142ugo!<\/b> Ponad czterysta lat. Na pocz\u0105tku, kiedy<br \/>\nsprzedany przez swych braci <b>J\u00f3zef sta\u0142 si\u0119 wielkorz\u0105dc\u0105<br \/>\nEgiptu<\/b> i sprowadzi\u0142 tam ca\u0142\u0105 sw\u0105 rodzin\u0119, osadzaj\u0105c ich w<br \/>\n\u017cyznej ziemi Goszen, wiod\u0142o im si\u0119 wspaniale. Z czasem jednak \u2013<br \/>\npo \u015bmierci J\u00f3zefa i \u017cyczliwego im faraona \u2013 zacz\u0119to ich<br \/>\ntraktowa\u0107 <b>jak niewolnik\u00f3w, <\/b>zmuszaj\u0105c do morderczej pracy na<br \/>\nrzecz Egiptu. <\/span><\/span><br \/>\n<\/span><\/div>\n<div align=\"justify\" style=\"background: transparent; font-style: normal; font-variant: normal; font-weight: normal; letter-spacing: normal; line-height: 150%; margin-bottom: 0cm; text-indent: 1.3cm;\">\n<span style=\"font-size: x-large;\"><span style=\"color: black;\"><span style=\"font-family: Book Antiqua, serif;\">I<br \/>\noto dzisiaj s\u0142yszymy samego Boga, kt\u00f3ry z p\u0142on\u0105cego, ale nie<br \/>\nspalaj\u0105cego si\u0119 krzewu, przemawia do wybranego przez siebie<br \/>\ncz\u0142owieka, przedstawiaj\u0105c si\u0119 najpierw: <i><b>Jestem Bogiem ojca<br \/>\ntwego, Bogiem Abrahama, Bogiem Izaaka i Bogiem Jakuba; <\/b><\/i>po<br \/>\nczym przechodzi do rzeczy: <i><b>Dosy\u0107 napatrzy\u0142em si\u0119 na udr\u0119k\u0119<br \/>\nludu mego w Egipcie i nas\u0142ucha\u0142em si\u0119 narzeka\u0144 jego na<br \/>\nciemi\u0119zc\u00f3w, znam tedy dobrze jego uciemi\u0119\u017cenie. Zst\u0105pi\u0142em, aby<br \/>\ngo wyrwa\u0107 z jarzma egipskiego i wyprowadzi\u0107 z tej ziemi do ziemi<br \/>\n\u017cyznej i przestronnej, do ziemi, kt\u00f3ra op\u0142ywa w mleko i mi\u00f3d.<\/b><\/i><br \/>\n<\/span><\/span><br \/>\n<\/span><\/div>\n<div align=\"justify\" style=\"background: transparent; font-style: normal; font-variant: normal; font-weight: normal; letter-spacing: normal; line-height: 150%; margin-bottom: 0cm; text-indent: 1.3cm;\">\n<span style=\"font-size: x-large;\"><span style=\"color: black;\"><span style=\"font-family: Book Antiqua, serif;\">Co<br \/>\nwa\u017cne, sami Izraelici mieli \u015bwiadomo\u015b\u0107, \u017ce ich ci\u0119\u017ckie<br \/>\npo\u0142o\u017cenie by\u0142o <b>wynikiem licznych nieprawo\u015bci i grzech\u00f3w,<br \/>\n<\/b>kt\u00f3rymi nieustannie obra\u017cali Boga. W tym jednak momencie B\u00f3g<br \/>\npostanowi\u0142 zako\u0144czy\u0107 ten czas kary i wyzwoli\u0107 sw\u00f3j nar\u00f3d. Do<br \/>\ntego zadania <b>powo\u0142a\u0142 Moj\u017cesza.<\/b> Nar\u00f3d wybrany oczekiwa\u0142 na<br \/>\nwyzwoliciela, znaj\u0105c zapowiedzi odno\u015bnie do jego pojawienia si\u0119,<br \/>\nale zupe\u0142nie <b>nie wiedz\u0105c, kto nim b\u0119dzie.<\/b> Moj\u017cesz te\u017c<br \/>\ntego nie m\u00f3g\u0142 wiedzie\u0107 \u2013 tym bardziej zatem nie spodziewa\u0142 si\u0119,<br \/>\n\u017ce b\u0119dzie nim on sam! <\/span><\/span><br \/>\n<\/span><\/div>\n<div align=\"justify\" style=\"background: transparent; font-style: normal; font-variant: normal; font-weight: normal; letter-spacing: normal; line-height: 150%; margin-bottom: 0cm; text-indent: 1.3cm;\">\n<span style=\"font-size: x-large;\"><span style=\"color: black;\"><span style=\"font-family: Book Antiqua, serif;\">A<br \/>\ntu tymczasem \u2013 taka niespodzianka! Takie <b>wyj\u0105tkowe wezwanie!<\/b><br \/>\nWezwanie, kt\u00f3re mia\u0142o doprowadzi\u0107 do ca\u0142kowitej odmiany losu<br \/>\nIzraelit\u00f3w. Najpierw jednak mia\u0142o ca\u0142kowicie odmieni\u0107 \u2013 \u017ceby<br \/>\ntylko odmieni\u0107: mia\u0142o wr\u0119cz <b>wywr\u00f3ci\u0107! \u2013 \u017cycie Moj\u017cesza.<\/b><br \/>\n<\/span><\/span><br \/>\n<\/span><\/div>\n<div align=\"justify\" style=\"background: transparent; font-style: normal; font-variant: normal; font-weight: normal; letter-spacing: normal; line-height: 150%; margin-bottom: 0cm; text-indent: 1.3cm;\">\n<span style=\"font-size: x-large;\"><span style=\"color: black;\"><span style=\"font-family: Book Antiqua, serif;\">Tak<br \/>\nmu przecie\u017c dobrze by\u0142o <b>w\u015br\u00f3d Madianit\u00f3w<\/b> \u2013<br \/>\nkoczowniczego ludu na pustyni. To w\u0142a\u015bnie do nich trafi\u0142,<br \/>\nuciekaj\u0105c z Egiptu przed gniewem faraona; to w\u0142a\u015bnie w\u015br\u00f3d nich<br \/>\nznalaz\u0142 <b>swoj\u0105 \u017con\u0119 Sefor\u0119 &#8211;  <\/b>i to w\u0142a\u015bnie z ni\u0105 mia\u0142<br \/>\ndw\u00f3ch syn\u00f3w\u2026  \u017bycie rodzinne up\u0142ywa\u0142o mu jak sielanka. A\u017c do<br \/>\ntego dnia i do tego wydarzenia, o kt\u00f3rym s\u0142yszymy dzi\u015b, w<br \/>\npierwszym czytaniu. <\/span><\/span><br \/>\n<\/span><\/div>\n<div align=\"justify\" style=\"background: transparent; font-style: normal; font-variant: normal; font-weight: normal; letter-spacing: normal; line-height: 150%; margin-bottom: 0cm; text-indent: 1.3cm;\">\n<span style=\"font-size: x-large;\"><span style=\"color: black;\"><span style=\"font-family: Book Antiqua, serif;\">Wtedy<br \/>\nto bowiem okaza\u0142o si\u0119, \u017ce <b>b\u0119dzie musia\u0142 wr\u00f3ci\u0107 do Egiptu,<\/b><br \/>\nz kt\u00f3rego uciek\u0142 \u2013 i stan\u0105\u0107 przed obliczem samego faraona, aby<br \/>\nten uwolni\u0142 nar\u00f3d wybrany z wielowiekowej niewoli. <\/span><\/span><br \/>\n<\/span><\/div>\n<div align=\"justify\" style=\"background: transparent; font-style: normal; font-variant: normal; font-weight: normal; letter-spacing: normal; line-height: 150%; margin-bottom: 0cm; text-indent: 1.3cm;\">\n<span style=\"font-size: x-large;\"><span style=\"color: black;\"><span style=\"font-family: Book Antiqua, serif;\">Zobaczmy,<br \/>\nB\u00f3g <b>postanawia zainterweniowa\u0107,<\/b> widz\u0105c straszne cierpienie<br \/>\ni uciemi\u0119\u017cenie swego ludu. To prawda, wiele pokole\u0144 tego nie<br \/>\ndoczeka\u0142o, wszystkie jednak<b> \u017cy\u0142y wielk\u0105 nadziej\u0105. <\/b>I oto<br \/>\nteraz ta nadzieja mia\u0142a si\u0119 spe\u0142ni\u0107. I spe\u0142ni\u0142a si\u0119. Ale wtedy<br \/>\nco si\u0119 okaza\u0142o? <\/span><\/span><br \/>\n<\/span><\/div>\n<div align=\"justify\" style=\"background: transparent; font-style: normal; font-variant: normal; font-weight: normal; letter-spacing: normal; line-height: 150%; margin-bottom: 0cm; text-indent: 1.3cm;\">\n<span style=\"font-size: x-large;\"><span style=\"color: black;\"><span style=\"font-family: Book Antiqua, serif;\">M\u00f3wi<br \/>\nnam o tym \u015awi\u0119ty Pawe\u0142 w drugim czytaniu, w formie przestrogi,<br \/>\nskierowanej do wiernych Koryntu. Pisze do nich: <i><b>Nie chcia\u0142bym,<br \/>\nbracia, \u017ceby\u015bcie nie wiedzieli, \u017ce nasi ojcowie wszyscy co prawda<br \/>\nzostawali pod ob\u0142okiem, wszyscy przeszli przez morze<\/b><\/i><b> <\/b><b>[\u2026].<\/b><b><br \/>\n<\/b><i><b>Lecz w wi\u0119kszo\u015bci z nich nie upodoba\u0142 sobie B\u00f3g;<br \/>\npolegli bowiem na pustyni. Sta\u0142o si\u0119 za\u015b to wszystko, by mog\u0142o<br \/>\npos\u0142u\u017cy\u0107 za przyk\u0142ad dla nas, i\u017cby\u015bmy nie byli sk\u0142onni do<br \/>\nz\u0142ego, jak oni z\u0142a pragn\u0119li.<\/b><\/i><i> <\/i><\/span><\/span><br \/>\n<\/span><\/div>\n<div align=\"justify\" style=\"background: transparent; font-style: normal; font-variant: normal; font-weight: normal; letter-spacing: normal; line-height: 150%; margin-bottom: 0cm; text-indent: 1.3cm;\">\n<span style=\"font-size: x-large;\"><span style=\"color: black;\"><span style=\"font-family: Book Antiqua, serif;\">A<br \/>\nzatem, wyzwoleni z ziemi egipskiej, z domu niewoli, nie docenili<br \/>\nogromnego dobra, jakiego do\u015bwiadczyli, lecz <b>powr\u00f3cili do swoich<br \/>\ngrzech\u00f3w.<\/b> Dlatego w\u0142a\u015bnie w\u0119dr\u00f3wka, zaplanowana na<br \/>\nczterdzie\u015bci dni, sta\u0142a si\u0119 tu\u0142aczk\u0105, trwaj\u0105c\u0105 <b>czterdzie\u015bci<br \/>\nlat, <\/b>aby mog\u0142o pojawi\u0107 si\u0119 <b>nowe pokolenie,<\/b> inaczej<br \/>\nmy\u015bl\u0105ce i nie ska\u017cone mentalno\u015bci\u0105 niewolnika. To bardzo mocny<br \/>\nprzekaz, moi Drodzy, dlatego musimy go sobie wzi\u0105\u0107 do serca. <\/span><\/span><br \/>\n<\/span><\/div>\n<div align=\"justify\" style=\"background: transparent; font-style: normal; font-variant: normal; font-weight: normal; letter-spacing: normal; line-height: 150%; margin-bottom: 0cm; text-indent: 1.3cm;\">\n<span style=\"font-size: x-large;\"><span style=\"color: black;\"><span style=\"font-family: Book Antiqua, serif;\">Pawe\u0142<br \/>\nAposto\u0142 streszcza go dzisiaj w zdaniu: <i><b>Niech przeto ten, komu<br \/>\nsi\u0119 zdaje, \u017ce stoi, baczy, aby nie upad\u0142.<\/b><\/i> A Jezus, w<br \/>\nkontek\u015bcie tego, co spotka\u0142o grup\u0119 Galilejczyk\u00f3w, zabitych przez<br \/>\nPi\u0142ata, lub owych osiemnastu, kt\u00f3rzy zgin\u0119li pod wal\u0105c\u0105 si\u0119<br \/>\nwie\u017c\u0105 w Siloe, przestrzega: <i><b>Je\u015bli si\u0119 nie nawr\u00f3cicie,<br \/>\nwszyscy tak samo zginiecie!<\/b><\/i><i> <\/i>Oczywi\u015bcie, to nie<br \/>\nznaczy, \u017ce los tych, do kt\u00f3rych si\u0119 zwraca, jest ju\u017c przes\u0105dzony,<br \/>\n\u017ce nie maj\u0105 szansy nawr\u00f3cenia. Oczywi\u015bcie, \u017ce maj\u0105! <\/span><\/span><br \/>\n<\/span><\/div>\n<div align=\"justify\" style=\"background: transparent; font-style: normal; font-variant: normal; font-weight: normal; letter-spacing: normal; line-height: 150%; margin-bottom: 0cm; text-indent: 1.3cm;\">\n<span style=\"color: black;\"><span style=\"font-family: Book Antiqua, serif;\"><span style=\"font-size: x-large;\">Doskonale<br \/>\nwyrazi\u0142 to Jezus w przypowie\u015bci o ogrodniku, prosz\u0105cym <b>o<br \/>\njeszcze jedn\u0105 szans\u0119<\/b> dla ja\u0142owego drzewa, na kt\u00f3rym od trzech<br \/>\nlat nie by\u0142o owoc\u00f3w. Sw\u0105 pro\u015bb\u0119 do w\u0142a\u015bciciela ogrodu cz\u0142owiek<br \/>\nten tak wyrazi\u0142: <i><b>Panie, jeszcze na ten rok je pozostaw; ja<br \/>\nokopi\u0119 je i ob\u0142o\u017c\u0119 nawozem; mo\u017ce wyda owoc.<\/b><\/i> Jednak i on<br \/>\nmusia\u0142 wzi\u0105\u0107 pod uwag\u0119 ten niekorzystny wariant, i\u017c ca\u0142a sprawa<br \/>\nsko\u0144czy si\u0119 niepowodzeniem. Dlatego stwierdzenie: <i><b>mo\u017ce wyda<br \/>\nowoc<\/b><\/i> \u2013 doko\u0144czy\u0142 s\u0142owami: <i><b>A je\u015bli nie, w<br \/>\nprzysz\u0142o\u015bci mo\u017cesz je wyci\u0105\u0107. <\/b><\/i>Czyli, plan ratunkowy mo\u017ce<br \/>\nnie przynie\u015b\u0107 oczekiwanego skutku\u2026<\/span><\/span><\/span><\/div>\n<div align=\"justify\" style=\"background: transparent; font-style: normal; font-variant: normal; font-weight: normal; letter-spacing: normal; line-height: 150%; margin-bottom: 0cm; text-indent: 1.3cm;\">\n<span style=\"font-size: x-large;\"><span style=\"color: black;\"><span style=\"font-family: Book Antiqua, serif;\">Moi<br \/>\nDrodzy, z ca\u0142ego tego pouczenia, jakie Pan do nas kieruje, musimy<br \/>\nwyci\u0105gn\u0105\u0107 <b>bardzo konkretne wnioski.<\/b> Przede wszystkim,<br \/>\nmusimy ci\u0105gle pami\u0119ta\u0107, \u017ce nie ma takiego trudu, takiego krzy\u017ca,<br \/>\ntakiego do\u015bwiadczenia lub cierpienia, kt\u00f3rego \u2013 je\u017celi<br \/>\nprze\u017cywamy je razem z Jezusem \u2013 <b>nie byliby\u015bmy w stanie<br \/>\nud\u017awign\u0105\u0107.<\/b> Nie ma takiego ci\u0119\u017caru, takiego do\u015bwiadczenia.<br \/>\nOwszem, je\u017celi b\u0119dziemy pr\u00f3bowali szarpa\u0107 si\u0119 tylko o w\u0142asnych<br \/>\nsi\u0142ach, to rzeczywi\u015bcie \u2013 nie damy rady. <\/span><\/span><br \/>\n<\/span><\/div>\n<div align=\"justify\" style=\"background: transparent; font-style: normal; font-variant: normal; font-weight: normal; letter-spacing: normal; line-height: 150%; margin-bottom: 0cm; text-indent: 1.3cm;\">\n<span style=\"font-size: x-large;\"><span style=\"color: black;\"><span style=\"font-family: Book Antiqua, serif;\">Je\u017celi<br \/>\njednak b\u0119dziemy wszystko <b>prze\u017cywali razem z Jezusem,<\/b> Jemu na<br \/>\nbie\u017c\u0105co ofiaruj\u0105c swoje cierpienie i do\u015bwiadczenie, Jego prosz\u0105c<br \/>\no pomoc, to cho\u0107by przez jaki\u015b czas mia\u0142o ono jeszcze potrwa\u0107, na<br \/>\npewno <b>nie uczyni nam \u017cadnej szkody.<\/b> I na pewno kiedy\u015b si\u0119<br \/>\nsko\u0144czy. Wcze\u015bniej, czy p\u00f3\u017aniej. A nierzadko \u2013 raczej<b><br \/>\nwcze\u015bniej, ni\u017c p\u00f3\u017aniej. <\/b>Oby\u015bmy tylko prze\u017cywali je z<br \/>\nJezusem! <\/span><\/span><br \/>\n<\/span><\/div>\n<div align=\"justify\" style=\"background: transparent; font-style: normal; font-variant: normal; font-weight: normal; letter-spacing: normal; line-height: 150%; margin-bottom: 0cm; text-indent: 1.3cm;\">\n<span style=\"font-size: x-large;\"><span style=\"color: black;\"><span style=\"font-family: Book Antiqua, serif;\">A<br \/>\nz drugiej strony pami\u0119tali, \u017ce je\u017celi wszystko, co trudne,<br \/>\n<b>prze\u017cywamy w\u0142a\u015bnie z Jezusem,<\/b> w sta\u0142ym stanie \u0142aski<br \/>\nu\u015bwi\u0119caj\u0105cej, przyjmuj\u0105c Komuni\u0119 \u015awi\u0119t\u0105, modl\u0105c si\u0119,<br \/>\nczytaj\u0105c i rozwa\u017caj\u0105c Bo\u017ce s\u0142owo, a ci\u0119\u017car pomimo tego od razu<br \/>\nnie ustaje, to znaczy, \u017ce jest to <b>wpisane w Bo\u017ce plany i trzeba<br \/>\nto po prostu przeczeka\u0107.<\/b> <b>Znie\u015b\u0107 to godnie.<\/b> I ofiarowa\u0107<br \/>\nBogu w jakie\u015b konkretnej intencji. Z pewno\u015bci\u0105, wyjdzie to i <b>nam<br \/>\nna dobre, <\/b>i tym, za kt\u00f3rych to do\u015bwiadczenie ofiarujemy. <\/span><\/span><br \/>\n<\/span><\/div>\n<div align=\"justify\" style=\"background: transparent; font-style: normal; font-variant: normal; font-weight: normal; letter-spacing: normal; line-height: 150%; margin-bottom: 0cm; text-indent: 1.3cm;\">\n<span style=\"font-size: x-large;\"><span style=\"color: black;\"><span style=\"font-family: Book Antiqua, serif;\">Nie<br \/>\nnale\u017cy natomiast wpada\u0107 w jak\u0105kolwiek rezygnacj\u0119, albo panik\u0119,<br \/>\nposzukuj\u0105c na w\u0142asn\u0105 r\u0119k\u0119 <b>ratunku poza Bogiem.<\/b> Na nic si\u0119<br \/>\nto zda! Pomoc przyjdzie ze strony Boga \u2013 i b\u0119dzie to pomoc bardzo<br \/>\n<b>realna<\/b> i bardzo <b>skuteczna, definitywna. <\/b><\/span><\/span><br \/>\n<\/span><\/div>\n<div align=\"justify\" style=\"background: transparent; font-style: normal; font-variant: normal; font-weight: normal; letter-spacing: normal; line-height: 150%; margin-bottom: 0cm; text-indent: 1.3cm;\">\n<span style=\"font-size: x-large;\"><span style=\"color: black;\"><span style=\"font-family: Book Antiqua, serif;\">Tak,<br \/>\nmoi Drodzy, powiedzmy to sobie wyra\u017anie: ka\u017cde nasze cierpienie, z<br \/>\njakim si\u0119 zmagamy, ka\u017cdy nasz b\u00f3l, ka\u017cde nasze trudne po\u0142o\u017cenie<br \/>\n\u2013 <b>w kt\u00f3rym\u015b momencie si\u0119 sko\u0144czy! <\/b>B\u00f3g sam wybierze czas<br \/>\ni spos\u00f3b na to, by sprawi\u0107, \u017ce stan uciemi\u0119\u017cenia i krzy\u017ca<br \/>\n<b>zmieni si\u0119 w rado\u015b\u0107.<\/b> On te\u017c uka\u017ce sens tego, co si\u0119 w<br \/>\nnaszym \u017cyciu dzieje. Oby\u015bmy tylko nie poddali si\u0119 <b>rezygnacji i<br \/>\nrozpaczy.<\/b> Oby\u015bmy <b>wytrwali przy Jezusie!<\/b> <\/span><\/span><br \/>\n<\/span><\/div>\n<div align=\"justify\" style=\"background: transparent; font-style: normal; font-variant: normal; font-weight: normal; letter-spacing: normal; line-height: 150%; margin-bottom: 0cm; text-indent: 1.3cm;\">\n<span style=\"font-size: x-large;\"><span style=\"color: black;\"><span style=\"font-family: Book Antiqua, serif;\">Jeszcze<br \/>\nraz podkre\u015blmy to bardzo dobitnie: je\u017celi b\u0119dziemy przy Nim<br \/>\ntrwali, a trudne do\u015bwiadczenie i cierpienie nie b\u0119dzie nas<br \/>\nopuszcza\u0142o, to znaczy, \u017ce<b> po prostu tak ma by\u0107. W tym momencie<br \/>\ntak ma by\u0107.<\/b> B\u00f3g potrzebuje tej naszej ofiary. Ale to nie b\u0119dzie<br \/>\ntrwa\u0142o bez ko\u0144ca. On w jaki\u015b spos\u00f3b \u2013 sobie tylko wiadomy \u2013<br \/>\n<b>zamieni je w rado\u015b\u0107<\/b> i da nam <b>poczucie g\u0142\u0119bokiego sensu.<\/b><br \/>\n<\/span><\/span><br \/>\n<\/span><\/div>\n<div align=\"justify\" style=\"background: transparent; font-style: normal; font-variant: normal; font-weight: normal; letter-spacing: normal; line-height: 150%; margin-bottom: 0cm; text-indent: 1.3cm;\">\n<span style=\"font-size: x-large;\"><span style=\"color: black;\"><span style=\"font-family: Book Antiqua, serif;\">Tak<br \/>\nw\u0142a\u015bnie sta\u0142o si\u0119 w historii narodu wybranego. D\u0142ugo trwa\u0142o<br \/>\njego cierpienie, ale przyszed\u0142 czas, w kt\u00f3rym si\u0119 sko\u0144czy\u0142o,<br \/>\npojawi\u0142 si\u0119 bowiem cz\u0142owiek, kt\u00f3ry \u2013 <b>w imieniu Boga, czyli<br \/>\n\u201eTego, kt\u00f3ry jest\u201d<\/b> \u2013 wyprowadzi\u0142 sw\u00f3j lud na wolno\u015b\u0107.<br \/>\nAle wtedy okaza\u0142o si\u0119, \u017ce bardzo szybko ten tak bardzo umi\u0142owany<br \/>\nnar\u00f3d, nad kt\u00f3rym B\u00f3g szczerze si\u0119 u\u017cali\u0142 i postanowi\u0142 go<br \/>\nwyratowa\u0107 z niewoli \u2013 <b>od <\/b><b>sw<\/b><b>ego Boga zacz\u0105\u0142 si\u0119<br \/>\nodwraca\u0107!<\/b> Bardzo szybko. <\/span><\/span><br \/>\n<\/span><\/div>\n<div align=\"justify\" style=\"background: transparent; font-style: normal; font-variant: normal; font-weight: normal; letter-spacing: normal; line-height: 150%; margin-bottom: 0cm; text-indent: 1.3cm;\">\n<span style=\"font-size: x-large;\"><span style=\"color: black;\"><span style=\"font-family: Book Antiqua, serif;\">Ju\u017c<br \/>\nw momencie doj\u015bcia do Morza Czerwonego, kt\u00f3re zagrodzi\u0142o<br \/>\nIzraelitom drog\u0119 z przodu, podczas gdy \u015bcigaj\u0105ce ich wojska<br \/>\negipskie nastawa\u0142y na nich od ty\u0142u \u2013 ju\u017c wtedy <b>chcieli <\/b><b>oni<br \/>\n<\/b><b>wraca\u0107 do niewoli!<\/b> A nawet mieli <b>pretensje do<br \/>\nMoj\u017cesza,<\/b> \u017ce ich w og\u00f3le z niej wyprowadza\u0142, skoro by\u0142o im<br \/>\ntam tak dobrze. <b>O, ludzka przewrotno\u015bci! \u2013<\/b> chcia\u0142oby si\u0119<br \/>\npowiedzie\u0107\u2026 <\/span><\/span><br \/>\n<\/span><\/div>\n<div align=\"justify\" style=\"background: transparent; font-style: normal; font-variant: normal; font-weight: normal; letter-spacing: normal; line-height: 150%; margin-bottom: 0cm; text-indent: 1.3cm;\">\n<span style=\"font-size: x-large;\"><span style=\"color: black;\"><span style=\"font-family: Book Antiqua, serif;\">W\u0142a\u015bnie<br \/>\nna tym ich przyk\u0142adzie \u015awi\u0119ty Pawe\u0142 uczy wiernych Koryntu, \u017ce<br \/>\nkto stoi, mo\u017ce w ka\u017cdej chwili upa\u015b\u0107, czyli \u017ce <b>nikt nie mo\u017ce<br \/>\nby\u0107 pewny siebie<\/b> i pewny swego, dop\u00f3ki pielgrzymuje przez<br \/>\nziemi\u0119. Zawsze mo\u017ce ulec pokusom do z\u0142ego, zawsze mo\u017ce si\u0119 \u2013<br \/>\nniestety \u2013 odwr\u00f3ci\u0107 od Boga. Dlatego <b>musi czuwa\u0107, pracowa\u0107<br \/>\nnad sob\u0105.<\/b> <\/span><\/span><br \/>\n<\/span><\/div>\n<div align=\"justify\" style=\"background: transparent; font-style: normal; font-variant: normal; font-weight: normal; letter-spacing: normal; line-height: 150%; margin-bottom: 0cm; text-indent: 1.3cm;\">\n<span style=\"font-size: x-large;\"><span style=\"color: black;\"><span style=\"font-family: Book Antiqua, serif;\">Moi<br \/>\nDrodzy, mo\u017ce si\u0119 tak sta\u0107, \u017ce B\u00f3g oka\u017ce nam wielk\u0105 \u0142ask\u0119,<br \/>\nuwolni nad od jakiego\u015b cierpienia lub do\u015bwiadczenia \u2013 <b>a my<br \/>\nnawet tego nie docenimy!<\/b> Dalej b\u0119dziemy brn\u0119li w grzechy, z\u0142e<br \/>\nprzyzwyczajenia, w jakie\u015b ciasne my\u015blenie. Bo mo\u017ce by\u0107 i tak \u2013<br \/>\ncz\u0119sto si\u0119 w sumie tak zdarza \u2013 \u017ce <b>dop\u00f3ki cz\u0142owiekowi jest<br \/>\nci\u0119\u017cko w \u017cyciu,<\/b> to zwraca si\u0119 do Boga z pro\u015bb\u0105 o ratunek,<br \/>\nmodli si\u0119, jest blisko Boga. <\/span><\/span><br \/>\n<\/span><\/div>\n<div align=\"justify\" style=\"background: transparent; font-style: normal; font-variant: normal; font-weight: normal; letter-spacing: normal; line-height: 150%; margin-bottom: 0cm; text-indent: 1.3cm;\">\n<span style=\"font-size: x-large;\"><span style=\"color: black;\"><span style=\"font-family: Book Antiqua, serif;\">Ale<br \/>\nkiedy ten ratunek przyjdzie i cz\u0142owiek poczuje si\u0119 dobrze, to<br \/>\nszybko okazuje si\u0119, \u017ce <b>jest mu za dobrze,<\/b> dlatego<br \/>\nprzys\u0142owiowa \u201ewoda sodowa\u201d uderza mu do g\u0142owy. I ju\u017c B\u00f3g mu<br \/>\nnie jest potrzebny! Poradzi sobie bez Niego. Tak przynajmniej my\u015bli.<br \/>\nCzy jednak naprawd\u0119 sobie poradzi? <\/span><\/span><br \/>\n<\/span><\/div>\n<div align=\"justify\" style=\"background: transparent; font-style: normal; font-variant: normal; font-weight: normal; letter-spacing: normal; line-height: 150%; margin-bottom: 0cm; text-indent: 1.3cm;\">\n<span style=\"font-size: x-large;\"><span style=\"color: black;\"><span style=\"font-family: Book Antiqua, serif;\">Dobrze<br \/>\nwidzimy, <b>jak to sobie \u201e\u015bwietnie\u201d radz\u0105<\/b> ci w\u0142a\u015bnie,<br \/>\nkt\u00f3rzy Boga odstawili na dalszy plan, kt\u00f3rym B\u00f3g nie by\u0142 rzekomo<br \/>\npotrzebny\u2026 Mo\u017ce wi\u0119c powinni\u015bmy, moi Drodzy, <b>dzisiaj<br \/>\npodzi\u0119kowa\u0107 Bogu <\/b>za to, \u017ce nie prowadzi nas drog\u0105 beztroski i<br \/>\nsielanki, ale \u017ce dopuszcza na nas tak\u017ce te trudniejsze, a mo\u017ce i<br \/>\nbardzo trudne do\u015bwiadczenia. Ja wiem, jak to brzmi i uwierzcie, \u017ce<br \/>\nnaprawd\u0119 <b>nie\u0142atwo<\/b> <b>mi takie zdanie wypowiedzie\u0107<\/b> \u2013<br \/>\nzw\u0142aszcza, kiedy pomy\u015bl\u0119 o tych trudnych do\u015bwiadczeniach, kt\u00f3rych<br \/>\ndozna\u0142em w swoim w\u0142asnym \u017cyciu. Ale nie mog\u0119 oprze\u0107 si\u0119<br \/>\nrefleksji \u2013 tak\u017ce z perspektywy czasu \u2013 \u017ce gdyby nie one, to<br \/>\n<b>mo\u017ce dzisiaj by\u0142bym w innym miejscu,<\/b> ni\u017c jestem: mo\u017ce<br \/>\nznacznie dalej od Boga. <\/span><\/span><br \/>\n<\/span><\/div>\n<div align=\"justify\" style=\"background: transparent; font-style: normal; font-variant: normal; font-weight: normal; letter-spacing: normal; line-height: 150%; margin-bottom: 0cm; text-indent: 1.3cm;\">\n<span style=\"color: black;\"><span style=\"font-family: Book Antiqua, serif;\"><span style=\"font-size: x-large;\">I<br \/>\nmo\u017ce my wszyscy, moi Drodzy, nie spotkaliby\u015bmy si\u0119 dzisiaj na Mszy<br \/>\n\u015awi\u0119tej, nie modliliby\u015bmy si\u0119 wsp\u00f3lnie, nie byliby\u015bmy blisko<br \/>\nBoga, gdyby nam si\u0119 <b>zawsze wszystko dobrze uk\u0142ada\u0142o.<\/b> Mo\u017ce<br \/>\ntak\u017ce doszliby\u015bmy do wniosku, \u017ce w sumie to\u2026 <b>po co nam B\u00f3g?<\/b><br \/>\nPrzecie\u017c my sobie bez Niego ca\u0142kiem zgrabnie poradzimy. Czy jedna<br \/>\nnaprawd\u0119 sobie poradzimy \u2013 bez Boga? Wiemy, \u017ce dopiero wtedy<br \/>\nzaczn\u0105 si\u0119 prawdziwe problemy i prawdziwe dramaty.<\/span><\/span><\/span><\/div>\n<div align=\"justify\" style=\"background: transparent; font-style: normal; font-variant: normal; font-weight: normal; letter-spacing: normal; line-height: 150%; margin-bottom: 0cm; text-indent: 1.3cm;\">\n<span style=\"font-size: x-large;\"><span style=\"color: black;\"><span style=\"font-family: Book Antiqua, serif;\">C\u00f3\u017c<br \/>\nzatem? Czy mamy wygl\u0105da\u0107 cierpie\u0144 i <b>prosi\u0107 o trudne<br \/>\ndo\u015bwiadczenia?<\/b> Nie, nie w tym rzecz. Wprost przeciwnie: mo\u017cemy<br \/>\n\u2013 i nawet powinni\u015bmy \u2013 prosi\u0107 o <b>wyzwolenie z tego, co<br \/>\ntrudne,<\/b> i ulg\u0119 w d\u017awiganiu tego, co bolesne. Ale te\u017c trzeba<br \/>\nnam zdoby\u0107 si\u0119 na <b>odwag\u0119 takiego g\u0142\u0119bokiego spojrzenia<\/b> na<br \/>\nca\u0142\u0105 spraw\u0119 i dostrze\u017cenia, \u017ce je\u017celi B\u00f3g \u2013 pomimo naszych<br \/>\npr\u00f3\u015bb i narzeka\u0144 \u2013 jednak nas tak\u0105 drog\u0105 prowadzi, to ma w tym<br \/>\n<b>sw\u00f3j plan i jaki\u015b okre\u015blony cel.<\/b> Jaki? <\/span><\/span><br \/>\n<\/span><\/div>\n<div align=\"justify\" style=\"background: transparent; font-style: normal; font-variant: normal; font-weight: normal; letter-spacing: normal; line-height: 150%; margin-bottom: 0cm; text-indent: 1.3cm;\">\n<span style=\"font-size: x-large;\"><span style=\"color: black;\"><span style=\"font-family: Book Antiqua, serif;\">Z<br \/>\npewno\u015bci\u0105, nie od razu b\u0119dziemy to wiedzieli. Jednak z czasem na<br \/>\npewno B\u00f3g nam to objawi. Chodzi natomiast o to, by <b>Jego planom<br \/>\nwobec nas zaufa\u0107. <\/b>I da\u0107 si\u0119 Mu poprowadzi\u0107 \u2013 tak\u017ce t\u0105<br \/>\ntrudniejsz\u0105 drog\u0105, je\u015bli taka Jego wola. Nie schodz\u0105c z tej drogi<br \/>\nani na chwil\u0119. I nie odwracaj\u0105c si\u0119 od Niego tak\u017ce \u2013 a mo\u017ce<br \/>\nszczeg\u00f3lnie \u2013 <b>wtedy, gdy b\u0119dzie najci\u0119\u017cej\u2026<\/b> Nie trac\u0105c<br \/>\n<b>ani na chwil\u0119 nadziei, <\/b>\u017ce On sam wyprowadzi z tego ogromne<br \/>\ndobro i On sam da nam pozna\u0107, dlaczego w\u0142a\u015bnie tak\u0105 drog\u0105 nas<br \/>\npoprowadzi\u0142. <\/span><\/span><br \/>\n<\/span><\/div>\n<div align=\"justify\" style=\"background: transparent; font-style: normal; font-variant: normal; font-weight: normal; letter-spacing: normal; line-height: 150%; margin-bottom: 0cm; text-indent: 1.3cm;\">\n<span style=\"color: black;\"><span style=\"font-family: Book Antiqua, serif;\"><span style=\"font-size: x-large;\">Moi<br \/>\nDrodzy, czy sta\u0107 nas na takie zaufanie?\u2026 Czy mamy w sobie tyle<br \/>\nodwagi?\u2026<\/span><\/span><\/span><\/div>\n","protected":false},"excerpt":{"rendered":"<p>Niech b\u0119dzie pochwalony Jezus Chrystus! Moi Drodzy, dzisiaj w Miastkowie, na Mszy \u015awi\u0119tej o godz. 12:00, dwie nowe R\u00f3\u017ce R\u00f3\u017ca\u0144ca Rodzic\u00f3w za Dzieci z\u0142o\u017c\u0105 akt swego zawierzenia i tym samym oficjalnie rozpoczn\u0105 dzia\u0142alno\u015b\u0107. Razem \u2013 to ju\u017c sze\u015b\u0107 R\u00f3\u017c! A nast\u0119pna si\u0119 kompletuje \u2013 tym razem, jak ju\u017c wspomnia\u0142em, tworz\u0105 j\u0105 Rodzice Dzieci przygotowuj\u0105cych si\u0119 [&hellip;]<\/p>\n","protected":false},"author":1,"featured_media":0,"comment_status":"open","ping_status":"open","sticky":false,"template":"","format":"standard","meta":{"jetpack_post_was_ever_published":false,"_jetpack_newsletter_access":"","_jetpack_dont_email_post_to_subs":false,"_jetpack_newsletter_tier_id":0,"_jetpack_memberships_contains_paywalled_content":false,"_jetpack_memberships_contains_paid_content":false,"footnotes":""},"categories":[1],"tags":[],"class_list":["post-14654","post","type-post","status-publish","format-standard","hentry","category-bez-kategorii"],"yoast_head":"<!-- This site is optimized with the Yoast SEO plugin v25.1 - https:\/\/yoast.com\/wordpress\/plugins\/seo\/ -->\n<title>O trudnych drogach Bo\u017cych... - Gaudium Et Spes<\/title>\n<meta name=\"robots\" content=\"index, follow, max-snippet:-1, max-image-preview:large, max-video-preview:-1\" \/>\n<link rel=\"canonical\" href=\"https:\/\/gaudiumetspes-blog.pl\/index.php\/2019\/03\/24\/o-trudnych-drogach-bozyc\/\" \/>\n<meta property=\"og:locale\" content=\"pl_PL\" \/>\n<meta property=\"og:type\" content=\"article\" \/>\n<meta property=\"og:title\" content=\"O trudnych drogach Bo\u017cych... - Gaudium Et Spes\" \/>\n<meta property=\"og:description\" content=\"Niech b\u0119dzie pochwalony Jezus Chrystus! Moi Drodzy, dzisiaj w Miastkowie, na Mszy \u015awi\u0119tej o godz. 12:00, dwie nowe R\u00f3\u017ce R\u00f3\u017ca\u0144ca Rodzic\u00f3w za Dzieci z\u0142o\u017c\u0105 akt swego zawierzenia i tym samym oficjalnie rozpoczn\u0105 dzia\u0142alno\u015b\u0107. Razem \u2013 to ju\u017c sze\u015b\u0107 R\u00f3\u017c! A nast\u0119pna si\u0119 kompletuje \u2013 tym razem, jak ju\u017c wspomnia\u0142em, tworz\u0105 j\u0105 Rodzice Dzieci przygotowuj\u0105cych si\u0119 [&hellip;]\" \/>\n<meta property=\"og:url\" content=\"https:\/\/gaudiumetspes-blog.pl\/index.php\/2019\/03\/24\/o-trudnych-drogach-bozyc\/\" \/>\n<meta property=\"og:site_name\" content=\"Gaudium Et Spes\" \/>\n<meta property=\"article:published_time\" content=\"2019-03-24T04:31:00+00:00\" \/>\n<meta property=\"article:modified_time\" content=\"2019-07-31T11:01:11+00:00\" \/>\n<meta name=\"author\" content=\"Ks. Jacek\" \/>\n<meta name=\"twitter:card\" content=\"summary_large_image\" \/>\n<meta name=\"twitter:label1\" content=\"Napisane przez\" \/>\n\t<meta name=\"twitter:data1\" content=\"Ks. Jacek\" \/>\n\t<meta name=\"twitter:label2\" content=\"Szacowany czas czytania\" \/>\n\t<meta name=\"twitter:data2\" content=\"14 minut\" \/>\n<script type=\"application\/ld+json\" class=\"yoast-schema-graph\">{\"@context\":\"https:\/\/schema.org\",\"@graph\":[{\"@type\":\"WebPage\",\"@id\":\"https:\/\/gaudiumetspes-blog.pl\/index.php\/2019\/03\/24\/o-trudnych-drogach-bozyc\/\",\"url\":\"https:\/\/gaudiumetspes-blog.pl\/index.php\/2019\/03\/24\/o-trudnych-drogach-bozyc\/\",\"name\":\"O trudnych drogach Bo\u017cych... - Gaudium Et Spes\",\"isPartOf\":{\"@id\":\"https:\/\/gaudiumetspes-blog.pl\/#website\"},\"datePublished\":\"2019-03-24T04:31:00+00:00\",\"dateModified\":\"2019-07-31T11:01:11+00:00\",\"author\":{\"@id\":\"https:\/\/gaudiumetspes-blog.pl\/#\/schema\/person\/1661982992b752dea8dff0d4ed845a65\"},\"breadcrumb\":{\"@id\":\"https:\/\/gaudiumetspes-blog.pl\/index.php\/2019\/03\/24\/o-trudnych-drogach-bozyc\/#breadcrumb\"},\"inLanguage\":\"pl-PL\",\"potentialAction\":[{\"@type\":\"ReadAction\",\"target\":[\"https:\/\/gaudiumetspes-blog.pl\/index.php\/2019\/03\/24\/o-trudnych-drogach-bozyc\/\"]}]},{\"@type\":\"BreadcrumbList\",\"@id\":\"https:\/\/gaudiumetspes-blog.pl\/index.php\/2019\/03\/24\/o-trudnych-drogach-bozyc\/#breadcrumb\",\"itemListElement\":[{\"@type\":\"ListItem\",\"position\":1,\"name\":\"Strona g\u0142\u00f3wna\",\"item\":\"https:\/\/gaudiumetspes-blog.pl\/\"},{\"@type\":\"ListItem\",\"position\":2,\"name\":\"O&nbsp;trudnych drogach Bo\u017cych&#8230;\"}]},{\"@type\":\"WebSite\",\"@id\":\"https:\/\/gaudiumetspes-blog.pl\/#website\",\"url\":\"https:\/\/gaudiumetspes-blog.pl\/\",\"name\":\"Gaudium Et Spes\",\"description\":\"Blog Ks. Jacka Ja\u015bkowskiego\",\"potentialAction\":[{\"@type\":\"SearchAction\",\"target\":{\"@type\":\"EntryPoint\",\"urlTemplate\":\"https:\/\/gaudiumetspes-blog.pl\/?s={search_term_string}\"},\"query-input\":{\"@type\":\"PropertyValueSpecification\",\"valueRequired\":true,\"valueName\":\"search_term_string\"}}],\"inLanguage\":\"pl-PL\"},{\"@type\":\"Person\",\"@id\":\"https:\/\/gaudiumetspes-blog.pl\/#\/schema\/person\/1661982992b752dea8dff0d4ed845a65\",\"name\":\"Ks. Jacek\",\"image\":{\"@type\":\"ImageObject\",\"inLanguage\":\"pl-PL\",\"@id\":\"https:\/\/gaudiumetspes-blog.pl\/#\/schema\/person\/image\/\",\"url\":\"https:\/\/gaudiumetspes-blog.pl\/wp-content\/uploads\/2019\/07\/avatar-JJ-150x150.jpg\",\"contentUrl\":\"https:\/\/gaudiumetspes-blog.pl\/wp-content\/uploads\/2019\/07\/avatar-JJ-150x150.jpg\",\"caption\":\"Ks. Jacek\"},\"description\":\"Witam serdecznie! K\u0142ania si\u0119 Ks. Jacek Ja\u015bkowski. Nie jestem ani kim\u015b wa\u017cnym, ani kim\u015b znanym. Jestem ksi\u0119dzem, kt\u00f3ry po prostu chce rozmawia\u0107. Codzienna kap\u0142a\u0144ska pos\u0142uga pokazuje mi, \u017ce temat\u00f3w do rozm\u00f3w z ksi\u0119dzem jest coraz wi\u0119cej i dzisiaj \u017caden ksi\u0105dz nie mo\u017ce od nich ucieka\u0107, ale - wprost przeciwnie - podejmowa\u0107 nowe wyzwania. To przekonanie sk\u0142oni\u0142o mnie do pr\u00f3by otwarcia tego\u017c bloga, chocia\u017c okazji do rozm\u00f3w na co dzie\u0144 - w konfesjonale i poza nim - na szcz\u0119\u015bcie nie brakuje. My\u015bl\u0119 jednak, \u017ce ten blog b\u0119dzie jeszcze jednym sposobem i przestrzeni\u0105 nawi\u0105zania kontaktu z lud\u017ami dobrej woli, otwartymi na dialog.\",\"url\":\"https:\/\/gaudiumetspes-blog.pl\/index.php\/author\/ks-jacek\/\"}]}<\/script>\n<!-- \/ Yoast SEO plugin. -->","yoast_head_json":{"title":"O trudnych drogach Bo\u017cych... - Gaudium Et Spes","robots":{"index":"index","follow":"follow","max-snippet":"max-snippet:-1","max-image-preview":"max-image-preview:large","max-video-preview":"max-video-preview:-1"},"canonical":"https:\/\/gaudiumetspes-blog.pl\/index.php\/2019\/03\/24\/o-trudnych-drogach-bozyc\/","og_locale":"pl_PL","og_type":"article","og_title":"O trudnych drogach Bo\u017cych... - Gaudium Et Spes","og_description":"Niech b\u0119dzie pochwalony Jezus Chrystus! Moi Drodzy, dzisiaj w Miastkowie, na Mszy \u015awi\u0119tej o godz. 12:00, dwie nowe R\u00f3\u017ce R\u00f3\u017ca\u0144ca Rodzic\u00f3w za Dzieci z\u0142o\u017c\u0105 akt swego zawierzenia i tym samym oficjalnie rozpoczn\u0105 dzia\u0142alno\u015b\u0107. Razem \u2013 to ju\u017c sze\u015b\u0107 R\u00f3\u017c! A nast\u0119pna si\u0119 kompletuje \u2013 tym razem, jak ju\u017c wspomnia\u0142em, tworz\u0105 j\u0105 Rodzice Dzieci przygotowuj\u0105cych si\u0119 [&hellip;]","og_url":"https:\/\/gaudiumetspes-blog.pl\/index.php\/2019\/03\/24\/o-trudnych-drogach-bozyc\/","og_site_name":"Gaudium Et Spes","article_published_time":"2019-03-24T04:31:00+00:00","article_modified_time":"2019-07-31T11:01:11+00:00","author":"Ks. Jacek","twitter_card":"summary_large_image","twitter_misc":{"Napisane przez":"Ks. Jacek","Szacowany czas czytania":"14 minut"},"schema":{"@context":"https:\/\/schema.org","@graph":[{"@type":"WebPage","@id":"https:\/\/gaudiumetspes-blog.pl\/index.php\/2019\/03\/24\/o-trudnych-drogach-bozyc\/","url":"https:\/\/gaudiumetspes-blog.pl\/index.php\/2019\/03\/24\/o-trudnych-drogach-bozyc\/","name":"O trudnych drogach Bo\u017cych... - Gaudium Et Spes","isPartOf":{"@id":"https:\/\/gaudiumetspes-blog.pl\/#website"},"datePublished":"2019-03-24T04:31:00+00:00","dateModified":"2019-07-31T11:01:11+00:00","author":{"@id":"https:\/\/gaudiumetspes-blog.pl\/#\/schema\/person\/1661982992b752dea8dff0d4ed845a65"},"breadcrumb":{"@id":"https:\/\/gaudiumetspes-blog.pl\/index.php\/2019\/03\/24\/o-trudnych-drogach-bozyc\/#breadcrumb"},"inLanguage":"pl-PL","potentialAction":[{"@type":"ReadAction","target":["https:\/\/gaudiumetspes-blog.pl\/index.php\/2019\/03\/24\/o-trudnych-drogach-bozyc\/"]}]},{"@type":"BreadcrumbList","@id":"https:\/\/gaudiumetspes-blog.pl\/index.php\/2019\/03\/24\/o-trudnych-drogach-bozyc\/#breadcrumb","itemListElement":[{"@type":"ListItem","position":1,"name":"Strona g\u0142\u00f3wna","item":"https:\/\/gaudiumetspes-blog.pl\/"},{"@type":"ListItem","position":2,"name":"O&nbsp;trudnych drogach Bo\u017cych&#8230;"}]},{"@type":"WebSite","@id":"https:\/\/gaudiumetspes-blog.pl\/#website","url":"https:\/\/gaudiumetspes-blog.pl\/","name":"Gaudium Et Spes","description":"Blog Ks. Jacka Ja\u015bkowskiego","potentialAction":[{"@type":"SearchAction","target":{"@type":"EntryPoint","urlTemplate":"https:\/\/gaudiumetspes-blog.pl\/?s={search_term_string}"},"query-input":{"@type":"PropertyValueSpecification","valueRequired":true,"valueName":"search_term_string"}}],"inLanguage":"pl-PL"},{"@type":"Person","@id":"https:\/\/gaudiumetspes-blog.pl\/#\/schema\/person\/1661982992b752dea8dff0d4ed845a65","name":"Ks. Jacek","image":{"@type":"ImageObject","inLanguage":"pl-PL","@id":"https:\/\/gaudiumetspes-blog.pl\/#\/schema\/person\/image\/","url":"https:\/\/gaudiumetspes-blog.pl\/wp-content\/uploads\/2019\/07\/avatar-JJ-150x150.jpg","contentUrl":"https:\/\/gaudiumetspes-blog.pl\/wp-content\/uploads\/2019\/07\/avatar-JJ-150x150.jpg","caption":"Ks. Jacek"},"description":"Witam serdecznie! K\u0142ania si\u0119 Ks. Jacek Ja\u015bkowski. Nie jestem ani kim\u015b wa\u017cnym, ani kim\u015b znanym. Jestem ksi\u0119dzem, kt\u00f3ry po prostu chce rozmawia\u0107. Codzienna kap\u0142a\u0144ska pos\u0142uga pokazuje mi, \u017ce temat\u00f3w do rozm\u00f3w z ksi\u0119dzem jest coraz wi\u0119cej i dzisiaj \u017caden ksi\u0105dz nie mo\u017ce od nich ucieka\u0107, ale - wprost przeciwnie - podejmowa\u0107 nowe wyzwania. To przekonanie sk\u0142oni\u0142o mnie do pr\u00f3by otwarcia tego\u017c bloga, chocia\u017c okazji do rozm\u00f3w na co dzie\u0144 - w konfesjonale i poza nim - na szcz\u0119\u015bcie nie brakuje. My\u015bl\u0119 jednak, \u017ce ten blog b\u0119dzie jeszcze jednym sposobem i przestrzeni\u0105 nawi\u0105zania kontaktu z lud\u017ami dobrej woli, otwartymi na dialog.","url":"https:\/\/gaudiumetspes-blog.pl\/index.php\/author\/ks-jacek\/"}]}},"jetpack_featured_media_url":"","jetpack_sharing_enabled":true,"_links":{"self":[{"href":"https:\/\/gaudiumetspes-blog.pl\/index.php\/wp-json\/wp\/v2\/posts\/14654","targetHints":{"allow":["GET"]}}],"collection":[{"href":"https:\/\/gaudiumetspes-blog.pl\/index.php\/wp-json\/wp\/v2\/posts"}],"about":[{"href":"https:\/\/gaudiumetspes-blog.pl\/index.php\/wp-json\/wp\/v2\/types\/post"}],"author":[{"embeddable":true,"href":"https:\/\/gaudiumetspes-blog.pl\/index.php\/wp-json\/wp\/v2\/users\/1"}],"replies":[{"embeddable":true,"href":"https:\/\/gaudiumetspes-blog.pl\/index.php\/wp-json\/wp\/v2\/comments?post=14654"}],"version-history":[{"count":1,"href":"https:\/\/gaudiumetspes-blog.pl\/index.php\/wp-json\/wp\/v2\/posts\/14654\/revisions"}],"predecessor-version":[{"id":15066,"href":"https:\/\/gaudiumetspes-blog.pl\/index.php\/wp-json\/wp\/v2\/posts\/14654\/revisions\/15066"}],"wp:attachment":[{"href":"https:\/\/gaudiumetspes-blog.pl\/index.php\/wp-json\/wp\/v2\/media?parent=14654"}],"wp:term":[{"taxonomy":"category","embeddable":true,"href":"https:\/\/gaudiumetspes-blog.pl\/index.php\/wp-json\/wp\/v2\/categories?post=14654"},{"taxonomy":"post_tag","embeddable":true,"href":"https:\/\/gaudiumetspes-blog.pl\/index.php\/wp-json\/wp\/v2\/tags?post=14654"}],"curies":[{"name":"wp","href":"https:\/\/api.w.org\/{rel}","templated":true}]}}