{"id":14659,"date":"2019-03-19T05:44:00","date_gmt":"2019-03-19T04:44:00","guid":{"rendered":"https:\/\/gaudiumetspes-blog.pl\/index.php\/2019\/03\/19\/slady-swietego-jozefa\/"},"modified":"2019-07-31T13:00:44","modified_gmt":"2019-07-31T11:00:44","slug":"slady-swietego-jozefa","status":"publish","type":"post","link":"https:\/\/gaudiumetspes-blog.pl\/index.php\/2019\/03\/19\/slady-swietego-jozefa\/","title":{"rendered":"&#8222;\u015alady&#8221; \u015awi\u0119tego J\u00f3zefa&#8230;"},"content":{"rendered":"<p><\/p>\n<div align=\"justify\" style=\"font-weight: normal; line-height: 150%; margin-bottom: 0cm;\">\n<span style=\"font-size: x-large;\"><span style=\"color: black;\"><span style=\"font-family: Book Antiqua, serif;\">Szcz\u0119\u015b\u0107<br \/>\nBo\u017ce! Moi Drodzy, w dniu dzisiejszym<b> imieniny prze\u017cywaj\u0105: <\/b><\/span><\/span><br \/>\n<\/span><\/div>\n<div align=\"justify\" style=\"font-weight: normal; line-height: 150%; margin-bottom: 0cm;\">\n<span style=\"font-size: x-large;\"><span style=\"color: black;\">\u2013 <span style=\"font-family: Book Antiqua, serif;\"><b>J\u00f3zef<br \/>\nBronisz, bardzo mi bliski i \u017cyczliwy Cz\u0142owiek z Parafii w Radory\u017cu<br \/>\nKo\u015bcielnym; <\/b><\/span><\/span><br \/>\n<\/span><\/div>\n<div align=\"justify\" style=\"font-weight: normal; line-height: 150%; margin-bottom: 0cm;\">\n<span style=\"font-size: x-large;\"><span style=\"color: black;\">\u2013 <span style=\"font-family: Book Antiqua, serif;\"><b>Ojciec<br \/>\nJ\u00f3zef Czernecki, Oblat, niegdy\u015b pos\u0142uguj\u0105cy w Kodniu, a obecnie<br \/>\nEkonom ca\u0142ej polskiej Prowincji Oblat\u00f3w; <\/b><\/span><\/span><br \/>\n<\/span><\/div>\n<div align=\"justify\" style=\"font-weight: normal; line-height: 150%; margin-bottom: 0cm;\">\n<span style=\"color: black; font-size: x-large;\">\u2013 <span style=\"font-family: Book Antiqua, serif;\"><b>Klaudia<br \/>\nKo\u0142odziejczuk, anga\u017cuj\u0105ca si\u0119 w swoim czasie w dzia\u0142alno\u015b\u0107<br \/>\nm\u0142odzie\u017cowych Wsp\u00f3lnot.<\/b><\/span><\/span><\/div>\n<div align=\"justify\" style=\"background: transparent; line-height: 150%; margin-bottom: 0cm; text-indent: 1.3cm;\">\n<span style=\"color: black;\"><span style=\"font-family: Book Antiqua, serif;\"><span style=\"font-size: x-large;\"><b>Urodziny<br \/>\nnatomiast prze\u017cywa Szymon Olender, m\u00f3j Przyjaciel, w swoim czasie:<br \/>\nLektor w Celestynowie, a tak w og\u00f3le \u2013 dobry Cz\u0142owiek, na kt\u00f3rego<br \/>\npomoc zawsze mog\u0119 liczy\u0107.<\/b><\/span><\/span><\/span><\/div>\n<div align=\"justify\" style=\"background: transparent; line-height: 150%; margin-bottom: 0cm; text-indent: 1.3cm;\">\n<span style=\"color: black;\"><span style=\"font-family: Book Antiqua, serif;\"><span style=\"font-size: x-large;\"><b>Czcigonym<br \/>\n\u015awi\u0119tuj\u0105cym \u017cycz\u0119 tych wszystkich cech, kt\u00f3re charakteryzowa\u0142y<br \/>\ndzisiejszego Patrona \u2013 o czym wi\u0119cej w rozwa\u017caniu. Zapewniam o<br \/>\nmodlitwie!<\/b><\/span><\/span><\/span><\/div>\n<div align=\"justify\" style=\"background: transparent; font-weight: normal; line-height: 150%; margin-bottom: 0cm; text-indent: 1.3cm;\">\n<span style=\"color: black;\"><span style=\"font-family: Book Antiqua, serif;\"><span style=\"font-size: x-large;\">Moi<br \/>\nDrodzy, Wielki Post trwa, a kolejne dni szybko mijaj\u0105. Nie marnujmy<br \/>\nczasu \u2013 i szansy, kt\u00f3r\u0105 Pan nam da\u0142! Uczmy si\u0119 jak najwi\u0119cej z<br \/>\npostawy \u015awi\u0119tego J\u00f3zefa.<\/span><\/span><\/span><\/div>\n<div align=\"center\" style=\"font-weight: normal; line-height: 150%; margin-bottom: 0cm;\">\n<span style=\"color: black;\"><span style=\"font-family: Book Antiqua, serif;\"><span style=\"font-size: x-large;\">Gaudium<br \/>\net spes!  Ks. Jacek<\/span><\/span><\/span><\/div>\n<div align=\"justify\" style=\"line-height: 150%; margin-bottom: 0cm;\">\n<span style=\"font-size: x-large;\"><\/p>\n<p><\/span><\/div>\n<div align=\"justify\" style=\"line-height: 150%; margin-bottom: 0cm;\">\n<span style=\"color: black;\"><span style=\"font-family: Book Antiqua, serif;\"><span style=\"font-size: x-large;\"><b>Uroczysto\u015b\u0107<br \/>\n\u015awi\u0119tego J\u00f3zefa, Oblubie\u0144ca Maryi,<\/b><\/span><\/span><\/span><\/div>\n<div align=\"justify\" style=\"line-height: 150%; margin-bottom: 0cm;\">\n<span style=\"font-size: x-large;\"><span style=\"color: black;\"><span style=\"font-family: Book Antiqua, serif;\"><b>do<br \/>\nczyta\u0144 z t. VI Lekcjonarza:  2 Sm 7,4\u20135a.12\u201314a.16; <\/b><\/span><\/span><br \/>\n<\/span><\/div>\n<div align=\"justify\" style=\"line-height: 150%; margin-bottom: 0cm;\">\n<span style=\"color: black; font-size: x-large;\"><br \/>\n                      <span style=\"font-family: Book Antiqua, serif;\"><b>Rz<br \/>\n4,13.16\u201318.22;  Mt 1,16.18\u201321.24a  albo:  \u0141k 2,41\u201351a<\/b><\/span><\/span><\/div>\n<div align=\"justify\" style=\"line-height: 150%; margin-bottom: 0cm;\">\n<span style=\"font-size: x-large;\"><\/p>\n<p><\/span><\/div>\n<div align=\"justify\" style=\"font-style: normal; font-variant: normal; letter-spacing: normal; line-height: 150%; margin-bottom: 0cm; page-break-before: auto;\">\n<span style=\"font-size: x-large;\"><span style=\"color: black;\"><span style=\"font-family: Book Antiqua, serif;\"><b>CZYTANIE<br \/>\nZ DRUGIEJ KSI\u0118GI SAMUELA: <\/b><\/span><\/span><br \/>\n<\/span><\/div>\n<div align=\"justify\" style=\"background: transparent; font-style: normal; font-variant: normal; letter-spacing: normal; line-height: 150%; margin-bottom: 0cm; page-break-before: auto; text-indent: 1.3cm;\">\n<span style=\"color: black;\"><span style=\"font-family: Book Antiqua, serif;\"><span style=\"font-size: x-large;\"><b>Pan<br \/>\nskierowa\u0142 do Natana nast\u0119puj\u0105ce s\u0142owa: \u201eId\u017a i powiedz mojemu<br \/>\ns\u0142udze Dawidowi: To m\u00f3wi Pan: \u00abKiedy wype\u0142ni\u0105 si\u0119 twoje dni i<br \/>\nspoczniesz obok swych przodk\u00f3w, wtedy wzbudz\u0119 po tobie potomka<br \/>\ntwojego, kt\u00f3ry wyjdzie z twoich wn\u0119trzno\u015bci, i utwierdz\u0119 jego<br \/>\nkr\u00f3lestwo. On zbuduje dom imieniu memu, a Ja utwierdz\u0119 tron jego<br \/>\nkr\u00f3lestwa na wieki. Ja b\u0119d\u0119 mu ojcem, a on b\u0119dzie Mi synem.<\/b><\/span><\/span><\/span><\/div>\n<div align=\"justify\" style=\"background: transparent; font-style: normal; font-variant: normal; letter-spacing: normal; line-height: 150%; margin-bottom: 0cm; text-indent: 1.3cm;\">\n<span style=\"color: black;\"><span style=\"font-family: Book Antiqua, serif;\"><span style=\"font-size: x-large;\"><b>Przede<br \/>\nMn\u0105 dom tw\u00f3j i twoje kr\u00f3lestwo b\u0119dzie trwa\u0107 na wieki. Tw\u00f3j tron<br \/>\nb\u0119dzie utwierdzony na wieki\u00bb\u201d.<\/b><\/span><\/span><\/span><\/div>\n<div align=\"justify\" style=\"font-style: normal; font-variant: normal; letter-spacing: normal; line-height: 150%; margin-bottom: 0cm;\">\n<span style=\"font-size: x-large;\"><\/p>\n<p><\/span><\/div>\n<div align=\"justify\" style=\"line-height: 150%; margin-bottom: 0cm;\">\n<span style=\"font-size: x-large;\"><span style=\"color: black;\"><span style=\"font-family: Book Antiqua, serif;\"><b><span style=\"font-variant: normal;\"><span style=\"letter-spacing: normal;\"><span style=\"font-style: normal;\">CZYTANIE<br \/>\nZ LISTU \u015aW<\/span><\/span><\/span><span style=\"font-variant: normal;\"><span style=\"letter-spacing: normal;\"><span style=\"font-style: normal;\">I\u0118TEGO<\/span><\/span><\/span><span style=\"font-variant: normal;\"><span style=\"letter-spacing: normal;\"><span style=\"font-style: normal;\"><br \/>\nPAW\u0141A APOSTO\u0141A DO RZYMIAN: <\/span><\/span><\/span><\/b><\/span><\/span><br \/>\n<\/span><\/div>\n<div align=\"justify\" style=\"background: transparent; font-style: normal; font-variant: normal; letter-spacing: normal; line-height: 150%; margin-bottom: 0cm; page-break-before: auto; text-indent: 1.3cm;\">\n<span style=\"font-size: x-large;\"><span style=\"color: black;\"><span style=\"font-family: Book Antiqua, serif;\"><b>Bracia:<br \/>\nNie od wype\u0142nienia Prawa zosta\u0142a uzale\u017cniona obietnica dana<br \/>\nAbrahamowi i jego potomstwu, \u017ce b\u0119dzie dziedzicem \u015bwiata, ale od<br \/>\nusprawiedliwienia z wiary. <\/b><\/span><\/span><br \/>\n<\/span><\/div>\n<div align=\"justify\" style=\"background: transparent; font-style: normal; font-variant: normal; letter-spacing: normal; line-height: 150%; margin-bottom: 0cm; text-indent: 1.3cm;\">\n<span style=\"font-size: x-large;\"><span style=\"color: black;\"><span style=\"font-family: Book Antiqua, serif;\"><b>I<br \/>\nst\u0105d to dziedzictwo zale\u017cy od wiary, by by\u0142o z \u0142aski i aby w ten<br \/>\nspos\u00f3b obietnica pozosta\u0142a niewzruszona dla ca\u0142ego potomstwa, nie<br \/>\ntylko dla potomstwa opieraj\u0105cego si\u0119 na Prawie, ale i dla tego,<br \/>\nkt\u00f3re ma wiar\u0119 Abrahama. On to jest ojcem nas wszystkich, jak jest<br \/>\nnapisane: \u201eUczyni\u0142em ci\u0119 ojcem wielu narod\u00f3w\u201d przed obliczem<br \/>\nBoga. Jemu on uwierzy\u0142 jako Temu, kt\u00f3ry o\u017cywia umar\u0142ych, i to, co<br \/>\nnie istnieje, powo\u0142uje do istnienia. <\/b><\/span><\/span><br \/>\n<\/span><\/div>\n<div align=\"justify\" style=\"background: transparent; font-style: normal; font-variant: normal; letter-spacing: normal; line-height: 150%; margin-bottom: 0cm; text-indent: 1.3cm;\">\n<span style=\"font-size: x-large;\"><span style=\"color: black;\"><span style=\"font-family: Book Antiqua, serif;\"><b>On<br \/>\nto wbrew nadziei uwierzy\u0142 nadziei, \u017ce stanie si\u0119 ojcem wielu<br \/>\nnarod\u00f3w zgodnie z tym, co by\u0142o powiedziane: \u201eTakie b\u0119dzie twoje<br \/>\npotomstwo\u201d. <\/b><\/span><\/span><br \/>\n<\/span><\/div>\n<div align=\"justify\" style=\"background: transparent; font-style: normal; font-variant: normal; letter-spacing: normal; line-height: 150%; margin-bottom: 0cm; text-indent: 1.3cm;\">\n<span style=\"color: black;\"><span style=\"font-family: Book Antiqua, serif;\"><span style=\"font-size: x-large;\"><b>Dlatego<br \/>\nte\u017c poczytano mu to za sprawiedliwo\u015b\u0107.<\/b><\/span><\/span><\/span><\/div>\n<div align=\"justify\" style=\"font-style: normal; font-variant: normal; letter-spacing: normal; line-height: 150%; margin-bottom: 0cm;\">\n<span style=\"font-size: x-large;\"><\/p>\n<p><\/span><\/div>\n<div align=\"justify\" style=\"line-height: 150%; margin-bottom: 0cm;\">\n<span style=\"font-size: x-large;\"><span style=\"color: black;\"><span style=\"font-family: Book Antiqua, serif;\"><b><span style=\"font-variant: normal;\"><span style=\"letter-spacing: normal;\"><span style=\"font-style: normal;\">S\u0141OWA<br \/>\nEWANGELII WED\u0141UG \u015aW<\/span><\/span><\/span><span style=\"font-variant: normal;\"><span style=\"letter-spacing: normal;\"><span style=\"font-style: normal;\">I\u0118TEGO<\/span><\/span><\/span><span style=\"font-variant: normal;\"><span style=\"letter-spacing: normal;\"><span style=\"font-style: normal;\"><br \/>\nMATEUSZA: <\/span><\/span><\/span><\/b><\/span><\/span><br \/>\n<\/span><\/div>\n<div align=\"justify\" style=\"background: transparent; font-style: normal; font-variant: normal; letter-spacing: normal; line-height: 150%; margin-bottom: 0cm; page-break-before: auto; text-indent: 1.3cm;\">\n<span style=\"font-size: x-large;\"><span style=\"color: black;\"><span style=\"font-family: Book Antiqua, serif;\"><b>Jakub<br \/>\nby\u0142 ojcem J\u00f3zefa, m\u0119\u017ca Maryi, z kt\u00f3rej narodzi\u0142 si\u0119 Jezus,<br \/>\nzwany Chrystusem. <\/b><\/span><\/span><br \/>\n<\/span><\/div>\n<div align=\"justify\" style=\"background: transparent; font-style: normal; font-variant: normal; letter-spacing: normal; line-height: 150%; margin-bottom: 0cm; text-indent: 1.3cm;\">\n<span style=\"font-size: x-large;\"><span style=\"color: black;\"><span style=\"font-family: Book Antiqua, serif;\"><b>Z<br \/>\nnarodzeniem Jezusa Chrystusa by\u0142o tak. Po za\u015blubinach Matki Jego,<br \/>\nMaryi, z J\u00f3zefem, wpierw nim zamieszkali razem, znalaz\u0142a si\u0119<br \/>\nbrzemienn\u0105 za spraw\u0105 Ducha \u015awi\u0119tego. <\/b><\/span><\/span><br \/>\n<\/span><\/div>\n<div align=\"justify\" style=\"background: transparent; font-style: normal; font-variant: normal; letter-spacing: normal; line-height: 150%; margin-bottom: 0cm; text-indent: 1.3cm;\">\n<span style=\"font-size: x-large;\"><span style=\"color: black;\"><span style=\"font-family: Book Antiqua, serif;\"><b>M\u0105\u017c<br \/>\nJej, J\u00f3zef, kt\u00f3ry by\u0142 cz\u0142owiekiem prawym i nie chcia\u0142 narazi\u0107<br \/>\nJej na znies\u0142awienie, zamierza\u0142 oddali\u0107 J\u0105 potajemnie. <\/b><\/span><\/span><br \/>\n<\/span><\/div>\n<div align=\"justify\" style=\"background: transparent; font-style: normal; font-variant: normal; letter-spacing: normal; line-height: 150%; margin-bottom: 0cm; text-indent: 1.3cm;\">\n<span style=\"font-size: x-large;\"><span style=\"color: black;\"><span style=\"font-family: Book Antiqua, serif;\"><b>Gdy<br \/>\npowzi\u0105\u0142 t\u0119 my\u015bl, oto anio\u0142 Pa\u0144ski ukaza\u0142 mu si\u0119 we \u015bnie i<br \/>\nrzek\u0142: \u201eJ\u00f3zefie, synu Dawida, nie b\u00f3j si\u0119 wzi\u0105\u0107 do siebie<br \/>\nMaryi, twej Ma\u0142\u017conki; albowiem z Ducha \u015awi\u0119tego jest to, co si\u0119<br \/>\nw Niej pocz\u0119\u0142o. Porodzi Syna, kt\u00f3remu nadasz imi\u0119 Jezus, On<br \/>\nbowiem zbawi sw\u00f3j lud od jego grzech\u00f3w\u201d. <\/b><\/span><\/span><br \/>\n<\/span><\/div>\n<div align=\"justify\" style=\"background: transparent; font-style: normal; font-variant: normal; letter-spacing: normal; line-height: 150%; margin-bottom: 0cm; text-indent: 1.3cm;\">\n<span style=\"color: black;\"><span style=\"font-family: Book Antiqua, serif;\"><span style=\"font-size: x-large;\"><b>Zbudziwszy<br \/>\nsi\u0119 ze snu, J\u00f3zef uczyni\u0142 tak, jak mu poleci\u0142 anio\u0142 Pa\u0144ski.<\/b><\/span><\/span><\/span><\/div>\n<div align=\"justify\" style=\"font-style: normal; font-variant: normal; font-weight: normal; letter-spacing: normal; line-height: 150%; margin-bottom: 0cm;\">\n<span style=\"font-size: x-large;\"><\/p>\n<p><\/span><\/div>\n<div align=\"center\" style=\"line-height: 150%; margin-bottom: 0cm; page-break-before: auto;\">\n<span style=\"color: black;\"><span style=\"font-family: Book Antiqua, serif;\"><span style=\"font-size: x-large;\"><b>ALBO:<\/b><\/span><\/span><\/span><\/div>\n<div align=\"justify\" style=\"line-height: 150%; margin-bottom: 0cm;\">\n<span style=\"font-size: x-large;\"><\/p>\n<p><\/span><\/div>\n<div align=\"justify\" style=\"line-height: 150%; margin-bottom: 0cm;\">\n<span style=\"color: black;\"><span style=\"font-family: Book Antiqua, serif;\"><span style=\"font-size: x-large;\"><b><strong><span style=\"font-variant: normal;\"><span style=\"letter-spacing: normal;\"><span style=\"font-style: normal;\">S\u0141OWA<br \/>\nEWANGELII WED\u0141UG \u015aWI\u0118TEGO \u0141UKASZA<\/span><\/span><\/span><\/strong>:<\/b><\/span><\/span><\/span><\/div>\n<div align=\"justify\" style=\"background: transparent; font-style: normal; font-variant: normal; letter-spacing: normal; line-height: 150%; margin-bottom: 0cm; page-break-before: auto; text-indent: 1.3cm;\">\n<span style=\"font-size: x-large;\"><span style=\"color: black;\"><span style=\"font-family: Book Antiqua, serif;\"><b>Rodzice<br \/>\nJezusa chodzili co roku do Jerozolimy na \u015awi\u0119to Paschy. Gdy Jezus<br \/>\nmia\u0142 lat dwana\u015bcie, udali si\u0119 tam zwyczajem \u015bwi\u0105tecznym. Kiedy<br \/>\nwracali po sko\u0144czonych uroczysto\u015bciach, zosta\u0142 Jezus w<br \/>\nJerozolimie, a tego nie zauwa\u017cyli Jego Rodzice. Przypuszczaj\u0105c, \u017ce<br \/>\njest w towarzystwie p\u0105tnik\u00f3w, uszli dzie\u0144 drogi i szukali Go w\u015br\u00f3d<br \/>\nkrewnych i znajomych. Gdy Go nie znale\u017ali, wr\u00f3cili do Jerozolimy<br \/>\nszukaj\u0105c Go. <\/b><\/span><\/span><br \/>\n<\/span><\/div>\n<div align=\"justify\" style=\"background: transparent; font-style: normal; font-variant: normal; letter-spacing: normal; line-height: 150%; margin-bottom: 0cm; text-indent: 1.3cm;\">\n<span style=\"color: black;\"><span style=\"font-family: Book Antiqua, serif;\"><span style=\"font-size: x-large;\"><b>Dopiero<br \/>\npo trzech dniach odnale\u017ali Go w \u015bwi\u0105tyni, gdzie siedzia\u0142 mi\u0119dzy<br \/>\nnauczycielami, przys\u0142uchiwa\u0142 si\u0119 im i zadawa\u0142 pytania. Wszyscy<br \/>\nza\u015b, kt\u00f3rzy Go s\u0142uchali, byli zdumieni bystro\u015bci\u0105 Jego umys\u0142u i<br \/>\nodpowiedziami.<\/b><\/span><\/span><\/span><\/div>\n<div align=\"justify\" style=\"background: transparent; font-style: normal; font-variant: normal; letter-spacing: normal; line-height: 150%; margin-bottom: 0cm; text-indent: 1.3cm;\">\n<span style=\"color: black;\"><span style=\"font-family: Book Antiqua, serif;\"><span style=\"font-size: x-large;\"><b>Na<br \/>\nten widok zdziwili si\u0119 bardzo, a Jego Matka rzek\u0142a do Niego: \u201eSynu,<br \/>\nczemu\u015b nam to uczyni\u0142? Oto ojciec Tw\u00f3j i ja z b\u00f3lem serca<br \/>\nszukali\u015bmy Ciebie\u201d.<\/b><\/span><\/span><\/span><\/div>\n<div align=\"justify\" style=\"background: transparent; font-style: normal; font-variant: normal; letter-spacing: normal; line-height: 150%; margin-bottom: 0cm; text-indent: 1.3cm;\">\n<span style=\"color: black;\"><span style=\"font-family: Book Antiqua, serif;\"><span style=\"font-size: x-large;\"><b>Lecz<br \/>\nOn im odpowiedzia\u0142: \u201eCzemu\u015bcie Mnie szukali? Czy nie<br \/>\nwiedzieli\u015bcie, \u017ce powinienem by\u0107 w tym, co nale\u017cy do mego Ojca?\u201d<br \/>\nOni jednak nie zrozumieli tego, co im powiedzia\u0142.<\/b><\/span><\/span><\/span><\/div>\n<div align=\"justify\" style=\"background: transparent; font-style: normal; font-variant: normal; letter-spacing: normal; line-height: 150%; margin-bottom: 0cm; text-indent: 1.3cm;\">\n<span style=\"color: black;\"><span style=\"font-family: Book Antiqua, serif;\"><span style=\"font-size: x-large;\"><b>Potem<br \/>\nposzed\u0142 z nimi i wr\u00f3ci\u0142 do Nazaretu; i by\u0142 im poddany.<\/b><\/span><\/span><\/span><\/div>\n<div align=\"justify\" style=\"background: transparent; font-style: normal; font-variant: normal; letter-spacing: normal; line-height: 150%; margin-bottom: 0cm; text-indent: 1.3cm;\">\n<span style=\"font-size: x-large;\"><\/p>\n<p><\/span><\/div>\n<div align=\"justify\" style=\"background: transparent; font-style: normal; font-variant: normal; font-weight: normal; letter-spacing: normal; line-height: 150%; margin-bottom: 0cm; text-indent: 1.3cm;\">\n<span style=\"font-size: x-large;\"><span style=\"color: black;\"><span style=\"font-family: Book Antiqua, serif;\">Wspominamy<br \/>\ndzisiaj w liturgii Ko\u015bcio\u0142a Cz\u0142owieka, kt\u00f3remu B\u00f3g powierzy\u0142<br \/>\n<b>bardzo wyj\u0105tkow\u0105 misj\u0119<\/b> \u2013 jedyn\u0105 w swoim rodzaju, nie<br \/>\nmaj\u0105c\u0105 podobnej sobie ani wcze\u015bniej, ani p\u00f3\u017aniej. By\u0142a to misja<br \/>\n<b>ziemskiego Ojca<\/b> Zbawiciela \u015bwiata. Tak, ziemskiego, bo tym<br \/>\nrzeczywistym i jedynym Ojcem Jezusa Chrystusa jest <b>Ojciec<br \/>\nNiebieski.<\/b> Trudno jednak powiedzie\u0107, \u017ce Jezus mia\u0142 dw\u00f3ch<br \/>\nOjc\u00f3w. Mia\u0142 jednego \u2013 w\u0142a\u015bnie Boga \u2013 kt\u00f3rego <b>znakiem tu,<br \/>\nna ziemi, by\u0142 \u015awi\u0119ty J\u00f3zef.<\/b> <\/span><\/span><br \/>\n<\/span><\/div>\n<div align=\"justify\" style=\"background: transparent; font-style: normal; font-variant: normal; font-weight: normal; letter-spacing: normal; line-height: 150%; margin-bottom: 0cm; text-indent: 1.3cm;\">\n<span style=\"font-size: x-large;\"><span style=\"color: black;\"><span style=\"font-family: Book Antiqua, serif;\">Bo<br \/>\nnawet chocia\u017cby przeznaczony na dzisiejszy dzie\u0144 fragment Ewangelii<br \/>\nwed\u0142ug \u015awi\u0119tego Mateusza jasno u\u015bwiadamia nam, \u017ce J\u00f3zef<br \/>\nopiekowa\u0142 si\u0119 swoj\u0105 Ma\u0142\u017conk\u0105 i przybranym Synem <b>dok\u0142adnie<br \/>\ntak, jak poleci\u0142 Mu B\u00f3g.<\/b> Mo\u017cna powiedzie\u0107, \u017ce B\u00f3g sam<br \/>\nudziela\u0142 Mu w tej sprawie instrukcji \u2013 czasami bardzo<br \/>\nprecyzyjnych. A J\u00f3zef <b>dok\u0142adnie wed\u0142ug nich<\/b> realizowa\u0142<br \/>\nswoj\u0105 misj\u0119. <\/span><\/span><br \/>\n<\/span><\/div>\n<div align=\"justify\" style=\"background: transparent; font-style: normal; font-variant: normal; font-weight: normal; letter-spacing: normal; line-height: 150%; margin-bottom: 0cm; text-indent: 1.3cm;\">\n<span style=\"font-size: x-large;\"><span style=\"color: black;\"><span style=\"font-family: Book Antiqua, serif;\">I<br \/>\noto dzisiaj takiemu w\u0142a\u015bnie bardzo wyj\u0105tkowemu Cz\u0142owiekowi<br \/>\noddajemy cze\u015b\u0107. Jako rzekli\u015bmy, <b>nikt przed Nim i nikt po Nim<\/b><br \/>\nnie otrzyma\u0142 takiego zadania. By\u0142 ziemskim Przewodnikiem i<br \/>\nNauczycielem Bo\u017cego Syna \u2013 Nauczycielem \u017cycia. Wprowadza\u0142 Go w<br \/>\ncodzienne, zwyk\u0142e sprawy. <b>Po prostu \u2013 wychowywa\u0142. Jak ka\u017cdy<br \/>\ndobry ojciec.<\/b> <\/span><\/span><br \/>\n<\/span><\/div>\n<div align=\"justify\" style=\"background: transparent; font-style: normal; font-variant: normal; font-weight: normal; letter-spacing: normal; line-height: 150%; margin-bottom: 0cm; text-indent: 1.3cm;\">\n<span style=\"font-size: x-large;\"><span style=\"color: black;\"><span style=\"font-family: Book Antiqua, serif;\">Ale<br \/>\njednocze\u015bnie \u2013 <b>by\u0142 S\u0142ug\u0105 swego Syna. <\/b>Ca\u0142e \u017cycie Mu<br \/>\npo\u015bwi\u0119ci\u0142. I swojej misji po\u015bwi\u0119ci\u0142 \u017cycie. Jednym ze znak\u00f3w<br \/>\ntego totalnego po\u015bwi\u0119cenia jest to, \u017ce w Pi\u015bmie \u015awi\u0119tym <b>nie<br \/>\nznajdziemy ani<\/b> <b>jednego s\u0142owa,<\/b> wypowiedzianego przez<br \/>\nJ\u00f3zefa. Jego obecno\u015b\u0107 w og\u00f3le jest bardzo dyskretna, cicha, ma\u0142o<br \/>\nzauwa\u017calna\u2026 On ca\u0142y czas jest na uboczu, <b>jest do dyspozycji,<\/b><br \/>\ngotowy spe\u0142nia\u0107 kolejne zadania, zwi\u0105zane z opiek\u0105 nad \u015awi\u0119t\u0105<br \/>\nRodzin\u0105. <\/span><\/span><br \/>\n<\/span><\/div>\n<div align=\"justify\" style=\"background: transparent; font-style: normal; font-variant: normal; font-weight: normal; letter-spacing: normal; line-height: 150%; margin-bottom: 0cm; text-indent: 1.3cm;\">\n<span style=\"font-size: x-large;\"><span style=\"color: black;\"><span style=\"font-family: Book Antiqua, serif;\">Dlatego<br \/>\nchc\u0105c co\u015b o Nim us\u0142ysze\u0107, albo przeczyta\u0107, by te\u017c m\u00f3c co\u015b na<br \/>\nJego temat powiedzie\u0107, musimy si\u0119 niejako <b>doszukiwa\u0107 Jego<br \/>\n\u201e\u015blad\u00f3w\u201d<\/b> na kartach Pisma \u015awi\u0119tego. <\/span><\/span><br \/>\n<\/span><\/div>\n<div align=\"justify\" style=\"background: transparent; font-style: normal; font-variant: normal; font-weight: normal; letter-spacing: normal; line-height: 150%; margin-bottom: 0cm; text-indent: 1.3cm;\">\n<span style=\"font-size: x-large;\"><span style=\"color: black;\"><span style=\"font-family: Book Antiqua, serif;\">Z<br \/>\npewno\u015bci\u0105, takim \u015bladem \u2013 w pierwszym dzisiejszym czytaniu \u2013<br \/>\njest stwierdzenie <b>o Potomku Dawida.<\/b> Przy czym owym Potomkiem<br \/>\njest Jezus, chocia\u017c genealogia Jezusa, zapisana w Ewangelii<br \/>\nMateusza, z kt\u00f3rej dzisiaj s\u0142yszymy tylko ostatnie zdanie: <i><b>Jakub<br \/>\nby\u0142 ojcem J\u00f3zefa, m\u0119\u017ca Maryi, z kt\u00f3rej narodzi\u0142 si\u0119 Jezus,<br \/>\nzwany Chrystusem<\/b><\/i><b> \u2013 <\/b>wskazuje, \u017ce w tym wymiarze<br \/>\ndos\u0142ownym chodzi o J\u00f3zefa. W sensie duchowym jednak chodzi o<br \/>\nJezusa, a <b>J\u00f3zef jest tu\u017c przy Nim. <\/b>I to jest ten jeden<br \/>\n\u201e\u015blad\u201d J\u00f3zefa. <\/span><\/span><br \/>\n<\/span><\/div>\n<div align=\"justify\" style=\"background: transparent; font-style: normal; font-variant: normal; font-weight: normal; letter-spacing: normal; line-height: 150%; margin-bottom: 0cm; text-indent: 1.3cm;\">\n<span style=\"font-size: x-large;\"><span style=\"color: black;\"><span style=\"font-family: Book Antiqua, serif;\">Drugi<br \/>\nodnajdujemy w drugim czytaniu, gdzie mowa jest o <b>wierze Abrahama<\/b><br \/>\n\u2013 i o wierze na wz\u00f3r wiary Abrahama. Abraham <i><b>wbrew nadziei<br \/>\nuwierzy\u0142 nadziei. <\/b><\/i>I J\u00f3zef te\u017c. I to jest drugi \u201e\u015blad\u201d<br \/>\nJ\u00f3zefa w dzisiejszej liturgii S\u0142owa. <\/span><\/span><br \/>\n<\/span><\/div>\n<div align=\"justify\" style=\"background: transparent; font-style: normal; font-variant: normal; font-weight: normal; letter-spacing: normal; line-height: 150%; margin-bottom: 0cm; text-indent: 1.3cm;\">\n<span style=\"font-size: x-large;\"><span style=\"color: black;\"><span style=\"font-family: Book Antiqua, serif;\">I<br \/>\npewnie takich znak\u00f3w, \u015blad\u00f3w, analogii jeszcze troch\u0119 mogliby\u015bmy<br \/>\nwskaza\u0107, widz\u0105c w poszczeg\u00f3lnych postaciach biblijnych<br \/>\n<b>podobie\u0144stwo do postaci J\u00f3zefa,<\/b> gdy idzie o zaufanie Bogu.<br \/>\nNatomiast gdy idzie o specyfik\u0119 Jego misji \u2013 \u017ceby to jeszcze raz<br \/>\nmocno podkre\u015bli\u0107 i zaakcentowa\u0107 \u2013 <b>\u017cadnej analogii nie ma!<\/b><br \/>\nJ\u00f3zef jest kim\u015b absolutnie wyj\u0105tkowym. <\/span><\/span><br \/>\n<\/span><\/div>\n<div align=\"justify\" style=\"background: transparent; font-style: normal; font-variant: normal; font-weight: normal; letter-spacing: normal; line-height: 150%; margin-bottom: 0cm; text-indent: 1.3cm;\">\n<span style=\"color: black;\"><span style=\"font-family: Book Antiqua, serif;\"><span style=\"font-size: x-large;\">Tak\u017ce<br \/>\nw tej swojej niezwyk\u0142ej<b> ciszy i dyskrecji, <\/b>w tej swojej<br \/>\n<b>szczeg\u00f3lnej dyspozycyjno\u015bci,<\/b> w swojej <b>blisko\u015bci z<br \/>\nJezusem\u2026<\/b> A ju\u017c na pewno \u2013 w swojej <b>wierze i bezgranicznym<br \/>\nzaufaniu <\/b>do Boga, oraz <b>w pos\u0142usze\u0144stwie,<\/b> z jakim<br \/>\nwykonywa\u0142 kolejne Bo\u017ce zadania, by uchroni\u0107 swoj\u0105 Rodzin\u0119 przed<br \/>\nsro\u017c\u0105cymi si\u0119 przed ni\u0105 zagro\u017ceniami\u2026<\/span><\/span><\/span><\/div>\n<div align=\"justify\" style=\"background: transparent; font-style: normal; font-variant: normal; font-weight: normal; letter-spacing: normal; line-height: 150%; margin-bottom: 0cm; text-indent: 1.3cm;\">\n<span style=\"color: black;\"><span style=\"font-family: Book Antiqua, serif;\"><span style=\"font-size: x-large;\">W<br \/>\nkt\u00f3rej z tych postaw chc\u0119 \u2013 b\u0119d\u0119 \u2013 postaram si\u0119 \u2013<br \/>\n<b>na\u015bladowa\u0107 dzisiejszego Patrona?<\/b> A mo\u017ce ju\u017c Go na\u015bladuj\u0119?\u2026<\/span><\/span><\/span><\/div>\n","protected":false},"excerpt":{"rendered":"<p>Szcz\u0119\u015b\u0107 Bo\u017ce! Moi Drodzy, w dniu dzisiejszym imieniny prze\u017cywaj\u0105: \u2013 J\u00f3zef Bronisz, bardzo mi bliski i \u017cyczliwy Cz\u0142owiek z Parafii w Radory\u017cu Ko\u015bcielnym; \u2013 Ojciec J\u00f3zef Czernecki, Oblat, niegdy\u015b pos\u0142uguj\u0105cy w Kodniu, a obecnie Ekonom ca\u0142ej polskiej Prowincji Oblat\u00f3w; \u2013 Klaudia Ko\u0142odziejczuk, anga\u017cuj\u0105ca si\u0119 w swoim czasie w dzia\u0142alno\u015b\u0107 m\u0142odzie\u017cowych Wsp\u00f3lnot. Urodziny natomiast prze\u017cywa Szymon [&hellip;]<\/p>\n","protected":false},"author":1,"featured_media":0,"comment_status":"open","ping_status":"open","sticky":false,"template":"","format":"standard","meta":{"jetpack_post_was_ever_published":false,"_jetpack_newsletter_access":"","_jetpack_dont_email_post_to_subs":false,"_jetpack_newsletter_tier_id":0,"_jetpack_memberships_contains_paywalled_content":false,"_jetpack_memberships_contains_paid_content":false,"footnotes":""},"categories":[1],"tags":[],"class_list":["post-14659","post","type-post","status-publish","format-standard","hentry","category-bez-kategorii"],"yoast_head":"<!-- This site is optimized with the Yoast SEO plugin v25.1 - https:\/\/yoast.com\/wordpress\/plugins\/seo\/ -->\n<title>&quot;\u015alady&quot; \u015awi\u0119tego J\u00f3zefa... - Gaudium Et Spes<\/title>\n<meta name=\"robots\" content=\"index, follow, max-snippet:-1, max-image-preview:large, max-video-preview:-1\" \/>\n<link rel=\"canonical\" href=\"https:\/\/gaudiumetspes-blog.pl\/index.php\/2019\/03\/19\/slady-swietego-jozefa\/\" \/>\n<meta property=\"og:locale\" content=\"pl_PL\" \/>\n<meta property=\"og:type\" content=\"article\" \/>\n<meta property=\"og:title\" content=\"&quot;\u015alady&quot; \u015awi\u0119tego J\u00f3zefa... - Gaudium Et Spes\" \/>\n<meta property=\"og:description\" content=\"Szcz\u0119\u015b\u0107 Bo\u017ce! Moi Drodzy, w dniu dzisiejszym imieniny prze\u017cywaj\u0105: \u2013 J\u00f3zef Bronisz, bardzo mi bliski i \u017cyczliwy Cz\u0142owiek z Parafii w Radory\u017cu Ko\u015bcielnym; \u2013 Ojciec J\u00f3zef Czernecki, Oblat, niegdy\u015b pos\u0142uguj\u0105cy w Kodniu, a obecnie Ekonom ca\u0142ej polskiej Prowincji Oblat\u00f3w; \u2013 Klaudia Ko\u0142odziejczuk, anga\u017cuj\u0105ca si\u0119 w swoim czasie w dzia\u0142alno\u015b\u0107 m\u0142odzie\u017cowych Wsp\u00f3lnot. Urodziny natomiast prze\u017cywa Szymon [&hellip;]\" \/>\n<meta property=\"og:url\" content=\"https:\/\/gaudiumetspes-blog.pl\/index.php\/2019\/03\/19\/slady-swietego-jozefa\/\" \/>\n<meta property=\"og:site_name\" content=\"Gaudium Et Spes\" \/>\n<meta property=\"article:published_time\" content=\"2019-03-19T04:44:00+00:00\" \/>\n<meta property=\"article:modified_time\" content=\"2019-07-31T11:00:44+00:00\" \/>\n<meta name=\"author\" content=\"Ks. Jacek\" \/>\n<meta name=\"twitter:card\" content=\"summary_large_image\" \/>\n<meta name=\"twitter:label1\" content=\"Napisane przez\" \/>\n\t<meta name=\"twitter:data1\" content=\"Ks. Jacek\" \/>\n\t<meta name=\"twitter:label2\" content=\"Szacowany czas czytania\" \/>\n\t<meta name=\"twitter:data2\" content=\"7 minut\" \/>\n<script type=\"application\/ld+json\" class=\"yoast-schema-graph\">{\"@context\":\"https:\/\/schema.org\",\"@graph\":[{\"@type\":\"WebPage\",\"@id\":\"https:\/\/gaudiumetspes-blog.pl\/index.php\/2019\/03\/19\/slady-swietego-jozefa\/\",\"url\":\"https:\/\/gaudiumetspes-blog.pl\/index.php\/2019\/03\/19\/slady-swietego-jozefa\/\",\"name\":\"\\\"\u015alady\\\" \u015awi\u0119tego J\u00f3zefa... - Gaudium Et Spes\",\"isPartOf\":{\"@id\":\"https:\/\/gaudiumetspes-blog.pl\/#website\"},\"datePublished\":\"2019-03-19T04:44:00+00:00\",\"dateModified\":\"2019-07-31T11:00:44+00:00\",\"author\":{\"@id\":\"https:\/\/gaudiumetspes-blog.pl\/#\/schema\/person\/1661982992b752dea8dff0d4ed845a65\"},\"breadcrumb\":{\"@id\":\"https:\/\/gaudiumetspes-blog.pl\/index.php\/2019\/03\/19\/slady-swietego-jozefa\/#breadcrumb\"},\"inLanguage\":\"pl-PL\",\"potentialAction\":[{\"@type\":\"ReadAction\",\"target\":[\"https:\/\/gaudiumetspes-blog.pl\/index.php\/2019\/03\/19\/slady-swietego-jozefa\/\"]}]},{\"@type\":\"BreadcrumbList\",\"@id\":\"https:\/\/gaudiumetspes-blog.pl\/index.php\/2019\/03\/19\/slady-swietego-jozefa\/#breadcrumb\",\"itemListElement\":[{\"@type\":\"ListItem\",\"position\":1,\"name\":\"Strona g\u0142\u00f3wna\",\"item\":\"https:\/\/gaudiumetspes-blog.pl\/\"},{\"@type\":\"ListItem\",\"position\":2,\"name\":\"&#8222;\u015alady&#8221; \u015awi\u0119tego J\u00f3zefa&#8230;\"}]},{\"@type\":\"WebSite\",\"@id\":\"https:\/\/gaudiumetspes-blog.pl\/#website\",\"url\":\"https:\/\/gaudiumetspes-blog.pl\/\",\"name\":\"Gaudium Et Spes\",\"description\":\"Blog Ks. Jacka Ja\u015bkowskiego\",\"potentialAction\":[{\"@type\":\"SearchAction\",\"target\":{\"@type\":\"EntryPoint\",\"urlTemplate\":\"https:\/\/gaudiumetspes-blog.pl\/?s={search_term_string}\"},\"query-input\":{\"@type\":\"PropertyValueSpecification\",\"valueRequired\":true,\"valueName\":\"search_term_string\"}}],\"inLanguage\":\"pl-PL\"},{\"@type\":\"Person\",\"@id\":\"https:\/\/gaudiumetspes-blog.pl\/#\/schema\/person\/1661982992b752dea8dff0d4ed845a65\",\"name\":\"Ks. Jacek\",\"image\":{\"@type\":\"ImageObject\",\"inLanguage\":\"pl-PL\",\"@id\":\"https:\/\/gaudiumetspes-blog.pl\/#\/schema\/person\/image\/\",\"url\":\"https:\/\/gaudiumetspes-blog.pl\/wp-content\/uploads\/2019\/07\/avatar-JJ-150x150.jpg\",\"contentUrl\":\"https:\/\/gaudiumetspes-blog.pl\/wp-content\/uploads\/2019\/07\/avatar-JJ-150x150.jpg\",\"caption\":\"Ks. Jacek\"},\"description\":\"Witam serdecznie! K\u0142ania si\u0119 Ks. Jacek Ja\u015bkowski. Nie jestem ani kim\u015b wa\u017cnym, ani kim\u015b znanym. Jestem ksi\u0119dzem, kt\u00f3ry po prostu chce rozmawia\u0107. Codzienna kap\u0142a\u0144ska pos\u0142uga pokazuje mi, \u017ce temat\u00f3w do rozm\u00f3w z ksi\u0119dzem jest coraz wi\u0119cej i dzisiaj \u017caden ksi\u0105dz nie mo\u017ce od nich ucieka\u0107, ale - wprost przeciwnie - podejmowa\u0107 nowe wyzwania. To przekonanie sk\u0142oni\u0142o mnie do pr\u00f3by otwarcia tego\u017c bloga, chocia\u017c okazji do rozm\u00f3w na co dzie\u0144 - w konfesjonale i poza nim - na szcz\u0119\u015bcie nie brakuje. My\u015bl\u0119 jednak, \u017ce ten blog b\u0119dzie jeszcze jednym sposobem i przestrzeni\u0105 nawi\u0105zania kontaktu z lud\u017ami dobrej woli, otwartymi na dialog.\",\"url\":\"https:\/\/gaudiumetspes-blog.pl\/index.php\/author\/ks-jacek\/\"}]}<\/script>\n<!-- \/ Yoast SEO plugin. -->","yoast_head_json":{"title":"\"\u015alady\" \u015awi\u0119tego J\u00f3zefa... - Gaudium Et Spes","robots":{"index":"index","follow":"follow","max-snippet":"max-snippet:-1","max-image-preview":"max-image-preview:large","max-video-preview":"max-video-preview:-1"},"canonical":"https:\/\/gaudiumetspes-blog.pl\/index.php\/2019\/03\/19\/slady-swietego-jozefa\/","og_locale":"pl_PL","og_type":"article","og_title":"\"\u015alady\" \u015awi\u0119tego J\u00f3zefa... - Gaudium Et Spes","og_description":"Szcz\u0119\u015b\u0107 Bo\u017ce! Moi Drodzy, w dniu dzisiejszym imieniny prze\u017cywaj\u0105: \u2013 J\u00f3zef Bronisz, bardzo mi bliski i \u017cyczliwy Cz\u0142owiek z Parafii w Radory\u017cu Ko\u015bcielnym; \u2013 Ojciec J\u00f3zef Czernecki, Oblat, niegdy\u015b pos\u0142uguj\u0105cy w Kodniu, a obecnie Ekonom ca\u0142ej polskiej Prowincji Oblat\u00f3w; \u2013 Klaudia Ko\u0142odziejczuk, anga\u017cuj\u0105ca si\u0119 w swoim czasie w dzia\u0142alno\u015b\u0107 m\u0142odzie\u017cowych Wsp\u00f3lnot. Urodziny natomiast prze\u017cywa Szymon [&hellip;]","og_url":"https:\/\/gaudiumetspes-blog.pl\/index.php\/2019\/03\/19\/slady-swietego-jozefa\/","og_site_name":"Gaudium Et Spes","article_published_time":"2019-03-19T04:44:00+00:00","article_modified_time":"2019-07-31T11:00:44+00:00","author":"Ks. Jacek","twitter_card":"summary_large_image","twitter_misc":{"Napisane przez":"Ks. Jacek","Szacowany czas czytania":"7 minut"},"schema":{"@context":"https:\/\/schema.org","@graph":[{"@type":"WebPage","@id":"https:\/\/gaudiumetspes-blog.pl\/index.php\/2019\/03\/19\/slady-swietego-jozefa\/","url":"https:\/\/gaudiumetspes-blog.pl\/index.php\/2019\/03\/19\/slady-swietego-jozefa\/","name":"\"\u015alady\" \u015awi\u0119tego J\u00f3zefa... - Gaudium Et Spes","isPartOf":{"@id":"https:\/\/gaudiumetspes-blog.pl\/#website"},"datePublished":"2019-03-19T04:44:00+00:00","dateModified":"2019-07-31T11:00:44+00:00","author":{"@id":"https:\/\/gaudiumetspes-blog.pl\/#\/schema\/person\/1661982992b752dea8dff0d4ed845a65"},"breadcrumb":{"@id":"https:\/\/gaudiumetspes-blog.pl\/index.php\/2019\/03\/19\/slady-swietego-jozefa\/#breadcrumb"},"inLanguage":"pl-PL","potentialAction":[{"@type":"ReadAction","target":["https:\/\/gaudiumetspes-blog.pl\/index.php\/2019\/03\/19\/slady-swietego-jozefa\/"]}]},{"@type":"BreadcrumbList","@id":"https:\/\/gaudiumetspes-blog.pl\/index.php\/2019\/03\/19\/slady-swietego-jozefa\/#breadcrumb","itemListElement":[{"@type":"ListItem","position":1,"name":"Strona g\u0142\u00f3wna","item":"https:\/\/gaudiumetspes-blog.pl\/"},{"@type":"ListItem","position":2,"name":"&#8222;\u015alady&#8221; \u015awi\u0119tego J\u00f3zefa&#8230;"}]},{"@type":"WebSite","@id":"https:\/\/gaudiumetspes-blog.pl\/#website","url":"https:\/\/gaudiumetspes-blog.pl\/","name":"Gaudium Et Spes","description":"Blog Ks. Jacka Ja\u015bkowskiego","potentialAction":[{"@type":"SearchAction","target":{"@type":"EntryPoint","urlTemplate":"https:\/\/gaudiumetspes-blog.pl\/?s={search_term_string}"},"query-input":{"@type":"PropertyValueSpecification","valueRequired":true,"valueName":"search_term_string"}}],"inLanguage":"pl-PL"},{"@type":"Person","@id":"https:\/\/gaudiumetspes-blog.pl\/#\/schema\/person\/1661982992b752dea8dff0d4ed845a65","name":"Ks. Jacek","image":{"@type":"ImageObject","inLanguage":"pl-PL","@id":"https:\/\/gaudiumetspes-blog.pl\/#\/schema\/person\/image\/","url":"https:\/\/gaudiumetspes-blog.pl\/wp-content\/uploads\/2019\/07\/avatar-JJ-150x150.jpg","contentUrl":"https:\/\/gaudiumetspes-blog.pl\/wp-content\/uploads\/2019\/07\/avatar-JJ-150x150.jpg","caption":"Ks. Jacek"},"description":"Witam serdecznie! K\u0142ania si\u0119 Ks. Jacek Ja\u015bkowski. Nie jestem ani kim\u015b wa\u017cnym, ani kim\u015b znanym. Jestem ksi\u0119dzem, kt\u00f3ry po prostu chce rozmawia\u0107. Codzienna kap\u0142a\u0144ska pos\u0142uga pokazuje mi, \u017ce temat\u00f3w do rozm\u00f3w z ksi\u0119dzem jest coraz wi\u0119cej i dzisiaj \u017caden ksi\u0105dz nie mo\u017ce od nich ucieka\u0107, ale - wprost przeciwnie - podejmowa\u0107 nowe wyzwania. To przekonanie sk\u0142oni\u0142o mnie do pr\u00f3by otwarcia tego\u017c bloga, chocia\u017c okazji do rozm\u00f3w na co dzie\u0144 - w konfesjonale i poza nim - na szcz\u0119\u015bcie nie brakuje. My\u015bl\u0119 jednak, \u017ce ten blog b\u0119dzie jeszcze jednym sposobem i przestrzeni\u0105 nawi\u0105zania kontaktu z lud\u017ami dobrej woli, otwartymi na dialog.","url":"https:\/\/gaudiumetspes-blog.pl\/index.php\/author\/ks-jacek\/"}]}},"jetpack_featured_media_url":"","jetpack_sharing_enabled":true,"_links":{"self":[{"href":"https:\/\/gaudiumetspes-blog.pl\/index.php\/wp-json\/wp\/v2\/posts\/14659","targetHints":{"allow":["GET"]}}],"collection":[{"href":"https:\/\/gaudiumetspes-blog.pl\/index.php\/wp-json\/wp\/v2\/posts"}],"about":[{"href":"https:\/\/gaudiumetspes-blog.pl\/index.php\/wp-json\/wp\/v2\/types\/post"}],"author":[{"embeddable":true,"href":"https:\/\/gaudiumetspes-blog.pl\/index.php\/wp-json\/wp\/v2\/users\/1"}],"replies":[{"embeddable":true,"href":"https:\/\/gaudiumetspes-blog.pl\/index.php\/wp-json\/wp\/v2\/comments?post=14659"}],"version-history":[{"count":1,"href":"https:\/\/gaudiumetspes-blog.pl\/index.php\/wp-json\/wp\/v2\/posts\/14659\/revisions"}],"predecessor-version":[{"id":15029,"href":"https:\/\/gaudiumetspes-blog.pl\/index.php\/wp-json\/wp\/v2\/posts\/14659\/revisions\/15029"}],"wp:attachment":[{"href":"https:\/\/gaudiumetspes-blog.pl\/index.php\/wp-json\/wp\/v2\/media?parent=14659"}],"wp:term":[{"taxonomy":"category","embeddable":true,"href":"https:\/\/gaudiumetspes-blog.pl\/index.php\/wp-json\/wp\/v2\/categories?post=14659"},{"taxonomy":"post_tag","embeddable":true,"href":"https:\/\/gaudiumetspes-blog.pl\/index.php\/wp-json\/wp\/v2\/tags?post=14659"}],"curies":[{"name":"wp","href":"https:\/\/api.w.org\/{rel}","templated":true}]}}