{"id":14660,"date":"2019-03-18T04:53:00","date_gmt":"2019-03-18T03:53:00","guid":{"rendered":"https:\/\/gaudiumetspes-blog.pl\/index.php\/2019\/03\/18\/wielki-post-czas-prawdy\/"},"modified":"2019-07-31T13:00:44","modified_gmt":"2019-07-31T11:00:44","slug":"wielki-post-czas-prawdy","status":"publish","type":"post","link":"https:\/\/gaudiumetspes-blog.pl\/index.php\/2019\/03\/18\/wielki-post-czas-prawdy\/","title":{"rendered":"Wielki Post &#8211; czas prawdy"},"content":{"rendered":"<p><\/p>\n<div align=\"justify\" style=\"font-weight: normal; line-height: 150%; margin-bottom: 0cm;\">\n<span style=\"color: black;\"><span style=\"font-family: Book Antiqua, serif;\"><span style=\"font-size: x-large;\">Szcz\u0119\u015b\u0107<br \/>\nBo\u017ce! Moi Drodzy, w dniu dzisiejszym <b>urodziny prze\u017cywa Siostra<br \/>\nJoanna Andruszczyszyna, wsp\u00f3\u0142pracuj\u0105ca z Ksi\u0119dzem Markiem na<br \/>\nSyberii. Niech Jej Pan b\u0142ogos\u0142awi w pos\u0142udze i czyni J\u0105<br \/>\ncodziennie coraz wi\u0119kszym Darem dla ludzi! Zapewniam o modlitwie.<\/b><\/span><\/span><\/span><\/div>\n<div align=\"justify\" style=\"background: transparent; font-weight: normal; line-height: 150%; margin-bottom: 0cm; page-break-before: auto; text-indent: 1.3cm;\">\n<span style=\"color: black;\"><span style=\"font-family: Book Antiqua, serif;\"><span style=\"font-size: x-large;\">A<br \/>\nWszystkim \u017cycz\u0119 b\u0142ogos\u0142awionego dnia!<\/span><\/span><\/span><\/div>\n<div align=\"center\" style=\"font-weight: normal; line-height: 150%; margin-bottom: 0cm;\">\n<span style=\"color: black;\"><span style=\"font-family: Book Antiqua, serif;\"><span style=\"font-size: x-large;\">Gaudium<br \/>\net spes!  Ks. Jacek<\/span><\/span><\/span><\/div>\n<div align=\"justify\" style=\"line-height: 150%; margin-bottom: 0cm;\">\n<span style=\"font-size: x-large;\"><\/p>\n<p><\/span><\/div>\n<div align=\"justify\" style=\"line-height: 150%; margin-bottom: 0cm;\">\n<span style=\"color: black;\"><span style=\"font-family: Book Antiqua, serif;\"><span style=\"font-size: x-large;\"><b>Poniedzia\u0142ek<br \/>\n2 Tygodnia Wielkiego Postu,<\/b><\/span><\/span><\/span><\/div>\n<div align=\"justify\" style=\"line-height: 150%; margin-bottom: 0cm;\">\n<span style=\"color: black;\"><span style=\"font-family: Book Antiqua, serif;\"><span style=\"font-size: x-large;\"><b>do<br \/>\nczyta\u0144:  Dn 9,4b\u201310;  \u0141k 6,36\u201338<\/b><\/span><\/span><\/span><\/div>\n<div align=\"justify\" style=\"line-height: 150%; margin-bottom: 0cm;\">\n<span style=\"font-size: x-large;\"><\/p>\n<p><\/span><\/div>\n<div align=\"justify\" style=\"font-style: normal; font-variant: normal; letter-spacing: normal; line-height: 150%; margin-bottom: 0cm; page-break-before: auto;\">\n<span style=\"font-size: x-large;\"><span style=\"color: black;\"><span style=\"font-family: Book Antiqua, serif;\"><b>CZYTANIE<br \/>\nZ KSI\u0118GI PROROKA DANIELA: <\/b><\/span><\/span><br \/>\n<\/span><\/div>\n<div align=\"justify\" style=\"font-style: normal; font-variant: normal; letter-spacing: normal; line-height: 150%; margin-bottom: 0cm; page-break-before: auto; text-indent: 1.3cm;\">\n<span style=\"font-size: x-large;\"><span style=\"color: black;\"><span style=\"font-family: Book Antiqua, serif;\"><b>O<br \/>\nPanie m\u00f3j, Bo\u017ce wielki i straszliwy, kt\u00f3ry dochowujesz wiernie<br \/>\nprzymierza tym, co Ciebie kochaj\u0105 i przestrzegaj\u0105 Twoich przykaza\u0144!<br \/>\n<\/b><\/span><\/span><br \/>\n<\/span><\/div>\n<div align=\"justify\" style=\"font-style: normal; font-variant: normal; letter-spacing: normal; line-height: 150%; margin-bottom: 0cm; text-indent: 1.3cm;\">\n<span style=\"font-size: x-large;\"><span style=\"color: black;\"><span style=\"font-family: Book Antiqua, serif;\"><b>Zgrzeszyli\u015bmy,<br \/>\nzb\u0142\u0105dzili\u015bmy, pope\u0142nili\u015bmy nieprawo\u015b\u0107 i zbuntowali\u015bmy si\u0119,<br \/>\nodst\u0105pili\u015bmy od Twoich przykaza\u0144. Nie byli\u015bmy pos\u0142uszni Twoim<br \/>\ns\u0142ugom, prorokom, kt\u00f3rzy przemawiali w Twoim imieniu do naszych<br \/>\nkr\u00f3l\u00f3w, do naszych przyw\u00f3dc\u00f3w, do naszych przodk\u00f3w i do ca\u0142ego<br \/>\nnarodu kraju. <\/b><\/span><\/span><br \/>\n<\/span><\/div>\n<div align=\"justify\" style=\"font-style: normal; font-variant: normal; letter-spacing: normal; line-height: 150%; margin-bottom: 0cm; text-indent: 1.3cm;\">\n<span style=\"font-size: x-large;\"><span style=\"color: black;\"><span style=\"font-family: Book Antiqua, serif;\"><b>Tobie,<br \/>\nPanie, nale\u017cy si\u0119 sprawiedliwo\u015b\u0107, nam za\u015b wstyd na twarzach, jak<br \/>\nto jest dzi\u015b: mieszka\u0144com Judy i Jerozolimy oraz ca\u0142emu Izraelowi,<br \/>\nbliskim i dalekim we wszystkich krajach, do kt\u00f3rych ich wyp\u0119dzi\u0142e\u015b<br \/>\nz powodu niewierno\u015bci, jak\u0105 Ci okazali. <\/b><\/span><\/span><br \/>\n<\/span><\/div>\n<div align=\"justify\" style=\"font-style: normal; font-variant: normal; letter-spacing: normal; line-height: 150%; margin-bottom: 0cm; text-indent: 1.3cm;\">\n<span style=\"color: black;\"><span style=\"font-family: Book Antiqua, serif;\"><span style=\"font-size: x-large;\"><b>Panie!<br \/>\nWstyd na twarzach niech okrywa nas, naszych kr\u00f3l\u00f3w, naszych<br \/>\nprzyw\u00f3dc\u00f3w i naszych przodk\u00f3w, bo zgrzeszyli\u015bmy przeciw Tobie.<br \/>\nPan za\u015b, nasz B\u00f3g, jest mi\u0142osierny i okazuje \u0142askawo\u015b\u0107, mimo \u017ce<br \/>\nzbuntowali\u015bmy si\u0119 przeciw Niemu i nie s\u0142uchali\u015bmy g\u0142osu Pana,<br \/>\nnaszego Boga, by post\u0119powa\u0107 wed\u0142ug Jego wskaza\u0144, kt\u00f3re nam da\u0142<br \/>\nprzez swoje s\u0142ugi, prorok\u00f3w.<\/b><\/span><\/span><\/span><\/div>\n<div align=\"justify\" style=\"line-height: 150%; margin-bottom: 0cm;\">\n<span style=\"font-size: x-large;\"><\/p>\n<p><\/span><\/div>\n<div align=\"justify\" style=\"line-height: 150%; margin-bottom: 0cm;\">\n<span style=\"font-size: x-large;\"><span style=\"color: black;\"><span style=\"font-family: Book Antiqua, serif;\"><b><span style=\"font-variant: normal;\"><span style=\"letter-spacing: normal;\"><span style=\"font-style: normal;\">S\u0141OWA<br \/>\nEWANGELII WED\u0141UG \u015aW<\/span><\/span><\/span><span style=\"font-variant: normal;\"><span style=\"letter-spacing: normal;\"><span style=\"font-style: normal;\">I\u0118TEGO<\/span><\/span><\/span><span style=\"font-variant: normal;\"><span style=\"letter-spacing: normal;\"><span style=\"font-style: normal;\"><br \/>\n\u0141UKASZA: <\/span><\/span><\/span><\/b><\/span><\/span><br \/>\n<\/span><\/div>\n<div align=\"justify\" style=\"font-style: normal; font-variant: normal; letter-spacing: normal; line-height: 150%; margin-bottom: 0cm; page-break-before: auto; text-indent: 1.3cm;\">\n<span style=\"font-size: x-large;\"><span style=\"color: black;\"><span style=\"font-family: Book Antiqua, serif;\"><b>Jezus<br \/>\npowiedzia\u0142 do swoich uczni\u00f3w: \u201eB\u0105d\u017acie mi\u0142osierni, jak Ojciec<br \/>\nwasz jest mi\u0142osierny. Nie s\u0105d\u017acie, a nie b\u0119dziecie s\u0105dzeni; nie<br \/>\npot\u0119piajcie, a nie b\u0119dziecie pot\u0119pieni; odpuszczajcie, a b\u0119dzie<br \/>\nwam odpuszczone. <\/b><\/span><\/span><br \/>\n<\/span><\/div>\n<div align=\"justify\" style=\"font-style: normal; font-variant: normal; letter-spacing: normal; line-height: 150%; margin-bottom: 0cm; text-indent: 1.3cm;\">\n<span style=\"color: black;\"><span style=\"font-family: Book Antiqua, serif;\"><span style=\"font-size: x-large;\"><b>Dawajcie,<br \/>\na b\u0119dzie wam dane: miar\u0105 dobr\u0105, nat\u0142oczon\u0105, utrz\u0119sion\u0105 i<br \/>\nop\u0142ywaj\u0105c\u0105 wsypi\u0105 w zanadrze wasze. Odmierz\u0105 wam bowiem tak\u0105<br \/>\nmiar\u0105, jak\u0105 wy mierzycie\u201d.<\/b><\/span><\/span><\/span><\/div>\n<div align=\"justify\" style=\"line-height: 150%; margin-bottom: 0cm;\">\n<span style=\"font-size: x-large;\"><\/p>\n<p><\/span><\/div>\n<div align=\"justify\" style=\"background: transparent; font-style: normal; font-variant: normal; font-weight: normal; letter-spacing: normal; line-height: 150%; margin-bottom: 0cm; page-break-before: auto; text-indent: 1.3cm;\">\n<span style=\"font-size: x-large;\"><span style=\"color: black;\"><span style=\"font-family: Book Antiqua, serif;\">Jak\u017ce<br \/>\nbardzo <b>potrzeba takiego w\u0142a\u015bnie \u017calu za grzechy,<\/b> jakiego<br \/>\nprzyk\u0142ad da\u0142 dzisiaj Prorok Daniel \u2013 w imieniu ca\u0142ego swego<br \/>\nnarodu! Jak\u017ce bardzo potrzeba, aby ludzie, kt\u00f3rzy tak \u0142atwo brn\u0105<br \/>\nw grzech \u2013 mieli te\u017c tyle odwagi, <b>by si\u0119 do niego przyzna\u0107<\/b><br \/>\ni za niego \u017ca\u0142owa\u0107. <\/span><\/span><br \/>\n<\/span><\/div>\n<div align=\"justify\" style=\"background: transparent; font-style: normal; font-variant: normal; font-weight: normal; letter-spacing: normal; line-height: 150%; margin-bottom: 0cm; text-indent: 1.3cm;\">\n<span style=\"font-size: x-large;\"><span style=\"color: black;\"><span style=\"font-family: Book Antiqua, serif;\">I<br \/>\nnie chodzi tu \u2013 bynajmniej \u2013 o ci\u0105g\u0142e samobiczowanie si\u0119, o<br \/>\nspektakularne u\u017calanie si\u0119 nad sob\u0105, czy o jakie\u015b pokazowe, nie<br \/>\ndo ko\u0144ca szczere, odgrywanie scen \u017ca\u0142osnych. Nie! <b>Tu chodzi o<br \/>\nprawd\u0119!<\/b> I je\u017celi ta prawda jest dobra, je\u017celi dotyczy postaw<br \/>\nw\u0142a\u015bciwych i wzorowych \u2013 to <b>trzeba j\u0105 tak\u017ce nag\u0142a\u015bnia\u0107<\/b><br \/>\ni \u015bwiadczy\u0107 o uczynionym dobru. Nie mo\u017cna udawa\u0107, \u017ce go nie ma,<br \/>\ntrzeba o nim \u015bwiadczy\u0107 \u2013 tak\u017ce po to, aby <b>innych do niego<br \/>\nzach\u0119ca\u0107. <\/b><\/span><\/span><br \/>\n<\/span><\/div>\n<div align=\"justify\" style=\"background: transparent; font-style: normal; font-variant: normal; font-weight: normal; letter-spacing: normal; line-height: 150%; margin-bottom: 0cm; text-indent: 1.3cm;\">\n<span style=\"font-size: x-large;\"><span style=\"color: black;\"><span style=\"font-family: Book Antiqua, serif;\">Je\u017celi<br \/>\njednak prawda ta dotyczy grzechu i z\u0142a, to tak\u017ce trzeba j\u0105 po<br \/>\nimieniu nazwa\u0107. I dzisiaj w\u0142a\u015bnie Prorok Daniel wznosi do Boga<br \/>\nmodlitw\u0119 przeb\u0142agaln\u0105, jasno i odwa\u017cnie <b>przyznaj\u0105c si\u0119 do<br \/>\ngrzech\u00f3w swego narodu.<\/b> Taka by\u0142a po prostu prawda! I tylko jej<br \/>\nuznanie i przyj\u0119cie stworzy p\u0142aszczyzn\u0119 do jakiej\u015b konkretnej<br \/>\nprzemiany. Zreszt\u0105, ju\u017c nawet pod koniec dzisiejszego pierwszego<br \/>\nczytania s\u0142yszymy: <i><b>Pan za\u015b, nasz B\u00f3g, jest mi\u0142osierny i<br \/>\nokazuje \u0142askawo\u015b\u0107, mimo \u017ce zbuntowali\u015bmy si\u0119 przeciw Niemu i<br \/>\nnie s\u0142uchali\u015bmy g\u0142osu Pana, naszego Boga\u2026<\/b><\/i><b> <\/b><\/span><\/span><br \/>\n<\/span><\/div>\n<div align=\"justify\" style=\"background: transparent; font-style: normal; font-variant: normal; font-weight: normal; letter-spacing: normal; line-height: 150%; margin-bottom: 0cm; text-indent: 1.3cm;\">\n<span style=\"font-size: x-large;\"><span style=\"color: black;\"><span style=\"font-family: Book Antiqua, serif;\">Mo\u017cna<br \/>\nchyba zaryzykowa\u0107 stwierdzenie, \u017ce skoro prawda o post\u0119powaniu<br \/>\ncz\u0142owieka zosta\u0142a uznana i po imieniu nazwana, to <b>mo\u017ce on<br \/>\nliczy\u0107 na mi\u0142osierdzie Bo\u017ce. <\/b>Trudno tu m\u00f3wi\u0107 o prawie do<br \/>\ntego\u017c mi\u0142osierdzia i przebaczenia, bo jest ono <b>zawsze \u0142ask\u0105<\/b><br \/>\ni nikomu si\u0119 ze strony Boga nie nale\u017cy. B\u00f3g go \u2013 owszem \u2013<br \/>\nudziela i chce udziela\u0107, bo rzeczywi\u015bcie jest Bogiem mi\u0142osiernym,<br \/>\nokazuj\u0105cym \u0142askawo\u015b\u0107, jednak jest to za ka\u017cdym razem <b>znakiem<\/b><br \/>\n<b>Jego darmowej mi\u0142o\u015bci wobec cz\u0142owieka,<\/b> kt\u00f3ry niczym nie<br \/>\nmo\u017ce na nie zas\u0142u\u017cy\u0107, ani mu si\u0119 ono z \u017cadnego tytu\u0142u nie<br \/>\nnale\u017cy. Mo\u017ce natomiast <b>pokornie liczy\u0107 na Bo\u017c\u0105 \u0142askawo\u015b\u0107,<\/b><br \/>\nje\u017celi uzna prawd\u0119 o sobie, szczeg\u00f3lnie o swoich b\u0142\u0119dach i<br \/>\ngrzechach. <\/span><\/span><br \/>\n<\/span><\/div>\n<div align=\"justify\" style=\"background: transparent; font-style: normal; font-variant: normal; font-weight: normal; letter-spacing: normal; line-height: 150%; margin-bottom: 0cm; text-indent: 1.3cm;\">\n<span style=\"font-size: x-large;\"><span style=\"color: black;\"><span style=\"font-family: Book Antiqua, serif;\">Jasno<br \/>\nzreszt\u0105 wyrazi\u0142 to Jezus, gdy w dzisiejszej Ewangelii uczy\u0142 nas:<br \/>\n<i><b>B\u0105d\u017acie mi\u0142osierni, jak Ojciec wasz jest mi\u0142osierny. Nie<br \/>\ns\u0105d\u017acie, a nie b\u0119dziecie s\u0105dzeni; nie pot\u0119piajcie, a nie<br \/>\nb\u0119dziecie pot\u0119pieni; odpuszczajcie, a b\u0119dzie wam odpuszczone.<br \/>\n<\/b><\/i><i><b>Dawajcie, a b\u0119dzie wam dane: miar\u0105 dobr\u0105,<br \/>\nnat\u0142oczon\u0105, utrz\u0119sion\u0105 i op\u0142ywaj\u0105c\u0105 wsypi\u0105 w zanadrze wasze.<br \/>\nOdmierz\u0105 wam bowiem tak\u0105 miar\u0105, jak\u0105 wy mierzycie. <\/b><\/i> <\/span><\/span><br \/>\n<\/span><\/div>\n<div align=\"justify\" style=\"background: transparent; font-style: normal; font-variant: normal; font-weight: normal; letter-spacing: normal; line-height: 150%; margin-bottom: 0cm; text-indent: 1.3cm;\">\n<span style=\"color: black;\"><span style=\"font-family: Book Antiqua, serif;\"><span style=\"font-size: x-large;\">Szczeg\u00f3lnie<br \/>\nostatnie zdanie stanowi swoiste podsumowanie i streszczenie tego<br \/>\nwszystkiego, co dzi\u015b sobie rozwa\u017camy: je\u017celi cz\u0142owiek chce<br \/>\nmi\u0142osierdzia ze strony Boga, to <b>sam winien by\u0107 mi\u0142osierny wobec<br \/>\ninnych.<\/b> A b\u0119dzie mi\u0142osierny wobec innych, kiedy uzna prawd\u0119 o<br \/>\nsobie, o swoich grzechach, o swoich b\u0142\u0119dach. Kiedy to si\u0119 stanie,<br \/>\nzwykle wtedy <b>nie ma si\u0119 ochoty \u201epunktowa\u0107\u201d innych, <\/b>maj\u0105c<br \/>\n\u015bwiadomo\u015b\u0107 swoich s\u0142abo\u015bci. Kiedy si\u0119 natomiast nie chce<br \/>\nw\u0142asnych grzech\u00f3w uzna\u0107, wtedy naj\u0142atwiej <b>oskar\u017ca\u0107 innych.<\/b><br \/>\nTak\u017ce po to, aby <b>zag\u0142uszy\u0107 w\u0142asne sumienie.<\/b> Ale w\u00f3wczas<br \/>\nnie powinno si\u0119 \u2013 tak naprawd\u0119 \u2013 oczekiwa\u0107 mi\u0142osierdzia ze<br \/>\nstrony Boga.<\/span><\/span><\/span><\/div>\n<div align=\"justify\" style=\"background: transparent; font-style: normal; font-variant: normal; font-weight: normal; letter-spacing: normal; line-height: 150%; margin-bottom: 0cm; text-indent: 1.3cm;\">\n<span style=\"color: black;\"><span style=\"font-family: Book Antiqua, serif;\"><span style=\"font-size: x-large;\">Moi<br \/>\nDrodzy, <b>Wielki Post \u2013 to czas prawdy.<\/b> Owszem, dla<br \/>\nchrze\u015bcijanina, a nawet niekoniecznie dla chrze\u015bcijanina, bo i dla<br \/>\ncz\u0142owieka po prostu uczciwego \u2013 ka\u017cdy czas powinien by\u0107 czasem<br \/>\nprawdy. Jednak Wielki Post jest wyj\u0105tkow\u0105 okazj\u0105 ku temu, by si\u0119<br \/>\n<b>z prawd\u0105 o sobie zmierzy\u0107, <\/b>by jej spojrze\u0107 w oczy, w pewnym<br \/>\nsensie tak\u017ce \u2013 <b>nauczy\u0107 si\u0119 jej\u2026<\/b> Oby\u015bmy tej wyj\u0105tkowej<br \/>\nokazji nie zmarnowali.<\/span><\/span><\/span><\/div>\n<div align=\"justify\" style=\"background: transparent; font-style: normal; font-variant: normal; font-weight: normal; letter-spacing: normal; line-height: 150%; margin-bottom: 0cm; text-indent: 1.3cm;\">\n<span style=\"color: black;\"><span style=\"font-family: Book Antiqua, serif;\"><span style=\"font-size: x-large;\">Jak<br \/>\nto uczenie si\u0119 prawdy o sobie i mierzenie si\u0119 z ni\u0105 <b>tak<br \/>\nkonkretnie wygl\u0105da w moim przypadku<\/b> \u2013 w tym Wielkim Po\u015bcie?\u2026<\/span><\/span><\/span><\/div>\n","protected":false},"excerpt":{"rendered":"<p>Szcz\u0119\u015b\u0107 Bo\u017ce! Moi Drodzy, w dniu dzisiejszym urodziny prze\u017cywa Siostra Joanna Andruszczyszyna, wsp\u00f3\u0142pracuj\u0105ca z Ksi\u0119dzem Markiem na Syberii. Niech Jej Pan b\u0142ogos\u0142awi w pos\u0142udze i czyni J\u0105 codziennie coraz wi\u0119kszym Darem dla ludzi! Zapewniam o modlitwie. A Wszystkim \u017cycz\u0119 b\u0142ogos\u0142awionego dnia! Gaudium et spes! Ks. Jacek Poniedzia\u0142ek 2 Tygodnia Wielkiego Postu, do czyta\u0144: Dn 9,4b\u201310; [&hellip;]<\/p>\n","protected":false},"author":1,"featured_media":0,"comment_status":"open","ping_status":"open","sticky":false,"template":"","format":"standard","meta":{"jetpack_post_was_ever_published":false,"_jetpack_newsletter_access":"","_jetpack_dont_email_post_to_subs":false,"_jetpack_newsletter_tier_id":0,"_jetpack_memberships_contains_paywalled_content":false,"_jetpack_memberships_contains_paid_content":false,"footnotes":""},"categories":[1],"tags":[],"class_list":["post-14660","post","type-post","status-publish","format-standard","hentry","category-bez-kategorii"],"yoast_head":"<!-- This site is optimized with the Yoast SEO plugin v25.1 - https:\/\/yoast.com\/wordpress\/plugins\/seo\/ -->\n<title>Wielki Post - czas prawdy - Gaudium Et Spes<\/title>\n<meta name=\"robots\" content=\"index, follow, max-snippet:-1, max-image-preview:large, max-video-preview:-1\" \/>\n<link rel=\"canonical\" href=\"https:\/\/gaudiumetspes-blog.pl\/index.php\/2019\/03\/18\/wielki-post-czas-prawdy\/\" \/>\n<meta property=\"og:locale\" content=\"pl_PL\" \/>\n<meta property=\"og:type\" content=\"article\" \/>\n<meta property=\"og:title\" content=\"Wielki Post - czas prawdy - Gaudium Et Spes\" \/>\n<meta property=\"og:description\" content=\"Szcz\u0119\u015b\u0107 Bo\u017ce! Moi Drodzy, w dniu dzisiejszym urodziny prze\u017cywa Siostra Joanna Andruszczyszyna, wsp\u00f3\u0142pracuj\u0105ca z Ksi\u0119dzem Markiem na Syberii. Niech Jej Pan b\u0142ogos\u0142awi w pos\u0142udze i czyni J\u0105 codziennie coraz wi\u0119kszym Darem dla ludzi! Zapewniam o modlitwie. A Wszystkim \u017cycz\u0119 b\u0142ogos\u0142awionego dnia! Gaudium et spes! Ks. Jacek Poniedzia\u0142ek 2 Tygodnia Wielkiego Postu, do czyta\u0144: Dn 9,4b\u201310; [&hellip;]\" \/>\n<meta property=\"og:url\" content=\"https:\/\/gaudiumetspes-blog.pl\/index.php\/2019\/03\/18\/wielki-post-czas-prawdy\/\" \/>\n<meta property=\"og:site_name\" content=\"Gaudium Et Spes\" \/>\n<meta property=\"article:published_time\" content=\"2019-03-18T03:53:00+00:00\" \/>\n<meta property=\"article:modified_time\" content=\"2019-07-31T11:00:44+00:00\" \/>\n<meta name=\"author\" content=\"Ks. Jacek\" \/>\n<meta name=\"twitter:card\" content=\"summary_large_image\" \/>\n<meta name=\"twitter:label1\" content=\"Napisane przez\" \/>\n\t<meta name=\"twitter:data1\" content=\"Ks. Jacek\" \/>\n\t<meta name=\"twitter:label2\" content=\"Szacowany czas czytania\" \/>\n\t<meta name=\"twitter:data2\" content=\"5 minut\" \/>\n<script type=\"application\/ld+json\" class=\"yoast-schema-graph\">{\"@context\":\"https:\/\/schema.org\",\"@graph\":[{\"@type\":\"WebPage\",\"@id\":\"https:\/\/gaudiumetspes-blog.pl\/index.php\/2019\/03\/18\/wielki-post-czas-prawdy\/\",\"url\":\"https:\/\/gaudiumetspes-blog.pl\/index.php\/2019\/03\/18\/wielki-post-czas-prawdy\/\",\"name\":\"Wielki Post - czas prawdy - Gaudium Et Spes\",\"isPartOf\":{\"@id\":\"https:\/\/gaudiumetspes-blog.pl\/#website\"},\"datePublished\":\"2019-03-18T03:53:00+00:00\",\"dateModified\":\"2019-07-31T11:00:44+00:00\",\"author\":{\"@id\":\"https:\/\/gaudiumetspes-blog.pl\/#\/schema\/person\/1661982992b752dea8dff0d4ed845a65\"},\"breadcrumb\":{\"@id\":\"https:\/\/gaudiumetspes-blog.pl\/index.php\/2019\/03\/18\/wielki-post-czas-prawdy\/#breadcrumb\"},\"inLanguage\":\"pl-PL\",\"potentialAction\":[{\"@type\":\"ReadAction\",\"target\":[\"https:\/\/gaudiumetspes-blog.pl\/index.php\/2019\/03\/18\/wielki-post-czas-prawdy\/\"]}]},{\"@type\":\"BreadcrumbList\",\"@id\":\"https:\/\/gaudiumetspes-blog.pl\/index.php\/2019\/03\/18\/wielki-post-czas-prawdy\/#breadcrumb\",\"itemListElement\":[{\"@type\":\"ListItem\",\"position\":1,\"name\":\"Strona g\u0142\u00f3wna\",\"item\":\"https:\/\/gaudiumetspes-blog.pl\/\"},{\"@type\":\"ListItem\",\"position\":2,\"name\":\"Wielki Post &#8211; czas prawdy\"}]},{\"@type\":\"WebSite\",\"@id\":\"https:\/\/gaudiumetspes-blog.pl\/#website\",\"url\":\"https:\/\/gaudiumetspes-blog.pl\/\",\"name\":\"Gaudium Et Spes\",\"description\":\"Blog Ks. Jacka Ja\u015bkowskiego\",\"potentialAction\":[{\"@type\":\"SearchAction\",\"target\":{\"@type\":\"EntryPoint\",\"urlTemplate\":\"https:\/\/gaudiumetspes-blog.pl\/?s={search_term_string}\"},\"query-input\":{\"@type\":\"PropertyValueSpecification\",\"valueRequired\":true,\"valueName\":\"search_term_string\"}}],\"inLanguage\":\"pl-PL\"},{\"@type\":\"Person\",\"@id\":\"https:\/\/gaudiumetspes-blog.pl\/#\/schema\/person\/1661982992b752dea8dff0d4ed845a65\",\"name\":\"Ks. Jacek\",\"image\":{\"@type\":\"ImageObject\",\"inLanguage\":\"pl-PL\",\"@id\":\"https:\/\/gaudiumetspes-blog.pl\/#\/schema\/person\/image\/\",\"url\":\"https:\/\/gaudiumetspes-blog.pl\/wp-content\/uploads\/2019\/07\/avatar-JJ-150x150.jpg\",\"contentUrl\":\"https:\/\/gaudiumetspes-blog.pl\/wp-content\/uploads\/2019\/07\/avatar-JJ-150x150.jpg\",\"caption\":\"Ks. Jacek\"},\"description\":\"Witam serdecznie! K\u0142ania si\u0119 Ks. Jacek Ja\u015bkowski. Nie jestem ani kim\u015b wa\u017cnym, ani kim\u015b znanym. Jestem ksi\u0119dzem, kt\u00f3ry po prostu chce rozmawia\u0107. Codzienna kap\u0142a\u0144ska pos\u0142uga pokazuje mi, \u017ce temat\u00f3w do rozm\u00f3w z ksi\u0119dzem jest coraz wi\u0119cej i dzisiaj \u017caden ksi\u0105dz nie mo\u017ce od nich ucieka\u0107, ale - wprost przeciwnie - podejmowa\u0107 nowe wyzwania. To przekonanie sk\u0142oni\u0142o mnie do pr\u00f3by otwarcia tego\u017c bloga, chocia\u017c okazji do rozm\u00f3w na co dzie\u0144 - w konfesjonale i poza nim - na szcz\u0119\u015bcie nie brakuje. My\u015bl\u0119 jednak, \u017ce ten blog b\u0119dzie jeszcze jednym sposobem i przestrzeni\u0105 nawi\u0105zania kontaktu z lud\u017ami dobrej woli, otwartymi na dialog.\",\"url\":\"https:\/\/gaudiumetspes-blog.pl\/index.php\/author\/ks-jacek\/\"}]}<\/script>\n<!-- \/ Yoast SEO plugin. -->","yoast_head_json":{"title":"Wielki Post - czas prawdy - Gaudium Et Spes","robots":{"index":"index","follow":"follow","max-snippet":"max-snippet:-1","max-image-preview":"max-image-preview:large","max-video-preview":"max-video-preview:-1"},"canonical":"https:\/\/gaudiumetspes-blog.pl\/index.php\/2019\/03\/18\/wielki-post-czas-prawdy\/","og_locale":"pl_PL","og_type":"article","og_title":"Wielki Post - czas prawdy - Gaudium Et Spes","og_description":"Szcz\u0119\u015b\u0107 Bo\u017ce! Moi Drodzy, w dniu dzisiejszym urodziny prze\u017cywa Siostra Joanna Andruszczyszyna, wsp\u00f3\u0142pracuj\u0105ca z Ksi\u0119dzem Markiem na Syberii. Niech Jej Pan b\u0142ogos\u0142awi w pos\u0142udze i czyni J\u0105 codziennie coraz wi\u0119kszym Darem dla ludzi! Zapewniam o modlitwie. A Wszystkim \u017cycz\u0119 b\u0142ogos\u0142awionego dnia! Gaudium et spes! Ks. Jacek Poniedzia\u0142ek 2 Tygodnia Wielkiego Postu, do czyta\u0144: Dn 9,4b\u201310; [&hellip;]","og_url":"https:\/\/gaudiumetspes-blog.pl\/index.php\/2019\/03\/18\/wielki-post-czas-prawdy\/","og_site_name":"Gaudium Et Spes","article_published_time":"2019-03-18T03:53:00+00:00","article_modified_time":"2019-07-31T11:00:44+00:00","author":"Ks. Jacek","twitter_card":"summary_large_image","twitter_misc":{"Napisane przez":"Ks. Jacek","Szacowany czas czytania":"5 minut"},"schema":{"@context":"https:\/\/schema.org","@graph":[{"@type":"WebPage","@id":"https:\/\/gaudiumetspes-blog.pl\/index.php\/2019\/03\/18\/wielki-post-czas-prawdy\/","url":"https:\/\/gaudiumetspes-blog.pl\/index.php\/2019\/03\/18\/wielki-post-czas-prawdy\/","name":"Wielki Post - czas prawdy - Gaudium Et Spes","isPartOf":{"@id":"https:\/\/gaudiumetspes-blog.pl\/#website"},"datePublished":"2019-03-18T03:53:00+00:00","dateModified":"2019-07-31T11:00:44+00:00","author":{"@id":"https:\/\/gaudiumetspes-blog.pl\/#\/schema\/person\/1661982992b752dea8dff0d4ed845a65"},"breadcrumb":{"@id":"https:\/\/gaudiumetspes-blog.pl\/index.php\/2019\/03\/18\/wielki-post-czas-prawdy\/#breadcrumb"},"inLanguage":"pl-PL","potentialAction":[{"@type":"ReadAction","target":["https:\/\/gaudiumetspes-blog.pl\/index.php\/2019\/03\/18\/wielki-post-czas-prawdy\/"]}]},{"@type":"BreadcrumbList","@id":"https:\/\/gaudiumetspes-blog.pl\/index.php\/2019\/03\/18\/wielki-post-czas-prawdy\/#breadcrumb","itemListElement":[{"@type":"ListItem","position":1,"name":"Strona g\u0142\u00f3wna","item":"https:\/\/gaudiumetspes-blog.pl\/"},{"@type":"ListItem","position":2,"name":"Wielki Post &#8211; czas prawdy"}]},{"@type":"WebSite","@id":"https:\/\/gaudiumetspes-blog.pl\/#website","url":"https:\/\/gaudiumetspes-blog.pl\/","name":"Gaudium Et Spes","description":"Blog Ks. Jacka Ja\u015bkowskiego","potentialAction":[{"@type":"SearchAction","target":{"@type":"EntryPoint","urlTemplate":"https:\/\/gaudiumetspes-blog.pl\/?s={search_term_string}"},"query-input":{"@type":"PropertyValueSpecification","valueRequired":true,"valueName":"search_term_string"}}],"inLanguage":"pl-PL"},{"@type":"Person","@id":"https:\/\/gaudiumetspes-blog.pl\/#\/schema\/person\/1661982992b752dea8dff0d4ed845a65","name":"Ks. Jacek","image":{"@type":"ImageObject","inLanguage":"pl-PL","@id":"https:\/\/gaudiumetspes-blog.pl\/#\/schema\/person\/image\/","url":"https:\/\/gaudiumetspes-blog.pl\/wp-content\/uploads\/2019\/07\/avatar-JJ-150x150.jpg","contentUrl":"https:\/\/gaudiumetspes-blog.pl\/wp-content\/uploads\/2019\/07\/avatar-JJ-150x150.jpg","caption":"Ks. Jacek"},"description":"Witam serdecznie! K\u0142ania si\u0119 Ks. Jacek Ja\u015bkowski. Nie jestem ani kim\u015b wa\u017cnym, ani kim\u015b znanym. Jestem ksi\u0119dzem, kt\u00f3ry po prostu chce rozmawia\u0107. Codzienna kap\u0142a\u0144ska pos\u0142uga pokazuje mi, \u017ce temat\u00f3w do rozm\u00f3w z ksi\u0119dzem jest coraz wi\u0119cej i dzisiaj \u017caden ksi\u0105dz nie mo\u017ce od nich ucieka\u0107, ale - wprost przeciwnie - podejmowa\u0107 nowe wyzwania. To przekonanie sk\u0142oni\u0142o mnie do pr\u00f3by otwarcia tego\u017c bloga, chocia\u017c okazji do rozm\u00f3w na co dzie\u0144 - w konfesjonale i poza nim - na szcz\u0119\u015bcie nie brakuje. My\u015bl\u0119 jednak, \u017ce ten blog b\u0119dzie jeszcze jednym sposobem i przestrzeni\u0105 nawi\u0105zania kontaktu z lud\u017ami dobrej woli, otwartymi na dialog.","url":"https:\/\/gaudiumetspes-blog.pl\/index.php\/author\/ks-jacek\/"}]}},"jetpack_featured_media_url":"","jetpack_sharing_enabled":true,"_links":{"self":[{"href":"https:\/\/gaudiumetspes-blog.pl\/index.php\/wp-json\/wp\/v2\/posts\/14660","targetHints":{"allow":["GET"]}}],"collection":[{"href":"https:\/\/gaudiumetspes-blog.pl\/index.php\/wp-json\/wp\/v2\/posts"}],"about":[{"href":"https:\/\/gaudiumetspes-blog.pl\/index.php\/wp-json\/wp\/v2\/types\/post"}],"author":[{"embeddable":true,"href":"https:\/\/gaudiumetspes-blog.pl\/index.php\/wp-json\/wp\/v2\/users\/1"}],"replies":[{"embeddable":true,"href":"https:\/\/gaudiumetspes-blog.pl\/index.php\/wp-json\/wp\/v2\/comments?post=14660"}],"version-history":[{"count":1,"href":"https:\/\/gaudiumetspes-blog.pl\/index.php\/wp-json\/wp\/v2\/posts\/14660\/revisions"}],"predecessor-version":[{"id":15028,"href":"https:\/\/gaudiumetspes-blog.pl\/index.php\/wp-json\/wp\/v2\/posts\/14660\/revisions\/15028"}],"wp:attachment":[{"href":"https:\/\/gaudiumetspes-blog.pl\/index.php\/wp-json\/wp\/v2\/media?parent=14660"}],"wp:term":[{"taxonomy":"category","embeddable":true,"href":"https:\/\/gaudiumetspes-blog.pl\/index.php\/wp-json\/wp\/v2\/categories?post=14660"},{"taxonomy":"post_tag","embeddable":true,"href":"https:\/\/gaudiumetspes-blog.pl\/index.php\/wp-json\/wp\/v2\/tags?post=14660"}],"curies":[{"name":"wp","href":"https:\/\/api.w.org\/{rel}","templated":true}]}}