{"id":14662,"date":"2019-03-16T05:38:00","date_gmt":"2019-03-16T04:38:00","guid":{"rendered":"https:\/\/gaudiumetspes-blog.pl\/index.php\/2019\/03\/16\/jak-diamenty\/"},"modified":"2019-07-31T13:00:44","modified_gmt":"2019-07-31T11:00:44","slug":"jak-diamenty","status":"publish","type":"post","link":"https:\/\/gaudiumetspes-blog.pl\/index.php\/2019\/03\/16\/jak-diamenty\/","title":{"rendered":"Jak diamenty!"},"content":{"rendered":"<p><\/p>\n<div align=\"justify\" style=\"font-weight: normal; line-height: 150%; margin-bottom: 0cm;\">\n<span style=\"color: black;\"><span style=\"font-family: Book Antiqua, serif;\"><span style=\"font-size: x-large;\">Szcz\u0119\u015b\u0107<br \/>\nBo\u017ce! W dniu dzisiejszym<b> urodziny prze\u017cywa Grzegorz Sosnowski,<br \/>\nimieniny natomiast \u2013 Iza Izdebska \u2013 oboje nale\u017c\u0105cy w swoim<br \/>\nczasie do r\u00f3\u017cnych Wsp\u00f3lnot m\u0142odzie\u017cowych. Dzi\u0119kuj\u0105c za<br \/>\nwszelkie dobro, niegdy\u015b wsp\u00f3lnie tworzone, \u017cycz\u0119 <\/b><b>Im <\/b><b>sta\u0142ej<br \/>\nwierno\u015bci Bo\u017cym Przykazaniom \u2013 o czym wi\u0119cej dzi\u015b w rozwa\u017caniu.<br \/>\n<\/b><b>Zapewniam o mojej modlitwie!<\/b><\/span><\/span><\/span><\/div>\n<div align=\"justify\" style=\"background: transparent; font-weight: normal; line-height: 150%; margin-bottom: 0cm; page-break-before: auto; text-indent: 1.3cm;\">\n<span style=\"color: black;\"><span style=\"font-family: Book Antiqua, serif;\"><span style=\"font-size: x-large;\">A<br \/>\nza wspomniane rozwa\u017canie dzi\u0119kuj\u0119 Jakubowi \u2013 bo to przecie\u017c<br \/>\nsobota, a w sobot\u0119 Jakub dzieli si\u0119 z nami swoj\u0105 my\u015bl\u0105. I swoj\u0105<br \/>\nszczer\u0105 pobo\u017cno\u015bci\u0105. Bardzo Mu za to dzi\u0119kuj\u0119!<\/span><\/span><\/span><\/div>\n<div align=\"justify\" style=\"background: transparent; font-weight: normal; line-height: 150%; margin-bottom: 0cm; text-indent: 1.3cm;\">\n<span style=\"font-size: x-large;\"><span style=\"color: black;\"><span style=\"font-family: Book Antiqua, serif;\">Moi<br \/>\nDrodzy, w dniu wczorajszym, w Miastkowie, Drog\u0119 Krzy\u017cow\u0105<br \/>\nprowadzili Rodzice, zaanga\u017cowani w R\u00f3\u017c\u0119 R\u00f3\u017ca\u0144cow\u0105 Rodzic\u00f3w<br \/>\nmodl\u0105cych si\u0119 za Dzieci. Jak wiecie, z ca\u0142ego serca popieram t\u0119<br \/>\ninicjatyw\u0119. Dzi\u0119ki Bogu, rozwija si\u0119 ona stale, a ostatnio<br \/>\ndowiedzia\u0142em si\u0119, \u017ce kolejn\u0105 R\u00f3\u017c\u0119 postanowili stworzy\u0107<br \/>\nRodzice, przygotowuj\u0105cy swoje Dzieci do Pierwszej Komunii \u015awi\u0119tej<br \/>\n\u2013 jako pi\u0119kny prezent z tej okazji. Jaka\u017c to wielka dojrza\u0142o\u015b\u0107<br \/>\ntych Rodzic\u00f3w \u2013 szczeg\u00f3lnie, gdy pomy\u015blimy, jak<br \/>\nskomercjalizowa\u0142o si\u0119 ostatnio podej\u015bcie do Pierwszej Komunii<br \/>\n\u015awi\u0119tej. <\/span><\/span><br \/>\n<\/span><\/div>\n<div align=\"justify\" style=\"background: transparent; font-weight: normal; line-height: 150%; margin-bottom: 0cm; text-indent: 1.3cm;\">\n<span style=\"color: black;\"><span style=\"font-family: Book Antiqua, serif;\"><span style=\"font-size: x-large;\">Przy<br \/>\ntej okazji, dzi\u0119kuj\u0119 Pa\u0144stwu Hannie i Grzegorzowi Matrybom, kt\u00f3rzy<br \/>\nkoordynuj\u0105 ca\u0142e dzie\u0142o R\u00f3\u017cy Rodzic\u00f3w, oraz Siostrze Hannie<br \/>\nRopiak, kt\u00f3ra pomaga Im w koordynacji K\u00f3\u0142ka R\u00f3\u017ca\u0144cowego Dzieci.<br \/>\nNiech na chwa\u0142\u0119 Pana \u2013 i ku duchowemu po\u017cytkowi ca\u0142ej naszej<br \/>\nParafii \u2013 te wielkie dzie\u0142a si\u0119 rozwijaj\u0105!<\/span><\/span><\/span><\/div>\n<div align=\"center\" style=\"font-weight: normal; line-height: 150%; margin-bottom: 0cm;\">\n<span style=\"color: black;\"><span style=\"font-family: Book Antiqua, serif;\"><span style=\"font-size: x-large;\">Gaudium<br \/>\net spes!  Ks. Jacek<\/span><\/span><\/span><\/div>\n<div align=\"justify\" style=\"line-height: 150%; margin-bottom: 0cm;\">\n<span style=\"font-size: x-large;\"><\/p>\n<p><\/span><\/div>\n<div align=\"justify\" style=\"line-height: 150%; margin-bottom: 0cm;\">\n<span style=\"color: black;\"><span style=\"font-family: Book Antiqua, serif;\"><span style=\"font-size: x-large;\"><b>Sobota<br \/>\n1 Tygodnia Wielkiego Postu,<\/b><\/span><\/span><\/span><\/div>\n<div align=\"justify\" style=\"line-height: 150%; margin-bottom: 0cm;\">\n<span style=\"color: black;\"><span style=\"font-family: Book Antiqua, serif;\"><span style=\"font-size: x-large;\"><b>do<br \/>\nczyta\u0144:  Pwt 26,16\u201319;  Mt 5,43\u201348<\/b><\/span><\/span><\/span><\/div>\n<div align=\"justify\" style=\"line-height: 150%; margin-bottom: 0cm;\">\n<span style=\"font-size: x-large;\"><\/p>\n<p><\/span><\/div>\n<div align=\"justify\" style=\"font-style: normal; font-variant: normal; letter-spacing: normal; line-height: 150%; margin-bottom: 0cm; page-break-before: auto;\">\n<span style=\"font-size: x-large;\"><span style=\"color: black;\"><span style=\"font-family: Book Antiqua, serif;\"><b>CZYTANIE<br \/>\nZ KSI\u0118GI POWT\u00d3RZONEGO PRAWA: <\/b><\/span><\/span><br \/>\n<\/span><\/div>\n<div align=\"justify\" style=\"font-style: normal; font-variant: normal; letter-spacing: normal; line-height: 150%; margin-bottom: 0cm; page-break-before: auto; text-indent: 1.3cm;\">\n<span style=\"font-size: x-large;\"><span style=\"color: black;\"><span style=\"font-family: Book Antiqua, serif;\"><b>Moj\u017cesz<br \/>\npowiedzia\u0142 do ludu: \u201eDzi\u015b tw\u00f3j Pan B\u00f3g rozkazuje ci wykona\u0107 te<br \/>\nprawa i nakazy. Strze\u017c ich, pe\u0142nij z ca\u0142ego swego serca i z ca\u0142ej<br \/>\nduszy. <\/b><\/span><\/span><br \/>\n<\/span><\/div>\n<div align=\"justify\" style=\"font-style: normal; font-variant: normal; letter-spacing: normal; line-height: 150%; margin-bottom: 0cm; text-indent: 1.3cm;\">\n<span style=\"font-size: x-large;\"><span style=\"color: black;\"><span style=\"font-family: Book Antiqua, serif;\"><b>Dzi\u015b<br \/>\nuzyska\u0142e\u015b to, \u017ce Pan ci rzek\u0142, i\u017c b\u0119dzie dla ciebie Bogiem, o<br \/>\nile ty b\u0119dziesz chodzi\u0142 Jego drogami, strzeg\u0142 Jego nakaz\u00f3w, praw<br \/>\ni rozporz\u0105dze\u0144 i s\u0142ucha\u0142 Jego g\u0142osu. <\/b><\/span><\/span><br \/>\n<\/span><\/div>\n<div align=\"justify\" style=\"font-style: normal; font-variant: normal; letter-spacing: normal; line-height: 150%; margin-bottom: 0cm; text-indent: 1.3cm;\">\n<span style=\"color: black;\"><span style=\"font-family: Book Antiqua, serif;\"><span style=\"font-size: x-large;\"><b>A<br \/>\nPan uzyska\u0142 to, \u017ce\u015b ty dzi\u015b obieca\u0142 by\u0107 dla Niego ludem<br \/>\nwybranym, jak ci powiedzia\u0142, je\u015bli zachowasz Jego przykazania. On<br \/>\nci\u0119 wtedy wywy\u017cszy we czci, s\u0142awie i wspania\u0142o\u015bci ponad<br \/>\nwszystkie narody, kt\u00f3re uczyni\u0142, jak sam powiedzia\u0142\u201d.<\/b><\/span><\/span><\/span><\/div>\n<div align=\"justify\" style=\"line-height: 150%; margin-bottom: 0cm;\">\n<span style=\"font-size: x-large;\"><\/p>\n<p><\/span><\/div>\n<div align=\"justify\" style=\"font-style: normal; font-variant: normal; letter-spacing: normal; line-height: 150%; margin-bottom: 0cm;\">\n<span style=\"font-size: x-large;\"><span style=\"color: black;\"><span style=\"font-family: Book Antiqua, serif;\"><b>S\u0141OWA<br \/>\nEWANGELII WED\u0141UG \u015aWI\u0118TEGO MATEUSZA: <\/b><\/span><\/span><br \/>\n<\/span><\/div>\n<div align=\"justify\" style=\"font-style: normal; font-variant: normal; letter-spacing: normal; line-height: 150%; margin-bottom: 0cm; page-break-before: auto; text-indent: 1.3cm;\">\n<span style=\"font-size: x-large;\"><span style=\"color: black;\"><span style=\"font-family: Book Antiqua, serif;\"><b>Jezus<br \/>\npowiedzia\u0142 do swoich uczni\u00f3w: \u201eS\u0142yszeli\u015bcie, \u017ce powiedziano:<br \/>\n\u00abB\u0119dziesz mi\u0142owa\u0142 swego bli\u017aniego, a nieprzyjaciela swego<br \/>\nb\u0119dziesz nienawidzi\u0142\u00bb. <\/b><\/span><\/span><br \/>\n<\/span><\/div>\n<div align=\"justify\" style=\"font-style: normal; font-variant: normal; letter-spacing: normal; line-height: 150%; margin-bottom: 0cm; text-indent: 1.3cm;\">\n<span style=\"font-size: x-large;\"><span style=\"color: black;\"><span style=\"font-family: Book Antiqua, serif;\"><b>A<br \/>\nJa wam powiadam: Mi\u0142ujcie waszych nieprzyjaci\u00f3\u0142 i m\u00f3dlcie si\u0119 za<br \/>\ntych, kt\u00f3rzy was prze\u015bladuj\u0105; tak b\u0119dziecie synami Ojca waszego,<br \/>\nkt\u00f3ry jest w niebie; poniewa\u017c On sprawia, \u017ce s\u0142o\u0144ce Jego<br \/>\nwschodzi nad z\u0142ymi i nad dobrymi, i On zsy\u0142a deszcz na<br \/>\nsprawiedliwych i niesprawiedliwych. <\/b><\/span><\/span><br \/>\n<\/span><\/div>\n<div align=\"justify\" style=\"font-style: normal; font-variant: normal; letter-spacing: normal; line-height: 150%; margin-bottom: 0cm; text-indent: 1.3cm;\">\n<span style=\"font-size: x-large;\"><span style=\"color: black;\"><span style=\"font-family: Book Antiqua, serif;\"><b>Je\u015bli<br \/>\nbowiem mi\u0142ujecie tych, kt\u00f3rzy was mi\u0142uj\u0105, c\u00f3\u017c za nagrod\u0119 mie\u0107<br \/>\nb\u0119dziecie? Czy\u017c i celnicy tego nie czyni\u0105? I je\u015bli pozdrawiacie<br \/>\ntylko swych braci, c\u00f3\u017c szczeg\u00f3lnego czynicie? Czy\u017c i poganie tego<br \/>\nnie czyni\u0105? <\/b><\/span><\/span><br \/>\n<\/span><\/div>\n<div align=\"justify\" style=\"font-style: normal; font-variant: normal; letter-spacing: normal; line-height: 150%; margin-bottom: 0cm; text-indent: 1.3cm;\">\n<span style=\"color: black;\"><span style=\"font-family: Book Antiqua, serif;\"><span style=\"font-size: x-large;\"><b>B\u0105d\u017acie<br \/>\nwi\u0119c wy doskonali, jak doskona\u0142y jest wasz Ojciec niebieski\u201d.<\/b><\/span><\/span><\/span><\/div>\n<div align=\"justify\" style=\"line-height: 150%; margin-bottom: 0cm;\">\n<span style=\"font-size: x-large;\"><\/p>\n<p><\/span><\/div>\n<div align=\"center\" style=\"font-style: normal; font-variant: normal; letter-spacing: normal; line-height: 150%; margin-bottom: 0cm; page-break-before: auto;\">\n<span style=\"color: black;\"><span style=\"font-family: Book Antiqua, serif;\"><span style=\"font-size: x-large;\"><b>A<br \/>\nOTO S\u0141\u00d3WKO JAKUBA:<\/b><\/span><\/span><\/span><\/div>\n<div align=\"justify\" style=\"font-style: normal; font-variant: normal; font-weight: normal; letter-spacing: normal; line-height: 150%; margin-bottom: 0cm; text-indent: 1.3cm;\">\n<span style=\"font-size: x-large;\"><\/p>\n<p><\/span><\/div>\n<div align=\"justify\" style=\"font-style: normal; font-variant: normal; font-weight: normal; letter-spacing: normal; line-height: 150%; margin-bottom: 0cm; page-break-before: auto; text-indent: 1.3cm;\">\n<span style=\"color: black;\"><span style=\"font-family: Book Antiqua, serif;\"><span style=\"font-size: x-large;\">Dzisiejsze<br \/>\nteksty liturgiczne m\u00f3wi\u0105 nam o doskona\u0142o\u015bci, o byciu niczym<br \/>\ndiament \u2013 nieskazitelnym, czystym i szlachetnym. Czy jest to<br \/>\nmo\u017cliwe? Nie. Cz\u0142owiek jest grzeszny, ma potkni\u0119cia, kt\u00f3re<br \/>\npowoduj\u0105 zarysowania na powierzchni klejnotu. Jednak, w por\u00f3wnaniu<br \/>\ndo diament\u00f3w \u2013 mamy mo\u017cliwo\u015b\u0107 naprawy, zmycia grzech\u00f3w,<br \/>\nponownego uszlachetnienia siebie samego. Oczywi\u015bcie chodzi tu o<br \/>\nSakrament Pokuty i Pojednania. I to jest w\u0142a\u015bnie to, czego cz\u0142owiek<br \/>\npotrzebuje podczas Wielkiego Postu.<\/span><\/span><\/span><\/div>\n<div align=\"justify\" style=\"font-style: normal; font-variant: normal; font-weight: normal; letter-spacing: normal; line-height: 150%; margin-bottom: 0cm; text-indent: 1.3cm;\">\n<span style=\"font-size: x-large;\"><span style=\"color: black;\"><span style=\"font-family: Book Antiqua, serif;\">Dzisiejsza<br \/>\nEwangelia m\u00f3wi nam o tym, jak Jezus poucza sw\u00f3j lud m\u00f3wi\u0105c:<br \/>\n<i><b>Mi\u0142ujcie waszych nieprzyjaci\u00f3\u0142 i m\u00f3dlcie si\u0119 za tych,<br \/>\nkt\u00f3rzy was prze\u015bladuj\u0105.<\/b><\/i> Chrystus pokazuje nam, \u017ce nie<br \/>\njest mocny ten, kto kocha jedynie tych, kt\u00f3rzy jemu okazuj\u0105 mi\u0142o\u015b\u0107,<br \/>\nlecz ten, kt\u00f3ry kocha nastawionych do siebie wrogo, \u017ale o nim<br \/>\nm\u00f3wi\u0105cych, rzucaj\u0105cych k\u0142ody pod nogi. Wtedy w\u0142a\u015bnie pokazujemy<br \/>\nnasz\u0105 warto\u015b\u0107, wtedy w\u0142a\u015bnie zapracowujemy sobie na nasze<br \/>\nzbawienie. <\/span><\/span><br \/>\n<\/span><\/div>\n<div align=\"justify\" style=\"font-style: normal; font-variant: normal; font-weight: normal; letter-spacing: normal; line-height: 150%; margin-bottom: 0cm; text-indent: 1.3cm;\">\n<span style=\"font-size: x-large;\"><span style=\"color: black;\"><span style=\"font-family: Book Antiqua, serif;\">I<br \/>\nje\u017celi chodzi o odniesienie do s\u0142\u00f3w Jezusa, to On robi to sam,<br \/>\npodaj\u0105c nam pomocn\u0105 d\u0142o\u0144 i odbudowuj\u0105c \u0142ask\u0119 u\u015bwi\u0119caj\u0105c\u0105 w<br \/>\nkonfesjonale. Chrystus nie patrzy na to, jak bardzo odeszli\u015bmy od<br \/>\nBo\u017cych Przykaza\u0144, nie ma wzgl\u0119du na to, jak wiele razy Mu<br \/>\nur\u0105gali\u015bmy, ile razy wzywali\u015bmy Jego \u015awi\u0119tego Imienia bez<br \/>\npotrzeby. On po prostu zawsze nas kocha i zawsze chce, aby\u015bmy my Go<br \/>\nkochali. <\/span><\/span><br \/>\n<\/span><\/div>\n<div align=\"justify\" style=\"font-style: normal; font-variant: normal; font-weight: normal; letter-spacing: normal; line-height: 150%; margin-bottom: 0cm; text-indent: 1.3cm;\">\n<span style=\"font-size: x-large;\"><span style=\"color: black;\"><span style=\"font-family: Book Antiqua, serif;\">Ale<br \/>\nnie jest zaborczy i daje nam woln\u0105 wol\u0119. Nie zmusza nas do kochania<br \/>\nGo. Daje nam mo\u017cliwo\u015b\u0107 decydowania. Za to winni\u015bmy Go chwali\u0107 \u2013<br \/>\nza bezmiar Jego \u0142askawo\u015bci i pozostawienie nam wyboru. Lecz w ten<br \/>\nspos\u00f3b \u2013 to na nas bezpo\u015brednio spada odpowiedzialno\u015b\u0107 za<br \/>\nzbawienie. <\/span><\/span><br \/>\n<\/span><\/div>\n<div align=\"justify\" style=\"font-style: normal; font-variant: normal; font-weight: normal; letter-spacing: normal; line-height: 150%; margin-bottom: 0cm; text-indent: 1.3cm;\">\n<span style=\"font-size: x-large;\"><span style=\"color: black;\"><span style=\"font-family: Book Antiqua, serif;\">My,<br \/>\nswoim zachowaniem, nie zawsze dajemy rad\u0119 sprosta\u0107 wymaganiom Pana<br \/>\nBoga. Nie zmienia to faktu, \u017ce dalej powinni\u015bmy pr\u00f3bowa\u0107. <\/span><\/span><br \/>\n<\/span><\/div>\n<div align=\"justify\" style=\"font-style: normal; font-variant: normal; font-weight: normal; letter-spacing: normal; line-height: 150%; margin-bottom: 0cm; text-indent: 1.3cm;\">\n<span style=\"font-size: x-large;\"><span style=\"color: black;\"><span style=\"font-family: Book Antiqua, serif;\">To<br \/>\ntak, jak z uzale\u017cnieniem. Chc\u0105c rzuci\u0107, na przyk\u0142ad, papierosy,<br \/>\ncz\u0142owiek jest w stanie przetrwa\u0107 p\u00f3\u0142 dnia, mo\u017ce ca\u0142y dzie\u0144,<br \/>\nniekiedy nawet do dw\u00f3ch dni. Jednak potem ulega u\u017cywce. Czy jednak<br \/>\nnie jest wa\u017cna ta pr\u00f3ba walki z na\u0142ogiem, ze swoimi<br \/>\nprzyzwyczajeniami, z samym sob\u0105? Oczywi\u015bcie, \u017ce jest! Oczywi\u015bcie,<br \/>\n\u017ce jest! <\/span><\/span><br \/>\n<\/span><\/div>\n<div align=\"justify\" style=\"font-style: normal; font-variant: normal; font-weight: normal; letter-spacing: normal; line-height: 150%; margin-bottom: 0cm; text-indent: 1.3cm;\">\n<span style=\"font-size: x-large;\"><span style=\"color: black;\"><span style=\"font-family: Book Antiqua, serif;\">Dlatego<br \/>\nte\u017c i my powinni\u015bmy pod\u0105\u017ca\u0107 za Przykazaniami i regularnie (a<br \/>\nnieraz nawet cz\u0119\u015bciej, ni\u017c regularnie) przyst\u0119powa\u0107 do<br \/>\nSakramentu Pokuty. I cho\u0107by\u015bmy nawet pope\u0142nili grzech kilka godzin<br \/>\npo Spowiedzi, to jednak podnie\u015bli\u015bmy si\u0119 z dna, chocia\u017c na<br \/>\nchwil\u0119, jak Jezus podczas Drogi Krzy\u017cowej podni\u00f3s\u0142 si\u0119, aby<br \/>\ndalej nie\u015b\u0107 Krzy\u017c. <\/span><\/span><br \/>\n<\/span><\/div>\n<div align=\"justify\" style=\"font-style: normal; font-variant: normal; font-weight: normal; letter-spacing: normal; line-height: 150%; margin-bottom: 0cm; text-indent: 1.3cm;\">\n<span style=\"color: black;\"><span style=\"font-family: Book Antiqua, serif;\"><span style=\"font-size: x-large;\">Warto<br \/>\nwi\u0119c w tym kontek\u015bcie zapyta\u0107 samego siebie: Czy staram si\u0119 mie\u0107<br \/>\nszacunek i kocha\u0107 drugiego cz\u0142owieka \u2013 bez wzgl\u0119du na to, kim<br \/>\njest? Czy staram si\u0119 regularnie przyst\u0119powa\u0107 do Sakramentu Pokuty<br \/>\ni Pojednania? Czy staram si\u0119 sprosta\u0107 wymaganiom Boga,<br \/>\nprzedstawionym w Dekalogu?\u2026<\/span><\/span><\/span><\/div>\n","protected":false},"excerpt":{"rendered":"<p>Szcz\u0119\u015b\u0107 Bo\u017ce! W dniu dzisiejszym urodziny prze\u017cywa Grzegorz Sosnowski, imieniny natomiast \u2013 Iza Izdebska \u2013 oboje nale\u017c\u0105cy w swoim czasie do r\u00f3\u017cnych Wsp\u00f3lnot m\u0142odzie\u017cowych. Dzi\u0119kuj\u0105c za wszelkie dobro, niegdy\u015b wsp\u00f3lnie tworzone, \u017cycz\u0119 Im sta\u0142ej wierno\u015bci Bo\u017cym Przykazaniom \u2013 o czym wi\u0119cej dzi\u015b w rozwa\u017caniu. Zapewniam o mojej modlitwie! A za wspomniane rozwa\u017canie dzi\u0119kuj\u0119 Jakubowi \u2013 [&hellip;]<\/p>\n","protected":false},"author":1,"featured_media":0,"comment_status":"open","ping_status":"open","sticky":false,"template":"","format":"standard","meta":{"jetpack_post_was_ever_published":false,"_jetpack_newsletter_access":"","_jetpack_dont_email_post_to_subs":false,"_jetpack_newsletter_tier_id":0,"_jetpack_memberships_contains_paywalled_content":false,"_jetpack_memberships_contains_paid_content":false,"footnotes":""},"categories":[1],"tags":[],"class_list":["post-14662","post","type-post","status-publish","format-standard","hentry","category-bez-kategorii"],"yoast_head":"<!-- This site is optimized with the Yoast SEO plugin v25.1 - https:\/\/yoast.com\/wordpress\/plugins\/seo\/ -->\n<title>Jak diamenty! - Gaudium Et Spes<\/title>\n<meta name=\"robots\" content=\"index, follow, max-snippet:-1, max-image-preview:large, max-video-preview:-1\" \/>\n<link rel=\"canonical\" href=\"https:\/\/gaudiumetspes-blog.pl\/index.php\/2019\/03\/16\/jak-diamenty\/\" \/>\n<meta property=\"og:locale\" content=\"pl_PL\" \/>\n<meta property=\"og:type\" content=\"article\" \/>\n<meta property=\"og:title\" content=\"Jak diamenty! - Gaudium Et Spes\" \/>\n<meta property=\"og:description\" content=\"Szcz\u0119\u015b\u0107 Bo\u017ce! W dniu dzisiejszym urodziny prze\u017cywa Grzegorz Sosnowski, imieniny natomiast \u2013 Iza Izdebska \u2013 oboje nale\u017c\u0105cy w swoim czasie do r\u00f3\u017cnych Wsp\u00f3lnot m\u0142odzie\u017cowych. Dzi\u0119kuj\u0105c za wszelkie dobro, niegdy\u015b wsp\u00f3lnie tworzone, \u017cycz\u0119 Im sta\u0142ej wierno\u015bci Bo\u017cym Przykazaniom \u2013 o czym wi\u0119cej dzi\u015b w rozwa\u017caniu. Zapewniam o mojej modlitwie! A za wspomniane rozwa\u017canie dzi\u0119kuj\u0119 Jakubowi \u2013 [&hellip;]\" \/>\n<meta property=\"og:url\" content=\"https:\/\/gaudiumetspes-blog.pl\/index.php\/2019\/03\/16\/jak-diamenty\/\" \/>\n<meta property=\"og:site_name\" content=\"Gaudium Et Spes\" \/>\n<meta property=\"article:published_time\" content=\"2019-03-16T04:38:00+00:00\" \/>\n<meta property=\"article:modified_time\" content=\"2019-07-31T11:00:44+00:00\" \/>\n<meta name=\"author\" content=\"Ks. Jacek\" \/>\n<meta name=\"twitter:card\" content=\"summary_large_image\" \/>\n<meta name=\"twitter:label1\" content=\"Napisane przez\" \/>\n\t<meta name=\"twitter:data1\" content=\"Ks. Jacek\" \/>\n\t<meta name=\"twitter:label2\" content=\"Szacowany czas czytania\" \/>\n\t<meta name=\"twitter:data2\" content=\"5 minut\" \/>\n<script type=\"application\/ld+json\" class=\"yoast-schema-graph\">{\"@context\":\"https:\/\/schema.org\",\"@graph\":[{\"@type\":\"WebPage\",\"@id\":\"https:\/\/gaudiumetspes-blog.pl\/index.php\/2019\/03\/16\/jak-diamenty\/\",\"url\":\"https:\/\/gaudiumetspes-blog.pl\/index.php\/2019\/03\/16\/jak-diamenty\/\",\"name\":\"Jak diamenty! - Gaudium Et Spes\",\"isPartOf\":{\"@id\":\"https:\/\/gaudiumetspes-blog.pl\/#website\"},\"datePublished\":\"2019-03-16T04:38:00+00:00\",\"dateModified\":\"2019-07-31T11:00:44+00:00\",\"author\":{\"@id\":\"https:\/\/gaudiumetspes-blog.pl\/#\/schema\/person\/1661982992b752dea8dff0d4ed845a65\"},\"breadcrumb\":{\"@id\":\"https:\/\/gaudiumetspes-blog.pl\/index.php\/2019\/03\/16\/jak-diamenty\/#breadcrumb\"},\"inLanguage\":\"pl-PL\",\"potentialAction\":[{\"@type\":\"ReadAction\",\"target\":[\"https:\/\/gaudiumetspes-blog.pl\/index.php\/2019\/03\/16\/jak-diamenty\/\"]}]},{\"@type\":\"BreadcrumbList\",\"@id\":\"https:\/\/gaudiumetspes-blog.pl\/index.php\/2019\/03\/16\/jak-diamenty\/#breadcrumb\",\"itemListElement\":[{\"@type\":\"ListItem\",\"position\":1,\"name\":\"Strona g\u0142\u00f3wna\",\"item\":\"https:\/\/gaudiumetspes-blog.pl\/\"},{\"@type\":\"ListItem\",\"position\":2,\"name\":\"Jak diamenty!\"}]},{\"@type\":\"WebSite\",\"@id\":\"https:\/\/gaudiumetspes-blog.pl\/#website\",\"url\":\"https:\/\/gaudiumetspes-blog.pl\/\",\"name\":\"Gaudium Et Spes\",\"description\":\"Blog Ks. Jacka Ja\u015bkowskiego\",\"potentialAction\":[{\"@type\":\"SearchAction\",\"target\":{\"@type\":\"EntryPoint\",\"urlTemplate\":\"https:\/\/gaudiumetspes-blog.pl\/?s={search_term_string}\"},\"query-input\":{\"@type\":\"PropertyValueSpecification\",\"valueRequired\":true,\"valueName\":\"search_term_string\"}}],\"inLanguage\":\"pl-PL\"},{\"@type\":\"Person\",\"@id\":\"https:\/\/gaudiumetspes-blog.pl\/#\/schema\/person\/1661982992b752dea8dff0d4ed845a65\",\"name\":\"Ks. Jacek\",\"image\":{\"@type\":\"ImageObject\",\"inLanguage\":\"pl-PL\",\"@id\":\"https:\/\/gaudiumetspes-blog.pl\/#\/schema\/person\/image\/\",\"url\":\"https:\/\/gaudiumetspes-blog.pl\/wp-content\/uploads\/2019\/07\/avatar-JJ-150x150.jpg\",\"contentUrl\":\"https:\/\/gaudiumetspes-blog.pl\/wp-content\/uploads\/2019\/07\/avatar-JJ-150x150.jpg\",\"caption\":\"Ks. Jacek\"},\"description\":\"Witam serdecznie! K\u0142ania si\u0119 Ks. Jacek Ja\u015bkowski. Nie jestem ani kim\u015b wa\u017cnym, ani kim\u015b znanym. Jestem ksi\u0119dzem, kt\u00f3ry po prostu chce rozmawia\u0107. Codzienna kap\u0142a\u0144ska pos\u0142uga pokazuje mi, \u017ce temat\u00f3w do rozm\u00f3w z ksi\u0119dzem jest coraz wi\u0119cej i dzisiaj \u017caden ksi\u0105dz nie mo\u017ce od nich ucieka\u0107, ale - wprost przeciwnie - podejmowa\u0107 nowe wyzwania. To przekonanie sk\u0142oni\u0142o mnie do pr\u00f3by otwarcia tego\u017c bloga, chocia\u017c okazji do rozm\u00f3w na co dzie\u0144 - w konfesjonale i poza nim - na szcz\u0119\u015bcie nie brakuje. My\u015bl\u0119 jednak, \u017ce ten blog b\u0119dzie jeszcze jednym sposobem i przestrzeni\u0105 nawi\u0105zania kontaktu z lud\u017ami dobrej woli, otwartymi na dialog.\",\"url\":\"https:\/\/gaudiumetspes-blog.pl\/index.php\/author\/ks-jacek\/\"}]}<\/script>\n<!-- \/ Yoast SEO plugin. -->","yoast_head_json":{"title":"Jak diamenty! - Gaudium Et Spes","robots":{"index":"index","follow":"follow","max-snippet":"max-snippet:-1","max-image-preview":"max-image-preview:large","max-video-preview":"max-video-preview:-1"},"canonical":"https:\/\/gaudiumetspes-blog.pl\/index.php\/2019\/03\/16\/jak-diamenty\/","og_locale":"pl_PL","og_type":"article","og_title":"Jak diamenty! - Gaudium Et Spes","og_description":"Szcz\u0119\u015b\u0107 Bo\u017ce! W dniu dzisiejszym urodziny prze\u017cywa Grzegorz Sosnowski, imieniny natomiast \u2013 Iza Izdebska \u2013 oboje nale\u017c\u0105cy w swoim czasie do r\u00f3\u017cnych Wsp\u00f3lnot m\u0142odzie\u017cowych. Dzi\u0119kuj\u0105c za wszelkie dobro, niegdy\u015b wsp\u00f3lnie tworzone, \u017cycz\u0119 Im sta\u0142ej wierno\u015bci Bo\u017cym Przykazaniom \u2013 o czym wi\u0119cej dzi\u015b w rozwa\u017caniu. Zapewniam o mojej modlitwie! A za wspomniane rozwa\u017canie dzi\u0119kuj\u0119 Jakubowi \u2013 [&hellip;]","og_url":"https:\/\/gaudiumetspes-blog.pl\/index.php\/2019\/03\/16\/jak-diamenty\/","og_site_name":"Gaudium Et Spes","article_published_time":"2019-03-16T04:38:00+00:00","article_modified_time":"2019-07-31T11:00:44+00:00","author":"Ks. Jacek","twitter_card":"summary_large_image","twitter_misc":{"Napisane przez":"Ks. Jacek","Szacowany czas czytania":"5 minut"},"schema":{"@context":"https:\/\/schema.org","@graph":[{"@type":"WebPage","@id":"https:\/\/gaudiumetspes-blog.pl\/index.php\/2019\/03\/16\/jak-diamenty\/","url":"https:\/\/gaudiumetspes-blog.pl\/index.php\/2019\/03\/16\/jak-diamenty\/","name":"Jak diamenty! - Gaudium Et Spes","isPartOf":{"@id":"https:\/\/gaudiumetspes-blog.pl\/#website"},"datePublished":"2019-03-16T04:38:00+00:00","dateModified":"2019-07-31T11:00:44+00:00","author":{"@id":"https:\/\/gaudiumetspes-blog.pl\/#\/schema\/person\/1661982992b752dea8dff0d4ed845a65"},"breadcrumb":{"@id":"https:\/\/gaudiumetspes-blog.pl\/index.php\/2019\/03\/16\/jak-diamenty\/#breadcrumb"},"inLanguage":"pl-PL","potentialAction":[{"@type":"ReadAction","target":["https:\/\/gaudiumetspes-blog.pl\/index.php\/2019\/03\/16\/jak-diamenty\/"]}]},{"@type":"BreadcrumbList","@id":"https:\/\/gaudiumetspes-blog.pl\/index.php\/2019\/03\/16\/jak-diamenty\/#breadcrumb","itemListElement":[{"@type":"ListItem","position":1,"name":"Strona g\u0142\u00f3wna","item":"https:\/\/gaudiumetspes-blog.pl\/"},{"@type":"ListItem","position":2,"name":"Jak diamenty!"}]},{"@type":"WebSite","@id":"https:\/\/gaudiumetspes-blog.pl\/#website","url":"https:\/\/gaudiumetspes-blog.pl\/","name":"Gaudium Et Spes","description":"Blog Ks. Jacka Ja\u015bkowskiego","potentialAction":[{"@type":"SearchAction","target":{"@type":"EntryPoint","urlTemplate":"https:\/\/gaudiumetspes-blog.pl\/?s={search_term_string}"},"query-input":{"@type":"PropertyValueSpecification","valueRequired":true,"valueName":"search_term_string"}}],"inLanguage":"pl-PL"},{"@type":"Person","@id":"https:\/\/gaudiumetspes-blog.pl\/#\/schema\/person\/1661982992b752dea8dff0d4ed845a65","name":"Ks. Jacek","image":{"@type":"ImageObject","inLanguage":"pl-PL","@id":"https:\/\/gaudiumetspes-blog.pl\/#\/schema\/person\/image\/","url":"https:\/\/gaudiumetspes-blog.pl\/wp-content\/uploads\/2019\/07\/avatar-JJ-150x150.jpg","contentUrl":"https:\/\/gaudiumetspes-blog.pl\/wp-content\/uploads\/2019\/07\/avatar-JJ-150x150.jpg","caption":"Ks. Jacek"},"description":"Witam serdecznie! K\u0142ania si\u0119 Ks. Jacek Ja\u015bkowski. Nie jestem ani kim\u015b wa\u017cnym, ani kim\u015b znanym. Jestem ksi\u0119dzem, kt\u00f3ry po prostu chce rozmawia\u0107. Codzienna kap\u0142a\u0144ska pos\u0142uga pokazuje mi, \u017ce temat\u00f3w do rozm\u00f3w z ksi\u0119dzem jest coraz wi\u0119cej i dzisiaj \u017caden ksi\u0105dz nie mo\u017ce od nich ucieka\u0107, ale - wprost przeciwnie - podejmowa\u0107 nowe wyzwania. To przekonanie sk\u0142oni\u0142o mnie do pr\u00f3by otwarcia tego\u017c bloga, chocia\u017c okazji do rozm\u00f3w na co dzie\u0144 - w konfesjonale i poza nim - na szcz\u0119\u015bcie nie brakuje. My\u015bl\u0119 jednak, \u017ce ten blog b\u0119dzie jeszcze jednym sposobem i przestrzeni\u0105 nawi\u0105zania kontaktu z lud\u017ami dobrej woli, otwartymi na dialog.","url":"https:\/\/gaudiumetspes-blog.pl\/index.php\/author\/ks-jacek\/"}]}},"jetpack_featured_media_url":"","jetpack_sharing_enabled":true,"_links":{"self":[{"href":"https:\/\/gaudiumetspes-blog.pl\/index.php\/wp-json\/wp\/v2\/posts\/14662","targetHints":{"allow":["GET"]}}],"collection":[{"href":"https:\/\/gaudiumetspes-blog.pl\/index.php\/wp-json\/wp\/v2\/posts"}],"about":[{"href":"https:\/\/gaudiumetspes-blog.pl\/index.php\/wp-json\/wp\/v2\/types\/post"}],"author":[{"embeddable":true,"href":"https:\/\/gaudiumetspes-blog.pl\/index.php\/wp-json\/wp\/v2\/users\/1"}],"replies":[{"embeddable":true,"href":"https:\/\/gaudiumetspes-blog.pl\/index.php\/wp-json\/wp\/v2\/comments?post=14662"}],"version-history":[{"count":1,"href":"https:\/\/gaudiumetspes-blog.pl\/index.php\/wp-json\/wp\/v2\/posts\/14662\/revisions"}],"predecessor-version":[{"id":15026,"href":"https:\/\/gaudiumetspes-blog.pl\/index.php\/wp-json\/wp\/v2\/posts\/14662\/revisions\/15026"}],"wp:attachment":[{"href":"https:\/\/gaudiumetspes-blog.pl\/index.php\/wp-json\/wp\/v2\/media?parent=14662"}],"wp:term":[{"taxonomy":"category","embeddable":true,"href":"https:\/\/gaudiumetspes-blog.pl\/index.php\/wp-json\/wp\/v2\/categories?post=14662"},{"taxonomy":"post_tag","embeddable":true,"href":"https:\/\/gaudiumetspes-blog.pl\/index.php\/wp-json\/wp\/v2\/tags?post=14662"}],"curies":[{"name":"wp","href":"https:\/\/api.w.org\/{rel}","templated":true}]}}