{"id":14664,"date":"2019-03-14T04:48:00","date_gmt":"2019-03-14T03:48:00","guid":{"rendered":"https:\/\/gaudiumetspes-blog.pl\/index.php\/2019\/03\/14\/a-koaczacemu-otworza\/"},"modified":"2019-07-31T13:00:44","modified_gmt":"2019-07-31T11:00:44","slug":"a-koaczacemu-otworza","status":"publish","type":"post","link":"https:\/\/gaudiumetspes-blog.pl\/index.php\/2019\/03\/14\/a-koaczacemu-otworza\/","title":{"rendered":"A ko\u0142acz\u0105cemu otworz\u0105&#8230;"},"content":{"rendered":"<p><\/p>\n<div align=\"justify\" style=\"font-weight: normal; line-height: 150%; margin-bottom: 0cm;\">\n<span style=\"font-size: x-large;\"><span style=\"color: black;\"><span style=\"font-family: Book Antiqua, serif;\">Szcz\u0119\u015b\u0107<br \/>\nBo\u017ce! Witam i pozdrawiam Wszystkich, \u017cycz\u0105c b\u0142ogos\u0142awionego<br \/>\nWielkiego Postu. Mamy ju\u017c za sob\u0105 pierwszy tydzie\u0144 od dnia jego<br \/>\nrozpocz\u0119cia, czyli od \u015arody Popielcowej. Co nam si\u0119 uda\u0142o dobrego<br \/>\nprzez ten tydzie\u0144 zdzia\u0142a\u0107 w kwestii naszej pracy nad sob\u0105?\u2026 <\/span><\/span><br \/>\n<\/span><\/div>\n<div align=\"center\" style=\"font-weight: normal; line-height: 150%; margin-bottom: 0cm;\">\n<span style=\"color: black;\"><span style=\"font-family: Book Antiqua, serif;\"><span style=\"font-size: x-large;\">Gaudium<br \/>\net spes!  Ks. Jacek<\/span><\/span><\/span><\/div>\n<div align=\"justify\" style=\"line-height: 150%; margin-bottom: 0cm;\">\n<span style=\"font-size: x-large;\"><\/p>\n<p><\/span><\/div>\n<div align=\"justify\" style=\"line-height: 150%; margin-bottom: 0cm;\">\n<span style=\"color: black;\"><span style=\"font-family: Book Antiqua, serif;\"><span style=\"font-size: x-large;\"><b>Czwartek<br \/>\n1 Tygodnia Wielkiego Postu,<\/b><\/span><\/span><\/span><\/div>\n<div align=\"justify\" style=\"line-height: 150%; margin-bottom: 0cm;\">\n<span style=\"color: black;\"><span style=\"font-family: Book Antiqua, serif;\"><span style=\"font-size: x-large;\"><b>do<br \/>\nczyta\u0144:  Est (Wlg) 14,1.3\u20135.12\u201314;  Mt 7,7\u201312<\/b><\/span><\/span><\/span><\/div>\n<div align=\"justify\" style=\"line-height: 150%; margin-bottom: 0cm;\">\n<span style=\"font-size: x-large;\"><\/p>\n<p><\/span><\/div>\n<div align=\"justify\" style=\"font-style: normal; font-variant: normal; letter-spacing: normal; line-height: 150%; margin-bottom: 0cm; page-break-before: auto;\">\n<span style=\"font-size: x-large;\"><span style=\"color: black;\"><span style=\"font-family: Book Antiqua, serif;\"><b>CZYTANIE<br \/>\nZ KSI\u0118GI ESTERY: <\/b><\/span><\/span><br \/>\n<\/span><\/div>\n<div align=\"justify\" style=\"background: transparent; font-style: normal; font-variant: normal; letter-spacing: normal; line-height: 150%; margin-bottom: 0cm; page-break-before: auto; text-indent: 1.3cm;\">\n<span style=\"font-size: x-large;\"><span style=\"color: black;\"><span style=\"font-family: Book Antiqua, serif;\"><b>Kr\u00f3lowa<br \/>\nEstera zwr\u00f3ci\u0142a si\u0119 do Pana, przej\u0119ta niebezpiecze\u0144stwem<br \/>\n\u015bmierci. <\/b><\/span><\/span><br \/>\n<\/span><\/div>\n<div align=\"justify\" style=\"background: transparent; font-style: normal; font-variant: normal; letter-spacing: normal; line-height: 150%; margin-bottom: 0cm; text-indent: 1.3cm;\">\n<span style=\"font-size: x-large;\"><span style=\"color: black;\"><span style=\"font-family: Book Antiqua, serif;\"><b>I<br \/>\nb\u0142aga\u0142a Pana, Boga Izraela, i rzek\u0142a: <\/b><\/span><\/span><br \/>\n<\/span><\/div>\n<div align=\"justify\" style=\"background: transparent; font-style: normal; font-variant: normal; letter-spacing: normal; line-height: 150%; margin-bottom: 0cm; text-indent: 1.3cm;\">\n<span style=\"font-size: x-large;\"><span style=\"color: black;\">\u201e<span style=\"font-family: Book Antiqua, serif;\"><b>Panie<br \/>\nm\u00f3j, Kr\u00f3lu nasz, Ty jeste\u015b jedyny, wspom\u00f3\u017c mnie samotn\u0105, nie<br \/>\nmaj\u0105c\u0105 pr\u00f3cz Ciebie \u017cadnego wspomo\u017cyciela, bo niebezpiecze\u0144stwo<br \/>\njest niejako w r\u0119ce mojej. Ja s\u0142ysza\u0142am od m\u0142odo\u015bci mojej w<br \/>\npokoleniu moim w ojczy\u017anie, \u017ce Ty, Panie, wybra\u0142e\u015b Izraela ze<br \/>\nwszystkich narod\u00f3w i ojc\u00f3w naszych ze wszystkich przodk\u00f3w ich na<br \/>\nwieczyst\u0105 posiad\u0142o\u015b\u0107 i uczyni\u0142e\u015b im tak wiele rzeczy wed\u0142ug<br \/>\nobietnicy. <\/b><\/span><\/span><br \/>\n<\/span><\/div>\n<div align=\"justify\" style=\"background: transparent; font-style: normal; font-variant: normal; letter-spacing: normal; line-height: 150%; margin-bottom: 0cm; text-indent: 1.3cm;\">\n<span style=\"font-size: x-large;\"><span style=\"color: black;\"><span style=\"font-family: Book Antiqua, serif;\"><b>Wspomnij,<br \/>\nPanie, poka\u017c si\u0119 w chwili udr\u0119czenia naszego i dodaj mi odwagi.<br \/>\nKr\u00f3lu bog\u00f3w i W\u0142adco nad wszystkimi w\u0142adcami. Daj odpowiedni\u0105<br \/>\nmow\u0119 w usta moje przed obliczem lwa i obr\u00f3\u0107 serce jego ku<br \/>\nnienawi\u015bci wroga naszego, aby zgin\u0105\u0142 on sam i ci, kt\u00f3rzy z nim<br \/>\njedno my\u015bl\u0105. <\/b><\/span><\/span><br \/>\n<\/span><\/div>\n<div align=\"justify\" style=\"background: transparent; font-style: normal; font-variant: normal; letter-spacing: normal; line-height: 150%; margin-bottom: 0cm; text-indent: 1.3cm;\">\n<span style=\"color: black;\"><span style=\"font-family: Book Antiqua, serif;\"><span style=\"font-size: x-large;\"><b>Wybaw<br \/>\nnas r\u0119k\u0105 Twoj\u0105 i wspom\u00f3\u017c mnie opuszczon\u0105 i nie maj\u0105c\u0105 nikogo<br \/>\npr\u00f3cz Ciebie, Panie, kt\u00f3ry wiesz wszystko\u201d.<\/b><\/span><\/span><\/span><\/div>\n<div align=\"justify\" style=\"line-height: 150%; margin-bottom: 0cm;\">\n<span style=\"font-size: x-large;\"><\/p>\n<p><\/span><\/div>\n<div align=\"justify\" style=\"font-style: normal; font-variant: normal; letter-spacing: normal; line-height: 150%; margin-bottom: 0cm;\">\n<span style=\"font-size: x-large;\"><span style=\"color: black;\"><span style=\"font-family: Book Antiqua, serif;\"><b>S\u0141OWA<br \/>\nEWANGELII WED\u0141UG \u015aWI\u0118TEGO MATEUSZA: <\/b><\/span><\/span><br \/>\n<\/span><\/div>\n<div align=\"justify\" style=\"background: transparent; font-style: normal; font-variant: normal; letter-spacing: normal; line-height: 150%; margin-bottom: 0cm; page-break-before: auto; text-indent: 1.3cm;\">\n<span style=\"font-size: x-large;\"><span style=\"color: black;\"><span style=\"font-family: Book Antiqua, serif;\"><b>Jezus<br \/>\npowiedzia\u0142 do swoich uczni\u00f3w: \u201ePro\u015bcie, a b\u0119dzie wam dane;<br \/>\nszukajcie, a znajdziecie; ko\u0142aczcie, a otworz\u0105 wam. Albowiem ka\u017cdy,<br \/>\nkto prosi, otrzymuje; kto szuka, znajduje; a ko\u0142acz\u0105cemu otworz\u0105. <\/b><\/span><\/span><br \/>\n<\/span><\/div>\n<div align=\"justify\" style=\"background: transparent; font-style: normal; font-variant: normal; letter-spacing: normal; line-height: 150%; margin-bottom: 0cm; text-indent: 1.3cm;\">\n<span style=\"font-size: x-large;\"><span style=\"color: black;\"><span style=\"font-family: Book Antiqua, serif;\"><b>Gdy<br \/>\nkt\u00f3rego z was syn prosi o chleb, czy jest taki, kt\u00f3ry poda mu<br \/>\nkamie\u0144? Albo gdy prosi o ryb\u0119, czy poda mu w\u0119\u017ca? Je\u015bli wi\u0119c wy,<br \/>\ncho\u0107 \u017ali jeste\u015bcie, umiecie dawa\u0107 dobre dary swoim dzieciom, o<br \/>\nile\u017c bardziej Ojciec wasz, kt\u00f3ry jest w niebie, da to, co dobre<br \/>\ntym, kt\u00f3rzy Go prosz\u0105. <\/b><\/span><\/span><br \/>\n<\/span><\/div>\n<div align=\"justify\" style=\"background: transparent; font-style: normal; font-variant: normal; letter-spacing: normal; line-height: 150%; margin-bottom: 0cm; text-indent: 1.3cm;\">\n<span style=\"color: black;\"><span style=\"font-family: Book Antiqua, serif;\"><span style=\"font-size: x-large;\"><b>Wszystko<br \/>\nwi\u0119c, co by\u015bcie chcieli, \u017ceby wam ludzie czynili, i wy im czy\u0144cie.<br \/>\nAlbowiem na tym polega Prawo i Prorocy\u201d.<\/b><\/span><\/span><\/span><\/div>\n<div align=\"justify\" style=\"line-height: 150%; margin-bottom: 0cm;\">\n<span style=\"font-size: x-large;\"><\/p>\n<p><\/span><\/div>\n<div align=\"justify\" style=\"font-style: normal; font-variant: normal; font-weight: normal; letter-spacing: normal; line-height: 150%; margin-bottom: 0cm; page-break-before: auto; text-indent: 1.3cm;\">\n<span style=\"font-size: x-large;\"><span style=\"color: black;\"><span style=\"font-family: Book Antiqua, serif;\">S\u0142uchaj\u0105c<br \/>\nobu dzisiejszych czyta\u0144, mo\u017cemy odnie\u015b\u0107 wra\u017cenie, \u017ce kr\u00f3lowa<br \/>\nEstera wzi\u0119\u0142a sobie g\u0142\u0119boko do serca te s\u0142owa Jezusa z<br \/>\ndzisiejszej Ewangelii: <i><b>Pro\u015bcie, a b\u0119dzie wam dane; szukajcie,<br \/>\na znajdziecie; ko\u0142aczcie, a otworz\u0105 wam. Albowiem ka\u017cdy, kto<br \/>\nprosi, otrzymuje; kto szuka, znajduje; a ko\u0142acz\u0105cemu otworz\u0105.<\/b><\/i><b><br \/>\n<\/b><\/span><\/span><br \/>\n<\/span><\/div>\n<div align=\"justify\" style=\"font-style: normal; font-variant: normal; font-weight: normal; letter-spacing: normal; line-height: 150%; margin-bottom: 0cm; text-indent: 1.3cm;\">\n<span style=\"font-size: x-large;\"><span style=\"color: black;\"><span style=\"font-family: Book Antiqua, serif;\">Oczywi\u015bcie,<br \/>\ndobrze wiemy, \u017ce to nie by\u0142o mo\u017cliwe, bo wydarzenia, opisane w<br \/>\nKsi\u0119dze Estery, mia\u0142y miejsce <b>pi\u0119\u0107 wiek\u00f3w przed przyj\u015bciem<br \/>\nJezusa,<\/b> zatem logicznym jest, \u017ce kr\u00f3lowa Estera nie mog\u0142a zna\u0107<br \/>\nJego nauczania. Ale zna\u0142a z ca\u0142\u0105 pewno\u015bci\u0105 <b>dobro\u0107 i mi\u0142o\u015b\u0107<br \/>\nBoga,<\/b> kt\u00f3ry ratuje z opresji tych, co si\u0119 do Niego <b>ufnie<br \/>\nzwracaj\u0105.<\/b> A ona w\u0142a\u015bnie w takiej opresji si\u0119 znalaz\u0142a. <\/span><\/span><br \/>\n<\/span><\/div>\n<div align=\"justify\" style=\"font-style: normal; font-variant: normal; font-weight: normal; letter-spacing: normal; line-height: 150%; margin-bottom: 0cm; text-indent: 1.3cm;\">\n<span style=\"font-size: x-large;\"><span style=\"color: black;\"><span style=\"font-family: Book Antiqua, serif;\">Wyniesiona<br \/>\ndo godno\u015bci kr\u00f3lewskiej na perskim dworze, ukrywaj\u0105c swoje<br \/>\n\u017cydowskie pochodzenie, stan\u0119\u0142a w obliczu <b>konieczno\u015bci<br \/>\nuratowania swego narodu<\/b> \u2013 jednego z podbitych przez perskiego<br \/>\nkr\u00f3la \u2013 od wyroku zag\u0142ady, wydanego na\u0144 przez kr\u00f3la,<br \/>\npodm\u00f3wionego podst\u0119pnie do podj\u0119cia takiej decyzji przez wielkiego<br \/>\nwezyra i kr\u00f3lewskiego doradcy, <b>okrutnego Hamana, <\/b>zapiek\u0142ego<br \/>\nwroga \u017byd\u00f3w. <\/span><\/span><br \/>\n<\/span><\/div>\n<div align=\"justify\" style=\"font-style: normal; font-variant: normal; font-weight: normal; letter-spacing: normal; line-height: 150%; margin-bottom: 0cm; text-indent: 1.3cm;\">\n<span style=\"font-size: x-large;\"><span style=\"color: black;\"><span style=\"font-family: Book Antiqua, serif;\">Estera,<br \/>\nchocia\u017c ciesz\u0105ca si\u0119 wielkim uznaniem kr\u00f3la, swego ma\u0142\u017conka,<br \/>\nby\u0142a jednak <b>zobowi\u0105zana przestrzega\u0107 prawa,<\/b> panuj\u0105cego na<br \/>\ndworze. A prawo to zabrania\u0142o komukolwiek \u2013 tak\u017ce kr\u00f3lowej \u2013<br \/>\nstawa\u0107 przed obliczem w\u0142adcy, nie b\u0119d\u0105c przeze\u0144 wezwanym. Za<br \/>\ntakie <b>samowolne wkroczenie do sali tronowej grozi\u0142a \u015bmier\u0107<\/b><br \/>\n\u2013 chyba, \u017ce kr\u00f3l wyci\u0105gn\u0105\u0142 ku przybyszowi<b> swoje ber\u0142o,<br \/>\n<\/b>sygnalizuj\u0105c w ten spos\u00f3b, \u017ce chce go przyj\u0105\u0107. <\/span><\/span><br \/>\n<\/span><\/div>\n<div align=\"justify\" style=\"font-style: normal; font-variant: normal; font-weight: normal; letter-spacing: normal; line-height: 150%; margin-bottom: 0cm; text-indent: 1.3cm;\">\n<span style=\"font-size: x-large;\"><span style=\"color: black;\"><span style=\"font-family: Book Antiqua, serif;\">I<br \/>\noto kr\u00f3lowa nie by\u0142a wzywana ju\u017c od miesi\u0105ca. A wyrok na \u017byd\u00f3w<br \/>\nzosta\u0142 wydany i trzeba by\u0142o podj\u0105\u0107 <b>interwencj\u0119 w ich sprawie,<\/b><br \/>\ngdy tymczasem zegar z\u0142owrogo \u201etyka\u0142\u201d, wybijaj\u0105c kolejne<br \/>\ngodziny, z kt\u00f3rych tworzy\u0142y si\u0119 kolejne dni, szybko up\u0142ywaj\u0105ce<br \/>\nprzed zamierzon\u0105 dat\u0105\u2026 I c\u00f3\u017c mia\u0142a robi\u0107 \u017cydowska kr\u00f3lowa<br \/>\nwielkiego imperium? Jej wkroczenie przed oblicze kr\u00f3la bez wezwania<br \/>\nmog\u0142o <b>sko\u0144czy\u0107 si\u0119 jej \u015bmierci\u0105! <\/b>A tym na pewno nie<br \/>\npomog\u0142aby swoim rodakom. <\/span><\/span><br \/>\n<\/span><\/div>\n<div align=\"justify\" style=\"font-style: normal; font-variant: normal; font-weight: normal; letter-spacing: normal; line-height: 150%; margin-bottom: 0cm; text-indent: 1.3cm;\">\n<span style=\"font-size: x-large;\"><span style=\"color: black;\"><span style=\"font-family: Book Antiqua, serif;\">Z<br \/>\ndrugiej jednak strony, jej opiekun Mardocheusz jasno stwierdzi\u0142 w<br \/>\nkt\u00f3rym\u015b momencie, \u017ce mo\u017ce w\u0142a\u015bnie tylko <b>dla tej chwili i tej<br \/>\nsytuacji zosta\u0142a wybrana kr\u00f3low\u0105!<\/b> Postanowi\u0142a zatem p\u00f3j\u015b\u0107<br \/>\ndo kr\u00f3la \u2013 bez wzgl\u0119du na mo\u017cliwe konsekwencje. Wcze\u015bniej<br \/>\njednak poprosi\u0142a swoich rodak\u00f3w, aby si\u0119 <b>za ni\u0105<\/b> <b>serdecznie<br \/>\nmodlili.<\/b> I sama zacz\u0119\u0142a si\u0119 \u017carliwie modli\u0107, co te\u017c dzisiaj<br \/>\ns\u0142yszymy. <\/span><\/span><br \/>\n<\/span><\/div>\n<div align=\"justify\" style=\"font-style: normal; font-variant: normal; font-weight: normal; letter-spacing: normal; line-height: 150%; margin-bottom: 0cm; text-indent: 1.3cm;\">\n<span style=\"font-size: x-large;\"><span style=\"color: black;\"><span style=\"font-family: Book Antiqua, serif;\">Jej<br \/>\npokorne wo\u0142anie do Boga nie pozosta\u0142o bez odzewu \u2013 ostatecznie<br \/>\n<b>uratowa\u0142a sw\u00f3j nar\u00f3d.<\/b> B\u00f3g da\u0142 \u2013 prosz\u0105cej; pozwoli\u0142<br \/>\nznale\u017a\u0107 \u2013 szukaj\u0105cej; otworzy\u0142 \u2013 ko\u0142acz\u0105cej. Okaza\u0142o si\u0119,<br \/>\n\u017ce i kr\u00f3l \u2013 cho\u0107 z\u0142y by\u0142, bo i grzeszny, i jak to kr\u00f3l w<br \/>\ntamtych czasach: nierzadko okrutny \u2013 <b>umia\u0142 da\u0107 dobry dar<\/b><br \/>\ntej, kt\u00f3ra si\u0119 do niego zwr\u00f3ci\u0142a. Ale sta\u0142o si\u0119 tak dlatego, \u017ce<br \/>\nona, Estera, <b>wcze\u015bniej zwr\u00f3ci\u0142a si\u0119 do Boga,<\/b> Jemu<br \/>\npowierzaj\u0105c ca\u0142\u0105 spraw\u0119. <\/span><\/span><br \/>\n<\/span><\/div>\n<div align=\"justify\" style=\"font-style: normal; font-variant: normal; font-weight: normal; letter-spacing: normal; line-height: 150%; margin-bottom: 0cm; text-indent: 1.3cm;\">\n<span style=\"color: black;\"><span style=\"font-family: Book Antiqua, serif;\"><span style=\"font-size: x-large;\">My<br \/>\nte\u017c, moi Drodzy, bardzo cz\u0119sto znajdujemy si\u0119 w sytuacjach \u2013 po<br \/>\nludzku rzecz bior\u0105c \u2013<b> po prostu bez wyj\u015bcia.<\/b> Czy sta\u0107 nas<br \/>\nw\u00f3wczas na odwag\u0119 zwr\u00f3cenia si\u0119 do Boga, kt\u00f3ry jednak <b>jakie\u015b<br \/>\nwyj\u015bcie jest w stanie znale\u017a\u0107?<\/b> Czy my naprawd\u0119 wierzymy w<br \/>\nJego wszechmoc \u2013 nawet wbrew ludzkiej logice i ca\u0142emu naszemu<br \/>\n\u017cyciowemu do\u015bwiadczeniu? Co ja osobi\u015bcie zrobi\u0119 w tym Wielkim<br \/>\nPo\u015bcie, aby <b>maksymalnie zwi\u0119kszy\u0107 i utrwali\u0107<\/b> swoje<br \/>\nzaufanie do Boga?\u2026<\/span><\/span><\/span><\/div>\n","protected":false},"excerpt":{"rendered":"<p>Szcz\u0119\u015b\u0107 Bo\u017ce! Witam i pozdrawiam Wszystkich, \u017cycz\u0105c b\u0142ogos\u0142awionego Wielkiego Postu. Mamy ju\u017c za sob\u0105 pierwszy tydzie\u0144 od dnia jego rozpocz\u0119cia, czyli od \u015arody Popielcowej. Co nam si\u0119 uda\u0142o dobrego przez ten tydzie\u0144 zdzia\u0142a\u0107 w kwestii naszej pracy nad sob\u0105?\u2026 Gaudium et spes! Ks. Jacek Czwartek 1 Tygodnia Wielkiego Postu, do czyta\u0144: Est (Wlg) 14,1.3\u20135.12\u201314; Mt [&hellip;]<\/p>\n","protected":false},"author":1,"featured_media":0,"comment_status":"open","ping_status":"open","sticky":false,"template":"","format":"standard","meta":{"jetpack_post_was_ever_published":false,"_jetpack_newsletter_access":"","_jetpack_dont_email_post_to_subs":false,"_jetpack_newsletter_tier_id":0,"_jetpack_memberships_contains_paywalled_content":false,"_jetpack_memberships_contains_paid_content":false,"footnotes":""},"categories":[1],"tags":[],"class_list":["post-14664","post","type-post","status-publish","format-standard","hentry","category-bez-kategorii"],"yoast_head":"<!-- This site is optimized with the Yoast SEO plugin v25.1 - https:\/\/yoast.com\/wordpress\/plugins\/seo\/ -->\n<title>A ko\u0142acz\u0105cemu otworz\u0105... - Gaudium Et Spes<\/title>\n<meta name=\"robots\" content=\"index, follow, max-snippet:-1, max-image-preview:large, max-video-preview:-1\" \/>\n<link rel=\"canonical\" href=\"https:\/\/gaudiumetspes-blog.pl\/index.php\/2019\/03\/14\/a-koaczacemu-otworza\/\" \/>\n<meta property=\"og:locale\" content=\"pl_PL\" \/>\n<meta property=\"og:type\" content=\"article\" \/>\n<meta property=\"og:title\" content=\"A ko\u0142acz\u0105cemu otworz\u0105... - Gaudium Et Spes\" \/>\n<meta property=\"og:description\" content=\"Szcz\u0119\u015b\u0107 Bo\u017ce! Witam i pozdrawiam Wszystkich, \u017cycz\u0105c b\u0142ogos\u0142awionego Wielkiego Postu. Mamy ju\u017c za sob\u0105 pierwszy tydzie\u0144 od dnia jego rozpocz\u0119cia, czyli od \u015arody Popielcowej. Co nam si\u0119 uda\u0142o dobrego przez ten tydzie\u0144 zdzia\u0142a\u0107 w kwestii naszej pracy nad sob\u0105?\u2026 Gaudium et spes! Ks. Jacek Czwartek 1 Tygodnia Wielkiego Postu, do czyta\u0144: Est (Wlg) 14,1.3\u20135.12\u201314; Mt [&hellip;]\" \/>\n<meta property=\"og:url\" content=\"https:\/\/gaudiumetspes-blog.pl\/index.php\/2019\/03\/14\/a-koaczacemu-otworza\/\" \/>\n<meta property=\"og:site_name\" content=\"Gaudium Et Spes\" \/>\n<meta property=\"article:published_time\" content=\"2019-03-14T03:48:00+00:00\" \/>\n<meta property=\"article:modified_time\" content=\"2019-07-31T11:00:44+00:00\" \/>\n<meta name=\"author\" content=\"Ks. Jacek\" \/>\n<meta name=\"twitter:card\" content=\"summary_large_image\" \/>\n<meta name=\"twitter:label1\" content=\"Napisane przez\" \/>\n\t<meta name=\"twitter:data1\" content=\"Ks. Jacek\" \/>\n\t<meta name=\"twitter:label2\" content=\"Szacowany czas czytania\" \/>\n\t<meta name=\"twitter:data2\" content=\"5 minut\" \/>\n<script type=\"application\/ld+json\" class=\"yoast-schema-graph\">{\"@context\":\"https:\/\/schema.org\",\"@graph\":[{\"@type\":\"WebPage\",\"@id\":\"https:\/\/gaudiumetspes-blog.pl\/index.php\/2019\/03\/14\/a-koaczacemu-otworza\/\",\"url\":\"https:\/\/gaudiumetspes-blog.pl\/index.php\/2019\/03\/14\/a-koaczacemu-otworza\/\",\"name\":\"A ko\u0142acz\u0105cemu otworz\u0105... - Gaudium Et Spes\",\"isPartOf\":{\"@id\":\"https:\/\/gaudiumetspes-blog.pl\/#website\"},\"datePublished\":\"2019-03-14T03:48:00+00:00\",\"dateModified\":\"2019-07-31T11:00:44+00:00\",\"author\":{\"@id\":\"https:\/\/gaudiumetspes-blog.pl\/#\/schema\/person\/1661982992b752dea8dff0d4ed845a65\"},\"breadcrumb\":{\"@id\":\"https:\/\/gaudiumetspes-blog.pl\/index.php\/2019\/03\/14\/a-koaczacemu-otworza\/#breadcrumb\"},\"inLanguage\":\"pl-PL\",\"potentialAction\":[{\"@type\":\"ReadAction\",\"target\":[\"https:\/\/gaudiumetspes-blog.pl\/index.php\/2019\/03\/14\/a-koaczacemu-otworza\/\"]}]},{\"@type\":\"BreadcrumbList\",\"@id\":\"https:\/\/gaudiumetspes-blog.pl\/index.php\/2019\/03\/14\/a-koaczacemu-otworza\/#breadcrumb\",\"itemListElement\":[{\"@type\":\"ListItem\",\"position\":1,\"name\":\"Strona g\u0142\u00f3wna\",\"item\":\"https:\/\/gaudiumetspes-blog.pl\/\"},{\"@type\":\"ListItem\",\"position\":2,\"name\":\"A&nbsp;ko\u0142acz\u0105cemu otworz\u0105&#8230;\"}]},{\"@type\":\"WebSite\",\"@id\":\"https:\/\/gaudiumetspes-blog.pl\/#website\",\"url\":\"https:\/\/gaudiumetspes-blog.pl\/\",\"name\":\"Gaudium Et Spes\",\"description\":\"Blog Ks. Jacka Ja\u015bkowskiego\",\"potentialAction\":[{\"@type\":\"SearchAction\",\"target\":{\"@type\":\"EntryPoint\",\"urlTemplate\":\"https:\/\/gaudiumetspes-blog.pl\/?s={search_term_string}\"},\"query-input\":{\"@type\":\"PropertyValueSpecification\",\"valueRequired\":true,\"valueName\":\"search_term_string\"}}],\"inLanguage\":\"pl-PL\"},{\"@type\":\"Person\",\"@id\":\"https:\/\/gaudiumetspes-blog.pl\/#\/schema\/person\/1661982992b752dea8dff0d4ed845a65\",\"name\":\"Ks. Jacek\",\"image\":{\"@type\":\"ImageObject\",\"inLanguage\":\"pl-PL\",\"@id\":\"https:\/\/gaudiumetspes-blog.pl\/#\/schema\/person\/image\/\",\"url\":\"https:\/\/gaudiumetspes-blog.pl\/wp-content\/uploads\/2019\/07\/avatar-JJ-150x150.jpg\",\"contentUrl\":\"https:\/\/gaudiumetspes-blog.pl\/wp-content\/uploads\/2019\/07\/avatar-JJ-150x150.jpg\",\"caption\":\"Ks. Jacek\"},\"description\":\"Witam serdecznie! K\u0142ania si\u0119 Ks. Jacek Ja\u015bkowski. Nie jestem ani kim\u015b wa\u017cnym, ani kim\u015b znanym. Jestem ksi\u0119dzem, kt\u00f3ry po prostu chce rozmawia\u0107. Codzienna kap\u0142a\u0144ska pos\u0142uga pokazuje mi, \u017ce temat\u00f3w do rozm\u00f3w z ksi\u0119dzem jest coraz wi\u0119cej i dzisiaj \u017caden ksi\u0105dz nie mo\u017ce od nich ucieka\u0107, ale - wprost przeciwnie - podejmowa\u0107 nowe wyzwania. To przekonanie sk\u0142oni\u0142o mnie do pr\u00f3by otwarcia tego\u017c bloga, chocia\u017c okazji do rozm\u00f3w na co dzie\u0144 - w konfesjonale i poza nim - na szcz\u0119\u015bcie nie brakuje. My\u015bl\u0119 jednak, \u017ce ten blog b\u0119dzie jeszcze jednym sposobem i przestrzeni\u0105 nawi\u0105zania kontaktu z lud\u017ami dobrej woli, otwartymi na dialog.\",\"url\":\"https:\/\/gaudiumetspes-blog.pl\/index.php\/author\/ks-jacek\/\"}]}<\/script>\n<!-- \/ Yoast SEO plugin. -->","yoast_head_json":{"title":"A ko\u0142acz\u0105cemu otworz\u0105... - Gaudium Et Spes","robots":{"index":"index","follow":"follow","max-snippet":"max-snippet:-1","max-image-preview":"max-image-preview:large","max-video-preview":"max-video-preview:-1"},"canonical":"https:\/\/gaudiumetspes-blog.pl\/index.php\/2019\/03\/14\/a-koaczacemu-otworza\/","og_locale":"pl_PL","og_type":"article","og_title":"A ko\u0142acz\u0105cemu otworz\u0105... - Gaudium Et Spes","og_description":"Szcz\u0119\u015b\u0107 Bo\u017ce! Witam i pozdrawiam Wszystkich, \u017cycz\u0105c b\u0142ogos\u0142awionego Wielkiego Postu. Mamy ju\u017c za sob\u0105 pierwszy tydzie\u0144 od dnia jego rozpocz\u0119cia, czyli od \u015arody Popielcowej. Co nam si\u0119 uda\u0142o dobrego przez ten tydzie\u0144 zdzia\u0142a\u0107 w kwestii naszej pracy nad sob\u0105?\u2026 Gaudium et spes! Ks. Jacek Czwartek 1 Tygodnia Wielkiego Postu, do czyta\u0144: Est (Wlg) 14,1.3\u20135.12\u201314; Mt [&hellip;]","og_url":"https:\/\/gaudiumetspes-blog.pl\/index.php\/2019\/03\/14\/a-koaczacemu-otworza\/","og_site_name":"Gaudium Et Spes","article_published_time":"2019-03-14T03:48:00+00:00","article_modified_time":"2019-07-31T11:00:44+00:00","author":"Ks. Jacek","twitter_card":"summary_large_image","twitter_misc":{"Napisane przez":"Ks. Jacek","Szacowany czas czytania":"5 minut"},"schema":{"@context":"https:\/\/schema.org","@graph":[{"@type":"WebPage","@id":"https:\/\/gaudiumetspes-blog.pl\/index.php\/2019\/03\/14\/a-koaczacemu-otworza\/","url":"https:\/\/gaudiumetspes-blog.pl\/index.php\/2019\/03\/14\/a-koaczacemu-otworza\/","name":"A ko\u0142acz\u0105cemu otworz\u0105... - Gaudium Et Spes","isPartOf":{"@id":"https:\/\/gaudiumetspes-blog.pl\/#website"},"datePublished":"2019-03-14T03:48:00+00:00","dateModified":"2019-07-31T11:00:44+00:00","author":{"@id":"https:\/\/gaudiumetspes-blog.pl\/#\/schema\/person\/1661982992b752dea8dff0d4ed845a65"},"breadcrumb":{"@id":"https:\/\/gaudiumetspes-blog.pl\/index.php\/2019\/03\/14\/a-koaczacemu-otworza\/#breadcrumb"},"inLanguage":"pl-PL","potentialAction":[{"@type":"ReadAction","target":["https:\/\/gaudiumetspes-blog.pl\/index.php\/2019\/03\/14\/a-koaczacemu-otworza\/"]}]},{"@type":"BreadcrumbList","@id":"https:\/\/gaudiumetspes-blog.pl\/index.php\/2019\/03\/14\/a-koaczacemu-otworza\/#breadcrumb","itemListElement":[{"@type":"ListItem","position":1,"name":"Strona g\u0142\u00f3wna","item":"https:\/\/gaudiumetspes-blog.pl\/"},{"@type":"ListItem","position":2,"name":"A&nbsp;ko\u0142acz\u0105cemu otworz\u0105&#8230;"}]},{"@type":"WebSite","@id":"https:\/\/gaudiumetspes-blog.pl\/#website","url":"https:\/\/gaudiumetspes-blog.pl\/","name":"Gaudium Et Spes","description":"Blog Ks. Jacka Ja\u015bkowskiego","potentialAction":[{"@type":"SearchAction","target":{"@type":"EntryPoint","urlTemplate":"https:\/\/gaudiumetspes-blog.pl\/?s={search_term_string}"},"query-input":{"@type":"PropertyValueSpecification","valueRequired":true,"valueName":"search_term_string"}}],"inLanguage":"pl-PL"},{"@type":"Person","@id":"https:\/\/gaudiumetspes-blog.pl\/#\/schema\/person\/1661982992b752dea8dff0d4ed845a65","name":"Ks. Jacek","image":{"@type":"ImageObject","inLanguage":"pl-PL","@id":"https:\/\/gaudiumetspes-blog.pl\/#\/schema\/person\/image\/","url":"https:\/\/gaudiumetspes-blog.pl\/wp-content\/uploads\/2019\/07\/avatar-JJ-150x150.jpg","contentUrl":"https:\/\/gaudiumetspes-blog.pl\/wp-content\/uploads\/2019\/07\/avatar-JJ-150x150.jpg","caption":"Ks. Jacek"},"description":"Witam serdecznie! K\u0142ania si\u0119 Ks. Jacek Ja\u015bkowski. Nie jestem ani kim\u015b wa\u017cnym, ani kim\u015b znanym. Jestem ksi\u0119dzem, kt\u00f3ry po prostu chce rozmawia\u0107. Codzienna kap\u0142a\u0144ska pos\u0142uga pokazuje mi, \u017ce temat\u00f3w do rozm\u00f3w z ksi\u0119dzem jest coraz wi\u0119cej i dzisiaj \u017caden ksi\u0105dz nie mo\u017ce od nich ucieka\u0107, ale - wprost przeciwnie - podejmowa\u0107 nowe wyzwania. To przekonanie sk\u0142oni\u0142o mnie do pr\u00f3by otwarcia tego\u017c bloga, chocia\u017c okazji do rozm\u00f3w na co dzie\u0144 - w konfesjonale i poza nim - na szcz\u0119\u015bcie nie brakuje. My\u015bl\u0119 jednak, \u017ce ten blog b\u0119dzie jeszcze jednym sposobem i przestrzeni\u0105 nawi\u0105zania kontaktu z lud\u017ami dobrej woli, otwartymi na dialog.","url":"https:\/\/gaudiumetspes-blog.pl\/index.php\/author\/ks-jacek\/"}]}},"jetpack_featured_media_url":"","jetpack_sharing_enabled":true,"_links":{"self":[{"href":"https:\/\/gaudiumetspes-blog.pl\/index.php\/wp-json\/wp\/v2\/posts\/14664","targetHints":{"allow":["GET"]}}],"collection":[{"href":"https:\/\/gaudiumetspes-blog.pl\/index.php\/wp-json\/wp\/v2\/posts"}],"about":[{"href":"https:\/\/gaudiumetspes-blog.pl\/index.php\/wp-json\/wp\/v2\/types\/post"}],"author":[{"embeddable":true,"href":"https:\/\/gaudiumetspes-blog.pl\/index.php\/wp-json\/wp\/v2\/users\/1"}],"replies":[{"embeddable":true,"href":"https:\/\/gaudiumetspes-blog.pl\/index.php\/wp-json\/wp\/v2\/comments?post=14664"}],"version-history":[{"count":1,"href":"https:\/\/gaudiumetspes-blog.pl\/index.php\/wp-json\/wp\/v2\/posts\/14664\/revisions"}],"predecessor-version":[{"id":15024,"href":"https:\/\/gaudiumetspes-blog.pl\/index.php\/wp-json\/wp\/v2\/posts\/14664\/revisions\/15024"}],"wp:attachment":[{"href":"https:\/\/gaudiumetspes-blog.pl\/index.php\/wp-json\/wp\/v2\/media?parent=14664"}],"wp:term":[{"taxonomy":"category","embeddable":true,"href":"https:\/\/gaudiumetspes-blog.pl\/index.php\/wp-json\/wp\/v2\/categories?post=14664"},{"taxonomy":"post_tag","embeddable":true,"href":"https:\/\/gaudiumetspes-blog.pl\/index.php\/wp-json\/wp\/v2\/tags?post=14664"}],"curies":[{"name":"wp","href":"https:\/\/api.w.org\/{rel}","templated":true}]}}